{"id":62524,"date":"2018-10-02T15:17:16","date_gmt":"2018-10-02T18:17:16","guid":{"rendered":"http:\/\/anoticiaonline.com.br\/site\/?p=62524"},"modified":"2018-10-02T15:17:16","modified_gmt":"2018-10-02T18:17:16","slug":"moradores-de-rosario-da-limeira-contam-com-transporte-municipal-para-trabalhar-em-outras-cidades-da-regiao","status":"publish","type":"post","link":"https:\/\/anoticiaonline.com.br\/site\/moradores-de-rosario-da-limeira-contam-com-transporte-municipal-para-trabalhar-em-outras-cidades-da-regiao\/","title":{"rendered":"Moradores de Ros\u00e1rio da Limeira contam com transporte municipal para trabalhar em outras cidades da regi\u00e3o"},"content":{"rendered":"<p>A Administra\u00e7\u00e3o 2017\/2020 da cidade de Ros\u00e1rio da Limeira e a Secretaria de Desenvolvimento e Assist\u00eancia Social, por meio do Programa de Gera\u00e7\u00e3o de Emprego e Renda, oferece transporte a 99 trabalhadores do munic\u00edpio que prestam servi\u00e7os em outras localidades.<\/p>\n<p>Segundo question\u00e1rio respondido pelos usu\u00e1rios do transporte, a soma da renda mensal desses trabalhadores gira em torno de R$100.000, o que representa um desenvolvimento \u00e0 economia local.<\/p>\n<p>Para isso, a prefeitura investe mensalmente R$16.551,00 no transporte o que gera uma despesa anual em torno de R$ 198.612. S\u00e3o dois \u00f4nibus que transportam diariamente os trabalhadores de forma totalmente gratuita.<\/p>\n<p>Segundo o prefeito Jos\u00e9 Maria, o investimento na gera\u00e7\u00e3o de emprego e renda no munic\u00edpio ocorre no sentido de contribuir para crescimento das fam\u00edlias e da economia local, em um momento em que o pa\u00eds atravessa grande crise financeira.<\/p>\n<p><a href=\"https:\/\/anoticiaonline.com.br\/site\/wp-content\/uploads\/2018\/10\/WhatsApp-Image-2018-10-02-at-12.18.47.jpeg\"><img fetchpriority=\"high\" decoding=\"async\" class=\"alignnone size-full wp-image-62525\" src=\"https:\/\/anoticiaonline.com.br\/site\/wp-content\/uploads\/2018\/10\/WhatsApp-Image-2018-10-02-at-12.18.47.jpeg\" alt=\"\" width=\"992\" height=\"667\" srcset=\"https:\/\/anoticiaonline.com.br\/site\/wp-content\/uploads\/2018\/10\/WhatsApp-Image-2018-10-02-at-12.18.47.jpeg 992w, https:\/\/anoticiaonline.com.br\/site\/wp-content\/uploads\/2018\/10\/WhatsApp-Image-2018-10-02-at-12.18.47-300x202.jpeg 300w, https:\/\/anoticiaonline.com.br\/site\/wp-content\/uploads\/2018\/10\/WhatsApp-Image-2018-10-02-at-12.18.47-768x516.jpeg 768w\" sizes=\"(max-width: 992px) 100vw, 992px\" \/><\/a><\/p>\n<p>Cr\u00e9ditos: ASCOM PMRL<\/p>\n","protected":false},"excerpt":{"rendered":"<p>A Administra\u00e7\u00e3o 2017\/2020 da cidade de Ros\u00e1rio da Limeira e a Secretaria de Desenvolvimento e Assist\u00eancia Social, por meio do Programa de Gera\u00e7\u00e3o de Emprego e Renda, oferece transporte a 99 trabalhadores do munic\u00edpio que prestam servi\u00e7os em outras localidades. Segundo question\u00e1rio respondido pelos usu\u00e1rios do transporte, a soma da renda mensal desses trabalhadores gira &#8230; <a title=\"Moradores de Ros\u00e1rio da Limeira contam com transporte municipal para trabalhar em outras cidades da regi\u00e3o\" class=\"read-more\" href=\"https:\/\/anoticiaonline.com.br\/site\/moradores-de-rosario-da-limeira-contam-com-transporte-municipal-para-trabalhar-em-outras-cidades-da-regiao\/\" aria-label=\"Read more about Moradores de Ros\u00e1rio da Limeira contam com transporte municipal para trabalhar em outras cidades da regi\u00e3o\">Ler mais<\/a><\/p>\n","protected":false},"author":2,"featured_media":62525,"comment_status":"open","ping_status":"open","sticky":false,"template":"","format":"standard","meta":{"_acf_changed":false,"_monsterinsights_skip_tracking":false,"footnotes":""},"categories":[30,6],"tags":[74,404,846,274],"class_list":["post-62524","post","type-post","status-publish","format-standard","has-post-thumbnail","hentry","category-muriae","category-regiao","tag-muriae","tag-regiao","tag-rosario-da-limeira","tag-transporte"],"acf":[],"aioseo_notices":[],"aioseo_head":"\n\t\t<!-- All in One SEO 5.0.0.1 - aioseo.com -->\n\t<meta name=\"description\" content=\"A Administra\u00e7\u00e3o 2017\/2020 da cidade de Ros\u00e1rio da Limeira e a Secretaria de Desenvolvimento e Assist\u00eancia Social, por meio do Programa de Gera\u00e7\u00e3o de Emprego e Renda, oferece transporte a 99 trabalhadores do munic\u00edpio que prestam servi\u00e7os em outras localidades. Segundo question\u00e1rio respondido pelos usu\u00e1rios do transporte, a soma da renda mensal desses trabalhadores gira\" \/>\n\t<meta name=\"robots\" content=\"max-image-preview:large\" \/>\n\t<meta name=\"author\" content=\"Juliana Laviola\"\/>\n\t<link rel=\"canonical\" href=\"https:\/\/anoticiaonline.com.br\/site\/moradores-de-rosario-da-limeira-contam-com-transporte-municipal-para-trabalhar-em-outras-cidades-da-regiao\/\" \/>\n\t<meta name=\"generator\" content=\"All in One SEO (AIOSEO) 5.0.0.1\" \/>\n\t\t<meta property=\"og:locale\" content=\"pt_BR\" \/>\n\t\t<meta property=\"og:site_name\" content=\"A Not\u00edcia Online - Noticias de Muria\u00e9 e regi\u00e3o\" \/>\n\t\t<meta property=\"og:type\" content=\"article\" \/>\n\t\t<meta property=\"og:title\" content=\"Moradores de Ros\u00e1rio da Limeira contam com transporte municipal para trabalhar em outras cidades da regi\u00e3o - A Not\u00edcia Online\" \/>\n\t\t<meta property=\"og:description\" content=\"A Administra\u00e7\u00e3o 2017\/2020 da cidade de Ros\u00e1rio da Limeira e a Secretaria de Desenvolvimento e Assist\u00eancia Social, por meio do Programa de Gera\u00e7\u00e3o de Emprego e Renda, oferece transporte a 99 trabalhadores do munic\u00edpio que prestam servi\u00e7os em outras localidades. Segundo question\u00e1rio respondido pelos usu\u00e1rios do transporte, a soma da renda mensal desses trabalhadores gira\" \/>\n\t\t<meta property=\"og:url\" content=\"https:\/\/anoticiaonline.com.br\/site\/moradores-de-rosario-da-limeira-contam-com-transporte-municipal-para-trabalhar-em-outras-cidades-da-regiao\/\" \/>\n\t\t<meta property=\"og:image\" content=\"https:\/\/scontent-gig4-1.xx.fbcdn.net\/v\/t39.30808-1\/270437624_4564083193639691_6907940295614233970_n.jpg?stp=dst-jpg_s200x200_tt6&#038;_nc_cat=111&#038;ccb=1-7&#038;_nc_sid=f907e8&#038;_nc_ohc=SM1wRlP3lJwQ7kNvwEPuBYA&#038;_nc_oc=AdnqrjDN_BNjSSHWO-GbkIWH6fkGMLw4bqvL_NH6e2wMveX7G-rP2dAqsDSq1mJMOaY&#038;_nc_zt=24&#038;_nc_ht=scontent-gig4-1.xx&#038;_nc_gid=AoBFJeGrT1hVaew_6rchkQ&#038;oh=00_AfX7QmFGhQhG2jAllVgXCiM1ZrWgvtp80-Bfppyexh1QEg&#038;oe=689E923C\" \/>\n\t\t<meta property=\"og:image:secure_url\" content=\"https:\/\/scontent-gig4-1.xx.fbcdn.net\/v\/t39.30808-1\/270437624_4564083193639691_6907940295614233970_n.jpg?stp=dst-jpg_s200x200_tt6&#038;_nc_cat=111&#038;ccb=1-7&#038;_nc_sid=f907e8&#038;_nc_ohc=SM1wRlP3lJwQ7kNvwEPuBYA&#038;_nc_oc=AdnqrjDN_BNjSSHWO-GbkIWH6fkGMLw4bqvL_NH6e2wMveX7G-rP2dAqsDSq1mJMOaY&#038;_nc_zt=24&#038;_nc_ht=scontent-gig4-1.xx&#038;_nc_gid=AoBFJeGrT1hVaew_6rchkQ&#038;oh=00_AfX7QmFGhQhG2jAllVgXCiM1ZrWgvtp80-Bfppyexh1QEg&#038;oe=689E923C\" \/>\n\t\t<meta property=\"article:published_time\" content=\"2018-10-02T18:17:16+00:00\" \/>\n\t\t<meta property=\"article:modified_time\" content=\"2018-10-02T18:17:16+00:00\" \/>\n\t\t<meta name=\"twitter:card\" content=\"summary_large_image\" \/>\n\t\t<meta name=\"twitter:title\" content=\"Moradores de Ros\u00e1rio da Limeira contam com transporte municipal para trabalhar em outras cidades da regi\u00e3o - A Not\u00edcia Online\" \/>\n\t\t<meta name=\"twitter:description\" content=\"A Administra\u00e7\u00e3o 2017\/2020 da cidade de Ros\u00e1rio da Limeira e a Secretaria de Desenvolvimento e Assist\u00eancia Social, por meio do Programa de Gera\u00e7\u00e3o de Emprego e Renda, oferece transporte a 99 trabalhadores do munic\u00edpio que prestam servi\u00e7os em outras localidades. Segundo question\u00e1rio respondido pelos usu\u00e1rios do transporte, a soma da renda mensal desses trabalhadores gira\" \/>\n\t\t<meta name=\"twitter:image\" content=\"https:\/\/scontent-gig4-1.xx.fbcdn.net\/v\/t39.30808-1\/270437624_4564083193639691_6907940295614233970_n.jpg?stp=dst-jpg_s200x200_tt6&amp;_nc_cat=111&amp;ccb=1-7&amp;_nc_sid=f907e8&amp;_nc_ohc=SM1wRlP3lJwQ7kNvwEPuBYA&amp;_nc_oc=AdnqrjDN_BNjSSHWO-GbkIWH6fkGMLw4bqvL_NH6e2wMveX7G-rP2dAqsDSq1mJMOaY&amp;_nc_zt=24&amp;_nc_ht=scontent-gig4-1.xx&amp;_nc_gid=AoBFJeGrT1hVaew_6rchkQ&amp;oh=00_AfX7QmFGhQhG2jAllVgXCiM1ZrWgvtp80-Bfppyexh1QEg&amp;oe=689E923C\" \/>\n\t\t<script type=\"application\/ld+json\" class=\"aioseo-schema\">\n\t\t\t{\"@context\":\"https:\\\/\\\/schema.org\",\"@graph\":[{\"@type\":\"BlogPosting\",\"@id\":\"https:\\\/\\\/anoticiaonline.com.br\\\/site\\\/moradores-de-rosario-da-limeira-contam-com-transporte-municipal-para-trabalhar-em-outras-cidades-da-regiao\\\/#blogposting\",\"name\":\"Moradores de Ros\\u00e1rio da Limeira contam com transporte municipal para trabalhar em outras cidades da regi\\u00e3o - A Not\\u00edcia Online\",\"headline\":\"Moradores de Ros\\u00e1rio da Limeira contam com transporte municipal para trabalhar em outras cidades da regi\\u00e3o\",\"author\":{\"@id\":\"https:\\\/\\\/anoticiaonline.com.br\\\/site\\\/author\\\/juliana\\\/#author\"},\"publisher\":{\"@id\":\"https:\\\/\\\/anoticiaonline.com.br\\\/site\\\/#organization\"},\"image\":{\"@type\":\"ImageObject\",\"url\":\"https:\\\/\\\/anoticiaonline.com.br\\\/site\\\/wp-content\\\/uploads\\\/2018\\\/10\\\/WhatsApp-Image-2018-10-02-at-12.18.47.jpeg\",\"width\":992,\"height\":667},\"datePublished\":\"2018-10-02T15:17:16-03:00\",\"dateModified\":\"2018-10-02T15:17:16-03:00\",\"inLanguage\":\"pt-BR\",\"mainEntityOfPage\":{\"@id\":\"https:\\\/\\\/anoticiaonline.com.br\\\/site\\\/moradores-de-rosario-da-limeira-contam-com-transporte-municipal-para-trabalhar-em-outras-cidades-da-regiao\\\/#webpage\"},\"isPartOf\":{\"@id\":\"https:\\\/\\\/anoticiaonline.com.br\\\/site\\\/moradores-de-rosario-da-limeira-contam-com-transporte-municipal-para-trabalhar-em-outras-cidades-da-regiao\\\/#webpage\"},\"articleSection\":\"Blog, Regi\\u00e3o, Muria\\u00e9, regi\\u00e3o, Ros\\u00e1rio da Limeira, transporte\"},{\"@type\":\"BreadcrumbList\",\"@id\":\"https:\\\/\\\/anoticiaonline.com.br\\\/site\\\/moradores-de-rosario-da-limeira-contam-com-transporte-municipal-para-trabalhar-em-outras-cidades-da-regiao\\\/#breadcrumblist\",\"itemListElement\":[{\"@type\":\"ListItem\",\"@id\":\"https:\\\/\\\/anoticiaonline.com.br\\\/site#listItem\",\"position\":1,\"name\":\"Home\",\"item\":\"https:\\\/\\\/anoticiaonline.com.br\\\/site\",\"nextItem\":{\"@type\":\"ListItem\",\"@id\":\"https:\\\/\\\/anoticiaonline.com.br\\\/site\\\/categoria\\\/regiao\\\/#listItem\",\"name\":\"Regi\\u00e3o\"}},{\"@type\":\"ListItem\",\"@id\":\"https:\\\/\\\/anoticiaonline.com.br\\\/site\\\/categoria\\\/regiao\\\/#listItem\",\"position\":2,\"name\":\"Regi\\u00e3o\",\"item\":\"https:\\\/\\\/anoticiaonline.com.br\\\/site\\\/categoria\\\/regiao\\\/\",\"nextItem\":{\"@type\":\"ListItem\",\"@id\":\"https:\\\/\\\/anoticiaonline.com.br\\\/site\\\/moradores-de-rosario-da-limeira-contam-com-transporte-municipal-para-trabalhar-em-outras-cidades-da-regiao\\\/#listItem\",\"name\":\"Moradores de Ros\\u00e1rio da Limeira contam com transporte municipal para trabalhar em outras cidades da regi\\u00e3o\"},\"previousItem\":{\"@type\":\"ListItem\",\"@id\":\"https:\\\/\\\/anoticiaonline.com.br\\\/site#listItem\",\"name\":\"Home\"}},{\"@type\":\"ListItem\",\"@id\":\"https:\\\/\\\/anoticiaonline.com.br\\\/site\\\/moradores-de-rosario-da-limeira-contam-com-transporte-municipal-para-trabalhar-em-outras-cidades-da-regiao\\\/#listItem\",\"position\":3,\"name\":\"Moradores de Ros\\u00e1rio da Limeira contam com transporte municipal para trabalhar em outras cidades da regi\\u00e3o\",\"previousItem\":{\"@type\":\"ListItem\",\"@id\":\"https:\\\/\\\/anoticiaonline.com.br\\\/site\\\/categoria\\\/regiao\\\/#listItem\",\"name\":\"Regi\\u00e3o\"}}]},{\"@type\":\"Organization\",\"@id\":\"https:\\\/\\\/anoticiaonline.com.br\\\/site\\\/#organization\",\"name\":\"A Not\\u00edcia Online\",\"description\":\"Noticias de Muria\\u00e9 e regi\\u00e3o\",\"url\":\"https:\\\/\\\/anoticiaonline.com.br\\\/site\\\/\",\"logo\":{\"@type\":\"ImageObject\",\"url\":\"https:\\\/\\\/scontent-gig4-1.xx.fbcdn.net\\\/v\\\/t39.30808-1\\\/270437624_4564083193639691_6907940295614233970_n.jpg?stp=dst-jpg_s200x200_tt6&_nc_cat=111&ccb=1-7&_nc_sid=f907e8&_nc_ohc=SM1wRlP3lJwQ7kNvwEPuBYA&_nc_oc=AdnqrjDN_BNjSSHWO-GbkIWH6fkGMLw4bqvL_NH6e2wMveX7G-rP2dAqsDSq1mJMOaY&_nc_zt=24&_nc_ht=scontent-gig4-1.xx&_nc_gid=AoBFJeGrT1hVaew_6rchkQ&oh=00_AfX7QmFGhQhG2jAllVgXCiM1ZrWgvtp80-Bfppyexh1QEg&oe=689E923C\",\"@id\":\"https:\\\/\\\/anoticiaonline.com.br\\\/site\\\/moradores-de-rosario-da-limeira-contam-com-transporte-municipal-para-trabalhar-em-outras-cidades-da-regiao\\\/#organizationLogo\"},\"image\":{\"@id\":\"https:\\\/\\\/anoticiaonline.com.br\\\/site\\\/moradores-de-rosario-da-limeira-contam-com-transporte-municipal-para-trabalhar-em-outras-cidades-da-regiao\\\/#organizationLogo\"}},{\"@type\":\"Person\",\"@id\":\"https:\\\/\\\/anoticiaonline.com.br\\\/site\\\/author\\\/juliana\\\/#author\",\"url\":\"https:\\\/\\\/anoticiaonline.com.br\\\/site\\\/author\\\/juliana\\\/\",\"name\":\"Juliana Laviola\",\"image\":{\"@type\":\"ImageObject\",\"@id\":\"https:\\\/\\\/anoticiaonline.com.br\\\/site\\\/moradores-de-rosario-da-limeira-contam-com-transporte-municipal-para-trabalhar-em-outras-cidades-da-regiao\\\/#authorImage\",\"url\":\"https:\\\/\\\/secure.gravatar.com\\\/avatar\\\/b8d45f5c699b100dfaf0e543582f38f38bf94cb7ae3a5e9abf8d891a34773335?s=96&d=mm&r=g\",\"width\":96,\"height\":96,\"caption\":\"Juliana Laviola\"}},{\"@type\":\"WebPage\",\"@id\":\"https:\\\/\\\/anoticiaonline.com.br\\\/site\\\/moradores-de-rosario-da-limeira-contam-com-transporte-municipal-para-trabalhar-em-outras-cidades-da-regiao\\\/#webpage\",\"url\":\"https:\\\/\\\/anoticiaonline.com.br\\\/site\\\/moradores-de-rosario-da-limeira-contam-com-transporte-municipal-para-trabalhar-em-outras-cidades-da-regiao\\\/\",\"name\":\"Moradores de Ros\\u00e1rio da Limeira contam com transporte municipal para trabalhar em outras cidades da regi\\u00e3o - A Not\\u00edcia Online\",\"description\":\"A Administra\\u00e7\\u00e3o 2017\\\/2020 da cidade de Ros\\u00e1rio da Limeira e a Secretaria de Desenvolvimento e Assist\\u00eancia Social, por meio do Programa de Gera\\u00e7\\u00e3o de Emprego e Renda, oferece transporte a 99 trabalhadores do munic\\u00edpio que prestam servi\\u00e7os em outras localidades. Segundo question\\u00e1rio respondido pelos usu\\u00e1rios do transporte, a soma da renda mensal desses trabalhadores gira\",\"inLanguage\":\"pt-BR\",\"isPartOf\":{\"@id\":\"https:\\\/\\\/anoticiaonline.com.br\\\/site\\\/#website\"},\"breadcrumb\":{\"@id\":\"https:\\\/\\\/anoticiaonline.com.br\\\/site\\\/moradores-de-rosario-da-limeira-contam-com-transporte-municipal-para-trabalhar-em-outras-cidades-da-regiao\\\/#breadcrumblist\"},\"author\":{\"@id\":\"https:\\\/\\\/anoticiaonline.com.br\\\/site\\\/author\\\/juliana\\\/#author\"},\"creator\":{\"@id\":\"https:\\\/\\\/anoticiaonline.com.br\\\/site\\\/author\\\/juliana\\\/#author\"},\"image\":{\"@type\":\"ImageObject\",\"url\":\"https:\\\/\\\/anoticiaonline.com.br\\\/site\\\/wp-content\\\/uploads\\\/2018\\\/10\\\/WhatsApp-Image-2018-10-02-at-12.18.47.jpeg\",\"@id\":\"https:\\\/\\\/anoticiaonline.com.br\\\/site\\\/moradores-de-rosario-da-limeira-contam-com-transporte-municipal-para-trabalhar-em-outras-cidades-da-regiao\\\/#mainImage\",\"width\":992,\"height\":667},\"primaryImageOfPage\":{\"@id\":\"https:\\\/\\\/anoticiaonline.com.br\\\/site\\\/moradores-de-rosario-da-limeira-contam-com-transporte-municipal-para-trabalhar-em-outras-cidades-da-regiao\\\/#mainImage\"},\"datePublished\":\"2018-10-02T15:17:16-03:00\",\"dateModified\":\"2018-10-02T15:17:16-03:00\"},{\"@type\":\"WebSite\",\"@id\":\"https:\\\/\\\/anoticiaonline.com.br\\\/site\\\/#website\",\"url\":\"https:\\\/\\\/anoticiaonline.com.br\\\/site\\\/\",\"name\":\"A Not\\u00edcia Online\",\"description\":\"Noticias de Muria\\u00e9 e regi\\u00e3o\",\"inLanguage\":\"pt-BR\",\"publisher\":{\"@id\":\"https:\\\/\\\/anoticiaonline.com.br\\\/site\\\/#organization\"}}]}\n\t\t<\/script>\n\t\t<!-- All in One SEO -->\n\n","aioseo_head_json":{"title":"Moradores de Ros\u00e1rio da Limeira contam com transporte municipal para trabalhar em outras cidades da regi\u00e3o - A Not\u00edcia Online","description":"A Administra\u00e7\u00e3o 2017\/2020 da cidade de Ros\u00e1rio da Limeira e a Secretaria de Desenvolvimento e Assist\u00eancia Social, por meio do Programa de Gera\u00e7\u00e3o de Emprego e Renda, oferece transporte a 99 trabalhadores do munic\u00edpio que prestam servi\u00e7os em outras localidades. Segundo question\u00e1rio respondido pelos usu\u00e1rios do transporte, a soma da renda mensal desses trabalhadores gira","canonical_url":"https:\/\/anoticiaonline.com.br\/site\/moradores-de-rosario-da-limeira-contam-com-transporte-municipal-para-trabalhar-em-outras-cidades-da-regiao\/","robots":"max-image-preview:large","keywords":"","webmasterTools":{"miscellaneous":""},"schema":{"@context":"https:\/\/schema.org","@graph":[{"@type":"BlogPosting","@id":"https:\/\/anoticiaonline.com.br\/site\/moradores-de-rosario-da-limeira-contam-com-transporte-municipal-para-trabalhar-em-outras-cidades-da-regiao\/#blogposting","name":"Moradores de Ros\u00e1rio da Limeira contam com transporte municipal para trabalhar em outras cidades da regi\u00e3o - A Not\u00edcia Online","headline":"Moradores de Ros\u00e1rio da Limeira contam com transporte municipal para trabalhar em outras cidades da regi\u00e3o","author":{"@id":"https:\/\/anoticiaonline.com.br\/site\/author\/juliana\/#author"},"publisher":{"@id":"https:\/\/anoticiaonline.com.br\/site\/#organization"},"image":{"@type":"ImageObject","url":"https:\/\/anoticiaonline.com.br\/site\/wp-content\/uploads\/2018\/10\/WhatsApp-Image-2018-10-02-at-12.18.47.jpeg","width":992,"height":667},"datePublished":"2018-10-02T15:17:16-03:00","dateModified":"2018-10-02T15:17:16-03:00","inLanguage":"pt-BR","mainEntityOfPage":{"@id":"https:\/\/anoticiaonline.com.br\/site\/moradores-de-rosario-da-limeira-contam-com-transporte-municipal-para-trabalhar-em-outras-cidades-da-regiao\/#webpage"},"isPartOf":{"@id":"https:\/\/anoticiaonline.com.br\/site\/moradores-de-rosario-da-limeira-contam-com-transporte-municipal-para-trabalhar-em-outras-cidades-da-regiao\/#webpage"},"articleSection":"Blog, Regi\u00e3o, Muria\u00e9, regi\u00e3o, Ros\u00e1rio da Limeira, transporte"},{"@type":"BreadcrumbList","@id":"https:\/\/anoticiaonline.com.br\/site\/moradores-de-rosario-da-limeira-contam-com-transporte-municipal-para-trabalhar-em-outras-cidades-da-regiao\/#breadcrumblist","itemListElement":[{"@type":"ListItem","@id":"https:\/\/anoticiaonline.com.br\/site#listItem","position":1,"name":"Home","item":"https:\/\/anoticiaonline.com.br\/site","nextItem":{"@type":"ListItem","@id":"https:\/\/anoticiaonline.com.br\/site\/categoria\/regiao\/#listItem","name":"Regi\u00e3o"}},{"@type":"ListItem","@id":"https:\/\/anoticiaonline.com.br\/site\/categoria\/regiao\/#listItem","position":2,"name":"Regi\u00e3o","item":"https:\/\/anoticiaonline.com.br\/site\/categoria\/regiao\/","nextItem":{"@type":"ListItem","@id":"https:\/\/anoticiaonline.com.br\/site\/moradores-de-rosario-da-limeira-contam-com-transporte-municipal-para-trabalhar-em-outras-cidades-da-regiao\/#listItem","name":"Moradores de Ros\u00e1rio da Limeira contam com transporte municipal para trabalhar em outras cidades da regi\u00e3o"},"previousItem":{"@type":"ListItem","@id":"https:\/\/anoticiaonline.com.br\/site#listItem","name":"Home"}},{"@type":"ListItem","@id":"https:\/\/anoticiaonline.com.br\/site\/moradores-de-rosario-da-limeira-contam-com-transporte-municipal-para-trabalhar-em-outras-cidades-da-regiao\/#listItem","position":3,"name":"Moradores de Ros\u00e1rio da Limeira contam com transporte municipal para trabalhar em outras cidades da regi\u00e3o","previousItem":{"@type":"ListItem","@id":"https:\/\/anoticiaonline.com.br\/site\/categoria\/regiao\/#listItem","name":"Regi\u00e3o"}}]},{"@type":"Organization","@id":"https:\/\/anoticiaonline.com.br\/site\/#organization","name":"A Not\u00edcia Online","description":"Noticias de Muria\u00e9 e regi\u00e3o","url":"https:\/\/anoticiaonline.com.br\/site\/","logo":{"@type":"ImageObject","url":"https:\/\/scontent-gig4-1.xx.fbcdn.net\/v\/t39.30808-1\/270437624_4564083193639691_6907940295614233970_n.jpg?stp=dst-jpg_s200x200_tt6&_nc_cat=111&ccb=1-7&_nc_sid=f907e8&_nc_ohc=SM1wRlP3lJwQ7kNvwEPuBYA&_nc_oc=AdnqrjDN_BNjSSHWO-GbkIWH6fkGMLw4bqvL_NH6e2wMveX7G-rP2dAqsDSq1mJMOaY&_nc_zt=24&_nc_ht=scontent-gig4-1.xx&_nc_gid=AoBFJeGrT1hVaew_6rchkQ&oh=00_AfX7QmFGhQhG2jAllVgXCiM1ZrWgvtp80-Bfppyexh1QEg&oe=689E923C","@id":"https:\/\/anoticiaonline.com.br\/site\/moradores-de-rosario-da-limeira-contam-com-transporte-municipal-para-trabalhar-em-outras-cidades-da-regiao\/#organizationLogo"},"image":{"@id":"https:\/\/anoticiaonline.com.br\/site\/moradores-de-rosario-da-limeira-contam-com-transporte-municipal-para-trabalhar-em-outras-cidades-da-regiao\/#organizationLogo"}},{"@type":"Person","@id":"https:\/\/anoticiaonline.com.br\/site\/author\/juliana\/#author","url":"https:\/\/anoticiaonline.com.br\/site\/author\/juliana\/","name":"Juliana Laviola","image":{"@type":"ImageObject","@id":"https:\/\/anoticiaonline.com.br\/site\/moradores-de-rosario-da-limeira-contam-com-transporte-municipal-para-trabalhar-em-outras-cidades-da-regiao\/#authorImage","url":"https:\/\/secure.gravatar.com\/avatar\/b8d45f5c699b100dfaf0e543582f38f38bf94cb7ae3a5e9abf8d891a34773335?s=96&d=mm&r=g","width":96,"height":96,"caption":"Juliana Laviola"}},{"@type":"WebPage","@id":"https:\/\/anoticiaonline.com.br\/site\/moradores-de-rosario-da-limeira-contam-com-transporte-municipal-para-trabalhar-em-outras-cidades-da-regiao\/#webpage","url":"https:\/\/anoticiaonline.com.br\/site\/moradores-de-rosario-da-limeira-contam-com-transporte-municipal-para-trabalhar-em-outras-cidades-da-regiao\/","name":"Moradores de Ros\u00e1rio da Limeira contam com transporte municipal para trabalhar em outras cidades da regi\u00e3o - A Not\u00edcia Online","description":"A Administra\u00e7\u00e3o 2017\/2020 da cidade de Ros\u00e1rio da Limeira e a Secretaria de Desenvolvimento e Assist\u00eancia Social, por meio do Programa de Gera\u00e7\u00e3o de Emprego e Renda, oferece transporte a 99 trabalhadores do munic\u00edpio que prestam servi\u00e7os em outras localidades. Segundo question\u00e1rio respondido pelos usu\u00e1rios do transporte, a soma da renda mensal desses trabalhadores gira","inLanguage":"pt-BR","isPartOf":{"@id":"https:\/\/anoticiaonline.com.br\/site\/#website"},"breadcrumb":{"@id":"https:\/\/anoticiaonline.com.br\/site\/moradores-de-rosario-da-limeira-contam-com-transporte-municipal-para-trabalhar-em-outras-cidades-da-regiao\/#breadcrumblist"},"author":{"@id":"https:\/\/anoticiaonline.com.br\/site\/author\/juliana\/#author"},"creator":{"@id":"https:\/\/anoticiaonline.com.br\/site\/author\/juliana\/#author"},"image":{"@type":"ImageObject","url":"https:\/\/anoticiaonline.com.br\/site\/wp-content\/uploads\/2018\/10\/WhatsApp-Image-2018-10-02-at-12.18.47.jpeg","@id":"https:\/\/anoticiaonline.com.br\/site\/moradores-de-rosario-da-limeira-contam-com-transporte-municipal-para-trabalhar-em-outras-cidades-da-regiao\/#mainImage","width":992,"height":667},"primaryImageOfPage":{"@id":"https:\/\/anoticiaonline.com.br\/site\/moradores-de-rosario-da-limeira-contam-com-transporte-municipal-para-trabalhar-em-outras-cidades-da-regiao\/#mainImage"},"datePublished":"2018-10-02T15:17:16-03:00","dateModified":"2018-10-02T15:17:16-03:00"},{"@type":"WebSite","@id":"https:\/\/anoticiaonline.com.br\/site\/#website","url":"https:\/\/anoticiaonline.com.br\/site\/","name":"A Not\u00edcia Online","description":"Noticias de Muria\u00e9 e regi\u00e3o","inLanguage":"pt-BR","publisher":{"@id":"https:\/\/anoticiaonline.com.br\/site\/#organization"}}]},"og:locale":"pt_BR","og:site_name":"A Not\u00edcia Online - Noticias de Muria\u00e9 e regi\u00e3o","og:type":"article","og:title":"Moradores de Ros\u00e1rio da Limeira contam com transporte municipal para trabalhar em outras cidades da regi\u00e3o - A Not\u00edcia Online","og:description":"A Administra\u00e7\u00e3o 2017\/2020 da cidade de Ros\u00e1rio da Limeira e a Secretaria de Desenvolvimento e Assist\u00eancia Social, por meio do Programa de Gera\u00e7\u00e3o de Emprego e Renda, oferece transporte a 99 trabalhadores do munic\u00edpio que prestam servi\u00e7os em outras localidades. Segundo question\u00e1rio respondido pelos usu\u00e1rios do transporte, a soma da renda mensal desses trabalhadores gira","og:url":"https:\/\/anoticiaonline.com.br\/site\/moradores-de-rosario-da-limeira-contam-com-transporte-municipal-para-trabalhar-em-outras-cidades-da-regiao\/","og:image":"https:\/\/scontent-gig4-1.xx.fbcdn.net\/v\/t39.30808-1\/270437624_4564083193639691_6907940295614233970_n.jpg?stp=dst-jpg_s200x200_tt6&#038;_nc_cat=111&#038;ccb=1-7&#038;_nc_sid=f907e8&#038;_nc_ohc=SM1wRlP3lJwQ7kNvwEPuBYA&#038;_nc_oc=AdnqrjDN_BNjSSHWO-GbkIWH6fkGMLw4bqvL_NH6e2wMveX7G-rP2dAqsDSq1mJMOaY&#038;_nc_zt=24&#038;_nc_ht=scontent-gig4-1.xx&#038;_nc_gid=AoBFJeGrT1hVaew_6rchkQ&#038;oh=00_AfX7QmFGhQhG2jAllVgXCiM1ZrWgvtp80-Bfppyexh1QEg&#038;oe=689E923C","og:image:secure_url":"https:\/\/scontent-gig4-1.xx.fbcdn.net\/v\/t39.30808-1\/270437624_4564083193639691_6907940295614233970_n.jpg?stp=dst-jpg_s200x200_tt6&#038;_nc_cat=111&#038;ccb=1-7&#038;_nc_sid=f907e8&#038;_nc_ohc=SM1wRlP3lJwQ7kNvwEPuBYA&#038;_nc_oc=AdnqrjDN_BNjSSHWO-GbkIWH6fkGMLw4bqvL_NH6e2wMveX7G-rP2dAqsDSq1mJMOaY&#038;_nc_zt=24&#038;_nc_ht=scontent-gig4-1.xx&#038;_nc_gid=AoBFJeGrT1hVaew_6rchkQ&#038;oh=00_AfX7QmFGhQhG2jAllVgXCiM1ZrWgvtp80-Bfppyexh1QEg&#038;oe=689E923C","article:published_time":"2018-10-02T18:17:16+00:00","article:modified_time":"2018-10-02T18:17:16+00:00","twitter:card":"summary_large_image","twitter:title":"Moradores de Ros\u00e1rio da Limeira contam com transporte municipal para trabalhar em outras cidades da regi\u00e3o - A Not\u00edcia Online","twitter:description":"A Administra\u00e7\u00e3o 2017\/2020 da cidade de Ros\u00e1rio da Limeira e a Secretaria de Desenvolvimento e Assist\u00eancia Social, por meio do Programa de Gera\u00e7\u00e3o de Emprego e Renda, oferece transporte a 99 trabalhadores do munic\u00edpio que prestam servi\u00e7os em outras localidades. Segundo question\u00e1rio respondido pelos usu\u00e1rios do transporte, a soma da renda mensal desses trabalhadores gira","twitter:image":"https:\/\/scontent-gig4-1.xx.fbcdn.net\/v\/t39.30808-1\/270437624_4564083193639691_6907940295614233970_n.jpg?stp=dst-jpg_s200x200_tt6&_nc_cat=111&ccb=1-7&_nc_sid=f907e8&_nc_ohc=SM1wRlP3lJwQ7kNvwEPuBYA&_nc_oc=AdnqrjDN_BNjSSHWO-GbkIWH6fkGMLw4bqvL_NH6e2wMveX7G-rP2dAqsDSq1mJMOaY&_nc_zt=24&_nc_ht=scontent-gig4-1.xx&_nc_gid=AoBFJeGrT1hVaew_6rchkQ&oh=00_AfX7QmFGhQhG2jAllVgXCiM1ZrWgvtp80-Bfppyexh1QEg&oe=689E923C"},"aioseo_meta_data":{"post_id":"62524","title":null,"description":null,"keywords":null,"keyphrases":null,"primary_term":null,"canonical_url":null,"og_title":null,"og_description":null,"og_object_type":"default","og_image_type":"default","og_image_url":null,"og_image_width":null,"og_image_height":null,"og_image_custom_url":null,"og_image_custom_fields":null,"og_video":null,"og_custom_url":null,"og_article_section":null,"og_article_tags":null,"twitter_use_og":false,"twitter_card":"default","twitter_image_type":"default","twitter_image_url":null,"twitter_image_custom_url":null,"twitter_image_custom_fields":null,"twitter_title":null,"twitter_description":null,"schema":{"blockGraphs":[],"customGraphs":[],"default":{"data":{"Article":[],"Course":[],"Dataset":[],"FAQPage":[],"Movie":[],"Person":[],"Product":[],"ProductReview":[],"Car":[],"Recipe":[],"Service":[],"SoftwareApplication":[],"WebPage":[]},"graphName":"","isEnabled":true},"graphs":[]},"schema_type":"default","schema_type_options":null,"pillar_content":false,"robots_default":true,"robots_noindex":false,"robots_noarchive":false,"robots_nosnippet":false,"robots_nofollow":false,"robots_noimageindex":false,"robots_noodp":false,"robots_notranslate":false,"robots_max_snippet":null,"robots_max_videopreview":null,"robots_max_imagepreview":"large","priority":null,"frequency":null,"local_seo":null,"breadcrumb_settings":null,"limit_modified_date":false,"ai":null,"created":"2025-08-16 21:47:29","updated":"2025-08-16 21:47:29","focus_keyword":null,"additional_keywords":null,"truseo_locale":null,"seo_analyzer_scan_date":null},"aioseo_breadcrumb":"<div class=\"aioseo-breadcrumbs\"><span class=\"aioseo-breadcrumb\">\n\t\t\t<a href=\"https:\/\/anoticiaonline.com.br\/site\" title=\"Home\">Home<\/a>\n\t\t<\/span><span class=\"aioseo-breadcrumb-separator\">&raquo;<\/span><span class=\"aioseo-breadcrumb\">\n\t\t\t<a href=\"https:\/\/anoticiaonline.com.br\/site\/categoria\/regiao\/\" title=\"Regi\u00e3o\">Regi\u00e3o<\/a>\n\t\t<\/span><span class=\"aioseo-breadcrumb-separator\">&raquo;<\/span><span class=\"aioseo-breadcrumb\">\n\t\t\tMoradores de Ros\u00e1rio da Limeira contam com transporte municipal para trabalhar em outras cidades da regi\u00e3o\n\t\t<\/span><\/div>","aioseo_breadcrumb_json":[{"label":"Home","link":"https:\/\/anoticiaonline.com.br\/site"},{"label":"Regi\u00e3o","link":"https:\/\/anoticiaonline.com.br\/site\/categoria\/regiao\/"},{"label":"Moradores de Ros\u00e1rio da Limeira contam com transporte municipal para trabalhar em outras cidades da regi\u00e3o","link":"https:\/\/anoticiaonline.com.br\/site\/moradores-de-rosario-da-limeira-contam-com-transporte-municipal-para-trabalhar-em-outras-cidades-da-regiao\/"}],"views":132,"_links":{"self":[{"href":"https:\/\/anoticiaonline.com.br\/site\/wp-json\/wp\/v2\/posts\/62524","targetHints":{"allow":["GET"]}}],"collection":[{"href":"https:\/\/anoticiaonline.com.br\/site\/wp-json\/wp\/v2\/posts"}],"about":[{"href":"https:\/\/anoticiaonline.com.br\/site\/wp-json\/wp\/v2\/types\/post"}],"author":[{"embeddable":true,"href":"https:\/\/anoticiaonline.com.br\/site\/wp-json\/wp\/v2\/users\/2"}],"replies":[{"embeddable":true,"href":"https:\/\/anoticiaonline.com.br\/site\/wp-json\/wp\/v2\/comments?post=62524"}],"version-history":[{"count":0,"href":"https:\/\/anoticiaonline.com.br\/site\/wp-json\/wp\/v2\/posts\/62524\/revisions"}],"wp:featuredmedia":[{"embeddable":true,"href":"https:\/\/anoticiaonline.com.br\/site\/wp-json\/wp\/v2\/media\/62525"}],"wp:attachment":[{"href":"https:\/\/anoticiaonline.com.br\/site\/wp-json\/wp\/v2\/media?parent=62524"}],"wp:term":[{"taxonomy":"category","embeddable":true,"href":"https:\/\/anoticiaonline.com.br\/site\/wp-json\/wp\/v2\/categories?post=62524"},{"taxonomy":"post_tag","embeddable":true,"href":"https:\/\/anoticiaonline.com.br\/site\/wp-json\/wp\/v2\/tags?post=62524"}],"curies":[{"name":"wp","href":"https:\/\/api.w.org\/{rel}","templated":true}]}}