{"id":62470,"date":"2018-09-27T18:47:00","date_gmt":"2018-09-27T21:47:00","guid":{"rendered":"http:\/\/anoticiaonline.com.br\/site\/?p=62470"},"modified":"2023-04-26T10:29:28","modified_gmt":"2023-04-26T13:29:28","slug":"centro-de-distribuicao-da-laqcua-di-fiori-e-inaugurado-em-muriae","status":"publish","type":"post","link":"https:\/\/anoticiaonline.com.br\/site\/centro-de-distribuicao-da-laqcua-di-fiori-e-inaugurado-em-muriae\/","title":{"rendered":"Centro de Distribui\u00e7\u00e3o da L\u00b4Aqcua di Fiori \u00e9 inaugurado em Muria\u00e9"},"content":{"rendered":"<p>Foi inaugurado, na sexta-feira (21), no Edif\u00edcio Alice Goulart, localizado na Rua Bar\u00e3o do Monte Alto, o Centro de Distribui\u00e7\u00e3o da L\u00b4Aqcua di Fiori. Na ocasi\u00e3o, revendedores e clientes participaram de uma recep\u00e7\u00e3o especial.<\/p>\n<p><a href=\"https:\/\/anoticiaonline.com.br\/site\/wp-content\/uploads\/2018\/09\/DSC_0590-1.jpg\"><img fetchpriority=\"high\" decoding=\"async\" class=\"alignnone size-full wp-image-62471\" src=\"https:\/\/anoticiaonline.com.br\/site\/wp-content\/uploads\/2018\/09\/DSC_0590-1.jpg\" alt=\"\" width=\"1000\" height=\"667\" srcset=\"https:\/\/anoticiaonline.com.br\/site\/wp-content\/uploads\/2018\/09\/DSC_0590-1.jpg 1000w, https:\/\/anoticiaonline.com.br\/site\/wp-content\/uploads\/2018\/09\/DSC_0590-1-300x200.jpg 300w, https:\/\/anoticiaonline.com.br\/site\/wp-content\/uploads\/2018\/09\/DSC_0590-1-768x512.jpg 768w\" sizes=\"(max-width: 1000px) 100vw, 1000px\" \/><\/a><\/p>\n<p>Propriet\u00e1rio da franquia, Roberto Von Gal Jr., disse que o mercado de cosm\u00e9ticos est\u00e1 em grande expans\u00e3o e, por isso, resolveu investir na marca que j\u00e1 \u00e9 conhecida por muitos.<\/p>\n<p>Rafael Ratinho, l\u00edder de equipe da empresa em Muria\u00e9, disse que ideia de implantar o Centro de Distribui\u00e7\u00e3o da L\u00b4Aqcua di Fiori na cidade, come\u00e7ou em janeiro deste ano. \u201cConheci o Roberto que aderiu ao projeto e hoje estamos aqui inaugurando este Centro de Distribui\u00e7\u00e3o, que contar\u00e1 com uma sala de treinamento semanal e eventos voltados para os revendedores de Muria\u00e9 e regi\u00e3o\u201d, conta.<\/p>\n<p>Li\u00e9ge Cristina da Costa, revendedora da L\u00b4Aqcua di Fiori, disse que conhecia a marca h\u00e1 algum tempo. \u201cH\u00e1 apenas duas semanas me tornei revendedora e j\u00e1 realizei muitas vendas. A aceita\u00e7\u00e3o \u00e9 muito boa e acredito que o retorno financeiro ser\u00e1 o mais satisfat\u00f3rio poss\u00edvel\u201d, conta.<\/p>\n<p><strong>Sobre a empresa &#8211;<\/strong> Fundada em 1980, a L&#8217;acqua di Fiori produz perfumes, cosm\u00e9ticos e produtos para banho com qualidade internacional, mas completamente adaptados \u00e0s caracter\u00edsticas dos brasileiros.<\/p>\n<p>Pioneira e em constante evolu\u00e7\u00e3o, a L&#8217;acqua di Fiori est\u00e1 sempre lan\u00e7ando novas linhas com qualidade e efici\u00eancia comprovadas pelos clientes em todo o Brasil e reconhecidas no mercado internacional.<\/p>\n<p>A empresa foi uma das primeiras a adotar o sistema de franchising e hoje, s\u00e3o mais de 1.200 pontos de venda no pa\u00eds inteiro.<\/p>\n<p>O Centro de Distribui\u00e7\u00e3o da L\u00b4Aqcua di Fiori est\u00e1 localizado no Edif\u00edcio Alice Goulart, na Rua Bar\u00e3o do Monte Alto, n\u00famero 70, loja 17. Telefone para contato: (32) 3722-6716.\u00a0 Whatsapp: (32) 98817- 4530. Instagram: @cdlacqua.muriae.<\/p>\n<p><a href=\"https:\/\/anoticiaonline.com.br\/site\/wp-content\/uploads\/2018\/09\/DSC_0539.jpg\"><img decoding=\"async\" class=\"alignnone size-full wp-image-62472\" src=\"https:\/\/anoticiaonline.com.br\/site\/wp-content\/uploads\/2018\/09\/DSC_0539.jpg\" alt=\"\" width=\"1000\" height=\"667\" srcset=\"https:\/\/anoticiaonline.com.br\/site\/wp-content\/uploads\/2018\/09\/DSC_0539.jpg 1000w, https:\/\/anoticiaonline.com.br\/site\/wp-content\/uploads\/2018\/09\/DSC_0539-300x200.jpg 300w, https:\/\/anoticiaonline.com.br\/site\/wp-content\/uploads\/2018\/09\/DSC_0539-768x512.jpg 768w\" sizes=\"(max-width: 1000px) 100vw, 1000px\" \/><\/a> <a href=\"https:\/\/anoticiaonline.com.br\/site\/wp-content\/uploads\/2018\/09\/DSC_0434-1.jpg\"><img decoding=\"async\" class=\"alignnone size-full wp-image-62473\" src=\"https:\/\/anoticiaonline.com.br\/site\/wp-content\/uploads\/2018\/09\/DSC_0434-1.jpg\" alt=\"\" width=\"1000\" height=\"667\" srcset=\"https:\/\/anoticiaonline.com.br\/site\/wp-content\/uploads\/2018\/09\/DSC_0434-1.jpg 1000w, https:\/\/anoticiaonline.com.br\/site\/wp-content\/uploads\/2018\/09\/DSC_0434-1-300x200.jpg 300w, https:\/\/anoticiaonline.com.br\/site\/wp-content\/uploads\/2018\/09\/DSC_0434-1-768x512.jpg 768w\" sizes=\"(max-width: 1000px) 100vw, 1000px\" \/><\/a> <a href=\"https:\/\/anoticiaonline.com.br\/site\/wp-content\/uploads\/2018\/09\/DSC_0438.jpg\"><img loading=\"lazy\" decoding=\"async\" class=\"alignnone size-full wp-image-62474\" src=\"https:\/\/anoticiaonline.com.br\/site\/wp-content\/uploads\/2018\/09\/DSC_0438.jpg\" alt=\"\" width=\"1000\" height=\"667\" srcset=\"https:\/\/anoticiaonline.com.br\/site\/wp-content\/uploads\/2018\/09\/DSC_0438.jpg 1000w, https:\/\/anoticiaonline.com.br\/site\/wp-content\/uploads\/2018\/09\/DSC_0438-300x200.jpg 300w, https:\/\/anoticiaonline.com.br\/site\/wp-content\/uploads\/2018\/09\/DSC_0438-768x512.jpg 768w\" sizes=\"(max-width: 1000px) 100vw, 1000px\" \/><\/a> <a href=\"https:\/\/anoticiaonline.com.br\/site\/wp-content\/uploads\/2018\/09\/DSC_0442.jpg\"><img loading=\"lazy\" decoding=\"async\" class=\"alignnone size-full wp-image-62475\" src=\"https:\/\/anoticiaonline.com.br\/site\/wp-content\/uploads\/2018\/09\/DSC_0442.jpg\" alt=\"\" width=\"1000\" height=\"667\" srcset=\"https:\/\/anoticiaonline.com.br\/site\/wp-content\/uploads\/2018\/09\/DSC_0442.jpg 1000w, https:\/\/anoticiaonline.com.br\/site\/wp-content\/uploads\/2018\/09\/DSC_0442-300x200.jpg 300w, https:\/\/anoticiaonline.com.br\/site\/wp-content\/uploads\/2018\/09\/DSC_0442-768x512.jpg 768w\" sizes=\"(max-width: 1000px) 100vw, 1000px\" \/><\/a> <a href=\"https:\/\/anoticiaonline.com.br\/site\/wp-content\/uploads\/2018\/09\/DSC_0445.jpg\"><img loading=\"lazy\" decoding=\"async\" class=\"alignnone size-full wp-image-62476\" src=\"https:\/\/anoticiaonline.com.br\/site\/wp-content\/uploads\/2018\/09\/DSC_0445.jpg\" alt=\"\" width=\"1000\" height=\"667\" srcset=\"https:\/\/anoticiaonline.com.br\/site\/wp-content\/uploads\/2018\/09\/DSC_0445.jpg 1000w, https:\/\/anoticiaonline.com.br\/site\/wp-content\/uploads\/2018\/09\/DSC_0445-300x200.jpg 300w, https:\/\/anoticiaonline.com.br\/site\/wp-content\/uploads\/2018\/09\/DSC_0445-768x512.jpg 768w\" sizes=\"(max-width: 1000px) 100vw, 1000px\" \/><\/a> <a href=\"https:\/\/anoticiaonline.com.br\/site\/wp-content\/uploads\/2018\/09\/DSC_0447-1.jpg\"><img loading=\"lazy\" decoding=\"async\" class=\"alignnone size-full wp-image-62477\" src=\"https:\/\/anoticiaonline.com.br\/site\/wp-content\/uploads\/2018\/09\/DSC_0447-1.jpg\" alt=\"\" width=\"534\" height=\"800\" srcset=\"https:\/\/anoticiaonline.com.br\/site\/wp-content\/uploads\/2018\/09\/DSC_0447-1.jpg 534w, https:\/\/anoticiaonline.com.br\/site\/wp-content\/uploads\/2018\/09\/DSC_0447-1-200x300.jpg 200w\" sizes=\"(max-width: 534px) 100vw, 534px\" \/><\/a> <a href=\"https:\/\/anoticiaonline.com.br\/site\/wp-content\/uploads\/2018\/09\/DSC_0451.jpg\"><img loading=\"lazy\" decoding=\"async\" class=\"alignnone size-full wp-image-62478\" src=\"https:\/\/anoticiaonline.com.br\/site\/wp-content\/uploads\/2018\/09\/DSC_0451.jpg\" alt=\"\" width=\"1000\" height=\"667\" srcset=\"https:\/\/anoticiaonline.com.br\/site\/wp-content\/uploads\/2018\/09\/DSC_0451.jpg 1000w, https:\/\/anoticiaonline.com.br\/site\/wp-content\/uploads\/2018\/09\/DSC_0451-300x200.jpg 300w, https:\/\/anoticiaonline.com.br\/site\/wp-content\/uploads\/2018\/09\/DSC_0451-768x512.jpg 768w\" sizes=\"(max-width: 1000px) 100vw, 1000px\" \/><\/a> <a href=\"https:\/\/anoticiaonline.com.br\/site\/wp-content\/uploads\/2018\/09\/DSC_0455.jpg\"><img loading=\"lazy\" decoding=\"async\" class=\"alignnone size-full wp-image-62479\" src=\"https:\/\/anoticiaonline.com.br\/site\/wp-content\/uploads\/2018\/09\/DSC_0455.jpg\" alt=\"\" width=\"1000\" height=\"667\" srcset=\"https:\/\/anoticiaonline.com.br\/site\/wp-content\/uploads\/2018\/09\/DSC_0455.jpg 1000w, https:\/\/anoticiaonline.com.br\/site\/wp-content\/uploads\/2018\/09\/DSC_0455-300x200.jpg 300w, https:\/\/anoticiaonline.com.br\/site\/wp-content\/uploads\/2018\/09\/DSC_0455-768x512.jpg 768w\" sizes=\"(max-width: 1000px) 100vw, 1000px\" \/><\/a> <a href=\"https:\/\/anoticiaonline.com.br\/site\/wp-content\/uploads\/2018\/09\/DSC_0456.jpg\"><img loading=\"lazy\" decoding=\"async\" class=\"alignnone size-full wp-image-62480\" src=\"https:\/\/anoticiaonline.com.br\/site\/wp-content\/uploads\/2018\/09\/DSC_0456.jpg\" alt=\"\" width=\"1000\" height=\"667\" srcset=\"https:\/\/anoticiaonline.com.br\/site\/wp-content\/uploads\/2018\/09\/DSC_0456.jpg 1000w, https:\/\/anoticiaonline.com.br\/site\/wp-content\/uploads\/2018\/09\/DSC_0456-300x200.jpg 300w, https:\/\/anoticiaonline.com.br\/site\/wp-content\/uploads\/2018\/09\/DSC_0456-768x512.jpg 768w\" sizes=\"(max-width: 1000px) 100vw, 1000px\" \/><\/a> <a href=\"https:\/\/anoticiaonline.com.br\/site\/wp-content\/uploads\/2018\/09\/DSC_0459.jpg\"><img loading=\"lazy\" decoding=\"async\" class=\"alignnone size-full wp-image-62481\" src=\"https:\/\/anoticiaonline.com.br\/site\/wp-content\/uploads\/2018\/09\/DSC_0459.jpg\" alt=\"\" width=\"1000\" height=\"667\" srcset=\"https:\/\/anoticiaonline.com.br\/site\/wp-content\/uploads\/2018\/09\/DSC_0459.jpg 1000w, https:\/\/anoticiaonline.com.br\/site\/wp-content\/uploads\/2018\/09\/DSC_0459-300x200.jpg 300w, https:\/\/anoticiaonline.com.br\/site\/wp-content\/uploads\/2018\/09\/DSC_0459-768x512.jpg 768w\" sizes=\"(max-width: 1000px) 100vw, 1000px\" \/><\/a> <a href=\"https:\/\/anoticiaonline.com.br\/site\/wp-content\/uploads\/2018\/09\/DSC_0462-1.jpg\"><img loading=\"lazy\" decoding=\"async\" class=\"alignnone size-full wp-image-62482\" src=\"https:\/\/anoticiaonline.com.br\/site\/wp-content\/uploads\/2018\/09\/DSC_0462-1.jpg\" alt=\"\" width=\"1000\" height=\"667\" srcset=\"https:\/\/anoticiaonline.com.br\/site\/wp-content\/uploads\/2018\/09\/DSC_0462-1.jpg 1000w, https:\/\/anoticiaonline.com.br\/site\/wp-content\/uploads\/2018\/09\/DSC_0462-1-300x200.jpg 300w, https:\/\/anoticiaonline.com.br\/site\/wp-content\/uploads\/2018\/09\/DSC_0462-1-768x512.jpg 768w\" sizes=\"(max-width: 1000px) 100vw, 1000px\" \/><\/a> <a href=\"https:\/\/anoticiaonline.com.br\/site\/wp-content\/uploads\/2018\/09\/DSC_0472.jpg\"><img loading=\"lazy\" decoding=\"async\" class=\"alignnone size-full wp-image-62483\" src=\"https:\/\/anoticiaonline.com.br\/site\/wp-content\/uploads\/2018\/09\/DSC_0472.jpg\" alt=\"\" width=\"1000\" height=\"667\" srcset=\"https:\/\/anoticiaonline.com.br\/site\/wp-content\/uploads\/2018\/09\/DSC_0472.jpg 1000w, https:\/\/anoticiaonline.com.br\/site\/wp-content\/uploads\/2018\/09\/DSC_0472-300x200.jpg 300w, https:\/\/anoticiaonline.com.br\/site\/wp-content\/uploads\/2018\/09\/DSC_0472-768x512.jpg 768w\" sizes=\"(max-width: 1000px) 100vw, 1000px\" \/><\/a> <a href=\"https:\/\/anoticiaonline.com.br\/site\/wp-content\/uploads\/2018\/09\/DSC_0475.jpg\"><img loading=\"lazy\" decoding=\"async\" class=\"alignnone size-full wp-image-62484\" src=\"https:\/\/anoticiaonline.com.br\/site\/wp-content\/uploads\/2018\/09\/DSC_0475.jpg\" alt=\"\" width=\"1000\" height=\"667\" srcset=\"https:\/\/anoticiaonline.com.br\/site\/wp-content\/uploads\/2018\/09\/DSC_0475.jpg 1000w, https:\/\/anoticiaonline.com.br\/site\/wp-content\/uploads\/2018\/09\/DSC_0475-300x200.jpg 300w, https:\/\/anoticiaonline.com.br\/site\/wp-content\/uploads\/2018\/09\/DSC_0475-768x512.jpg 768w\" sizes=\"(max-width: 1000px) 100vw, 1000px\" \/><\/a> <a href=\"https:\/\/anoticiaonline.com.br\/site\/wp-content\/uploads\/2018\/09\/DSC_0480.jpg\"><img loading=\"lazy\" decoding=\"async\" class=\"alignnone size-full wp-image-62485\" src=\"https:\/\/anoticiaonline.com.br\/site\/wp-content\/uploads\/2018\/09\/DSC_0480.jpg\" alt=\"\" width=\"1000\" height=\"667\" srcset=\"https:\/\/anoticiaonline.com.br\/site\/wp-content\/uploads\/2018\/09\/DSC_0480.jpg 1000w, https:\/\/anoticiaonline.com.br\/site\/wp-content\/uploads\/2018\/09\/DSC_0480-300x200.jpg 300w, https:\/\/anoticiaonline.com.br\/site\/wp-content\/uploads\/2018\/09\/DSC_0480-768x512.jpg 768w\" sizes=\"(max-width: 1000px) 100vw, 1000px\" \/><\/a> <a href=\"https:\/\/anoticiaonline.com.br\/site\/wp-content\/uploads\/2018\/09\/DSC_0490.jpg\"><img loading=\"lazy\" decoding=\"async\" class=\"alignnone size-full wp-image-62486\" src=\"https:\/\/anoticiaonline.com.br\/site\/wp-content\/uploads\/2018\/09\/DSC_0490.jpg\" alt=\"\" width=\"1000\" height=\"667\" srcset=\"https:\/\/anoticiaonline.com.br\/site\/wp-content\/uploads\/2018\/09\/DSC_0490.jpg 1000w, https:\/\/anoticiaonline.com.br\/site\/wp-content\/uploads\/2018\/09\/DSC_0490-300x200.jpg 300w, https:\/\/anoticiaonline.com.br\/site\/wp-content\/uploads\/2018\/09\/DSC_0490-768x512.jpg 768w\" sizes=\"(max-width: 1000px) 100vw, 1000px\" \/><\/a> <a href=\"https:\/\/anoticiaonline.com.br\/site\/wp-content\/uploads\/2018\/09\/DSC_0491.jpg\"><img loading=\"lazy\" decoding=\"async\" class=\"alignnone size-full wp-image-62487\" src=\"https:\/\/anoticiaonline.com.br\/site\/wp-content\/uploads\/2018\/09\/DSC_0491.jpg\" alt=\"\" width=\"534\" height=\"800\" srcset=\"https:\/\/anoticiaonline.com.br\/site\/wp-content\/uploads\/2018\/09\/DSC_0491.jpg 534w, https:\/\/anoticiaonline.com.br\/site\/wp-content\/uploads\/2018\/09\/DSC_0491-200x300.jpg 200w\" sizes=\"(max-width: 534px) 100vw, 534px\" \/><\/a> <a href=\"https:\/\/anoticiaonline.com.br\/site\/wp-content\/uploads\/2018\/09\/DSC_0503.jpg\"><img loading=\"lazy\" decoding=\"async\" class=\"alignnone size-full wp-image-62488\" src=\"https:\/\/anoticiaonline.com.br\/site\/wp-content\/uploads\/2018\/09\/DSC_0503.jpg\" alt=\"\" width=\"1000\" height=\"667\" srcset=\"https:\/\/anoticiaonline.com.br\/site\/wp-content\/uploads\/2018\/09\/DSC_0503.jpg 1000w, https:\/\/anoticiaonline.com.br\/site\/wp-content\/uploads\/2018\/09\/DSC_0503-300x200.jpg 300w, https:\/\/anoticiaonline.com.br\/site\/wp-content\/uploads\/2018\/09\/DSC_0503-768x512.jpg 768w\" sizes=\"(max-width: 1000px) 100vw, 1000px\" \/><\/a> <a href=\"https:\/\/anoticiaonline.com.br\/site\/wp-content\/uploads\/2018\/09\/DSC_0505.jpg\"><img loading=\"lazy\" decoding=\"async\" class=\"alignnone size-full wp-image-62489\" src=\"https:\/\/anoticiaonline.com.br\/site\/wp-content\/uploads\/2018\/09\/DSC_0505.jpg\" alt=\"\" width=\"534\" height=\"800\" srcset=\"https:\/\/anoticiaonline.com.br\/site\/wp-content\/uploads\/2018\/09\/DSC_0505.jpg 534w, https:\/\/anoticiaonline.com.br\/site\/wp-content\/uploads\/2018\/09\/DSC_0505-200x300.jpg 200w\" sizes=\"(max-width: 534px) 100vw, 534px\" \/><\/a> <a href=\"https:\/\/anoticiaonline.com.br\/site\/wp-content\/uploads\/2018\/09\/DSC_0510-1.jpg\"><img loading=\"lazy\" decoding=\"async\" class=\"alignnone size-full wp-image-62490\" src=\"https:\/\/anoticiaonline.com.br\/site\/wp-content\/uploads\/2018\/09\/DSC_0510-1.jpg\" alt=\"\" width=\"1000\" height=\"667\" srcset=\"https:\/\/anoticiaonline.com.br\/site\/wp-content\/uploads\/2018\/09\/DSC_0510-1.jpg 1000w, https:\/\/anoticiaonline.com.br\/site\/wp-content\/uploads\/2018\/09\/DSC_0510-1-300x200.jpg 300w, https:\/\/anoticiaonline.com.br\/site\/wp-content\/uploads\/2018\/09\/DSC_0510-1-768x512.jpg 768w\" sizes=\"(max-width: 1000px) 100vw, 1000px\" \/><\/a> <a href=\"https:\/\/anoticiaonline.com.br\/site\/wp-content\/uploads\/2018\/09\/DSC_0516.jpg\"><img loading=\"lazy\" decoding=\"async\" class=\"alignnone size-full wp-image-62491\" src=\"https:\/\/anoticiaonline.com.br\/site\/wp-content\/uploads\/2018\/09\/DSC_0516.jpg\" alt=\"\" width=\"1000\" height=\"667\" srcset=\"https:\/\/anoticiaonline.com.br\/site\/wp-content\/uploads\/2018\/09\/DSC_0516.jpg 1000w, https:\/\/anoticiaonline.com.br\/site\/wp-content\/uploads\/2018\/09\/DSC_0516-300x200.jpg 300w, https:\/\/anoticiaonline.com.br\/site\/wp-content\/uploads\/2018\/09\/DSC_0516-768x512.jpg 768w\" sizes=\"(max-width: 1000px) 100vw, 1000px\" \/><\/a> <a href=\"https:\/\/anoticiaonline.com.br\/site\/wp-content\/uploads\/2018\/09\/DSC_0536.jpg\"><img loading=\"lazy\" decoding=\"async\" class=\"alignnone size-full wp-image-62492\" src=\"https:\/\/anoticiaonline.com.br\/site\/wp-content\/uploads\/2018\/09\/DSC_0536.jpg\" alt=\"\" width=\"1000\" height=\"667\" srcset=\"https:\/\/anoticiaonline.com.br\/site\/wp-content\/uploads\/2018\/09\/DSC_0536.jpg 1000w, https:\/\/anoticiaonline.com.br\/site\/wp-content\/uploads\/2018\/09\/DSC_0536-300x200.jpg 300w, https:\/\/anoticiaonline.com.br\/site\/wp-content\/uploads\/2018\/09\/DSC_0536-768x512.jpg 768w\" sizes=\"(max-width: 1000px) 100vw, 1000px\" \/><\/a><\/p>\n","protected":false},"excerpt":{"rendered":"<p>Foi inaugurado, na sexta-feira (21), no Edif\u00edcio Alice Goulart, localizado na Rua Bar\u00e3o do Monte Alto, o Centro de Distribui\u00e7\u00e3o da L\u00b4Aqcua di Fiori. Na ocasi\u00e3o, revendedores e clientes participaram de uma recep\u00e7\u00e3o especial. Propriet\u00e1rio da franquia, Roberto Von Gal Jr., disse que o mercado de cosm\u00e9ticos est\u00e1 em grande expans\u00e3o e, por isso, resolveu &#8230; <a title=\"Centro de Distribui\u00e7\u00e3o da L\u00b4Aqcua di Fiori \u00e9 inaugurado em Muria\u00e9\" class=\"read-more\" href=\"https:\/\/anoticiaonline.com.br\/site\/centro-de-distribuicao-da-laqcua-di-fiori-e-inaugurado-em-muriae\/\" aria-label=\"Read more about Centro de Distribui\u00e7\u00e3o da L\u00b4Aqcua di Fiori \u00e9 inaugurado em Muria\u00e9\">Ler mais<\/a><\/p>\n","protected":false},"author":2,"featured_media":62471,"comment_status":"open","ping_status":"open","sticky":false,"template":"","format":"standard","meta":{"_acf_changed":false,"_monsterinsights_skip_tracking":false,"footnotes":""},"categories":[30],"tags":[3163,3164,74],"class_list":["post-62470","post","type-post","status-publish","format-standard","has-post-thumbnail","hentry","category-muriae","tag-centro-de-distribuicao","tag-lacqua-de-fiori","tag-muriae"],"acf":[],"aioseo_notices":[],"aioseo_head":"\n\t\t<!-- All in One SEO 5.0.0.1 - aioseo.com -->\n\t<meta name=\"description\" content=\"Foi inaugurado, na sexta-feira (21), no Edif\u00edcio Alice Goulart, localizado na Rua Bar\u00e3o do Monte Alto, o Centro de Distribui\u00e7\u00e3o da L\u00b4Aqcua di Fiori. Na ocasi\u00e3o, revendedores e clientes participaram de uma recep\u00e7\u00e3o especial. Propriet\u00e1rio da franquia, Roberto Von Gal Jr., disse que o mercado de cosm\u00e9ticos est\u00e1 em grande expans\u00e3o e, por isso, resolveu\" \/>\n\t<meta name=\"robots\" content=\"max-image-preview:large\" \/>\n\t<meta name=\"author\" content=\"Juliana Laviola\"\/>\n\t<link rel=\"canonical\" href=\"https:\/\/anoticiaonline.com.br\/site\/centro-de-distribuicao-da-laqcua-di-fiori-e-inaugurado-em-muriae\/\" \/>\n\t<meta name=\"generator\" content=\"All in One SEO (AIOSEO) 5.0.0.1\" \/>\n\t\t<meta property=\"og:locale\" content=\"pt_BR\" \/>\n\t\t<meta property=\"og:site_name\" content=\"A Not\u00edcia Online - Noticias de Muria\u00e9 e regi\u00e3o\" \/>\n\t\t<meta property=\"og:type\" content=\"article\" \/>\n\t\t<meta property=\"og:title\" content=\"Centro de Distribui\u00e7\u00e3o da L\u00b4Aqcua di Fiori \u00e9 inaugurado em Muria\u00e9 - A Not\u00edcia Online\" \/>\n\t\t<meta property=\"og:description\" content=\"Foi inaugurado, na sexta-feira (21), no Edif\u00edcio Alice Goulart, localizado na Rua Bar\u00e3o do Monte Alto, o Centro de Distribui\u00e7\u00e3o da L\u00b4Aqcua di Fiori. Na ocasi\u00e3o, revendedores e clientes participaram de uma recep\u00e7\u00e3o especial. Propriet\u00e1rio da franquia, Roberto Von Gal Jr., disse que o mercado de cosm\u00e9ticos est\u00e1 em grande expans\u00e3o e, por isso, resolveu\" \/>\n\t\t<meta property=\"og:url\" content=\"https:\/\/anoticiaonline.com.br\/site\/centro-de-distribuicao-da-laqcua-di-fiori-e-inaugurado-em-muriae\/\" \/>\n\t\t<meta property=\"og:image\" content=\"https:\/\/scontent-gig4-1.xx.fbcdn.net\/v\/t39.30808-1\/270437624_4564083193639691_6907940295614233970_n.jpg?stp=dst-jpg_s200x200_tt6&#038;_nc_cat=111&#038;ccb=1-7&#038;_nc_sid=f907e8&#038;_nc_ohc=SM1wRlP3lJwQ7kNvwEPuBYA&#038;_nc_oc=AdnqrjDN_BNjSSHWO-GbkIWH6fkGMLw4bqvL_NH6e2wMveX7G-rP2dAqsDSq1mJMOaY&#038;_nc_zt=24&#038;_nc_ht=scontent-gig4-1.xx&#038;_nc_gid=AoBFJeGrT1hVaew_6rchkQ&#038;oh=00_AfX7QmFGhQhG2jAllVgXCiM1ZrWgvtp80-Bfppyexh1QEg&#038;oe=689E923C\" \/>\n\t\t<meta property=\"og:image:secure_url\" content=\"https:\/\/scontent-gig4-1.xx.fbcdn.net\/v\/t39.30808-1\/270437624_4564083193639691_6907940295614233970_n.jpg?stp=dst-jpg_s200x200_tt6&#038;_nc_cat=111&#038;ccb=1-7&#038;_nc_sid=f907e8&#038;_nc_ohc=SM1wRlP3lJwQ7kNvwEPuBYA&#038;_nc_oc=AdnqrjDN_BNjSSHWO-GbkIWH6fkGMLw4bqvL_NH6e2wMveX7G-rP2dAqsDSq1mJMOaY&#038;_nc_zt=24&#038;_nc_ht=scontent-gig4-1.xx&#038;_nc_gid=AoBFJeGrT1hVaew_6rchkQ&#038;oh=00_AfX7QmFGhQhG2jAllVgXCiM1ZrWgvtp80-Bfppyexh1QEg&#038;oe=689E923C\" \/>\n\t\t<meta property=\"article:published_time\" content=\"2018-09-27T21:47:00+00:00\" \/>\n\t\t<meta property=\"article:modified_time\" content=\"2023-04-26T13:29:28+00:00\" \/>\n\t\t<meta name=\"twitter:card\" content=\"summary_large_image\" \/>\n\t\t<meta name=\"twitter:title\" content=\"Centro de Distribui\u00e7\u00e3o da L\u00b4Aqcua di Fiori \u00e9 inaugurado em Muria\u00e9 - A Not\u00edcia Online\" \/>\n\t\t<meta name=\"twitter:description\" content=\"Foi inaugurado, na sexta-feira (21), no Edif\u00edcio Alice Goulart, localizado na Rua Bar\u00e3o do Monte Alto, o Centro de Distribui\u00e7\u00e3o da L\u00b4Aqcua di Fiori. Na ocasi\u00e3o, revendedores e clientes participaram de uma recep\u00e7\u00e3o especial. Propriet\u00e1rio da franquia, Roberto Von Gal Jr., disse que o mercado de cosm\u00e9ticos est\u00e1 em grande expans\u00e3o e, por isso, resolveu\" \/>\n\t\t<meta name=\"twitter:image\" content=\"https:\/\/scontent-gig4-1.xx.fbcdn.net\/v\/t39.30808-1\/270437624_4564083193639691_6907940295614233970_n.jpg?stp=dst-jpg_s200x200_tt6&amp;_nc_cat=111&amp;ccb=1-7&amp;_nc_sid=f907e8&amp;_nc_ohc=SM1wRlP3lJwQ7kNvwEPuBYA&amp;_nc_oc=AdnqrjDN_BNjSSHWO-GbkIWH6fkGMLw4bqvL_NH6e2wMveX7G-rP2dAqsDSq1mJMOaY&amp;_nc_zt=24&amp;_nc_ht=scontent-gig4-1.xx&amp;_nc_gid=AoBFJeGrT1hVaew_6rchkQ&amp;oh=00_AfX7QmFGhQhG2jAllVgXCiM1ZrWgvtp80-Bfppyexh1QEg&amp;oe=689E923C\" \/>\n\t\t<script type=\"application\/ld+json\" class=\"aioseo-schema\">\n\t\t\t{\"@context\":\"https:\\\/\\\/schema.org\",\"@graph\":[{\"@type\":\"BlogPosting\",\"@id\":\"https:\\\/\\\/anoticiaonline.com.br\\\/site\\\/centro-de-distribuicao-da-laqcua-di-fiori-e-inaugurado-em-muriae\\\/#blogposting\",\"name\":\"Centro de Distribui\\u00e7\\u00e3o da L\\u00b4Aqcua di Fiori \\u00e9 inaugurado em Muria\\u00e9 - A Not\\u00edcia Online\",\"headline\":\"Centro de Distribui\\u00e7\\u00e3o da L\\u00b4Aqcua di Fiori \\u00e9 inaugurado em Muria\\u00e9\",\"author\":{\"@id\":\"https:\\\/\\\/anoticiaonline.com.br\\\/site\\\/author\\\/juliana\\\/#author\"},\"publisher\":{\"@id\":\"https:\\\/\\\/anoticiaonline.com.br\\\/site\\\/#organization\"},\"image\":{\"@type\":\"ImageObject\",\"url\":\"https:\\\/\\\/anoticiaonline.com.br\\\/site\\\/wp-content\\\/uploads\\\/2018\\\/09\\\/DSC_0590-1.jpg\",\"width\":1000,\"height\":667},\"datePublished\":\"2018-09-27T18:47:00-03:00\",\"dateModified\":\"2023-04-26T10:29:28-03:00\",\"inLanguage\":\"pt-BR\",\"commentCount\":1,\"mainEntityOfPage\":{\"@id\":\"https:\\\/\\\/anoticiaonline.com.br\\\/site\\\/centro-de-distribuicao-da-laqcua-di-fiori-e-inaugurado-em-muriae\\\/#webpage\"},\"isPartOf\":{\"@id\":\"https:\\\/\\\/anoticiaonline.com.br\\\/site\\\/centro-de-distribuicao-da-laqcua-di-fiori-e-inaugurado-em-muriae\\\/#webpage\"},\"articleSection\":\"Blog, centro de distribui\\u00e7\\u00e3o, lacqua de fiori, Muria\\u00e9\"},{\"@type\":\"BreadcrumbList\",\"@id\":\"https:\\\/\\\/anoticiaonline.com.br\\\/site\\\/centro-de-distribuicao-da-laqcua-di-fiori-e-inaugurado-em-muriae\\\/#breadcrumblist\",\"itemListElement\":[{\"@type\":\"ListItem\",\"@id\":\"https:\\\/\\\/anoticiaonline.com.br\\\/site#listItem\",\"position\":1,\"name\":\"Home\",\"item\":\"https:\\\/\\\/anoticiaonline.com.br\\\/site\",\"nextItem\":{\"@type\":\"ListItem\",\"@id\":\"https:\\\/\\\/anoticiaonline.com.br\\\/site\\\/categoria\\\/muriae\\\/#listItem\",\"name\":\"Blog\"}},{\"@type\":\"ListItem\",\"@id\":\"https:\\\/\\\/anoticiaonline.com.br\\\/site\\\/categoria\\\/muriae\\\/#listItem\",\"position\":2,\"name\":\"Blog\",\"item\":\"https:\\\/\\\/anoticiaonline.com.br\\\/site\\\/categoria\\\/muriae\\\/\",\"nextItem\":{\"@type\":\"ListItem\",\"@id\":\"https:\\\/\\\/anoticiaonline.com.br\\\/site\\\/centro-de-distribuicao-da-laqcua-di-fiori-e-inaugurado-em-muriae\\\/#listItem\",\"name\":\"Centro de Distribui\\u00e7\\u00e3o da L\\u00b4Aqcua di Fiori \\u00e9 inaugurado em Muria\\u00e9\"},\"previousItem\":{\"@type\":\"ListItem\",\"@id\":\"https:\\\/\\\/anoticiaonline.com.br\\\/site#listItem\",\"name\":\"Home\"}},{\"@type\":\"ListItem\",\"@id\":\"https:\\\/\\\/anoticiaonline.com.br\\\/site\\\/centro-de-distribuicao-da-laqcua-di-fiori-e-inaugurado-em-muriae\\\/#listItem\",\"position\":3,\"name\":\"Centro de Distribui\\u00e7\\u00e3o da L\\u00b4Aqcua di Fiori \\u00e9 inaugurado em Muria\\u00e9\",\"previousItem\":{\"@type\":\"ListItem\",\"@id\":\"https:\\\/\\\/anoticiaonline.com.br\\\/site\\\/categoria\\\/muriae\\\/#listItem\",\"name\":\"Blog\"}}]},{\"@type\":\"Organization\",\"@id\":\"https:\\\/\\\/anoticiaonline.com.br\\\/site\\\/#organization\",\"name\":\"A Not\\u00edcia Online\",\"description\":\"Noticias de Muria\\u00e9 e regi\\u00e3o\",\"url\":\"https:\\\/\\\/anoticiaonline.com.br\\\/site\\\/\",\"logo\":{\"@type\":\"ImageObject\",\"url\":\"https:\\\/\\\/scontent-gig4-1.xx.fbcdn.net\\\/v\\\/t39.30808-1\\\/270437624_4564083193639691_6907940295614233970_n.jpg?stp=dst-jpg_s200x200_tt6&_nc_cat=111&ccb=1-7&_nc_sid=f907e8&_nc_ohc=SM1wRlP3lJwQ7kNvwEPuBYA&_nc_oc=AdnqrjDN_BNjSSHWO-GbkIWH6fkGMLw4bqvL_NH6e2wMveX7G-rP2dAqsDSq1mJMOaY&_nc_zt=24&_nc_ht=scontent-gig4-1.xx&_nc_gid=AoBFJeGrT1hVaew_6rchkQ&oh=00_AfX7QmFGhQhG2jAllVgXCiM1ZrWgvtp80-Bfppyexh1QEg&oe=689E923C\",\"@id\":\"https:\\\/\\\/anoticiaonline.com.br\\\/site\\\/centro-de-distribuicao-da-laqcua-di-fiori-e-inaugurado-em-muriae\\\/#organizationLogo\"},\"image\":{\"@id\":\"https:\\\/\\\/anoticiaonline.com.br\\\/site\\\/centro-de-distribuicao-da-laqcua-di-fiori-e-inaugurado-em-muriae\\\/#organizationLogo\"}},{\"@type\":\"Person\",\"@id\":\"https:\\\/\\\/anoticiaonline.com.br\\\/site\\\/author\\\/juliana\\\/#author\",\"url\":\"https:\\\/\\\/anoticiaonline.com.br\\\/site\\\/author\\\/juliana\\\/\",\"name\":\"Juliana Laviola\",\"image\":{\"@type\":\"ImageObject\",\"@id\":\"https:\\\/\\\/anoticiaonline.com.br\\\/site\\\/centro-de-distribuicao-da-laqcua-di-fiori-e-inaugurado-em-muriae\\\/#authorImage\",\"url\":\"https:\\\/\\\/secure.gravatar.com\\\/avatar\\\/b8d45f5c699b100dfaf0e543582f38f38bf94cb7ae3a5e9abf8d891a34773335?s=96&d=mm&r=g\",\"width\":96,\"height\":96,\"caption\":\"Juliana Laviola\"}},{\"@type\":\"WebPage\",\"@id\":\"https:\\\/\\\/anoticiaonline.com.br\\\/site\\\/centro-de-distribuicao-da-laqcua-di-fiori-e-inaugurado-em-muriae\\\/#webpage\",\"url\":\"https:\\\/\\\/anoticiaonline.com.br\\\/site\\\/centro-de-distribuicao-da-laqcua-di-fiori-e-inaugurado-em-muriae\\\/\",\"name\":\"Centro de Distribui\\u00e7\\u00e3o da L\\u00b4Aqcua di Fiori \\u00e9 inaugurado em Muria\\u00e9 - A Not\\u00edcia Online\",\"description\":\"Foi inaugurado, na sexta-feira (21), no Edif\\u00edcio Alice Goulart, localizado na Rua Bar\\u00e3o do Monte Alto, o Centro de Distribui\\u00e7\\u00e3o da L\\u00b4Aqcua di Fiori. Na ocasi\\u00e3o, revendedores e clientes participaram de uma recep\\u00e7\\u00e3o especial. Propriet\\u00e1rio da franquia, Roberto Von Gal Jr., disse que o mercado de cosm\\u00e9ticos est\\u00e1 em grande expans\\u00e3o e, por isso, resolveu\",\"inLanguage\":\"pt-BR\",\"isPartOf\":{\"@id\":\"https:\\\/\\\/anoticiaonline.com.br\\\/site\\\/#website\"},\"breadcrumb\":{\"@id\":\"https:\\\/\\\/anoticiaonline.com.br\\\/site\\\/centro-de-distribuicao-da-laqcua-di-fiori-e-inaugurado-em-muriae\\\/#breadcrumblist\"},\"author\":{\"@id\":\"https:\\\/\\\/anoticiaonline.com.br\\\/site\\\/author\\\/juliana\\\/#author\"},\"creator\":{\"@id\":\"https:\\\/\\\/anoticiaonline.com.br\\\/site\\\/author\\\/juliana\\\/#author\"},\"image\":{\"@type\":\"ImageObject\",\"url\":\"https:\\\/\\\/anoticiaonline.com.br\\\/site\\\/wp-content\\\/uploads\\\/2018\\\/09\\\/DSC_0590-1.jpg\",\"@id\":\"https:\\\/\\\/anoticiaonline.com.br\\\/site\\\/centro-de-distribuicao-da-laqcua-di-fiori-e-inaugurado-em-muriae\\\/#mainImage\",\"width\":1000,\"height\":667},\"primaryImageOfPage\":{\"@id\":\"https:\\\/\\\/anoticiaonline.com.br\\\/site\\\/centro-de-distribuicao-da-laqcua-di-fiori-e-inaugurado-em-muriae\\\/#mainImage\"},\"datePublished\":\"2018-09-27T18:47:00-03:00\",\"dateModified\":\"2023-04-26T10:29:28-03:00\"},{\"@type\":\"WebSite\",\"@id\":\"https:\\\/\\\/anoticiaonline.com.br\\\/site\\\/#website\",\"url\":\"https:\\\/\\\/anoticiaonline.com.br\\\/site\\\/\",\"name\":\"A Not\\u00edcia Online\",\"description\":\"Noticias de Muria\\u00e9 e regi\\u00e3o\",\"inLanguage\":\"pt-BR\",\"publisher\":{\"@id\":\"https:\\\/\\\/anoticiaonline.com.br\\\/site\\\/#organization\"}}]}\n\t\t<\/script>\n\t\t<!-- All in One SEO -->\n\n","aioseo_head_json":{"title":"Centro de Distribui\u00e7\u00e3o da L\u00b4Aqcua di Fiori \u00e9 inaugurado em Muria\u00e9 - A Not\u00edcia Online","description":"Foi inaugurado, na sexta-feira (21), no Edif\u00edcio Alice Goulart, localizado na Rua Bar\u00e3o do Monte Alto, o Centro de Distribui\u00e7\u00e3o da L\u00b4Aqcua di Fiori. Na ocasi\u00e3o, revendedores e clientes participaram de uma recep\u00e7\u00e3o especial. Propriet\u00e1rio da franquia, Roberto Von Gal Jr., disse que o mercado de cosm\u00e9ticos est\u00e1 em grande expans\u00e3o e, por isso, resolveu","canonical_url":"https:\/\/anoticiaonline.com.br\/site\/centro-de-distribuicao-da-laqcua-di-fiori-e-inaugurado-em-muriae\/","robots":"max-image-preview:large","keywords":"","webmasterTools":{"miscellaneous":""},"schema":{"@context":"https:\/\/schema.org","@graph":[{"@type":"BlogPosting","@id":"https:\/\/anoticiaonline.com.br\/site\/centro-de-distribuicao-da-laqcua-di-fiori-e-inaugurado-em-muriae\/#blogposting","name":"Centro de Distribui\u00e7\u00e3o da L\u00b4Aqcua di Fiori \u00e9 inaugurado em Muria\u00e9 - A Not\u00edcia Online","headline":"Centro de Distribui\u00e7\u00e3o da L\u00b4Aqcua di Fiori \u00e9 inaugurado em Muria\u00e9","author":{"@id":"https:\/\/anoticiaonline.com.br\/site\/author\/juliana\/#author"},"publisher":{"@id":"https:\/\/anoticiaonline.com.br\/site\/#organization"},"image":{"@type":"ImageObject","url":"https:\/\/anoticiaonline.com.br\/site\/wp-content\/uploads\/2018\/09\/DSC_0590-1.jpg","width":1000,"height":667},"datePublished":"2018-09-27T18:47:00-03:00","dateModified":"2023-04-26T10:29:28-03:00","inLanguage":"pt-BR","commentCount":1,"mainEntityOfPage":{"@id":"https:\/\/anoticiaonline.com.br\/site\/centro-de-distribuicao-da-laqcua-di-fiori-e-inaugurado-em-muriae\/#webpage"},"isPartOf":{"@id":"https:\/\/anoticiaonline.com.br\/site\/centro-de-distribuicao-da-laqcua-di-fiori-e-inaugurado-em-muriae\/#webpage"},"articleSection":"Blog, centro de distribui\u00e7\u00e3o, lacqua de fiori, Muria\u00e9"},{"@type":"BreadcrumbList","@id":"https:\/\/anoticiaonline.com.br\/site\/centro-de-distribuicao-da-laqcua-di-fiori-e-inaugurado-em-muriae\/#breadcrumblist","itemListElement":[{"@type":"ListItem","@id":"https:\/\/anoticiaonline.com.br\/site#listItem","position":1,"name":"Home","item":"https:\/\/anoticiaonline.com.br\/site","nextItem":{"@type":"ListItem","@id":"https:\/\/anoticiaonline.com.br\/site\/categoria\/muriae\/#listItem","name":"Blog"}},{"@type":"ListItem","@id":"https:\/\/anoticiaonline.com.br\/site\/categoria\/muriae\/#listItem","position":2,"name":"Blog","item":"https:\/\/anoticiaonline.com.br\/site\/categoria\/muriae\/","nextItem":{"@type":"ListItem","@id":"https:\/\/anoticiaonline.com.br\/site\/centro-de-distribuicao-da-laqcua-di-fiori-e-inaugurado-em-muriae\/#listItem","name":"Centro de Distribui\u00e7\u00e3o da L\u00b4Aqcua di Fiori \u00e9 inaugurado em Muria\u00e9"},"previousItem":{"@type":"ListItem","@id":"https:\/\/anoticiaonline.com.br\/site#listItem","name":"Home"}},{"@type":"ListItem","@id":"https:\/\/anoticiaonline.com.br\/site\/centro-de-distribuicao-da-laqcua-di-fiori-e-inaugurado-em-muriae\/#listItem","position":3,"name":"Centro de Distribui\u00e7\u00e3o da L\u00b4Aqcua di Fiori \u00e9 inaugurado em Muria\u00e9","previousItem":{"@type":"ListItem","@id":"https:\/\/anoticiaonline.com.br\/site\/categoria\/muriae\/#listItem","name":"Blog"}}]},{"@type":"Organization","@id":"https:\/\/anoticiaonline.com.br\/site\/#organization","name":"A Not\u00edcia Online","description":"Noticias de Muria\u00e9 e regi\u00e3o","url":"https:\/\/anoticiaonline.com.br\/site\/","logo":{"@type":"ImageObject","url":"https:\/\/scontent-gig4-1.xx.fbcdn.net\/v\/t39.30808-1\/270437624_4564083193639691_6907940295614233970_n.jpg?stp=dst-jpg_s200x200_tt6&_nc_cat=111&ccb=1-7&_nc_sid=f907e8&_nc_ohc=SM1wRlP3lJwQ7kNvwEPuBYA&_nc_oc=AdnqrjDN_BNjSSHWO-GbkIWH6fkGMLw4bqvL_NH6e2wMveX7G-rP2dAqsDSq1mJMOaY&_nc_zt=24&_nc_ht=scontent-gig4-1.xx&_nc_gid=AoBFJeGrT1hVaew_6rchkQ&oh=00_AfX7QmFGhQhG2jAllVgXCiM1ZrWgvtp80-Bfppyexh1QEg&oe=689E923C","@id":"https:\/\/anoticiaonline.com.br\/site\/centro-de-distribuicao-da-laqcua-di-fiori-e-inaugurado-em-muriae\/#organizationLogo"},"image":{"@id":"https:\/\/anoticiaonline.com.br\/site\/centro-de-distribuicao-da-laqcua-di-fiori-e-inaugurado-em-muriae\/#organizationLogo"}},{"@type":"Person","@id":"https:\/\/anoticiaonline.com.br\/site\/author\/juliana\/#author","url":"https:\/\/anoticiaonline.com.br\/site\/author\/juliana\/","name":"Juliana Laviola","image":{"@type":"ImageObject","@id":"https:\/\/anoticiaonline.com.br\/site\/centro-de-distribuicao-da-laqcua-di-fiori-e-inaugurado-em-muriae\/#authorImage","url":"https:\/\/secure.gravatar.com\/avatar\/b8d45f5c699b100dfaf0e543582f38f38bf94cb7ae3a5e9abf8d891a34773335?s=96&d=mm&r=g","width":96,"height":96,"caption":"Juliana Laviola"}},{"@type":"WebPage","@id":"https:\/\/anoticiaonline.com.br\/site\/centro-de-distribuicao-da-laqcua-di-fiori-e-inaugurado-em-muriae\/#webpage","url":"https:\/\/anoticiaonline.com.br\/site\/centro-de-distribuicao-da-laqcua-di-fiori-e-inaugurado-em-muriae\/","name":"Centro de Distribui\u00e7\u00e3o da L\u00b4Aqcua di Fiori \u00e9 inaugurado em Muria\u00e9 - A Not\u00edcia Online","description":"Foi inaugurado, na sexta-feira (21), no Edif\u00edcio Alice Goulart, localizado na Rua Bar\u00e3o do Monte Alto, o Centro de Distribui\u00e7\u00e3o da L\u00b4Aqcua di Fiori. Na ocasi\u00e3o, revendedores e clientes participaram de uma recep\u00e7\u00e3o especial. Propriet\u00e1rio da franquia, Roberto Von Gal Jr., disse que o mercado de cosm\u00e9ticos est\u00e1 em grande expans\u00e3o e, por isso, resolveu","inLanguage":"pt-BR","isPartOf":{"@id":"https:\/\/anoticiaonline.com.br\/site\/#website"},"breadcrumb":{"@id":"https:\/\/anoticiaonline.com.br\/site\/centro-de-distribuicao-da-laqcua-di-fiori-e-inaugurado-em-muriae\/#breadcrumblist"},"author":{"@id":"https:\/\/anoticiaonline.com.br\/site\/author\/juliana\/#author"},"creator":{"@id":"https:\/\/anoticiaonline.com.br\/site\/author\/juliana\/#author"},"image":{"@type":"ImageObject","url":"https:\/\/anoticiaonline.com.br\/site\/wp-content\/uploads\/2018\/09\/DSC_0590-1.jpg","@id":"https:\/\/anoticiaonline.com.br\/site\/centro-de-distribuicao-da-laqcua-di-fiori-e-inaugurado-em-muriae\/#mainImage","width":1000,"height":667},"primaryImageOfPage":{"@id":"https:\/\/anoticiaonline.com.br\/site\/centro-de-distribuicao-da-laqcua-di-fiori-e-inaugurado-em-muriae\/#mainImage"},"datePublished":"2018-09-27T18:47:00-03:00","dateModified":"2023-04-26T10:29:28-03:00"},{"@type":"WebSite","@id":"https:\/\/anoticiaonline.com.br\/site\/#website","url":"https:\/\/anoticiaonline.com.br\/site\/","name":"A Not\u00edcia Online","description":"Noticias de Muria\u00e9 e regi\u00e3o","inLanguage":"pt-BR","publisher":{"@id":"https:\/\/anoticiaonline.com.br\/site\/#organization"}}]},"og:locale":"pt_BR","og:site_name":"A Not\u00edcia Online - Noticias de Muria\u00e9 e regi\u00e3o","og:type":"article","og:title":"Centro de Distribui\u00e7\u00e3o da L\u00b4Aqcua di Fiori \u00e9 inaugurado em Muria\u00e9 - A Not\u00edcia Online","og:description":"Foi inaugurado, na sexta-feira (21), no Edif\u00edcio Alice Goulart, localizado na Rua Bar\u00e3o do Monte Alto, o Centro de Distribui\u00e7\u00e3o da L\u00b4Aqcua di Fiori. Na ocasi\u00e3o, revendedores e clientes participaram de uma recep\u00e7\u00e3o especial. Propriet\u00e1rio da franquia, Roberto Von Gal Jr., disse que o mercado de cosm\u00e9ticos est\u00e1 em grande expans\u00e3o e, por isso, resolveu","og:url":"https:\/\/anoticiaonline.com.br\/site\/centro-de-distribuicao-da-laqcua-di-fiori-e-inaugurado-em-muriae\/","og:image":"https:\/\/scontent-gig4-1.xx.fbcdn.net\/v\/t39.30808-1\/270437624_4564083193639691_6907940295614233970_n.jpg?stp=dst-jpg_s200x200_tt6&#038;_nc_cat=111&#038;ccb=1-7&#038;_nc_sid=f907e8&#038;_nc_ohc=SM1wRlP3lJwQ7kNvwEPuBYA&#038;_nc_oc=AdnqrjDN_BNjSSHWO-GbkIWH6fkGMLw4bqvL_NH6e2wMveX7G-rP2dAqsDSq1mJMOaY&#038;_nc_zt=24&#038;_nc_ht=scontent-gig4-1.xx&#038;_nc_gid=AoBFJeGrT1hVaew_6rchkQ&#038;oh=00_AfX7QmFGhQhG2jAllVgXCiM1ZrWgvtp80-Bfppyexh1QEg&#038;oe=689E923C","og:image:secure_url":"https:\/\/scontent-gig4-1.xx.fbcdn.net\/v\/t39.30808-1\/270437624_4564083193639691_6907940295614233970_n.jpg?stp=dst-jpg_s200x200_tt6&#038;_nc_cat=111&#038;ccb=1-7&#038;_nc_sid=f907e8&#038;_nc_ohc=SM1wRlP3lJwQ7kNvwEPuBYA&#038;_nc_oc=AdnqrjDN_BNjSSHWO-GbkIWH6fkGMLw4bqvL_NH6e2wMveX7G-rP2dAqsDSq1mJMOaY&#038;_nc_zt=24&#038;_nc_ht=scontent-gig4-1.xx&#038;_nc_gid=AoBFJeGrT1hVaew_6rchkQ&#038;oh=00_AfX7QmFGhQhG2jAllVgXCiM1ZrWgvtp80-Bfppyexh1QEg&#038;oe=689E923C","article:published_time":"2018-09-27T21:47:00+00:00","article:modified_time":"2023-04-26T13:29:28+00:00","twitter:card":"summary_large_image","twitter:title":"Centro de Distribui\u00e7\u00e3o da L\u00b4Aqcua di Fiori \u00e9 inaugurado em Muria\u00e9 - A Not\u00edcia Online","twitter:description":"Foi inaugurado, na sexta-feira (21), no Edif\u00edcio Alice Goulart, localizado na Rua Bar\u00e3o do Monte Alto, o Centro de Distribui\u00e7\u00e3o da L\u00b4Aqcua di Fiori. Na ocasi\u00e3o, revendedores e clientes participaram de uma recep\u00e7\u00e3o especial. Propriet\u00e1rio da franquia, Roberto Von Gal Jr., disse que o mercado de cosm\u00e9ticos est\u00e1 em grande expans\u00e3o e, por isso, resolveu","twitter:image":"https:\/\/scontent-gig4-1.xx.fbcdn.net\/v\/t39.30808-1\/270437624_4564083193639691_6907940295614233970_n.jpg?stp=dst-jpg_s200x200_tt6&_nc_cat=111&ccb=1-7&_nc_sid=f907e8&_nc_ohc=SM1wRlP3lJwQ7kNvwEPuBYA&_nc_oc=AdnqrjDN_BNjSSHWO-GbkIWH6fkGMLw4bqvL_NH6e2wMveX7G-rP2dAqsDSq1mJMOaY&_nc_zt=24&_nc_ht=scontent-gig4-1.xx&_nc_gid=AoBFJeGrT1hVaew_6rchkQ&oh=00_AfX7QmFGhQhG2jAllVgXCiM1ZrWgvtp80-Bfppyexh1QEg&oe=689E923C"},"aioseo_meta_data":{"post_id":"62470","title":null,"description":null,"keywords":null,"keyphrases":null,"primary_term":null,"canonical_url":null,"og_title":null,"og_description":null,"og_object_type":"default","og_image_type":"default","og_image_url":null,"og_image_width":null,"og_image_height":null,"og_image_custom_url":null,"og_image_custom_fields":null,"og_video":null,"og_custom_url":null,"og_article_section":null,"og_article_tags":null,"twitter_use_og":false,"twitter_card":"default","twitter_image_type":"default","twitter_image_url":null,"twitter_image_custom_url":null,"twitter_image_custom_fields":null,"twitter_title":null,"twitter_description":null,"schema":{"blockGraphs":[],"customGraphs":[],"default":{"data":{"Article":[],"Course":[],"Dataset":[],"FAQPage":[],"Movie":[],"Person":[],"Product":[],"ProductReview":[],"Car":[],"Recipe":[],"Service":[],"SoftwareApplication":[],"WebPage":[]},"graphName":"","isEnabled":true},"graphs":[]},"schema_type":"default","schema_type_options":null,"pillar_content":false,"robots_default":true,"robots_noindex":false,"robots_noarchive":false,"robots_nosnippet":false,"robots_nofollow":false,"robots_noimageindex":false,"robots_noodp":false,"robots_notranslate":false,"robots_max_snippet":null,"robots_max_videopreview":null,"robots_max_imagepreview":"large","priority":null,"frequency":null,"local_seo":null,"breadcrumb_settings":null,"limit_modified_date":false,"ai":null,"created":"2025-08-16 21:47:29","updated":"2025-08-16 21:47:29","focus_keyword":null,"additional_keywords":null,"truseo_locale":null,"seo_analyzer_scan_date":null},"aioseo_breadcrumb":"<div class=\"aioseo-breadcrumbs\"><span class=\"aioseo-breadcrumb\">\n\t\t\t<a href=\"https:\/\/anoticiaonline.com.br\/site\" title=\"Home\">Home<\/a>\n\t\t<\/span><span class=\"aioseo-breadcrumb-separator\">&raquo;<\/span><span class=\"aioseo-breadcrumb\">\n\t\t\t<a href=\"https:\/\/anoticiaonline.com.br\/site\/categoria\/muriae\/\" title=\"Blog\">Blog<\/a>\n\t\t<\/span><span class=\"aioseo-breadcrumb-separator\">&raquo;<\/span><span class=\"aioseo-breadcrumb\">\n\t\t\tCentro de Distribui\u00e7\u00e3o da L\u00b4Aqcua di Fiori \u00e9 inaugurado em Muria\u00e9\n\t\t<\/span><\/div>","aioseo_breadcrumb_json":[{"label":"Home","link":"https:\/\/anoticiaonline.com.br\/site"},{"label":"Blog","link":"https:\/\/anoticiaonline.com.br\/site\/categoria\/muriae\/"},{"label":"Centro de Distribui\u00e7\u00e3o da L\u00b4Aqcua di Fiori \u00e9 inaugurado em Muria\u00e9","link":"https:\/\/anoticiaonline.com.br\/site\/centro-de-distribuicao-da-laqcua-di-fiori-e-inaugurado-em-muriae\/"}],"views":279,"_links":{"self":[{"href":"https:\/\/anoticiaonline.com.br\/site\/wp-json\/wp\/v2\/posts\/62470","targetHints":{"allow":["GET"]}}],"collection":[{"href":"https:\/\/anoticiaonline.com.br\/site\/wp-json\/wp\/v2\/posts"}],"about":[{"href":"https:\/\/anoticiaonline.com.br\/site\/wp-json\/wp\/v2\/types\/post"}],"author":[{"embeddable":true,"href":"https:\/\/anoticiaonline.com.br\/site\/wp-json\/wp\/v2\/users\/2"}],"replies":[{"embeddable":true,"href":"https:\/\/anoticiaonline.com.br\/site\/wp-json\/wp\/v2\/comments?post=62470"}],"version-history":[{"count":0,"href":"https:\/\/anoticiaonline.com.br\/site\/wp-json\/wp\/v2\/posts\/62470\/revisions"}],"wp:featuredmedia":[{"embeddable":true,"href":"https:\/\/anoticiaonline.com.br\/site\/wp-json\/wp\/v2\/media\/62471"}],"wp:attachment":[{"href":"https:\/\/anoticiaonline.com.br\/site\/wp-json\/wp\/v2\/media?parent=62470"}],"wp:term":[{"taxonomy":"category","embeddable":true,"href":"https:\/\/anoticiaonline.com.br\/site\/wp-json\/wp\/v2\/categories?post=62470"},{"taxonomy":"post_tag","embeddable":true,"href":"https:\/\/anoticiaonline.com.br\/site\/wp-json\/wp\/v2\/tags?post=62470"}],"curies":[{"name":"wp","href":"https:\/\/api.w.org\/{rel}","templated":true}]}}