{"id":62398,"date":"2018-09-27T15:33:50","date_gmt":"2018-09-27T18:33:50","guid":{"rendered":"http:\/\/anoticiaonline.com.br\/site\/?p=62398"},"modified":"2018-09-27T15:33:50","modified_gmt":"2018-09-27T18:33:50","slug":"nota-de-pesar-faleceu-aos-82-anos-o-comerciante-herculino-trotta","status":"publish","type":"post","link":"https:\/\/anoticiaonline.com.br\/site\/nota-de-pesar-faleceu-aos-82-anos-o-comerciante-herculino-trotta\/","title":{"rendered":"Nota de pesar: faleceu, aos 82 anos, o comerciante Herculino Trotta"},"content":{"rendered":"<p><a href=\"https:\/\/anoticiaonline.com.br\/site\/wp-content\/uploads\/2018\/09\/TROTTA-SITE.jpg\"><img fetchpriority=\"high\" decoding=\"async\" class=\"alignnone size-full wp-image-62399\" src=\"https:\/\/anoticiaonline.com.br\/site\/wp-content\/uploads\/2018\/09\/TROTTA-SITE.jpg\" alt=\"\" width=\"1000\" height=\"668\" srcset=\"https:\/\/anoticiaonline.com.br\/site\/wp-content\/uploads\/2018\/09\/TROTTA-SITE.jpg 1000w, https:\/\/anoticiaonline.com.br\/site\/wp-content\/uploads\/2018\/09\/TROTTA-SITE-300x200.jpg 300w, https:\/\/anoticiaonline.com.br\/site\/wp-content\/uploads\/2018\/09\/TROTTA-SITE-768x513.jpg 768w\" sizes=\"(max-width: 1000px) 100vw, 1000px\" \/><\/a><\/p>\n<p>Faleceu, nesta quinta-feira (27), no Hospital Prontocor, onde estava internado, o comerciante Herculino Trotta, de 82 anos, fundador do Big Frango Trotta, estabelecimento que funciona h\u00e1 40 anos, no Bairro da Barra.<\/p>\n<p>Muriaeense, natural de Boa Fam\u00edlia, nasceu no ano de 1936, era o segundo filho dos comerciantes Francisco Trotta e Geralcina de Miranda Trotta. Ainda novo, saiu de casa para trabalhar, primeiramente, no com\u00e9rcio de Luiz Secunho, depois junto a Fl\u00e1vio Siqueira e Atalides Souza, destacando-se por ser uma pessoa muito honesta e cumpridora de seus deveres.<\/p>\n<p>Em 1963, casou-se com Marlene Tereza Braga Trotta, com quem teve quatro filhos \u2013 Ros\u00e2ngela, Evandro, Myrian e Herculino \u2013 e sete netos. Naquele ano, abriu seu pr\u00f3prio com\u00e9rcio, uma loja de tecidos no Bairro da Barra, e em 1972 inaugurou o Bar do Trotta; em 1978 expandiu o neg\u00f3cio com o com\u00e9rcio de frango assado, o Big Frango Trotta. Aposentado, o filho ca\u00e7ula assumiu os neg\u00f3cios, expandindo para o com\u00e9rcio de bebidas e festas, sendo o mais requisitado da regi\u00e3o. Tem em sua esposa, a pessoa mais importante da sua vida, sua companheira insepar\u00e1vel. Herculino j\u00e1 foi homenageado pela C\u00e2mara Municipal de Muria\u00e9, com o t\u00edtulo de Honra Ao M\u00e9rito, pelo reconhecimento do dever cumprido e por ter contribu\u00eddo para o desenvolvimento econ\u00f4mico da cidade.<\/p>\n","protected":false},"excerpt":{"rendered":"<p>Faleceu, nesta quinta-feira (27), no Hospital Prontocor, onde estava internado, o comerciante Herculino Trotta, de 82 anos, fundador do Big Frango Trotta, estabelecimento que funciona h\u00e1 40 anos, no Bairro da Barra. Muriaeense, natural de Boa Fam\u00edlia, nasceu no ano de 1936, era o segundo filho dos comerciantes Francisco Trotta e Geralcina de Miranda Trotta. &#8230; <a title=\"Nota de pesar: faleceu, aos 82 anos, o comerciante Herculino Trotta\" class=\"read-more\" href=\"https:\/\/anoticiaonline.com.br\/site\/nota-de-pesar-faleceu-aos-82-anos-o-comerciante-herculino-trotta\/\" aria-label=\"Read more about Nota de pesar: faleceu, aos 82 anos, o comerciante Herculino Trotta\">Ler mais<\/a><\/p>\n","protected":false},"author":2,"featured_media":62399,"comment_status":"open","ping_status":"open","sticky":false,"template":"","format":"standard","meta":{"_acf_changed":false,"_monsterinsights_skip_tracking":false,"footnotes":""},"categories":[30],"tags":[836,3160,2454,2486],"class_list":["post-62398","post","type-post","status-publish","format-standard","has-post-thumbnail","hentry","category-muriae","tag-falecimento","tag-herculino","tag-nota-de-pesar","tag-trotta"],"acf":[],"aioseo_notices":[],"aioseo_head":"\n\t\t<!-- All in One SEO 5.0.0.1 - aioseo.com -->\n\t<meta name=\"description\" content=\"Faleceu, nesta quinta-feira (27), no Hospital Prontocor, onde estava internado, o comerciante Herculino Trotta, de 82 anos, fundador do Big Frango Trotta, estabelecimento que funciona h\u00e1 40 anos, no Bairro da Barra. Muriaeense, natural de Boa Fam\u00edlia, nasceu no ano de 1936, era o segundo filho dos comerciantes Francisco Trotta e Geralcina de Miranda Trotta.\" \/>\n\t<meta name=\"robots\" content=\"max-image-preview:large\" \/>\n\t<meta name=\"author\" content=\"Juliana Laviola\"\/>\n\t<link rel=\"canonical\" href=\"https:\/\/anoticiaonline.com.br\/site\/nota-de-pesar-faleceu-aos-82-anos-o-comerciante-herculino-trotta\/\" \/>\n\t<meta name=\"generator\" content=\"All in One SEO (AIOSEO) 5.0.0.1\" \/>\n\t\t<meta property=\"og:locale\" content=\"pt_BR\" \/>\n\t\t<meta property=\"og:site_name\" content=\"A Not\u00edcia Online - Noticias de Muria\u00e9 e regi\u00e3o\" \/>\n\t\t<meta property=\"og:type\" content=\"article\" \/>\n\t\t<meta property=\"og:title\" content=\"Nota de pesar: faleceu, aos 82 anos, o comerciante Herculino Trotta - A Not\u00edcia Online\" \/>\n\t\t<meta property=\"og:description\" content=\"Faleceu, nesta quinta-feira (27), no Hospital Prontocor, onde estava internado, o comerciante Herculino Trotta, de 82 anos, fundador do Big Frango Trotta, estabelecimento que funciona h\u00e1 40 anos, no Bairro da Barra. Muriaeense, natural de Boa Fam\u00edlia, nasceu no ano de 1936, era o segundo filho dos comerciantes Francisco Trotta e Geralcina de Miranda Trotta.\" \/>\n\t\t<meta property=\"og:url\" content=\"https:\/\/anoticiaonline.com.br\/site\/nota-de-pesar-faleceu-aos-82-anos-o-comerciante-herculino-trotta\/\" \/>\n\t\t<meta property=\"og:image\" content=\"https:\/\/scontent-gig4-1.xx.fbcdn.net\/v\/t39.30808-1\/270437624_4564083193639691_6907940295614233970_n.jpg?stp=dst-jpg_s200x200_tt6&#038;_nc_cat=111&#038;ccb=1-7&#038;_nc_sid=f907e8&#038;_nc_ohc=SM1wRlP3lJwQ7kNvwEPuBYA&#038;_nc_oc=AdnqrjDN_BNjSSHWO-GbkIWH6fkGMLw4bqvL_NH6e2wMveX7G-rP2dAqsDSq1mJMOaY&#038;_nc_zt=24&#038;_nc_ht=scontent-gig4-1.xx&#038;_nc_gid=AoBFJeGrT1hVaew_6rchkQ&#038;oh=00_AfX7QmFGhQhG2jAllVgXCiM1ZrWgvtp80-Bfppyexh1QEg&#038;oe=689E923C\" \/>\n\t\t<meta property=\"og:image:secure_url\" content=\"https:\/\/scontent-gig4-1.xx.fbcdn.net\/v\/t39.30808-1\/270437624_4564083193639691_6907940295614233970_n.jpg?stp=dst-jpg_s200x200_tt6&#038;_nc_cat=111&#038;ccb=1-7&#038;_nc_sid=f907e8&#038;_nc_ohc=SM1wRlP3lJwQ7kNvwEPuBYA&#038;_nc_oc=AdnqrjDN_BNjSSHWO-GbkIWH6fkGMLw4bqvL_NH6e2wMveX7G-rP2dAqsDSq1mJMOaY&#038;_nc_zt=24&#038;_nc_ht=scontent-gig4-1.xx&#038;_nc_gid=AoBFJeGrT1hVaew_6rchkQ&#038;oh=00_AfX7QmFGhQhG2jAllVgXCiM1ZrWgvtp80-Bfppyexh1QEg&#038;oe=689E923C\" \/>\n\t\t<meta property=\"article:published_time\" content=\"2018-09-27T18:33:50+00:00\" \/>\n\t\t<meta property=\"article:modified_time\" content=\"2018-09-27T18:33:50+00:00\" \/>\n\t\t<meta name=\"twitter:card\" content=\"summary_large_image\" \/>\n\t\t<meta name=\"twitter:title\" content=\"Nota de pesar: faleceu, aos 82 anos, o comerciante Herculino Trotta - A Not\u00edcia Online\" \/>\n\t\t<meta name=\"twitter:description\" content=\"Faleceu, nesta quinta-feira (27), no Hospital Prontocor, onde estava internado, o comerciante Herculino Trotta, de 82 anos, fundador do Big Frango Trotta, estabelecimento que funciona h\u00e1 40 anos, no Bairro da Barra. Muriaeense, natural de Boa Fam\u00edlia, nasceu no ano de 1936, era o segundo filho dos comerciantes Francisco Trotta e Geralcina de Miranda Trotta.\" \/>\n\t\t<meta name=\"twitter:image\" content=\"https:\/\/scontent-gig4-1.xx.fbcdn.net\/v\/t39.30808-1\/270437624_4564083193639691_6907940295614233970_n.jpg?stp=dst-jpg_s200x200_tt6&amp;_nc_cat=111&amp;ccb=1-7&amp;_nc_sid=f907e8&amp;_nc_ohc=SM1wRlP3lJwQ7kNvwEPuBYA&amp;_nc_oc=AdnqrjDN_BNjSSHWO-GbkIWH6fkGMLw4bqvL_NH6e2wMveX7G-rP2dAqsDSq1mJMOaY&amp;_nc_zt=24&amp;_nc_ht=scontent-gig4-1.xx&amp;_nc_gid=AoBFJeGrT1hVaew_6rchkQ&amp;oh=00_AfX7QmFGhQhG2jAllVgXCiM1ZrWgvtp80-Bfppyexh1QEg&amp;oe=689E923C\" \/>\n\t\t<script type=\"application\/ld+json\" class=\"aioseo-schema\">\n\t\t\t{\"@context\":\"https:\\\/\\\/schema.org\",\"@graph\":[{\"@type\":\"BlogPosting\",\"@id\":\"https:\\\/\\\/anoticiaonline.com.br\\\/site\\\/nota-de-pesar-faleceu-aos-82-anos-o-comerciante-herculino-trotta\\\/#blogposting\",\"name\":\"Nota de pesar: faleceu, aos 82 anos, o comerciante Herculino Trotta - A Not\\u00edcia Online\",\"headline\":\"Nota de pesar: faleceu, aos 82 anos, o comerciante Herculino Trotta\",\"author\":{\"@id\":\"https:\\\/\\\/anoticiaonline.com.br\\\/site\\\/author\\\/juliana\\\/#author\"},\"publisher\":{\"@id\":\"https:\\\/\\\/anoticiaonline.com.br\\\/site\\\/#organization\"},\"image\":{\"@type\":\"ImageObject\",\"url\":\"https:\\\/\\\/anoticiaonline.com.br\\\/site\\\/wp-content\\\/uploads\\\/2018\\\/09\\\/TROTTA-SITE.jpg\",\"width\":1000,\"height\":668},\"datePublished\":\"2018-09-27T15:33:50-03:00\",\"dateModified\":\"2018-09-27T15:33:50-03:00\",\"inLanguage\":\"pt-BR\",\"mainEntityOfPage\":{\"@id\":\"https:\\\/\\\/anoticiaonline.com.br\\\/site\\\/nota-de-pesar-faleceu-aos-82-anos-o-comerciante-herculino-trotta\\\/#webpage\"},\"isPartOf\":{\"@id\":\"https:\\\/\\\/anoticiaonline.com.br\\\/site\\\/nota-de-pesar-faleceu-aos-82-anos-o-comerciante-herculino-trotta\\\/#webpage\"},\"articleSection\":\"Blog, Falecimento, herculino, nota de pesar, Trotta\"},{\"@type\":\"BreadcrumbList\",\"@id\":\"https:\\\/\\\/anoticiaonline.com.br\\\/site\\\/nota-de-pesar-faleceu-aos-82-anos-o-comerciante-herculino-trotta\\\/#breadcrumblist\",\"itemListElement\":[{\"@type\":\"ListItem\",\"@id\":\"https:\\\/\\\/anoticiaonline.com.br\\\/site#listItem\",\"position\":1,\"name\":\"Home\",\"item\":\"https:\\\/\\\/anoticiaonline.com.br\\\/site\",\"nextItem\":{\"@type\":\"ListItem\",\"@id\":\"https:\\\/\\\/anoticiaonline.com.br\\\/site\\\/categoria\\\/muriae\\\/#listItem\",\"name\":\"Blog\"}},{\"@type\":\"ListItem\",\"@id\":\"https:\\\/\\\/anoticiaonline.com.br\\\/site\\\/categoria\\\/muriae\\\/#listItem\",\"position\":2,\"name\":\"Blog\",\"item\":\"https:\\\/\\\/anoticiaonline.com.br\\\/site\\\/categoria\\\/muriae\\\/\",\"nextItem\":{\"@type\":\"ListItem\",\"@id\":\"https:\\\/\\\/anoticiaonline.com.br\\\/site\\\/nota-de-pesar-faleceu-aos-82-anos-o-comerciante-herculino-trotta\\\/#listItem\",\"name\":\"Nota de pesar: faleceu, aos 82 anos, o comerciante Herculino Trotta\"},\"previousItem\":{\"@type\":\"ListItem\",\"@id\":\"https:\\\/\\\/anoticiaonline.com.br\\\/site#listItem\",\"name\":\"Home\"}},{\"@type\":\"ListItem\",\"@id\":\"https:\\\/\\\/anoticiaonline.com.br\\\/site\\\/nota-de-pesar-faleceu-aos-82-anos-o-comerciante-herculino-trotta\\\/#listItem\",\"position\":3,\"name\":\"Nota de pesar: faleceu, aos 82 anos, o comerciante Herculino Trotta\",\"previousItem\":{\"@type\":\"ListItem\",\"@id\":\"https:\\\/\\\/anoticiaonline.com.br\\\/site\\\/categoria\\\/muriae\\\/#listItem\",\"name\":\"Blog\"}}]},{\"@type\":\"Organization\",\"@id\":\"https:\\\/\\\/anoticiaonline.com.br\\\/site\\\/#organization\",\"name\":\"A Not\\u00edcia Online\",\"description\":\"Noticias de Muria\\u00e9 e regi\\u00e3o\",\"url\":\"https:\\\/\\\/anoticiaonline.com.br\\\/site\\\/\",\"logo\":{\"@type\":\"ImageObject\",\"url\":\"https:\\\/\\\/scontent-gig4-1.xx.fbcdn.net\\\/v\\\/t39.30808-1\\\/270437624_4564083193639691_6907940295614233970_n.jpg?stp=dst-jpg_s200x200_tt6&_nc_cat=111&ccb=1-7&_nc_sid=f907e8&_nc_ohc=SM1wRlP3lJwQ7kNvwEPuBYA&_nc_oc=AdnqrjDN_BNjSSHWO-GbkIWH6fkGMLw4bqvL_NH6e2wMveX7G-rP2dAqsDSq1mJMOaY&_nc_zt=24&_nc_ht=scontent-gig4-1.xx&_nc_gid=AoBFJeGrT1hVaew_6rchkQ&oh=00_AfX7QmFGhQhG2jAllVgXCiM1ZrWgvtp80-Bfppyexh1QEg&oe=689E923C\",\"@id\":\"https:\\\/\\\/anoticiaonline.com.br\\\/site\\\/nota-de-pesar-faleceu-aos-82-anos-o-comerciante-herculino-trotta\\\/#organizationLogo\"},\"image\":{\"@id\":\"https:\\\/\\\/anoticiaonline.com.br\\\/site\\\/nota-de-pesar-faleceu-aos-82-anos-o-comerciante-herculino-trotta\\\/#organizationLogo\"}},{\"@type\":\"Person\",\"@id\":\"https:\\\/\\\/anoticiaonline.com.br\\\/site\\\/author\\\/juliana\\\/#author\",\"url\":\"https:\\\/\\\/anoticiaonline.com.br\\\/site\\\/author\\\/juliana\\\/\",\"name\":\"Juliana Laviola\",\"image\":{\"@type\":\"ImageObject\",\"@id\":\"https:\\\/\\\/anoticiaonline.com.br\\\/site\\\/nota-de-pesar-faleceu-aos-82-anos-o-comerciante-herculino-trotta\\\/#authorImage\",\"url\":\"https:\\\/\\\/secure.gravatar.com\\\/avatar\\\/b8d45f5c699b100dfaf0e543582f38f38bf94cb7ae3a5e9abf8d891a34773335?s=96&d=mm&r=g\",\"width\":96,\"height\":96,\"caption\":\"Juliana Laviola\"}},{\"@type\":\"WebPage\",\"@id\":\"https:\\\/\\\/anoticiaonline.com.br\\\/site\\\/nota-de-pesar-faleceu-aos-82-anos-o-comerciante-herculino-trotta\\\/#webpage\",\"url\":\"https:\\\/\\\/anoticiaonline.com.br\\\/site\\\/nota-de-pesar-faleceu-aos-82-anos-o-comerciante-herculino-trotta\\\/\",\"name\":\"Nota de pesar: faleceu, aos 82 anos, o comerciante Herculino Trotta - A Not\\u00edcia Online\",\"description\":\"Faleceu, nesta quinta-feira (27), no Hospital Prontocor, onde estava internado, o comerciante Herculino Trotta, de 82 anos, fundador do Big Frango Trotta, estabelecimento que funciona h\\u00e1 40 anos, no Bairro da Barra. Muriaeense, natural de Boa Fam\\u00edlia, nasceu no ano de 1936, era o segundo filho dos comerciantes Francisco Trotta e Geralcina de Miranda Trotta.\",\"inLanguage\":\"pt-BR\",\"isPartOf\":{\"@id\":\"https:\\\/\\\/anoticiaonline.com.br\\\/site\\\/#website\"},\"breadcrumb\":{\"@id\":\"https:\\\/\\\/anoticiaonline.com.br\\\/site\\\/nota-de-pesar-faleceu-aos-82-anos-o-comerciante-herculino-trotta\\\/#breadcrumblist\"},\"author\":{\"@id\":\"https:\\\/\\\/anoticiaonline.com.br\\\/site\\\/author\\\/juliana\\\/#author\"},\"creator\":{\"@id\":\"https:\\\/\\\/anoticiaonline.com.br\\\/site\\\/author\\\/juliana\\\/#author\"},\"image\":{\"@type\":\"ImageObject\",\"url\":\"https:\\\/\\\/anoticiaonline.com.br\\\/site\\\/wp-content\\\/uploads\\\/2018\\\/09\\\/TROTTA-SITE.jpg\",\"@id\":\"https:\\\/\\\/anoticiaonline.com.br\\\/site\\\/nota-de-pesar-faleceu-aos-82-anos-o-comerciante-herculino-trotta\\\/#mainImage\",\"width\":1000,\"height\":668},\"primaryImageOfPage\":{\"@id\":\"https:\\\/\\\/anoticiaonline.com.br\\\/site\\\/nota-de-pesar-faleceu-aos-82-anos-o-comerciante-herculino-trotta\\\/#mainImage\"},\"datePublished\":\"2018-09-27T15:33:50-03:00\",\"dateModified\":\"2018-09-27T15:33:50-03:00\"},{\"@type\":\"WebSite\",\"@id\":\"https:\\\/\\\/anoticiaonline.com.br\\\/site\\\/#website\",\"url\":\"https:\\\/\\\/anoticiaonline.com.br\\\/site\\\/\",\"name\":\"A Not\\u00edcia Online\",\"description\":\"Noticias de Muria\\u00e9 e regi\\u00e3o\",\"inLanguage\":\"pt-BR\",\"publisher\":{\"@id\":\"https:\\\/\\\/anoticiaonline.com.br\\\/site\\\/#organization\"}}]}\n\t\t<\/script>\n\t\t<!-- All in One SEO -->\n\n","aioseo_head_json":{"title":"Nota de pesar: faleceu, aos 82 anos, o comerciante Herculino Trotta - A Not\u00edcia Online","description":"Faleceu, nesta quinta-feira (27), no Hospital Prontocor, onde estava internado, o comerciante Herculino Trotta, de 82 anos, fundador do Big Frango Trotta, estabelecimento que funciona h\u00e1 40 anos, no Bairro da Barra. Muriaeense, natural de Boa Fam\u00edlia, nasceu no ano de 1936, era o segundo filho dos comerciantes Francisco Trotta e Geralcina de Miranda Trotta.","canonical_url":"https:\/\/anoticiaonline.com.br\/site\/nota-de-pesar-faleceu-aos-82-anos-o-comerciante-herculino-trotta\/","robots":"max-image-preview:large","keywords":"","webmasterTools":{"miscellaneous":""},"schema":{"@context":"https:\/\/schema.org","@graph":[{"@type":"BlogPosting","@id":"https:\/\/anoticiaonline.com.br\/site\/nota-de-pesar-faleceu-aos-82-anos-o-comerciante-herculino-trotta\/#blogposting","name":"Nota de pesar: faleceu, aos 82 anos, o comerciante Herculino Trotta - A Not\u00edcia Online","headline":"Nota de pesar: faleceu, aos 82 anos, o comerciante Herculino Trotta","author":{"@id":"https:\/\/anoticiaonline.com.br\/site\/author\/juliana\/#author"},"publisher":{"@id":"https:\/\/anoticiaonline.com.br\/site\/#organization"},"image":{"@type":"ImageObject","url":"https:\/\/anoticiaonline.com.br\/site\/wp-content\/uploads\/2018\/09\/TROTTA-SITE.jpg","width":1000,"height":668},"datePublished":"2018-09-27T15:33:50-03:00","dateModified":"2018-09-27T15:33:50-03:00","inLanguage":"pt-BR","mainEntityOfPage":{"@id":"https:\/\/anoticiaonline.com.br\/site\/nota-de-pesar-faleceu-aos-82-anos-o-comerciante-herculino-trotta\/#webpage"},"isPartOf":{"@id":"https:\/\/anoticiaonline.com.br\/site\/nota-de-pesar-faleceu-aos-82-anos-o-comerciante-herculino-trotta\/#webpage"},"articleSection":"Blog, Falecimento, herculino, nota de pesar, Trotta"},{"@type":"BreadcrumbList","@id":"https:\/\/anoticiaonline.com.br\/site\/nota-de-pesar-faleceu-aos-82-anos-o-comerciante-herculino-trotta\/#breadcrumblist","itemListElement":[{"@type":"ListItem","@id":"https:\/\/anoticiaonline.com.br\/site#listItem","position":1,"name":"Home","item":"https:\/\/anoticiaonline.com.br\/site","nextItem":{"@type":"ListItem","@id":"https:\/\/anoticiaonline.com.br\/site\/categoria\/muriae\/#listItem","name":"Blog"}},{"@type":"ListItem","@id":"https:\/\/anoticiaonline.com.br\/site\/categoria\/muriae\/#listItem","position":2,"name":"Blog","item":"https:\/\/anoticiaonline.com.br\/site\/categoria\/muriae\/","nextItem":{"@type":"ListItem","@id":"https:\/\/anoticiaonline.com.br\/site\/nota-de-pesar-faleceu-aos-82-anos-o-comerciante-herculino-trotta\/#listItem","name":"Nota de pesar: faleceu, aos 82 anos, o comerciante Herculino Trotta"},"previousItem":{"@type":"ListItem","@id":"https:\/\/anoticiaonline.com.br\/site#listItem","name":"Home"}},{"@type":"ListItem","@id":"https:\/\/anoticiaonline.com.br\/site\/nota-de-pesar-faleceu-aos-82-anos-o-comerciante-herculino-trotta\/#listItem","position":3,"name":"Nota de pesar: faleceu, aos 82 anos, o comerciante Herculino Trotta","previousItem":{"@type":"ListItem","@id":"https:\/\/anoticiaonline.com.br\/site\/categoria\/muriae\/#listItem","name":"Blog"}}]},{"@type":"Organization","@id":"https:\/\/anoticiaonline.com.br\/site\/#organization","name":"A Not\u00edcia Online","description":"Noticias de Muria\u00e9 e regi\u00e3o","url":"https:\/\/anoticiaonline.com.br\/site\/","logo":{"@type":"ImageObject","url":"https:\/\/scontent-gig4-1.xx.fbcdn.net\/v\/t39.30808-1\/270437624_4564083193639691_6907940295614233970_n.jpg?stp=dst-jpg_s200x200_tt6&_nc_cat=111&ccb=1-7&_nc_sid=f907e8&_nc_ohc=SM1wRlP3lJwQ7kNvwEPuBYA&_nc_oc=AdnqrjDN_BNjSSHWO-GbkIWH6fkGMLw4bqvL_NH6e2wMveX7G-rP2dAqsDSq1mJMOaY&_nc_zt=24&_nc_ht=scontent-gig4-1.xx&_nc_gid=AoBFJeGrT1hVaew_6rchkQ&oh=00_AfX7QmFGhQhG2jAllVgXCiM1ZrWgvtp80-Bfppyexh1QEg&oe=689E923C","@id":"https:\/\/anoticiaonline.com.br\/site\/nota-de-pesar-faleceu-aos-82-anos-o-comerciante-herculino-trotta\/#organizationLogo"},"image":{"@id":"https:\/\/anoticiaonline.com.br\/site\/nota-de-pesar-faleceu-aos-82-anos-o-comerciante-herculino-trotta\/#organizationLogo"}},{"@type":"Person","@id":"https:\/\/anoticiaonline.com.br\/site\/author\/juliana\/#author","url":"https:\/\/anoticiaonline.com.br\/site\/author\/juliana\/","name":"Juliana Laviola","image":{"@type":"ImageObject","@id":"https:\/\/anoticiaonline.com.br\/site\/nota-de-pesar-faleceu-aos-82-anos-o-comerciante-herculino-trotta\/#authorImage","url":"https:\/\/secure.gravatar.com\/avatar\/b8d45f5c699b100dfaf0e543582f38f38bf94cb7ae3a5e9abf8d891a34773335?s=96&d=mm&r=g","width":96,"height":96,"caption":"Juliana Laviola"}},{"@type":"WebPage","@id":"https:\/\/anoticiaonline.com.br\/site\/nota-de-pesar-faleceu-aos-82-anos-o-comerciante-herculino-trotta\/#webpage","url":"https:\/\/anoticiaonline.com.br\/site\/nota-de-pesar-faleceu-aos-82-anos-o-comerciante-herculino-trotta\/","name":"Nota de pesar: faleceu, aos 82 anos, o comerciante Herculino Trotta - A Not\u00edcia Online","description":"Faleceu, nesta quinta-feira (27), no Hospital Prontocor, onde estava internado, o comerciante Herculino Trotta, de 82 anos, fundador do Big Frango Trotta, estabelecimento que funciona h\u00e1 40 anos, no Bairro da Barra. Muriaeense, natural de Boa Fam\u00edlia, nasceu no ano de 1936, era o segundo filho dos comerciantes Francisco Trotta e Geralcina de Miranda Trotta.","inLanguage":"pt-BR","isPartOf":{"@id":"https:\/\/anoticiaonline.com.br\/site\/#website"},"breadcrumb":{"@id":"https:\/\/anoticiaonline.com.br\/site\/nota-de-pesar-faleceu-aos-82-anos-o-comerciante-herculino-trotta\/#breadcrumblist"},"author":{"@id":"https:\/\/anoticiaonline.com.br\/site\/author\/juliana\/#author"},"creator":{"@id":"https:\/\/anoticiaonline.com.br\/site\/author\/juliana\/#author"},"image":{"@type":"ImageObject","url":"https:\/\/anoticiaonline.com.br\/site\/wp-content\/uploads\/2018\/09\/TROTTA-SITE.jpg","@id":"https:\/\/anoticiaonline.com.br\/site\/nota-de-pesar-faleceu-aos-82-anos-o-comerciante-herculino-trotta\/#mainImage","width":1000,"height":668},"primaryImageOfPage":{"@id":"https:\/\/anoticiaonline.com.br\/site\/nota-de-pesar-faleceu-aos-82-anos-o-comerciante-herculino-trotta\/#mainImage"},"datePublished":"2018-09-27T15:33:50-03:00","dateModified":"2018-09-27T15:33:50-03:00"},{"@type":"WebSite","@id":"https:\/\/anoticiaonline.com.br\/site\/#website","url":"https:\/\/anoticiaonline.com.br\/site\/","name":"A Not\u00edcia Online","description":"Noticias de Muria\u00e9 e regi\u00e3o","inLanguage":"pt-BR","publisher":{"@id":"https:\/\/anoticiaonline.com.br\/site\/#organization"}}]},"og:locale":"pt_BR","og:site_name":"A Not\u00edcia Online - Noticias de Muria\u00e9 e regi\u00e3o","og:type":"article","og:title":"Nota de pesar: faleceu, aos 82 anos, o comerciante Herculino Trotta - A Not\u00edcia Online","og:description":"Faleceu, nesta quinta-feira (27), no Hospital Prontocor, onde estava internado, o comerciante Herculino Trotta, de 82 anos, fundador do Big Frango Trotta, estabelecimento que funciona h\u00e1 40 anos, no Bairro da Barra. Muriaeense, natural de Boa Fam\u00edlia, nasceu no ano de 1936, era o segundo filho dos comerciantes Francisco Trotta e Geralcina de Miranda Trotta.","og:url":"https:\/\/anoticiaonline.com.br\/site\/nota-de-pesar-faleceu-aos-82-anos-o-comerciante-herculino-trotta\/","og:image":"https:\/\/scontent-gig4-1.xx.fbcdn.net\/v\/t39.30808-1\/270437624_4564083193639691_6907940295614233970_n.jpg?stp=dst-jpg_s200x200_tt6&#038;_nc_cat=111&#038;ccb=1-7&#038;_nc_sid=f907e8&#038;_nc_ohc=SM1wRlP3lJwQ7kNvwEPuBYA&#038;_nc_oc=AdnqrjDN_BNjSSHWO-GbkIWH6fkGMLw4bqvL_NH6e2wMveX7G-rP2dAqsDSq1mJMOaY&#038;_nc_zt=24&#038;_nc_ht=scontent-gig4-1.xx&#038;_nc_gid=AoBFJeGrT1hVaew_6rchkQ&#038;oh=00_AfX7QmFGhQhG2jAllVgXCiM1ZrWgvtp80-Bfppyexh1QEg&#038;oe=689E923C","og:image:secure_url":"https:\/\/scontent-gig4-1.xx.fbcdn.net\/v\/t39.30808-1\/270437624_4564083193639691_6907940295614233970_n.jpg?stp=dst-jpg_s200x200_tt6&#038;_nc_cat=111&#038;ccb=1-7&#038;_nc_sid=f907e8&#038;_nc_ohc=SM1wRlP3lJwQ7kNvwEPuBYA&#038;_nc_oc=AdnqrjDN_BNjSSHWO-GbkIWH6fkGMLw4bqvL_NH6e2wMveX7G-rP2dAqsDSq1mJMOaY&#038;_nc_zt=24&#038;_nc_ht=scontent-gig4-1.xx&#038;_nc_gid=AoBFJeGrT1hVaew_6rchkQ&#038;oh=00_AfX7QmFGhQhG2jAllVgXCiM1ZrWgvtp80-Bfppyexh1QEg&#038;oe=689E923C","article:published_time":"2018-09-27T18:33:50+00:00","article:modified_time":"2018-09-27T18:33:50+00:00","twitter:card":"summary_large_image","twitter:title":"Nota de pesar: faleceu, aos 82 anos, o comerciante Herculino Trotta - A Not\u00edcia Online","twitter:description":"Faleceu, nesta quinta-feira (27), no Hospital Prontocor, onde estava internado, o comerciante Herculino Trotta, de 82 anos, fundador do Big Frango Trotta, estabelecimento que funciona h\u00e1 40 anos, no Bairro da Barra. Muriaeense, natural de Boa Fam\u00edlia, nasceu no ano de 1936, era o segundo filho dos comerciantes Francisco Trotta e Geralcina de Miranda Trotta.","twitter:image":"https:\/\/scontent-gig4-1.xx.fbcdn.net\/v\/t39.30808-1\/270437624_4564083193639691_6907940295614233970_n.jpg?stp=dst-jpg_s200x200_tt6&_nc_cat=111&ccb=1-7&_nc_sid=f907e8&_nc_ohc=SM1wRlP3lJwQ7kNvwEPuBYA&_nc_oc=AdnqrjDN_BNjSSHWO-GbkIWH6fkGMLw4bqvL_NH6e2wMveX7G-rP2dAqsDSq1mJMOaY&_nc_zt=24&_nc_ht=scontent-gig4-1.xx&_nc_gid=AoBFJeGrT1hVaew_6rchkQ&oh=00_AfX7QmFGhQhG2jAllVgXCiM1ZrWgvtp80-Bfppyexh1QEg&oe=689E923C"},"aioseo_meta_data":{"post_id":"62398","title":null,"description":null,"keywords":null,"keyphrases":null,"primary_term":null,"canonical_url":null,"og_title":null,"og_description":null,"og_object_type":"default","og_image_type":"default","og_image_url":null,"og_image_width":null,"og_image_height":null,"og_image_custom_url":null,"og_image_custom_fields":null,"og_video":null,"og_custom_url":null,"og_article_section":null,"og_article_tags":null,"twitter_use_og":false,"twitter_card":"default","twitter_image_type":"default","twitter_image_url":null,"twitter_image_custom_url":null,"twitter_image_custom_fields":null,"twitter_title":null,"twitter_description":null,"schema":{"blockGraphs":[],"customGraphs":[],"default":{"data":{"Article":[],"Course":[],"Dataset":[],"FAQPage":[],"Movie":[],"Person":[],"Product":[],"ProductReview":[],"Car":[],"Recipe":[],"Service":[],"SoftwareApplication":[],"WebPage":[]},"graphName":"","isEnabled":true},"graphs":[]},"schema_type":"default","schema_type_options":null,"pillar_content":false,"robots_default":true,"robots_noindex":false,"robots_noarchive":false,"robots_nosnippet":false,"robots_nofollow":false,"robots_noimageindex":false,"robots_noodp":false,"robots_notranslate":false,"robots_max_snippet":null,"robots_max_videopreview":null,"robots_max_imagepreview":"large","priority":null,"frequency":null,"local_seo":null,"breadcrumb_settings":null,"limit_modified_date":false,"ai":null,"created":"2025-08-16 21:46:36","updated":"2025-08-16 21:46:36","focus_keyword":null,"additional_keywords":null,"truseo_locale":null,"seo_analyzer_scan_date":null},"aioseo_breadcrumb":"<div class=\"aioseo-breadcrumbs\"><span class=\"aioseo-breadcrumb\">\n\t\t\t<a href=\"https:\/\/anoticiaonline.com.br\/site\" title=\"Home\">Home<\/a>\n\t\t<\/span><span class=\"aioseo-breadcrumb-separator\">&raquo;<\/span><span class=\"aioseo-breadcrumb\">\n\t\t\t<a href=\"https:\/\/anoticiaonline.com.br\/site\/categoria\/muriae\/\" title=\"Blog\">Blog<\/a>\n\t\t<\/span><span class=\"aioseo-breadcrumb-separator\">&raquo;<\/span><span class=\"aioseo-breadcrumb\">\n\t\t\tNota de pesar: faleceu, aos 82 anos, o comerciante Herculino Trotta\n\t\t<\/span><\/div>","aioseo_breadcrumb_json":[{"label":"Home","link":"https:\/\/anoticiaonline.com.br\/site"},{"label":"Blog","link":"https:\/\/anoticiaonline.com.br\/site\/categoria\/muriae\/"},{"label":"Nota de pesar: faleceu, aos 82 anos, o comerciante Herculino Trotta","link":"https:\/\/anoticiaonline.com.br\/site\/nota-de-pesar-faleceu-aos-82-anos-o-comerciante-herculino-trotta\/"}],"views":146,"_links":{"self":[{"href":"https:\/\/anoticiaonline.com.br\/site\/wp-json\/wp\/v2\/posts\/62398","targetHints":{"allow":["GET"]}}],"collection":[{"href":"https:\/\/anoticiaonline.com.br\/site\/wp-json\/wp\/v2\/posts"}],"about":[{"href":"https:\/\/anoticiaonline.com.br\/site\/wp-json\/wp\/v2\/types\/post"}],"author":[{"embeddable":true,"href":"https:\/\/anoticiaonline.com.br\/site\/wp-json\/wp\/v2\/users\/2"}],"replies":[{"embeddable":true,"href":"https:\/\/anoticiaonline.com.br\/site\/wp-json\/wp\/v2\/comments?post=62398"}],"version-history":[{"count":0,"href":"https:\/\/anoticiaonline.com.br\/site\/wp-json\/wp\/v2\/posts\/62398\/revisions"}],"wp:featuredmedia":[{"embeddable":true,"href":"https:\/\/anoticiaonline.com.br\/site\/wp-json\/wp\/v2\/media\/62399"}],"wp:attachment":[{"href":"https:\/\/anoticiaonline.com.br\/site\/wp-json\/wp\/v2\/media?parent=62398"}],"wp:term":[{"taxonomy":"category","embeddable":true,"href":"https:\/\/anoticiaonline.com.br\/site\/wp-json\/wp\/v2\/categories?post=62398"},{"taxonomy":"post_tag","embeddable":true,"href":"https:\/\/anoticiaonline.com.br\/site\/wp-json\/wp\/v2\/tags?post=62398"}],"curies":[{"name":"wp","href":"https:\/\/api.w.org\/{rel}","templated":true}]}}