{"id":61878,"date":"2018-09-19T12:34:04","date_gmt":"2018-09-19T15:34:04","guid":{"rendered":"http:\/\/anoticiaonline.com.br\/site\/?p=61878"},"modified":"2018-09-25T09:54:18","modified_gmt":"2018-09-25T12:54:18","slug":"acao-comunitaria-acontece-no-proximo-sabado-no-bairro-santana","status":"publish","type":"post","link":"https:\/\/anoticiaonline.com.br\/site\/acao-comunitaria-acontece-no-proximo-sabado-no-bairro-santana\/","title":{"rendered":"A\u00e7\u00e3o Comunit\u00e1ria acontece no pr\u00f3ximo s\u00e1bado no bairro Santana"},"content":{"rendered":"<p class=\"m_-7371433651559826587gmail-MsoNoSpacing\"><i><a href=\"https:\/\/anoticiaonline.com.br\/site\/wp-content\/uploads\/2018\/09\/IMG_0676.jpg\"><img fetchpriority=\"high\" decoding=\"async\" class=\"aligncenter size-full wp-image-61879\" src=\"https:\/\/anoticiaonline.com.br\/site\/wp-content\/uploads\/2018\/09\/IMG_0676.jpg\" alt=\"\" width=\"1000\" height=\"750\" srcset=\"https:\/\/anoticiaonline.com.br\/site\/wp-content\/uploads\/2018\/09\/IMG_0676.jpg 1000w, https:\/\/anoticiaonline.com.br\/site\/wp-content\/uploads\/2018\/09\/IMG_0676-300x225.jpg 300w, https:\/\/anoticiaonline.com.br\/site\/wp-content\/uploads\/2018\/09\/IMG_0676-768x576.jpg 768w, https:\/\/anoticiaonline.com.br\/site\/wp-content\/uploads\/2018\/09\/IMG_0676-105x80.jpg 105w\" sizes=\"(max-width: 1000px) 100vw, 1000px\" \/><\/a> <a href=\"https:\/\/anoticiaonline.com.br\/site\/wp-content\/uploads\/2018\/09\/IMG_0712.jpg\"><img decoding=\"async\" class=\"aligncenter size-full wp-image-61880\" src=\"https:\/\/anoticiaonline.com.br\/site\/wp-content\/uploads\/2018\/09\/IMG_0712.jpg\" alt=\"\" width=\"1000\" height=\"750\" srcset=\"https:\/\/anoticiaonline.com.br\/site\/wp-content\/uploads\/2018\/09\/IMG_0712.jpg 1000w, https:\/\/anoticiaonline.com.br\/site\/wp-content\/uploads\/2018\/09\/IMG_0712-300x225.jpg 300w, https:\/\/anoticiaonline.com.br\/site\/wp-content\/uploads\/2018\/09\/IMG_0712-768x576.jpg 768w, https:\/\/anoticiaonline.com.br\/site\/wp-content\/uploads\/2018\/09\/IMG_0712-105x80.jpg 105w\" sizes=\"(max-width: 1000px) 100vw, 1000px\" \/><\/a> <a href=\"https:\/\/anoticiaonline.com.br\/site\/wp-content\/uploads\/2018\/09\/IMG_0717.jpg\"><img decoding=\"async\" class=\"aligncenter size-full wp-image-61881\" src=\"https:\/\/anoticiaonline.com.br\/site\/wp-content\/uploads\/2018\/09\/IMG_0717.jpg\" alt=\"\" width=\"1000\" height=\"750\" srcset=\"https:\/\/anoticiaonline.com.br\/site\/wp-content\/uploads\/2018\/09\/IMG_0717.jpg 1000w, https:\/\/anoticiaonline.com.br\/site\/wp-content\/uploads\/2018\/09\/IMG_0717-300x225.jpg 300w, https:\/\/anoticiaonline.com.br\/site\/wp-content\/uploads\/2018\/09\/IMG_0717-768x576.jpg 768w, https:\/\/anoticiaonline.com.br\/site\/wp-content\/uploads\/2018\/09\/IMG_0717-105x80.jpg 105w\" sizes=\"(max-width: 1000px) 100vw, 1000px\" \/><\/a>Evento promovido pela Prefeitura leva servi\u00e7os gratuitos e lazer para muriaeenses<\/i><\/p>\n<p class=\"m_-7371433651559826587gmail-MsoNoSpacing\">O bairro Santana recebe, no pr\u00f3ximo s\u00e1bado (22), mais uma edi\u00e7\u00e3o da A\u00e7\u00e3o Comunit\u00e1ria. Promovido pela Prefeitura, o evento acontecer\u00e1 das 8h \u00e0s 12h, na Pra\u00e7a Cristiano Ferreira Varella. A iniciativa vai oferecer atividades de lazer e servi\u00e7os variados de forma gratuita para os muriaeenses.<\/p>\n<p class=\"m_-7371433651559826587gmail-MsoNoSpacing\">A programa\u00e7\u00e3o contar\u00e1 com oficinas, apresenta\u00e7\u00f5es culturais e de dan\u00e7a. Tamb\u00e9m ser\u00e3o oferecidos servi\u00e7os como exames de sa\u00fade (preventivos, aferi\u00e7\u00e3o de press\u00e3o arterial, medi\u00e7\u00e3o de glicose, entre outros), emiss\u00e3o de segunda via de documentos e orienta\u00e7\u00f5es sobre o Cad\u00danico. Para as crian\u00e7as, a divers\u00e3o est\u00e1 garantida com brincadeiras e distribui\u00e7\u00e3o gratuita de pipoca e algod\u00e3o-doce.<\/p>\n<p class=\"m_-7371433651559826587gmail-MsoNoSpacing\">A A\u00e7\u00e3o Comunit\u00e1ria foi criada em 2017 com o objetivo de levar os servi\u00e7os da Administra\u00e7\u00e3o para as diversas regi\u00f5es da cidade. Desde ent\u00e3o, j\u00e1 foi realizada em v\u00e1rios bairros e comunidades de Muria\u00e9. A Prefeitura, por meio da Secretaria Municipal de Desenvolvimento Social, convida os moradores do bairro Santana e regi\u00e3o para participar do evento.<\/p>\n<p class=\"m_-7371433651559826587gmail-MsoNoSpacing\"><b>Servi\u00e7o<\/b><\/p>\n<p class=\"m_-7371433651559826587gmail-MsoNoSpacing\"><b>A\u00e7\u00e3o Comunit\u00e1ria no bairro Santana:<\/b><\/p>\n<p class=\"m_-7371433651559826587gmail-MsoNoSpacing\">Data: 22 de setembro (pr\u00f3ximo s\u00e1bado)<\/p>\n<p class=\"m_-7371433651559826587gmail-MsoNoSpacing\">Local: Pra\u00e7a Cristiano Ferreira Varella<\/p>\n<p class=\"m_-7371433651559826587gmail-MsoNoSpacing\">Hor\u00e1rio: 8h \u00e0s 12h<\/p>\n<p class=\"m_-7371433651559826587gmail-MsoNoSpacing\"><i>Evento gratuito<\/i><\/p>\n<p class=\"m_-7371433651559826587gmail-MsoNoSpacing\"><i><b>Fotos: Arquivo Prefeitura de Muria\u00e9\/A\u00e7\u00e3o Comunit\u00e1ria no Planalto<\/b><\/i><\/p>\n","protected":false},"excerpt":{"rendered":"<p>Evento promovido pela Prefeitura leva servi\u00e7os gratuitos e lazer para muriaeenses O bairro Santana recebe, no pr\u00f3ximo s\u00e1bado (22), mais uma edi\u00e7\u00e3o da A\u00e7\u00e3o Comunit\u00e1ria. Promovido pela Prefeitura, o evento acontecer\u00e1 das 8h \u00e0s 12h, na Pra\u00e7a Cristiano Ferreira Varella. A iniciativa vai oferecer atividades de lazer e servi\u00e7os variados de forma gratuita para os &#8230; <a title=\"A\u00e7\u00e3o Comunit\u00e1ria acontece no pr\u00f3ximo s\u00e1bado no bairro Santana\" class=\"read-more\" href=\"https:\/\/anoticiaonline.com.br\/site\/acao-comunitaria-acontece-no-proximo-sabado-no-bairro-santana\/\" aria-label=\"Read more about A\u00e7\u00e3o Comunit\u00e1ria acontece no pr\u00f3ximo s\u00e1bado no bairro Santana\">Ler mais<\/a><\/p>\n","protected":false},"author":2,"featured_media":61880,"comment_status":"open","ping_status":"open","sticky":false,"template":"","format":"standard","meta":{"_acf_changed":false,"_monsterinsights_skip_tracking":false,"footnotes":""},"categories":[30,2893],"tags":[2471,3131,99],"class_list":["post-61878","post","type-post","status-publish","format-standard","has-post-thumbnail","hentry","category-muriae","category-cotidiano","tag-acao-comunitaria","tag-bairro-santana","tag-prefeitura-de-muriae"],"acf":[],"aioseo_notices":[],"aioseo_head":"\n\t\t<!-- All in One SEO 5.0.0.1 - aioseo.com -->\n\t<meta name=\"description\" content=\"Evento promovido pela Prefeitura leva servi\u00e7os gratuitos e lazer para muriaeenses O bairro Santana recebe, no pr\u00f3ximo s\u00e1bado (22), mais uma edi\u00e7\u00e3o da A\u00e7\u00e3o Comunit\u00e1ria. Promovido pela Prefeitura, o evento acontecer\u00e1 das 8h \u00e0s 12h, na Pra\u00e7a Cristiano Ferreira Varella. A iniciativa vai oferecer atividades de lazer e servi\u00e7os variados de forma gratuita para os\" \/>\n\t<meta name=\"robots\" content=\"max-image-preview:large\" \/>\n\t<meta name=\"author\" content=\"Juliana Laviola\"\/>\n\t<link rel=\"canonical\" href=\"https:\/\/anoticiaonline.com.br\/site\/acao-comunitaria-acontece-no-proximo-sabado-no-bairro-santana\/\" \/>\n\t<meta name=\"generator\" content=\"All in One SEO (AIOSEO) 5.0.0.1\" \/>\n\t\t<meta property=\"og:locale\" content=\"pt_BR\" \/>\n\t\t<meta property=\"og:site_name\" content=\"A Not\u00edcia Online - Noticias de Muria\u00e9 e regi\u00e3o\" \/>\n\t\t<meta property=\"og:type\" content=\"article\" \/>\n\t\t<meta property=\"og:title\" content=\"A\u00e7\u00e3o Comunit\u00e1ria acontece no pr\u00f3ximo s\u00e1bado no bairro Santana - A Not\u00edcia Online\" \/>\n\t\t<meta property=\"og:description\" content=\"Evento promovido pela Prefeitura leva servi\u00e7os gratuitos e lazer para muriaeenses O bairro Santana recebe, no pr\u00f3ximo s\u00e1bado (22), mais uma edi\u00e7\u00e3o da A\u00e7\u00e3o Comunit\u00e1ria. Promovido pela Prefeitura, o evento acontecer\u00e1 das 8h \u00e0s 12h, na Pra\u00e7a Cristiano Ferreira Varella. A iniciativa vai oferecer atividades de lazer e servi\u00e7os variados de forma gratuita para os\" \/>\n\t\t<meta property=\"og:url\" content=\"https:\/\/anoticiaonline.com.br\/site\/acao-comunitaria-acontece-no-proximo-sabado-no-bairro-santana\/\" \/>\n\t\t<meta property=\"og:image\" content=\"https:\/\/scontent-gig4-1.xx.fbcdn.net\/v\/t39.30808-1\/270437624_4564083193639691_6907940295614233970_n.jpg?stp=dst-jpg_s200x200_tt6&#038;_nc_cat=111&#038;ccb=1-7&#038;_nc_sid=f907e8&#038;_nc_ohc=SM1wRlP3lJwQ7kNvwEPuBYA&#038;_nc_oc=AdnqrjDN_BNjSSHWO-GbkIWH6fkGMLw4bqvL_NH6e2wMveX7G-rP2dAqsDSq1mJMOaY&#038;_nc_zt=24&#038;_nc_ht=scontent-gig4-1.xx&#038;_nc_gid=AoBFJeGrT1hVaew_6rchkQ&#038;oh=00_AfX7QmFGhQhG2jAllVgXCiM1ZrWgvtp80-Bfppyexh1QEg&#038;oe=689E923C\" \/>\n\t\t<meta property=\"og:image:secure_url\" content=\"https:\/\/scontent-gig4-1.xx.fbcdn.net\/v\/t39.30808-1\/270437624_4564083193639691_6907940295614233970_n.jpg?stp=dst-jpg_s200x200_tt6&#038;_nc_cat=111&#038;ccb=1-7&#038;_nc_sid=f907e8&#038;_nc_ohc=SM1wRlP3lJwQ7kNvwEPuBYA&#038;_nc_oc=AdnqrjDN_BNjSSHWO-GbkIWH6fkGMLw4bqvL_NH6e2wMveX7G-rP2dAqsDSq1mJMOaY&#038;_nc_zt=24&#038;_nc_ht=scontent-gig4-1.xx&#038;_nc_gid=AoBFJeGrT1hVaew_6rchkQ&#038;oh=00_AfX7QmFGhQhG2jAllVgXCiM1ZrWgvtp80-Bfppyexh1QEg&#038;oe=689E923C\" \/>\n\t\t<meta property=\"article:published_time\" content=\"2018-09-19T15:34:04+00:00\" \/>\n\t\t<meta property=\"article:modified_time\" content=\"2018-09-25T12:54:18+00:00\" \/>\n\t\t<meta name=\"twitter:card\" content=\"summary_large_image\" \/>\n\t\t<meta name=\"twitter:title\" content=\"A\u00e7\u00e3o Comunit\u00e1ria acontece no pr\u00f3ximo s\u00e1bado no bairro Santana - A Not\u00edcia Online\" \/>\n\t\t<meta name=\"twitter:description\" content=\"Evento promovido pela Prefeitura leva servi\u00e7os gratuitos e lazer para muriaeenses O bairro Santana recebe, no pr\u00f3ximo s\u00e1bado (22), mais uma edi\u00e7\u00e3o da A\u00e7\u00e3o Comunit\u00e1ria. Promovido pela Prefeitura, o evento acontecer\u00e1 das 8h \u00e0s 12h, na Pra\u00e7a Cristiano Ferreira Varella. A iniciativa vai oferecer atividades de lazer e servi\u00e7os variados de forma gratuita para os\" \/>\n\t\t<meta name=\"twitter:image\" content=\"https:\/\/scontent-gig4-1.xx.fbcdn.net\/v\/t39.30808-1\/270437624_4564083193639691_6907940295614233970_n.jpg?stp=dst-jpg_s200x200_tt6&amp;_nc_cat=111&amp;ccb=1-7&amp;_nc_sid=f907e8&amp;_nc_ohc=SM1wRlP3lJwQ7kNvwEPuBYA&amp;_nc_oc=AdnqrjDN_BNjSSHWO-GbkIWH6fkGMLw4bqvL_NH6e2wMveX7G-rP2dAqsDSq1mJMOaY&amp;_nc_zt=24&amp;_nc_ht=scontent-gig4-1.xx&amp;_nc_gid=AoBFJeGrT1hVaew_6rchkQ&amp;oh=00_AfX7QmFGhQhG2jAllVgXCiM1ZrWgvtp80-Bfppyexh1QEg&amp;oe=689E923C\" \/>\n\t\t<script type=\"application\/ld+json\" class=\"aioseo-schema\">\n\t\t\t{\"@context\":\"https:\\\/\\\/schema.org\",\"@graph\":[{\"@type\":\"BlogPosting\",\"@id\":\"https:\\\/\\\/anoticiaonline.com.br\\\/site\\\/acao-comunitaria-acontece-no-proximo-sabado-no-bairro-santana\\\/#blogposting\",\"name\":\"A\\u00e7\\u00e3o Comunit\\u00e1ria acontece no pr\\u00f3ximo s\\u00e1bado no bairro Santana - A Not\\u00edcia Online\",\"headline\":\"A\\u00e7\\u00e3o Comunit\\u00e1ria acontece no pr\\u00f3ximo s\\u00e1bado no bairro Santana\",\"author\":{\"@id\":\"https:\\\/\\\/anoticiaonline.com.br\\\/site\\\/author\\\/juliana\\\/#author\"},\"publisher\":{\"@id\":\"https:\\\/\\\/anoticiaonline.com.br\\\/site\\\/#organization\"},\"image\":{\"@type\":\"ImageObject\",\"url\":\"https:\\\/\\\/anoticiaonline.com.br\\\/site\\\/wp-content\\\/uploads\\\/2018\\\/09\\\/IMG_0712.jpg\",\"width\":1000,\"height\":750},\"datePublished\":\"2018-09-19T12:34:04-03:00\",\"dateModified\":\"2018-09-25T09:54:18-03:00\",\"inLanguage\":\"pt-BR\",\"mainEntityOfPage\":{\"@id\":\"https:\\\/\\\/anoticiaonline.com.br\\\/site\\\/acao-comunitaria-acontece-no-proximo-sabado-no-bairro-santana\\\/#webpage\"},\"isPartOf\":{\"@id\":\"https:\\\/\\\/anoticiaonline.com.br\\\/site\\\/acao-comunitaria-acontece-no-proximo-sabado-no-bairro-santana\\\/#webpage\"},\"articleSection\":\"Blog, Cotidiano, a\\u00e7\\u00e3o comunit\\u00e1ria, bairro Santana, prefeitura de muria\\u00e9\"},{\"@type\":\"BreadcrumbList\",\"@id\":\"https:\\\/\\\/anoticiaonline.com.br\\\/site\\\/acao-comunitaria-acontece-no-proximo-sabado-no-bairro-santana\\\/#breadcrumblist\",\"itemListElement\":[{\"@type\":\"ListItem\",\"@id\":\"https:\\\/\\\/anoticiaonline.com.br\\\/site#listItem\",\"position\":1,\"name\":\"Home\",\"item\":\"https:\\\/\\\/anoticiaonline.com.br\\\/site\",\"nextItem\":{\"@type\":\"ListItem\",\"@id\":\"https:\\\/\\\/anoticiaonline.com.br\\\/site\\\/categoria\\\/muriae\\\/#listItem\",\"name\":\"Blog\"}},{\"@type\":\"ListItem\",\"@id\":\"https:\\\/\\\/anoticiaonline.com.br\\\/site\\\/categoria\\\/muriae\\\/#listItem\",\"position\":2,\"name\":\"Blog\",\"item\":\"https:\\\/\\\/anoticiaonline.com.br\\\/site\\\/categoria\\\/muriae\\\/\",\"nextItem\":{\"@type\":\"ListItem\",\"@id\":\"https:\\\/\\\/anoticiaonline.com.br\\\/site\\\/categoria\\\/muriae\\\/cotidiano\\\/#listItem\",\"name\":\"Cotidiano\"},\"previousItem\":{\"@type\":\"ListItem\",\"@id\":\"https:\\\/\\\/anoticiaonline.com.br\\\/site#listItem\",\"name\":\"Home\"}},{\"@type\":\"ListItem\",\"@id\":\"https:\\\/\\\/anoticiaonline.com.br\\\/site\\\/categoria\\\/muriae\\\/cotidiano\\\/#listItem\",\"position\":3,\"name\":\"Cotidiano\",\"item\":\"https:\\\/\\\/anoticiaonline.com.br\\\/site\\\/categoria\\\/muriae\\\/cotidiano\\\/\",\"nextItem\":{\"@type\":\"ListItem\",\"@id\":\"https:\\\/\\\/anoticiaonline.com.br\\\/site\\\/acao-comunitaria-acontece-no-proximo-sabado-no-bairro-santana\\\/#listItem\",\"name\":\"A\\u00e7\\u00e3o Comunit\\u00e1ria acontece no pr\\u00f3ximo s\\u00e1bado no bairro Santana\"},\"previousItem\":{\"@type\":\"ListItem\",\"@id\":\"https:\\\/\\\/anoticiaonline.com.br\\\/site\\\/categoria\\\/muriae\\\/#listItem\",\"name\":\"Blog\"}},{\"@type\":\"ListItem\",\"@id\":\"https:\\\/\\\/anoticiaonline.com.br\\\/site\\\/acao-comunitaria-acontece-no-proximo-sabado-no-bairro-santana\\\/#listItem\",\"position\":4,\"name\":\"A\\u00e7\\u00e3o Comunit\\u00e1ria acontece no pr\\u00f3ximo s\\u00e1bado no bairro Santana\",\"previousItem\":{\"@type\":\"ListItem\",\"@id\":\"https:\\\/\\\/anoticiaonline.com.br\\\/site\\\/categoria\\\/muriae\\\/cotidiano\\\/#listItem\",\"name\":\"Cotidiano\"}}]},{\"@type\":\"Organization\",\"@id\":\"https:\\\/\\\/anoticiaonline.com.br\\\/site\\\/#organization\",\"name\":\"A Not\\u00edcia Online\",\"description\":\"Noticias de Muria\\u00e9 e regi\\u00e3o\",\"url\":\"https:\\\/\\\/anoticiaonline.com.br\\\/site\\\/\",\"logo\":{\"@type\":\"ImageObject\",\"url\":\"https:\\\/\\\/scontent-gig4-1.xx.fbcdn.net\\\/v\\\/t39.30808-1\\\/270437624_4564083193639691_6907940295614233970_n.jpg?stp=dst-jpg_s200x200_tt6&_nc_cat=111&ccb=1-7&_nc_sid=f907e8&_nc_ohc=SM1wRlP3lJwQ7kNvwEPuBYA&_nc_oc=AdnqrjDN_BNjSSHWO-GbkIWH6fkGMLw4bqvL_NH6e2wMveX7G-rP2dAqsDSq1mJMOaY&_nc_zt=24&_nc_ht=scontent-gig4-1.xx&_nc_gid=AoBFJeGrT1hVaew_6rchkQ&oh=00_AfX7QmFGhQhG2jAllVgXCiM1ZrWgvtp80-Bfppyexh1QEg&oe=689E923C\",\"@id\":\"https:\\\/\\\/anoticiaonline.com.br\\\/site\\\/acao-comunitaria-acontece-no-proximo-sabado-no-bairro-santana\\\/#organizationLogo\"},\"image\":{\"@id\":\"https:\\\/\\\/anoticiaonline.com.br\\\/site\\\/acao-comunitaria-acontece-no-proximo-sabado-no-bairro-santana\\\/#organizationLogo\"}},{\"@type\":\"Person\",\"@id\":\"https:\\\/\\\/anoticiaonline.com.br\\\/site\\\/author\\\/juliana\\\/#author\",\"url\":\"https:\\\/\\\/anoticiaonline.com.br\\\/site\\\/author\\\/juliana\\\/\",\"name\":\"Juliana Laviola\",\"image\":{\"@type\":\"ImageObject\",\"@id\":\"https:\\\/\\\/anoticiaonline.com.br\\\/site\\\/acao-comunitaria-acontece-no-proximo-sabado-no-bairro-santana\\\/#authorImage\",\"url\":\"https:\\\/\\\/secure.gravatar.com\\\/avatar\\\/b8d45f5c699b100dfaf0e543582f38f38bf94cb7ae3a5e9abf8d891a34773335?s=96&d=mm&r=g\",\"width\":96,\"height\":96,\"caption\":\"Juliana Laviola\"}},{\"@type\":\"WebPage\",\"@id\":\"https:\\\/\\\/anoticiaonline.com.br\\\/site\\\/acao-comunitaria-acontece-no-proximo-sabado-no-bairro-santana\\\/#webpage\",\"url\":\"https:\\\/\\\/anoticiaonline.com.br\\\/site\\\/acao-comunitaria-acontece-no-proximo-sabado-no-bairro-santana\\\/\",\"name\":\"A\\u00e7\\u00e3o Comunit\\u00e1ria acontece no pr\\u00f3ximo s\\u00e1bado no bairro Santana - A Not\\u00edcia Online\",\"description\":\"Evento promovido pela Prefeitura leva servi\\u00e7os gratuitos e lazer para muriaeenses O bairro Santana recebe, no pr\\u00f3ximo s\\u00e1bado (22), mais uma edi\\u00e7\\u00e3o da A\\u00e7\\u00e3o Comunit\\u00e1ria. Promovido pela Prefeitura, o evento acontecer\\u00e1 das 8h \\u00e0s 12h, na Pra\\u00e7a Cristiano Ferreira Varella. A iniciativa vai oferecer atividades de lazer e servi\\u00e7os variados de forma gratuita para os\",\"inLanguage\":\"pt-BR\",\"isPartOf\":{\"@id\":\"https:\\\/\\\/anoticiaonline.com.br\\\/site\\\/#website\"},\"breadcrumb\":{\"@id\":\"https:\\\/\\\/anoticiaonline.com.br\\\/site\\\/acao-comunitaria-acontece-no-proximo-sabado-no-bairro-santana\\\/#breadcrumblist\"},\"author\":{\"@id\":\"https:\\\/\\\/anoticiaonline.com.br\\\/site\\\/author\\\/juliana\\\/#author\"},\"creator\":{\"@id\":\"https:\\\/\\\/anoticiaonline.com.br\\\/site\\\/author\\\/juliana\\\/#author\"},\"image\":{\"@type\":\"ImageObject\",\"url\":\"https:\\\/\\\/anoticiaonline.com.br\\\/site\\\/wp-content\\\/uploads\\\/2018\\\/09\\\/IMG_0712.jpg\",\"@id\":\"https:\\\/\\\/anoticiaonline.com.br\\\/site\\\/acao-comunitaria-acontece-no-proximo-sabado-no-bairro-santana\\\/#mainImage\",\"width\":1000,\"height\":750},\"primaryImageOfPage\":{\"@id\":\"https:\\\/\\\/anoticiaonline.com.br\\\/site\\\/acao-comunitaria-acontece-no-proximo-sabado-no-bairro-santana\\\/#mainImage\"},\"datePublished\":\"2018-09-19T12:34:04-03:00\",\"dateModified\":\"2018-09-25T09:54:18-03:00\"},{\"@type\":\"WebSite\",\"@id\":\"https:\\\/\\\/anoticiaonline.com.br\\\/site\\\/#website\",\"url\":\"https:\\\/\\\/anoticiaonline.com.br\\\/site\\\/\",\"name\":\"A Not\\u00edcia Online\",\"description\":\"Noticias de Muria\\u00e9 e regi\\u00e3o\",\"inLanguage\":\"pt-BR\",\"publisher\":{\"@id\":\"https:\\\/\\\/anoticiaonline.com.br\\\/site\\\/#organization\"}}]}\n\t\t<\/script>\n\t\t<!-- All in One SEO -->\n\n","aioseo_head_json":{"title":"A\u00e7\u00e3o Comunit\u00e1ria acontece no pr\u00f3ximo s\u00e1bado no bairro Santana - A Not\u00edcia Online","description":"Evento promovido pela Prefeitura leva servi\u00e7os gratuitos e lazer para muriaeenses O bairro Santana recebe, no pr\u00f3ximo s\u00e1bado (22), mais uma edi\u00e7\u00e3o da A\u00e7\u00e3o Comunit\u00e1ria. Promovido pela Prefeitura, o evento acontecer\u00e1 das 8h \u00e0s 12h, na Pra\u00e7a Cristiano Ferreira Varella. A iniciativa vai oferecer atividades de lazer e servi\u00e7os variados de forma gratuita para os","canonical_url":"https:\/\/anoticiaonline.com.br\/site\/acao-comunitaria-acontece-no-proximo-sabado-no-bairro-santana\/","robots":"max-image-preview:large","keywords":"","webmasterTools":{"miscellaneous":""},"schema":{"@context":"https:\/\/schema.org","@graph":[{"@type":"BlogPosting","@id":"https:\/\/anoticiaonline.com.br\/site\/acao-comunitaria-acontece-no-proximo-sabado-no-bairro-santana\/#blogposting","name":"A\u00e7\u00e3o Comunit\u00e1ria acontece no pr\u00f3ximo s\u00e1bado no bairro Santana - A Not\u00edcia Online","headline":"A\u00e7\u00e3o Comunit\u00e1ria acontece no pr\u00f3ximo s\u00e1bado no bairro Santana","author":{"@id":"https:\/\/anoticiaonline.com.br\/site\/author\/juliana\/#author"},"publisher":{"@id":"https:\/\/anoticiaonline.com.br\/site\/#organization"},"image":{"@type":"ImageObject","url":"https:\/\/anoticiaonline.com.br\/site\/wp-content\/uploads\/2018\/09\/IMG_0712.jpg","width":1000,"height":750},"datePublished":"2018-09-19T12:34:04-03:00","dateModified":"2018-09-25T09:54:18-03:00","inLanguage":"pt-BR","mainEntityOfPage":{"@id":"https:\/\/anoticiaonline.com.br\/site\/acao-comunitaria-acontece-no-proximo-sabado-no-bairro-santana\/#webpage"},"isPartOf":{"@id":"https:\/\/anoticiaonline.com.br\/site\/acao-comunitaria-acontece-no-proximo-sabado-no-bairro-santana\/#webpage"},"articleSection":"Blog, Cotidiano, a\u00e7\u00e3o comunit\u00e1ria, bairro Santana, prefeitura de muria\u00e9"},{"@type":"BreadcrumbList","@id":"https:\/\/anoticiaonline.com.br\/site\/acao-comunitaria-acontece-no-proximo-sabado-no-bairro-santana\/#breadcrumblist","itemListElement":[{"@type":"ListItem","@id":"https:\/\/anoticiaonline.com.br\/site#listItem","position":1,"name":"Home","item":"https:\/\/anoticiaonline.com.br\/site","nextItem":{"@type":"ListItem","@id":"https:\/\/anoticiaonline.com.br\/site\/categoria\/muriae\/#listItem","name":"Blog"}},{"@type":"ListItem","@id":"https:\/\/anoticiaonline.com.br\/site\/categoria\/muriae\/#listItem","position":2,"name":"Blog","item":"https:\/\/anoticiaonline.com.br\/site\/categoria\/muriae\/","nextItem":{"@type":"ListItem","@id":"https:\/\/anoticiaonline.com.br\/site\/categoria\/muriae\/cotidiano\/#listItem","name":"Cotidiano"},"previousItem":{"@type":"ListItem","@id":"https:\/\/anoticiaonline.com.br\/site#listItem","name":"Home"}},{"@type":"ListItem","@id":"https:\/\/anoticiaonline.com.br\/site\/categoria\/muriae\/cotidiano\/#listItem","position":3,"name":"Cotidiano","item":"https:\/\/anoticiaonline.com.br\/site\/categoria\/muriae\/cotidiano\/","nextItem":{"@type":"ListItem","@id":"https:\/\/anoticiaonline.com.br\/site\/acao-comunitaria-acontece-no-proximo-sabado-no-bairro-santana\/#listItem","name":"A\u00e7\u00e3o Comunit\u00e1ria acontece no pr\u00f3ximo s\u00e1bado no bairro Santana"},"previousItem":{"@type":"ListItem","@id":"https:\/\/anoticiaonline.com.br\/site\/categoria\/muriae\/#listItem","name":"Blog"}},{"@type":"ListItem","@id":"https:\/\/anoticiaonline.com.br\/site\/acao-comunitaria-acontece-no-proximo-sabado-no-bairro-santana\/#listItem","position":4,"name":"A\u00e7\u00e3o Comunit\u00e1ria acontece no pr\u00f3ximo s\u00e1bado no bairro Santana","previousItem":{"@type":"ListItem","@id":"https:\/\/anoticiaonline.com.br\/site\/categoria\/muriae\/cotidiano\/#listItem","name":"Cotidiano"}}]},{"@type":"Organization","@id":"https:\/\/anoticiaonline.com.br\/site\/#organization","name":"A Not\u00edcia Online","description":"Noticias de Muria\u00e9 e regi\u00e3o","url":"https:\/\/anoticiaonline.com.br\/site\/","logo":{"@type":"ImageObject","url":"https:\/\/scontent-gig4-1.xx.fbcdn.net\/v\/t39.30808-1\/270437624_4564083193639691_6907940295614233970_n.jpg?stp=dst-jpg_s200x200_tt6&_nc_cat=111&ccb=1-7&_nc_sid=f907e8&_nc_ohc=SM1wRlP3lJwQ7kNvwEPuBYA&_nc_oc=AdnqrjDN_BNjSSHWO-GbkIWH6fkGMLw4bqvL_NH6e2wMveX7G-rP2dAqsDSq1mJMOaY&_nc_zt=24&_nc_ht=scontent-gig4-1.xx&_nc_gid=AoBFJeGrT1hVaew_6rchkQ&oh=00_AfX7QmFGhQhG2jAllVgXCiM1ZrWgvtp80-Bfppyexh1QEg&oe=689E923C","@id":"https:\/\/anoticiaonline.com.br\/site\/acao-comunitaria-acontece-no-proximo-sabado-no-bairro-santana\/#organizationLogo"},"image":{"@id":"https:\/\/anoticiaonline.com.br\/site\/acao-comunitaria-acontece-no-proximo-sabado-no-bairro-santana\/#organizationLogo"}},{"@type":"Person","@id":"https:\/\/anoticiaonline.com.br\/site\/author\/juliana\/#author","url":"https:\/\/anoticiaonline.com.br\/site\/author\/juliana\/","name":"Juliana Laviola","image":{"@type":"ImageObject","@id":"https:\/\/anoticiaonline.com.br\/site\/acao-comunitaria-acontece-no-proximo-sabado-no-bairro-santana\/#authorImage","url":"https:\/\/secure.gravatar.com\/avatar\/b8d45f5c699b100dfaf0e543582f38f38bf94cb7ae3a5e9abf8d891a34773335?s=96&d=mm&r=g","width":96,"height":96,"caption":"Juliana Laviola"}},{"@type":"WebPage","@id":"https:\/\/anoticiaonline.com.br\/site\/acao-comunitaria-acontece-no-proximo-sabado-no-bairro-santana\/#webpage","url":"https:\/\/anoticiaonline.com.br\/site\/acao-comunitaria-acontece-no-proximo-sabado-no-bairro-santana\/","name":"A\u00e7\u00e3o Comunit\u00e1ria acontece no pr\u00f3ximo s\u00e1bado no bairro Santana - A Not\u00edcia Online","description":"Evento promovido pela Prefeitura leva servi\u00e7os gratuitos e lazer para muriaeenses O bairro Santana recebe, no pr\u00f3ximo s\u00e1bado (22), mais uma edi\u00e7\u00e3o da A\u00e7\u00e3o Comunit\u00e1ria. Promovido pela Prefeitura, o evento acontecer\u00e1 das 8h \u00e0s 12h, na Pra\u00e7a Cristiano Ferreira Varella. A iniciativa vai oferecer atividades de lazer e servi\u00e7os variados de forma gratuita para os","inLanguage":"pt-BR","isPartOf":{"@id":"https:\/\/anoticiaonline.com.br\/site\/#website"},"breadcrumb":{"@id":"https:\/\/anoticiaonline.com.br\/site\/acao-comunitaria-acontece-no-proximo-sabado-no-bairro-santana\/#breadcrumblist"},"author":{"@id":"https:\/\/anoticiaonline.com.br\/site\/author\/juliana\/#author"},"creator":{"@id":"https:\/\/anoticiaonline.com.br\/site\/author\/juliana\/#author"},"image":{"@type":"ImageObject","url":"https:\/\/anoticiaonline.com.br\/site\/wp-content\/uploads\/2018\/09\/IMG_0712.jpg","@id":"https:\/\/anoticiaonline.com.br\/site\/acao-comunitaria-acontece-no-proximo-sabado-no-bairro-santana\/#mainImage","width":1000,"height":750},"primaryImageOfPage":{"@id":"https:\/\/anoticiaonline.com.br\/site\/acao-comunitaria-acontece-no-proximo-sabado-no-bairro-santana\/#mainImage"},"datePublished":"2018-09-19T12:34:04-03:00","dateModified":"2018-09-25T09:54:18-03:00"},{"@type":"WebSite","@id":"https:\/\/anoticiaonline.com.br\/site\/#website","url":"https:\/\/anoticiaonline.com.br\/site\/","name":"A Not\u00edcia Online","description":"Noticias de Muria\u00e9 e regi\u00e3o","inLanguage":"pt-BR","publisher":{"@id":"https:\/\/anoticiaonline.com.br\/site\/#organization"}}]},"og:locale":"pt_BR","og:site_name":"A Not\u00edcia Online - Noticias de Muria\u00e9 e regi\u00e3o","og:type":"article","og:title":"A\u00e7\u00e3o Comunit\u00e1ria acontece no pr\u00f3ximo s\u00e1bado no bairro Santana - A Not\u00edcia Online","og:description":"Evento promovido pela Prefeitura leva servi\u00e7os gratuitos e lazer para muriaeenses O bairro Santana recebe, no pr\u00f3ximo s\u00e1bado (22), mais uma edi\u00e7\u00e3o da A\u00e7\u00e3o Comunit\u00e1ria. Promovido pela Prefeitura, o evento acontecer\u00e1 das 8h \u00e0s 12h, na Pra\u00e7a Cristiano Ferreira Varella. A iniciativa vai oferecer atividades de lazer e servi\u00e7os variados de forma gratuita para os","og:url":"https:\/\/anoticiaonline.com.br\/site\/acao-comunitaria-acontece-no-proximo-sabado-no-bairro-santana\/","og:image":"https:\/\/scontent-gig4-1.xx.fbcdn.net\/v\/t39.30808-1\/270437624_4564083193639691_6907940295614233970_n.jpg?stp=dst-jpg_s200x200_tt6&#038;_nc_cat=111&#038;ccb=1-7&#038;_nc_sid=f907e8&#038;_nc_ohc=SM1wRlP3lJwQ7kNvwEPuBYA&#038;_nc_oc=AdnqrjDN_BNjSSHWO-GbkIWH6fkGMLw4bqvL_NH6e2wMveX7G-rP2dAqsDSq1mJMOaY&#038;_nc_zt=24&#038;_nc_ht=scontent-gig4-1.xx&#038;_nc_gid=AoBFJeGrT1hVaew_6rchkQ&#038;oh=00_AfX7QmFGhQhG2jAllVgXCiM1ZrWgvtp80-Bfppyexh1QEg&#038;oe=689E923C","og:image:secure_url":"https:\/\/scontent-gig4-1.xx.fbcdn.net\/v\/t39.30808-1\/270437624_4564083193639691_6907940295614233970_n.jpg?stp=dst-jpg_s200x200_tt6&#038;_nc_cat=111&#038;ccb=1-7&#038;_nc_sid=f907e8&#038;_nc_ohc=SM1wRlP3lJwQ7kNvwEPuBYA&#038;_nc_oc=AdnqrjDN_BNjSSHWO-GbkIWH6fkGMLw4bqvL_NH6e2wMveX7G-rP2dAqsDSq1mJMOaY&#038;_nc_zt=24&#038;_nc_ht=scontent-gig4-1.xx&#038;_nc_gid=AoBFJeGrT1hVaew_6rchkQ&#038;oh=00_AfX7QmFGhQhG2jAllVgXCiM1ZrWgvtp80-Bfppyexh1QEg&#038;oe=689E923C","article:published_time":"2018-09-19T15:34:04+00:00","article:modified_time":"2018-09-25T12:54:18+00:00","twitter:card":"summary_large_image","twitter:title":"A\u00e7\u00e3o Comunit\u00e1ria acontece no pr\u00f3ximo s\u00e1bado no bairro Santana - A Not\u00edcia Online","twitter:description":"Evento promovido pela Prefeitura leva servi\u00e7os gratuitos e lazer para muriaeenses O bairro Santana recebe, no pr\u00f3ximo s\u00e1bado (22), mais uma edi\u00e7\u00e3o da A\u00e7\u00e3o Comunit\u00e1ria. Promovido pela Prefeitura, o evento acontecer\u00e1 das 8h \u00e0s 12h, na Pra\u00e7a Cristiano Ferreira Varella. A iniciativa vai oferecer atividades de lazer e servi\u00e7os variados de forma gratuita para os","twitter:image":"https:\/\/scontent-gig4-1.xx.fbcdn.net\/v\/t39.30808-1\/270437624_4564083193639691_6907940295614233970_n.jpg?stp=dst-jpg_s200x200_tt6&_nc_cat=111&ccb=1-7&_nc_sid=f907e8&_nc_ohc=SM1wRlP3lJwQ7kNvwEPuBYA&_nc_oc=AdnqrjDN_BNjSSHWO-GbkIWH6fkGMLw4bqvL_NH6e2wMveX7G-rP2dAqsDSq1mJMOaY&_nc_zt=24&_nc_ht=scontent-gig4-1.xx&_nc_gid=AoBFJeGrT1hVaew_6rchkQ&oh=00_AfX7QmFGhQhG2jAllVgXCiM1ZrWgvtp80-Bfppyexh1QEg&oe=689E923C"},"aioseo_meta_data":{"post_id":"61878","title":null,"description":null,"keywords":null,"keyphrases":null,"primary_term":null,"canonical_url":null,"og_title":null,"og_description":null,"og_object_type":"default","og_image_type":"default","og_image_url":null,"og_image_width":null,"og_image_height":null,"og_image_custom_url":null,"og_image_custom_fields":null,"og_video":null,"og_custom_url":null,"og_article_section":null,"og_article_tags":null,"twitter_use_og":false,"twitter_card":"default","twitter_image_type":"default","twitter_image_url":null,"twitter_image_custom_url":null,"twitter_image_custom_fields":null,"twitter_title":null,"twitter_description":null,"schema":{"blockGraphs":[],"customGraphs":[],"default":{"data":{"Article":[],"Course":[],"Dataset":[],"FAQPage":[],"Movie":[],"Person":[],"Product":[],"ProductReview":[],"Car":[],"Recipe":[],"Service":[],"SoftwareApplication":[],"WebPage":[]},"graphName":"","isEnabled":true},"graphs":[]},"schema_type":"default","schema_type_options":null,"pillar_content":false,"robots_default":true,"robots_noindex":false,"robots_noarchive":false,"robots_nosnippet":false,"robots_nofollow":false,"robots_noimageindex":false,"robots_noodp":false,"robots_notranslate":false,"robots_max_snippet":null,"robots_max_videopreview":null,"robots_max_imagepreview":"large","priority":null,"frequency":null,"local_seo":null,"breadcrumb_settings":null,"limit_modified_date":false,"ai":null,"created":"2025-08-16 21:41:41","updated":"2025-08-16 21:41:41","focus_keyword":null,"additional_keywords":null,"truseo_locale":null,"seo_analyzer_scan_date":null},"aioseo_breadcrumb":"<div class=\"aioseo-breadcrumbs\"><span class=\"aioseo-breadcrumb\">\n\t\t\t<a href=\"https:\/\/anoticiaonline.com.br\/site\" title=\"Home\">Home<\/a>\n\t\t<\/span><span class=\"aioseo-breadcrumb-separator\">&raquo;<\/span><span class=\"aioseo-breadcrumb\">\n\t\t\t<a href=\"https:\/\/anoticiaonline.com.br\/site\/categoria\/muriae\/\" title=\"Blog\">Blog<\/a>\n\t\t<\/span><span class=\"aioseo-breadcrumb-separator\">&raquo;<\/span><span class=\"aioseo-breadcrumb\">\n\t\t\t<a href=\"https:\/\/anoticiaonline.com.br\/site\/categoria\/muriae\/cotidiano\/\" title=\"Cotidiano\">Cotidiano<\/a>\n\t\t<\/span><span class=\"aioseo-breadcrumb-separator\">&raquo;<\/span><span class=\"aioseo-breadcrumb\">\n\t\t\tA\u00e7\u00e3o Comunit\u00e1ria acontece no pr\u00f3ximo s\u00e1bado no bairro Santana\n\t\t<\/span><\/div>","aioseo_breadcrumb_json":[{"label":"Home","link":"https:\/\/anoticiaonline.com.br\/site"},{"label":"Blog","link":"https:\/\/anoticiaonline.com.br\/site\/categoria\/muriae\/"},{"label":"Cotidiano","link":"https:\/\/anoticiaonline.com.br\/site\/categoria\/muriae\/cotidiano\/"},{"label":"A\u00e7\u00e3o Comunit\u00e1ria acontece no pr\u00f3ximo s\u00e1bado no bairro Santana","link":"https:\/\/anoticiaonline.com.br\/site\/acao-comunitaria-acontece-no-proximo-sabado-no-bairro-santana\/"}],"views":119,"_links":{"self":[{"href":"https:\/\/anoticiaonline.com.br\/site\/wp-json\/wp\/v2\/posts\/61878","targetHints":{"allow":["GET"]}}],"collection":[{"href":"https:\/\/anoticiaonline.com.br\/site\/wp-json\/wp\/v2\/posts"}],"about":[{"href":"https:\/\/anoticiaonline.com.br\/site\/wp-json\/wp\/v2\/types\/post"}],"author":[{"embeddable":true,"href":"https:\/\/anoticiaonline.com.br\/site\/wp-json\/wp\/v2\/users\/2"}],"replies":[{"embeddable":true,"href":"https:\/\/anoticiaonline.com.br\/site\/wp-json\/wp\/v2\/comments?post=61878"}],"version-history":[{"count":0,"href":"https:\/\/anoticiaonline.com.br\/site\/wp-json\/wp\/v2\/posts\/61878\/revisions"}],"wp:featuredmedia":[{"embeddable":true,"href":"https:\/\/anoticiaonline.com.br\/site\/wp-json\/wp\/v2\/media\/61880"}],"wp:attachment":[{"href":"https:\/\/anoticiaonline.com.br\/site\/wp-json\/wp\/v2\/media?parent=61878"}],"wp:term":[{"taxonomy":"category","embeddable":true,"href":"https:\/\/anoticiaonline.com.br\/site\/wp-json\/wp\/v2\/categories?post=61878"},{"taxonomy":"post_tag","embeddable":true,"href":"https:\/\/anoticiaonline.com.br\/site\/wp-json\/wp\/v2\/tags?post=61878"}],"curies":[{"name":"wp","href":"https:\/\/api.w.org\/{rel}","templated":true}]}}