{"id":61856,"date":"2018-09-17T18:28:56","date_gmt":"2018-09-17T21:28:56","guid":{"rendered":"http:\/\/anoticiaonline.com.br\/site\/?p=61856"},"modified":"2018-09-17T18:28:56","modified_gmt":"2018-09-17T21:28:56","slug":"pr-hamilton-fernando-dutra-militao-recebe-cidadania-honoraria","status":"publish","type":"post","link":"https:\/\/anoticiaonline.com.br\/site\/pr-hamilton-fernando-dutra-militao-recebe-cidadania-honoraria\/","title":{"rendered":"Pr. Hamilton Fernando Dutra Milit\u00e3o recebe Cidadania Honor\u00e1ria"},"content":{"rendered":"<p><a href=\"https:\/\/anoticiaonline.com.br\/site\/wp-content\/uploads\/2018\/09\/DSC_0229.jpg\"><img fetchpriority=\"high\" decoding=\"async\" class=\"aligncenter size-full wp-image-61857\" src=\"https:\/\/anoticiaonline.com.br\/site\/wp-content\/uploads\/2018\/09\/DSC_0229.jpg\" alt=\"\" width=\"1000\" height=\"667\" srcset=\"https:\/\/anoticiaonline.com.br\/site\/wp-content\/uploads\/2018\/09\/DSC_0229.jpg 1000w, https:\/\/anoticiaonline.com.br\/site\/wp-content\/uploads\/2018\/09\/DSC_0229-300x200.jpg 300w, https:\/\/anoticiaonline.com.br\/site\/wp-content\/uploads\/2018\/09\/DSC_0229-768x512.jpg 768w\" sizes=\"(max-width: 1000px) 100vw, 1000px\" \/><\/a>O pastor Hamilton Fernando Dutra Milit\u00e3o recebeu, durante cerim\u00f4nia solene realizada pela C\u00e2mara Municipal, na quarta-feira (5), o t\u00edtulo de Cidadania Honor\u00e1ria, atrav\u00e9s da indica\u00e7\u00e3o do vereador Celso de Oliveira. \u201cAgrade\u00e7o em meu nome e de minha fam\u00edlia ao vereador Celso de Oliveria, sua esposa Luciana e seu filho Davi, assim como o seu assessor Jo\u00e3o Paulo e sua esposa Rosana pela honraria\u201d, conta.<br \/>\nVida e miss\u00e3o &#8211; Nascido em 15 de junho de 1968, na cidade de Al\u00e9m Para\u00edba (MG), Hamilton Fernando Dutra Milit\u00e3o, \u00e9 o primeiro dos dois filhos de Hamilton Rodrigues Milit\u00e3o e Marly Dutra Milit\u00e3o. Depois de 10 anos de espera, mais precisamente no dia 22 de junho de 1978, sua fam\u00edlia cresce, com a chegada de sua amiga e irm\u00e3 Hegle Milit\u00e3o. Aos 12 anos de idade, Hamilton fez seu primeiro serm\u00e3o (com base no Salmo 100) na Igreja Metodista Central de Al\u00e9m Para\u00edba, sentindo assim o chamado \u00e0 proclama\u00e7\u00e3o da Palavra de Deus; o que se concretizou no ano de 1999 quando se formou em Teologia pelo ITJRJ da Igreja Metodista. Casou-se em 1991 com sua amada Ester Milit\u00e3o, gerando duas filhas, Nath\u00e1lia e Larissa Milit\u00e3o. Na continua\u00e7\u00e3o da vida, formou-se em Manuten\u00e7\u00e3o de M\u00e1quinas pelo SENAI, em t\u00e9cnico de contabilidade pela Escola E. S\u00e3o Jos\u00e9, graduou-se em Direito pela Faculdade Metodista Granbery e p\u00f3s-graduou-se pela (PUC\/MG). Atualmente, atua como secret\u00e1rio Distrital da CODIAM, respons\u00e1vel pelo Leste da Zona da Mata Mineira, ainda ocupa a presid\u00eancia da Comiss\u00e3o de Justi\u00e7a da Igreja Metodista, 4\u00aa Regi\u00e3o Eclesi\u00e1stica, respons\u00e1vel pelos Estados de Minas Gerais e do Esp\u00edrito Santo, al\u00e9m de pastorear a Igreja Metodista no distrito de Vermelho, sua Congrega\u00e7\u00e3o (no distrito Pirapanema) e seus dois pontos mission\u00e1rios: Estiva e Patrim\u00f4nio. Sua meta mission\u00e1ria est\u00e1 fundada na Palavra: \u201cTudo quanto te vier \u00e0 m\u00e3o para fazer, faze-o conforme as tuas for\u00e7as&#8230;\u201d Eclesiastes 9:10.<\/p>\n<div id='gallery-1' class='gallery galleryid-61856 gallery-columns-1 gallery-size-full'><figure class='gallery-item'>\n\t\t\t<div class='gallery-icon landscape'>\n\t\t\t\t<a href='https:\/\/anoticiaonline.com.br\/site\/wp-content\/uploads\/2018\/09\/DSC_0079.jpg'><img decoding=\"async\" width=\"1000\" height=\"668\" src=\"https:\/\/anoticiaonline.com.br\/site\/wp-content\/uploads\/2018\/09\/DSC_0079.jpg\" class=\"attachment-full size-full\" alt=\"\" srcset=\"https:\/\/anoticiaonline.com.br\/site\/wp-content\/uploads\/2018\/09\/DSC_0079.jpg 1000w, https:\/\/anoticiaonline.com.br\/site\/wp-content\/uploads\/2018\/09\/DSC_0079-300x200.jpg 300w, https:\/\/anoticiaonline.com.br\/site\/wp-content\/uploads\/2018\/09\/DSC_0079-768x513.jpg 768w\" sizes=\"(max-width: 1000px) 100vw, 1000px\" \/><\/a>\n\t\t\t<\/div><\/figure><figure class='gallery-item'>\n\t\t\t<div class='gallery-icon landscape'>\n\t\t\t\t<a href='https:\/\/anoticiaonline.com.br\/site\/wp-content\/uploads\/2018\/09\/DSC_0291.jpg'><img decoding=\"async\" width=\"1000\" height=\"667\" src=\"https:\/\/anoticiaonline.com.br\/site\/wp-content\/uploads\/2018\/09\/DSC_0291.jpg\" class=\"attachment-full size-full\" alt=\"\" srcset=\"https:\/\/anoticiaonline.com.br\/site\/wp-content\/uploads\/2018\/09\/DSC_0291.jpg 1000w, https:\/\/anoticiaonline.com.br\/site\/wp-content\/uploads\/2018\/09\/DSC_0291-300x200.jpg 300w, https:\/\/anoticiaonline.com.br\/site\/wp-content\/uploads\/2018\/09\/DSC_0291-768x512.jpg 768w\" sizes=\"(max-width: 1000px) 100vw, 1000px\" \/><\/a>\n\t\t\t<\/div><\/figure><figure class='gallery-item'>\n\t\t\t<div class='gallery-icon portrait'>\n\t\t\t\t<a href='https:\/\/anoticiaonline.com.br\/site\/wp-content\/uploads\/2018\/09\/DSC_0673-1.jpg'><img loading=\"lazy\" decoding=\"async\" width=\"534\" height=\"800\" src=\"https:\/\/anoticiaonline.com.br\/site\/wp-content\/uploads\/2018\/09\/DSC_0673-1.jpg\" class=\"attachment-full size-full\" alt=\"\" srcset=\"https:\/\/anoticiaonline.com.br\/site\/wp-content\/uploads\/2018\/09\/DSC_0673-1.jpg 534w, https:\/\/anoticiaonline.com.br\/site\/wp-content\/uploads\/2018\/09\/DSC_0673-1-200x300.jpg 200w\" sizes=\"(max-width: 534px) 100vw, 534px\" \/><\/a>\n\t\t\t<\/div><\/figure><figure class='gallery-item'>\n\t\t\t<div class='gallery-icon landscape'>\n\t\t\t\t<a href='https:\/\/anoticiaonline.com.br\/site\/wp-content\/uploads\/2018\/09\/DSC_0678-1.jpg'><img loading=\"lazy\" decoding=\"async\" width=\"1000\" height=\"667\" src=\"https:\/\/anoticiaonline.com.br\/site\/wp-content\/uploads\/2018\/09\/DSC_0678-1.jpg\" class=\"attachment-full size-full\" alt=\"\" srcset=\"https:\/\/anoticiaonline.com.br\/site\/wp-content\/uploads\/2018\/09\/DSC_0678-1.jpg 1000w, https:\/\/anoticiaonline.com.br\/site\/wp-content\/uploads\/2018\/09\/DSC_0678-1-300x200.jpg 300w, https:\/\/anoticiaonline.com.br\/site\/wp-content\/uploads\/2018\/09\/DSC_0678-1-768x512.jpg 768w\" sizes=\"(max-width: 1000px) 100vw, 1000px\" \/><\/a>\n\t\t\t<\/div><\/figure><figure class='gallery-item'>\n\t\t\t<div class='gallery-icon landscape'>\n\t\t\t\t<a href='https:\/\/anoticiaonline.com.br\/site\/wp-content\/uploads\/2018\/09\/DSC_0689.jpg'><img loading=\"lazy\" decoding=\"async\" width=\"1000\" height=\"667\" src=\"https:\/\/anoticiaonline.com.br\/site\/wp-content\/uploads\/2018\/09\/DSC_0689.jpg\" class=\"attachment-full size-full\" alt=\"\" srcset=\"https:\/\/anoticiaonline.com.br\/site\/wp-content\/uploads\/2018\/09\/DSC_0689.jpg 1000w, https:\/\/anoticiaonline.com.br\/site\/wp-content\/uploads\/2018\/09\/DSC_0689-300x200.jpg 300w, https:\/\/anoticiaonline.com.br\/site\/wp-content\/uploads\/2018\/09\/DSC_0689-768x512.jpg 768w\" sizes=\"(max-width: 1000px) 100vw, 1000px\" \/><\/a>\n\t\t\t<\/div><\/figure>\n\t\t<\/div>\n\n","protected":false},"excerpt":{"rendered":"<p>O pastor Hamilton Fernando Dutra Milit\u00e3o recebeu, durante cerim\u00f4nia solene realizada pela C\u00e2mara Municipal, na quarta-feira (5), o t\u00edtulo de Cidadania Honor\u00e1ria, atrav\u00e9s da indica\u00e7\u00e3o do vereador Celso de Oliveira. \u201cAgrade\u00e7o em meu nome e de minha fam\u00edlia ao vereador Celso de Oliveria, sua esposa Luciana e seu filho Davi, assim como o seu assessor &#8230; <a title=\"Pr. Hamilton Fernando Dutra Milit\u00e3o recebe Cidadania Honor\u00e1ria\" class=\"read-more\" href=\"https:\/\/anoticiaonline.com.br\/site\/pr-hamilton-fernando-dutra-militao-recebe-cidadania-honoraria\/\" aria-label=\"Read more about Pr. Hamilton Fernando Dutra Milit\u00e3o recebe Cidadania Honor\u00e1ria\">Ler mais<\/a><\/p>\n","protected":false},"author":7,"featured_media":61857,"comment_status":"open","ping_status":"open","sticky":false,"template":"","format":"standard","meta":{"_acf_changed":false,"_monsterinsights_skip_tracking":false,"footnotes":""},"categories":[24],"tags":[],"class_list":["post-61856","post","type-post","status-publish","format-standard","has-post-thumbnail","hentry","category-eventos"],"acf":[],"aioseo_notices":[],"aioseo_head":"\n\t\t<!-- All in One SEO 5.0.0.1 - aioseo.com -->\n\t<meta name=\"description\" content=\"O pastor Hamilton Fernando Dutra Milit\u00e3o recebeu, durante cerim\u00f4nia solene realizada pela C\u00e2mara Municipal, na quarta-feira (5), o t\u00edtulo de Cidadania Honor\u00e1ria, atrav\u00e9s da indica\u00e7\u00e3o do vereador Celso de Oliveira. \u201cAgrade\u00e7o em meu nome e de minha fam\u00edlia ao vereador Celso de Oliveria, sua esposa Luciana e seu filho Davi, assim como o seu assessor\" \/>\n\t<meta name=\"robots\" content=\"max-image-preview:large\" \/>\n\t<meta name=\"author\" content=\"Leandro Bebiano\"\/>\n\t<link rel=\"canonical\" href=\"https:\/\/anoticiaonline.com.br\/site\/pr-hamilton-fernando-dutra-militao-recebe-cidadania-honoraria\/\" \/>\n\t<meta name=\"generator\" content=\"All in One SEO (AIOSEO) 5.0.0.1\" \/>\n\t\t<meta property=\"og:locale\" content=\"pt_BR\" \/>\n\t\t<meta property=\"og:site_name\" content=\"A Not\u00edcia Online - Noticias de Muria\u00e9 e regi\u00e3o\" \/>\n\t\t<meta property=\"og:type\" content=\"article\" \/>\n\t\t<meta property=\"og:title\" content=\"Pr. Hamilton Fernando Dutra Milit\u00e3o recebe Cidadania Honor\u00e1ria - A Not\u00edcia Online\" \/>\n\t\t<meta property=\"og:description\" content=\"O pastor Hamilton Fernando Dutra Milit\u00e3o recebeu, durante cerim\u00f4nia solene realizada pela C\u00e2mara Municipal, na quarta-feira (5), o t\u00edtulo de Cidadania Honor\u00e1ria, atrav\u00e9s da indica\u00e7\u00e3o do vereador Celso de Oliveira. \u201cAgrade\u00e7o em meu nome e de minha fam\u00edlia ao vereador Celso de Oliveria, sua esposa Luciana e seu filho Davi, assim como o seu assessor\" \/>\n\t\t<meta property=\"og:url\" content=\"https:\/\/anoticiaonline.com.br\/site\/pr-hamilton-fernando-dutra-militao-recebe-cidadania-honoraria\/\" \/>\n\t\t<meta property=\"og:image\" content=\"https:\/\/scontent-gig4-1.xx.fbcdn.net\/v\/t39.30808-1\/270437624_4564083193639691_6907940295614233970_n.jpg?stp=dst-jpg_s200x200_tt6&#038;_nc_cat=111&#038;ccb=1-7&#038;_nc_sid=f907e8&#038;_nc_ohc=SM1wRlP3lJwQ7kNvwEPuBYA&#038;_nc_oc=AdnqrjDN_BNjSSHWO-GbkIWH6fkGMLw4bqvL_NH6e2wMveX7G-rP2dAqsDSq1mJMOaY&#038;_nc_zt=24&#038;_nc_ht=scontent-gig4-1.xx&#038;_nc_gid=AoBFJeGrT1hVaew_6rchkQ&#038;oh=00_AfX7QmFGhQhG2jAllVgXCiM1ZrWgvtp80-Bfppyexh1QEg&#038;oe=689E923C\" \/>\n\t\t<meta property=\"og:image:secure_url\" content=\"https:\/\/scontent-gig4-1.xx.fbcdn.net\/v\/t39.30808-1\/270437624_4564083193639691_6907940295614233970_n.jpg?stp=dst-jpg_s200x200_tt6&#038;_nc_cat=111&#038;ccb=1-7&#038;_nc_sid=f907e8&#038;_nc_ohc=SM1wRlP3lJwQ7kNvwEPuBYA&#038;_nc_oc=AdnqrjDN_BNjSSHWO-GbkIWH6fkGMLw4bqvL_NH6e2wMveX7G-rP2dAqsDSq1mJMOaY&#038;_nc_zt=24&#038;_nc_ht=scontent-gig4-1.xx&#038;_nc_gid=AoBFJeGrT1hVaew_6rchkQ&#038;oh=00_AfX7QmFGhQhG2jAllVgXCiM1ZrWgvtp80-Bfppyexh1QEg&#038;oe=689E923C\" \/>\n\t\t<meta property=\"article:published_time\" content=\"2018-09-17T21:28:56+00:00\" \/>\n\t\t<meta property=\"article:modified_time\" content=\"2018-09-17T21:28:56+00:00\" \/>\n\t\t<meta name=\"twitter:card\" content=\"summary_large_image\" \/>\n\t\t<meta name=\"twitter:title\" content=\"Pr. Hamilton Fernando Dutra Milit\u00e3o recebe Cidadania Honor\u00e1ria - A Not\u00edcia Online\" \/>\n\t\t<meta name=\"twitter:description\" content=\"O pastor Hamilton Fernando Dutra Milit\u00e3o recebeu, durante cerim\u00f4nia solene realizada pela C\u00e2mara Municipal, na quarta-feira (5), o t\u00edtulo de Cidadania Honor\u00e1ria, atrav\u00e9s da indica\u00e7\u00e3o do vereador Celso de Oliveira. \u201cAgrade\u00e7o em meu nome e de minha fam\u00edlia ao vereador Celso de Oliveria, sua esposa Luciana e seu filho Davi, assim como o seu assessor\" \/>\n\t\t<meta name=\"twitter:image\" content=\"https:\/\/scontent-gig4-1.xx.fbcdn.net\/v\/t39.30808-1\/270437624_4564083193639691_6907940295614233970_n.jpg?stp=dst-jpg_s200x200_tt6&amp;_nc_cat=111&amp;ccb=1-7&amp;_nc_sid=f907e8&amp;_nc_ohc=SM1wRlP3lJwQ7kNvwEPuBYA&amp;_nc_oc=AdnqrjDN_BNjSSHWO-GbkIWH6fkGMLw4bqvL_NH6e2wMveX7G-rP2dAqsDSq1mJMOaY&amp;_nc_zt=24&amp;_nc_ht=scontent-gig4-1.xx&amp;_nc_gid=AoBFJeGrT1hVaew_6rchkQ&amp;oh=00_AfX7QmFGhQhG2jAllVgXCiM1ZrWgvtp80-Bfppyexh1QEg&amp;oe=689E923C\" \/>\n\t\t<script type=\"application\/ld+json\" class=\"aioseo-schema\">\n\t\t\t{\"@context\":\"https:\\\/\\\/schema.org\",\"@graph\":[{\"@type\":\"BlogPosting\",\"@id\":\"https:\\\/\\\/anoticiaonline.com.br\\\/site\\\/pr-hamilton-fernando-dutra-militao-recebe-cidadania-honoraria\\\/#blogposting\",\"name\":\"Pr. Hamilton Fernando Dutra Milit\\u00e3o recebe Cidadania Honor\\u00e1ria - A Not\\u00edcia Online\",\"headline\":\"Pr. Hamilton Fernando Dutra Milit\\u00e3o recebe Cidadania Honor\\u00e1ria\",\"author\":{\"@id\":\"https:\\\/\\\/anoticiaonline.com.br\\\/site\\\/author\\\/leandro\\\/#author\"},\"publisher\":{\"@id\":\"https:\\\/\\\/anoticiaonline.com.br\\\/site\\\/#organization\"},\"image\":{\"@type\":\"ImageObject\",\"url\":\"https:\\\/\\\/anoticiaonline.com.br\\\/site\\\/wp-content\\\/uploads\\\/2018\\\/09\\\/DSC_0229.jpg\",\"width\":1000,\"height\":667},\"datePublished\":\"2018-09-17T18:28:56-03:00\",\"dateModified\":\"2018-09-17T18:28:56-03:00\",\"inLanguage\":\"pt-BR\",\"mainEntityOfPage\":{\"@id\":\"https:\\\/\\\/anoticiaonline.com.br\\\/site\\\/pr-hamilton-fernando-dutra-militao-recebe-cidadania-honoraria\\\/#webpage\"},\"isPartOf\":{\"@id\":\"https:\\\/\\\/anoticiaonline.com.br\\\/site\\\/pr-hamilton-fernando-dutra-militao-recebe-cidadania-honoraria\\\/#webpage\"},\"articleSection\":\"Eventos\"},{\"@type\":\"BreadcrumbList\",\"@id\":\"https:\\\/\\\/anoticiaonline.com.br\\\/site\\\/pr-hamilton-fernando-dutra-militao-recebe-cidadania-honoraria\\\/#breadcrumblist\",\"itemListElement\":[{\"@type\":\"ListItem\",\"@id\":\"https:\\\/\\\/anoticiaonline.com.br\\\/site#listItem\",\"position\":1,\"name\":\"Home\",\"item\":\"https:\\\/\\\/anoticiaonline.com.br\\\/site\",\"nextItem\":{\"@type\":\"ListItem\",\"@id\":\"https:\\\/\\\/anoticiaonline.com.br\\\/site\\\/categoria\\\/eventos\\\/#listItem\",\"name\":\"Eventos\"}},{\"@type\":\"ListItem\",\"@id\":\"https:\\\/\\\/anoticiaonline.com.br\\\/site\\\/categoria\\\/eventos\\\/#listItem\",\"position\":2,\"name\":\"Eventos\",\"item\":\"https:\\\/\\\/anoticiaonline.com.br\\\/site\\\/categoria\\\/eventos\\\/\",\"nextItem\":{\"@type\":\"ListItem\",\"@id\":\"https:\\\/\\\/anoticiaonline.com.br\\\/site\\\/pr-hamilton-fernando-dutra-militao-recebe-cidadania-honoraria\\\/#listItem\",\"name\":\"Pr. Hamilton Fernando Dutra Milit\\u00e3o recebe Cidadania Honor\\u00e1ria\"},\"previousItem\":{\"@type\":\"ListItem\",\"@id\":\"https:\\\/\\\/anoticiaonline.com.br\\\/site#listItem\",\"name\":\"Home\"}},{\"@type\":\"ListItem\",\"@id\":\"https:\\\/\\\/anoticiaonline.com.br\\\/site\\\/pr-hamilton-fernando-dutra-militao-recebe-cidadania-honoraria\\\/#listItem\",\"position\":3,\"name\":\"Pr. Hamilton Fernando Dutra Milit\\u00e3o recebe Cidadania Honor\\u00e1ria\",\"previousItem\":{\"@type\":\"ListItem\",\"@id\":\"https:\\\/\\\/anoticiaonline.com.br\\\/site\\\/categoria\\\/eventos\\\/#listItem\",\"name\":\"Eventos\"}}]},{\"@type\":\"Organization\",\"@id\":\"https:\\\/\\\/anoticiaonline.com.br\\\/site\\\/#organization\",\"name\":\"A Not\\u00edcia Online\",\"description\":\"Noticias de Muria\\u00e9 e regi\\u00e3o\",\"url\":\"https:\\\/\\\/anoticiaonline.com.br\\\/site\\\/\",\"logo\":{\"@type\":\"ImageObject\",\"url\":\"https:\\\/\\\/scontent-gig4-1.xx.fbcdn.net\\\/v\\\/t39.30808-1\\\/270437624_4564083193639691_6907940295614233970_n.jpg?stp=dst-jpg_s200x200_tt6&_nc_cat=111&ccb=1-7&_nc_sid=f907e8&_nc_ohc=SM1wRlP3lJwQ7kNvwEPuBYA&_nc_oc=AdnqrjDN_BNjSSHWO-GbkIWH6fkGMLw4bqvL_NH6e2wMveX7G-rP2dAqsDSq1mJMOaY&_nc_zt=24&_nc_ht=scontent-gig4-1.xx&_nc_gid=AoBFJeGrT1hVaew_6rchkQ&oh=00_AfX7QmFGhQhG2jAllVgXCiM1ZrWgvtp80-Bfppyexh1QEg&oe=689E923C\",\"@id\":\"https:\\\/\\\/anoticiaonline.com.br\\\/site\\\/pr-hamilton-fernando-dutra-militao-recebe-cidadania-honoraria\\\/#organizationLogo\"},\"image\":{\"@id\":\"https:\\\/\\\/anoticiaonline.com.br\\\/site\\\/pr-hamilton-fernando-dutra-militao-recebe-cidadania-honoraria\\\/#organizationLogo\"}},{\"@type\":\"Person\",\"@id\":\"https:\\\/\\\/anoticiaonline.com.br\\\/site\\\/author\\\/leandro\\\/#author\",\"url\":\"https:\\\/\\\/anoticiaonline.com.br\\\/site\\\/author\\\/leandro\\\/\",\"name\":\"Leandro Bebiano\",\"image\":{\"@type\":\"ImageObject\",\"@id\":\"https:\\\/\\\/anoticiaonline.com.br\\\/site\\\/pr-hamilton-fernando-dutra-militao-recebe-cidadania-honoraria\\\/#authorImage\",\"url\":\"https:\\\/\\\/secure.gravatar.com\\\/avatar\\\/99966a20c143db97c8590c2013307c7c234a4cca48ed5657cbb47e22a400bd5f?s=96&d=mm&r=g\",\"width\":96,\"height\":96,\"caption\":\"Leandro Bebiano\"}},{\"@type\":\"WebPage\",\"@id\":\"https:\\\/\\\/anoticiaonline.com.br\\\/site\\\/pr-hamilton-fernando-dutra-militao-recebe-cidadania-honoraria\\\/#webpage\",\"url\":\"https:\\\/\\\/anoticiaonline.com.br\\\/site\\\/pr-hamilton-fernando-dutra-militao-recebe-cidadania-honoraria\\\/\",\"name\":\"Pr. Hamilton Fernando Dutra Milit\\u00e3o recebe Cidadania Honor\\u00e1ria - A Not\\u00edcia Online\",\"description\":\"O pastor Hamilton Fernando Dutra Milit\\u00e3o recebeu, durante cerim\\u00f4nia solene realizada pela C\\u00e2mara Municipal, na quarta-feira (5), o t\\u00edtulo de Cidadania Honor\\u00e1ria, atrav\\u00e9s da indica\\u00e7\\u00e3o do vereador Celso de Oliveira. \\u201cAgrade\\u00e7o em meu nome e de minha fam\\u00edlia ao vereador Celso de Oliveria, sua esposa Luciana e seu filho Davi, assim como o seu assessor\",\"inLanguage\":\"pt-BR\",\"isPartOf\":{\"@id\":\"https:\\\/\\\/anoticiaonline.com.br\\\/site\\\/#website\"},\"breadcrumb\":{\"@id\":\"https:\\\/\\\/anoticiaonline.com.br\\\/site\\\/pr-hamilton-fernando-dutra-militao-recebe-cidadania-honoraria\\\/#breadcrumblist\"},\"author\":{\"@id\":\"https:\\\/\\\/anoticiaonline.com.br\\\/site\\\/author\\\/leandro\\\/#author\"},\"creator\":{\"@id\":\"https:\\\/\\\/anoticiaonline.com.br\\\/site\\\/author\\\/leandro\\\/#author\"},\"image\":{\"@type\":\"ImageObject\",\"url\":\"https:\\\/\\\/anoticiaonline.com.br\\\/site\\\/wp-content\\\/uploads\\\/2018\\\/09\\\/DSC_0229.jpg\",\"@id\":\"https:\\\/\\\/anoticiaonline.com.br\\\/site\\\/pr-hamilton-fernando-dutra-militao-recebe-cidadania-honoraria\\\/#mainImage\",\"width\":1000,\"height\":667},\"primaryImageOfPage\":{\"@id\":\"https:\\\/\\\/anoticiaonline.com.br\\\/site\\\/pr-hamilton-fernando-dutra-militao-recebe-cidadania-honoraria\\\/#mainImage\"},\"datePublished\":\"2018-09-17T18:28:56-03:00\",\"dateModified\":\"2018-09-17T18:28:56-03:00\"},{\"@type\":\"WebSite\",\"@id\":\"https:\\\/\\\/anoticiaonline.com.br\\\/site\\\/#website\",\"url\":\"https:\\\/\\\/anoticiaonline.com.br\\\/site\\\/\",\"name\":\"A Not\\u00edcia Online\",\"description\":\"Noticias de Muria\\u00e9 e regi\\u00e3o\",\"inLanguage\":\"pt-BR\",\"publisher\":{\"@id\":\"https:\\\/\\\/anoticiaonline.com.br\\\/site\\\/#organization\"}}]}\n\t\t<\/script>\n\t\t<!-- All in One SEO -->\n\n","aioseo_head_json":{"title":"Pr. Hamilton Fernando Dutra Milit\u00e3o recebe Cidadania Honor\u00e1ria - A Not\u00edcia Online","description":"O pastor Hamilton Fernando Dutra Milit\u00e3o recebeu, durante cerim\u00f4nia solene realizada pela C\u00e2mara Municipal, na quarta-feira (5), o t\u00edtulo de Cidadania Honor\u00e1ria, atrav\u00e9s da indica\u00e7\u00e3o do vereador Celso de Oliveira. \u201cAgrade\u00e7o em meu nome e de minha fam\u00edlia ao vereador Celso de Oliveria, sua esposa Luciana e seu filho Davi, assim como o seu assessor","canonical_url":"https:\/\/anoticiaonline.com.br\/site\/pr-hamilton-fernando-dutra-militao-recebe-cidadania-honoraria\/","robots":"max-image-preview:large","keywords":"","webmasterTools":{"miscellaneous":""},"schema":{"@context":"https:\/\/schema.org","@graph":[{"@type":"BlogPosting","@id":"https:\/\/anoticiaonline.com.br\/site\/pr-hamilton-fernando-dutra-militao-recebe-cidadania-honoraria\/#blogposting","name":"Pr. Hamilton Fernando Dutra Milit\u00e3o recebe Cidadania Honor\u00e1ria - A Not\u00edcia Online","headline":"Pr. Hamilton Fernando Dutra Milit\u00e3o recebe Cidadania Honor\u00e1ria","author":{"@id":"https:\/\/anoticiaonline.com.br\/site\/author\/leandro\/#author"},"publisher":{"@id":"https:\/\/anoticiaonline.com.br\/site\/#organization"},"image":{"@type":"ImageObject","url":"https:\/\/anoticiaonline.com.br\/site\/wp-content\/uploads\/2018\/09\/DSC_0229.jpg","width":1000,"height":667},"datePublished":"2018-09-17T18:28:56-03:00","dateModified":"2018-09-17T18:28:56-03:00","inLanguage":"pt-BR","mainEntityOfPage":{"@id":"https:\/\/anoticiaonline.com.br\/site\/pr-hamilton-fernando-dutra-militao-recebe-cidadania-honoraria\/#webpage"},"isPartOf":{"@id":"https:\/\/anoticiaonline.com.br\/site\/pr-hamilton-fernando-dutra-militao-recebe-cidadania-honoraria\/#webpage"},"articleSection":"Eventos"},{"@type":"BreadcrumbList","@id":"https:\/\/anoticiaonline.com.br\/site\/pr-hamilton-fernando-dutra-militao-recebe-cidadania-honoraria\/#breadcrumblist","itemListElement":[{"@type":"ListItem","@id":"https:\/\/anoticiaonline.com.br\/site#listItem","position":1,"name":"Home","item":"https:\/\/anoticiaonline.com.br\/site","nextItem":{"@type":"ListItem","@id":"https:\/\/anoticiaonline.com.br\/site\/categoria\/eventos\/#listItem","name":"Eventos"}},{"@type":"ListItem","@id":"https:\/\/anoticiaonline.com.br\/site\/categoria\/eventos\/#listItem","position":2,"name":"Eventos","item":"https:\/\/anoticiaonline.com.br\/site\/categoria\/eventos\/","nextItem":{"@type":"ListItem","@id":"https:\/\/anoticiaonline.com.br\/site\/pr-hamilton-fernando-dutra-militao-recebe-cidadania-honoraria\/#listItem","name":"Pr. Hamilton Fernando Dutra Milit\u00e3o recebe Cidadania Honor\u00e1ria"},"previousItem":{"@type":"ListItem","@id":"https:\/\/anoticiaonline.com.br\/site#listItem","name":"Home"}},{"@type":"ListItem","@id":"https:\/\/anoticiaonline.com.br\/site\/pr-hamilton-fernando-dutra-militao-recebe-cidadania-honoraria\/#listItem","position":3,"name":"Pr. Hamilton Fernando Dutra Milit\u00e3o recebe Cidadania Honor\u00e1ria","previousItem":{"@type":"ListItem","@id":"https:\/\/anoticiaonline.com.br\/site\/categoria\/eventos\/#listItem","name":"Eventos"}}]},{"@type":"Organization","@id":"https:\/\/anoticiaonline.com.br\/site\/#organization","name":"A Not\u00edcia Online","description":"Noticias de Muria\u00e9 e regi\u00e3o","url":"https:\/\/anoticiaonline.com.br\/site\/","logo":{"@type":"ImageObject","url":"https:\/\/scontent-gig4-1.xx.fbcdn.net\/v\/t39.30808-1\/270437624_4564083193639691_6907940295614233970_n.jpg?stp=dst-jpg_s200x200_tt6&_nc_cat=111&ccb=1-7&_nc_sid=f907e8&_nc_ohc=SM1wRlP3lJwQ7kNvwEPuBYA&_nc_oc=AdnqrjDN_BNjSSHWO-GbkIWH6fkGMLw4bqvL_NH6e2wMveX7G-rP2dAqsDSq1mJMOaY&_nc_zt=24&_nc_ht=scontent-gig4-1.xx&_nc_gid=AoBFJeGrT1hVaew_6rchkQ&oh=00_AfX7QmFGhQhG2jAllVgXCiM1ZrWgvtp80-Bfppyexh1QEg&oe=689E923C","@id":"https:\/\/anoticiaonline.com.br\/site\/pr-hamilton-fernando-dutra-militao-recebe-cidadania-honoraria\/#organizationLogo"},"image":{"@id":"https:\/\/anoticiaonline.com.br\/site\/pr-hamilton-fernando-dutra-militao-recebe-cidadania-honoraria\/#organizationLogo"}},{"@type":"Person","@id":"https:\/\/anoticiaonline.com.br\/site\/author\/leandro\/#author","url":"https:\/\/anoticiaonline.com.br\/site\/author\/leandro\/","name":"Leandro Bebiano","image":{"@type":"ImageObject","@id":"https:\/\/anoticiaonline.com.br\/site\/pr-hamilton-fernando-dutra-militao-recebe-cidadania-honoraria\/#authorImage","url":"https:\/\/secure.gravatar.com\/avatar\/99966a20c143db97c8590c2013307c7c234a4cca48ed5657cbb47e22a400bd5f?s=96&d=mm&r=g","width":96,"height":96,"caption":"Leandro Bebiano"}},{"@type":"WebPage","@id":"https:\/\/anoticiaonline.com.br\/site\/pr-hamilton-fernando-dutra-militao-recebe-cidadania-honoraria\/#webpage","url":"https:\/\/anoticiaonline.com.br\/site\/pr-hamilton-fernando-dutra-militao-recebe-cidadania-honoraria\/","name":"Pr. Hamilton Fernando Dutra Milit\u00e3o recebe Cidadania Honor\u00e1ria - A Not\u00edcia Online","description":"O pastor Hamilton Fernando Dutra Milit\u00e3o recebeu, durante cerim\u00f4nia solene realizada pela C\u00e2mara Municipal, na quarta-feira (5), o t\u00edtulo de Cidadania Honor\u00e1ria, atrav\u00e9s da indica\u00e7\u00e3o do vereador Celso de Oliveira. \u201cAgrade\u00e7o em meu nome e de minha fam\u00edlia ao vereador Celso de Oliveria, sua esposa Luciana e seu filho Davi, assim como o seu assessor","inLanguage":"pt-BR","isPartOf":{"@id":"https:\/\/anoticiaonline.com.br\/site\/#website"},"breadcrumb":{"@id":"https:\/\/anoticiaonline.com.br\/site\/pr-hamilton-fernando-dutra-militao-recebe-cidadania-honoraria\/#breadcrumblist"},"author":{"@id":"https:\/\/anoticiaonline.com.br\/site\/author\/leandro\/#author"},"creator":{"@id":"https:\/\/anoticiaonline.com.br\/site\/author\/leandro\/#author"},"image":{"@type":"ImageObject","url":"https:\/\/anoticiaonline.com.br\/site\/wp-content\/uploads\/2018\/09\/DSC_0229.jpg","@id":"https:\/\/anoticiaonline.com.br\/site\/pr-hamilton-fernando-dutra-militao-recebe-cidadania-honoraria\/#mainImage","width":1000,"height":667},"primaryImageOfPage":{"@id":"https:\/\/anoticiaonline.com.br\/site\/pr-hamilton-fernando-dutra-militao-recebe-cidadania-honoraria\/#mainImage"},"datePublished":"2018-09-17T18:28:56-03:00","dateModified":"2018-09-17T18:28:56-03:00"},{"@type":"WebSite","@id":"https:\/\/anoticiaonline.com.br\/site\/#website","url":"https:\/\/anoticiaonline.com.br\/site\/","name":"A Not\u00edcia Online","description":"Noticias de Muria\u00e9 e regi\u00e3o","inLanguage":"pt-BR","publisher":{"@id":"https:\/\/anoticiaonline.com.br\/site\/#organization"}}]},"og:locale":"pt_BR","og:site_name":"A Not\u00edcia Online - Noticias de Muria\u00e9 e regi\u00e3o","og:type":"article","og:title":"Pr. Hamilton Fernando Dutra Milit\u00e3o recebe Cidadania Honor\u00e1ria - A Not\u00edcia Online","og:description":"O pastor Hamilton Fernando Dutra Milit\u00e3o recebeu, durante cerim\u00f4nia solene realizada pela C\u00e2mara Municipal, na quarta-feira (5), o t\u00edtulo de Cidadania Honor\u00e1ria, atrav\u00e9s da indica\u00e7\u00e3o do vereador Celso de Oliveira. \u201cAgrade\u00e7o em meu nome e de minha fam\u00edlia ao vereador Celso de Oliveria, sua esposa Luciana e seu filho Davi, assim como o seu assessor","og:url":"https:\/\/anoticiaonline.com.br\/site\/pr-hamilton-fernando-dutra-militao-recebe-cidadania-honoraria\/","og:image":"https:\/\/scontent-gig4-1.xx.fbcdn.net\/v\/t39.30808-1\/270437624_4564083193639691_6907940295614233970_n.jpg?stp=dst-jpg_s200x200_tt6&#038;_nc_cat=111&#038;ccb=1-7&#038;_nc_sid=f907e8&#038;_nc_ohc=SM1wRlP3lJwQ7kNvwEPuBYA&#038;_nc_oc=AdnqrjDN_BNjSSHWO-GbkIWH6fkGMLw4bqvL_NH6e2wMveX7G-rP2dAqsDSq1mJMOaY&#038;_nc_zt=24&#038;_nc_ht=scontent-gig4-1.xx&#038;_nc_gid=AoBFJeGrT1hVaew_6rchkQ&#038;oh=00_AfX7QmFGhQhG2jAllVgXCiM1ZrWgvtp80-Bfppyexh1QEg&#038;oe=689E923C","og:image:secure_url":"https:\/\/scontent-gig4-1.xx.fbcdn.net\/v\/t39.30808-1\/270437624_4564083193639691_6907940295614233970_n.jpg?stp=dst-jpg_s200x200_tt6&#038;_nc_cat=111&#038;ccb=1-7&#038;_nc_sid=f907e8&#038;_nc_ohc=SM1wRlP3lJwQ7kNvwEPuBYA&#038;_nc_oc=AdnqrjDN_BNjSSHWO-GbkIWH6fkGMLw4bqvL_NH6e2wMveX7G-rP2dAqsDSq1mJMOaY&#038;_nc_zt=24&#038;_nc_ht=scontent-gig4-1.xx&#038;_nc_gid=AoBFJeGrT1hVaew_6rchkQ&#038;oh=00_AfX7QmFGhQhG2jAllVgXCiM1ZrWgvtp80-Bfppyexh1QEg&#038;oe=689E923C","article:published_time":"2018-09-17T21:28:56+00:00","article:modified_time":"2018-09-17T21:28:56+00:00","twitter:card":"summary_large_image","twitter:title":"Pr. Hamilton Fernando Dutra Milit\u00e3o recebe Cidadania Honor\u00e1ria - A Not\u00edcia Online","twitter:description":"O pastor Hamilton Fernando Dutra Milit\u00e3o recebeu, durante cerim\u00f4nia solene realizada pela C\u00e2mara Municipal, na quarta-feira (5), o t\u00edtulo de Cidadania Honor\u00e1ria, atrav\u00e9s da indica\u00e7\u00e3o do vereador Celso de Oliveira. \u201cAgrade\u00e7o em meu nome e de minha fam\u00edlia ao vereador Celso de Oliveria, sua esposa Luciana e seu filho Davi, assim como o seu assessor","twitter:image":"https:\/\/scontent-gig4-1.xx.fbcdn.net\/v\/t39.30808-1\/270437624_4564083193639691_6907940295614233970_n.jpg?stp=dst-jpg_s200x200_tt6&_nc_cat=111&ccb=1-7&_nc_sid=f907e8&_nc_ohc=SM1wRlP3lJwQ7kNvwEPuBYA&_nc_oc=AdnqrjDN_BNjSSHWO-GbkIWH6fkGMLw4bqvL_NH6e2wMveX7G-rP2dAqsDSq1mJMOaY&_nc_zt=24&_nc_ht=scontent-gig4-1.xx&_nc_gid=AoBFJeGrT1hVaew_6rchkQ&oh=00_AfX7QmFGhQhG2jAllVgXCiM1ZrWgvtp80-Bfppyexh1QEg&oe=689E923C"},"aioseo_meta_data":{"post_id":"61856","title":null,"description":null,"keywords":null,"keyphrases":null,"primary_term":null,"canonical_url":null,"og_title":null,"og_description":null,"og_object_type":"default","og_image_type":"default","og_image_url":null,"og_image_width":null,"og_image_height":null,"og_image_custom_url":null,"og_image_custom_fields":null,"og_video":null,"og_custom_url":null,"og_article_section":null,"og_article_tags":null,"twitter_use_og":false,"twitter_card":"default","twitter_image_type":"default","twitter_image_url":null,"twitter_image_custom_url":null,"twitter_image_custom_fields":null,"twitter_title":null,"twitter_description":null,"schema":{"blockGraphs":[],"customGraphs":[],"default":{"data":{"Article":[],"Course":[],"Dataset":[],"FAQPage":[],"Movie":[],"Person":[],"Product":[],"ProductReview":[],"Car":[],"Recipe":[],"Service":[],"SoftwareApplication":[],"WebPage":[]},"graphName":"","isEnabled":true},"graphs":[]},"schema_type":"default","schema_type_options":null,"pillar_content":false,"robots_default":true,"robots_noindex":false,"robots_noarchive":false,"robots_nosnippet":false,"robots_nofollow":false,"robots_noimageindex":false,"robots_noodp":false,"robots_notranslate":false,"robots_max_snippet":null,"robots_max_videopreview":null,"robots_max_imagepreview":"large","priority":null,"frequency":null,"local_seo":null,"breadcrumb_settings":null,"limit_modified_date":false,"ai":null,"created":"2025-08-16 21:41:40","updated":"2025-08-16 21:41:40","focus_keyword":null,"additional_keywords":null,"truseo_locale":null,"seo_analyzer_scan_date":null},"aioseo_breadcrumb":"<div class=\"aioseo-breadcrumbs\"><span class=\"aioseo-breadcrumb\">\n\t\t\t<a href=\"https:\/\/anoticiaonline.com.br\/site\" title=\"Home\">Home<\/a>\n\t\t<\/span><span class=\"aioseo-breadcrumb-separator\">&raquo;<\/span><span class=\"aioseo-breadcrumb\">\n\t\t\t<a href=\"https:\/\/anoticiaonline.com.br\/site\/categoria\/eventos\/\" title=\"Eventos\">Eventos<\/a>\n\t\t<\/span><span class=\"aioseo-breadcrumb-separator\">&raquo;<\/span><span class=\"aioseo-breadcrumb\">\n\t\t\tPr. Hamilton Fernando Dutra Milit\u00e3o recebe Cidadania Honor\u00e1ria\n\t\t<\/span><\/div>","aioseo_breadcrumb_json":[{"label":"Home","link":"https:\/\/anoticiaonline.com.br\/site"},{"label":"Eventos","link":"https:\/\/anoticiaonline.com.br\/site\/categoria\/eventos\/"},{"label":"Pr. Hamilton Fernando Dutra Milit\u00e3o recebe Cidadania Honor\u00e1ria","link":"https:\/\/anoticiaonline.com.br\/site\/pr-hamilton-fernando-dutra-militao-recebe-cidadania-honoraria\/"}],"views":189,"_links":{"self":[{"href":"https:\/\/anoticiaonline.com.br\/site\/wp-json\/wp\/v2\/posts\/61856","targetHints":{"allow":["GET"]}}],"collection":[{"href":"https:\/\/anoticiaonline.com.br\/site\/wp-json\/wp\/v2\/posts"}],"about":[{"href":"https:\/\/anoticiaonline.com.br\/site\/wp-json\/wp\/v2\/types\/post"}],"author":[{"embeddable":true,"href":"https:\/\/anoticiaonline.com.br\/site\/wp-json\/wp\/v2\/users\/7"}],"replies":[{"embeddable":true,"href":"https:\/\/anoticiaonline.com.br\/site\/wp-json\/wp\/v2\/comments?post=61856"}],"version-history":[{"count":0,"href":"https:\/\/anoticiaonline.com.br\/site\/wp-json\/wp\/v2\/posts\/61856\/revisions"}],"wp:featuredmedia":[{"embeddable":true,"href":"https:\/\/anoticiaonline.com.br\/site\/wp-json\/wp\/v2\/media\/61857"}],"wp:attachment":[{"href":"https:\/\/anoticiaonline.com.br\/site\/wp-json\/wp\/v2\/media?parent=61856"}],"wp:term":[{"taxonomy":"category","embeddable":true,"href":"https:\/\/anoticiaonline.com.br\/site\/wp-json\/wp\/v2\/categories?post=61856"},{"taxonomy":"post_tag","embeddable":true,"href":"https:\/\/anoticiaonline.com.br\/site\/wp-json\/wp\/v2\/tags?post=61856"}],"curies":[{"name":"wp","href":"https:\/\/api.w.org\/{rel}","templated":true}]}}