{"id":61815,"date":"2018-09-17T10:27:49","date_gmt":"2018-09-17T13:27:49","guid":{"rendered":"http:\/\/anoticiaonline.com.br\/site\/?p=61815"},"modified":"2018-09-25T09:45:55","modified_gmt":"2018-09-25T12:45:55","slug":"e-m-professora-odaleia-oliveira-morais-de-azevedo-participa-de-desfile-no-dia-do-muriaeense","status":"publish","type":"post","link":"https:\/\/anoticiaonline.com.br\/site\/e-m-professora-odaleia-oliveira-morais-de-azevedo-participa-de-desfile-no-dia-do-muriaeense\/","title":{"rendered":"E. M. Professora Odal\u00e9ia Oliveira Morais de Azevedo participa de desfile no Dia do Muriaeense"},"content":{"rendered":"<p><a href=\"https:\/\/anoticiaonline.com.br\/site\/wp-content\/uploads\/2018\/09\/DSC_0017-1.jpg\"><img fetchpriority=\"high\" decoding=\"async\" class=\"aligncenter size-full wp-image-61816\" src=\"https:\/\/anoticiaonline.com.br\/site\/wp-content\/uploads\/2018\/09\/DSC_0017-1.jpg\" alt=\"\" width=\"1000\" height=\"667\" srcset=\"https:\/\/anoticiaonline.com.br\/site\/wp-content\/uploads\/2018\/09\/DSC_0017-1.jpg 1000w, https:\/\/anoticiaonline.com.br\/site\/wp-content\/uploads\/2018\/09\/DSC_0017-1-300x200.jpg 300w, https:\/\/anoticiaonline.com.br\/site\/wp-content\/uploads\/2018\/09\/DSC_0017-1-768x512.jpg 768w\" sizes=\"(max-width: 1000px) 100vw, 1000px\" \/><\/a>A Escola Municipal Professora Odal\u00e9ia Oliveira Morais de Azevedo participou do desfile c\u00edvico no Dia do Muriaeense, comemorado na quinta-feira (6). Com o tema \u201cFormas de mudar o mundo &#8211; Juntos podemos mais\u201d, os alunos fizeram parte da ala \u201cEsporte e Lazer\u201d, homenageando esportistas e modalidades de esporte de nossa terra.<\/p>\n<p><strong>Sobre a E. M. Professora Odal\u00e9ia Oliveira Morais &#8211;<\/strong> Localizada na Pra\u00e7a Prefeito Paulo Carvalho, no bairro da Barra. A escola atende a 463 alunos do 1\u00ba ao 5\u00ba ano do Ensino Fundamental. Tem como diretora Viviane Andrade Silva e Souza, diretora adjunta Juliana Cristina Goulart Silva e conta com 43 profissionais da educa\u00e7\u00e3o.<\/p>\n<p>A escola trouxe para o desfile a Fanfarra, regida pelo professor Luciano, que \u00e9 tamb\u00e9m pai da aluna Clara. A fanfarra conta com 20 alunos, com lindas e pequenas balizas, que foram ensaiadas pela professora de dan\u00e7a Kathielle.<\/p>\n<div id='gallery-1' class='gallery galleryid-61815 gallery-columns-1 gallery-size-full'><figure class='gallery-item'>\n\t\t\t<div class='gallery-icon landscape'>\n\t\t\t\t<a href='https:\/\/anoticiaonline.com.br\/site\/wp-content\/uploads\/2018\/09\/DSC_0013-1.jpg'><img decoding=\"async\" width=\"1000\" height=\"667\" src=\"https:\/\/anoticiaonline.com.br\/site\/wp-content\/uploads\/2018\/09\/DSC_0013-1.jpg\" class=\"attachment-full size-full\" alt=\"\" srcset=\"https:\/\/anoticiaonline.com.br\/site\/wp-content\/uploads\/2018\/09\/DSC_0013-1.jpg 1000w, https:\/\/anoticiaonline.com.br\/site\/wp-content\/uploads\/2018\/09\/DSC_0013-1-300x200.jpg 300w, https:\/\/anoticiaonline.com.br\/site\/wp-content\/uploads\/2018\/09\/DSC_0013-1-768x512.jpg 768w\" sizes=\"(max-width: 1000px) 100vw, 1000px\" \/><\/a>\n\t\t\t<\/div><\/figure><figure class='gallery-item'>\n\t\t\t<div class='gallery-icon landscape'>\n\t\t\t\t<a href='https:\/\/anoticiaonline.com.br\/site\/wp-content\/uploads\/2018\/09\/DSC_0026.jpg'><img decoding=\"async\" width=\"1000\" height=\"667\" src=\"https:\/\/anoticiaonline.com.br\/site\/wp-content\/uploads\/2018\/09\/DSC_0026.jpg\" class=\"attachment-full size-full\" alt=\"\" srcset=\"https:\/\/anoticiaonline.com.br\/site\/wp-content\/uploads\/2018\/09\/DSC_0026.jpg 1000w, https:\/\/anoticiaonline.com.br\/site\/wp-content\/uploads\/2018\/09\/DSC_0026-300x200.jpg 300w, https:\/\/anoticiaonline.com.br\/site\/wp-content\/uploads\/2018\/09\/DSC_0026-768x512.jpg 768w\" sizes=\"(max-width: 1000px) 100vw, 1000px\" \/><\/a>\n\t\t\t<\/div><\/figure><figure class='gallery-item'>\n\t\t\t<div class='gallery-icon landscape'>\n\t\t\t\t<a href='https:\/\/anoticiaonline.com.br\/site\/wp-content\/uploads\/2018\/09\/DSC_0803-1.jpg'><img loading=\"lazy\" decoding=\"async\" width=\"1000\" height=\"667\" src=\"https:\/\/anoticiaonline.com.br\/site\/wp-content\/uploads\/2018\/09\/DSC_0803-1.jpg\" class=\"attachment-full size-full\" alt=\"\" srcset=\"https:\/\/anoticiaonline.com.br\/site\/wp-content\/uploads\/2018\/09\/DSC_0803-1.jpg 1000w, https:\/\/anoticiaonline.com.br\/site\/wp-content\/uploads\/2018\/09\/DSC_0803-1-300x200.jpg 300w, https:\/\/anoticiaonline.com.br\/site\/wp-content\/uploads\/2018\/09\/DSC_0803-1-768x512.jpg 768w\" sizes=\"(max-width: 1000px) 100vw, 1000px\" \/><\/a>\n\t\t\t<\/div><\/figure>\n\t\t<\/div>\n\n","protected":false},"excerpt":{"rendered":"<p>A Escola Municipal Professora Odal\u00e9ia Oliveira Morais de Azevedo participou do desfile c\u00edvico no Dia do Muriaeense, comemorado na quinta-feira (6). Com o tema \u201cFormas de mudar o mundo &#8211; Juntos podemos mais\u201d, os alunos fizeram parte da ala \u201cEsporte e Lazer\u201d, homenageando esportistas e modalidades de esporte de nossa terra. Sobre a E. M. &#8230; <a title=\"E. M. Professora Odal\u00e9ia Oliveira Morais de Azevedo participa de desfile no Dia do Muriaeense\" class=\"read-more\" href=\"https:\/\/anoticiaonline.com.br\/site\/e-m-professora-odaleia-oliveira-morais-de-azevedo-participa-de-desfile-no-dia-do-muriaeense\/\" aria-label=\"Read more about E. M. Professora Odal\u00e9ia Oliveira Morais de Azevedo participa de desfile no Dia do Muriaeense\">Ler mais<\/a><\/p>\n","protected":false},"author":7,"featured_media":61816,"comment_status":"open","ping_status":"open","sticky":false,"template":"","format":"standard","meta":{"_acf_changed":false,"_monsterinsights_skip_tracking":false,"footnotes":""},"categories":[30],"tags":[3126],"class_list":["post-61815","post","type-post","status-publish","format-standard","has-post-thumbnail","hentry","category-muriae","tag-professora-odaleia-oliveira-morais-de-azevedo"],"acf":[],"aioseo_notices":[],"aioseo_head":"\n\t\t<!-- All in One SEO 5.0.0.1 - aioseo.com -->\n\t<meta name=\"description\" content=\"A Escola Municipal Professora Odal\u00e9ia Oliveira Morais de Azevedo participou do desfile c\u00edvico no Dia do Muriaeense, comemorado na quinta-feira (6). Com o tema \u201cFormas de mudar o mundo - Juntos podemos mais\u201d, os alunos fizeram parte da ala \u201cEsporte e Lazer\u201d, homenageando esportistas e modalidades de esporte de nossa terra. Sobre a E. M.\" \/>\n\t<meta name=\"robots\" content=\"max-image-preview:large\" \/>\n\t<meta name=\"author\" content=\"Leandro Bebiano\"\/>\n\t<link rel=\"canonical\" href=\"https:\/\/anoticiaonline.com.br\/site\/e-m-professora-odaleia-oliveira-morais-de-azevedo-participa-de-desfile-no-dia-do-muriaeense\/\" \/>\n\t<meta name=\"generator\" content=\"All in One SEO (AIOSEO) 5.0.0.1\" \/>\n\t\t<meta property=\"og:locale\" content=\"pt_BR\" \/>\n\t\t<meta property=\"og:site_name\" content=\"A Not\u00edcia Online - Noticias de Muria\u00e9 e regi\u00e3o\" \/>\n\t\t<meta property=\"og:type\" content=\"article\" \/>\n\t\t<meta property=\"og:title\" content=\"E. M. Professora Odal\u00e9ia Oliveira Morais de Azevedo participa de desfile no Dia do Muriaeense - A Not\u00edcia Online\" \/>\n\t\t<meta property=\"og:description\" content=\"A Escola Municipal Professora Odal\u00e9ia Oliveira Morais de Azevedo participou do desfile c\u00edvico no Dia do Muriaeense, comemorado na quinta-feira (6). Com o tema \u201cFormas de mudar o mundo - Juntos podemos mais\u201d, os alunos fizeram parte da ala \u201cEsporte e Lazer\u201d, homenageando esportistas e modalidades de esporte de nossa terra. Sobre a E. M.\" \/>\n\t\t<meta property=\"og:url\" content=\"https:\/\/anoticiaonline.com.br\/site\/e-m-professora-odaleia-oliveira-morais-de-azevedo-participa-de-desfile-no-dia-do-muriaeense\/\" \/>\n\t\t<meta property=\"og:image\" content=\"https:\/\/scontent-gig4-1.xx.fbcdn.net\/v\/t39.30808-1\/270437624_4564083193639691_6907940295614233970_n.jpg?stp=dst-jpg_s200x200_tt6&#038;_nc_cat=111&#038;ccb=1-7&#038;_nc_sid=f907e8&#038;_nc_ohc=SM1wRlP3lJwQ7kNvwEPuBYA&#038;_nc_oc=AdnqrjDN_BNjSSHWO-GbkIWH6fkGMLw4bqvL_NH6e2wMveX7G-rP2dAqsDSq1mJMOaY&#038;_nc_zt=24&#038;_nc_ht=scontent-gig4-1.xx&#038;_nc_gid=AoBFJeGrT1hVaew_6rchkQ&#038;oh=00_AfX7QmFGhQhG2jAllVgXCiM1ZrWgvtp80-Bfppyexh1QEg&#038;oe=689E923C\" \/>\n\t\t<meta property=\"og:image:secure_url\" content=\"https:\/\/scontent-gig4-1.xx.fbcdn.net\/v\/t39.30808-1\/270437624_4564083193639691_6907940295614233970_n.jpg?stp=dst-jpg_s200x200_tt6&#038;_nc_cat=111&#038;ccb=1-7&#038;_nc_sid=f907e8&#038;_nc_ohc=SM1wRlP3lJwQ7kNvwEPuBYA&#038;_nc_oc=AdnqrjDN_BNjSSHWO-GbkIWH6fkGMLw4bqvL_NH6e2wMveX7G-rP2dAqsDSq1mJMOaY&#038;_nc_zt=24&#038;_nc_ht=scontent-gig4-1.xx&#038;_nc_gid=AoBFJeGrT1hVaew_6rchkQ&#038;oh=00_AfX7QmFGhQhG2jAllVgXCiM1ZrWgvtp80-Bfppyexh1QEg&#038;oe=689E923C\" \/>\n\t\t<meta property=\"article:published_time\" content=\"2018-09-17T13:27:49+00:00\" \/>\n\t\t<meta property=\"article:modified_time\" content=\"2018-09-25T12:45:55+00:00\" \/>\n\t\t<meta name=\"twitter:card\" content=\"summary_large_image\" \/>\n\t\t<meta name=\"twitter:title\" content=\"E. M. Professora Odal\u00e9ia Oliveira Morais de Azevedo participa de desfile no Dia do Muriaeense - A Not\u00edcia Online\" \/>\n\t\t<meta name=\"twitter:description\" content=\"A Escola Municipal Professora Odal\u00e9ia Oliveira Morais de Azevedo participou do desfile c\u00edvico no Dia do Muriaeense, comemorado na quinta-feira (6). Com o tema \u201cFormas de mudar o mundo - Juntos podemos mais\u201d, os alunos fizeram parte da ala \u201cEsporte e Lazer\u201d, homenageando esportistas e modalidades de esporte de nossa terra. Sobre a E. M.\" \/>\n\t\t<meta name=\"twitter:image\" content=\"https:\/\/scontent-gig4-1.xx.fbcdn.net\/v\/t39.30808-1\/270437624_4564083193639691_6907940295614233970_n.jpg?stp=dst-jpg_s200x200_tt6&amp;_nc_cat=111&amp;ccb=1-7&amp;_nc_sid=f907e8&amp;_nc_ohc=SM1wRlP3lJwQ7kNvwEPuBYA&amp;_nc_oc=AdnqrjDN_BNjSSHWO-GbkIWH6fkGMLw4bqvL_NH6e2wMveX7G-rP2dAqsDSq1mJMOaY&amp;_nc_zt=24&amp;_nc_ht=scontent-gig4-1.xx&amp;_nc_gid=AoBFJeGrT1hVaew_6rchkQ&amp;oh=00_AfX7QmFGhQhG2jAllVgXCiM1ZrWgvtp80-Bfppyexh1QEg&amp;oe=689E923C\" \/>\n\t\t<script type=\"application\/ld+json\" class=\"aioseo-schema\">\n\t\t\t{\"@context\":\"https:\\\/\\\/schema.org\",\"@graph\":[{\"@type\":\"BlogPosting\",\"@id\":\"https:\\\/\\\/anoticiaonline.com.br\\\/site\\\/e-m-professora-odaleia-oliveira-morais-de-azevedo-participa-de-desfile-no-dia-do-muriaeense\\\/#blogposting\",\"name\":\"E. M. Professora Odal\\u00e9ia Oliveira Morais de Azevedo participa de desfile no Dia do Muriaeense - A Not\\u00edcia Online\",\"headline\":\"E. M. Professora Odal\\u00e9ia Oliveira Morais de Azevedo participa de desfile no Dia do Muriaeense\",\"author\":{\"@id\":\"https:\\\/\\\/anoticiaonline.com.br\\\/site\\\/author\\\/leandro\\\/#author\"},\"publisher\":{\"@id\":\"https:\\\/\\\/anoticiaonline.com.br\\\/site\\\/#organization\"},\"image\":{\"@type\":\"ImageObject\",\"url\":\"https:\\\/\\\/anoticiaonline.com.br\\\/site\\\/wp-content\\\/uploads\\\/2018\\\/09\\\/DSC_0017-1.jpg\",\"width\":1000,\"height\":667},\"datePublished\":\"2018-09-17T10:27:49-03:00\",\"dateModified\":\"2018-09-25T09:45:55-03:00\",\"inLanguage\":\"pt-BR\",\"mainEntityOfPage\":{\"@id\":\"https:\\\/\\\/anoticiaonline.com.br\\\/site\\\/e-m-professora-odaleia-oliveira-morais-de-azevedo-participa-de-desfile-no-dia-do-muriaeense\\\/#webpage\"},\"isPartOf\":{\"@id\":\"https:\\\/\\\/anoticiaonline.com.br\\\/site\\\/e-m-professora-odaleia-oliveira-morais-de-azevedo-participa-de-desfile-no-dia-do-muriaeense\\\/#webpage\"},\"articleSection\":\"Blog, Professora Odal\\u00e9ia Oliveira Morais de Azevedo\"},{\"@type\":\"BreadcrumbList\",\"@id\":\"https:\\\/\\\/anoticiaonline.com.br\\\/site\\\/e-m-professora-odaleia-oliveira-morais-de-azevedo-participa-de-desfile-no-dia-do-muriaeense\\\/#breadcrumblist\",\"itemListElement\":[{\"@type\":\"ListItem\",\"@id\":\"https:\\\/\\\/anoticiaonline.com.br\\\/site#listItem\",\"position\":1,\"name\":\"Home\",\"item\":\"https:\\\/\\\/anoticiaonline.com.br\\\/site\",\"nextItem\":{\"@type\":\"ListItem\",\"@id\":\"https:\\\/\\\/anoticiaonline.com.br\\\/site\\\/categoria\\\/muriae\\\/#listItem\",\"name\":\"Blog\"}},{\"@type\":\"ListItem\",\"@id\":\"https:\\\/\\\/anoticiaonline.com.br\\\/site\\\/categoria\\\/muriae\\\/#listItem\",\"position\":2,\"name\":\"Blog\",\"item\":\"https:\\\/\\\/anoticiaonline.com.br\\\/site\\\/categoria\\\/muriae\\\/\",\"nextItem\":{\"@type\":\"ListItem\",\"@id\":\"https:\\\/\\\/anoticiaonline.com.br\\\/site\\\/e-m-professora-odaleia-oliveira-morais-de-azevedo-participa-de-desfile-no-dia-do-muriaeense\\\/#listItem\",\"name\":\"E. M. Professora Odal\\u00e9ia Oliveira Morais de Azevedo participa de desfile no Dia do Muriaeense\"},\"previousItem\":{\"@type\":\"ListItem\",\"@id\":\"https:\\\/\\\/anoticiaonline.com.br\\\/site#listItem\",\"name\":\"Home\"}},{\"@type\":\"ListItem\",\"@id\":\"https:\\\/\\\/anoticiaonline.com.br\\\/site\\\/e-m-professora-odaleia-oliveira-morais-de-azevedo-participa-de-desfile-no-dia-do-muriaeense\\\/#listItem\",\"position\":3,\"name\":\"E. M. Professora Odal\\u00e9ia Oliveira Morais de Azevedo participa de desfile no Dia do Muriaeense\",\"previousItem\":{\"@type\":\"ListItem\",\"@id\":\"https:\\\/\\\/anoticiaonline.com.br\\\/site\\\/categoria\\\/muriae\\\/#listItem\",\"name\":\"Blog\"}}]},{\"@type\":\"Organization\",\"@id\":\"https:\\\/\\\/anoticiaonline.com.br\\\/site\\\/#organization\",\"name\":\"A Not\\u00edcia Online\",\"description\":\"Noticias de Muria\\u00e9 e regi\\u00e3o\",\"url\":\"https:\\\/\\\/anoticiaonline.com.br\\\/site\\\/\",\"logo\":{\"@type\":\"ImageObject\",\"url\":\"https:\\\/\\\/scontent-gig4-1.xx.fbcdn.net\\\/v\\\/t39.30808-1\\\/270437624_4564083193639691_6907940295614233970_n.jpg?stp=dst-jpg_s200x200_tt6&_nc_cat=111&ccb=1-7&_nc_sid=f907e8&_nc_ohc=SM1wRlP3lJwQ7kNvwEPuBYA&_nc_oc=AdnqrjDN_BNjSSHWO-GbkIWH6fkGMLw4bqvL_NH6e2wMveX7G-rP2dAqsDSq1mJMOaY&_nc_zt=24&_nc_ht=scontent-gig4-1.xx&_nc_gid=AoBFJeGrT1hVaew_6rchkQ&oh=00_AfX7QmFGhQhG2jAllVgXCiM1ZrWgvtp80-Bfppyexh1QEg&oe=689E923C\",\"@id\":\"https:\\\/\\\/anoticiaonline.com.br\\\/site\\\/e-m-professora-odaleia-oliveira-morais-de-azevedo-participa-de-desfile-no-dia-do-muriaeense\\\/#organizationLogo\"},\"image\":{\"@id\":\"https:\\\/\\\/anoticiaonline.com.br\\\/site\\\/e-m-professora-odaleia-oliveira-morais-de-azevedo-participa-de-desfile-no-dia-do-muriaeense\\\/#organizationLogo\"}},{\"@type\":\"Person\",\"@id\":\"https:\\\/\\\/anoticiaonline.com.br\\\/site\\\/author\\\/leandro\\\/#author\",\"url\":\"https:\\\/\\\/anoticiaonline.com.br\\\/site\\\/author\\\/leandro\\\/\",\"name\":\"Leandro Bebiano\",\"image\":{\"@type\":\"ImageObject\",\"@id\":\"https:\\\/\\\/anoticiaonline.com.br\\\/site\\\/e-m-professora-odaleia-oliveira-morais-de-azevedo-participa-de-desfile-no-dia-do-muriaeense\\\/#authorImage\",\"url\":\"https:\\\/\\\/secure.gravatar.com\\\/avatar\\\/99966a20c143db97c8590c2013307c7c234a4cca48ed5657cbb47e22a400bd5f?s=96&d=mm&r=g\",\"width\":96,\"height\":96,\"caption\":\"Leandro Bebiano\"}},{\"@type\":\"WebPage\",\"@id\":\"https:\\\/\\\/anoticiaonline.com.br\\\/site\\\/e-m-professora-odaleia-oliveira-morais-de-azevedo-participa-de-desfile-no-dia-do-muriaeense\\\/#webpage\",\"url\":\"https:\\\/\\\/anoticiaonline.com.br\\\/site\\\/e-m-professora-odaleia-oliveira-morais-de-azevedo-participa-de-desfile-no-dia-do-muriaeense\\\/\",\"name\":\"E. M. Professora Odal\\u00e9ia Oliveira Morais de Azevedo participa de desfile no Dia do Muriaeense - A Not\\u00edcia Online\",\"description\":\"A Escola Municipal Professora Odal\\u00e9ia Oliveira Morais de Azevedo participou do desfile c\\u00edvico no Dia do Muriaeense, comemorado na quinta-feira (6). Com o tema \\u201cFormas de mudar o mundo - Juntos podemos mais\\u201d, os alunos fizeram parte da ala \\u201cEsporte e Lazer\\u201d, homenageando esportistas e modalidades de esporte de nossa terra. Sobre a E. M.\",\"inLanguage\":\"pt-BR\",\"isPartOf\":{\"@id\":\"https:\\\/\\\/anoticiaonline.com.br\\\/site\\\/#website\"},\"breadcrumb\":{\"@id\":\"https:\\\/\\\/anoticiaonline.com.br\\\/site\\\/e-m-professora-odaleia-oliveira-morais-de-azevedo-participa-de-desfile-no-dia-do-muriaeense\\\/#breadcrumblist\"},\"author\":{\"@id\":\"https:\\\/\\\/anoticiaonline.com.br\\\/site\\\/author\\\/leandro\\\/#author\"},\"creator\":{\"@id\":\"https:\\\/\\\/anoticiaonline.com.br\\\/site\\\/author\\\/leandro\\\/#author\"},\"image\":{\"@type\":\"ImageObject\",\"url\":\"https:\\\/\\\/anoticiaonline.com.br\\\/site\\\/wp-content\\\/uploads\\\/2018\\\/09\\\/DSC_0017-1.jpg\",\"@id\":\"https:\\\/\\\/anoticiaonline.com.br\\\/site\\\/e-m-professora-odaleia-oliveira-morais-de-azevedo-participa-de-desfile-no-dia-do-muriaeense\\\/#mainImage\",\"width\":1000,\"height\":667},\"primaryImageOfPage\":{\"@id\":\"https:\\\/\\\/anoticiaonline.com.br\\\/site\\\/e-m-professora-odaleia-oliveira-morais-de-azevedo-participa-de-desfile-no-dia-do-muriaeense\\\/#mainImage\"},\"datePublished\":\"2018-09-17T10:27:49-03:00\",\"dateModified\":\"2018-09-25T09:45:55-03:00\"},{\"@type\":\"WebSite\",\"@id\":\"https:\\\/\\\/anoticiaonline.com.br\\\/site\\\/#website\",\"url\":\"https:\\\/\\\/anoticiaonline.com.br\\\/site\\\/\",\"name\":\"A Not\\u00edcia Online\",\"description\":\"Noticias de Muria\\u00e9 e regi\\u00e3o\",\"inLanguage\":\"pt-BR\",\"publisher\":{\"@id\":\"https:\\\/\\\/anoticiaonline.com.br\\\/site\\\/#organization\"}}]}\n\t\t<\/script>\n\t\t<!-- All in One SEO -->\n\n","aioseo_head_json":{"title":"E. M. Professora Odal\u00e9ia Oliveira Morais de Azevedo participa de desfile no Dia do Muriaeense - A Not\u00edcia Online","description":"A Escola Municipal Professora Odal\u00e9ia Oliveira Morais de Azevedo participou do desfile c\u00edvico no Dia do Muriaeense, comemorado na quinta-feira (6). Com o tema \u201cFormas de mudar o mundo - Juntos podemos mais\u201d, os alunos fizeram parte da ala \u201cEsporte e Lazer\u201d, homenageando esportistas e modalidades de esporte de nossa terra. Sobre a E. M.","canonical_url":"https:\/\/anoticiaonline.com.br\/site\/e-m-professora-odaleia-oliveira-morais-de-azevedo-participa-de-desfile-no-dia-do-muriaeense\/","robots":"max-image-preview:large","keywords":"","webmasterTools":{"miscellaneous":""},"schema":{"@context":"https:\/\/schema.org","@graph":[{"@type":"BlogPosting","@id":"https:\/\/anoticiaonline.com.br\/site\/e-m-professora-odaleia-oliveira-morais-de-azevedo-participa-de-desfile-no-dia-do-muriaeense\/#blogposting","name":"E. M. Professora Odal\u00e9ia Oliveira Morais de Azevedo participa de desfile no Dia do Muriaeense - A Not\u00edcia Online","headline":"E. M. Professora Odal\u00e9ia Oliveira Morais de Azevedo participa de desfile no Dia do Muriaeense","author":{"@id":"https:\/\/anoticiaonline.com.br\/site\/author\/leandro\/#author"},"publisher":{"@id":"https:\/\/anoticiaonline.com.br\/site\/#organization"},"image":{"@type":"ImageObject","url":"https:\/\/anoticiaonline.com.br\/site\/wp-content\/uploads\/2018\/09\/DSC_0017-1.jpg","width":1000,"height":667},"datePublished":"2018-09-17T10:27:49-03:00","dateModified":"2018-09-25T09:45:55-03:00","inLanguage":"pt-BR","mainEntityOfPage":{"@id":"https:\/\/anoticiaonline.com.br\/site\/e-m-professora-odaleia-oliveira-morais-de-azevedo-participa-de-desfile-no-dia-do-muriaeense\/#webpage"},"isPartOf":{"@id":"https:\/\/anoticiaonline.com.br\/site\/e-m-professora-odaleia-oliveira-morais-de-azevedo-participa-de-desfile-no-dia-do-muriaeense\/#webpage"},"articleSection":"Blog, Professora Odal\u00e9ia Oliveira Morais de Azevedo"},{"@type":"BreadcrumbList","@id":"https:\/\/anoticiaonline.com.br\/site\/e-m-professora-odaleia-oliveira-morais-de-azevedo-participa-de-desfile-no-dia-do-muriaeense\/#breadcrumblist","itemListElement":[{"@type":"ListItem","@id":"https:\/\/anoticiaonline.com.br\/site#listItem","position":1,"name":"Home","item":"https:\/\/anoticiaonline.com.br\/site","nextItem":{"@type":"ListItem","@id":"https:\/\/anoticiaonline.com.br\/site\/categoria\/muriae\/#listItem","name":"Blog"}},{"@type":"ListItem","@id":"https:\/\/anoticiaonline.com.br\/site\/categoria\/muriae\/#listItem","position":2,"name":"Blog","item":"https:\/\/anoticiaonline.com.br\/site\/categoria\/muriae\/","nextItem":{"@type":"ListItem","@id":"https:\/\/anoticiaonline.com.br\/site\/e-m-professora-odaleia-oliveira-morais-de-azevedo-participa-de-desfile-no-dia-do-muriaeense\/#listItem","name":"E. M. Professora Odal\u00e9ia Oliveira Morais de Azevedo participa de desfile no Dia do Muriaeense"},"previousItem":{"@type":"ListItem","@id":"https:\/\/anoticiaonline.com.br\/site#listItem","name":"Home"}},{"@type":"ListItem","@id":"https:\/\/anoticiaonline.com.br\/site\/e-m-professora-odaleia-oliveira-morais-de-azevedo-participa-de-desfile-no-dia-do-muriaeense\/#listItem","position":3,"name":"E. M. Professora Odal\u00e9ia Oliveira Morais de Azevedo participa de desfile no Dia do Muriaeense","previousItem":{"@type":"ListItem","@id":"https:\/\/anoticiaonline.com.br\/site\/categoria\/muriae\/#listItem","name":"Blog"}}]},{"@type":"Organization","@id":"https:\/\/anoticiaonline.com.br\/site\/#organization","name":"A Not\u00edcia Online","description":"Noticias de Muria\u00e9 e regi\u00e3o","url":"https:\/\/anoticiaonline.com.br\/site\/","logo":{"@type":"ImageObject","url":"https:\/\/scontent-gig4-1.xx.fbcdn.net\/v\/t39.30808-1\/270437624_4564083193639691_6907940295614233970_n.jpg?stp=dst-jpg_s200x200_tt6&_nc_cat=111&ccb=1-7&_nc_sid=f907e8&_nc_ohc=SM1wRlP3lJwQ7kNvwEPuBYA&_nc_oc=AdnqrjDN_BNjSSHWO-GbkIWH6fkGMLw4bqvL_NH6e2wMveX7G-rP2dAqsDSq1mJMOaY&_nc_zt=24&_nc_ht=scontent-gig4-1.xx&_nc_gid=AoBFJeGrT1hVaew_6rchkQ&oh=00_AfX7QmFGhQhG2jAllVgXCiM1ZrWgvtp80-Bfppyexh1QEg&oe=689E923C","@id":"https:\/\/anoticiaonline.com.br\/site\/e-m-professora-odaleia-oliveira-morais-de-azevedo-participa-de-desfile-no-dia-do-muriaeense\/#organizationLogo"},"image":{"@id":"https:\/\/anoticiaonline.com.br\/site\/e-m-professora-odaleia-oliveira-morais-de-azevedo-participa-de-desfile-no-dia-do-muriaeense\/#organizationLogo"}},{"@type":"Person","@id":"https:\/\/anoticiaonline.com.br\/site\/author\/leandro\/#author","url":"https:\/\/anoticiaonline.com.br\/site\/author\/leandro\/","name":"Leandro Bebiano","image":{"@type":"ImageObject","@id":"https:\/\/anoticiaonline.com.br\/site\/e-m-professora-odaleia-oliveira-morais-de-azevedo-participa-de-desfile-no-dia-do-muriaeense\/#authorImage","url":"https:\/\/secure.gravatar.com\/avatar\/99966a20c143db97c8590c2013307c7c234a4cca48ed5657cbb47e22a400bd5f?s=96&d=mm&r=g","width":96,"height":96,"caption":"Leandro Bebiano"}},{"@type":"WebPage","@id":"https:\/\/anoticiaonline.com.br\/site\/e-m-professora-odaleia-oliveira-morais-de-azevedo-participa-de-desfile-no-dia-do-muriaeense\/#webpage","url":"https:\/\/anoticiaonline.com.br\/site\/e-m-professora-odaleia-oliveira-morais-de-azevedo-participa-de-desfile-no-dia-do-muriaeense\/","name":"E. M. Professora Odal\u00e9ia Oliveira Morais de Azevedo participa de desfile no Dia do Muriaeense - A Not\u00edcia Online","description":"A Escola Municipal Professora Odal\u00e9ia Oliveira Morais de Azevedo participou do desfile c\u00edvico no Dia do Muriaeense, comemorado na quinta-feira (6). Com o tema \u201cFormas de mudar o mundo - Juntos podemos mais\u201d, os alunos fizeram parte da ala \u201cEsporte e Lazer\u201d, homenageando esportistas e modalidades de esporte de nossa terra. Sobre a E. M.","inLanguage":"pt-BR","isPartOf":{"@id":"https:\/\/anoticiaonline.com.br\/site\/#website"},"breadcrumb":{"@id":"https:\/\/anoticiaonline.com.br\/site\/e-m-professora-odaleia-oliveira-morais-de-azevedo-participa-de-desfile-no-dia-do-muriaeense\/#breadcrumblist"},"author":{"@id":"https:\/\/anoticiaonline.com.br\/site\/author\/leandro\/#author"},"creator":{"@id":"https:\/\/anoticiaonline.com.br\/site\/author\/leandro\/#author"},"image":{"@type":"ImageObject","url":"https:\/\/anoticiaonline.com.br\/site\/wp-content\/uploads\/2018\/09\/DSC_0017-1.jpg","@id":"https:\/\/anoticiaonline.com.br\/site\/e-m-professora-odaleia-oliveira-morais-de-azevedo-participa-de-desfile-no-dia-do-muriaeense\/#mainImage","width":1000,"height":667},"primaryImageOfPage":{"@id":"https:\/\/anoticiaonline.com.br\/site\/e-m-professora-odaleia-oliveira-morais-de-azevedo-participa-de-desfile-no-dia-do-muriaeense\/#mainImage"},"datePublished":"2018-09-17T10:27:49-03:00","dateModified":"2018-09-25T09:45:55-03:00"},{"@type":"WebSite","@id":"https:\/\/anoticiaonline.com.br\/site\/#website","url":"https:\/\/anoticiaonline.com.br\/site\/","name":"A Not\u00edcia Online","description":"Noticias de Muria\u00e9 e regi\u00e3o","inLanguage":"pt-BR","publisher":{"@id":"https:\/\/anoticiaonline.com.br\/site\/#organization"}}]},"og:locale":"pt_BR","og:site_name":"A Not\u00edcia Online - Noticias de Muria\u00e9 e regi\u00e3o","og:type":"article","og:title":"E. M. Professora Odal\u00e9ia Oliveira Morais de Azevedo participa de desfile no Dia do Muriaeense - A Not\u00edcia Online","og:description":"A Escola Municipal Professora Odal\u00e9ia Oliveira Morais de Azevedo participou do desfile c\u00edvico no Dia do Muriaeense, comemorado na quinta-feira (6). Com o tema \u201cFormas de mudar o mundo - Juntos podemos mais\u201d, os alunos fizeram parte da ala \u201cEsporte e Lazer\u201d, homenageando esportistas e modalidades de esporte de nossa terra. Sobre a E. M.","og:url":"https:\/\/anoticiaonline.com.br\/site\/e-m-professora-odaleia-oliveira-morais-de-azevedo-participa-de-desfile-no-dia-do-muriaeense\/","og:image":"https:\/\/scontent-gig4-1.xx.fbcdn.net\/v\/t39.30808-1\/270437624_4564083193639691_6907940295614233970_n.jpg?stp=dst-jpg_s200x200_tt6&#038;_nc_cat=111&#038;ccb=1-7&#038;_nc_sid=f907e8&#038;_nc_ohc=SM1wRlP3lJwQ7kNvwEPuBYA&#038;_nc_oc=AdnqrjDN_BNjSSHWO-GbkIWH6fkGMLw4bqvL_NH6e2wMveX7G-rP2dAqsDSq1mJMOaY&#038;_nc_zt=24&#038;_nc_ht=scontent-gig4-1.xx&#038;_nc_gid=AoBFJeGrT1hVaew_6rchkQ&#038;oh=00_AfX7QmFGhQhG2jAllVgXCiM1ZrWgvtp80-Bfppyexh1QEg&#038;oe=689E923C","og:image:secure_url":"https:\/\/scontent-gig4-1.xx.fbcdn.net\/v\/t39.30808-1\/270437624_4564083193639691_6907940295614233970_n.jpg?stp=dst-jpg_s200x200_tt6&#038;_nc_cat=111&#038;ccb=1-7&#038;_nc_sid=f907e8&#038;_nc_ohc=SM1wRlP3lJwQ7kNvwEPuBYA&#038;_nc_oc=AdnqrjDN_BNjSSHWO-GbkIWH6fkGMLw4bqvL_NH6e2wMveX7G-rP2dAqsDSq1mJMOaY&#038;_nc_zt=24&#038;_nc_ht=scontent-gig4-1.xx&#038;_nc_gid=AoBFJeGrT1hVaew_6rchkQ&#038;oh=00_AfX7QmFGhQhG2jAllVgXCiM1ZrWgvtp80-Bfppyexh1QEg&#038;oe=689E923C","article:published_time":"2018-09-17T13:27:49+00:00","article:modified_time":"2018-09-25T12:45:55+00:00","twitter:card":"summary_large_image","twitter:title":"E. M. Professora Odal\u00e9ia Oliveira Morais de Azevedo participa de desfile no Dia do Muriaeense - A Not\u00edcia Online","twitter:description":"A Escola Municipal Professora Odal\u00e9ia Oliveira Morais de Azevedo participou do desfile c\u00edvico no Dia do Muriaeense, comemorado na quinta-feira (6). Com o tema \u201cFormas de mudar o mundo - Juntos podemos mais\u201d, os alunos fizeram parte da ala \u201cEsporte e Lazer\u201d, homenageando esportistas e modalidades de esporte de nossa terra. Sobre a E. M.","twitter:image":"https:\/\/scontent-gig4-1.xx.fbcdn.net\/v\/t39.30808-1\/270437624_4564083193639691_6907940295614233970_n.jpg?stp=dst-jpg_s200x200_tt6&_nc_cat=111&ccb=1-7&_nc_sid=f907e8&_nc_ohc=SM1wRlP3lJwQ7kNvwEPuBYA&_nc_oc=AdnqrjDN_BNjSSHWO-GbkIWH6fkGMLw4bqvL_NH6e2wMveX7G-rP2dAqsDSq1mJMOaY&_nc_zt=24&_nc_ht=scontent-gig4-1.xx&_nc_gid=AoBFJeGrT1hVaew_6rchkQ&oh=00_AfX7QmFGhQhG2jAllVgXCiM1ZrWgvtp80-Bfppyexh1QEg&oe=689E923C"},"aioseo_meta_data":{"post_id":"61815","title":null,"description":null,"keywords":null,"keyphrases":null,"primary_term":null,"canonical_url":null,"og_title":null,"og_description":null,"og_object_type":"default","og_image_type":"default","og_image_url":null,"og_image_width":null,"og_image_height":null,"og_image_custom_url":null,"og_image_custom_fields":null,"og_video":null,"og_custom_url":null,"og_article_section":null,"og_article_tags":null,"twitter_use_og":false,"twitter_card":"default","twitter_image_type":"default","twitter_image_url":null,"twitter_image_custom_url":null,"twitter_image_custom_fields":null,"twitter_title":null,"twitter_description":null,"schema":{"blockGraphs":[],"customGraphs":[],"default":{"data":{"Article":[],"Course":[],"Dataset":[],"FAQPage":[],"Movie":[],"Person":[],"Product":[],"ProductReview":[],"Car":[],"Recipe":[],"Service":[],"SoftwareApplication":[],"WebPage":[]},"graphName":"","isEnabled":true},"graphs":[]},"schema_type":"default","schema_type_options":null,"pillar_content":false,"robots_default":true,"robots_noindex":false,"robots_noarchive":false,"robots_nosnippet":false,"robots_nofollow":false,"robots_noimageindex":false,"robots_noodp":false,"robots_notranslate":false,"robots_max_snippet":null,"robots_max_videopreview":null,"robots_max_imagepreview":"large","priority":null,"frequency":null,"local_seo":null,"breadcrumb_settings":null,"limit_modified_date":false,"ai":null,"created":"2025-08-16 21:40:35","updated":"2025-08-16 21:40:35","focus_keyword":null,"additional_keywords":null,"truseo_locale":null,"seo_analyzer_scan_date":null},"aioseo_breadcrumb":"<div class=\"aioseo-breadcrumbs\"><span class=\"aioseo-breadcrumb\">\n\t\t\t<a href=\"https:\/\/anoticiaonline.com.br\/site\" title=\"Home\">Home<\/a>\n\t\t<\/span><span class=\"aioseo-breadcrumb-separator\">&raquo;<\/span><span class=\"aioseo-breadcrumb\">\n\t\t\t<a href=\"https:\/\/anoticiaonline.com.br\/site\/categoria\/muriae\/\" title=\"Blog\">Blog<\/a>\n\t\t<\/span><span class=\"aioseo-breadcrumb-separator\">&raquo;<\/span><span class=\"aioseo-breadcrumb\">\n\t\t\tE. M. Professora Odal\u00e9ia Oliveira Morais de Azevedo participa de desfile no Dia do Muriaeense\n\t\t<\/span><\/div>","aioseo_breadcrumb_json":[{"label":"Home","link":"https:\/\/anoticiaonline.com.br\/site"},{"label":"Blog","link":"https:\/\/anoticiaonline.com.br\/site\/categoria\/muriae\/"},{"label":"E. M. Professora Odal\u00e9ia Oliveira Morais de Azevedo participa de desfile no Dia do Muriaeense","link":"https:\/\/anoticiaonline.com.br\/site\/e-m-professora-odaleia-oliveira-morais-de-azevedo-participa-de-desfile-no-dia-do-muriaeense\/"}],"views":194,"_links":{"self":[{"href":"https:\/\/anoticiaonline.com.br\/site\/wp-json\/wp\/v2\/posts\/61815","targetHints":{"allow":["GET"]}}],"collection":[{"href":"https:\/\/anoticiaonline.com.br\/site\/wp-json\/wp\/v2\/posts"}],"about":[{"href":"https:\/\/anoticiaonline.com.br\/site\/wp-json\/wp\/v2\/types\/post"}],"author":[{"embeddable":true,"href":"https:\/\/anoticiaonline.com.br\/site\/wp-json\/wp\/v2\/users\/7"}],"replies":[{"embeddable":true,"href":"https:\/\/anoticiaonline.com.br\/site\/wp-json\/wp\/v2\/comments?post=61815"}],"version-history":[{"count":0,"href":"https:\/\/anoticiaonline.com.br\/site\/wp-json\/wp\/v2\/posts\/61815\/revisions"}],"wp:featuredmedia":[{"embeddable":true,"href":"https:\/\/anoticiaonline.com.br\/site\/wp-json\/wp\/v2\/media\/61816"}],"wp:attachment":[{"href":"https:\/\/anoticiaonline.com.br\/site\/wp-json\/wp\/v2\/media?parent=61815"}],"wp:term":[{"taxonomy":"category","embeddable":true,"href":"https:\/\/anoticiaonline.com.br\/site\/wp-json\/wp\/v2\/categories?post=61815"},{"taxonomy":"post_tag","embeddable":true,"href":"https:\/\/anoticiaonline.com.br\/site\/wp-json\/wp\/v2\/tags?post=61815"}],"curies":[{"name":"wp","href":"https:\/\/api.w.org\/{rel}","templated":true}]}}