{"id":61809,"date":"2018-09-17T10:21:53","date_gmt":"2018-09-17T13:21:53","guid":{"rendered":"http:\/\/anoticiaonline.com.br\/site\/?p=61809"},"modified":"2018-09-25T09:50:31","modified_gmt":"2018-09-25T12:50:31","slug":"escola-municipal-irene-pereira-dias-nunes-marca-presenca-no-desfile-civico-do-dia-do-muriaeense","status":"publish","type":"post","link":"https:\/\/anoticiaonline.com.br\/site\/escola-municipal-irene-pereira-dias-nunes-marca-presenca-no-desfile-civico-do-dia-do-muriaeense\/","title":{"rendered":"Escola Municipal Irene Pereira Dias Nunes marca presen\u00e7a no desfile c\u00edvico do Dia do Muriaeense"},"content":{"rendered":"<p><a href=\"https:\/\/anoticiaonline.com.br\/site\/wp-content\/uploads\/2018\/09\/DSC_0568.jpg\"><img fetchpriority=\"high\" decoding=\"async\" class=\"aligncenter size-full wp-image-61810\" src=\"https:\/\/anoticiaonline.com.br\/site\/wp-content\/uploads\/2018\/09\/DSC_0568.jpg\" alt=\"\" width=\"1000\" height=\"750\" srcset=\"https:\/\/anoticiaonline.com.br\/site\/wp-content\/uploads\/2018\/09\/DSC_0568.jpg 1000w, https:\/\/anoticiaonline.com.br\/site\/wp-content\/uploads\/2018\/09\/DSC_0568-300x225.jpg 300w, https:\/\/anoticiaonline.com.br\/site\/wp-content\/uploads\/2018\/09\/DSC_0568-768x576.jpg 768w, https:\/\/anoticiaonline.com.br\/site\/wp-content\/uploads\/2018\/09\/DSC_0568-105x80.jpg 105w\" sizes=\"(max-width: 1000px) 100vw, 1000px\" \/><\/a>A Escola Municipal Irene Pereira Dias Nunes marcou presen\u00e7a no desfile c\u00edvico do Dia do Muriaeense, realizado na manh\u00e3 de quinta-feira (6), na Rua Cel. Domiciano.<\/p>\n<p>Com o tema \u201cFormas de mudar o mundo: Juntos podemos mais\u201d, os alunos fizeram parte da ala Cultura, exaltada por Alcyr Pires Vermelho, que nasceu em Muria\u00e9, no dia 8 de janeiro de 1906, e faleceu aos 88 anos, no Rio de Janeiro. Pianista, pintor e compositor brasileiro, foi um descobridor de melodias e teve suas m\u00fasicas gravadas por grandes int\u00e9rpretes como Carmem Miranda, Gal Costa, Francisco Alves, Ney Mato Grosso e outros.<\/p>\n<p><strong>Sobre a Escola Municipal Irene Pereira Dias Nunes &#8211;<\/strong> Localizada na Rua Italiana, no Bairro Santo Ant\u00f4nio. A escola atende a 215 alunos entre Creche, Educa\u00e7\u00e3o Infantil e Ensino Fundamental I.\u00a0 Tem como diretora Nilda Paul Dala Paula e diretora adjunta Alessandra Barbosa Ferreira, al\u00e9m de 29 profissionais da educa\u00e7\u00e3o.<\/p>\n<div id='gallery-1' class='gallery galleryid-61809 gallery-columns-1 gallery-size-full'><figure class='gallery-item'>\n\t\t\t<div class='gallery-icon landscape'>\n\t\t\t\t<a href='https:\/\/anoticiaonline.com.br\/site\/wp-content\/uploads\/2018\/09\/DSC_0570.jpg'><img decoding=\"async\" width=\"1000\" height=\"667\" src=\"https:\/\/anoticiaonline.com.br\/site\/wp-content\/uploads\/2018\/09\/DSC_0570.jpg\" class=\"attachment-full size-full\" alt=\"\" srcset=\"https:\/\/anoticiaonline.com.br\/site\/wp-content\/uploads\/2018\/09\/DSC_0570.jpg 1000w, https:\/\/anoticiaonline.com.br\/site\/wp-content\/uploads\/2018\/09\/DSC_0570-300x200.jpg 300w, https:\/\/anoticiaonline.com.br\/site\/wp-content\/uploads\/2018\/09\/DSC_0570-768x512.jpg 768w\" sizes=\"(max-width: 1000px) 100vw, 1000px\" \/><\/a>\n\t\t\t<\/div><\/figure><figure class='gallery-item'>\n\t\t\t<div class='gallery-icon landscape'>\n\t\t\t\t<a href='https:\/\/anoticiaonline.com.br\/site\/wp-content\/uploads\/2018\/09\/DSC_0768-1.jpg'><img decoding=\"async\" width=\"1000\" height=\"667\" src=\"https:\/\/anoticiaonline.com.br\/site\/wp-content\/uploads\/2018\/09\/DSC_0768-1.jpg\" class=\"attachment-full size-full\" alt=\"\" srcset=\"https:\/\/anoticiaonline.com.br\/site\/wp-content\/uploads\/2018\/09\/DSC_0768-1.jpg 1000w, https:\/\/anoticiaonline.com.br\/site\/wp-content\/uploads\/2018\/09\/DSC_0768-1-300x200.jpg 300w, https:\/\/anoticiaonline.com.br\/site\/wp-content\/uploads\/2018\/09\/DSC_0768-1-768x512.jpg 768w\" sizes=\"(max-width: 1000px) 100vw, 1000px\" \/><\/a>\n\t\t\t<\/div><\/figure><figure class='gallery-item'>\n\t\t\t<div class='gallery-icon landscape'>\n\t\t\t\t<a href='https:\/\/anoticiaonline.com.br\/site\/wp-content\/uploads\/2018\/09\/DSC_0770-1.jpg'><img loading=\"lazy\" decoding=\"async\" width=\"1000\" height=\"667\" src=\"https:\/\/anoticiaonline.com.br\/site\/wp-content\/uploads\/2018\/09\/DSC_0770-1.jpg\" class=\"attachment-full size-full\" alt=\"\" srcset=\"https:\/\/anoticiaonline.com.br\/site\/wp-content\/uploads\/2018\/09\/DSC_0770-1.jpg 1000w, https:\/\/anoticiaonline.com.br\/site\/wp-content\/uploads\/2018\/09\/DSC_0770-1-300x200.jpg 300w, https:\/\/anoticiaonline.com.br\/site\/wp-content\/uploads\/2018\/09\/DSC_0770-1-768x512.jpg 768w\" sizes=\"(max-width: 1000px) 100vw, 1000px\" \/><\/a>\n\t\t\t<\/div><\/figure>\n\t\t<\/div>\n\n","protected":false},"excerpt":{"rendered":"<p>A Escola Municipal Irene Pereira Dias Nunes marcou presen\u00e7a no desfile c\u00edvico do Dia do Muriaeense, realizado na manh\u00e3 de quinta-feira (6), na Rua Cel. Domiciano. Com o tema \u201cFormas de mudar o mundo: Juntos podemos mais\u201d, os alunos fizeram parte da ala Cultura, exaltada por Alcyr Pires Vermelho, que nasceu em Muria\u00e9, no dia &#8230; <a title=\"Escola Municipal Irene Pereira Dias Nunes marca presen\u00e7a no desfile c\u00edvico do Dia do Muriaeense\" class=\"read-more\" href=\"https:\/\/anoticiaonline.com.br\/site\/escola-municipal-irene-pereira-dias-nunes-marca-presenca-no-desfile-civico-do-dia-do-muriaeense\/\" aria-label=\"Read more about Escola Municipal Irene Pereira Dias Nunes marca presen\u00e7a no desfile c\u00edvico do Dia do Muriaeense\">Ler mais<\/a><\/p>\n","protected":false},"author":7,"featured_media":61810,"comment_status":"open","ping_status":"open","sticky":false,"template":"","format":"standard","meta":{"_acf_changed":false,"_monsterinsights_skip_tracking":false,"footnotes":""},"categories":[30],"tags":[3125],"class_list":["post-61809","post","type-post","status-publish","format-standard","has-post-thumbnail","hentry","category-muriae","tag-irene-pereira-dias-nunes"],"acf":[],"aioseo_notices":[],"aioseo_head":"\n\t\t<!-- All in One SEO 5.0.0.1 - aioseo.com -->\n\t<meta name=\"description\" content=\"A Escola Municipal Irene Pereira Dias Nunes marcou presen\u00e7a no desfile c\u00edvico do Dia do Muriaeense, realizado na manh\u00e3 de quinta-feira (6), na Rua Cel. Domiciano. Com o tema \u201cFormas de mudar o mundo: Juntos podemos mais\u201d, os alunos fizeram parte da ala Cultura, exaltada por Alcyr Pires Vermelho, que nasceu em Muria\u00e9, no dia\" \/>\n\t<meta name=\"robots\" content=\"max-image-preview:large\" \/>\n\t<meta name=\"author\" content=\"Leandro Bebiano\"\/>\n\t<link rel=\"canonical\" href=\"https:\/\/anoticiaonline.com.br\/site\/escola-municipal-irene-pereira-dias-nunes-marca-presenca-no-desfile-civico-do-dia-do-muriaeense\/\" \/>\n\t<meta name=\"generator\" content=\"All in One SEO (AIOSEO) 5.0.0.1\" \/>\n\t\t<meta property=\"og:locale\" content=\"pt_BR\" \/>\n\t\t<meta property=\"og:site_name\" content=\"A Not\u00edcia Online - Noticias de Muria\u00e9 e regi\u00e3o\" \/>\n\t\t<meta property=\"og:type\" content=\"article\" \/>\n\t\t<meta property=\"og:title\" content=\"Escola Municipal Irene Pereira Dias Nunes marca presen\u00e7a no desfile c\u00edvico do Dia do Muriaeense - A Not\u00edcia Online\" \/>\n\t\t<meta property=\"og:description\" content=\"A Escola Municipal Irene Pereira Dias Nunes marcou presen\u00e7a no desfile c\u00edvico do Dia do Muriaeense, realizado na manh\u00e3 de quinta-feira (6), na Rua Cel. Domiciano. Com o tema \u201cFormas de mudar o mundo: Juntos podemos mais\u201d, os alunos fizeram parte da ala Cultura, exaltada por Alcyr Pires Vermelho, que nasceu em Muria\u00e9, no dia\" \/>\n\t\t<meta property=\"og:url\" content=\"https:\/\/anoticiaonline.com.br\/site\/escola-municipal-irene-pereira-dias-nunes-marca-presenca-no-desfile-civico-do-dia-do-muriaeense\/\" \/>\n\t\t<meta property=\"og:image\" content=\"https:\/\/scontent-gig4-1.xx.fbcdn.net\/v\/t39.30808-1\/270437624_4564083193639691_6907940295614233970_n.jpg?stp=dst-jpg_s200x200_tt6&#038;_nc_cat=111&#038;ccb=1-7&#038;_nc_sid=f907e8&#038;_nc_ohc=SM1wRlP3lJwQ7kNvwEPuBYA&#038;_nc_oc=AdnqrjDN_BNjSSHWO-GbkIWH6fkGMLw4bqvL_NH6e2wMveX7G-rP2dAqsDSq1mJMOaY&#038;_nc_zt=24&#038;_nc_ht=scontent-gig4-1.xx&#038;_nc_gid=AoBFJeGrT1hVaew_6rchkQ&#038;oh=00_AfX7QmFGhQhG2jAllVgXCiM1ZrWgvtp80-Bfppyexh1QEg&#038;oe=689E923C\" \/>\n\t\t<meta property=\"og:image:secure_url\" content=\"https:\/\/scontent-gig4-1.xx.fbcdn.net\/v\/t39.30808-1\/270437624_4564083193639691_6907940295614233970_n.jpg?stp=dst-jpg_s200x200_tt6&#038;_nc_cat=111&#038;ccb=1-7&#038;_nc_sid=f907e8&#038;_nc_ohc=SM1wRlP3lJwQ7kNvwEPuBYA&#038;_nc_oc=AdnqrjDN_BNjSSHWO-GbkIWH6fkGMLw4bqvL_NH6e2wMveX7G-rP2dAqsDSq1mJMOaY&#038;_nc_zt=24&#038;_nc_ht=scontent-gig4-1.xx&#038;_nc_gid=AoBFJeGrT1hVaew_6rchkQ&#038;oh=00_AfX7QmFGhQhG2jAllVgXCiM1ZrWgvtp80-Bfppyexh1QEg&#038;oe=689E923C\" \/>\n\t\t<meta property=\"article:published_time\" content=\"2018-09-17T13:21:53+00:00\" \/>\n\t\t<meta property=\"article:modified_time\" content=\"2018-09-25T12:50:31+00:00\" \/>\n\t\t<meta name=\"twitter:card\" content=\"summary_large_image\" \/>\n\t\t<meta name=\"twitter:title\" content=\"Escola Municipal Irene Pereira Dias Nunes marca presen\u00e7a no desfile c\u00edvico do Dia do Muriaeense - A Not\u00edcia Online\" \/>\n\t\t<meta name=\"twitter:description\" content=\"A Escola Municipal Irene Pereira Dias Nunes marcou presen\u00e7a no desfile c\u00edvico do Dia do Muriaeense, realizado na manh\u00e3 de quinta-feira (6), na Rua Cel. Domiciano. Com o tema \u201cFormas de mudar o mundo: Juntos podemos mais\u201d, os alunos fizeram parte da ala Cultura, exaltada por Alcyr Pires Vermelho, que nasceu em Muria\u00e9, no dia\" \/>\n\t\t<meta name=\"twitter:image\" content=\"https:\/\/scontent-gig4-1.xx.fbcdn.net\/v\/t39.30808-1\/270437624_4564083193639691_6907940295614233970_n.jpg?stp=dst-jpg_s200x200_tt6&amp;_nc_cat=111&amp;ccb=1-7&amp;_nc_sid=f907e8&amp;_nc_ohc=SM1wRlP3lJwQ7kNvwEPuBYA&amp;_nc_oc=AdnqrjDN_BNjSSHWO-GbkIWH6fkGMLw4bqvL_NH6e2wMveX7G-rP2dAqsDSq1mJMOaY&amp;_nc_zt=24&amp;_nc_ht=scontent-gig4-1.xx&amp;_nc_gid=AoBFJeGrT1hVaew_6rchkQ&amp;oh=00_AfX7QmFGhQhG2jAllVgXCiM1ZrWgvtp80-Bfppyexh1QEg&amp;oe=689E923C\" \/>\n\t\t<script type=\"application\/ld+json\" class=\"aioseo-schema\">\n\t\t\t{\"@context\":\"https:\\\/\\\/schema.org\",\"@graph\":[{\"@type\":\"BlogPosting\",\"@id\":\"https:\\\/\\\/anoticiaonline.com.br\\\/site\\\/escola-municipal-irene-pereira-dias-nunes-marca-presenca-no-desfile-civico-do-dia-do-muriaeense\\\/#blogposting\",\"name\":\"Escola Municipal Irene Pereira Dias Nunes marca presen\\u00e7a no desfile c\\u00edvico do Dia do Muriaeense - A Not\\u00edcia Online\",\"headline\":\"Escola Municipal Irene Pereira Dias Nunes marca presen\\u00e7a no desfile c\\u00edvico do Dia do Muriaeense\",\"author\":{\"@id\":\"https:\\\/\\\/anoticiaonline.com.br\\\/site\\\/author\\\/leandro\\\/#author\"},\"publisher\":{\"@id\":\"https:\\\/\\\/anoticiaonline.com.br\\\/site\\\/#organization\"},\"image\":{\"@type\":\"ImageObject\",\"url\":\"https:\\\/\\\/anoticiaonline.com.br\\\/site\\\/wp-content\\\/uploads\\\/2018\\\/09\\\/DSC_0568.jpg\",\"width\":1000,\"height\":750},\"datePublished\":\"2018-09-17T10:21:53-03:00\",\"dateModified\":\"2018-09-25T09:50:31-03:00\",\"inLanguage\":\"pt-BR\",\"mainEntityOfPage\":{\"@id\":\"https:\\\/\\\/anoticiaonline.com.br\\\/site\\\/escola-municipal-irene-pereira-dias-nunes-marca-presenca-no-desfile-civico-do-dia-do-muriaeense\\\/#webpage\"},\"isPartOf\":{\"@id\":\"https:\\\/\\\/anoticiaonline.com.br\\\/site\\\/escola-municipal-irene-pereira-dias-nunes-marca-presenca-no-desfile-civico-do-dia-do-muriaeense\\\/#webpage\"},\"articleSection\":\"Blog, Irene Pereira Dias Nunes\"},{\"@type\":\"BreadcrumbList\",\"@id\":\"https:\\\/\\\/anoticiaonline.com.br\\\/site\\\/escola-municipal-irene-pereira-dias-nunes-marca-presenca-no-desfile-civico-do-dia-do-muriaeense\\\/#breadcrumblist\",\"itemListElement\":[{\"@type\":\"ListItem\",\"@id\":\"https:\\\/\\\/anoticiaonline.com.br\\\/site#listItem\",\"position\":1,\"name\":\"Home\",\"item\":\"https:\\\/\\\/anoticiaonline.com.br\\\/site\",\"nextItem\":{\"@type\":\"ListItem\",\"@id\":\"https:\\\/\\\/anoticiaonline.com.br\\\/site\\\/categoria\\\/muriae\\\/#listItem\",\"name\":\"Blog\"}},{\"@type\":\"ListItem\",\"@id\":\"https:\\\/\\\/anoticiaonline.com.br\\\/site\\\/categoria\\\/muriae\\\/#listItem\",\"position\":2,\"name\":\"Blog\",\"item\":\"https:\\\/\\\/anoticiaonline.com.br\\\/site\\\/categoria\\\/muriae\\\/\",\"nextItem\":{\"@type\":\"ListItem\",\"@id\":\"https:\\\/\\\/anoticiaonline.com.br\\\/site\\\/escola-municipal-irene-pereira-dias-nunes-marca-presenca-no-desfile-civico-do-dia-do-muriaeense\\\/#listItem\",\"name\":\"Escola Municipal Irene Pereira Dias Nunes marca presen\\u00e7a no desfile c\\u00edvico do Dia do Muriaeense\"},\"previousItem\":{\"@type\":\"ListItem\",\"@id\":\"https:\\\/\\\/anoticiaonline.com.br\\\/site#listItem\",\"name\":\"Home\"}},{\"@type\":\"ListItem\",\"@id\":\"https:\\\/\\\/anoticiaonline.com.br\\\/site\\\/escola-municipal-irene-pereira-dias-nunes-marca-presenca-no-desfile-civico-do-dia-do-muriaeense\\\/#listItem\",\"position\":3,\"name\":\"Escola Municipal Irene Pereira Dias Nunes marca presen\\u00e7a no desfile c\\u00edvico do Dia do Muriaeense\",\"previousItem\":{\"@type\":\"ListItem\",\"@id\":\"https:\\\/\\\/anoticiaonline.com.br\\\/site\\\/categoria\\\/muriae\\\/#listItem\",\"name\":\"Blog\"}}]},{\"@type\":\"Organization\",\"@id\":\"https:\\\/\\\/anoticiaonline.com.br\\\/site\\\/#organization\",\"name\":\"A Not\\u00edcia Online\",\"description\":\"Noticias de Muria\\u00e9 e regi\\u00e3o\",\"url\":\"https:\\\/\\\/anoticiaonline.com.br\\\/site\\\/\",\"logo\":{\"@type\":\"ImageObject\",\"url\":\"https:\\\/\\\/scontent-gig4-1.xx.fbcdn.net\\\/v\\\/t39.30808-1\\\/270437624_4564083193639691_6907940295614233970_n.jpg?stp=dst-jpg_s200x200_tt6&_nc_cat=111&ccb=1-7&_nc_sid=f907e8&_nc_ohc=SM1wRlP3lJwQ7kNvwEPuBYA&_nc_oc=AdnqrjDN_BNjSSHWO-GbkIWH6fkGMLw4bqvL_NH6e2wMveX7G-rP2dAqsDSq1mJMOaY&_nc_zt=24&_nc_ht=scontent-gig4-1.xx&_nc_gid=AoBFJeGrT1hVaew_6rchkQ&oh=00_AfX7QmFGhQhG2jAllVgXCiM1ZrWgvtp80-Bfppyexh1QEg&oe=689E923C\",\"@id\":\"https:\\\/\\\/anoticiaonline.com.br\\\/site\\\/escola-municipal-irene-pereira-dias-nunes-marca-presenca-no-desfile-civico-do-dia-do-muriaeense\\\/#organizationLogo\"},\"image\":{\"@id\":\"https:\\\/\\\/anoticiaonline.com.br\\\/site\\\/escola-municipal-irene-pereira-dias-nunes-marca-presenca-no-desfile-civico-do-dia-do-muriaeense\\\/#organizationLogo\"}},{\"@type\":\"Person\",\"@id\":\"https:\\\/\\\/anoticiaonline.com.br\\\/site\\\/author\\\/leandro\\\/#author\",\"url\":\"https:\\\/\\\/anoticiaonline.com.br\\\/site\\\/author\\\/leandro\\\/\",\"name\":\"Leandro Bebiano\",\"image\":{\"@type\":\"ImageObject\",\"@id\":\"https:\\\/\\\/anoticiaonline.com.br\\\/site\\\/escola-municipal-irene-pereira-dias-nunes-marca-presenca-no-desfile-civico-do-dia-do-muriaeense\\\/#authorImage\",\"url\":\"https:\\\/\\\/secure.gravatar.com\\\/avatar\\\/99966a20c143db97c8590c2013307c7c234a4cca48ed5657cbb47e22a400bd5f?s=96&d=mm&r=g\",\"width\":96,\"height\":96,\"caption\":\"Leandro Bebiano\"}},{\"@type\":\"WebPage\",\"@id\":\"https:\\\/\\\/anoticiaonline.com.br\\\/site\\\/escola-municipal-irene-pereira-dias-nunes-marca-presenca-no-desfile-civico-do-dia-do-muriaeense\\\/#webpage\",\"url\":\"https:\\\/\\\/anoticiaonline.com.br\\\/site\\\/escola-municipal-irene-pereira-dias-nunes-marca-presenca-no-desfile-civico-do-dia-do-muriaeense\\\/\",\"name\":\"Escola Municipal Irene Pereira Dias Nunes marca presen\\u00e7a no desfile c\\u00edvico do Dia do Muriaeense - A Not\\u00edcia Online\",\"description\":\"A Escola Municipal Irene Pereira Dias Nunes marcou presen\\u00e7a no desfile c\\u00edvico do Dia do Muriaeense, realizado na manh\\u00e3 de quinta-feira (6), na Rua Cel. Domiciano. Com o tema \\u201cFormas de mudar o mundo: Juntos podemos mais\\u201d, os alunos fizeram parte da ala Cultura, exaltada por Alcyr Pires Vermelho, que nasceu em Muria\\u00e9, no dia\",\"inLanguage\":\"pt-BR\",\"isPartOf\":{\"@id\":\"https:\\\/\\\/anoticiaonline.com.br\\\/site\\\/#website\"},\"breadcrumb\":{\"@id\":\"https:\\\/\\\/anoticiaonline.com.br\\\/site\\\/escola-municipal-irene-pereira-dias-nunes-marca-presenca-no-desfile-civico-do-dia-do-muriaeense\\\/#breadcrumblist\"},\"author\":{\"@id\":\"https:\\\/\\\/anoticiaonline.com.br\\\/site\\\/author\\\/leandro\\\/#author\"},\"creator\":{\"@id\":\"https:\\\/\\\/anoticiaonline.com.br\\\/site\\\/author\\\/leandro\\\/#author\"},\"image\":{\"@type\":\"ImageObject\",\"url\":\"https:\\\/\\\/anoticiaonline.com.br\\\/site\\\/wp-content\\\/uploads\\\/2018\\\/09\\\/DSC_0568.jpg\",\"@id\":\"https:\\\/\\\/anoticiaonline.com.br\\\/site\\\/escola-municipal-irene-pereira-dias-nunes-marca-presenca-no-desfile-civico-do-dia-do-muriaeense\\\/#mainImage\",\"width\":1000,\"height\":750},\"primaryImageOfPage\":{\"@id\":\"https:\\\/\\\/anoticiaonline.com.br\\\/site\\\/escola-municipal-irene-pereira-dias-nunes-marca-presenca-no-desfile-civico-do-dia-do-muriaeense\\\/#mainImage\"},\"datePublished\":\"2018-09-17T10:21:53-03:00\",\"dateModified\":\"2018-09-25T09:50:31-03:00\"},{\"@type\":\"WebSite\",\"@id\":\"https:\\\/\\\/anoticiaonline.com.br\\\/site\\\/#website\",\"url\":\"https:\\\/\\\/anoticiaonline.com.br\\\/site\\\/\",\"name\":\"A Not\\u00edcia Online\",\"description\":\"Noticias de Muria\\u00e9 e regi\\u00e3o\",\"inLanguage\":\"pt-BR\",\"publisher\":{\"@id\":\"https:\\\/\\\/anoticiaonline.com.br\\\/site\\\/#organization\"}}]}\n\t\t<\/script>\n\t\t<!-- All in One SEO -->\n\n","aioseo_head_json":{"title":"Escola Municipal Irene Pereira Dias Nunes marca presen\u00e7a no desfile c\u00edvico do Dia do Muriaeense - A Not\u00edcia Online","description":"A Escola Municipal Irene Pereira Dias Nunes marcou presen\u00e7a no desfile c\u00edvico do Dia do Muriaeense, realizado na manh\u00e3 de quinta-feira (6), na Rua Cel. Domiciano. Com o tema \u201cFormas de mudar o mundo: Juntos podemos mais\u201d, os alunos fizeram parte da ala Cultura, exaltada por Alcyr Pires Vermelho, que nasceu em Muria\u00e9, no dia","canonical_url":"https:\/\/anoticiaonline.com.br\/site\/escola-municipal-irene-pereira-dias-nunes-marca-presenca-no-desfile-civico-do-dia-do-muriaeense\/","robots":"max-image-preview:large","keywords":"","webmasterTools":{"miscellaneous":""},"schema":{"@context":"https:\/\/schema.org","@graph":[{"@type":"BlogPosting","@id":"https:\/\/anoticiaonline.com.br\/site\/escola-municipal-irene-pereira-dias-nunes-marca-presenca-no-desfile-civico-do-dia-do-muriaeense\/#blogposting","name":"Escola Municipal Irene Pereira Dias Nunes marca presen\u00e7a no desfile c\u00edvico do Dia do Muriaeense - A Not\u00edcia Online","headline":"Escola Municipal Irene Pereira Dias Nunes marca presen\u00e7a no desfile c\u00edvico do Dia do Muriaeense","author":{"@id":"https:\/\/anoticiaonline.com.br\/site\/author\/leandro\/#author"},"publisher":{"@id":"https:\/\/anoticiaonline.com.br\/site\/#organization"},"image":{"@type":"ImageObject","url":"https:\/\/anoticiaonline.com.br\/site\/wp-content\/uploads\/2018\/09\/DSC_0568.jpg","width":1000,"height":750},"datePublished":"2018-09-17T10:21:53-03:00","dateModified":"2018-09-25T09:50:31-03:00","inLanguage":"pt-BR","mainEntityOfPage":{"@id":"https:\/\/anoticiaonline.com.br\/site\/escola-municipal-irene-pereira-dias-nunes-marca-presenca-no-desfile-civico-do-dia-do-muriaeense\/#webpage"},"isPartOf":{"@id":"https:\/\/anoticiaonline.com.br\/site\/escola-municipal-irene-pereira-dias-nunes-marca-presenca-no-desfile-civico-do-dia-do-muriaeense\/#webpage"},"articleSection":"Blog, Irene Pereira Dias Nunes"},{"@type":"BreadcrumbList","@id":"https:\/\/anoticiaonline.com.br\/site\/escola-municipal-irene-pereira-dias-nunes-marca-presenca-no-desfile-civico-do-dia-do-muriaeense\/#breadcrumblist","itemListElement":[{"@type":"ListItem","@id":"https:\/\/anoticiaonline.com.br\/site#listItem","position":1,"name":"Home","item":"https:\/\/anoticiaonline.com.br\/site","nextItem":{"@type":"ListItem","@id":"https:\/\/anoticiaonline.com.br\/site\/categoria\/muriae\/#listItem","name":"Blog"}},{"@type":"ListItem","@id":"https:\/\/anoticiaonline.com.br\/site\/categoria\/muriae\/#listItem","position":2,"name":"Blog","item":"https:\/\/anoticiaonline.com.br\/site\/categoria\/muriae\/","nextItem":{"@type":"ListItem","@id":"https:\/\/anoticiaonline.com.br\/site\/escola-municipal-irene-pereira-dias-nunes-marca-presenca-no-desfile-civico-do-dia-do-muriaeense\/#listItem","name":"Escola Municipal Irene Pereira Dias Nunes marca presen\u00e7a no desfile c\u00edvico do Dia do Muriaeense"},"previousItem":{"@type":"ListItem","@id":"https:\/\/anoticiaonline.com.br\/site#listItem","name":"Home"}},{"@type":"ListItem","@id":"https:\/\/anoticiaonline.com.br\/site\/escola-municipal-irene-pereira-dias-nunes-marca-presenca-no-desfile-civico-do-dia-do-muriaeense\/#listItem","position":3,"name":"Escola Municipal Irene Pereira Dias Nunes marca presen\u00e7a no desfile c\u00edvico do Dia do Muriaeense","previousItem":{"@type":"ListItem","@id":"https:\/\/anoticiaonline.com.br\/site\/categoria\/muriae\/#listItem","name":"Blog"}}]},{"@type":"Organization","@id":"https:\/\/anoticiaonline.com.br\/site\/#organization","name":"A Not\u00edcia Online","description":"Noticias de Muria\u00e9 e regi\u00e3o","url":"https:\/\/anoticiaonline.com.br\/site\/","logo":{"@type":"ImageObject","url":"https:\/\/scontent-gig4-1.xx.fbcdn.net\/v\/t39.30808-1\/270437624_4564083193639691_6907940295614233970_n.jpg?stp=dst-jpg_s200x200_tt6&_nc_cat=111&ccb=1-7&_nc_sid=f907e8&_nc_ohc=SM1wRlP3lJwQ7kNvwEPuBYA&_nc_oc=AdnqrjDN_BNjSSHWO-GbkIWH6fkGMLw4bqvL_NH6e2wMveX7G-rP2dAqsDSq1mJMOaY&_nc_zt=24&_nc_ht=scontent-gig4-1.xx&_nc_gid=AoBFJeGrT1hVaew_6rchkQ&oh=00_AfX7QmFGhQhG2jAllVgXCiM1ZrWgvtp80-Bfppyexh1QEg&oe=689E923C","@id":"https:\/\/anoticiaonline.com.br\/site\/escola-municipal-irene-pereira-dias-nunes-marca-presenca-no-desfile-civico-do-dia-do-muriaeense\/#organizationLogo"},"image":{"@id":"https:\/\/anoticiaonline.com.br\/site\/escola-municipal-irene-pereira-dias-nunes-marca-presenca-no-desfile-civico-do-dia-do-muriaeense\/#organizationLogo"}},{"@type":"Person","@id":"https:\/\/anoticiaonline.com.br\/site\/author\/leandro\/#author","url":"https:\/\/anoticiaonline.com.br\/site\/author\/leandro\/","name":"Leandro Bebiano","image":{"@type":"ImageObject","@id":"https:\/\/anoticiaonline.com.br\/site\/escola-municipal-irene-pereira-dias-nunes-marca-presenca-no-desfile-civico-do-dia-do-muriaeense\/#authorImage","url":"https:\/\/secure.gravatar.com\/avatar\/99966a20c143db97c8590c2013307c7c234a4cca48ed5657cbb47e22a400bd5f?s=96&d=mm&r=g","width":96,"height":96,"caption":"Leandro Bebiano"}},{"@type":"WebPage","@id":"https:\/\/anoticiaonline.com.br\/site\/escola-municipal-irene-pereira-dias-nunes-marca-presenca-no-desfile-civico-do-dia-do-muriaeense\/#webpage","url":"https:\/\/anoticiaonline.com.br\/site\/escola-municipal-irene-pereira-dias-nunes-marca-presenca-no-desfile-civico-do-dia-do-muriaeense\/","name":"Escola Municipal Irene Pereira Dias Nunes marca presen\u00e7a no desfile c\u00edvico do Dia do Muriaeense - A Not\u00edcia Online","description":"A Escola Municipal Irene Pereira Dias Nunes marcou presen\u00e7a no desfile c\u00edvico do Dia do Muriaeense, realizado na manh\u00e3 de quinta-feira (6), na Rua Cel. Domiciano. Com o tema \u201cFormas de mudar o mundo: Juntos podemos mais\u201d, os alunos fizeram parte da ala Cultura, exaltada por Alcyr Pires Vermelho, que nasceu em Muria\u00e9, no dia","inLanguage":"pt-BR","isPartOf":{"@id":"https:\/\/anoticiaonline.com.br\/site\/#website"},"breadcrumb":{"@id":"https:\/\/anoticiaonline.com.br\/site\/escola-municipal-irene-pereira-dias-nunes-marca-presenca-no-desfile-civico-do-dia-do-muriaeense\/#breadcrumblist"},"author":{"@id":"https:\/\/anoticiaonline.com.br\/site\/author\/leandro\/#author"},"creator":{"@id":"https:\/\/anoticiaonline.com.br\/site\/author\/leandro\/#author"},"image":{"@type":"ImageObject","url":"https:\/\/anoticiaonline.com.br\/site\/wp-content\/uploads\/2018\/09\/DSC_0568.jpg","@id":"https:\/\/anoticiaonline.com.br\/site\/escola-municipal-irene-pereira-dias-nunes-marca-presenca-no-desfile-civico-do-dia-do-muriaeense\/#mainImage","width":1000,"height":750},"primaryImageOfPage":{"@id":"https:\/\/anoticiaonline.com.br\/site\/escola-municipal-irene-pereira-dias-nunes-marca-presenca-no-desfile-civico-do-dia-do-muriaeense\/#mainImage"},"datePublished":"2018-09-17T10:21:53-03:00","dateModified":"2018-09-25T09:50:31-03:00"},{"@type":"WebSite","@id":"https:\/\/anoticiaonline.com.br\/site\/#website","url":"https:\/\/anoticiaonline.com.br\/site\/","name":"A Not\u00edcia Online","description":"Noticias de Muria\u00e9 e regi\u00e3o","inLanguage":"pt-BR","publisher":{"@id":"https:\/\/anoticiaonline.com.br\/site\/#organization"}}]},"og:locale":"pt_BR","og:site_name":"A Not\u00edcia Online - Noticias de Muria\u00e9 e regi\u00e3o","og:type":"article","og:title":"Escola Municipal Irene Pereira Dias Nunes marca presen\u00e7a no desfile c\u00edvico do Dia do Muriaeense - A Not\u00edcia Online","og:description":"A Escola Municipal Irene Pereira Dias Nunes marcou presen\u00e7a no desfile c\u00edvico do Dia do Muriaeense, realizado na manh\u00e3 de quinta-feira (6), na Rua Cel. Domiciano. Com o tema \u201cFormas de mudar o mundo: Juntos podemos mais\u201d, os alunos fizeram parte da ala Cultura, exaltada por Alcyr Pires Vermelho, que nasceu em Muria\u00e9, no dia","og:url":"https:\/\/anoticiaonline.com.br\/site\/escola-municipal-irene-pereira-dias-nunes-marca-presenca-no-desfile-civico-do-dia-do-muriaeense\/","og:image":"https:\/\/scontent-gig4-1.xx.fbcdn.net\/v\/t39.30808-1\/270437624_4564083193639691_6907940295614233970_n.jpg?stp=dst-jpg_s200x200_tt6&#038;_nc_cat=111&#038;ccb=1-7&#038;_nc_sid=f907e8&#038;_nc_ohc=SM1wRlP3lJwQ7kNvwEPuBYA&#038;_nc_oc=AdnqrjDN_BNjSSHWO-GbkIWH6fkGMLw4bqvL_NH6e2wMveX7G-rP2dAqsDSq1mJMOaY&#038;_nc_zt=24&#038;_nc_ht=scontent-gig4-1.xx&#038;_nc_gid=AoBFJeGrT1hVaew_6rchkQ&#038;oh=00_AfX7QmFGhQhG2jAllVgXCiM1ZrWgvtp80-Bfppyexh1QEg&#038;oe=689E923C","og:image:secure_url":"https:\/\/scontent-gig4-1.xx.fbcdn.net\/v\/t39.30808-1\/270437624_4564083193639691_6907940295614233970_n.jpg?stp=dst-jpg_s200x200_tt6&#038;_nc_cat=111&#038;ccb=1-7&#038;_nc_sid=f907e8&#038;_nc_ohc=SM1wRlP3lJwQ7kNvwEPuBYA&#038;_nc_oc=AdnqrjDN_BNjSSHWO-GbkIWH6fkGMLw4bqvL_NH6e2wMveX7G-rP2dAqsDSq1mJMOaY&#038;_nc_zt=24&#038;_nc_ht=scontent-gig4-1.xx&#038;_nc_gid=AoBFJeGrT1hVaew_6rchkQ&#038;oh=00_AfX7QmFGhQhG2jAllVgXCiM1ZrWgvtp80-Bfppyexh1QEg&#038;oe=689E923C","article:published_time":"2018-09-17T13:21:53+00:00","article:modified_time":"2018-09-25T12:50:31+00:00","twitter:card":"summary_large_image","twitter:title":"Escola Municipal Irene Pereira Dias Nunes marca presen\u00e7a no desfile c\u00edvico do Dia do Muriaeense - A Not\u00edcia Online","twitter:description":"A Escola Municipal Irene Pereira Dias Nunes marcou presen\u00e7a no desfile c\u00edvico do Dia do Muriaeense, realizado na manh\u00e3 de quinta-feira (6), na Rua Cel. Domiciano. Com o tema \u201cFormas de mudar o mundo: Juntos podemos mais\u201d, os alunos fizeram parte da ala Cultura, exaltada por Alcyr Pires Vermelho, que nasceu em Muria\u00e9, no dia","twitter:image":"https:\/\/scontent-gig4-1.xx.fbcdn.net\/v\/t39.30808-1\/270437624_4564083193639691_6907940295614233970_n.jpg?stp=dst-jpg_s200x200_tt6&_nc_cat=111&ccb=1-7&_nc_sid=f907e8&_nc_ohc=SM1wRlP3lJwQ7kNvwEPuBYA&_nc_oc=AdnqrjDN_BNjSSHWO-GbkIWH6fkGMLw4bqvL_NH6e2wMveX7G-rP2dAqsDSq1mJMOaY&_nc_zt=24&_nc_ht=scontent-gig4-1.xx&_nc_gid=AoBFJeGrT1hVaew_6rchkQ&oh=00_AfX7QmFGhQhG2jAllVgXCiM1ZrWgvtp80-Bfppyexh1QEg&oe=689E923C"},"aioseo_meta_data":{"post_id":"61809","title":null,"description":null,"keywords":null,"keyphrases":null,"primary_term":null,"canonical_url":null,"og_title":null,"og_description":null,"og_object_type":"default","og_image_type":"default","og_image_url":null,"og_image_width":null,"og_image_height":null,"og_image_custom_url":null,"og_image_custom_fields":null,"og_video":null,"og_custom_url":null,"og_article_section":null,"og_article_tags":null,"twitter_use_og":false,"twitter_card":"default","twitter_image_type":"default","twitter_image_url":null,"twitter_image_custom_url":null,"twitter_image_custom_fields":null,"twitter_title":null,"twitter_description":null,"schema":{"blockGraphs":[],"customGraphs":[],"default":{"data":{"Article":[],"Course":[],"Dataset":[],"FAQPage":[],"Movie":[],"Person":[],"Product":[],"ProductReview":[],"Car":[],"Recipe":[],"Service":[],"SoftwareApplication":[],"WebPage":[]},"graphName":"","isEnabled":true},"graphs":[]},"schema_type":"default","schema_type_options":null,"pillar_content":false,"robots_default":true,"robots_noindex":false,"robots_noarchive":false,"robots_nosnippet":false,"robots_nofollow":false,"robots_noimageindex":false,"robots_noodp":false,"robots_notranslate":false,"robots_max_snippet":null,"robots_max_videopreview":null,"robots_max_imagepreview":"large","priority":null,"frequency":null,"local_seo":null,"breadcrumb_settings":null,"limit_modified_date":false,"ai":null,"created":"2025-08-16 21:40:35","updated":"2025-08-16 21:40:35","focus_keyword":null,"additional_keywords":null,"truseo_locale":null,"seo_analyzer_scan_date":null},"aioseo_breadcrumb":"<div class=\"aioseo-breadcrumbs\"><span class=\"aioseo-breadcrumb\">\n\t\t\t<a href=\"https:\/\/anoticiaonline.com.br\/site\" title=\"Home\">Home<\/a>\n\t\t<\/span><span class=\"aioseo-breadcrumb-separator\">&raquo;<\/span><span class=\"aioseo-breadcrumb\">\n\t\t\t<a href=\"https:\/\/anoticiaonline.com.br\/site\/categoria\/muriae\/\" title=\"Blog\">Blog<\/a>\n\t\t<\/span><span class=\"aioseo-breadcrumb-separator\">&raquo;<\/span><span class=\"aioseo-breadcrumb\">\n\t\t\tEscola Municipal Irene Pereira Dias Nunes marca presen\u00e7a no desfile c\u00edvico do Dia do Muriaeense\n\t\t<\/span><\/div>","aioseo_breadcrumb_json":[{"label":"Home","link":"https:\/\/anoticiaonline.com.br\/site"},{"label":"Blog","link":"https:\/\/anoticiaonline.com.br\/site\/categoria\/muriae\/"},{"label":"Escola Municipal Irene Pereira Dias Nunes marca presen\u00e7a no desfile c\u00edvico do Dia do Muriaeense","link":"https:\/\/anoticiaonline.com.br\/site\/escola-municipal-irene-pereira-dias-nunes-marca-presenca-no-desfile-civico-do-dia-do-muriaeense\/"}],"views":225,"_links":{"self":[{"href":"https:\/\/anoticiaonline.com.br\/site\/wp-json\/wp\/v2\/posts\/61809","targetHints":{"allow":["GET"]}}],"collection":[{"href":"https:\/\/anoticiaonline.com.br\/site\/wp-json\/wp\/v2\/posts"}],"about":[{"href":"https:\/\/anoticiaonline.com.br\/site\/wp-json\/wp\/v2\/types\/post"}],"author":[{"embeddable":true,"href":"https:\/\/anoticiaonline.com.br\/site\/wp-json\/wp\/v2\/users\/7"}],"replies":[{"embeddable":true,"href":"https:\/\/anoticiaonline.com.br\/site\/wp-json\/wp\/v2\/comments?post=61809"}],"version-history":[{"count":0,"href":"https:\/\/anoticiaonline.com.br\/site\/wp-json\/wp\/v2\/posts\/61809\/revisions"}],"wp:featuredmedia":[{"embeddable":true,"href":"https:\/\/anoticiaonline.com.br\/site\/wp-json\/wp\/v2\/media\/61810"}],"wp:attachment":[{"href":"https:\/\/anoticiaonline.com.br\/site\/wp-json\/wp\/v2\/media?parent=61809"}],"wp:term":[{"taxonomy":"category","embeddable":true,"href":"https:\/\/anoticiaonline.com.br\/site\/wp-json\/wp\/v2\/categories?post=61809"},{"taxonomy":"post_tag","embeddable":true,"href":"https:\/\/anoticiaonline.com.br\/site\/wp-json\/wp\/v2\/tags?post=61809"}],"curies":[{"name":"wp","href":"https:\/\/api.w.org\/{rel}","templated":true}]}}