{"id":61728,"date":"2018-09-16T11:45:59","date_gmt":"2018-09-16T14:45:59","guid":{"rendered":"http:\/\/anoticiaonline.com.br\/site\/?p=61728"},"modified":"2018-09-14T01:54:44","modified_gmt":"2018-09-14T04:54:44","slug":"julio-cezar-de-oliveira-e-homenageado-com-cidadania-honoraria","status":"publish","type":"post","link":"https:\/\/anoticiaonline.com.br\/site\/julio-cezar-de-oliveira-e-homenageado-com-cidadania-honoraria\/","title":{"rendered":"J\u00falio Cezar de Oliveira \u00e9 homenageado com Cidadania Honor\u00e1ria"},"content":{"rendered":"<p><a href=\"https:\/\/anoticiaonline.com.br\/site\/wp-content\/uploads\/2018\/09\/DSC_0274-2.jpg\"><img fetchpriority=\"high\" decoding=\"async\" class=\"aligncenter size-full wp-image-61731\" src=\"https:\/\/anoticiaonline.com.br\/site\/wp-content\/uploads\/2018\/09\/DSC_0274-2.jpg\" alt=\"\" width=\"1000\" height=\"667\" srcset=\"https:\/\/anoticiaonline.com.br\/site\/wp-content\/uploads\/2018\/09\/DSC_0274-2.jpg 1000w, https:\/\/anoticiaonline.com.br\/site\/wp-content\/uploads\/2018\/09\/DSC_0274-2-300x200.jpg 300w, https:\/\/anoticiaonline.com.br\/site\/wp-content\/uploads\/2018\/09\/DSC_0274-2-768x512.jpg 768w\" sizes=\"(max-width: 1000px) 100vw, 1000px\" \/><\/a> <a href=\"https:\/\/anoticiaonline.com.br\/site\/wp-content\/uploads\/2018\/09\/DSC_0428-2.jpg\"><img decoding=\"async\" class=\"aligncenter size-full wp-image-61732\" src=\"https:\/\/anoticiaonline.com.br\/site\/wp-content\/uploads\/2018\/09\/DSC_0428-2.jpg\" alt=\"\" width=\"1000\" height=\"667\" srcset=\"https:\/\/anoticiaonline.com.br\/site\/wp-content\/uploads\/2018\/09\/DSC_0428-2.jpg 1000w, https:\/\/anoticiaonline.com.br\/site\/wp-content\/uploads\/2018\/09\/DSC_0428-2-300x200.jpg 300w, https:\/\/anoticiaonline.com.br\/site\/wp-content\/uploads\/2018\/09\/DSC_0428-2-768x512.jpg 768w\" sizes=\"(max-width: 1000px) 100vw, 1000px\" \/><\/a>Desde 2012 \u00e9 propriet\u00e1rio da loja de material de constru\u00e7\u00e3o Casa do Pedreiro no bairro Santo Ant\u00f4nio. Nascido em 29 de mar\u00e7o de 1978, em Cachoeira Alegre, \u00e9 filho de Jos\u00e9 Alves de Oliveira e Maria de Lourdes Alves de Oliveira. Come\u00e7ou a trabalhar cedo no com\u00e9rcio de um dos irm\u00e3os, propriet\u00e1rio do Mercadinho Santo Ant\u00f4nio, em Muria\u00e9, para onde se mudou no ano de 1990, assumindo cargo de ajudante a gerente. Constituiu fam\u00edlia, casando-se com Sandra Helena Vitor Marchese, com quem tem uma filha, J\u00falia.<\/p>\n<p><a href=\"https:\/\/anoticiaonline.com.br\/site\/wp-content\/uploads\/2018\/09\/DSC_0488.jpg\"><img decoding=\"async\" class=\"aligncenter size-full wp-image-61733\" src=\"https:\/\/anoticiaonline.com.br\/site\/wp-content\/uploads\/2018\/09\/DSC_0488.jpg\" alt=\"\" width=\"1000\" height=\"667\" srcset=\"https:\/\/anoticiaonline.com.br\/site\/wp-content\/uploads\/2018\/09\/DSC_0488.jpg 1000w, https:\/\/anoticiaonline.com.br\/site\/wp-content\/uploads\/2018\/09\/DSC_0488-300x200.jpg 300w, https:\/\/anoticiaonline.com.br\/site\/wp-content\/uploads\/2018\/09\/DSC_0488-768x512.jpg 768w\" sizes=\"(max-width: 1000px) 100vw, 1000px\" \/><\/a><\/p>\n<p><a href=\"https:\/\/anoticiaonline.com.br\/site\/wp-content\/uploads\/2018\/09\/DSC_0027-1.jpg\"><img loading=\"lazy\" decoding=\"async\" class=\"aligncenter size-full wp-image-61729\" src=\"https:\/\/anoticiaonline.com.br\/site\/wp-content\/uploads\/2018\/09\/DSC_0027-1.jpg\" alt=\"\" width=\"1000\" height=\"667\" srcset=\"https:\/\/anoticiaonline.com.br\/site\/wp-content\/uploads\/2018\/09\/DSC_0027-1.jpg 1000w, https:\/\/anoticiaonline.com.br\/site\/wp-content\/uploads\/2018\/09\/DSC_0027-1-300x200.jpg 300w, https:\/\/anoticiaonline.com.br\/site\/wp-content\/uploads\/2018\/09\/DSC_0027-1-768x512.jpg 768w\" sizes=\"(max-width: 1000px) 100vw, 1000px\" \/><\/a><\/p>\n<p><a href=\"https:\/\/anoticiaonline.com.br\/site\/wp-content\/uploads\/2018\/09\/DSC_0107-1.jpg\"><img loading=\"lazy\" decoding=\"async\" class=\"aligncenter size-full wp-image-61730\" src=\"https:\/\/anoticiaonline.com.br\/site\/wp-content\/uploads\/2018\/09\/DSC_0107-1.jpg\" alt=\"\" width=\"533\" height=\"800\" srcset=\"https:\/\/anoticiaonline.com.br\/site\/wp-content\/uploads\/2018\/09\/DSC_0107-1.jpg 533w, https:\/\/anoticiaonline.com.br\/site\/wp-content\/uploads\/2018\/09\/DSC_0107-1-200x300.jpg 200w\" sizes=\"(max-width: 533px) 100vw, 533px\" \/><\/a><\/p>\n","protected":false},"excerpt":{"rendered":"<p>Desde 2012 \u00e9 propriet\u00e1rio da loja de material de constru\u00e7\u00e3o Casa do Pedreiro no bairro Santo Ant\u00f4nio. Nascido em 29 de mar\u00e7o de 1978, em Cachoeira Alegre, \u00e9 filho de Jos\u00e9 Alves de Oliveira e Maria de Lourdes Alves de Oliveira. Come\u00e7ou a trabalhar cedo no com\u00e9rcio de um dos irm\u00e3os, propriet\u00e1rio do Mercadinho Santo &#8230; <a title=\"J\u00falio Cezar de Oliveira \u00e9 homenageado com Cidadania Honor\u00e1ria\" class=\"read-more\" href=\"https:\/\/anoticiaonline.com.br\/site\/julio-cezar-de-oliveira-e-homenageado-com-cidadania-honoraria\/\" aria-label=\"Read more about J\u00falio Cezar de Oliveira \u00e9 homenageado com Cidadania Honor\u00e1ria\">Ler mais<\/a><\/p>\n","protected":false},"author":2,"featured_media":61731,"comment_status":"open","ping_status":"open","sticky":false,"template":"","format":"standard","meta":{"_acf_changed":false,"_monsterinsights_skip_tracking":false,"footnotes":""},"categories":[2893],"tags":[2955],"class_list":["post-61728","post","type-post","status-publish","format-standard","has-post-thumbnail","hentry","category-cotidiano","tag-julio-cezar-de-oliveira"],"acf":[],"aioseo_notices":[],"aioseo_head":"\n\t\t<!-- All in One SEO 5.0.0.1 - aioseo.com -->\n\t<meta name=\"description\" content=\"Desde 2012 \u00e9 propriet\u00e1rio da loja de material de constru\u00e7\u00e3o Casa do Pedreiro no bairro Santo Ant\u00f4nio. Nascido em 29 de mar\u00e7o de 1978, em Cachoeira Alegre, \u00e9 filho de Jos\u00e9 Alves de Oliveira e Maria de Lourdes Alves de Oliveira. Come\u00e7ou a trabalhar cedo no com\u00e9rcio de um dos irm\u00e3os, propriet\u00e1rio do Mercadinho Santo\" \/>\n\t<meta name=\"robots\" content=\"max-image-preview:large\" \/>\n\t<meta name=\"author\" content=\"Juliana Laviola\"\/>\n\t<link rel=\"canonical\" href=\"https:\/\/anoticiaonline.com.br\/site\/julio-cezar-de-oliveira-e-homenageado-com-cidadania-honoraria\/\" \/>\n\t<meta name=\"generator\" content=\"All in One SEO (AIOSEO) 5.0.0.1\" \/>\n\t\t<meta property=\"og:locale\" content=\"pt_BR\" \/>\n\t\t<meta property=\"og:site_name\" content=\"A Not\u00edcia Online - Noticias de Muria\u00e9 e regi\u00e3o\" \/>\n\t\t<meta property=\"og:type\" content=\"article\" \/>\n\t\t<meta property=\"og:title\" content=\"J\u00falio Cezar de Oliveira \u00e9 homenageado com Cidadania Honor\u00e1ria - A Not\u00edcia Online\" \/>\n\t\t<meta property=\"og:description\" content=\"Desde 2012 \u00e9 propriet\u00e1rio da loja de material de constru\u00e7\u00e3o Casa do Pedreiro no bairro Santo Ant\u00f4nio. Nascido em 29 de mar\u00e7o de 1978, em Cachoeira Alegre, \u00e9 filho de Jos\u00e9 Alves de Oliveira e Maria de Lourdes Alves de Oliveira. Come\u00e7ou a trabalhar cedo no com\u00e9rcio de um dos irm\u00e3os, propriet\u00e1rio do Mercadinho Santo\" \/>\n\t\t<meta property=\"og:url\" content=\"https:\/\/anoticiaonline.com.br\/site\/julio-cezar-de-oliveira-e-homenageado-com-cidadania-honoraria\/\" \/>\n\t\t<meta property=\"og:image\" content=\"https:\/\/scontent-gig4-1.xx.fbcdn.net\/v\/t39.30808-1\/270437624_4564083193639691_6907940295614233970_n.jpg?stp=dst-jpg_s200x200_tt6&#038;_nc_cat=111&#038;ccb=1-7&#038;_nc_sid=f907e8&#038;_nc_ohc=SM1wRlP3lJwQ7kNvwEPuBYA&#038;_nc_oc=AdnqrjDN_BNjSSHWO-GbkIWH6fkGMLw4bqvL_NH6e2wMveX7G-rP2dAqsDSq1mJMOaY&#038;_nc_zt=24&#038;_nc_ht=scontent-gig4-1.xx&#038;_nc_gid=AoBFJeGrT1hVaew_6rchkQ&#038;oh=00_AfX7QmFGhQhG2jAllVgXCiM1ZrWgvtp80-Bfppyexh1QEg&#038;oe=689E923C\" \/>\n\t\t<meta property=\"og:image:secure_url\" content=\"https:\/\/scontent-gig4-1.xx.fbcdn.net\/v\/t39.30808-1\/270437624_4564083193639691_6907940295614233970_n.jpg?stp=dst-jpg_s200x200_tt6&#038;_nc_cat=111&#038;ccb=1-7&#038;_nc_sid=f907e8&#038;_nc_ohc=SM1wRlP3lJwQ7kNvwEPuBYA&#038;_nc_oc=AdnqrjDN_BNjSSHWO-GbkIWH6fkGMLw4bqvL_NH6e2wMveX7G-rP2dAqsDSq1mJMOaY&#038;_nc_zt=24&#038;_nc_ht=scontent-gig4-1.xx&#038;_nc_gid=AoBFJeGrT1hVaew_6rchkQ&#038;oh=00_AfX7QmFGhQhG2jAllVgXCiM1ZrWgvtp80-Bfppyexh1QEg&#038;oe=689E923C\" \/>\n\t\t<meta property=\"article:published_time\" content=\"2018-09-16T14:45:59+00:00\" \/>\n\t\t<meta property=\"article:modified_time\" content=\"2018-09-14T04:54:44+00:00\" \/>\n\t\t<meta name=\"twitter:card\" content=\"summary_large_image\" \/>\n\t\t<meta name=\"twitter:title\" content=\"J\u00falio Cezar de Oliveira \u00e9 homenageado com Cidadania Honor\u00e1ria - A Not\u00edcia Online\" \/>\n\t\t<meta name=\"twitter:description\" content=\"Desde 2012 \u00e9 propriet\u00e1rio da loja de material de constru\u00e7\u00e3o Casa do Pedreiro no bairro Santo Ant\u00f4nio. Nascido em 29 de mar\u00e7o de 1978, em Cachoeira Alegre, \u00e9 filho de Jos\u00e9 Alves de Oliveira e Maria de Lourdes Alves de Oliveira. Come\u00e7ou a trabalhar cedo no com\u00e9rcio de um dos irm\u00e3os, propriet\u00e1rio do Mercadinho Santo\" \/>\n\t\t<meta name=\"twitter:image\" content=\"https:\/\/scontent-gig4-1.xx.fbcdn.net\/v\/t39.30808-1\/270437624_4564083193639691_6907940295614233970_n.jpg?stp=dst-jpg_s200x200_tt6&amp;_nc_cat=111&amp;ccb=1-7&amp;_nc_sid=f907e8&amp;_nc_ohc=SM1wRlP3lJwQ7kNvwEPuBYA&amp;_nc_oc=AdnqrjDN_BNjSSHWO-GbkIWH6fkGMLw4bqvL_NH6e2wMveX7G-rP2dAqsDSq1mJMOaY&amp;_nc_zt=24&amp;_nc_ht=scontent-gig4-1.xx&amp;_nc_gid=AoBFJeGrT1hVaew_6rchkQ&amp;oh=00_AfX7QmFGhQhG2jAllVgXCiM1ZrWgvtp80-Bfppyexh1QEg&amp;oe=689E923C\" \/>\n\t\t<script type=\"application\/ld+json\" class=\"aioseo-schema\">\n\t\t\t{\"@context\":\"https:\\\/\\\/schema.org\",\"@graph\":[{\"@type\":\"BlogPosting\",\"@id\":\"https:\\\/\\\/anoticiaonline.com.br\\\/site\\\/julio-cezar-de-oliveira-e-homenageado-com-cidadania-honoraria\\\/#blogposting\",\"name\":\"J\\u00falio Cezar de Oliveira \\u00e9 homenageado com Cidadania Honor\\u00e1ria - A Not\\u00edcia Online\",\"headline\":\"J\\u00falio Cezar de Oliveira \\u00e9 homenageado com Cidadania Honor\\u00e1ria\",\"author\":{\"@id\":\"https:\\\/\\\/anoticiaonline.com.br\\\/site\\\/author\\\/juliana\\\/#author\"},\"publisher\":{\"@id\":\"https:\\\/\\\/anoticiaonline.com.br\\\/site\\\/#organization\"},\"image\":{\"@type\":\"ImageObject\",\"url\":\"https:\\\/\\\/anoticiaonline.com.br\\\/site\\\/wp-content\\\/uploads\\\/2018\\\/09\\\/DSC_0274-2.jpg\",\"width\":1000,\"height\":667},\"datePublished\":\"2018-09-16T11:45:59-03:00\",\"dateModified\":\"2018-09-14T01:54:44-03:00\",\"inLanguage\":\"pt-BR\",\"mainEntityOfPage\":{\"@id\":\"https:\\\/\\\/anoticiaonline.com.br\\\/site\\\/julio-cezar-de-oliveira-e-homenageado-com-cidadania-honoraria\\\/#webpage\"},\"isPartOf\":{\"@id\":\"https:\\\/\\\/anoticiaonline.com.br\\\/site\\\/julio-cezar-de-oliveira-e-homenageado-com-cidadania-honoraria\\\/#webpage\"},\"articleSection\":\"Cotidiano, J\\u00falio Cezar de Oliveira\"},{\"@type\":\"BreadcrumbList\",\"@id\":\"https:\\\/\\\/anoticiaonline.com.br\\\/site\\\/julio-cezar-de-oliveira-e-homenageado-com-cidadania-honoraria\\\/#breadcrumblist\",\"itemListElement\":[{\"@type\":\"ListItem\",\"@id\":\"https:\\\/\\\/anoticiaonline.com.br\\\/site#listItem\",\"position\":1,\"name\":\"Home\",\"item\":\"https:\\\/\\\/anoticiaonline.com.br\\\/site\",\"nextItem\":{\"@type\":\"ListItem\",\"@id\":\"https:\\\/\\\/anoticiaonline.com.br\\\/site\\\/categoria\\\/muriae\\\/#listItem\",\"name\":\"Blog\"}},{\"@type\":\"ListItem\",\"@id\":\"https:\\\/\\\/anoticiaonline.com.br\\\/site\\\/categoria\\\/muriae\\\/#listItem\",\"position\":2,\"name\":\"Blog\",\"item\":\"https:\\\/\\\/anoticiaonline.com.br\\\/site\\\/categoria\\\/muriae\\\/\",\"nextItem\":{\"@type\":\"ListItem\",\"@id\":\"https:\\\/\\\/anoticiaonline.com.br\\\/site\\\/categoria\\\/muriae\\\/cotidiano\\\/#listItem\",\"name\":\"Cotidiano\"},\"previousItem\":{\"@type\":\"ListItem\",\"@id\":\"https:\\\/\\\/anoticiaonline.com.br\\\/site#listItem\",\"name\":\"Home\"}},{\"@type\":\"ListItem\",\"@id\":\"https:\\\/\\\/anoticiaonline.com.br\\\/site\\\/categoria\\\/muriae\\\/cotidiano\\\/#listItem\",\"position\":3,\"name\":\"Cotidiano\",\"item\":\"https:\\\/\\\/anoticiaonline.com.br\\\/site\\\/categoria\\\/muriae\\\/cotidiano\\\/\",\"nextItem\":{\"@type\":\"ListItem\",\"@id\":\"https:\\\/\\\/anoticiaonline.com.br\\\/site\\\/julio-cezar-de-oliveira-e-homenageado-com-cidadania-honoraria\\\/#listItem\",\"name\":\"J\\u00falio Cezar de Oliveira \\u00e9 homenageado com Cidadania Honor\\u00e1ria\"},\"previousItem\":{\"@type\":\"ListItem\",\"@id\":\"https:\\\/\\\/anoticiaonline.com.br\\\/site\\\/categoria\\\/muriae\\\/#listItem\",\"name\":\"Blog\"}},{\"@type\":\"ListItem\",\"@id\":\"https:\\\/\\\/anoticiaonline.com.br\\\/site\\\/julio-cezar-de-oliveira-e-homenageado-com-cidadania-honoraria\\\/#listItem\",\"position\":4,\"name\":\"J\\u00falio Cezar de Oliveira \\u00e9 homenageado com Cidadania Honor\\u00e1ria\",\"previousItem\":{\"@type\":\"ListItem\",\"@id\":\"https:\\\/\\\/anoticiaonline.com.br\\\/site\\\/categoria\\\/muriae\\\/cotidiano\\\/#listItem\",\"name\":\"Cotidiano\"}}]},{\"@type\":\"Organization\",\"@id\":\"https:\\\/\\\/anoticiaonline.com.br\\\/site\\\/#organization\",\"name\":\"A Not\\u00edcia Online\",\"description\":\"Noticias de Muria\\u00e9 e regi\\u00e3o\",\"url\":\"https:\\\/\\\/anoticiaonline.com.br\\\/site\\\/\",\"logo\":{\"@type\":\"ImageObject\",\"url\":\"https:\\\/\\\/scontent-gig4-1.xx.fbcdn.net\\\/v\\\/t39.30808-1\\\/270437624_4564083193639691_6907940295614233970_n.jpg?stp=dst-jpg_s200x200_tt6&_nc_cat=111&ccb=1-7&_nc_sid=f907e8&_nc_ohc=SM1wRlP3lJwQ7kNvwEPuBYA&_nc_oc=AdnqrjDN_BNjSSHWO-GbkIWH6fkGMLw4bqvL_NH6e2wMveX7G-rP2dAqsDSq1mJMOaY&_nc_zt=24&_nc_ht=scontent-gig4-1.xx&_nc_gid=AoBFJeGrT1hVaew_6rchkQ&oh=00_AfX7QmFGhQhG2jAllVgXCiM1ZrWgvtp80-Bfppyexh1QEg&oe=689E923C\",\"@id\":\"https:\\\/\\\/anoticiaonline.com.br\\\/site\\\/julio-cezar-de-oliveira-e-homenageado-com-cidadania-honoraria\\\/#organizationLogo\"},\"image\":{\"@id\":\"https:\\\/\\\/anoticiaonline.com.br\\\/site\\\/julio-cezar-de-oliveira-e-homenageado-com-cidadania-honoraria\\\/#organizationLogo\"}},{\"@type\":\"Person\",\"@id\":\"https:\\\/\\\/anoticiaonline.com.br\\\/site\\\/author\\\/juliana\\\/#author\",\"url\":\"https:\\\/\\\/anoticiaonline.com.br\\\/site\\\/author\\\/juliana\\\/\",\"name\":\"Juliana Laviola\",\"image\":{\"@type\":\"ImageObject\",\"@id\":\"https:\\\/\\\/anoticiaonline.com.br\\\/site\\\/julio-cezar-de-oliveira-e-homenageado-com-cidadania-honoraria\\\/#authorImage\",\"url\":\"https:\\\/\\\/secure.gravatar.com\\\/avatar\\\/b8d45f5c699b100dfaf0e543582f38f38bf94cb7ae3a5e9abf8d891a34773335?s=96&d=mm&r=g\",\"width\":96,\"height\":96,\"caption\":\"Juliana Laviola\"}},{\"@type\":\"WebPage\",\"@id\":\"https:\\\/\\\/anoticiaonline.com.br\\\/site\\\/julio-cezar-de-oliveira-e-homenageado-com-cidadania-honoraria\\\/#webpage\",\"url\":\"https:\\\/\\\/anoticiaonline.com.br\\\/site\\\/julio-cezar-de-oliveira-e-homenageado-com-cidadania-honoraria\\\/\",\"name\":\"J\\u00falio Cezar de Oliveira \\u00e9 homenageado com Cidadania Honor\\u00e1ria - A Not\\u00edcia Online\",\"description\":\"Desde 2012 \\u00e9 propriet\\u00e1rio da loja de material de constru\\u00e7\\u00e3o Casa do Pedreiro no bairro Santo Ant\\u00f4nio. Nascido em 29 de mar\\u00e7o de 1978, em Cachoeira Alegre, \\u00e9 filho de Jos\\u00e9 Alves de Oliveira e Maria de Lourdes Alves de Oliveira. Come\\u00e7ou a trabalhar cedo no com\\u00e9rcio de um dos irm\\u00e3os, propriet\\u00e1rio do Mercadinho Santo\",\"inLanguage\":\"pt-BR\",\"isPartOf\":{\"@id\":\"https:\\\/\\\/anoticiaonline.com.br\\\/site\\\/#website\"},\"breadcrumb\":{\"@id\":\"https:\\\/\\\/anoticiaonline.com.br\\\/site\\\/julio-cezar-de-oliveira-e-homenageado-com-cidadania-honoraria\\\/#breadcrumblist\"},\"author\":{\"@id\":\"https:\\\/\\\/anoticiaonline.com.br\\\/site\\\/author\\\/juliana\\\/#author\"},\"creator\":{\"@id\":\"https:\\\/\\\/anoticiaonline.com.br\\\/site\\\/author\\\/juliana\\\/#author\"},\"image\":{\"@type\":\"ImageObject\",\"url\":\"https:\\\/\\\/anoticiaonline.com.br\\\/site\\\/wp-content\\\/uploads\\\/2018\\\/09\\\/DSC_0274-2.jpg\",\"@id\":\"https:\\\/\\\/anoticiaonline.com.br\\\/site\\\/julio-cezar-de-oliveira-e-homenageado-com-cidadania-honoraria\\\/#mainImage\",\"width\":1000,\"height\":667},\"primaryImageOfPage\":{\"@id\":\"https:\\\/\\\/anoticiaonline.com.br\\\/site\\\/julio-cezar-de-oliveira-e-homenageado-com-cidadania-honoraria\\\/#mainImage\"},\"datePublished\":\"2018-09-16T11:45:59-03:00\",\"dateModified\":\"2018-09-14T01:54:44-03:00\"},{\"@type\":\"WebSite\",\"@id\":\"https:\\\/\\\/anoticiaonline.com.br\\\/site\\\/#website\",\"url\":\"https:\\\/\\\/anoticiaonline.com.br\\\/site\\\/\",\"name\":\"A Not\\u00edcia Online\",\"description\":\"Noticias de Muria\\u00e9 e regi\\u00e3o\",\"inLanguage\":\"pt-BR\",\"publisher\":{\"@id\":\"https:\\\/\\\/anoticiaonline.com.br\\\/site\\\/#organization\"}}]}\n\t\t<\/script>\n\t\t<!-- All in One SEO -->\n\n","aioseo_head_json":{"title":"J\u00falio Cezar de Oliveira \u00e9 homenageado com Cidadania Honor\u00e1ria - A Not\u00edcia Online","description":"Desde 2012 \u00e9 propriet\u00e1rio da loja de material de constru\u00e7\u00e3o Casa do Pedreiro no bairro Santo Ant\u00f4nio. Nascido em 29 de mar\u00e7o de 1978, em Cachoeira Alegre, \u00e9 filho de Jos\u00e9 Alves de Oliveira e Maria de Lourdes Alves de Oliveira. Come\u00e7ou a trabalhar cedo no com\u00e9rcio de um dos irm\u00e3os, propriet\u00e1rio do Mercadinho Santo","canonical_url":"https:\/\/anoticiaonline.com.br\/site\/julio-cezar-de-oliveira-e-homenageado-com-cidadania-honoraria\/","robots":"max-image-preview:large","keywords":"","webmasterTools":{"miscellaneous":""},"schema":{"@context":"https:\/\/schema.org","@graph":[{"@type":"BlogPosting","@id":"https:\/\/anoticiaonline.com.br\/site\/julio-cezar-de-oliveira-e-homenageado-com-cidadania-honoraria\/#blogposting","name":"J\u00falio Cezar de Oliveira \u00e9 homenageado com Cidadania Honor\u00e1ria - A Not\u00edcia Online","headline":"J\u00falio Cezar de Oliveira \u00e9 homenageado com Cidadania Honor\u00e1ria","author":{"@id":"https:\/\/anoticiaonline.com.br\/site\/author\/juliana\/#author"},"publisher":{"@id":"https:\/\/anoticiaonline.com.br\/site\/#organization"},"image":{"@type":"ImageObject","url":"https:\/\/anoticiaonline.com.br\/site\/wp-content\/uploads\/2018\/09\/DSC_0274-2.jpg","width":1000,"height":667},"datePublished":"2018-09-16T11:45:59-03:00","dateModified":"2018-09-14T01:54:44-03:00","inLanguage":"pt-BR","mainEntityOfPage":{"@id":"https:\/\/anoticiaonline.com.br\/site\/julio-cezar-de-oliveira-e-homenageado-com-cidadania-honoraria\/#webpage"},"isPartOf":{"@id":"https:\/\/anoticiaonline.com.br\/site\/julio-cezar-de-oliveira-e-homenageado-com-cidadania-honoraria\/#webpage"},"articleSection":"Cotidiano, J\u00falio Cezar de Oliveira"},{"@type":"BreadcrumbList","@id":"https:\/\/anoticiaonline.com.br\/site\/julio-cezar-de-oliveira-e-homenageado-com-cidadania-honoraria\/#breadcrumblist","itemListElement":[{"@type":"ListItem","@id":"https:\/\/anoticiaonline.com.br\/site#listItem","position":1,"name":"Home","item":"https:\/\/anoticiaonline.com.br\/site","nextItem":{"@type":"ListItem","@id":"https:\/\/anoticiaonline.com.br\/site\/categoria\/muriae\/#listItem","name":"Blog"}},{"@type":"ListItem","@id":"https:\/\/anoticiaonline.com.br\/site\/categoria\/muriae\/#listItem","position":2,"name":"Blog","item":"https:\/\/anoticiaonline.com.br\/site\/categoria\/muriae\/","nextItem":{"@type":"ListItem","@id":"https:\/\/anoticiaonline.com.br\/site\/categoria\/muriae\/cotidiano\/#listItem","name":"Cotidiano"},"previousItem":{"@type":"ListItem","@id":"https:\/\/anoticiaonline.com.br\/site#listItem","name":"Home"}},{"@type":"ListItem","@id":"https:\/\/anoticiaonline.com.br\/site\/categoria\/muriae\/cotidiano\/#listItem","position":3,"name":"Cotidiano","item":"https:\/\/anoticiaonline.com.br\/site\/categoria\/muriae\/cotidiano\/","nextItem":{"@type":"ListItem","@id":"https:\/\/anoticiaonline.com.br\/site\/julio-cezar-de-oliveira-e-homenageado-com-cidadania-honoraria\/#listItem","name":"J\u00falio Cezar de Oliveira \u00e9 homenageado com Cidadania Honor\u00e1ria"},"previousItem":{"@type":"ListItem","@id":"https:\/\/anoticiaonline.com.br\/site\/categoria\/muriae\/#listItem","name":"Blog"}},{"@type":"ListItem","@id":"https:\/\/anoticiaonline.com.br\/site\/julio-cezar-de-oliveira-e-homenageado-com-cidadania-honoraria\/#listItem","position":4,"name":"J\u00falio Cezar de Oliveira \u00e9 homenageado com Cidadania Honor\u00e1ria","previousItem":{"@type":"ListItem","@id":"https:\/\/anoticiaonline.com.br\/site\/categoria\/muriae\/cotidiano\/#listItem","name":"Cotidiano"}}]},{"@type":"Organization","@id":"https:\/\/anoticiaonline.com.br\/site\/#organization","name":"A Not\u00edcia Online","description":"Noticias de Muria\u00e9 e regi\u00e3o","url":"https:\/\/anoticiaonline.com.br\/site\/","logo":{"@type":"ImageObject","url":"https:\/\/scontent-gig4-1.xx.fbcdn.net\/v\/t39.30808-1\/270437624_4564083193639691_6907940295614233970_n.jpg?stp=dst-jpg_s200x200_tt6&_nc_cat=111&ccb=1-7&_nc_sid=f907e8&_nc_ohc=SM1wRlP3lJwQ7kNvwEPuBYA&_nc_oc=AdnqrjDN_BNjSSHWO-GbkIWH6fkGMLw4bqvL_NH6e2wMveX7G-rP2dAqsDSq1mJMOaY&_nc_zt=24&_nc_ht=scontent-gig4-1.xx&_nc_gid=AoBFJeGrT1hVaew_6rchkQ&oh=00_AfX7QmFGhQhG2jAllVgXCiM1ZrWgvtp80-Bfppyexh1QEg&oe=689E923C","@id":"https:\/\/anoticiaonline.com.br\/site\/julio-cezar-de-oliveira-e-homenageado-com-cidadania-honoraria\/#organizationLogo"},"image":{"@id":"https:\/\/anoticiaonline.com.br\/site\/julio-cezar-de-oliveira-e-homenageado-com-cidadania-honoraria\/#organizationLogo"}},{"@type":"Person","@id":"https:\/\/anoticiaonline.com.br\/site\/author\/juliana\/#author","url":"https:\/\/anoticiaonline.com.br\/site\/author\/juliana\/","name":"Juliana Laviola","image":{"@type":"ImageObject","@id":"https:\/\/anoticiaonline.com.br\/site\/julio-cezar-de-oliveira-e-homenageado-com-cidadania-honoraria\/#authorImage","url":"https:\/\/secure.gravatar.com\/avatar\/b8d45f5c699b100dfaf0e543582f38f38bf94cb7ae3a5e9abf8d891a34773335?s=96&d=mm&r=g","width":96,"height":96,"caption":"Juliana Laviola"}},{"@type":"WebPage","@id":"https:\/\/anoticiaonline.com.br\/site\/julio-cezar-de-oliveira-e-homenageado-com-cidadania-honoraria\/#webpage","url":"https:\/\/anoticiaonline.com.br\/site\/julio-cezar-de-oliveira-e-homenageado-com-cidadania-honoraria\/","name":"J\u00falio Cezar de Oliveira \u00e9 homenageado com Cidadania Honor\u00e1ria - A Not\u00edcia Online","description":"Desde 2012 \u00e9 propriet\u00e1rio da loja de material de constru\u00e7\u00e3o Casa do Pedreiro no bairro Santo Ant\u00f4nio. Nascido em 29 de mar\u00e7o de 1978, em Cachoeira Alegre, \u00e9 filho de Jos\u00e9 Alves de Oliveira e Maria de Lourdes Alves de Oliveira. Come\u00e7ou a trabalhar cedo no com\u00e9rcio de um dos irm\u00e3os, propriet\u00e1rio do Mercadinho Santo","inLanguage":"pt-BR","isPartOf":{"@id":"https:\/\/anoticiaonline.com.br\/site\/#website"},"breadcrumb":{"@id":"https:\/\/anoticiaonline.com.br\/site\/julio-cezar-de-oliveira-e-homenageado-com-cidadania-honoraria\/#breadcrumblist"},"author":{"@id":"https:\/\/anoticiaonline.com.br\/site\/author\/juliana\/#author"},"creator":{"@id":"https:\/\/anoticiaonline.com.br\/site\/author\/juliana\/#author"},"image":{"@type":"ImageObject","url":"https:\/\/anoticiaonline.com.br\/site\/wp-content\/uploads\/2018\/09\/DSC_0274-2.jpg","@id":"https:\/\/anoticiaonline.com.br\/site\/julio-cezar-de-oliveira-e-homenageado-com-cidadania-honoraria\/#mainImage","width":1000,"height":667},"primaryImageOfPage":{"@id":"https:\/\/anoticiaonline.com.br\/site\/julio-cezar-de-oliveira-e-homenageado-com-cidadania-honoraria\/#mainImage"},"datePublished":"2018-09-16T11:45:59-03:00","dateModified":"2018-09-14T01:54:44-03:00"},{"@type":"WebSite","@id":"https:\/\/anoticiaonline.com.br\/site\/#website","url":"https:\/\/anoticiaonline.com.br\/site\/","name":"A Not\u00edcia Online","description":"Noticias de Muria\u00e9 e regi\u00e3o","inLanguage":"pt-BR","publisher":{"@id":"https:\/\/anoticiaonline.com.br\/site\/#organization"}}]},"og:locale":"pt_BR","og:site_name":"A Not\u00edcia Online - Noticias de Muria\u00e9 e regi\u00e3o","og:type":"article","og:title":"J\u00falio Cezar de Oliveira \u00e9 homenageado com Cidadania Honor\u00e1ria - A Not\u00edcia Online","og:description":"Desde 2012 \u00e9 propriet\u00e1rio da loja de material de constru\u00e7\u00e3o Casa do Pedreiro no bairro Santo Ant\u00f4nio. Nascido em 29 de mar\u00e7o de 1978, em Cachoeira Alegre, \u00e9 filho de Jos\u00e9 Alves de Oliveira e Maria de Lourdes Alves de Oliveira. Come\u00e7ou a trabalhar cedo no com\u00e9rcio de um dos irm\u00e3os, propriet\u00e1rio do Mercadinho Santo","og:url":"https:\/\/anoticiaonline.com.br\/site\/julio-cezar-de-oliveira-e-homenageado-com-cidadania-honoraria\/","og:image":"https:\/\/scontent-gig4-1.xx.fbcdn.net\/v\/t39.30808-1\/270437624_4564083193639691_6907940295614233970_n.jpg?stp=dst-jpg_s200x200_tt6&#038;_nc_cat=111&#038;ccb=1-7&#038;_nc_sid=f907e8&#038;_nc_ohc=SM1wRlP3lJwQ7kNvwEPuBYA&#038;_nc_oc=AdnqrjDN_BNjSSHWO-GbkIWH6fkGMLw4bqvL_NH6e2wMveX7G-rP2dAqsDSq1mJMOaY&#038;_nc_zt=24&#038;_nc_ht=scontent-gig4-1.xx&#038;_nc_gid=AoBFJeGrT1hVaew_6rchkQ&#038;oh=00_AfX7QmFGhQhG2jAllVgXCiM1ZrWgvtp80-Bfppyexh1QEg&#038;oe=689E923C","og:image:secure_url":"https:\/\/scontent-gig4-1.xx.fbcdn.net\/v\/t39.30808-1\/270437624_4564083193639691_6907940295614233970_n.jpg?stp=dst-jpg_s200x200_tt6&#038;_nc_cat=111&#038;ccb=1-7&#038;_nc_sid=f907e8&#038;_nc_ohc=SM1wRlP3lJwQ7kNvwEPuBYA&#038;_nc_oc=AdnqrjDN_BNjSSHWO-GbkIWH6fkGMLw4bqvL_NH6e2wMveX7G-rP2dAqsDSq1mJMOaY&#038;_nc_zt=24&#038;_nc_ht=scontent-gig4-1.xx&#038;_nc_gid=AoBFJeGrT1hVaew_6rchkQ&#038;oh=00_AfX7QmFGhQhG2jAllVgXCiM1ZrWgvtp80-Bfppyexh1QEg&#038;oe=689E923C","article:published_time":"2018-09-16T14:45:59+00:00","article:modified_time":"2018-09-14T04:54:44+00:00","twitter:card":"summary_large_image","twitter:title":"J\u00falio Cezar de Oliveira \u00e9 homenageado com Cidadania Honor\u00e1ria - A Not\u00edcia Online","twitter:description":"Desde 2012 \u00e9 propriet\u00e1rio da loja de material de constru\u00e7\u00e3o Casa do Pedreiro no bairro Santo Ant\u00f4nio. Nascido em 29 de mar\u00e7o de 1978, em Cachoeira Alegre, \u00e9 filho de Jos\u00e9 Alves de Oliveira e Maria de Lourdes Alves de Oliveira. Come\u00e7ou a trabalhar cedo no com\u00e9rcio de um dos irm\u00e3os, propriet\u00e1rio do Mercadinho Santo","twitter:image":"https:\/\/scontent-gig4-1.xx.fbcdn.net\/v\/t39.30808-1\/270437624_4564083193639691_6907940295614233970_n.jpg?stp=dst-jpg_s200x200_tt6&_nc_cat=111&ccb=1-7&_nc_sid=f907e8&_nc_ohc=SM1wRlP3lJwQ7kNvwEPuBYA&_nc_oc=AdnqrjDN_BNjSSHWO-GbkIWH6fkGMLw4bqvL_NH6e2wMveX7G-rP2dAqsDSq1mJMOaY&_nc_zt=24&_nc_ht=scontent-gig4-1.xx&_nc_gid=AoBFJeGrT1hVaew_6rchkQ&oh=00_AfX7QmFGhQhG2jAllVgXCiM1ZrWgvtp80-Bfppyexh1QEg&oe=689E923C"},"aioseo_meta_data":{"post_id":"61728","title":null,"description":null,"keywords":null,"keyphrases":null,"primary_term":null,"canonical_url":null,"og_title":null,"og_description":null,"og_object_type":"default","og_image_type":"default","og_image_url":null,"og_image_width":null,"og_image_height":null,"og_image_custom_url":null,"og_image_custom_fields":null,"og_video":null,"og_custom_url":null,"og_article_section":null,"og_article_tags":null,"twitter_use_og":false,"twitter_card":"default","twitter_image_type":"default","twitter_image_url":null,"twitter_image_custom_url":null,"twitter_image_custom_fields":null,"twitter_title":null,"twitter_description":null,"schema":{"blockGraphs":[],"customGraphs":[],"default":{"data":{"Article":[],"Course":[],"Dataset":[],"FAQPage":[],"Movie":[],"Person":[],"Product":[],"ProductReview":[],"Car":[],"Recipe":[],"Service":[],"SoftwareApplication":[],"WebPage":[]},"graphName":"","isEnabled":true},"graphs":[]},"schema_type":"default","schema_type_options":null,"pillar_content":false,"robots_default":true,"robots_noindex":false,"robots_noarchive":false,"robots_nosnippet":false,"robots_nofollow":false,"robots_noimageindex":false,"robots_noodp":false,"robots_notranslate":false,"robots_max_snippet":null,"robots_max_videopreview":null,"robots_max_imagepreview":"large","priority":null,"frequency":null,"local_seo":null,"breadcrumb_settings":null,"limit_modified_date":false,"ai":null,"created":"2025-08-16 21:40:34","updated":"2025-08-16 21:40:34","focus_keyword":null,"additional_keywords":null,"truseo_locale":null,"seo_analyzer_scan_date":null},"aioseo_breadcrumb":"<div class=\"aioseo-breadcrumbs\"><span class=\"aioseo-breadcrumb\">\n\t\t\t<a href=\"https:\/\/anoticiaonline.com.br\/site\" title=\"Home\">Home<\/a>\n\t\t<\/span><span class=\"aioseo-breadcrumb-separator\">&raquo;<\/span><span class=\"aioseo-breadcrumb\">\n\t\t\t<a href=\"https:\/\/anoticiaonline.com.br\/site\/categoria\/muriae\/\" title=\"Blog\">Blog<\/a>\n\t\t<\/span><span class=\"aioseo-breadcrumb-separator\">&raquo;<\/span><span class=\"aioseo-breadcrumb\">\n\t\t\t<a href=\"https:\/\/anoticiaonline.com.br\/site\/categoria\/muriae\/cotidiano\/\" title=\"Cotidiano\">Cotidiano<\/a>\n\t\t<\/span><span class=\"aioseo-breadcrumb-separator\">&raquo;<\/span><span class=\"aioseo-breadcrumb\">\n\t\t\tJ\u00falio Cezar de Oliveira \u00e9 homenageado com Cidadania Honor\u00e1ria\n\t\t<\/span><\/div>","aioseo_breadcrumb_json":[{"label":"Home","link":"https:\/\/anoticiaonline.com.br\/site"},{"label":"Blog","link":"https:\/\/anoticiaonline.com.br\/site\/categoria\/muriae\/"},{"label":"Cotidiano","link":"https:\/\/anoticiaonline.com.br\/site\/categoria\/muriae\/cotidiano\/"},{"label":"J\u00falio Cezar de Oliveira \u00e9 homenageado com Cidadania Honor\u00e1ria","link":"https:\/\/anoticiaonline.com.br\/site\/julio-cezar-de-oliveira-e-homenageado-com-cidadania-honoraria\/"}],"views":180,"_links":{"self":[{"href":"https:\/\/anoticiaonline.com.br\/site\/wp-json\/wp\/v2\/posts\/61728","targetHints":{"allow":["GET"]}}],"collection":[{"href":"https:\/\/anoticiaonline.com.br\/site\/wp-json\/wp\/v2\/posts"}],"about":[{"href":"https:\/\/anoticiaonline.com.br\/site\/wp-json\/wp\/v2\/types\/post"}],"author":[{"embeddable":true,"href":"https:\/\/anoticiaonline.com.br\/site\/wp-json\/wp\/v2\/users\/2"}],"replies":[{"embeddable":true,"href":"https:\/\/anoticiaonline.com.br\/site\/wp-json\/wp\/v2\/comments?post=61728"}],"version-history":[{"count":0,"href":"https:\/\/anoticiaonline.com.br\/site\/wp-json\/wp\/v2\/posts\/61728\/revisions"}],"wp:featuredmedia":[{"embeddable":true,"href":"https:\/\/anoticiaonline.com.br\/site\/wp-json\/wp\/v2\/media\/61731"}],"wp:attachment":[{"href":"https:\/\/anoticiaonline.com.br\/site\/wp-json\/wp\/v2\/media?parent=61728"}],"wp:term":[{"taxonomy":"category","embeddable":true,"href":"https:\/\/anoticiaonline.com.br\/site\/wp-json\/wp\/v2\/categories?post=61728"},{"taxonomy":"post_tag","embeddable":true,"href":"https:\/\/anoticiaonline.com.br\/site\/wp-json\/wp\/v2\/tags?post=61728"}],"curies":[{"name":"wp","href":"https:\/\/api.w.org\/{rel}","templated":true}]}}