{"id":61675,"date":"2018-09-14T00:40:08","date_gmt":"2018-09-14T03:40:08","guid":{"rendered":"http:\/\/anoticiaonline.com.br\/site\/?p=61675"},"modified":"2018-09-14T00:38:01","modified_gmt":"2018-09-14T03:38:01","slug":"abraao-jose-de-paula-recebe-a-comenda-martins-da-costa","status":"publish","type":"post","link":"https:\/\/anoticiaonline.com.br\/site\/abraao-jose-de-paula-recebe-a-comenda-martins-da-costa\/","title":{"rendered":"Abra\u00e3o Jos\u00e9 de Paula recebe a Comenda Martins da Costa"},"content":{"rendered":"<p>40<a href=\"https:\/\/anoticiaonline.com.br\/site\/wp-content\/uploads\/2018\/09\/DSC_0526.jpg\"><img fetchpriority=\"high\" decoding=\"async\" class=\"aligncenter size-full wp-image-61676\" src=\"https:\/\/anoticiaonline.com.br\/site\/wp-content\/uploads\/2018\/09\/DSC_0526.jpg\" alt=\"\" width=\"1000\" height=\"667\" srcset=\"https:\/\/anoticiaonline.com.br\/site\/wp-content\/uploads\/2018\/09\/DSC_0526.jpg 1000w, https:\/\/anoticiaonline.com.br\/site\/wp-content\/uploads\/2018\/09\/DSC_0526-300x200.jpg 300w, https:\/\/anoticiaonline.com.br\/site\/wp-content\/uploads\/2018\/09\/DSC_0526-768x512.jpg 768w\" sizes=\"(max-width: 1000px) 100vw, 1000px\" \/><\/a><a href=\"https:\/\/anoticiaonline.com.br\/site\/wp-content\/uploads\/2018\/09\/DSC_0535.jpg\"><img decoding=\"async\" class=\"aligncenter size-full wp-image-61678\" src=\"https:\/\/anoticiaonline.com.br\/site\/wp-content\/uploads\/2018\/09\/DSC_0535.jpg\" alt=\"\" width=\"1000\" height=\"667\" srcset=\"https:\/\/anoticiaonline.com.br\/site\/wp-content\/uploads\/2018\/09\/DSC_0535.jpg 1000w, https:\/\/anoticiaonline.com.br\/site\/wp-content\/uploads\/2018\/09\/DSC_0535-300x200.jpg 300w, https:\/\/anoticiaonline.com.br\/site\/wp-content\/uploads\/2018\/09\/DSC_0535-768x512.jpg 768w\" sizes=\"(max-width: 1000px) 100vw, 1000px\" \/><\/a>Formou-se em T\u00e9cnico de Contabilidade e Bacharel em Administra\u00e7\u00e3o pela Universidade Federal Fluminense, de Niter\u00f3i, Rio de Janeiro. Consolidou sua carreira profissional na Empresa T\u00e9cnica de Constru\u00e7\u00f5es Ltda \u2013 EMTEC, que possui 5 mil funcion\u00e1rios em trabalhos itinerantes. Prestou servi\u00e7os aos governos de Estados e administra\u00e7\u00f5es municipais, com constru\u00e7\u00e3o de estradas, habita\u00e7\u00f5es, pres\u00eddios e outros. Nascido na zona rural da cidade de Palma, em 22 de fevereiro de 1958, \u00e9 filho de Sebasti\u00e3o Gabriel de Paula e Dalva Oliveira de Paula. Acometido de poliomielite aos 5 anos e com falecimento prematuro de sua m\u00e3e aos 32 anos, enfrentou desde cedo grandes desafios. Casou-se, tendo dois filhos: Thales e B\u00e1rbara. Considerando-se, hoje, melhor preparado sente-se no dever c\u00edvico e ideol\u00f3gico de fornecer esclarecimento e encaminhamento \u00e0s pessoas pouco informadas, a fim de alcan\u00e7ar seus direitos constitucionais em diversas \u00e1reas.<\/p>\n<p><strong>*\u00c9 expressamente proibida a c\u00f3pia, reprodu\u00e7\u00e3o, difus\u00e3o, transmiss\u00e3o, utiliza\u00e7\u00e3o, modifica\u00e7\u00e3o, venda, publica\u00e7\u00e3o, distribui\u00e7\u00e3o ou qualquer outro, na totalidade ou em parte, deste material sem a pr\u00e9via autoriza\u00e7\u00e3o, por escrito, da dire\u00e7\u00e3o do jornal A NOT\u00cdCIA.<\/strong><\/p>\n<p><a href=\"https:\/\/anoticiaonline.com.br\/site\/wp-content\/uploads\/2018\/09\/DSC_0647.jpg\"><img decoding=\"async\" class=\"aligncenter size-full wp-image-61679\" src=\"https:\/\/anoticiaonline.com.br\/site\/wp-content\/uploads\/2018\/09\/DSC_0647.jpg\" alt=\"\" width=\"1000\" height=\"667\" srcset=\"https:\/\/anoticiaonline.com.br\/site\/wp-content\/uploads\/2018\/09\/DSC_0647.jpg 1000w, https:\/\/anoticiaonline.com.br\/site\/wp-content\/uploads\/2018\/09\/DSC_0647-300x200.jpg 300w, https:\/\/anoticiaonline.com.br\/site\/wp-content\/uploads\/2018\/09\/DSC_0647-768x512.jpg 768w\" sizes=\"(max-width: 1000px) 100vw, 1000px\" \/><\/a><\/p>\n<p><a href=\"https:\/\/anoticiaonline.com.br\/site\/wp-content\/uploads\/2018\/09\/DSC_0529.jpg\"><img loading=\"lazy\" decoding=\"async\" class=\"aligncenter size-full wp-image-61677\" src=\"https:\/\/anoticiaonline.com.br\/site\/wp-content\/uploads\/2018\/09\/DSC_0529.jpg\" alt=\"\" width=\"1000\" height=\"667\" srcset=\"https:\/\/anoticiaonline.com.br\/site\/wp-content\/uploads\/2018\/09\/DSC_0529.jpg 1000w, https:\/\/anoticiaonline.com.br\/site\/wp-content\/uploads\/2018\/09\/DSC_0529-300x200.jpg 300w, https:\/\/anoticiaonline.com.br\/site\/wp-content\/uploads\/2018\/09\/DSC_0529-768x512.jpg 768w\" sizes=\"(max-width: 1000px) 100vw, 1000px\" \/><\/a><\/p>\n","protected":false},"excerpt":{"rendered":"<p>40Formou-se em T\u00e9cnico de Contabilidade e Bacharel em Administra\u00e7\u00e3o pela Universidade Federal Fluminense, de Niter\u00f3i, Rio de Janeiro. Consolidou sua carreira profissional na Empresa T\u00e9cnica de Constru\u00e7\u00f5es Ltda \u2013 EMTEC, que possui 5 mil funcion\u00e1rios em trabalhos itinerantes. Prestou servi\u00e7os aos governos de Estados e administra\u00e7\u00f5es municipais, com constru\u00e7\u00e3o de estradas, habita\u00e7\u00f5es, pres\u00eddios e outros. &#8230; <a title=\"Abra\u00e3o Jos\u00e9 de Paula recebe a Comenda Martins da Costa\" class=\"read-more\" href=\"https:\/\/anoticiaonline.com.br\/site\/abraao-jose-de-paula-recebe-a-comenda-martins-da-costa\/\" aria-label=\"Read more about Abra\u00e3o Jos\u00e9 de Paula recebe a Comenda Martins da Costa\">Ler mais<\/a><\/p>\n","protected":false},"author":2,"featured_media":61678,"comment_status":"open","ping_status":"open","sticky":false,"template":"","format":"standard","meta":{"_acf_changed":false,"_monsterinsights_skip_tracking":false,"footnotes":""},"categories":[1],"tags":[2980,1081,3116],"class_list":["post-61675","post","type-post","status-publish","format-standard","has-post-thumbnail","hentry","category-gerais","tag-abraao-jose-de-paula","tag-comenda-martins-da-costa","tag-martins-da-costa"],"acf":[],"aioseo_notices":[],"aioseo_head":"\n\t\t<!-- All in One SEO 5.0.0.1 - aioseo.com -->\n\t<meta name=\"description\" content=\"40Formou-se em T\u00e9cnico de Contabilidade e Bacharel em Administra\u00e7\u00e3o pela Universidade Federal Fluminense, de Niter\u00f3i, Rio de Janeiro. Consolidou sua carreira profissional na Empresa T\u00e9cnica de Constru\u00e7\u00f5es Ltda \u2013 EMTEC, que possui 5 mil funcion\u00e1rios em trabalhos itinerantes. Prestou servi\u00e7os aos governos de Estados e administra\u00e7\u00f5es municipais, com constru\u00e7\u00e3o de estradas, habita\u00e7\u00f5es, pres\u00eddios e outros.\" \/>\n\t<meta name=\"robots\" content=\"max-image-preview:large\" \/>\n\t<meta name=\"author\" content=\"Juliana Laviola\"\/>\n\t<link rel=\"canonical\" href=\"https:\/\/anoticiaonline.com.br\/site\/abraao-jose-de-paula-recebe-a-comenda-martins-da-costa\/\" \/>\n\t<meta name=\"generator\" content=\"All in One SEO (AIOSEO) 5.0.0.1\" \/>\n\t\t<meta property=\"og:locale\" content=\"pt_BR\" \/>\n\t\t<meta property=\"og:site_name\" content=\"A Not\u00edcia Online - Noticias de Muria\u00e9 e regi\u00e3o\" \/>\n\t\t<meta property=\"og:type\" content=\"article\" \/>\n\t\t<meta property=\"og:title\" content=\"Abra\u00e3o Jos\u00e9 de Paula recebe a Comenda Martins da Costa - A Not\u00edcia Online\" \/>\n\t\t<meta property=\"og:description\" content=\"40Formou-se em T\u00e9cnico de Contabilidade e Bacharel em Administra\u00e7\u00e3o pela Universidade Federal Fluminense, de Niter\u00f3i, Rio de Janeiro. Consolidou sua carreira profissional na Empresa T\u00e9cnica de Constru\u00e7\u00f5es Ltda \u2013 EMTEC, que possui 5 mil funcion\u00e1rios em trabalhos itinerantes. Prestou servi\u00e7os aos governos de Estados e administra\u00e7\u00f5es municipais, com constru\u00e7\u00e3o de estradas, habita\u00e7\u00f5es, pres\u00eddios e outros.\" \/>\n\t\t<meta property=\"og:url\" content=\"https:\/\/anoticiaonline.com.br\/site\/abraao-jose-de-paula-recebe-a-comenda-martins-da-costa\/\" \/>\n\t\t<meta property=\"og:image\" content=\"https:\/\/scontent-gig4-1.xx.fbcdn.net\/v\/t39.30808-1\/270437624_4564083193639691_6907940295614233970_n.jpg?stp=dst-jpg_s200x200_tt6&#038;_nc_cat=111&#038;ccb=1-7&#038;_nc_sid=f907e8&#038;_nc_ohc=SM1wRlP3lJwQ7kNvwEPuBYA&#038;_nc_oc=AdnqrjDN_BNjSSHWO-GbkIWH6fkGMLw4bqvL_NH6e2wMveX7G-rP2dAqsDSq1mJMOaY&#038;_nc_zt=24&#038;_nc_ht=scontent-gig4-1.xx&#038;_nc_gid=AoBFJeGrT1hVaew_6rchkQ&#038;oh=00_AfX7QmFGhQhG2jAllVgXCiM1ZrWgvtp80-Bfppyexh1QEg&#038;oe=689E923C\" \/>\n\t\t<meta property=\"og:image:secure_url\" content=\"https:\/\/scontent-gig4-1.xx.fbcdn.net\/v\/t39.30808-1\/270437624_4564083193639691_6907940295614233970_n.jpg?stp=dst-jpg_s200x200_tt6&#038;_nc_cat=111&#038;ccb=1-7&#038;_nc_sid=f907e8&#038;_nc_ohc=SM1wRlP3lJwQ7kNvwEPuBYA&#038;_nc_oc=AdnqrjDN_BNjSSHWO-GbkIWH6fkGMLw4bqvL_NH6e2wMveX7G-rP2dAqsDSq1mJMOaY&#038;_nc_zt=24&#038;_nc_ht=scontent-gig4-1.xx&#038;_nc_gid=AoBFJeGrT1hVaew_6rchkQ&#038;oh=00_AfX7QmFGhQhG2jAllVgXCiM1ZrWgvtp80-Bfppyexh1QEg&#038;oe=689E923C\" \/>\n\t\t<meta property=\"article:published_time\" content=\"2018-09-14T03:40:08+00:00\" \/>\n\t\t<meta property=\"article:modified_time\" content=\"2018-09-14T03:38:01+00:00\" \/>\n\t\t<meta name=\"twitter:card\" content=\"summary_large_image\" \/>\n\t\t<meta name=\"twitter:title\" content=\"Abra\u00e3o Jos\u00e9 de Paula recebe a Comenda Martins da Costa - A Not\u00edcia Online\" \/>\n\t\t<meta name=\"twitter:description\" content=\"40Formou-se em T\u00e9cnico de Contabilidade e Bacharel em Administra\u00e7\u00e3o pela Universidade Federal Fluminense, de Niter\u00f3i, Rio de Janeiro. Consolidou sua carreira profissional na Empresa T\u00e9cnica de Constru\u00e7\u00f5es Ltda \u2013 EMTEC, que possui 5 mil funcion\u00e1rios em trabalhos itinerantes. Prestou servi\u00e7os aos governos de Estados e administra\u00e7\u00f5es municipais, com constru\u00e7\u00e3o de estradas, habita\u00e7\u00f5es, pres\u00eddios e outros.\" \/>\n\t\t<meta name=\"twitter:image\" content=\"https:\/\/scontent-gig4-1.xx.fbcdn.net\/v\/t39.30808-1\/270437624_4564083193639691_6907940295614233970_n.jpg?stp=dst-jpg_s200x200_tt6&amp;_nc_cat=111&amp;ccb=1-7&amp;_nc_sid=f907e8&amp;_nc_ohc=SM1wRlP3lJwQ7kNvwEPuBYA&amp;_nc_oc=AdnqrjDN_BNjSSHWO-GbkIWH6fkGMLw4bqvL_NH6e2wMveX7G-rP2dAqsDSq1mJMOaY&amp;_nc_zt=24&amp;_nc_ht=scontent-gig4-1.xx&amp;_nc_gid=AoBFJeGrT1hVaew_6rchkQ&amp;oh=00_AfX7QmFGhQhG2jAllVgXCiM1ZrWgvtp80-Bfppyexh1QEg&amp;oe=689E923C\" \/>\n\t\t<script type=\"application\/ld+json\" class=\"aioseo-schema\">\n\t\t\t{\"@context\":\"https:\\\/\\\/schema.org\",\"@graph\":[{\"@type\":\"BlogPosting\",\"@id\":\"https:\\\/\\\/anoticiaonline.com.br\\\/site\\\/abraao-jose-de-paula-recebe-a-comenda-martins-da-costa\\\/#blogposting\",\"name\":\"Abra\\u00e3o Jos\\u00e9 de Paula recebe a Comenda Martins da Costa - A Not\\u00edcia Online\",\"headline\":\"Abra\\u00e3o Jos\\u00e9 de Paula recebe a Comenda Martins da Costa\",\"author\":{\"@id\":\"https:\\\/\\\/anoticiaonline.com.br\\\/site\\\/author\\\/juliana\\\/#author\"},\"publisher\":{\"@id\":\"https:\\\/\\\/anoticiaonline.com.br\\\/site\\\/#organization\"},\"image\":{\"@type\":\"ImageObject\",\"url\":\"https:\\\/\\\/anoticiaonline.com.br\\\/site\\\/wp-content\\\/uploads\\\/2018\\\/09\\\/DSC_0535.jpg\",\"width\":1000,\"height\":667},\"datePublished\":\"2018-09-14T00:40:08-03:00\",\"dateModified\":\"2018-09-14T00:38:01-03:00\",\"inLanguage\":\"pt-BR\",\"mainEntityOfPage\":{\"@id\":\"https:\\\/\\\/anoticiaonline.com.br\\\/site\\\/abraao-jose-de-paula-recebe-a-comenda-martins-da-costa\\\/#webpage\"},\"isPartOf\":{\"@id\":\"https:\\\/\\\/anoticiaonline.com.br\\\/site\\\/abraao-jose-de-paula-recebe-a-comenda-martins-da-costa\\\/#webpage\"},\"articleSection\":\"Gerais, Abra\\u00e3o Jos\\u00e9 de Paula, Comenda Martins da Costa, Martins da Costa\"},{\"@type\":\"BreadcrumbList\",\"@id\":\"https:\\\/\\\/anoticiaonline.com.br\\\/site\\\/abraao-jose-de-paula-recebe-a-comenda-martins-da-costa\\\/#breadcrumblist\",\"itemListElement\":[{\"@type\":\"ListItem\",\"@id\":\"https:\\\/\\\/anoticiaonline.com.br\\\/site#listItem\",\"position\":1,\"name\":\"Home\",\"item\":\"https:\\\/\\\/anoticiaonline.com.br\\\/site\",\"nextItem\":{\"@type\":\"ListItem\",\"@id\":\"https:\\\/\\\/anoticiaonline.com.br\\\/site\\\/categoria\\\/gerais\\\/#listItem\",\"name\":\"Gerais\"}},{\"@type\":\"ListItem\",\"@id\":\"https:\\\/\\\/anoticiaonline.com.br\\\/site\\\/categoria\\\/gerais\\\/#listItem\",\"position\":2,\"name\":\"Gerais\",\"item\":\"https:\\\/\\\/anoticiaonline.com.br\\\/site\\\/categoria\\\/gerais\\\/\",\"nextItem\":{\"@type\":\"ListItem\",\"@id\":\"https:\\\/\\\/anoticiaonline.com.br\\\/site\\\/abraao-jose-de-paula-recebe-a-comenda-martins-da-costa\\\/#listItem\",\"name\":\"Abra\\u00e3o Jos\\u00e9 de Paula recebe a Comenda Martins da Costa\"},\"previousItem\":{\"@type\":\"ListItem\",\"@id\":\"https:\\\/\\\/anoticiaonline.com.br\\\/site#listItem\",\"name\":\"Home\"}},{\"@type\":\"ListItem\",\"@id\":\"https:\\\/\\\/anoticiaonline.com.br\\\/site\\\/abraao-jose-de-paula-recebe-a-comenda-martins-da-costa\\\/#listItem\",\"position\":3,\"name\":\"Abra\\u00e3o Jos\\u00e9 de Paula recebe a Comenda Martins da Costa\",\"previousItem\":{\"@type\":\"ListItem\",\"@id\":\"https:\\\/\\\/anoticiaonline.com.br\\\/site\\\/categoria\\\/gerais\\\/#listItem\",\"name\":\"Gerais\"}}]},{\"@type\":\"Organization\",\"@id\":\"https:\\\/\\\/anoticiaonline.com.br\\\/site\\\/#organization\",\"name\":\"A Not\\u00edcia Online\",\"description\":\"Noticias de Muria\\u00e9 e regi\\u00e3o\",\"url\":\"https:\\\/\\\/anoticiaonline.com.br\\\/site\\\/\",\"logo\":{\"@type\":\"ImageObject\",\"url\":\"https:\\\/\\\/scontent-gig4-1.xx.fbcdn.net\\\/v\\\/t39.30808-1\\\/270437624_4564083193639691_6907940295614233970_n.jpg?stp=dst-jpg_s200x200_tt6&_nc_cat=111&ccb=1-7&_nc_sid=f907e8&_nc_ohc=SM1wRlP3lJwQ7kNvwEPuBYA&_nc_oc=AdnqrjDN_BNjSSHWO-GbkIWH6fkGMLw4bqvL_NH6e2wMveX7G-rP2dAqsDSq1mJMOaY&_nc_zt=24&_nc_ht=scontent-gig4-1.xx&_nc_gid=AoBFJeGrT1hVaew_6rchkQ&oh=00_AfX7QmFGhQhG2jAllVgXCiM1ZrWgvtp80-Bfppyexh1QEg&oe=689E923C\",\"@id\":\"https:\\\/\\\/anoticiaonline.com.br\\\/site\\\/abraao-jose-de-paula-recebe-a-comenda-martins-da-costa\\\/#organizationLogo\"},\"image\":{\"@id\":\"https:\\\/\\\/anoticiaonline.com.br\\\/site\\\/abraao-jose-de-paula-recebe-a-comenda-martins-da-costa\\\/#organizationLogo\"}},{\"@type\":\"Person\",\"@id\":\"https:\\\/\\\/anoticiaonline.com.br\\\/site\\\/author\\\/juliana\\\/#author\",\"url\":\"https:\\\/\\\/anoticiaonline.com.br\\\/site\\\/author\\\/juliana\\\/\",\"name\":\"Juliana Laviola\",\"image\":{\"@type\":\"ImageObject\",\"@id\":\"https:\\\/\\\/anoticiaonline.com.br\\\/site\\\/abraao-jose-de-paula-recebe-a-comenda-martins-da-costa\\\/#authorImage\",\"url\":\"https:\\\/\\\/secure.gravatar.com\\\/avatar\\\/b8d45f5c699b100dfaf0e543582f38f38bf94cb7ae3a5e9abf8d891a34773335?s=96&d=mm&r=g\",\"width\":96,\"height\":96,\"caption\":\"Juliana Laviola\"}},{\"@type\":\"WebPage\",\"@id\":\"https:\\\/\\\/anoticiaonline.com.br\\\/site\\\/abraao-jose-de-paula-recebe-a-comenda-martins-da-costa\\\/#webpage\",\"url\":\"https:\\\/\\\/anoticiaonline.com.br\\\/site\\\/abraao-jose-de-paula-recebe-a-comenda-martins-da-costa\\\/\",\"name\":\"Abra\\u00e3o Jos\\u00e9 de Paula recebe a Comenda Martins da Costa - A Not\\u00edcia Online\",\"description\":\"40Formou-se em T\\u00e9cnico de Contabilidade e Bacharel em Administra\\u00e7\\u00e3o pela Universidade Federal Fluminense, de Niter\\u00f3i, Rio de Janeiro. Consolidou sua carreira profissional na Empresa T\\u00e9cnica de Constru\\u00e7\\u00f5es Ltda \\u2013 EMTEC, que possui 5 mil funcion\\u00e1rios em trabalhos itinerantes. Prestou servi\\u00e7os aos governos de Estados e administra\\u00e7\\u00f5es municipais, com constru\\u00e7\\u00e3o de estradas, habita\\u00e7\\u00f5es, pres\\u00eddios e outros.\",\"inLanguage\":\"pt-BR\",\"isPartOf\":{\"@id\":\"https:\\\/\\\/anoticiaonline.com.br\\\/site\\\/#website\"},\"breadcrumb\":{\"@id\":\"https:\\\/\\\/anoticiaonline.com.br\\\/site\\\/abraao-jose-de-paula-recebe-a-comenda-martins-da-costa\\\/#breadcrumblist\"},\"author\":{\"@id\":\"https:\\\/\\\/anoticiaonline.com.br\\\/site\\\/author\\\/juliana\\\/#author\"},\"creator\":{\"@id\":\"https:\\\/\\\/anoticiaonline.com.br\\\/site\\\/author\\\/juliana\\\/#author\"},\"image\":{\"@type\":\"ImageObject\",\"url\":\"https:\\\/\\\/anoticiaonline.com.br\\\/site\\\/wp-content\\\/uploads\\\/2018\\\/09\\\/DSC_0535.jpg\",\"@id\":\"https:\\\/\\\/anoticiaonline.com.br\\\/site\\\/abraao-jose-de-paula-recebe-a-comenda-martins-da-costa\\\/#mainImage\",\"width\":1000,\"height\":667},\"primaryImageOfPage\":{\"@id\":\"https:\\\/\\\/anoticiaonline.com.br\\\/site\\\/abraao-jose-de-paula-recebe-a-comenda-martins-da-costa\\\/#mainImage\"},\"datePublished\":\"2018-09-14T00:40:08-03:00\",\"dateModified\":\"2018-09-14T00:38:01-03:00\"},{\"@type\":\"WebSite\",\"@id\":\"https:\\\/\\\/anoticiaonline.com.br\\\/site\\\/#website\",\"url\":\"https:\\\/\\\/anoticiaonline.com.br\\\/site\\\/\",\"name\":\"A Not\\u00edcia Online\",\"description\":\"Noticias de Muria\\u00e9 e regi\\u00e3o\",\"inLanguage\":\"pt-BR\",\"publisher\":{\"@id\":\"https:\\\/\\\/anoticiaonline.com.br\\\/site\\\/#organization\"}}]}\n\t\t<\/script>\n\t\t<!-- All in One SEO -->\n\n","aioseo_head_json":{"title":"Abra\u00e3o Jos\u00e9 de Paula recebe a Comenda Martins da Costa - A Not\u00edcia Online","description":"40Formou-se em T\u00e9cnico de Contabilidade e Bacharel em Administra\u00e7\u00e3o pela Universidade Federal Fluminense, de Niter\u00f3i, Rio de Janeiro. Consolidou sua carreira profissional na Empresa T\u00e9cnica de Constru\u00e7\u00f5es Ltda \u2013 EMTEC, que possui 5 mil funcion\u00e1rios em trabalhos itinerantes. Prestou servi\u00e7os aos governos de Estados e administra\u00e7\u00f5es municipais, com constru\u00e7\u00e3o de estradas, habita\u00e7\u00f5es, pres\u00eddios e outros.","canonical_url":"https:\/\/anoticiaonline.com.br\/site\/abraao-jose-de-paula-recebe-a-comenda-martins-da-costa\/","robots":"max-image-preview:large","keywords":"","webmasterTools":{"miscellaneous":""},"schema":{"@context":"https:\/\/schema.org","@graph":[{"@type":"BlogPosting","@id":"https:\/\/anoticiaonline.com.br\/site\/abraao-jose-de-paula-recebe-a-comenda-martins-da-costa\/#blogposting","name":"Abra\u00e3o Jos\u00e9 de Paula recebe a Comenda Martins da Costa - A Not\u00edcia Online","headline":"Abra\u00e3o Jos\u00e9 de Paula recebe a Comenda Martins da Costa","author":{"@id":"https:\/\/anoticiaonline.com.br\/site\/author\/juliana\/#author"},"publisher":{"@id":"https:\/\/anoticiaonline.com.br\/site\/#organization"},"image":{"@type":"ImageObject","url":"https:\/\/anoticiaonline.com.br\/site\/wp-content\/uploads\/2018\/09\/DSC_0535.jpg","width":1000,"height":667},"datePublished":"2018-09-14T00:40:08-03:00","dateModified":"2018-09-14T00:38:01-03:00","inLanguage":"pt-BR","mainEntityOfPage":{"@id":"https:\/\/anoticiaonline.com.br\/site\/abraao-jose-de-paula-recebe-a-comenda-martins-da-costa\/#webpage"},"isPartOf":{"@id":"https:\/\/anoticiaonline.com.br\/site\/abraao-jose-de-paula-recebe-a-comenda-martins-da-costa\/#webpage"},"articleSection":"Gerais, Abra\u00e3o Jos\u00e9 de Paula, Comenda Martins da Costa, Martins da Costa"},{"@type":"BreadcrumbList","@id":"https:\/\/anoticiaonline.com.br\/site\/abraao-jose-de-paula-recebe-a-comenda-martins-da-costa\/#breadcrumblist","itemListElement":[{"@type":"ListItem","@id":"https:\/\/anoticiaonline.com.br\/site#listItem","position":1,"name":"Home","item":"https:\/\/anoticiaonline.com.br\/site","nextItem":{"@type":"ListItem","@id":"https:\/\/anoticiaonline.com.br\/site\/categoria\/gerais\/#listItem","name":"Gerais"}},{"@type":"ListItem","@id":"https:\/\/anoticiaonline.com.br\/site\/categoria\/gerais\/#listItem","position":2,"name":"Gerais","item":"https:\/\/anoticiaonline.com.br\/site\/categoria\/gerais\/","nextItem":{"@type":"ListItem","@id":"https:\/\/anoticiaonline.com.br\/site\/abraao-jose-de-paula-recebe-a-comenda-martins-da-costa\/#listItem","name":"Abra\u00e3o Jos\u00e9 de Paula recebe a Comenda Martins da Costa"},"previousItem":{"@type":"ListItem","@id":"https:\/\/anoticiaonline.com.br\/site#listItem","name":"Home"}},{"@type":"ListItem","@id":"https:\/\/anoticiaonline.com.br\/site\/abraao-jose-de-paula-recebe-a-comenda-martins-da-costa\/#listItem","position":3,"name":"Abra\u00e3o Jos\u00e9 de Paula recebe a Comenda Martins da Costa","previousItem":{"@type":"ListItem","@id":"https:\/\/anoticiaonline.com.br\/site\/categoria\/gerais\/#listItem","name":"Gerais"}}]},{"@type":"Organization","@id":"https:\/\/anoticiaonline.com.br\/site\/#organization","name":"A Not\u00edcia Online","description":"Noticias de Muria\u00e9 e regi\u00e3o","url":"https:\/\/anoticiaonline.com.br\/site\/","logo":{"@type":"ImageObject","url":"https:\/\/scontent-gig4-1.xx.fbcdn.net\/v\/t39.30808-1\/270437624_4564083193639691_6907940295614233970_n.jpg?stp=dst-jpg_s200x200_tt6&_nc_cat=111&ccb=1-7&_nc_sid=f907e8&_nc_ohc=SM1wRlP3lJwQ7kNvwEPuBYA&_nc_oc=AdnqrjDN_BNjSSHWO-GbkIWH6fkGMLw4bqvL_NH6e2wMveX7G-rP2dAqsDSq1mJMOaY&_nc_zt=24&_nc_ht=scontent-gig4-1.xx&_nc_gid=AoBFJeGrT1hVaew_6rchkQ&oh=00_AfX7QmFGhQhG2jAllVgXCiM1ZrWgvtp80-Bfppyexh1QEg&oe=689E923C","@id":"https:\/\/anoticiaonline.com.br\/site\/abraao-jose-de-paula-recebe-a-comenda-martins-da-costa\/#organizationLogo"},"image":{"@id":"https:\/\/anoticiaonline.com.br\/site\/abraao-jose-de-paula-recebe-a-comenda-martins-da-costa\/#organizationLogo"}},{"@type":"Person","@id":"https:\/\/anoticiaonline.com.br\/site\/author\/juliana\/#author","url":"https:\/\/anoticiaonline.com.br\/site\/author\/juliana\/","name":"Juliana Laviola","image":{"@type":"ImageObject","@id":"https:\/\/anoticiaonline.com.br\/site\/abraao-jose-de-paula-recebe-a-comenda-martins-da-costa\/#authorImage","url":"https:\/\/secure.gravatar.com\/avatar\/b8d45f5c699b100dfaf0e543582f38f38bf94cb7ae3a5e9abf8d891a34773335?s=96&d=mm&r=g","width":96,"height":96,"caption":"Juliana Laviola"}},{"@type":"WebPage","@id":"https:\/\/anoticiaonline.com.br\/site\/abraao-jose-de-paula-recebe-a-comenda-martins-da-costa\/#webpage","url":"https:\/\/anoticiaonline.com.br\/site\/abraao-jose-de-paula-recebe-a-comenda-martins-da-costa\/","name":"Abra\u00e3o Jos\u00e9 de Paula recebe a Comenda Martins da Costa - A Not\u00edcia Online","description":"40Formou-se em T\u00e9cnico de Contabilidade e Bacharel em Administra\u00e7\u00e3o pela Universidade Federal Fluminense, de Niter\u00f3i, Rio de Janeiro. Consolidou sua carreira profissional na Empresa T\u00e9cnica de Constru\u00e7\u00f5es Ltda \u2013 EMTEC, que possui 5 mil funcion\u00e1rios em trabalhos itinerantes. Prestou servi\u00e7os aos governos de Estados e administra\u00e7\u00f5es municipais, com constru\u00e7\u00e3o de estradas, habita\u00e7\u00f5es, pres\u00eddios e outros.","inLanguage":"pt-BR","isPartOf":{"@id":"https:\/\/anoticiaonline.com.br\/site\/#website"},"breadcrumb":{"@id":"https:\/\/anoticiaonline.com.br\/site\/abraao-jose-de-paula-recebe-a-comenda-martins-da-costa\/#breadcrumblist"},"author":{"@id":"https:\/\/anoticiaonline.com.br\/site\/author\/juliana\/#author"},"creator":{"@id":"https:\/\/anoticiaonline.com.br\/site\/author\/juliana\/#author"},"image":{"@type":"ImageObject","url":"https:\/\/anoticiaonline.com.br\/site\/wp-content\/uploads\/2018\/09\/DSC_0535.jpg","@id":"https:\/\/anoticiaonline.com.br\/site\/abraao-jose-de-paula-recebe-a-comenda-martins-da-costa\/#mainImage","width":1000,"height":667},"primaryImageOfPage":{"@id":"https:\/\/anoticiaonline.com.br\/site\/abraao-jose-de-paula-recebe-a-comenda-martins-da-costa\/#mainImage"},"datePublished":"2018-09-14T00:40:08-03:00","dateModified":"2018-09-14T00:38:01-03:00"},{"@type":"WebSite","@id":"https:\/\/anoticiaonline.com.br\/site\/#website","url":"https:\/\/anoticiaonline.com.br\/site\/","name":"A Not\u00edcia Online","description":"Noticias de Muria\u00e9 e regi\u00e3o","inLanguage":"pt-BR","publisher":{"@id":"https:\/\/anoticiaonline.com.br\/site\/#organization"}}]},"og:locale":"pt_BR","og:site_name":"A Not\u00edcia Online - Noticias de Muria\u00e9 e regi\u00e3o","og:type":"article","og:title":"Abra\u00e3o Jos\u00e9 de Paula recebe a Comenda Martins da Costa - A Not\u00edcia Online","og:description":"40Formou-se em T\u00e9cnico de Contabilidade e Bacharel em Administra\u00e7\u00e3o pela Universidade Federal Fluminense, de Niter\u00f3i, Rio de Janeiro. Consolidou sua carreira profissional na Empresa T\u00e9cnica de Constru\u00e7\u00f5es Ltda \u2013 EMTEC, que possui 5 mil funcion\u00e1rios em trabalhos itinerantes. Prestou servi\u00e7os aos governos de Estados e administra\u00e7\u00f5es municipais, com constru\u00e7\u00e3o de estradas, habita\u00e7\u00f5es, pres\u00eddios e outros.","og:url":"https:\/\/anoticiaonline.com.br\/site\/abraao-jose-de-paula-recebe-a-comenda-martins-da-costa\/","og:image":"https:\/\/scontent-gig4-1.xx.fbcdn.net\/v\/t39.30808-1\/270437624_4564083193639691_6907940295614233970_n.jpg?stp=dst-jpg_s200x200_tt6&#038;_nc_cat=111&#038;ccb=1-7&#038;_nc_sid=f907e8&#038;_nc_ohc=SM1wRlP3lJwQ7kNvwEPuBYA&#038;_nc_oc=AdnqrjDN_BNjSSHWO-GbkIWH6fkGMLw4bqvL_NH6e2wMveX7G-rP2dAqsDSq1mJMOaY&#038;_nc_zt=24&#038;_nc_ht=scontent-gig4-1.xx&#038;_nc_gid=AoBFJeGrT1hVaew_6rchkQ&#038;oh=00_AfX7QmFGhQhG2jAllVgXCiM1ZrWgvtp80-Bfppyexh1QEg&#038;oe=689E923C","og:image:secure_url":"https:\/\/scontent-gig4-1.xx.fbcdn.net\/v\/t39.30808-1\/270437624_4564083193639691_6907940295614233970_n.jpg?stp=dst-jpg_s200x200_tt6&#038;_nc_cat=111&#038;ccb=1-7&#038;_nc_sid=f907e8&#038;_nc_ohc=SM1wRlP3lJwQ7kNvwEPuBYA&#038;_nc_oc=AdnqrjDN_BNjSSHWO-GbkIWH6fkGMLw4bqvL_NH6e2wMveX7G-rP2dAqsDSq1mJMOaY&#038;_nc_zt=24&#038;_nc_ht=scontent-gig4-1.xx&#038;_nc_gid=AoBFJeGrT1hVaew_6rchkQ&#038;oh=00_AfX7QmFGhQhG2jAllVgXCiM1ZrWgvtp80-Bfppyexh1QEg&#038;oe=689E923C","article:published_time":"2018-09-14T03:40:08+00:00","article:modified_time":"2018-09-14T03:38:01+00:00","twitter:card":"summary_large_image","twitter:title":"Abra\u00e3o Jos\u00e9 de Paula recebe a Comenda Martins da Costa - A Not\u00edcia Online","twitter:description":"40Formou-se em T\u00e9cnico de Contabilidade e Bacharel em Administra\u00e7\u00e3o pela Universidade Federal Fluminense, de Niter\u00f3i, Rio de Janeiro. Consolidou sua carreira profissional na Empresa T\u00e9cnica de Constru\u00e7\u00f5es Ltda \u2013 EMTEC, que possui 5 mil funcion\u00e1rios em trabalhos itinerantes. Prestou servi\u00e7os aos governos de Estados e administra\u00e7\u00f5es municipais, com constru\u00e7\u00e3o de estradas, habita\u00e7\u00f5es, pres\u00eddios e outros.","twitter:image":"https:\/\/scontent-gig4-1.xx.fbcdn.net\/v\/t39.30808-1\/270437624_4564083193639691_6907940295614233970_n.jpg?stp=dst-jpg_s200x200_tt6&_nc_cat=111&ccb=1-7&_nc_sid=f907e8&_nc_ohc=SM1wRlP3lJwQ7kNvwEPuBYA&_nc_oc=AdnqrjDN_BNjSSHWO-GbkIWH6fkGMLw4bqvL_NH6e2wMveX7G-rP2dAqsDSq1mJMOaY&_nc_zt=24&_nc_ht=scontent-gig4-1.xx&_nc_gid=AoBFJeGrT1hVaew_6rchkQ&oh=00_AfX7QmFGhQhG2jAllVgXCiM1ZrWgvtp80-Bfppyexh1QEg&oe=689E923C"},"aioseo_meta_data":{"post_id":"61675","title":null,"description":null,"keywords":null,"keyphrases":null,"primary_term":null,"canonical_url":null,"og_title":null,"og_description":null,"og_object_type":"default","og_image_type":"default","og_image_url":null,"og_image_width":null,"og_image_height":null,"og_image_custom_url":null,"og_image_custom_fields":null,"og_video":null,"og_custom_url":null,"og_article_section":null,"og_article_tags":null,"twitter_use_og":false,"twitter_card":"default","twitter_image_type":"default","twitter_image_url":null,"twitter_image_custom_url":null,"twitter_image_custom_fields":null,"twitter_title":null,"twitter_description":null,"schema":{"blockGraphs":[],"customGraphs":[],"default":{"data":{"Article":[],"Course":[],"Dataset":[],"FAQPage":[],"Movie":[],"Person":[],"Product":[],"ProductReview":[],"Car":[],"Recipe":[],"Service":[],"SoftwareApplication":[],"WebPage":[]},"graphName":"","isEnabled":true},"graphs":[]},"schema_type":"default","schema_type_options":null,"pillar_content":false,"robots_default":true,"robots_noindex":false,"robots_noarchive":false,"robots_nosnippet":false,"robots_nofollow":false,"robots_noimageindex":false,"robots_noodp":false,"robots_notranslate":false,"robots_max_snippet":null,"robots_max_videopreview":null,"robots_max_imagepreview":"large","priority":null,"frequency":null,"local_seo":null,"breadcrumb_settings":null,"limit_modified_date":false,"ai":null,"created":"2025-08-16 21:38:23","updated":"2025-08-16 21:38:23","focus_keyword":null,"additional_keywords":null,"truseo_locale":null,"seo_analyzer_scan_date":null},"aioseo_breadcrumb":"<div class=\"aioseo-breadcrumbs\"><span class=\"aioseo-breadcrumb\">\n\t\t\t<a href=\"https:\/\/anoticiaonline.com.br\/site\" title=\"Home\">Home<\/a>\n\t\t<\/span><span class=\"aioseo-breadcrumb-separator\">&raquo;<\/span><span class=\"aioseo-breadcrumb\">\n\t\t\t<a href=\"https:\/\/anoticiaonline.com.br\/site\/categoria\/gerais\/\" title=\"Gerais\">Gerais<\/a>\n\t\t<\/span><span class=\"aioseo-breadcrumb-separator\">&raquo;<\/span><span class=\"aioseo-breadcrumb\">\n\t\t\tAbra\u00e3o Jos\u00e9 de Paula recebe a Comenda Martins da Costa\n\t\t<\/span><\/div>","aioseo_breadcrumb_json":[{"label":"Home","link":"https:\/\/anoticiaonline.com.br\/site"},{"label":"Gerais","link":"https:\/\/anoticiaonline.com.br\/site\/categoria\/gerais\/"},{"label":"Abra\u00e3o Jos\u00e9 de Paula recebe a Comenda Martins da Costa","link":"https:\/\/anoticiaonline.com.br\/site\/abraao-jose-de-paula-recebe-a-comenda-martins-da-costa\/"}],"views":156,"_links":{"self":[{"href":"https:\/\/anoticiaonline.com.br\/site\/wp-json\/wp\/v2\/posts\/61675","targetHints":{"allow":["GET"]}}],"collection":[{"href":"https:\/\/anoticiaonline.com.br\/site\/wp-json\/wp\/v2\/posts"}],"about":[{"href":"https:\/\/anoticiaonline.com.br\/site\/wp-json\/wp\/v2\/types\/post"}],"author":[{"embeddable":true,"href":"https:\/\/anoticiaonline.com.br\/site\/wp-json\/wp\/v2\/users\/2"}],"replies":[{"embeddable":true,"href":"https:\/\/anoticiaonline.com.br\/site\/wp-json\/wp\/v2\/comments?post=61675"}],"version-history":[{"count":0,"href":"https:\/\/anoticiaonline.com.br\/site\/wp-json\/wp\/v2\/posts\/61675\/revisions"}],"wp:featuredmedia":[{"embeddable":true,"href":"https:\/\/anoticiaonline.com.br\/site\/wp-json\/wp\/v2\/media\/61678"}],"wp:attachment":[{"href":"https:\/\/anoticiaonline.com.br\/site\/wp-json\/wp\/v2\/media?parent=61675"}],"wp:term":[{"taxonomy":"category","embeddable":true,"href":"https:\/\/anoticiaonline.com.br\/site\/wp-json\/wp\/v2\/categories?post=61675"},{"taxonomy":"post_tag","embeddable":true,"href":"https:\/\/anoticiaonline.com.br\/site\/wp-json\/wp\/v2\/tags?post=61675"}],"curies":[{"name":"wp","href":"https:\/\/api.w.org\/{rel}","templated":true}]}}