{"id":61593,"date":"2018-09-13T21:39:31","date_gmt":"2018-09-14T00:39:31","guid":{"rendered":"http:\/\/anoticiaonline.com.br\/site\/?p=61593"},"modified":"2018-09-13T21:42:49","modified_gmt":"2018-09-14T00:42:49","slug":"projeto-social-de-artes-marciais-desfila-no-dia-do-muriaeense","status":"publish","type":"post","link":"https:\/\/anoticiaonline.com.br\/site\/projeto-social-de-artes-marciais-desfila-no-dia-do-muriaeense\/","title":{"rendered":"Projeto social de artes marciais desfila no Dia do Muriaeense"},"content":{"rendered":"<p><a href=\"https:\/\/anoticiaonline.com.br\/site\/wp-content\/uploads\/2018\/09\/DSC_0537-1.jpg\"><img fetchpriority=\"high\" decoding=\"async\" class=\"aligncenter size-full wp-image-61596\" src=\"https:\/\/anoticiaonline.com.br\/site\/wp-content\/uploads\/2018\/09\/DSC_0537-1.jpg\" alt=\"\" width=\"1000\" height=\"668\" srcset=\"https:\/\/anoticiaonline.com.br\/site\/wp-content\/uploads\/2018\/09\/DSC_0537-1.jpg 1000w, https:\/\/anoticiaonline.com.br\/site\/wp-content\/uploads\/2018\/09\/DSC_0537-1-300x200.jpg 300w, https:\/\/anoticiaonline.com.br\/site\/wp-content\/uploads\/2018\/09\/DSC_0537-1-768x513.jpg 768w\" sizes=\"(max-width: 1000px) 100vw, 1000px\" \/><\/a> <a href=\"https:\/\/anoticiaonline.com.br\/site\/wp-content\/uploads\/2018\/09\/DSC_0871.jpg\"><img decoding=\"async\" class=\"aligncenter size-full wp-image-61597\" src=\"https:\/\/anoticiaonline.com.br\/site\/wp-content\/uploads\/2018\/09\/DSC_0871.jpg\" alt=\"\" width=\"1000\" height=\"667\" srcset=\"https:\/\/anoticiaonline.com.br\/site\/wp-content\/uploads\/2018\/09\/DSC_0871.jpg 1000w, https:\/\/anoticiaonline.com.br\/site\/wp-content\/uploads\/2018\/09\/DSC_0871-300x200.jpg 300w, https:\/\/anoticiaonline.com.br\/site\/wp-content\/uploads\/2018\/09\/DSC_0871-768x512.jpg 768w\" sizes=\"(max-width: 1000px) 100vw, 1000px\" \/><\/a>Os integrantes do Projeto \u201cResgatando Vidas\u201d, que atua nas escolas municipais de Muria\u00e9 atrav\u00e9s da pr\u00e1tica de jud\u00f4, jiu-jitsu, muay thai e taekwondo, desfilaram na manh\u00e3 de quinta-feira (6), Dia do Muriaeense para divulgarem o trabalho feito com os alunos de diversos bairros da cidade.<\/p>\n<p>O professor de Educa\u00e7\u00e3o F\u00edsica, G\u00e9lio Leal, um dos coordenadores do \u201cResgatando Vidas\u201d, disse que o projeto j\u00e1 existe h\u00e1 quatro anos. \u201cAtuamos nos bairros Gaspar, Dornelas II e S\u00e3o Joaquim. Conto com uma equipe dedicada de atletas graduados que me ajudam com o treinamento das crian\u00e7as de forma volunt\u00e1ria\u201d, conta.<\/p>\n<p><strong>*\u00c9 expressamente proibida a c\u00f3pia, reprodu\u00e7\u00e3o, difus\u00e3o, transmiss\u00e3o, utiliza\u00e7\u00e3o, modifica\u00e7\u00e3o, venda, publica\u00e7\u00e3o, distribui\u00e7\u00e3o ou qualquer outro, na totalidade ou em parte, deste material sem a pr\u00e9via autoriza\u00e7\u00e3o, por escrito, da dire\u00e7\u00e3o do jornal A NOT\u00cdCIA.<\/strong><\/p>\n<p><a href=\"https:\/\/anoticiaonline.com.br\/site\/wp-content\/uploads\/2018\/09\/DSC_0001-1.jpg\"><img decoding=\"async\" class=\"aligncenter size-full wp-image-61594\" src=\"https:\/\/anoticiaonline.com.br\/site\/wp-content\/uploads\/2018\/09\/DSC_0001-1.jpg\" alt=\"\" width=\"1000\" height=\"668\" srcset=\"https:\/\/anoticiaonline.com.br\/site\/wp-content\/uploads\/2018\/09\/DSC_0001-1.jpg 1000w, https:\/\/anoticiaonline.com.br\/site\/wp-content\/uploads\/2018\/09\/DSC_0001-1-300x200.jpg 300w, https:\/\/anoticiaonline.com.br\/site\/wp-content\/uploads\/2018\/09\/DSC_0001-1-768x513.jpg 768w\" sizes=\"(max-width: 1000px) 100vw, 1000px\" \/><\/a><\/p>\n<p><a href=\"https:\/\/anoticiaonline.com.br\/site\/wp-content\/uploads\/2018\/09\/DSC_0534.jpg\"><img loading=\"lazy\" decoding=\"async\" class=\"aligncenter size-full wp-image-61595\" src=\"https:\/\/anoticiaonline.com.br\/site\/wp-content\/uploads\/2018\/09\/DSC_0534.jpg\" alt=\"\" width=\"1000\" height=\"668\" srcset=\"https:\/\/anoticiaonline.com.br\/site\/wp-content\/uploads\/2018\/09\/DSC_0534.jpg 1000w, https:\/\/anoticiaonline.com.br\/site\/wp-content\/uploads\/2018\/09\/DSC_0534-300x200.jpg 300w, https:\/\/anoticiaonline.com.br\/site\/wp-content\/uploads\/2018\/09\/DSC_0534-768x513.jpg 768w\" sizes=\"(max-width: 1000px) 100vw, 1000px\" \/><\/a><\/p>\n","protected":false},"excerpt":{"rendered":"<p>Os integrantes do Projeto \u201cResgatando Vidas\u201d, que atua nas escolas municipais de Muria\u00e9 atrav\u00e9s da pr\u00e1tica de jud\u00f4, jiu-jitsu, muay thai e taekwondo, desfilaram na manh\u00e3 de quinta-feira (6), Dia do Muriaeense para divulgarem o trabalho feito com os alunos de diversos bairros da cidade. O professor de Educa\u00e7\u00e3o F\u00edsica, G\u00e9lio Leal, um dos coordenadores &#8230; <a title=\"Projeto social de artes marciais desfila no Dia do Muriaeense\" class=\"read-more\" href=\"https:\/\/anoticiaonline.com.br\/site\/projeto-social-de-artes-marciais-desfila-no-dia-do-muriaeense\/\" aria-label=\"Read more about Projeto social de artes marciais desfila no Dia do Muriaeense\">Ler mais<\/a><\/p>\n","protected":false},"author":2,"featured_media":61597,"comment_status":"open","ping_status":"open","sticky":false,"template":"","format":"standard","meta":{"_acf_changed":false,"_monsterinsights_skip_tracking":false,"footnotes":""},"categories":[2893],"tags":[469,3112,421,3110,3109,3111,3108,3113,318],"class_list":["post-61593","post","type-post","status-publish","format-standard","has-post-thumbnail","hentry","category-cotidiano","tag-dia-do-muriaeense","tag-dornelas-ii","tag-gaspar","tag-jiu-jitsu","tag-judo","tag-muay-thai","tag-projeto-resgatando-vidas","tag-sao-joaquim","tag-taekwondo"],"acf":[],"aioseo_notices":[],"aioseo_head":"\n\t\t<!-- All in One SEO 5.0.0.1 - aioseo.com -->\n\t<meta name=\"description\" content=\"Os integrantes do Projeto \u201cResgatando Vidas\u201d, que atua nas escolas municipais de Muria\u00e9 atrav\u00e9s da pr\u00e1tica de jud\u00f4, jiu-jitsu, muay thai e taekwondo, desfilaram na manh\u00e3 de quinta-feira (6), Dia do Muriaeense para divulgarem o trabalho feito com os alunos de diversos bairros da cidade. O professor de Educa\u00e7\u00e3o F\u00edsica, G\u00e9lio Leal, um dos coordenadores\" \/>\n\t<meta name=\"robots\" content=\"max-image-preview:large\" \/>\n\t<meta name=\"author\" content=\"Juliana Laviola\"\/>\n\t<link rel=\"canonical\" href=\"https:\/\/anoticiaonline.com.br\/site\/projeto-social-de-artes-marciais-desfila-no-dia-do-muriaeense\/\" \/>\n\t<meta name=\"generator\" content=\"All in One SEO (AIOSEO) 5.0.0.1\" \/>\n\t\t<meta property=\"og:locale\" content=\"pt_BR\" \/>\n\t\t<meta property=\"og:site_name\" content=\"A Not\u00edcia Online - Noticias de Muria\u00e9 e regi\u00e3o\" \/>\n\t\t<meta property=\"og:type\" content=\"article\" \/>\n\t\t<meta property=\"og:title\" content=\"Projeto social de artes marciais desfila no Dia do Muriaeense - A Not\u00edcia Online\" \/>\n\t\t<meta property=\"og:description\" content=\"Os integrantes do Projeto \u201cResgatando Vidas\u201d, que atua nas escolas municipais de Muria\u00e9 atrav\u00e9s da pr\u00e1tica de jud\u00f4, jiu-jitsu, muay thai e taekwondo, desfilaram na manh\u00e3 de quinta-feira (6), Dia do Muriaeense para divulgarem o trabalho feito com os alunos de diversos bairros da cidade. O professor de Educa\u00e7\u00e3o F\u00edsica, G\u00e9lio Leal, um dos coordenadores\" \/>\n\t\t<meta property=\"og:url\" content=\"https:\/\/anoticiaonline.com.br\/site\/projeto-social-de-artes-marciais-desfila-no-dia-do-muriaeense\/\" \/>\n\t\t<meta property=\"og:image\" content=\"https:\/\/scontent-gig4-1.xx.fbcdn.net\/v\/t39.30808-1\/270437624_4564083193639691_6907940295614233970_n.jpg?stp=dst-jpg_s200x200_tt6&#038;_nc_cat=111&#038;ccb=1-7&#038;_nc_sid=f907e8&#038;_nc_ohc=SM1wRlP3lJwQ7kNvwEPuBYA&#038;_nc_oc=AdnqrjDN_BNjSSHWO-GbkIWH6fkGMLw4bqvL_NH6e2wMveX7G-rP2dAqsDSq1mJMOaY&#038;_nc_zt=24&#038;_nc_ht=scontent-gig4-1.xx&#038;_nc_gid=AoBFJeGrT1hVaew_6rchkQ&#038;oh=00_AfX7QmFGhQhG2jAllVgXCiM1ZrWgvtp80-Bfppyexh1QEg&#038;oe=689E923C\" \/>\n\t\t<meta property=\"og:image:secure_url\" content=\"https:\/\/scontent-gig4-1.xx.fbcdn.net\/v\/t39.30808-1\/270437624_4564083193639691_6907940295614233970_n.jpg?stp=dst-jpg_s200x200_tt6&#038;_nc_cat=111&#038;ccb=1-7&#038;_nc_sid=f907e8&#038;_nc_ohc=SM1wRlP3lJwQ7kNvwEPuBYA&#038;_nc_oc=AdnqrjDN_BNjSSHWO-GbkIWH6fkGMLw4bqvL_NH6e2wMveX7G-rP2dAqsDSq1mJMOaY&#038;_nc_zt=24&#038;_nc_ht=scontent-gig4-1.xx&#038;_nc_gid=AoBFJeGrT1hVaew_6rchkQ&#038;oh=00_AfX7QmFGhQhG2jAllVgXCiM1ZrWgvtp80-Bfppyexh1QEg&#038;oe=689E923C\" \/>\n\t\t<meta property=\"article:published_time\" content=\"2018-09-14T00:39:31+00:00\" \/>\n\t\t<meta property=\"article:modified_time\" content=\"2018-09-14T00:42:49+00:00\" \/>\n\t\t<meta name=\"twitter:card\" content=\"summary_large_image\" \/>\n\t\t<meta name=\"twitter:title\" content=\"Projeto social de artes marciais desfila no Dia do Muriaeense - A Not\u00edcia Online\" \/>\n\t\t<meta name=\"twitter:description\" content=\"Os integrantes do Projeto \u201cResgatando Vidas\u201d, que atua nas escolas municipais de Muria\u00e9 atrav\u00e9s da pr\u00e1tica de jud\u00f4, jiu-jitsu, muay thai e taekwondo, desfilaram na manh\u00e3 de quinta-feira (6), Dia do Muriaeense para divulgarem o trabalho feito com os alunos de diversos bairros da cidade. O professor de Educa\u00e7\u00e3o F\u00edsica, G\u00e9lio Leal, um dos coordenadores\" \/>\n\t\t<meta name=\"twitter:image\" content=\"https:\/\/scontent-gig4-1.xx.fbcdn.net\/v\/t39.30808-1\/270437624_4564083193639691_6907940295614233970_n.jpg?stp=dst-jpg_s200x200_tt6&amp;_nc_cat=111&amp;ccb=1-7&amp;_nc_sid=f907e8&amp;_nc_ohc=SM1wRlP3lJwQ7kNvwEPuBYA&amp;_nc_oc=AdnqrjDN_BNjSSHWO-GbkIWH6fkGMLw4bqvL_NH6e2wMveX7G-rP2dAqsDSq1mJMOaY&amp;_nc_zt=24&amp;_nc_ht=scontent-gig4-1.xx&amp;_nc_gid=AoBFJeGrT1hVaew_6rchkQ&amp;oh=00_AfX7QmFGhQhG2jAllVgXCiM1ZrWgvtp80-Bfppyexh1QEg&amp;oe=689E923C\" \/>\n\t\t<script type=\"application\/ld+json\" class=\"aioseo-schema\">\n\t\t\t{\"@context\":\"https:\\\/\\\/schema.org\",\"@graph\":[{\"@type\":\"BlogPosting\",\"@id\":\"https:\\\/\\\/anoticiaonline.com.br\\\/site\\\/projeto-social-de-artes-marciais-desfila-no-dia-do-muriaeense\\\/#blogposting\",\"name\":\"Projeto social de artes marciais desfila no Dia do Muriaeense - A Not\\u00edcia Online\",\"headline\":\"Projeto social de artes marciais desfila no Dia do Muriaeense\",\"author\":{\"@id\":\"https:\\\/\\\/anoticiaonline.com.br\\\/site\\\/author\\\/juliana\\\/#author\"},\"publisher\":{\"@id\":\"https:\\\/\\\/anoticiaonline.com.br\\\/site\\\/#organization\"},\"image\":{\"@type\":\"ImageObject\",\"url\":\"https:\\\/\\\/anoticiaonline.com.br\\\/site\\\/wp-content\\\/uploads\\\/2018\\\/09\\\/DSC_0871.jpg\",\"width\":1000,\"height\":667},\"datePublished\":\"2018-09-13T21:39:31-03:00\",\"dateModified\":\"2018-09-13T21:42:49-03:00\",\"inLanguage\":\"pt-BR\",\"mainEntityOfPage\":{\"@id\":\"https:\\\/\\\/anoticiaonline.com.br\\\/site\\\/projeto-social-de-artes-marciais-desfila-no-dia-do-muriaeense\\\/#webpage\"},\"isPartOf\":{\"@id\":\"https:\\\/\\\/anoticiaonline.com.br\\\/site\\\/projeto-social-de-artes-marciais-desfila-no-dia-do-muriaeense\\\/#webpage\"},\"articleSection\":\"Cotidiano, dia do muriaeense, Dornelas II, Gaspar, jiu-jitsu, jud\\u00f4, muay thai, Projeto \\u201cResgatando Vidas\\u201d, S\\u00e3o Joaquim, taekwondo\"},{\"@type\":\"BreadcrumbList\",\"@id\":\"https:\\\/\\\/anoticiaonline.com.br\\\/site\\\/projeto-social-de-artes-marciais-desfila-no-dia-do-muriaeense\\\/#breadcrumblist\",\"itemListElement\":[{\"@type\":\"ListItem\",\"@id\":\"https:\\\/\\\/anoticiaonline.com.br\\\/site#listItem\",\"position\":1,\"name\":\"Home\",\"item\":\"https:\\\/\\\/anoticiaonline.com.br\\\/site\",\"nextItem\":{\"@type\":\"ListItem\",\"@id\":\"https:\\\/\\\/anoticiaonline.com.br\\\/site\\\/categoria\\\/muriae\\\/#listItem\",\"name\":\"Blog\"}},{\"@type\":\"ListItem\",\"@id\":\"https:\\\/\\\/anoticiaonline.com.br\\\/site\\\/categoria\\\/muriae\\\/#listItem\",\"position\":2,\"name\":\"Blog\",\"item\":\"https:\\\/\\\/anoticiaonline.com.br\\\/site\\\/categoria\\\/muriae\\\/\",\"nextItem\":{\"@type\":\"ListItem\",\"@id\":\"https:\\\/\\\/anoticiaonline.com.br\\\/site\\\/categoria\\\/muriae\\\/cotidiano\\\/#listItem\",\"name\":\"Cotidiano\"},\"previousItem\":{\"@type\":\"ListItem\",\"@id\":\"https:\\\/\\\/anoticiaonline.com.br\\\/site#listItem\",\"name\":\"Home\"}},{\"@type\":\"ListItem\",\"@id\":\"https:\\\/\\\/anoticiaonline.com.br\\\/site\\\/categoria\\\/muriae\\\/cotidiano\\\/#listItem\",\"position\":3,\"name\":\"Cotidiano\",\"item\":\"https:\\\/\\\/anoticiaonline.com.br\\\/site\\\/categoria\\\/muriae\\\/cotidiano\\\/\",\"nextItem\":{\"@type\":\"ListItem\",\"@id\":\"https:\\\/\\\/anoticiaonline.com.br\\\/site\\\/projeto-social-de-artes-marciais-desfila-no-dia-do-muriaeense\\\/#listItem\",\"name\":\"Projeto social de artes marciais desfila no Dia do Muriaeense\"},\"previousItem\":{\"@type\":\"ListItem\",\"@id\":\"https:\\\/\\\/anoticiaonline.com.br\\\/site\\\/categoria\\\/muriae\\\/#listItem\",\"name\":\"Blog\"}},{\"@type\":\"ListItem\",\"@id\":\"https:\\\/\\\/anoticiaonline.com.br\\\/site\\\/projeto-social-de-artes-marciais-desfila-no-dia-do-muriaeense\\\/#listItem\",\"position\":4,\"name\":\"Projeto social de artes marciais desfila no Dia do Muriaeense\",\"previousItem\":{\"@type\":\"ListItem\",\"@id\":\"https:\\\/\\\/anoticiaonline.com.br\\\/site\\\/categoria\\\/muriae\\\/cotidiano\\\/#listItem\",\"name\":\"Cotidiano\"}}]},{\"@type\":\"Organization\",\"@id\":\"https:\\\/\\\/anoticiaonline.com.br\\\/site\\\/#organization\",\"name\":\"A Not\\u00edcia Online\",\"description\":\"Noticias de Muria\\u00e9 e regi\\u00e3o\",\"url\":\"https:\\\/\\\/anoticiaonline.com.br\\\/site\\\/\",\"logo\":{\"@type\":\"ImageObject\",\"url\":\"https:\\\/\\\/scontent-gig4-1.xx.fbcdn.net\\\/v\\\/t39.30808-1\\\/270437624_4564083193639691_6907940295614233970_n.jpg?stp=dst-jpg_s200x200_tt6&_nc_cat=111&ccb=1-7&_nc_sid=f907e8&_nc_ohc=SM1wRlP3lJwQ7kNvwEPuBYA&_nc_oc=AdnqrjDN_BNjSSHWO-GbkIWH6fkGMLw4bqvL_NH6e2wMveX7G-rP2dAqsDSq1mJMOaY&_nc_zt=24&_nc_ht=scontent-gig4-1.xx&_nc_gid=AoBFJeGrT1hVaew_6rchkQ&oh=00_AfX7QmFGhQhG2jAllVgXCiM1ZrWgvtp80-Bfppyexh1QEg&oe=689E923C\",\"@id\":\"https:\\\/\\\/anoticiaonline.com.br\\\/site\\\/projeto-social-de-artes-marciais-desfila-no-dia-do-muriaeense\\\/#organizationLogo\"},\"image\":{\"@id\":\"https:\\\/\\\/anoticiaonline.com.br\\\/site\\\/projeto-social-de-artes-marciais-desfila-no-dia-do-muriaeense\\\/#organizationLogo\"}},{\"@type\":\"Person\",\"@id\":\"https:\\\/\\\/anoticiaonline.com.br\\\/site\\\/author\\\/juliana\\\/#author\",\"url\":\"https:\\\/\\\/anoticiaonline.com.br\\\/site\\\/author\\\/juliana\\\/\",\"name\":\"Juliana Laviola\",\"image\":{\"@type\":\"ImageObject\",\"@id\":\"https:\\\/\\\/anoticiaonline.com.br\\\/site\\\/projeto-social-de-artes-marciais-desfila-no-dia-do-muriaeense\\\/#authorImage\",\"url\":\"https:\\\/\\\/secure.gravatar.com\\\/avatar\\\/b8d45f5c699b100dfaf0e543582f38f38bf94cb7ae3a5e9abf8d891a34773335?s=96&d=mm&r=g\",\"width\":96,\"height\":96,\"caption\":\"Juliana Laviola\"}},{\"@type\":\"WebPage\",\"@id\":\"https:\\\/\\\/anoticiaonline.com.br\\\/site\\\/projeto-social-de-artes-marciais-desfila-no-dia-do-muriaeense\\\/#webpage\",\"url\":\"https:\\\/\\\/anoticiaonline.com.br\\\/site\\\/projeto-social-de-artes-marciais-desfila-no-dia-do-muriaeense\\\/\",\"name\":\"Projeto social de artes marciais desfila no Dia do Muriaeense - A Not\\u00edcia Online\",\"description\":\"Os integrantes do Projeto \\u201cResgatando Vidas\\u201d, que atua nas escolas municipais de Muria\\u00e9 atrav\\u00e9s da pr\\u00e1tica de jud\\u00f4, jiu-jitsu, muay thai e taekwondo, desfilaram na manh\\u00e3 de quinta-feira (6), Dia do Muriaeense para divulgarem o trabalho feito com os alunos de diversos bairros da cidade. O professor de Educa\\u00e7\\u00e3o F\\u00edsica, G\\u00e9lio Leal, um dos coordenadores\",\"inLanguage\":\"pt-BR\",\"isPartOf\":{\"@id\":\"https:\\\/\\\/anoticiaonline.com.br\\\/site\\\/#website\"},\"breadcrumb\":{\"@id\":\"https:\\\/\\\/anoticiaonline.com.br\\\/site\\\/projeto-social-de-artes-marciais-desfila-no-dia-do-muriaeense\\\/#breadcrumblist\"},\"author\":{\"@id\":\"https:\\\/\\\/anoticiaonline.com.br\\\/site\\\/author\\\/juliana\\\/#author\"},\"creator\":{\"@id\":\"https:\\\/\\\/anoticiaonline.com.br\\\/site\\\/author\\\/juliana\\\/#author\"},\"image\":{\"@type\":\"ImageObject\",\"url\":\"https:\\\/\\\/anoticiaonline.com.br\\\/site\\\/wp-content\\\/uploads\\\/2018\\\/09\\\/DSC_0871.jpg\",\"@id\":\"https:\\\/\\\/anoticiaonline.com.br\\\/site\\\/projeto-social-de-artes-marciais-desfila-no-dia-do-muriaeense\\\/#mainImage\",\"width\":1000,\"height\":667},\"primaryImageOfPage\":{\"@id\":\"https:\\\/\\\/anoticiaonline.com.br\\\/site\\\/projeto-social-de-artes-marciais-desfila-no-dia-do-muriaeense\\\/#mainImage\"},\"datePublished\":\"2018-09-13T21:39:31-03:00\",\"dateModified\":\"2018-09-13T21:42:49-03:00\"},{\"@type\":\"WebSite\",\"@id\":\"https:\\\/\\\/anoticiaonline.com.br\\\/site\\\/#website\",\"url\":\"https:\\\/\\\/anoticiaonline.com.br\\\/site\\\/\",\"name\":\"A Not\\u00edcia Online\",\"description\":\"Noticias de Muria\\u00e9 e regi\\u00e3o\",\"inLanguage\":\"pt-BR\",\"publisher\":{\"@id\":\"https:\\\/\\\/anoticiaonline.com.br\\\/site\\\/#organization\"}}]}\n\t\t<\/script>\n\t\t<!-- All in One SEO -->\n\n","aioseo_head_json":{"title":"Projeto social de artes marciais desfila no Dia do Muriaeense - A Not\u00edcia Online","description":"Os integrantes do Projeto \u201cResgatando Vidas\u201d, que atua nas escolas municipais de Muria\u00e9 atrav\u00e9s da pr\u00e1tica de jud\u00f4, jiu-jitsu, muay thai e taekwondo, desfilaram na manh\u00e3 de quinta-feira (6), Dia do Muriaeense para divulgarem o trabalho feito com os alunos de diversos bairros da cidade. O professor de Educa\u00e7\u00e3o F\u00edsica, G\u00e9lio Leal, um dos coordenadores","canonical_url":"https:\/\/anoticiaonline.com.br\/site\/projeto-social-de-artes-marciais-desfila-no-dia-do-muriaeense\/","robots":"max-image-preview:large","keywords":"","webmasterTools":{"miscellaneous":""},"schema":{"@context":"https:\/\/schema.org","@graph":[{"@type":"BlogPosting","@id":"https:\/\/anoticiaonline.com.br\/site\/projeto-social-de-artes-marciais-desfila-no-dia-do-muriaeense\/#blogposting","name":"Projeto social de artes marciais desfila no Dia do Muriaeense - A Not\u00edcia Online","headline":"Projeto social de artes marciais desfila no Dia do Muriaeense","author":{"@id":"https:\/\/anoticiaonline.com.br\/site\/author\/juliana\/#author"},"publisher":{"@id":"https:\/\/anoticiaonline.com.br\/site\/#organization"},"image":{"@type":"ImageObject","url":"https:\/\/anoticiaonline.com.br\/site\/wp-content\/uploads\/2018\/09\/DSC_0871.jpg","width":1000,"height":667},"datePublished":"2018-09-13T21:39:31-03:00","dateModified":"2018-09-13T21:42:49-03:00","inLanguage":"pt-BR","mainEntityOfPage":{"@id":"https:\/\/anoticiaonline.com.br\/site\/projeto-social-de-artes-marciais-desfila-no-dia-do-muriaeense\/#webpage"},"isPartOf":{"@id":"https:\/\/anoticiaonline.com.br\/site\/projeto-social-de-artes-marciais-desfila-no-dia-do-muriaeense\/#webpage"},"articleSection":"Cotidiano, dia do muriaeense, Dornelas II, Gaspar, jiu-jitsu, jud\u00f4, muay thai, Projeto \u201cResgatando Vidas\u201d, S\u00e3o Joaquim, taekwondo"},{"@type":"BreadcrumbList","@id":"https:\/\/anoticiaonline.com.br\/site\/projeto-social-de-artes-marciais-desfila-no-dia-do-muriaeense\/#breadcrumblist","itemListElement":[{"@type":"ListItem","@id":"https:\/\/anoticiaonline.com.br\/site#listItem","position":1,"name":"Home","item":"https:\/\/anoticiaonline.com.br\/site","nextItem":{"@type":"ListItem","@id":"https:\/\/anoticiaonline.com.br\/site\/categoria\/muriae\/#listItem","name":"Blog"}},{"@type":"ListItem","@id":"https:\/\/anoticiaonline.com.br\/site\/categoria\/muriae\/#listItem","position":2,"name":"Blog","item":"https:\/\/anoticiaonline.com.br\/site\/categoria\/muriae\/","nextItem":{"@type":"ListItem","@id":"https:\/\/anoticiaonline.com.br\/site\/categoria\/muriae\/cotidiano\/#listItem","name":"Cotidiano"},"previousItem":{"@type":"ListItem","@id":"https:\/\/anoticiaonline.com.br\/site#listItem","name":"Home"}},{"@type":"ListItem","@id":"https:\/\/anoticiaonline.com.br\/site\/categoria\/muriae\/cotidiano\/#listItem","position":3,"name":"Cotidiano","item":"https:\/\/anoticiaonline.com.br\/site\/categoria\/muriae\/cotidiano\/","nextItem":{"@type":"ListItem","@id":"https:\/\/anoticiaonline.com.br\/site\/projeto-social-de-artes-marciais-desfila-no-dia-do-muriaeense\/#listItem","name":"Projeto social de artes marciais desfila no Dia do Muriaeense"},"previousItem":{"@type":"ListItem","@id":"https:\/\/anoticiaonline.com.br\/site\/categoria\/muriae\/#listItem","name":"Blog"}},{"@type":"ListItem","@id":"https:\/\/anoticiaonline.com.br\/site\/projeto-social-de-artes-marciais-desfila-no-dia-do-muriaeense\/#listItem","position":4,"name":"Projeto social de artes marciais desfila no Dia do Muriaeense","previousItem":{"@type":"ListItem","@id":"https:\/\/anoticiaonline.com.br\/site\/categoria\/muriae\/cotidiano\/#listItem","name":"Cotidiano"}}]},{"@type":"Organization","@id":"https:\/\/anoticiaonline.com.br\/site\/#organization","name":"A Not\u00edcia Online","description":"Noticias de Muria\u00e9 e regi\u00e3o","url":"https:\/\/anoticiaonline.com.br\/site\/","logo":{"@type":"ImageObject","url":"https:\/\/scontent-gig4-1.xx.fbcdn.net\/v\/t39.30808-1\/270437624_4564083193639691_6907940295614233970_n.jpg?stp=dst-jpg_s200x200_tt6&_nc_cat=111&ccb=1-7&_nc_sid=f907e8&_nc_ohc=SM1wRlP3lJwQ7kNvwEPuBYA&_nc_oc=AdnqrjDN_BNjSSHWO-GbkIWH6fkGMLw4bqvL_NH6e2wMveX7G-rP2dAqsDSq1mJMOaY&_nc_zt=24&_nc_ht=scontent-gig4-1.xx&_nc_gid=AoBFJeGrT1hVaew_6rchkQ&oh=00_AfX7QmFGhQhG2jAllVgXCiM1ZrWgvtp80-Bfppyexh1QEg&oe=689E923C","@id":"https:\/\/anoticiaonline.com.br\/site\/projeto-social-de-artes-marciais-desfila-no-dia-do-muriaeense\/#organizationLogo"},"image":{"@id":"https:\/\/anoticiaonline.com.br\/site\/projeto-social-de-artes-marciais-desfila-no-dia-do-muriaeense\/#organizationLogo"}},{"@type":"Person","@id":"https:\/\/anoticiaonline.com.br\/site\/author\/juliana\/#author","url":"https:\/\/anoticiaonline.com.br\/site\/author\/juliana\/","name":"Juliana Laviola","image":{"@type":"ImageObject","@id":"https:\/\/anoticiaonline.com.br\/site\/projeto-social-de-artes-marciais-desfila-no-dia-do-muriaeense\/#authorImage","url":"https:\/\/secure.gravatar.com\/avatar\/b8d45f5c699b100dfaf0e543582f38f38bf94cb7ae3a5e9abf8d891a34773335?s=96&d=mm&r=g","width":96,"height":96,"caption":"Juliana Laviola"}},{"@type":"WebPage","@id":"https:\/\/anoticiaonline.com.br\/site\/projeto-social-de-artes-marciais-desfila-no-dia-do-muriaeense\/#webpage","url":"https:\/\/anoticiaonline.com.br\/site\/projeto-social-de-artes-marciais-desfila-no-dia-do-muriaeense\/","name":"Projeto social de artes marciais desfila no Dia do Muriaeense - A Not\u00edcia Online","description":"Os integrantes do Projeto \u201cResgatando Vidas\u201d, que atua nas escolas municipais de Muria\u00e9 atrav\u00e9s da pr\u00e1tica de jud\u00f4, jiu-jitsu, muay thai e taekwondo, desfilaram na manh\u00e3 de quinta-feira (6), Dia do Muriaeense para divulgarem o trabalho feito com os alunos de diversos bairros da cidade. O professor de Educa\u00e7\u00e3o F\u00edsica, G\u00e9lio Leal, um dos coordenadores","inLanguage":"pt-BR","isPartOf":{"@id":"https:\/\/anoticiaonline.com.br\/site\/#website"},"breadcrumb":{"@id":"https:\/\/anoticiaonline.com.br\/site\/projeto-social-de-artes-marciais-desfila-no-dia-do-muriaeense\/#breadcrumblist"},"author":{"@id":"https:\/\/anoticiaonline.com.br\/site\/author\/juliana\/#author"},"creator":{"@id":"https:\/\/anoticiaonline.com.br\/site\/author\/juliana\/#author"},"image":{"@type":"ImageObject","url":"https:\/\/anoticiaonline.com.br\/site\/wp-content\/uploads\/2018\/09\/DSC_0871.jpg","@id":"https:\/\/anoticiaonline.com.br\/site\/projeto-social-de-artes-marciais-desfila-no-dia-do-muriaeense\/#mainImage","width":1000,"height":667},"primaryImageOfPage":{"@id":"https:\/\/anoticiaonline.com.br\/site\/projeto-social-de-artes-marciais-desfila-no-dia-do-muriaeense\/#mainImage"},"datePublished":"2018-09-13T21:39:31-03:00","dateModified":"2018-09-13T21:42:49-03:00"},{"@type":"WebSite","@id":"https:\/\/anoticiaonline.com.br\/site\/#website","url":"https:\/\/anoticiaonline.com.br\/site\/","name":"A Not\u00edcia Online","description":"Noticias de Muria\u00e9 e regi\u00e3o","inLanguage":"pt-BR","publisher":{"@id":"https:\/\/anoticiaonline.com.br\/site\/#organization"}}]},"og:locale":"pt_BR","og:site_name":"A Not\u00edcia Online - Noticias de Muria\u00e9 e regi\u00e3o","og:type":"article","og:title":"Projeto social de artes marciais desfila no Dia do Muriaeense - A Not\u00edcia Online","og:description":"Os integrantes do Projeto \u201cResgatando Vidas\u201d, que atua nas escolas municipais de Muria\u00e9 atrav\u00e9s da pr\u00e1tica de jud\u00f4, jiu-jitsu, muay thai e taekwondo, desfilaram na manh\u00e3 de quinta-feira (6), Dia do Muriaeense para divulgarem o trabalho feito com os alunos de diversos bairros da cidade. O professor de Educa\u00e7\u00e3o F\u00edsica, G\u00e9lio Leal, um dos coordenadores","og:url":"https:\/\/anoticiaonline.com.br\/site\/projeto-social-de-artes-marciais-desfila-no-dia-do-muriaeense\/","og:image":"https:\/\/scontent-gig4-1.xx.fbcdn.net\/v\/t39.30808-1\/270437624_4564083193639691_6907940295614233970_n.jpg?stp=dst-jpg_s200x200_tt6&#038;_nc_cat=111&#038;ccb=1-7&#038;_nc_sid=f907e8&#038;_nc_ohc=SM1wRlP3lJwQ7kNvwEPuBYA&#038;_nc_oc=AdnqrjDN_BNjSSHWO-GbkIWH6fkGMLw4bqvL_NH6e2wMveX7G-rP2dAqsDSq1mJMOaY&#038;_nc_zt=24&#038;_nc_ht=scontent-gig4-1.xx&#038;_nc_gid=AoBFJeGrT1hVaew_6rchkQ&#038;oh=00_AfX7QmFGhQhG2jAllVgXCiM1ZrWgvtp80-Bfppyexh1QEg&#038;oe=689E923C","og:image:secure_url":"https:\/\/scontent-gig4-1.xx.fbcdn.net\/v\/t39.30808-1\/270437624_4564083193639691_6907940295614233970_n.jpg?stp=dst-jpg_s200x200_tt6&#038;_nc_cat=111&#038;ccb=1-7&#038;_nc_sid=f907e8&#038;_nc_ohc=SM1wRlP3lJwQ7kNvwEPuBYA&#038;_nc_oc=AdnqrjDN_BNjSSHWO-GbkIWH6fkGMLw4bqvL_NH6e2wMveX7G-rP2dAqsDSq1mJMOaY&#038;_nc_zt=24&#038;_nc_ht=scontent-gig4-1.xx&#038;_nc_gid=AoBFJeGrT1hVaew_6rchkQ&#038;oh=00_AfX7QmFGhQhG2jAllVgXCiM1ZrWgvtp80-Bfppyexh1QEg&#038;oe=689E923C","article:published_time":"2018-09-14T00:39:31+00:00","article:modified_time":"2018-09-14T00:42:49+00:00","twitter:card":"summary_large_image","twitter:title":"Projeto social de artes marciais desfila no Dia do Muriaeense - A Not\u00edcia Online","twitter:description":"Os integrantes do Projeto \u201cResgatando Vidas\u201d, que atua nas escolas municipais de Muria\u00e9 atrav\u00e9s da pr\u00e1tica de jud\u00f4, jiu-jitsu, muay thai e taekwondo, desfilaram na manh\u00e3 de quinta-feira (6), Dia do Muriaeense para divulgarem o trabalho feito com os alunos de diversos bairros da cidade. O professor de Educa\u00e7\u00e3o F\u00edsica, G\u00e9lio Leal, um dos coordenadores","twitter:image":"https:\/\/scontent-gig4-1.xx.fbcdn.net\/v\/t39.30808-1\/270437624_4564083193639691_6907940295614233970_n.jpg?stp=dst-jpg_s200x200_tt6&_nc_cat=111&ccb=1-7&_nc_sid=f907e8&_nc_ohc=SM1wRlP3lJwQ7kNvwEPuBYA&_nc_oc=AdnqrjDN_BNjSSHWO-GbkIWH6fkGMLw4bqvL_NH6e2wMveX7G-rP2dAqsDSq1mJMOaY&_nc_zt=24&_nc_ht=scontent-gig4-1.xx&_nc_gid=AoBFJeGrT1hVaew_6rchkQ&oh=00_AfX7QmFGhQhG2jAllVgXCiM1ZrWgvtp80-Bfppyexh1QEg&oe=689E923C"},"aioseo_meta_data":{"post_id":"61593","title":null,"description":null,"keywords":null,"keyphrases":null,"primary_term":null,"canonical_url":null,"og_title":null,"og_description":null,"og_object_type":"default","og_image_type":"default","og_image_url":null,"og_image_width":null,"og_image_height":null,"og_image_custom_url":null,"og_image_custom_fields":null,"og_video":null,"og_custom_url":null,"og_article_section":null,"og_article_tags":null,"twitter_use_og":false,"twitter_card":"default","twitter_image_type":"default","twitter_image_url":null,"twitter_image_custom_url":null,"twitter_image_custom_fields":null,"twitter_title":null,"twitter_description":null,"schema":{"blockGraphs":[],"customGraphs":[],"default":{"data":{"Article":[],"Course":[],"Dataset":[],"FAQPage":[],"Movie":[],"Person":[],"Product":[],"ProductReview":[],"Car":[],"Recipe":[],"Service":[],"SoftwareApplication":[],"WebPage":[]},"graphName":"","isEnabled":true},"graphs":[]},"schema_type":"default","schema_type_options":null,"pillar_content":false,"robots_default":true,"robots_noindex":false,"robots_noarchive":false,"robots_nosnippet":false,"robots_nofollow":false,"robots_noimageindex":false,"robots_noodp":false,"robots_notranslate":false,"robots_max_snippet":null,"robots_max_videopreview":null,"robots_max_imagepreview":"large","priority":null,"frequency":null,"local_seo":null,"breadcrumb_settings":null,"limit_modified_date":false,"ai":null,"created":"2025-08-16 21:37:26","updated":"2025-08-16 21:37:26","focus_keyword":null,"additional_keywords":null,"truseo_locale":null,"seo_analyzer_scan_date":null},"aioseo_breadcrumb":"<div class=\"aioseo-breadcrumbs\"><span class=\"aioseo-breadcrumb\">\n\t\t\t<a href=\"https:\/\/anoticiaonline.com.br\/site\" title=\"Home\">Home<\/a>\n\t\t<\/span><span class=\"aioseo-breadcrumb-separator\">&raquo;<\/span><span class=\"aioseo-breadcrumb\">\n\t\t\t<a href=\"https:\/\/anoticiaonline.com.br\/site\/categoria\/muriae\/\" title=\"Blog\">Blog<\/a>\n\t\t<\/span><span class=\"aioseo-breadcrumb-separator\">&raquo;<\/span><span class=\"aioseo-breadcrumb\">\n\t\t\t<a href=\"https:\/\/anoticiaonline.com.br\/site\/categoria\/muriae\/cotidiano\/\" title=\"Cotidiano\">Cotidiano<\/a>\n\t\t<\/span><span class=\"aioseo-breadcrumb-separator\">&raquo;<\/span><span class=\"aioseo-breadcrumb\">\n\t\t\tProjeto social de artes marciais desfila no Dia do Muriaeense\n\t\t<\/span><\/div>","aioseo_breadcrumb_json":[{"label":"Home","link":"https:\/\/anoticiaonline.com.br\/site"},{"label":"Blog","link":"https:\/\/anoticiaonline.com.br\/site\/categoria\/muriae\/"},{"label":"Cotidiano","link":"https:\/\/anoticiaonline.com.br\/site\/categoria\/muriae\/cotidiano\/"},{"label":"Projeto social de artes marciais desfila no Dia do Muriaeense","link":"https:\/\/anoticiaonline.com.br\/site\/projeto-social-de-artes-marciais-desfila-no-dia-do-muriaeense\/"}],"views":205,"_links":{"self":[{"href":"https:\/\/anoticiaonline.com.br\/site\/wp-json\/wp\/v2\/posts\/61593","targetHints":{"allow":["GET"]}}],"collection":[{"href":"https:\/\/anoticiaonline.com.br\/site\/wp-json\/wp\/v2\/posts"}],"about":[{"href":"https:\/\/anoticiaonline.com.br\/site\/wp-json\/wp\/v2\/types\/post"}],"author":[{"embeddable":true,"href":"https:\/\/anoticiaonline.com.br\/site\/wp-json\/wp\/v2\/users\/2"}],"replies":[{"embeddable":true,"href":"https:\/\/anoticiaonline.com.br\/site\/wp-json\/wp\/v2\/comments?post=61593"}],"version-history":[{"count":0,"href":"https:\/\/anoticiaonline.com.br\/site\/wp-json\/wp\/v2\/posts\/61593\/revisions"}],"wp:featuredmedia":[{"embeddable":true,"href":"https:\/\/anoticiaonline.com.br\/site\/wp-json\/wp\/v2\/media\/61597"}],"wp:attachment":[{"href":"https:\/\/anoticiaonline.com.br\/site\/wp-json\/wp\/v2\/media?parent=61593"}],"wp:term":[{"taxonomy":"category","embeddable":true,"href":"https:\/\/anoticiaonline.com.br\/site\/wp-json\/wp\/v2\/categories?post=61593"},{"taxonomy":"post_tag","embeddable":true,"href":"https:\/\/anoticiaonline.com.br\/site\/wp-json\/wp\/v2\/tags?post=61593"}],"curies":[{"name":"wp","href":"https:\/\/api.w.org\/{rel}","templated":true}]}}