{"id":61523,"date":"2018-09-13T20:44:13","date_gmt":"2018-09-13T23:44:13","guid":{"rendered":"http:\/\/anoticiaonline.com.br\/site\/?p=61523"},"modified":"2018-09-13T20:44:13","modified_gmt":"2018-09-13T23:44:13","slug":"associado-de-iuna-es-fatura-moto-na-feagro-2018","status":"publish","type":"post","link":"https:\/\/anoticiaonline.com.br\/site\/associado-de-iuna-es-fatura-moto-na-feagro-2018\/","title":{"rendered":"Associado de I\u00fana (ES) fatura moto na Feagro 2018"},"content":{"rendered":"<p>O cafeicultor Rog\u00e9rio Ferreira Horst, de I\u00fana (ES), \u00e9 o ganhador da moto Honda Fan 160 cc sorteada durante a Feagro 2018, que aconteceu em Espera Feliz entre os dias 16 e 18 de agosto. A moto foi entregue pela gerente da ag\u00eancia de Alto Capara\u00f3, Rafaela Rodrigues, na quarta-feira (5).<\/p>\n<p>Para concorrer ao pr\u00eamio, a condi\u00e7\u00e3o era de que os associados do Sicoob Credisudeste realizassem neg\u00f3cios no evento. O sorteio foi realizado no \u00faltimo dia da Feagro. Ao todo, concorreram cerca de 3.500 cupons.<\/p>\n<p>O ganhador reside em Rio Claro, na zona rural do munic\u00edpio capixaba lim\u00edtrofe, a 12 km de Alto Capara\u00f3. Horst \u00e9 cooperado h\u00e1 cerca de oito anos e movimenta sua conta e acessa financiamentos na ag\u00eancia do Sicoob Credisudeste da cidade mineira.<\/p>\n<p>\u201cFoi uma surpresa muito boa, nunca tinha ganhado nada em sorteio. Ser associado \u00e0 cooperativa de cr\u00e9dito \u00e9 importante, porque o Sicoob tem juros menores e, quando financio compra de adubo, consigo quitar ao final da colheita. \u00c9 uma ajuda muito boa para n\u00f3s\u201d, declara o associado.<\/p>\n<p><a href=\"https:\/\/anoticiaonline.com.br\/site\/wp-content\/uploads\/2018\/09\/Associado-de-I\u00fana-ES-fatura-moto-na-Feagro-2018.jpg\"><img fetchpriority=\"high\" decoding=\"async\" class=\"alignnone size-full wp-image-61530\" src=\"https:\/\/anoticiaonline.com.br\/site\/wp-content\/uploads\/2018\/09\/Associado-de-I\u00fana-ES-fatura-moto-na-Feagro-2018.jpg\" alt=\"\" width=\"1000\" height=\"666\" srcset=\"https:\/\/anoticiaonline.com.br\/site\/wp-content\/uploads\/2018\/09\/Associado-de-I\u00fana-ES-fatura-moto-na-Feagro-2018.jpg 1000w, https:\/\/anoticiaonline.com.br\/site\/wp-content\/uploads\/2018\/09\/Associado-de-I\u00fana-ES-fatura-moto-na-Feagro-2018-300x200.jpg 300w, https:\/\/anoticiaonline.com.br\/site\/wp-content\/uploads\/2018\/09\/Associado-de-I\u00fana-ES-fatura-moto-na-Feagro-2018-768x511.jpg 768w\" sizes=\"(max-width: 1000px) 100vw, 1000px\" \/><\/a><\/p>\n<p>Cr\u00e9ditos: ASCOM Sicoob Credisudeste<\/p>\n","protected":false},"excerpt":{"rendered":"<p>O cafeicultor Rog\u00e9rio Ferreira Horst, de I\u00fana (ES), \u00e9 o ganhador da moto Honda Fan 160 cc sorteada durante a Feagro 2018, que aconteceu em Espera Feliz entre os dias 16 e 18 de agosto. A moto foi entregue pela gerente da ag\u00eancia de Alto Capara\u00f3, Rafaela Rodrigues, na quarta-feira (5). Para concorrer ao pr\u00eamio, &#8230; <a title=\"Associado de I\u00fana (ES) fatura moto na Feagro 2018\" class=\"read-more\" href=\"https:\/\/anoticiaonline.com.br\/site\/associado-de-iuna-es-fatura-moto-na-feagro-2018\/\" aria-label=\"Read more about Associado de I\u00fana (ES) fatura moto na Feagro 2018\">Ler mais<\/a><\/p>\n","protected":false},"author":2,"featured_media":61530,"comment_status":"open","ping_status":"open","sticky":false,"template":"","format":"standard","meta":{"_acf_changed":false,"_monsterinsights_skip_tracking":false,"footnotes":""},"categories":[1],"tags":[3094,2390,413,596,411],"class_list":["post-61523","post","type-post","status-publish","format-standard","has-post-thumbnail","hentry","category-gerais","tag-associado","tag-cliente","tag-moto","tag-sicoob-credisudeste","tag-sorteio"],"acf":[],"aioseo_notices":[],"aioseo_head":"\n\t\t<!-- All in One SEO 5.0.0.1 - aioseo.com -->\n\t<meta name=\"description\" content=\"O cafeicultor Rog\u00e9rio Ferreira Horst, de I\u00fana (ES), \u00e9 o ganhador da moto Honda Fan 160 cc sorteada durante a Feagro 2018, que aconteceu em Espera Feliz entre os dias 16 e 18 de agosto. A moto foi entregue pela gerente da ag\u00eancia de Alto Capara\u00f3, Rafaela Rodrigues, na quarta-feira (5). Para concorrer ao pr\u00eamio,\" \/>\n\t<meta name=\"robots\" content=\"max-image-preview:large\" \/>\n\t<meta name=\"author\" content=\"Juliana Laviola\"\/>\n\t<link rel=\"canonical\" href=\"https:\/\/anoticiaonline.com.br\/site\/associado-de-iuna-es-fatura-moto-na-feagro-2018\/\" \/>\n\t<meta name=\"generator\" content=\"All in One SEO (AIOSEO) 5.0.0.1\" \/>\n\t\t<meta property=\"og:locale\" content=\"pt_BR\" \/>\n\t\t<meta property=\"og:site_name\" content=\"A Not\u00edcia Online - Noticias de Muria\u00e9 e regi\u00e3o\" \/>\n\t\t<meta property=\"og:type\" content=\"article\" \/>\n\t\t<meta property=\"og:title\" content=\"Associado de I\u00fana (ES) fatura moto na Feagro 2018 - A Not\u00edcia Online\" \/>\n\t\t<meta property=\"og:description\" content=\"O cafeicultor Rog\u00e9rio Ferreira Horst, de I\u00fana (ES), \u00e9 o ganhador da moto Honda Fan 160 cc sorteada durante a Feagro 2018, que aconteceu em Espera Feliz entre os dias 16 e 18 de agosto. A moto foi entregue pela gerente da ag\u00eancia de Alto Capara\u00f3, Rafaela Rodrigues, na quarta-feira (5). Para concorrer ao pr\u00eamio,\" \/>\n\t\t<meta property=\"og:url\" content=\"https:\/\/anoticiaonline.com.br\/site\/associado-de-iuna-es-fatura-moto-na-feagro-2018\/\" \/>\n\t\t<meta property=\"og:image\" content=\"https:\/\/scontent-gig4-1.xx.fbcdn.net\/v\/t39.30808-1\/270437624_4564083193639691_6907940295614233970_n.jpg?stp=dst-jpg_s200x200_tt6&#038;_nc_cat=111&#038;ccb=1-7&#038;_nc_sid=f907e8&#038;_nc_ohc=SM1wRlP3lJwQ7kNvwEPuBYA&#038;_nc_oc=AdnqrjDN_BNjSSHWO-GbkIWH6fkGMLw4bqvL_NH6e2wMveX7G-rP2dAqsDSq1mJMOaY&#038;_nc_zt=24&#038;_nc_ht=scontent-gig4-1.xx&#038;_nc_gid=AoBFJeGrT1hVaew_6rchkQ&#038;oh=00_AfX7QmFGhQhG2jAllVgXCiM1ZrWgvtp80-Bfppyexh1QEg&#038;oe=689E923C\" \/>\n\t\t<meta property=\"og:image:secure_url\" content=\"https:\/\/scontent-gig4-1.xx.fbcdn.net\/v\/t39.30808-1\/270437624_4564083193639691_6907940295614233970_n.jpg?stp=dst-jpg_s200x200_tt6&#038;_nc_cat=111&#038;ccb=1-7&#038;_nc_sid=f907e8&#038;_nc_ohc=SM1wRlP3lJwQ7kNvwEPuBYA&#038;_nc_oc=AdnqrjDN_BNjSSHWO-GbkIWH6fkGMLw4bqvL_NH6e2wMveX7G-rP2dAqsDSq1mJMOaY&#038;_nc_zt=24&#038;_nc_ht=scontent-gig4-1.xx&#038;_nc_gid=AoBFJeGrT1hVaew_6rchkQ&#038;oh=00_AfX7QmFGhQhG2jAllVgXCiM1ZrWgvtp80-Bfppyexh1QEg&#038;oe=689E923C\" \/>\n\t\t<meta property=\"article:published_time\" content=\"2018-09-13T23:44:13+00:00\" \/>\n\t\t<meta property=\"article:modified_time\" content=\"2018-09-13T23:44:13+00:00\" \/>\n\t\t<meta name=\"twitter:card\" content=\"summary_large_image\" \/>\n\t\t<meta name=\"twitter:title\" content=\"Associado de I\u00fana (ES) fatura moto na Feagro 2018 - A Not\u00edcia Online\" \/>\n\t\t<meta name=\"twitter:description\" content=\"O cafeicultor Rog\u00e9rio Ferreira Horst, de I\u00fana (ES), \u00e9 o ganhador da moto Honda Fan 160 cc sorteada durante a Feagro 2018, que aconteceu em Espera Feliz entre os dias 16 e 18 de agosto. A moto foi entregue pela gerente da ag\u00eancia de Alto Capara\u00f3, Rafaela Rodrigues, na quarta-feira (5). Para concorrer ao pr\u00eamio,\" \/>\n\t\t<meta name=\"twitter:image\" content=\"https:\/\/scontent-gig4-1.xx.fbcdn.net\/v\/t39.30808-1\/270437624_4564083193639691_6907940295614233970_n.jpg?stp=dst-jpg_s200x200_tt6&amp;_nc_cat=111&amp;ccb=1-7&amp;_nc_sid=f907e8&amp;_nc_ohc=SM1wRlP3lJwQ7kNvwEPuBYA&amp;_nc_oc=AdnqrjDN_BNjSSHWO-GbkIWH6fkGMLw4bqvL_NH6e2wMveX7G-rP2dAqsDSq1mJMOaY&amp;_nc_zt=24&amp;_nc_ht=scontent-gig4-1.xx&amp;_nc_gid=AoBFJeGrT1hVaew_6rchkQ&amp;oh=00_AfX7QmFGhQhG2jAllVgXCiM1ZrWgvtp80-Bfppyexh1QEg&amp;oe=689E923C\" \/>\n\t\t<script type=\"application\/ld+json\" class=\"aioseo-schema\">\n\t\t\t{\"@context\":\"https:\\\/\\\/schema.org\",\"@graph\":[{\"@type\":\"BlogPosting\",\"@id\":\"https:\\\/\\\/anoticiaonline.com.br\\\/site\\\/associado-de-iuna-es-fatura-moto-na-feagro-2018\\\/#blogposting\",\"name\":\"Associado de I\\u00fana (ES) fatura moto na Feagro 2018 - A Not\\u00edcia Online\",\"headline\":\"Associado de I\\u00fana (ES) fatura moto na Feagro 2018\",\"author\":{\"@id\":\"https:\\\/\\\/anoticiaonline.com.br\\\/site\\\/author\\\/juliana\\\/#author\"},\"publisher\":{\"@id\":\"https:\\\/\\\/anoticiaonline.com.br\\\/site\\\/#organization\"},\"image\":{\"@type\":\"ImageObject\",\"url\":\"https:\\\/\\\/anoticiaonline.com.br\\\/site\\\/wp-content\\\/uploads\\\/2018\\\/09\\\/Associado-de-I\\u00fana-ES-fatura-moto-na-Feagro-2018.jpg\",\"width\":1000,\"height\":666},\"datePublished\":\"2018-09-13T20:44:13-03:00\",\"dateModified\":\"2018-09-13T20:44:13-03:00\",\"inLanguage\":\"pt-BR\",\"mainEntityOfPage\":{\"@id\":\"https:\\\/\\\/anoticiaonline.com.br\\\/site\\\/associado-de-iuna-es-fatura-moto-na-feagro-2018\\\/#webpage\"},\"isPartOf\":{\"@id\":\"https:\\\/\\\/anoticiaonline.com.br\\\/site\\\/associado-de-iuna-es-fatura-moto-na-feagro-2018\\\/#webpage\"},\"articleSection\":\"Gerais, associado, cliente, moto, SICOOB\\u00a0 CREDISUDESTE, sorteio\"},{\"@type\":\"BreadcrumbList\",\"@id\":\"https:\\\/\\\/anoticiaonline.com.br\\\/site\\\/associado-de-iuna-es-fatura-moto-na-feagro-2018\\\/#breadcrumblist\",\"itemListElement\":[{\"@type\":\"ListItem\",\"@id\":\"https:\\\/\\\/anoticiaonline.com.br\\\/site#listItem\",\"position\":1,\"name\":\"Home\",\"item\":\"https:\\\/\\\/anoticiaonline.com.br\\\/site\",\"nextItem\":{\"@type\":\"ListItem\",\"@id\":\"https:\\\/\\\/anoticiaonline.com.br\\\/site\\\/categoria\\\/gerais\\\/#listItem\",\"name\":\"Gerais\"}},{\"@type\":\"ListItem\",\"@id\":\"https:\\\/\\\/anoticiaonline.com.br\\\/site\\\/categoria\\\/gerais\\\/#listItem\",\"position\":2,\"name\":\"Gerais\",\"item\":\"https:\\\/\\\/anoticiaonline.com.br\\\/site\\\/categoria\\\/gerais\\\/\",\"nextItem\":{\"@type\":\"ListItem\",\"@id\":\"https:\\\/\\\/anoticiaonline.com.br\\\/site\\\/associado-de-iuna-es-fatura-moto-na-feagro-2018\\\/#listItem\",\"name\":\"Associado de I\\u00fana (ES) fatura moto na Feagro 2018\"},\"previousItem\":{\"@type\":\"ListItem\",\"@id\":\"https:\\\/\\\/anoticiaonline.com.br\\\/site#listItem\",\"name\":\"Home\"}},{\"@type\":\"ListItem\",\"@id\":\"https:\\\/\\\/anoticiaonline.com.br\\\/site\\\/associado-de-iuna-es-fatura-moto-na-feagro-2018\\\/#listItem\",\"position\":3,\"name\":\"Associado de I\\u00fana (ES) fatura moto na Feagro 2018\",\"previousItem\":{\"@type\":\"ListItem\",\"@id\":\"https:\\\/\\\/anoticiaonline.com.br\\\/site\\\/categoria\\\/gerais\\\/#listItem\",\"name\":\"Gerais\"}}]},{\"@type\":\"Organization\",\"@id\":\"https:\\\/\\\/anoticiaonline.com.br\\\/site\\\/#organization\",\"name\":\"A Not\\u00edcia Online\",\"description\":\"Noticias de Muria\\u00e9 e regi\\u00e3o\",\"url\":\"https:\\\/\\\/anoticiaonline.com.br\\\/site\\\/\",\"logo\":{\"@type\":\"ImageObject\",\"url\":\"https:\\\/\\\/scontent-gig4-1.xx.fbcdn.net\\\/v\\\/t39.30808-1\\\/270437624_4564083193639691_6907940295614233970_n.jpg?stp=dst-jpg_s200x200_tt6&_nc_cat=111&ccb=1-7&_nc_sid=f907e8&_nc_ohc=SM1wRlP3lJwQ7kNvwEPuBYA&_nc_oc=AdnqrjDN_BNjSSHWO-GbkIWH6fkGMLw4bqvL_NH6e2wMveX7G-rP2dAqsDSq1mJMOaY&_nc_zt=24&_nc_ht=scontent-gig4-1.xx&_nc_gid=AoBFJeGrT1hVaew_6rchkQ&oh=00_AfX7QmFGhQhG2jAllVgXCiM1ZrWgvtp80-Bfppyexh1QEg&oe=689E923C\",\"@id\":\"https:\\\/\\\/anoticiaonline.com.br\\\/site\\\/associado-de-iuna-es-fatura-moto-na-feagro-2018\\\/#organizationLogo\"},\"image\":{\"@id\":\"https:\\\/\\\/anoticiaonline.com.br\\\/site\\\/associado-de-iuna-es-fatura-moto-na-feagro-2018\\\/#organizationLogo\"}},{\"@type\":\"Person\",\"@id\":\"https:\\\/\\\/anoticiaonline.com.br\\\/site\\\/author\\\/juliana\\\/#author\",\"url\":\"https:\\\/\\\/anoticiaonline.com.br\\\/site\\\/author\\\/juliana\\\/\",\"name\":\"Juliana Laviola\",\"image\":{\"@type\":\"ImageObject\",\"@id\":\"https:\\\/\\\/anoticiaonline.com.br\\\/site\\\/associado-de-iuna-es-fatura-moto-na-feagro-2018\\\/#authorImage\",\"url\":\"https:\\\/\\\/secure.gravatar.com\\\/avatar\\\/b8d45f5c699b100dfaf0e543582f38f38bf94cb7ae3a5e9abf8d891a34773335?s=96&d=mm&r=g\",\"width\":96,\"height\":96,\"caption\":\"Juliana Laviola\"}},{\"@type\":\"WebPage\",\"@id\":\"https:\\\/\\\/anoticiaonline.com.br\\\/site\\\/associado-de-iuna-es-fatura-moto-na-feagro-2018\\\/#webpage\",\"url\":\"https:\\\/\\\/anoticiaonline.com.br\\\/site\\\/associado-de-iuna-es-fatura-moto-na-feagro-2018\\\/\",\"name\":\"Associado de I\\u00fana (ES) fatura moto na Feagro 2018 - A Not\\u00edcia Online\",\"description\":\"O cafeicultor Rog\\u00e9rio Ferreira Horst, de I\\u00fana (ES), \\u00e9 o ganhador da moto Honda Fan 160 cc sorteada durante a Feagro 2018, que aconteceu em Espera Feliz entre os dias 16 e 18 de agosto. A moto foi entregue pela gerente da ag\\u00eancia de Alto Capara\\u00f3, Rafaela Rodrigues, na quarta-feira (5). Para concorrer ao pr\\u00eamio,\",\"inLanguage\":\"pt-BR\",\"isPartOf\":{\"@id\":\"https:\\\/\\\/anoticiaonline.com.br\\\/site\\\/#website\"},\"breadcrumb\":{\"@id\":\"https:\\\/\\\/anoticiaonline.com.br\\\/site\\\/associado-de-iuna-es-fatura-moto-na-feagro-2018\\\/#breadcrumblist\"},\"author\":{\"@id\":\"https:\\\/\\\/anoticiaonline.com.br\\\/site\\\/author\\\/juliana\\\/#author\"},\"creator\":{\"@id\":\"https:\\\/\\\/anoticiaonline.com.br\\\/site\\\/author\\\/juliana\\\/#author\"},\"image\":{\"@type\":\"ImageObject\",\"url\":\"https:\\\/\\\/anoticiaonline.com.br\\\/site\\\/wp-content\\\/uploads\\\/2018\\\/09\\\/Associado-de-I\\u00fana-ES-fatura-moto-na-Feagro-2018.jpg\",\"@id\":\"https:\\\/\\\/anoticiaonline.com.br\\\/site\\\/associado-de-iuna-es-fatura-moto-na-feagro-2018\\\/#mainImage\",\"width\":1000,\"height\":666},\"primaryImageOfPage\":{\"@id\":\"https:\\\/\\\/anoticiaonline.com.br\\\/site\\\/associado-de-iuna-es-fatura-moto-na-feagro-2018\\\/#mainImage\"},\"datePublished\":\"2018-09-13T20:44:13-03:00\",\"dateModified\":\"2018-09-13T20:44:13-03:00\"},{\"@type\":\"WebSite\",\"@id\":\"https:\\\/\\\/anoticiaonline.com.br\\\/site\\\/#website\",\"url\":\"https:\\\/\\\/anoticiaonline.com.br\\\/site\\\/\",\"name\":\"A Not\\u00edcia Online\",\"description\":\"Noticias de Muria\\u00e9 e regi\\u00e3o\",\"inLanguage\":\"pt-BR\",\"publisher\":{\"@id\":\"https:\\\/\\\/anoticiaonline.com.br\\\/site\\\/#organization\"}}]}\n\t\t<\/script>\n\t\t<!-- All in One SEO -->\n\n","aioseo_head_json":{"title":"Associado de I\u00fana (ES) fatura moto na Feagro 2018 - A Not\u00edcia Online","description":"O cafeicultor Rog\u00e9rio Ferreira Horst, de I\u00fana (ES), \u00e9 o ganhador da moto Honda Fan 160 cc sorteada durante a Feagro 2018, que aconteceu em Espera Feliz entre os dias 16 e 18 de agosto. A moto foi entregue pela gerente da ag\u00eancia de Alto Capara\u00f3, Rafaela Rodrigues, na quarta-feira (5). Para concorrer ao pr\u00eamio,","canonical_url":"https:\/\/anoticiaonline.com.br\/site\/associado-de-iuna-es-fatura-moto-na-feagro-2018\/","robots":"max-image-preview:large","keywords":"","webmasterTools":{"miscellaneous":""},"schema":{"@context":"https:\/\/schema.org","@graph":[{"@type":"BlogPosting","@id":"https:\/\/anoticiaonline.com.br\/site\/associado-de-iuna-es-fatura-moto-na-feagro-2018\/#blogposting","name":"Associado de I\u00fana (ES) fatura moto na Feagro 2018 - A Not\u00edcia Online","headline":"Associado de I\u00fana (ES) fatura moto na Feagro 2018","author":{"@id":"https:\/\/anoticiaonline.com.br\/site\/author\/juliana\/#author"},"publisher":{"@id":"https:\/\/anoticiaonline.com.br\/site\/#organization"},"image":{"@type":"ImageObject","url":"https:\/\/anoticiaonline.com.br\/site\/wp-content\/uploads\/2018\/09\/Associado-de-I\u00fana-ES-fatura-moto-na-Feagro-2018.jpg","width":1000,"height":666},"datePublished":"2018-09-13T20:44:13-03:00","dateModified":"2018-09-13T20:44:13-03:00","inLanguage":"pt-BR","mainEntityOfPage":{"@id":"https:\/\/anoticiaonline.com.br\/site\/associado-de-iuna-es-fatura-moto-na-feagro-2018\/#webpage"},"isPartOf":{"@id":"https:\/\/anoticiaonline.com.br\/site\/associado-de-iuna-es-fatura-moto-na-feagro-2018\/#webpage"},"articleSection":"Gerais, associado, cliente, moto, SICOOB\u00a0 CREDISUDESTE, sorteio"},{"@type":"BreadcrumbList","@id":"https:\/\/anoticiaonline.com.br\/site\/associado-de-iuna-es-fatura-moto-na-feagro-2018\/#breadcrumblist","itemListElement":[{"@type":"ListItem","@id":"https:\/\/anoticiaonline.com.br\/site#listItem","position":1,"name":"Home","item":"https:\/\/anoticiaonline.com.br\/site","nextItem":{"@type":"ListItem","@id":"https:\/\/anoticiaonline.com.br\/site\/categoria\/gerais\/#listItem","name":"Gerais"}},{"@type":"ListItem","@id":"https:\/\/anoticiaonline.com.br\/site\/categoria\/gerais\/#listItem","position":2,"name":"Gerais","item":"https:\/\/anoticiaonline.com.br\/site\/categoria\/gerais\/","nextItem":{"@type":"ListItem","@id":"https:\/\/anoticiaonline.com.br\/site\/associado-de-iuna-es-fatura-moto-na-feagro-2018\/#listItem","name":"Associado de I\u00fana (ES) fatura moto na Feagro 2018"},"previousItem":{"@type":"ListItem","@id":"https:\/\/anoticiaonline.com.br\/site#listItem","name":"Home"}},{"@type":"ListItem","@id":"https:\/\/anoticiaonline.com.br\/site\/associado-de-iuna-es-fatura-moto-na-feagro-2018\/#listItem","position":3,"name":"Associado de I\u00fana (ES) fatura moto na Feagro 2018","previousItem":{"@type":"ListItem","@id":"https:\/\/anoticiaonline.com.br\/site\/categoria\/gerais\/#listItem","name":"Gerais"}}]},{"@type":"Organization","@id":"https:\/\/anoticiaonline.com.br\/site\/#organization","name":"A Not\u00edcia Online","description":"Noticias de Muria\u00e9 e regi\u00e3o","url":"https:\/\/anoticiaonline.com.br\/site\/","logo":{"@type":"ImageObject","url":"https:\/\/scontent-gig4-1.xx.fbcdn.net\/v\/t39.30808-1\/270437624_4564083193639691_6907940295614233970_n.jpg?stp=dst-jpg_s200x200_tt6&_nc_cat=111&ccb=1-7&_nc_sid=f907e8&_nc_ohc=SM1wRlP3lJwQ7kNvwEPuBYA&_nc_oc=AdnqrjDN_BNjSSHWO-GbkIWH6fkGMLw4bqvL_NH6e2wMveX7G-rP2dAqsDSq1mJMOaY&_nc_zt=24&_nc_ht=scontent-gig4-1.xx&_nc_gid=AoBFJeGrT1hVaew_6rchkQ&oh=00_AfX7QmFGhQhG2jAllVgXCiM1ZrWgvtp80-Bfppyexh1QEg&oe=689E923C","@id":"https:\/\/anoticiaonline.com.br\/site\/associado-de-iuna-es-fatura-moto-na-feagro-2018\/#organizationLogo"},"image":{"@id":"https:\/\/anoticiaonline.com.br\/site\/associado-de-iuna-es-fatura-moto-na-feagro-2018\/#organizationLogo"}},{"@type":"Person","@id":"https:\/\/anoticiaonline.com.br\/site\/author\/juliana\/#author","url":"https:\/\/anoticiaonline.com.br\/site\/author\/juliana\/","name":"Juliana Laviola","image":{"@type":"ImageObject","@id":"https:\/\/anoticiaonline.com.br\/site\/associado-de-iuna-es-fatura-moto-na-feagro-2018\/#authorImage","url":"https:\/\/secure.gravatar.com\/avatar\/b8d45f5c699b100dfaf0e543582f38f38bf94cb7ae3a5e9abf8d891a34773335?s=96&d=mm&r=g","width":96,"height":96,"caption":"Juliana Laviola"}},{"@type":"WebPage","@id":"https:\/\/anoticiaonline.com.br\/site\/associado-de-iuna-es-fatura-moto-na-feagro-2018\/#webpage","url":"https:\/\/anoticiaonline.com.br\/site\/associado-de-iuna-es-fatura-moto-na-feagro-2018\/","name":"Associado de I\u00fana (ES) fatura moto na Feagro 2018 - A Not\u00edcia Online","description":"O cafeicultor Rog\u00e9rio Ferreira Horst, de I\u00fana (ES), \u00e9 o ganhador da moto Honda Fan 160 cc sorteada durante a Feagro 2018, que aconteceu em Espera Feliz entre os dias 16 e 18 de agosto. A moto foi entregue pela gerente da ag\u00eancia de Alto Capara\u00f3, Rafaela Rodrigues, na quarta-feira (5). Para concorrer ao pr\u00eamio,","inLanguage":"pt-BR","isPartOf":{"@id":"https:\/\/anoticiaonline.com.br\/site\/#website"},"breadcrumb":{"@id":"https:\/\/anoticiaonline.com.br\/site\/associado-de-iuna-es-fatura-moto-na-feagro-2018\/#breadcrumblist"},"author":{"@id":"https:\/\/anoticiaonline.com.br\/site\/author\/juliana\/#author"},"creator":{"@id":"https:\/\/anoticiaonline.com.br\/site\/author\/juliana\/#author"},"image":{"@type":"ImageObject","url":"https:\/\/anoticiaonline.com.br\/site\/wp-content\/uploads\/2018\/09\/Associado-de-I\u00fana-ES-fatura-moto-na-Feagro-2018.jpg","@id":"https:\/\/anoticiaonline.com.br\/site\/associado-de-iuna-es-fatura-moto-na-feagro-2018\/#mainImage","width":1000,"height":666},"primaryImageOfPage":{"@id":"https:\/\/anoticiaonline.com.br\/site\/associado-de-iuna-es-fatura-moto-na-feagro-2018\/#mainImage"},"datePublished":"2018-09-13T20:44:13-03:00","dateModified":"2018-09-13T20:44:13-03:00"},{"@type":"WebSite","@id":"https:\/\/anoticiaonline.com.br\/site\/#website","url":"https:\/\/anoticiaonline.com.br\/site\/","name":"A Not\u00edcia Online","description":"Noticias de Muria\u00e9 e regi\u00e3o","inLanguage":"pt-BR","publisher":{"@id":"https:\/\/anoticiaonline.com.br\/site\/#organization"}}]},"og:locale":"pt_BR","og:site_name":"A Not\u00edcia Online - Noticias de Muria\u00e9 e regi\u00e3o","og:type":"article","og:title":"Associado de I\u00fana (ES) fatura moto na Feagro 2018 - A Not\u00edcia Online","og:description":"O cafeicultor Rog\u00e9rio Ferreira Horst, de I\u00fana (ES), \u00e9 o ganhador da moto Honda Fan 160 cc sorteada durante a Feagro 2018, que aconteceu em Espera Feliz entre os dias 16 e 18 de agosto. A moto foi entregue pela gerente da ag\u00eancia de Alto Capara\u00f3, Rafaela Rodrigues, na quarta-feira (5). Para concorrer ao pr\u00eamio,","og:url":"https:\/\/anoticiaonline.com.br\/site\/associado-de-iuna-es-fatura-moto-na-feagro-2018\/","og:image":"https:\/\/scontent-gig4-1.xx.fbcdn.net\/v\/t39.30808-1\/270437624_4564083193639691_6907940295614233970_n.jpg?stp=dst-jpg_s200x200_tt6&#038;_nc_cat=111&#038;ccb=1-7&#038;_nc_sid=f907e8&#038;_nc_ohc=SM1wRlP3lJwQ7kNvwEPuBYA&#038;_nc_oc=AdnqrjDN_BNjSSHWO-GbkIWH6fkGMLw4bqvL_NH6e2wMveX7G-rP2dAqsDSq1mJMOaY&#038;_nc_zt=24&#038;_nc_ht=scontent-gig4-1.xx&#038;_nc_gid=AoBFJeGrT1hVaew_6rchkQ&#038;oh=00_AfX7QmFGhQhG2jAllVgXCiM1ZrWgvtp80-Bfppyexh1QEg&#038;oe=689E923C","og:image:secure_url":"https:\/\/scontent-gig4-1.xx.fbcdn.net\/v\/t39.30808-1\/270437624_4564083193639691_6907940295614233970_n.jpg?stp=dst-jpg_s200x200_tt6&#038;_nc_cat=111&#038;ccb=1-7&#038;_nc_sid=f907e8&#038;_nc_ohc=SM1wRlP3lJwQ7kNvwEPuBYA&#038;_nc_oc=AdnqrjDN_BNjSSHWO-GbkIWH6fkGMLw4bqvL_NH6e2wMveX7G-rP2dAqsDSq1mJMOaY&#038;_nc_zt=24&#038;_nc_ht=scontent-gig4-1.xx&#038;_nc_gid=AoBFJeGrT1hVaew_6rchkQ&#038;oh=00_AfX7QmFGhQhG2jAllVgXCiM1ZrWgvtp80-Bfppyexh1QEg&#038;oe=689E923C","article:published_time":"2018-09-13T23:44:13+00:00","article:modified_time":"2018-09-13T23:44:13+00:00","twitter:card":"summary_large_image","twitter:title":"Associado de I\u00fana (ES) fatura moto na Feagro 2018 - A Not\u00edcia Online","twitter:description":"O cafeicultor Rog\u00e9rio Ferreira Horst, de I\u00fana (ES), \u00e9 o ganhador da moto Honda Fan 160 cc sorteada durante a Feagro 2018, que aconteceu em Espera Feliz entre os dias 16 e 18 de agosto. A moto foi entregue pela gerente da ag\u00eancia de Alto Capara\u00f3, Rafaela Rodrigues, na quarta-feira (5). Para concorrer ao pr\u00eamio,","twitter:image":"https:\/\/scontent-gig4-1.xx.fbcdn.net\/v\/t39.30808-1\/270437624_4564083193639691_6907940295614233970_n.jpg?stp=dst-jpg_s200x200_tt6&_nc_cat=111&ccb=1-7&_nc_sid=f907e8&_nc_ohc=SM1wRlP3lJwQ7kNvwEPuBYA&_nc_oc=AdnqrjDN_BNjSSHWO-GbkIWH6fkGMLw4bqvL_NH6e2wMveX7G-rP2dAqsDSq1mJMOaY&_nc_zt=24&_nc_ht=scontent-gig4-1.xx&_nc_gid=AoBFJeGrT1hVaew_6rchkQ&oh=00_AfX7QmFGhQhG2jAllVgXCiM1ZrWgvtp80-Bfppyexh1QEg&oe=689E923C"},"aioseo_meta_data":{"post_id":"61523","title":null,"description":null,"keywords":null,"keyphrases":null,"primary_term":null,"canonical_url":null,"og_title":null,"og_description":null,"og_object_type":"default","og_image_type":"default","og_image_url":null,"og_image_width":null,"og_image_height":null,"og_image_custom_url":null,"og_image_custom_fields":null,"og_video":null,"og_custom_url":null,"og_article_section":null,"og_article_tags":null,"twitter_use_og":false,"twitter_card":"default","twitter_image_type":"default","twitter_image_url":null,"twitter_image_custom_url":null,"twitter_image_custom_fields":null,"twitter_title":null,"twitter_description":null,"schema":{"blockGraphs":[],"customGraphs":[],"default":{"data":{"Article":[],"Course":[],"Dataset":[],"FAQPage":[],"Movie":[],"Person":[],"Product":[],"ProductReview":[],"Car":[],"Recipe":[],"Service":[],"SoftwareApplication":[],"WebPage":[]},"graphName":"","isEnabled":true},"graphs":[]},"schema_type":"default","schema_type_options":null,"pillar_content":false,"robots_default":true,"robots_noindex":false,"robots_noarchive":false,"robots_nosnippet":false,"robots_nofollow":false,"robots_noimageindex":false,"robots_noodp":false,"robots_notranslate":false,"robots_max_snippet":null,"robots_max_videopreview":null,"robots_max_imagepreview":"large","priority":null,"frequency":null,"local_seo":null,"breadcrumb_settings":null,"limit_modified_date":false,"ai":null,"created":"2025-08-16 21:37:26","updated":"2025-08-16 21:37:26","focus_keyword":null,"additional_keywords":null,"truseo_locale":null,"seo_analyzer_scan_date":null},"aioseo_breadcrumb":"<div class=\"aioseo-breadcrumbs\"><span class=\"aioseo-breadcrumb\">\n\t\t\t<a href=\"https:\/\/anoticiaonline.com.br\/site\" title=\"Home\">Home<\/a>\n\t\t<\/span><span class=\"aioseo-breadcrumb-separator\">&raquo;<\/span><span class=\"aioseo-breadcrumb\">\n\t\t\t<a href=\"https:\/\/anoticiaonline.com.br\/site\/categoria\/gerais\/\" title=\"Gerais\">Gerais<\/a>\n\t\t<\/span><span class=\"aioseo-breadcrumb-separator\">&raquo;<\/span><span class=\"aioseo-breadcrumb\">\n\t\t\tAssociado de I\u00fana (ES) fatura moto na Feagro 2018\n\t\t<\/span><\/div>","aioseo_breadcrumb_json":[{"label":"Home","link":"https:\/\/anoticiaonline.com.br\/site"},{"label":"Gerais","link":"https:\/\/anoticiaonline.com.br\/site\/categoria\/gerais\/"},{"label":"Associado de I\u00fana (ES) fatura moto na Feagro 2018","link":"https:\/\/anoticiaonline.com.br\/site\/associado-de-iuna-es-fatura-moto-na-feagro-2018\/"}],"views":186,"_links":{"self":[{"href":"https:\/\/anoticiaonline.com.br\/site\/wp-json\/wp\/v2\/posts\/61523","targetHints":{"allow":["GET"]}}],"collection":[{"href":"https:\/\/anoticiaonline.com.br\/site\/wp-json\/wp\/v2\/posts"}],"about":[{"href":"https:\/\/anoticiaonline.com.br\/site\/wp-json\/wp\/v2\/types\/post"}],"author":[{"embeddable":true,"href":"https:\/\/anoticiaonline.com.br\/site\/wp-json\/wp\/v2\/users\/2"}],"replies":[{"embeddable":true,"href":"https:\/\/anoticiaonline.com.br\/site\/wp-json\/wp\/v2\/comments?post=61523"}],"version-history":[{"count":0,"href":"https:\/\/anoticiaonline.com.br\/site\/wp-json\/wp\/v2\/posts\/61523\/revisions"}],"wp:featuredmedia":[{"embeddable":true,"href":"https:\/\/anoticiaonline.com.br\/site\/wp-json\/wp\/v2\/media\/61530"}],"wp:attachment":[{"href":"https:\/\/anoticiaonline.com.br\/site\/wp-json\/wp\/v2\/media?parent=61523"}],"wp:term":[{"taxonomy":"category","embeddable":true,"href":"https:\/\/anoticiaonline.com.br\/site\/wp-json\/wp\/v2\/categories?post=61523"},{"taxonomy":"post_tag","embeddable":true,"href":"https:\/\/anoticiaonline.com.br\/site\/wp-json\/wp\/v2\/tags?post=61523"}],"curies":[{"name":"wp","href":"https:\/\/api.w.org\/{rel}","templated":true}]}}