{"id":61520,"date":"2018-09-13T20:26:52","date_gmt":"2018-09-13T23:26:52","guid":{"rendered":"http:\/\/anoticiaonline.com.br\/site\/?p=61520"},"modified":"2018-09-13T20:26:52","modified_gmt":"2018-09-13T23:26:52","slug":"um-atentado-a-democracia","status":"publish","type":"post","link":"https:\/\/anoticiaonline.com.br\/site\/um-atentado-a-democracia\/","title":{"rendered":"UM ATENTADO \u00c0 DEMOCRACIA"},"content":{"rendered":"<p>Adellunar Marge<\/p>\n<p>Muito mais do que um atentado ao candidato Bolsonaro, o lament\u00e1vel epis\u00f3dio da facada foi um atentado \u00e0 Democracia e ao Estado de Direito em que vivemos. As investiga\u00e7\u00f5es est\u00e3o em andamento para se apurar se foi um ato solit\u00e1rio ou um ato orquestrado e \u00e9 necess\u00e1rio que se apure, pois paira sobre o caso uma nuvem de incertezas. A alega\u00e7\u00e3o precipitada e quase imediata dos advogados da insanidade mental do autor do atentado, \u00e9 estranha, uma vez que o tal Ad\u00e9lio Bispo possui curso superior de Pedagogia e era militante da esquerda. \u00c9 claro que um curso superior n\u00e3o isenta uma pessoa de possuir alguma insanidade mental, mas \u00e9 necess\u00e1rio que se apure a fundo. No lament\u00e1vel assassinato da Vereadora Carioca Marieli, do PSOL, a pr\u00f3pria imprensa exigiu uma apura\u00e7\u00e3o rigorosa para se chegar a poss\u00edveis ou pretensos mandantes. Nada mais natural que se fa\u00e7a o mesmo em rela\u00e7\u00e3o \u00e0 facada desferida no candidato, independente do partido a que perten\u00e7a.<\/p>\n<p>O estabelecimento de um Estado Democr\u00e1tico de Direito \u00e9 uma conquista \u00e1rdua de uma na\u00e7\u00e3o, resultado de muita luta. Felizmente a esquerda brasileira n\u00e3o conseguiu, durante e ap\u00f3s o desgoverno Jo\u00e3o Goulart, fazer do Brasil uma \u201cDitadura Comunista\u201d nos moldes de Cuba. Recentemente o Brasil passou por um per\u00edodo de intensa corrup\u00e7\u00e3o que solapou a nossa economia e envergonhou o nosso pa\u00eds diante do mundo. A irresponsabilidade \u00e9tica nos poderes Executivo e Legislativo destruiu grande parte do patrim\u00f4nio de Estatais, com rombos que escandalizaram o mundo. A Opera\u00e7\u00e3o Lava a Jato tem sido um alento e uma esperan\u00e7a para o povo brasileiro que acredita que a justi\u00e7a ir\u00e1 prevalecer sobre a desonestidade de in\u00fameros pol\u00edticos e empres\u00e1rios. Mas essa Opera\u00e7\u00e3o, com um trabalho e desempenho brilhante de competentes ju\u00edzes, promotores e da eficiente Pol\u00edcia Federal pode ir por \u00e1gua abaixo e decepcionar os milh\u00f5es de brasileiros que mant\u00e9m acesa a chama da esperan\u00e7a de um pa\u00eds mais justo e mais humano para aqueles que vir\u00e3o depois de n\u00f3s.<\/p>\n<p>N\u00e3o podemos permitir que o desespero de alguns comprometa a estabilidade do nosso pa\u00eds e o mergulhe em uma crise institucional que seria nociva a todos.<\/p>\n<p>Faltam poucos dias para as elei\u00e7\u00f5es. Os candidatos est\u00e3o a\u00ed \u00e0 nossa frente com suas id\u00e9ias e plataformas. Temos a vantagem de conhecer grande parte deles e optar por aqueles que acharmos melhor para o nosso pa\u00eds. Em um per\u00edodo cr\u00edtico, como esse em que vivemos, o zelo maior deve ser com as institui\u00e7\u00f5es, principalmente com a fam\u00edlia, a c\u00e9lula principal de uma sociedade. Se esta se desmorona e se corrompe, todo o resto de compromete.<\/p>\n<p>Infelizmente, em um pa\u00eds que se caracterizou desde sempre, mas principalmente nos \u00faltimos treze anos, pelos \u201cmensal\u00f5es\u201d e acordos pol\u00edticos para a conquista e manuten\u00e7\u00e3o do poder, a elei\u00e7\u00e3o em Segundo Turno passa a ser um risco \u00e0 integridade moral do pa\u00eds. As ofertas de Minist\u00e9rios e altos cargos \u00e9 sempre comum para a formaliza\u00e7\u00e3o de alian\u00e7as ou apoiamentos. \u00c9 nesse momento que se unem os mais diversos interesses e as mais distintas ideologias com o objetivo \u00fanico de se chegar ao poder. Depois, na hora da partilha dos esp\u00f3lios, visa-se o bem pr\u00f3prio e n\u00e3o o comum, subtraindo-se recursos preciosos que poderiam e deveriam ser empregados na Educa\u00e7\u00e3o, na Sa\u00fade e na Seguran\u00e7a P\u00fablica.<\/p>\n<p>Ser\u00e1 que o povo j\u00e1 se esqueceu do rombo da Petrobr\u00e1s, cujo montante foi maior do que o PIB da maioria dos pa\u00edses do mundo e considerado o maior roubo de recursos p\u00fablicos de todos os tempos ? Acredito que n\u00e3o e ainda est\u00e1 vivo na mem\u00f3ria popular os nomes dos corruptos, alguns condenados e outros ainda em fase de processos.<\/p>\n<p>Mas a lei permite o Segundo Turno e \u00e9 nosso dever segui-la, mas isso n\u00e3o impede de exercitarmos a nossa op\u00e7\u00e3o do voto livre e democr\u00e1tico para levarmos ao poder aqueles que entendemos serem os melhores, entre as op\u00e7\u00f5es que nos s\u00e3o oferecidas. Mas em benef\u00edcio das nossas fam\u00edlias e do nosso pa\u00eds temos que promover uma mudan\u00e7a radical na regra perversa do jogo pol\u00edtico.<\/p>\n","protected":false},"excerpt":{"rendered":"<p>Adellunar Marge Muito mais do que um atentado ao candidato Bolsonaro, o lament\u00e1vel epis\u00f3dio da facada foi um atentado \u00e0 Democracia e ao Estado de Direito em que vivemos. As investiga\u00e7\u00f5es est\u00e3o em andamento para se apurar se foi um ato solit\u00e1rio ou um ato orquestrado e \u00e9 necess\u00e1rio que se apure, pois paira sobre &#8230; <a title=\"UM ATENTADO \u00c0 DEMOCRACIA\" class=\"read-more\" href=\"https:\/\/anoticiaonline.com.br\/site\/um-atentado-a-democracia\/\" aria-label=\"Read more about UM ATENTADO \u00c0 DEMOCRACIA\">Ler mais<\/a><\/p>\n","protected":false},"author":2,"featured_media":0,"comment_status":"open","ping_status":"open","sticky":false,"template":"","format":"standard","meta":{"_acf_changed":false,"_monsterinsights_skip_tracking":false,"footnotes":""},"categories":[36],"tags":[],"class_list":["post-61520","post","type-post","status-publish","format-standard","hentry","category-logos-adellunar-marge"],"acf":[],"aioseo_notices":[],"aioseo_head":"\n\t\t<!-- All in One SEO 5.0.0.1 - aioseo.com -->\n\t<meta name=\"description\" content=\"Adellunar Marge Muito mais do que um atentado ao candidato Bolsonaro, o lament\u00e1vel epis\u00f3dio da facada foi um atentado \u00e0 Democracia e ao Estado de Direito em que vivemos. As investiga\u00e7\u00f5es est\u00e3o em andamento para se apurar se foi um ato solit\u00e1rio ou um ato orquestrado e \u00e9 necess\u00e1rio que se apure, pois paira sobre\" \/>\n\t<meta name=\"robots\" content=\"max-image-preview:large\" \/>\n\t<meta name=\"author\" content=\"Juliana Laviola\"\/>\n\t<link rel=\"canonical\" href=\"https:\/\/anoticiaonline.com.br\/site\/um-atentado-a-democracia\/\" \/>\n\t<meta name=\"generator\" content=\"All in One SEO (AIOSEO) 5.0.0.1\" \/>\n\t\t<meta property=\"og:locale\" content=\"pt_BR\" \/>\n\t\t<meta property=\"og:site_name\" content=\"A Not\u00edcia Online - Noticias de Muria\u00e9 e regi\u00e3o\" \/>\n\t\t<meta property=\"og:type\" content=\"article\" \/>\n\t\t<meta property=\"og:title\" content=\"UM ATENTADO \u00c0 DEMOCRACIA - A Not\u00edcia Online\" \/>\n\t\t<meta property=\"og:description\" content=\"Adellunar Marge Muito mais do que um atentado ao candidato Bolsonaro, o lament\u00e1vel epis\u00f3dio da facada foi um atentado \u00e0 Democracia e ao Estado de Direito em que vivemos. As investiga\u00e7\u00f5es est\u00e3o em andamento para se apurar se foi um ato solit\u00e1rio ou um ato orquestrado e \u00e9 necess\u00e1rio que se apure, pois paira sobre\" \/>\n\t\t<meta property=\"og:url\" content=\"https:\/\/anoticiaonline.com.br\/site\/um-atentado-a-democracia\/\" \/>\n\t\t<meta property=\"og:image\" content=\"https:\/\/scontent-gig4-1.xx.fbcdn.net\/v\/t39.30808-1\/270437624_4564083193639691_6907940295614233970_n.jpg?stp=dst-jpg_s200x200_tt6&#038;_nc_cat=111&#038;ccb=1-7&#038;_nc_sid=f907e8&#038;_nc_ohc=SM1wRlP3lJwQ7kNvwEPuBYA&#038;_nc_oc=AdnqrjDN_BNjSSHWO-GbkIWH6fkGMLw4bqvL_NH6e2wMveX7G-rP2dAqsDSq1mJMOaY&#038;_nc_zt=24&#038;_nc_ht=scontent-gig4-1.xx&#038;_nc_gid=AoBFJeGrT1hVaew_6rchkQ&#038;oh=00_AfX7QmFGhQhG2jAllVgXCiM1ZrWgvtp80-Bfppyexh1QEg&#038;oe=689E923C\" \/>\n\t\t<meta property=\"og:image:secure_url\" content=\"https:\/\/scontent-gig4-1.xx.fbcdn.net\/v\/t39.30808-1\/270437624_4564083193639691_6907940295614233970_n.jpg?stp=dst-jpg_s200x200_tt6&#038;_nc_cat=111&#038;ccb=1-7&#038;_nc_sid=f907e8&#038;_nc_ohc=SM1wRlP3lJwQ7kNvwEPuBYA&#038;_nc_oc=AdnqrjDN_BNjSSHWO-GbkIWH6fkGMLw4bqvL_NH6e2wMveX7G-rP2dAqsDSq1mJMOaY&#038;_nc_zt=24&#038;_nc_ht=scontent-gig4-1.xx&#038;_nc_gid=AoBFJeGrT1hVaew_6rchkQ&#038;oh=00_AfX7QmFGhQhG2jAllVgXCiM1ZrWgvtp80-Bfppyexh1QEg&#038;oe=689E923C\" \/>\n\t\t<meta property=\"article:published_time\" content=\"2018-09-13T23:26:52+00:00\" \/>\n\t\t<meta property=\"article:modified_time\" content=\"2018-09-13T23:26:52+00:00\" \/>\n\t\t<meta name=\"twitter:card\" content=\"summary_large_image\" \/>\n\t\t<meta name=\"twitter:title\" content=\"UM ATENTADO \u00c0 DEMOCRACIA - A Not\u00edcia Online\" \/>\n\t\t<meta name=\"twitter:description\" content=\"Adellunar Marge Muito mais do que um atentado ao candidato Bolsonaro, o lament\u00e1vel epis\u00f3dio da facada foi um atentado \u00e0 Democracia e ao Estado de Direito em que vivemos. As investiga\u00e7\u00f5es est\u00e3o em andamento para se apurar se foi um ato solit\u00e1rio ou um ato orquestrado e \u00e9 necess\u00e1rio que se apure, pois paira sobre\" \/>\n\t\t<meta name=\"twitter:image\" content=\"https:\/\/scontent-gig4-1.xx.fbcdn.net\/v\/t39.30808-1\/270437624_4564083193639691_6907940295614233970_n.jpg?stp=dst-jpg_s200x200_tt6&amp;_nc_cat=111&amp;ccb=1-7&amp;_nc_sid=f907e8&amp;_nc_ohc=SM1wRlP3lJwQ7kNvwEPuBYA&amp;_nc_oc=AdnqrjDN_BNjSSHWO-GbkIWH6fkGMLw4bqvL_NH6e2wMveX7G-rP2dAqsDSq1mJMOaY&amp;_nc_zt=24&amp;_nc_ht=scontent-gig4-1.xx&amp;_nc_gid=AoBFJeGrT1hVaew_6rchkQ&amp;oh=00_AfX7QmFGhQhG2jAllVgXCiM1ZrWgvtp80-Bfppyexh1QEg&amp;oe=689E923C\" \/>\n\t\t<script type=\"application\/ld+json\" class=\"aioseo-schema\">\n\t\t\t{\"@context\":\"https:\\\/\\\/schema.org\",\"@graph\":[{\"@type\":\"BlogPosting\",\"@id\":\"https:\\\/\\\/anoticiaonline.com.br\\\/site\\\/um-atentado-a-democracia\\\/#blogposting\",\"name\":\"UM ATENTADO \\u00c0 DEMOCRACIA - A Not\\u00edcia Online\",\"headline\":\"UM ATENTADO \\u00c0 DEMOCRACIA\",\"author\":{\"@id\":\"https:\\\/\\\/anoticiaonline.com.br\\\/site\\\/author\\\/juliana\\\/#author\"},\"publisher\":{\"@id\":\"https:\\\/\\\/anoticiaonline.com.br\\\/site\\\/#organization\"},\"image\":{\"@type\":\"ImageObject\",\"url\":\"https:\\\/\\\/scontent-gig4-1.xx.fbcdn.net\\\/v\\\/t39.30808-1\\\/270437624_4564083193639691_6907940295614233970_n.jpg?stp=dst-jpg_s200x200_tt6&_nc_cat=111&ccb=1-7&_nc_sid=f907e8&_nc_ohc=SM1wRlP3lJwQ7kNvwEPuBYA&_nc_oc=AdnqrjDN_BNjSSHWO-GbkIWH6fkGMLw4bqvL_NH6e2wMveX7G-rP2dAqsDSq1mJMOaY&_nc_zt=24&_nc_ht=scontent-gig4-1.xx&_nc_gid=AoBFJeGrT1hVaew_6rchkQ&oh=00_AfX7QmFGhQhG2jAllVgXCiM1ZrWgvtp80-Bfppyexh1QEg&oe=689E923C\",\"@id\":\"https:\\\/\\\/anoticiaonline.com.br\\\/site\\\/#articleImage\"},\"datePublished\":\"2018-09-13T20:26:52-03:00\",\"dateModified\":\"2018-09-13T20:26:52-03:00\",\"inLanguage\":\"pt-BR\",\"mainEntityOfPage\":{\"@id\":\"https:\\\/\\\/anoticiaonline.com.br\\\/site\\\/um-atentado-a-democracia\\\/#webpage\"},\"isPartOf\":{\"@id\":\"https:\\\/\\\/anoticiaonline.com.br\\\/site\\\/um-atentado-a-democracia\\\/#webpage\"},\"articleSection\":\"Logos - Adellunar Marge\"},{\"@type\":\"BreadcrumbList\",\"@id\":\"https:\\\/\\\/anoticiaonline.com.br\\\/site\\\/um-atentado-a-democracia\\\/#breadcrumblist\",\"itemListElement\":[{\"@type\":\"ListItem\",\"@id\":\"https:\\\/\\\/anoticiaonline.com.br\\\/site#listItem\",\"position\":1,\"name\":\"Home\",\"item\":\"https:\\\/\\\/anoticiaonline.com.br\\\/site\",\"nextItem\":{\"@type\":\"ListItem\",\"@id\":\"https:\\\/\\\/anoticiaonline.com.br\\\/site\\\/categoria\\\/colunistas\\\/#listItem\",\"name\":\"Colunistas\"}},{\"@type\":\"ListItem\",\"@id\":\"https:\\\/\\\/anoticiaonline.com.br\\\/site\\\/categoria\\\/colunistas\\\/#listItem\",\"position\":2,\"name\":\"Colunistas\",\"item\":\"https:\\\/\\\/anoticiaonline.com.br\\\/site\\\/categoria\\\/colunistas\\\/\",\"nextItem\":{\"@type\":\"ListItem\",\"@id\":\"https:\\\/\\\/anoticiaonline.com.br\\\/site\\\/categoria\\\/colunistas\\\/logos-adellunar-marge\\\/#listItem\",\"name\":\"Logos - Adellunar Marge\"},\"previousItem\":{\"@type\":\"ListItem\",\"@id\":\"https:\\\/\\\/anoticiaonline.com.br\\\/site#listItem\",\"name\":\"Home\"}},{\"@type\":\"ListItem\",\"@id\":\"https:\\\/\\\/anoticiaonline.com.br\\\/site\\\/categoria\\\/colunistas\\\/logos-adellunar-marge\\\/#listItem\",\"position\":3,\"name\":\"Logos - Adellunar Marge\",\"item\":\"https:\\\/\\\/anoticiaonline.com.br\\\/site\\\/categoria\\\/colunistas\\\/logos-adellunar-marge\\\/\",\"nextItem\":{\"@type\":\"ListItem\",\"@id\":\"https:\\\/\\\/anoticiaonline.com.br\\\/site\\\/um-atentado-a-democracia\\\/#listItem\",\"name\":\"UM ATENTADO \\u00c0 DEMOCRACIA\"},\"previousItem\":{\"@type\":\"ListItem\",\"@id\":\"https:\\\/\\\/anoticiaonline.com.br\\\/site\\\/categoria\\\/colunistas\\\/#listItem\",\"name\":\"Colunistas\"}},{\"@type\":\"ListItem\",\"@id\":\"https:\\\/\\\/anoticiaonline.com.br\\\/site\\\/um-atentado-a-democracia\\\/#listItem\",\"position\":4,\"name\":\"UM ATENTADO \\u00c0 DEMOCRACIA\",\"previousItem\":{\"@type\":\"ListItem\",\"@id\":\"https:\\\/\\\/anoticiaonline.com.br\\\/site\\\/categoria\\\/colunistas\\\/logos-adellunar-marge\\\/#listItem\",\"name\":\"Logos - Adellunar Marge\"}}]},{\"@type\":\"Organization\",\"@id\":\"https:\\\/\\\/anoticiaonline.com.br\\\/site\\\/#organization\",\"name\":\"A Not\\u00edcia Online\",\"description\":\"Noticias de Muria\\u00e9 e regi\\u00e3o\",\"url\":\"https:\\\/\\\/anoticiaonline.com.br\\\/site\\\/\",\"logo\":{\"@type\":\"ImageObject\",\"url\":\"https:\\\/\\\/scontent-gig4-1.xx.fbcdn.net\\\/v\\\/t39.30808-1\\\/270437624_4564083193639691_6907940295614233970_n.jpg?stp=dst-jpg_s200x200_tt6&_nc_cat=111&ccb=1-7&_nc_sid=f907e8&_nc_ohc=SM1wRlP3lJwQ7kNvwEPuBYA&_nc_oc=AdnqrjDN_BNjSSHWO-GbkIWH6fkGMLw4bqvL_NH6e2wMveX7G-rP2dAqsDSq1mJMOaY&_nc_zt=24&_nc_ht=scontent-gig4-1.xx&_nc_gid=AoBFJeGrT1hVaew_6rchkQ&oh=00_AfX7QmFGhQhG2jAllVgXCiM1ZrWgvtp80-Bfppyexh1QEg&oe=689E923C\",\"@id\":\"https:\\\/\\\/anoticiaonline.com.br\\\/site\\\/um-atentado-a-democracia\\\/#organizationLogo\"},\"image\":{\"@id\":\"https:\\\/\\\/anoticiaonline.com.br\\\/site\\\/um-atentado-a-democracia\\\/#organizationLogo\"}},{\"@type\":\"Person\",\"@id\":\"https:\\\/\\\/anoticiaonline.com.br\\\/site\\\/author\\\/juliana\\\/#author\",\"url\":\"https:\\\/\\\/anoticiaonline.com.br\\\/site\\\/author\\\/juliana\\\/\",\"name\":\"Juliana Laviola\",\"image\":{\"@type\":\"ImageObject\",\"@id\":\"https:\\\/\\\/anoticiaonline.com.br\\\/site\\\/um-atentado-a-democracia\\\/#authorImage\",\"url\":\"https:\\\/\\\/secure.gravatar.com\\\/avatar\\\/b8d45f5c699b100dfaf0e543582f38f38bf94cb7ae3a5e9abf8d891a34773335?s=96&d=mm&r=g\",\"width\":96,\"height\":96,\"caption\":\"Juliana Laviola\"}},{\"@type\":\"WebPage\",\"@id\":\"https:\\\/\\\/anoticiaonline.com.br\\\/site\\\/um-atentado-a-democracia\\\/#webpage\",\"url\":\"https:\\\/\\\/anoticiaonline.com.br\\\/site\\\/um-atentado-a-democracia\\\/\",\"name\":\"UM ATENTADO \\u00c0 DEMOCRACIA - A Not\\u00edcia Online\",\"description\":\"Adellunar Marge Muito mais do que um atentado ao candidato Bolsonaro, o lament\\u00e1vel epis\\u00f3dio da facada foi um atentado \\u00e0 Democracia e ao Estado de Direito em que vivemos. As investiga\\u00e7\\u00f5es est\\u00e3o em andamento para se apurar se foi um ato solit\\u00e1rio ou um ato orquestrado e \\u00e9 necess\\u00e1rio que se apure, pois paira sobre\",\"inLanguage\":\"pt-BR\",\"isPartOf\":{\"@id\":\"https:\\\/\\\/anoticiaonline.com.br\\\/site\\\/#website\"},\"breadcrumb\":{\"@id\":\"https:\\\/\\\/anoticiaonline.com.br\\\/site\\\/um-atentado-a-democracia\\\/#breadcrumblist\"},\"author\":{\"@id\":\"https:\\\/\\\/anoticiaonline.com.br\\\/site\\\/author\\\/juliana\\\/#author\"},\"creator\":{\"@id\":\"https:\\\/\\\/anoticiaonline.com.br\\\/site\\\/author\\\/juliana\\\/#author\"},\"datePublished\":\"2018-09-13T20:26:52-03:00\",\"dateModified\":\"2018-09-13T20:26:52-03:00\"},{\"@type\":\"WebSite\",\"@id\":\"https:\\\/\\\/anoticiaonline.com.br\\\/site\\\/#website\",\"url\":\"https:\\\/\\\/anoticiaonline.com.br\\\/site\\\/\",\"name\":\"A Not\\u00edcia Online\",\"description\":\"Noticias de Muria\\u00e9 e regi\\u00e3o\",\"inLanguage\":\"pt-BR\",\"publisher\":{\"@id\":\"https:\\\/\\\/anoticiaonline.com.br\\\/site\\\/#organization\"}}]}\n\t\t<\/script>\n\t\t<!-- All in One SEO -->\n\n","aioseo_head_json":{"title":"UM ATENTADO \u00c0 DEMOCRACIA - A Not\u00edcia Online","description":"Adellunar Marge Muito mais do que um atentado ao candidato Bolsonaro, o lament\u00e1vel epis\u00f3dio da facada foi um atentado \u00e0 Democracia e ao Estado de Direito em que vivemos. As investiga\u00e7\u00f5es est\u00e3o em andamento para se apurar se foi um ato solit\u00e1rio ou um ato orquestrado e \u00e9 necess\u00e1rio que se apure, pois paira sobre","canonical_url":"https:\/\/anoticiaonline.com.br\/site\/um-atentado-a-democracia\/","robots":"max-image-preview:large","keywords":"","webmasterTools":{"miscellaneous":""},"schema":{"@context":"https:\/\/schema.org","@graph":[{"@type":"BlogPosting","@id":"https:\/\/anoticiaonline.com.br\/site\/um-atentado-a-democracia\/#blogposting","name":"UM ATENTADO \u00c0 DEMOCRACIA - A Not\u00edcia Online","headline":"UM ATENTADO \u00c0 DEMOCRACIA","author":{"@id":"https:\/\/anoticiaonline.com.br\/site\/author\/juliana\/#author"},"publisher":{"@id":"https:\/\/anoticiaonline.com.br\/site\/#organization"},"image":{"@type":"ImageObject","url":"https:\/\/scontent-gig4-1.xx.fbcdn.net\/v\/t39.30808-1\/270437624_4564083193639691_6907940295614233970_n.jpg?stp=dst-jpg_s200x200_tt6&_nc_cat=111&ccb=1-7&_nc_sid=f907e8&_nc_ohc=SM1wRlP3lJwQ7kNvwEPuBYA&_nc_oc=AdnqrjDN_BNjSSHWO-GbkIWH6fkGMLw4bqvL_NH6e2wMveX7G-rP2dAqsDSq1mJMOaY&_nc_zt=24&_nc_ht=scontent-gig4-1.xx&_nc_gid=AoBFJeGrT1hVaew_6rchkQ&oh=00_AfX7QmFGhQhG2jAllVgXCiM1ZrWgvtp80-Bfppyexh1QEg&oe=689E923C","@id":"https:\/\/anoticiaonline.com.br\/site\/#articleImage"},"datePublished":"2018-09-13T20:26:52-03:00","dateModified":"2018-09-13T20:26:52-03:00","inLanguage":"pt-BR","mainEntityOfPage":{"@id":"https:\/\/anoticiaonline.com.br\/site\/um-atentado-a-democracia\/#webpage"},"isPartOf":{"@id":"https:\/\/anoticiaonline.com.br\/site\/um-atentado-a-democracia\/#webpage"},"articleSection":"Logos - Adellunar Marge"},{"@type":"BreadcrumbList","@id":"https:\/\/anoticiaonline.com.br\/site\/um-atentado-a-democracia\/#breadcrumblist","itemListElement":[{"@type":"ListItem","@id":"https:\/\/anoticiaonline.com.br\/site#listItem","position":1,"name":"Home","item":"https:\/\/anoticiaonline.com.br\/site","nextItem":{"@type":"ListItem","@id":"https:\/\/anoticiaonline.com.br\/site\/categoria\/colunistas\/#listItem","name":"Colunistas"}},{"@type":"ListItem","@id":"https:\/\/anoticiaonline.com.br\/site\/categoria\/colunistas\/#listItem","position":2,"name":"Colunistas","item":"https:\/\/anoticiaonline.com.br\/site\/categoria\/colunistas\/","nextItem":{"@type":"ListItem","@id":"https:\/\/anoticiaonline.com.br\/site\/categoria\/colunistas\/logos-adellunar-marge\/#listItem","name":"Logos - Adellunar Marge"},"previousItem":{"@type":"ListItem","@id":"https:\/\/anoticiaonline.com.br\/site#listItem","name":"Home"}},{"@type":"ListItem","@id":"https:\/\/anoticiaonline.com.br\/site\/categoria\/colunistas\/logos-adellunar-marge\/#listItem","position":3,"name":"Logos - Adellunar Marge","item":"https:\/\/anoticiaonline.com.br\/site\/categoria\/colunistas\/logos-adellunar-marge\/","nextItem":{"@type":"ListItem","@id":"https:\/\/anoticiaonline.com.br\/site\/um-atentado-a-democracia\/#listItem","name":"UM ATENTADO \u00c0 DEMOCRACIA"},"previousItem":{"@type":"ListItem","@id":"https:\/\/anoticiaonline.com.br\/site\/categoria\/colunistas\/#listItem","name":"Colunistas"}},{"@type":"ListItem","@id":"https:\/\/anoticiaonline.com.br\/site\/um-atentado-a-democracia\/#listItem","position":4,"name":"UM ATENTADO \u00c0 DEMOCRACIA","previousItem":{"@type":"ListItem","@id":"https:\/\/anoticiaonline.com.br\/site\/categoria\/colunistas\/logos-adellunar-marge\/#listItem","name":"Logos - Adellunar Marge"}}]},{"@type":"Organization","@id":"https:\/\/anoticiaonline.com.br\/site\/#organization","name":"A Not\u00edcia Online","description":"Noticias de Muria\u00e9 e regi\u00e3o","url":"https:\/\/anoticiaonline.com.br\/site\/","logo":{"@type":"ImageObject","url":"https:\/\/scontent-gig4-1.xx.fbcdn.net\/v\/t39.30808-1\/270437624_4564083193639691_6907940295614233970_n.jpg?stp=dst-jpg_s200x200_tt6&_nc_cat=111&ccb=1-7&_nc_sid=f907e8&_nc_ohc=SM1wRlP3lJwQ7kNvwEPuBYA&_nc_oc=AdnqrjDN_BNjSSHWO-GbkIWH6fkGMLw4bqvL_NH6e2wMveX7G-rP2dAqsDSq1mJMOaY&_nc_zt=24&_nc_ht=scontent-gig4-1.xx&_nc_gid=AoBFJeGrT1hVaew_6rchkQ&oh=00_AfX7QmFGhQhG2jAllVgXCiM1ZrWgvtp80-Bfppyexh1QEg&oe=689E923C","@id":"https:\/\/anoticiaonline.com.br\/site\/um-atentado-a-democracia\/#organizationLogo"},"image":{"@id":"https:\/\/anoticiaonline.com.br\/site\/um-atentado-a-democracia\/#organizationLogo"}},{"@type":"Person","@id":"https:\/\/anoticiaonline.com.br\/site\/author\/juliana\/#author","url":"https:\/\/anoticiaonline.com.br\/site\/author\/juliana\/","name":"Juliana Laviola","image":{"@type":"ImageObject","@id":"https:\/\/anoticiaonline.com.br\/site\/um-atentado-a-democracia\/#authorImage","url":"https:\/\/secure.gravatar.com\/avatar\/b8d45f5c699b100dfaf0e543582f38f38bf94cb7ae3a5e9abf8d891a34773335?s=96&d=mm&r=g","width":96,"height":96,"caption":"Juliana Laviola"}},{"@type":"WebPage","@id":"https:\/\/anoticiaonline.com.br\/site\/um-atentado-a-democracia\/#webpage","url":"https:\/\/anoticiaonline.com.br\/site\/um-atentado-a-democracia\/","name":"UM ATENTADO \u00c0 DEMOCRACIA - A Not\u00edcia Online","description":"Adellunar Marge Muito mais do que um atentado ao candidato Bolsonaro, o lament\u00e1vel epis\u00f3dio da facada foi um atentado \u00e0 Democracia e ao Estado de Direito em que vivemos. As investiga\u00e7\u00f5es est\u00e3o em andamento para se apurar se foi um ato solit\u00e1rio ou um ato orquestrado e \u00e9 necess\u00e1rio que se apure, pois paira sobre","inLanguage":"pt-BR","isPartOf":{"@id":"https:\/\/anoticiaonline.com.br\/site\/#website"},"breadcrumb":{"@id":"https:\/\/anoticiaonline.com.br\/site\/um-atentado-a-democracia\/#breadcrumblist"},"author":{"@id":"https:\/\/anoticiaonline.com.br\/site\/author\/juliana\/#author"},"creator":{"@id":"https:\/\/anoticiaonline.com.br\/site\/author\/juliana\/#author"},"datePublished":"2018-09-13T20:26:52-03:00","dateModified":"2018-09-13T20:26:52-03:00"},{"@type":"WebSite","@id":"https:\/\/anoticiaonline.com.br\/site\/#website","url":"https:\/\/anoticiaonline.com.br\/site\/","name":"A Not\u00edcia Online","description":"Noticias de Muria\u00e9 e regi\u00e3o","inLanguage":"pt-BR","publisher":{"@id":"https:\/\/anoticiaonline.com.br\/site\/#organization"}}]},"og:locale":"pt_BR","og:site_name":"A Not\u00edcia Online - Noticias de Muria\u00e9 e regi\u00e3o","og:type":"article","og:title":"UM ATENTADO \u00c0 DEMOCRACIA - A Not\u00edcia Online","og:description":"Adellunar Marge Muito mais do que um atentado ao candidato Bolsonaro, o lament\u00e1vel epis\u00f3dio da facada foi um atentado \u00e0 Democracia e ao Estado de Direito em que vivemos. As investiga\u00e7\u00f5es est\u00e3o em andamento para se apurar se foi um ato solit\u00e1rio ou um ato orquestrado e \u00e9 necess\u00e1rio que se apure, pois paira sobre","og:url":"https:\/\/anoticiaonline.com.br\/site\/um-atentado-a-democracia\/","og:image":"https:\/\/scontent-gig4-1.xx.fbcdn.net\/v\/t39.30808-1\/270437624_4564083193639691_6907940295614233970_n.jpg?stp=dst-jpg_s200x200_tt6&#038;_nc_cat=111&#038;ccb=1-7&#038;_nc_sid=f907e8&#038;_nc_ohc=SM1wRlP3lJwQ7kNvwEPuBYA&#038;_nc_oc=AdnqrjDN_BNjSSHWO-GbkIWH6fkGMLw4bqvL_NH6e2wMveX7G-rP2dAqsDSq1mJMOaY&#038;_nc_zt=24&#038;_nc_ht=scontent-gig4-1.xx&#038;_nc_gid=AoBFJeGrT1hVaew_6rchkQ&#038;oh=00_AfX7QmFGhQhG2jAllVgXCiM1ZrWgvtp80-Bfppyexh1QEg&#038;oe=689E923C","og:image:secure_url":"https:\/\/scontent-gig4-1.xx.fbcdn.net\/v\/t39.30808-1\/270437624_4564083193639691_6907940295614233970_n.jpg?stp=dst-jpg_s200x200_tt6&#038;_nc_cat=111&#038;ccb=1-7&#038;_nc_sid=f907e8&#038;_nc_ohc=SM1wRlP3lJwQ7kNvwEPuBYA&#038;_nc_oc=AdnqrjDN_BNjSSHWO-GbkIWH6fkGMLw4bqvL_NH6e2wMveX7G-rP2dAqsDSq1mJMOaY&#038;_nc_zt=24&#038;_nc_ht=scontent-gig4-1.xx&#038;_nc_gid=AoBFJeGrT1hVaew_6rchkQ&#038;oh=00_AfX7QmFGhQhG2jAllVgXCiM1ZrWgvtp80-Bfppyexh1QEg&#038;oe=689E923C","article:published_time":"2018-09-13T23:26:52+00:00","article:modified_time":"2018-09-13T23:26:52+00:00","twitter:card":"summary_large_image","twitter:title":"UM ATENTADO \u00c0 DEMOCRACIA - A Not\u00edcia Online","twitter:description":"Adellunar Marge Muito mais do que um atentado ao candidato Bolsonaro, o lament\u00e1vel epis\u00f3dio da facada foi um atentado \u00e0 Democracia e ao Estado de Direito em que vivemos. As investiga\u00e7\u00f5es est\u00e3o em andamento para se apurar se foi um ato solit\u00e1rio ou um ato orquestrado e \u00e9 necess\u00e1rio que se apure, pois paira sobre","twitter:image":"https:\/\/scontent-gig4-1.xx.fbcdn.net\/v\/t39.30808-1\/270437624_4564083193639691_6907940295614233970_n.jpg?stp=dst-jpg_s200x200_tt6&_nc_cat=111&ccb=1-7&_nc_sid=f907e8&_nc_ohc=SM1wRlP3lJwQ7kNvwEPuBYA&_nc_oc=AdnqrjDN_BNjSSHWO-GbkIWH6fkGMLw4bqvL_NH6e2wMveX7G-rP2dAqsDSq1mJMOaY&_nc_zt=24&_nc_ht=scontent-gig4-1.xx&_nc_gid=AoBFJeGrT1hVaew_6rchkQ&oh=00_AfX7QmFGhQhG2jAllVgXCiM1ZrWgvtp80-Bfppyexh1QEg&oe=689E923C"},"aioseo_meta_data":{"post_id":"61520","title":null,"description":null,"keywords":null,"keyphrases":null,"primary_term":null,"canonical_url":null,"og_title":null,"og_description":null,"og_object_type":"default","og_image_type":"default","og_image_url":null,"og_image_width":null,"og_image_height":null,"og_image_custom_url":null,"og_image_custom_fields":null,"og_video":null,"og_custom_url":null,"og_article_section":null,"og_article_tags":null,"twitter_use_og":false,"twitter_card":"default","twitter_image_type":"default","twitter_image_url":null,"twitter_image_custom_url":null,"twitter_image_custom_fields":null,"twitter_title":null,"twitter_description":null,"schema":{"blockGraphs":[],"customGraphs":[],"default":{"data":{"Article":[],"Course":[],"Dataset":[],"FAQPage":[],"Movie":[],"Person":[],"Product":[],"ProductReview":[],"Car":[],"Recipe":[],"Service":[],"SoftwareApplication":[],"WebPage":[]},"graphName":"","isEnabled":true},"graphs":[]},"schema_type":"default","schema_type_options":null,"pillar_content":false,"robots_default":true,"robots_noindex":false,"robots_noarchive":false,"robots_nosnippet":false,"robots_nofollow":false,"robots_noimageindex":false,"robots_noodp":false,"robots_notranslate":false,"robots_max_snippet":null,"robots_max_videopreview":null,"robots_max_imagepreview":"large","priority":null,"frequency":null,"local_seo":null,"breadcrumb_settings":null,"limit_modified_date":false,"ai":null,"created":"2025-08-16 21:36:40","updated":"2025-08-16 21:36:40","focus_keyword":null,"additional_keywords":null,"truseo_locale":null,"seo_analyzer_scan_date":null},"aioseo_breadcrumb":"<div class=\"aioseo-breadcrumbs\"><span class=\"aioseo-breadcrumb\">\n\t\t\t<a href=\"https:\/\/anoticiaonline.com.br\/site\" title=\"Home\">Home<\/a>\n\t\t<\/span><span class=\"aioseo-breadcrumb-separator\">&raquo;<\/span><span class=\"aioseo-breadcrumb\">\n\t\t\t<a href=\"https:\/\/anoticiaonline.com.br\/site\/categoria\/colunistas\/\" title=\"Colunistas\">Colunistas<\/a>\n\t\t<\/span><span class=\"aioseo-breadcrumb-separator\">&raquo;<\/span><span class=\"aioseo-breadcrumb\">\n\t\t\t<a href=\"https:\/\/anoticiaonline.com.br\/site\/categoria\/colunistas\/logos-adellunar-marge\/\" title=\"Logos - Adellunar Marge\">Logos - Adellunar Marge<\/a>\n\t\t<\/span><span class=\"aioseo-breadcrumb-separator\">&raquo;<\/span><span class=\"aioseo-breadcrumb\">\n\t\t\tUM ATENTADO \u00c0 DEMOCRACIA\n\t\t<\/span><\/div>","aioseo_breadcrumb_json":[{"label":"Home","link":"https:\/\/anoticiaonline.com.br\/site"},{"label":"Colunistas","link":"https:\/\/anoticiaonline.com.br\/site\/categoria\/colunistas\/"},{"label":"Logos - Adellunar Marge","link":"https:\/\/anoticiaonline.com.br\/site\/categoria\/colunistas\/logos-adellunar-marge\/"},{"label":"UM ATENTADO \u00c0 DEMOCRACIA","link":"https:\/\/anoticiaonline.com.br\/site\/um-atentado-a-democracia\/"}],"views":144,"_links":{"self":[{"href":"https:\/\/anoticiaonline.com.br\/site\/wp-json\/wp\/v2\/posts\/61520","targetHints":{"allow":["GET"]}}],"collection":[{"href":"https:\/\/anoticiaonline.com.br\/site\/wp-json\/wp\/v2\/posts"}],"about":[{"href":"https:\/\/anoticiaonline.com.br\/site\/wp-json\/wp\/v2\/types\/post"}],"author":[{"embeddable":true,"href":"https:\/\/anoticiaonline.com.br\/site\/wp-json\/wp\/v2\/users\/2"}],"replies":[{"embeddable":true,"href":"https:\/\/anoticiaonline.com.br\/site\/wp-json\/wp\/v2\/comments?post=61520"}],"version-history":[{"count":0,"href":"https:\/\/anoticiaonline.com.br\/site\/wp-json\/wp\/v2\/posts\/61520\/revisions"}],"wp:attachment":[{"href":"https:\/\/anoticiaonline.com.br\/site\/wp-json\/wp\/v2\/media?parent=61520"}],"wp:term":[{"taxonomy":"category","embeddable":true,"href":"https:\/\/anoticiaonline.com.br\/site\/wp-json\/wp\/v2\/categories?post=61520"},{"taxonomy":"post_tag","embeddable":true,"href":"https:\/\/anoticiaonline.com.br\/site\/wp-json\/wp\/v2\/tags?post=61520"}],"curies":[{"name":"wp","href":"https:\/\/api.w.org\/{rel}","templated":true}]}}