{"id":61417,"date":"2018-09-10T11:17:20","date_gmt":"2018-09-10T14:17:20","guid":{"rendered":"http:\/\/anoticiaonline.com.br\/site\/?p=61417"},"modified":"2018-09-13T20:10:12","modified_gmt":"2018-09-13T23:10:12","slug":"nao-perca-a-oportunidade-de-ver-a-ferrari-de-sebastian-vettel-em-muriae","status":"publish","type":"post","link":"https:\/\/anoticiaonline.com.br\/site\/nao-perca-a-oportunidade-de-ver-a-ferrari-de-sebastian-vettel-em-muriae\/","title":{"rendered":"Ferrari de Sebastian Vettel em Muria\u00e9"},"content":{"rendered":"<p><a href=\"https:\/\/anoticiaonline.com.br\/site\/wp-content\/uploads\/2018\/09\/DSC_0998.jpg\"><img fetchpriority=\"high\" decoding=\"async\" class=\"aligncenter size-full wp-image-61418\" src=\"https:\/\/anoticiaonline.com.br\/site\/wp-content\/uploads\/2018\/09\/DSC_0998.jpg\" alt=\"\" width=\"1000\" height=\"667\" srcset=\"https:\/\/anoticiaonline.com.br\/site\/wp-content\/uploads\/2018\/09\/DSC_0998.jpg 1000w, https:\/\/anoticiaonline.com.br\/site\/wp-content\/uploads\/2018\/09\/DSC_0998-300x200.jpg 300w, https:\/\/anoticiaonline.com.br\/site\/wp-content\/uploads\/2018\/09\/DSC_0998-768x512.jpg 768w\" sizes=\"(max-width: 1000px) 100vw, 1000px\" \/><\/a>N\u00e3o deixe de conferir a presen\u00e7a da Ferrari SF16H, de 2016, do piloto alem\u00e3o, Sebastian Vettel, que est\u00e1, no rec\u00e9m-inaugurado, Posto Inconfid\u00eancia, at\u00e9 o final desta segunda-feira (10). O carro da F\u00f3rmula 1 est\u00e1 localizado no p\u00e1tio do posto, na BR-356, pr\u00f3ximo ao Est\u00e1dio do Nacional.<\/p>\n<p>A a\u00e7\u00e3o \u00e9 resultado da parceria de sucesso da petrol\u00edfera Shell com a equipe de automobilismo italiana mais antiga em atividade. No Posto Inconfid\u00eancia, os clientes, amigos e visitantes poder\u00e3o tirar fotos ao lado da m\u00e1quina e ver, pessoalmente, um dos carros mais r\u00e1pidos do mundo.<\/p>\n<p><a href=\"https:\/\/anoticiaonline.com.br\/site\/wp-content\/uploads\/2018\/09\/DSC_0036.jpg\"><img decoding=\"async\" class=\"aligncenter size-full wp-image-61419\" src=\"https:\/\/anoticiaonline.com.br\/site\/wp-content\/uploads\/2018\/09\/DSC_0036.jpg\" alt=\"\" width=\"1000\" height=\"667\" srcset=\"https:\/\/anoticiaonline.com.br\/site\/wp-content\/uploads\/2018\/09\/DSC_0036.jpg 1000w, https:\/\/anoticiaonline.com.br\/site\/wp-content\/uploads\/2018\/09\/DSC_0036-300x200.jpg 300w, https:\/\/anoticiaonline.com.br\/site\/wp-content\/uploads\/2018\/09\/DSC_0036-768x512.jpg 768w\" sizes=\"(max-width: 1000px) 100vw, 1000px\" \/><\/a>De acordo com Fernando Amorim, representante da Shell na regi\u00e3o, esta \u00e9 a segunda visita da Ferrari \u00e0 cidade, depois de um per\u00edodo de oitos anos. \u201cO carro \u00e9 um atrativo da companhia, no qual as pessoas poder\u00e3o interagir. Um dos nossos produtos, que \u00e9 a Shell V-Power, nossa gasolina aditivada, foi testada e desenvolvida em parceria com a Ferrari. Dessa maneira, antes deste produto chegar aos consumidores, uma s\u00e9rie de testes, num per\u00edodo de cinco anos, foram realizados dentro da escuderia\u201d, conta.<\/p>\n<div id='gallery-1' class='gallery galleryid-61417 gallery-columns-1 gallery-size-full'><figure class='gallery-item'>\n\t\t\t<div class='gallery-icon landscape'>\n\t\t\t\t<a href='https:\/\/anoticiaonline.com.br\/site\/wp-content\/uploads\/2018\/09\/DSC_0003.jpg'><img decoding=\"async\" width=\"1000\" height=\"667\" src=\"https:\/\/anoticiaonline.com.br\/site\/wp-content\/uploads\/2018\/09\/DSC_0003.jpg\" class=\"attachment-full size-full\" alt=\"\" srcset=\"https:\/\/anoticiaonline.com.br\/site\/wp-content\/uploads\/2018\/09\/DSC_0003.jpg 1000w, https:\/\/anoticiaonline.com.br\/site\/wp-content\/uploads\/2018\/09\/DSC_0003-300x200.jpg 300w, https:\/\/anoticiaonline.com.br\/site\/wp-content\/uploads\/2018\/09\/DSC_0003-768x512.jpg 768w\" sizes=\"(max-width: 1000px) 100vw, 1000px\" \/><\/a>\n\t\t\t<\/div><\/figure><figure class='gallery-item'>\n\t\t\t<div class='gallery-icon landscape'>\n\t\t\t\t<a href='https:\/\/anoticiaonline.com.br\/site\/wp-content\/uploads\/2018\/09\/DSC_0013.jpg'><img loading=\"lazy\" decoding=\"async\" width=\"1000\" height=\"667\" src=\"https:\/\/anoticiaonline.com.br\/site\/wp-content\/uploads\/2018\/09\/DSC_0013.jpg\" class=\"attachment-full size-full\" alt=\"\" srcset=\"https:\/\/anoticiaonline.com.br\/site\/wp-content\/uploads\/2018\/09\/DSC_0013.jpg 1000w, https:\/\/anoticiaonline.com.br\/site\/wp-content\/uploads\/2018\/09\/DSC_0013-300x200.jpg 300w, https:\/\/anoticiaonline.com.br\/site\/wp-content\/uploads\/2018\/09\/DSC_0013-768x512.jpg 768w\" sizes=\"(max-width: 1000px) 100vw, 1000px\" \/><\/a>\n\t\t\t<\/div><\/figure><figure class='gallery-item'>\n\t\t\t<div class='gallery-icon landscape'>\n\t\t\t\t<a href='https:\/\/anoticiaonline.com.br\/site\/wp-content\/uploads\/2018\/09\/DSC_0017.jpg'><img loading=\"lazy\" decoding=\"async\" width=\"1000\" height=\"667\" src=\"https:\/\/anoticiaonline.com.br\/site\/wp-content\/uploads\/2018\/09\/DSC_0017.jpg\" class=\"attachment-full size-full\" alt=\"\" srcset=\"https:\/\/anoticiaonline.com.br\/site\/wp-content\/uploads\/2018\/09\/DSC_0017.jpg 1000w, https:\/\/anoticiaonline.com.br\/site\/wp-content\/uploads\/2018\/09\/DSC_0017-300x200.jpg 300w, https:\/\/anoticiaonline.com.br\/site\/wp-content\/uploads\/2018\/09\/DSC_0017-768x512.jpg 768w\" sizes=\"(max-width: 1000px) 100vw, 1000px\" \/><\/a>\n\t\t\t<\/div><\/figure><figure class='gallery-item'>\n\t\t\t<div class='gallery-icon landscape'>\n\t\t\t\t<a href='https:\/\/anoticiaonline.com.br\/site\/wp-content\/uploads\/2018\/09\/DSC_0021.jpg'><img loading=\"lazy\" decoding=\"async\" width=\"1000\" height=\"667\" src=\"https:\/\/anoticiaonline.com.br\/site\/wp-content\/uploads\/2018\/09\/DSC_0021.jpg\" class=\"attachment-full size-full\" alt=\"\" srcset=\"https:\/\/anoticiaonline.com.br\/site\/wp-content\/uploads\/2018\/09\/DSC_0021.jpg 1000w, https:\/\/anoticiaonline.com.br\/site\/wp-content\/uploads\/2018\/09\/DSC_0021-300x200.jpg 300w, https:\/\/anoticiaonline.com.br\/site\/wp-content\/uploads\/2018\/09\/DSC_0021-768x512.jpg 768w\" sizes=\"(max-width: 1000px) 100vw, 1000px\" \/><\/a>\n\t\t\t<\/div><\/figure><figure class='gallery-item'>\n\t\t\t<div class='gallery-icon landscape'>\n\t\t\t\t<a href='https:\/\/anoticiaonline.com.br\/site\/wp-content\/uploads\/2018\/09\/DSC_0029.jpg'><img loading=\"lazy\" decoding=\"async\" width=\"1000\" height=\"667\" src=\"https:\/\/anoticiaonline.com.br\/site\/wp-content\/uploads\/2018\/09\/DSC_0029.jpg\" class=\"attachment-full size-full\" alt=\"\" srcset=\"https:\/\/anoticiaonline.com.br\/site\/wp-content\/uploads\/2018\/09\/DSC_0029.jpg 1000w, https:\/\/anoticiaonline.com.br\/site\/wp-content\/uploads\/2018\/09\/DSC_0029-300x200.jpg 300w, https:\/\/anoticiaonline.com.br\/site\/wp-content\/uploads\/2018\/09\/DSC_0029-768x512.jpg 768w\" sizes=\"(max-width: 1000px) 100vw, 1000px\" \/><\/a>\n\t\t\t<\/div><\/figure>\n\t\t<\/div>\n\n<p>&nbsp;<\/p>\n","protected":false},"excerpt":{"rendered":"<p>N\u00e3o deixe de conferir a presen\u00e7a da Ferrari SF16H, de 2016, do piloto alem\u00e3o, Sebastian Vettel, que est\u00e1, no rec\u00e9m-inaugurado, Posto Inconfid\u00eancia, at\u00e9 o final desta segunda-feira (10). O carro da F\u00f3rmula 1 est\u00e1 localizado no p\u00e1tio do posto, na BR-356, pr\u00f3ximo ao Est\u00e1dio do Nacional. A a\u00e7\u00e3o \u00e9 resultado da parceria de sucesso da &#8230; <a title=\"Ferrari de Sebastian Vettel em Muria\u00e9\" class=\"read-more\" href=\"https:\/\/anoticiaonline.com.br\/site\/nao-perca-a-oportunidade-de-ver-a-ferrari-de-sebastian-vettel-em-muriae\/\" aria-label=\"Read more about Ferrari de Sebastian Vettel em Muria\u00e9\">Ler mais<\/a><\/p>\n","protected":false},"author":7,"featured_media":61418,"comment_status":"open","ping_status":"open","sticky":false,"template":"","format":"standard","meta":{"_acf_changed":false,"_monsterinsights_skip_tracking":false,"footnotes":""},"categories":[1],"tags":[3068,3069,3070],"class_list":["post-61417","post","type-post","status-publish","format-standard","has-post-thumbnail","hentry","category-gerais","tag-ferrari-sf16h","tag-sebastian-vettel","tag-shell"],"acf":[],"aioseo_notices":[],"aioseo_head":"\n\t\t<!-- All in One SEO 5.0.0.1 - aioseo.com -->\n\t<meta name=\"description\" content=\"N\u00e3o deixe de conferir a presen\u00e7a da Ferrari SF16H, de 2016, do piloto alem\u00e3o, Sebastian Vettel, que est\u00e1, no rec\u00e9m-inaugurado, Posto Inconfid\u00eancia, at\u00e9 o final desta segunda-feira (10). O carro da F\u00f3rmula 1 est\u00e1 localizado no p\u00e1tio do posto, na BR-356, pr\u00f3ximo ao Est\u00e1dio do Nacional. A a\u00e7\u00e3o \u00e9 resultado da parceria de sucesso da\" \/>\n\t<meta name=\"robots\" content=\"max-image-preview:large\" \/>\n\t<meta name=\"author\" content=\"Leandro Bebiano\"\/>\n\t<link rel=\"canonical\" href=\"https:\/\/anoticiaonline.com.br\/site\/nao-perca-a-oportunidade-de-ver-a-ferrari-de-sebastian-vettel-em-muriae\/\" \/>\n\t<meta name=\"generator\" content=\"All in One SEO (AIOSEO) 5.0.0.1\" \/>\n\t\t<meta property=\"og:locale\" content=\"pt_BR\" \/>\n\t\t<meta property=\"og:site_name\" content=\"A Not\u00edcia Online - Noticias de Muria\u00e9 e regi\u00e3o\" \/>\n\t\t<meta property=\"og:type\" content=\"article\" \/>\n\t\t<meta property=\"og:title\" content=\"Ferrari de Sebastian Vettel em Muria\u00e9 - A Not\u00edcia Online\" \/>\n\t\t<meta property=\"og:description\" content=\"N\u00e3o deixe de conferir a presen\u00e7a da Ferrari SF16H, de 2016, do piloto alem\u00e3o, Sebastian Vettel, que est\u00e1, no rec\u00e9m-inaugurado, Posto Inconfid\u00eancia, at\u00e9 o final desta segunda-feira (10). O carro da F\u00f3rmula 1 est\u00e1 localizado no p\u00e1tio do posto, na BR-356, pr\u00f3ximo ao Est\u00e1dio do Nacional. A a\u00e7\u00e3o \u00e9 resultado da parceria de sucesso da\" \/>\n\t\t<meta property=\"og:url\" content=\"https:\/\/anoticiaonline.com.br\/site\/nao-perca-a-oportunidade-de-ver-a-ferrari-de-sebastian-vettel-em-muriae\/\" \/>\n\t\t<meta property=\"og:image\" content=\"https:\/\/scontent-gig4-1.xx.fbcdn.net\/v\/t39.30808-1\/270437624_4564083193639691_6907940295614233970_n.jpg?stp=dst-jpg_s200x200_tt6&#038;_nc_cat=111&#038;ccb=1-7&#038;_nc_sid=f907e8&#038;_nc_ohc=SM1wRlP3lJwQ7kNvwEPuBYA&#038;_nc_oc=AdnqrjDN_BNjSSHWO-GbkIWH6fkGMLw4bqvL_NH6e2wMveX7G-rP2dAqsDSq1mJMOaY&#038;_nc_zt=24&#038;_nc_ht=scontent-gig4-1.xx&#038;_nc_gid=AoBFJeGrT1hVaew_6rchkQ&#038;oh=00_AfX7QmFGhQhG2jAllVgXCiM1ZrWgvtp80-Bfppyexh1QEg&#038;oe=689E923C\" \/>\n\t\t<meta property=\"og:image:secure_url\" content=\"https:\/\/scontent-gig4-1.xx.fbcdn.net\/v\/t39.30808-1\/270437624_4564083193639691_6907940295614233970_n.jpg?stp=dst-jpg_s200x200_tt6&#038;_nc_cat=111&#038;ccb=1-7&#038;_nc_sid=f907e8&#038;_nc_ohc=SM1wRlP3lJwQ7kNvwEPuBYA&#038;_nc_oc=AdnqrjDN_BNjSSHWO-GbkIWH6fkGMLw4bqvL_NH6e2wMveX7G-rP2dAqsDSq1mJMOaY&#038;_nc_zt=24&#038;_nc_ht=scontent-gig4-1.xx&#038;_nc_gid=AoBFJeGrT1hVaew_6rchkQ&#038;oh=00_AfX7QmFGhQhG2jAllVgXCiM1ZrWgvtp80-Bfppyexh1QEg&#038;oe=689E923C\" \/>\n\t\t<meta property=\"article:published_time\" content=\"2018-09-10T14:17:20+00:00\" \/>\n\t\t<meta property=\"article:modified_time\" content=\"2018-09-13T23:10:12+00:00\" \/>\n\t\t<meta name=\"twitter:card\" content=\"summary_large_image\" \/>\n\t\t<meta name=\"twitter:title\" content=\"Ferrari de Sebastian Vettel em Muria\u00e9 - A Not\u00edcia Online\" \/>\n\t\t<meta name=\"twitter:description\" content=\"N\u00e3o deixe de conferir a presen\u00e7a da Ferrari SF16H, de 2016, do piloto alem\u00e3o, Sebastian Vettel, que est\u00e1, no rec\u00e9m-inaugurado, Posto Inconfid\u00eancia, at\u00e9 o final desta segunda-feira (10). O carro da F\u00f3rmula 1 est\u00e1 localizado no p\u00e1tio do posto, na BR-356, pr\u00f3ximo ao Est\u00e1dio do Nacional. A a\u00e7\u00e3o \u00e9 resultado da parceria de sucesso da\" \/>\n\t\t<meta name=\"twitter:image\" content=\"https:\/\/scontent-gig4-1.xx.fbcdn.net\/v\/t39.30808-1\/270437624_4564083193639691_6907940295614233970_n.jpg?stp=dst-jpg_s200x200_tt6&amp;_nc_cat=111&amp;ccb=1-7&amp;_nc_sid=f907e8&amp;_nc_ohc=SM1wRlP3lJwQ7kNvwEPuBYA&amp;_nc_oc=AdnqrjDN_BNjSSHWO-GbkIWH6fkGMLw4bqvL_NH6e2wMveX7G-rP2dAqsDSq1mJMOaY&amp;_nc_zt=24&amp;_nc_ht=scontent-gig4-1.xx&amp;_nc_gid=AoBFJeGrT1hVaew_6rchkQ&amp;oh=00_AfX7QmFGhQhG2jAllVgXCiM1ZrWgvtp80-Bfppyexh1QEg&amp;oe=689E923C\" \/>\n\t\t<script type=\"application\/ld+json\" class=\"aioseo-schema\">\n\t\t\t{\"@context\":\"https:\\\/\\\/schema.org\",\"@graph\":[{\"@type\":\"BlogPosting\",\"@id\":\"https:\\\/\\\/anoticiaonline.com.br\\\/site\\\/nao-perca-a-oportunidade-de-ver-a-ferrari-de-sebastian-vettel-em-muriae\\\/#blogposting\",\"name\":\"Ferrari de Sebastian Vettel em Muria\\u00e9 - A Not\\u00edcia Online\",\"headline\":\"Ferrari de Sebastian Vettel em Muria\\u00e9\",\"author\":{\"@id\":\"https:\\\/\\\/anoticiaonline.com.br\\\/site\\\/author\\\/leandro\\\/#author\"},\"publisher\":{\"@id\":\"https:\\\/\\\/anoticiaonline.com.br\\\/site\\\/#organization\"},\"image\":{\"@type\":\"ImageObject\",\"url\":\"https:\\\/\\\/anoticiaonline.com.br\\\/site\\\/wp-content\\\/uploads\\\/2018\\\/09\\\/DSC_0998.jpg\",\"width\":1000,\"height\":667},\"datePublished\":\"2018-09-10T11:17:20-03:00\",\"dateModified\":\"2018-09-13T20:10:12-03:00\",\"inLanguage\":\"pt-BR\",\"mainEntityOfPage\":{\"@id\":\"https:\\\/\\\/anoticiaonline.com.br\\\/site\\\/nao-perca-a-oportunidade-de-ver-a-ferrari-de-sebastian-vettel-em-muriae\\\/#webpage\"},\"isPartOf\":{\"@id\":\"https:\\\/\\\/anoticiaonline.com.br\\\/site\\\/nao-perca-a-oportunidade-de-ver-a-ferrari-de-sebastian-vettel-em-muriae\\\/#webpage\"},\"articleSection\":\"Gerais, Ferrari SF16H, Sebastian Vettel, Shell\"},{\"@type\":\"BreadcrumbList\",\"@id\":\"https:\\\/\\\/anoticiaonline.com.br\\\/site\\\/nao-perca-a-oportunidade-de-ver-a-ferrari-de-sebastian-vettel-em-muriae\\\/#breadcrumblist\",\"itemListElement\":[{\"@type\":\"ListItem\",\"@id\":\"https:\\\/\\\/anoticiaonline.com.br\\\/site#listItem\",\"position\":1,\"name\":\"Home\",\"item\":\"https:\\\/\\\/anoticiaonline.com.br\\\/site\",\"nextItem\":{\"@type\":\"ListItem\",\"@id\":\"https:\\\/\\\/anoticiaonline.com.br\\\/site\\\/categoria\\\/gerais\\\/#listItem\",\"name\":\"Gerais\"}},{\"@type\":\"ListItem\",\"@id\":\"https:\\\/\\\/anoticiaonline.com.br\\\/site\\\/categoria\\\/gerais\\\/#listItem\",\"position\":2,\"name\":\"Gerais\",\"item\":\"https:\\\/\\\/anoticiaonline.com.br\\\/site\\\/categoria\\\/gerais\\\/\",\"nextItem\":{\"@type\":\"ListItem\",\"@id\":\"https:\\\/\\\/anoticiaonline.com.br\\\/site\\\/nao-perca-a-oportunidade-de-ver-a-ferrari-de-sebastian-vettel-em-muriae\\\/#listItem\",\"name\":\"Ferrari de Sebastian Vettel em Muria\\u00e9\"},\"previousItem\":{\"@type\":\"ListItem\",\"@id\":\"https:\\\/\\\/anoticiaonline.com.br\\\/site#listItem\",\"name\":\"Home\"}},{\"@type\":\"ListItem\",\"@id\":\"https:\\\/\\\/anoticiaonline.com.br\\\/site\\\/nao-perca-a-oportunidade-de-ver-a-ferrari-de-sebastian-vettel-em-muriae\\\/#listItem\",\"position\":3,\"name\":\"Ferrari de Sebastian Vettel em Muria\\u00e9\",\"previousItem\":{\"@type\":\"ListItem\",\"@id\":\"https:\\\/\\\/anoticiaonline.com.br\\\/site\\\/categoria\\\/gerais\\\/#listItem\",\"name\":\"Gerais\"}}]},{\"@type\":\"Organization\",\"@id\":\"https:\\\/\\\/anoticiaonline.com.br\\\/site\\\/#organization\",\"name\":\"A Not\\u00edcia Online\",\"description\":\"Noticias de Muria\\u00e9 e regi\\u00e3o\",\"url\":\"https:\\\/\\\/anoticiaonline.com.br\\\/site\\\/\",\"logo\":{\"@type\":\"ImageObject\",\"url\":\"https:\\\/\\\/scontent-gig4-1.xx.fbcdn.net\\\/v\\\/t39.30808-1\\\/270437624_4564083193639691_6907940295614233970_n.jpg?stp=dst-jpg_s200x200_tt6&_nc_cat=111&ccb=1-7&_nc_sid=f907e8&_nc_ohc=SM1wRlP3lJwQ7kNvwEPuBYA&_nc_oc=AdnqrjDN_BNjSSHWO-GbkIWH6fkGMLw4bqvL_NH6e2wMveX7G-rP2dAqsDSq1mJMOaY&_nc_zt=24&_nc_ht=scontent-gig4-1.xx&_nc_gid=AoBFJeGrT1hVaew_6rchkQ&oh=00_AfX7QmFGhQhG2jAllVgXCiM1ZrWgvtp80-Bfppyexh1QEg&oe=689E923C\",\"@id\":\"https:\\\/\\\/anoticiaonline.com.br\\\/site\\\/nao-perca-a-oportunidade-de-ver-a-ferrari-de-sebastian-vettel-em-muriae\\\/#organizationLogo\"},\"image\":{\"@id\":\"https:\\\/\\\/anoticiaonline.com.br\\\/site\\\/nao-perca-a-oportunidade-de-ver-a-ferrari-de-sebastian-vettel-em-muriae\\\/#organizationLogo\"}},{\"@type\":\"Person\",\"@id\":\"https:\\\/\\\/anoticiaonline.com.br\\\/site\\\/author\\\/leandro\\\/#author\",\"url\":\"https:\\\/\\\/anoticiaonline.com.br\\\/site\\\/author\\\/leandro\\\/\",\"name\":\"Leandro Bebiano\",\"image\":{\"@type\":\"ImageObject\",\"@id\":\"https:\\\/\\\/anoticiaonline.com.br\\\/site\\\/nao-perca-a-oportunidade-de-ver-a-ferrari-de-sebastian-vettel-em-muriae\\\/#authorImage\",\"url\":\"https:\\\/\\\/secure.gravatar.com\\\/avatar\\\/99966a20c143db97c8590c2013307c7c234a4cca48ed5657cbb47e22a400bd5f?s=96&d=mm&r=g\",\"width\":96,\"height\":96,\"caption\":\"Leandro Bebiano\"}},{\"@type\":\"WebPage\",\"@id\":\"https:\\\/\\\/anoticiaonline.com.br\\\/site\\\/nao-perca-a-oportunidade-de-ver-a-ferrari-de-sebastian-vettel-em-muriae\\\/#webpage\",\"url\":\"https:\\\/\\\/anoticiaonline.com.br\\\/site\\\/nao-perca-a-oportunidade-de-ver-a-ferrari-de-sebastian-vettel-em-muriae\\\/\",\"name\":\"Ferrari de Sebastian Vettel em Muria\\u00e9 - A Not\\u00edcia Online\",\"description\":\"N\\u00e3o deixe de conferir a presen\\u00e7a da Ferrari SF16H, de 2016, do piloto alem\\u00e3o, Sebastian Vettel, que est\\u00e1, no rec\\u00e9m-inaugurado, Posto Inconfid\\u00eancia, at\\u00e9 o final desta segunda-feira (10). O carro da F\\u00f3rmula 1 est\\u00e1 localizado no p\\u00e1tio do posto, na BR-356, pr\\u00f3ximo ao Est\\u00e1dio do Nacional. A a\\u00e7\\u00e3o \\u00e9 resultado da parceria de sucesso da\",\"inLanguage\":\"pt-BR\",\"isPartOf\":{\"@id\":\"https:\\\/\\\/anoticiaonline.com.br\\\/site\\\/#website\"},\"breadcrumb\":{\"@id\":\"https:\\\/\\\/anoticiaonline.com.br\\\/site\\\/nao-perca-a-oportunidade-de-ver-a-ferrari-de-sebastian-vettel-em-muriae\\\/#breadcrumblist\"},\"author\":{\"@id\":\"https:\\\/\\\/anoticiaonline.com.br\\\/site\\\/author\\\/leandro\\\/#author\"},\"creator\":{\"@id\":\"https:\\\/\\\/anoticiaonline.com.br\\\/site\\\/author\\\/leandro\\\/#author\"},\"image\":{\"@type\":\"ImageObject\",\"url\":\"https:\\\/\\\/anoticiaonline.com.br\\\/site\\\/wp-content\\\/uploads\\\/2018\\\/09\\\/DSC_0998.jpg\",\"@id\":\"https:\\\/\\\/anoticiaonline.com.br\\\/site\\\/nao-perca-a-oportunidade-de-ver-a-ferrari-de-sebastian-vettel-em-muriae\\\/#mainImage\",\"width\":1000,\"height\":667},\"primaryImageOfPage\":{\"@id\":\"https:\\\/\\\/anoticiaonline.com.br\\\/site\\\/nao-perca-a-oportunidade-de-ver-a-ferrari-de-sebastian-vettel-em-muriae\\\/#mainImage\"},\"datePublished\":\"2018-09-10T11:17:20-03:00\",\"dateModified\":\"2018-09-13T20:10:12-03:00\"},{\"@type\":\"WebSite\",\"@id\":\"https:\\\/\\\/anoticiaonline.com.br\\\/site\\\/#website\",\"url\":\"https:\\\/\\\/anoticiaonline.com.br\\\/site\\\/\",\"name\":\"A Not\\u00edcia Online\",\"description\":\"Noticias de Muria\\u00e9 e regi\\u00e3o\",\"inLanguage\":\"pt-BR\",\"publisher\":{\"@id\":\"https:\\\/\\\/anoticiaonline.com.br\\\/site\\\/#organization\"}}]}\n\t\t<\/script>\n\t\t<!-- All in One SEO -->\n\n","aioseo_head_json":{"title":"Ferrari de Sebastian Vettel em Muria\u00e9 - A Not\u00edcia Online","description":"N\u00e3o deixe de conferir a presen\u00e7a da Ferrari SF16H, de 2016, do piloto alem\u00e3o, Sebastian Vettel, que est\u00e1, no rec\u00e9m-inaugurado, Posto Inconfid\u00eancia, at\u00e9 o final desta segunda-feira (10). O carro da F\u00f3rmula 1 est\u00e1 localizado no p\u00e1tio do posto, na BR-356, pr\u00f3ximo ao Est\u00e1dio do Nacional. A a\u00e7\u00e3o \u00e9 resultado da parceria de sucesso da","canonical_url":"https:\/\/anoticiaonline.com.br\/site\/nao-perca-a-oportunidade-de-ver-a-ferrari-de-sebastian-vettel-em-muriae\/","robots":"max-image-preview:large","keywords":"","webmasterTools":{"miscellaneous":""},"schema":{"@context":"https:\/\/schema.org","@graph":[{"@type":"BlogPosting","@id":"https:\/\/anoticiaonline.com.br\/site\/nao-perca-a-oportunidade-de-ver-a-ferrari-de-sebastian-vettel-em-muriae\/#blogposting","name":"Ferrari de Sebastian Vettel em Muria\u00e9 - A Not\u00edcia Online","headline":"Ferrari de Sebastian Vettel em Muria\u00e9","author":{"@id":"https:\/\/anoticiaonline.com.br\/site\/author\/leandro\/#author"},"publisher":{"@id":"https:\/\/anoticiaonline.com.br\/site\/#organization"},"image":{"@type":"ImageObject","url":"https:\/\/anoticiaonline.com.br\/site\/wp-content\/uploads\/2018\/09\/DSC_0998.jpg","width":1000,"height":667},"datePublished":"2018-09-10T11:17:20-03:00","dateModified":"2018-09-13T20:10:12-03:00","inLanguage":"pt-BR","mainEntityOfPage":{"@id":"https:\/\/anoticiaonline.com.br\/site\/nao-perca-a-oportunidade-de-ver-a-ferrari-de-sebastian-vettel-em-muriae\/#webpage"},"isPartOf":{"@id":"https:\/\/anoticiaonline.com.br\/site\/nao-perca-a-oportunidade-de-ver-a-ferrari-de-sebastian-vettel-em-muriae\/#webpage"},"articleSection":"Gerais, Ferrari SF16H, Sebastian Vettel, Shell"},{"@type":"BreadcrumbList","@id":"https:\/\/anoticiaonline.com.br\/site\/nao-perca-a-oportunidade-de-ver-a-ferrari-de-sebastian-vettel-em-muriae\/#breadcrumblist","itemListElement":[{"@type":"ListItem","@id":"https:\/\/anoticiaonline.com.br\/site#listItem","position":1,"name":"Home","item":"https:\/\/anoticiaonline.com.br\/site","nextItem":{"@type":"ListItem","@id":"https:\/\/anoticiaonline.com.br\/site\/categoria\/gerais\/#listItem","name":"Gerais"}},{"@type":"ListItem","@id":"https:\/\/anoticiaonline.com.br\/site\/categoria\/gerais\/#listItem","position":2,"name":"Gerais","item":"https:\/\/anoticiaonline.com.br\/site\/categoria\/gerais\/","nextItem":{"@type":"ListItem","@id":"https:\/\/anoticiaonline.com.br\/site\/nao-perca-a-oportunidade-de-ver-a-ferrari-de-sebastian-vettel-em-muriae\/#listItem","name":"Ferrari de Sebastian Vettel em Muria\u00e9"},"previousItem":{"@type":"ListItem","@id":"https:\/\/anoticiaonline.com.br\/site#listItem","name":"Home"}},{"@type":"ListItem","@id":"https:\/\/anoticiaonline.com.br\/site\/nao-perca-a-oportunidade-de-ver-a-ferrari-de-sebastian-vettel-em-muriae\/#listItem","position":3,"name":"Ferrari de Sebastian Vettel em Muria\u00e9","previousItem":{"@type":"ListItem","@id":"https:\/\/anoticiaonline.com.br\/site\/categoria\/gerais\/#listItem","name":"Gerais"}}]},{"@type":"Organization","@id":"https:\/\/anoticiaonline.com.br\/site\/#organization","name":"A Not\u00edcia Online","description":"Noticias de Muria\u00e9 e regi\u00e3o","url":"https:\/\/anoticiaonline.com.br\/site\/","logo":{"@type":"ImageObject","url":"https:\/\/scontent-gig4-1.xx.fbcdn.net\/v\/t39.30808-1\/270437624_4564083193639691_6907940295614233970_n.jpg?stp=dst-jpg_s200x200_tt6&_nc_cat=111&ccb=1-7&_nc_sid=f907e8&_nc_ohc=SM1wRlP3lJwQ7kNvwEPuBYA&_nc_oc=AdnqrjDN_BNjSSHWO-GbkIWH6fkGMLw4bqvL_NH6e2wMveX7G-rP2dAqsDSq1mJMOaY&_nc_zt=24&_nc_ht=scontent-gig4-1.xx&_nc_gid=AoBFJeGrT1hVaew_6rchkQ&oh=00_AfX7QmFGhQhG2jAllVgXCiM1ZrWgvtp80-Bfppyexh1QEg&oe=689E923C","@id":"https:\/\/anoticiaonline.com.br\/site\/nao-perca-a-oportunidade-de-ver-a-ferrari-de-sebastian-vettel-em-muriae\/#organizationLogo"},"image":{"@id":"https:\/\/anoticiaonline.com.br\/site\/nao-perca-a-oportunidade-de-ver-a-ferrari-de-sebastian-vettel-em-muriae\/#organizationLogo"}},{"@type":"Person","@id":"https:\/\/anoticiaonline.com.br\/site\/author\/leandro\/#author","url":"https:\/\/anoticiaonline.com.br\/site\/author\/leandro\/","name":"Leandro Bebiano","image":{"@type":"ImageObject","@id":"https:\/\/anoticiaonline.com.br\/site\/nao-perca-a-oportunidade-de-ver-a-ferrari-de-sebastian-vettel-em-muriae\/#authorImage","url":"https:\/\/secure.gravatar.com\/avatar\/99966a20c143db97c8590c2013307c7c234a4cca48ed5657cbb47e22a400bd5f?s=96&d=mm&r=g","width":96,"height":96,"caption":"Leandro Bebiano"}},{"@type":"WebPage","@id":"https:\/\/anoticiaonline.com.br\/site\/nao-perca-a-oportunidade-de-ver-a-ferrari-de-sebastian-vettel-em-muriae\/#webpage","url":"https:\/\/anoticiaonline.com.br\/site\/nao-perca-a-oportunidade-de-ver-a-ferrari-de-sebastian-vettel-em-muriae\/","name":"Ferrari de Sebastian Vettel em Muria\u00e9 - A Not\u00edcia Online","description":"N\u00e3o deixe de conferir a presen\u00e7a da Ferrari SF16H, de 2016, do piloto alem\u00e3o, Sebastian Vettel, que est\u00e1, no rec\u00e9m-inaugurado, Posto Inconfid\u00eancia, at\u00e9 o final desta segunda-feira (10). O carro da F\u00f3rmula 1 est\u00e1 localizado no p\u00e1tio do posto, na BR-356, pr\u00f3ximo ao Est\u00e1dio do Nacional. A a\u00e7\u00e3o \u00e9 resultado da parceria de sucesso da","inLanguage":"pt-BR","isPartOf":{"@id":"https:\/\/anoticiaonline.com.br\/site\/#website"},"breadcrumb":{"@id":"https:\/\/anoticiaonline.com.br\/site\/nao-perca-a-oportunidade-de-ver-a-ferrari-de-sebastian-vettel-em-muriae\/#breadcrumblist"},"author":{"@id":"https:\/\/anoticiaonline.com.br\/site\/author\/leandro\/#author"},"creator":{"@id":"https:\/\/anoticiaonline.com.br\/site\/author\/leandro\/#author"},"image":{"@type":"ImageObject","url":"https:\/\/anoticiaonline.com.br\/site\/wp-content\/uploads\/2018\/09\/DSC_0998.jpg","@id":"https:\/\/anoticiaonline.com.br\/site\/nao-perca-a-oportunidade-de-ver-a-ferrari-de-sebastian-vettel-em-muriae\/#mainImage","width":1000,"height":667},"primaryImageOfPage":{"@id":"https:\/\/anoticiaonline.com.br\/site\/nao-perca-a-oportunidade-de-ver-a-ferrari-de-sebastian-vettel-em-muriae\/#mainImage"},"datePublished":"2018-09-10T11:17:20-03:00","dateModified":"2018-09-13T20:10:12-03:00"},{"@type":"WebSite","@id":"https:\/\/anoticiaonline.com.br\/site\/#website","url":"https:\/\/anoticiaonline.com.br\/site\/","name":"A Not\u00edcia Online","description":"Noticias de Muria\u00e9 e regi\u00e3o","inLanguage":"pt-BR","publisher":{"@id":"https:\/\/anoticiaonline.com.br\/site\/#organization"}}]},"og:locale":"pt_BR","og:site_name":"A Not\u00edcia Online - Noticias de Muria\u00e9 e regi\u00e3o","og:type":"article","og:title":"Ferrari de Sebastian Vettel em Muria\u00e9 - A Not\u00edcia Online","og:description":"N\u00e3o deixe de conferir a presen\u00e7a da Ferrari SF16H, de 2016, do piloto alem\u00e3o, Sebastian Vettel, que est\u00e1, no rec\u00e9m-inaugurado, Posto Inconfid\u00eancia, at\u00e9 o final desta segunda-feira (10). O carro da F\u00f3rmula 1 est\u00e1 localizado no p\u00e1tio do posto, na BR-356, pr\u00f3ximo ao Est\u00e1dio do Nacional. A a\u00e7\u00e3o \u00e9 resultado da parceria de sucesso da","og:url":"https:\/\/anoticiaonline.com.br\/site\/nao-perca-a-oportunidade-de-ver-a-ferrari-de-sebastian-vettel-em-muriae\/","og:image":"https:\/\/scontent-gig4-1.xx.fbcdn.net\/v\/t39.30808-1\/270437624_4564083193639691_6907940295614233970_n.jpg?stp=dst-jpg_s200x200_tt6&#038;_nc_cat=111&#038;ccb=1-7&#038;_nc_sid=f907e8&#038;_nc_ohc=SM1wRlP3lJwQ7kNvwEPuBYA&#038;_nc_oc=AdnqrjDN_BNjSSHWO-GbkIWH6fkGMLw4bqvL_NH6e2wMveX7G-rP2dAqsDSq1mJMOaY&#038;_nc_zt=24&#038;_nc_ht=scontent-gig4-1.xx&#038;_nc_gid=AoBFJeGrT1hVaew_6rchkQ&#038;oh=00_AfX7QmFGhQhG2jAllVgXCiM1ZrWgvtp80-Bfppyexh1QEg&#038;oe=689E923C","og:image:secure_url":"https:\/\/scontent-gig4-1.xx.fbcdn.net\/v\/t39.30808-1\/270437624_4564083193639691_6907940295614233970_n.jpg?stp=dst-jpg_s200x200_tt6&#038;_nc_cat=111&#038;ccb=1-7&#038;_nc_sid=f907e8&#038;_nc_ohc=SM1wRlP3lJwQ7kNvwEPuBYA&#038;_nc_oc=AdnqrjDN_BNjSSHWO-GbkIWH6fkGMLw4bqvL_NH6e2wMveX7G-rP2dAqsDSq1mJMOaY&#038;_nc_zt=24&#038;_nc_ht=scontent-gig4-1.xx&#038;_nc_gid=AoBFJeGrT1hVaew_6rchkQ&#038;oh=00_AfX7QmFGhQhG2jAllVgXCiM1ZrWgvtp80-Bfppyexh1QEg&#038;oe=689E923C","article:published_time":"2018-09-10T14:17:20+00:00","article:modified_time":"2018-09-13T23:10:12+00:00","twitter:card":"summary_large_image","twitter:title":"Ferrari de Sebastian Vettel em Muria\u00e9 - A Not\u00edcia Online","twitter:description":"N\u00e3o deixe de conferir a presen\u00e7a da Ferrari SF16H, de 2016, do piloto alem\u00e3o, Sebastian Vettel, que est\u00e1, no rec\u00e9m-inaugurado, Posto Inconfid\u00eancia, at\u00e9 o final desta segunda-feira (10). O carro da F\u00f3rmula 1 est\u00e1 localizado no p\u00e1tio do posto, na BR-356, pr\u00f3ximo ao Est\u00e1dio do Nacional. A a\u00e7\u00e3o \u00e9 resultado da parceria de sucesso da","twitter:image":"https:\/\/scontent-gig4-1.xx.fbcdn.net\/v\/t39.30808-1\/270437624_4564083193639691_6907940295614233970_n.jpg?stp=dst-jpg_s200x200_tt6&_nc_cat=111&ccb=1-7&_nc_sid=f907e8&_nc_ohc=SM1wRlP3lJwQ7kNvwEPuBYA&_nc_oc=AdnqrjDN_BNjSSHWO-GbkIWH6fkGMLw4bqvL_NH6e2wMveX7G-rP2dAqsDSq1mJMOaY&_nc_zt=24&_nc_ht=scontent-gig4-1.xx&_nc_gid=AoBFJeGrT1hVaew_6rchkQ&oh=00_AfX7QmFGhQhG2jAllVgXCiM1ZrWgvtp80-Bfppyexh1QEg&oe=689E923C"},"aioseo_meta_data":{"post_id":"61417","title":null,"description":null,"keywords":null,"keyphrases":null,"primary_term":null,"canonical_url":null,"og_title":null,"og_description":null,"og_object_type":"default","og_image_type":"default","og_image_url":null,"og_image_width":null,"og_image_height":null,"og_image_custom_url":null,"og_image_custom_fields":null,"og_video":null,"og_custom_url":null,"og_article_section":null,"og_article_tags":null,"twitter_use_og":false,"twitter_card":"default","twitter_image_type":"default","twitter_image_url":null,"twitter_image_custom_url":null,"twitter_image_custom_fields":null,"twitter_title":null,"twitter_description":null,"schema":{"blockGraphs":[],"customGraphs":[],"default":{"data":{"Article":[],"Course":[],"Dataset":[],"FAQPage":[],"Movie":[],"Person":[],"Product":[],"ProductReview":[],"Car":[],"Recipe":[],"Service":[],"SoftwareApplication":[],"WebPage":[]},"graphName":"","isEnabled":true},"graphs":[]},"schema_type":"default","schema_type_options":null,"pillar_content":false,"robots_default":true,"robots_noindex":false,"robots_noarchive":false,"robots_nosnippet":false,"robots_nofollow":false,"robots_noimageindex":false,"robots_noodp":false,"robots_notranslate":false,"robots_max_snippet":null,"robots_max_videopreview":null,"robots_max_imagepreview":"large","priority":null,"frequency":null,"local_seo":null,"breadcrumb_settings":null,"limit_modified_date":false,"ai":null,"created":"2025-08-16 21:36:39","updated":"2025-08-16 21:36:39","focus_keyword":null,"additional_keywords":null,"truseo_locale":null,"seo_analyzer_scan_date":null},"aioseo_breadcrumb":"<div class=\"aioseo-breadcrumbs\"><span class=\"aioseo-breadcrumb\">\n\t\t\t<a href=\"https:\/\/anoticiaonline.com.br\/site\" title=\"Home\">Home<\/a>\n\t\t<\/span><span class=\"aioseo-breadcrumb-separator\">&raquo;<\/span><span class=\"aioseo-breadcrumb\">\n\t\t\t<a href=\"https:\/\/anoticiaonline.com.br\/site\/categoria\/gerais\/\" title=\"Gerais\">Gerais<\/a>\n\t\t<\/span><span class=\"aioseo-breadcrumb-separator\">&raquo;<\/span><span class=\"aioseo-breadcrumb\">\n\t\t\tFerrari de Sebastian Vettel em Muria\u00e9\n\t\t<\/span><\/div>","aioseo_breadcrumb_json":[{"label":"Home","link":"https:\/\/anoticiaonline.com.br\/site"},{"label":"Gerais","link":"https:\/\/anoticiaonline.com.br\/site\/categoria\/gerais\/"},{"label":"Ferrari de Sebastian Vettel em Muria\u00e9","link":"https:\/\/anoticiaonline.com.br\/site\/nao-perca-a-oportunidade-de-ver-a-ferrari-de-sebastian-vettel-em-muriae\/"}],"views":182,"_links":{"self":[{"href":"https:\/\/anoticiaonline.com.br\/site\/wp-json\/wp\/v2\/posts\/61417","targetHints":{"allow":["GET"]}}],"collection":[{"href":"https:\/\/anoticiaonline.com.br\/site\/wp-json\/wp\/v2\/posts"}],"about":[{"href":"https:\/\/anoticiaonline.com.br\/site\/wp-json\/wp\/v2\/types\/post"}],"author":[{"embeddable":true,"href":"https:\/\/anoticiaonline.com.br\/site\/wp-json\/wp\/v2\/users\/7"}],"replies":[{"embeddable":true,"href":"https:\/\/anoticiaonline.com.br\/site\/wp-json\/wp\/v2\/comments?post=61417"}],"version-history":[{"count":0,"href":"https:\/\/anoticiaonline.com.br\/site\/wp-json\/wp\/v2\/posts\/61417\/revisions"}],"wp:featuredmedia":[{"embeddable":true,"href":"https:\/\/anoticiaonline.com.br\/site\/wp-json\/wp\/v2\/media\/61418"}],"wp:attachment":[{"href":"https:\/\/anoticiaonline.com.br\/site\/wp-json\/wp\/v2\/media?parent=61417"}],"wp:term":[{"taxonomy":"category","embeddable":true,"href":"https:\/\/anoticiaonline.com.br\/site\/wp-json\/wp\/v2\/categories?post=61417"},{"taxonomy":"post_tag","embeddable":true,"href":"https:\/\/anoticiaonline.com.br\/site\/wp-json\/wp\/v2\/tags?post=61417"}],"curies":[{"name":"wp","href":"https:\/\/api.w.org\/{rel}","templated":true}]}}