{"id":61260,"date":"2018-09-05T13:22:52","date_gmt":"2018-09-05T16:22:52","guid":{"rendered":"http:\/\/anoticiaonline.com.br\/site\/?p=61260"},"modified":"2018-09-05T13:22:52","modified_gmt":"2018-09-05T16:22:52","slug":"albino-participa-do-mountain-do-em-ushuaia-na-argentina","status":"publish","type":"post","link":"https:\/\/anoticiaonline.com.br\/site\/albino-participa-do-mountain-do-em-ushuaia-na-argentina\/","title":{"rendered":"Albino participa do \u201cMountain Do\u201d em Ushuaia, na Argentina"},"content":{"rendered":"<p><span style=\"line-height: 1.5;\">Depois de enfrentar as varia\u00e7\u00f5es de altitude de 3.400 metros acima do n\u00edvel do mar em Cusco, no Peru, na corrida \u201cVale Sagrado dos Incas\u201d, em maio de 2016; o Deserto do Atacama, no Chile e o \u201cMountain Do Deserto do Sahara\u201d, em novembro de 2017, foi a vez de Albino Pinto da Rocha, de 71 anos, encarar, em agosto, o \u201cMontauin Do\u201d em Ushuaia, cidade argentina, capital da prov\u00edncia da Terra do Fogo, Ant\u00e1rtica e Ilhas do Atl\u00e2ntico Sul, conhecida como \u201cFim do Mundo\u201d, por estar localizada mais pr\u00f3xima da Ant\u00e1rtica do que da capital de seu pa\u00eds, Buenos Aires.<\/span><\/p>\n<p><a href=\"https:\/\/anoticiaonline.com.br\/site\/wp-content\/uploads\/2018\/09\/Albino-participa-do-\u201cMountain-Do\u201d-em-Ushuaia-na-Argentina-2.jpg\"><img fetchpriority=\"high\" decoding=\"async\" class=\"size-full wp-image-61263 aligncenter\" src=\"https:\/\/anoticiaonline.com.br\/site\/wp-content\/uploads\/2018\/09\/Albino-participa-do-\u201cMountain-Do\u201d-em-Ushuaia-na-Argentina-2.jpg\" alt=\"\" width=\"534\" height=\"800\" srcset=\"https:\/\/anoticiaonline.com.br\/site\/wp-content\/uploads\/2018\/09\/Albino-participa-do-\u201cMountain-Do\u201d-em-Ushuaia-na-Argentina-2.jpg 534w, https:\/\/anoticiaonline.com.br\/site\/wp-content\/uploads\/2018\/09\/Albino-participa-do-\u201cMountain-Do\u201d-em-Ushuaia-na-Argentina-2-200x300.jpg 200w\" sizes=\"(max-width: 534px) 100vw, 534px\" \/><\/a> <a href=\"https:\/\/anoticiaonline.com.br\/site\/wp-content\/uploads\/2018\/09\/Albino-participa-do-\u201cMountain-Do\u201d-em-Ushuaia-na-Argentina-1.jpg\"><img decoding=\"async\" class=\"alignnone size-full wp-image-61264\" src=\"https:\/\/anoticiaonline.com.br\/site\/wp-content\/uploads\/2018\/09\/Albino-participa-do-\u201cMountain-Do\u201d-em-Ushuaia-na-Argentina-1.jpg\" alt=\"\" width=\"1000\" height=\"667\" srcset=\"https:\/\/anoticiaonline.com.br\/site\/wp-content\/uploads\/2018\/09\/Albino-participa-do-\u201cMountain-Do\u201d-em-Ushuaia-na-Argentina-1.jpg 1000w, https:\/\/anoticiaonline.com.br\/site\/wp-content\/uploads\/2018\/09\/Albino-participa-do-\u201cMountain-Do\u201d-em-Ushuaia-na-Argentina-1-300x200.jpg 300w, https:\/\/anoticiaonline.com.br\/site\/wp-content\/uploads\/2018\/09\/Albino-participa-do-\u201cMountain-Do\u201d-em-Ushuaia-na-Argentina-1-768x512.jpg 768w\" sizes=\"(max-width: 1000px) 100vw, 1000px\" \/><\/a><\/p>\n<p>Em entrevista, j\u00e1 em Muria\u00e9, onde vive, Albino disse que o maior desafio foi n\u00e3o ter um local frio para treinar. \u201cEnfrentei 50 graus no Deserto do Saara. Por isso, fiquei um pouco receoso de enfrentar o frio de 7 graus negativos em Ushuaia. Para treinar em Muria\u00e9 com uma temperatura mais \u2018amena\u2019, eu me levantava por volta das 3 e meia da manh\u00e3 e utilizava roupas que, ocasionalmente, poderiam ser utilizadas na corrida. Foi uma corrida muito divertida e emocionante, pois foi a primeira vez na vida que vi a neve\u201d, conta com os olhos marejados.<\/p>\n<p>Aposentado, Albino prova, para muitas pessoas, que nunca \u00e9 tarde para realizar seus sonhos. \u201cSempre fui apaixonado por Hist\u00f3ria. Meu sonho \u00e9 conhecer o Egito, suas pir\u00e2mides e esfinges. Fico feliz por ter conhecido locais importantes para a humanidade. Espero poder voltar a correr no Deserto do Sahara ou ent\u00e3o, quem sabe, correr pr\u00f3ximo \u00e0s Muralhas da China\u201d, brinca.<\/p>\n<figure id=\"attachment_61265\" aria-describedby=\"caption-attachment-61265\" style=\"width: 990px\" class=\"wp-caption alignnone\"><a href=\"https:\/\/anoticiaonline.com.br\/site\/wp-content\/uploads\/2018\/09\/Albino-participa-do-\u201cMountain-Do\u201d-em-Ushuaia-na-Argentina-3.jpg\"><img decoding=\"async\" class=\"size-full wp-image-61265\" src=\"https:\/\/anoticiaonline.com.br\/site\/wp-content\/uploads\/2018\/09\/Albino-participa-do-\u201cMountain-Do\u201d-em-Ushuaia-na-Argentina-3.jpg\" alt=\"\" width=\"1000\" height=\"667\" srcset=\"https:\/\/anoticiaonline.com.br\/site\/wp-content\/uploads\/2018\/09\/Albino-participa-do-\u201cMountain-Do\u201d-em-Ushuaia-na-Argentina-3.jpg 1000w, https:\/\/anoticiaonline.com.br\/site\/wp-content\/uploads\/2018\/09\/Albino-participa-do-\u201cMountain-Do\u201d-em-Ushuaia-na-Argentina-3-300x200.jpg 300w, https:\/\/anoticiaonline.com.br\/site\/wp-content\/uploads\/2018\/09\/Albino-participa-do-\u201cMountain-Do\u201d-em-Ushuaia-na-Argentina-3-768x512.jpg 768w\" sizes=\"(max-width: 1000px) 100vw, 1000px\" \/><\/a><figcaption id=\"caption-attachment-61265\" class=\"wp-caption-text\">Albino no \u201cMountain Do Deserto do Sahara\u201d, em novembro de 2017<\/figcaption><\/figure>\n<p>&nbsp;<\/p>\n","protected":false},"excerpt":{"rendered":"<p>Depois de enfrentar as varia\u00e7\u00f5es de altitude de 3.400 metros acima do n\u00edvel do mar em Cusco, no Peru, na corrida \u201cVale Sagrado dos Incas\u201d, em maio de 2016; o Deserto do Atacama, no Chile e o \u201cMountain Do Deserto do Sahara\u201d, em novembro de 2017, foi a vez de Albino Pinto da Rocha, de &#8230; <a title=\"Albino participa do \u201cMountain Do\u201d em Ushuaia, na Argentina\" class=\"read-more\" href=\"https:\/\/anoticiaonline.com.br\/site\/albino-participa-do-mountain-do-em-ushuaia-na-argentina\/\" aria-label=\"Read more about Albino participa do \u201cMountain Do\u201d em Ushuaia, na Argentina\">Ler mais<\/a><\/p>\n","protected":false},"author":2,"featured_media":61264,"comment_status":"open","ping_status":"open","sticky":false,"template":"","format":"standard","meta":{"_acf_changed":false,"_monsterinsights_skip_tracking":false,"footnotes":""},"categories":[29],"tags":[],"class_list":["post-61260","post","type-post","status-publish","format-standard","has-post-thumbnail","hentry","category-esporte"],"acf":[],"aioseo_notices":[],"aioseo_head":"\n\t\t<!-- All in One SEO 5.0.0.1 - aioseo.com -->\n\t<meta name=\"description\" content=\"Depois de enfrentar as varia\u00e7\u00f5es de altitude de 3.400 metros acima do n\u00edvel do mar em Cusco, no Peru, na corrida \u201cVale Sagrado dos Incas\u201d, em maio de 2016; o Deserto do Atacama, no Chile e o \u201cMountain Do Deserto do Sahara\u201d, em novembro de 2017, foi a vez de Albino Pinto da Rocha, de\" \/>\n\t<meta name=\"robots\" content=\"max-image-preview:large\" \/>\n\t<meta name=\"author\" content=\"Juliana Laviola\"\/>\n\t<link rel=\"canonical\" href=\"https:\/\/anoticiaonline.com.br\/site\/albino-participa-do-mountain-do-em-ushuaia-na-argentina\/\" \/>\n\t<meta name=\"generator\" content=\"All in One SEO (AIOSEO) 5.0.0.1\" \/>\n\t\t<meta property=\"og:locale\" content=\"pt_BR\" \/>\n\t\t<meta property=\"og:site_name\" content=\"A Not\u00edcia Online - Noticias de Muria\u00e9 e regi\u00e3o\" \/>\n\t\t<meta property=\"og:type\" content=\"article\" \/>\n\t\t<meta property=\"og:title\" content=\"Albino participa do \u201cMountain Do\u201d em Ushuaia, na Argentina - A Not\u00edcia Online\" \/>\n\t\t<meta property=\"og:description\" content=\"Depois de enfrentar as varia\u00e7\u00f5es de altitude de 3.400 metros acima do n\u00edvel do mar em Cusco, no Peru, na corrida \u201cVale Sagrado dos Incas\u201d, em maio de 2016; o Deserto do Atacama, no Chile e o \u201cMountain Do Deserto do Sahara\u201d, em novembro de 2017, foi a vez de Albino Pinto da Rocha, de\" \/>\n\t\t<meta property=\"og:url\" content=\"https:\/\/anoticiaonline.com.br\/site\/albino-participa-do-mountain-do-em-ushuaia-na-argentina\/\" \/>\n\t\t<meta property=\"og:image\" content=\"https:\/\/scontent-gig4-1.xx.fbcdn.net\/v\/t39.30808-1\/270437624_4564083193639691_6907940295614233970_n.jpg?stp=dst-jpg_s200x200_tt6&#038;_nc_cat=111&#038;ccb=1-7&#038;_nc_sid=f907e8&#038;_nc_ohc=SM1wRlP3lJwQ7kNvwEPuBYA&#038;_nc_oc=AdnqrjDN_BNjSSHWO-GbkIWH6fkGMLw4bqvL_NH6e2wMveX7G-rP2dAqsDSq1mJMOaY&#038;_nc_zt=24&#038;_nc_ht=scontent-gig4-1.xx&#038;_nc_gid=AoBFJeGrT1hVaew_6rchkQ&#038;oh=00_AfX7QmFGhQhG2jAllVgXCiM1ZrWgvtp80-Bfppyexh1QEg&#038;oe=689E923C\" \/>\n\t\t<meta property=\"og:image:secure_url\" content=\"https:\/\/scontent-gig4-1.xx.fbcdn.net\/v\/t39.30808-1\/270437624_4564083193639691_6907940295614233970_n.jpg?stp=dst-jpg_s200x200_tt6&#038;_nc_cat=111&#038;ccb=1-7&#038;_nc_sid=f907e8&#038;_nc_ohc=SM1wRlP3lJwQ7kNvwEPuBYA&#038;_nc_oc=AdnqrjDN_BNjSSHWO-GbkIWH6fkGMLw4bqvL_NH6e2wMveX7G-rP2dAqsDSq1mJMOaY&#038;_nc_zt=24&#038;_nc_ht=scontent-gig4-1.xx&#038;_nc_gid=AoBFJeGrT1hVaew_6rchkQ&#038;oh=00_AfX7QmFGhQhG2jAllVgXCiM1ZrWgvtp80-Bfppyexh1QEg&#038;oe=689E923C\" \/>\n\t\t<meta property=\"article:published_time\" content=\"2018-09-05T16:22:52+00:00\" \/>\n\t\t<meta property=\"article:modified_time\" content=\"2018-09-05T16:22:52+00:00\" \/>\n\t\t<meta name=\"twitter:card\" content=\"summary_large_image\" \/>\n\t\t<meta name=\"twitter:title\" content=\"Albino participa do \u201cMountain Do\u201d em Ushuaia, na Argentina - A Not\u00edcia Online\" \/>\n\t\t<meta name=\"twitter:description\" content=\"Depois de enfrentar as varia\u00e7\u00f5es de altitude de 3.400 metros acima do n\u00edvel do mar em Cusco, no Peru, na corrida \u201cVale Sagrado dos Incas\u201d, em maio de 2016; o Deserto do Atacama, no Chile e o \u201cMountain Do Deserto do Sahara\u201d, em novembro de 2017, foi a vez de Albino Pinto da Rocha, de\" \/>\n\t\t<meta name=\"twitter:image\" content=\"https:\/\/scontent-gig4-1.xx.fbcdn.net\/v\/t39.30808-1\/270437624_4564083193639691_6907940295614233970_n.jpg?stp=dst-jpg_s200x200_tt6&amp;_nc_cat=111&amp;ccb=1-7&amp;_nc_sid=f907e8&amp;_nc_ohc=SM1wRlP3lJwQ7kNvwEPuBYA&amp;_nc_oc=AdnqrjDN_BNjSSHWO-GbkIWH6fkGMLw4bqvL_NH6e2wMveX7G-rP2dAqsDSq1mJMOaY&amp;_nc_zt=24&amp;_nc_ht=scontent-gig4-1.xx&amp;_nc_gid=AoBFJeGrT1hVaew_6rchkQ&amp;oh=00_AfX7QmFGhQhG2jAllVgXCiM1ZrWgvtp80-Bfppyexh1QEg&amp;oe=689E923C\" \/>\n\t\t<script type=\"application\/ld+json\" class=\"aioseo-schema\">\n\t\t\t{\"@context\":\"https:\\\/\\\/schema.org\",\"@graph\":[{\"@type\":\"BlogPosting\",\"@id\":\"https:\\\/\\\/anoticiaonline.com.br\\\/site\\\/albino-participa-do-mountain-do-em-ushuaia-na-argentina\\\/#blogposting\",\"name\":\"Albino participa do \\u201cMountain Do\\u201d em Ushuaia, na Argentina - A Not\\u00edcia Online\",\"headline\":\"Albino participa do \\u201cMountain Do\\u201d em Ushuaia, na Argentina\",\"author\":{\"@id\":\"https:\\\/\\\/anoticiaonline.com.br\\\/site\\\/author\\\/juliana\\\/#author\"},\"publisher\":{\"@id\":\"https:\\\/\\\/anoticiaonline.com.br\\\/site\\\/#organization\"},\"image\":{\"@type\":\"ImageObject\",\"url\":\"https:\\\/\\\/anoticiaonline.com.br\\\/site\\\/wp-content\\\/uploads\\\/2018\\\/09\\\/Albino-participa-do-\\u201cMountain-Do\\u201d-em-Ushuaia-na-Argentina-1.jpg\",\"width\":1000,\"height\":667},\"datePublished\":\"2018-09-05T13:22:52-03:00\",\"dateModified\":\"2018-09-05T13:22:52-03:00\",\"inLanguage\":\"pt-BR\",\"mainEntityOfPage\":{\"@id\":\"https:\\\/\\\/anoticiaonline.com.br\\\/site\\\/albino-participa-do-mountain-do-em-ushuaia-na-argentina\\\/#webpage\"},\"isPartOf\":{\"@id\":\"https:\\\/\\\/anoticiaonline.com.br\\\/site\\\/albino-participa-do-mountain-do-em-ushuaia-na-argentina\\\/#webpage\"},\"articleSection\":\"Esporte\"},{\"@type\":\"BreadcrumbList\",\"@id\":\"https:\\\/\\\/anoticiaonline.com.br\\\/site\\\/albino-participa-do-mountain-do-em-ushuaia-na-argentina\\\/#breadcrumblist\",\"itemListElement\":[{\"@type\":\"ListItem\",\"@id\":\"https:\\\/\\\/anoticiaonline.com.br\\\/site#listItem\",\"position\":1,\"name\":\"Home\",\"item\":\"https:\\\/\\\/anoticiaonline.com.br\\\/site\",\"nextItem\":{\"@type\":\"ListItem\",\"@id\":\"https:\\\/\\\/anoticiaonline.com.br\\\/site\\\/categoria\\\/esporte\\\/#listItem\",\"name\":\"Esporte\"}},{\"@type\":\"ListItem\",\"@id\":\"https:\\\/\\\/anoticiaonline.com.br\\\/site\\\/categoria\\\/esporte\\\/#listItem\",\"position\":2,\"name\":\"Esporte\",\"item\":\"https:\\\/\\\/anoticiaonline.com.br\\\/site\\\/categoria\\\/esporte\\\/\",\"nextItem\":{\"@type\":\"ListItem\",\"@id\":\"https:\\\/\\\/anoticiaonline.com.br\\\/site\\\/albino-participa-do-mountain-do-em-ushuaia-na-argentina\\\/#listItem\",\"name\":\"Albino participa do \\u201cMountain Do\\u201d em Ushuaia, na Argentina\"},\"previousItem\":{\"@type\":\"ListItem\",\"@id\":\"https:\\\/\\\/anoticiaonline.com.br\\\/site#listItem\",\"name\":\"Home\"}},{\"@type\":\"ListItem\",\"@id\":\"https:\\\/\\\/anoticiaonline.com.br\\\/site\\\/albino-participa-do-mountain-do-em-ushuaia-na-argentina\\\/#listItem\",\"position\":3,\"name\":\"Albino participa do \\u201cMountain Do\\u201d em Ushuaia, na Argentina\",\"previousItem\":{\"@type\":\"ListItem\",\"@id\":\"https:\\\/\\\/anoticiaonline.com.br\\\/site\\\/categoria\\\/esporte\\\/#listItem\",\"name\":\"Esporte\"}}]},{\"@type\":\"Organization\",\"@id\":\"https:\\\/\\\/anoticiaonline.com.br\\\/site\\\/#organization\",\"name\":\"A Not\\u00edcia Online\",\"description\":\"Noticias de Muria\\u00e9 e regi\\u00e3o\",\"url\":\"https:\\\/\\\/anoticiaonline.com.br\\\/site\\\/\",\"logo\":{\"@type\":\"ImageObject\",\"url\":\"https:\\\/\\\/scontent-gig4-1.xx.fbcdn.net\\\/v\\\/t39.30808-1\\\/270437624_4564083193639691_6907940295614233970_n.jpg?stp=dst-jpg_s200x200_tt6&_nc_cat=111&ccb=1-7&_nc_sid=f907e8&_nc_ohc=SM1wRlP3lJwQ7kNvwEPuBYA&_nc_oc=AdnqrjDN_BNjSSHWO-GbkIWH6fkGMLw4bqvL_NH6e2wMveX7G-rP2dAqsDSq1mJMOaY&_nc_zt=24&_nc_ht=scontent-gig4-1.xx&_nc_gid=AoBFJeGrT1hVaew_6rchkQ&oh=00_AfX7QmFGhQhG2jAllVgXCiM1ZrWgvtp80-Bfppyexh1QEg&oe=689E923C\",\"@id\":\"https:\\\/\\\/anoticiaonline.com.br\\\/site\\\/albino-participa-do-mountain-do-em-ushuaia-na-argentina\\\/#organizationLogo\"},\"image\":{\"@id\":\"https:\\\/\\\/anoticiaonline.com.br\\\/site\\\/albino-participa-do-mountain-do-em-ushuaia-na-argentina\\\/#organizationLogo\"}},{\"@type\":\"Person\",\"@id\":\"https:\\\/\\\/anoticiaonline.com.br\\\/site\\\/author\\\/juliana\\\/#author\",\"url\":\"https:\\\/\\\/anoticiaonline.com.br\\\/site\\\/author\\\/juliana\\\/\",\"name\":\"Juliana Laviola\",\"image\":{\"@type\":\"ImageObject\",\"@id\":\"https:\\\/\\\/anoticiaonline.com.br\\\/site\\\/albino-participa-do-mountain-do-em-ushuaia-na-argentina\\\/#authorImage\",\"url\":\"https:\\\/\\\/secure.gravatar.com\\\/avatar\\\/b8d45f5c699b100dfaf0e543582f38f38bf94cb7ae3a5e9abf8d891a34773335?s=96&d=mm&r=g\",\"width\":96,\"height\":96,\"caption\":\"Juliana Laviola\"}},{\"@type\":\"WebPage\",\"@id\":\"https:\\\/\\\/anoticiaonline.com.br\\\/site\\\/albino-participa-do-mountain-do-em-ushuaia-na-argentina\\\/#webpage\",\"url\":\"https:\\\/\\\/anoticiaonline.com.br\\\/site\\\/albino-participa-do-mountain-do-em-ushuaia-na-argentina\\\/\",\"name\":\"Albino participa do \\u201cMountain Do\\u201d em Ushuaia, na Argentina - A Not\\u00edcia Online\",\"description\":\"Depois de enfrentar as varia\\u00e7\\u00f5es de altitude de 3.400 metros acima do n\\u00edvel do mar em Cusco, no Peru, na corrida \\u201cVale Sagrado dos Incas\\u201d, em maio de 2016; o Deserto do Atacama, no Chile e o \\u201cMountain Do Deserto do Sahara\\u201d, em novembro de 2017, foi a vez de Albino Pinto da Rocha, de\",\"inLanguage\":\"pt-BR\",\"isPartOf\":{\"@id\":\"https:\\\/\\\/anoticiaonline.com.br\\\/site\\\/#website\"},\"breadcrumb\":{\"@id\":\"https:\\\/\\\/anoticiaonline.com.br\\\/site\\\/albino-participa-do-mountain-do-em-ushuaia-na-argentina\\\/#breadcrumblist\"},\"author\":{\"@id\":\"https:\\\/\\\/anoticiaonline.com.br\\\/site\\\/author\\\/juliana\\\/#author\"},\"creator\":{\"@id\":\"https:\\\/\\\/anoticiaonline.com.br\\\/site\\\/author\\\/juliana\\\/#author\"},\"image\":{\"@type\":\"ImageObject\",\"url\":\"https:\\\/\\\/anoticiaonline.com.br\\\/site\\\/wp-content\\\/uploads\\\/2018\\\/09\\\/Albino-participa-do-\\u201cMountain-Do\\u201d-em-Ushuaia-na-Argentina-1.jpg\",\"@id\":\"https:\\\/\\\/anoticiaonline.com.br\\\/site\\\/albino-participa-do-mountain-do-em-ushuaia-na-argentina\\\/#mainImage\",\"width\":1000,\"height\":667},\"primaryImageOfPage\":{\"@id\":\"https:\\\/\\\/anoticiaonline.com.br\\\/site\\\/albino-participa-do-mountain-do-em-ushuaia-na-argentina\\\/#mainImage\"},\"datePublished\":\"2018-09-05T13:22:52-03:00\",\"dateModified\":\"2018-09-05T13:22:52-03:00\"},{\"@type\":\"WebSite\",\"@id\":\"https:\\\/\\\/anoticiaonline.com.br\\\/site\\\/#website\",\"url\":\"https:\\\/\\\/anoticiaonline.com.br\\\/site\\\/\",\"name\":\"A Not\\u00edcia Online\",\"description\":\"Noticias de Muria\\u00e9 e regi\\u00e3o\",\"inLanguage\":\"pt-BR\",\"publisher\":{\"@id\":\"https:\\\/\\\/anoticiaonline.com.br\\\/site\\\/#organization\"}}]}\n\t\t<\/script>\n\t\t<!-- All in One SEO -->\n\n","aioseo_head_json":{"title":"Albino participa do \u201cMountain Do\u201d em Ushuaia, na Argentina - A Not\u00edcia Online","description":"Depois de enfrentar as varia\u00e7\u00f5es de altitude de 3.400 metros acima do n\u00edvel do mar em Cusco, no Peru, na corrida \u201cVale Sagrado dos Incas\u201d, em maio de 2016; o Deserto do Atacama, no Chile e o \u201cMountain Do Deserto do Sahara\u201d, em novembro de 2017, foi a vez de Albino Pinto da Rocha, de","canonical_url":"https:\/\/anoticiaonline.com.br\/site\/albino-participa-do-mountain-do-em-ushuaia-na-argentina\/","robots":"max-image-preview:large","keywords":"","webmasterTools":{"miscellaneous":""},"schema":{"@context":"https:\/\/schema.org","@graph":[{"@type":"BlogPosting","@id":"https:\/\/anoticiaonline.com.br\/site\/albino-participa-do-mountain-do-em-ushuaia-na-argentina\/#blogposting","name":"Albino participa do \u201cMountain Do\u201d em Ushuaia, na Argentina - A Not\u00edcia Online","headline":"Albino participa do \u201cMountain Do\u201d em Ushuaia, na Argentina","author":{"@id":"https:\/\/anoticiaonline.com.br\/site\/author\/juliana\/#author"},"publisher":{"@id":"https:\/\/anoticiaonline.com.br\/site\/#organization"},"image":{"@type":"ImageObject","url":"https:\/\/anoticiaonline.com.br\/site\/wp-content\/uploads\/2018\/09\/Albino-participa-do-\u201cMountain-Do\u201d-em-Ushuaia-na-Argentina-1.jpg","width":1000,"height":667},"datePublished":"2018-09-05T13:22:52-03:00","dateModified":"2018-09-05T13:22:52-03:00","inLanguage":"pt-BR","mainEntityOfPage":{"@id":"https:\/\/anoticiaonline.com.br\/site\/albino-participa-do-mountain-do-em-ushuaia-na-argentina\/#webpage"},"isPartOf":{"@id":"https:\/\/anoticiaonline.com.br\/site\/albino-participa-do-mountain-do-em-ushuaia-na-argentina\/#webpage"},"articleSection":"Esporte"},{"@type":"BreadcrumbList","@id":"https:\/\/anoticiaonline.com.br\/site\/albino-participa-do-mountain-do-em-ushuaia-na-argentina\/#breadcrumblist","itemListElement":[{"@type":"ListItem","@id":"https:\/\/anoticiaonline.com.br\/site#listItem","position":1,"name":"Home","item":"https:\/\/anoticiaonline.com.br\/site","nextItem":{"@type":"ListItem","@id":"https:\/\/anoticiaonline.com.br\/site\/categoria\/esporte\/#listItem","name":"Esporte"}},{"@type":"ListItem","@id":"https:\/\/anoticiaonline.com.br\/site\/categoria\/esporte\/#listItem","position":2,"name":"Esporte","item":"https:\/\/anoticiaonline.com.br\/site\/categoria\/esporte\/","nextItem":{"@type":"ListItem","@id":"https:\/\/anoticiaonline.com.br\/site\/albino-participa-do-mountain-do-em-ushuaia-na-argentina\/#listItem","name":"Albino participa do \u201cMountain Do\u201d em Ushuaia, na Argentina"},"previousItem":{"@type":"ListItem","@id":"https:\/\/anoticiaonline.com.br\/site#listItem","name":"Home"}},{"@type":"ListItem","@id":"https:\/\/anoticiaonline.com.br\/site\/albino-participa-do-mountain-do-em-ushuaia-na-argentina\/#listItem","position":3,"name":"Albino participa do \u201cMountain Do\u201d em Ushuaia, na Argentina","previousItem":{"@type":"ListItem","@id":"https:\/\/anoticiaonline.com.br\/site\/categoria\/esporte\/#listItem","name":"Esporte"}}]},{"@type":"Organization","@id":"https:\/\/anoticiaonline.com.br\/site\/#organization","name":"A Not\u00edcia Online","description":"Noticias de Muria\u00e9 e regi\u00e3o","url":"https:\/\/anoticiaonline.com.br\/site\/","logo":{"@type":"ImageObject","url":"https:\/\/scontent-gig4-1.xx.fbcdn.net\/v\/t39.30808-1\/270437624_4564083193639691_6907940295614233970_n.jpg?stp=dst-jpg_s200x200_tt6&_nc_cat=111&ccb=1-7&_nc_sid=f907e8&_nc_ohc=SM1wRlP3lJwQ7kNvwEPuBYA&_nc_oc=AdnqrjDN_BNjSSHWO-GbkIWH6fkGMLw4bqvL_NH6e2wMveX7G-rP2dAqsDSq1mJMOaY&_nc_zt=24&_nc_ht=scontent-gig4-1.xx&_nc_gid=AoBFJeGrT1hVaew_6rchkQ&oh=00_AfX7QmFGhQhG2jAllVgXCiM1ZrWgvtp80-Bfppyexh1QEg&oe=689E923C","@id":"https:\/\/anoticiaonline.com.br\/site\/albino-participa-do-mountain-do-em-ushuaia-na-argentina\/#organizationLogo"},"image":{"@id":"https:\/\/anoticiaonline.com.br\/site\/albino-participa-do-mountain-do-em-ushuaia-na-argentina\/#organizationLogo"}},{"@type":"Person","@id":"https:\/\/anoticiaonline.com.br\/site\/author\/juliana\/#author","url":"https:\/\/anoticiaonline.com.br\/site\/author\/juliana\/","name":"Juliana Laviola","image":{"@type":"ImageObject","@id":"https:\/\/anoticiaonline.com.br\/site\/albino-participa-do-mountain-do-em-ushuaia-na-argentina\/#authorImage","url":"https:\/\/secure.gravatar.com\/avatar\/b8d45f5c699b100dfaf0e543582f38f38bf94cb7ae3a5e9abf8d891a34773335?s=96&d=mm&r=g","width":96,"height":96,"caption":"Juliana Laviola"}},{"@type":"WebPage","@id":"https:\/\/anoticiaonline.com.br\/site\/albino-participa-do-mountain-do-em-ushuaia-na-argentina\/#webpage","url":"https:\/\/anoticiaonline.com.br\/site\/albino-participa-do-mountain-do-em-ushuaia-na-argentina\/","name":"Albino participa do \u201cMountain Do\u201d em Ushuaia, na Argentina - A Not\u00edcia Online","description":"Depois de enfrentar as varia\u00e7\u00f5es de altitude de 3.400 metros acima do n\u00edvel do mar em Cusco, no Peru, na corrida \u201cVale Sagrado dos Incas\u201d, em maio de 2016; o Deserto do Atacama, no Chile e o \u201cMountain Do Deserto do Sahara\u201d, em novembro de 2017, foi a vez de Albino Pinto da Rocha, de","inLanguage":"pt-BR","isPartOf":{"@id":"https:\/\/anoticiaonline.com.br\/site\/#website"},"breadcrumb":{"@id":"https:\/\/anoticiaonline.com.br\/site\/albino-participa-do-mountain-do-em-ushuaia-na-argentina\/#breadcrumblist"},"author":{"@id":"https:\/\/anoticiaonline.com.br\/site\/author\/juliana\/#author"},"creator":{"@id":"https:\/\/anoticiaonline.com.br\/site\/author\/juliana\/#author"},"image":{"@type":"ImageObject","url":"https:\/\/anoticiaonline.com.br\/site\/wp-content\/uploads\/2018\/09\/Albino-participa-do-\u201cMountain-Do\u201d-em-Ushuaia-na-Argentina-1.jpg","@id":"https:\/\/anoticiaonline.com.br\/site\/albino-participa-do-mountain-do-em-ushuaia-na-argentina\/#mainImage","width":1000,"height":667},"primaryImageOfPage":{"@id":"https:\/\/anoticiaonline.com.br\/site\/albino-participa-do-mountain-do-em-ushuaia-na-argentina\/#mainImage"},"datePublished":"2018-09-05T13:22:52-03:00","dateModified":"2018-09-05T13:22:52-03:00"},{"@type":"WebSite","@id":"https:\/\/anoticiaonline.com.br\/site\/#website","url":"https:\/\/anoticiaonline.com.br\/site\/","name":"A Not\u00edcia Online","description":"Noticias de Muria\u00e9 e regi\u00e3o","inLanguage":"pt-BR","publisher":{"@id":"https:\/\/anoticiaonline.com.br\/site\/#organization"}}]},"og:locale":"pt_BR","og:site_name":"A Not\u00edcia Online - Noticias de Muria\u00e9 e regi\u00e3o","og:type":"article","og:title":"Albino participa do \u201cMountain Do\u201d em Ushuaia, na Argentina - A Not\u00edcia Online","og:description":"Depois de enfrentar as varia\u00e7\u00f5es de altitude de 3.400 metros acima do n\u00edvel do mar em Cusco, no Peru, na corrida \u201cVale Sagrado dos Incas\u201d, em maio de 2016; o Deserto do Atacama, no Chile e o \u201cMountain Do Deserto do Sahara\u201d, em novembro de 2017, foi a vez de Albino Pinto da Rocha, de","og:url":"https:\/\/anoticiaonline.com.br\/site\/albino-participa-do-mountain-do-em-ushuaia-na-argentina\/","og:image":"https:\/\/scontent-gig4-1.xx.fbcdn.net\/v\/t39.30808-1\/270437624_4564083193639691_6907940295614233970_n.jpg?stp=dst-jpg_s200x200_tt6&#038;_nc_cat=111&#038;ccb=1-7&#038;_nc_sid=f907e8&#038;_nc_ohc=SM1wRlP3lJwQ7kNvwEPuBYA&#038;_nc_oc=AdnqrjDN_BNjSSHWO-GbkIWH6fkGMLw4bqvL_NH6e2wMveX7G-rP2dAqsDSq1mJMOaY&#038;_nc_zt=24&#038;_nc_ht=scontent-gig4-1.xx&#038;_nc_gid=AoBFJeGrT1hVaew_6rchkQ&#038;oh=00_AfX7QmFGhQhG2jAllVgXCiM1ZrWgvtp80-Bfppyexh1QEg&#038;oe=689E923C","og:image:secure_url":"https:\/\/scontent-gig4-1.xx.fbcdn.net\/v\/t39.30808-1\/270437624_4564083193639691_6907940295614233970_n.jpg?stp=dst-jpg_s200x200_tt6&#038;_nc_cat=111&#038;ccb=1-7&#038;_nc_sid=f907e8&#038;_nc_ohc=SM1wRlP3lJwQ7kNvwEPuBYA&#038;_nc_oc=AdnqrjDN_BNjSSHWO-GbkIWH6fkGMLw4bqvL_NH6e2wMveX7G-rP2dAqsDSq1mJMOaY&#038;_nc_zt=24&#038;_nc_ht=scontent-gig4-1.xx&#038;_nc_gid=AoBFJeGrT1hVaew_6rchkQ&#038;oh=00_AfX7QmFGhQhG2jAllVgXCiM1ZrWgvtp80-Bfppyexh1QEg&#038;oe=689E923C","article:published_time":"2018-09-05T16:22:52+00:00","article:modified_time":"2018-09-05T16:22:52+00:00","twitter:card":"summary_large_image","twitter:title":"Albino participa do \u201cMountain Do\u201d em Ushuaia, na Argentina - A Not\u00edcia Online","twitter:description":"Depois de enfrentar as varia\u00e7\u00f5es de altitude de 3.400 metros acima do n\u00edvel do mar em Cusco, no Peru, na corrida \u201cVale Sagrado dos Incas\u201d, em maio de 2016; o Deserto do Atacama, no Chile e o \u201cMountain Do Deserto do Sahara\u201d, em novembro de 2017, foi a vez de Albino Pinto da Rocha, de","twitter:image":"https:\/\/scontent-gig4-1.xx.fbcdn.net\/v\/t39.30808-1\/270437624_4564083193639691_6907940295614233970_n.jpg?stp=dst-jpg_s200x200_tt6&_nc_cat=111&ccb=1-7&_nc_sid=f907e8&_nc_ohc=SM1wRlP3lJwQ7kNvwEPuBYA&_nc_oc=AdnqrjDN_BNjSSHWO-GbkIWH6fkGMLw4bqvL_NH6e2wMveX7G-rP2dAqsDSq1mJMOaY&_nc_zt=24&_nc_ht=scontent-gig4-1.xx&_nc_gid=AoBFJeGrT1hVaew_6rchkQ&oh=00_AfX7QmFGhQhG2jAllVgXCiM1ZrWgvtp80-Bfppyexh1QEg&oe=689E923C"},"aioseo_meta_data":{"post_id":"61260","title":null,"description":null,"keywords":null,"keyphrases":null,"primary_term":null,"canonical_url":null,"og_title":null,"og_description":null,"og_object_type":"default","og_image_type":"default","og_image_url":null,"og_image_width":null,"og_image_height":null,"og_image_custom_url":null,"og_image_custom_fields":null,"og_video":null,"og_custom_url":null,"og_article_section":null,"og_article_tags":null,"twitter_use_og":false,"twitter_card":"default","twitter_image_type":"default","twitter_image_url":null,"twitter_image_custom_url":null,"twitter_image_custom_fields":null,"twitter_title":null,"twitter_description":null,"schema":{"blockGraphs":[],"customGraphs":[],"default":{"data":{"Article":[],"Course":[],"Dataset":[],"FAQPage":[],"Movie":[],"Person":[],"Product":[],"ProductReview":[],"Car":[],"Recipe":[],"Service":[],"SoftwareApplication":[],"WebPage":[]},"graphName":"","isEnabled":true},"graphs":[]},"schema_type":"default","schema_type_options":null,"pillar_content":false,"robots_default":true,"robots_noindex":false,"robots_noarchive":false,"robots_nosnippet":false,"robots_nofollow":false,"robots_noimageindex":false,"robots_noodp":false,"robots_notranslate":false,"robots_max_snippet":null,"robots_max_videopreview":null,"robots_max_imagepreview":"large","priority":null,"frequency":null,"local_seo":null,"breadcrumb_settings":null,"limit_modified_date":false,"ai":null,"created":"2025-08-16 21:35:10","updated":"2025-08-16 21:35:10","focus_keyword":null,"additional_keywords":null,"truseo_locale":null,"seo_analyzer_scan_date":null},"aioseo_breadcrumb":"<div class=\"aioseo-breadcrumbs\"><span class=\"aioseo-breadcrumb\">\n\t\t\t<a href=\"https:\/\/anoticiaonline.com.br\/site\" title=\"Home\">Home<\/a>\n\t\t<\/span><span class=\"aioseo-breadcrumb-separator\">&raquo;<\/span><span class=\"aioseo-breadcrumb\">\n\t\t\t<a href=\"https:\/\/anoticiaonline.com.br\/site\/categoria\/esporte\/\" title=\"Esporte\">Esporte<\/a>\n\t\t<\/span><span class=\"aioseo-breadcrumb-separator\">&raquo;<\/span><span class=\"aioseo-breadcrumb\">\n\t\t\tAlbino participa do \u201cMountain Do\u201d em Ushuaia, na Argentina\n\t\t<\/span><\/div>","aioseo_breadcrumb_json":[{"label":"Home","link":"https:\/\/anoticiaonline.com.br\/site"},{"label":"Esporte","link":"https:\/\/anoticiaonline.com.br\/site\/categoria\/esporte\/"},{"label":"Albino participa do \u201cMountain Do\u201d em Ushuaia, na Argentina","link":"https:\/\/anoticiaonline.com.br\/site\/albino-participa-do-mountain-do-em-ushuaia-na-argentina\/"}],"views":150,"_links":{"self":[{"href":"https:\/\/anoticiaonline.com.br\/site\/wp-json\/wp\/v2\/posts\/61260","targetHints":{"allow":["GET"]}}],"collection":[{"href":"https:\/\/anoticiaonline.com.br\/site\/wp-json\/wp\/v2\/posts"}],"about":[{"href":"https:\/\/anoticiaonline.com.br\/site\/wp-json\/wp\/v2\/types\/post"}],"author":[{"embeddable":true,"href":"https:\/\/anoticiaonline.com.br\/site\/wp-json\/wp\/v2\/users\/2"}],"replies":[{"embeddable":true,"href":"https:\/\/anoticiaonline.com.br\/site\/wp-json\/wp\/v2\/comments?post=61260"}],"version-history":[{"count":0,"href":"https:\/\/anoticiaonline.com.br\/site\/wp-json\/wp\/v2\/posts\/61260\/revisions"}],"wp:featuredmedia":[{"embeddable":true,"href":"https:\/\/anoticiaonline.com.br\/site\/wp-json\/wp\/v2\/media\/61264"}],"wp:attachment":[{"href":"https:\/\/anoticiaonline.com.br\/site\/wp-json\/wp\/v2\/media?parent=61260"}],"wp:term":[{"taxonomy":"category","embeddable":true,"href":"https:\/\/anoticiaonline.com.br\/site\/wp-json\/wp\/v2\/categories?post=61260"},{"taxonomy":"post_tag","embeddable":true,"href":"https:\/\/anoticiaonline.com.br\/site\/wp-json\/wp\/v2\/tags?post=61260"}],"curies":[{"name":"wp","href":"https:\/\/api.w.org\/{rel}","templated":true}]}}