{"id":61244,"date":"2018-09-05T12:52:01","date_gmt":"2018-09-05T15:52:01","guid":{"rendered":"http:\/\/anoticiaonline.com.br\/site\/?p=61244"},"modified":"2018-09-05T12:52:01","modified_gmt":"2018-09-05T15:52:01","slug":"cine-veredas-exibe-megatubarao-e-ana-e-vitoria","status":"publish","type":"post","link":"https:\/\/anoticiaonline.com.br\/site\/cine-veredas-exibe-megatubarao-e-ana-e-vitoria\/","title":{"rendered":"Cine Veredas exibe \u201cMegatubar\u00e3o\u201d e \u201cAna e Vit\u00f3ria\u201d"},"content":{"rendered":"<p><a href=\"https:\/\/anoticiaonline.com.br\/site\/wp-content\/uploads\/2018\/09\/WhatsApp-Image-2018-09-05-at-09.27.30.jpeg\"><img fetchpriority=\"high\" decoding=\"async\" class=\"alignnone size-full wp-image-61245\" src=\"https:\/\/anoticiaonline.com.br\/site\/wp-content\/uploads\/2018\/09\/WhatsApp-Image-2018-09-05-at-09.27.30.jpeg\" alt=\"\" width=\"1000\" height=\"692\" srcset=\"https:\/\/anoticiaonline.com.br\/site\/wp-content\/uploads\/2018\/09\/WhatsApp-Image-2018-09-05-at-09.27.30.jpeg 1000w, https:\/\/anoticiaonline.com.br\/site\/wp-content\/uploads\/2018\/09\/WhatsApp-Image-2018-09-05-at-09.27.30-300x208.jpeg 300w, https:\/\/anoticiaonline.com.br\/site\/wp-content\/uploads\/2018\/09\/WhatsApp-Image-2018-09-05-at-09.27.30-768x531.jpeg 768w\" sizes=\"(max-width: 1000px) 100vw, 1000px\" \/><\/a><\/p>\n<p>O Cine Veredas exibe \u201cMegatubar\u00e3o\u201d e \u201cAna e Vit\u00f3ria\u201d. As vendas antecipadas dos ingressos s\u00e3o realizadas na Veredas Kids, na Pra\u00e7a Jo\u00e3o Pinheiro, 103, de segunda a sexta, das 10h \u00e0s 18h e, aos s\u00e1bados, das 9h \u00e0s 13h. A bilheteria abre sempre 1h antes da primeira sess\u00e3o do dia. Mais informa\u00e7\u00f5es podem ser obtidas pelos telefones 98819-9312 e 98865-6528. Verifique a classifica\u00e7\u00e3o dos filmes.<\/p>\n<p><strong>SINOPSE DE \u201cANA E VIT\u00d3RIA\u201d &#8211;<\/strong> Ana (Ana Caetano) e Vit\u00f3ria (Vit\u00f3ria Falc\u00e3o) j\u00e1 haviam at\u00e9 mesmo estudado juntas, mas apenas se aproximam de fato em uma festa realizada muito longe de sua cidade natal, a pequena Aragua\u00edna, no Tocantins. Ap\u00f3s se apresentar na festa, Ana fica impressionada com a informal cantoria de Vit\u00f3ria, em uma rodinha de viol\u00e3o. Logo surge a ideia de gravarem algo juntas, que rapidamente explode na internet e chama a aten\u00e7\u00e3o do produtor Felipe Simas (Bruce Gomlevsky). A fama repentina as traz de volta ao Rio de Janeiro, para um show transmitido pela internet e a produ\u00e7\u00e3o de seu primeiro CD.<\/p>\n","protected":false},"excerpt":{"rendered":"<p>O Cine Veredas exibe \u201cMegatubar\u00e3o\u201d e \u201cAna e Vit\u00f3ria\u201d. As vendas antecipadas dos ingressos s\u00e3o realizadas na Veredas Kids, na Pra\u00e7a Jo\u00e3o Pinheiro, 103, de segunda a sexta, das 10h \u00e0s 18h e, aos s\u00e1bados, das 9h \u00e0s 13h. A bilheteria abre sempre 1h antes da primeira sess\u00e3o do dia. Mais informa\u00e7\u00f5es podem ser obtidas &#8230; <a title=\"Cine Veredas exibe \u201cMegatubar\u00e3o\u201d e \u201cAna e Vit\u00f3ria\u201d\" class=\"read-more\" href=\"https:\/\/anoticiaonline.com.br\/site\/cine-veredas-exibe-megatubarao-e-ana-e-vitoria\/\" aria-label=\"Read more about Cine Veredas exibe \u201cMegatubar\u00e3o\u201d e \u201cAna e Vit\u00f3ria\u201d\">Ler mais<\/a><\/p>\n","protected":false},"author":2,"featured_media":61245,"comment_status":"open","ping_status":"open","sticky":false,"template":"","format":"standard","meta":{"_acf_changed":false,"_monsterinsights_skip_tracking":false,"footnotes":""},"categories":[2891,37],"tags":[],"class_list":["post-61244","post","type-post","status-publish","format-standard","has-post-thumbnail","hentry","category-diversao-e-cultura","category-filmes"],"acf":[],"aioseo_notices":[],"aioseo_head":"\n\t\t<!-- All in One SEO 5.0.0.1 - aioseo.com -->\n\t<meta name=\"description\" content=\"O Cine Veredas exibe \u201cMegatubar\u00e3o\u201d e \u201cAna e Vit\u00f3ria\u201d. As vendas antecipadas dos ingressos s\u00e3o realizadas na Veredas Kids, na Pra\u00e7a Jo\u00e3o Pinheiro, 103, de segunda a sexta, das 10h \u00e0s 18h e, aos s\u00e1bados, das 9h \u00e0s 13h. A bilheteria abre sempre 1h antes da primeira sess\u00e3o do dia. Mais informa\u00e7\u00f5es podem ser obtidas\" \/>\n\t<meta name=\"robots\" content=\"max-image-preview:large\" \/>\n\t<meta name=\"author\" content=\"Juliana Laviola\"\/>\n\t<link rel=\"canonical\" href=\"https:\/\/anoticiaonline.com.br\/site\/cine-veredas-exibe-megatubarao-e-ana-e-vitoria\/\" \/>\n\t<meta name=\"generator\" content=\"All in One SEO (AIOSEO) 5.0.0.1\" \/>\n\t\t<meta property=\"og:locale\" content=\"pt_BR\" \/>\n\t\t<meta property=\"og:site_name\" content=\"A Not\u00edcia Online - Noticias de Muria\u00e9 e regi\u00e3o\" \/>\n\t\t<meta property=\"og:type\" content=\"article\" \/>\n\t\t<meta property=\"og:title\" content=\"Cine Veredas exibe \u201cMegatubar\u00e3o\u201d e \u201cAna e Vit\u00f3ria\u201d - A Not\u00edcia Online\" \/>\n\t\t<meta property=\"og:description\" content=\"O Cine Veredas exibe \u201cMegatubar\u00e3o\u201d e \u201cAna e Vit\u00f3ria\u201d. As vendas antecipadas dos ingressos s\u00e3o realizadas na Veredas Kids, na Pra\u00e7a Jo\u00e3o Pinheiro, 103, de segunda a sexta, das 10h \u00e0s 18h e, aos s\u00e1bados, das 9h \u00e0s 13h. A bilheteria abre sempre 1h antes da primeira sess\u00e3o do dia. Mais informa\u00e7\u00f5es podem ser obtidas\" \/>\n\t\t<meta property=\"og:url\" content=\"https:\/\/anoticiaonline.com.br\/site\/cine-veredas-exibe-megatubarao-e-ana-e-vitoria\/\" \/>\n\t\t<meta property=\"og:image\" content=\"https:\/\/scontent-gig4-1.xx.fbcdn.net\/v\/t39.30808-1\/270437624_4564083193639691_6907940295614233970_n.jpg?stp=dst-jpg_s200x200_tt6&#038;_nc_cat=111&#038;ccb=1-7&#038;_nc_sid=f907e8&#038;_nc_ohc=SM1wRlP3lJwQ7kNvwEPuBYA&#038;_nc_oc=AdnqrjDN_BNjSSHWO-GbkIWH6fkGMLw4bqvL_NH6e2wMveX7G-rP2dAqsDSq1mJMOaY&#038;_nc_zt=24&#038;_nc_ht=scontent-gig4-1.xx&#038;_nc_gid=AoBFJeGrT1hVaew_6rchkQ&#038;oh=00_AfX7QmFGhQhG2jAllVgXCiM1ZrWgvtp80-Bfppyexh1QEg&#038;oe=689E923C\" \/>\n\t\t<meta property=\"og:image:secure_url\" content=\"https:\/\/scontent-gig4-1.xx.fbcdn.net\/v\/t39.30808-1\/270437624_4564083193639691_6907940295614233970_n.jpg?stp=dst-jpg_s200x200_tt6&#038;_nc_cat=111&#038;ccb=1-7&#038;_nc_sid=f907e8&#038;_nc_ohc=SM1wRlP3lJwQ7kNvwEPuBYA&#038;_nc_oc=AdnqrjDN_BNjSSHWO-GbkIWH6fkGMLw4bqvL_NH6e2wMveX7G-rP2dAqsDSq1mJMOaY&#038;_nc_zt=24&#038;_nc_ht=scontent-gig4-1.xx&#038;_nc_gid=AoBFJeGrT1hVaew_6rchkQ&#038;oh=00_AfX7QmFGhQhG2jAllVgXCiM1ZrWgvtp80-Bfppyexh1QEg&#038;oe=689E923C\" \/>\n\t\t<meta property=\"article:published_time\" content=\"2018-09-05T15:52:01+00:00\" \/>\n\t\t<meta property=\"article:modified_time\" content=\"2018-09-05T15:52:01+00:00\" \/>\n\t\t<meta name=\"twitter:card\" content=\"summary_large_image\" \/>\n\t\t<meta name=\"twitter:title\" content=\"Cine Veredas exibe \u201cMegatubar\u00e3o\u201d e \u201cAna e Vit\u00f3ria\u201d - A Not\u00edcia Online\" \/>\n\t\t<meta name=\"twitter:description\" content=\"O Cine Veredas exibe \u201cMegatubar\u00e3o\u201d e \u201cAna e Vit\u00f3ria\u201d. As vendas antecipadas dos ingressos s\u00e3o realizadas na Veredas Kids, na Pra\u00e7a Jo\u00e3o Pinheiro, 103, de segunda a sexta, das 10h \u00e0s 18h e, aos s\u00e1bados, das 9h \u00e0s 13h. A bilheteria abre sempre 1h antes da primeira sess\u00e3o do dia. Mais informa\u00e7\u00f5es podem ser obtidas\" \/>\n\t\t<meta name=\"twitter:image\" content=\"https:\/\/scontent-gig4-1.xx.fbcdn.net\/v\/t39.30808-1\/270437624_4564083193639691_6907940295614233970_n.jpg?stp=dst-jpg_s200x200_tt6&amp;_nc_cat=111&amp;ccb=1-7&amp;_nc_sid=f907e8&amp;_nc_ohc=SM1wRlP3lJwQ7kNvwEPuBYA&amp;_nc_oc=AdnqrjDN_BNjSSHWO-GbkIWH6fkGMLw4bqvL_NH6e2wMveX7G-rP2dAqsDSq1mJMOaY&amp;_nc_zt=24&amp;_nc_ht=scontent-gig4-1.xx&amp;_nc_gid=AoBFJeGrT1hVaew_6rchkQ&amp;oh=00_AfX7QmFGhQhG2jAllVgXCiM1ZrWgvtp80-Bfppyexh1QEg&amp;oe=689E923C\" \/>\n\t\t<script type=\"application\/ld+json\" class=\"aioseo-schema\">\n\t\t\t{\"@context\":\"https:\\\/\\\/schema.org\",\"@graph\":[{\"@type\":\"BlogPosting\",\"@id\":\"https:\\\/\\\/anoticiaonline.com.br\\\/site\\\/cine-veredas-exibe-megatubarao-e-ana-e-vitoria\\\/#blogposting\",\"name\":\"Cine Veredas exibe \\u201cMegatubar\\u00e3o\\u201d e \\u201cAna e Vit\\u00f3ria\\u201d - A Not\\u00edcia Online\",\"headline\":\"Cine Veredas exibe \\u201cMegatubar\\u00e3o\\u201d e \\u201cAna e Vit\\u00f3ria\\u201d\",\"author\":{\"@id\":\"https:\\\/\\\/anoticiaonline.com.br\\\/site\\\/author\\\/juliana\\\/#author\"},\"publisher\":{\"@id\":\"https:\\\/\\\/anoticiaonline.com.br\\\/site\\\/#organization\"},\"image\":{\"@type\":\"ImageObject\",\"url\":\"https:\\\/\\\/anoticiaonline.com.br\\\/site\\\/wp-content\\\/uploads\\\/2018\\\/09\\\/WhatsApp-Image-2018-09-05-at-09.27.30.jpeg\",\"width\":1000,\"height\":692},\"datePublished\":\"2018-09-05T12:52:01-03:00\",\"dateModified\":\"2018-09-05T12:52:01-03:00\",\"inLanguage\":\"pt-BR\",\"mainEntityOfPage\":{\"@id\":\"https:\\\/\\\/anoticiaonline.com.br\\\/site\\\/cine-veredas-exibe-megatubarao-e-ana-e-vitoria\\\/#webpage\"},\"isPartOf\":{\"@id\":\"https:\\\/\\\/anoticiaonline.com.br\\\/site\\\/cine-veredas-exibe-megatubarao-e-ana-e-vitoria\\\/#webpage\"},\"articleSection\":\"Divers\\u00e3o e Cultura, Filmes\"},{\"@type\":\"BreadcrumbList\",\"@id\":\"https:\\\/\\\/anoticiaonline.com.br\\\/site\\\/cine-veredas-exibe-megatubarao-e-ana-e-vitoria\\\/#breadcrumblist\",\"itemListElement\":[{\"@type\":\"ListItem\",\"@id\":\"https:\\\/\\\/anoticiaonline.com.br\\\/site#listItem\",\"position\":1,\"name\":\"Home\",\"item\":\"https:\\\/\\\/anoticiaonline.com.br\\\/site\",\"nextItem\":{\"@type\":\"ListItem\",\"@id\":\"https:\\\/\\\/anoticiaonline.com.br\\\/site\\\/categoria\\\/colunistas\\\/#listItem\",\"name\":\"Colunistas\"}},{\"@type\":\"ListItem\",\"@id\":\"https:\\\/\\\/anoticiaonline.com.br\\\/site\\\/categoria\\\/colunistas\\\/#listItem\",\"position\":2,\"name\":\"Colunistas\",\"item\":\"https:\\\/\\\/anoticiaonline.com.br\\\/site\\\/categoria\\\/colunistas\\\/\",\"nextItem\":{\"@type\":\"ListItem\",\"@id\":\"https:\\\/\\\/anoticiaonline.com.br\\\/site\\\/categoria\\\/colunistas\\\/filmes\\\/#listItem\",\"name\":\"Filmes\"},\"previousItem\":{\"@type\":\"ListItem\",\"@id\":\"https:\\\/\\\/anoticiaonline.com.br\\\/site#listItem\",\"name\":\"Home\"}},{\"@type\":\"ListItem\",\"@id\":\"https:\\\/\\\/anoticiaonline.com.br\\\/site\\\/categoria\\\/colunistas\\\/filmes\\\/#listItem\",\"position\":3,\"name\":\"Filmes\",\"item\":\"https:\\\/\\\/anoticiaonline.com.br\\\/site\\\/categoria\\\/colunistas\\\/filmes\\\/\",\"nextItem\":{\"@type\":\"ListItem\",\"@id\":\"https:\\\/\\\/anoticiaonline.com.br\\\/site\\\/cine-veredas-exibe-megatubarao-e-ana-e-vitoria\\\/#listItem\",\"name\":\"Cine Veredas exibe \\u201cMegatubar\\u00e3o\\u201d e \\u201cAna e Vit\\u00f3ria\\u201d\"},\"previousItem\":{\"@type\":\"ListItem\",\"@id\":\"https:\\\/\\\/anoticiaonline.com.br\\\/site\\\/categoria\\\/colunistas\\\/#listItem\",\"name\":\"Colunistas\"}},{\"@type\":\"ListItem\",\"@id\":\"https:\\\/\\\/anoticiaonline.com.br\\\/site\\\/cine-veredas-exibe-megatubarao-e-ana-e-vitoria\\\/#listItem\",\"position\":4,\"name\":\"Cine Veredas exibe \\u201cMegatubar\\u00e3o\\u201d e \\u201cAna e Vit\\u00f3ria\\u201d\",\"previousItem\":{\"@type\":\"ListItem\",\"@id\":\"https:\\\/\\\/anoticiaonline.com.br\\\/site\\\/categoria\\\/colunistas\\\/filmes\\\/#listItem\",\"name\":\"Filmes\"}}]},{\"@type\":\"Organization\",\"@id\":\"https:\\\/\\\/anoticiaonline.com.br\\\/site\\\/#organization\",\"name\":\"A Not\\u00edcia Online\",\"description\":\"Noticias de Muria\\u00e9 e regi\\u00e3o\",\"url\":\"https:\\\/\\\/anoticiaonline.com.br\\\/site\\\/\",\"logo\":{\"@type\":\"ImageObject\",\"url\":\"https:\\\/\\\/scontent-gig4-1.xx.fbcdn.net\\\/v\\\/t39.30808-1\\\/270437624_4564083193639691_6907940295614233970_n.jpg?stp=dst-jpg_s200x200_tt6&_nc_cat=111&ccb=1-7&_nc_sid=f907e8&_nc_ohc=SM1wRlP3lJwQ7kNvwEPuBYA&_nc_oc=AdnqrjDN_BNjSSHWO-GbkIWH6fkGMLw4bqvL_NH6e2wMveX7G-rP2dAqsDSq1mJMOaY&_nc_zt=24&_nc_ht=scontent-gig4-1.xx&_nc_gid=AoBFJeGrT1hVaew_6rchkQ&oh=00_AfX7QmFGhQhG2jAllVgXCiM1ZrWgvtp80-Bfppyexh1QEg&oe=689E923C\",\"@id\":\"https:\\\/\\\/anoticiaonline.com.br\\\/site\\\/cine-veredas-exibe-megatubarao-e-ana-e-vitoria\\\/#organizationLogo\"},\"image\":{\"@id\":\"https:\\\/\\\/anoticiaonline.com.br\\\/site\\\/cine-veredas-exibe-megatubarao-e-ana-e-vitoria\\\/#organizationLogo\"}},{\"@type\":\"Person\",\"@id\":\"https:\\\/\\\/anoticiaonline.com.br\\\/site\\\/author\\\/juliana\\\/#author\",\"url\":\"https:\\\/\\\/anoticiaonline.com.br\\\/site\\\/author\\\/juliana\\\/\",\"name\":\"Juliana Laviola\",\"image\":{\"@type\":\"ImageObject\",\"@id\":\"https:\\\/\\\/anoticiaonline.com.br\\\/site\\\/cine-veredas-exibe-megatubarao-e-ana-e-vitoria\\\/#authorImage\",\"url\":\"https:\\\/\\\/secure.gravatar.com\\\/avatar\\\/b8d45f5c699b100dfaf0e543582f38f38bf94cb7ae3a5e9abf8d891a34773335?s=96&d=mm&r=g\",\"width\":96,\"height\":96,\"caption\":\"Juliana Laviola\"}},{\"@type\":\"WebPage\",\"@id\":\"https:\\\/\\\/anoticiaonline.com.br\\\/site\\\/cine-veredas-exibe-megatubarao-e-ana-e-vitoria\\\/#webpage\",\"url\":\"https:\\\/\\\/anoticiaonline.com.br\\\/site\\\/cine-veredas-exibe-megatubarao-e-ana-e-vitoria\\\/\",\"name\":\"Cine Veredas exibe \\u201cMegatubar\\u00e3o\\u201d e \\u201cAna e Vit\\u00f3ria\\u201d - A Not\\u00edcia Online\",\"description\":\"O Cine Veredas exibe \\u201cMegatubar\\u00e3o\\u201d e \\u201cAna e Vit\\u00f3ria\\u201d. As vendas antecipadas dos ingressos s\\u00e3o realizadas na Veredas Kids, na Pra\\u00e7a Jo\\u00e3o Pinheiro, 103, de segunda a sexta, das 10h \\u00e0s 18h e, aos s\\u00e1bados, das 9h \\u00e0s 13h. A bilheteria abre sempre 1h antes da primeira sess\\u00e3o do dia. Mais informa\\u00e7\\u00f5es podem ser obtidas\",\"inLanguage\":\"pt-BR\",\"isPartOf\":{\"@id\":\"https:\\\/\\\/anoticiaonline.com.br\\\/site\\\/#website\"},\"breadcrumb\":{\"@id\":\"https:\\\/\\\/anoticiaonline.com.br\\\/site\\\/cine-veredas-exibe-megatubarao-e-ana-e-vitoria\\\/#breadcrumblist\"},\"author\":{\"@id\":\"https:\\\/\\\/anoticiaonline.com.br\\\/site\\\/author\\\/juliana\\\/#author\"},\"creator\":{\"@id\":\"https:\\\/\\\/anoticiaonline.com.br\\\/site\\\/author\\\/juliana\\\/#author\"},\"image\":{\"@type\":\"ImageObject\",\"url\":\"https:\\\/\\\/anoticiaonline.com.br\\\/site\\\/wp-content\\\/uploads\\\/2018\\\/09\\\/WhatsApp-Image-2018-09-05-at-09.27.30.jpeg\",\"@id\":\"https:\\\/\\\/anoticiaonline.com.br\\\/site\\\/cine-veredas-exibe-megatubarao-e-ana-e-vitoria\\\/#mainImage\",\"width\":1000,\"height\":692},\"primaryImageOfPage\":{\"@id\":\"https:\\\/\\\/anoticiaonline.com.br\\\/site\\\/cine-veredas-exibe-megatubarao-e-ana-e-vitoria\\\/#mainImage\"},\"datePublished\":\"2018-09-05T12:52:01-03:00\",\"dateModified\":\"2018-09-05T12:52:01-03:00\"},{\"@type\":\"WebSite\",\"@id\":\"https:\\\/\\\/anoticiaonline.com.br\\\/site\\\/#website\",\"url\":\"https:\\\/\\\/anoticiaonline.com.br\\\/site\\\/\",\"name\":\"A Not\\u00edcia Online\",\"description\":\"Noticias de Muria\\u00e9 e regi\\u00e3o\",\"inLanguage\":\"pt-BR\",\"publisher\":{\"@id\":\"https:\\\/\\\/anoticiaonline.com.br\\\/site\\\/#organization\"}}]}\n\t\t<\/script>\n\t\t<!-- All in One SEO -->\n\n","aioseo_head_json":{"title":"Cine Veredas exibe \u201cMegatubar\u00e3o\u201d e \u201cAna e Vit\u00f3ria\u201d - A Not\u00edcia Online","description":"O Cine Veredas exibe \u201cMegatubar\u00e3o\u201d e \u201cAna e Vit\u00f3ria\u201d. As vendas antecipadas dos ingressos s\u00e3o realizadas na Veredas Kids, na Pra\u00e7a Jo\u00e3o Pinheiro, 103, de segunda a sexta, das 10h \u00e0s 18h e, aos s\u00e1bados, das 9h \u00e0s 13h. A bilheteria abre sempre 1h antes da primeira sess\u00e3o do dia. Mais informa\u00e7\u00f5es podem ser obtidas","canonical_url":"https:\/\/anoticiaonline.com.br\/site\/cine-veredas-exibe-megatubarao-e-ana-e-vitoria\/","robots":"max-image-preview:large","keywords":"","webmasterTools":{"miscellaneous":""},"schema":{"@context":"https:\/\/schema.org","@graph":[{"@type":"BlogPosting","@id":"https:\/\/anoticiaonline.com.br\/site\/cine-veredas-exibe-megatubarao-e-ana-e-vitoria\/#blogposting","name":"Cine Veredas exibe \u201cMegatubar\u00e3o\u201d e \u201cAna e Vit\u00f3ria\u201d - A Not\u00edcia Online","headline":"Cine Veredas exibe \u201cMegatubar\u00e3o\u201d e \u201cAna e Vit\u00f3ria\u201d","author":{"@id":"https:\/\/anoticiaonline.com.br\/site\/author\/juliana\/#author"},"publisher":{"@id":"https:\/\/anoticiaonline.com.br\/site\/#organization"},"image":{"@type":"ImageObject","url":"https:\/\/anoticiaonline.com.br\/site\/wp-content\/uploads\/2018\/09\/WhatsApp-Image-2018-09-05-at-09.27.30.jpeg","width":1000,"height":692},"datePublished":"2018-09-05T12:52:01-03:00","dateModified":"2018-09-05T12:52:01-03:00","inLanguage":"pt-BR","mainEntityOfPage":{"@id":"https:\/\/anoticiaonline.com.br\/site\/cine-veredas-exibe-megatubarao-e-ana-e-vitoria\/#webpage"},"isPartOf":{"@id":"https:\/\/anoticiaonline.com.br\/site\/cine-veredas-exibe-megatubarao-e-ana-e-vitoria\/#webpage"},"articleSection":"Divers\u00e3o e Cultura, Filmes"},{"@type":"BreadcrumbList","@id":"https:\/\/anoticiaonline.com.br\/site\/cine-veredas-exibe-megatubarao-e-ana-e-vitoria\/#breadcrumblist","itemListElement":[{"@type":"ListItem","@id":"https:\/\/anoticiaonline.com.br\/site#listItem","position":1,"name":"Home","item":"https:\/\/anoticiaonline.com.br\/site","nextItem":{"@type":"ListItem","@id":"https:\/\/anoticiaonline.com.br\/site\/categoria\/colunistas\/#listItem","name":"Colunistas"}},{"@type":"ListItem","@id":"https:\/\/anoticiaonline.com.br\/site\/categoria\/colunistas\/#listItem","position":2,"name":"Colunistas","item":"https:\/\/anoticiaonline.com.br\/site\/categoria\/colunistas\/","nextItem":{"@type":"ListItem","@id":"https:\/\/anoticiaonline.com.br\/site\/categoria\/colunistas\/filmes\/#listItem","name":"Filmes"},"previousItem":{"@type":"ListItem","@id":"https:\/\/anoticiaonline.com.br\/site#listItem","name":"Home"}},{"@type":"ListItem","@id":"https:\/\/anoticiaonline.com.br\/site\/categoria\/colunistas\/filmes\/#listItem","position":3,"name":"Filmes","item":"https:\/\/anoticiaonline.com.br\/site\/categoria\/colunistas\/filmes\/","nextItem":{"@type":"ListItem","@id":"https:\/\/anoticiaonline.com.br\/site\/cine-veredas-exibe-megatubarao-e-ana-e-vitoria\/#listItem","name":"Cine Veredas exibe \u201cMegatubar\u00e3o\u201d e \u201cAna e Vit\u00f3ria\u201d"},"previousItem":{"@type":"ListItem","@id":"https:\/\/anoticiaonline.com.br\/site\/categoria\/colunistas\/#listItem","name":"Colunistas"}},{"@type":"ListItem","@id":"https:\/\/anoticiaonline.com.br\/site\/cine-veredas-exibe-megatubarao-e-ana-e-vitoria\/#listItem","position":4,"name":"Cine Veredas exibe \u201cMegatubar\u00e3o\u201d e \u201cAna e Vit\u00f3ria\u201d","previousItem":{"@type":"ListItem","@id":"https:\/\/anoticiaonline.com.br\/site\/categoria\/colunistas\/filmes\/#listItem","name":"Filmes"}}]},{"@type":"Organization","@id":"https:\/\/anoticiaonline.com.br\/site\/#organization","name":"A Not\u00edcia Online","description":"Noticias de Muria\u00e9 e regi\u00e3o","url":"https:\/\/anoticiaonline.com.br\/site\/","logo":{"@type":"ImageObject","url":"https:\/\/scontent-gig4-1.xx.fbcdn.net\/v\/t39.30808-1\/270437624_4564083193639691_6907940295614233970_n.jpg?stp=dst-jpg_s200x200_tt6&_nc_cat=111&ccb=1-7&_nc_sid=f907e8&_nc_ohc=SM1wRlP3lJwQ7kNvwEPuBYA&_nc_oc=AdnqrjDN_BNjSSHWO-GbkIWH6fkGMLw4bqvL_NH6e2wMveX7G-rP2dAqsDSq1mJMOaY&_nc_zt=24&_nc_ht=scontent-gig4-1.xx&_nc_gid=AoBFJeGrT1hVaew_6rchkQ&oh=00_AfX7QmFGhQhG2jAllVgXCiM1ZrWgvtp80-Bfppyexh1QEg&oe=689E923C","@id":"https:\/\/anoticiaonline.com.br\/site\/cine-veredas-exibe-megatubarao-e-ana-e-vitoria\/#organizationLogo"},"image":{"@id":"https:\/\/anoticiaonline.com.br\/site\/cine-veredas-exibe-megatubarao-e-ana-e-vitoria\/#organizationLogo"}},{"@type":"Person","@id":"https:\/\/anoticiaonline.com.br\/site\/author\/juliana\/#author","url":"https:\/\/anoticiaonline.com.br\/site\/author\/juliana\/","name":"Juliana Laviola","image":{"@type":"ImageObject","@id":"https:\/\/anoticiaonline.com.br\/site\/cine-veredas-exibe-megatubarao-e-ana-e-vitoria\/#authorImage","url":"https:\/\/secure.gravatar.com\/avatar\/b8d45f5c699b100dfaf0e543582f38f38bf94cb7ae3a5e9abf8d891a34773335?s=96&d=mm&r=g","width":96,"height":96,"caption":"Juliana Laviola"}},{"@type":"WebPage","@id":"https:\/\/anoticiaonline.com.br\/site\/cine-veredas-exibe-megatubarao-e-ana-e-vitoria\/#webpage","url":"https:\/\/anoticiaonline.com.br\/site\/cine-veredas-exibe-megatubarao-e-ana-e-vitoria\/","name":"Cine Veredas exibe \u201cMegatubar\u00e3o\u201d e \u201cAna e Vit\u00f3ria\u201d - A Not\u00edcia Online","description":"O Cine Veredas exibe \u201cMegatubar\u00e3o\u201d e \u201cAna e Vit\u00f3ria\u201d. As vendas antecipadas dos ingressos s\u00e3o realizadas na Veredas Kids, na Pra\u00e7a Jo\u00e3o Pinheiro, 103, de segunda a sexta, das 10h \u00e0s 18h e, aos s\u00e1bados, das 9h \u00e0s 13h. A bilheteria abre sempre 1h antes da primeira sess\u00e3o do dia. Mais informa\u00e7\u00f5es podem ser obtidas","inLanguage":"pt-BR","isPartOf":{"@id":"https:\/\/anoticiaonline.com.br\/site\/#website"},"breadcrumb":{"@id":"https:\/\/anoticiaonline.com.br\/site\/cine-veredas-exibe-megatubarao-e-ana-e-vitoria\/#breadcrumblist"},"author":{"@id":"https:\/\/anoticiaonline.com.br\/site\/author\/juliana\/#author"},"creator":{"@id":"https:\/\/anoticiaonline.com.br\/site\/author\/juliana\/#author"},"image":{"@type":"ImageObject","url":"https:\/\/anoticiaonline.com.br\/site\/wp-content\/uploads\/2018\/09\/WhatsApp-Image-2018-09-05-at-09.27.30.jpeg","@id":"https:\/\/anoticiaonline.com.br\/site\/cine-veredas-exibe-megatubarao-e-ana-e-vitoria\/#mainImage","width":1000,"height":692},"primaryImageOfPage":{"@id":"https:\/\/anoticiaonline.com.br\/site\/cine-veredas-exibe-megatubarao-e-ana-e-vitoria\/#mainImage"},"datePublished":"2018-09-05T12:52:01-03:00","dateModified":"2018-09-05T12:52:01-03:00"},{"@type":"WebSite","@id":"https:\/\/anoticiaonline.com.br\/site\/#website","url":"https:\/\/anoticiaonline.com.br\/site\/","name":"A Not\u00edcia Online","description":"Noticias de Muria\u00e9 e regi\u00e3o","inLanguage":"pt-BR","publisher":{"@id":"https:\/\/anoticiaonline.com.br\/site\/#organization"}}]},"og:locale":"pt_BR","og:site_name":"A Not\u00edcia Online - Noticias de Muria\u00e9 e regi\u00e3o","og:type":"article","og:title":"Cine Veredas exibe \u201cMegatubar\u00e3o\u201d e \u201cAna e Vit\u00f3ria\u201d - A Not\u00edcia Online","og:description":"O Cine Veredas exibe \u201cMegatubar\u00e3o\u201d e \u201cAna e Vit\u00f3ria\u201d. As vendas antecipadas dos ingressos s\u00e3o realizadas na Veredas Kids, na Pra\u00e7a Jo\u00e3o Pinheiro, 103, de segunda a sexta, das 10h \u00e0s 18h e, aos s\u00e1bados, das 9h \u00e0s 13h. A bilheteria abre sempre 1h antes da primeira sess\u00e3o do dia. Mais informa\u00e7\u00f5es podem ser obtidas","og:url":"https:\/\/anoticiaonline.com.br\/site\/cine-veredas-exibe-megatubarao-e-ana-e-vitoria\/","og:image":"https:\/\/scontent-gig4-1.xx.fbcdn.net\/v\/t39.30808-1\/270437624_4564083193639691_6907940295614233970_n.jpg?stp=dst-jpg_s200x200_tt6&#038;_nc_cat=111&#038;ccb=1-7&#038;_nc_sid=f907e8&#038;_nc_ohc=SM1wRlP3lJwQ7kNvwEPuBYA&#038;_nc_oc=AdnqrjDN_BNjSSHWO-GbkIWH6fkGMLw4bqvL_NH6e2wMveX7G-rP2dAqsDSq1mJMOaY&#038;_nc_zt=24&#038;_nc_ht=scontent-gig4-1.xx&#038;_nc_gid=AoBFJeGrT1hVaew_6rchkQ&#038;oh=00_AfX7QmFGhQhG2jAllVgXCiM1ZrWgvtp80-Bfppyexh1QEg&#038;oe=689E923C","og:image:secure_url":"https:\/\/scontent-gig4-1.xx.fbcdn.net\/v\/t39.30808-1\/270437624_4564083193639691_6907940295614233970_n.jpg?stp=dst-jpg_s200x200_tt6&#038;_nc_cat=111&#038;ccb=1-7&#038;_nc_sid=f907e8&#038;_nc_ohc=SM1wRlP3lJwQ7kNvwEPuBYA&#038;_nc_oc=AdnqrjDN_BNjSSHWO-GbkIWH6fkGMLw4bqvL_NH6e2wMveX7G-rP2dAqsDSq1mJMOaY&#038;_nc_zt=24&#038;_nc_ht=scontent-gig4-1.xx&#038;_nc_gid=AoBFJeGrT1hVaew_6rchkQ&#038;oh=00_AfX7QmFGhQhG2jAllVgXCiM1ZrWgvtp80-Bfppyexh1QEg&#038;oe=689E923C","article:published_time":"2018-09-05T15:52:01+00:00","article:modified_time":"2018-09-05T15:52:01+00:00","twitter:card":"summary_large_image","twitter:title":"Cine Veredas exibe \u201cMegatubar\u00e3o\u201d e \u201cAna e Vit\u00f3ria\u201d - A Not\u00edcia Online","twitter:description":"O Cine Veredas exibe \u201cMegatubar\u00e3o\u201d e \u201cAna e Vit\u00f3ria\u201d. As vendas antecipadas dos ingressos s\u00e3o realizadas na Veredas Kids, na Pra\u00e7a Jo\u00e3o Pinheiro, 103, de segunda a sexta, das 10h \u00e0s 18h e, aos s\u00e1bados, das 9h \u00e0s 13h. A bilheteria abre sempre 1h antes da primeira sess\u00e3o do dia. Mais informa\u00e7\u00f5es podem ser obtidas","twitter:image":"https:\/\/scontent-gig4-1.xx.fbcdn.net\/v\/t39.30808-1\/270437624_4564083193639691_6907940295614233970_n.jpg?stp=dst-jpg_s200x200_tt6&_nc_cat=111&ccb=1-7&_nc_sid=f907e8&_nc_ohc=SM1wRlP3lJwQ7kNvwEPuBYA&_nc_oc=AdnqrjDN_BNjSSHWO-GbkIWH6fkGMLw4bqvL_NH6e2wMveX7G-rP2dAqsDSq1mJMOaY&_nc_zt=24&_nc_ht=scontent-gig4-1.xx&_nc_gid=AoBFJeGrT1hVaew_6rchkQ&oh=00_AfX7QmFGhQhG2jAllVgXCiM1ZrWgvtp80-Bfppyexh1QEg&oe=689E923C"},"aioseo_meta_data":{"post_id":"61244","title":null,"description":null,"keywords":null,"keyphrases":null,"primary_term":null,"canonical_url":null,"og_title":null,"og_description":null,"og_object_type":"default","og_image_type":"default","og_image_url":null,"og_image_width":null,"og_image_height":null,"og_image_custom_url":null,"og_image_custom_fields":null,"og_video":null,"og_custom_url":null,"og_article_section":null,"og_article_tags":null,"twitter_use_og":false,"twitter_card":"default","twitter_image_type":"default","twitter_image_url":null,"twitter_image_custom_url":null,"twitter_image_custom_fields":null,"twitter_title":null,"twitter_description":null,"schema":{"blockGraphs":[],"customGraphs":[],"default":{"data":{"Article":[],"Course":[],"Dataset":[],"FAQPage":[],"Movie":[],"Person":[],"Product":[],"ProductReview":[],"Car":[],"Recipe":[],"Service":[],"SoftwareApplication":[],"WebPage":[]},"graphName":"","isEnabled":true},"graphs":[]},"schema_type":"default","schema_type_options":null,"pillar_content":false,"robots_default":true,"robots_noindex":false,"robots_noarchive":false,"robots_nosnippet":false,"robots_nofollow":false,"robots_noimageindex":false,"robots_noodp":false,"robots_notranslate":false,"robots_max_snippet":null,"robots_max_videopreview":null,"robots_max_imagepreview":"large","priority":null,"frequency":null,"local_seo":null,"breadcrumb_settings":null,"limit_modified_date":false,"ai":null,"created":"2025-08-16 21:35:10","updated":"2025-08-16 21:35:10","focus_keyword":null,"additional_keywords":null,"truseo_locale":null,"seo_analyzer_scan_date":null},"aioseo_breadcrumb":"<div class=\"aioseo-breadcrumbs\"><span class=\"aioseo-breadcrumb\">\n\t\t\t<a href=\"https:\/\/anoticiaonline.com.br\/site\" title=\"Home\">Home<\/a>\n\t\t<\/span><span class=\"aioseo-breadcrumb-separator\">&raquo;<\/span><span class=\"aioseo-breadcrumb\">\n\t\t\t<a href=\"https:\/\/anoticiaonline.com.br\/site\/categoria\/colunistas\/\" title=\"Colunistas\">Colunistas<\/a>\n\t\t<\/span><span class=\"aioseo-breadcrumb-separator\">&raquo;<\/span><span class=\"aioseo-breadcrumb\">\n\t\t\t<a href=\"https:\/\/anoticiaonline.com.br\/site\/categoria\/colunistas\/filmes\/\" title=\"Filmes\">Filmes<\/a>\n\t\t<\/span><span class=\"aioseo-breadcrumb-separator\">&raquo;<\/span><span class=\"aioseo-breadcrumb\">\n\t\t\tCine Veredas exibe \u201cMegatubar\u00e3o\u201d e \u201cAna e Vit\u00f3ria\u201d\n\t\t<\/span><\/div>","aioseo_breadcrumb_json":[{"label":"Home","link":"https:\/\/anoticiaonline.com.br\/site"},{"label":"Colunistas","link":"https:\/\/anoticiaonline.com.br\/site\/categoria\/colunistas\/"},{"label":"Filmes","link":"https:\/\/anoticiaonline.com.br\/site\/categoria\/colunistas\/filmes\/"},{"label":"Cine Veredas exibe \u201cMegatubar\u00e3o\u201d e \u201cAna e Vit\u00f3ria\u201d","link":"https:\/\/anoticiaonline.com.br\/site\/cine-veredas-exibe-megatubarao-e-ana-e-vitoria\/"}],"views":142,"_links":{"self":[{"href":"https:\/\/anoticiaonline.com.br\/site\/wp-json\/wp\/v2\/posts\/61244","targetHints":{"allow":["GET"]}}],"collection":[{"href":"https:\/\/anoticiaonline.com.br\/site\/wp-json\/wp\/v2\/posts"}],"about":[{"href":"https:\/\/anoticiaonline.com.br\/site\/wp-json\/wp\/v2\/types\/post"}],"author":[{"embeddable":true,"href":"https:\/\/anoticiaonline.com.br\/site\/wp-json\/wp\/v2\/users\/2"}],"replies":[{"embeddable":true,"href":"https:\/\/anoticiaonline.com.br\/site\/wp-json\/wp\/v2\/comments?post=61244"}],"version-history":[{"count":0,"href":"https:\/\/anoticiaonline.com.br\/site\/wp-json\/wp\/v2\/posts\/61244\/revisions"}],"wp:featuredmedia":[{"embeddable":true,"href":"https:\/\/anoticiaonline.com.br\/site\/wp-json\/wp\/v2\/media\/61245"}],"wp:attachment":[{"href":"https:\/\/anoticiaonline.com.br\/site\/wp-json\/wp\/v2\/media?parent=61244"}],"wp:term":[{"taxonomy":"category","embeddable":true,"href":"https:\/\/anoticiaonline.com.br\/site\/wp-json\/wp\/v2\/categories?post=61244"},{"taxonomy":"post_tag","embeddable":true,"href":"https:\/\/anoticiaonline.com.br\/site\/wp-json\/wp\/v2\/tags?post=61244"}],"curies":[{"name":"wp","href":"https:\/\/api.w.org\/{rel}","templated":true}]}}