{"id":61189,"date":"2018-09-05T12:39:31","date_gmt":"2018-09-05T15:39:31","guid":{"rendered":"http:\/\/anoticiaonline.com.br\/site\/?p=61189"},"modified":"2018-09-05T12:39:31","modified_gmt":"2018-09-05T15:39:31","slug":"sociarte-5-8","status":"publish","type":"post","link":"https:\/\/anoticiaonline.com.br\/site\/sociarte-5-8\/","title":{"rendered":"Sociarte 5\/8:"},"content":{"rendered":"<p><a href=\"https:\/\/anoticiaonline.com.br\/site\/wp-content\/uploads\/2018\/09\/Bodas-de-Cedro.jpg\"><img fetchpriority=\"high\" decoding=\"async\" class=\"alignnone size-full wp-image-61202\" src=\"https:\/\/anoticiaonline.com.br\/site\/wp-content\/uploads\/2018\/09\/Bodas-de-Cedro.jpg\" alt=\"\" width=\"960\" height=\"720\" srcset=\"https:\/\/anoticiaonline.com.br\/site\/wp-content\/uploads\/2018\/09\/Bodas-de-Cedro.jpg 960w, https:\/\/anoticiaonline.com.br\/site\/wp-content\/uploads\/2018\/09\/Bodas-de-Cedro-300x225.jpg 300w, https:\/\/anoticiaonline.com.br\/site\/wp-content\/uploads\/2018\/09\/Bodas-de-Cedro-768x576.jpg 768w, https:\/\/anoticiaonline.com.br\/site\/wp-content\/uploads\/2018\/09\/Bodas-de-Cedro-105x80.jpg 105w\" sizes=\"(max-width: 960px) 100vw, 960px\" \/><\/a><\/p>\n<p><strong>Bodas de Cedro<\/strong><\/p>\n<p>O simp\u00e1tico casal Imaculada e Crisostinho completaram na ter\u00e7a-feira (4) os seus 36 anos de casados, ou Bodas de Cedro. Eles constru\u00edram, ao longo dos anos uma fam\u00edlia linda e cheia de muito carinho. Eles s\u00e3o pais dos lindos Simaire, Simone e S\u00e9rgio. Parab\u00e9ns, Imaculada e Crisostinho, que Deus conceda a voc\u00eas muitos e muitos anos de amor!<\/p>\n<p><a href=\"https:\/\/anoticiaonline.com.br\/site\/wp-content\/uploads\/2018\/09\/Nascimento-de-Gabriel-e-Guilherme.jpg\"><img decoding=\"async\" class=\"alignnone size-full wp-image-61210\" src=\"https:\/\/anoticiaonline.com.br\/site\/wp-content\/uploads\/2018\/09\/Nascimento-de-Gabriel-e-Guilherme.jpg\" alt=\"\" width=\"867\" height=\"800\" srcset=\"https:\/\/anoticiaonline.com.br\/site\/wp-content\/uploads\/2018\/09\/Nascimento-de-Gabriel-e-Guilherme.jpg 867w, https:\/\/anoticiaonline.com.br\/site\/wp-content\/uploads\/2018\/09\/Nascimento-de-Gabriel-e-Guilherme-300x277.jpg 300w, https:\/\/anoticiaonline.com.br\/site\/wp-content\/uploads\/2018\/09\/Nascimento-de-Gabriel-e-Guilherme-768x709.jpg 768w\" sizes=\"(max-width: 867px) 100vw, 867px\" \/><\/a><\/p>\n<p><strong>Nascimento de Guilherme e Gabriel<\/strong><\/p>\n<p>Os g\u00eameos Guilherme e Gabriel chegaram na segunda-feira (3) \u00e0s 18hs, para encher a casa e a vida dos papais Ariana Vital e Diego de Oliveira Castro de muito amor. Eles j\u00e1 s\u00e3o os xod\u00f3s da fam\u00edlia e est\u00e3o enchendo os cora\u00e7\u00f5es dos vov\u00f4s Maria das Gra\u00e7as (Dadace), Gabriel e Nelvina de muita alegria. Sejam-vindos Guilherme e Gabriel! Que Deus d\u00ea a voc\u00eas muita sa\u00fade e paz!<\/p>\n<p><a href=\"https:\/\/anoticiaonline.com.br\/site\/wp-content\/uploads\/2018\/09\/9ae1b90c-cb68-4e66-945a-92a21d4cc835.jpg\"><img decoding=\"async\" class=\"alignnone size-full wp-image-61216\" src=\"https:\/\/anoticiaonline.com.br\/site\/wp-content\/uploads\/2018\/09\/9ae1b90c-cb68-4e66-945a-92a21d4cc835.jpg\" alt=\"\" width=\"960\" height=\"720\" srcset=\"https:\/\/anoticiaonline.com.br\/site\/wp-content\/uploads\/2018\/09\/9ae1b90c-cb68-4e66-945a-92a21d4cc835.jpg 960w, https:\/\/anoticiaonline.com.br\/site\/wp-content\/uploads\/2018\/09\/9ae1b90c-cb68-4e66-945a-92a21d4cc835-300x225.jpg 300w, https:\/\/anoticiaonline.com.br\/site\/wp-content\/uploads\/2018\/09\/9ae1b90c-cb68-4e66-945a-92a21d4cc835-768x576.jpg 768w, https:\/\/anoticiaonline.com.br\/site\/wp-content\/uploads\/2018\/09\/9ae1b90c-cb68-4e66-945a-92a21d4cc835-105x80.jpg 105w\" sizes=\"(max-width: 960px) 100vw, 960px\" \/><\/a><\/p>\n<p><strong>2 aninhos de Davi<\/strong><\/p>\n<p>O tema \u201cCirco\u201d foi escolhido para comemorar a chegada do 2\u00ba aninho do querido Davi Paiva Janunzi Schuwenck, que foi comemorado no Mirante do Colina Country Club no s\u00e1bado (25). Ao aniversariante, que \u00e9 filho do casal Mislene e Sandro Janunzi Schuwenck, e neto de Alzira, Cl\u00f3vis e Maria, enviamos votos de muitas felicidades hoje e sempre. Parab\u00e9ns Davi!<\/p>\n<p><a href=\"https:\/\/anoticiaonline.com.br\/site\/wp-content\/uploads\/2018\/09\/Parab\u00e9ns-Daniel.jpg\"><img loading=\"lazy\" decoding=\"async\" class=\"alignnone size-full wp-image-61221\" src=\"https:\/\/anoticiaonline.com.br\/site\/wp-content\/uploads\/2018\/09\/Parab\u00e9ns-Daniel.jpg\" alt=\"\" width=\"526\" height=\"351\" srcset=\"https:\/\/anoticiaonline.com.br\/site\/wp-content\/uploads\/2018\/09\/Parab\u00e9ns-Daniel.jpg 526w, https:\/\/anoticiaonline.com.br\/site\/wp-content\/uploads\/2018\/09\/Parab\u00e9ns-Daniel-300x200.jpg 300w\" sizes=\"(max-width: 526px) 100vw, 526px\" \/><\/a><\/p>\n<p><strong>Parab\u00e9ns, Daniel<\/strong><\/p>\n<p>A ter\u00e7a-feira (4) foi de muita comemora\u00e7\u00e3o para o empres\u00e1rio Daniel Vilela de Paula (Autoescola Impacto e Impacto Fitness), que completou idade nova recebendo o carinho de seus amigos e familiares. A ele, que \u00e9 casado com Renata Cristina da Silva e pai dos queridos Felipe Silva de Paula e Laura Silva de Paula, desejamos muitos e muitos anos de vida. Parab\u00e9ns, Daniel!<\/p>\n<p><a href=\"https:\/\/anoticiaonline.com.br\/site\/wp-content\/uploads\/2018\/09\/1-ano-davi-miguel.jpg\"><img loading=\"lazy\" decoding=\"async\" class=\"alignnone size-full wp-image-61231\" src=\"https:\/\/anoticiaonline.com.br\/site\/wp-content\/uploads\/2018\/09\/1-ano-davi-miguel.jpg\" alt=\"\" width=\"533\" height=\"800\" srcset=\"https:\/\/anoticiaonline.com.br\/site\/wp-content\/uploads\/2018\/09\/1-ano-davi-miguel.jpg 533w, https:\/\/anoticiaonline.com.br\/site\/wp-content\/uploads\/2018\/09\/1-ano-davi-miguel-200x300.jpg 200w\" sizes=\"(max-width: 533px) 100vw, 533px\" \/><\/a><\/p>\n<p><strong>1\u00ba ano de Davi Miguel<\/strong><\/p>\n<p>O pequeno Davi Miguel Alves Neris, juntamente com os papais Shirley Aparecida Alves Neris e Fl\u00e1vio Jos\u00e9 Pereira Neris, recebeu amigos e familiares para celebrar o seu primeiro aninho de vida. O tema escolhido foi \u201cCirco\u201d e a festa aconteceu no s\u00e1bado (1\u00ba). Por l\u00e1 muitos amigos, al\u00e9m do irm\u00e3o do aniversariante o bonito Fl\u00e1vio Lucas. Parab\u00e9ns para o pequeno Davi Miguel!<\/p>\n<p><a href=\"https:\/\/anoticiaonline.com.br\/site\/wp-content\/uploads\/2018\/09\/1-ano-de-J\u00falia.jpg\"><img loading=\"lazy\" decoding=\"async\" class=\"alignnone size-full wp-image-61235\" src=\"https:\/\/anoticiaonline.com.br\/site\/wp-content\/uploads\/2018\/09\/1-ano-de-J\u00falia.jpg\" alt=\"\" width=\"800\" height=\"800\" srcset=\"https:\/\/anoticiaonline.com.br\/site\/wp-content\/uploads\/2018\/09\/1-ano-de-J\u00falia.jpg 800w, https:\/\/anoticiaonline.com.br\/site\/wp-content\/uploads\/2018\/09\/1-ano-de-J\u00falia-150x150.jpg 150w, https:\/\/anoticiaonline.com.br\/site\/wp-content\/uploads\/2018\/09\/1-ano-de-J\u00falia-300x300.jpg 300w, https:\/\/anoticiaonline.com.br\/site\/wp-content\/uploads\/2018\/09\/1-ano-de-J\u00falia-768x768.jpg 768w\" sizes=\"(max-width: 800px) 100vw, 800px\" \/><\/a><\/p>\n<p><strong>1\u00ba ano de J\u00falia<\/strong><\/p>\n<p>Os papais Flaviane de Oliveira e Jourbert Almeida Ferreira escolheram o tema \u201cRealeza\u201d para comemorar o 1\u00ba aninho da pequena J\u00falia Oliveira Ferreira. A festa aconteceu na ter\u00e7a-feira (21) nos sal\u00f5es do Fest House e reuniu amigos e familiares. Muitos anos de vida para a pequena J\u00falia. A foto \u00e9 da Revele Photo.<\/p>\n<p><a href=\"https:\/\/anoticiaonline.com.br\/site\/wp-content\/uploads\/2018\/09\/4-anos-de-J\u00falia.jpg\"><img loading=\"lazy\" decoding=\"async\" class=\"alignnone size-full wp-image-61236\" src=\"https:\/\/anoticiaonline.com.br\/site\/wp-content\/uploads\/2018\/09\/4-anos-de-J\u00falia.jpg\" alt=\"\" width=\"531\" height=\"800\" srcset=\"https:\/\/anoticiaonline.com.br\/site\/wp-content\/uploads\/2018\/09\/4-anos-de-J\u00falia.jpg 531w, https:\/\/anoticiaonline.com.br\/site\/wp-content\/uploads\/2018\/09\/4-anos-de-J\u00falia-199x300.jpg 199w\" sizes=\"(max-width: 531px) 100vw, 531px\" \/><\/a><\/p>\n<p><strong>4 anos de J\u00falia<\/strong><\/p>\n<p>A pequena J\u00falia Coelho Ferreira comemorou a chegada do 4\u00ba anivers\u00e1rio com o tema \u201cMoana\u201d no s\u00e1bado (1\u00ba). A festa organizada pelos papais Helma Paula Coelho e Nilcemar de Paula aconteceu nos sal\u00f5es na Neneca Festas e reuniu v\u00e1rios amigos a familiares da aniversariante. Da reda\u00e7\u00e3o do jornal A Not\u00edcia os nossos parab\u00e9ns para a J\u00falia! A foto \u00e9 da Revele Photo.<\/p>\n","protected":false},"excerpt":{"rendered":"<p>Bodas de Cedro O simp\u00e1tico casal Imaculada e Crisostinho completaram na ter\u00e7a-feira (4) os seus 36 anos de casados, ou Bodas de Cedro. Eles constru\u00edram, ao longo dos anos uma fam\u00edlia linda e cheia de muito carinho. Eles s\u00e3o pais dos lindos Simaire, Simone e S\u00e9rgio. Parab\u00e9ns, Imaculada e Crisostinho, que Deus conceda a voc\u00eas &#8230; <a title=\"Sociarte 5\/8:\" class=\"read-more\" href=\"https:\/\/anoticiaonline.com.br\/site\/sociarte-5-8\/\" aria-label=\"Read more about Sociarte 5\/8:\">Ler mais<\/a><\/p>\n","protected":false},"author":2,"featured_media":0,"comment_status":"open","ping_status":"open","sticky":false,"template":"","format":"standard","meta":{"_acf_changed":false,"_monsterinsights_skip_tracking":false,"footnotes":""},"categories":[38],"tags":[],"class_list":["post-61189","post","type-post","status-publish","format-standard","hentry","category-sociarte"],"acf":[],"aioseo_notices":[],"aioseo_head":"\n\t\t<!-- All in One SEO 5.0.0.1 - aioseo.com -->\n\t<meta name=\"description\" content=\"Bodas de Cedro O simp\u00e1tico casal Imaculada e Crisostinho completaram na ter\u00e7a-feira (4) os seus 36 anos de casados, ou Bodas de Cedro. Eles constru\u00edram, ao longo dos anos uma fam\u00edlia linda e cheia de muito carinho. Eles s\u00e3o pais dos lindos Simaire, Simone e S\u00e9rgio. Parab\u00e9ns, Imaculada e Crisostinho, que Deus conceda a voc\u00eas\" \/>\n\t<meta name=\"robots\" content=\"max-image-preview:large\" \/>\n\t<meta name=\"author\" content=\"Juliana Laviola\"\/>\n\t<link rel=\"canonical\" href=\"https:\/\/anoticiaonline.com.br\/site\/sociarte-5-8\/\" \/>\n\t<meta name=\"generator\" content=\"All in One SEO (AIOSEO) 5.0.0.1\" \/>\n\t\t<meta property=\"og:locale\" content=\"pt_BR\" \/>\n\t\t<meta property=\"og:site_name\" content=\"A Not\u00edcia Online - Noticias de Muria\u00e9 e regi\u00e3o\" \/>\n\t\t<meta property=\"og:type\" content=\"article\" \/>\n\t\t<meta property=\"og:title\" content=\"Sociarte 5\/8: - A Not\u00edcia Online\" \/>\n\t\t<meta property=\"og:description\" content=\"Bodas de Cedro O simp\u00e1tico casal Imaculada e Crisostinho completaram na ter\u00e7a-feira (4) os seus 36 anos de casados, ou Bodas de Cedro. Eles constru\u00edram, ao longo dos anos uma fam\u00edlia linda e cheia de muito carinho. Eles s\u00e3o pais dos lindos Simaire, Simone e S\u00e9rgio. Parab\u00e9ns, Imaculada e Crisostinho, que Deus conceda a voc\u00eas\" \/>\n\t\t<meta property=\"og:url\" content=\"https:\/\/anoticiaonline.com.br\/site\/sociarte-5-8\/\" \/>\n\t\t<meta property=\"og:image\" content=\"https:\/\/scontent-gig4-1.xx.fbcdn.net\/v\/t39.30808-1\/270437624_4564083193639691_6907940295614233970_n.jpg?stp=dst-jpg_s200x200_tt6&#038;_nc_cat=111&#038;ccb=1-7&#038;_nc_sid=f907e8&#038;_nc_ohc=SM1wRlP3lJwQ7kNvwEPuBYA&#038;_nc_oc=AdnqrjDN_BNjSSHWO-GbkIWH6fkGMLw4bqvL_NH6e2wMveX7G-rP2dAqsDSq1mJMOaY&#038;_nc_zt=24&#038;_nc_ht=scontent-gig4-1.xx&#038;_nc_gid=AoBFJeGrT1hVaew_6rchkQ&#038;oh=00_AfX7QmFGhQhG2jAllVgXCiM1ZrWgvtp80-Bfppyexh1QEg&#038;oe=689E923C\" \/>\n\t\t<meta property=\"og:image:secure_url\" content=\"https:\/\/scontent-gig4-1.xx.fbcdn.net\/v\/t39.30808-1\/270437624_4564083193639691_6907940295614233970_n.jpg?stp=dst-jpg_s200x200_tt6&#038;_nc_cat=111&#038;ccb=1-7&#038;_nc_sid=f907e8&#038;_nc_ohc=SM1wRlP3lJwQ7kNvwEPuBYA&#038;_nc_oc=AdnqrjDN_BNjSSHWO-GbkIWH6fkGMLw4bqvL_NH6e2wMveX7G-rP2dAqsDSq1mJMOaY&#038;_nc_zt=24&#038;_nc_ht=scontent-gig4-1.xx&#038;_nc_gid=AoBFJeGrT1hVaew_6rchkQ&#038;oh=00_AfX7QmFGhQhG2jAllVgXCiM1ZrWgvtp80-Bfppyexh1QEg&#038;oe=689E923C\" \/>\n\t\t<meta property=\"article:published_time\" content=\"2018-09-05T15:39:31+00:00\" \/>\n\t\t<meta property=\"article:modified_time\" content=\"2018-09-05T15:39:31+00:00\" \/>\n\t\t<meta name=\"twitter:card\" content=\"summary_large_image\" \/>\n\t\t<meta name=\"twitter:title\" content=\"Sociarte 5\/8: - A Not\u00edcia Online\" \/>\n\t\t<meta name=\"twitter:description\" content=\"Bodas de Cedro O simp\u00e1tico casal Imaculada e Crisostinho completaram na ter\u00e7a-feira (4) os seus 36 anos de casados, ou Bodas de Cedro. Eles constru\u00edram, ao longo dos anos uma fam\u00edlia linda e cheia de muito carinho. Eles s\u00e3o pais dos lindos Simaire, Simone e S\u00e9rgio. Parab\u00e9ns, Imaculada e Crisostinho, que Deus conceda a voc\u00eas\" \/>\n\t\t<meta name=\"twitter:image\" content=\"https:\/\/scontent-gig4-1.xx.fbcdn.net\/v\/t39.30808-1\/270437624_4564083193639691_6907940295614233970_n.jpg?stp=dst-jpg_s200x200_tt6&amp;_nc_cat=111&amp;ccb=1-7&amp;_nc_sid=f907e8&amp;_nc_ohc=SM1wRlP3lJwQ7kNvwEPuBYA&amp;_nc_oc=AdnqrjDN_BNjSSHWO-GbkIWH6fkGMLw4bqvL_NH6e2wMveX7G-rP2dAqsDSq1mJMOaY&amp;_nc_zt=24&amp;_nc_ht=scontent-gig4-1.xx&amp;_nc_gid=AoBFJeGrT1hVaew_6rchkQ&amp;oh=00_AfX7QmFGhQhG2jAllVgXCiM1ZrWgvtp80-Bfppyexh1QEg&amp;oe=689E923C\" \/>\n\t\t<script type=\"application\/ld+json\" class=\"aioseo-schema\">\n\t\t\t{\"@context\":\"https:\\\/\\\/schema.org\",\"@graph\":[{\"@type\":\"BlogPosting\",\"@id\":\"https:\\\/\\\/anoticiaonline.com.br\\\/site\\\/sociarte-5-8\\\/#blogposting\",\"name\":\"Sociarte 5\\\/8: - A Not\\u00edcia Online\",\"headline\":\"Sociarte 5\\\/8:\",\"author\":{\"@id\":\"https:\\\/\\\/anoticiaonline.com.br\\\/site\\\/author\\\/juliana\\\/#author\"},\"publisher\":{\"@id\":\"https:\\\/\\\/anoticiaonline.com.br\\\/site\\\/#organization\"},\"image\":{\"@type\":\"ImageObject\",\"url\":\"https:\\\/\\\/anoticiaonline.com.br\\\/site\\\/wp-content\\\/uploads\\\/2018\\\/09\\\/Bodas-de-Cedro.jpg\",\"@id\":\"https:\\\/\\\/anoticiaonline.com.br\\\/site\\\/sociarte-5-8\\\/#articleImage\",\"width\":960,\"height\":720},\"datePublished\":\"2018-09-05T12:39:31-03:00\",\"dateModified\":\"2018-09-05T12:39:31-03:00\",\"inLanguage\":\"pt-BR\",\"mainEntityOfPage\":{\"@id\":\"https:\\\/\\\/anoticiaonline.com.br\\\/site\\\/sociarte-5-8\\\/#webpage\"},\"isPartOf\":{\"@id\":\"https:\\\/\\\/anoticiaonline.com.br\\\/site\\\/sociarte-5-8\\\/#webpage\"},\"articleSection\":\"Sociarte\"},{\"@type\":\"BreadcrumbList\",\"@id\":\"https:\\\/\\\/anoticiaonline.com.br\\\/site\\\/sociarte-5-8\\\/#breadcrumblist\",\"itemListElement\":[{\"@type\":\"ListItem\",\"@id\":\"https:\\\/\\\/anoticiaonline.com.br\\\/site#listItem\",\"position\":1,\"name\":\"Home\",\"item\":\"https:\\\/\\\/anoticiaonline.com.br\\\/site\",\"nextItem\":{\"@type\":\"ListItem\",\"@id\":\"https:\\\/\\\/anoticiaonline.com.br\\\/site\\\/categoria\\\/colunistas\\\/#listItem\",\"name\":\"Colunistas\"}},{\"@type\":\"ListItem\",\"@id\":\"https:\\\/\\\/anoticiaonline.com.br\\\/site\\\/categoria\\\/colunistas\\\/#listItem\",\"position\":2,\"name\":\"Colunistas\",\"item\":\"https:\\\/\\\/anoticiaonline.com.br\\\/site\\\/categoria\\\/colunistas\\\/\",\"nextItem\":{\"@type\":\"ListItem\",\"@id\":\"https:\\\/\\\/anoticiaonline.com.br\\\/site\\\/categoria\\\/colunistas\\\/sociarte\\\/#listItem\",\"name\":\"Sociarte\"},\"previousItem\":{\"@type\":\"ListItem\",\"@id\":\"https:\\\/\\\/anoticiaonline.com.br\\\/site#listItem\",\"name\":\"Home\"}},{\"@type\":\"ListItem\",\"@id\":\"https:\\\/\\\/anoticiaonline.com.br\\\/site\\\/categoria\\\/colunistas\\\/sociarte\\\/#listItem\",\"position\":3,\"name\":\"Sociarte\",\"item\":\"https:\\\/\\\/anoticiaonline.com.br\\\/site\\\/categoria\\\/colunistas\\\/sociarte\\\/\",\"nextItem\":{\"@type\":\"ListItem\",\"@id\":\"https:\\\/\\\/anoticiaonline.com.br\\\/site\\\/sociarte-5-8\\\/#listItem\",\"name\":\"Sociarte 5\\\/8:\"},\"previousItem\":{\"@type\":\"ListItem\",\"@id\":\"https:\\\/\\\/anoticiaonline.com.br\\\/site\\\/categoria\\\/colunistas\\\/#listItem\",\"name\":\"Colunistas\"}},{\"@type\":\"ListItem\",\"@id\":\"https:\\\/\\\/anoticiaonline.com.br\\\/site\\\/sociarte-5-8\\\/#listItem\",\"position\":4,\"name\":\"Sociarte 5\\\/8:\",\"previousItem\":{\"@type\":\"ListItem\",\"@id\":\"https:\\\/\\\/anoticiaonline.com.br\\\/site\\\/categoria\\\/colunistas\\\/sociarte\\\/#listItem\",\"name\":\"Sociarte\"}}]},{\"@type\":\"Organization\",\"@id\":\"https:\\\/\\\/anoticiaonline.com.br\\\/site\\\/#organization\",\"name\":\"A Not\\u00edcia Online\",\"description\":\"Noticias de Muria\\u00e9 e regi\\u00e3o\",\"url\":\"https:\\\/\\\/anoticiaonline.com.br\\\/site\\\/\",\"logo\":{\"@type\":\"ImageObject\",\"url\":\"https:\\\/\\\/scontent-gig4-1.xx.fbcdn.net\\\/v\\\/t39.30808-1\\\/270437624_4564083193639691_6907940295614233970_n.jpg?stp=dst-jpg_s200x200_tt6&_nc_cat=111&ccb=1-7&_nc_sid=f907e8&_nc_ohc=SM1wRlP3lJwQ7kNvwEPuBYA&_nc_oc=AdnqrjDN_BNjSSHWO-GbkIWH6fkGMLw4bqvL_NH6e2wMveX7G-rP2dAqsDSq1mJMOaY&_nc_zt=24&_nc_ht=scontent-gig4-1.xx&_nc_gid=AoBFJeGrT1hVaew_6rchkQ&oh=00_AfX7QmFGhQhG2jAllVgXCiM1ZrWgvtp80-Bfppyexh1QEg&oe=689E923C\",\"@id\":\"https:\\\/\\\/anoticiaonline.com.br\\\/site\\\/sociarte-5-8\\\/#organizationLogo\"},\"image\":{\"@id\":\"https:\\\/\\\/anoticiaonline.com.br\\\/site\\\/sociarte-5-8\\\/#organizationLogo\"}},{\"@type\":\"Person\",\"@id\":\"https:\\\/\\\/anoticiaonline.com.br\\\/site\\\/author\\\/juliana\\\/#author\",\"url\":\"https:\\\/\\\/anoticiaonline.com.br\\\/site\\\/author\\\/juliana\\\/\",\"name\":\"Juliana Laviola\",\"image\":{\"@type\":\"ImageObject\",\"@id\":\"https:\\\/\\\/anoticiaonline.com.br\\\/site\\\/sociarte-5-8\\\/#authorImage\",\"url\":\"https:\\\/\\\/secure.gravatar.com\\\/avatar\\\/b8d45f5c699b100dfaf0e543582f38f38bf94cb7ae3a5e9abf8d891a34773335?s=96&d=mm&r=g\",\"width\":96,\"height\":96,\"caption\":\"Juliana Laviola\"}},{\"@type\":\"WebPage\",\"@id\":\"https:\\\/\\\/anoticiaonline.com.br\\\/site\\\/sociarte-5-8\\\/#webpage\",\"url\":\"https:\\\/\\\/anoticiaonline.com.br\\\/site\\\/sociarte-5-8\\\/\",\"name\":\"Sociarte 5\\\/8: - A Not\\u00edcia Online\",\"description\":\"Bodas de Cedro O simp\\u00e1tico casal Imaculada e Crisostinho completaram na ter\\u00e7a-feira (4) os seus 36 anos de casados, ou Bodas de Cedro. Eles constru\\u00edram, ao longo dos anos uma fam\\u00edlia linda e cheia de muito carinho. Eles s\\u00e3o pais dos lindos Simaire, Simone e S\\u00e9rgio. Parab\\u00e9ns, Imaculada e Crisostinho, que Deus conceda a voc\\u00eas\",\"inLanguage\":\"pt-BR\",\"isPartOf\":{\"@id\":\"https:\\\/\\\/anoticiaonline.com.br\\\/site\\\/#website\"},\"breadcrumb\":{\"@id\":\"https:\\\/\\\/anoticiaonline.com.br\\\/site\\\/sociarte-5-8\\\/#breadcrumblist\"},\"author\":{\"@id\":\"https:\\\/\\\/anoticiaonline.com.br\\\/site\\\/author\\\/juliana\\\/#author\"},\"creator\":{\"@id\":\"https:\\\/\\\/anoticiaonline.com.br\\\/site\\\/author\\\/juliana\\\/#author\"},\"datePublished\":\"2018-09-05T12:39:31-03:00\",\"dateModified\":\"2018-09-05T12:39:31-03:00\"},{\"@type\":\"WebSite\",\"@id\":\"https:\\\/\\\/anoticiaonline.com.br\\\/site\\\/#website\",\"url\":\"https:\\\/\\\/anoticiaonline.com.br\\\/site\\\/\",\"name\":\"A Not\\u00edcia Online\",\"description\":\"Noticias de Muria\\u00e9 e regi\\u00e3o\",\"inLanguage\":\"pt-BR\",\"publisher\":{\"@id\":\"https:\\\/\\\/anoticiaonline.com.br\\\/site\\\/#organization\"}}]}\n\t\t<\/script>\n\t\t<!-- All in One SEO -->\n\n","aioseo_head_json":{"title":"Sociarte 5\/8: - A Not\u00edcia Online","description":"Bodas de Cedro O simp\u00e1tico casal Imaculada e Crisostinho completaram na ter\u00e7a-feira (4) os seus 36 anos de casados, ou Bodas de Cedro. Eles constru\u00edram, ao longo dos anos uma fam\u00edlia linda e cheia de muito carinho. Eles s\u00e3o pais dos lindos Simaire, Simone e S\u00e9rgio. Parab\u00e9ns, Imaculada e Crisostinho, que Deus conceda a voc\u00eas","canonical_url":"https:\/\/anoticiaonline.com.br\/site\/sociarte-5-8\/","robots":"max-image-preview:large","keywords":"","webmasterTools":{"miscellaneous":""},"schema":{"@context":"https:\/\/schema.org","@graph":[{"@type":"BlogPosting","@id":"https:\/\/anoticiaonline.com.br\/site\/sociarte-5-8\/#blogposting","name":"Sociarte 5\/8: - A Not\u00edcia Online","headline":"Sociarte 5\/8:","author":{"@id":"https:\/\/anoticiaonline.com.br\/site\/author\/juliana\/#author"},"publisher":{"@id":"https:\/\/anoticiaonline.com.br\/site\/#organization"},"image":{"@type":"ImageObject","url":"https:\/\/anoticiaonline.com.br\/site\/wp-content\/uploads\/2018\/09\/Bodas-de-Cedro.jpg","@id":"https:\/\/anoticiaonline.com.br\/site\/sociarte-5-8\/#articleImage","width":960,"height":720},"datePublished":"2018-09-05T12:39:31-03:00","dateModified":"2018-09-05T12:39:31-03:00","inLanguage":"pt-BR","mainEntityOfPage":{"@id":"https:\/\/anoticiaonline.com.br\/site\/sociarte-5-8\/#webpage"},"isPartOf":{"@id":"https:\/\/anoticiaonline.com.br\/site\/sociarte-5-8\/#webpage"},"articleSection":"Sociarte"},{"@type":"BreadcrumbList","@id":"https:\/\/anoticiaonline.com.br\/site\/sociarte-5-8\/#breadcrumblist","itemListElement":[{"@type":"ListItem","@id":"https:\/\/anoticiaonline.com.br\/site#listItem","position":1,"name":"Home","item":"https:\/\/anoticiaonline.com.br\/site","nextItem":{"@type":"ListItem","@id":"https:\/\/anoticiaonline.com.br\/site\/categoria\/colunistas\/#listItem","name":"Colunistas"}},{"@type":"ListItem","@id":"https:\/\/anoticiaonline.com.br\/site\/categoria\/colunistas\/#listItem","position":2,"name":"Colunistas","item":"https:\/\/anoticiaonline.com.br\/site\/categoria\/colunistas\/","nextItem":{"@type":"ListItem","@id":"https:\/\/anoticiaonline.com.br\/site\/categoria\/colunistas\/sociarte\/#listItem","name":"Sociarte"},"previousItem":{"@type":"ListItem","@id":"https:\/\/anoticiaonline.com.br\/site#listItem","name":"Home"}},{"@type":"ListItem","@id":"https:\/\/anoticiaonline.com.br\/site\/categoria\/colunistas\/sociarte\/#listItem","position":3,"name":"Sociarte","item":"https:\/\/anoticiaonline.com.br\/site\/categoria\/colunistas\/sociarte\/","nextItem":{"@type":"ListItem","@id":"https:\/\/anoticiaonline.com.br\/site\/sociarte-5-8\/#listItem","name":"Sociarte 5\/8:"},"previousItem":{"@type":"ListItem","@id":"https:\/\/anoticiaonline.com.br\/site\/categoria\/colunistas\/#listItem","name":"Colunistas"}},{"@type":"ListItem","@id":"https:\/\/anoticiaonline.com.br\/site\/sociarte-5-8\/#listItem","position":4,"name":"Sociarte 5\/8:","previousItem":{"@type":"ListItem","@id":"https:\/\/anoticiaonline.com.br\/site\/categoria\/colunistas\/sociarte\/#listItem","name":"Sociarte"}}]},{"@type":"Organization","@id":"https:\/\/anoticiaonline.com.br\/site\/#organization","name":"A Not\u00edcia Online","description":"Noticias de Muria\u00e9 e regi\u00e3o","url":"https:\/\/anoticiaonline.com.br\/site\/","logo":{"@type":"ImageObject","url":"https:\/\/scontent-gig4-1.xx.fbcdn.net\/v\/t39.30808-1\/270437624_4564083193639691_6907940295614233970_n.jpg?stp=dst-jpg_s200x200_tt6&_nc_cat=111&ccb=1-7&_nc_sid=f907e8&_nc_ohc=SM1wRlP3lJwQ7kNvwEPuBYA&_nc_oc=AdnqrjDN_BNjSSHWO-GbkIWH6fkGMLw4bqvL_NH6e2wMveX7G-rP2dAqsDSq1mJMOaY&_nc_zt=24&_nc_ht=scontent-gig4-1.xx&_nc_gid=AoBFJeGrT1hVaew_6rchkQ&oh=00_AfX7QmFGhQhG2jAllVgXCiM1ZrWgvtp80-Bfppyexh1QEg&oe=689E923C","@id":"https:\/\/anoticiaonline.com.br\/site\/sociarte-5-8\/#organizationLogo"},"image":{"@id":"https:\/\/anoticiaonline.com.br\/site\/sociarte-5-8\/#organizationLogo"}},{"@type":"Person","@id":"https:\/\/anoticiaonline.com.br\/site\/author\/juliana\/#author","url":"https:\/\/anoticiaonline.com.br\/site\/author\/juliana\/","name":"Juliana Laviola","image":{"@type":"ImageObject","@id":"https:\/\/anoticiaonline.com.br\/site\/sociarte-5-8\/#authorImage","url":"https:\/\/secure.gravatar.com\/avatar\/b8d45f5c699b100dfaf0e543582f38f38bf94cb7ae3a5e9abf8d891a34773335?s=96&d=mm&r=g","width":96,"height":96,"caption":"Juliana Laviola"}},{"@type":"WebPage","@id":"https:\/\/anoticiaonline.com.br\/site\/sociarte-5-8\/#webpage","url":"https:\/\/anoticiaonline.com.br\/site\/sociarte-5-8\/","name":"Sociarte 5\/8: - A Not\u00edcia Online","description":"Bodas de Cedro O simp\u00e1tico casal Imaculada e Crisostinho completaram na ter\u00e7a-feira (4) os seus 36 anos de casados, ou Bodas de Cedro. Eles constru\u00edram, ao longo dos anos uma fam\u00edlia linda e cheia de muito carinho. Eles s\u00e3o pais dos lindos Simaire, Simone e S\u00e9rgio. Parab\u00e9ns, Imaculada e Crisostinho, que Deus conceda a voc\u00eas","inLanguage":"pt-BR","isPartOf":{"@id":"https:\/\/anoticiaonline.com.br\/site\/#website"},"breadcrumb":{"@id":"https:\/\/anoticiaonline.com.br\/site\/sociarte-5-8\/#breadcrumblist"},"author":{"@id":"https:\/\/anoticiaonline.com.br\/site\/author\/juliana\/#author"},"creator":{"@id":"https:\/\/anoticiaonline.com.br\/site\/author\/juliana\/#author"},"datePublished":"2018-09-05T12:39:31-03:00","dateModified":"2018-09-05T12:39:31-03:00"},{"@type":"WebSite","@id":"https:\/\/anoticiaonline.com.br\/site\/#website","url":"https:\/\/anoticiaonline.com.br\/site\/","name":"A Not\u00edcia Online","description":"Noticias de Muria\u00e9 e regi\u00e3o","inLanguage":"pt-BR","publisher":{"@id":"https:\/\/anoticiaonline.com.br\/site\/#organization"}}]},"og:locale":"pt_BR","og:site_name":"A Not\u00edcia Online - Noticias de Muria\u00e9 e regi\u00e3o","og:type":"article","og:title":"Sociarte 5\/8: - A Not\u00edcia Online","og:description":"Bodas de Cedro O simp\u00e1tico casal Imaculada e Crisostinho completaram na ter\u00e7a-feira (4) os seus 36 anos de casados, ou Bodas de Cedro. Eles constru\u00edram, ao longo dos anos uma fam\u00edlia linda e cheia de muito carinho. Eles s\u00e3o pais dos lindos Simaire, Simone e S\u00e9rgio. Parab\u00e9ns, Imaculada e Crisostinho, que Deus conceda a voc\u00eas","og:url":"https:\/\/anoticiaonline.com.br\/site\/sociarte-5-8\/","og:image":"https:\/\/scontent-gig4-1.xx.fbcdn.net\/v\/t39.30808-1\/270437624_4564083193639691_6907940295614233970_n.jpg?stp=dst-jpg_s200x200_tt6&#038;_nc_cat=111&#038;ccb=1-7&#038;_nc_sid=f907e8&#038;_nc_ohc=SM1wRlP3lJwQ7kNvwEPuBYA&#038;_nc_oc=AdnqrjDN_BNjSSHWO-GbkIWH6fkGMLw4bqvL_NH6e2wMveX7G-rP2dAqsDSq1mJMOaY&#038;_nc_zt=24&#038;_nc_ht=scontent-gig4-1.xx&#038;_nc_gid=AoBFJeGrT1hVaew_6rchkQ&#038;oh=00_AfX7QmFGhQhG2jAllVgXCiM1ZrWgvtp80-Bfppyexh1QEg&#038;oe=689E923C","og:image:secure_url":"https:\/\/scontent-gig4-1.xx.fbcdn.net\/v\/t39.30808-1\/270437624_4564083193639691_6907940295614233970_n.jpg?stp=dst-jpg_s200x200_tt6&#038;_nc_cat=111&#038;ccb=1-7&#038;_nc_sid=f907e8&#038;_nc_ohc=SM1wRlP3lJwQ7kNvwEPuBYA&#038;_nc_oc=AdnqrjDN_BNjSSHWO-GbkIWH6fkGMLw4bqvL_NH6e2wMveX7G-rP2dAqsDSq1mJMOaY&#038;_nc_zt=24&#038;_nc_ht=scontent-gig4-1.xx&#038;_nc_gid=AoBFJeGrT1hVaew_6rchkQ&#038;oh=00_AfX7QmFGhQhG2jAllVgXCiM1ZrWgvtp80-Bfppyexh1QEg&#038;oe=689E923C","article:published_time":"2018-09-05T15:39:31+00:00","article:modified_time":"2018-09-05T15:39:31+00:00","twitter:card":"summary_large_image","twitter:title":"Sociarte 5\/8: - A Not\u00edcia Online","twitter:description":"Bodas de Cedro O simp\u00e1tico casal Imaculada e Crisostinho completaram na ter\u00e7a-feira (4) os seus 36 anos de casados, ou Bodas de Cedro. Eles constru\u00edram, ao longo dos anos uma fam\u00edlia linda e cheia de muito carinho. Eles s\u00e3o pais dos lindos Simaire, Simone e S\u00e9rgio. Parab\u00e9ns, Imaculada e Crisostinho, que Deus conceda a voc\u00eas","twitter:image":"https:\/\/scontent-gig4-1.xx.fbcdn.net\/v\/t39.30808-1\/270437624_4564083193639691_6907940295614233970_n.jpg?stp=dst-jpg_s200x200_tt6&_nc_cat=111&ccb=1-7&_nc_sid=f907e8&_nc_ohc=SM1wRlP3lJwQ7kNvwEPuBYA&_nc_oc=AdnqrjDN_BNjSSHWO-GbkIWH6fkGMLw4bqvL_NH6e2wMveX7G-rP2dAqsDSq1mJMOaY&_nc_zt=24&_nc_ht=scontent-gig4-1.xx&_nc_gid=AoBFJeGrT1hVaew_6rchkQ&oh=00_AfX7QmFGhQhG2jAllVgXCiM1ZrWgvtp80-Bfppyexh1QEg&oe=689E923C"},"aioseo_meta_data":{"post_id":"61189","title":null,"description":null,"keywords":null,"keyphrases":null,"primary_term":null,"canonical_url":null,"og_title":null,"og_description":null,"og_object_type":"default","og_image_type":"default","og_image_url":null,"og_image_width":null,"og_image_height":null,"og_image_custom_url":null,"og_image_custom_fields":null,"og_video":null,"og_custom_url":null,"og_article_section":null,"og_article_tags":null,"twitter_use_og":false,"twitter_card":"default","twitter_image_type":"default","twitter_image_url":null,"twitter_image_custom_url":null,"twitter_image_custom_fields":null,"twitter_title":null,"twitter_description":null,"schema":{"blockGraphs":[],"customGraphs":[],"default":{"data":{"Article":[],"Course":[],"Dataset":[],"FAQPage":[],"Movie":[],"Person":[],"Product":[],"ProductReview":[],"Car":[],"Recipe":[],"Service":[],"SoftwareApplication":[],"WebPage":[]},"graphName":"","isEnabled":true},"graphs":[]},"schema_type":"default","schema_type_options":null,"pillar_content":false,"robots_default":true,"robots_noindex":false,"robots_noarchive":false,"robots_nosnippet":false,"robots_nofollow":false,"robots_noimageindex":false,"robots_noodp":false,"robots_notranslate":false,"robots_max_snippet":null,"robots_max_videopreview":null,"robots_max_imagepreview":"large","priority":null,"frequency":null,"local_seo":null,"breadcrumb_settings":null,"limit_modified_date":false,"ai":null,"created":"2025-08-16 21:35:10","updated":"2025-08-16 21:35:10","focus_keyword":null,"additional_keywords":null,"truseo_locale":null,"seo_analyzer_scan_date":null},"aioseo_breadcrumb":"<div class=\"aioseo-breadcrumbs\"><span class=\"aioseo-breadcrumb\">\n\t\t\t<a href=\"https:\/\/anoticiaonline.com.br\/site\" title=\"Home\">Home<\/a>\n\t\t<\/span><span class=\"aioseo-breadcrumb-separator\">&raquo;<\/span><span class=\"aioseo-breadcrumb\">\n\t\t\t<a href=\"https:\/\/anoticiaonline.com.br\/site\/categoria\/colunistas\/\" title=\"Colunistas\">Colunistas<\/a>\n\t\t<\/span><span class=\"aioseo-breadcrumb-separator\">&raquo;<\/span><span class=\"aioseo-breadcrumb\">\n\t\t\t<a href=\"https:\/\/anoticiaonline.com.br\/site\/categoria\/colunistas\/sociarte\/\" title=\"Sociarte\">Sociarte<\/a>\n\t\t<\/span><span class=\"aioseo-breadcrumb-separator\">&raquo;<\/span><span class=\"aioseo-breadcrumb\">\n\t\t\tSociarte 5\/8:\n\t\t<\/span><\/div>","aioseo_breadcrumb_json":[{"label":"Home","link":"https:\/\/anoticiaonline.com.br\/site"},{"label":"Colunistas","link":"https:\/\/anoticiaonline.com.br\/site\/categoria\/colunistas\/"},{"label":"Sociarte","link":"https:\/\/anoticiaonline.com.br\/site\/categoria\/colunistas\/sociarte\/"},{"label":"Sociarte 5\/8:","link":"https:\/\/anoticiaonline.com.br\/site\/sociarte-5-8\/"}],"views":153,"_links":{"self":[{"href":"https:\/\/anoticiaonline.com.br\/site\/wp-json\/wp\/v2\/posts\/61189","targetHints":{"allow":["GET"]}}],"collection":[{"href":"https:\/\/anoticiaonline.com.br\/site\/wp-json\/wp\/v2\/posts"}],"about":[{"href":"https:\/\/anoticiaonline.com.br\/site\/wp-json\/wp\/v2\/types\/post"}],"author":[{"embeddable":true,"href":"https:\/\/anoticiaonline.com.br\/site\/wp-json\/wp\/v2\/users\/2"}],"replies":[{"embeddable":true,"href":"https:\/\/anoticiaonline.com.br\/site\/wp-json\/wp\/v2\/comments?post=61189"}],"version-history":[{"count":0,"href":"https:\/\/anoticiaonline.com.br\/site\/wp-json\/wp\/v2\/posts\/61189\/revisions"}],"wp:attachment":[{"href":"https:\/\/anoticiaonline.com.br\/site\/wp-json\/wp\/v2\/media?parent=61189"}],"wp:term":[{"taxonomy":"category","embeddable":true,"href":"https:\/\/anoticiaonline.com.br\/site\/wp-json\/wp\/v2\/categories?post=61189"},{"taxonomy":"post_tag","embeddable":true,"href":"https:\/\/anoticiaonline.com.br\/site\/wp-json\/wp\/v2\/tags?post=61189"}],"curies":[{"name":"wp","href":"https:\/\/api.w.org\/{rel}","templated":true}]}}