{"id":61125,"date":"2018-09-04T18:22:05","date_gmt":"2018-09-04T21:22:05","guid":{"rendered":"http:\/\/anoticiaonline.com.br\/site\/?p=61125"},"modified":"2018-09-05T14:25:57","modified_gmt":"2018-09-05T17:25:57","slug":"projeto-ciranda-cultural-promove-lancamento-de-seu-edital-de-premiacao","status":"publish","type":"post","link":"https:\/\/anoticiaonline.com.br\/site\/projeto-ciranda-cultural-promove-lancamento-de-seu-edital-de-premiacao\/","title":{"rendered":"Projeto Ciranda Cultural"},"content":{"rendered":"<p><em><strong>Projeto Ciranda Cultural promove lan\u00e7amento de seu Edital de Premia\u00e7\u00e3o<\/strong><\/em><\/p>\n<p><a href=\"https:\/\/anoticiaonline.com.br\/site\/wp-content\/uploads\/2018\/09\/DSC_0175.jpg\"><img fetchpriority=\"high\" decoding=\"async\" class=\"aligncenter size-full wp-image-61128\" src=\"https:\/\/anoticiaonline.com.br\/site\/wp-content\/uploads\/2018\/09\/DSC_0175.jpg\" alt=\"\" width=\"1000\" height=\"667\" srcset=\"https:\/\/anoticiaonline.com.br\/site\/wp-content\/uploads\/2018\/09\/DSC_0175.jpg 1000w, https:\/\/anoticiaonline.com.br\/site\/wp-content\/uploads\/2018\/09\/DSC_0175-300x200.jpg 300w, https:\/\/anoticiaonline.com.br\/site\/wp-content\/uploads\/2018\/09\/DSC_0175-768x512.jpg 768w\" sizes=\"(max-width: 1000px) 100vw, 1000px\" \/><\/a> <a href=\"https:\/\/anoticiaonline.com.br\/site\/wp-content\/uploads\/2018\/09\/DSC_0187.jpg\"><img decoding=\"async\" class=\"aligncenter size-full wp-image-61129\" src=\"https:\/\/anoticiaonline.com.br\/site\/wp-content\/uploads\/2018\/09\/DSC_0187.jpg\" alt=\"\" width=\"1000\" height=\"667\" srcset=\"https:\/\/anoticiaonline.com.br\/site\/wp-content\/uploads\/2018\/09\/DSC_0187.jpg 1000w, https:\/\/anoticiaonline.com.br\/site\/wp-content\/uploads\/2018\/09\/DSC_0187-300x200.jpg 300w, https:\/\/anoticiaonline.com.br\/site\/wp-content\/uploads\/2018\/09\/DSC_0187-768x512.jpg 768w\" sizes=\"(max-width: 1000px) 100vw, 1000px\" \/><\/a><a href=\"https:\/\/anoticiaonline.com.br\/site\/wp-content\/uploads\/2018\/09\/DSC_0191.jpg\"><img decoding=\"async\" class=\"aligncenter size-full wp-image-61134\" src=\"https:\/\/anoticiaonline.com.br\/site\/wp-content\/uploads\/2018\/09\/DSC_0191.jpg\" alt=\"\" width=\"1000\" height=\"667\" srcset=\"https:\/\/anoticiaonline.com.br\/site\/wp-content\/uploads\/2018\/09\/DSC_0191.jpg 1000w, https:\/\/anoticiaonline.com.br\/site\/wp-content\/uploads\/2018\/09\/DSC_0191-300x200.jpg 300w, https:\/\/anoticiaonline.com.br\/site\/wp-content\/uploads\/2018\/09\/DSC_0191-768x512.jpg 768w\" sizes=\"(max-width: 1000px) 100vw, 1000px\" \/><\/a><a href=\"https:\/\/anoticiaonline.com.br\/site\/wp-content\/uploads\/2018\/09\/DSC_0197.jpg\"><img loading=\"lazy\" decoding=\"async\" class=\"aligncenter size-full wp-image-61131\" src=\"https:\/\/anoticiaonline.com.br\/site\/wp-content\/uploads\/2018\/09\/DSC_0197.jpg\" alt=\"\" width=\"1000\" height=\"667\" srcset=\"https:\/\/anoticiaonline.com.br\/site\/wp-content\/uploads\/2018\/09\/DSC_0197.jpg 1000w, https:\/\/anoticiaonline.com.br\/site\/wp-content\/uploads\/2018\/09\/DSC_0197-300x200.jpg 300w, https:\/\/anoticiaonline.com.br\/site\/wp-content\/uploads\/2018\/09\/DSC_0197-768x512.jpg 768w\" sizes=\"(max-width: 1000px) 100vw, 1000px\" \/><\/a>Aconteceu, no dia 30 de agosto, o lan\u00e7amento do Edital de Premia\u00e7\u00e3o do Projeto Ciranda Cultural. Aprovado pelo Estado, com patroc\u00ednio da Empresa Energisa, o projeto tem como finalidade trabalhar na \u00e1rea de forma\u00e7\u00e3o cultural, envolvendo adolescentes e jovens, nas oficinas de Dan\u00e7a, M\u00fasica e Teatro nas Escolas Estaduais Gon\u00e7alves Couto, Olavo Tostes e Orlando Flores.<\/p>\n<p>O objetivo da premia\u00e7\u00e3o \u00e9 preparar os jovens para escreverem seus pr\u00f3prios projetos culturais, descobrir novos talentos no campo das Artes e da Cultura e reconhecer aqueles produtores que j\u00e1 t\u00eam uma trajet\u00f3ria de trabalhos nesses campos.<\/p>\n<p>Sendo assim, os pr\u00eamios do Ciranda Cultural foram divididos nas seguintes categorias:<\/p>\n<ol>\n<li>Projetos Criativos na Escola;<\/li>\n<li>Projetos para jovens protagonistas culturais;<\/li>\n<li>Pr\u00eamio Produtor Cultural.<\/li>\n<\/ol>\n<p>De acordo com a coordenadora do Ciranda Cultural, Gilca Napier,\u00a0a partir da participa\u00e7\u00e3o nas oficinas, adolescentes e jovens poder\u00e3o concorrer ao pr\u00eamio. \u201cVale lembrar que tamb\u00e9m poder\u00e3o participar do pr\u00eamio, o produtor que nunca executou um projeto cultural na cidade, mas que possui este sonho, e os que j\u00e1 possuem experi\u00eancia. \u00c9 um edital muito simples, onde todos podem concorrer. Al\u00e9m disso, daremos consultoria aos candidatos no passo a passo\u201d, conta.<\/p>\n<p>A coordenadora de arte e educa\u00e7\u00e3o do Projeto Ciranda Cultural, Alessandra Sexto, disse que adolescentes e jovens de 14 a 29 anos, residentes em Muria\u00e9, podem participar. \u201c\u00c9 importante salientar que estes jovens n\u00e3o precisam estar matriculados nas escolas parceiras do Projeto. Tamb\u00e9m s\u00e3o convidados a participarem do Pr\u00eamio, os produtores culturais com experi\u00eancia e grupos art\u00edsticos\u201d.<\/p>\n<p>O coordenador executivo, Fernando Paix\u00e3o Duarte, fez quest\u00e3o de agradecer aos patrocinadores: \u201ca realiza\u00e7\u00e3o do projeto s\u00f3 foi poss\u00edvel devido ao patroc\u00ednio do Governo de Minas e Energisa, que acreditaram nesse sonho\u201d, salientou.<\/p>\n<p><strong>Inscri\u00e7\u00f5es \u2013<\/strong> de 24 de setembro at\u00e9 5 de outubro. Informa\u00e7\u00f5es pelo telefone: 988000709 ou pelo email projetocirandacultural@gmail.com.<\/p>\n<p><strong>*\u00c9 expressamente proibida a c\u00f3pia, reprodu\u00e7\u00e3o, difus\u00e3o, transmiss\u00e3o, utiliza\u00e7\u00e3o, modifica\u00e7\u00e3o, venda, publica\u00e7\u00e3o, distribui\u00e7\u00e3o ou qualquer outro, na totalidade ou em parte, deste material sem a pr\u00e9via autoriza\u00e7\u00e3o, por escrito, da dire\u00e7\u00e3o do jornal A NOT\u00cdCIA.<\/strong><\/p>\n<p>&nbsp;<\/p>\n<p><a href=\"https:\/\/anoticiaonline.com.br\/site\/wp-content\/uploads\/2018\/09\/DSC_0160.jpg\"><img loading=\"lazy\" decoding=\"async\" class=\"aligncenter size-full wp-image-61126\" src=\"https:\/\/anoticiaonline.com.br\/site\/wp-content\/uploads\/2018\/09\/DSC_0160.jpg\" alt=\"\" width=\"1000\" height=\"667\" srcset=\"https:\/\/anoticiaonline.com.br\/site\/wp-content\/uploads\/2018\/09\/DSC_0160.jpg 1000w, https:\/\/anoticiaonline.com.br\/site\/wp-content\/uploads\/2018\/09\/DSC_0160-300x200.jpg 300w, https:\/\/anoticiaonline.com.br\/site\/wp-content\/uploads\/2018\/09\/DSC_0160-768x512.jpg 768w\" sizes=\"(max-width: 1000px) 100vw, 1000px\" \/><\/a><\/p>\n<p><a href=\"https:\/\/anoticiaonline.com.br\/site\/wp-content\/uploads\/2018\/09\/DSC_0163.jpg\"><img loading=\"lazy\" decoding=\"async\" class=\"aligncenter size-full wp-image-61127\" src=\"https:\/\/anoticiaonline.com.br\/site\/wp-content\/uploads\/2018\/09\/DSC_0163.jpg\" alt=\"\" width=\"1000\" height=\"667\" srcset=\"https:\/\/anoticiaonline.com.br\/site\/wp-content\/uploads\/2018\/09\/DSC_0163.jpg 1000w, https:\/\/anoticiaonline.com.br\/site\/wp-content\/uploads\/2018\/09\/DSC_0163-300x200.jpg 300w, https:\/\/anoticiaonline.com.br\/site\/wp-content\/uploads\/2018\/09\/DSC_0163-768x512.jpg 768w\" sizes=\"(max-width: 1000px) 100vw, 1000px\" \/><\/a><\/p>\n<p><a href=\"https:\/\/anoticiaonline.com.br\/site\/wp-content\/uploads\/2018\/09\/2.jpg\"><img loading=\"lazy\" decoding=\"async\" class=\"aligncenter size-full wp-image-61139\" src=\"https:\/\/anoticiaonline.com.br\/site\/wp-content\/uploads\/2018\/09\/2.jpg\" alt=\"\" width=\"1200\" height=\"231\" srcset=\"https:\/\/anoticiaonline.com.br\/site\/wp-content\/uploads\/2018\/09\/2.jpg 1000w, https:\/\/anoticiaonline.com.br\/site\/wp-content\/uploads\/2018\/09\/2-300x58.jpg 300w, https:\/\/anoticiaonline.com.br\/site\/wp-content\/uploads\/2018\/09\/2-768x148.jpg 768w, https:\/\/anoticiaonline.com.br\/site\/wp-content\/uploads\/2018\/09\/2-1024x197.jpg 1024w\" sizes=\"(max-width: 1200px) 100vw, 1200px\" \/><\/a><\/p>\n<p>&nbsp;<\/p>\n<p><strong>*\u00c9 expressamente proibida a c\u00f3pia, reprodu\u00e7\u00e3o, difus\u00e3o, transmiss\u00e3o, utiliza\u00e7\u00e3o, modifica\u00e7\u00e3o, venda, publica\u00e7\u00e3o, distribui\u00e7\u00e3o ou qualquer outro, na totalidade ou em parte, deste material sem a pr\u00e9via autoriza\u00e7\u00e3o, por escrito, da dire\u00e7\u00e3o do jornal A NOT\u00cdCIA.<\/strong><\/p>\n<p>&nbsp;<\/p>\n","protected":false},"excerpt":{"rendered":"<p>Projeto Ciranda Cultural promove lan\u00e7amento de seu Edital de Premia\u00e7\u00e3o Aconteceu, no dia 30 de agosto, o lan\u00e7amento do Edital de Premia\u00e7\u00e3o do Projeto Ciranda Cultural. Aprovado pelo Estado, com patroc\u00ednio da Empresa Energisa, o projeto tem como finalidade trabalhar na \u00e1rea de forma\u00e7\u00e3o cultural, envolvendo adolescentes e jovens, nas oficinas de Dan\u00e7a, M\u00fasica e &#8230; <a title=\"Projeto Ciranda Cultural\" class=\"read-more\" href=\"https:\/\/anoticiaonline.com.br\/site\/projeto-ciranda-cultural-promove-lancamento-de-seu-edital-de-premiacao\/\" aria-label=\"Read more about Projeto Ciranda Cultural\">Ler mais<\/a><\/p>\n","protected":false},"author":2,"featured_media":61134,"comment_status":"open","ping_status":"open","sticky":false,"template":"","format":"standard","meta":{"_acf_changed":false,"_monsterinsights_skip_tracking":false,"footnotes":""},"categories":[19],"tags":[3045,2644,479,3042,2647,1617,1092,3043,3044,2643],"class_list":["post-61125","post","type-post","status-publish","format-standard","has-post-thumbnail","hentry","category-cultura","tag-alessandra-sexto","tag-ciranda-cultural","tag-energisa","tag-fernando-paixao-duarte","tag-gilca-napier","tag-goncalves-couto","tag-governo-de-minas","tag-olavo-tostes","tag-orlando-flores","tag-projeto-ciranda-cultural"],"acf":[],"aioseo_notices":[],"aioseo_head":"\n\t\t<!-- All in One SEO 5.0.0.1 - aioseo.com -->\n\t<meta name=\"description\" content=\"Projeto Ciranda Cultural promove lan\u00e7amento de seu Edital de Premia\u00e7\u00e3o Aconteceu, no dia 30 de agosto, o lan\u00e7amento do Edital de Premia\u00e7\u00e3o do Projeto Ciranda Cultural. Aprovado pelo Estado, com patroc\u00ednio da Empresa Energisa, o projeto tem como finalidade trabalhar na \u00e1rea de forma\u00e7\u00e3o cultural, envolvendo adolescentes e jovens, nas oficinas de Dan\u00e7a, M\u00fasica e\" \/>\n\t<meta name=\"robots\" content=\"max-image-preview:large\" \/>\n\t<meta name=\"author\" content=\"Juliana Laviola\"\/>\n\t<link rel=\"canonical\" href=\"https:\/\/anoticiaonline.com.br\/site\/projeto-ciranda-cultural-promove-lancamento-de-seu-edital-de-premiacao\/\" \/>\n\t<meta name=\"generator\" content=\"All in One SEO (AIOSEO) 5.0.0.1\" \/>\n\t\t<meta property=\"og:locale\" content=\"pt_BR\" \/>\n\t\t<meta property=\"og:site_name\" content=\"A Not\u00edcia Online - Noticias de Muria\u00e9 e regi\u00e3o\" \/>\n\t\t<meta property=\"og:type\" content=\"article\" \/>\n\t\t<meta property=\"og:title\" content=\"Projeto Ciranda Cultural - A Not\u00edcia Online\" \/>\n\t\t<meta property=\"og:description\" content=\"Projeto Ciranda Cultural promove lan\u00e7amento de seu Edital de Premia\u00e7\u00e3o Aconteceu, no dia 30 de agosto, o lan\u00e7amento do Edital de Premia\u00e7\u00e3o do Projeto Ciranda Cultural. Aprovado pelo Estado, com patroc\u00ednio da Empresa Energisa, o projeto tem como finalidade trabalhar na \u00e1rea de forma\u00e7\u00e3o cultural, envolvendo adolescentes e jovens, nas oficinas de Dan\u00e7a, M\u00fasica e\" \/>\n\t\t<meta property=\"og:url\" content=\"https:\/\/anoticiaonline.com.br\/site\/projeto-ciranda-cultural-promove-lancamento-de-seu-edital-de-premiacao\/\" \/>\n\t\t<meta property=\"og:image\" content=\"https:\/\/scontent-gig4-1.xx.fbcdn.net\/v\/t39.30808-1\/270437624_4564083193639691_6907940295614233970_n.jpg?stp=dst-jpg_s200x200_tt6&#038;_nc_cat=111&#038;ccb=1-7&#038;_nc_sid=f907e8&#038;_nc_ohc=SM1wRlP3lJwQ7kNvwEPuBYA&#038;_nc_oc=AdnqrjDN_BNjSSHWO-GbkIWH6fkGMLw4bqvL_NH6e2wMveX7G-rP2dAqsDSq1mJMOaY&#038;_nc_zt=24&#038;_nc_ht=scontent-gig4-1.xx&#038;_nc_gid=AoBFJeGrT1hVaew_6rchkQ&#038;oh=00_AfX7QmFGhQhG2jAllVgXCiM1ZrWgvtp80-Bfppyexh1QEg&#038;oe=689E923C\" \/>\n\t\t<meta property=\"og:image:secure_url\" content=\"https:\/\/scontent-gig4-1.xx.fbcdn.net\/v\/t39.30808-1\/270437624_4564083193639691_6907940295614233970_n.jpg?stp=dst-jpg_s200x200_tt6&#038;_nc_cat=111&#038;ccb=1-7&#038;_nc_sid=f907e8&#038;_nc_ohc=SM1wRlP3lJwQ7kNvwEPuBYA&#038;_nc_oc=AdnqrjDN_BNjSSHWO-GbkIWH6fkGMLw4bqvL_NH6e2wMveX7G-rP2dAqsDSq1mJMOaY&#038;_nc_zt=24&#038;_nc_ht=scontent-gig4-1.xx&#038;_nc_gid=AoBFJeGrT1hVaew_6rchkQ&#038;oh=00_AfX7QmFGhQhG2jAllVgXCiM1ZrWgvtp80-Bfppyexh1QEg&#038;oe=689E923C\" \/>\n\t\t<meta property=\"article:published_time\" content=\"2018-09-04T21:22:05+00:00\" \/>\n\t\t<meta property=\"article:modified_time\" content=\"2018-09-05T17:25:57+00:00\" \/>\n\t\t<meta name=\"twitter:card\" content=\"summary_large_image\" \/>\n\t\t<meta name=\"twitter:title\" content=\"Projeto Ciranda Cultural - A Not\u00edcia Online\" \/>\n\t\t<meta name=\"twitter:description\" content=\"Projeto Ciranda Cultural promove lan\u00e7amento de seu Edital de Premia\u00e7\u00e3o Aconteceu, no dia 30 de agosto, o lan\u00e7amento do Edital de Premia\u00e7\u00e3o do Projeto Ciranda Cultural. Aprovado pelo Estado, com patroc\u00ednio da Empresa Energisa, o projeto tem como finalidade trabalhar na \u00e1rea de forma\u00e7\u00e3o cultural, envolvendo adolescentes e jovens, nas oficinas de Dan\u00e7a, M\u00fasica e\" \/>\n\t\t<meta name=\"twitter:image\" content=\"https:\/\/scontent-gig4-1.xx.fbcdn.net\/v\/t39.30808-1\/270437624_4564083193639691_6907940295614233970_n.jpg?stp=dst-jpg_s200x200_tt6&amp;_nc_cat=111&amp;ccb=1-7&amp;_nc_sid=f907e8&amp;_nc_ohc=SM1wRlP3lJwQ7kNvwEPuBYA&amp;_nc_oc=AdnqrjDN_BNjSSHWO-GbkIWH6fkGMLw4bqvL_NH6e2wMveX7G-rP2dAqsDSq1mJMOaY&amp;_nc_zt=24&amp;_nc_ht=scontent-gig4-1.xx&amp;_nc_gid=AoBFJeGrT1hVaew_6rchkQ&amp;oh=00_AfX7QmFGhQhG2jAllVgXCiM1ZrWgvtp80-Bfppyexh1QEg&amp;oe=689E923C\" \/>\n\t\t<script type=\"application\/ld+json\" class=\"aioseo-schema\">\n\t\t\t{\"@context\":\"https:\\\/\\\/schema.org\",\"@graph\":[{\"@type\":\"BlogPosting\",\"@id\":\"https:\\\/\\\/anoticiaonline.com.br\\\/site\\\/projeto-ciranda-cultural-promove-lancamento-de-seu-edital-de-premiacao\\\/#blogposting\",\"name\":\"Projeto Ciranda Cultural - A Not\\u00edcia Online\",\"headline\":\"Projeto Ciranda Cultural\",\"author\":{\"@id\":\"https:\\\/\\\/anoticiaonline.com.br\\\/site\\\/author\\\/juliana\\\/#author\"},\"publisher\":{\"@id\":\"https:\\\/\\\/anoticiaonline.com.br\\\/site\\\/#organization\"},\"image\":{\"@type\":\"ImageObject\",\"url\":\"https:\\\/\\\/anoticiaonline.com.br\\\/site\\\/wp-content\\\/uploads\\\/2018\\\/09\\\/DSC_0191.jpg\",\"width\":1000,\"height\":667},\"datePublished\":\"2018-09-04T18:22:05-03:00\",\"dateModified\":\"2018-09-05T14:25:57-03:00\",\"inLanguage\":\"pt-BR\",\"mainEntityOfPage\":{\"@id\":\"https:\\\/\\\/anoticiaonline.com.br\\\/site\\\/projeto-ciranda-cultural-promove-lancamento-de-seu-edital-de-premiacao\\\/#webpage\"},\"isPartOf\":{\"@id\":\"https:\\\/\\\/anoticiaonline.com.br\\\/site\\\/projeto-ciranda-cultural-promove-lancamento-de-seu-edital-de-premiacao\\\/#webpage\"},\"articleSection\":\"Cultura, Alessandra Sexto, Ciranda Cultural, Energisa, Fernando Paix\\u00e3o Duarte, Gilca Napier, Gon\\u00e7alves Couto, governo de minas, Olavo Tostes, Orlando Flores, Projeto \\u201cCiranda Cultural\\u201d\"},{\"@type\":\"BreadcrumbList\",\"@id\":\"https:\\\/\\\/anoticiaonline.com.br\\\/site\\\/projeto-ciranda-cultural-promove-lancamento-de-seu-edital-de-premiacao\\\/#breadcrumblist\",\"itemListElement\":[{\"@type\":\"ListItem\",\"@id\":\"https:\\\/\\\/anoticiaonline.com.br\\\/site#listItem\",\"position\":1,\"name\":\"Home\",\"item\":\"https:\\\/\\\/anoticiaonline.com.br\\\/site\",\"nextItem\":{\"@type\":\"ListItem\",\"@id\":\"https:\\\/\\\/anoticiaonline.com.br\\\/site\\\/categoria\\\/muriae\\\/#listItem\",\"name\":\"Blog\"}},{\"@type\":\"ListItem\",\"@id\":\"https:\\\/\\\/anoticiaonline.com.br\\\/site\\\/categoria\\\/muriae\\\/#listItem\",\"position\":2,\"name\":\"Blog\",\"item\":\"https:\\\/\\\/anoticiaonline.com.br\\\/site\\\/categoria\\\/muriae\\\/\",\"nextItem\":{\"@type\":\"ListItem\",\"@id\":\"https:\\\/\\\/anoticiaonline.com.br\\\/site\\\/categoria\\\/muriae\\\/cultura\\\/#listItem\",\"name\":\"Cultura\"},\"previousItem\":{\"@type\":\"ListItem\",\"@id\":\"https:\\\/\\\/anoticiaonline.com.br\\\/site#listItem\",\"name\":\"Home\"}},{\"@type\":\"ListItem\",\"@id\":\"https:\\\/\\\/anoticiaonline.com.br\\\/site\\\/categoria\\\/muriae\\\/cultura\\\/#listItem\",\"position\":3,\"name\":\"Cultura\",\"item\":\"https:\\\/\\\/anoticiaonline.com.br\\\/site\\\/categoria\\\/muriae\\\/cultura\\\/\",\"nextItem\":{\"@type\":\"ListItem\",\"@id\":\"https:\\\/\\\/anoticiaonline.com.br\\\/site\\\/projeto-ciranda-cultural-promove-lancamento-de-seu-edital-de-premiacao\\\/#listItem\",\"name\":\"Projeto Ciranda Cultural\"},\"previousItem\":{\"@type\":\"ListItem\",\"@id\":\"https:\\\/\\\/anoticiaonline.com.br\\\/site\\\/categoria\\\/muriae\\\/#listItem\",\"name\":\"Blog\"}},{\"@type\":\"ListItem\",\"@id\":\"https:\\\/\\\/anoticiaonline.com.br\\\/site\\\/projeto-ciranda-cultural-promove-lancamento-de-seu-edital-de-premiacao\\\/#listItem\",\"position\":4,\"name\":\"Projeto Ciranda Cultural\",\"previousItem\":{\"@type\":\"ListItem\",\"@id\":\"https:\\\/\\\/anoticiaonline.com.br\\\/site\\\/categoria\\\/muriae\\\/cultura\\\/#listItem\",\"name\":\"Cultura\"}}]},{\"@type\":\"Organization\",\"@id\":\"https:\\\/\\\/anoticiaonline.com.br\\\/site\\\/#organization\",\"name\":\"A Not\\u00edcia Online\",\"description\":\"Noticias de Muria\\u00e9 e regi\\u00e3o\",\"url\":\"https:\\\/\\\/anoticiaonline.com.br\\\/site\\\/\",\"logo\":{\"@type\":\"ImageObject\",\"url\":\"https:\\\/\\\/scontent-gig4-1.xx.fbcdn.net\\\/v\\\/t39.30808-1\\\/270437624_4564083193639691_6907940295614233970_n.jpg?stp=dst-jpg_s200x200_tt6&_nc_cat=111&ccb=1-7&_nc_sid=f907e8&_nc_ohc=SM1wRlP3lJwQ7kNvwEPuBYA&_nc_oc=AdnqrjDN_BNjSSHWO-GbkIWH6fkGMLw4bqvL_NH6e2wMveX7G-rP2dAqsDSq1mJMOaY&_nc_zt=24&_nc_ht=scontent-gig4-1.xx&_nc_gid=AoBFJeGrT1hVaew_6rchkQ&oh=00_AfX7QmFGhQhG2jAllVgXCiM1ZrWgvtp80-Bfppyexh1QEg&oe=689E923C\",\"@id\":\"https:\\\/\\\/anoticiaonline.com.br\\\/site\\\/projeto-ciranda-cultural-promove-lancamento-de-seu-edital-de-premiacao\\\/#organizationLogo\"},\"image\":{\"@id\":\"https:\\\/\\\/anoticiaonline.com.br\\\/site\\\/projeto-ciranda-cultural-promove-lancamento-de-seu-edital-de-premiacao\\\/#organizationLogo\"}},{\"@type\":\"Person\",\"@id\":\"https:\\\/\\\/anoticiaonline.com.br\\\/site\\\/author\\\/juliana\\\/#author\",\"url\":\"https:\\\/\\\/anoticiaonline.com.br\\\/site\\\/author\\\/juliana\\\/\",\"name\":\"Juliana Laviola\",\"image\":{\"@type\":\"ImageObject\",\"@id\":\"https:\\\/\\\/anoticiaonline.com.br\\\/site\\\/projeto-ciranda-cultural-promove-lancamento-de-seu-edital-de-premiacao\\\/#authorImage\",\"url\":\"https:\\\/\\\/secure.gravatar.com\\\/avatar\\\/b8d45f5c699b100dfaf0e543582f38f38bf94cb7ae3a5e9abf8d891a34773335?s=96&d=mm&r=g\",\"width\":96,\"height\":96,\"caption\":\"Juliana Laviola\"}},{\"@type\":\"WebPage\",\"@id\":\"https:\\\/\\\/anoticiaonline.com.br\\\/site\\\/projeto-ciranda-cultural-promove-lancamento-de-seu-edital-de-premiacao\\\/#webpage\",\"url\":\"https:\\\/\\\/anoticiaonline.com.br\\\/site\\\/projeto-ciranda-cultural-promove-lancamento-de-seu-edital-de-premiacao\\\/\",\"name\":\"Projeto Ciranda Cultural - A Not\\u00edcia Online\",\"description\":\"Projeto Ciranda Cultural promove lan\\u00e7amento de seu Edital de Premia\\u00e7\\u00e3o Aconteceu, no dia 30 de agosto, o lan\\u00e7amento do Edital de Premia\\u00e7\\u00e3o do Projeto Ciranda Cultural. Aprovado pelo Estado, com patroc\\u00ednio da Empresa Energisa, o projeto tem como finalidade trabalhar na \\u00e1rea de forma\\u00e7\\u00e3o cultural, envolvendo adolescentes e jovens, nas oficinas de Dan\\u00e7a, M\\u00fasica e\",\"inLanguage\":\"pt-BR\",\"isPartOf\":{\"@id\":\"https:\\\/\\\/anoticiaonline.com.br\\\/site\\\/#website\"},\"breadcrumb\":{\"@id\":\"https:\\\/\\\/anoticiaonline.com.br\\\/site\\\/projeto-ciranda-cultural-promove-lancamento-de-seu-edital-de-premiacao\\\/#breadcrumblist\"},\"author\":{\"@id\":\"https:\\\/\\\/anoticiaonline.com.br\\\/site\\\/author\\\/juliana\\\/#author\"},\"creator\":{\"@id\":\"https:\\\/\\\/anoticiaonline.com.br\\\/site\\\/author\\\/juliana\\\/#author\"},\"image\":{\"@type\":\"ImageObject\",\"url\":\"https:\\\/\\\/anoticiaonline.com.br\\\/site\\\/wp-content\\\/uploads\\\/2018\\\/09\\\/DSC_0191.jpg\",\"@id\":\"https:\\\/\\\/anoticiaonline.com.br\\\/site\\\/projeto-ciranda-cultural-promove-lancamento-de-seu-edital-de-premiacao\\\/#mainImage\",\"width\":1000,\"height\":667},\"primaryImageOfPage\":{\"@id\":\"https:\\\/\\\/anoticiaonline.com.br\\\/site\\\/projeto-ciranda-cultural-promove-lancamento-de-seu-edital-de-premiacao\\\/#mainImage\"},\"datePublished\":\"2018-09-04T18:22:05-03:00\",\"dateModified\":\"2018-09-05T14:25:57-03:00\"},{\"@type\":\"WebSite\",\"@id\":\"https:\\\/\\\/anoticiaonline.com.br\\\/site\\\/#website\",\"url\":\"https:\\\/\\\/anoticiaonline.com.br\\\/site\\\/\",\"name\":\"A Not\\u00edcia Online\",\"description\":\"Noticias de Muria\\u00e9 e regi\\u00e3o\",\"inLanguage\":\"pt-BR\",\"publisher\":{\"@id\":\"https:\\\/\\\/anoticiaonline.com.br\\\/site\\\/#organization\"}}]}\n\t\t<\/script>\n\t\t<!-- All in One SEO -->\n\n","aioseo_head_json":{"title":"Projeto Ciranda Cultural - A Not\u00edcia Online","description":"Projeto Ciranda Cultural promove lan\u00e7amento de seu Edital de Premia\u00e7\u00e3o Aconteceu, no dia 30 de agosto, o lan\u00e7amento do Edital de Premia\u00e7\u00e3o do Projeto Ciranda Cultural. Aprovado pelo Estado, com patroc\u00ednio da Empresa Energisa, o projeto tem como finalidade trabalhar na \u00e1rea de forma\u00e7\u00e3o cultural, envolvendo adolescentes e jovens, nas oficinas de Dan\u00e7a, M\u00fasica e","canonical_url":"https:\/\/anoticiaonline.com.br\/site\/projeto-ciranda-cultural-promove-lancamento-de-seu-edital-de-premiacao\/","robots":"max-image-preview:large","keywords":"","webmasterTools":{"miscellaneous":""},"schema":{"@context":"https:\/\/schema.org","@graph":[{"@type":"BlogPosting","@id":"https:\/\/anoticiaonline.com.br\/site\/projeto-ciranda-cultural-promove-lancamento-de-seu-edital-de-premiacao\/#blogposting","name":"Projeto Ciranda Cultural - A Not\u00edcia Online","headline":"Projeto Ciranda Cultural","author":{"@id":"https:\/\/anoticiaonline.com.br\/site\/author\/juliana\/#author"},"publisher":{"@id":"https:\/\/anoticiaonline.com.br\/site\/#organization"},"image":{"@type":"ImageObject","url":"https:\/\/anoticiaonline.com.br\/site\/wp-content\/uploads\/2018\/09\/DSC_0191.jpg","width":1000,"height":667},"datePublished":"2018-09-04T18:22:05-03:00","dateModified":"2018-09-05T14:25:57-03:00","inLanguage":"pt-BR","mainEntityOfPage":{"@id":"https:\/\/anoticiaonline.com.br\/site\/projeto-ciranda-cultural-promove-lancamento-de-seu-edital-de-premiacao\/#webpage"},"isPartOf":{"@id":"https:\/\/anoticiaonline.com.br\/site\/projeto-ciranda-cultural-promove-lancamento-de-seu-edital-de-premiacao\/#webpage"},"articleSection":"Cultura, Alessandra Sexto, Ciranda Cultural, Energisa, Fernando Paix\u00e3o Duarte, Gilca Napier, Gon\u00e7alves Couto, governo de minas, Olavo Tostes, Orlando Flores, Projeto \u201cCiranda Cultural\u201d"},{"@type":"BreadcrumbList","@id":"https:\/\/anoticiaonline.com.br\/site\/projeto-ciranda-cultural-promove-lancamento-de-seu-edital-de-premiacao\/#breadcrumblist","itemListElement":[{"@type":"ListItem","@id":"https:\/\/anoticiaonline.com.br\/site#listItem","position":1,"name":"Home","item":"https:\/\/anoticiaonline.com.br\/site","nextItem":{"@type":"ListItem","@id":"https:\/\/anoticiaonline.com.br\/site\/categoria\/muriae\/#listItem","name":"Blog"}},{"@type":"ListItem","@id":"https:\/\/anoticiaonline.com.br\/site\/categoria\/muriae\/#listItem","position":2,"name":"Blog","item":"https:\/\/anoticiaonline.com.br\/site\/categoria\/muriae\/","nextItem":{"@type":"ListItem","@id":"https:\/\/anoticiaonline.com.br\/site\/categoria\/muriae\/cultura\/#listItem","name":"Cultura"},"previousItem":{"@type":"ListItem","@id":"https:\/\/anoticiaonline.com.br\/site#listItem","name":"Home"}},{"@type":"ListItem","@id":"https:\/\/anoticiaonline.com.br\/site\/categoria\/muriae\/cultura\/#listItem","position":3,"name":"Cultura","item":"https:\/\/anoticiaonline.com.br\/site\/categoria\/muriae\/cultura\/","nextItem":{"@type":"ListItem","@id":"https:\/\/anoticiaonline.com.br\/site\/projeto-ciranda-cultural-promove-lancamento-de-seu-edital-de-premiacao\/#listItem","name":"Projeto Ciranda Cultural"},"previousItem":{"@type":"ListItem","@id":"https:\/\/anoticiaonline.com.br\/site\/categoria\/muriae\/#listItem","name":"Blog"}},{"@type":"ListItem","@id":"https:\/\/anoticiaonline.com.br\/site\/projeto-ciranda-cultural-promove-lancamento-de-seu-edital-de-premiacao\/#listItem","position":4,"name":"Projeto Ciranda Cultural","previousItem":{"@type":"ListItem","@id":"https:\/\/anoticiaonline.com.br\/site\/categoria\/muriae\/cultura\/#listItem","name":"Cultura"}}]},{"@type":"Organization","@id":"https:\/\/anoticiaonline.com.br\/site\/#organization","name":"A Not\u00edcia Online","description":"Noticias de Muria\u00e9 e regi\u00e3o","url":"https:\/\/anoticiaonline.com.br\/site\/","logo":{"@type":"ImageObject","url":"https:\/\/scontent-gig4-1.xx.fbcdn.net\/v\/t39.30808-1\/270437624_4564083193639691_6907940295614233970_n.jpg?stp=dst-jpg_s200x200_tt6&_nc_cat=111&ccb=1-7&_nc_sid=f907e8&_nc_ohc=SM1wRlP3lJwQ7kNvwEPuBYA&_nc_oc=AdnqrjDN_BNjSSHWO-GbkIWH6fkGMLw4bqvL_NH6e2wMveX7G-rP2dAqsDSq1mJMOaY&_nc_zt=24&_nc_ht=scontent-gig4-1.xx&_nc_gid=AoBFJeGrT1hVaew_6rchkQ&oh=00_AfX7QmFGhQhG2jAllVgXCiM1ZrWgvtp80-Bfppyexh1QEg&oe=689E923C","@id":"https:\/\/anoticiaonline.com.br\/site\/projeto-ciranda-cultural-promove-lancamento-de-seu-edital-de-premiacao\/#organizationLogo"},"image":{"@id":"https:\/\/anoticiaonline.com.br\/site\/projeto-ciranda-cultural-promove-lancamento-de-seu-edital-de-premiacao\/#organizationLogo"}},{"@type":"Person","@id":"https:\/\/anoticiaonline.com.br\/site\/author\/juliana\/#author","url":"https:\/\/anoticiaonline.com.br\/site\/author\/juliana\/","name":"Juliana Laviola","image":{"@type":"ImageObject","@id":"https:\/\/anoticiaonline.com.br\/site\/projeto-ciranda-cultural-promove-lancamento-de-seu-edital-de-premiacao\/#authorImage","url":"https:\/\/secure.gravatar.com\/avatar\/b8d45f5c699b100dfaf0e543582f38f38bf94cb7ae3a5e9abf8d891a34773335?s=96&d=mm&r=g","width":96,"height":96,"caption":"Juliana Laviola"}},{"@type":"WebPage","@id":"https:\/\/anoticiaonline.com.br\/site\/projeto-ciranda-cultural-promove-lancamento-de-seu-edital-de-premiacao\/#webpage","url":"https:\/\/anoticiaonline.com.br\/site\/projeto-ciranda-cultural-promove-lancamento-de-seu-edital-de-premiacao\/","name":"Projeto Ciranda Cultural - A Not\u00edcia Online","description":"Projeto Ciranda Cultural promove lan\u00e7amento de seu Edital de Premia\u00e7\u00e3o Aconteceu, no dia 30 de agosto, o lan\u00e7amento do Edital de Premia\u00e7\u00e3o do Projeto Ciranda Cultural. Aprovado pelo Estado, com patroc\u00ednio da Empresa Energisa, o projeto tem como finalidade trabalhar na \u00e1rea de forma\u00e7\u00e3o cultural, envolvendo adolescentes e jovens, nas oficinas de Dan\u00e7a, M\u00fasica e","inLanguage":"pt-BR","isPartOf":{"@id":"https:\/\/anoticiaonline.com.br\/site\/#website"},"breadcrumb":{"@id":"https:\/\/anoticiaonline.com.br\/site\/projeto-ciranda-cultural-promove-lancamento-de-seu-edital-de-premiacao\/#breadcrumblist"},"author":{"@id":"https:\/\/anoticiaonline.com.br\/site\/author\/juliana\/#author"},"creator":{"@id":"https:\/\/anoticiaonline.com.br\/site\/author\/juliana\/#author"},"image":{"@type":"ImageObject","url":"https:\/\/anoticiaonline.com.br\/site\/wp-content\/uploads\/2018\/09\/DSC_0191.jpg","@id":"https:\/\/anoticiaonline.com.br\/site\/projeto-ciranda-cultural-promove-lancamento-de-seu-edital-de-premiacao\/#mainImage","width":1000,"height":667},"primaryImageOfPage":{"@id":"https:\/\/anoticiaonline.com.br\/site\/projeto-ciranda-cultural-promove-lancamento-de-seu-edital-de-premiacao\/#mainImage"},"datePublished":"2018-09-04T18:22:05-03:00","dateModified":"2018-09-05T14:25:57-03:00"},{"@type":"WebSite","@id":"https:\/\/anoticiaonline.com.br\/site\/#website","url":"https:\/\/anoticiaonline.com.br\/site\/","name":"A Not\u00edcia Online","description":"Noticias de Muria\u00e9 e regi\u00e3o","inLanguage":"pt-BR","publisher":{"@id":"https:\/\/anoticiaonline.com.br\/site\/#organization"}}]},"og:locale":"pt_BR","og:site_name":"A Not\u00edcia Online - Noticias de Muria\u00e9 e regi\u00e3o","og:type":"article","og:title":"Projeto Ciranda Cultural - A Not\u00edcia Online","og:description":"Projeto Ciranda Cultural promove lan\u00e7amento de seu Edital de Premia\u00e7\u00e3o Aconteceu, no dia 30 de agosto, o lan\u00e7amento do Edital de Premia\u00e7\u00e3o do Projeto Ciranda Cultural. Aprovado pelo Estado, com patroc\u00ednio da Empresa Energisa, o projeto tem como finalidade trabalhar na \u00e1rea de forma\u00e7\u00e3o cultural, envolvendo adolescentes e jovens, nas oficinas de Dan\u00e7a, M\u00fasica e","og:url":"https:\/\/anoticiaonline.com.br\/site\/projeto-ciranda-cultural-promove-lancamento-de-seu-edital-de-premiacao\/","og:image":"https:\/\/scontent-gig4-1.xx.fbcdn.net\/v\/t39.30808-1\/270437624_4564083193639691_6907940295614233970_n.jpg?stp=dst-jpg_s200x200_tt6&#038;_nc_cat=111&#038;ccb=1-7&#038;_nc_sid=f907e8&#038;_nc_ohc=SM1wRlP3lJwQ7kNvwEPuBYA&#038;_nc_oc=AdnqrjDN_BNjSSHWO-GbkIWH6fkGMLw4bqvL_NH6e2wMveX7G-rP2dAqsDSq1mJMOaY&#038;_nc_zt=24&#038;_nc_ht=scontent-gig4-1.xx&#038;_nc_gid=AoBFJeGrT1hVaew_6rchkQ&#038;oh=00_AfX7QmFGhQhG2jAllVgXCiM1ZrWgvtp80-Bfppyexh1QEg&#038;oe=689E923C","og:image:secure_url":"https:\/\/scontent-gig4-1.xx.fbcdn.net\/v\/t39.30808-1\/270437624_4564083193639691_6907940295614233970_n.jpg?stp=dst-jpg_s200x200_tt6&#038;_nc_cat=111&#038;ccb=1-7&#038;_nc_sid=f907e8&#038;_nc_ohc=SM1wRlP3lJwQ7kNvwEPuBYA&#038;_nc_oc=AdnqrjDN_BNjSSHWO-GbkIWH6fkGMLw4bqvL_NH6e2wMveX7G-rP2dAqsDSq1mJMOaY&#038;_nc_zt=24&#038;_nc_ht=scontent-gig4-1.xx&#038;_nc_gid=AoBFJeGrT1hVaew_6rchkQ&#038;oh=00_AfX7QmFGhQhG2jAllVgXCiM1ZrWgvtp80-Bfppyexh1QEg&#038;oe=689E923C","article:published_time":"2018-09-04T21:22:05+00:00","article:modified_time":"2018-09-05T17:25:57+00:00","twitter:card":"summary_large_image","twitter:title":"Projeto Ciranda Cultural - A Not\u00edcia Online","twitter:description":"Projeto Ciranda Cultural promove lan\u00e7amento de seu Edital de Premia\u00e7\u00e3o Aconteceu, no dia 30 de agosto, o lan\u00e7amento do Edital de Premia\u00e7\u00e3o do Projeto Ciranda Cultural. Aprovado pelo Estado, com patroc\u00ednio da Empresa Energisa, o projeto tem como finalidade trabalhar na \u00e1rea de forma\u00e7\u00e3o cultural, envolvendo adolescentes e jovens, nas oficinas de Dan\u00e7a, M\u00fasica e","twitter:image":"https:\/\/scontent-gig4-1.xx.fbcdn.net\/v\/t39.30808-1\/270437624_4564083193639691_6907940295614233970_n.jpg?stp=dst-jpg_s200x200_tt6&_nc_cat=111&ccb=1-7&_nc_sid=f907e8&_nc_ohc=SM1wRlP3lJwQ7kNvwEPuBYA&_nc_oc=AdnqrjDN_BNjSSHWO-GbkIWH6fkGMLw4bqvL_NH6e2wMveX7G-rP2dAqsDSq1mJMOaY&_nc_zt=24&_nc_ht=scontent-gig4-1.xx&_nc_gid=AoBFJeGrT1hVaew_6rchkQ&oh=00_AfX7QmFGhQhG2jAllVgXCiM1ZrWgvtp80-Bfppyexh1QEg&oe=689E923C"},"aioseo_meta_data":{"post_id":"61125","title":null,"description":null,"keywords":null,"keyphrases":null,"primary_term":null,"canonical_url":null,"og_title":null,"og_description":null,"og_object_type":"default","og_image_type":"default","og_image_url":null,"og_image_width":null,"og_image_height":null,"og_image_custom_url":null,"og_image_custom_fields":null,"og_video":null,"og_custom_url":null,"og_article_section":null,"og_article_tags":null,"twitter_use_og":false,"twitter_card":"default","twitter_image_type":"default","twitter_image_url":null,"twitter_image_custom_url":null,"twitter_image_custom_fields":null,"twitter_title":null,"twitter_description":null,"schema":{"blockGraphs":[],"customGraphs":[],"default":{"data":{"Article":[],"Course":[],"Dataset":[],"FAQPage":[],"Movie":[],"Person":[],"Product":[],"ProductReview":[],"Car":[],"Recipe":[],"Service":[],"SoftwareApplication":[],"WebPage":[]},"graphName":"","isEnabled":true},"graphs":[]},"schema_type":"default","schema_type_options":null,"pillar_content":false,"robots_default":true,"robots_noindex":false,"robots_noarchive":false,"robots_nosnippet":false,"robots_nofollow":false,"robots_noimageindex":false,"robots_noodp":false,"robots_notranslate":false,"robots_max_snippet":null,"robots_max_videopreview":null,"robots_max_imagepreview":"large","priority":null,"frequency":null,"local_seo":null,"breadcrumb_settings":null,"limit_modified_date":false,"ai":null,"created":"2025-08-16 21:33:40","updated":"2025-08-16 21:33:40","focus_keyword":null,"additional_keywords":null,"truseo_locale":null,"seo_analyzer_scan_date":null},"aioseo_breadcrumb":"<div class=\"aioseo-breadcrumbs\"><span class=\"aioseo-breadcrumb\">\n\t\t\t<a href=\"https:\/\/anoticiaonline.com.br\/site\" title=\"Home\">Home<\/a>\n\t\t<\/span><span class=\"aioseo-breadcrumb-separator\">&raquo;<\/span><span class=\"aioseo-breadcrumb\">\n\t\t\t<a href=\"https:\/\/anoticiaonline.com.br\/site\/categoria\/muriae\/\" title=\"Blog\">Blog<\/a>\n\t\t<\/span><span class=\"aioseo-breadcrumb-separator\">&raquo;<\/span><span class=\"aioseo-breadcrumb\">\n\t\t\t<a href=\"https:\/\/anoticiaonline.com.br\/site\/categoria\/muriae\/cultura\/\" title=\"Cultura\">Cultura<\/a>\n\t\t<\/span><span class=\"aioseo-breadcrumb-separator\">&raquo;<\/span><span class=\"aioseo-breadcrumb\">\n\t\t\tProjeto Ciranda Cultural\n\t\t<\/span><\/div>","aioseo_breadcrumb_json":[{"label":"Home","link":"https:\/\/anoticiaonline.com.br\/site"},{"label":"Blog","link":"https:\/\/anoticiaonline.com.br\/site\/categoria\/muriae\/"},{"label":"Cultura","link":"https:\/\/anoticiaonline.com.br\/site\/categoria\/muriae\/cultura\/"},{"label":"Projeto Ciranda Cultural","link":"https:\/\/anoticiaonline.com.br\/site\/projeto-ciranda-cultural-promove-lancamento-de-seu-edital-de-premiacao\/"}],"views":137,"_links":{"self":[{"href":"https:\/\/anoticiaonline.com.br\/site\/wp-json\/wp\/v2\/posts\/61125","targetHints":{"allow":["GET"]}}],"collection":[{"href":"https:\/\/anoticiaonline.com.br\/site\/wp-json\/wp\/v2\/posts"}],"about":[{"href":"https:\/\/anoticiaonline.com.br\/site\/wp-json\/wp\/v2\/types\/post"}],"author":[{"embeddable":true,"href":"https:\/\/anoticiaonline.com.br\/site\/wp-json\/wp\/v2\/users\/2"}],"replies":[{"embeddable":true,"href":"https:\/\/anoticiaonline.com.br\/site\/wp-json\/wp\/v2\/comments?post=61125"}],"version-history":[{"count":0,"href":"https:\/\/anoticiaonline.com.br\/site\/wp-json\/wp\/v2\/posts\/61125\/revisions"}],"wp:featuredmedia":[{"embeddable":true,"href":"https:\/\/anoticiaonline.com.br\/site\/wp-json\/wp\/v2\/media\/61134"}],"wp:attachment":[{"href":"https:\/\/anoticiaonline.com.br\/site\/wp-json\/wp\/v2\/media?parent=61125"}],"wp:term":[{"taxonomy":"category","embeddable":true,"href":"https:\/\/anoticiaonline.com.br\/site\/wp-json\/wp\/v2\/categories?post=61125"},{"taxonomy":"post_tag","embeddable":true,"href":"https:\/\/anoticiaonline.com.br\/site\/wp-json\/wp\/v2\/tags?post=61125"}],"curies":[{"name":"wp","href":"https:\/\/api.w.org\/{rel}","templated":true}]}}