{"id":61045,"date":"2018-09-05T10:25:19","date_gmt":"2018-09-05T13:25:19","guid":{"rendered":"http:\/\/anoticiaonline.com.br\/site\/?p=61045"},"modified":"2018-09-05T14:24:30","modified_gmt":"2018-09-05T17:24:30","slug":"conforto-qualidade-e-variedade-angelatex-e-reinaugurada-na-barra","status":"publish","type":"post","link":"https:\/\/anoticiaonline.com.br\/site\/conforto-qualidade-e-variedade-angelatex-e-reinaugurada-na-barra\/","title":{"rendered":"Conforto, qualidade e variedade: Angelatex \u00e9 reinaugurada na Barra"},"content":{"rendered":"<p><a href=\"https:\/\/anoticiaonline.com.br\/site\/wp-content\/uploads\/2018\/09\/DSC_0024.jpg\"><img fetchpriority=\"high\" decoding=\"async\" class=\"aligncenter size-full wp-image-61051\" src=\"https:\/\/anoticiaonline.com.br\/site\/wp-content\/uploads\/2018\/09\/DSC_0024.jpg\" alt=\"\" width=\"893\" height=\"596\" srcset=\"https:\/\/anoticiaonline.com.br\/site\/wp-content\/uploads\/2018\/09\/DSC_0024.jpg 893w, https:\/\/anoticiaonline.com.br\/site\/wp-content\/uploads\/2018\/09\/DSC_0024-300x200.jpg 300w, https:\/\/anoticiaonline.com.br\/site\/wp-content\/uploads\/2018\/09\/DSC_0024-768x513.jpg 768w\" sizes=\"(max-width: 893px) 100vw, 893px\" \/><\/a> <a href=\"https:\/\/anoticiaonline.com.br\/site\/wp-content\/uploads\/2018\/09\/DSC_0039.jpg\"><img decoding=\"async\" class=\"aligncenter size-full wp-image-61052\" src=\"https:\/\/anoticiaonline.com.br\/site\/wp-content\/uploads\/2018\/09\/DSC_0039.jpg\" alt=\"\" width=\"893\" height=\"596\" srcset=\"https:\/\/anoticiaonline.com.br\/site\/wp-content\/uploads\/2018\/09\/DSC_0039.jpg 893w, https:\/\/anoticiaonline.com.br\/site\/wp-content\/uploads\/2018\/09\/DSC_0039-300x200.jpg 300w, https:\/\/anoticiaonline.com.br\/site\/wp-content\/uploads\/2018\/09\/DSC_0039-768x513.jpg 768w\" sizes=\"(max-width: 893px) 100vw, 893px\" \/><\/a><a href=\"https:\/\/anoticiaonline.com.br\/site\/wp-content\/uploads\/2018\/09\/DSC_0115.jpg\"><img decoding=\"async\" class=\"aligncenter size-full wp-image-61058\" src=\"https:\/\/anoticiaonline.com.br\/site\/wp-content\/uploads\/2018\/09\/DSC_0115.jpg\" alt=\"\" width=\"775\" height=\"517\" srcset=\"https:\/\/anoticiaonline.com.br\/site\/wp-content\/uploads\/2018\/09\/DSC_0115.jpg 775w, https:\/\/anoticiaonline.com.br\/site\/wp-content\/uploads\/2018\/09\/DSC_0115-300x200.jpg 300w, https:\/\/anoticiaonline.com.br\/site\/wp-content\/uploads\/2018\/09\/DSC_0115-768x512.jpg 768w\" sizes=\"(max-width: 775px) 100vw, 775px\" \/><\/a> <a href=\"https:\/\/anoticiaonline.com.br\/site\/wp-content\/uploads\/2018\/09\/DSC_0127.jpg\"><img loading=\"lazy\" decoding=\"async\" class=\"aligncenter size-full wp-image-61059\" src=\"https:\/\/anoticiaonline.com.br\/site\/wp-content\/uploads\/2018\/09\/DSC_0127.jpg\" alt=\"\" width=\"737\" height=\"492\" srcset=\"https:\/\/anoticiaonline.com.br\/site\/wp-content\/uploads\/2018\/09\/DSC_0127.jpg 737w, https:\/\/anoticiaonline.com.br\/site\/wp-content\/uploads\/2018\/09\/DSC_0127-300x200.jpg 300w\" sizes=\"(max-width: 737px) 100vw, 737px\" \/><\/a> <a href=\"https:\/\/anoticiaonline.com.br\/site\/wp-content\/uploads\/2018\/09\/DSC_0137.jpg\"><img loading=\"lazy\" decoding=\"async\" class=\"aligncenter size-full wp-image-61060\" src=\"https:\/\/anoticiaonline.com.br\/site\/wp-content\/uploads\/2018\/09\/DSC_0137.jpg\" alt=\"\" width=\"677\" height=\"452\" srcset=\"https:\/\/anoticiaonline.com.br\/site\/wp-content\/uploads\/2018\/09\/DSC_0137.jpg 677w, https:\/\/anoticiaonline.com.br\/site\/wp-content\/uploads\/2018\/09\/DSC_0137-300x200.jpg 300w\" sizes=\"(max-width: 677px) 100vw, 677px\" \/><\/a> <a href=\"https:\/\/anoticiaonline.com.br\/site\/wp-content\/uploads\/2018\/09\/DSC_2012.jpg\"><img loading=\"lazy\" decoding=\"async\" class=\"aligncenter size-full wp-image-61061\" src=\"https:\/\/anoticiaonline.com.br\/site\/wp-content\/uploads\/2018\/09\/DSC_2012.jpg\" alt=\"\" width=\"893\" height=\"596\" srcset=\"https:\/\/anoticiaonline.com.br\/site\/wp-content\/uploads\/2018\/09\/DSC_2012.jpg 893w, https:\/\/anoticiaonline.com.br\/site\/wp-content\/uploads\/2018\/09\/DSC_2012-300x200.jpg 300w, https:\/\/anoticiaonline.com.br\/site\/wp-content\/uploads\/2018\/09\/DSC_2012-768x513.jpg 768w\" sizes=\"(max-width: 893px) 100vw, 893px\" \/><\/a> Foi reinaugurada, no \u00faltimo s\u00e1bado (1), a quarta unidade da Angelatex, loja de aviamentos mais tradicional da cidade. Na ocasi\u00e3o, clientes e amigos foram recepcionados pelos propriet\u00e1rios, \u00c2ngela e Rog\u00e9rio Alves, onde puderam conhecer o novo espa\u00e7o.<\/p>\n<p>Localizada na Pra\u00e7a Cel. Tib\u00farcio, na Barra, a nova loja possui grande variedade de produtos exclusivos para confec\u00e7\u00f5es, armarinhos, artesanatos, com vendas no atacado e no varejo. De acordo com Rog\u00e9rio, a Angelatex oferece pre\u00e7os especiais para confec\u00e7\u00f5es.<\/p>\n<p>\u201cPossu\u00edmos parcerias com os melhores fornecedores e buscamos atender nossos clientes da melhor maneira poss\u00edvel atrav\u00e9s da nossa excelente equipe de colaboradores. Al\u00e9m das novidades em aviamentos e produtos de cama, mesa e banho, ofereceremos cursos de artesanato, com uma sala exclusiva, agregando valor ao mercado, colaborando com a forma\u00e7\u00e3o de novos profissionais e com a economia da cidade. Aproveito a oportunidade para agradecer a Deus, aos meus familiares pelo apoio e aos clientes que sempre confiaram em nosso trabalho\u201d, conta.<\/p>\n<p><strong>Hist\u00f3ria do Grupo Angelatex \u2013<\/strong> Inaugurada h\u00e1 26, em Itaperuna (RJ), a <strong>Angelatex<\/strong><strong>\u00a0<\/strong>est\u00e1 h\u00e1 24 anos no mercado muriaeense como a loja aviamentos mais completa da regi\u00e3o, com unidades no Centro, no S\u00e3o Pedro e na Barra. A empresa foi criada para ser parceria das confec\u00e7\u00f5es, procurando buscar junto a seus fornecedores, produtos que facilitam a fabrica\u00e7\u00e3o de modelos diversificados nas linhas rec\u00e9m-nascido, infanto-juvenil, cama, mesa e banho e um variado mix de acess\u00f3rios para jeans, lycra e outros tecidos.<\/p>\n<p>A nova Angelatex funciona de segunda a sexta, das 8h \u00e0s 18h30, e aos s\u00e1bados, das 8h \u00e0s 12h. Endere\u00e7o: Pra\u00e7a Cel. Tib\u00farcio, n\u00famero 85, Barra (em frente ao Karlos Papelaria). Telefone: 32 3729.1061.<\/p>\n<p><strong>*\u00c9 expressamente proibida a c\u00f3pia, reprodu\u00e7\u00e3o, difus\u00e3o, transmiss\u00e3o, utiliza\u00e7\u00e3o, modifica\u00e7\u00e3o, venda, publica\u00e7\u00e3o, distribui\u00e7\u00e3o ou qualquer outro, na totalidade ou em parte, deste material sem a pr\u00e9via autoriza\u00e7\u00e3o, por escrito, da dire\u00e7\u00e3o do jornal A NOT\u00cdCIA.<\/strong><\/p>\n<p>&nbsp;<\/p>\n<p><strong>Galeria de fotos:<\/strong><\/p>\n<p><a href=\"https:\/\/anoticiaonline.com.br\/site\/wp-content\/uploads\/2018\/09\/DSC_0111.jpg\"><img loading=\"lazy\" decoding=\"async\" class=\"aligncenter size-full wp-image-61057\" src=\"https:\/\/anoticiaonline.com.br\/site\/wp-content\/uploads\/2018\/09\/DSC_0111.jpg\" alt=\"\" width=\"680\" height=\"454\" srcset=\"https:\/\/anoticiaonline.com.br\/site\/wp-content\/uploads\/2018\/09\/DSC_0111.jpg 680w, https:\/\/anoticiaonline.com.br\/site\/wp-content\/uploads\/2018\/09\/DSC_0111-300x200.jpg 300w\" sizes=\"(max-width: 680px) 100vw, 680px\" \/><\/a><\/p>\n<p><a href=\"https:\/\/anoticiaonline.com.br\/site\/wp-content\/uploads\/2018\/09\/DSC_0004.jpg\"><img loading=\"lazy\" decoding=\"async\" class=\"aligncenter size-full wp-image-61048\" src=\"https:\/\/anoticiaonline.com.br\/site\/wp-content\/uploads\/2018\/09\/DSC_0004.jpg\" alt=\"\" width=\"893\" height=\"596\" srcset=\"https:\/\/anoticiaonline.com.br\/site\/wp-content\/uploads\/2018\/09\/DSC_0004.jpg 893w, https:\/\/anoticiaonline.com.br\/site\/wp-content\/uploads\/2018\/09\/DSC_0004-300x200.jpg 300w, https:\/\/anoticiaonline.com.br\/site\/wp-content\/uploads\/2018\/09\/DSC_0004-768x513.jpg 768w\" sizes=\"(max-width: 893px) 100vw, 893px\" \/><\/a> <a href=\"https:\/\/anoticiaonline.com.br\/site\/wp-content\/uploads\/2018\/09\/DSC_0008.jpg\"><img loading=\"lazy\" decoding=\"async\" class=\"aligncenter size-full wp-image-61049\" src=\"https:\/\/anoticiaonline.com.br\/site\/wp-content\/uploads\/2018\/09\/DSC_0008.jpg\" alt=\"\" width=\"893\" height=\"596\" srcset=\"https:\/\/anoticiaonline.com.br\/site\/wp-content\/uploads\/2018\/09\/DSC_0008.jpg 893w, https:\/\/anoticiaonline.com.br\/site\/wp-content\/uploads\/2018\/09\/DSC_0008-300x200.jpg 300w, https:\/\/anoticiaonline.com.br\/site\/wp-content\/uploads\/2018\/09\/DSC_0008-768x513.jpg 768w\" sizes=\"(max-width: 893px) 100vw, 893px\" \/><\/a> <a href=\"https:\/\/anoticiaonline.com.br\/site\/wp-content\/uploads\/2018\/09\/DSC_0019.jpg\"><img loading=\"lazy\" decoding=\"async\" class=\"aligncenter size-full wp-image-61050\" src=\"https:\/\/anoticiaonline.com.br\/site\/wp-content\/uploads\/2018\/09\/DSC_0019.jpg\" alt=\"\" width=\"893\" height=\"596\" srcset=\"https:\/\/anoticiaonline.com.br\/site\/wp-content\/uploads\/2018\/09\/DSC_0019.jpg 893w, https:\/\/anoticiaonline.com.br\/site\/wp-content\/uploads\/2018\/09\/DSC_0019-300x200.jpg 300w, https:\/\/anoticiaonline.com.br\/site\/wp-content\/uploads\/2018\/09\/DSC_0019-768x513.jpg 768w\" sizes=\"(max-width: 893px) 100vw, 893px\" \/><\/a><a href=\"https:\/\/anoticiaonline.com.br\/site\/wp-content\/uploads\/2018\/09\/DSC_2022.jpg\"><img loading=\"lazy\" decoding=\"async\" class=\"aligncenter size-full wp-image-61062\" src=\"https:\/\/anoticiaonline.com.br\/site\/wp-content\/uploads\/2018\/09\/DSC_2022.jpg\" alt=\"\" width=\"893\" height=\"596\" srcset=\"https:\/\/anoticiaonline.com.br\/site\/wp-content\/uploads\/2018\/09\/DSC_2022.jpg 893w, https:\/\/anoticiaonline.com.br\/site\/wp-content\/uploads\/2018\/09\/DSC_2022-300x200.jpg 300w, https:\/\/anoticiaonline.com.br\/site\/wp-content\/uploads\/2018\/09\/DSC_2022-768x513.jpg 768w\" sizes=\"(max-width: 893px) 100vw, 893px\" \/><\/a><a href=\"https:\/\/anoticiaonline.com.br\/site\/wp-content\/uploads\/2018\/09\/IMG_0242.jpg\"><img loading=\"lazy\" decoding=\"async\" class=\"aligncenter size-full wp-image-61064\" src=\"https:\/\/anoticiaonline.com.br\/site\/wp-content\/uploads\/2018\/09\/IMG_0242.jpg\" alt=\"\" width=\"795\" height=\"596\" srcset=\"https:\/\/anoticiaonline.com.br\/site\/wp-content\/uploads\/2018\/09\/IMG_0242.jpg 795w, https:\/\/anoticiaonline.com.br\/site\/wp-content\/uploads\/2018\/09\/IMG_0242-300x225.jpg 300w, https:\/\/anoticiaonline.com.br\/site\/wp-content\/uploads\/2018\/09\/IMG_0242-768x576.jpg 768w, https:\/\/anoticiaonline.com.br\/site\/wp-content\/uploads\/2018\/09\/IMG_0242-105x80.jpg 105w\" sizes=\"(max-width: 795px) 100vw, 795px\" \/><\/a><a href=\"https:\/\/anoticiaonline.com.br\/site\/wp-content\/uploads\/2018\/09\/IMG_0251.jpg\"><img loading=\"lazy\" decoding=\"async\" class=\"aligncenter size-full wp-image-61065\" src=\"https:\/\/anoticiaonline.com.br\/site\/wp-content\/uploads\/2018\/09\/IMG_0251.jpg\" alt=\"\" width=\"795\" height=\"596\" srcset=\"https:\/\/anoticiaonline.com.br\/site\/wp-content\/uploads\/2018\/09\/IMG_0251.jpg 795w, https:\/\/anoticiaonline.com.br\/site\/wp-content\/uploads\/2018\/09\/IMG_0251-300x225.jpg 300w, https:\/\/anoticiaonline.com.br\/site\/wp-content\/uploads\/2018\/09\/IMG_0251-768x576.jpg 768w, https:\/\/anoticiaonline.com.br\/site\/wp-content\/uploads\/2018\/09\/IMG_0251-105x80.jpg 105w\" sizes=\"(max-width: 795px) 100vw, 795px\" \/><\/a><a href=\"https:\/\/anoticiaonline.com.br\/site\/wp-content\/uploads\/2018\/09\/IMG_0254.jpg\"><img loading=\"lazy\" decoding=\"async\" class=\"aligncenter size-full wp-image-61066\" src=\"https:\/\/anoticiaonline.com.br\/site\/wp-content\/uploads\/2018\/09\/IMG_0254.jpg\" alt=\"\" width=\"900\" height=\"675\" srcset=\"https:\/\/anoticiaonline.com.br\/site\/wp-content\/uploads\/2018\/09\/IMG_0254.jpg 900w, https:\/\/anoticiaonline.com.br\/site\/wp-content\/uploads\/2018\/09\/IMG_0254-300x225.jpg 300w, https:\/\/anoticiaonline.com.br\/site\/wp-content\/uploads\/2018\/09\/IMG_0254-768x576.jpg 768w, https:\/\/anoticiaonline.com.br\/site\/wp-content\/uploads\/2018\/09\/IMG_0254-105x80.jpg 105w\" sizes=\"(max-width: 900px) 100vw, 900px\" \/><\/a><a href=\"https:\/\/anoticiaonline.com.br\/site\/wp-content\/uploads\/2018\/09\/IMG_0261.jpg\"><img loading=\"lazy\" decoding=\"async\" class=\"aligncenter size-full wp-image-61067\" src=\"https:\/\/anoticiaonline.com.br\/site\/wp-content\/uploads\/2018\/09\/IMG_0261.jpg\" alt=\"\" width=\"900\" height=\"1200\" srcset=\"https:\/\/anoticiaonline.com.br\/site\/wp-content\/uploads\/2018\/09\/IMG_0261.jpg 600w, https:\/\/anoticiaonline.com.br\/site\/wp-content\/uploads\/2018\/09\/IMG_0261-225x300.jpg 225w, https:\/\/anoticiaonline.com.br\/site\/wp-content\/uploads\/2018\/09\/IMG_0261-768x1024.jpg 768w\" sizes=\"(max-width: 900px) 100vw, 900px\" \/><\/a><a href=\"https:\/\/anoticiaonline.com.br\/site\/wp-content\/uploads\/2018\/09\/WhatsApp-Image-2018-09-02-at-17.11.31-1_706x530.jpg\"><img loading=\"lazy\" decoding=\"async\" class=\"aligncenter size-full wp-image-61069\" src=\"https:\/\/anoticiaonline.com.br\/site\/wp-content\/uploads\/2018\/09\/WhatsApp-Image-2018-09-02-at-17.11.31-1_706x530.jpg\" alt=\"\" width=\"700\" height=\"530\" srcset=\"https:\/\/anoticiaonline.com.br\/site\/wp-content\/uploads\/2018\/09\/WhatsApp-Image-2018-09-02-at-17.11.31-1_706x530.jpg 700w, https:\/\/anoticiaonline.com.br\/site\/wp-content\/uploads\/2018\/09\/WhatsApp-Image-2018-09-02-at-17.11.31-1_706x530-300x227.jpg 300w, https:\/\/anoticiaonline.com.br\/site\/wp-content\/uploads\/2018\/09\/WhatsApp-Image-2018-09-02-at-17.11.31-1_706x530-105x80.jpg 105w\" sizes=\"(max-width: 700px) 100vw, 700px\" \/><\/a><a href=\"https:\/\/anoticiaonline.com.br\/site\/wp-content\/uploads\/2018\/09\/DSC_0058.jpg\"><img loading=\"lazy\" decoding=\"async\" class=\"aligncenter size-full wp-image-61054\" src=\"https:\/\/anoticiaonline.com.br\/site\/wp-content\/uploads\/2018\/09\/DSC_0058.jpg\" alt=\"\" width=\"893\" height=\"596\" srcset=\"https:\/\/anoticiaonline.com.br\/site\/wp-content\/uploads\/2018\/09\/DSC_0058.jpg 893w, https:\/\/anoticiaonline.com.br\/site\/wp-content\/uploads\/2018\/09\/DSC_0058-300x200.jpg 300w, https:\/\/anoticiaonline.com.br\/site\/wp-content\/uploads\/2018\/09\/DSC_0058-768x513.jpg 768w\" sizes=\"(max-width: 893px) 100vw, 893px\" \/><\/a><a href=\"https:\/\/anoticiaonline.com.br\/site\/wp-content\/uploads\/2018\/09\/DSC_0107.jpg\"><img loading=\"lazy\" decoding=\"async\" class=\"aligncenter size-full wp-image-61055\" src=\"https:\/\/anoticiaonline.com.br\/site\/wp-content\/uploads\/2018\/09\/DSC_0107.jpg\" alt=\"\" width=\"893\" height=\"596\" srcset=\"https:\/\/anoticiaonline.com.br\/site\/wp-content\/uploads\/2018\/09\/DSC_0107.jpg 893w, https:\/\/anoticiaonline.com.br\/site\/wp-content\/uploads\/2018\/09\/DSC_0107-300x200.jpg 300w, https:\/\/anoticiaonline.com.br\/site\/wp-content\/uploads\/2018\/09\/DSC_0107-768x513.jpg 768w\" sizes=\"(max-width: 893px) 100vw, 893px\" \/><\/a><\/p>\n<p><strong><a href=\"https:\/\/anoticiaonline.com.br\/site\/wp-content\/uploads\/2018\/09\/DSC_0048.jpg\"><img loading=\"lazy\" decoding=\"async\" class=\"aligncenter size-full wp-image-61053\" src=\"https:\/\/anoticiaonline.com.br\/site\/wp-content\/uploads\/2018\/09\/DSC_0048.jpg\" alt=\"\" width=\"893\" height=\"596\" srcset=\"https:\/\/anoticiaonline.com.br\/site\/wp-content\/uploads\/2018\/09\/DSC_0048.jpg 893w, https:\/\/anoticiaonline.com.br\/site\/wp-content\/uploads\/2018\/09\/DSC_0048-300x200.jpg 300w, https:\/\/anoticiaonline.com.br\/site\/wp-content\/uploads\/2018\/09\/DSC_0048-768x513.jpg 768w\" sizes=\"(max-width: 893px) 100vw, 893px\" \/><\/a><\/strong><\/p>\n<p><strong>*\u00c9 expressamente proibida a c\u00f3pia, reprodu\u00e7\u00e3o, difus\u00e3o, transmiss\u00e3o, utiliza\u00e7\u00e3o, modifica\u00e7\u00e3o, venda, publica\u00e7\u00e3o, distribui\u00e7\u00e3o ou qualquer outro, na totalidade ou em parte, deste material sem a pr\u00e9via autoriza\u00e7\u00e3o, por escrito, da dire\u00e7\u00e3o do jornal A NOT\u00cdCIA.<\/strong><\/p>\n","protected":false},"excerpt":{"rendered":"<p>Foi reinaugurada, no \u00faltimo s\u00e1bado (1), a quarta unidade da Angelatex, loja de aviamentos mais tradicional da cidade. Na ocasi\u00e3o, clientes e amigos foram recepcionados pelos propriet\u00e1rios, \u00c2ngela e Rog\u00e9rio Alves, onde puderam conhecer o novo espa\u00e7o. Localizada na Pra\u00e7a Cel. Tib\u00farcio, na Barra, a nova loja possui grande variedade de produtos exclusivos para confec\u00e7\u00f5es, &#8230; <a title=\"Conforto, qualidade e variedade: Angelatex \u00e9 reinaugurada na Barra\" class=\"read-more\" href=\"https:\/\/anoticiaonline.com.br\/site\/conforto-qualidade-e-variedade-angelatex-e-reinaugurada-na-barra\/\" aria-label=\"Read more about Conforto, qualidade e variedade: Angelatex \u00e9 reinaugurada na Barra\">Ler mais<\/a><\/p>\n","protected":false},"author":2,"featured_media":61058,"comment_status":"open","ping_status":"open","sticky":false,"template":"","format":"standard","meta":{"_acf_changed":false,"_monsterinsights_skip_tracking":false,"footnotes":""},"categories":[24],"tags":[3035,1507,3036,1718],"class_list":["post-61045","post","type-post","status-publish","format-standard","has-post-thumbnail","hentry","category-eventos","tag-angelatex","tag-karlos-papelaria","tag-praca-cel-tiburcio","tag-reinauguracao"],"acf":[],"aioseo_notices":[],"aioseo_head":"\n\t\t<!-- All in One SEO 5.0.0.1 - aioseo.com -->\n\t<meta name=\"description\" content=\"Foi reinaugurada, no \u00faltimo s\u00e1bado (1), a quarta unidade da Angelatex, loja de aviamentos mais tradicional da cidade. Na ocasi\u00e3o, clientes e amigos foram recepcionados pelos propriet\u00e1rios, \u00c2ngela e Rog\u00e9rio Alves, onde puderam conhecer o novo espa\u00e7o. Localizada na Pra\u00e7a Cel. Tib\u00farcio, na Barra, a nova loja possui grande variedade de produtos exclusivos para confec\u00e7\u00f5es,\" \/>\n\t<meta name=\"robots\" content=\"max-image-preview:large\" \/>\n\t<meta name=\"author\" content=\"Juliana Laviola\"\/>\n\t<link rel=\"canonical\" href=\"https:\/\/anoticiaonline.com.br\/site\/conforto-qualidade-e-variedade-angelatex-e-reinaugurada-na-barra\/\" \/>\n\t<meta name=\"generator\" content=\"All in One SEO (AIOSEO) 5.0.0.1\" \/>\n\t\t<meta property=\"og:locale\" content=\"pt_BR\" \/>\n\t\t<meta property=\"og:site_name\" content=\"A Not\u00edcia Online - Noticias de Muria\u00e9 e regi\u00e3o\" \/>\n\t\t<meta property=\"og:type\" content=\"article\" \/>\n\t\t<meta property=\"og:title\" content=\"Conforto, qualidade e variedade: Angelatex \u00e9 reinaugurada na Barra - A Not\u00edcia Online\" \/>\n\t\t<meta property=\"og:description\" content=\"Foi reinaugurada, no \u00faltimo s\u00e1bado (1), a quarta unidade da Angelatex, loja de aviamentos mais tradicional da cidade. Na ocasi\u00e3o, clientes e amigos foram recepcionados pelos propriet\u00e1rios, \u00c2ngela e Rog\u00e9rio Alves, onde puderam conhecer o novo espa\u00e7o. Localizada na Pra\u00e7a Cel. Tib\u00farcio, na Barra, a nova loja possui grande variedade de produtos exclusivos para confec\u00e7\u00f5es,\" \/>\n\t\t<meta property=\"og:url\" content=\"https:\/\/anoticiaonline.com.br\/site\/conforto-qualidade-e-variedade-angelatex-e-reinaugurada-na-barra\/\" \/>\n\t\t<meta property=\"og:image\" content=\"https:\/\/scontent-gig4-1.xx.fbcdn.net\/v\/t39.30808-1\/270437624_4564083193639691_6907940295614233970_n.jpg?stp=dst-jpg_s200x200_tt6&#038;_nc_cat=111&#038;ccb=1-7&#038;_nc_sid=f907e8&#038;_nc_ohc=SM1wRlP3lJwQ7kNvwEPuBYA&#038;_nc_oc=AdnqrjDN_BNjSSHWO-GbkIWH6fkGMLw4bqvL_NH6e2wMveX7G-rP2dAqsDSq1mJMOaY&#038;_nc_zt=24&#038;_nc_ht=scontent-gig4-1.xx&#038;_nc_gid=AoBFJeGrT1hVaew_6rchkQ&#038;oh=00_AfX7QmFGhQhG2jAllVgXCiM1ZrWgvtp80-Bfppyexh1QEg&#038;oe=689E923C\" \/>\n\t\t<meta property=\"og:image:secure_url\" content=\"https:\/\/scontent-gig4-1.xx.fbcdn.net\/v\/t39.30808-1\/270437624_4564083193639691_6907940295614233970_n.jpg?stp=dst-jpg_s200x200_tt6&#038;_nc_cat=111&#038;ccb=1-7&#038;_nc_sid=f907e8&#038;_nc_ohc=SM1wRlP3lJwQ7kNvwEPuBYA&#038;_nc_oc=AdnqrjDN_BNjSSHWO-GbkIWH6fkGMLw4bqvL_NH6e2wMveX7G-rP2dAqsDSq1mJMOaY&#038;_nc_zt=24&#038;_nc_ht=scontent-gig4-1.xx&#038;_nc_gid=AoBFJeGrT1hVaew_6rchkQ&#038;oh=00_AfX7QmFGhQhG2jAllVgXCiM1ZrWgvtp80-Bfppyexh1QEg&#038;oe=689E923C\" \/>\n\t\t<meta property=\"article:published_time\" content=\"2018-09-05T13:25:19+00:00\" \/>\n\t\t<meta property=\"article:modified_time\" content=\"2018-09-05T17:24:30+00:00\" \/>\n\t\t<meta name=\"twitter:card\" content=\"summary_large_image\" \/>\n\t\t<meta name=\"twitter:title\" content=\"Conforto, qualidade e variedade: Angelatex \u00e9 reinaugurada na Barra - A Not\u00edcia Online\" \/>\n\t\t<meta name=\"twitter:description\" content=\"Foi reinaugurada, no \u00faltimo s\u00e1bado (1), a quarta unidade da Angelatex, loja de aviamentos mais tradicional da cidade. Na ocasi\u00e3o, clientes e amigos foram recepcionados pelos propriet\u00e1rios, \u00c2ngela e Rog\u00e9rio Alves, onde puderam conhecer o novo espa\u00e7o. Localizada na Pra\u00e7a Cel. Tib\u00farcio, na Barra, a nova loja possui grande variedade de produtos exclusivos para confec\u00e7\u00f5es,\" \/>\n\t\t<meta name=\"twitter:image\" content=\"https:\/\/scontent-gig4-1.xx.fbcdn.net\/v\/t39.30808-1\/270437624_4564083193639691_6907940295614233970_n.jpg?stp=dst-jpg_s200x200_tt6&amp;_nc_cat=111&amp;ccb=1-7&amp;_nc_sid=f907e8&amp;_nc_ohc=SM1wRlP3lJwQ7kNvwEPuBYA&amp;_nc_oc=AdnqrjDN_BNjSSHWO-GbkIWH6fkGMLw4bqvL_NH6e2wMveX7G-rP2dAqsDSq1mJMOaY&amp;_nc_zt=24&amp;_nc_ht=scontent-gig4-1.xx&amp;_nc_gid=AoBFJeGrT1hVaew_6rchkQ&amp;oh=00_AfX7QmFGhQhG2jAllVgXCiM1ZrWgvtp80-Bfppyexh1QEg&amp;oe=689E923C\" \/>\n\t\t<script type=\"application\/ld+json\" class=\"aioseo-schema\">\n\t\t\t{\"@context\":\"https:\\\/\\\/schema.org\",\"@graph\":[{\"@type\":\"BlogPosting\",\"@id\":\"https:\\\/\\\/anoticiaonline.com.br\\\/site\\\/conforto-qualidade-e-variedade-angelatex-e-reinaugurada-na-barra\\\/#blogposting\",\"name\":\"Conforto, qualidade e variedade: Angelatex \\u00e9 reinaugurada na Barra - A Not\\u00edcia Online\",\"headline\":\"Conforto, qualidade e variedade: Angelatex \\u00e9 reinaugurada na Barra\",\"author\":{\"@id\":\"https:\\\/\\\/anoticiaonline.com.br\\\/site\\\/author\\\/juliana\\\/#author\"},\"publisher\":{\"@id\":\"https:\\\/\\\/anoticiaonline.com.br\\\/site\\\/#organization\"},\"image\":{\"@type\":\"ImageObject\",\"url\":\"https:\\\/\\\/anoticiaonline.com.br\\\/site\\\/wp-content\\\/uploads\\\/2018\\\/09\\\/DSC_0115.jpg\",\"width\":775,\"height\":517},\"datePublished\":\"2018-09-05T10:25:19-03:00\",\"dateModified\":\"2018-09-05T14:24:30-03:00\",\"inLanguage\":\"pt-BR\",\"mainEntityOfPage\":{\"@id\":\"https:\\\/\\\/anoticiaonline.com.br\\\/site\\\/conforto-qualidade-e-variedade-angelatex-e-reinaugurada-na-barra\\\/#webpage\"},\"isPartOf\":{\"@id\":\"https:\\\/\\\/anoticiaonline.com.br\\\/site\\\/conforto-qualidade-e-variedade-angelatex-e-reinaugurada-na-barra\\\/#webpage\"},\"articleSection\":\"Eventos, Angelatex, Karlos Papelaria, Pra\\u00e7a Cel. Tib\\u00farcio, reinaugura\\u00e7\\u00e3o\"},{\"@type\":\"BreadcrumbList\",\"@id\":\"https:\\\/\\\/anoticiaonline.com.br\\\/site\\\/conforto-qualidade-e-variedade-angelatex-e-reinaugurada-na-barra\\\/#breadcrumblist\",\"itemListElement\":[{\"@type\":\"ListItem\",\"@id\":\"https:\\\/\\\/anoticiaonline.com.br\\\/site#listItem\",\"position\":1,\"name\":\"Home\",\"item\":\"https:\\\/\\\/anoticiaonline.com.br\\\/site\",\"nextItem\":{\"@type\":\"ListItem\",\"@id\":\"https:\\\/\\\/anoticiaonline.com.br\\\/site\\\/categoria\\\/eventos\\\/#listItem\",\"name\":\"Eventos\"}},{\"@type\":\"ListItem\",\"@id\":\"https:\\\/\\\/anoticiaonline.com.br\\\/site\\\/categoria\\\/eventos\\\/#listItem\",\"position\":2,\"name\":\"Eventos\",\"item\":\"https:\\\/\\\/anoticiaonline.com.br\\\/site\\\/categoria\\\/eventos\\\/\",\"nextItem\":{\"@type\":\"ListItem\",\"@id\":\"https:\\\/\\\/anoticiaonline.com.br\\\/site\\\/conforto-qualidade-e-variedade-angelatex-e-reinaugurada-na-barra\\\/#listItem\",\"name\":\"Conforto, qualidade e variedade: Angelatex \\u00e9 reinaugurada na Barra\"},\"previousItem\":{\"@type\":\"ListItem\",\"@id\":\"https:\\\/\\\/anoticiaonline.com.br\\\/site#listItem\",\"name\":\"Home\"}},{\"@type\":\"ListItem\",\"@id\":\"https:\\\/\\\/anoticiaonline.com.br\\\/site\\\/conforto-qualidade-e-variedade-angelatex-e-reinaugurada-na-barra\\\/#listItem\",\"position\":3,\"name\":\"Conforto, qualidade e variedade: Angelatex \\u00e9 reinaugurada na Barra\",\"previousItem\":{\"@type\":\"ListItem\",\"@id\":\"https:\\\/\\\/anoticiaonline.com.br\\\/site\\\/categoria\\\/eventos\\\/#listItem\",\"name\":\"Eventos\"}}]},{\"@type\":\"Organization\",\"@id\":\"https:\\\/\\\/anoticiaonline.com.br\\\/site\\\/#organization\",\"name\":\"A Not\\u00edcia Online\",\"description\":\"Noticias de Muria\\u00e9 e regi\\u00e3o\",\"url\":\"https:\\\/\\\/anoticiaonline.com.br\\\/site\\\/\",\"logo\":{\"@type\":\"ImageObject\",\"url\":\"https:\\\/\\\/scontent-gig4-1.xx.fbcdn.net\\\/v\\\/t39.30808-1\\\/270437624_4564083193639691_6907940295614233970_n.jpg?stp=dst-jpg_s200x200_tt6&_nc_cat=111&ccb=1-7&_nc_sid=f907e8&_nc_ohc=SM1wRlP3lJwQ7kNvwEPuBYA&_nc_oc=AdnqrjDN_BNjSSHWO-GbkIWH6fkGMLw4bqvL_NH6e2wMveX7G-rP2dAqsDSq1mJMOaY&_nc_zt=24&_nc_ht=scontent-gig4-1.xx&_nc_gid=AoBFJeGrT1hVaew_6rchkQ&oh=00_AfX7QmFGhQhG2jAllVgXCiM1ZrWgvtp80-Bfppyexh1QEg&oe=689E923C\",\"@id\":\"https:\\\/\\\/anoticiaonline.com.br\\\/site\\\/conforto-qualidade-e-variedade-angelatex-e-reinaugurada-na-barra\\\/#organizationLogo\"},\"image\":{\"@id\":\"https:\\\/\\\/anoticiaonline.com.br\\\/site\\\/conforto-qualidade-e-variedade-angelatex-e-reinaugurada-na-barra\\\/#organizationLogo\"}},{\"@type\":\"Person\",\"@id\":\"https:\\\/\\\/anoticiaonline.com.br\\\/site\\\/author\\\/juliana\\\/#author\",\"url\":\"https:\\\/\\\/anoticiaonline.com.br\\\/site\\\/author\\\/juliana\\\/\",\"name\":\"Juliana Laviola\",\"image\":{\"@type\":\"ImageObject\",\"@id\":\"https:\\\/\\\/anoticiaonline.com.br\\\/site\\\/conforto-qualidade-e-variedade-angelatex-e-reinaugurada-na-barra\\\/#authorImage\",\"url\":\"https:\\\/\\\/secure.gravatar.com\\\/avatar\\\/b8d45f5c699b100dfaf0e543582f38f38bf94cb7ae3a5e9abf8d891a34773335?s=96&d=mm&r=g\",\"width\":96,\"height\":96,\"caption\":\"Juliana Laviola\"}},{\"@type\":\"WebPage\",\"@id\":\"https:\\\/\\\/anoticiaonline.com.br\\\/site\\\/conforto-qualidade-e-variedade-angelatex-e-reinaugurada-na-barra\\\/#webpage\",\"url\":\"https:\\\/\\\/anoticiaonline.com.br\\\/site\\\/conforto-qualidade-e-variedade-angelatex-e-reinaugurada-na-barra\\\/\",\"name\":\"Conforto, qualidade e variedade: Angelatex \\u00e9 reinaugurada na Barra - A Not\\u00edcia Online\",\"description\":\"Foi reinaugurada, no \\u00faltimo s\\u00e1bado (1), a quarta unidade da Angelatex, loja de aviamentos mais tradicional da cidade. Na ocasi\\u00e3o, clientes e amigos foram recepcionados pelos propriet\\u00e1rios, \\u00c2ngela e Rog\\u00e9rio Alves, onde puderam conhecer o novo espa\\u00e7o. Localizada na Pra\\u00e7a Cel. Tib\\u00farcio, na Barra, a nova loja possui grande variedade de produtos exclusivos para confec\\u00e7\\u00f5es,\",\"inLanguage\":\"pt-BR\",\"isPartOf\":{\"@id\":\"https:\\\/\\\/anoticiaonline.com.br\\\/site\\\/#website\"},\"breadcrumb\":{\"@id\":\"https:\\\/\\\/anoticiaonline.com.br\\\/site\\\/conforto-qualidade-e-variedade-angelatex-e-reinaugurada-na-barra\\\/#breadcrumblist\"},\"author\":{\"@id\":\"https:\\\/\\\/anoticiaonline.com.br\\\/site\\\/author\\\/juliana\\\/#author\"},\"creator\":{\"@id\":\"https:\\\/\\\/anoticiaonline.com.br\\\/site\\\/author\\\/juliana\\\/#author\"},\"image\":{\"@type\":\"ImageObject\",\"url\":\"https:\\\/\\\/anoticiaonline.com.br\\\/site\\\/wp-content\\\/uploads\\\/2018\\\/09\\\/DSC_0115.jpg\",\"@id\":\"https:\\\/\\\/anoticiaonline.com.br\\\/site\\\/conforto-qualidade-e-variedade-angelatex-e-reinaugurada-na-barra\\\/#mainImage\",\"width\":775,\"height\":517},\"primaryImageOfPage\":{\"@id\":\"https:\\\/\\\/anoticiaonline.com.br\\\/site\\\/conforto-qualidade-e-variedade-angelatex-e-reinaugurada-na-barra\\\/#mainImage\"},\"datePublished\":\"2018-09-05T10:25:19-03:00\",\"dateModified\":\"2018-09-05T14:24:30-03:00\"},{\"@type\":\"WebSite\",\"@id\":\"https:\\\/\\\/anoticiaonline.com.br\\\/site\\\/#website\",\"url\":\"https:\\\/\\\/anoticiaonline.com.br\\\/site\\\/\",\"name\":\"A Not\\u00edcia Online\",\"description\":\"Noticias de Muria\\u00e9 e regi\\u00e3o\",\"inLanguage\":\"pt-BR\",\"publisher\":{\"@id\":\"https:\\\/\\\/anoticiaonline.com.br\\\/site\\\/#organization\"}}]}\n\t\t<\/script>\n\t\t<!-- All in One SEO -->\n\n","aioseo_head_json":{"title":"Conforto, qualidade e variedade: Angelatex \u00e9 reinaugurada na Barra - A Not\u00edcia Online","description":"Foi reinaugurada, no \u00faltimo s\u00e1bado (1), a quarta unidade da Angelatex, loja de aviamentos mais tradicional da cidade. Na ocasi\u00e3o, clientes e amigos foram recepcionados pelos propriet\u00e1rios, \u00c2ngela e Rog\u00e9rio Alves, onde puderam conhecer o novo espa\u00e7o. Localizada na Pra\u00e7a Cel. Tib\u00farcio, na Barra, a nova loja possui grande variedade de produtos exclusivos para confec\u00e7\u00f5es,","canonical_url":"https:\/\/anoticiaonline.com.br\/site\/conforto-qualidade-e-variedade-angelatex-e-reinaugurada-na-barra\/","robots":"max-image-preview:large","keywords":"","webmasterTools":{"miscellaneous":""},"schema":{"@context":"https:\/\/schema.org","@graph":[{"@type":"BlogPosting","@id":"https:\/\/anoticiaonline.com.br\/site\/conforto-qualidade-e-variedade-angelatex-e-reinaugurada-na-barra\/#blogposting","name":"Conforto, qualidade e variedade: Angelatex \u00e9 reinaugurada na Barra - A Not\u00edcia Online","headline":"Conforto, qualidade e variedade: Angelatex \u00e9 reinaugurada na Barra","author":{"@id":"https:\/\/anoticiaonline.com.br\/site\/author\/juliana\/#author"},"publisher":{"@id":"https:\/\/anoticiaonline.com.br\/site\/#organization"},"image":{"@type":"ImageObject","url":"https:\/\/anoticiaonline.com.br\/site\/wp-content\/uploads\/2018\/09\/DSC_0115.jpg","width":775,"height":517},"datePublished":"2018-09-05T10:25:19-03:00","dateModified":"2018-09-05T14:24:30-03:00","inLanguage":"pt-BR","mainEntityOfPage":{"@id":"https:\/\/anoticiaonline.com.br\/site\/conforto-qualidade-e-variedade-angelatex-e-reinaugurada-na-barra\/#webpage"},"isPartOf":{"@id":"https:\/\/anoticiaonline.com.br\/site\/conforto-qualidade-e-variedade-angelatex-e-reinaugurada-na-barra\/#webpage"},"articleSection":"Eventos, Angelatex, Karlos Papelaria, Pra\u00e7a Cel. Tib\u00farcio, reinaugura\u00e7\u00e3o"},{"@type":"BreadcrumbList","@id":"https:\/\/anoticiaonline.com.br\/site\/conforto-qualidade-e-variedade-angelatex-e-reinaugurada-na-barra\/#breadcrumblist","itemListElement":[{"@type":"ListItem","@id":"https:\/\/anoticiaonline.com.br\/site#listItem","position":1,"name":"Home","item":"https:\/\/anoticiaonline.com.br\/site","nextItem":{"@type":"ListItem","@id":"https:\/\/anoticiaonline.com.br\/site\/categoria\/eventos\/#listItem","name":"Eventos"}},{"@type":"ListItem","@id":"https:\/\/anoticiaonline.com.br\/site\/categoria\/eventos\/#listItem","position":2,"name":"Eventos","item":"https:\/\/anoticiaonline.com.br\/site\/categoria\/eventos\/","nextItem":{"@type":"ListItem","@id":"https:\/\/anoticiaonline.com.br\/site\/conforto-qualidade-e-variedade-angelatex-e-reinaugurada-na-barra\/#listItem","name":"Conforto, qualidade e variedade: Angelatex \u00e9 reinaugurada na Barra"},"previousItem":{"@type":"ListItem","@id":"https:\/\/anoticiaonline.com.br\/site#listItem","name":"Home"}},{"@type":"ListItem","@id":"https:\/\/anoticiaonline.com.br\/site\/conforto-qualidade-e-variedade-angelatex-e-reinaugurada-na-barra\/#listItem","position":3,"name":"Conforto, qualidade e variedade: Angelatex \u00e9 reinaugurada na Barra","previousItem":{"@type":"ListItem","@id":"https:\/\/anoticiaonline.com.br\/site\/categoria\/eventos\/#listItem","name":"Eventos"}}]},{"@type":"Organization","@id":"https:\/\/anoticiaonline.com.br\/site\/#organization","name":"A Not\u00edcia Online","description":"Noticias de Muria\u00e9 e regi\u00e3o","url":"https:\/\/anoticiaonline.com.br\/site\/","logo":{"@type":"ImageObject","url":"https:\/\/scontent-gig4-1.xx.fbcdn.net\/v\/t39.30808-1\/270437624_4564083193639691_6907940295614233970_n.jpg?stp=dst-jpg_s200x200_tt6&_nc_cat=111&ccb=1-7&_nc_sid=f907e8&_nc_ohc=SM1wRlP3lJwQ7kNvwEPuBYA&_nc_oc=AdnqrjDN_BNjSSHWO-GbkIWH6fkGMLw4bqvL_NH6e2wMveX7G-rP2dAqsDSq1mJMOaY&_nc_zt=24&_nc_ht=scontent-gig4-1.xx&_nc_gid=AoBFJeGrT1hVaew_6rchkQ&oh=00_AfX7QmFGhQhG2jAllVgXCiM1ZrWgvtp80-Bfppyexh1QEg&oe=689E923C","@id":"https:\/\/anoticiaonline.com.br\/site\/conforto-qualidade-e-variedade-angelatex-e-reinaugurada-na-barra\/#organizationLogo"},"image":{"@id":"https:\/\/anoticiaonline.com.br\/site\/conforto-qualidade-e-variedade-angelatex-e-reinaugurada-na-barra\/#organizationLogo"}},{"@type":"Person","@id":"https:\/\/anoticiaonline.com.br\/site\/author\/juliana\/#author","url":"https:\/\/anoticiaonline.com.br\/site\/author\/juliana\/","name":"Juliana Laviola","image":{"@type":"ImageObject","@id":"https:\/\/anoticiaonline.com.br\/site\/conforto-qualidade-e-variedade-angelatex-e-reinaugurada-na-barra\/#authorImage","url":"https:\/\/secure.gravatar.com\/avatar\/b8d45f5c699b100dfaf0e543582f38f38bf94cb7ae3a5e9abf8d891a34773335?s=96&d=mm&r=g","width":96,"height":96,"caption":"Juliana Laviola"}},{"@type":"WebPage","@id":"https:\/\/anoticiaonline.com.br\/site\/conforto-qualidade-e-variedade-angelatex-e-reinaugurada-na-barra\/#webpage","url":"https:\/\/anoticiaonline.com.br\/site\/conforto-qualidade-e-variedade-angelatex-e-reinaugurada-na-barra\/","name":"Conforto, qualidade e variedade: Angelatex \u00e9 reinaugurada na Barra - A Not\u00edcia Online","description":"Foi reinaugurada, no \u00faltimo s\u00e1bado (1), a quarta unidade da Angelatex, loja de aviamentos mais tradicional da cidade. Na ocasi\u00e3o, clientes e amigos foram recepcionados pelos propriet\u00e1rios, \u00c2ngela e Rog\u00e9rio Alves, onde puderam conhecer o novo espa\u00e7o. Localizada na Pra\u00e7a Cel. Tib\u00farcio, na Barra, a nova loja possui grande variedade de produtos exclusivos para confec\u00e7\u00f5es,","inLanguage":"pt-BR","isPartOf":{"@id":"https:\/\/anoticiaonline.com.br\/site\/#website"},"breadcrumb":{"@id":"https:\/\/anoticiaonline.com.br\/site\/conforto-qualidade-e-variedade-angelatex-e-reinaugurada-na-barra\/#breadcrumblist"},"author":{"@id":"https:\/\/anoticiaonline.com.br\/site\/author\/juliana\/#author"},"creator":{"@id":"https:\/\/anoticiaonline.com.br\/site\/author\/juliana\/#author"},"image":{"@type":"ImageObject","url":"https:\/\/anoticiaonline.com.br\/site\/wp-content\/uploads\/2018\/09\/DSC_0115.jpg","@id":"https:\/\/anoticiaonline.com.br\/site\/conforto-qualidade-e-variedade-angelatex-e-reinaugurada-na-barra\/#mainImage","width":775,"height":517},"primaryImageOfPage":{"@id":"https:\/\/anoticiaonline.com.br\/site\/conforto-qualidade-e-variedade-angelatex-e-reinaugurada-na-barra\/#mainImage"},"datePublished":"2018-09-05T10:25:19-03:00","dateModified":"2018-09-05T14:24:30-03:00"},{"@type":"WebSite","@id":"https:\/\/anoticiaonline.com.br\/site\/#website","url":"https:\/\/anoticiaonline.com.br\/site\/","name":"A Not\u00edcia Online","description":"Noticias de Muria\u00e9 e regi\u00e3o","inLanguage":"pt-BR","publisher":{"@id":"https:\/\/anoticiaonline.com.br\/site\/#organization"}}]},"og:locale":"pt_BR","og:site_name":"A Not\u00edcia Online - Noticias de Muria\u00e9 e regi\u00e3o","og:type":"article","og:title":"Conforto, qualidade e variedade: Angelatex \u00e9 reinaugurada na Barra - A Not\u00edcia Online","og:description":"Foi reinaugurada, no \u00faltimo s\u00e1bado (1), a quarta unidade da Angelatex, loja de aviamentos mais tradicional da cidade. Na ocasi\u00e3o, clientes e amigos foram recepcionados pelos propriet\u00e1rios, \u00c2ngela e Rog\u00e9rio Alves, onde puderam conhecer o novo espa\u00e7o. Localizada na Pra\u00e7a Cel. Tib\u00farcio, na Barra, a nova loja possui grande variedade de produtos exclusivos para confec\u00e7\u00f5es,","og:url":"https:\/\/anoticiaonline.com.br\/site\/conforto-qualidade-e-variedade-angelatex-e-reinaugurada-na-barra\/","og:image":"https:\/\/scontent-gig4-1.xx.fbcdn.net\/v\/t39.30808-1\/270437624_4564083193639691_6907940295614233970_n.jpg?stp=dst-jpg_s200x200_tt6&#038;_nc_cat=111&#038;ccb=1-7&#038;_nc_sid=f907e8&#038;_nc_ohc=SM1wRlP3lJwQ7kNvwEPuBYA&#038;_nc_oc=AdnqrjDN_BNjSSHWO-GbkIWH6fkGMLw4bqvL_NH6e2wMveX7G-rP2dAqsDSq1mJMOaY&#038;_nc_zt=24&#038;_nc_ht=scontent-gig4-1.xx&#038;_nc_gid=AoBFJeGrT1hVaew_6rchkQ&#038;oh=00_AfX7QmFGhQhG2jAllVgXCiM1ZrWgvtp80-Bfppyexh1QEg&#038;oe=689E923C","og:image:secure_url":"https:\/\/scontent-gig4-1.xx.fbcdn.net\/v\/t39.30808-1\/270437624_4564083193639691_6907940295614233970_n.jpg?stp=dst-jpg_s200x200_tt6&#038;_nc_cat=111&#038;ccb=1-7&#038;_nc_sid=f907e8&#038;_nc_ohc=SM1wRlP3lJwQ7kNvwEPuBYA&#038;_nc_oc=AdnqrjDN_BNjSSHWO-GbkIWH6fkGMLw4bqvL_NH6e2wMveX7G-rP2dAqsDSq1mJMOaY&#038;_nc_zt=24&#038;_nc_ht=scontent-gig4-1.xx&#038;_nc_gid=AoBFJeGrT1hVaew_6rchkQ&#038;oh=00_AfX7QmFGhQhG2jAllVgXCiM1ZrWgvtp80-Bfppyexh1QEg&#038;oe=689E923C","article:published_time":"2018-09-05T13:25:19+00:00","article:modified_time":"2018-09-05T17:24:30+00:00","twitter:card":"summary_large_image","twitter:title":"Conforto, qualidade e variedade: Angelatex \u00e9 reinaugurada na Barra - A Not\u00edcia Online","twitter:description":"Foi reinaugurada, no \u00faltimo s\u00e1bado (1), a quarta unidade da Angelatex, loja de aviamentos mais tradicional da cidade. Na ocasi\u00e3o, clientes e amigos foram recepcionados pelos propriet\u00e1rios, \u00c2ngela e Rog\u00e9rio Alves, onde puderam conhecer o novo espa\u00e7o. Localizada na Pra\u00e7a Cel. Tib\u00farcio, na Barra, a nova loja possui grande variedade de produtos exclusivos para confec\u00e7\u00f5es,","twitter:image":"https:\/\/scontent-gig4-1.xx.fbcdn.net\/v\/t39.30808-1\/270437624_4564083193639691_6907940295614233970_n.jpg?stp=dst-jpg_s200x200_tt6&_nc_cat=111&ccb=1-7&_nc_sid=f907e8&_nc_ohc=SM1wRlP3lJwQ7kNvwEPuBYA&_nc_oc=AdnqrjDN_BNjSSHWO-GbkIWH6fkGMLw4bqvL_NH6e2wMveX7G-rP2dAqsDSq1mJMOaY&_nc_zt=24&_nc_ht=scontent-gig4-1.xx&_nc_gid=AoBFJeGrT1hVaew_6rchkQ&oh=00_AfX7QmFGhQhG2jAllVgXCiM1ZrWgvtp80-Bfppyexh1QEg&oe=689E923C"},"aioseo_meta_data":{"post_id":"61045","title":null,"description":null,"keywords":null,"keyphrases":null,"primary_term":null,"canonical_url":null,"og_title":null,"og_description":null,"og_object_type":"default","og_image_type":"default","og_image_url":null,"og_image_width":null,"og_image_height":null,"og_image_custom_url":null,"og_image_custom_fields":null,"og_video":null,"og_custom_url":null,"og_article_section":null,"og_article_tags":null,"twitter_use_og":false,"twitter_card":"default","twitter_image_type":"default","twitter_image_url":null,"twitter_image_custom_url":null,"twitter_image_custom_fields":null,"twitter_title":null,"twitter_description":null,"schema":{"blockGraphs":[],"customGraphs":[],"default":{"data":{"Article":[],"Course":[],"Dataset":[],"FAQPage":[],"Movie":[],"Person":[],"Product":[],"ProductReview":[],"Car":[],"Recipe":[],"Service":[],"SoftwareApplication":[],"WebPage":[]},"graphName":"","isEnabled":true},"graphs":[]},"schema_type":"default","schema_type_options":null,"pillar_content":false,"robots_default":true,"robots_noindex":false,"robots_noarchive":false,"robots_nosnippet":false,"robots_nofollow":false,"robots_noimageindex":false,"robots_noodp":false,"robots_notranslate":false,"robots_max_snippet":null,"robots_max_videopreview":null,"robots_max_imagepreview":"large","priority":null,"frequency":null,"local_seo":null,"breadcrumb_settings":null,"limit_modified_date":false,"ai":null,"created":"2025-08-16 21:33:39","updated":"2025-08-16 21:33:39","focus_keyword":null,"additional_keywords":null,"truseo_locale":null,"seo_analyzer_scan_date":null},"aioseo_breadcrumb":"<div class=\"aioseo-breadcrumbs\"><span class=\"aioseo-breadcrumb\">\n\t\t\t<a href=\"https:\/\/anoticiaonline.com.br\/site\" title=\"Home\">Home<\/a>\n\t\t<\/span><span class=\"aioseo-breadcrumb-separator\">&raquo;<\/span><span class=\"aioseo-breadcrumb\">\n\t\t\t<a href=\"https:\/\/anoticiaonline.com.br\/site\/categoria\/eventos\/\" title=\"Eventos\">Eventos<\/a>\n\t\t<\/span><span class=\"aioseo-breadcrumb-separator\">&raquo;<\/span><span class=\"aioseo-breadcrumb\">\n\t\t\tConforto, qualidade e variedade: Angelatex \u00e9 reinaugurada na Barra\n\t\t<\/span><\/div>","aioseo_breadcrumb_json":[{"label":"Home","link":"https:\/\/anoticiaonline.com.br\/site"},{"label":"Eventos","link":"https:\/\/anoticiaonline.com.br\/site\/categoria\/eventos\/"},{"label":"Conforto, qualidade e variedade: Angelatex \u00e9 reinaugurada na Barra","link":"https:\/\/anoticiaonline.com.br\/site\/conforto-qualidade-e-variedade-angelatex-e-reinaugurada-na-barra\/"}],"views":252,"_links":{"self":[{"href":"https:\/\/anoticiaonline.com.br\/site\/wp-json\/wp\/v2\/posts\/61045","targetHints":{"allow":["GET"]}}],"collection":[{"href":"https:\/\/anoticiaonline.com.br\/site\/wp-json\/wp\/v2\/posts"}],"about":[{"href":"https:\/\/anoticiaonline.com.br\/site\/wp-json\/wp\/v2\/types\/post"}],"author":[{"embeddable":true,"href":"https:\/\/anoticiaonline.com.br\/site\/wp-json\/wp\/v2\/users\/2"}],"replies":[{"embeddable":true,"href":"https:\/\/anoticiaonline.com.br\/site\/wp-json\/wp\/v2\/comments?post=61045"}],"version-history":[{"count":0,"href":"https:\/\/anoticiaonline.com.br\/site\/wp-json\/wp\/v2\/posts\/61045\/revisions"}],"wp:featuredmedia":[{"embeddable":true,"href":"https:\/\/anoticiaonline.com.br\/site\/wp-json\/wp\/v2\/media\/61058"}],"wp:attachment":[{"href":"https:\/\/anoticiaonline.com.br\/site\/wp-json\/wp\/v2\/media?parent=61045"}],"wp:term":[{"taxonomy":"category","embeddable":true,"href":"https:\/\/anoticiaonline.com.br\/site\/wp-json\/wp\/v2\/categories?post=61045"},{"taxonomy":"post_tag","embeddable":true,"href":"https:\/\/anoticiaonline.com.br\/site\/wp-json\/wp\/v2\/tags?post=61045"}],"curies":[{"name":"wp","href":"https:\/\/api.w.org\/{rel}","templated":true}]}}