{"id":61030,"date":"2018-09-03T20:08:47","date_gmt":"2018-09-03T23:08:47","guid":{"rendered":"http:\/\/anoticiaonline.com.br\/site\/?p=61030"},"modified":"2018-09-04T18:31:20","modified_gmt":"2018-09-04T21:31:20","slug":"sicoob-credisudete-segunda-agencia-de-uba-completa-1-ano-de-olho-na-expansao-do-novo-centro-comercial","status":"publish","type":"post","link":"https:\/\/anoticiaonline.com.br\/site\/sicoob-credisudete-segunda-agencia-de-uba-completa-1-ano-de-olho-na-expansao-do-novo-centro-comercial\/","title":{"rendered":"Sicoob Credisudeste: Segunda ag\u00eancia de Ub\u00e1 completa 1 ano de olho na expans\u00e3o do novo centro comercial"},"content":{"rendered":"<p><a href=\"https:\/\/anoticiaonline.com.br\/site\/wp-content\/uploads\/2018\/09\/foto_materia-1.jpg\"><img fetchpriority=\"high\" decoding=\"async\" class=\"aligncenter size-full wp-image-61031\" src=\"https:\/\/anoticiaonline.com.br\/site\/wp-content\/uploads\/2018\/09\/foto_materia-1.jpg\" alt=\"\" width=\"1000\" height=\"615\" srcset=\"https:\/\/anoticiaonline.com.br\/site\/wp-content\/uploads\/2018\/09\/foto_materia-1.jpg 1000w, https:\/\/anoticiaonline.com.br\/site\/wp-content\/uploads\/2018\/09\/foto_materia-1-300x185.jpg 300w, https:\/\/anoticiaonline.com.br\/site\/wp-content\/uploads\/2018\/09\/foto_materia-1-768x472.jpg 768w, https:\/\/anoticiaonline.com.br\/site\/wp-content\/uploads\/2018\/09\/foto_materia-1-400x245.jpg 400w\" sizes=\"(max-width: 1000px) 100vw, 1000px\" \/><\/a>Setembro \u00e9 um m\u00eas de comemora\u00e7\u00e3o para a ag\u00eancia do Sicoob Credisudete da Avenida Padre Arnaldo Jansen, em Ub\u00e1 (MG). No dia 15, a unidade completa um ano de funcionamento no bairro Santa Luzia. A regi\u00e3o \u00e9 apontada como o novo centro comercial da cidade, com perspectiva de expans\u00e3o para os pr\u00f3ximos anos.<\/p>\n<p>E \u00e9 de olho no crescimento regional que a ag\u00eancia tem como meta dobrar o n\u00famero de cooperados at\u00e9 o fim do pr\u00f3ximo ano. Atualmente s\u00e3o 310 associados, sendo 80% prospectados pela cooperativa e 20% de ades\u00e3o espont\u00e2nea. Do total de associados, 60% s\u00e3o empres\u00e1rios e comerciantes com neg\u00f3cios no bairro.<\/p>\n<p>Em menos de um ano da inaugura\u00e7\u00e3o, a ag\u00eancia da Avenida Padre Arnaldo Jansen movimentou R$ 4 milh\u00f5es em opera\u00e7\u00f5es de cr\u00e9dito, o que mostra a import\u00e2ncia do Sicoob Credisudeste na localidade. \u201cCome\u00e7amos do zero, a partir de trabalho de visita\u00e7\u00e3o e prospec\u00e7\u00e3o, e batemos a meta em abril deste ano, cinco meses antes do anivers\u00e1rio. Um crescimento surpreendente para a cooperativa\u201d, destaca a gerente da unidade, Sandra Vieira.<\/p>\n<p>Prova da evolu\u00e7\u00e3o dos neg\u00f3cios na regi\u00e3o \u00e9 a contrata\u00e7\u00e3o de mais dois funcion\u00e1rios, al\u00e9m dos cinco iniciais. Segundo Sandra, o bairro era carente de institui\u00e7\u00f5es financeiras, e a chegada da cooperativa mostrou a for\u00e7a do sistema Sicoob na contribui\u00e7\u00e3o do desenvolvimento local. \u201cTrabalhamos com todos os servi\u00e7os banc\u00e1rios, mas com taxas diferenciadas. Nosso diferencial est\u00e1 no relacionamento, na proximidade com o associado\u201d.<\/p>\n<p><strong>Satisfa\u00e7\u00e3o<\/strong><\/p>\n<p>Para o associado Luiz Teixeira Garcia, a chegada do Sicoob Credisudeste \u00e0 localidade foi um acerto. \u201cAqui \u00e9 a cidade nova de Ub\u00e1. Enquanto as outras institui\u00e7\u00f5es banc\u00e1rias est\u00e3o no centro velho, aqui temos com\u00e9rcio jovem, faculdades e movimenta\u00e7\u00e3o al\u00e9m das oito da noite. Os comerciantes aderiram \u00e0 cooperativa, integralizando e movimentando\u201d, diz.<\/p>\n<p>Garcia tamb\u00e9m elogia o atendimento. \u201cA equipe da ag\u00eancia sabe nos atender, tem carinho para explicar, tirar as d\u00favidas. Tem banco que a gente chega e sai sem resposta. Todos os associados est\u00e3o muito satisfeitos\u201d.<\/p>\n<p>Outro associado, o comerciante Anderson Silveira enumera as vantagens de ter se associado ao Sicoob Credisudeste. \u201cUma delas \u00e9 a comunica\u00e7\u00e3o com a equipe. Na ag\u00eancia sou bem atendido, tem calor humano. Em outras institui\u00e7\u00f5es tudo \u00e9 muito mec\u00e2nico. Sem contar as melhores taxas em rela\u00e7\u00e3o \u00e0 concorr\u00eancia. \u00c9 a realidade que n\u00f3s queremos. Tudo que prometeram foi cumprido\u201d, afirma.<\/p>\n<p>A participa\u00e7\u00e3o dos cooperados nas decis\u00f5es da cooperativa \u00e9 outro motivo de comemora\u00e7\u00e3o em Ub\u00e1. Este ano, 210 pessoas ligadas \u00e0s duas ag\u00eancias da cidade participaram da \u00faltima pr\u00e9-assembleia. \u201cIsso est\u00e1 crescendo aqui e teremos ainda melhores resultados em 2019\u201d, projeta a gerente Sandra Vieira.<\/p>\n<p>&nbsp;<\/p>\n<p>&nbsp;<\/p>\n","protected":false},"excerpt":{"rendered":"<p>Setembro \u00e9 um m\u00eas de comemora\u00e7\u00e3o para a ag\u00eancia do Sicoob Credisudete da Avenida Padre Arnaldo Jansen, em Ub\u00e1 (MG). No dia 15, a unidade completa um ano de funcionamento no bairro Santa Luzia. A regi\u00e3o \u00e9 apontada como o novo centro comercial da cidade, com perspectiva de expans\u00e3o para os pr\u00f3ximos anos. E \u00e9 &#8230; <a title=\"Sicoob Credisudeste: Segunda ag\u00eancia de Ub\u00e1 completa 1 ano de olho na expans\u00e3o do novo centro comercial\" class=\"read-more\" href=\"https:\/\/anoticiaonline.com.br\/site\/sicoob-credisudete-segunda-agencia-de-uba-completa-1-ano-de-olho-na-expansao-do-novo-centro-comercial\/\" aria-label=\"Read more about Sicoob Credisudeste: Segunda ag\u00eancia de Ub\u00e1 completa 1 ano de olho na expans\u00e3o do novo centro comercial\">Ler mais<\/a><\/p>\n","protected":false},"author":2,"featured_media":61031,"comment_status":"open","ping_status":"open","sticky":false,"template":"","format":"standard","meta":{"_acf_changed":false,"_monsterinsights_skip_tracking":false,"footnotes":""},"categories":[1],"tags":[3032,3033,3031,2339],"class_list":["post-61030","post","type-post","status-publish","format-standard","has-post-thumbnail","hentry","category-gerais","tag-avenida-padre-arnaldo-jansen","tag-operacoes-de-credito","tag-sicoob-credisudete","tag-uba"],"acf":[],"aioseo_notices":[],"aioseo_head":"\n\t\t<!-- All in One SEO 5.0.0.1 - aioseo.com -->\n\t<meta name=\"description\" content=\"Setembro \u00e9 um m\u00eas de comemora\u00e7\u00e3o para a ag\u00eancia do Sicoob Credisudete da Avenida Padre Arnaldo Jansen, em Ub\u00e1 (MG). No dia 15, a unidade completa um ano de funcionamento no bairro Santa Luzia. A regi\u00e3o \u00e9 apontada como o novo centro comercial da cidade, com perspectiva de expans\u00e3o para os pr\u00f3ximos anos. E \u00e9\" \/>\n\t<meta name=\"robots\" content=\"max-image-preview:large\" \/>\n\t<meta name=\"author\" content=\"Juliana Laviola\"\/>\n\t<link rel=\"canonical\" href=\"https:\/\/anoticiaonline.com.br\/site\/sicoob-credisudete-segunda-agencia-de-uba-completa-1-ano-de-olho-na-expansao-do-novo-centro-comercial\/\" \/>\n\t<meta name=\"generator\" content=\"All in One SEO (AIOSEO) 5.0.0.1\" \/>\n\t\t<meta property=\"og:locale\" content=\"pt_BR\" \/>\n\t\t<meta property=\"og:site_name\" content=\"A Not\u00edcia Online - Noticias de Muria\u00e9 e regi\u00e3o\" \/>\n\t\t<meta property=\"og:type\" content=\"article\" \/>\n\t\t<meta property=\"og:title\" content=\"Sicoob Credisudeste: Segunda ag\u00eancia de Ub\u00e1 completa 1 ano de olho na expans\u00e3o do novo centro comercial - A Not\u00edcia Online\" \/>\n\t\t<meta property=\"og:description\" content=\"Setembro \u00e9 um m\u00eas de comemora\u00e7\u00e3o para a ag\u00eancia do Sicoob Credisudete da Avenida Padre Arnaldo Jansen, em Ub\u00e1 (MG). No dia 15, a unidade completa um ano de funcionamento no bairro Santa Luzia. A regi\u00e3o \u00e9 apontada como o novo centro comercial da cidade, com perspectiva de expans\u00e3o para os pr\u00f3ximos anos. E \u00e9\" \/>\n\t\t<meta property=\"og:url\" content=\"https:\/\/anoticiaonline.com.br\/site\/sicoob-credisudete-segunda-agencia-de-uba-completa-1-ano-de-olho-na-expansao-do-novo-centro-comercial\/\" \/>\n\t\t<meta property=\"og:image\" content=\"https:\/\/scontent-gig4-1.xx.fbcdn.net\/v\/t39.30808-1\/270437624_4564083193639691_6907940295614233970_n.jpg?stp=dst-jpg_s200x200_tt6&#038;_nc_cat=111&#038;ccb=1-7&#038;_nc_sid=f907e8&#038;_nc_ohc=SM1wRlP3lJwQ7kNvwEPuBYA&#038;_nc_oc=AdnqrjDN_BNjSSHWO-GbkIWH6fkGMLw4bqvL_NH6e2wMveX7G-rP2dAqsDSq1mJMOaY&#038;_nc_zt=24&#038;_nc_ht=scontent-gig4-1.xx&#038;_nc_gid=AoBFJeGrT1hVaew_6rchkQ&#038;oh=00_AfX7QmFGhQhG2jAllVgXCiM1ZrWgvtp80-Bfppyexh1QEg&#038;oe=689E923C\" \/>\n\t\t<meta property=\"og:image:secure_url\" content=\"https:\/\/scontent-gig4-1.xx.fbcdn.net\/v\/t39.30808-1\/270437624_4564083193639691_6907940295614233970_n.jpg?stp=dst-jpg_s200x200_tt6&#038;_nc_cat=111&#038;ccb=1-7&#038;_nc_sid=f907e8&#038;_nc_ohc=SM1wRlP3lJwQ7kNvwEPuBYA&#038;_nc_oc=AdnqrjDN_BNjSSHWO-GbkIWH6fkGMLw4bqvL_NH6e2wMveX7G-rP2dAqsDSq1mJMOaY&#038;_nc_zt=24&#038;_nc_ht=scontent-gig4-1.xx&#038;_nc_gid=AoBFJeGrT1hVaew_6rchkQ&#038;oh=00_AfX7QmFGhQhG2jAllVgXCiM1ZrWgvtp80-Bfppyexh1QEg&#038;oe=689E923C\" \/>\n\t\t<meta property=\"article:published_time\" content=\"2018-09-03T23:08:47+00:00\" \/>\n\t\t<meta property=\"article:modified_time\" content=\"2018-09-04T21:31:20+00:00\" \/>\n\t\t<meta name=\"twitter:card\" content=\"summary_large_image\" \/>\n\t\t<meta name=\"twitter:title\" content=\"Sicoob Credisudeste: Segunda ag\u00eancia de Ub\u00e1 completa 1 ano de olho na expans\u00e3o do novo centro comercial - A Not\u00edcia Online\" \/>\n\t\t<meta name=\"twitter:description\" content=\"Setembro \u00e9 um m\u00eas de comemora\u00e7\u00e3o para a ag\u00eancia do Sicoob Credisudete da Avenida Padre Arnaldo Jansen, em Ub\u00e1 (MG). No dia 15, a unidade completa um ano de funcionamento no bairro Santa Luzia. A regi\u00e3o \u00e9 apontada como o novo centro comercial da cidade, com perspectiva de expans\u00e3o para os pr\u00f3ximos anos. E \u00e9\" \/>\n\t\t<meta name=\"twitter:image\" content=\"https:\/\/scontent-gig4-1.xx.fbcdn.net\/v\/t39.30808-1\/270437624_4564083193639691_6907940295614233970_n.jpg?stp=dst-jpg_s200x200_tt6&amp;_nc_cat=111&amp;ccb=1-7&amp;_nc_sid=f907e8&amp;_nc_ohc=SM1wRlP3lJwQ7kNvwEPuBYA&amp;_nc_oc=AdnqrjDN_BNjSSHWO-GbkIWH6fkGMLw4bqvL_NH6e2wMveX7G-rP2dAqsDSq1mJMOaY&amp;_nc_zt=24&amp;_nc_ht=scontent-gig4-1.xx&amp;_nc_gid=AoBFJeGrT1hVaew_6rchkQ&amp;oh=00_AfX7QmFGhQhG2jAllVgXCiM1ZrWgvtp80-Bfppyexh1QEg&amp;oe=689E923C\" \/>\n\t\t<script type=\"application\/ld+json\" class=\"aioseo-schema\">\n\t\t\t{\"@context\":\"https:\\\/\\\/schema.org\",\"@graph\":[{\"@type\":\"BlogPosting\",\"@id\":\"https:\\\/\\\/anoticiaonline.com.br\\\/site\\\/sicoob-credisudete-segunda-agencia-de-uba-completa-1-ano-de-olho-na-expansao-do-novo-centro-comercial\\\/#blogposting\",\"name\":\"Sicoob Credisudeste: Segunda ag\\u00eancia de Ub\\u00e1 completa 1 ano de olho na expans\\u00e3o do novo centro comercial - A Not\\u00edcia Online\",\"headline\":\"Sicoob Credisudeste: Segunda ag\\u00eancia de Ub\\u00e1 completa 1 ano de olho na expans\\u00e3o do novo centro comercial\",\"author\":{\"@id\":\"https:\\\/\\\/anoticiaonline.com.br\\\/site\\\/author\\\/juliana\\\/#author\"},\"publisher\":{\"@id\":\"https:\\\/\\\/anoticiaonline.com.br\\\/site\\\/#organization\"},\"image\":{\"@type\":\"ImageObject\",\"url\":\"https:\\\/\\\/anoticiaonline.com.br\\\/site\\\/wp-content\\\/uploads\\\/2018\\\/09\\\/foto_materia-1.jpg\",\"width\":1000,\"height\":615},\"datePublished\":\"2018-09-03T20:08:47-03:00\",\"dateModified\":\"2018-09-04T18:31:20-03:00\",\"inLanguage\":\"pt-BR\",\"mainEntityOfPage\":{\"@id\":\"https:\\\/\\\/anoticiaonline.com.br\\\/site\\\/sicoob-credisudete-segunda-agencia-de-uba-completa-1-ano-de-olho-na-expansao-do-novo-centro-comercial\\\/#webpage\"},\"isPartOf\":{\"@id\":\"https:\\\/\\\/anoticiaonline.com.br\\\/site\\\/sicoob-credisudete-segunda-agencia-de-uba-completa-1-ano-de-olho-na-expansao-do-novo-centro-comercial\\\/#webpage\"},\"articleSection\":\"Gerais, Avenida Padre Arnaldo Jansen, opera\\u00e7\\u00f5es de cr\\u00e9dito, Sicoob Credisudete, ub\\u00e1\"},{\"@type\":\"BreadcrumbList\",\"@id\":\"https:\\\/\\\/anoticiaonline.com.br\\\/site\\\/sicoob-credisudete-segunda-agencia-de-uba-completa-1-ano-de-olho-na-expansao-do-novo-centro-comercial\\\/#breadcrumblist\",\"itemListElement\":[{\"@type\":\"ListItem\",\"@id\":\"https:\\\/\\\/anoticiaonline.com.br\\\/site#listItem\",\"position\":1,\"name\":\"Home\",\"item\":\"https:\\\/\\\/anoticiaonline.com.br\\\/site\",\"nextItem\":{\"@type\":\"ListItem\",\"@id\":\"https:\\\/\\\/anoticiaonline.com.br\\\/site\\\/categoria\\\/gerais\\\/#listItem\",\"name\":\"Gerais\"}},{\"@type\":\"ListItem\",\"@id\":\"https:\\\/\\\/anoticiaonline.com.br\\\/site\\\/categoria\\\/gerais\\\/#listItem\",\"position\":2,\"name\":\"Gerais\",\"item\":\"https:\\\/\\\/anoticiaonline.com.br\\\/site\\\/categoria\\\/gerais\\\/\",\"nextItem\":{\"@type\":\"ListItem\",\"@id\":\"https:\\\/\\\/anoticiaonline.com.br\\\/site\\\/sicoob-credisudete-segunda-agencia-de-uba-completa-1-ano-de-olho-na-expansao-do-novo-centro-comercial\\\/#listItem\",\"name\":\"Sicoob Credisudeste: Segunda ag\\u00eancia de Ub\\u00e1 completa 1 ano de olho na expans\\u00e3o do novo centro comercial\"},\"previousItem\":{\"@type\":\"ListItem\",\"@id\":\"https:\\\/\\\/anoticiaonline.com.br\\\/site#listItem\",\"name\":\"Home\"}},{\"@type\":\"ListItem\",\"@id\":\"https:\\\/\\\/anoticiaonline.com.br\\\/site\\\/sicoob-credisudete-segunda-agencia-de-uba-completa-1-ano-de-olho-na-expansao-do-novo-centro-comercial\\\/#listItem\",\"position\":3,\"name\":\"Sicoob Credisudeste: Segunda ag\\u00eancia de Ub\\u00e1 completa 1 ano de olho na expans\\u00e3o do novo centro comercial\",\"previousItem\":{\"@type\":\"ListItem\",\"@id\":\"https:\\\/\\\/anoticiaonline.com.br\\\/site\\\/categoria\\\/gerais\\\/#listItem\",\"name\":\"Gerais\"}}]},{\"@type\":\"Organization\",\"@id\":\"https:\\\/\\\/anoticiaonline.com.br\\\/site\\\/#organization\",\"name\":\"A Not\\u00edcia Online\",\"description\":\"Noticias de Muria\\u00e9 e regi\\u00e3o\",\"url\":\"https:\\\/\\\/anoticiaonline.com.br\\\/site\\\/\",\"logo\":{\"@type\":\"ImageObject\",\"url\":\"https:\\\/\\\/scontent-gig4-1.xx.fbcdn.net\\\/v\\\/t39.30808-1\\\/270437624_4564083193639691_6907940295614233970_n.jpg?stp=dst-jpg_s200x200_tt6&_nc_cat=111&ccb=1-7&_nc_sid=f907e8&_nc_ohc=SM1wRlP3lJwQ7kNvwEPuBYA&_nc_oc=AdnqrjDN_BNjSSHWO-GbkIWH6fkGMLw4bqvL_NH6e2wMveX7G-rP2dAqsDSq1mJMOaY&_nc_zt=24&_nc_ht=scontent-gig4-1.xx&_nc_gid=AoBFJeGrT1hVaew_6rchkQ&oh=00_AfX7QmFGhQhG2jAllVgXCiM1ZrWgvtp80-Bfppyexh1QEg&oe=689E923C\",\"@id\":\"https:\\\/\\\/anoticiaonline.com.br\\\/site\\\/sicoob-credisudete-segunda-agencia-de-uba-completa-1-ano-de-olho-na-expansao-do-novo-centro-comercial\\\/#organizationLogo\"},\"image\":{\"@id\":\"https:\\\/\\\/anoticiaonline.com.br\\\/site\\\/sicoob-credisudete-segunda-agencia-de-uba-completa-1-ano-de-olho-na-expansao-do-novo-centro-comercial\\\/#organizationLogo\"}},{\"@type\":\"Person\",\"@id\":\"https:\\\/\\\/anoticiaonline.com.br\\\/site\\\/author\\\/juliana\\\/#author\",\"url\":\"https:\\\/\\\/anoticiaonline.com.br\\\/site\\\/author\\\/juliana\\\/\",\"name\":\"Juliana Laviola\",\"image\":{\"@type\":\"ImageObject\",\"@id\":\"https:\\\/\\\/anoticiaonline.com.br\\\/site\\\/sicoob-credisudete-segunda-agencia-de-uba-completa-1-ano-de-olho-na-expansao-do-novo-centro-comercial\\\/#authorImage\",\"url\":\"https:\\\/\\\/secure.gravatar.com\\\/avatar\\\/b8d45f5c699b100dfaf0e543582f38f38bf94cb7ae3a5e9abf8d891a34773335?s=96&d=mm&r=g\",\"width\":96,\"height\":96,\"caption\":\"Juliana Laviola\"}},{\"@type\":\"WebPage\",\"@id\":\"https:\\\/\\\/anoticiaonline.com.br\\\/site\\\/sicoob-credisudete-segunda-agencia-de-uba-completa-1-ano-de-olho-na-expansao-do-novo-centro-comercial\\\/#webpage\",\"url\":\"https:\\\/\\\/anoticiaonline.com.br\\\/site\\\/sicoob-credisudete-segunda-agencia-de-uba-completa-1-ano-de-olho-na-expansao-do-novo-centro-comercial\\\/\",\"name\":\"Sicoob Credisudeste: Segunda ag\\u00eancia de Ub\\u00e1 completa 1 ano de olho na expans\\u00e3o do novo centro comercial - A Not\\u00edcia Online\",\"description\":\"Setembro \\u00e9 um m\\u00eas de comemora\\u00e7\\u00e3o para a ag\\u00eancia do Sicoob Credisudete da Avenida Padre Arnaldo Jansen, em Ub\\u00e1 (MG). No dia 15, a unidade completa um ano de funcionamento no bairro Santa Luzia. A regi\\u00e3o \\u00e9 apontada como o novo centro comercial da cidade, com perspectiva de expans\\u00e3o para os pr\\u00f3ximos anos. E \\u00e9\",\"inLanguage\":\"pt-BR\",\"isPartOf\":{\"@id\":\"https:\\\/\\\/anoticiaonline.com.br\\\/site\\\/#website\"},\"breadcrumb\":{\"@id\":\"https:\\\/\\\/anoticiaonline.com.br\\\/site\\\/sicoob-credisudete-segunda-agencia-de-uba-completa-1-ano-de-olho-na-expansao-do-novo-centro-comercial\\\/#breadcrumblist\"},\"author\":{\"@id\":\"https:\\\/\\\/anoticiaonline.com.br\\\/site\\\/author\\\/juliana\\\/#author\"},\"creator\":{\"@id\":\"https:\\\/\\\/anoticiaonline.com.br\\\/site\\\/author\\\/juliana\\\/#author\"},\"image\":{\"@type\":\"ImageObject\",\"url\":\"https:\\\/\\\/anoticiaonline.com.br\\\/site\\\/wp-content\\\/uploads\\\/2018\\\/09\\\/foto_materia-1.jpg\",\"@id\":\"https:\\\/\\\/anoticiaonline.com.br\\\/site\\\/sicoob-credisudete-segunda-agencia-de-uba-completa-1-ano-de-olho-na-expansao-do-novo-centro-comercial\\\/#mainImage\",\"width\":1000,\"height\":615},\"primaryImageOfPage\":{\"@id\":\"https:\\\/\\\/anoticiaonline.com.br\\\/site\\\/sicoob-credisudete-segunda-agencia-de-uba-completa-1-ano-de-olho-na-expansao-do-novo-centro-comercial\\\/#mainImage\"},\"datePublished\":\"2018-09-03T20:08:47-03:00\",\"dateModified\":\"2018-09-04T18:31:20-03:00\"},{\"@type\":\"WebSite\",\"@id\":\"https:\\\/\\\/anoticiaonline.com.br\\\/site\\\/#website\",\"url\":\"https:\\\/\\\/anoticiaonline.com.br\\\/site\\\/\",\"name\":\"A Not\\u00edcia Online\",\"description\":\"Noticias de Muria\\u00e9 e regi\\u00e3o\",\"inLanguage\":\"pt-BR\",\"publisher\":{\"@id\":\"https:\\\/\\\/anoticiaonline.com.br\\\/site\\\/#organization\"}}]}\n\t\t<\/script>\n\t\t<!-- All in One SEO -->\n\n","aioseo_head_json":{"title":"Sicoob Credisudeste: Segunda ag\u00eancia de Ub\u00e1 completa 1 ano de olho na expans\u00e3o do novo centro comercial - A Not\u00edcia Online","description":"Setembro \u00e9 um m\u00eas de comemora\u00e7\u00e3o para a ag\u00eancia do Sicoob Credisudete da Avenida Padre Arnaldo Jansen, em Ub\u00e1 (MG). No dia 15, a unidade completa um ano de funcionamento no bairro Santa Luzia. A regi\u00e3o \u00e9 apontada como o novo centro comercial da cidade, com perspectiva de expans\u00e3o para os pr\u00f3ximos anos. E \u00e9","canonical_url":"https:\/\/anoticiaonline.com.br\/site\/sicoob-credisudete-segunda-agencia-de-uba-completa-1-ano-de-olho-na-expansao-do-novo-centro-comercial\/","robots":"max-image-preview:large","keywords":"","webmasterTools":{"miscellaneous":""},"schema":{"@context":"https:\/\/schema.org","@graph":[{"@type":"BlogPosting","@id":"https:\/\/anoticiaonline.com.br\/site\/sicoob-credisudete-segunda-agencia-de-uba-completa-1-ano-de-olho-na-expansao-do-novo-centro-comercial\/#blogposting","name":"Sicoob Credisudeste: Segunda ag\u00eancia de Ub\u00e1 completa 1 ano de olho na expans\u00e3o do novo centro comercial - A Not\u00edcia Online","headline":"Sicoob Credisudeste: Segunda ag\u00eancia de Ub\u00e1 completa 1 ano de olho na expans\u00e3o do novo centro comercial","author":{"@id":"https:\/\/anoticiaonline.com.br\/site\/author\/juliana\/#author"},"publisher":{"@id":"https:\/\/anoticiaonline.com.br\/site\/#organization"},"image":{"@type":"ImageObject","url":"https:\/\/anoticiaonline.com.br\/site\/wp-content\/uploads\/2018\/09\/foto_materia-1.jpg","width":1000,"height":615},"datePublished":"2018-09-03T20:08:47-03:00","dateModified":"2018-09-04T18:31:20-03:00","inLanguage":"pt-BR","mainEntityOfPage":{"@id":"https:\/\/anoticiaonline.com.br\/site\/sicoob-credisudete-segunda-agencia-de-uba-completa-1-ano-de-olho-na-expansao-do-novo-centro-comercial\/#webpage"},"isPartOf":{"@id":"https:\/\/anoticiaonline.com.br\/site\/sicoob-credisudete-segunda-agencia-de-uba-completa-1-ano-de-olho-na-expansao-do-novo-centro-comercial\/#webpage"},"articleSection":"Gerais, Avenida Padre Arnaldo Jansen, opera\u00e7\u00f5es de cr\u00e9dito, Sicoob Credisudete, ub\u00e1"},{"@type":"BreadcrumbList","@id":"https:\/\/anoticiaonline.com.br\/site\/sicoob-credisudete-segunda-agencia-de-uba-completa-1-ano-de-olho-na-expansao-do-novo-centro-comercial\/#breadcrumblist","itemListElement":[{"@type":"ListItem","@id":"https:\/\/anoticiaonline.com.br\/site#listItem","position":1,"name":"Home","item":"https:\/\/anoticiaonline.com.br\/site","nextItem":{"@type":"ListItem","@id":"https:\/\/anoticiaonline.com.br\/site\/categoria\/gerais\/#listItem","name":"Gerais"}},{"@type":"ListItem","@id":"https:\/\/anoticiaonline.com.br\/site\/categoria\/gerais\/#listItem","position":2,"name":"Gerais","item":"https:\/\/anoticiaonline.com.br\/site\/categoria\/gerais\/","nextItem":{"@type":"ListItem","@id":"https:\/\/anoticiaonline.com.br\/site\/sicoob-credisudete-segunda-agencia-de-uba-completa-1-ano-de-olho-na-expansao-do-novo-centro-comercial\/#listItem","name":"Sicoob Credisudeste: Segunda ag\u00eancia de Ub\u00e1 completa 1 ano de olho na expans\u00e3o do novo centro comercial"},"previousItem":{"@type":"ListItem","@id":"https:\/\/anoticiaonline.com.br\/site#listItem","name":"Home"}},{"@type":"ListItem","@id":"https:\/\/anoticiaonline.com.br\/site\/sicoob-credisudete-segunda-agencia-de-uba-completa-1-ano-de-olho-na-expansao-do-novo-centro-comercial\/#listItem","position":3,"name":"Sicoob Credisudeste: Segunda ag\u00eancia de Ub\u00e1 completa 1 ano de olho na expans\u00e3o do novo centro comercial","previousItem":{"@type":"ListItem","@id":"https:\/\/anoticiaonline.com.br\/site\/categoria\/gerais\/#listItem","name":"Gerais"}}]},{"@type":"Organization","@id":"https:\/\/anoticiaonline.com.br\/site\/#organization","name":"A Not\u00edcia Online","description":"Noticias de Muria\u00e9 e regi\u00e3o","url":"https:\/\/anoticiaonline.com.br\/site\/","logo":{"@type":"ImageObject","url":"https:\/\/scontent-gig4-1.xx.fbcdn.net\/v\/t39.30808-1\/270437624_4564083193639691_6907940295614233970_n.jpg?stp=dst-jpg_s200x200_tt6&_nc_cat=111&ccb=1-7&_nc_sid=f907e8&_nc_ohc=SM1wRlP3lJwQ7kNvwEPuBYA&_nc_oc=AdnqrjDN_BNjSSHWO-GbkIWH6fkGMLw4bqvL_NH6e2wMveX7G-rP2dAqsDSq1mJMOaY&_nc_zt=24&_nc_ht=scontent-gig4-1.xx&_nc_gid=AoBFJeGrT1hVaew_6rchkQ&oh=00_AfX7QmFGhQhG2jAllVgXCiM1ZrWgvtp80-Bfppyexh1QEg&oe=689E923C","@id":"https:\/\/anoticiaonline.com.br\/site\/sicoob-credisudete-segunda-agencia-de-uba-completa-1-ano-de-olho-na-expansao-do-novo-centro-comercial\/#organizationLogo"},"image":{"@id":"https:\/\/anoticiaonline.com.br\/site\/sicoob-credisudete-segunda-agencia-de-uba-completa-1-ano-de-olho-na-expansao-do-novo-centro-comercial\/#organizationLogo"}},{"@type":"Person","@id":"https:\/\/anoticiaonline.com.br\/site\/author\/juliana\/#author","url":"https:\/\/anoticiaonline.com.br\/site\/author\/juliana\/","name":"Juliana Laviola","image":{"@type":"ImageObject","@id":"https:\/\/anoticiaonline.com.br\/site\/sicoob-credisudete-segunda-agencia-de-uba-completa-1-ano-de-olho-na-expansao-do-novo-centro-comercial\/#authorImage","url":"https:\/\/secure.gravatar.com\/avatar\/b8d45f5c699b100dfaf0e543582f38f38bf94cb7ae3a5e9abf8d891a34773335?s=96&d=mm&r=g","width":96,"height":96,"caption":"Juliana Laviola"}},{"@type":"WebPage","@id":"https:\/\/anoticiaonline.com.br\/site\/sicoob-credisudete-segunda-agencia-de-uba-completa-1-ano-de-olho-na-expansao-do-novo-centro-comercial\/#webpage","url":"https:\/\/anoticiaonline.com.br\/site\/sicoob-credisudete-segunda-agencia-de-uba-completa-1-ano-de-olho-na-expansao-do-novo-centro-comercial\/","name":"Sicoob Credisudeste: Segunda ag\u00eancia de Ub\u00e1 completa 1 ano de olho na expans\u00e3o do novo centro comercial - A Not\u00edcia Online","description":"Setembro \u00e9 um m\u00eas de comemora\u00e7\u00e3o para a ag\u00eancia do Sicoob Credisudete da Avenida Padre Arnaldo Jansen, em Ub\u00e1 (MG). No dia 15, a unidade completa um ano de funcionamento no bairro Santa Luzia. A regi\u00e3o \u00e9 apontada como o novo centro comercial da cidade, com perspectiva de expans\u00e3o para os pr\u00f3ximos anos. E \u00e9","inLanguage":"pt-BR","isPartOf":{"@id":"https:\/\/anoticiaonline.com.br\/site\/#website"},"breadcrumb":{"@id":"https:\/\/anoticiaonline.com.br\/site\/sicoob-credisudete-segunda-agencia-de-uba-completa-1-ano-de-olho-na-expansao-do-novo-centro-comercial\/#breadcrumblist"},"author":{"@id":"https:\/\/anoticiaonline.com.br\/site\/author\/juliana\/#author"},"creator":{"@id":"https:\/\/anoticiaonline.com.br\/site\/author\/juliana\/#author"},"image":{"@type":"ImageObject","url":"https:\/\/anoticiaonline.com.br\/site\/wp-content\/uploads\/2018\/09\/foto_materia-1.jpg","@id":"https:\/\/anoticiaonline.com.br\/site\/sicoob-credisudete-segunda-agencia-de-uba-completa-1-ano-de-olho-na-expansao-do-novo-centro-comercial\/#mainImage","width":1000,"height":615},"primaryImageOfPage":{"@id":"https:\/\/anoticiaonline.com.br\/site\/sicoob-credisudete-segunda-agencia-de-uba-completa-1-ano-de-olho-na-expansao-do-novo-centro-comercial\/#mainImage"},"datePublished":"2018-09-03T20:08:47-03:00","dateModified":"2018-09-04T18:31:20-03:00"},{"@type":"WebSite","@id":"https:\/\/anoticiaonline.com.br\/site\/#website","url":"https:\/\/anoticiaonline.com.br\/site\/","name":"A Not\u00edcia Online","description":"Noticias de Muria\u00e9 e regi\u00e3o","inLanguage":"pt-BR","publisher":{"@id":"https:\/\/anoticiaonline.com.br\/site\/#organization"}}]},"og:locale":"pt_BR","og:site_name":"A Not\u00edcia Online - Noticias de Muria\u00e9 e regi\u00e3o","og:type":"article","og:title":"Sicoob Credisudeste: Segunda ag\u00eancia de Ub\u00e1 completa 1 ano de olho na expans\u00e3o do novo centro comercial - A Not\u00edcia Online","og:description":"Setembro \u00e9 um m\u00eas de comemora\u00e7\u00e3o para a ag\u00eancia do Sicoob Credisudete da Avenida Padre Arnaldo Jansen, em Ub\u00e1 (MG). No dia 15, a unidade completa um ano de funcionamento no bairro Santa Luzia. A regi\u00e3o \u00e9 apontada como o novo centro comercial da cidade, com perspectiva de expans\u00e3o para os pr\u00f3ximos anos. E \u00e9","og:url":"https:\/\/anoticiaonline.com.br\/site\/sicoob-credisudete-segunda-agencia-de-uba-completa-1-ano-de-olho-na-expansao-do-novo-centro-comercial\/","og:image":"https:\/\/scontent-gig4-1.xx.fbcdn.net\/v\/t39.30808-1\/270437624_4564083193639691_6907940295614233970_n.jpg?stp=dst-jpg_s200x200_tt6&#038;_nc_cat=111&#038;ccb=1-7&#038;_nc_sid=f907e8&#038;_nc_ohc=SM1wRlP3lJwQ7kNvwEPuBYA&#038;_nc_oc=AdnqrjDN_BNjSSHWO-GbkIWH6fkGMLw4bqvL_NH6e2wMveX7G-rP2dAqsDSq1mJMOaY&#038;_nc_zt=24&#038;_nc_ht=scontent-gig4-1.xx&#038;_nc_gid=AoBFJeGrT1hVaew_6rchkQ&#038;oh=00_AfX7QmFGhQhG2jAllVgXCiM1ZrWgvtp80-Bfppyexh1QEg&#038;oe=689E923C","og:image:secure_url":"https:\/\/scontent-gig4-1.xx.fbcdn.net\/v\/t39.30808-1\/270437624_4564083193639691_6907940295614233970_n.jpg?stp=dst-jpg_s200x200_tt6&#038;_nc_cat=111&#038;ccb=1-7&#038;_nc_sid=f907e8&#038;_nc_ohc=SM1wRlP3lJwQ7kNvwEPuBYA&#038;_nc_oc=AdnqrjDN_BNjSSHWO-GbkIWH6fkGMLw4bqvL_NH6e2wMveX7G-rP2dAqsDSq1mJMOaY&#038;_nc_zt=24&#038;_nc_ht=scontent-gig4-1.xx&#038;_nc_gid=AoBFJeGrT1hVaew_6rchkQ&#038;oh=00_AfX7QmFGhQhG2jAllVgXCiM1ZrWgvtp80-Bfppyexh1QEg&#038;oe=689E923C","article:published_time":"2018-09-03T23:08:47+00:00","article:modified_time":"2018-09-04T21:31:20+00:00","twitter:card":"summary_large_image","twitter:title":"Sicoob Credisudeste: Segunda ag\u00eancia de Ub\u00e1 completa 1 ano de olho na expans\u00e3o do novo centro comercial - A Not\u00edcia Online","twitter:description":"Setembro \u00e9 um m\u00eas de comemora\u00e7\u00e3o para a ag\u00eancia do Sicoob Credisudete da Avenida Padre Arnaldo Jansen, em Ub\u00e1 (MG). No dia 15, a unidade completa um ano de funcionamento no bairro Santa Luzia. A regi\u00e3o \u00e9 apontada como o novo centro comercial da cidade, com perspectiva de expans\u00e3o para os pr\u00f3ximos anos. E \u00e9","twitter:image":"https:\/\/scontent-gig4-1.xx.fbcdn.net\/v\/t39.30808-1\/270437624_4564083193639691_6907940295614233970_n.jpg?stp=dst-jpg_s200x200_tt6&_nc_cat=111&ccb=1-7&_nc_sid=f907e8&_nc_ohc=SM1wRlP3lJwQ7kNvwEPuBYA&_nc_oc=AdnqrjDN_BNjSSHWO-GbkIWH6fkGMLw4bqvL_NH6e2wMveX7G-rP2dAqsDSq1mJMOaY&_nc_zt=24&_nc_ht=scontent-gig4-1.xx&_nc_gid=AoBFJeGrT1hVaew_6rchkQ&oh=00_AfX7QmFGhQhG2jAllVgXCiM1ZrWgvtp80-Bfppyexh1QEg&oe=689E923C"},"aioseo_meta_data":{"post_id":"61030","title":null,"description":null,"keywords":null,"keyphrases":null,"primary_term":null,"canonical_url":null,"og_title":null,"og_description":null,"og_object_type":"default","og_image_type":"default","og_image_url":null,"og_image_width":null,"og_image_height":null,"og_image_custom_url":null,"og_image_custom_fields":null,"og_video":null,"og_custom_url":null,"og_article_section":null,"og_article_tags":null,"twitter_use_og":false,"twitter_card":"default","twitter_image_type":"default","twitter_image_url":null,"twitter_image_custom_url":null,"twitter_image_custom_fields":null,"twitter_title":null,"twitter_description":null,"schema":{"blockGraphs":[],"customGraphs":[],"default":{"data":{"Article":[],"Course":[],"Dataset":[],"FAQPage":[],"Movie":[],"Person":[],"Product":[],"ProductReview":[],"Car":[],"Recipe":[],"Service":[],"SoftwareApplication":[],"WebPage":[]},"graphName":"","isEnabled":true},"graphs":[]},"schema_type":"default","schema_type_options":null,"pillar_content":false,"robots_default":true,"robots_noindex":false,"robots_noarchive":false,"robots_nosnippet":false,"robots_nofollow":false,"robots_noimageindex":false,"robots_noodp":false,"robots_notranslate":false,"robots_max_snippet":null,"robots_max_videopreview":null,"robots_max_imagepreview":"large","priority":null,"frequency":null,"local_seo":null,"breadcrumb_settings":null,"limit_modified_date":false,"ai":null,"created":"2025-08-16 21:33:39","updated":"2025-08-16 21:33:39","focus_keyword":null,"additional_keywords":null,"truseo_locale":null,"seo_analyzer_scan_date":null},"aioseo_breadcrumb":"<div class=\"aioseo-breadcrumbs\"><span class=\"aioseo-breadcrumb\">\n\t\t\t<a href=\"https:\/\/anoticiaonline.com.br\/site\" title=\"Home\">Home<\/a>\n\t\t<\/span><span class=\"aioseo-breadcrumb-separator\">&raquo;<\/span><span class=\"aioseo-breadcrumb\">\n\t\t\t<a href=\"https:\/\/anoticiaonline.com.br\/site\/categoria\/gerais\/\" title=\"Gerais\">Gerais<\/a>\n\t\t<\/span><span class=\"aioseo-breadcrumb-separator\">&raquo;<\/span><span class=\"aioseo-breadcrumb\">\n\t\t\tSicoob Credisudeste: Segunda ag\u00eancia de Ub\u00e1 completa 1 ano de olho na expans\u00e3o do novo centro comercial\n\t\t<\/span><\/div>","aioseo_breadcrumb_json":[{"label":"Home","link":"https:\/\/anoticiaonline.com.br\/site"},{"label":"Gerais","link":"https:\/\/anoticiaonline.com.br\/site\/categoria\/gerais\/"},{"label":"Sicoob Credisudeste: Segunda ag\u00eancia de Ub\u00e1 completa 1 ano de olho na expans\u00e3o do novo centro comercial","link":"https:\/\/anoticiaonline.com.br\/site\/sicoob-credisudete-segunda-agencia-de-uba-completa-1-ano-de-olho-na-expansao-do-novo-centro-comercial\/"}],"views":155,"_links":{"self":[{"href":"https:\/\/anoticiaonline.com.br\/site\/wp-json\/wp\/v2\/posts\/61030","targetHints":{"allow":["GET"]}}],"collection":[{"href":"https:\/\/anoticiaonline.com.br\/site\/wp-json\/wp\/v2\/posts"}],"about":[{"href":"https:\/\/anoticiaonline.com.br\/site\/wp-json\/wp\/v2\/types\/post"}],"author":[{"embeddable":true,"href":"https:\/\/anoticiaonline.com.br\/site\/wp-json\/wp\/v2\/users\/2"}],"replies":[{"embeddable":true,"href":"https:\/\/anoticiaonline.com.br\/site\/wp-json\/wp\/v2\/comments?post=61030"}],"version-history":[{"count":0,"href":"https:\/\/anoticiaonline.com.br\/site\/wp-json\/wp\/v2\/posts\/61030\/revisions"}],"wp:featuredmedia":[{"embeddable":true,"href":"https:\/\/anoticiaonline.com.br\/site\/wp-json\/wp\/v2\/media\/61031"}],"wp:attachment":[{"href":"https:\/\/anoticiaonline.com.br\/site\/wp-json\/wp\/v2\/media?parent=61030"}],"wp:term":[{"taxonomy":"category","embeddable":true,"href":"https:\/\/anoticiaonline.com.br\/site\/wp-json\/wp\/v2\/categories?post=61030"},{"taxonomy":"post_tag","embeddable":true,"href":"https:\/\/anoticiaonline.com.br\/site\/wp-json\/wp\/v2\/tags?post=61030"}],"curies":[{"name":"wp","href":"https:\/\/api.w.org\/{rel}","templated":true}]}}