{"id":60981,"date":"2018-08-31T13:05:17","date_gmt":"2018-08-31T16:05:17","guid":{"rendered":"http:\/\/anoticiaonline.com.br\/site\/?p=60981"},"modified":"2018-09-03T17:59:30","modified_gmt":"2018-09-03T20:59:30","slug":"empresario-de-miradouro-e-convidado-para-palestrar-em-grande-evento-na-capital-belo-horizonte","status":"publish","type":"post","link":"https:\/\/anoticiaonline.com.br\/site\/empresario-de-miradouro-e-convidado-para-palestrar-em-grande-evento-na-capital-belo-horizonte\/","title":{"rendered":"EMPRES\u00c1RIO DE MIRADOURO \u00c9 CONVIDADO PARA PALESTRAR EM GRANDE EVENTO NA CAPITAL BELO HORIZONTE"},"content":{"rendered":"<p><a href=\"https:\/\/anoticiaonline.com.br\/site\/wp-content\/uploads\/2018\/08\/1-1.jpg\"><img fetchpriority=\"high\" decoding=\"async\" class=\"aligncenter size-full wp-image-61028\" src=\"https:\/\/anoticiaonline.com.br\/site\/wp-content\/uploads\/2018\/08\/1-1.jpg\" alt=\"\" width=\"1000\" height=\"667\" srcset=\"https:\/\/anoticiaonline.com.br\/site\/wp-content\/uploads\/2018\/08\/1-1.jpg 1000w, https:\/\/anoticiaonline.com.br\/site\/wp-content\/uploads\/2018\/08\/1-1-300x200.jpg 300w, https:\/\/anoticiaonline.com.br\/site\/wp-content\/uploads\/2018\/08\/1-1-768x512.jpg 768w\" sizes=\"(max-width: 1000px) 100vw, 1000px\" \/><\/a>O empres\u00e1rio Paulo Henrique Lima ministrou a palestra \u201cDesafios e Perspectivas de um Administrador na busca do Sucesso&#8221;, no \u201cIV Encontro de Educadores e Gestores de Minas Gerais\u201d.<\/p>\n<p>O evento foi realizado na Assembleia Legislativa, em Belo Horizonte\/MG.<\/p>\n<p>O convite feito ao Propriet\u00e1rio e L\u00edder das empresas: Lojas BAZAR POLMEL, POLMEL.COM, PH ASSESSORIA E EVENTOS, LIMA MATTA IM\u00d3VEIS e EXCLUSIVA FASHION\u00a0foi em virtude dos resultados alcan\u00e7ados em sua administra\u00e7\u00e3o nas empresas, seu esp\u00edrito empreendedor, profissionalismo e inova\u00e7\u00e3o.\u00b7.<\/p>\n<p>A equipe de Marketing da PH Assessoria e Eventos esteve fazendo a cobertura no local, e assessorando o jovem empres\u00e1rio em mais um grande momento de sua carreira.<\/p>\n<p><a href=\"https:\/\/anoticiaonline.com.br\/site\/wp-content\/uploads\/2018\/08\/foto_02.jpg\"><img decoding=\"async\" class=\"aligncenter size-full wp-image-60983\" src=\"https:\/\/anoticiaonline.com.br\/site\/wp-content\/uploads\/2018\/08\/foto_02.jpg\" alt=\"\" width=\"1000\" height=\"763\" srcset=\"https:\/\/anoticiaonline.com.br\/site\/wp-content\/uploads\/2018\/08\/foto_02.jpg 1000w, https:\/\/anoticiaonline.com.br\/site\/wp-content\/uploads\/2018\/08\/foto_02-300x229.jpg 300w, https:\/\/anoticiaonline.com.br\/site\/wp-content\/uploads\/2018\/08\/foto_02-768x586.jpg 768w, https:\/\/anoticiaonline.com.br\/site\/wp-content\/uploads\/2018\/08\/foto_02-900x687.jpg 900w\" sizes=\"(max-width: 1000px) 100vw, 1000px\" \/><\/a>\u201cPara mim foi mais um grande reconhecimento do meu trabalho, e uma afirma\u00e7\u00e3o de que estamos no caminho certo, em busca de um crescimento pautado na \u00e9tica e na humildade. Deixo bem claro, que todo este reconhecimento n\u00e3o \u00e9 somente meu, e sim das pessoas que est\u00e3o comigo a v\u00e1rios anos, os colaboradores e parceiros que d\u00e3o o melhor de si a todo momento, sempre com muito comprometimento e profissionalismo. Quero agradecer a \u00e0 todos de minha equipe e principalmente agradecer a Deus por tudo.\u201d, declarou Paulo Henrique Lima.<\/p>\n<p>O \u201cIV Encontro de Educadores e Gestores de Minas Gerais\u201d foi idealizado e organizado pela educadora R\u00fabia Pedrosa, e segundo ela foi al\u00e9m das expectativas:<\/p>\n<p>\u201cFicamos muito satisfeitos com o resultado, nos empenhamos muito para que tudo desse certo e conseguimos alcan\u00e7ar nosso objetivo. Quero agradecer e parabenizar o empres\u00e1rio Paulo Henrique Lima que nos apoiou muito, e atrav\u00e9s de sua palestra nos trouxe suas experi\u00eancias e vis\u00e3o na \u00e1rea da gest\u00e3o privada.\u201d, afirmou R\u00fabia Pedrosa.<\/p>\n<p><a href=\"https:\/\/anoticiaonline.com.br\/site\/wp-content\/uploads\/2018\/08\/foto_04.jpg\"><img decoding=\"async\" class=\"aligncenter size-full wp-image-60984\" src=\"https:\/\/anoticiaonline.com.br\/site\/wp-content\/uploads\/2018\/08\/foto_04.jpg\" alt=\"\" width=\"1000\" height=\"648\" srcset=\"https:\/\/anoticiaonline.com.br\/site\/wp-content\/uploads\/2018\/08\/foto_04.jpg 1000w, https:\/\/anoticiaonline.com.br\/site\/wp-content\/uploads\/2018\/08\/foto_04-300x194.jpg 300w, https:\/\/anoticiaonline.com.br\/site\/wp-content\/uploads\/2018\/08\/foto_04-768x498.jpg 768w, https:\/\/anoticiaonline.com.br\/site\/wp-content\/uploads\/2018\/08\/foto_04-900x583.jpg 900w\" sizes=\"(max-width: 1000px) 100vw, 1000px\" \/><\/a>Na palestra, Paulo Henrique Lima relatou o in\u00edcio de sua jornada no mundo corporativo, os desafios vividos at\u00e9 o presente momento e quais foram algumas de suas estrat\u00e9gias para vencer os obst\u00e1culos no mercado de trabalho.<\/p>\n<p>Disse tamb\u00e9m sobre suas perspectivas para o futuro dos neg\u00f3cios, sua vis\u00e3o sobre os novos formatos das organiza\u00e7\u00f5es e a real e constante necessidade de inova\u00e7\u00e3o. No mais, ressaltou\u00a0 em primeiro lugar a import\u00e2ncia de se ter uma equipe preparada e motivada para o alcance dos resultados, sendo este fator humano, o principal ponto a ser explorado\u00a0 em uma organiza\u00e7\u00e3o que busca o verdadeiro sucesso.<\/p>\n<p><a href=\"https:\/\/anoticiaonline.com.br\/site\/wp-content\/uploads\/2018\/08\/foto_10.jpg\"><img loading=\"lazy\" decoding=\"async\" class=\"aligncenter size-full wp-image-60985\" src=\"https:\/\/anoticiaonline.com.br\/site\/wp-content\/uploads\/2018\/08\/foto_10.jpg\" alt=\"\" width=\"1000\" height=\"763\" srcset=\"https:\/\/anoticiaonline.com.br\/site\/wp-content\/uploads\/2018\/08\/foto_10.jpg 1000w, https:\/\/anoticiaonline.com.br\/site\/wp-content\/uploads\/2018\/08\/foto_10-300x229.jpg 300w, https:\/\/anoticiaonline.com.br\/site\/wp-content\/uploads\/2018\/08\/foto_10-768x586.jpg 768w, https:\/\/anoticiaonline.com.br\/site\/wp-content\/uploads\/2018\/08\/foto_10-900x687.jpg 900w\" sizes=\"(max-width: 1000px) 100vw, 1000px\" \/><\/a><\/p>\n","protected":false},"excerpt":{"rendered":"<p>O empres\u00e1rio Paulo Henrique Lima ministrou a palestra \u201cDesafios e Perspectivas de um Administrador na busca do Sucesso&#8221;, no \u201cIV Encontro de Educadores e Gestores de Minas Gerais\u201d. O evento foi realizado na Assembleia Legislativa, em Belo Horizonte\/MG. O convite feito ao Propriet\u00e1rio e L\u00edder das empresas: Lojas BAZAR POLMEL, POLMEL.COM, PH ASSESSORIA E EVENTOS, &#8230; <a title=\"EMPRES\u00c1RIO DE MIRADOURO \u00c9 CONVIDADO PARA PALESTRAR EM GRANDE EVENTO NA CAPITAL BELO HORIZONTE\" class=\"read-more\" href=\"https:\/\/anoticiaonline.com.br\/site\/empresario-de-miradouro-e-convidado-para-palestrar-em-grande-evento-na-capital-belo-horizonte\/\" aria-label=\"Read more about EMPRES\u00c1RIO DE MIRADOURO \u00c9 CONVIDADO PARA PALESTRAR EM GRANDE EVENTO NA CAPITAL BELO HORIZONTE\">Ler mais<\/a><\/p>\n","protected":false},"author":7,"featured_media":61028,"comment_status":"open","ping_status":"open","sticky":false,"template":"","format":"standard","meta":{"_acf_changed":false,"_monsterinsights_skip_tracking":false,"footnotes":""},"categories":[24,6],"tags":[610,720,611],"class_list":["post-60981","post","type-post","status-publish","format-standard","has-post-thumbnail","hentry","category-eventos","category-regiao","tag-bazar-polmel","tag-paulo-henrique-lima","tag-polmel-com"],"acf":[],"aioseo_notices":[],"aioseo_head":"\n\t\t<!-- All in One SEO 5.0.0.1 - aioseo.com -->\n\t<meta name=\"description\" content=\"O empres\u00e1rio Paulo Henrique Lima ministrou a palestra \u201cDesafios e Perspectivas de um Administrador na busca do Sucesso&quot;, no \u201cIV Encontro de Educadores e Gestores de Minas Gerais\u201d. O evento foi realizado na Assembleia Legislativa, em Belo Horizonte\/MG. O convite feito ao Propriet\u00e1rio e L\u00edder das empresas: Lojas BAZAR POLMEL, POLMEL.COM, PH ASSESSORIA E EVENTOS,\" \/>\n\t<meta name=\"robots\" content=\"max-image-preview:large\" \/>\n\t<meta name=\"author\" content=\"Leandro Bebiano\"\/>\n\t<link rel=\"canonical\" href=\"https:\/\/anoticiaonline.com.br\/site\/empresario-de-miradouro-e-convidado-para-palestrar-em-grande-evento-na-capital-belo-horizonte\/\" \/>\n\t<meta name=\"generator\" content=\"All in One SEO (AIOSEO) 5.0.0.1\" \/>\n\t\t<meta property=\"og:locale\" content=\"pt_BR\" \/>\n\t\t<meta property=\"og:site_name\" content=\"A Not\u00edcia Online - Noticias de Muria\u00e9 e regi\u00e3o\" \/>\n\t\t<meta property=\"og:type\" content=\"article\" \/>\n\t\t<meta property=\"og:title\" content=\"EMPRES\u00c1RIO DE MIRADOURO \u00c9 CONVIDADO PARA PALESTRAR EM GRANDE EVENTO NA CAPITAL BELO HORIZONTE - A Not\u00edcia Online\" \/>\n\t\t<meta property=\"og:description\" content=\"O empres\u00e1rio Paulo Henrique Lima ministrou a palestra \u201cDesafios e Perspectivas de um Administrador na busca do Sucesso&quot;, no \u201cIV Encontro de Educadores e Gestores de Minas Gerais\u201d. O evento foi realizado na Assembleia Legislativa, em Belo Horizonte\/MG. O convite feito ao Propriet\u00e1rio e L\u00edder das empresas: Lojas BAZAR POLMEL, POLMEL.COM, PH ASSESSORIA E EVENTOS,\" \/>\n\t\t<meta property=\"og:url\" content=\"https:\/\/anoticiaonline.com.br\/site\/empresario-de-miradouro-e-convidado-para-palestrar-em-grande-evento-na-capital-belo-horizonte\/\" \/>\n\t\t<meta property=\"og:image\" content=\"https:\/\/scontent-gig4-1.xx.fbcdn.net\/v\/t39.30808-1\/270437624_4564083193639691_6907940295614233970_n.jpg?stp=dst-jpg_s200x200_tt6&#038;_nc_cat=111&#038;ccb=1-7&#038;_nc_sid=f907e8&#038;_nc_ohc=SM1wRlP3lJwQ7kNvwEPuBYA&#038;_nc_oc=AdnqrjDN_BNjSSHWO-GbkIWH6fkGMLw4bqvL_NH6e2wMveX7G-rP2dAqsDSq1mJMOaY&#038;_nc_zt=24&#038;_nc_ht=scontent-gig4-1.xx&#038;_nc_gid=AoBFJeGrT1hVaew_6rchkQ&#038;oh=00_AfX7QmFGhQhG2jAllVgXCiM1ZrWgvtp80-Bfppyexh1QEg&#038;oe=689E923C\" \/>\n\t\t<meta property=\"og:image:secure_url\" content=\"https:\/\/scontent-gig4-1.xx.fbcdn.net\/v\/t39.30808-1\/270437624_4564083193639691_6907940295614233970_n.jpg?stp=dst-jpg_s200x200_tt6&#038;_nc_cat=111&#038;ccb=1-7&#038;_nc_sid=f907e8&#038;_nc_ohc=SM1wRlP3lJwQ7kNvwEPuBYA&#038;_nc_oc=AdnqrjDN_BNjSSHWO-GbkIWH6fkGMLw4bqvL_NH6e2wMveX7G-rP2dAqsDSq1mJMOaY&#038;_nc_zt=24&#038;_nc_ht=scontent-gig4-1.xx&#038;_nc_gid=AoBFJeGrT1hVaew_6rchkQ&#038;oh=00_AfX7QmFGhQhG2jAllVgXCiM1ZrWgvtp80-Bfppyexh1QEg&#038;oe=689E923C\" \/>\n\t\t<meta property=\"article:published_time\" content=\"2018-08-31T16:05:17+00:00\" \/>\n\t\t<meta property=\"article:modified_time\" content=\"2018-09-03T20:59:30+00:00\" \/>\n\t\t<meta name=\"twitter:card\" content=\"summary_large_image\" \/>\n\t\t<meta name=\"twitter:title\" content=\"EMPRES\u00c1RIO DE MIRADOURO \u00c9 CONVIDADO PARA PALESTRAR EM GRANDE EVENTO NA CAPITAL BELO HORIZONTE - A Not\u00edcia Online\" \/>\n\t\t<meta name=\"twitter:description\" content=\"O empres\u00e1rio Paulo Henrique Lima ministrou a palestra \u201cDesafios e Perspectivas de um Administrador na busca do Sucesso&quot;, no \u201cIV Encontro de Educadores e Gestores de Minas Gerais\u201d. O evento foi realizado na Assembleia Legislativa, em Belo Horizonte\/MG. O convite feito ao Propriet\u00e1rio e L\u00edder das empresas: Lojas BAZAR POLMEL, POLMEL.COM, PH ASSESSORIA E EVENTOS,\" \/>\n\t\t<meta name=\"twitter:image\" content=\"https:\/\/scontent-gig4-1.xx.fbcdn.net\/v\/t39.30808-1\/270437624_4564083193639691_6907940295614233970_n.jpg?stp=dst-jpg_s200x200_tt6&amp;_nc_cat=111&amp;ccb=1-7&amp;_nc_sid=f907e8&amp;_nc_ohc=SM1wRlP3lJwQ7kNvwEPuBYA&amp;_nc_oc=AdnqrjDN_BNjSSHWO-GbkIWH6fkGMLw4bqvL_NH6e2wMveX7G-rP2dAqsDSq1mJMOaY&amp;_nc_zt=24&amp;_nc_ht=scontent-gig4-1.xx&amp;_nc_gid=AoBFJeGrT1hVaew_6rchkQ&amp;oh=00_AfX7QmFGhQhG2jAllVgXCiM1ZrWgvtp80-Bfppyexh1QEg&amp;oe=689E923C\" \/>\n\t\t<script type=\"application\/ld+json\" class=\"aioseo-schema\">\n\t\t\t{\"@context\":\"https:\\\/\\\/schema.org\",\"@graph\":[{\"@type\":\"BlogPosting\",\"@id\":\"https:\\\/\\\/anoticiaonline.com.br\\\/site\\\/empresario-de-miradouro-e-convidado-para-palestrar-em-grande-evento-na-capital-belo-horizonte\\\/#blogposting\",\"name\":\"EMPRES\\u00c1RIO DE MIRADOURO \\u00c9 CONVIDADO PARA PALESTRAR EM GRANDE EVENTO NA CAPITAL BELO HORIZONTE - A Not\\u00edcia Online\",\"headline\":\"EMPRES\\u00c1RIO DE MIRADOURO \\u00c9 CONVIDADO PARA PALESTRAR EM GRANDE EVENTO NA CAPITAL BELO HORIZONTE\",\"author\":{\"@id\":\"https:\\\/\\\/anoticiaonline.com.br\\\/site\\\/author\\\/leandro\\\/#author\"},\"publisher\":{\"@id\":\"https:\\\/\\\/anoticiaonline.com.br\\\/site\\\/#organization\"},\"image\":{\"@type\":\"ImageObject\",\"url\":\"https:\\\/\\\/anoticiaonline.com.br\\\/site\\\/wp-content\\\/uploads\\\/2018\\\/08\\\/1-1.jpg\",\"width\":1000,\"height\":667},\"datePublished\":\"2018-08-31T13:05:17-03:00\",\"dateModified\":\"2018-09-03T17:59:30-03:00\",\"inLanguage\":\"pt-BR\",\"mainEntityOfPage\":{\"@id\":\"https:\\\/\\\/anoticiaonline.com.br\\\/site\\\/empresario-de-miradouro-e-convidado-para-palestrar-em-grande-evento-na-capital-belo-horizonte\\\/#webpage\"},\"isPartOf\":{\"@id\":\"https:\\\/\\\/anoticiaonline.com.br\\\/site\\\/empresario-de-miradouro-e-convidado-para-palestrar-em-grande-evento-na-capital-belo-horizonte\\\/#webpage\"},\"articleSection\":\"Eventos, Regi\\u00e3o, Bazar Polmel, Paulo Henrique Lima, Polmel.com\"},{\"@type\":\"BreadcrumbList\",\"@id\":\"https:\\\/\\\/anoticiaonline.com.br\\\/site\\\/empresario-de-miradouro-e-convidado-para-palestrar-em-grande-evento-na-capital-belo-horizonte\\\/#breadcrumblist\",\"itemListElement\":[{\"@type\":\"ListItem\",\"@id\":\"https:\\\/\\\/anoticiaonline.com.br\\\/site#listItem\",\"position\":1,\"name\":\"Home\",\"item\":\"https:\\\/\\\/anoticiaonline.com.br\\\/site\",\"nextItem\":{\"@type\":\"ListItem\",\"@id\":\"https:\\\/\\\/anoticiaonline.com.br\\\/site\\\/categoria\\\/regiao\\\/#listItem\",\"name\":\"Regi\\u00e3o\"}},{\"@type\":\"ListItem\",\"@id\":\"https:\\\/\\\/anoticiaonline.com.br\\\/site\\\/categoria\\\/regiao\\\/#listItem\",\"position\":2,\"name\":\"Regi\\u00e3o\",\"item\":\"https:\\\/\\\/anoticiaonline.com.br\\\/site\\\/categoria\\\/regiao\\\/\",\"nextItem\":{\"@type\":\"ListItem\",\"@id\":\"https:\\\/\\\/anoticiaonline.com.br\\\/site\\\/empresario-de-miradouro-e-convidado-para-palestrar-em-grande-evento-na-capital-belo-horizonte\\\/#listItem\",\"name\":\"EMPRES\\u00c1RIO DE MIRADOURO \\u00c9 CONVIDADO PARA PALESTRAR EM GRANDE EVENTO NA CAPITAL BELO HORIZONTE\"},\"previousItem\":{\"@type\":\"ListItem\",\"@id\":\"https:\\\/\\\/anoticiaonline.com.br\\\/site#listItem\",\"name\":\"Home\"}},{\"@type\":\"ListItem\",\"@id\":\"https:\\\/\\\/anoticiaonline.com.br\\\/site\\\/empresario-de-miradouro-e-convidado-para-palestrar-em-grande-evento-na-capital-belo-horizonte\\\/#listItem\",\"position\":3,\"name\":\"EMPRES\\u00c1RIO DE MIRADOURO \\u00c9 CONVIDADO PARA PALESTRAR EM GRANDE EVENTO NA CAPITAL BELO HORIZONTE\",\"previousItem\":{\"@type\":\"ListItem\",\"@id\":\"https:\\\/\\\/anoticiaonline.com.br\\\/site\\\/categoria\\\/regiao\\\/#listItem\",\"name\":\"Regi\\u00e3o\"}}]},{\"@type\":\"Organization\",\"@id\":\"https:\\\/\\\/anoticiaonline.com.br\\\/site\\\/#organization\",\"name\":\"A Not\\u00edcia Online\",\"description\":\"Noticias de Muria\\u00e9 e regi\\u00e3o\",\"url\":\"https:\\\/\\\/anoticiaonline.com.br\\\/site\\\/\",\"logo\":{\"@type\":\"ImageObject\",\"url\":\"https:\\\/\\\/scontent-gig4-1.xx.fbcdn.net\\\/v\\\/t39.30808-1\\\/270437624_4564083193639691_6907940295614233970_n.jpg?stp=dst-jpg_s200x200_tt6&_nc_cat=111&ccb=1-7&_nc_sid=f907e8&_nc_ohc=SM1wRlP3lJwQ7kNvwEPuBYA&_nc_oc=AdnqrjDN_BNjSSHWO-GbkIWH6fkGMLw4bqvL_NH6e2wMveX7G-rP2dAqsDSq1mJMOaY&_nc_zt=24&_nc_ht=scontent-gig4-1.xx&_nc_gid=AoBFJeGrT1hVaew_6rchkQ&oh=00_AfX7QmFGhQhG2jAllVgXCiM1ZrWgvtp80-Bfppyexh1QEg&oe=689E923C\",\"@id\":\"https:\\\/\\\/anoticiaonline.com.br\\\/site\\\/empresario-de-miradouro-e-convidado-para-palestrar-em-grande-evento-na-capital-belo-horizonte\\\/#organizationLogo\"},\"image\":{\"@id\":\"https:\\\/\\\/anoticiaonline.com.br\\\/site\\\/empresario-de-miradouro-e-convidado-para-palestrar-em-grande-evento-na-capital-belo-horizonte\\\/#organizationLogo\"}},{\"@type\":\"Person\",\"@id\":\"https:\\\/\\\/anoticiaonline.com.br\\\/site\\\/author\\\/leandro\\\/#author\",\"url\":\"https:\\\/\\\/anoticiaonline.com.br\\\/site\\\/author\\\/leandro\\\/\",\"name\":\"Leandro Bebiano\",\"image\":{\"@type\":\"ImageObject\",\"@id\":\"https:\\\/\\\/anoticiaonline.com.br\\\/site\\\/empresario-de-miradouro-e-convidado-para-palestrar-em-grande-evento-na-capital-belo-horizonte\\\/#authorImage\",\"url\":\"https:\\\/\\\/secure.gravatar.com\\\/avatar\\\/99966a20c143db97c8590c2013307c7c234a4cca48ed5657cbb47e22a400bd5f?s=96&d=mm&r=g\",\"width\":96,\"height\":96,\"caption\":\"Leandro Bebiano\"}},{\"@type\":\"WebPage\",\"@id\":\"https:\\\/\\\/anoticiaonline.com.br\\\/site\\\/empresario-de-miradouro-e-convidado-para-palestrar-em-grande-evento-na-capital-belo-horizonte\\\/#webpage\",\"url\":\"https:\\\/\\\/anoticiaonline.com.br\\\/site\\\/empresario-de-miradouro-e-convidado-para-palestrar-em-grande-evento-na-capital-belo-horizonte\\\/\",\"name\":\"EMPRES\\u00c1RIO DE MIRADOURO \\u00c9 CONVIDADO PARA PALESTRAR EM GRANDE EVENTO NA CAPITAL BELO HORIZONTE - A Not\\u00edcia Online\",\"description\":\"O empres\\u00e1rio Paulo Henrique Lima ministrou a palestra \\u201cDesafios e Perspectivas de um Administrador na busca do Sucesso\\\", no \\u201cIV Encontro de Educadores e Gestores de Minas Gerais\\u201d. O evento foi realizado na Assembleia Legislativa, em Belo Horizonte\\\/MG. O convite feito ao Propriet\\u00e1rio e L\\u00edder das empresas: Lojas BAZAR POLMEL, POLMEL.COM, PH ASSESSORIA E EVENTOS,\",\"inLanguage\":\"pt-BR\",\"isPartOf\":{\"@id\":\"https:\\\/\\\/anoticiaonline.com.br\\\/site\\\/#website\"},\"breadcrumb\":{\"@id\":\"https:\\\/\\\/anoticiaonline.com.br\\\/site\\\/empresario-de-miradouro-e-convidado-para-palestrar-em-grande-evento-na-capital-belo-horizonte\\\/#breadcrumblist\"},\"author\":{\"@id\":\"https:\\\/\\\/anoticiaonline.com.br\\\/site\\\/author\\\/leandro\\\/#author\"},\"creator\":{\"@id\":\"https:\\\/\\\/anoticiaonline.com.br\\\/site\\\/author\\\/leandro\\\/#author\"},\"image\":{\"@type\":\"ImageObject\",\"url\":\"https:\\\/\\\/anoticiaonline.com.br\\\/site\\\/wp-content\\\/uploads\\\/2018\\\/08\\\/1-1.jpg\",\"@id\":\"https:\\\/\\\/anoticiaonline.com.br\\\/site\\\/empresario-de-miradouro-e-convidado-para-palestrar-em-grande-evento-na-capital-belo-horizonte\\\/#mainImage\",\"width\":1000,\"height\":667},\"primaryImageOfPage\":{\"@id\":\"https:\\\/\\\/anoticiaonline.com.br\\\/site\\\/empresario-de-miradouro-e-convidado-para-palestrar-em-grande-evento-na-capital-belo-horizonte\\\/#mainImage\"},\"datePublished\":\"2018-08-31T13:05:17-03:00\",\"dateModified\":\"2018-09-03T17:59:30-03:00\"},{\"@type\":\"WebSite\",\"@id\":\"https:\\\/\\\/anoticiaonline.com.br\\\/site\\\/#website\",\"url\":\"https:\\\/\\\/anoticiaonline.com.br\\\/site\\\/\",\"name\":\"A Not\\u00edcia Online\",\"description\":\"Noticias de Muria\\u00e9 e regi\\u00e3o\",\"inLanguage\":\"pt-BR\",\"publisher\":{\"@id\":\"https:\\\/\\\/anoticiaonline.com.br\\\/site\\\/#organization\"}}]}\n\t\t<\/script>\n\t\t<!-- All in One SEO -->\n\n","aioseo_head_json":{"title":"EMPRES\u00c1RIO DE MIRADOURO \u00c9 CONVIDADO PARA PALESTRAR EM GRANDE EVENTO NA CAPITAL BELO HORIZONTE - A Not\u00edcia Online","description":"O empres\u00e1rio Paulo Henrique Lima ministrou a palestra \u201cDesafios e Perspectivas de um Administrador na busca do Sucesso\", no \u201cIV Encontro de Educadores e Gestores de Minas Gerais\u201d. O evento foi realizado na Assembleia Legislativa, em Belo Horizonte\/MG. O convite feito ao Propriet\u00e1rio e L\u00edder das empresas: Lojas BAZAR POLMEL, POLMEL.COM, PH ASSESSORIA E EVENTOS,","canonical_url":"https:\/\/anoticiaonline.com.br\/site\/empresario-de-miradouro-e-convidado-para-palestrar-em-grande-evento-na-capital-belo-horizonte\/","robots":"max-image-preview:large","keywords":"","webmasterTools":{"miscellaneous":""},"schema":{"@context":"https:\/\/schema.org","@graph":[{"@type":"BlogPosting","@id":"https:\/\/anoticiaonline.com.br\/site\/empresario-de-miradouro-e-convidado-para-palestrar-em-grande-evento-na-capital-belo-horizonte\/#blogposting","name":"EMPRES\u00c1RIO DE MIRADOURO \u00c9 CONVIDADO PARA PALESTRAR EM GRANDE EVENTO NA CAPITAL BELO HORIZONTE - A Not\u00edcia Online","headline":"EMPRES\u00c1RIO DE MIRADOURO \u00c9 CONVIDADO PARA PALESTRAR EM GRANDE EVENTO NA CAPITAL BELO HORIZONTE","author":{"@id":"https:\/\/anoticiaonline.com.br\/site\/author\/leandro\/#author"},"publisher":{"@id":"https:\/\/anoticiaonline.com.br\/site\/#organization"},"image":{"@type":"ImageObject","url":"https:\/\/anoticiaonline.com.br\/site\/wp-content\/uploads\/2018\/08\/1-1.jpg","width":1000,"height":667},"datePublished":"2018-08-31T13:05:17-03:00","dateModified":"2018-09-03T17:59:30-03:00","inLanguage":"pt-BR","mainEntityOfPage":{"@id":"https:\/\/anoticiaonline.com.br\/site\/empresario-de-miradouro-e-convidado-para-palestrar-em-grande-evento-na-capital-belo-horizonte\/#webpage"},"isPartOf":{"@id":"https:\/\/anoticiaonline.com.br\/site\/empresario-de-miradouro-e-convidado-para-palestrar-em-grande-evento-na-capital-belo-horizonte\/#webpage"},"articleSection":"Eventos, Regi\u00e3o, Bazar Polmel, Paulo Henrique Lima, Polmel.com"},{"@type":"BreadcrumbList","@id":"https:\/\/anoticiaonline.com.br\/site\/empresario-de-miradouro-e-convidado-para-palestrar-em-grande-evento-na-capital-belo-horizonte\/#breadcrumblist","itemListElement":[{"@type":"ListItem","@id":"https:\/\/anoticiaonline.com.br\/site#listItem","position":1,"name":"Home","item":"https:\/\/anoticiaonline.com.br\/site","nextItem":{"@type":"ListItem","@id":"https:\/\/anoticiaonline.com.br\/site\/categoria\/regiao\/#listItem","name":"Regi\u00e3o"}},{"@type":"ListItem","@id":"https:\/\/anoticiaonline.com.br\/site\/categoria\/regiao\/#listItem","position":2,"name":"Regi\u00e3o","item":"https:\/\/anoticiaonline.com.br\/site\/categoria\/regiao\/","nextItem":{"@type":"ListItem","@id":"https:\/\/anoticiaonline.com.br\/site\/empresario-de-miradouro-e-convidado-para-palestrar-em-grande-evento-na-capital-belo-horizonte\/#listItem","name":"EMPRES\u00c1RIO DE MIRADOURO \u00c9 CONVIDADO PARA PALESTRAR EM GRANDE EVENTO NA CAPITAL BELO HORIZONTE"},"previousItem":{"@type":"ListItem","@id":"https:\/\/anoticiaonline.com.br\/site#listItem","name":"Home"}},{"@type":"ListItem","@id":"https:\/\/anoticiaonline.com.br\/site\/empresario-de-miradouro-e-convidado-para-palestrar-em-grande-evento-na-capital-belo-horizonte\/#listItem","position":3,"name":"EMPRES\u00c1RIO DE MIRADOURO \u00c9 CONVIDADO PARA PALESTRAR EM GRANDE EVENTO NA CAPITAL BELO HORIZONTE","previousItem":{"@type":"ListItem","@id":"https:\/\/anoticiaonline.com.br\/site\/categoria\/regiao\/#listItem","name":"Regi\u00e3o"}}]},{"@type":"Organization","@id":"https:\/\/anoticiaonline.com.br\/site\/#organization","name":"A Not\u00edcia Online","description":"Noticias de Muria\u00e9 e regi\u00e3o","url":"https:\/\/anoticiaonline.com.br\/site\/","logo":{"@type":"ImageObject","url":"https:\/\/scontent-gig4-1.xx.fbcdn.net\/v\/t39.30808-1\/270437624_4564083193639691_6907940295614233970_n.jpg?stp=dst-jpg_s200x200_tt6&_nc_cat=111&ccb=1-7&_nc_sid=f907e8&_nc_ohc=SM1wRlP3lJwQ7kNvwEPuBYA&_nc_oc=AdnqrjDN_BNjSSHWO-GbkIWH6fkGMLw4bqvL_NH6e2wMveX7G-rP2dAqsDSq1mJMOaY&_nc_zt=24&_nc_ht=scontent-gig4-1.xx&_nc_gid=AoBFJeGrT1hVaew_6rchkQ&oh=00_AfX7QmFGhQhG2jAllVgXCiM1ZrWgvtp80-Bfppyexh1QEg&oe=689E923C","@id":"https:\/\/anoticiaonline.com.br\/site\/empresario-de-miradouro-e-convidado-para-palestrar-em-grande-evento-na-capital-belo-horizonte\/#organizationLogo"},"image":{"@id":"https:\/\/anoticiaonline.com.br\/site\/empresario-de-miradouro-e-convidado-para-palestrar-em-grande-evento-na-capital-belo-horizonte\/#organizationLogo"}},{"@type":"Person","@id":"https:\/\/anoticiaonline.com.br\/site\/author\/leandro\/#author","url":"https:\/\/anoticiaonline.com.br\/site\/author\/leandro\/","name":"Leandro Bebiano","image":{"@type":"ImageObject","@id":"https:\/\/anoticiaonline.com.br\/site\/empresario-de-miradouro-e-convidado-para-palestrar-em-grande-evento-na-capital-belo-horizonte\/#authorImage","url":"https:\/\/secure.gravatar.com\/avatar\/99966a20c143db97c8590c2013307c7c234a4cca48ed5657cbb47e22a400bd5f?s=96&d=mm&r=g","width":96,"height":96,"caption":"Leandro Bebiano"}},{"@type":"WebPage","@id":"https:\/\/anoticiaonline.com.br\/site\/empresario-de-miradouro-e-convidado-para-palestrar-em-grande-evento-na-capital-belo-horizonte\/#webpage","url":"https:\/\/anoticiaonline.com.br\/site\/empresario-de-miradouro-e-convidado-para-palestrar-em-grande-evento-na-capital-belo-horizonte\/","name":"EMPRES\u00c1RIO DE MIRADOURO \u00c9 CONVIDADO PARA PALESTRAR EM GRANDE EVENTO NA CAPITAL BELO HORIZONTE - A Not\u00edcia Online","description":"O empres\u00e1rio Paulo Henrique Lima ministrou a palestra \u201cDesafios e Perspectivas de um Administrador na busca do Sucesso\", no \u201cIV Encontro de Educadores e Gestores de Minas Gerais\u201d. O evento foi realizado na Assembleia Legislativa, em Belo Horizonte\/MG. O convite feito ao Propriet\u00e1rio e L\u00edder das empresas: Lojas BAZAR POLMEL, POLMEL.COM, PH ASSESSORIA E EVENTOS,","inLanguage":"pt-BR","isPartOf":{"@id":"https:\/\/anoticiaonline.com.br\/site\/#website"},"breadcrumb":{"@id":"https:\/\/anoticiaonline.com.br\/site\/empresario-de-miradouro-e-convidado-para-palestrar-em-grande-evento-na-capital-belo-horizonte\/#breadcrumblist"},"author":{"@id":"https:\/\/anoticiaonline.com.br\/site\/author\/leandro\/#author"},"creator":{"@id":"https:\/\/anoticiaonline.com.br\/site\/author\/leandro\/#author"},"image":{"@type":"ImageObject","url":"https:\/\/anoticiaonline.com.br\/site\/wp-content\/uploads\/2018\/08\/1-1.jpg","@id":"https:\/\/anoticiaonline.com.br\/site\/empresario-de-miradouro-e-convidado-para-palestrar-em-grande-evento-na-capital-belo-horizonte\/#mainImage","width":1000,"height":667},"primaryImageOfPage":{"@id":"https:\/\/anoticiaonline.com.br\/site\/empresario-de-miradouro-e-convidado-para-palestrar-em-grande-evento-na-capital-belo-horizonte\/#mainImage"},"datePublished":"2018-08-31T13:05:17-03:00","dateModified":"2018-09-03T17:59:30-03:00"},{"@type":"WebSite","@id":"https:\/\/anoticiaonline.com.br\/site\/#website","url":"https:\/\/anoticiaonline.com.br\/site\/","name":"A Not\u00edcia Online","description":"Noticias de Muria\u00e9 e regi\u00e3o","inLanguage":"pt-BR","publisher":{"@id":"https:\/\/anoticiaonline.com.br\/site\/#organization"}}]},"og:locale":"pt_BR","og:site_name":"A Not\u00edcia Online - Noticias de Muria\u00e9 e regi\u00e3o","og:type":"article","og:title":"EMPRES\u00c1RIO DE MIRADOURO \u00c9 CONVIDADO PARA PALESTRAR EM GRANDE EVENTO NA CAPITAL BELO HORIZONTE - A Not\u00edcia Online","og:description":"O empres\u00e1rio Paulo Henrique Lima ministrou a palestra \u201cDesafios e Perspectivas de um Administrador na busca do Sucesso&quot;, no \u201cIV Encontro de Educadores e Gestores de Minas Gerais\u201d. O evento foi realizado na Assembleia Legislativa, em Belo Horizonte\/MG. O convite feito ao Propriet\u00e1rio e L\u00edder das empresas: Lojas BAZAR POLMEL, POLMEL.COM, PH ASSESSORIA E EVENTOS,","og:url":"https:\/\/anoticiaonline.com.br\/site\/empresario-de-miradouro-e-convidado-para-palestrar-em-grande-evento-na-capital-belo-horizonte\/","og:image":"https:\/\/scontent-gig4-1.xx.fbcdn.net\/v\/t39.30808-1\/270437624_4564083193639691_6907940295614233970_n.jpg?stp=dst-jpg_s200x200_tt6&#038;_nc_cat=111&#038;ccb=1-7&#038;_nc_sid=f907e8&#038;_nc_ohc=SM1wRlP3lJwQ7kNvwEPuBYA&#038;_nc_oc=AdnqrjDN_BNjSSHWO-GbkIWH6fkGMLw4bqvL_NH6e2wMveX7G-rP2dAqsDSq1mJMOaY&#038;_nc_zt=24&#038;_nc_ht=scontent-gig4-1.xx&#038;_nc_gid=AoBFJeGrT1hVaew_6rchkQ&#038;oh=00_AfX7QmFGhQhG2jAllVgXCiM1ZrWgvtp80-Bfppyexh1QEg&#038;oe=689E923C","og:image:secure_url":"https:\/\/scontent-gig4-1.xx.fbcdn.net\/v\/t39.30808-1\/270437624_4564083193639691_6907940295614233970_n.jpg?stp=dst-jpg_s200x200_tt6&#038;_nc_cat=111&#038;ccb=1-7&#038;_nc_sid=f907e8&#038;_nc_ohc=SM1wRlP3lJwQ7kNvwEPuBYA&#038;_nc_oc=AdnqrjDN_BNjSSHWO-GbkIWH6fkGMLw4bqvL_NH6e2wMveX7G-rP2dAqsDSq1mJMOaY&#038;_nc_zt=24&#038;_nc_ht=scontent-gig4-1.xx&#038;_nc_gid=AoBFJeGrT1hVaew_6rchkQ&#038;oh=00_AfX7QmFGhQhG2jAllVgXCiM1ZrWgvtp80-Bfppyexh1QEg&#038;oe=689E923C","article:published_time":"2018-08-31T16:05:17+00:00","article:modified_time":"2018-09-03T20:59:30+00:00","twitter:card":"summary_large_image","twitter:title":"EMPRES\u00c1RIO DE MIRADOURO \u00c9 CONVIDADO PARA PALESTRAR EM GRANDE EVENTO NA CAPITAL BELO HORIZONTE - A Not\u00edcia Online","twitter:description":"O empres\u00e1rio Paulo Henrique Lima ministrou a palestra \u201cDesafios e Perspectivas de um Administrador na busca do Sucesso&quot;, no \u201cIV Encontro de Educadores e Gestores de Minas Gerais\u201d. O evento foi realizado na Assembleia Legislativa, em Belo Horizonte\/MG. O convite feito ao Propriet\u00e1rio e L\u00edder das empresas: Lojas BAZAR POLMEL, POLMEL.COM, PH ASSESSORIA E EVENTOS,","twitter:image":"https:\/\/scontent-gig4-1.xx.fbcdn.net\/v\/t39.30808-1\/270437624_4564083193639691_6907940295614233970_n.jpg?stp=dst-jpg_s200x200_tt6&_nc_cat=111&ccb=1-7&_nc_sid=f907e8&_nc_ohc=SM1wRlP3lJwQ7kNvwEPuBYA&_nc_oc=AdnqrjDN_BNjSSHWO-GbkIWH6fkGMLw4bqvL_NH6e2wMveX7G-rP2dAqsDSq1mJMOaY&_nc_zt=24&_nc_ht=scontent-gig4-1.xx&_nc_gid=AoBFJeGrT1hVaew_6rchkQ&oh=00_AfX7QmFGhQhG2jAllVgXCiM1ZrWgvtp80-Bfppyexh1QEg&oe=689E923C"},"aioseo_meta_data":{"post_id":"60981","title":null,"description":null,"keywords":null,"keyphrases":null,"primary_term":null,"canonical_url":null,"og_title":null,"og_description":null,"og_object_type":"default","og_image_type":"default","og_image_url":null,"og_image_width":null,"og_image_height":null,"og_image_custom_url":null,"og_image_custom_fields":null,"og_video":null,"og_custom_url":null,"og_article_section":null,"og_article_tags":null,"twitter_use_og":false,"twitter_card":"default","twitter_image_type":"default","twitter_image_url":null,"twitter_image_custom_url":null,"twitter_image_custom_fields":null,"twitter_title":null,"twitter_description":null,"schema":{"blockGraphs":[],"customGraphs":[],"default":{"data":{"Article":[],"Course":[],"Dataset":[],"FAQPage":[],"Movie":[],"Person":[],"Product":[],"ProductReview":[],"Car":[],"Recipe":[],"Service":[],"SoftwareApplication":[],"WebPage":[]},"graphName":"","isEnabled":true},"graphs":[]},"schema_type":"default","schema_type_options":null,"pillar_content":false,"robots_default":true,"robots_noindex":false,"robots_noarchive":false,"robots_nosnippet":false,"robots_nofollow":false,"robots_noimageindex":false,"robots_noodp":false,"robots_notranslate":false,"robots_max_snippet":null,"robots_max_videopreview":null,"robots_max_imagepreview":"large","priority":null,"frequency":null,"local_seo":null,"breadcrumb_settings":null,"limit_modified_date":false,"ai":null,"created":"2025-08-16 21:33:39","updated":"2025-08-16 21:33:39","focus_keyword":null,"additional_keywords":null,"truseo_locale":null,"seo_analyzer_scan_date":null},"aioseo_breadcrumb":"<div class=\"aioseo-breadcrumbs\"><span class=\"aioseo-breadcrumb\">\n\t\t\t<a href=\"https:\/\/anoticiaonline.com.br\/site\" title=\"Home\">Home<\/a>\n\t\t<\/span><span class=\"aioseo-breadcrumb-separator\">&raquo;<\/span><span class=\"aioseo-breadcrumb\">\n\t\t\t<a href=\"https:\/\/anoticiaonline.com.br\/site\/categoria\/regiao\/\" title=\"Regi\u00e3o\">Regi\u00e3o<\/a>\n\t\t<\/span><span class=\"aioseo-breadcrumb-separator\">&raquo;<\/span><span class=\"aioseo-breadcrumb\">\n\t\t\tEMPRES\u00c1RIO DE MIRADOURO \u00c9 CONVIDADO PARA PALESTRAR EM GRANDE EVENTO NA CAPITAL BELO HORIZONTE\n\t\t<\/span><\/div>","aioseo_breadcrumb_json":[{"label":"Home","link":"https:\/\/anoticiaonline.com.br\/site"},{"label":"Regi\u00e3o","link":"https:\/\/anoticiaonline.com.br\/site\/categoria\/regiao\/"},{"label":"EMPRES\u00c1RIO DE MIRADOURO \u00c9 CONVIDADO PARA PALESTRAR EM GRANDE EVENTO NA CAPITAL BELO HORIZONTE","link":"https:\/\/anoticiaonline.com.br\/site\/empresario-de-miradouro-e-convidado-para-palestrar-em-grande-evento-na-capital-belo-horizonte\/"}],"views":163,"_links":{"self":[{"href":"https:\/\/anoticiaonline.com.br\/site\/wp-json\/wp\/v2\/posts\/60981","targetHints":{"allow":["GET"]}}],"collection":[{"href":"https:\/\/anoticiaonline.com.br\/site\/wp-json\/wp\/v2\/posts"}],"about":[{"href":"https:\/\/anoticiaonline.com.br\/site\/wp-json\/wp\/v2\/types\/post"}],"author":[{"embeddable":true,"href":"https:\/\/anoticiaonline.com.br\/site\/wp-json\/wp\/v2\/users\/7"}],"replies":[{"embeddable":true,"href":"https:\/\/anoticiaonline.com.br\/site\/wp-json\/wp\/v2\/comments?post=60981"}],"version-history":[{"count":0,"href":"https:\/\/anoticiaonline.com.br\/site\/wp-json\/wp\/v2\/posts\/60981\/revisions"}],"wp:featuredmedia":[{"embeddable":true,"href":"https:\/\/anoticiaonline.com.br\/site\/wp-json\/wp\/v2\/media\/61028"}],"wp:attachment":[{"href":"https:\/\/anoticiaonline.com.br\/site\/wp-json\/wp\/v2\/media?parent=60981"}],"wp:term":[{"taxonomy":"category","embeddable":true,"href":"https:\/\/anoticiaonline.com.br\/site\/wp-json\/wp\/v2\/categories?post=60981"},{"taxonomy":"post_tag","embeddable":true,"href":"https:\/\/anoticiaonline.com.br\/site\/wp-json\/wp\/v2\/tags?post=60981"}],"curies":[{"name":"wp","href":"https:\/\/api.w.org\/{rel}","templated":true}]}}