{"id":60924,"date":"2018-08-30T23:16:56","date_gmt":"2018-08-31T02:16:56","guid":{"rendered":"http:\/\/anoticiaonline.com.br\/site\/?p=60924"},"modified":"2018-08-30T23:16:56","modified_gmt":"2018-08-31T02:16:56","slug":"curso-de-medicina-do-unifaminas-promove-acao-na-praca-joao-pinheiro","status":"publish","type":"post","link":"https:\/\/anoticiaonline.com.br\/site\/curso-de-medicina-do-unifaminas-promove-acao-na-praca-joao-pinheiro\/","title":{"rendered":"Curso de Medicina do UNIFAMINAS promove a\u00e7\u00e3o na Pra\u00e7a Jo\u00e3o Pinheiro"},"content":{"rendered":"<p>Alunos do curso de Medicina do Centro Universit\u00e1rio UNIFAMINAS participaram de uma a\u00e7\u00e3o promovida na Pra\u00e7a Jo\u00e3o Pinheiro, na manh\u00e3 de quinta-feira (30).<\/p>\n<p>De acordo com o aluno do 9\u00ba per\u00edodo do curso, Juan Dias de Lima, o evento tem como objetivo alertar a popula\u00e7\u00e3o sobre algumas atitudes que podem ser tomadas ao socorrer algu\u00e9m, atrav\u00e9s do \u201cSuporte B\u00e1sico de Vida\u201d.<\/p>\n<p>\u201cAt\u00e9 a chegada de profissionais da sa\u00fade, a popula\u00e7\u00e3o pode ajudar a salvar vidas. Para isso, basta aprender, com pessoas capacitadas, como agir em uma situa\u00e7\u00e3o de emerg\u00eancia. Dessa forma, a coordena\u00e7\u00e3o do curso de Medicina e todos os alunos est\u00e3o empenhados em repassar as informa\u00e7\u00f5es necess\u00e1rias \u00e0 popula\u00e7\u00e3o de Muria\u00e9\u201d, explica.<\/p>\n<p><a href=\"https:\/\/anoticiaonline.com.br\/site\/wp-content\/uploads\/2018\/08\/DSC_1597.jpg\"><img fetchpriority=\"high\" decoding=\"async\" class=\"alignnone size-full wp-image-60926\" src=\"https:\/\/anoticiaonline.com.br\/site\/wp-content\/uploads\/2018\/08\/DSC_1597.jpg\" alt=\"\" width=\"1000\" height=\"667\" srcset=\"https:\/\/anoticiaonline.com.br\/site\/wp-content\/uploads\/2018\/08\/DSC_1597.jpg 1000w, https:\/\/anoticiaonline.com.br\/site\/wp-content\/uploads\/2018\/08\/DSC_1597-300x200.jpg 300w, https:\/\/anoticiaonline.com.br\/site\/wp-content\/uploads\/2018\/08\/DSC_1597-768x512.jpg 768w, https:\/\/anoticiaonline.com.br\/site\/wp-content\/uploads\/2018\/08\/DSC_1597-900x600.jpg 900w\" sizes=\"(max-width: 1000px) 100vw, 1000px\" \/><\/a> <a href=\"https:\/\/anoticiaonline.com.br\/site\/wp-content\/uploads\/2018\/08\/DSC_1604.jpg\"><img decoding=\"async\" class=\"alignnone size-full wp-image-60927\" src=\"https:\/\/anoticiaonline.com.br\/site\/wp-content\/uploads\/2018\/08\/DSC_1604.jpg\" alt=\"\" width=\"1000\" height=\"667\" srcset=\"https:\/\/anoticiaonline.com.br\/site\/wp-content\/uploads\/2018\/08\/DSC_1604.jpg 1000w, https:\/\/anoticiaonline.com.br\/site\/wp-content\/uploads\/2018\/08\/DSC_1604-300x200.jpg 300w, https:\/\/anoticiaonline.com.br\/site\/wp-content\/uploads\/2018\/08\/DSC_1604-768x512.jpg 768w, https:\/\/anoticiaonline.com.br\/site\/wp-content\/uploads\/2018\/08\/DSC_1604-900x600.jpg 900w\" sizes=\"(max-width: 1000px) 100vw, 1000px\" \/><\/a> <a href=\"https:\/\/anoticiaonline.com.br\/site\/wp-content\/uploads\/2018\/08\/DSC_1616.jpg\"><img decoding=\"async\" class=\"alignnone size-full wp-image-60928\" src=\"https:\/\/anoticiaonline.com.br\/site\/wp-content\/uploads\/2018\/08\/DSC_1616.jpg\" alt=\"\" width=\"1000\" height=\"667\" srcset=\"https:\/\/anoticiaonline.com.br\/site\/wp-content\/uploads\/2018\/08\/DSC_1616.jpg 1000w, https:\/\/anoticiaonline.com.br\/site\/wp-content\/uploads\/2018\/08\/DSC_1616-300x200.jpg 300w, https:\/\/anoticiaonline.com.br\/site\/wp-content\/uploads\/2018\/08\/DSC_1616-768x512.jpg 768w, https:\/\/anoticiaonline.com.br\/site\/wp-content\/uploads\/2018\/08\/DSC_1616-900x600.jpg 900w\" sizes=\"(max-width: 1000px) 100vw, 1000px\" \/><\/a> <a href=\"https:\/\/anoticiaonline.com.br\/site\/wp-content\/uploads\/2018\/08\/DSC_1629.jpg\"><img loading=\"lazy\" decoding=\"async\" class=\"alignnone size-full wp-image-60929\" src=\"https:\/\/anoticiaonline.com.br\/site\/wp-content\/uploads\/2018\/08\/DSC_1629.jpg\" alt=\"\" width=\"999\" height=\"667\" srcset=\"https:\/\/anoticiaonline.com.br\/site\/wp-content\/uploads\/2018\/08\/DSC_1629.jpg 999w, https:\/\/anoticiaonline.com.br\/site\/wp-content\/uploads\/2018\/08\/DSC_1629-300x200.jpg 300w, https:\/\/anoticiaonline.com.br\/site\/wp-content\/uploads\/2018\/08\/DSC_1629-768x513.jpg 768w, https:\/\/anoticiaonline.com.br\/site\/wp-content\/uploads\/2018\/08\/DSC_1629-900x601.jpg 900w\" sizes=\"(max-width: 999px) 100vw, 999px\" \/><\/a> <a href=\"https:\/\/anoticiaonline.com.br\/site\/wp-content\/uploads\/2018\/08\/DSC_1630.jpg\"><img loading=\"lazy\" decoding=\"async\" class=\"alignnone size-full wp-image-60930\" src=\"https:\/\/anoticiaonline.com.br\/site\/wp-content\/uploads\/2018\/08\/DSC_1630.jpg\" alt=\"\" width=\"1000\" height=\"667\" srcset=\"https:\/\/anoticiaonline.com.br\/site\/wp-content\/uploads\/2018\/08\/DSC_1630.jpg 1000w, https:\/\/anoticiaonline.com.br\/site\/wp-content\/uploads\/2018\/08\/DSC_1630-300x200.jpg 300w, https:\/\/anoticiaonline.com.br\/site\/wp-content\/uploads\/2018\/08\/DSC_1630-768x512.jpg 768w, https:\/\/anoticiaonline.com.br\/site\/wp-content\/uploads\/2018\/08\/DSC_1630-900x600.jpg 900w\" sizes=\"(max-width: 1000px) 100vw, 1000px\" \/><\/a> <a href=\"https:\/\/anoticiaonline.com.br\/site\/wp-content\/uploads\/2018\/08\/DSC_1632.jpg\"><img loading=\"lazy\" decoding=\"async\" class=\"alignnone size-full wp-image-60931\" src=\"https:\/\/anoticiaonline.com.br\/site\/wp-content\/uploads\/2018\/08\/DSC_1632.jpg\" alt=\"\" width=\"1000\" height=\"667\" srcset=\"https:\/\/anoticiaonline.com.br\/site\/wp-content\/uploads\/2018\/08\/DSC_1632.jpg 1000w, https:\/\/anoticiaonline.com.br\/site\/wp-content\/uploads\/2018\/08\/DSC_1632-300x200.jpg 300w, https:\/\/anoticiaonline.com.br\/site\/wp-content\/uploads\/2018\/08\/DSC_1632-768x512.jpg 768w, https:\/\/anoticiaonline.com.br\/site\/wp-content\/uploads\/2018\/08\/DSC_1632-900x600.jpg 900w\" sizes=\"(max-width: 1000px) 100vw, 1000px\" \/><\/a><\/p>\n","protected":false},"excerpt":{"rendered":"<p>Alunos do curso de Medicina do Centro Universit\u00e1rio UNIFAMINAS participaram de uma a\u00e7\u00e3o promovida na Pra\u00e7a Jo\u00e3o Pinheiro, na manh\u00e3 de quinta-feira (30). De acordo com o aluno do 9\u00ba per\u00edodo do curso, Juan Dias de Lima, o evento tem como objetivo alertar a popula\u00e7\u00e3o sobre algumas atitudes que podem ser tomadas ao socorrer algu\u00e9m, &#8230; <a title=\"Curso de Medicina do UNIFAMINAS promove a\u00e7\u00e3o na Pra\u00e7a Jo\u00e3o Pinheiro\" class=\"read-more\" href=\"https:\/\/anoticiaonline.com.br\/site\/curso-de-medicina-do-unifaminas-promove-acao-na-praca-joao-pinheiro\/\" aria-label=\"Read more about Curso de Medicina do UNIFAMINAS promove a\u00e7\u00e3o na Pra\u00e7a Jo\u00e3o Pinheiro\">Ler mais<\/a><\/p>\n","protected":false},"author":2,"featured_media":60929,"comment_status":"open","ping_status":"open","sticky":false,"template":"","format":"standard","meta":{"_acf_changed":false,"_monsterinsights_skip_tracking":false,"footnotes":""},"categories":[30,2893],"tags":[],"class_list":["post-60924","post","type-post","status-publish","format-standard","has-post-thumbnail","hentry","category-muriae","category-cotidiano"],"acf":[],"aioseo_notices":[],"aioseo_head":"\n\t\t<!-- All in One SEO 5.0.0.1 - aioseo.com -->\n\t<meta name=\"description\" content=\"Alunos do curso de Medicina do Centro Universit\u00e1rio UNIFAMINAS participaram de uma a\u00e7\u00e3o promovida na Pra\u00e7a Jo\u00e3o Pinheiro, na manh\u00e3 de quinta-feira (30). De acordo com o aluno do 9\u00ba per\u00edodo do curso, Juan Dias de Lima, o evento tem como objetivo alertar a popula\u00e7\u00e3o sobre algumas atitudes que podem ser tomadas ao socorrer algu\u00e9m,\" \/>\n\t<meta name=\"robots\" content=\"max-image-preview:large\" \/>\n\t<meta name=\"author\" content=\"Juliana Laviola\"\/>\n\t<link rel=\"canonical\" href=\"https:\/\/anoticiaonline.com.br\/site\/curso-de-medicina-do-unifaminas-promove-acao-na-praca-joao-pinheiro\/\" \/>\n\t<meta name=\"generator\" content=\"All in One SEO (AIOSEO) 5.0.0.1\" \/>\n\t\t<meta property=\"og:locale\" content=\"pt_BR\" \/>\n\t\t<meta property=\"og:site_name\" content=\"A Not\u00edcia Online - Noticias de Muria\u00e9 e regi\u00e3o\" \/>\n\t\t<meta property=\"og:type\" content=\"article\" \/>\n\t\t<meta property=\"og:title\" content=\"Curso de Medicina do UNIFAMINAS promove a\u00e7\u00e3o na Pra\u00e7a Jo\u00e3o Pinheiro - A Not\u00edcia Online\" \/>\n\t\t<meta property=\"og:description\" content=\"Alunos do curso de Medicina do Centro Universit\u00e1rio UNIFAMINAS participaram de uma a\u00e7\u00e3o promovida na Pra\u00e7a Jo\u00e3o Pinheiro, na manh\u00e3 de quinta-feira (30). De acordo com o aluno do 9\u00ba per\u00edodo do curso, Juan Dias de Lima, o evento tem como objetivo alertar a popula\u00e7\u00e3o sobre algumas atitudes que podem ser tomadas ao socorrer algu\u00e9m,\" \/>\n\t\t<meta property=\"og:url\" content=\"https:\/\/anoticiaonline.com.br\/site\/curso-de-medicina-do-unifaminas-promove-acao-na-praca-joao-pinheiro\/\" \/>\n\t\t<meta property=\"og:image\" content=\"https:\/\/scontent-gig4-1.xx.fbcdn.net\/v\/t39.30808-1\/270437624_4564083193639691_6907940295614233970_n.jpg?stp=dst-jpg_s200x200_tt6&#038;_nc_cat=111&#038;ccb=1-7&#038;_nc_sid=f907e8&#038;_nc_ohc=SM1wRlP3lJwQ7kNvwEPuBYA&#038;_nc_oc=AdnqrjDN_BNjSSHWO-GbkIWH6fkGMLw4bqvL_NH6e2wMveX7G-rP2dAqsDSq1mJMOaY&#038;_nc_zt=24&#038;_nc_ht=scontent-gig4-1.xx&#038;_nc_gid=AoBFJeGrT1hVaew_6rchkQ&#038;oh=00_AfX7QmFGhQhG2jAllVgXCiM1ZrWgvtp80-Bfppyexh1QEg&#038;oe=689E923C\" \/>\n\t\t<meta property=\"og:image:secure_url\" content=\"https:\/\/scontent-gig4-1.xx.fbcdn.net\/v\/t39.30808-1\/270437624_4564083193639691_6907940295614233970_n.jpg?stp=dst-jpg_s200x200_tt6&#038;_nc_cat=111&#038;ccb=1-7&#038;_nc_sid=f907e8&#038;_nc_ohc=SM1wRlP3lJwQ7kNvwEPuBYA&#038;_nc_oc=AdnqrjDN_BNjSSHWO-GbkIWH6fkGMLw4bqvL_NH6e2wMveX7G-rP2dAqsDSq1mJMOaY&#038;_nc_zt=24&#038;_nc_ht=scontent-gig4-1.xx&#038;_nc_gid=AoBFJeGrT1hVaew_6rchkQ&#038;oh=00_AfX7QmFGhQhG2jAllVgXCiM1ZrWgvtp80-Bfppyexh1QEg&#038;oe=689E923C\" \/>\n\t\t<meta property=\"article:published_time\" content=\"2018-08-31T02:16:56+00:00\" \/>\n\t\t<meta property=\"article:modified_time\" content=\"2018-08-31T02:16:56+00:00\" \/>\n\t\t<meta name=\"twitter:card\" content=\"summary_large_image\" \/>\n\t\t<meta name=\"twitter:title\" content=\"Curso de Medicina do UNIFAMINAS promove a\u00e7\u00e3o na Pra\u00e7a Jo\u00e3o Pinheiro - A Not\u00edcia Online\" \/>\n\t\t<meta name=\"twitter:description\" content=\"Alunos do curso de Medicina do Centro Universit\u00e1rio UNIFAMINAS participaram de uma a\u00e7\u00e3o promovida na Pra\u00e7a Jo\u00e3o Pinheiro, na manh\u00e3 de quinta-feira (30). De acordo com o aluno do 9\u00ba per\u00edodo do curso, Juan Dias de Lima, o evento tem como objetivo alertar a popula\u00e7\u00e3o sobre algumas atitudes que podem ser tomadas ao socorrer algu\u00e9m,\" \/>\n\t\t<meta name=\"twitter:image\" content=\"https:\/\/scontent-gig4-1.xx.fbcdn.net\/v\/t39.30808-1\/270437624_4564083193639691_6907940295614233970_n.jpg?stp=dst-jpg_s200x200_tt6&amp;_nc_cat=111&amp;ccb=1-7&amp;_nc_sid=f907e8&amp;_nc_ohc=SM1wRlP3lJwQ7kNvwEPuBYA&amp;_nc_oc=AdnqrjDN_BNjSSHWO-GbkIWH6fkGMLw4bqvL_NH6e2wMveX7G-rP2dAqsDSq1mJMOaY&amp;_nc_zt=24&amp;_nc_ht=scontent-gig4-1.xx&amp;_nc_gid=AoBFJeGrT1hVaew_6rchkQ&amp;oh=00_AfX7QmFGhQhG2jAllVgXCiM1ZrWgvtp80-Bfppyexh1QEg&amp;oe=689E923C\" \/>\n\t\t<script type=\"application\/ld+json\" class=\"aioseo-schema\">\n\t\t\t{\"@context\":\"https:\\\/\\\/schema.org\",\"@graph\":[{\"@type\":\"BlogPosting\",\"@id\":\"https:\\\/\\\/anoticiaonline.com.br\\\/site\\\/curso-de-medicina-do-unifaminas-promove-acao-na-praca-joao-pinheiro\\\/#blogposting\",\"name\":\"Curso de Medicina do UNIFAMINAS promove a\\u00e7\\u00e3o na Pra\\u00e7a Jo\\u00e3o Pinheiro - A Not\\u00edcia Online\",\"headline\":\"Curso de Medicina do UNIFAMINAS promove a\\u00e7\\u00e3o na Pra\\u00e7a Jo\\u00e3o Pinheiro\",\"author\":{\"@id\":\"https:\\\/\\\/anoticiaonline.com.br\\\/site\\\/author\\\/juliana\\\/#author\"},\"publisher\":{\"@id\":\"https:\\\/\\\/anoticiaonline.com.br\\\/site\\\/#organization\"},\"image\":{\"@type\":\"ImageObject\",\"url\":\"https:\\\/\\\/anoticiaonline.com.br\\\/site\\\/wp-content\\\/uploads\\\/2018\\\/08\\\/DSC_1629.jpg\",\"width\":999,\"height\":667},\"datePublished\":\"2018-08-30T23:16:56-03:00\",\"dateModified\":\"2018-08-30T23:16:56-03:00\",\"inLanguage\":\"pt-BR\",\"mainEntityOfPage\":{\"@id\":\"https:\\\/\\\/anoticiaonline.com.br\\\/site\\\/curso-de-medicina-do-unifaminas-promove-acao-na-praca-joao-pinheiro\\\/#webpage\"},\"isPartOf\":{\"@id\":\"https:\\\/\\\/anoticiaonline.com.br\\\/site\\\/curso-de-medicina-do-unifaminas-promove-acao-na-praca-joao-pinheiro\\\/#webpage\"},\"articleSection\":\"Blog, Cotidiano\"},{\"@type\":\"BreadcrumbList\",\"@id\":\"https:\\\/\\\/anoticiaonline.com.br\\\/site\\\/curso-de-medicina-do-unifaminas-promove-acao-na-praca-joao-pinheiro\\\/#breadcrumblist\",\"itemListElement\":[{\"@type\":\"ListItem\",\"@id\":\"https:\\\/\\\/anoticiaonline.com.br\\\/site#listItem\",\"position\":1,\"name\":\"Home\",\"item\":\"https:\\\/\\\/anoticiaonline.com.br\\\/site\",\"nextItem\":{\"@type\":\"ListItem\",\"@id\":\"https:\\\/\\\/anoticiaonline.com.br\\\/site\\\/categoria\\\/muriae\\\/#listItem\",\"name\":\"Blog\"}},{\"@type\":\"ListItem\",\"@id\":\"https:\\\/\\\/anoticiaonline.com.br\\\/site\\\/categoria\\\/muriae\\\/#listItem\",\"position\":2,\"name\":\"Blog\",\"item\":\"https:\\\/\\\/anoticiaonline.com.br\\\/site\\\/categoria\\\/muriae\\\/\",\"nextItem\":{\"@type\":\"ListItem\",\"@id\":\"https:\\\/\\\/anoticiaonline.com.br\\\/site\\\/categoria\\\/muriae\\\/cotidiano\\\/#listItem\",\"name\":\"Cotidiano\"},\"previousItem\":{\"@type\":\"ListItem\",\"@id\":\"https:\\\/\\\/anoticiaonline.com.br\\\/site#listItem\",\"name\":\"Home\"}},{\"@type\":\"ListItem\",\"@id\":\"https:\\\/\\\/anoticiaonline.com.br\\\/site\\\/categoria\\\/muriae\\\/cotidiano\\\/#listItem\",\"position\":3,\"name\":\"Cotidiano\",\"item\":\"https:\\\/\\\/anoticiaonline.com.br\\\/site\\\/categoria\\\/muriae\\\/cotidiano\\\/\",\"nextItem\":{\"@type\":\"ListItem\",\"@id\":\"https:\\\/\\\/anoticiaonline.com.br\\\/site\\\/curso-de-medicina-do-unifaminas-promove-acao-na-praca-joao-pinheiro\\\/#listItem\",\"name\":\"Curso de Medicina do UNIFAMINAS promove a\\u00e7\\u00e3o na Pra\\u00e7a Jo\\u00e3o Pinheiro\"},\"previousItem\":{\"@type\":\"ListItem\",\"@id\":\"https:\\\/\\\/anoticiaonline.com.br\\\/site\\\/categoria\\\/muriae\\\/#listItem\",\"name\":\"Blog\"}},{\"@type\":\"ListItem\",\"@id\":\"https:\\\/\\\/anoticiaonline.com.br\\\/site\\\/curso-de-medicina-do-unifaminas-promove-acao-na-praca-joao-pinheiro\\\/#listItem\",\"position\":4,\"name\":\"Curso de Medicina do UNIFAMINAS promove a\\u00e7\\u00e3o na Pra\\u00e7a Jo\\u00e3o Pinheiro\",\"previousItem\":{\"@type\":\"ListItem\",\"@id\":\"https:\\\/\\\/anoticiaonline.com.br\\\/site\\\/categoria\\\/muriae\\\/cotidiano\\\/#listItem\",\"name\":\"Cotidiano\"}}]},{\"@type\":\"Organization\",\"@id\":\"https:\\\/\\\/anoticiaonline.com.br\\\/site\\\/#organization\",\"name\":\"A Not\\u00edcia Online\",\"description\":\"Noticias de Muria\\u00e9 e regi\\u00e3o\",\"url\":\"https:\\\/\\\/anoticiaonline.com.br\\\/site\\\/\",\"logo\":{\"@type\":\"ImageObject\",\"url\":\"https:\\\/\\\/scontent-gig4-1.xx.fbcdn.net\\\/v\\\/t39.30808-1\\\/270437624_4564083193639691_6907940295614233970_n.jpg?stp=dst-jpg_s200x200_tt6&_nc_cat=111&ccb=1-7&_nc_sid=f907e8&_nc_ohc=SM1wRlP3lJwQ7kNvwEPuBYA&_nc_oc=AdnqrjDN_BNjSSHWO-GbkIWH6fkGMLw4bqvL_NH6e2wMveX7G-rP2dAqsDSq1mJMOaY&_nc_zt=24&_nc_ht=scontent-gig4-1.xx&_nc_gid=AoBFJeGrT1hVaew_6rchkQ&oh=00_AfX7QmFGhQhG2jAllVgXCiM1ZrWgvtp80-Bfppyexh1QEg&oe=689E923C\",\"@id\":\"https:\\\/\\\/anoticiaonline.com.br\\\/site\\\/curso-de-medicina-do-unifaminas-promove-acao-na-praca-joao-pinheiro\\\/#organizationLogo\"},\"image\":{\"@id\":\"https:\\\/\\\/anoticiaonline.com.br\\\/site\\\/curso-de-medicina-do-unifaminas-promove-acao-na-praca-joao-pinheiro\\\/#organizationLogo\"}},{\"@type\":\"Person\",\"@id\":\"https:\\\/\\\/anoticiaonline.com.br\\\/site\\\/author\\\/juliana\\\/#author\",\"url\":\"https:\\\/\\\/anoticiaonline.com.br\\\/site\\\/author\\\/juliana\\\/\",\"name\":\"Juliana Laviola\",\"image\":{\"@type\":\"ImageObject\",\"@id\":\"https:\\\/\\\/anoticiaonline.com.br\\\/site\\\/curso-de-medicina-do-unifaminas-promove-acao-na-praca-joao-pinheiro\\\/#authorImage\",\"url\":\"https:\\\/\\\/secure.gravatar.com\\\/avatar\\\/b8d45f5c699b100dfaf0e543582f38f38bf94cb7ae3a5e9abf8d891a34773335?s=96&d=mm&r=g\",\"width\":96,\"height\":96,\"caption\":\"Juliana Laviola\"}},{\"@type\":\"WebPage\",\"@id\":\"https:\\\/\\\/anoticiaonline.com.br\\\/site\\\/curso-de-medicina-do-unifaminas-promove-acao-na-praca-joao-pinheiro\\\/#webpage\",\"url\":\"https:\\\/\\\/anoticiaonline.com.br\\\/site\\\/curso-de-medicina-do-unifaminas-promove-acao-na-praca-joao-pinheiro\\\/\",\"name\":\"Curso de Medicina do UNIFAMINAS promove a\\u00e7\\u00e3o na Pra\\u00e7a Jo\\u00e3o Pinheiro - A Not\\u00edcia Online\",\"description\":\"Alunos do curso de Medicina do Centro Universit\\u00e1rio UNIFAMINAS participaram de uma a\\u00e7\\u00e3o promovida na Pra\\u00e7a Jo\\u00e3o Pinheiro, na manh\\u00e3 de quinta-feira (30). De acordo com o aluno do 9\\u00ba per\\u00edodo do curso, Juan Dias de Lima, o evento tem como objetivo alertar a popula\\u00e7\\u00e3o sobre algumas atitudes que podem ser tomadas ao socorrer algu\\u00e9m,\",\"inLanguage\":\"pt-BR\",\"isPartOf\":{\"@id\":\"https:\\\/\\\/anoticiaonline.com.br\\\/site\\\/#website\"},\"breadcrumb\":{\"@id\":\"https:\\\/\\\/anoticiaonline.com.br\\\/site\\\/curso-de-medicina-do-unifaminas-promove-acao-na-praca-joao-pinheiro\\\/#breadcrumblist\"},\"author\":{\"@id\":\"https:\\\/\\\/anoticiaonline.com.br\\\/site\\\/author\\\/juliana\\\/#author\"},\"creator\":{\"@id\":\"https:\\\/\\\/anoticiaonline.com.br\\\/site\\\/author\\\/juliana\\\/#author\"},\"image\":{\"@type\":\"ImageObject\",\"url\":\"https:\\\/\\\/anoticiaonline.com.br\\\/site\\\/wp-content\\\/uploads\\\/2018\\\/08\\\/DSC_1629.jpg\",\"@id\":\"https:\\\/\\\/anoticiaonline.com.br\\\/site\\\/curso-de-medicina-do-unifaminas-promove-acao-na-praca-joao-pinheiro\\\/#mainImage\",\"width\":999,\"height\":667},\"primaryImageOfPage\":{\"@id\":\"https:\\\/\\\/anoticiaonline.com.br\\\/site\\\/curso-de-medicina-do-unifaminas-promove-acao-na-praca-joao-pinheiro\\\/#mainImage\"},\"datePublished\":\"2018-08-30T23:16:56-03:00\",\"dateModified\":\"2018-08-30T23:16:56-03:00\"},{\"@type\":\"WebSite\",\"@id\":\"https:\\\/\\\/anoticiaonline.com.br\\\/site\\\/#website\",\"url\":\"https:\\\/\\\/anoticiaonline.com.br\\\/site\\\/\",\"name\":\"A Not\\u00edcia Online\",\"description\":\"Noticias de Muria\\u00e9 e regi\\u00e3o\",\"inLanguage\":\"pt-BR\",\"publisher\":{\"@id\":\"https:\\\/\\\/anoticiaonline.com.br\\\/site\\\/#organization\"}}]}\n\t\t<\/script>\n\t\t<!-- All in One SEO -->\n\n","aioseo_head_json":{"title":"Curso de Medicina do UNIFAMINAS promove a\u00e7\u00e3o na Pra\u00e7a Jo\u00e3o Pinheiro - A Not\u00edcia Online","description":"Alunos do curso de Medicina do Centro Universit\u00e1rio UNIFAMINAS participaram de uma a\u00e7\u00e3o promovida na Pra\u00e7a Jo\u00e3o Pinheiro, na manh\u00e3 de quinta-feira (30). De acordo com o aluno do 9\u00ba per\u00edodo do curso, Juan Dias de Lima, o evento tem como objetivo alertar a popula\u00e7\u00e3o sobre algumas atitudes que podem ser tomadas ao socorrer algu\u00e9m,","canonical_url":"https:\/\/anoticiaonline.com.br\/site\/curso-de-medicina-do-unifaminas-promove-acao-na-praca-joao-pinheiro\/","robots":"max-image-preview:large","keywords":"","webmasterTools":{"miscellaneous":""},"schema":{"@context":"https:\/\/schema.org","@graph":[{"@type":"BlogPosting","@id":"https:\/\/anoticiaonline.com.br\/site\/curso-de-medicina-do-unifaminas-promove-acao-na-praca-joao-pinheiro\/#blogposting","name":"Curso de Medicina do UNIFAMINAS promove a\u00e7\u00e3o na Pra\u00e7a Jo\u00e3o Pinheiro - A Not\u00edcia Online","headline":"Curso de Medicina do UNIFAMINAS promove a\u00e7\u00e3o na Pra\u00e7a Jo\u00e3o Pinheiro","author":{"@id":"https:\/\/anoticiaonline.com.br\/site\/author\/juliana\/#author"},"publisher":{"@id":"https:\/\/anoticiaonline.com.br\/site\/#organization"},"image":{"@type":"ImageObject","url":"https:\/\/anoticiaonline.com.br\/site\/wp-content\/uploads\/2018\/08\/DSC_1629.jpg","width":999,"height":667},"datePublished":"2018-08-30T23:16:56-03:00","dateModified":"2018-08-30T23:16:56-03:00","inLanguage":"pt-BR","mainEntityOfPage":{"@id":"https:\/\/anoticiaonline.com.br\/site\/curso-de-medicina-do-unifaminas-promove-acao-na-praca-joao-pinheiro\/#webpage"},"isPartOf":{"@id":"https:\/\/anoticiaonline.com.br\/site\/curso-de-medicina-do-unifaminas-promove-acao-na-praca-joao-pinheiro\/#webpage"},"articleSection":"Blog, Cotidiano"},{"@type":"BreadcrumbList","@id":"https:\/\/anoticiaonline.com.br\/site\/curso-de-medicina-do-unifaminas-promove-acao-na-praca-joao-pinheiro\/#breadcrumblist","itemListElement":[{"@type":"ListItem","@id":"https:\/\/anoticiaonline.com.br\/site#listItem","position":1,"name":"Home","item":"https:\/\/anoticiaonline.com.br\/site","nextItem":{"@type":"ListItem","@id":"https:\/\/anoticiaonline.com.br\/site\/categoria\/muriae\/#listItem","name":"Blog"}},{"@type":"ListItem","@id":"https:\/\/anoticiaonline.com.br\/site\/categoria\/muriae\/#listItem","position":2,"name":"Blog","item":"https:\/\/anoticiaonline.com.br\/site\/categoria\/muriae\/","nextItem":{"@type":"ListItem","@id":"https:\/\/anoticiaonline.com.br\/site\/categoria\/muriae\/cotidiano\/#listItem","name":"Cotidiano"},"previousItem":{"@type":"ListItem","@id":"https:\/\/anoticiaonline.com.br\/site#listItem","name":"Home"}},{"@type":"ListItem","@id":"https:\/\/anoticiaonline.com.br\/site\/categoria\/muriae\/cotidiano\/#listItem","position":3,"name":"Cotidiano","item":"https:\/\/anoticiaonline.com.br\/site\/categoria\/muriae\/cotidiano\/","nextItem":{"@type":"ListItem","@id":"https:\/\/anoticiaonline.com.br\/site\/curso-de-medicina-do-unifaminas-promove-acao-na-praca-joao-pinheiro\/#listItem","name":"Curso de Medicina do UNIFAMINAS promove a\u00e7\u00e3o na Pra\u00e7a Jo\u00e3o Pinheiro"},"previousItem":{"@type":"ListItem","@id":"https:\/\/anoticiaonline.com.br\/site\/categoria\/muriae\/#listItem","name":"Blog"}},{"@type":"ListItem","@id":"https:\/\/anoticiaonline.com.br\/site\/curso-de-medicina-do-unifaminas-promove-acao-na-praca-joao-pinheiro\/#listItem","position":4,"name":"Curso de Medicina do UNIFAMINAS promove a\u00e7\u00e3o na Pra\u00e7a Jo\u00e3o Pinheiro","previousItem":{"@type":"ListItem","@id":"https:\/\/anoticiaonline.com.br\/site\/categoria\/muriae\/cotidiano\/#listItem","name":"Cotidiano"}}]},{"@type":"Organization","@id":"https:\/\/anoticiaonline.com.br\/site\/#organization","name":"A Not\u00edcia Online","description":"Noticias de Muria\u00e9 e regi\u00e3o","url":"https:\/\/anoticiaonline.com.br\/site\/","logo":{"@type":"ImageObject","url":"https:\/\/scontent-gig4-1.xx.fbcdn.net\/v\/t39.30808-1\/270437624_4564083193639691_6907940295614233970_n.jpg?stp=dst-jpg_s200x200_tt6&_nc_cat=111&ccb=1-7&_nc_sid=f907e8&_nc_ohc=SM1wRlP3lJwQ7kNvwEPuBYA&_nc_oc=AdnqrjDN_BNjSSHWO-GbkIWH6fkGMLw4bqvL_NH6e2wMveX7G-rP2dAqsDSq1mJMOaY&_nc_zt=24&_nc_ht=scontent-gig4-1.xx&_nc_gid=AoBFJeGrT1hVaew_6rchkQ&oh=00_AfX7QmFGhQhG2jAllVgXCiM1ZrWgvtp80-Bfppyexh1QEg&oe=689E923C","@id":"https:\/\/anoticiaonline.com.br\/site\/curso-de-medicina-do-unifaminas-promove-acao-na-praca-joao-pinheiro\/#organizationLogo"},"image":{"@id":"https:\/\/anoticiaonline.com.br\/site\/curso-de-medicina-do-unifaminas-promove-acao-na-praca-joao-pinheiro\/#organizationLogo"}},{"@type":"Person","@id":"https:\/\/anoticiaonline.com.br\/site\/author\/juliana\/#author","url":"https:\/\/anoticiaonline.com.br\/site\/author\/juliana\/","name":"Juliana Laviola","image":{"@type":"ImageObject","@id":"https:\/\/anoticiaonline.com.br\/site\/curso-de-medicina-do-unifaminas-promove-acao-na-praca-joao-pinheiro\/#authorImage","url":"https:\/\/secure.gravatar.com\/avatar\/b8d45f5c699b100dfaf0e543582f38f38bf94cb7ae3a5e9abf8d891a34773335?s=96&d=mm&r=g","width":96,"height":96,"caption":"Juliana Laviola"}},{"@type":"WebPage","@id":"https:\/\/anoticiaonline.com.br\/site\/curso-de-medicina-do-unifaminas-promove-acao-na-praca-joao-pinheiro\/#webpage","url":"https:\/\/anoticiaonline.com.br\/site\/curso-de-medicina-do-unifaminas-promove-acao-na-praca-joao-pinheiro\/","name":"Curso de Medicina do UNIFAMINAS promove a\u00e7\u00e3o na Pra\u00e7a Jo\u00e3o Pinheiro - A Not\u00edcia Online","description":"Alunos do curso de Medicina do Centro Universit\u00e1rio UNIFAMINAS participaram de uma a\u00e7\u00e3o promovida na Pra\u00e7a Jo\u00e3o Pinheiro, na manh\u00e3 de quinta-feira (30). De acordo com o aluno do 9\u00ba per\u00edodo do curso, Juan Dias de Lima, o evento tem como objetivo alertar a popula\u00e7\u00e3o sobre algumas atitudes que podem ser tomadas ao socorrer algu\u00e9m,","inLanguage":"pt-BR","isPartOf":{"@id":"https:\/\/anoticiaonline.com.br\/site\/#website"},"breadcrumb":{"@id":"https:\/\/anoticiaonline.com.br\/site\/curso-de-medicina-do-unifaminas-promove-acao-na-praca-joao-pinheiro\/#breadcrumblist"},"author":{"@id":"https:\/\/anoticiaonline.com.br\/site\/author\/juliana\/#author"},"creator":{"@id":"https:\/\/anoticiaonline.com.br\/site\/author\/juliana\/#author"},"image":{"@type":"ImageObject","url":"https:\/\/anoticiaonline.com.br\/site\/wp-content\/uploads\/2018\/08\/DSC_1629.jpg","@id":"https:\/\/anoticiaonline.com.br\/site\/curso-de-medicina-do-unifaminas-promove-acao-na-praca-joao-pinheiro\/#mainImage","width":999,"height":667},"primaryImageOfPage":{"@id":"https:\/\/anoticiaonline.com.br\/site\/curso-de-medicina-do-unifaminas-promove-acao-na-praca-joao-pinheiro\/#mainImage"},"datePublished":"2018-08-30T23:16:56-03:00","dateModified":"2018-08-30T23:16:56-03:00"},{"@type":"WebSite","@id":"https:\/\/anoticiaonline.com.br\/site\/#website","url":"https:\/\/anoticiaonline.com.br\/site\/","name":"A Not\u00edcia Online","description":"Noticias de Muria\u00e9 e regi\u00e3o","inLanguage":"pt-BR","publisher":{"@id":"https:\/\/anoticiaonline.com.br\/site\/#organization"}}]},"og:locale":"pt_BR","og:site_name":"A Not\u00edcia Online - Noticias de Muria\u00e9 e regi\u00e3o","og:type":"article","og:title":"Curso de Medicina do UNIFAMINAS promove a\u00e7\u00e3o na Pra\u00e7a Jo\u00e3o Pinheiro - A Not\u00edcia Online","og:description":"Alunos do curso de Medicina do Centro Universit\u00e1rio UNIFAMINAS participaram de uma a\u00e7\u00e3o promovida na Pra\u00e7a Jo\u00e3o Pinheiro, na manh\u00e3 de quinta-feira (30). De acordo com o aluno do 9\u00ba per\u00edodo do curso, Juan Dias de Lima, o evento tem como objetivo alertar a popula\u00e7\u00e3o sobre algumas atitudes que podem ser tomadas ao socorrer algu\u00e9m,","og:url":"https:\/\/anoticiaonline.com.br\/site\/curso-de-medicina-do-unifaminas-promove-acao-na-praca-joao-pinheiro\/","og:image":"https:\/\/scontent-gig4-1.xx.fbcdn.net\/v\/t39.30808-1\/270437624_4564083193639691_6907940295614233970_n.jpg?stp=dst-jpg_s200x200_tt6&#038;_nc_cat=111&#038;ccb=1-7&#038;_nc_sid=f907e8&#038;_nc_ohc=SM1wRlP3lJwQ7kNvwEPuBYA&#038;_nc_oc=AdnqrjDN_BNjSSHWO-GbkIWH6fkGMLw4bqvL_NH6e2wMveX7G-rP2dAqsDSq1mJMOaY&#038;_nc_zt=24&#038;_nc_ht=scontent-gig4-1.xx&#038;_nc_gid=AoBFJeGrT1hVaew_6rchkQ&#038;oh=00_AfX7QmFGhQhG2jAllVgXCiM1ZrWgvtp80-Bfppyexh1QEg&#038;oe=689E923C","og:image:secure_url":"https:\/\/scontent-gig4-1.xx.fbcdn.net\/v\/t39.30808-1\/270437624_4564083193639691_6907940295614233970_n.jpg?stp=dst-jpg_s200x200_tt6&#038;_nc_cat=111&#038;ccb=1-7&#038;_nc_sid=f907e8&#038;_nc_ohc=SM1wRlP3lJwQ7kNvwEPuBYA&#038;_nc_oc=AdnqrjDN_BNjSSHWO-GbkIWH6fkGMLw4bqvL_NH6e2wMveX7G-rP2dAqsDSq1mJMOaY&#038;_nc_zt=24&#038;_nc_ht=scontent-gig4-1.xx&#038;_nc_gid=AoBFJeGrT1hVaew_6rchkQ&#038;oh=00_AfX7QmFGhQhG2jAllVgXCiM1ZrWgvtp80-Bfppyexh1QEg&#038;oe=689E923C","article:published_time":"2018-08-31T02:16:56+00:00","article:modified_time":"2018-08-31T02:16:56+00:00","twitter:card":"summary_large_image","twitter:title":"Curso de Medicina do UNIFAMINAS promove a\u00e7\u00e3o na Pra\u00e7a Jo\u00e3o Pinheiro - A Not\u00edcia Online","twitter:description":"Alunos do curso de Medicina do Centro Universit\u00e1rio UNIFAMINAS participaram de uma a\u00e7\u00e3o promovida na Pra\u00e7a Jo\u00e3o Pinheiro, na manh\u00e3 de quinta-feira (30). De acordo com o aluno do 9\u00ba per\u00edodo do curso, Juan Dias de Lima, o evento tem como objetivo alertar a popula\u00e7\u00e3o sobre algumas atitudes que podem ser tomadas ao socorrer algu\u00e9m,","twitter:image":"https:\/\/scontent-gig4-1.xx.fbcdn.net\/v\/t39.30808-1\/270437624_4564083193639691_6907940295614233970_n.jpg?stp=dst-jpg_s200x200_tt6&_nc_cat=111&ccb=1-7&_nc_sid=f907e8&_nc_ohc=SM1wRlP3lJwQ7kNvwEPuBYA&_nc_oc=AdnqrjDN_BNjSSHWO-GbkIWH6fkGMLw4bqvL_NH6e2wMveX7G-rP2dAqsDSq1mJMOaY&_nc_zt=24&_nc_ht=scontent-gig4-1.xx&_nc_gid=AoBFJeGrT1hVaew_6rchkQ&oh=00_AfX7QmFGhQhG2jAllVgXCiM1ZrWgvtp80-Bfppyexh1QEg&oe=689E923C"},"aioseo_meta_data":{"post_id":"60924","title":null,"description":null,"keywords":null,"keyphrases":null,"primary_term":null,"canonical_url":null,"og_title":null,"og_description":null,"og_object_type":"default","og_image_type":"default","og_image_url":null,"og_image_width":null,"og_image_height":null,"og_image_custom_url":null,"og_image_custom_fields":null,"og_video":null,"og_custom_url":null,"og_article_section":null,"og_article_tags":null,"twitter_use_og":false,"twitter_card":"default","twitter_image_type":"default","twitter_image_url":null,"twitter_image_custom_url":null,"twitter_image_custom_fields":null,"twitter_title":null,"twitter_description":null,"schema":{"blockGraphs":[],"customGraphs":[],"default":{"data":{"Article":[],"Course":[],"Dataset":[],"FAQPage":[],"Movie":[],"Person":[],"Product":[],"ProductReview":[],"Car":[],"Recipe":[],"Service":[],"SoftwareApplication":[],"WebPage":[]},"graphName":"","isEnabled":true},"graphs":[]},"schema_type":"default","schema_type_options":null,"pillar_content":false,"robots_default":true,"robots_noindex":false,"robots_noarchive":false,"robots_nosnippet":false,"robots_nofollow":false,"robots_noimageindex":false,"robots_noodp":false,"robots_notranslate":false,"robots_max_snippet":null,"robots_max_videopreview":null,"robots_max_imagepreview":"large","priority":null,"frequency":null,"local_seo":null,"breadcrumb_settings":null,"limit_modified_date":false,"ai":null,"created":"2025-08-16 21:33:38","updated":"2025-08-16 21:33:38","focus_keyword":null,"additional_keywords":null,"truseo_locale":null,"seo_analyzer_scan_date":null},"aioseo_breadcrumb":"<div class=\"aioseo-breadcrumbs\"><span class=\"aioseo-breadcrumb\">\n\t\t\t<a href=\"https:\/\/anoticiaonline.com.br\/site\" title=\"Home\">Home<\/a>\n\t\t<\/span><span class=\"aioseo-breadcrumb-separator\">&raquo;<\/span><span class=\"aioseo-breadcrumb\">\n\t\t\t<a href=\"https:\/\/anoticiaonline.com.br\/site\/categoria\/muriae\/\" title=\"Blog\">Blog<\/a>\n\t\t<\/span><span class=\"aioseo-breadcrumb-separator\">&raquo;<\/span><span class=\"aioseo-breadcrumb\">\n\t\t\t<a href=\"https:\/\/anoticiaonline.com.br\/site\/categoria\/muriae\/cotidiano\/\" title=\"Cotidiano\">Cotidiano<\/a>\n\t\t<\/span><span class=\"aioseo-breadcrumb-separator\">&raquo;<\/span><span class=\"aioseo-breadcrumb\">\n\t\t\tCurso de Medicina do UNIFAMINAS promove a\u00e7\u00e3o na Pra\u00e7a Jo\u00e3o Pinheiro\n\t\t<\/span><\/div>","aioseo_breadcrumb_json":[{"label":"Home","link":"https:\/\/anoticiaonline.com.br\/site"},{"label":"Blog","link":"https:\/\/anoticiaonline.com.br\/site\/categoria\/muriae\/"},{"label":"Cotidiano","link":"https:\/\/anoticiaonline.com.br\/site\/categoria\/muriae\/cotidiano\/"},{"label":"Curso de Medicina do UNIFAMINAS promove a\u00e7\u00e3o na Pra\u00e7a Jo\u00e3o Pinheiro","link":"https:\/\/anoticiaonline.com.br\/site\/curso-de-medicina-do-unifaminas-promove-acao-na-praca-joao-pinheiro\/"}],"views":138,"_links":{"self":[{"href":"https:\/\/anoticiaonline.com.br\/site\/wp-json\/wp\/v2\/posts\/60924","targetHints":{"allow":["GET"]}}],"collection":[{"href":"https:\/\/anoticiaonline.com.br\/site\/wp-json\/wp\/v2\/posts"}],"about":[{"href":"https:\/\/anoticiaonline.com.br\/site\/wp-json\/wp\/v2\/types\/post"}],"author":[{"embeddable":true,"href":"https:\/\/anoticiaonline.com.br\/site\/wp-json\/wp\/v2\/users\/2"}],"replies":[{"embeddable":true,"href":"https:\/\/anoticiaonline.com.br\/site\/wp-json\/wp\/v2\/comments?post=60924"}],"version-history":[{"count":0,"href":"https:\/\/anoticiaonline.com.br\/site\/wp-json\/wp\/v2\/posts\/60924\/revisions"}],"wp:featuredmedia":[{"embeddable":true,"href":"https:\/\/anoticiaonline.com.br\/site\/wp-json\/wp\/v2\/media\/60929"}],"wp:attachment":[{"href":"https:\/\/anoticiaonline.com.br\/site\/wp-json\/wp\/v2\/media?parent=60924"}],"wp:term":[{"taxonomy":"category","embeddable":true,"href":"https:\/\/anoticiaonline.com.br\/site\/wp-json\/wp\/v2\/categories?post=60924"},{"taxonomy":"post_tag","embeddable":true,"href":"https:\/\/anoticiaonline.com.br\/site\/wp-json\/wp\/v2\/tags?post=60924"}],"curies":[{"name":"wp","href":"https:\/\/api.w.org\/{rel}","templated":true}]}}