{"id":60879,"date":"2018-08-30T22:59:59","date_gmt":"2018-08-31T01:59:59","guid":{"rendered":"http:\/\/anoticiaonline.com.br\/site\/?p=60879"},"modified":"2018-08-30T22:59:59","modified_gmt":"2018-08-31T01:59:59","slug":"comitiva-da-prata-se-reune-em-tradicional-cavalgada","status":"publish","type":"post","link":"https:\/\/anoticiaonline.com.br\/site\/comitiva-da-prata-se-reune-em-tradicional-cavalgada\/","title":{"rendered":"Comitiva da Prata se re\u00fane em tradicional cavalgada"},"content":{"rendered":"<p>A cavalgada organizada pelos amigos da Comitiva da Prata e pelos anfitri\u00f5es Wellington de Almeida e Caio Carvalho, aconteceu na manh\u00e3 de s\u00e1bado (25). Os cavaleiros se reuniram para um delicioso caf\u00e9 da manh\u00e3 na Fazenda Santa Maria, de propriedade de Caio Carvalho. Logo ap\u00f3s, eles seguiram com destino \u00e0 Casa de t\u00e1buas, em um trajeto de 15 km, chegando \u00e0 Fazenda Santa Rosa, de propriedade de Wellington de Almeida, onde foram recepcionados com belo um churrasco e almo\u00e7o.<\/p>\n<p>&#8220;As pessoas que curtem o cavalo est\u00e3o sempre em contato com a natureza, unem os amigos e suas respectivas fam\u00edlias, saem do estresse do dia a dia e conseguem desfrutar de momentos inesquec\u00edveis como este. Esta cavalgada acontece pelo menos duas vezes no ano e cada edi\u00e7\u00e3o o sucesso \u00e9 ainda maior.&#8221;, disse Pedro Vieira, um dos organizadores do evento.<\/p>\n<p><a href=\"https:\/\/anoticiaonline.com.br\/site\/wp-content\/uploads\/2018\/08\/DSC_0862-1.jpg\"><img fetchpriority=\"high\" decoding=\"async\" class=\"alignnone size-full wp-image-60888\" src=\"https:\/\/anoticiaonline.com.br\/site\/wp-content\/uploads\/2018\/08\/DSC_0862-1.jpg\" alt=\"\" width=\"1000\" height=\"667\" srcset=\"https:\/\/anoticiaonline.com.br\/site\/wp-content\/uploads\/2018\/08\/DSC_0862-1.jpg 1000w, https:\/\/anoticiaonline.com.br\/site\/wp-content\/uploads\/2018\/08\/DSC_0862-1-300x200.jpg 300w, https:\/\/anoticiaonline.com.br\/site\/wp-content\/uploads\/2018\/08\/DSC_0862-1-768x512.jpg 768w, https:\/\/anoticiaonline.com.br\/site\/wp-content\/uploads\/2018\/08\/DSC_0862-1-900x600.jpg 900w\" sizes=\"(max-width: 1000px) 100vw, 1000px\" \/><\/a> <a href=\"https:\/\/anoticiaonline.com.br\/site\/wp-content\/uploads\/2018\/08\/DSC_0868-1.jpg\"><img decoding=\"async\" class=\"alignnone size-full wp-image-60889\" src=\"https:\/\/anoticiaonline.com.br\/site\/wp-content\/uploads\/2018\/08\/DSC_0868-1.jpg\" alt=\"\" width=\"445\" height=\"667\" srcset=\"https:\/\/anoticiaonline.com.br\/site\/wp-content\/uploads\/2018\/08\/DSC_0868-1.jpg 445w, https:\/\/anoticiaonline.com.br\/site\/wp-content\/uploads\/2018\/08\/DSC_0868-1-200x300.jpg 200w\" sizes=\"(max-width: 445px) 100vw, 445px\" \/><\/a> <a href=\"https:\/\/anoticiaonline.com.br\/site\/wp-content\/uploads\/2018\/08\/DSC_0872.jpg\"><img decoding=\"async\" class=\"alignnone size-full wp-image-60891\" src=\"https:\/\/anoticiaonline.com.br\/site\/wp-content\/uploads\/2018\/08\/DSC_0872.jpg\" alt=\"\" width=\"445\" height=\"667\" srcset=\"https:\/\/anoticiaonline.com.br\/site\/wp-content\/uploads\/2018\/08\/DSC_0872.jpg 445w, https:\/\/anoticiaonline.com.br\/site\/wp-content\/uploads\/2018\/08\/DSC_0872-200x300.jpg 200w\" sizes=\"(max-width: 445px) 100vw, 445px\" \/><\/a> <a href=\"https:\/\/anoticiaonline.com.br\/site\/wp-content\/uploads\/2018\/08\/DSC_0877.jpg\"><img loading=\"lazy\" decoding=\"async\" class=\"alignnone size-full wp-image-60892\" src=\"https:\/\/anoticiaonline.com.br\/site\/wp-content\/uploads\/2018\/08\/DSC_0877.jpg\" alt=\"\" width=\"445\" height=\"667\" srcset=\"https:\/\/anoticiaonline.com.br\/site\/wp-content\/uploads\/2018\/08\/DSC_0877.jpg 445w, https:\/\/anoticiaonline.com.br\/site\/wp-content\/uploads\/2018\/08\/DSC_0877-200x300.jpg 200w\" sizes=\"(max-width: 445px) 100vw, 445px\" \/><\/a> <a href=\"https:\/\/anoticiaonline.com.br\/site\/wp-content\/uploads\/2018\/08\/DSC_0886-1.jpg\"><img loading=\"lazy\" decoding=\"async\" class=\"alignnone size-full wp-image-60894\" src=\"https:\/\/anoticiaonline.com.br\/site\/wp-content\/uploads\/2018\/08\/DSC_0886-1.jpg\" alt=\"\" width=\"445\" height=\"667\" srcset=\"https:\/\/anoticiaonline.com.br\/site\/wp-content\/uploads\/2018\/08\/DSC_0886-1.jpg 445w, https:\/\/anoticiaonline.com.br\/site\/wp-content\/uploads\/2018\/08\/DSC_0886-1-200x300.jpg 200w\" sizes=\"(max-width: 445px) 100vw, 445px\" \/><\/a> <a href=\"https:\/\/anoticiaonline.com.br\/site\/wp-content\/uploads\/2018\/08\/DSC_0893.jpg\"><img loading=\"lazy\" decoding=\"async\" class=\"alignnone size-full wp-image-60895\" src=\"https:\/\/anoticiaonline.com.br\/site\/wp-content\/uploads\/2018\/08\/DSC_0893.jpg\" alt=\"\" width=\"1000\" height=\"667\" srcset=\"https:\/\/anoticiaonline.com.br\/site\/wp-content\/uploads\/2018\/08\/DSC_0893.jpg 1000w, https:\/\/anoticiaonline.com.br\/site\/wp-content\/uploads\/2018\/08\/DSC_0893-300x200.jpg 300w, https:\/\/anoticiaonline.com.br\/site\/wp-content\/uploads\/2018\/08\/DSC_0893-768x512.jpg 768w, https:\/\/anoticiaonline.com.br\/site\/wp-content\/uploads\/2018\/08\/DSC_0893-900x600.jpg 900w\" sizes=\"(max-width: 1000px) 100vw, 1000px\" \/><\/a><\/p>\n","protected":false},"excerpt":{"rendered":"<p>A cavalgada organizada pelos amigos da Comitiva da Prata e pelos anfitri\u00f5es Wellington de Almeida e Caio Carvalho, aconteceu na manh\u00e3 de s\u00e1bado (25). Os cavaleiros se reuniram para um delicioso caf\u00e9 da manh\u00e3 na Fazenda Santa Maria, de propriedade de Caio Carvalho. Logo ap\u00f3s, eles seguiram com destino \u00e0 Casa de t\u00e1buas, em um &#8230; <a title=\"Comitiva da Prata se re\u00fane em tradicional cavalgada\" class=\"read-more\" href=\"https:\/\/anoticiaonline.com.br\/site\/comitiva-da-prata-se-reune-em-tradicional-cavalgada\/\" aria-label=\"Read more about Comitiva da Prata se re\u00fane em tradicional cavalgada\">Ler mais<\/a><\/p>\n","protected":false},"author":2,"featured_media":60888,"comment_status":"open","ping_status":"open","sticky":false,"template":"","format":"standard","meta":{"_acf_changed":false,"_monsterinsights_skip_tracking":false,"footnotes":""},"categories":[30],"tags":[642,512,3022,74],"class_list":["post-60879","post","type-post","status-publish","format-standard","has-post-thumbnail","hentry","category-muriae","tag-cavalgada","tag-cavalo","tag-comitiva","tag-muriae"],"acf":[],"aioseo_notices":[],"aioseo_head":"\n\t\t<!-- All in One SEO 5.0.0.1 - aioseo.com -->\n\t<meta name=\"description\" content=\"A cavalgada organizada pelos amigos da Comitiva da Prata e pelos anfitri\u00f5es Wellington de Almeida e Caio Carvalho, aconteceu na manh\u00e3 de s\u00e1bado (25). Os cavaleiros se reuniram para um delicioso caf\u00e9 da manh\u00e3 na Fazenda Santa Maria, de propriedade de Caio Carvalho. Logo ap\u00f3s, eles seguiram com destino \u00e0 Casa de t\u00e1buas, em um\" \/>\n\t<meta name=\"robots\" content=\"max-image-preview:large\" \/>\n\t<meta name=\"author\" content=\"Juliana Laviola\"\/>\n\t<link rel=\"canonical\" href=\"https:\/\/anoticiaonline.com.br\/site\/comitiva-da-prata-se-reune-em-tradicional-cavalgada\/\" \/>\n\t<meta name=\"generator\" content=\"All in One SEO (AIOSEO) 5.0.0.1\" \/>\n\t\t<meta property=\"og:locale\" content=\"pt_BR\" \/>\n\t\t<meta property=\"og:site_name\" content=\"A Not\u00edcia Online - Noticias de Muria\u00e9 e regi\u00e3o\" \/>\n\t\t<meta property=\"og:type\" content=\"article\" \/>\n\t\t<meta property=\"og:title\" content=\"Comitiva da Prata se re\u00fane em tradicional cavalgada - A Not\u00edcia Online\" \/>\n\t\t<meta property=\"og:description\" content=\"A cavalgada organizada pelos amigos da Comitiva da Prata e pelos anfitri\u00f5es Wellington de Almeida e Caio Carvalho, aconteceu na manh\u00e3 de s\u00e1bado (25). Os cavaleiros se reuniram para um delicioso caf\u00e9 da manh\u00e3 na Fazenda Santa Maria, de propriedade de Caio Carvalho. Logo ap\u00f3s, eles seguiram com destino \u00e0 Casa de t\u00e1buas, em um\" \/>\n\t\t<meta property=\"og:url\" content=\"https:\/\/anoticiaonline.com.br\/site\/comitiva-da-prata-se-reune-em-tradicional-cavalgada\/\" \/>\n\t\t<meta property=\"og:image\" content=\"https:\/\/scontent-gig4-1.xx.fbcdn.net\/v\/t39.30808-1\/270437624_4564083193639691_6907940295614233970_n.jpg?stp=dst-jpg_s200x200_tt6&#038;_nc_cat=111&#038;ccb=1-7&#038;_nc_sid=f907e8&#038;_nc_ohc=SM1wRlP3lJwQ7kNvwEPuBYA&#038;_nc_oc=AdnqrjDN_BNjSSHWO-GbkIWH6fkGMLw4bqvL_NH6e2wMveX7G-rP2dAqsDSq1mJMOaY&#038;_nc_zt=24&#038;_nc_ht=scontent-gig4-1.xx&#038;_nc_gid=AoBFJeGrT1hVaew_6rchkQ&#038;oh=00_AfX7QmFGhQhG2jAllVgXCiM1ZrWgvtp80-Bfppyexh1QEg&#038;oe=689E923C\" \/>\n\t\t<meta property=\"og:image:secure_url\" content=\"https:\/\/scontent-gig4-1.xx.fbcdn.net\/v\/t39.30808-1\/270437624_4564083193639691_6907940295614233970_n.jpg?stp=dst-jpg_s200x200_tt6&#038;_nc_cat=111&#038;ccb=1-7&#038;_nc_sid=f907e8&#038;_nc_ohc=SM1wRlP3lJwQ7kNvwEPuBYA&#038;_nc_oc=AdnqrjDN_BNjSSHWO-GbkIWH6fkGMLw4bqvL_NH6e2wMveX7G-rP2dAqsDSq1mJMOaY&#038;_nc_zt=24&#038;_nc_ht=scontent-gig4-1.xx&#038;_nc_gid=AoBFJeGrT1hVaew_6rchkQ&#038;oh=00_AfX7QmFGhQhG2jAllVgXCiM1ZrWgvtp80-Bfppyexh1QEg&#038;oe=689E923C\" \/>\n\t\t<meta property=\"article:published_time\" content=\"2018-08-31T01:59:59+00:00\" \/>\n\t\t<meta property=\"article:modified_time\" content=\"2018-08-31T01:59:59+00:00\" \/>\n\t\t<meta name=\"twitter:card\" content=\"summary_large_image\" \/>\n\t\t<meta name=\"twitter:title\" content=\"Comitiva da Prata se re\u00fane em tradicional cavalgada - A Not\u00edcia Online\" \/>\n\t\t<meta name=\"twitter:description\" content=\"A cavalgada organizada pelos amigos da Comitiva da Prata e pelos anfitri\u00f5es Wellington de Almeida e Caio Carvalho, aconteceu na manh\u00e3 de s\u00e1bado (25). Os cavaleiros se reuniram para um delicioso caf\u00e9 da manh\u00e3 na Fazenda Santa Maria, de propriedade de Caio Carvalho. Logo ap\u00f3s, eles seguiram com destino \u00e0 Casa de t\u00e1buas, em um\" \/>\n\t\t<meta name=\"twitter:image\" content=\"https:\/\/scontent-gig4-1.xx.fbcdn.net\/v\/t39.30808-1\/270437624_4564083193639691_6907940295614233970_n.jpg?stp=dst-jpg_s200x200_tt6&amp;_nc_cat=111&amp;ccb=1-7&amp;_nc_sid=f907e8&amp;_nc_ohc=SM1wRlP3lJwQ7kNvwEPuBYA&amp;_nc_oc=AdnqrjDN_BNjSSHWO-GbkIWH6fkGMLw4bqvL_NH6e2wMveX7G-rP2dAqsDSq1mJMOaY&amp;_nc_zt=24&amp;_nc_ht=scontent-gig4-1.xx&amp;_nc_gid=AoBFJeGrT1hVaew_6rchkQ&amp;oh=00_AfX7QmFGhQhG2jAllVgXCiM1ZrWgvtp80-Bfppyexh1QEg&amp;oe=689E923C\" \/>\n\t\t<script type=\"application\/ld+json\" class=\"aioseo-schema\">\n\t\t\t{\"@context\":\"https:\\\/\\\/schema.org\",\"@graph\":[{\"@type\":\"BlogPosting\",\"@id\":\"https:\\\/\\\/anoticiaonline.com.br\\\/site\\\/comitiva-da-prata-se-reune-em-tradicional-cavalgada\\\/#blogposting\",\"name\":\"Comitiva da Prata se re\\u00fane em tradicional cavalgada - A Not\\u00edcia Online\",\"headline\":\"Comitiva da Prata se re\\u00fane em tradicional cavalgada\",\"author\":{\"@id\":\"https:\\\/\\\/anoticiaonline.com.br\\\/site\\\/author\\\/juliana\\\/#author\"},\"publisher\":{\"@id\":\"https:\\\/\\\/anoticiaonline.com.br\\\/site\\\/#organization\"},\"image\":{\"@type\":\"ImageObject\",\"url\":\"https:\\\/\\\/anoticiaonline.com.br\\\/site\\\/wp-content\\\/uploads\\\/2018\\\/08\\\/DSC_0862-1.jpg\",\"width\":1000,\"height\":667},\"datePublished\":\"2018-08-30T22:59:59-03:00\",\"dateModified\":\"2018-08-30T22:59:59-03:00\",\"inLanguage\":\"pt-BR\",\"mainEntityOfPage\":{\"@id\":\"https:\\\/\\\/anoticiaonline.com.br\\\/site\\\/comitiva-da-prata-se-reune-em-tradicional-cavalgada\\\/#webpage\"},\"isPartOf\":{\"@id\":\"https:\\\/\\\/anoticiaonline.com.br\\\/site\\\/comitiva-da-prata-se-reune-em-tradicional-cavalgada\\\/#webpage\"},\"articleSection\":\"Blog, cavalgada, cavalo, comitiva, Muria\\u00e9\"},{\"@type\":\"BreadcrumbList\",\"@id\":\"https:\\\/\\\/anoticiaonline.com.br\\\/site\\\/comitiva-da-prata-se-reune-em-tradicional-cavalgada\\\/#breadcrumblist\",\"itemListElement\":[{\"@type\":\"ListItem\",\"@id\":\"https:\\\/\\\/anoticiaonline.com.br\\\/site#listItem\",\"position\":1,\"name\":\"Home\",\"item\":\"https:\\\/\\\/anoticiaonline.com.br\\\/site\",\"nextItem\":{\"@type\":\"ListItem\",\"@id\":\"https:\\\/\\\/anoticiaonline.com.br\\\/site\\\/categoria\\\/muriae\\\/#listItem\",\"name\":\"Blog\"}},{\"@type\":\"ListItem\",\"@id\":\"https:\\\/\\\/anoticiaonline.com.br\\\/site\\\/categoria\\\/muriae\\\/#listItem\",\"position\":2,\"name\":\"Blog\",\"item\":\"https:\\\/\\\/anoticiaonline.com.br\\\/site\\\/categoria\\\/muriae\\\/\",\"nextItem\":{\"@type\":\"ListItem\",\"@id\":\"https:\\\/\\\/anoticiaonline.com.br\\\/site\\\/comitiva-da-prata-se-reune-em-tradicional-cavalgada\\\/#listItem\",\"name\":\"Comitiva da Prata se re\\u00fane em tradicional cavalgada\"},\"previousItem\":{\"@type\":\"ListItem\",\"@id\":\"https:\\\/\\\/anoticiaonline.com.br\\\/site#listItem\",\"name\":\"Home\"}},{\"@type\":\"ListItem\",\"@id\":\"https:\\\/\\\/anoticiaonline.com.br\\\/site\\\/comitiva-da-prata-se-reune-em-tradicional-cavalgada\\\/#listItem\",\"position\":3,\"name\":\"Comitiva da Prata se re\\u00fane em tradicional cavalgada\",\"previousItem\":{\"@type\":\"ListItem\",\"@id\":\"https:\\\/\\\/anoticiaonline.com.br\\\/site\\\/categoria\\\/muriae\\\/#listItem\",\"name\":\"Blog\"}}]},{\"@type\":\"Organization\",\"@id\":\"https:\\\/\\\/anoticiaonline.com.br\\\/site\\\/#organization\",\"name\":\"A Not\\u00edcia Online\",\"description\":\"Noticias de Muria\\u00e9 e regi\\u00e3o\",\"url\":\"https:\\\/\\\/anoticiaonline.com.br\\\/site\\\/\",\"logo\":{\"@type\":\"ImageObject\",\"url\":\"https:\\\/\\\/scontent-gig4-1.xx.fbcdn.net\\\/v\\\/t39.30808-1\\\/270437624_4564083193639691_6907940295614233970_n.jpg?stp=dst-jpg_s200x200_tt6&_nc_cat=111&ccb=1-7&_nc_sid=f907e8&_nc_ohc=SM1wRlP3lJwQ7kNvwEPuBYA&_nc_oc=AdnqrjDN_BNjSSHWO-GbkIWH6fkGMLw4bqvL_NH6e2wMveX7G-rP2dAqsDSq1mJMOaY&_nc_zt=24&_nc_ht=scontent-gig4-1.xx&_nc_gid=AoBFJeGrT1hVaew_6rchkQ&oh=00_AfX7QmFGhQhG2jAllVgXCiM1ZrWgvtp80-Bfppyexh1QEg&oe=689E923C\",\"@id\":\"https:\\\/\\\/anoticiaonline.com.br\\\/site\\\/comitiva-da-prata-se-reune-em-tradicional-cavalgada\\\/#organizationLogo\"},\"image\":{\"@id\":\"https:\\\/\\\/anoticiaonline.com.br\\\/site\\\/comitiva-da-prata-se-reune-em-tradicional-cavalgada\\\/#organizationLogo\"}},{\"@type\":\"Person\",\"@id\":\"https:\\\/\\\/anoticiaonline.com.br\\\/site\\\/author\\\/juliana\\\/#author\",\"url\":\"https:\\\/\\\/anoticiaonline.com.br\\\/site\\\/author\\\/juliana\\\/\",\"name\":\"Juliana Laviola\",\"image\":{\"@type\":\"ImageObject\",\"@id\":\"https:\\\/\\\/anoticiaonline.com.br\\\/site\\\/comitiva-da-prata-se-reune-em-tradicional-cavalgada\\\/#authorImage\",\"url\":\"https:\\\/\\\/secure.gravatar.com\\\/avatar\\\/b8d45f5c699b100dfaf0e543582f38f38bf94cb7ae3a5e9abf8d891a34773335?s=96&d=mm&r=g\",\"width\":96,\"height\":96,\"caption\":\"Juliana Laviola\"}},{\"@type\":\"WebPage\",\"@id\":\"https:\\\/\\\/anoticiaonline.com.br\\\/site\\\/comitiva-da-prata-se-reune-em-tradicional-cavalgada\\\/#webpage\",\"url\":\"https:\\\/\\\/anoticiaonline.com.br\\\/site\\\/comitiva-da-prata-se-reune-em-tradicional-cavalgada\\\/\",\"name\":\"Comitiva da Prata se re\\u00fane em tradicional cavalgada - A Not\\u00edcia Online\",\"description\":\"A cavalgada organizada pelos amigos da Comitiva da Prata e pelos anfitri\\u00f5es Wellington de Almeida e Caio Carvalho, aconteceu na manh\\u00e3 de s\\u00e1bado (25). Os cavaleiros se reuniram para um delicioso caf\\u00e9 da manh\\u00e3 na Fazenda Santa Maria, de propriedade de Caio Carvalho. Logo ap\\u00f3s, eles seguiram com destino \\u00e0 Casa de t\\u00e1buas, em um\",\"inLanguage\":\"pt-BR\",\"isPartOf\":{\"@id\":\"https:\\\/\\\/anoticiaonline.com.br\\\/site\\\/#website\"},\"breadcrumb\":{\"@id\":\"https:\\\/\\\/anoticiaonline.com.br\\\/site\\\/comitiva-da-prata-se-reune-em-tradicional-cavalgada\\\/#breadcrumblist\"},\"author\":{\"@id\":\"https:\\\/\\\/anoticiaonline.com.br\\\/site\\\/author\\\/juliana\\\/#author\"},\"creator\":{\"@id\":\"https:\\\/\\\/anoticiaonline.com.br\\\/site\\\/author\\\/juliana\\\/#author\"},\"image\":{\"@type\":\"ImageObject\",\"url\":\"https:\\\/\\\/anoticiaonline.com.br\\\/site\\\/wp-content\\\/uploads\\\/2018\\\/08\\\/DSC_0862-1.jpg\",\"@id\":\"https:\\\/\\\/anoticiaonline.com.br\\\/site\\\/comitiva-da-prata-se-reune-em-tradicional-cavalgada\\\/#mainImage\",\"width\":1000,\"height\":667},\"primaryImageOfPage\":{\"@id\":\"https:\\\/\\\/anoticiaonline.com.br\\\/site\\\/comitiva-da-prata-se-reune-em-tradicional-cavalgada\\\/#mainImage\"},\"datePublished\":\"2018-08-30T22:59:59-03:00\",\"dateModified\":\"2018-08-30T22:59:59-03:00\"},{\"@type\":\"WebSite\",\"@id\":\"https:\\\/\\\/anoticiaonline.com.br\\\/site\\\/#website\",\"url\":\"https:\\\/\\\/anoticiaonline.com.br\\\/site\\\/\",\"name\":\"A Not\\u00edcia Online\",\"description\":\"Noticias de Muria\\u00e9 e regi\\u00e3o\",\"inLanguage\":\"pt-BR\",\"publisher\":{\"@id\":\"https:\\\/\\\/anoticiaonline.com.br\\\/site\\\/#organization\"}}]}\n\t\t<\/script>\n\t\t<!-- All in One SEO -->\n\n","aioseo_head_json":{"title":"Comitiva da Prata se re\u00fane em tradicional cavalgada - A Not\u00edcia Online","description":"A cavalgada organizada pelos amigos da Comitiva da Prata e pelos anfitri\u00f5es Wellington de Almeida e Caio Carvalho, aconteceu na manh\u00e3 de s\u00e1bado (25). Os cavaleiros se reuniram para um delicioso caf\u00e9 da manh\u00e3 na Fazenda Santa Maria, de propriedade de Caio Carvalho. Logo ap\u00f3s, eles seguiram com destino \u00e0 Casa de t\u00e1buas, em um","canonical_url":"https:\/\/anoticiaonline.com.br\/site\/comitiva-da-prata-se-reune-em-tradicional-cavalgada\/","robots":"max-image-preview:large","keywords":"","webmasterTools":{"miscellaneous":""},"schema":{"@context":"https:\/\/schema.org","@graph":[{"@type":"BlogPosting","@id":"https:\/\/anoticiaonline.com.br\/site\/comitiva-da-prata-se-reune-em-tradicional-cavalgada\/#blogposting","name":"Comitiva da Prata se re\u00fane em tradicional cavalgada - A Not\u00edcia Online","headline":"Comitiva da Prata se re\u00fane em tradicional cavalgada","author":{"@id":"https:\/\/anoticiaonline.com.br\/site\/author\/juliana\/#author"},"publisher":{"@id":"https:\/\/anoticiaonline.com.br\/site\/#organization"},"image":{"@type":"ImageObject","url":"https:\/\/anoticiaonline.com.br\/site\/wp-content\/uploads\/2018\/08\/DSC_0862-1.jpg","width":1000,"height":667},"datePublished":"2018-08-30T22:59:59-03:00","dateModified":"2018-08-30T22:59:59-03:00","inLanguage":"pt-BR","mainEntityOfPage":{"@id":"https:\/\/anoticiaonline.com.br\/site\/comitiva-da-prata-se-reune-em-tradicional-cavalgada\/#webpage"},"isPartOf":{"@id":"https:\/\/anoticiaonline.com.br\/site\/comitiva-da-prata-se-reune-em-tradicional-cavalgada\/#webpage"},"articleSection":"Blog, cavalgada, cavalo, comitiva, Muria\u00e9"},{"@type":"BreadcrumbList","@id":"https:\/\/anoticiaonline.com.br\/site\/comitiva-da-prata-se-reune-em-tradicional-cavalgada\/#breadcrumblist","itemListElement":[{"@type":"ListItem","@id":"https:\/\/anoticiaonline.com.br\/site#listItem","position":1,"name":"Home","item":"https:\/\/anoticiaonline.com.br\/site","nextItem":{"@type":"ListItem","@id":"https:\/\/anoticiaonline.com.br\/site\/categoria\/muriae\/#listItem","name":"Blog"}},{"@type":"ListItem","@id":"https:\/\/anoticiaonline.com.br\/site\/categoria\/muriae\/#listItem","position":2,"name":"Blog","item":"https:\/\/anoticiaonline.com.br\/site\/categoria\/muriae\/","nextItem":{"@type":"ListItem","@id":"https:\/\/anoticiaonline.com.br\/site\/comitiva-da-prata-se-reune-em-tradicional-cavalgada\/#listItem","name":"Comitiva da Prata se re\u00fane em tradicional cavalgada"},"previousItem":{"@type":"ListItem","@id":"https:\/\/anoticiaonline.com.br\/site#listItem","name":"Home"}},{"@type":"ListItem","@id":"https:\/\/anoticiaonline.com.br\/site\/comitiva-da-prata-se-reune-em-tradicional-cavalgada\/#listItem","position":3,"name":"Comitiva da Prata se re\u00fane em tradicional cavalgada","previousItem":{"@type":"ListItem","@id":"https:\/\/anoticiaonline.com.br\/site\/categoria\/muriae\/#listItem","name":"Blog"}}]},{"@type":"Organization","@id":"https:\/\/anoticiaonline.com.br\/site\/#organization","name":"A Not\u00edcia Online","description":"Noticias de Muria\u00e9 e regi\u00e3o","url":"https:\/\/anoticiaonline.com.br\/site\/","logo":{"@type":"ImageObject","url":"https:\/\/scontent-gig4-1.xx.fbcdn.net\/v\/t39.30808-1\/270437624_4564083193639691_6907940295614233970_n.jpg?stp=dst-jpg_s200x200_tt6&_nc_cat=111&ccb=1-7&_nc_sid=f907e8&_nc_ohc=SM1wRlP3lJwQ7kNvwEPuBYA&_nc_oc=AdnqrjDN_BNjSSHWO-GbkIWH6fkGMLw4bqvL_NH6e2wMveX7G-rP2dAqsDSq1mJMOaY&_nc_zt=24&_nc_ht=scontent-gig4-1.xx&_nc_gid=AoBFJeGrT1hVaew_6rchkQ&oh=00_AfX7QmFGhQhG2jAllVgXCiM1ZrWgvtp80-Bfppyexh1QEg&oe=689E923C","@id":"https:\/\/anoticiaonline.com.br\/site\/comitiva-da-prata-se-reune-em-tradicional-cavalgada\/#organizationLogo"},"image":{"@id":"https:\/\/anoticiaonline.com.br\/site\/comitiva-da-prata-se-reune-em-tradicional-cavalgada\/#organizationLogo"}},{"@type":"Person","@id":"https:\/\/anoticiaonline.com.br\/site\/author\/juliana\/#author","url":"https:\/\/anoticiaonline.com.br\/site\/author\/juliana\/","name":"Juliana Laviola","image":{"@type":"ImageObject","@id":"https:\/\/anoticiaonline.com.br\/site\/comitiva-da-prata-se-reune-em-tradicional-cavalgada\/#authorImage","url":"https:\/\/secure.gravatar.com\/avatar\/b8d45f5c699b100dfaf0e543582f38f38bf94cb7ae3a5e9abf8d891a34773335?s=96&d=mm&r=g","width":96,"height":96,"caption":"Juliana Laviola"}},{"@type":"WebPage","@id":"https:\/\/anoticiaonline.com.br\/site\/comitiva-da-prata-se-reune-em-tradicional-cavalgada\/#webpage","url":"https:\/\/anoticiaonline.com.br\/site\/comitiva-da-prata-se-reune-em-tradicional-cavalgada\/","name":"Comitiva da Prata se re\u00fane em tradicional cavalgada - A Not\u00edcia Online","description":"A cavalgada organizada pelos amigos da Comitiva da Prata e pelos anfitri\u00f5es Wellington de Almeida e Caio Carvalho, aconteceu na manh\u00e3 de s\u00e1bado (25). Os cavaleiros se reuniram para um delicioso caf\u00e9 da manh\u00e3 na Fazenda Santa Maria, de propriedade de Caio Carvalho. Logo ap\u00f3s, eles seguiram com destino \u00e0 Casa de t\u00e1buas, em um","inLanguage":"pt-BR","isPartOf":{"@id":"https:\/\/anoticiaonline.com.br\/site\/#website"},"breadcrumb":{"@id":"https:\/\/anoticiaonline.com.br\/site\/comitiva-da-prata-se-reune-em-tradicional-cavalgada\/#breadcrumblist"},"author":{"@id":"https:\/\/anoticiaonline.com.br\/site\/author\/juliana\/#author"},"creator":{"@id":"https:\/\/anoticiaonline.com.br\/site\/author\/juliana\/#author"},"image":{"@type":"ImageObject","url":"https:\/\/anoticiaonline.com.br\/site\/wp-content\/uploads\/2018\/08\/DSC_0862-1.jpg","@id":"https:\/\/anoticiaonline.com.br\/site\/comitiva-da-prata-se-reune-em-tradicional-cavalgada\/#mainImage","width":1000,"height":667},"primaryImageOfPage":{"@id":"https:\/\/anoticiaonline.com.br\/site\/comitiva-da-prata-se-reune-em-tradicional-cavalgada\/#mainImage"},"datePublished":"2018-08-30T22:59:59-03:00","dateModified":"2018-08-30T22:59:59-03:00"},{"@type":"WebSite","@id":"https:\/\/anoticiaonline.com.br\/site\/#website","url":"https:\/\/anoticiaonline.com.br\/site\/","name":"A Not\u00edcia Online","description":"Noticias de Muria\u00e9 e regi\u00e3o","inLanguage":"pt-BR","publisher":{"@id":"https:\/\/anoticiaonline.com.br\/site\/#organization"}}]},"og:locale":"pt_BR","og:site_name":"A Not\u00edcia Online - Noticias de Muria\u00e9 e regi\u00e3o","og:type":"article","og:title":"Comitiva da Prata se re\u00fane em tradicional cavalgada - A Not\u00edcia Online","og:description":"A cavalgada organizada pelos amigos da Comitiva da Prata e pelos anfitri\u00f5es Wellington de Almeida e Caio Carvalho, aconteceu na manh\u00e3 de s\u00e1bado (25). Os cavaleiros se reuniram para um delicioso caf\u00e9 da manh\u00e3 na Fazenda Santa Maria, de propriedade de Caio Carvalho. Logo ap\u00f3s, eles seguiram com destino \u00e0 Casa de t\u00e1buas, em um","og:url":"https:\/\/anoticiaonline.com.br\/site\/comitiva-da-prata-se-reune-em-tradicional-cavalgada\/","og:image":"https:\/\/scontent-gig4-1.xx.fbcdn.net\/v\/t39.30808-1\/270437624_4564083193639691_6907940295614233970_n.jpg?stp=dst-jpg_s200x200_tt6&#038;_nc_cat=111&#038;ccb=1-7&#038;_nc_sid=f907e8&#038;_nc_ohc=SM1wRlP3lJwQ7kNvwEPuBYA&#038;_nc_oc=AdnqrjDN_BNjSSHWO-GbkIWH6fkGMLw4bqvL_NH6e2wMveX7G-rP2dAqsDSq1mJMOaY&#038;_nc_zt=24&#038;_nc_ht=scontent-gig4-1.xx&#038;_nc_gid=AoBFJeGrT1hVaew_6rchkQ&#038;oh=00_AfX7QmFGhQhG2jAllVgXCiM1ZrWgvtp80-Bfppyexh1QEg&#038;oe=689E923C","og:image:secure_url":"https:\/\/scontent-gig4-1.xx.fbcdn.net\/v\/t39.30808-1\/270437624_4564083193639691_6907940295614233970_n.jpg?stp=dst-jpg_s200x200_tt6&#038;_nc_cat=111&#038;ccb=1-7&#038;_nc_sid=f907e8&#038;_nc_ohc=SM1wRlP3lJwQ7kNvwEPuBYA&#038;_nc_oc=AdnqrjDN_BNjSSHWO-GbkIWH6fkGMLw4bqvL_NH6e2wMveX7G-rP2dAqsDSq1mJMOaY&#038;_nc_zt=24&#038;_nc_ht=scontent-gig4-1.xx&#038;_nc_gid=AoBFJeGrT1hVaew_6rchkQ&#038;oh=00_AfX7QmFGhQhG2jAllVgXCiM1ZrWgvtp80-Bfppyexh1QEg&#038;oe=689E923C","article:published_time":"2018-08-31T01:59:59+00:00","article:modified_time":"2018-08-31T01:59:59+00:00","twitter:card":"summary_large_image","twitter:title":"Comitiva da Prata se re\u00fane em tradicional cavalgada - A Not\u00edcia Online","twitter:description":"A cavalgada organizada pelos amigos da Comitiva da Prata e pelos anfitri\u00f5es Wellington de Almeida e Caio Carvalho, aconteceu na manh\u00e3 de s\u00e1bado (25). Os cavaleiros se reuniram para um delicioso caf\u00e9 da manh\u00e3 na Fazenda Santa Maria, de propriedade de Caio Carvalho. Logo ap\u00f3s, eles seguiram com destino \u00e0 Casa de t\u00e1buas, em um","twitter:image":"https:\/\/scontent-gig4-1.xx.fbcdn.net\/v\/t39.30808-1\/270437624_4564083193639691_6907940295614233970_n.jpg?stp=dst-jpg_s200x200_tt6&_nc_cat=111&ccb=1-7&_nc_sid=f907e8&_nc_ohc=SM1wRlP3lJwQ7kNvwEPuBYA&_nc_oc=AdnqrjDN_BNjSSHWO-GbkIWH6fkGMLw4bqvL_NH6e2wMveX7G-rP2dAqsDSq1mJMOaY&_nc_zt=24&_nc_ht=scontent-gig4-1.xx&_nc_gid=AoBFJeGrT1hVaew_6rchkQ&oh=00_AfX7QmFGhQhG2jAllVgXCiM1ZrWgvtp80-Bfppyexh1QEg&oe=689E923C"},"aioseo_meta_data":{"post_id":"60879","title":null,"description":null,"keywords":null,"keyphrases":null,"primary_term":null,"canonical_url":null,"og_title":null,"og_description":null,"og_object_type":"default","og_image_type":"default","og_image_url":null,"og_image_width":null,"og_image_height":null,"og_image_custom_url":null,"og_image_custom_fields":null,"og_video":null,"og_custom_url":null,"og_article_section":null,"og_article_tags":null,"twitter_use_og":false,"twitter_card":"default","twitter_image_type":"default","twitter_image_url":null,"twitter_image_custom_url":null,"twitter_image_custom_fields":null,"twitter_title":null,"twitter_description":null,"schema":{"blockGraphs":[],"customGraphs":[],"default":{"data":{"Article":[],"Course":[],"Dataset":[],"FAQPage":[],"Movie":[],"Person":[],"Product":[],"ProductReview":[],"Car":[],"Recipe":[],"Service":[],"SoftwareApplication":[],"WebPage":[]},"graphName":"","isEnabled":true},"graphs":[]},"schema_type":"default","schema_type_options":null,"pillar_content":false,"robots_default":true,"robots_noindex":false,"robots_noarchive":false,"robots_nosnippet":false,"robots_nofollow":false,"robots_noimageindex":false,"robots_noodp":false,"robots_notranslate":false,"robots_max_snippet":null,"robots_max_videopreview":null,"robots_max_imagepreview":"large","priority":null,"frequency":null,"local_seo":null,"breadcrumb_settings":null,"limit_modified_date":false,"ai":null,"created":"2025-08-16 21:32:38","updated":"2025-08-16 21:32:38","focus_keyword":null,"additional_keywords":null,"truseo_locale":null,"seo_analyzer_scan_date":null},"aioseo_breadcrumb":"<div class=\"aioseo-breadcrumbs\"><span class=\"aioseo-breadcrumb\">\n\t\t\t<a href=\"https:\/\/anoticiaonline.com.br\/site\" title=\"Home\">Home<\/a>\n\t\t<\/span><span class=\"aioseo-breadcrumb-separator\">&raquo;<\/span><span class=\"aioseo-breadcrumb\">\n\t\t\t<a href=\"https:\/\/anoticiaonline.com.br\/site\/categoria\/muriae\/\" title=\"Blog\">Blog<\/a>\n\t\t<\/span><span class=\"aioseo-breadcrumb-separator\">&raquo;<\/span><span class=\"aioseo-breadcrumb\">\n\t\t\tComitiva da Prata se re\u00fane em tradicional cavalgada\n\t\t<\/span><\/div>","aioseo_breadcrumb_json":[{"label":"Home","link":"https:\/\/anoticiaonline.com.br\/site"},{"label":"Blog","link":"https:\/\/anoticiaonline.com.br\/site\/categoria\/muriae\/"},{"label":"Comitiva da Prata se re\u00fane em tradicional cavalgada","link":"https:\/\/anoticiaonline.com.br\/site\/comitiva-da-prata-se-reune-em-tradicional-cavalgada\/"}],"views":145,"_links":{"self":[{"href":"https:\/\/anoticiaonline.com.br\/site\/wp-json\/wp\/v2\/posts\/60879","targetHints":{"allow":["GET"]}}],"collection":[{"href":"https:\/\/anoticiaonline.com.br\/site\/wp-json\/wp\/v2\/posts"}],"about":[{"href":"https:\/\/anoticiaonline.com.br\/site\/wp-json\/wp\/v2\/types\/post"}],"author":[{"embeddable":true,"href":"https:\/\/anoticiaonline.com.br\/site\/wp-json\/wp\/v2\/users\/2"}],"replies":[{"embeddable":true,"href":"https:\/\/anoticiaonline.com.br\/site\/wp-json\/wp\/v2\/comments?post=60879"}],"version-history":[{"count":0,"href":"https:\/\/anoticiaonline.com.br\/site\/wp-json\/wp\/v2\/posts\/60879\/revisions"}],"wp:featuredmedia":[{"embeddable":true,"href":"https:\/\/anoticiaonline.com.br\/site\/wp-json\/wp\/v2\/media\/60888"}],"wp:attachment":[{"href":"https:\/\/anoticiaonline.com.br\/site\/wp-json\/wp\/v2\/media?parent=60879"}],"wp:term":[{"taxonomy":"category","embeddable":true,"href":"https:\/\/anoticiaonline.com.br\/site\/wp-json\/wp\/v2\/categories?post=60879"},{"taxonomy":"post_tag","embeddable":true,"href":"https:\/\/anoticiaonline.com.br\/site\/wp-json\/wp\/v2\/tags?post=60879"}],"curies":[{"name":"wp","href":"https:\/\/api.w.org\/{rel}","templated":true}]}}