{"id":60849,"date":"2018-08-30T22:50:09","date_gmt":"2018-08-31T01:50:09","guid":{"rendered":"http:\/\/anoticiaonline.com.br\/site\/?p=60849"},"modified":"2018-09-03T11:17:14","modified_gmt":"2018-09-03T14:17:14","slug":"criadores-prestigiam-a-1a-copa-de-marcha-do-haras-bambu","status":"publish","type":"post","link":"https:\/\/anoticiaonline.com.br\/site\/criadores-prestigiam-a-1a-copa-de-marcha-do-haras-bambu\/","title":{"rendered":"Criadores prestigiam a 1\u00aa Copa de Marcha do Haras Bambu"},"content":{"rendered":"<p>Diversos criadores de cavalo de Muria\u00e9 e regi\u00e3o prestigiaram, no \u00faltimo domingo (26), a 1\u00aa Copa de Marcha do Haras Bambu, na Fazenda Campanha.<\/p>\n<p>O evento, que contou com premia\u00e7\u00f5es em dinheiro nas categorias: Marcha Picada, Cavalo Comum, \u00c9gua Comum, Cavalo Registrado, \u00c9gua Registrada, Muares, Mirim, Amazonas, al\u00e9m do Campe\u00e3o dos Campe\u00f5es, teve como objetivo divulgar o Centro de Treinamento Equestre (CTE) que acontece no Haras Bambu, propriedade de Ronaldo Oliveira Ciribeli.<\/p>\n<p><a href=\"https:\/\/anoticiaonline.com.br\/site\/wp-content\/uploads\/2018\/08\/Adriano-Franciel-Breno-e-Breno-Espiga.jpg\"><img fetchpriority=\"high\" decoding=\"async\" class=\"alignnone size-full wp-image-60852\" src=\"https:\/\/anoticiaonline.com.br\/site\/wp-content\/uploads\/2018\/08\/Adriano-Franciel-Breno-e-Breno-Espiga.jpg\" alt=\"\" width=\"1000\" height=\"666\" srcset=\"https:\/\/anoticiaonline.com.br\/site\/wp-content\/uploads\/2018\/08\/Adriano-Franciel-Breno-e-Breno-Espiga.jpg 1000w, https:\/\/anoticiaonline.com.br\/site\/wp-content\/uploads\/2018\/08\/Adriano-Franciel-Breno-e-Breno-Espiga-300x200.jpg 300w, https:\/\/anoticiaonline.com.br\/site\/wp-content\/uploads\/2018\/08\/Adriano-Franciel-Breno-e-Breno-Espiga-768x511.jpg 768w, https:\/\/anoticiaonline.com.br\/site\/wp-content\/uploads\/2018\/08\/Adriano-Franciel-Breno-e-Breno-Espiga-900x599.jpg 900w\" sizes=\"(max-width: 1000px) 100vw, 1000px\" \/><\/a> <a href=\"https:\/\/anoticiaonline.com.br\/site\/wp-content\/uploads\/2018\/08\/Anderson-Rafael-Rodolfo-Haras-Veroneze-Robson-Haras-\u00c1guia-Dourada-e-Ga\u00facho.jpg\"><img decoding=\"async\" class=\"alignnone size-full wp-image-60853\" src=\"https:\/\/anoticiaonline.com.br\/site\/wp-content\/uploads\/2018\/08\/Anderson-Rafael-Rodolfo-Haras-Veroneze-Robson-Haras-\u00c1guia-Dourada-e-Ga\u00facho.jpg\" alt=\"\" width=\"500\" height=\"667\" srcset=\"https:\/\/anoticiaonline.com.br\/site\/wp-content\/uploads\/2018\/08\/Anderson-Rafael-Rodolfo-Haras-Veroneze-Robson-Haras-\u00c1guia-Dourada-e-Ga\u00facho.jpg 500w, https:\/\/anoticiaonline.com.br\/site\/wp-content\/uploads\/2018\/08\/Anderson-Rafael-Rodolfo-Haras-Veroneze-Robson-Haras-\u00c1guia-Dourada-e-Ga\u00facho-225x300.jpg 225w\" sizes=\"(max-width: 500px) 100vw, 500px\" \/><\/a> <a href=\"https:\/\/anoticiaonline.com.br\/site\/wp-content\/uploads\/2018\/08\/DSC_0960-2.jpg\"><img decoding=\"async\" class=\"alignnone size-full wp-image-60854\" src=\"https:\/\/anoticiaonline.com.br\/site\/wp-content\/uploads\/2018\/08\/DSC_0960-2.jpg\" alt=\"\" width=\"1000\" height=\"667\" srcset=\"https:\/\/anoticiaonline.com.br\/site\/wp-content\/uploads\/2018\/08\/DSC_0960-2.jpg 1000w, https:\/\/anoticiaonline.com.br\/site\/wp-content\/uploads\/2018\/08\/DSC_0960-2-300x200.jpg 300w, https:\/\/anoticiaonline.com.br\/site\/wp-content\/uploads\/2018\/08\/DSC_0960-2-768x512.jpg 768w, https:\/\/anoticiaonline.com.br\/site\/wp-content\/uploads\/2018\/08\/DSC_0960-2-900x600.jpg 900w\" sizes=\"(max-width: 1000px) 100vw, 1000px\" \/><\/a> <a href=\"https:\/\/anoticiaonline.com.br\/site\/wp-content\/uploads\/2018\/08\/Ga\u00facho-Aniz\u00edo-Robson-Getulio-Dudu-Levate-e-Tiago-Bambu.jpg\"><img loading=\"lazy\" decoding=\"async\" class=\"alignnone size-full wp-image-60855\" src=\"https:\/\/anoticiaonline.com.br\/site\/wp-content\/uploads\/2018\/08\/Ga\u00facho-Aniz\u00edo-Robson-Getulio-Dudu-Levate-e-Tiago-Bambu.jpg\" alt=\"\" width=\"1000\" height=\"667\" srcset=\"https:\/\/anoticiaonline.com.br\/site\/wp-content\/uploads\/2018\/08\/Ga\u00facho-Aniz\u00edo-Robson-Getulio-Dudu-Levate-e-Tiago-Bambu.jpg 1000w, https:\/\/anoticiaonline.com.br\/site\/wp-content\/uploads\/2018\/08\/Ga\u00facho-Aniz\u00edo-Robson-Getulio-Dudu-Levate-e-Tiago-Bambu-300x200.jpg 300w, https:\/\/anoticiaonline.com.br\/site\/wp-content\/uploads\/2018\/08\/Ga\u00facho-Aniz\u00edo-Robson-Getulio-Dudu-Levate-e-Tiago-Bambu-768x512.jpg 768w, https:\/\/anoticiaonline.com.br\/site\/wp-content\/uploads\/2018\/08\/Ga\u00facho-Aniz\u00edo-Robson-Getulio-Dudu-Levate-e-Tiago-Bambu-900x600.jpg 900w\" sizes=\"(max-width: 1000px) 100vw, 1000px\" \/><\/a> <a href=\"https:\/\/anoticiaonline.com.br\/site\/wp-content\/uploads\/2018\/08\/Jalila-e-Rodolfo-Haras-Veroneze.jpg\"><img loading=\"lazy\" decoding=\"async\" class=\"alignnone size-full wp-image-60857\" src=\"https:\/\/anoticiaonline.com.br\/site\/wp-content\/uploads\/2018\/08\/Jalila-e-Rodolfo-Haras-Veroneze.jpg\" alt=\"\" width=\"1000\" height=\"666\" srcset=\"https:\/\/anoticiaonline.com.br\/site\/wp-content\/uploads\/2018\/08\/Jalila-e-Rodolfo-Haras-Veroneze.jpg 1000w, https:\/\/anoticiaonline.com.br\/site\/wp-content\/uploads\/2018\/08\/Jalila-e-Rodolfo-Haras-Veroneze-300x200.jpg 300w, https:\/\/anoticiaonline.com.br\/site\/wp-content\/uploads\/2018\/08\/Jalila-e-Rodolfo-Haras-Veroneze-768x511.jpg 768w, https:\/\/anoticiaonline.com.br\/site\/wp-content\/uploads\/2018\/08\/Jalila-e-Rodolfo-Haras-Veroneze-900x599.jpg 900w\" sizes=\"(max-width: 1000px) 100vw, 1000px\" \/><\/a><\/p>\n","protected":false},"excerpt":{"rendered":"<p>Diversos criadores de cavalo de Muria\u00e9 e regi\u00e3o prestigiaram, no \u00faltimo domingo (26), a 1\u00aa Copa de Marcha do Haras Bambu, na Fazenda Campanha. O evento, que contou com premia\u00e7\u00f5es em dinheiro nas categorias: Marcha Picada, Cavalo Comum, \u00c9gua Comum, Cavalo Registrado, \u00c9gua Registrada, Muares, Mirim, Amazonas, al\u00e9m do Campe\u00e3o dos Campe\u00f5es, teve como objetivo &#8230; <a title=\"Criadores prestigiam a 1\u00aa Copa de Marcha do Haras Bambu\" class=\"read-more\" href=\"https:\/\/anoticiaonline.com.br\/site\/criadores-prestigiam-a-1a-copa-de-marcha-do-haras-bambu\/\" aria-label=\"Read more about Criadores prestigiam a 1\u00aa Copa de Marcha do Haras Bambu\">Ler mais<\/a><\/p>\n","protected":false},"author":2,"featured_media":60854,"comment_status":"open","ping_status":"open","sticky":false,"template":"","format":"standard","meta":{"_acf_changed":false,"_monsterinsights_skip_tracking":false,"footnotes":""},"categories":[30],"tags":[512,52,74],"class_list":["post-60849","post","type-post","status-publish","format-standard","has-post-thumbnail","hentry","category-muriae","tag-cavalo","tag-haras","tag-muriae"],"acf":[],"aioseo_notices":[],"aioseo_head":"\n\t\t<!-- All in One SEO 5.0.0.1 - aioseo.com -->\n\t<meta name=\"description\" content=\"Diversos criadores de cavalo de Muria\u00e9 e regi\u00e3o prestigiaram, no \u00faltimo domingo (26), a 1\u00aa Copa de Marcha do Haras Bambu, na Fazenda Campanha. O evento, que contou com premia\u00e7\u00f5es em dinheiro nas categorias: Marcha Picada, Cavalo Comum, \u00c9gua Comum, Cavalo Registrado, \u00c9gua Registrada, Muares, Mirim, Amazonas, al\u00e9m do Campe\u00e3o dos Campe\u00f5es, teve como objetivo\" \/>\n\t<meta name=\"robots\" content=\"max-image-preview:large\" \/>\n\t<meta name=\"author\" content=\"Juliana Laviola\"\/>\n\t<link rel=\"canonical\" href=\"https:\/\/anoticiaonline.com.br\/site\/criadores-prestigiam-a-1a-copa-de-marcha-do-haras-bambu\/\" \/>\n\t<meta name=\"generator\" content=\"All in One SEO (AIOSEO) 5.0.0.1\" \/>\n\t\t<meta property=\"og:locale\" content=\"pt_BR\" \/>\n\t\t<meta property=\"og:site_name\" content=\"A Not\u00edcia Online - Noticias de Muria\u00e9 e regi\u00e3o\" \/>\n\t\t<meta property=\"og:type\" content=\"article\" \/>\n\t\t<meta property=\"og:title\" content=\"Criadores prestigiam a 1\u00aa Copa de Marcha do Haras Bambu - A Not\u00edcia Online\" \/>\n\t\t<meta property=\"og:description\" content=\"Diversos criadores de cavalo de Muria\u00e9 e regi\u00e3o prestigiaram, no \u00faltimo domingo (26), a 1\u00aa Copa de Marcha do Haras Bambu, na Fazenda Campanha. O evento, que contou com premia\u00e7\u00f5es em dinheiro nas categorias: Marcha Picada, Cavalo Comum, \u00c9gua Comum, Cavalo Registrado, \u00c9gua Registrada, Muares, Mirim, Amazonas, al\u00e9m do Campe\u00e3o dos Campe\u00f5es, teve como objetivo\" \/>\n\t\t<meta property=\"og:url\" content=\"https:\/\/anoticiaonline.com.br\/site\/criadores-prestigiam-a-1a-copa-de-marcha-do-haras-bambu\/\" \/>\n\t\t<meta property=\"og:image\" content=\"https:\/\/scontent-gig4-1.xx.fbcdn.net\/v\/t39.30808-1\/270437624_4564083193639691_6907940295614233970_n.jpg?stp=dst-jpg_s200x200_tt6&#038;_nc_cat=111&#038;ccb=1-7&#038;_nc_sid=f907e8&#038;_nc_ohc=SM1wRlP3lJwQ7kNvwEPuBYA&#038;_nc_oc=AdnqrjDN_BNjSSHWO-GbkIWH6fkGMLw4bqvL_NH6e2wMveX7G-rP2dAqsDSq1mJMOaY&#038;_nc_zt=24&#038;_nc_ht=scontent-gig4-1.xx&#038;_nc_gid=AoBFJeGrT1hVaew_6rchkQ&#038;oh=00_AfX7QmFGhQhG2jAllVgXCiM1ZrWgvtp80-Bfppyexh1QEg&#038;oe=689E923C\" \/>\n\t\t<meta property=\"og:image:secure_url\" content=\"https:\/\/scontent-gig4-1.xx.fbcdn.net\/v\/t39.30808-1\/270437624_4564083193639691_6907940295614233970_n.jpg?stp=dst-jpg_s200x200_tt6&#038;_nc_cat=111&#038;ccb=1-7&#038;_nc_sid=f907e8&#038;_nc_ohc=SM1wRlP3lJwQ7kNvwEPuBYA&#038;_nc_oc=AdnqrjDN_BNjSSHWO-GbkIWH6fkGMLw4bqvL_NH6e2wMveX7G-rP2dAqsDSq1mJMOaY&#038;_nc_zt=24&#038;_nc_ht=scontent-gig4-1.xx&#038;_nc_gid=AoBFJeGrT1hVaew_6rchkQ&#038;oh=00_AfX7QmFGhQhG2jAllVgXCiM1ZrWgvtp80-Bfppyexh1QEg&#038;oe=689E923C\" \/>\n\t\t<meta property=\"article:published_time\" content=\"2018-08-31T01:50:09+00:00\" \/>\n\t\t<meta property=\"article:modified_time\" content=\"2018-09-03T14:17:14+00:00\" \/>\n\t\t<meta name=\"twitter:card\" content=\"summary_large_image\" \/>\n\t\t<meta name=\"twitter:title\" content=\"Criadores prestigiam a 1\u00aa Copa de Marcha do Haras Bambu - A Not\u00edcia Online\" \/>\n\t\t<meta name=\"twitter:description\" content=\"Diversos criadores de cavalo de Muria\u00e9 e regi\u00e3o prestigiaram, no \u00faltimo domingo (26), a 1\u00aa Copa de Marcha do Haras Bambu, na Fazenda Campanha. O evento, que contou com premia\u00e7\u00f5es em dinheiro nas categorias: Marcha Picada, Cavalo Comum, \u00c9gua Comum, Cavalo Registrado, \u00c9gua Registrada, Muares, Mirim, Amazonas, al\u00e9m do Campe\u00e3o dos Campe\u00f5es, teve como objetivo\" \/>\n\t\t<meta name=\"twitter:image\" content=\"https:\/\/scontent-gig4-1.xx.fbcdn.net\/v\/t39.30808-1\/270437624_4564083193639691_6907940295614233970_n.jpg?stp=dst-jpg_s200x200_tt6&amp;_nc_cat=111&amp;ccb=1-7&amp;_nc_sid=f907e8&amp;_nc_ohc=SM1wRlP3lJwQ7kNvwEPuBYA&amp;_nc_oc=AdnqrjDN_BNjSSHWO-GbkIWH6fkGMLw4bqvL_NH6e2wMveX7G-rP2dAqsDSq1mJMOaY&amp;_nc_zt=24&amp;_nc_ht=scontent-gig4-1.xx&amp;_nc_gid=AoBFJeGrT1hVaew_6rchkQ&amp;oh=00_AfX7QmFGhQhG2jAllVgXCiM1ZrWgvtp80-Bfppyexh1QEg&amp;oe=689E923C\" \/>\n\t\t<script type=\"application\/ld+json\" class=\"aioseo-schema\">\n\t\t\t{\"@context\":\"https:\\\/\\\/schema.org\",\"@graph\":[{\"@type\":\"BlogPosting\",\"@id\":\"https:\\\/\\\/anoticiaonline.com.br\\\/site\\\/criadores-prestigiam-a-1a-copa-de-marcha-do-haras-bambu\\\/#blogposting\",\"name\":\"Criadores prestigiam a 1\\u00aa Copa de Marcha do Haras Bambu - A Not\\u00edcia Online\",\"headline\":\"Criadores prestigiam a 1\\u00aa Copa de Marcha do Haras Bambu\",\"author\":{\"@id\":\"https:\\\/\\\/anoticiaonline.com.br\\\/site\\\/author\\\/juliana\\\/#author\"},\"publisher\":{\"@id\":\"https:\\\/\\\/anoticiaonline.com.br\\\/site\\\/#organization\"},\"image\":{\"@type\":\"ImageObject\",\"url\":\"https:\\\/\\\/anoticiaonline.com.br\\\/site\\\/wp-content\\\/uploads\\\/2018\\\/08\\\/DSC_0960-2.jpg\",\"width\":1000,\"height\":667},\"datePublished\":\"2018-08-30T22:50:09-03:00\",\"dateModified\":\"2018-09-03T11:17:14-03:00\",\"inLanguage\":\"pt-BR\",\"mainEntityOfPage\":{\"@id\":\"https:\\\/\\\/anoticiaonline.com.br\\\/site\\\/criadores-prestigiam-a-1a-copa-de-marcha-do-haras-bambu\\\/#webpage\"},\"isPartOf\":{\"@id\":\"https:\\\/\\\/anoticiaonline.com.br\\\/site\\\/criadores-prestigiam-a-1a-copa-de-marcha-do-haras-bambu\\\/#webpage\"},\"articleSection\":\"Blog, cavalo, Haras, Muria\\u00e9\"},{\"@type\":\"BreadcrumbList\",\"@id\":\"https:\\\/\\\/anoticiaonline.com.br\\\/site\\\/criadores-prestigiam-a-1a-copa-de-marcha-do-haras-bambu\\\/#breadcrumblist\",\"itemListElement\":[{\"@type\":\"ListItem\",\"@id\":\"https:\\\/\\\/anoticiaonline.com.br\\\/site#listItem\",\"position\":1,\"name\":\"Home\",\"item\":\"https:\\\/\\\/anoticiaonline.com.br\\\/site\",\"nextItem\":{\"@type\":\"ListItem\",\"@id\":\"https:\\\/\\\/anoticiaonline.com.br\\\/site\\\/categoria\\\/muriae\\\/#listItem\",\"name\":\"Blog\"}},{\"@type\":\"ListItem\",\"@id\":\"https:\\\/\\\/anoticiaonline.com.br\\\/site\\\/categoria\\\/muriae\\\/#listItem\",\"position\":2,\"name\":\"Blog\",\"item\":\"https:\\\/\\\/anoticiaonline.com.br\\\/site\\\/categoria\\\/muriae\\\/\",\"nextItem\":{\"@type\":\"ListItem\",\"@id\":\"https:\\\/\\\/anoticiaonline.com.br\\\/site\\\/criadores-prestigiam-a-1a-copa-de-marcha-do-haras-bambu\\\/#listItem\",\"name\":\"Criadores prestigiam a 1\\u00aa Copa de Marcha do Haras Bambu\"},\"previousItem\":{\"@type\":\"ListItem\",\"@id\":\"https:\\\/\\\/anoticiaonline.com.br\\\/site#listItem\",\"name\":\"Home\"}},{\"@type\":\"ListItem\",\"@id\":\"https:\\\/\\\/anoticiaonline.com.br\\\/site\\\/criadores-prestigiam-a-1a-copa-de-marcha-do-haras-bambu\\\/#listItem\",\"position\":3,\"name\":\"Criadores prestigiam a 1\\u00aa Copa de Marcha do Haras Bambu\",\"previousItem\":{\"@type\":\"ListItem\",\"@id\":\"https:\\\/\\\/anoticiaonline.com.br\\\/site\\\/categoria\\\/muriae\\\/#listItem\",\"name\":\"Blog\"}}]},{\"@type\":\"Organization\",\"@id\":\"https:\\\/\\\/anoticiaonline.com.br\\\/site\\\/#organization\",\"name\":\"A Not\\u00edcia Online\",\"description\":\"Noticias de Muria\\u00e9 e regi\\u00e3o\",\"url\":\"https:\\\/\\\/anoticiaonline.com.br\\\/site\\\/\",\"logo\":{\"@type\":\"ImageObject\",\"url\":\"https:\\\/\\\/scontent-gig4-1.xx.fbcdn.net\\\/v\\\/t39.30808-1\\\/270437624_4564083193639691_6907940295614233970_n.jpg?stp=dst-jpg_s200x200_tt6&_nc_cat=111&ccb=1-7&_nc_sid=f907e8&_nc_ohc=SM1wRlP3lJwQ7kNvwEPuBYA&_nc_oc=AdnqrjDN_BNjSSHWO-GbkIWH6fkGMLw4bqvL_NH6e2wMveX7G-rP2dAqsDSq1mJMOaY&_nc_zt=24&_nc_ht=scontent-gig4-1.xx&_nc_gid=AoBFJeGrT1hVaew_6rchkQ&oh=00_AfX7QmFGhQhG2jAllVgXCiM1ZrWgvtp80-Bfppyexh1QEg&oe=689E923C\",\"@id\":\"https:\\\/\\\/anoticiaonline.com.br\\\/site\\\/criadores-prestigiam-a-1a-copa-de-marcha-do-haras-bambu\\\/#organizationLogo\"},\"image\":{\"@id\":\"https:\\\/\\\/anoticiaonline.com.br\\\/site\\\/criadores-prestigiam-a-1a-copa-de-marcha-do-haras-bambu\\\/#organizationLogo\"}},{\"@type\":\"Person\",\"@id\":\"https:\\\/\\\/anoticiaonline.com.br\\\/site\\\/author\\\/juliana\\\/#author\",\"url\":\"https:\\\/\\\/anoticiaonline.com.br\\\/site\\\/author\\\/juliana\\\/\",\"name\":\"Juliana Laviola\",\"image\":{\"@type\":\"ImageObject\",\"@id\":\"https:\\\/\\\/anoticiaonline.com.br\\\/site\\\/criadores-prestigiam-a-1a-copa-de-marcha-do-haras-bambu\\\/#authorImage\",\"url\":\"https:\\\/\\\/secure.gravatar.com\\\/avatar\\\/b8d45f5c699b100dfaf0e543582f38f38bf94cb7ae3a5e9abf8d891a34773335?s=96&d=mm&r=g\",\"width\":96,\"height\":96,\"caption\":\"Juliana Laviola\"}},{\"@type\":\"WebPage\",\"@id\":\"https:\\\/\\\/anoticiaonline.com.br\\\/site\\\/criadores-prestigiam-a-1a-copa-de-marcha-do-haras-bambu\\\/#webpage\",\"url\":\"https:\\\/\\\/anoticiaonline.com.br\\\/site\\\/criadores-prestigiam-a-1a-copa-de-marcha-do-haras-bambu\\\/\",\"name\":\"Criadores prestigiam a 1\\u00aa Copa de Marcha do Haras Bambu - A Not\\u00edcia Online\",\"description\":\"Diversos criadores de cavalo de Muria\\u00e9 e regi\\u00e3o prestigiaram, no \\u00faltimo domingo (26), a 1\\u00aa Copa de Marcha do Haras Bambu, na Fazenda Campanha. O evento, que contou com premia\\u00e7\\u00f5es em dinheiro nas categorias: Marcha Picada, Cavalo Comum, \\u00c9gua Comum, Cavalo Registrado, \\u00c9gua Registrada, Muares, Mirim, Amazonas, al\\u00e9m do Campe\\u00e3o dos Campe\\u00f5es, teve como objetivo\",\"inLanguage\":\"pt-BR\",\"isPartOf\":{\"@id\":\"https:\\\/\\\/anoticiaonline.com.br\\\/site\\\/#website\"},\"breadcrumb\":{\"@id\":\"https:\\\/\\\/anoticiaonline.com.br\\\/site\\\/criadores-prestigiam-a-1a-copa-de-marcha-do-haras-bambu\\\/#breadcrumblist\"},\"author\":{\"@id\":\"https:\\\/\\\/anoticiaonline.com.br\\\/site\\\/author\\\/juliana\\\/#author\"},\"creator\":{\"@id\":\"https:\\\/\\\/anoticiaonline.com.br\\\/site\\\/author\\\/juliana\\\/#author\"},\"image\":{\"@type\":\"ImageObject\",\"url\":\"https:\\\/\\\/anoticiaonline.com.br\\\/site\\\/wp-content\\\/uploads\\\/2018\\\/08\\\/DSC_0960-2.jpg\",\"@id\":\"https:\\\/\\\/anoticiaonline.com.br\\\/site\\\/criadores-prestigiam-a-1a-copa-de-marcha-do-haras-bambu\\\/#mainImage\",\"width\":1000,\"height\":667},\"primaryImageOfPage\":{\"@id\":\"https:\\\/\\\/anoticiaonline.com.br\\\/site\\\/criadores-prestigiam-a-1a-copa-de-marcha-do-haras-bambu\\\/#mainImage\"},\"datePublished\":\"2018-08-30T22:50:09-03:00\",\"dateModified\":\"2018-09-03T11:17:14-03:00\"},{\"@type\":\"WebSite\",\"@id\":\"https:\\\/\\\/anoticiaonline.com.br\\\/site\\\/#website\",\"url\":\"https:\\\/\\\/anoticiaonline.com.br\\\/site\\\/\",\"name\":\"A Not\\u00edcia Online\",\"description\":\"Noticias de Muria\\u00e9 e regi\\u00e3o\",\"inLanguage\":\"pt-BR\",\"publisher\":{\"@id\":\"https:\\\/\\\/anoticiaonline.com.br\\\/site\\\/#organization\"}}]}\n\t\t<\/script>\n\t\t<!-- All in One SEO -->\n\n","aioseo_head_json":{"title":"Criadores prestigiam a 1\u00aa Copa de Marcha do Haras Bambu - A Not\u00edcia Online","description":"Diversos criadores de cavalo de Muria\u00e9 e regi\u00e3o prestigiaram, no \u00faltimo domingo (26), a 1\u00aa Copa de Marcha do Haras Bambu, na Fazenda Campanha. O evento, que contou com premia\u00e7\u00f5es em dinheiro nas categorias: Marcha Picada, Cavalo Comum, \u00c9gua Comum, Cavalo Registrado, \u00c9gua Registrada, Muares, Mirim, Amazonas, al\u00e9m do Campe\u00e3o dos Campe\u00f5es, teve como objetivo","canonical_url":"https:\/\/anoticiaonline.com.br\/site\/criadores-prestigiam-a-1a-copa-de-marcha-do-haras-bambu\/","robots":"max-image-preview:large","keywords":"","webmasterTools":{"miscellaneous":""},"schema":{"@context":"https:\/\/schema.org","@graph":[{"@type":"BlogPosting","@id":"https:\/\/anoticiaonline.com.br\/site\/criadores-prestigiam-a-1a-copa-de-marcha-do-haras-bambu\/#blogposting","name":"Criadores prestigiam a 1\u00aa Copa de Marcha do Haras Bambu - A Not\u00edcia Online","headline":"Criadores prestigiam a 1\u00aa Copa de Marcha do Haras Bambu","author":{"@id":"https:\/\/anoticiaonline.com.br\/site\/author\/juliana\/#author"},"publisher":{"@id":"https:\/\/anoticiaonline.com.br\/site\/#organization"},"image":{"@type":"ImageObject","url":"https:\/\/anoticiaonline.com.br\/site\/wp-content\/uploads\/2018\/08\/DSC_0960-2.jpg","width":1000,"height":667},"datePublished":"2018-08-30T22:50:09-03:00","dateModified":"2018-09-03T11:17:14-03:00","inLanguage":"pt-BR","mainEntityOfPage":{"@id":"https:\/\/anoticiaonline.com.br\/site\/criadores-prestigiam-a-1a-copa-de-marcha-do-haras-bambu\/#webpage"},"isPartOf":{"@id":"https:\/\/anoticiaonline.com.br\/site\/criadores-prestigiam-a-1a-copa-de-marcha-do-haras-bambu\/#webpage"},"articleSection":"Blog, cavalo, Haras, Muria\u00e9"},{"@type":"BreadcrumbList","@id":"https:\/\/anoticiaonline.com.br\/site\/criadores-prestigiam-a-1a-copa-de-marcha-do-haras-bambu\/#breadcrumblist","itemListElement":[{"@type":"ListItem","@id":"https:\/\/anoticiaonline.com.br\/site#listItem","position":1,"name":"Home","item":"https:\/\/anoticiaonline.com.br\/site","nextItem":{"@type":"ListItem","@id":"https:\/\/anoticiaonline.com.br\/site\/categoria\/muriae\/#listItem","name":"Blog"}},{"@type":"ListItem","@id":"https:\/\/anoticiaonline.com.br\/site\/categoria\/muriae\/#listItem","position":2,"name":"Blog","item":"https:\/\/anoticiaonline.com.br\/site\/categoria\/muriae\/","nextItem":{"@type":"ListItem","@id":"https:\/\/anoticiaonline.com.br\/site\/criadores-prestigiam-a-1a-copa-de-marcha-do-haras-bambu\/#listItem","name":"Criadores prestigiam a 1\u00aa Copa de Marcha do Haras Bambu"},"previousItem":{"@type":"ListItem","@id":"https:\/\/anoticiaonline.com.br\/site#listItem","name":"Home"}},{"@type":"ListItem","@id":"https:\/\/anoticiaonline.com.br\/site\/criadores-prestigiam-a-1a-copa-de-marcha-do-haras-bambu\/#listItem","position":3,"name":"Criadores prestigiam a 1\u00aa Copa de Marcha do Haras Bambu","previousItem":{"@type":"ListItem","@id":"https:\/\/anoticiaonline.com.br\/site\/categoria\/muriae\/#listItem","name":"Blog"}}]},{"@type":"Organization","@id":"https:\/\/anoticiaonline.com.br\/site\/#organization","name":"A Not\u00edcia Online","description":"Noticias de Muria\u00e9 e regi\u00e3o","url":"https:\/\/anoticiaonline.com.br\/site\/","logo":{"@type":"ImageObject","url":"https:\/\/scontent-gig4-1.xx.fbcdn.net\/v\/t39.30808-1\/270437624_4564083193639691_6907940295614233970_n.jpg?stp=dst-jpg_s200x200_tt6&_nc_cat=111&ccb=1-7&_nc_sid=f907e8&_nc_ohc=SM1wRlP3lJwQ7kNvwEPuBYA&_nc_oc=AdnqrjDN_BNjSSHWO-GbkIWH6fkGMLw4bqvL_NH6e2wMveX7G-rP2dAqsDSq1mJMOaY&_nc_zt=24&_nc_ht=scontent-gig4-1.xx&_nc_gid=AoBFJeGrT1hVaew_6rchkQ&oh=00_AfX7QmFGhQhG2jAllVgXCiM1ZrWgvtp80-Bfppyexh1QEg&oe=689E923C","@id":"https:\/\/anoticiaonline.com.br\/site\/criadores-prestigiam-a-1a-copa-de-marcha-do-haras-bambu\/#organizationLogo"},"image":{"@id":"https:\/\/anoticiaonline.com.br\/site\/criadores-prestigiam-a-1a-copa-de-marcha-do-haras-bambu\/#organizationLogo"}},{"@type":"Person","@id":"https:\/\/anoticiaonline.com.br\/site\/author\/juliana\/#author","url":"https:\/\/anoticiaonline.com.br\/site\/author\/juliana\/","name":"Juliana Laviola","image":{"@type":"ImageObject","@id":"https:\/\/anoticiaonline.com.br\/site\/criadores-prestigiam-a-1a-copa-de-marcha-do-haras-bambu\/#authorImage","url":"https:\/\/secure.gravatar.com\/avatar\/b8d45f5c699b100dfaf0e543582f38f38bf94cb7ae3a5e9abf8d891a34773335?s=96&d=mm&r=g","width":96,"height":96,"caption":"Juliana Laviola"}},{"@type":"WebPage","@id":"https:\/\/anoticiaonline.com.br\/site\/criadores-prestigiam-a-1a-copa-de-marcha-do-haras-bambu\/#webpage","url":"https:\/\/anoticiaonline.com.br\/site\/criadores-prestigiam-a-1a-copa-de-marcha-do-haras-bambu\/","name":"Criadores prestigiam a 1\u00aa Copa de Marcha do Haras Bambu - A Not\u00edcia Online","description":"Diversos criadores de cavalo de Muria\u00e9 e regi\u00e3o prestigiaram, no \u00faltimo domingo (26), a 1\u00aa Copa de Marcha do Haras Bambu, na Fazenda Campanha. O evento, que contou com premia\u00e7\u00f5es em dinheiro nas categorias: Marcha Picada, Cavalo Comum, \u00c9gua Comum, Cavalo Registrado, \u00c9gua Registrada, Muares, Mirim, Amazonas, al\u00e9m do Campe\u00e3o dos Campe\u00f5es, teve como objetivo","inLanguage":"pt-BR","isPartOf":{"@id":"https:\/\/anoticiaonline.com.br\/site\/#website"},"breadcrumb":{"@id":"https:\/\/anoticiaonline.com.br\/site\/criadores-prestigiam-a-1a-copa-de-marcha-do-haras-bambu\/#breadcrumblist"},"author":{"@id":"https:\/\/anoticiaonline.com.br\/site\/author\/juliana\/#author"},"creator":{"@id":"https:\/\/anoticiaonline.com.br\/site\/author\/juliana\/#author"},"image":{"@type":"ImageObject","url":"https:\/\/anoticiaonline.com.br\/site\/wp-content\/uploads\/2018\/08\/DSC_0960-2.jpg","@id":"https:\/\/anoticiaonline.com.br\/site\/criadores-prestigiam-a-1a-copa-de-marcha-do-haras-bambu\/#mainImage","width":1000,"height":667},"primaryImageOfPage":{"@id":"https:\/\/anoticiaonline.com.br\/site\/criadores-prestigiam-a-1a-copa-de-marcha-do-haras-bambu\/#mainImage"},"datePublished":"2018-08-30T22:50:09-03:00","dateModified":"2018-09-03T11:17:14-03:00"},{"@type":"WebSite","@id":"https:\/\/anoticiaonline.com.br\/site\/#website","url":"https:\/\/anoticiaonline.com.br\/site\/","name":"A Not\u00edcia Online","description":"Noticias de Muria\u00e9 e regi\u00e3o","inLanguage":"pt-BR","publisher":{"@id":"https:\/\/anoticiaonline.com.br\/site\/#organization"}}]},"og:locale":"pt_BR","og:site_name":"A Not\u00edcia Online - Noticias de Muria\u00e9 e regi\u00e3o","og:type":"article","og:title":"Criadores prestigiam a 1\u00aa Copa de Marcha do Haras Bambu - A Not\u00edcia Online","og:description":"Diversos criadores de cavalo de Muria\u00e9 e regi\u00e3o prestigiaram, no \u00faltimo domingo (26), a 1\u00aa Copa de Marcha do Haras Bambu, na Fazenda Campanha. O evento, que contou com premia\u00e7\u00f5es em dinheiro nas categorias: Marcha Picada, Cavalo Comum, \u00c9gua Comum, Cavalo Registrado, \u00c9gua Registrada, Muares, Mirim, Amazonas, al\u00e9m do Campe\u00e3o dos Campe\u00f5es, teve como objetivo","og:url":"https:\/\/anoticiaonline.com.br\/site\/criadores-prestigiam-a-1a-copa-de-marcha-do-haras-bambu\/","og:image":"https:\/\/scontent-gig4-1.xx.fbcdn.net\/v\/t39.30808-1\/270437624_4564083193639691_6907940295614233970_n.jpg?stp=dst-jpg_s200x200_tt6&#038;_nc_cat=111&#038;ccb=1-7&#038;_nc_sid=f907e8&#038;_nc_ohc=SM1wRlP3lJwQ7kNvwEPuBYA&#038;_nc_oc=AdnqrjDN_BNjSSHWO-GbkIWH6fkGMLw4bqvL_NH6e2wMveX7G-rP2dAqsDSq1mJMOaY&#038;_nc_zt=24&#038;_nc_ht=scontent-gig4-1.xx&#038;_nc_gid=AoBFJeGrT1hVaew_6rchkQ&#038;oh=00_AfX7QmFGhQhG2jAllVgXCiM1ZrWgvtp80-Bfppyexh1QEg&#038;oe=689E923C","og:image:secure_url":"https:\/\/scontent-gig4-1.xx.fbcdn.net\/v\/t39.30808-1\/270437624_4564083193639691_6907940295614233970_n.jpg?stp=dst-jpg_s200x200_tt6&#038;_nc_cat=111&#038;ccb=1-7&#038;_nc_sid=f907e8&#038;_nc_ohc=SM1wRlP3lJwQ7kNvwEPuBYA&#038;_nc_oc=AdnqrjDN_BNjSSHWO-GbkIWH6fkGMLw4bqvL_NH6e2wMveX7G-rP2dAqsDSq1mJMOaY&#038;_nc_zt=24&#038;_nc_ht=scontent-gig4-1.xx&#038;_nc_gid=AoBFJeGrT1hVaew_6rchkQ&#038;oh=00_AfX7QmFGhQhG2jAllVgXCiM1ZrWgvtp80-Bfppyexh1QEg&#038;oe=689E923C","article:published_time":"2018-08-31T01:50:09+00:00","article:modified_time":"2018-09-03T14:17:14+00:00","twitter:card":"summary_large_image","twitter:title":"Criadores prestigiam a 1\u00aa Copa de Marcha do Haras Bambu - A Not\u00edcia Online","twitter:description":"Diversos criadores de cavalo de Muria\u00e9 e regi\u00e3o prestigiaram, no \u00faltimo domingo (26), a 1\u00aa Copa de Marcha do Haras Bambu, na Fazenda Campanha. O evento, que contou com premia\u00e7\u00f5es em dinheiro nas categorias: Marcha Picada, Cavalo Comum, \u00c9gua Comum, Cavalo Registrado, \u00c9gua Registrada, Muares, Mirim, Amazonas, al\u00e9m do Campe\u00e3o dos Campe\u00f5es, teve como objetivo","twitter:image":"https:\/\/scontent-gig4-1.xx.fbcdn.net\/v\/t39.30808-1\/270437624_4564083193639691_6907940295614233970_n.jpg?stp=dst-jpg_s200x200_tt6&_nc_cat=111&ccb=1-7&_nc_sid=f907e8&_nc_ohc=SM1wRlP3lJwQ7kNvwEPuBYA&_nc_oc=AdnqrjDN_BNjSSHWO-GbkIWH6fkGMLw4bqvL_NH6e2wMveX7G-rP2dAqsDSq1mJMOaY&_nc_zt=24&_nc_ht=scontent-gig4-1.xx&_nc_gid=AoBFJeGrT1hVaew_6rchkQ&oh=00_AfX7QmFGhQhG2jAllVgXCiM1ZrWgvtp80-Bfppyexh1QEg&oe=689E923C"},"aioseo_meta_data":{"post_id":"60849","title":null,"description":null,"keywords":null,"keyphrases":null,"primary_term":null,"canonical_url":null,"og_title":null,"og_description":null,"og_object_type":"default","og_image_type":"default","og_image_url":null,"og_image_width":null,"og_image_height":null,"og_image_custom_url":null,"og_image_custom_fields":null,"og_video":null,"og_custom_url":null,"og_article_section":null,"og_article_tags":null,"twitter_use_og":false,"twitter_card":"default","twitter_image_type":"default","twitter_image_url":null,"twitter_image_custom_url":null,"twitter_image_custom_fields":null,"twitter_title":null,"twitter_description":null,"schema":{"blockGraphs":[],"customGraphs":[],"default":{"data":{"Article":[],"Course":[],"Dataset":[],"FAQPage":[],"Movie":[],"Person":[],"Product":[],"ProductReview":[],"Car":[],"Recipe":[],"Service":[],"SoftwareApplication":[],"WebPage":[]},"graphName":"","isEnabled":true},"graphs":[]},"schema_type":"default","schema_type_options":null,"pillar_content":false,"robots_default":true,"robots_noindex":false,"robots_noarchive":false,"robots_nosnippet":false,"robots_nofollow":false,"robots_noimageindex":false,"robots_noodp":false,"robots_notranslate":false,"robots_max_snippet":null,"robots_max_videopreview":null,"robots_max_imagepreview":"large","priority":null,"frequency":null,"local_seo":null,"breadcrumb_settings":null,"limit_modified_date":false,"ai":null,"created":"2025-08-16 21:32:38","updated":"2025-08-16 21:32:38","focus_keyword":null,"additional_keywords":null,"truseo_locale":null,"seo_analyzer_scan_date":null},"aioseo_breadcrumb":"<div class=\"aioseo-breadcrumbs\"><span class=\"aioseo-breadcrumb\">\n\t\t\t<a href=\"https:\/\/anoticiaonline.com.br\/site\" title=\"Home\">Home<\/a>\n\t\t<\/span><span class=\"aioseo-breadcrumb-separator\">&raquo;<\/span><span class=\"aioseo-breadcrumb\">\n\t\t\t<a href=\"https:\/\/anoticiaonline.com.br\/site\/categoria\/muriae\/\" title=\"Blog\">Blog<\/a>\n\t\t<\/span><span class=\"aioseo-breadcrumb-separator\">&raquo;<\/span><span class=\"aioseo-breadcrumb\">\n\t\t\tCriadores prestigiam a 1\u00aa Copa de Marcha do Haras Bambu\n\t\t<\/span><\/div>","aioseo_breadcrumb_json":[{"label":"Home","link":"https:\/\/anoticiaonline.com.br\/site"},{"label":"Blog","link":"https:\/\/anoticiaonline.com.br\/site\/categoria\/muriae\/"},{"label":"Criadores prestigiam a 1\u00aa Copa de Marcha do Haras Bambu","link":"https:\/\/anoticiaonline.com.br\/site\/criadores-prestigiam-a-1a-copa-de-marcha-do-haras-bambu\/"}],"views":121,"_links":{"self":[{"href":"https:\/\/anoticiaonline.com.br\/site\/wp-json\/wp\/v2\/posts\/60849","targetHints":{"allow":["GET"]}}],"collection":[{"href":"https:\/\/anoticiaonline.com.br\/site\/wp-json\/wp\/v2\/posts"}],"about":[{"href":"https:\/\/anoticiaonline.com.br\/site\/wp-json\/wp\/v2\/types\/post"}],"author":[{"embeddable":true,"href":"https:\/\/anoticiaonline.com.br\/site\/wp-json\/wp\/v2\/users\/2"}],"replies":[{"embeddable":true,"href":"https:\/\/anoticiaonline.com.br\/site\/wp-json\/wp\/v2\/comments?post=60849"}],"version-history":[{"count":0,"href":"https:\/\/anoticiaonline.com.br\/site\/wp-json\/wp\/v2\/posts\/60849\/revisions"}],"wp:featuredmedia":[{"embeddable":true,"href":"https:\/\/anoticiaonline.com.br\/site\/wp-json\/wp\/v2\/media\/60854"}],"wp:attachment":[{"href":"https:\/\/anoticiaonline.com.br\/site\/wp-json\/wp\/v2\/media?parent=60849"}],"wp:term":[{"taxonomy":"category","embeddable":true,"href":"https:\/\/anoticiaonline.com.br\/site\/wp-json\/wp\/v2\/categories?post=60849"},{"taxonomy":"post_tag","embeddable":true,"href":"https:\/\/anoticiaonline.com.br\/site\/wp-json\/wp\/v2\/tags?post=60849"}],"curies":[{"name":"wp","href":"https:\/\/api.w.org\/{rel}","templated":true}]}}