{"id":60848,"date":"2018-08-30T22:49:12","date_gmt":"2018-08-31T01:49:12","guid":{"rendered":"http:\/\/anoticiaonline.com.br\/site\/?p=60848"},"modified":"2018-08-30T22:49:12","modified_gmt":"2018-08-31T01:49:12","slug":"escola-sao-paulo-recebe-mocao-de-aplausos-da-camara-municipal-de-muriae","status":"publish","type":"post","link":"https:\/\/anoticiaonline.com.br\/site\/escola-sao-paulo-recebe-mocao-de-aplausos-da-camara-municipal-de-muriae\/","title":{"rendered":"Escola S\u00e3o Paulo recebe Mo\u00e7\u00e3o de Aplausos da C\u00e2mara Municipal de Muria\u00e9"},"content":{"rendered":"<p><a href=\"https:\/\/anoticiaonline.com.br\/site\/wp-content\/uploads\/2018\/08\/DSC_0151.jpg\"><img fetchpriority=\"high\" decoding=\"async\" class=\"aligncenter size-full wp-image-60850\" src=\"https:\/\/anoticiaonline.com.br\/site\/wp-content\/uploads\/2018\/08\/DSC_0151.jpg\" alt=\"\" width=\"1000\" height=\"667\" srcset=\"https:\/\/anoticiaonline.com.br\/site\/wp-content\/uploads\/2018\/08\/DSC_0151.jpg 1000w, https:\/\/anoticiaonline.com.br\/site\/wp-content\/uploads\/2018\/08\/DSC_0151-300x200.jpg 300w, https:\/\/anoticiaonline.com.br\/site\/wp-content\/uploads\/2018\/08\/DSC_0151-768x512.jpg 768w, https:\/\/anoticiaonline.com.br\/site\/wp-content\/uploads\/2018\/08\/DSC_0151-900x600.jpg 900w\" sizes=\"(max-width: 1000px) 100vw, 1000px\" \/><\/a>A Escola S\u00e3o Paulo recebeu, na noite de ter\u00e7a-feira (28), das m\u00e3os da vereadora Mirian Fachini, na C\u00e2mara Municipal, uma Mo\u00e7\u00e3o de Aplausos e Congratula\u00e7\u00f5es devido ao sucesso da 23\u00aa Gincana Solid\u00e1ria, que arrecadou 11 toneladas de alimentos n\u00e3o perec\u00edveis para 11 institui\u00e7\u00f5es assistenciais de Muria\u00e9.<\/p>\n<p>A Gincana, realizada no \u00faltimo m\u00eas, contou com a participa\u00e7\u00e3o de alunos do 7\u00ba, 8\u00ba e 9\u00ba ano do Ensino Fundamental e dos tr\u00eas anos do Ensino M\u00e9dio.<\/p>\n<p><a href=\"https:\/\/anoticiaonline.com.br\/site\/wp-content\/uploads\/2018\/08\/DSC_0136.jpg\"><img decoding=\"async\" class=\"aligncenter size-full wp-image-60851\" src=\"https:\/\/anoticiaonline.com.br\/site\/wp-content\/uploads\/2018\/08\/DSC_0136.jpg\" alt=\"\" width=\"1000\" height=\"667\" srcset=\"https:\/\/anoticiaonline.com.br\/site\/wp-content\/uploads\/2018\/08\/DSC_0136.jpg 1000w, https:\/\/anoticiaonline.com.br\/site\/wp-content\/uploads\/2018\/08\/DSC_0136-300x200.jpg 300w, https:\/\/anoticiaonline.com.br\/site\/wp-content\/uploads\/2018\/08\/DSC_0136-768x512.jpg 768w, https:\/\/anoticiaonline.com.br\/site\/wp-content\/uploads\/2018\/08\/DSC_0136-900x600.jpg 900w\" sizes=\"(max-width: 1000px) 100vw, 1000px\" \/><\/a>No plen\u00e1rio da C\u00e2mara, o professor Jos\u00e9 Nicodemos Couto, agradeceu a homenagem recebida. \u201cAgrade\u00e7o a cada um dos vereadores que aprovaram esta Mo\u00e7\u00e3o, em especial \u00e0 vereadora Mirian Fachini. Aproveito a ocasi\u00e3o e externo o meu agradecimento aos alunos e aos seus pais por todo o empenho e apoio durante a execu\u00e7\u00e3o da Gincana da Solidariedade. Muito obrigado\u201d.<\/p>\n<p><a href=\"https:\/\/anoticiaonline.com.br\/site\/wp-content\/uploads\/2018\/08\/DSC_0130.jpg\"><img decoding=\"async\" class=\"aligncenter size-full wp-image-60856\" src=\"https:\/\/anoticiaonline.com.br\/site\/wp-content\/uploads\/2018\/08\/DSC_0130.jpg\" alt=\"\" width=\"1000\" height=\"667\" srcset=\"https:\/\/anoticiaonline.com.br\/site\/wp-content\/uploads\/2018\/08\/DSC_0130.jpg 1000w, https:\/\/anoticiaonline.com.br\/site\/wp-content\/uploads\/2018\/08\/DSC_0130-300x200.jpg 300w, https:\/\/anoticiaonline.com.br\/site\/wp-content\/uploads\/2018\/08\/DSC_0130-768x512.jpg 768w, https:\/\/anoticiaonline.com.br\/site\/wp-content\/uploads\/2018\/08\/DSC_0130-900x600.jpg 900w\" sizes=\"(max-width: 1000px) 100vw, 1000px\" \/><\/a>M\u00e3e de ex-alunos da Escola S\u00e3o Paulo, a vereadora, Mirian Fachini, parabenizou a iniciativa da institui\u00e7\u00e3o. \u201cEspero que esta a\u00e7\u00e3o solid\u00e1ria se estenda \u00e0s demais escolas de Muria\u00e9, para que os alunos exer\u00e7am o trabalho volunt\u00e1rio e tenham prazer em ajudar o pr\u00f3ximo. Gostaria de parabenizar a Escola S\u00e3o Paulo por outra campanha realizada, recentemente, em prol do tratamento do professor Baldanza, atrav\u00e9s de uma noite de caldos, que comoveu um grande p\u00fablico da cidade. Deixo aqui o meu agradecimento \u00e0 Escola e aos professores pelo bel\u00edssimo trabalho desenvolvido\u201d, conta.<\/p>\n<p><strong>As entidades beneficiadas pela Gincana Solid\u00e1ria da Escola S\u00e3o Paulo foram:<\/strong><\/p>\n<p>\u2013 Apae Muria\u00e9<\/p>\n<p>\u2013 Lar Ozanam<\/p>\n<p>\u2013 Pastoral Social da Matriz S\u00e3o Paulo<\/p>\n<p>\u2013 Pastoral da Solidariedade da Par\u00f3quia Santa Cruz (Safira)<\/p>\n<p>\u2013 Elshaday<\/p>\n<p>\u2013 Associa\u00e7\u00e3o de Amparo \u00e0s Fam\u00edlias com HIV e Tuberculose (AAHT)<\/p>\n<p>\u2013 Confer\u00eancia S\u00e3o Francisco de Assis<\/p>\n<p>\u2013 Creche Alfredo Couto<\/p>\n<p>\u2013 Grupo Esp\u00edrita Maria de Nazar\u00e9<\/p>\n<p>\u2013 ComVida<\/p>\n<p>\u2013 Projeto Reviver<\/p>\n<p><a href=\"https:\/\/anoticiaonline.com.br\/site\/wp-content\/uploads\/2018\/08\/DSC_0128.jpg\"><img loading=\"lazy\" decoding=\"async\" class=\"aligncenter size-full wp-image-60858\" src=\"https:\/\/anoticiaonline.com.br\/site\/wp-content\/uploads\/2018\/08\/DSC_0128.jpg\" alt=\"\" width=\"1000\" height=\"667\" srcset=\"https:\/\/anoticiaonline.com.br\/site\/wp-content\/uploads\/2018\/08\/DSC_0128.jpg 1000w, https:\/\/anoticiaonline.com.br\/site\/wp-content\/uploads\/2018\/08\/DSC_0128-300x200.jpg 300w, https:\/\/anoticiaonline.com.br\/site\/wp-content\/uploads\/2018\/08\/DSC_0128-768x512.jpg 768w, https:\/\/anoticiaonline.com.br\/site\/wp-content\/uploads\/2018\/08\/DSC_0128-900x600.jpg 900w\" sizes=\"(max-width: 1000px) 100vw, 1000px\" \/><\/a> <a href=\"https:\/\/anoticiaonline.com.br\/site\/wp-content\/uploads\/2018\/08\/DSC_0146.jpg\"><img loading=\"lazy\" decoding=\"async\" class=\"aligncenter size-full wp-image-60859\" src=\"https:\/\/anoticiaonline.com.br\/site\/wp-content\/uploads\/2018\/08\/DSC_0146.jpg\" alt=\"\" width=\"445\" height=\"667\" srcset=\"https:\/\/anoticiaonline.com.br\/site\/wp-content\/uploads\/2018\/08\/DSC_0146.jpg 445w, https:\/\/anoticiaonline.com.br\/site\/wp-content\/uploads\/2018\/08\/DSC_0146-200x300.jpg 200w\" sizes=\"(max-width: 445px) 100vw, 445px\" \/><\/a> <a href=\"https:\/\/anoticiaonline.com.br\/site\/wp-content\/uploads\/2018\/08\/DSC_0150.jpg\"><img loading=\"lazy\" decoding=\"async\" class=\"aligncenter size-full wp-image-60860\" src=\"https:\/\/anoticiaonline.com.br\/site\/wp-content\/uploads\/2018\/08\/DSC_0150.jpg\" alt=\"\" width=\"445\" height=\"667\" srcset=\"https:\/\/anoticiaonline.com.br\/site\/wp-content\/uploads\/2018\/08\/DSC_0150.jpg 445w, https:\/\/anoticiaonline.com.br\/site\/wp-content\/uploads\/2018\/08\/DSC_0150-200x300.jpg 200w\" sizes=\"(max-width: 445px) 100vw, 445px\" \/><\/a><\/p>\n<p>&nbsp;<\/p>\n","protected":false},"excerpt":{"rendered":"<p>A Escola S\u00e3o Paulo recebeu, na noite de ter\u00e7a-feira (28), das m\u00e3os da vereadora Mirian Fachini, na C\u00e2mara Municipal, uma Mo\u00e7\u00e3o de Aplausos e Congratula\u00e7\u00f5es devido ao sucesso da 23\u00aa Gincana Solid\u00e1ria, que arrecadou 11 toneladas de alimentos n\u00e3o perec\u00edveis para 11 institui\u00e7\u00f5es assistenciais de Muria\u00e9. A Gincana, realizada no \u00faltimo m\u00eas, contou com a &#8230; <a title=\"Escola S\u00e3o Paulo recebe Mo\u00e7\u00e3o de Aplausos da C\u00e2mara Municipal de Muria\u00e9\" class=\"read-more\" href=\"https:\/\/anoticiaonline.com.br\/site\/escola-sao-paulo-recebe-mocao-de-aplausos-da-camara-municipal-de-muriae\/\" aria-label=\"Read more about Escola S\u00e3o Paulo recebe Mo\u00e7\u00e3o de Aplausos da C\u00e2mara Municipal de Muria\u00e9\">Ler mais<\/a><\/p>\n","protected":false},"author":7,"featured_media":60850,"comment_status":"open","ping_status":"open","sticky":false,"template":"","format":"standard","meta":{"_acf_changed":false,"_monsterinsights_skip_tracking":false,"footnotes":""},"categories":[30,24],"tags":[249],"class_list":["post-60848","post","type-post","status-publish","format-standard","has-post-thumbnail","hentry","category-muriae","category-eventos","tag-escola-sao-paulo"],"acf":[],"aioseo_notices":[],"aioseo_head":"\n\t\t<!-- All in One SEO 5.0.0.1 - aioseo.com -->\n\t<meta name=\"description\" content=\"A Escola S\u00e3o Paulo recebeu, na noite de ter\u00e7a-feira (28), das m\u00e3os da vereadora Mirian Fachini, na C\u00e2mara Municipal, uma Mo\u00e7\u00e3o de Aplausos e Congratula\u00e7\u00f5es devido ao sucesso da 23\u00aa Gincana Solid\u00e1ria, que arrecadou 11 toneladas de alimentos n\u00e3o perec\u00edveis para 11 institui\u00e7\u00f5es assistenciais de Muria\u00e9. A Gincana, realizada no \u00faltimo m\u00eas, contou com a\" \/>\n\t<meta name=\"robots\" content=\"max-image-preview:large\" \/>\n\t<meta name=\"author\" content=\"Leandro Bebiano\"\/>\n\t<link rel=\"canonical\" href=\"https:\/\/anoticiaonline.com.br\/site\/escola-sao-paulo-recebe-mocao-de-aplausos-da-camara-municipal-de-muriae\/\" \/>\n\t<meta name=\"generator\" content=\"All in One SEO (AIOSEO) 5.0.0.1\" \/>\n\t\t<meta property=\"og:locale\" content=\"pt_BR\" \/>\n\t\t<meta property=\"og:site_name\" content=\"A Not\u00edcia Online - Noticias de Muria\u00e9 e regi\u00e3o\" \/>\n\t\t<meta property=\"og:type\" content=\"article\" \/>\n\t\t<meta property=\"og:title\" content=\"Escola S\u00e3o Paulo recebe Mo\u00e7\u00e3o de Aplausos da C\u00e2mara Municipal de Muria\u00e9 - A Not\u00edcia Online\" \/>\n\t\t<meta property=\"og:description\" content=\"A Escola S\u00e3o Paulo recebeu, na noite de ter\u00e7a-feira (28), das m\u00e3os da vereadora Mirian Fachini, na C\u00e2mara Municipal, uma Mo\u00e7\u00e3o de Aplausos e Congratula\u00e7\u00f5es devido ao sucesso da 23\u00aa Gincana Solid\u00e1ria, que arrecadou 11 toneladas de alimentos n\u00e3o perec\u00edveis para 11 institui\u00e7\u00f5es assistenciais de Muria\u00e9. A Gincana, realizada no \u00faltimo m\u00eas, contou com a\" \/>\n\t\t<meta property=\"og:url\" content=\"https:\/\/anoticiaonline.com.br\/site\/escola-sao-paulo-recebe-mocao-de-aplausos-da-camara-municipal-de-muriae\/\" \/>\n\t\t<meta property=\"og:image\" content=\"https:\/\/scontent-gig4-1.xx.fbcdn.net\/v\/t39.30808-1\/270437624_4564083193639691_6907940295614233970_n.jpg?stp=dst-jpg_s200x200_tt6&#038;_nc_cat=111&#038;ccb=1-7&#038;_nc_sid=f907e8&#038;_nc_ohc=SM1wRlP3lJwQ7kNvwEPuBYA&#038;_nc_oc=AdnqrjDN_BNjSSHWO-GbkIWH6fkGMLw4bqvL_NH6e2wMveX7G-rP2dAqsDSq1mJMOaY&#038;_nc_zt=24&#038;_nc_ht=scontent-gig4-1.xx&#038;_nc_gid=AoBFJeGrT1hVaew_6rchkQ&#038;oh=00_AfX7QmFGhQhG2jAllVgXCiM1ZrWgvtp80-Bfppyexh1QEg&#038;oe=689E923C\" \/>\n\t\t<meta property=\"og:image:secure_url\" content=\"https:\/\/scontent-gig4-1.xx.fbcdn.net\/v\/t39.30808-1\/270437624_4564083193639691_6907940295614233970_n.jpg?stp=dst-jpg_s200x200_tt6&#038;_nc_cat=111&#038;ccb=1-7&#038;_nc_sid=f907e8&#038;_nc_ohc=SM1wRlP3lJwQ7kNvwEPuBYA&#038;_nc_oc=AdnqrjDN_BNjSSHWO-GbkIWH6fkGMLw4bqvL_NH6e2wMveX7G-rP2dAqsDSq1mJMOaY&#038;_nc_zt=24&#038;_nc_ht=scontent-gig4-1.xx&#038;_nc_gid=AoBFJeGrT1hVaew_6rchkQ&#038;oh=00_AfX7QmFGhQhG2jAllVgXCiM1ZrWgvtp80-Bfppyexh1QEg&#038;oe=689E923C\" \/>\n\t\t<meta property=\"article:published_time\" content=\"2018-08-31T01:49:12+00:00\" \/>\n\t\t<meta property=\"article:modified_time\" content=\"2018-08-31T01:49:12+00:00\" \/>\n\t\t<meta name=\"twitter:card\" content=\"summary_large_image\" \/>\n\t\t<meta name=\"twitter:title\" content=\"Escola S\u00e3o Paulo recebe Mo\u00e7\u00e3o de Aplausos da C\u00e2mara Municipal de Muria\u00e9 - A Not\u00edcia Online\" \/>\n\t\t<meta name=\"twitter:description\" content=\"A Escola S\u00e3o Paulo recebeu, na noite de ter\u00e7a-feira (28), das m\u00e3os da vereadora Mirian Fachini, na C\u00e2mara Municipal, uma Mo\u00e7\u00e3o de Aplausos e Congratula\u00e7\u00f5es devido ao sucesso da 23\u00aa Gincana Solid\u00e1ria, que arrecadou 11 toneladas de alimentos n\u00e3o perec\u00edveis para 11 institui\u00e7\u00f5es assistenciais de Muria\u00e9. A Gincana, realizada no \u00faltimo m\u00eas, contou com a\" \/>\n\t\t<meta name=\"twitter:image\" content=\"https:\/\/scontent-gig4-1.xx.fbcdn.net\/v\/t39.30808-1\/270437624_4564083193639691_6907940295614233970_n.jpg?stp=dst-jpg_s200x200_tt6&amp;_nc_cat=111&amp;ccb=1-7&amp;_nc_sid=f907e8&amp;_nc_ohc=SM1wRlP3lJwQ7kNvwEPuBYA&amp;_nc_oc=AdnqrjDN_BNjSSHWO-GbkIWH6fkGMLw4bqvL_NH6e2wMveX7G-rP2dAqsDSq1mJMOaY&amp;_nc_zt=24&amp;_nc_ht=scontent-gig4-1.xx&amp;_nc_gid=AoBFJeGrT1hVaew_6rchkQ&amp;oh=00_AfX7QmFGhQhG2jAllVgXCiM1ZrWgvtp80-Bfppyexh1QEg&amp;oe=689E923C\" \/>\n\t\t<script type=\"application\/ld+json\" class=\"aioseo-schema\">\n\t\t\t{\"@context\":\"https:\\\/\\\/schema.org\",\"@graph\":[{\"@type\":\"BlogPosting\",\"@id\":\"https:\\\/\\\/anoticiaonline.com.br\\\/site\\\/escola-sao-paulo-recebe-mocao-de-aplausos-da-camara-municipal-de-muriae\\\/#blogposting\",\"name\":\"Escola S\\u00e3o Paulo recebe Mo\\u00e7\\u00e3o de Aplausos da C\\u00e2mara Municipal de Muria\\u00e9 - A Not\\u00edcia Online\",\"headline\":\"Escola S\\u00e3o Paulo recebe Mo\\u00e7\\u00e3o de Aplausos da C\\u00e2mara Municipal de Muria\\u00e9\",\"author\":{\"@id\":\"https:\\\/\\\/anoticiaonline.com.br\\\/site\\\/author\\\/leandro\\\/#author\"},\"publisher\":{\"@id\":\"https:\\\/\\\/anoticiaonline.com.br\\\/site\\\/#organization\"},\"image\":{\"@type\":\"ImageObject\",\"url\":\"https:\\\/\\\/anoticiaonline.com.br\\\/site\\\/wp-content\\\/uploads\\\/2018\\\/08\\\/DSC_0151.jpg\",\"width\":1000,\"height\":667},\"datePublished\":\"2018-08-30T22:49:12-03:00\",\"dateModified\":\"2018-08-30T22:49:12-03:00\",\"inLanguage\":\"pt-BR\",\"mainEntityOfPage\":{\"@id\":\"https:\\\/\\\/anoticiaonline.com.br\\\/site\\\/escola-sao-paulo-recebe-mocao-de-aplausos-da-camara-municipal-de-muriae\\\/#webpage\"},\"isPartOf\":{\"@id\":\"https:\\\/\\\/anoticiaonline.com.br\\\/site\\\/escola-sao-paulo-recebe-mocao-de-aplausos-da-camara-municipal-de-muriae\\\/#webpage\"},\"articleSection\":\"Blog, Eventos, escola s\\u00e3o paulo\"},{\"@type\":\"BreadcrumbList\",\"@id\":\"https:\\\/\\\/anoticiaonline.com.br\\\/site\\\/escola-sao-paulo-recebe-mocao-de-aplausos-da-camara-municipal-de-muriae\\\/#breadcrumblist\",\"itemListElement\":[{\"@type\":\"ListItem\",\"@id\":\"https:\\\/\\\/anoticiaonline.com.br\\\/site#listItem\",\"position\":1,\"name\":\"Home\",\"item\":\"https:\\\/\\\/anoticiaonline.com.br\\\/site\",\"nextItem\":{\"@type\":\"ListItem\",\"@id\":\"https:\\\/\\\/anoticiaonline.com.br\\\/site\\\/categoria\\\/eventos\\\/#listItem\",\"name\":\"Eventos\"}},{\"@type\":\"ListItem\",\"@id\":\"https:\\\/\\\/anoticiaonline.com.br\\\/site\\\/categoria\\\/eventos\\\/#listItem\",\"position\":2,\"name\":\"Eventos\",\"item\":\"https:\\\/\\\/anoticiaonline.com.br\\\/site\\\/categoria\\\/eventos\\\/\",\"nextItem\":{\"@type\":\"ListItem\",\"@id\":\"https:\\\/\\\/anoticiaonline.com.br\\\/site\\\/escola-sao-paulo-recebe-mocao-de-aplausos-da-camara-municipal-de-muriae\\\/#listItem\",\"name\":\"Escola S\\u00e3o Paulo recebe Mo\\u00e7\\u00e3o de Aplausos da C\\u00e2mara Municipal de Muria\\u00e9\"},\"previousItem\":{\"@type\":\"ListItem\",\"@id\":\"https:\\\/\\\/anoticiaonline.com.br\\\/site#listItem\",\"name\":\"Home\"}},{\"@type\":\"ListItem\",\"@id\":\"https:\\\/\\\/anoticiaonline.com.br\\\/site\\\/escola-sao-paulo-recebe-mocao-de-aplausos-da-camara-municipal-de-muriae\\\/#listItem\",\"position\":3,\"name\":\"Escola S\\u00e3o Paulo recebe Mo\\u00e7\\u00e3o de Aplausos da C\\u00e2mara Municipal de Muria\\u00e9\",\"previousItem\":{\"@type\":\"ListItem\",\"@id\":\"https:\\\/\\\/anoticiaonline.com.br\\\/site\\\/categoria\\\/eventos\\\/#listItem\",\"name\":\"Eventos\"}}]},{\"@type\":\"Organization\",\"@id\":\"https:\\\/\\\/anoticiaonline.com.br\\\/site\\\/#organization\",\"name\":\"A Not\\u00edcia Online\",\"description\":\"Noticias de Muria\\u00e9 e regi\\u00e3o\",\"url\":\"https:\\\/\\\/anoticiaonline.com.br\\\/site\\\/\",\"logo\":{\"@type\":\"ImageObject\",\"url\":\"https:\\\/\\\/scontent-gig4-1.xx.fbcdn.net\\\/v\\\/t39.30808-1\\\/270437624_4564083193639691_6907940295614233970_n.jpg?stp=dst-jpg_s200x200_tt6&_nc_cat=111&ccb=1-7&_nc_sid=f907e8&_nc_ohc=SM1wRlP3lJwQ7kNvwEPuBYA&_nc_oc=AdnqrjDN_BNjSSHWO-GbkIWH6fkGMLw4bqvL_NH6e2wMveX7G-rP2dAqsDSq1mJMOaY&_nc_zt=24&_nc_ht=scontent-gig4-1.xx&_nc_gid=AoBFJeGrT1hVaew_6rchkQ&oh=00_AfX7QmFGhQhG2jAllVgXCiM1ZrWgvtp80-Bfppyexh1QEg&oe=689E923C\",\"@id\":\"https:\\\/\\\/anoticiaonline.com.br\\\/site\\\/escola-sao-paulo-recebe-mocao-de-aplausos-da-camara-municipal-de-muriae\\\/#organizationLogo\"},\"image\":{\"@id\":\"https:\\\/\\\/anoticiaonline.com.br\\\/site\\\/escola-sao-paulo-recebe-mocao-de-aplausos-da-camara-municipal-de-muriae\\\/#organizationLogo\"}},{\"@type\":\"Person\",\"@id\":\"https:\\\/\\\/anoticiaonline.com.br\\\/site\\\/author\\\/leandro\\\/#author\",\"url\":\"https:\\\/\\\/anoticiaonline.com.br\\\/site\\\/author\\\/leandro\\\/\",\"name\":\"Leandro Bebiano\",\"image\":{\"@type\":\"ImageObject\",\"@id\":\"https:\\\/\\\/anoticiaonline.com.br\\\/site\\\/escola-sao-paulo-recebe-mocao-de-aplausos-da-camara-municipal-de-muriae\\\/#authorImage\",\"url\":\"https:\\\/\\\/secure.gravatar.com\\\/avatar\\\/99966a20c143db97c8590c2013307c7c234a4cca48ed5657cbb47e22a400bd5f?s=96&d=mm&r=g\",\"width\":96,\"height\":96,\"caption\":\"Leandro Bebiano\"}},{\"@type\":\"WebPage\",\"@id\":\"https:\\\/\\\/anoticiaonline.com.br\\\/site\\\/escola-sao-paulo-recebe-mocao-de-aplausos-da-camara-municipal-de-muriae\\\/#webpage\",\"url\":\"https:\\\/\\\/anoticiaonline.com.br\\\/site\\\/escola-sao-paulo-recebe-mocao-de-aplausos-da-camara-municipal-de-muriae\\\/\",\"name\":\"Escola S\\u00e3o Paulo recebe Mo\\u00e7\\u00e3o de Aplausos da C\\u00e2mara Municipal de Muria\\u00e9 - A Not\\u00edcia Online\",\"description\":\"A Escola S\\u00e3o Paulo recebeu, na noite de ter\\u00e7a-feira (28), das m\\u00e3os da vereadora Mirian Fachini, na C\\u00e2mara Municipal, uma Mo\\u00e7\\u00e3o de Aplausos e Congratula\\u00e7\\u00f5es devido ao sucesso da 23\\u00aa Gincana Solid\\u00e1ria, que arrecadou 11 toneladas de alimentos n\\u00e3o perec\\u00edveis para 11 institui\\u00e7\\u00f5es assistenciais de Muria\\u00e9. A Gincana, realizada no \\u00faltimo m\\u00eas, contou com a\",\"inLanguage\":\"pt-BR\",\"isPartOf\":{\"@id\":\"https:\\\/\\\/anoticiaonline.com.br\\\/site\\\/#website\"},\"breadcrumb\":{\"@id\":\"https:\\\/\\\/anoticiaonline.com.br\\\/site\\\/escola-sao-paulo-recebe-mocao-de-aplausos-da-camara-municipal-de-muriae\\\/#breadcrumblist\"},\"author\":{\"@id\":\"https:\\\/\\\/anoticiaonline.com.br\\\/site\\\/author\\\/leandro\\\/#author\"},\"creator\":{\"@id\":\"https:\\\/\\\/anoticiaonline.com.br\\\/site\\\/author\\\/leandro\\\/#author\"},\"image\":{\"@type\":\"ImageObject\",\"url\":\"https:\\\/\\\/anoticiaonline.com.br\\\/site\\\/wp-content\\\/uploads\\\/2018\\\/08\\\/DSC_0151.jpg\",\"@id\":\"https:\\\/\\\/anoticiaonline.com.br\\\/site\\\/escola-sao-paulo-recebe-mocao-de-aplausos-da-camara-municipal-de-muriae\\\/#mainImage\",\"width\":1000,\"height\":667},\"primaryImageOfPage\":{\"@id\":\"https:\\\/\\\/anoticiaonline.com.br\\\/site\\\/escola-sao-paulo-recebe-mocao-de-aplausos-da-camara-municipal-de-muriae\\\/#mainImage\"},\"datePublished\":\"2018-08-30T22:49:12-03:00\",\"dateModified\":\"2018-08-30T22:49:12-03:00\"},{\"@type\":\"WebSite\",\"@id\":\"https:\\\/\\\/anoticiaonline.com.br\\\/site\\\/#website\",\"url\":\"https:\\\/\\\/anoticiaonline.com.br\\\/site\\\/\",\"name\":\"A Not\\u00edcia Online\",\"description\":\"Noticias de Muria\\u00e9 e regi\\u00e3o\",\"inLanguage\":\"pt-BR\",\"publisher\":{\"@id\":\"https:\\\/\\\/anoticiaonline.com.br\\\/site\\\/#organization\"}}]}\n\t\t<\/script>\n\t\t<!-- All in One SEO -->\n\n","aioseo_head_json":{"title":"Escola S\u00e3o Paulo recebe Mo\u00e7\u00e3o de Aplausos da C\u00e2mara Municipal de Muria\u00e9 - A Not\u00edcia Online","description":"A Escola S\u00e3o Paulo recebeu, na noite de ter\u00e7a-feira (28), das m\u00e3os da vereadora Mirian Fachini, na C\u00e2mara Municipal, uma Mo\u00e7\u00e3o de Aplausos e Congratula\u00e7\u00f5es devido ao sucesso da 23\u00aa Gincana Solid\u00e1ria, que arrecadou 11 toneladas de alimentos n\u00e3o perec\u00edveis para 11 institui\u00e7\u00f5es assistenciais de Muria\u00e9. A Gincana, realizada no \u00faltimo m\u00eas, contou com a","canonical_url":"https:\/\/anoticiaonline.com.br\/site\/escola-sao-paulo-recebe-mocao-de-aplausos-da-camara-municipal-de-muriae\/","robots":"max-image-preview:large","keywords":"","webmasterTools":{"miscellaneous":""},"schema":{"@context":"https:\/\/schema.org","@graph":[{"@type":"BlogPosting","@id":"https:\/\/anoticiaonline.com.br\/site\/escola-sao-paulo-recebe-mocao-de-aplausos-da-camara-municipal-de-muriae\/#blogposting","name":"Escola S\u00e3o Paulo recebe Mo\u00e7\u00e3o de Aplausos da C\u00e2mara Municipal de Muria\u00e9 - A Not\u00edcia Online","headline":"Escola S\u00e3o Paulo recebe Mo\u00e7\u00e3o de Aplausos da C\u00e2mara Municipal de Muria\u00e9","author":{"@id":"https:\/\/anoticiaonline.com.br\/site\/author\/leandro\/#author"},"publisher":{"@id":"https:\/\/anoticiaonline.com.br\/site\/#organization"},"image":{"@type":"ImageObject","url":"https:\/\/anoticiaonline.com.br\/site\/wp-content\/uploads\/2018\/08\/DSC_0151.jpg","width":1000,"height":667},"datePublished":"2018-08-30T22:49:12-03:00","dateModified":"2018-08-30T22:49:12-03:00","inLanguage":"pt-BR","mainEntityOfPage":{"@id":"https:\/\/anoticiaonline.com.br\/site\/escola-sao-paulo-recebe-mocao-de-aplausos-da-camara-municipal-de-muriae\/#webpage"},"isPartOf":{"@id":"https:\/\/anoticiaonline.com.br\/site\/escola-sao-paulo-recebe-mocao-de-aplausos-da-camara-municipal-de-muriae\/#webpage"},"articleSection":"Blog, Eventos, escola s\u00e3o paulo"},{"@type":"BreadcrumbList","@id":"https:\/\/anoticiaonline.com.br\/site\/escola-sao-paulo-recebe-mocao-de-aplausos-da-camara-municipal-de-muriae\/#breadcrumblist","itemListElement":[{"@type":"ListItem","@id":"https:\/\/anoticiaonline.com.br\/site#listItem","position":1,"name":"Home","item":"https:\/\/anoticiaonline.com.br\/site","nextItem":{"@type":"ListItem","@id":"https:\/\/anoticiaonline.com.br\/site\/categoria\/eventos\/#listItem","name":"Eventos"}},{"@type":"ListItem","@id":"https:\/\/anoticiaonline.com.br\/site\/categoria\/eventos\/#listItem","position":2,"name":"Eventos","item":"https:\/\/anoticiaonline.com.br\/site\/categoria\/eventos\/","nextItem":{"@type":"ListItem","@id":"https:\/\/anoticiaonline.com.br\/site\/escola-sao-paulo-recebe-mocao-de-aplausos-da-camara-municipal-de-muriae\/#listItem","name":"Escola S\u00e3o Paulo recebe Mo\u00e7\u00e3o de Aplausos da C\u00e2mara Municipal de Muria\u00e9"},"previousItem":{"@type":"ListItem","@id":"https:\/\/anoticiaonline.com.br\/site#listItem","name":"Home"}},{"@type":"ListItem","@id":"https:\/\/anoticiaonline.com.br\/site\/escola-sao-paulo-recebe-mocao-de-aplausos-da-camara-municipal-de-muriae\/#listItem","position":3,"name":"Escola S\u00e3o Paulo recebe Mo\u00e7\u00e3o de Aplausos da C\u00e2mara Municipal de Muria\u00e9","previousItem":{"@type":"ListItem","@id":"https:\/\/anoticiaonline.com.br\/site\/categoria\/eventos\/#listItem","name":"Eventos"}}]},{"@type":"Organization","@id":"https:\/\/anoticiaonline.com.br\/site\/#organization","name":"A Not\u00edcia Online","description":"Noticias de Muria\u00e9 e regi\u00e3o","url":"https:\/\/anoticiaonline.com.br\/site\/","logo":{"@type":"ImageObject","url":"https:\/\/scontent-gig4-1.xx.fbcdn.net\/v\/t39.30808-1\/270437624_4564083193639691_6907940295614233970_n.jpg?stp=dst-jpg_s200x200_tt6&_nc_cat=111&ccb=1-7&_nc_sid=f907e8&_nc_ohc=SM1wRlP3lJwQ7kNvwEPuBYA&_nc_oc=AdnqrjDN_BNjSSHWO-GbkIWH6fkGMLw4bqvL_NH6e2wMveX7G-rP2dAqsDSq1mJMOaY&_nc_zt=24&_nc_ht=scontent-gig4-1.xx&_nc_gid=AoBFJeGrT1hVaew_6rchkQ&oh=00_AfX7QmFGhQhG2jAllVgXCiM1ZrWgvtp80-Bfppyexh1QEg&oe=689E923C","@id":"https:\/\/anoticiaonline.com.br\/site\/escola-sao-paulo-recebe-mocao-de-aplausos-da-camara-municipal-de-muriae\/#organizationLogo"},"image":{"@id":"https:\/\/anoticiaonline.com.br\/site\/escola-sao-paulo-recebe-mocao-de-aplausos-da-camara-municipal-de-muriae\/#organizationLogo"}},{"@type":"Person","@id":"https:\/\/anoticiaonline.com.br\/site\/author\/leandro\/#author","url":"https:\/\/anoticiaonline.com.br\/site\/author\/leandro\/","name":"Leandro Bebiano","image":{"@type":"ImageObject","@id":"https:\/\/anoticiaonline.com.br\/site\/escola-sao-paulo-recebe-mocao-de-aplausos-da-camara-municipal-de-muriae\/#authorImage","url":"https:\/\/secure.gravatar.com\/avatar\/99966a20c143db97c8590c2013307c7c234a4cca48ed5657cbb47e22a400bd5f?s=96&d=mm&r=g","width":96,"height":96,"caption":"Leandro Bebiano"}},{"@type":"WebPage","@id":"https:\/\/anoticiaonline.com.br\/site\/escola-sao-paulo-recebe-mocao-de-aplausos-da-camara-municipal-de-muriae\/#webpage","url":"https:\/\/anoticiaonline.com.br\/site\/escola-sao-paulo-recebe-mocao-de-aplausos-da-camara-municipal-de-muriae\/","name":"Escola S\u00e3o Paulo recebe Mo\u00e7\u00e3o de Aplausos da C\u00e2mara Municipal de Muria\u00e9 - A Not\u00edcia Online","description":"A Escola S\u00e3o Paulo recebeu, na noite de ter\u00e7a-feira (28), das m\u00e3os da vereadora Mirian Fachini, na C\u00e2mara Municipal, uma Mo\u00e7\u00e3o de Aplausos e Congratula\u00e7\u00f5es devido ao sucesso da 23\u00aa Gincana Solid\u00e1ria, que arrecadou 11 toneladas de alimentos n\u00e3o perec\u00edveis para 11 institui\u00e7\u00f5es assistenciais de Muria\u00e9. A Gincana, realizada no \u00faltimo m\u00eas, contou com a","inLanguage":"pt-BR","isPartOf":{"@id":"https:\/\/anoticiaonline.com.br\/site\/#website"},"breadcrumb":{"@id":"https:\/\/anoticiaonline.com.br\/site\/escola-sao-paulo-recebe-mocao-de-aplausos-da-camara-municipal-de-muriae\/#breadcrumblist"},"author":{"@id":"https:\/\/anoticiaonline.com.br\/site\/author\/leandro\/#author"},"creator":{"@id":"https:\/\/anoticiaonline.com.br\/site\/author\/leandro\/#author"},"image":{"@type":"ImageObject","url":"https:\/\/anoticiaonline.com.br\/site\/wp-content\/uploads\/2018\/08\/DSC_0151.jpg","@id":"https:\/\/anoticiaonline.com.br\/site\/escola-sao-paulo-recebe-mocao-de-aplausos-da-camara-municipal-de-muriae\/#mainImage","width":1000,"height":667},"primaryImageOfPage":{"@id":"https:\/\/anoticiaonline.com.br\/site\/escola-sao-paulo-recebe-mocao-de-aplausos-da-camara-municipal-de-muriae\/#mainImage"},"datePublished":"2018-08-30T22:49:12-03:00","dateModified":"2018-08-30T22:49:12-03:00"},{"@type":"WebSite","@id":"https:\/\/anoticiaonline.com.br\/site\/#website","url":"https:\/\/anoticiaonline.com.br\/site\/","name":"A Not\u00edcia Online","description":"Noticias de Muria\u00e9 e regi\u00e3o","inLanguage":"pt-BR","publisher":{"@id":"https:\/\/anoticiaonline.com.br\/site\/#organization"}}]},"og:locale":"pt_BR","og:site_name":"A Not\u00edcia Online - Noticias de Muria\u00e9 e regi\u00e3o","og:type":"article","og:title":"Escola S\u00e3o Paulo recebe Mo\u00e7\u00e3o de Aplausos da C\u00e2mara Municipal de Muria\u00e9 - A Not\u00edcia Online","og:description":"A Escola S\u00e3o Paulo recebeu, na noite de ter\u00e7a-feira (28), das m\u00e3os da vereadora Mirian Fachini, na C\u00e2mara Municipal, uma Mo\u00e7\u00e3o de Aplausos e Congratula\u00e7\u00f5es devido ao sucesso da 23\u00aa Gincana Solid\u00e1ria, que arrecadou 11 toneladas de alimentos n\u00e3o perec\u00edveis para 11 institui\u00e7\u00f5es assistenciais de Muria\u00e9. A Gincana, realizada no \u00faltimo m\u00eas, contou com a","og:url":"https:\/\/anoticiaonline.com.br\/site\/escola-sao-paulo-recebe-mocao-de-aplausos-da-camara-municipal-de-muriae\/","og:image":"https:\/\/scontent-gig4-1.xx.fbcdn.net\/v\/t39.30808-1\/270437624_4564083193639691_6907940295614233970_n.jpg?stp=dst-jpg_s200x200_tt6&#038;_nc_cat=111&#038;ccb=1-7&#038;_nc_sid=f907e8&#038;_nc_ohc=SM1wRlP3lJwQ7kNvwEPuBYA&#038;_nc_oc=AdnqrjDN_BNjSSHWO-GbkIWH6fkGMLw4bqvL_NH6e2wMveX7G-rP2dAqsDSq1mJMOaY&#038;_nc_zt=24&#038;_nc_ht=scontent-gig4-1.xx&#038;_nc_gid=AoBFJeGrT1hVaew_6rchkQ&#038;oh=00_AfX7QmFGhQhG2jAllVgXCiM1ZrWgvtp80-Bfppyexh1QEg&#038;oe=689E923C","og:image:secure_url":"https:\/\/scontent-gig4-1.xx.fbcdn.net\/v\/t39.30808-1\/270437624_4564083193639691_6907940295614233970_n.jpg?stp=dst-jpg_s200x200_tt6&#038;_nc_cat=111&#038;ccb=1-7&#038;_nc_sid=f907e8&#038;_nc_ohc=SM1wRlP3lJwQ7kNvwEPuBYA&#038;_nc_oc=AdnqrjDN_BNjSSHWO-GbkIWH6fkGMLw4bqvL_NH6e2wMveX7G-rP2dAqsDSq1mJMOaY&#038;_nc_zt=24&#038;_nc_ht=scontent-gig4-1.xx&#038;_nc_gid=AoBFJeGrT1hVaew_6rchkQ&#038;oh=00_AfX7QmFGhQhG2jAllVgXCiM1ZrWgvtp80-Bfppyexh1QEg&#038;oe=689E923C","article:published_time":"2018-08-31T01:49:12+00:00","article:modified_time":"2018-08-31T01:49:12+00:00","twitter:card":"summary_large_image","twitter:title":"Escola S\u00e3o Paulo recebe Mo\u00e7\u00e3o de Aplausos da C\u00e2mara Municipal de Muria\u00e9 - A Not\u00edcia Online","twitter:description":"A Escola S\u00e3o Paulo recebeu, na noite de ter\u00e7a-feira (28), das m\u00e3os da vereadora Mirian Fachini, na C\u00e2mara Municipal, uma Mo\u00e7\u00e3o de Aplausos e Congratula\u00e7\u00f5es devido ao sucesso da 23\u00aa Gincana Solid\u00e1ria, que arrecadou 11 toneladas de alimentos n\u00e3o perec\u00edveis para 11 institui\u00e7\u00f5es assistenciais de Muria\u00e9. A Gincana, realizada no \u00faltimo m\u00eas, contou com a","twitter:image":"https:\/\/scontent-gig4-1.xx.fbcdn.net\/v\/t39.30808-1\/270437624_4564083193639691_6907940295614233970_n.jpg?stp=dst-jpg_s200x200_tt6&_nc_cat=111&ccb=1-7&_nc_sid=f907e8&_nc_ohc=SM1wRlP3lJwQ7kNvwEPuBYA&_nc_oc=AdnqrjDN_BNjSSHWO-GbkIWH6fkGMLw4bqvL_NH6e2wMveX7G-rP2dAqsDSq1mJMOaY&_nc_zt=24&_nc_ht=scontent-gig4-1.xx&_nc_gid=AoBFJeGrT1hVaew_6rchkQ&oh=00_AfX7QmFGhQhG2jAllVgXCiM1ZrWgvtp80-Bfppyexh1QEg&oe=689E923C"},"aioseo_meta_data":{"post_id":"60848","title":null,"description":null,"keywords":null,"keyphrases":null,"primary_term":null,"canonical_url":null,"og_title":null,"og_description":null,"og_object_type":"default","og_image_type":"default","og_image_url":null,"og_image_width":null,"og_image_height":null,"og_image_custom_url":null,"og_image_custom_fields":null,"og_video":null,"og_custom_url":null,"og_article_section":null,"og_article_tags":null,"twitter_use_og":false,"twitter_card":"default","twitter_image_type":"default","twitter_image_url":null,"twitter_image_custom_url":null,"twitter_image_custom_fields":null,"twitter_title":null,"twitter_description":null,"schema":{"blockGraphs":[],"customGraphs":[],"default":{"data":{"Article":[],"Course":[],"Dataset":[],"FAQPage":[],"Movie":[],"Person":[],"Product":[],"ProductReview":[],"Car":[],"Recipe":[],"Service":[],"SoftwareApplication":[],"WebPage":[]},"graphName":"","isEnabled":true},"graphs":[]},"schema_type":"default","schema_type_options":null,"pillar_content":false,"robots_default":true,"robots_noindex":false,"robots_noarchive":false,"robots_nosnippet":false,"robots_nofollow":false,"robots_noimageindex":false,"robots_noodp":false,"robots_notranslate":false,"robots_max_snippet":null,"robots_max_videopreview":null,"robots_max_imagepreview":"large","priority":null,"frequency":null,"local_seo":null,"breadcrumb_settings":null,"limit_modified_date":false,"ai":null,"created":"2025-08-16 21:32:38","updated":"2025-08-16 21:32:38","focus_keyword":null,"additional_keywords":null,"truseo_locale":null,"seo_analyzer_scan_date":null},"aioseo_breadcrumb":"<div class=\"aioseo-breadcrumbs\"><span class=\"aioseo-breadcrumb\">\n\t\t\t<a href=\"https:\/\/anoticiaonline.com.br\/site\" title=\"Home\">Home<\/a>\n\t\t<\/span><span class=\"aioseo-breadcrumb-separator\">&raquo;<\/span><span class=\"aioseo-breadcrumb\">\n\t\t\t<a href=\"https:\/\/anoticiaonline.com.br\/site\/categoria\/eventos\/\" title=\"Eventos\">Eventos<\/a>\n\t\t<\/span><span class=\"aioseo-breadcrumb-separator\">&raquo;<\/span><span class=\"aioseo-breadcrumb\">\n\t\t\tEscola S\u00e3o Paulo recebe Mo\u00e7\u00e3o de Aplausos da C\u00e2mara Municipal de Muria\u00e9\n\t\t<\/span><\/div>","aioseo_breadcrumb_json":[{"label":"Home","link":"https:\/\/anoticiaonline.com.br\/site"},{"label":"Eventos","link":"https:\/\/anoticiaonline.com.br\/site\/categoria\/eventos\/"},{"label":"Escola S\u00e3o Paulo recebe Mo\u00e7\u00e3o de Aplausos da C\u00e2mara Municipal de Muria\u00e9","link":"https:\/\/anoticiaonline.com.br\/site\/escola-sao-paulo-recebe-mocao-de-aplausos-da-camara-municipal-de-muriae\/"}],"views":137,"_links":{"self":[{"href":"https:\/\/anoticiaonline.com.br\/site\/wp-json\/wp\/v2\/posts\/60848","targetHints":{"allow":["GET"]}}],"collection":[{"href":"https:\/\/anoticiaonline.com.br\/site\/wp-json\/wp\/v2\/posts"}],"about":[{"href":"https:\/\/anoticiaonline.com.br\/site\/wp-json\/wp\/v2\/types\/post"}],"author":[{"embeddable":true,"href":"https:\/\/anoticiaonline.com.br\/site\/wp-json\/wp\/v2\/users\/7"}],"replies":[{"embeddable":true,"href":"https:\/\/anoticiaonline.com.br\/site\/wp-json\/wp\/v2\/comments?post=60848"}],"version-history":[{"count":0,"href":"https:\/\/anoticiaonline.com.br\/site\/wp-json\/wp\/v2\/posts\/60848\/revisions"}],"wp:featuredmedia":[{"embeddable":true,"href":"https:\/\/anoticiaonline.com.br\/site\/wp-json\/wp\/v2\/media\/60850"}],"wp:attachment":[{"href":"https:\/\/anoticiaonline.com.br\/site\/wp-json\/wp\/v2\/media?parent=60848"}],"wp:term":[{"taxonomy":"category","embeddable":true,"href":"https:\/\/anoticiaonline.com.br\/site\/wp-json\/wp\/v2\/categories?post=60848"},{"taxonomy":"post_tag","embeddable":true,"href":"https:\/\/anoticiaonline.com.br\/site\/wp-json\/wp\/v2\/tags?post=60848"}],"curies":[{"name":"wp","href":"https:\/\/api.w.org\/{rel}","templated":true}]}}