{"id":60842,"date":"2018-08-30T21:00:16","date_gmt":"2018-08-31T00:00:16","guid":{"rendered":"http:\/\/anoticiaonline.com.br\/site\/?p=60842"},"modified":"2018-09-03T11:19:39","modified_gmt":"2018-09-03T14:19:39","slug":"esp-promove-noite-de-caldos-em-prol-do-professor-baldanza","status":"publish","type":"post","link":"https:\/\/anoticiaonline.com.br\/site\/esp-promove-noite-de-caldos-em-prol-do-professor-baldanza\/","title":{"rendered":"#For\u00e7aBaldanza"},"content":{"rendered":"<p><em><strong>ESP promove Noite de Caldos em prol do professor Baldanza<\/strong><\/em><\/p>\n<p>A Escola S\u00e3o Paulo, promoveu na noite de sexta-feira (24), uma Noite de Caldos em prol do professor de Educa\u00e7\u00e3o F\u00edsica, Carlos Baldanza, que trata, atualmente, de uma doen\u00e7a degenerativa autoimune. O evento contou com a parceria de diversas empresas, al\u00e9m de alunos e ex-alunos do professor, que dedicou sua vida ao trabalho e ao ensino.<\/p>\n<p>Al\u00e9m dos deliciosos caldos, o p\u00fablico tamb\u00e9m participou de um Bingo Beneficente, cujos pr\u00eamios foram doados por parceiros do evento como Buffet La Castro, pediatra Marcos Guarino, jornal A Not\u00edcia, Stylo Gr\u00e1fica, loja Quatro Esta\u00e7\u00f5es, Unifaminas, cl\u00ednica Sorridents, M\u00e9todo Supera, Fisk, Bland\u2019s Acess\u00f3rios, Colina Country Club e Joan J\u00f3ias.<\/p>\n<p><a href=\"https:\/\/anoticiaonline.com.br\/site\/wp-content\/uploads\/2018\/08\/IMG_9586.jpg\"><img fetchpriority=\"high\" decoding=\"async\" class=\"alignnone size-full wp-image-60843\" src=\"https:\/\/anoticiaonline.com.br\/site\/wp-content\/uploads\/2018\/08\/IMG_9586.jpg\" alt=\"\" width=\"800\" height=\"600\" srcset=\"https:\/\/anoticiaonline.com.br\/site\/wp-content\/uploads\/2018\/08\/IMG_9586.jpg 800w, https:\/\/anoticiaonline.com.br\/site\/wp-content\/uploads\/2018\/08\/IMG_9586-300x225.jpg 300w, https:\/\/anoticiaonline.com.br\/site\/wp-content\/uploads\/2018\/08\/IMG_9586-768x576.jpg 768w\" sizes=\"(max-width: 800px) 100vw, 800px\" \/><\/a> <a href=\"https:\/\/anoticiaonline.com.br\/site\/wp-content\/uploads\/2018\/08\/IMG_9516.jpg\"><img decoding=\"async\" class=\"alignnone size-full wp-image-60844\" src=\"https:\/\/anoticiaonline.com.br\/site\/wp-content\/uploads\/2018\/08\/IMG_9516.jpg\" alt=\"\" width=\"800\" height=\"600\" srcset=\"https:\/\/anoticiaonline.com.br\/site\/wp-content\/uploads\/2018\/08\/IMG_9516.jpg 800w, https:\/\/anoticiaonline.com.br\/site\/wp-content\/uploads\/2018\/08\/IMG_9516-300x225.jpg 300w, https:\/\/anoticiaonline.com.br\/site\/wp-content\/uploads\/2018\/08\/IMG_9516-768x576.jpg 768w\" sizes=\"(max-width: 800px) 100vw, 800px\" \/><\/a> <a href=\"https:\/\/anoticiaonline.com.br\/site\/wp-content\/uploads\/2018\/08\/IMG_9534.jpg\"><img decoding=\"async\" class=\"alignnone size-full wp-image-60845\" src=\"https:\/\/anoticiaonline.com.br\/site\/wp-content\/uploads\/2018\/08\/IMG_9534.jpg\" alt=\"\" width=\"800\" height=\"600\" srcset=\"https:\/\/anoticiaonline.com.br\/site\/wp-content\/uploads\/2018\/08\/IMG_9534.jpg 800w, https:\/\/anoticiaonline.com.br\/site\/wp-content\/uploads\/2018\/08\/IMG_9534-300x225.jpg 300w, https:\/\/anoticiaonline.com.br\/site\/wp-content\/uploads\/2018\/08\/IMG_9534-768x576.jpg 768w\" sizes=\"(max-width: 800px) 100vw, 800px\" \/><\/a> <a href=\"https:\/\/anoticiaonline.com.br\/site\/wp-content\/uploads\/2018\/08\/IMG_9547.jpg\"><img loading=\"lazy\" decoding=\"async\" class=\"alignnone size-full wp-image-60846\" src=\"https:\/\/anoticiaonline.com.br\/site\/wp-content\/uploads\/2018\/08\/IMG_9547.jpg\" alt=\"\" width=\"800\" height=\"600\" srcset=\"https:\/\/anoticiaonline.com.br\/site\/wp-content\/uploads\/2018\/08\/IMG_9547.jpg 800w, https:\/\/anoticiaonline.com.br\/site\/wp-content\/uploads\/2018\/08\/IMG_9547-300x225.jpg 300w, https:\/\/anoticiaonline.com.br\/site\/wp-content\/uploads\/2018\/08\/IMG_9547-768x576.jpg 768w\" sizes=\"(max-width: 800px) 100vw, 800px\" \/><\/a><\/p>\n<p>Em agradecimento, Carlos Baldanza disse ter ficado emocionado com a disponibilidade das pessoas em ajuda-lo nessa luta contra a doen\u00e7a.<\/p>\n<p>\u201cS\u00e3o a\u00e7\u00f5es como estas que fazem a diferen\u00e7a. Neste evento pude perceber o quanto fui influente na forma\u00e7\u00e3o dos meus alunos, n\u00e3o s\u00f3 no esporte, mas tamb\u00e9m na vida. Da mesma forma, eles tamb\u00e9m contribu\u00edram positivamente na minha forma\u00e7\u00e3o, na pessoa na qual me tornei. Aqui tamb\u00e9m ter uma no\u00e7\u00e3o de como as pessoas s\u00e3o gratas e unidas. Acredito que este \u00e9 o real motivo pelo qual vivemos e estamos neste planeta. Servir e ajudar o pr\u00f3ximo. Recebi uma energia muito positiva, um astral gostoso e uma grande motiva\u00e7\u00e3o para seguir em frente. Agrade\u00e7o a todos que vieram, principalmente \u00e0queles que n\u00e3o me conhecem, mas acreditaram na causa, a Deus, \u00e0 minha fam\u00edlia, em especial \u00e0 minha esposa e aos meus filhos e todos que pensaram em mim e oraram por mim\u201d, conta.<\/p>\n","protected":false},"excerpt":{"rendered":"<p>ESP promove Noite de Caldos em prol do professor Baldanza A Escola S\u00e3o Paulo, promoveu na noite de sexta-feira (24), uma Noite de Caldos em prol do professor de Educa\u00e7\u00e3o F\u00edsica, Carlos Baldanza, que trata, atualmente, de uma doen\u00e7a degenerativa autoimune. O evento contou com a parceria de diversas empresas, al\u00e9m de alunos e ex-alunos &#8230; <a title=\"#For\u00e7aBaldanza\" class=\"read-more\" href=\"https:\/\/anoticiaonline.com.br\/site\/esp-promove-noite-de-caldos-em-prol-do-professor-baldanza\/\" aria-label=\"Read more about #For\u00e7aBaldanza\">Ler mais<\/a><\/p>\n","protected":false},"author":2,"featured_media":60843,"comment_status":"open","ping_status":"open","sticky":false,"template":"","format":"standard","meta":{"_acf_changed":false,"_monsterinsights_skip_tracking":false,"footnotes":""},"categories":[30,2893],"tags":[],"class_list":["post-60842","post","type-post","status-publish","format-standard","has-post-thumbnail","hentry","category-muriae","category-cotidiano"],"acf":[],"aioseo_notices":[],"aioseo_head":"\n\t\t<!-- All in One SEO 5.0.0.1 - aioseo.com -->\n\t<meta name=\"description\" content=\"ESP promove Noite de Caldos em prol do professor Baldanza A Escola S\u00e3o Paulo, promoveu na noite de sexta-feira (24), uma Noite de Caldos em prol do professor de Educa\u00e7\u00e3o F\u00edsica, Carlos Baldanza, que trata, atualmente, de uma doen\u00e7a degenerativa autoimune. O evento contou com a parceria de diversas empresas, al\u00e9m de alunos e ex-alunos\" \/>\n\t<meta name=\"robots\" content=\"max-image-preview:large\" \/>\n\t<meta name=\"author\" content=\"Juliana Laviola\"\/>\n\t<link rel=\"canonical\" href=\"https:\/\/anoticiaonline.com.br\/site\/esp-promove-noite-de-caldos-em-prol-do-professor-baldanza\/\" \/>\n\t<meta name=\"generator\" content=\"All in One SEO (AIOSEO) 5.0.0.1\" \/>\n\t\t<meta property=\"og:locale\" content=\"pt_BR\" \/>\n\t\t<meta property=\"og:site_name\" content=\"A Not\u00edcia Online - Noticias de Muria\u00e9 e regi\u00e3o\" \/>\n\t\t<meta property=\"og:type\" content=\"article\" \/>\n\t\t<meta property=\"og:title\" content=\"#For\u00e7aBaldanza - A Not\u00edcia Online\" \/>\n\t\t<meta property=\"og:description\" content=\"ESP promove Noite de Caldos em prol do professor Baldanza A Escola S\u00e3o Paulo, promoveu na noite de sexta-feira (24), uma Noite de Caldos em prol do professor de Educa\u00e7\u00e3o F\u00edsica, Carlos Baldanza, que trata, atualmente, de uma doen\u00e7a degenerativa autoimune. O evento contou com a parceria de diversas empresas, al\u00e9m de alunos e ex-alunos\" \/>\n\t\t<meta property=\"og:url\" content=\"https:\/\/anoticiaonline.com.br\/site\/esp-promove-noite-de-caldos-em-prol-do-professor-baldanza\/\" \/>\n\t\t<meta property=\"og:image\" content=\"https:\/\/scontent-gig4-1.xx.fbcdn.net\/v\/t39.30808-1\/270437624_4564083193639691_6907940295614233970_n.jpg?stp=dst-jpg_s200x200_tt6&#038;_nc_cat=111&#038;ccb=1-7&#038;_nc_sid=f907e8&#038;_nc_ohc=SM1wRlP3lJwQ7kNvwEPuBYA&#038;_nc_oc=AdnqrjDN_BNjSSHWO-GbkIWH6fkGMLw4bqvL_NH6e2wMveX7G-rP2dAqsDSq1mJMOaY&#038;_nc_zt=24&#038;_nc_ht=scontent-gig4-1.xx&#038;_nc_gid=AoBFJeGrT1hVaew_6rchkQ&#038;oh=00_AfX7QmFGhQhG2jAllVgXCiM1ZrWgvtp80-Bfppyexh1QEg&#038;oe=689E923C\" \/>\n\t\t<meta property=\"og:image:secure_url\" content=\"https:\/\/scontent-gig4-1.xx.fbcdn.net\/v\/t39.30808-1\/270437624_4564083193639691_6907940295614233970_n.jpg?stp=dst-jpg_s200x200_tt6&#038;_nc_cat=111&#038;ccb=1-7&#038;_nc_sid=f907e8&#038;_nc_ohc=SM1wRlP3lJwQ7kNvwEPuBYA&#038;_nc_oc=AdnqrjDN_BNjSSHWO-GbkIWH6fkGMLw4bqvL_NH6e2wMveX7G-rP2dAqsDSq1mJMOaY&#038;_nc_zt=24&#038;_nc_ht=scontent-gig4-1.xx&#038;_nc_gid=AoBFJeGrT1hVaew_6rchkQ&#038;oh=00_AfX7QmFGhQhG2jAllVgXCiM1ZrWgvtp80-Bfppyexh1QEg&#038;oe=689E923C\" \/>\n\t\t<meta property=\"article:published_time\" content=\"2018-08-31T00:00:16+00:00\" \/>\n\t\t<meta property=\"article:modified_time\" content=\"2018-09-03T14:19:39+00:00\" \/>\n\t\t<meta name=\"twitter:card\" content=\"summary_large_image\" \/>\n\t\t<meta name=\"twitter:title\" content=\"#For\u00e7aBaldanza - A Not\u00edcia Online\" \/>\n\t\t<meta name=\"twitter:description\" content=\"ESP promove Noite de Caldos em prol do professor Baldanza A Escola S\u00e3o Paulo, promoveu na noite de sexta-feira (24), uma Noite de Caldos em prol do professor de Educa\u00e7\u00e3o F\u00edsica, Carlos Baldanza, que trata, atualmente, de uma doen\u00e7a degenerativa autoimune. O evento contou com a parceria de diversas empresas, al\u00e9m de alunos e ex-alunos\" \/>\n\t\t<meta name=\"twitter:image\" content=\"https:\/\/scontent-gig4-1.xx.fbcdn.net\/v\/t39.30808-1\/270437624_4564083193639691_6907940295614233970_n.jpg?stp=dst-jpg_s200x200_tt6&amp;_nc_cat=111&amp;ccb=1-7&amp;_nc_sid=f907e8&amp;_nc_ohc=SM1wRlP3lJwQ7kNvwEPuBYA&amp;_nc_oc=AdnqrjDN_BNjSSHWO-GbkIWH6fkGMLw4bqvL_NH6e2wMveX7G-rP2dAqsDSq1mJMOaY&amp;_nc_zt=24&amp;_nc_ht=scontent-gig4-1.xx&amp;_nc_gid=AoBFJeGrT1hVaew_6rchkQ&amp;oh=00_AfX7QmFGhQhG2jAllVgXCiM1ZrWgvtp80-Bfppyexh1QEg&amp;oe=689E923C\" \/>\n\t\t<script type=\"application\/ld+json\" class=\"aioseo-schema\">\n\t\t\t{\"@context\":\"https:\\\/\\\/schema.org\",\"@graph\":[{\"@type\":\"BlogPosting\",\"@id\":\"https:\\\/\\\/anoticiaonline.com.br\\\/site\\\/esp-promove-noite-de-caldos-em-prol-do-professor-baldanza\\\/#blogposting\",\"name\":\"#For\\u00e7aBaldanza - A Not\\u00edcia Online\",\"headline\":\"#For\\u00e7aBaldanza\",\"author\":{\"@id\":\"https:\\\/\\\/anoticiaonline.com.br\\\/site\\\/author\\\/juliana\\\/#author\"},\"publisher\":{\"@id\":\"https:\\\/\\\/anoticiaonline.com.br\\\/site\\\/#organization\"},\"image\":{\"@type\":\"ImageObject\",\"url\":\"https:\\\/\\\/anoticiaonline.com.br\\\/site\\\/wp-content\\\/uploads\\\/2018\\\/08\\\/IMG_9586.jpg\",\"width\":800,\"height\":600},\"datePublished\":\"2018-08-30T21:00:16-03:00\",\"dateModified\":\"2018-09-03T11:19:39-03:00\",\"inLanguage\":\"pt-BR\",\"mainEntityOfPage\":{\"@id\":\"https:\\\/\\\/anoticiaonline.com.br\\\/site\\\/esp-promove-noite-de-caldos-em-prol-do-professor-baldanza\\\/#webpage\"},\"isPartOf\":{\"@id\":\"https:\\\/\\\/anoticiaonline.com.br\\\/site\\\/esp-promove-noite-de-caldos-em-prol-do-professor-baldanza\\\/#webpage\"},\"articleSection\":\"Blog, Cotidiano\"},{\"@type\":\"BreadcrumbList\",\"@id\":\"https:\\\/\\\/anoticiaonline.com.br\\\/site\\\/esp-promove-noite-de-caldos-em-prol-do-professor-baldanza\\\/#breadcrumblist\",\"itemListElement\":[{\"@type\":\"ListItem\",\"@id\":\"https:\\\/\\\/anoticiaonline.com.br\\\/site#listItem\",\"position\":1,\"name\":\"Home\",\"item\":\"https:\\\/\\\/anoticiaonline.com.br\\\/site\",\"nextItem\":{\"@type\":\"ListItem\",\"@id\":\"https:\\\/\\\/anoticiaonline.com.br\\\/site\\\/categoria\\\/muriae\\\/#listItem\",\"name\":\"Blog\"}},{\"@type\":\"ListItem\",\"@id\":\"https:\\\/\\\/anoticiaonline.com.br\\\/site\\\/categoria\\\/muriae\\\/#listItem\",\"position\":2,\"name\":\"Blog\",\"item\":\"https:\\\/\\\/anoticiaonline.com.br\\\/site\\\/categoria\\\/muriae\\\/\",\"nextItem\":{\"@type\":\"ListItem\",\"@id\":\"https:\\\/\\\/anoticiaonline.com.br\\\/site\\\/categoria\\\/muriae\\\/cotidiano\\\/#listItem\",\"name\":\"Cotidiano\"},\"previousItem\":{\"@type\":\"ListItem\",\"@id\":\"https:\\\/\\\/anoticiaonline.com.br\\\/site#listItem\",\"name\":\"Home\"}},{\"@type\":\"ListItem\",\"@id\":\"https:\\\/\\\/anoticiaonline.com.br\\\/site\\\/categoria\\\/muriae\\\/cotidiano\\\/#listItem\",\"position\":3,\"name\":\"Cotidiano\",\"item\":\"https:\\\/\\\/anoticiaonline.com.br\\\/site\\\/categoria\\\/muriae\\\/cotidiano\\\/\",\"nextItem\":{\"@type\":\"ListItem\",\"@id\":\"https:\\\/\\\/anoticiaonline.com.br\\\/site\\\/esp-promove-noite-de-caldos-em-prol-do-professor-baldanza\\\/#listItem\",\"name\":\"#For\\u00e7aBaldanza\"},\"previousItem\":{\"@type\":\"ListItem\",\"@id\":\"https:\\\/\\\/anoticiaonline.com.br\\\/site\\\/categoria\\\/muriae\\\/#listItem\",\"name\":\"Blog\"}},{\"@type\":\"ListItem\",\"@id\":\"https:\\\/\\\/anoticiaonline.com.br\\\/site\\\/esp-promove-noite-de-caldos-em-prol-do-professor-baldanza\\\/#listItem\",\"position\":4,\"name\":\"#For\\u00e7aBaldanza\",\"previousItem\":{\"@type\":\"ListItem\",\"@id\":\"https:\\\/\\\/anoticiaonline.com.br\\\/site\\\/categoria\\\/muriae\\\/cotidiano\\\/#listItem\",\"name\":\"Cotidiano\"}}]},{\"@type\":\"Organization\",\"@id\":\"https:\\\/\\\/anoticiaonline.com.br\\\/site\\\/#organization\",\"name\":\"A Not\\u00edcia Online\",\"description\":\"Noticias de Muria\\u00e9 e regi\\u00e3o\",\"url\":\"https:\\\/\\\/anoticiaonline.com.br\\\/site\\\/\",\"logo\":{\"@type\":\"ImageObject\",\"url\":\"https:\\\/\\\/scontent-gig4-1.xx.fbcdn.net\\\/v\\\/t39.30808-1\\\/270437624_4564083193639691_6907940295614233970_n.jpg?stp=dst-jpg_s200x200_tt6&_nc_cat=111&ccb=1-7&_nc_sid=f907e8&_nc_ohc=SM1wRlP3lJwQ7kNvwEPuBYA&_nc_oc=AdnqrjDN_BNjSSHWO-GbkIWH6fkGMLw4bqvL_NH6e2wMveX7G-rP2dAqsDSq1mJMOaY&_nc_zt=24&_nc_ht=scontent-gig4-1.xx&_nc_gid=AoBFJeGrT1hVaew_6rchkQ&oh=00_AfX7QmFGhQhG2jAllVgXCiM1ZrWgvtp80-Bfppyexh1QEg&oe=689E923C\",\"@id\":\"https:\\\/\\\/anoticiaonline.com.br\\\/site\\\/esp-promove-noite-de-caldos-em-prol-do-professor-baldanza\\\/#organizationLogo\"},\"image\":{\"@id\":\"https:\\\/\\\/anoticiaonline.com.br\\\/site\\\/esp-promove-noite-de-caldos-em-prol-do-professor-baldanza\\\/#organizationLogo\"}},{\"@type\":\"Person\",\"@id\":\"https:\\\/\\\/anoticiaonline.com.br\\\/site\\\/author\\\/juliana\\\/#author\",\"url\":\"https:\\\/\\\/anoticiaonline.com.br\\\/site\\\/author\\\/juliana\\\/\",\"name\":\"Juliana Laviola\",\"image\":{\"@type\":\"ImageObject\",\"@id\":\"https:\\\/\\\/anoticiaonline.com.br\\\/site\\\/esp-promove-noite-de-caldos-em-prol-do-professor-baldanza\\\/#authorImage\",\"url\":\"https:\\\/\\\/secure.gravatar.com\\\/avatar\\\/b8d45f5c699b100dfaf0e543582f38f38bf94cb7ae3a5e9abf8d891a34773335?s=96&d=mm&r=g\",\"width\":96,\"height\":96,\"caption\":\"Juliana Laviola\"}},{\"@type\":\"WebPage\",\"@id\":\"https:\\\/\\\/anoticiaonline.com.br\\\/site\\\/esp-promove-noite-de-caldos-em-prol-do-professor-baldanza\\\/#webpage\",\"url\":\"https:\\\/\\\/anoticiaonline.com.br\\\/site\\\/esp-promove-noite-de-caldos-em-prol-do-professor-baldanza\\\/\",\"name\":\"#For\\u00e7aBaldanza - A Not\\u00edcia Online\",\"description\":\"ESP promove Noite de Caldos em prol do professor Baldanza A Escola S\\u00e3o Paulo, promoveu na noite de sexta-feira (24), uma Noite de Caldos em prol do professor de Educa\\u00e7\\u00e3o F\\u00edsica, Carlos Baldanza, que trata, atualmente, de uma doen\\u00e7a degenerativa autoimune. O evento contou com a parceria de diversas empresas, al\\u00e9m de alunos e ex-alunos\",\"inLanguage\":\"pt-BR\",\"isPartOf\":{\"@id\":\"https:\\\/\\\/anoticiaonline.com.br\\\/site\\\/#website\"},\"breadcrumb\":{\"@id\":\"https:\\\/\\\/anoticiaonline.com.br\\\/site\\\/esp-promove-noite-de-caldos-em-prol-do-professor-baldanza\\\/#breadcrumblist\"},\"author\":{\"@id\":\"https:\\\/\\\/anoticiaonline.com.br\\\/site\\\/author\\\/juliana\\\/#author\"},\"creator\":{\"@id\":\"https:\\\/\\\/anoticiaonline.com.br\\\/site\\\/author\\\/juliana\\\/#author\"},\"image\":{\"@type\":\"ImageObject\",\"url\":\"https:\\\/\\\/anoticiaonline.com.br\\\/site\\\/wp-content\\\/uploads\\\/2018\\\/08\\\/IMG_9586.jpg\",\"@id\":\"https:\\\/\\\/anoticiaonline.com.br\\\/site\\\/esp-promove-noite-de-caldos-em-prol-do-professor-baldanza\\\/#mainImage\",\"width\":800,\"height\":600},\"primaryImageOfPage\":{\"@id\":\"https:\\\/\\\/anoticiaonline.com.br\\\/site\\\/esp-promove-noite-de-caldos-em-prol-do-professor-baldanza\\\/#mainImage\"},\"datePublished\":\"2018-08-30T21:00:16-03:00\",\"dateModified\":\"2018-09-03T11:19:39-03:00\"},{\"@type\":\"WebSite\",\"@id\":\"https:\\\/\\\/anoticiaonline.com.br\\\/site\\\/#website\",\"url\":\"https:\\\/\\\/anoticiaonline.com.br\\\/site\\\/\",\"name\":\"A Not\\u00edcia Online\",\"description\":\"Noticias de Muria\\u00e9 e regi\\u00e3o\",\"inLanguage\":\"pt-BR\",\"publisher\":{\"@id\":\"https:\\\/\\\/anoticiaonline.com.br\\\/site\\\/#organization\"}}]}\n\t\t<\/script>\n\t\t<!-- All in One SEO -->\n\n","aioseo_head_json":{"title":"#For\u00e7aBaldanza - A Not\u00edcia Online","description":"ESP promove Noite de Caldos em prol do professor Baldanza A Escola S\u00e3o Paulo, promoveu na noite de sexta-feira (24), uma Noite de Caldos em prol do professor de Educa\u00e7\u00e3o F\u00edsica, Carlos Baldanza, que trata, atualmente, de uma doen\u00e7a degenerativa autoimune. O evento contou com a parceria de diversas empresas, al\u00e9m de alunos e ex-alunos","canonical_url":"https:\/\/anoticiaonline.com.br\/site\/esp-promove-noite-de-caldos-em-prol-do-professor-baldanza\/","robots":"max-image-preview:large","keywords":"","webmasterTools":{"miscellaneous":""},"schema":{"@context":"https:\/\/schema.org","@graph":[{"@type":"BlogPosting","@id":"https:\/\/anoticiaonline.com.br\/site\/esp-promove-noite-de-caldos-em-prol-do-professor-baldanza\/#blogposting","name":"#For\u00e7aBaldanza - A Not\u00edcia Online","headline":"#For\u00e7aBaldanza","author":{"@id":"https:\/\/anoticiaonline.com.br\/site\/author\/juliana\/#author"},"publisher":{"@id":"https:\/\/anoticiaonline.com.br\/site\/#organization"},"image":{"@type":"ImageObject","url":"https:\/\/anoticiaonline.com.br\/site\/wp-content\/uploads\/2018\/08\/IMG_9586.jpg","width":800,"height":600},"datePublished":"2018-08-30T21:00:16-03:00","dateModified":"2018-09-03T11:19:39-03:00","inLanguage":"pt-BR","mainEntityOfPage":{"@id":"https:\/\/anoticiaonline.com.br\/site\/esp-promove-noite-de-caldos-em-prol-do-professor-baldanza\/#webpage"},"isPartOf":{"@id":"https:\/\/anoticiaonline.com.br\/site\/esp-promove-noite-de-caldos-em-prol-do-professor-baldanza\/#webpage"},"articleSection":"Blog, Cotidiano"},{"@type":"BreadcrumbList","@id":"https:\/\/anoticiaonline.com.br\/site\/esp-promove-noite-de-caldos-em-prol-do-professor-baldanza\/#breadcrumblist","itemListElement":[{"@type":"ListItem","@id":"https:\/\/anoticiaonline.com.br\/site#listItem","position":1,"name":"Home","item":"https:\/\/anoticiaonline.com.br\/site","nextItem":{"@type":"ListItem","@id":"https:\/\/anoticiaonline.com.br\/site\/categoria\/muriae\/#listItem","name":"Blog"}},{"@type":"ListItem","@id":"https:\/\/anoticiaonline.com.br\/site\/categoria\/muriae\/#listItem","position":2,"name":"Blog","item":"https:\/\/anoticiaonline.com.br\/site\/categoria\/muriae\/","nextItem":{"@type":"ListItem","@id":"https:\/\/anoticiaonline.com.br\/site\/categoria\/muriae\/cotidiano\/#listItem","name":"Cotidiano"},"previousItem":{"@type":"ListItem","@id":"https:\/\/anoticiaonline.com.br\/site#listItem","name":"Home"}},{"@type":"ListItem","@id":"https:\/\/anoticiaonline.com.br\/site\/categoria\/muriae\/cotidiano\/#listItem","position":3,"name":"Cotidiano","item":"https:\/\/anoticiaonline.com.br\/site\/categoria\/muriae\/cotidiano\/","nextItem":{"@type":"ListItem","@id":"https:\/\/anoticiaonline.com.br\/site\/esp-promove-noite-de-caldos-em-prol-do-professor-baldanza\/#listItem","name":"#For\u00e7aBaldanza"},"previousItem":{"@type":"ListItem","@id":"https:\/\/anoticiaonline.com.br\/site\/categoria\/muriae\/#listItem","name":"Blog"}},{"@type":"ListItem","@id":"https:\/\/anoticiaonline.com.br\/site\/esp-promove-noite-de-caldos-em-prol-do-professor-baldanza\/#listItem","position":4,"name":"#For\u00e7aBaldanza","previousItem":{"@type":"ListItem","@id":"https:\/\/anoticiaonline.com.br\/site\/categoria\/muriae\/cotidiano\/#listItem","name":"Cotidiano"}}]},{"@type":"Organization","@id":"https:\/\/anoticiaonline.com.br\/site\/#organization","name":"A Not\u00edcia Online","description":"Noticias de Muria\u00e9 e regi\u00e3o","url":"https:\/\/anoticiaonline.com.br\/site\/","logo":{"@type":"ImageObject","url":"https:\/\/scontent-gig4-1.xx.fbcdn.net\/v\/t39.30808-1\/270437624_4564083193639691_6907940295614233970_n.jpg?stp=dst-jpg_s200x200_tt6&_nc_cat=111&ccb=1-7&_nc_sid=f907e8&_nc_ohc=SM1wRlP3lJwQ7kNvwEPuBYA&_nc_oc=AdnqrjDN_BNjSSHWO-GbkIWH6fkGMLw4bqvL_NH6e2wMveX7G-rP2dAqsDSq1mJMOaY&_nc_zt=24&_nc_ht=scontent-gig4-1.xx&_nc_gid=AoBFJeGrT1hVaew_6rchkQ&oh=00_AfX7QmFGhQhG2jAllVgXCiM1ZrWgvtp80-Bfppyexh1QEg&oe=689E923C","@id":"https:\/\/anoticiaonline.com.br\/site\/esp-promove-noite-de-caldos-em-prol-do-professor-baldanza\/#organizationLogo"},"image":{"@id":"https:\/\/anoticiaonline.com.br\/site\/esp-promove-noite-de-caldos-em-prol-do-professor-baldanza\/#organizationLogo"}},{"@type":"Person","@id":"https:\/\/anoticiaonline.com.br\/site\/author\/juliana\/#author","url":"https:\/\/anoticiaonline.com.br\/site\/author\/juliana\/","name":"Juliana Laviola","image":{"@type":"ImageObject","@id":"https:\/\/anoticiaonline.com.br\/site\/esp-promove-noite-de-caldos-em-prol-do-professor-baldanza\/#authorImage","url":"https:\/\/secure.gravatar.com\/avatar\/b8d45f5c699b100dfaf0e543582f38f38bf94cb7ae3a5e9abf8d891a34773335?s=96&d=mm&r=g","width":96,"height":96,"caption":"Juliana Laviola"}},{"@type":"WebPage","@id":"https:\/\/anoticiaonline.com.br\/site\/esp-promove-noite-de-caldos-em-prol-do-professor-baldanza\/#webpage","url":"https:\/\/anoticiaonline.com.br\/site\/esp-promove-noite-de-caldos-em-prol-do-professor-baldanza\/","name":"#For\u00e7aBaldanza - A Not\u00edcia Online","description":"ESP promove Noite de Caldos em prol do professor Baldanza A Escola S\u00e3o Paulo, promoveu na noite de sexta-feira (24), uma Noite de Caldos em prol do professor de Educa\u00e7\u00e3o F\u00edsica, Carlos Baldanza, que trata, atualmente, de uma doen\u00e7a degenerativa autoimune. O evento contou com a parceria de diversas empresas, al\u00e9m de alunos e ex-alunos","inLanguage":"pt-BR","isPartOf":{"@id":"https:\/\/anoticiaonline.com.br\/site\/#website"},"breadcrumb":{"@id":"https:\/\/anoticiaonline.com.br\/site\/esp-promove-noite-de-caldos-em-prol-do-professor-baldanza\/#breadcrumblist"},"author":{"@id":"https:\/\/anoticiaonline.com.br\/site\/author\/juliana\/#author"},"creator":{"@id":"https:\/\/anoticiaonline.com.br\/site\/author\/juliana\/#author"},"image":{"@type":"ImageObject","url":"https:\/\/anoticiaonline.com.br\/site\/wp-content\/uploads\/2018\/08\/IMG_9586.jpg","@id":"https:\/\/anoticiaonline.com.br\/site\/esp-promove-noite-de-caldos-em-prol-do-professor-baldanza\/#mainImage","width":800,"height":600},"primaryImageOfPage":{"@id":"https:\/\/anoticiaonline.com.br\/site\/esp-promove-noite-de-caldos-em-prol-do-professor-baldanza\/#mainImage"},"datePublished":"2018-08-30T21:00:16-03:00","dateModified":"2018-09-03T11:19:39-03:00"},{"@type":"WebSite","@id":"https:\/\/anoticiaonline.com.br\/site\/#website","url":"https:\/\/anoticiaonline.com.br\/site\/","name":"A Not\u00edcia Online","description":"Noticias de Muria\u00e9 e regi\u00e3o","inLanguage":"pt-BR","publisher":{"@id":"https:\/\/anoticiaonline.com.br\/site\/#organization"}}]},"og:locale":"pt_BR","og:site_name":"A Not\u00edcia Online - Noticias de Muria\u00e9 e regi\u00e3o","og:type":"article","og:title":"#For\u00e7aBaldanza - A Not\u00edcia Online","og:description":"ESP promove Noite de Caldos em prol do professor Baldanza A Escola S\u00e3o Paulo, promoveu na noite de sexta-feira (24), uma Noite de Caldos em prol do professor de Educa\u00e7\u00e3o F\u00edsica, Carlos Baldanza, que trata, atualmente, de uma doen\u00e7a degenerativa autoimune. O evento contou com a parceria de diversas empresas, al\u00e9m de alunos e ex-alunos","og:url":"https:\/\/anoticiaonline.com.br\/site\/esp-promove-noite-de-caldos-em-prol-do-professor-baldanza\/","og:image":"https:\/\/scontent-gig4-1.xx.fbcdn.net\/v\/t39.30808-1\/270437624_4564083193639691_6907940295614233970_n.jpg?stp=dst-jpg_s200x200_tt6&#038;_nc_cat=111&#038;ccb=1-7&#038;_nc_sid=f907e8&#038;_nc_ohc=SM1wRlP3lJwQ7kNvwEPuBYA&#038;_nc_oc=AdnqrjDN_BNjSSHWO-GbkIWH6fkGMLw4bqvL_NH6e2wMveX7G-rP2dAqsDSq1mJMOaY&#038;_nc_zt=24&#038;_nc_ht=scontent-gig4-1.xx&#038;_nc_gid=AoBFJeGrT1hVaew_6rchkQ&#038;oh=00_AfX7QmFGhQhG2jAllVgXCiM1ZrWgvtp80-Bfppyexh1QEg&#038;oe=689E923C","og:image:secure_url":"https:\/\/scontent-gig4-1.xx.fbcdn.net\/v\/t39.30808-1\/270437624_4564083193639691_6907940295614233970_n.jpg?stp=dst-jpg_s200x200_tt6&#038;_nc_cat=111&#038;ccb=1-7&#038;_nc_sid=f907e8&#038;_nc_ohc=SM1wRlP3lJwQ7kNvwEPuBYA&#038;_nc_oc=AdnqrjDN_BNjSSHWO-GbkIWH6fkGMLw4bqvL_NH6e2wMveX7G-rP2dAqsDSq1mJMOaY&#038;_nc_zt=24&#038;_nc_ht=scontent-gig4-1.xx&#038;_nc_gid=AoBFJeGrT1hVaew_6rchkQ&#038;oh=00_AfX7QmFGhQhG2jAllVgXCiM1ZrWgvtp80-Bfppyexh1QEg&#038;oe=689E923C","article:published_time":"2018-08-31T00:00:16+00:00","article:modified_time":"2018-09-03T14:19:39+00:00","twitter:card":"summary_large_image","twitter:title":"#For\u00e7aBaldanza - A Not\u00edcia Online","twitter:description":"ESP promove Noite de Caldos em prol do professor Baldanza A Escola S\u00e3o Paulo, promoveu na noite de sexta-feira (24), uma Noite de Caldos em prol do professor de Educa\u00e7\u00e3o F\u00edsica, Carlos Baldanza, que trata, atualmente, de uma doen\u00e7a degenerativa autoimune. O evento contou com a parceria de diversas empresas, al\u00e9m de alunos e ex-alunos","twitter:image":"https:\/\/scontent-gig4-1.xx.fbcdn.net\/v\/t39.30808-1\/270437624_4564083193639691_6907940295614233970_n.jpg?stp=dst-jpg_s200x200_tt6&_nc_cat=111&ccb=1-7&_nc_sid=f907e8&_nc_ohc=SM1wRlP3lJwQ7kNvwEPuBYA&_nc_oc=AdnqrjDN_BNjSSHWO-GbkIWH6fkGMLw4bqvL_NH6e2wMveX7G-rP2dAqsDSq1mJMOaY&_nc_zt=24&_nc_ht=scontent-gig4-1.xx&_nc_gid=AoBFJeGrT1hVaew_6rchkQ&oh=00_AfX7QmFGhQhG2jAllVgXCiM1ZrWgvtp80-Bfppyexh1QEg&oe=689E923C"},"aioseo_meta_data":{"post_id":"60842","title":null,"description":null,"keywords":null,"keyphrases":null,"primary_term":null,"canonical_url":null,"og_title":null,"og_description":null,"og_object_type":"default","og_image_type":"default","og_image_url":null,"og_image_width":null,"og_image_height":null,"og_image_custom_url":null,"og_image_custom_fields":null,"og_video":null,"og_custom_url":null,"og_article_section":null,"og_article_tags":null,"twitter_use_og":false,"twitter_card":"default","twitter_image_type":"default","twitter_image_url":null,"twitter_image_custom_url":null,"twitter_image_custom_fields":null,"twitter_title":null,"twitter_description":null,"schema":{"blockGraphs":[],"customGraphs":[],"default":{"data":{"Article":[],"Course":[],"Dataset":[],"FAQPage":[],"Movie":[],"Person":[],"Product":[],"ProductReview":[],"Car":[],"Recipe":[],"Service":[],"SoftwareApplication":[],"WebPage":[]},"graphName":"","isEnabled":true},"graphs":[]},"schema_type":"default","schema_type_options":null,"pillar_content":false,"robots_default":true,"robots_noindex":false,"robots_noarchive":false,"robots_nosnippet":false,"robots_nofollow":false,"robots_noimageindex":false,"robots_noodp":false,"robots_notranslate":false,"robots_max_snippet":null,"robots_max_videopreview":null,"robots_max_imagepreview":"large","priority":null,"frequency":null,"local_seo":null,"breadcrumb_settings":null,"limit_modified_date":false,"ai":null,"created":"2025-08-16 21:32:38","updated":"2025-08-16 21:32:38","focus_keyword":null,"additional_keywords":null,"truseo_locale":null,"seo_analyzer_scan_date":null},"aioseo_breadcrumb":"<div class=\"aioseo-breadcrumbs\"><span class=\"aioseo-breadcrumb\">\n\t\t\t<a href=\"https:\/\/anoticiaonline.com.br\/site\" title=\"Home\">Home<\/a>\n\t\t<\/span><span class=\"aioseo-breadcrumb-separator\">&raquo;<\/span><span class=\"aioseo-breadcrumb\">\n\t\t\t<a href=\"https:\/\/anoticiaonline.com.br\/site\/categoria\/muriae\/\" title=\"Blog\">Blog<\/a>\n\t\t<\/span><span class=\"aioseo-breadcrumb-separator\">&raquo;<\/span><span class=\"aioseo-breadcrumb\">\n\t\t\t<a href=\"https:\/\/anoticiaonline.com.br\/site\/categoria\/muriae\/cotidiano\/\" title=\"Cotidiano\">Cotidiano<\/a>\n\t\t<\/span><span class=\"aioseo-breadcrumb-separator\">&raquo;<\/span><span class=\"aioseo-breadcrumb\">\n\t\t\t#For\u00e7aBaldanza\n\t\t<\/span><\/div>","aioseo_breadcrumb_json":[{"label":"Home","link":"https:\/\/anoticiaonline.com.br\/site"},{"label":"Blog","link":"https:\/\/anoticiaonline.com.br\/site\/categoria\/muriae\/"},{"label":"Cotidiano","link":"https:\/\/anoticiaonline.com.br\/site\/categoria\/muriae\/cotidiano\/"},{"label":"#For\u00e7aBaldanza","link":"https:\/\/anoticiaonline.com.br\/site\/esp-promove-noite-de-caldos-em-prol-do-professor-baldanza\/"}],"views":151,"_links":{"self":[{"href":"https:\/\/anoticiaonline.com.br\/site\/wp-json\/wp\/v2\/posts\/60842","targetHints":{"allow":["GET"]}}],"collection":[{"href":"https:\/\/anoticiaonline.com.br\/site\/wp-json\/wp\/v2\/posts"}],"about":[{"href":"https:\/\/anoticiaonline.com.br\/site\/wp-json\/wp\/v2\/types\/post"}],"author":[{"embeddable":true,"href":"https:\/\/anoticiaonline.com.br\/site\/wp-json\/wp\/v2\/users\/2"}],"replies":[{"embeddable":true,"href":"https:\/\/anoticiaonline.com.br\/site\/wp-json\/wp\/v2\/comments?post=60842"}],"version-history":[{"count":0,"href":"https:\/\/anoticiaonline.com.br\/site\/wp-json\/wp\/v2\/posts\/60842\/revisions"}],"wp:featuredmedia":[{"embeddable":true,"href":"https:\/\/anoticiaonline.com.br\/site\/wp-json\/wp\/v2\/media\/60843"}],"wp:attachment":[{"href":"https:\/\/anoticiaonline.com.br\/site\/wp-json\/wp\/v2\/media?parent=60842"}],"wp:term":[{"taxonomy":"category","embeddable":true,"href":"https:\/\/anoticiaonline.com.br\/site\/wp-json\/wp\/v2\/categories?post=60842"},{"taxonomy":"post_tag","embeddable":true,"href":"https:\/\/anoticiaonline.com.br\/site\/wp-json\/wp\/v2\/tags?post=60842"}],"curies":[{"name":"wp","href":"https:\/\/api.w.org\/{rel}","templated":true}]}}