{"id":60828,"date":"2018-08-30T19:55:31","date_gmt":"2018-08-30T22:55:31","guid":{"rendered":"http:\/\/anoticiaonline.com.br\/site\/?p=60828"},"modified":"2018-09-03T17:07:58","modified_gmt":"2018-09-03T20:07:58","slug":"cooperativas-do-sistema-sicoob-do-triangulo-mineiro-marcam-presenca-na-feagro","status":"publish","type":"post","link":"https:\/\/anoticiaonline.com.br\/site\/cooperativas-do-sistema-sicoob-do-triangulo-mineiro-marcam-presenca-na-feagro\/","title":{"rendered":"Cooperativas do sistema Sicoob do Tri\u00e2ngulo Mineiro marcam presen\u00e7a na Feagro"},"content":{"rendered":"<p><a href=\"https:\/\/anoticiaonline.com.br\/site\/wp-content\/uploads\/2018\/08\/Cooperativas-do-sistema-Sicoob-do-Tri\u00e2ngulo-Mineiro-marcam-presen\u00e7a-na-Feagro.jpg\"><img fetchpriority=\"high\" decoding=\"async\" class=\"alignnone size-full wp-image-60829\" src=\"https:\/\/anoticiaonline.com.br\/site\/wp-content\/uploads\/2018\/08\/Cooperativas-do-sistema-Sicoob-do-Tri\u00e2ngulo-Mineiro-marcam-presen\u00e7a-na-Feagro.jpg\" alt=\"\" width=\"800\" height=\"534\" srcset=\"https:\/\/anoticiaonline.com.br\/site\/wp-content\/uploads\/2018\/08\/Cooperativas-do-sistema-Sicoob-do-Tri\u00e2ngulo-Mineiro-marcam-presen\u00e7a-na-Feagro.jpg 800w, https:\/\/anoticiaonline.com.br\/site\/wp-content\/uploads\/2018\/08\/Cooperativas-do-sistema-Sicoob-do-Tri\u00e2ngulo-Mineiro-marcam-presen\u00e7a-na-Feagro-300x200.jpg 300w, https:\/\/anoticiaonline.com.br\/site\/wp-content\/uploads\/2018\/08\/Cooperativas-do-sistema-Sicoob-do-Tri\u00e2ngulo-Mineiro-marcam-presen\u00e7a-na-Feagro-768x513.jpg 768w\" sizes=\"(max-width: 800px) 100vw, 800px\" \/><\/a><\/p>\n<p>A equipe do Sicoob Credisudeste recebeu representantes de quatro cooperativas que integram a Unidade Administrativa Regional 7 (UAR 7) do Sicoob Central Crediminas durante a Feira Agropecu\u00e1ria (Feagro), de 16 a 18 deste m\u00eas, em Espera Feliz.<\/p>\n<p>Equipes do Sicoob Credicampina, do Sicoob Sacramento, do Sicoob Credisales e do Sicoob Credirama, sediadas no Tri\u00e2ngulo Mineiro, marcaram presen\u00e7a no evento, que atraiu 4 mil cooperados da Credisudeste de toda a regi\u00e3o ao Parque de Exposi\u00e7\u00f5es da cidade.<\/p>\n<p>O agente de apoio a neg\u00f3cios da UAR 7, Cassio Carvalho Mendes agradeceu a acolhida na ocasi\u00e3o. \u201cParabenizamos o Sicoob Credisudeste pela iniciativa de criar uma feira t\u00e3o grande e importante para a regi\u00e3o. A cooperativa agiu como agente fomentador e cumpriu seu papel de gerar solu\u00e7\u00f5es financeiras adequadas e sustent\u00e1veis aos seus associados com excelentes estrutura e condi\u00e7\u00f5es comerciais\u201d, disse.<\/p>\n<p>Para o diretor de Neg\u00f3cios do Sicoob Credisudeste, Allan Hot, receber convidados \u00e9 sempre motivo de satisfa\u00e7\u00e3o para a cooperativa de cr\u00e9dito. \u201cSomos reconhecidos como cooperativa refer\u00eancia no Brasil, e isso tem atra\u00eddo cooperativas de toda parte para trocar experi\u00eancias. Toda vez que recebemos visitas, acabamos aprendendo junto\u201d, destaca.<\/p>\n<p>A Feagro contou com 37 empresas expositoras, dentre lojas de insumos e equipamentos agr\u00edcolas, autom\u00f3veis e aparelhos eletr\u00f4nicos.<\/p>\n<p>De acordo com Hot, a feira estimula a concorr\u00eancia, oferecendo melhores taxas que no dia a dia e facilidade de negocia\u00e7\u00e3o. \u201cA equipe trabalhou muito e tudo funcionou dentro do planejado. Nossa cooperativa bateu a meta, com condi\u00e7\u00f5es melhores para os cooperados adquirirem produtos\u201d, disse.<\/p>\n<p>Cr\u00e9ditos: ASCOM Sicoob Credisudeste<\/p>\n","protected":false},"excerpt":{"rendered":"<p>A equipe do Sicoob Credisudeste recebeu representantes de quatro cooperativas que integram a Unidade Administrativa Regional 7 (UAR 7) do Sicoob Central Crediminas durante a Feira Agropecu\u00e1ria (Feagro), de 16 a 18 deste m\u00eas, em Espera Feliz. Equipes do Sicoob Credicampina, do Sicoob Sacramento, do Sicoob Credisales e do Sicoob Credirama, sediadas no Tri\u00e2ngulo Mineiro, &#8230; <a title=\"Cooperativas do sistema Sicoob do Tri\u00e2ngulo Mineiro marcam presen\u00e7a na Feagro\" class=\"read-more\" href=\"https:\/\/anoticiaonline.com.br\/site\/cooperativas-do-sistema-sicoob-do-triangulo-mineiro-marcam-presenca-na-feagro\/\" aria-label=\"Read more about Cooperativas do sistema Sicoob do Tri\u00e2ngulo Mineiro marcam presen\u00e7a na Feagro\">Ler mais<\/a><\/p>\n","protected":false},"author":2,"featured_media":60829,"comment_status":"open","ping_status":"open","sticky":false,"template":"","format":"standard","meta":{"_acf_changed":false,"_monsterinsights_skip_tracking":false,"footnotes":""},"categories":[6],"tags":[],"class_list":["post-60828","post","type-post","status-publish","format-standard","has-post-thumbnail","hentry","category-regiao"],"acf":[],"aioseo_notices":[],"aioseo_head":"\n\t\t<!-- All in One SEO 5.0.0.1 - aioseo.com -->\n\t<meta name=\"description\" content=\"A equipe do Sicoob Credisudeste recebeu representantes de quatro cooperativas que integram a Unidade Administrativa Regional 7 (UAR 7) do Sicoob Central Crediminas durante a Feira Agropecu\u00e1ria (Feagro), de 16 a 18 deste m\u00eas, em Espera Feliz. Equipes do Sicoob Credicampina, do Sicoob Sacramento, do Sicoob Credisales e do Sicoob Credirama, sediadas no Tri\u00e2ngulo Mineiro,\" \/>\n\t<meta name=\"robots\" content=\"max-image-preview:large\" \/>\n\t<meta name=\"author\" content=\"Juliana Laviola\"\/>\n\t<link rel=\"canonical\" href=\"https:\/\/anoticiaonline.com.br\/site\/cooperativas-do-sistema-sicoob-do-triangulo-mineiro-marcam-presenca-na-feagro\/\" \/>\n\t<meta name=\"generator\" content=\"All in One SEO (AIOSEO) 5.0.0.1\" \/>\n\t\t<meta property=\"og:locale\" content=\"pt_BR\" \/>\n\t\t<meta property=\"og:site_name\" content=\"A Not\u00edcia Online - Noticias de Muria\u00e9 e regi\u00e3o\" \/>\n\t\t<meta property=\"og:type\" content=\"article\" \/>\n\t\t<meta property=\"og:title\" content=\"Cooperativas do sistema Sicoob do Tri\u00e2ngulo Mineiro marcam presen\u00e7a na Feagro - A Not\u00edcia Online\" \/>\n\t\t<meta property=\"og:description\" content=\"A equipe do Sicoob Credisudeste recebeu representantes de quatro cooperativas que integram a Unidade Administrativa Regional 7 (UAR 7) do Sicoob Central Crediminas durante a Feira Agropecu\u00e1ria (Feagro), de 16 a 18 deste m\u00eas, em Espera Feliz. Equipes do Sicoob Credicampina, do Sicoob Sacramento, do Sicoob Credisales e do Sicoob Credirama, sediadas no Tri\u00e2ngulo Mineiro,\" \/>\n\t\t<meta property=\"og:url\" content=\"https:\/\/anoticiaonline.com.br\/site\/cooperativas-do-sistema-sicoob-do-triangulo-mineiro-marcam-presenca-na-feagro\/\" \/>\n\t\t<meta property=\"og:image\" content=\"https:\/\/scontent-gig4-1.xx.fbcdn.net\/v\/t39.30808-1\/270437624_4564083193639691_6907940295614233970_n.jpg?stp=dst-jpg_s200x200_tt6&#038;_nc_cat=111&#038;ccb=1-7&#038;_nc_sid=f907e8&#038;_nc_ohc=SM1wRlP3lJwQ7kNvwEPuBYA&#038;_nc_oc=AdnqrjDN_BNjSSHWO-GbkIWH6fkGMLw4bqvL_NH6e2wMveX7G-rP2dAqsDSq1mJMOaY&#038;_nc_zt=24&#038;_nc_ht=scontent-gig4-1.xx&#038;_nc_gid=AoBFJeGrT1hVaew_6rchkQ&#038;oh=00_AfX7QmFGhQhG2jAllVgXCiM1ZrWgvtp80-Bfppyexh1QEg&#038;oe=689E923C\" \/>\n\t\t<meta property=\"og:image:secure_url\" content=\"https:\/\/scontent-gig4-1.xx.fbcdn.net\/v\/t39.30808-1\/270437624_4564083193639691_6907940295614233970_n.jpg?stp=dst-jpg_s200x200_tt6&#038;_nc_cat=111&#038;ccb=1-7&#038;_nc_sid=f907e8&#038;_nc_ohc=SM1wRlP3lJwQ7kNvwEPuBYA&#038;_nc_oc=AdnqrjDN_BNjSSHWO-GbkIWH6fkGMLw4bqvL_NH6e2wMveX7G-rP2dAqsDSq1mJMOaY&#038;_nc_zt=24&#038;_nc_ht=scontent-gig4-1.xx&#038;_nc_gid=AoBFJeGrT1hVaew_6rchkQ&#038;oh=00_AfX7QmFGhQhG2jAllVgXCiM1ZrWgvtp80-Bfppyexh1QEg&#038;oe=689E923C\" \/>\n\t\t<meta property=\"article:published_time\" content=\"2018-08-30T22:55:31+00:00\" \/>\n\t\t<meta property=\"article:modified_time\" content=\"2018-09-03T20:07:58+00:00\" \/>\n\t\t<meta name=\"twitter:card\" content=\"summary_large_image\" \/>\n\t\t<meta name=\"twitter:title\" content=\"Cooperativas do sistema Sicoob do Tri\u00e2ngulo Mineiro marcam presen\u00e7a na Feagro - A Not\u00edcia Online\" \/>\n\t\t<meta name=\"twitter:description\" content=\"A equipe do Sicoob Credisudeste recebeu representantes de quatro cooperativas que integram a Unidade Administrativa Regional 7 (UAR 7) do Sicoob Central Crediminas durante a Feira Agropecu\u00e1ria (Feagro), de 16 a 18 deste m\u00eas, em Espera Feliz. Equipes do Sicoob Credicampina, do Sicoob Sacramento, do Sicoob Credisales e do Sicoob Credirama, sediadas no Tri\u00e2ngulo Mineiro,\" \/>\n\t\t<meta name=\"twitter:image\" content=\"https:\/\/scontent-gig4-1.xx.fbcdn.net\/v\/t39.30808-1\/270437624_4564083193639691_6907940295614233970_n.jpg?stp=dst-jpg_s200x200_tt6&amp;_nc_cat=111&amp;ccb=1-7&amp;_nc_sid=f907e8&amp;_nc_ohc=SM1wRlP3lJwQ7kNvwEPuBYA&amp;_nc_oc=AdnqrjDN_BNjSSHWO-GbkIWH6fkGMLw4bqvL_NH6e2wMveX7G-rP2dAqsDSq1mJMOaY&amp;_nc_zt=24&amp;_nc_ht=scontent-gig4-1.xx&amp;_nc_gid=AoBFJeGrT1hVaew_6rchkQ&amp;oh=00_AfX7QmFGhQhG2jAllVgXCiM1ZrWgvtp80-Bfppyexh1QEg&amp;oe=689E923C\" \/>\n\t\t<script type=\"application\/ld+json\" class=\"aioseo-schema\">\n\t\t\t{\"@context\":\"https:\\\/\\\/schema.org\",\"@graph\":[{\"@type\":\"BlogPosting\",\"@id\":\"https:\\\/\\\/anoticiaonline.com.br\\\/site\\\/cooperativas-do-sistema-sicoob-do-triangulo-mineiro-marcam-presenca-na-feagro\\\/#blogposting\",\"name\":\"Cooperativas do sistema Sicoob do Tri\\u00e2ngulo Mineiro marcam presen\\u00e7a na Feagro - A Not\\u00edcia Online\",\"headline\":\"Cooperativas do sistema Sicoob do Tri\\u00e2ngulo Mineiro marcam presen\\u00e7a na Feagro\",\"author\":{\"@id\":\"https:\\\/\\\/anoticiaonline.com.br\\\/site\\\/author\\\/juliana\\\/#author\"},\"publisher\":{\"@id\":\"https:\\\/\\\/anoticiaonline.com.br\\\/site\\\/#organization\"},\"image\":{\"@type\":\"ImageObject\",\"url\":\"https:\\\/\\\/anoticiaonline.com.br\\\/site\\\/wp-content\\\/uploads\\\/2018\\\/08\\\/Cooperativas-do-sistema-Sicoob-do-Tri\\u00e2ngulo-Mineiro-marcam-presen\\u00e7a-na-Feagro.jpg\",\"width\":800,\"height\":534},\"datePublished\":\"2018-08-30T19:55:31-03:00\",\"dateModified\":\"2018-09-03T17:07:58-03:00\",\"inLanguage\":\"pt-BR\",\"mainEntityOfPage\":{\"@id\":\"https:\\\/\\\/anoticiaonline.com.br\\\/site\\\/cooperativas-do-sistema-sicoob-do-triangulo-mineiro-marcam-presenca-na-feagro\\\/#webpage\"},\"isPartOf\":{\"@id\":\"https:\\\/\\\/anoticiaonline.com.br\\\/site\\\/cooperativas-do-sistema-sicoob-do-triangulo-mineiro-marcam-presenca-na-feagro\\\/#webpage\"},\"articleSection\":\"Regi\\u00e3o\"},{\"@type\":\"BreadcrumbList\",\"@id\":\"https:\\\/\\\/anoticiaonline.com.br\\\/site\\\/cooperativas-do-sistema-sicoob-do-triangulo-mineiro-marcam-presenca-na-feagro\\\/#breadcrumblist\",\"itemListElement\":[{\"@type\":\"ListItem\",\"@id\":\"https:\\\/\\\/anoticiaonline.com.br\\\/site#listItem\",\"position\":1,\"name\":\"Home\",\"item\":\"https:\\\/\\\/anoticiaonline.com.br\\\/site\",\"nextItem\":{\"@type\":\"ListItem\",\"@id\":\"https:\\\/\\\/anoticiaonline.com.br\\\/site\\\/categoria\\\/regiao\\\/#listItem\",\"name\":\"Regi\\u00e3o\"}},{\"@type\":\"ListItem\",\"@id\":\"https:\\\/\\\/anoticiaonline.com.br\\\/site\\\/categoria\\\/regiao\\\/#listItem\",\"position\":2,\"name\":\"Regi\\u00e3o\",\"item\":\"https:\\\/\\\/anoticiaonline.com.br\\\/site\\\/categoria\\\/regiao\\\/\",\"nextItem\":{\"@type\":\"ListItem\",\"@id\":\"https:\\\/\\\/anoticiaonline.com.br\\\/site\\\/cooperativas-do-sistema-sicoob-do-triangulo-mineiro-marcam-presenca-na-feagro\\\/#listItem\",\"name\":\"Cooperativas do sistema Sicoob do Tri\\u00e2ngulo Mineiro marcam presen\\u00e7a na Feagro\"},\"previousItem\":{\"@type\":\"ListItem\",\"@id\":\"https:\\\/\\\/anoticiaonline.com.br\\\/site#listItem\",\"name\":\"Home\"}},{\"@type\":\"ListItem\",\"@id\":\"https:\\\/\\\/anoticiaonline.com.br\\\/site\\\/cooperativas-do-sistema-sicoob-do-triangulo-mineiro-marcam-presenca-na-feagro\\\/#listItem\",\"position\":3,\"name\":\"Cooperativas do sistema Sicoob do Tri\\u00e2ngulo Mineiro marcam presen\\u00e7a na Feagro\",\"previousItem\":{\"@type\":\"ListItem\",\"@id\":\"https:\\\/\\\/anoticiaonline.com.br\\\/site\\\/categoria\\\/regiao\\\/#listItem\",\"name\":\"Regi\\u00e3o\"}}]},{\"@type\":\"Organization\",\"@id\":\"https:\\\/\\\/anoticiaonline.com.br\\\/site\\\/#organization\",\"name\":\"A Not\\u00edcia Online\",\"description\":\"Noticias de Muria\\u00e9 e regi\\u00e3o\",\"url\":\"https:\\\/\\\/anoticiaonline.com.br\\\/site\\\/\",\"logo\":{\"@type\":\"ImageObject\",\"url\":\"https:\\\/\\\/scontent-gig4-1.xx.fbcdn.net\\\/v\\\/t39.30808-1\\\/270437624_4564083193639691_6907940295614233970_n.jpg?stp=dst-jpg_s200x200_tt6&_nc_cat=111&ccb=1-7&_nc_sid=f907e8&_nc_ohc=SM1wRlP3lJwQ7kNvwEPuBYA&_nc_oc=AdnqrjDN_BNjSSHWO-GbkIWH6fkGMLw4bqvL_NH6e2wMveX7G-rP2dAqsDSq1mJMOaY&_nc_zt=24&_nc_ht=scontent-gig4-1.xx&_nc_gid=AoBFJeGrT1hVaew_6rchkQ&oh=00_AfX7QmFGhQhG2jAllVgXCiM1ZrWgvtp80-Bfppyexh1QEg&oe=689E923C\",\"@id\":\"https:\\\/\\\/anoticiaonline.com.br\\\/site\\\/cooperativas-do-sistema-sicoob-do-triangulo-mineiro-marcam-presenca-na-feagro\\\/#organizationLogo\"},\"image\":{\"@id\":\"https:\\\/\\\/anoticiaonline.com.br\\\/site\\\/cooperativas-do-sistema-sicoob-do-triangulo-mineiro-marcam-presenca-na-feagro\\\/#organizationLogo\"}},{\"@type\":\"Person\",\"@id\":\"https:\\\/\\\/anoticiaonline.com.br\\\/site\\\/author\\\/juliana\\\/#author\",\"url\":\"https:\\\/\\\/anoticiaonline.com.br\\\/site\\\/author\\\/juliana\\\/\",\"name\":\"Juliana Laviola\",\"image\":{\"@type\":\"ImageObject\",\"@id\":\"https:\\\/\\\/anoticiaonline.com.br\\\/site\\\/cooperativas-do-sistema-sicoob-do-triangulo-mineiro-marcam-presenca-na-feagro\\\/#authorImage\",\"url\":\"https:\\\/\\\/secure.gravatar.com\\\/avatar\\\/b8d45f5c699b100dfaf0e543582f38f38bf94cb7ae3a5e9abf8d891a34773335?s=96&d=mm&r=g\",\"width\":96,\"height\":96,\"caption\":\"Juliana Laviola\"}},{\"@type\":\"WebPage\",\"@id\":\"https:\\\/\\\/anoticiaonline.com.br\\\/site\\\/cooperativas-do-sistema-sicoob-do-triangulo-mineiro-marcam-presenca-na-feagro\\\/#webpage\",\"url\":\"https:\\\/\\\/anoticiaonline.com.br\\\/site\\\/cooperativas-do-sistema-sicoob-do-triangulo-mineiro-marcam-presenca-na-feagro\\\/\",\"name\":\"Cooperativas do sistema Sicoob do Tri\\u00e2ngulo Mineiro marcam presen\\u00e7a na Feagro - A Not\\u00edcia Online\",\"description\":\"A equipe do Sicoob Credisudeste recebeu representantes de quatro cooperativas que integram a Unidade Administrativa Regional 7 (UAR 7) do Sicoob Central Crediminas durante a Feira Agropecu\\u00e1ria (Feagro), de 16 a 18 deste m\\u00eas, em Espera Feliz. Equipes do Sicoob Credicampina, do Sicoob Sacramento, do Sicoob Credisales e do Sicoob Credirama, sediadas no Tri\\u00e2ngulo Mineiro,\",\"inLanguage\":\"pt-BR\",\"isPartOf\":{\"@id\":\"https:\\\/\\\/anoticiaonline.com.br\\\/site\\\/#website\"},\"breadcrumb\":{\"@id\":\"https:\\\/\\\/anoticiaonline.com.br\\\/site\\\/cooperativas-do-sistema-sicoob-do-triangulo-mineiro-marcam-presenca-na-feagro\\\/#breadcrumblist\"},\"author\":{\"@id\":\"https:\\\/\\\/anoticiaonline.com.br\\\/site\\\/author\\\/juliana\\\/#author\"},\"creator\":{\"@id\":\"https:\\\/\\\/anoticiaonline.com.br\\\/site\\\/author\\\/juliana\\\/#author\"},\"image\":{\"@type\":\"ImageObject\",\"url\":\"https:\\\/\\\/anoticiaonline.com.br\\\/site\\\/wp-content\\\/uploads\\\/2018\\\/08\\\/Cooperativas-do-sistema-Sicoob-do-Tri\\u00e2ngulo-Mineiro-marcam-presen\\u00e7a-na-Feagro.jpg\",\"@id\":\"https:\\\/\\\/anoticiaonline.com.br\\\/site\\\/cooperativas-do-sistema-sicoob-do-triangulo-mineiro-marcam-presenca-na-feagro\\\/#mainImage\",\"width\":800,\"height\":534},\"primaryImageOfPage\":{\"@id\":\"https:\\\/\\\/anoticiaonline.com.br\\\/site\\\/cooperativas-do-sistema-sicoob-do-triangulo-mineiro-marcam-presenca-na-feagro\\\/#mainImage\"},\"datePublished\":\"2018-08-30T19:55:31-03:00\",\"dateModified\":\"2018-09-03T17:07:58-03:00\"},{\"@type\":\"WebSite\",\"@id\":\"https:\\\/\\\/anoticiaonline.com.br\\\/site\\\/#website\",\"url\":\"https:\\\/\\\/anoticiaonline.com.br\\\/site\\\/\",\"name\":\"A Not\\u00edcia Online\",\"description\":\"Noticias de Muria\\u00e9 e regi\\u00e3o\",\"inLanguage\":\"pt-BR\",\"publisher\":{\"@id\":\"https:\\\/\\\/anoticiaonline.com.br\\\/site\\\/#organization\"}}]}\n\t\t<\/script>\n\t\t<!-- All in One SEO -->\n\n","aioseo_head_json":{"title":"Cooperativas do sistema Sicoob do Tri\u00e2ngulo Mineiro marcam presen\u00e7a na Feagro - A Not\u00edcia Online","description":"A equipe do Sicoob Credisudeste recebeu representantes de quatro cooperativas que integram a Unidade Administrativa Regional 7 (UAR 7) do Sicoob Central Crediminas durante a Feira Agropecu\u00e1ria (Feagro), de 16 a 18 deste m\u00eas, em Espera Feliz. Equipes do Sicoob Credicampina, do Sicoob Sacramento, do Sicoob Credisales e do Sicoob Credirama, sediadas no Tri\u00e2ngulo Mineiro,","canonical_url":"https:\/\/anoticiaonline.com.br\/site\/cooperativas-do-sistema-sicoob-do-triangulo-mineiro-marcam-presenca-na-feagro\/","robots":"max-image-preview:large","keywords":"","webmasterTools":{"miscellaneous":""},"schema":{"@context":"https:\/\/schema.org","@graph":[{"@type":"BlogPosting","@id":"https:\/\/anoticiaonline.com.br\/site\/cooperativas-do-sistema-sicoob-do-triangulo-mineiro-marcam-presenca-na-feagro\/#blogposting","name":"Cooperativas do sistema Sicoob do Tri\u00e2ngulo Mineiro marcam presen\u00e7a na Feagro - A Not\u00edcia Online","headline":"Cooperativas do sistema Sicoob do Tri\u00e2ngulo Mineiro marcam presen\u00e7a na Feagro","author":{"@id":"https:\/\/anoticiaonline.com.br\/site\/author\/juliana\/#author"},"publisher":{"@id":"https:\/\/anoticiaonline.com.br\/site\/#organization"},"image":{"@type":"ImageObject","url":"https:\/\/anoticiaonline.com.br\/site\/wp-content\/uploads\/2018\/08\/Cooperativas-do-sistema-Sicoob-do-Tri\u00e2ngulo-Mineiro-marcam-presen\u00e7a-na-Feagro.jpg","width":800,"height":534},"datePublished":"2018-08-30T19:55:31-03:00","dateModified":"2018-09-03T17:07:58-03:00","inLanguage":"pt-BR","mainEntityOfPage":{"@id":"https:\/\/anoticiaonline.com.br\/site\/cooperativas-do-sistema-sicoob-do-triangulo-mineiro-marcam-presenca-na-feagro\/#webpage"},"isPartOf":{"@id":"https:\/\/anoticiaonline.com.br\/site\/cooperativas-do-sistema-sicoob-do-triangulo-mineiro-marcam-presenca-na-feagro\/#webpage"},"articleSection":"Regi\u00e3o"},{"@type":"BreadcrumbList","@id":"https:\/\/anoticiaonline.com.br\/site\/cooperativas-do-sistema-sicoob-do-triangulo-mineiro-marcam-presenca-na-feagro\/#breadcrumblist","itemListElement":[{"@type":"ListItem","@id":"https:\/\/anoticiaonline.com.br\/site#listItem","position":1,"name":"Home","item":"https:\/\/anoticiaonline.com.br\/site","nextItem":{"@type":"ListItem","@id":"https:\/\/anoticiaonline.com.br\/site\/categoria\/regiao\/#listItem","name":"Regi\u00e3o"}},{"@type":"ListItem","@id":"https:\/\/anoticiaonline.com.br\/site\/categoria\/regiao\/#listItem","position":2,"name":"Regi\u00e3o","item":"https:\/\/anoticiaonline.com.br\/site\/categoria\/regiao\/","nextItem":{"@type":"ListItem","@id":"https:\/\/anoticiaonline.com.br\/site\/cooperativas-do-sistema-sicoob-do-triangulo-mineiro-marcam-presenca-na-feagro\/#listItem","name":"Cooperativas do sistema Sicoob do Tri\u00e2ngulo Mineiro marcam presen\u00e7a na Feagro"},"previousItem":{"@type":"ListItem","@id":"https:\/\/anoticiaonline.com.br\/site#listItem","name":"Home"}},{"@type":"ListItem","@id":"https:\/\/anoticiaonline.com.br\/site\/cooperativas-do-sistema-sicoob-do-triangulo-mineiro-marcam-presenca-na-feagro\/#listItem","position":3,"name":"Cooperativas do sistema Sicoob do Tri\u00e2ngulo Mineiro marcam presen\u00e7a na Feagro","previousItem":{"@type":"ListItem","@id":"https:\/\/anoticiaonline.com.br\/site\/categoria\/regiao\/#listItem","name":"Regi\u00e3o"}}]},{"@type":"Organization","@id":"https:\/\/anoticiaonline.com.br\/site\/#organization","name":"A Not\u00edcia Online","description":"Noticias de Muria\u00e9 e regi\u00e3o","url":"https:\/\/anoticiaonline.com.br\/site\/","logo":{"@type":"ImageObject","url":"https:\/\/scontent-gig4-1.xx.fbcdn.net\/v\/t39.30808-1\/270437624_4564083193639691_6907940295614233970_n.jpg?stp=dst-jpg_s200x200_tt6&_nc_cat=111&ccb=1-7&_nc_sid=f907e8&_nc_ohc=SM1wRlP3lJwQ7kNvwEPuBYA&_nc_oc=AdnqrjDN_BNjSSHWO-GbkIWH6fkGMLw4bqvL_NH6e2wMveX7G-rP2dAqsDSq1mJMOaY&_nc_zt=24&_nc_ht=scontent-gig4-1.xx&_nc_gid=AoBFJeGrT1hVaew_6rchkQ&oh=00_AfX7QmFGhQhG2jAllVgXCiM1ZrWgvtp80-Bfppyexh1QEg&oe=689E923C","@id":"https:\/\/anoticiaonline.com.br\/site\/cooperativas-do-sistema-sicoob-do-triangulo-mineiro-marcam-presenca-na-feagro\/#organizationLogo"},"image":{"@id":"https:\/\/anoticiaonline.com.br\/site\/cooperativas-do-sistema-sicoob-do-triangulo-mineiro-marcam-presenca-na-feagro\/#organizationLogo"}},{"@type":"Person","@id":"https:\/\/anoticiaonline.com.br\/site\/author\/juliana\/#author","url":"https:\/\/anoticiaonline.com.br\/site\/author\/juliana\/","name":"Juliana Laviola","image":{"@type":"ImageObject","@id":"https:\/\/anoticiaonline.com.br\/site\/cooperativas-do-sistema-sicoob-do-triangulo-mineiro-marcam-presenca-na-feagro\/#authorImage","url":"https:\/\/secure.gravatar.com\/avatar\/b8d45f5c699b100dfaf0e543582f38f38bf94cb7ae3a5e9abf8d891a34773335?s=96&d=mm&r=g","width":96,"height":96,"caption":"Juliana Laviola"}},{"@type":"WebPage","@id":"https:\/\/anoticiaonline.com.br\/site\/cooperativas-do-sistema-sicoob-do-triangulo-mineiro-marcam-presenca-na-feagro\/#webpage","url":"https:\/\/anoticiaonline.com.br\/site\/cooperativas-do-sistema-sicoob-do-triangulo-mineiro-marcam-presenca-na-feagro\/","name":"Cooperativas do sistema Sicoob do Tri\u00e2ngulo Mineiro marcam presen\u00e7a na Feagro - A Not\u00edcia Online","description":"A equipe do Sicoob Credisudeste recebeu representantes de quatro cooperativas que integram a Unidade Administrativa Regional 7 (UAR 7) do Sicoob Central Crediminas durante a Feira Agropecu\u00e1ria (Feagro), de 16 a 18 deste m\u00eas, em Espera Feliz. Equipes do Sicoob Credicampina, do Sicoob Sacramento, do Sicoob Credisales e do Sicoob Credirama, sediadas no Tri\u00e2ngulo Mineiro,","inLanguage":"pt-BR","isPartOf":{"@id":"https:\/\/anoticiaonline.com.br\/site\/#website"},"breadcrumb":{"@id":"https:\/\/anoticiaonline.com.br\/site\/cooperativas-do-sistema-sicoob-do-triangulo-mineiro-marcam-presenca-na-feagro\/#breadcrumblist"},"author":{"@id":"https:\/\/anoticiaonline.com.br\/site\/author\/juliana\/#author"},"creator":{"@id":"https:\/\/anoticiaonline.com.br\/site\/author\/juliana\/#author"},"image":{"@type":"ImageObject","url":"https:\/\/anoticiaonline.com.br\/site\/wp-content\/uploads\/2018\/08\/Cooperativas-do-sistema-Sicoob-do-Tri\u00e2ngulo-Mineiro-marcam-presen\u00e7a-na-Feagro.jpg","@id":"https:\/\/anoticiaonline.com.br\/site\/cooperativas-do-sistema-sicoob-do-triangulo-mineiro-marcam-presenca-na-feagro\/#mainImage","width":800,"height":534},"primaryImageOfPage":{"@id":"https:\/\/anoticiaonline.com.br\/site\/cooperativas-do-sistema-sicoob-do-triangulo-mineiro-marcam-presenca-na-feagro\/#mainImage"},"datePublished":"2018-08-30T19:55:31-03:00","dateModified":"2018-09-03T17:07:58-03:00"},{"@type":"WebSite","@id":"https:\/\/anoticiaonline.com.br\/site\/#website","url":"https:\/\/anoticiaonline.com.br\/site\/","name":"A Not\u00edcia Online","description":"Noticias de Muria\u00e9 e regi\u00e3o","inLanguage":"pt-BR","publisher":{"@id":"https:\/\/anoticiaonline.com.br\/site\/#organization"}}]},"og:locale":"pt_BR","og:site_name":"A Not\u00edcia Online - Noticias de Muria\u00e9 e regi\u00e3o","og:type":"article","og:title":"Cooperativas do sistema Sicoob do Tri\u00e2ngulo Mineiro marcam presen\u00e7a na Feagro - A Not\u00edcia Online","og:description":"A equipe do Sicoob Credisudeste recebeu representantes de quatro cooperativas que integram a Unidade Administrativa Regional 7 (UAR 7) do Sicoob Central Crediminas durante a Feira Agropecu\u00e1ria (Feagro), de 16 a 18 deste m\u00eas, em Espera Feliz. Equipes do Sicoob Credicampina, do Sicoob Sacramento, do Sicoob Credisales e do Sicoob Credirama, sediadas no Tri\u00e2ngulo Mineiro,","og:url":"https:\/\/anoticiaonline.com.br\/site\/cooperativas-do-sistema-sicoob-do-triangulo-mineiro-marcam-presenca-na-feagro\/","og:image":"https:\/\/scontent-gig4-1.xx.fbcdn.net\/v\/t39.30808-1\/270437624_4564083193639691_6907940295614233970_n.jpg?stp=dst-jpg_s200x200_tt6&#038;_nc_cat=111&#038;ccb=1-7&#038;_nc_sid=f907e8&#038;_nc_ohc=SM1wRlP3lJwQ7kNvwEPuBYA&#038;_nc_oc=AdnqrjDN_BNjSSHWO-GbkIWH6fkGMLw4bqvL_NH6e2wMveX7G-rP2dAqsDSq1mJMOaY&#038;_nc_zt=24&#038;_nc_ht=scontent-gig4-1.xx&#038;_nc_gid=AoBFJeGrT1hVaew_6rchkQ&#038;oh=00_AfX7QmFGhQhG2jAllVgXCiM1ZrWgvtp80-Bfppyexh1QEg&#038;oe=689E923C","og:image:secure_url":"https:\/\/scontent-gig4-1.xx.fbcdn.net\/v\/t39.30808-1\/270437624_4564083193639691_6907940295614233970_n.jpg?stp=dst-jpg_s200x200_tt6&#038;_nc_cat=111&#038;ccb=1-7&#038;_nc_sid=f907e8&#038;_nc_ohc=SM1wRlP3lJwQ7kNvwEPuBYA&#038;_nc_oc=AdnqrjDN_BNjSSHWO-GbkIWH6fkGMLw4bqvL_NH6e2wMveX7G-rP2dAqsDSq1mJMOaY&#038;_nc_zt=24&#038;_nc_ht=scontent-gig4-1.xx&#038;_nc_gid=AoBFJeGrT1hVaew_6rchkQ&#038;oh=00_AfX7QmFGhQhG2jAllVgXCiM1ZrWgvtp80-Bfppyexh1QEg&#038;oe=689E923C","article:published_time":"2018-08-30T22:55:31+00:00","article:modified_time":"2018-09-03T20:07:58+00:00","twitter:card":"summary_large_image","twitter:title":"Cooperativas do sistema Sicoob do Tri\u00e2ngulo Mineiro marcam presen\u00e7a na Feagro - A Not\u00edcia Online","twitter:description":"A equipe do Sicoob Credisudeste recebeu representantes de quatro cooperativas que integram a Unidade Administrativa Regional 7 (UAR 7) do Sicoob Central Crediminas durante a Feira Agropecu\u00e1ria (Feagro), de 16 a 18 deste m\u00eas, em Espera Feliz. Equipes do Sicoob Credicampina, do Sicoob Sacramento, do Sicoob Credisales e do Sicoob Credirama, sediadas no Tri\u00e2ngulo Mineiro,","twitter:image":"https:\/\/scontent-gig4-1.xx.fbcdn.net\/v\/t39.30808-1\/270437624_4564083193639691_6907940295614233970_n.jpg?stp=dst-jpg_s200x200_tt6&_nc_cat=111&ccb=1-7&_nc_sid=f907e8&_nc_ohc=SM1wRlP3lJwQ7kNvwEPuBYA&_nc_oc=AdnqrjDN_BNjSSHWO-GbkIWH6fkGMLw4bqvL_NH6e2wMveX7G-rP2dAqsDSq1mJMOaY&_nc_zt=24&_nc_ht=scontent-gig4-1.xx&_nc_gid=AoBFJeGrT1hVaew_6rchkQ&oh=00_AfX7QmFGhQhG2jAllVgXCiM1ZrWgvtp80-Bfppyexh1QEg&oe=689E923C"},"aioseo_meta_data":{"post_id":"60828","title":null,"description":null,"keywords":null,"keyphrases":null,"primary_term":null,"canonical_url":null,"og_title":null,"og_description":null,"og_object_type":"default","og_image_type":"default","og_image_url":null,"og_image_width":null,"og_image_height":null,"og_image_custom_url":null,"og_image_custom_fields":null,"og_video":null,"og_custom_url":null,"og_article_section":null,"og_article_tags":null,"twitter_use_og":false,"twitter_card":"default","twitter_image_type":"default","twitter_image_url":null,"twitter_image_custom_url":null,"twitter_image_custom_fields":null,"twitter_title":null,"twitter_description":null,"schema":{"blockGraphs":[],"customGraphs":[],"default":{"data":{"Article":[],"Course":[],"Dataset":[],"FAQPage":[],"Movie":[],"Person":[],"Product":[],"ProductReview":[],"Car":[],"Recipe":[],"Service":[],"SoftwareApplication":[],"WebPage":[]},"graphName":"","isEnabled":true},"graphs":[]},"schema_type":"default","schema_type_options":null,"pillar_content":false,"robots_default":true,"robots_noindex":false,"robots_noarchive":false,"robots_nosnippet":false,"robots_nofollow":false,"robots_noimageindex":false,"robots_noodp":false,"robots_notranslate":false,"robots_max_snippet":null,"robots_max_videopreview":null,"robots_max_imagepreview":"large","priority":null,"frequency":null,"local_seo":null,"breadcrumb_settings":null,"limit_modified_date":false,"ai":null,"created":"2025-08-16 21:32:38","updated":"2025-08-16 21:32:38","focus_keyword":null,"additional_keywords":null,"truseo_locale":null,"seo_analyzer_scan_date":null},"aioseo_breadcrumb":"<div class=\"aioseo-breadcrumbs\"><span class=\"aioseo-breadcrumb\">\n\t\t\t<a href=\"https:\/\/anoticiaonline.com.br\/site\" title=\"Home\">Home<\/a>\n\t\t<\/span><span class=\"aioseo-breadcrumb-separator\">&raquo;<\/span><span class=\"aioseo-breadcrumb\">\n\t\t\t<a href=\"https:\/\/anoticiaonline.com.br\/site\/categoria\/regiao\/\" title=\"Regi\u00e3o\">Regi\u00e3o<\/a>\n\t\t<\/span><span class=\"aioseo-breadcrumb-separator\">&raquo;<\/span><span class=\"aioseo-breadcrumb\">\n\t\t\tCooperativas do sistema Sicoob do Tri\u00e2ngulo Mineiro marcam presen\u00e7a na Feagro\n\t\t<\/span><\/div>","aioseo_breadcrumb_json":[{"label":"Home","link":"https:\/\/anoticiaonline.com.br\/site"},{"label":"Regi\u00e3o","link":"https:\/\/anoticiaonline.com.br\/site\/categoria\/regiao\/"},{"label":"Cooperativas do sistema Sicoob do Tri\u00e2ngulo Mineiro marcam presen\u00e7a na Feagro","link":"https:\/\/anoticiaonline.com.br\/site\/cooperativas-do-sistema-sicoob-do-triangulo-mineiro-marcam-presenca-na-feagro\/"}],"views":161,"_links":{"self":[{"href":"https:\/\/anoticiaonline.com.br\/site\/wp-json\/wp\/v2\/posts\/60828","targetHints":{"allow":["GET"]}}],"collection":[{"href":"https:\/\/anoticiaonline.com.br\/site\/wp-json\/wp\/v2\/posts"}],"about":[{"href":"https:\/\/anoticiaonline.com.br\/site\/wp-json\/wp\/v2\/types\/post"}],"author":[{"embeddable":true,"href":"https:\/\/anoticiaonline.com.br\/site\/wp-json\/wp\/v2\/users\/2"}],"replies":[{"embeddable":true,"href":"https:\/\/anoticiaonline.com.br\/site\/wp-json\/wp\/v2\/comments?post=60828"}],"version-history":[{"count":0,"href":"https:\/\/anoticiaonline.com.br\/site\/wp-json\/wp\/v2\/posts\/60828\/revisions"}],"wp:featuredmedia":[{"embeddable":true,"href":"https:\/\/anoticiaonline.com.br\/site\/wp-json\/wp\/v2\/media\/60829"}],"wp:attachment":[{"href":"https:\/\/anoticiaonline.com.br\/site\/wp-json\/wp\/v2\/media?parent=60828"}],"wp:term":[{"taxonomy":"category","embeddable":true,"href":"https:\/\/anoticiaonline.com.br\/site\/wp-json\/wp\/v2\/categories?post=60828"},{"taxonomy":"post_tag","embeddable":true,"href":"https:\/\/anoticiaonline.com.br\/site\/wp-json\/wp\/v2\/tags?post=60828"}],"curies":[{"name":"wp","href":"https:\/\/api.w.org\/{rel}","templated":true}]}}