{"id":60723,"date":"2018-08-29T16:02:00","date_gmt":"2018-08-29T19:02:00","guid":{"rendered":"http:\/\/anoticiaonline.com.br\/site\/?p=60723"},"modified":"2018-08-29T16:02:00","modified_gmt":"2018-08-29T19:02:00","slug":"campanha-de-incentivo-a-amamentacao-promove-evento-na-praca-joao-pinheiro","status":"publish","type":"post","link":"https:\/\/anoticiaonline.com.br\/site\/campanha-de-incentivo-a-amamentacao-promove-evento-na-praca-joao-pinheiro\/","title":{"rendered":"Campanha de Incentivo \u00e0 Amamenta\u00e7\u00e3o promove evento na Pra\u00e7a Jo\u00e3o Pinheiro"},"content":{"rendered":"<p><a href=\"https:\/\/anoticiaonline.com.br\/site\/wp-content\/uploads\/2018\/08\/WhatsApp-Image-2018-08-27-at-10.14.14-1.jpeg\"><img fetchpriority=\"high\" decoding=\"async\" class=\"aligncenter size-full wp-image-60725\" src=\"https:\/\/anoticiaonline.com.br\/site\/wp-content\/uploads\/2018\/08\/WhatsApp-Image-2018-08-27-at-10.14.14-1.jpeg\" alt=\"\" width=\"890\" height=\"667\" srcset=\"https:\/\/anoticiaonline.com.br\/site\/wp-content\/uploads\/2018\/08\/WhatsApp-Image-2018-08-27-at-10.14.14-1.jpeg 890w, https:\/\/anoticiaonline.com.br\/site\/wp-content\/uploads\/2018\/08\/WhatsApp-Image-2018-08-27-at-10.14.14-1-300x225.jpeg 300w, https:\/\/anoticiaonline.com.br\/site\/wp-content\/uploads\/2018\/08\/WhatsApp-Image-2018-08-27-at-10.14.14-1-768x576.jpeg 768w\" sizes=\"(max-width: 890px) 100vw, 890px\" \/><\/a>Em virtude da Semana Municipal de Incentivo \u00e0 Amamenta\u00e7\u00e3o, inserida dentro da Campanha Agosto Dourado, que visa incentivar a pr\u00e1tica na popula\u00e7\u00e3o, a C\u00e2mara Municipal de Muria\u00e9, por meio da Comiss\u00e3o da Sa\u00fade, presidida pelo vereador Dr. Jos\u00e9 Carlos, realizou uma a\u00e7\u00e3o na Pra\u00e7a Jo\u00e3o Pinheiro, no \u00faltimo s\u00e1bado (25).<\/p>\n<p>Segundo o vereador, a Organiza\u00e7\u00e3o Mundial da Sa\u00fade (OMS), juntamente com o Minist\u00e9rio da Sa\u00fade, constatou que a mulher brasileira est\u00e1 amamentando pouco. \u201cMenos de 40% da mulher brasileira amamentam seus filhos at\u00e9 os seis meses de idade. O ideal \u00e9 que a mulher amamentem seus filhos at\u00e9 os dois anos de idade. Dessa forma, a C\u00e2mara de Vereadores de Muria\u00e9 aprovou o projeto-lei que cria a Semana Municipal de Incentivo \u00e0 Amamenta\u00e7\u00e3o. Por isso, estamos nesta a\u00e7\u00e3o em parceria com a prefeitura, com a secretaria municipal de Sa\u00fade e com o Unifaminas para informar e esclarecer sobre a o aleitamento materno\u201d, conta.<\/p>\n<p><strong>Sobre o &#8220;Agosto Dourado&#8221;\u00a0\u2013 <\/strong>Segundo o Senado Federal, a campanha &#8220;Agosto Dourado&#8221; tem objetivo de conscientizar a sociedade sobre a import\u00e2ncia da amamenta\u00e7\u00e3o. De acordo com especialistas, a amamenta\u00e7\u00e3o exclusiva at\u00e9 os seis meses, sem a oferta de \u00e1gua, por exemplo, previne doen\u00e7as e reduz a mortalidade infantil.<\/p>\n<div id='gallery-1' class='gallery galleryid-60723 gallery-columns-1 gallery-size-full'><figure class='gallery-item'>\n\t\t\t<div class='gallery-icon landscape'>\n\t\t\t\t<a href='https:\/\/anoticiaonline.com.br\/site\/wp-content\/uploads\/2018\/08\/DSC_0802.jpg'><img decoding=\"async\" width=\"890\" height=\"667\" src=\"https:\/\/anoticiaonline.com.br\/site\/wp-content\/uploads\/2018\/08\/DSC_0802.jpg\" class=\"attachment-full size-full\" alt=\"\" srcset=\"https:\/\/anoticiaonline.com.br\/site\/wp-content\/uploads\/2018\/08\/DSC_0802.jpg 890w, https:\/\/anoticiaonline.com.br\/site\/wp-content\/uploads\/2018\/08\/DSC_0802-300x225.jpg 300w, https:\/\/anoticiaonline.com.br\/site\/wp-content\/uploads\/2018\/08\/DSC_0802-768x576.jpg 768w\" sizes=\"(max-width: 890px) 100vw, 890px\" \/><\/a>\n\t\t\t<\/div><\/figure><figure class='gallery-item'>\n\t\t\t<div class='gallery-icon landscape'>\n\t\t\t\t<a href='https:\/\/anoticiaonline.com.br\/site\/wp-content\/uploads\/2018\/08\/DSC_0805.jpg'><img decoding=\"async\" width=\"890\" height=\"667\" src=\"https:\/\/anoticiaonline.com.br\/site\/wp-content\/uploads\/2018\/08\/DSC_0805.jpg\" class=\"attachment-full size-full\" alt=\"\" srcset=\"https:\/\/anoticiaonline.com.br\/site\/wp-content\/uploads\/2018\/08\/DSC_0805.jpg 890w, https:\/\/anoticiaonline.com.br\/site\/wp-content\/uploads\/2018\/08\/DSC_0805-300x225.jpg 300w, https:\/\/anoticiaonline.com.br\/site\/wp-content\/uploads\/2018\/08\/DSC_0805-768x576.jpg 768w\" sizes=\"(max-width: 890px) 100vw, 890px\" \/><\/a>\n\t\t\t<\/div><\/figure><figure class='gallery-item'>\n\t\t\t<div class='gallery-icon landscape'>\n\t\t\t\t<a href='https:\/\/anoticiaonline.com.br\/site\/wp-content\/uploads\/2018\/08\/DSC_0819-2.jpg'><img loading=\"lazy\" decoding=\"async\" width=\"1000\" height=\"667\" src=\"https:\/\/anoticiaonline.com.br\/site\/wp-content\/uploads\/2018\/08\/DSC_0819-2.jpg\" class=\"attachment-full size-full\" alt=\"\" srcset=\"https:\/\/anoticiaonline.com.br\/site\/wp-content\/uploads\/2018\/08\/DSC_0819-2.jpg 1000w, https:\/\/anoticiaonline.com.br\/site\/wp-content\/uploads\/2018\/08\/DSC_0819-2-300x200.jpg 300w, https:\/\/anoticiaonline.com.br\/site\/wp-content\/uploads\/2018\/08\/DSC_0819-2-768x512.jpg 768w, https:\/\/anoticiaonline.com.br\/site\/wp-content\/uploads\/2018\/08\/DSC_0819-2-900x600.jpg 900w\" sizes=\"(max-width: 1000px) 100vw, 1000px\" \/><\/a>\n\t\t\t<\/div><\/figure><figure class='gallery-item'>\n\t\t\t<div class='gallery-icon landscape'>\n\t\t\t\t<a href='https:\/\/anoticiaonline.com.br\/site\/wp-content\/uploads\/2018\/08\/DSC_0827-2.jpg'><img loading=\"lazy\" decoding=\"async\" width=\"1000\" height=\"667\" src=\"https:\/\/anoticiaonline.com.br\/site\/wp-content\/uploads\/2018\/08\/DSC_0827-2.jpg\" class=\"attachment-full size-full\" alt=\"\" srcset=\"https:\/\/anoticiaonline.com.br\/site\/wp-content\/uploads\/2018\/08\/DSC_0827-2.jpg 1000w, https:\/\/anoticiaonline.com.br\/site\/wp-content\/uploads\/2018\/08\/DSC_0827-2-300x200.jpg 300w, https:\/\/anoticiaonline.com.br\/site\/wp-content\/uploads\/2018\/08\/DSC_0827-2-768x512.jpg 768w, https:\/\/anoticiaonline.com.br\/site\/wp-content\/uploads\/2018\/08\/DSC_0827-2-900x600.jpg 900w\" sizes=\"(max-width: 1000px) 100vw, 1000px\" \/><\/a>\n\t\t\t<\/div><\/figure><figure class='gallery-item'>\n\t\t\t<div class='gallery-icon landscape'>\n\t\t\t\t<a href='https:\/\/anoticiaonline.com.br\/site\/wp-content\/uploads\/2018\/08\/DSC_0836.jpg'><img loading=\"lazy\" decoding=\"async\" width=\"890\" height=\"667\" src=\"https:\/\/anoticiaonline.com.br\/site\/wp-content\/uploads\/2018\/08\/DSC_0836.jpg\" class=\"attachment-full size-full\" alt=\"\" srcset=\"https:\/\/anoticiaonline.com.br\/site\/wp-content\/uploads\/2018\/08\/DSC_0836.jpg 890w, https:\/\/anoticiaonline.com.br\/site\/wp-content\/uploads\/2018\/08\/DSC_0836-300x225.jpg 300w, https:\/\/anoticiaonline.com.br\/site\/wp-content\/uploads\/2018\/08\/DSC_0836-768x576.jpg 768w\" sizes=\"(max-width: 890px) 100vw, 890px\" \/><\/a>\n\t\t\t<\/div><\/figure><figure class='gallery-item'>\n\t\t\t<div class='gallery-icon landscape'>\n\t\t\t\t<a href='https:\/\/anoticiaonline.com.br\/site\/wp-content\/uploads\/2018\/08\/DSC_0848-1.jpg'><img loading=\"lazy\" decoding=\"async\" width=\"1000\" height=\"667\" src=\"https:\/\/anoticiaonline.com.br\/site\/wp-content\/uploads\/2018\/08\/DSC_0848-1.jpg\" class=\"attachment-full size-full\" alt=\"\" srcset=\"https:\/\/anoticiaonline.com.br\/site\/wp-content\/uploads\/2018\/08\/DSC_0848-1.jpg 1000w, https:\/\/anoticiaonline.com.br\/site\/wp-content\/uploads\/2018\/08\/DSC_0848-1-300x200.jpg 300w, https:\/\/anoticiaonline.com.br\/site\/wp-content\/uploads\/2018\/08\/DSC_0848-1-768x512.jpg 768w, https:\/\/anoticiaonline.com.br\/site\/wp-content\/uploads\/2018\/08\/DSC_0848-1-900x600.jpg 900w\" sizes=\"(max-width: 1000px) 100vw, 1000px\" \/><\/a>\n\t\t\t<\/div><\/figure><figure class='gallery-item'>\n\t\t\t<div class='gallery-icon landscape'>\n\t\t\t\t<a href='https:\/\/anoticiaonline.com.br\/site\/wp-content\/uploads\/2018\/08\/DSC_0852.jpg'><img loading=\"lazy\" decoding=\"async\" width=\"1000\" height=\"667\" src=\"https:\/\/anoticiaonline.com.br\/site\/wp-content\/uploads\/2018\/08\/DSC_0852.jpg\" class=\"attachment-full size-full\" alt=\"\" srcset=\"https:\/\/anoticiaonline.com.br\/site\/wp-content\/uploads\/2018\/08\/DSC_0852.jpg 1000w, https:\/\/anoticiaonline.com.br\/site\/wp-content\/uploads\/2018\/08\/DSC_0852-300x200.jpg 300w, https:\/\/anoticiaonline.com.br\/site\/wp-content\/uploads\/2018\/08\/DSC_0852-768x512.jpg 768w, https:\/\/anoticiaonline.com.br\/site\/wp-content\/uploads\/2018\/08\/DSC_0852-900x600.jpg 900w\" sizes=\"(max-width: 1000px) 100vw, 1000px\" \/><\/a>\n\t\t\t<\/div><\/figure><figure class='gallery-item'>\n\t\t\t<div class='gallery-icon portrait'>\n\t\t\t\t<a href='https:\/\/anoticiaonline.com.br\/site\/wp-content\/uploads\/2018\/08\/WhatsApp-Image-2018-08-27-at-10.14.14.jpeg'><img loading=\"lazy\" decoding=\"async\" width=\"500\" height=\"667\" src=\"https:\/\/anoticiaonline.com.br\/site\/wp-content\/uploads\/2018\/08\/WhatsApp-Image-2018-08-27-at-10.14.14.jpeg\" class=\"attachment-full size-full\" alt=\"\" srcset=\"https:\/\/anoticiaonline.com.br\/site\/wp-content\/uploads\/2018\/08\/WhatsApp-Image-2018-08-27-at-10.14.14.jpeg 500w, https:\/\/anoticiaonline.com.br\/site\/wp-content\/uploads\/2018\/08\/WhatsApp-Image-2018-08-27-at-10.14.14-225x300.jpeg 225w\" sizes=\"(max-width: 500px) 100vw, 500px\" \/><\/a>\n\t\t\t<\/div><\/figure><figure class='gallery-item'>\n\t\t\t<div class='gallery-icon landscape'>\n\t\t\t\t<a href='https:\/\/anoticiaonline.com.br\/site\/wp-content\/uploads\/2018\/08\/WhatsApp-Image-2018-08-27-at-10.14.16.jpeg'><img loading=\"lazy\" decoding=\"async\" width=\"1000\" height=\"567\" src=\"https:\/\/anoticiaonline.com.br\/site\/wp-content\/uploads\/2018\/08\/WhatsApp-Image-2018-08-27-at-10.14.16.jpeg\" class=\"attachment-full size-full\" alt=\"\" srcset=\"https:\/\/anoticiaonline.com.br\/site\/wp-content\/uploads\/2018\/08\/WhatsApp-Image-2018-08-27-at-10.14.16.jpeg 1000w, https:\/\/anoticiaonline.com.br\/site\/wp-content\/uploads\/2018\/08\/WhatsApp-Image-2018-08-27-at-10.14.16-300x170.jpeg 300w, https:\/\/anoticiaonline.com.br\/site\/wp-content\/uploads\/2018\/08\/WhatsApp-Image-2018-08-27-at-10.14.16-768x435.jpeg 768w, https:\/\/anoticiaonline.com.br\/site\/wp-content\/uploads\/2018\/08\/WhatsApp-Image-2018-08-27-at-10.14.16-900x510.jpeg 900w\" sizes=\"(max-width: 1000px) 100vw, 1000px\" \/><\/a>\n\t\t\t<\/div><\/figure><figure class='gallery-item'>\n\t\t\t<div class='gallery-icon landscape'>\n\t\t\t\t<a href='https:\/\/anoticiaonline.com.br\/site\/wp-content\/uploads\/2018\/08\/WhatsApp-Image-2018-08-27-at-10.14.17.jpeg'><img loading=\"lazy\" decoding=\"async\" width=\"1000\" height=\"464\" src=\"https:\/\/anoticiaonline.com.br\/site\/wp-content\/uploads\/2018\/08\/WhatsApp-Image-2018-08-27-at-10.14.17.jpeg\" class=\"attachment-full size-full\" alt=\"\" srcset=\"https:\/\/anoticiaonline.com.br\/site\/wp-content\/uploads\/2018\/08\/WhatsApp-Image-2018-08-27-at-10.14.17.jpeg 1000w, https:\/\/anoticiaonline.com.br\/site\/wp-content\/uploads\/2018\/08\/WhatsApp-Image-2018-08-27-at-10.14.17-300x139.jpeg 300w, https:\/\/anoticiaonline.com.br\/site\/wp-content\/uploads\/2018\/08\/WhatsApp-Image-2018-08-27-at-10.14.17-768x356.jpeg 768w, https:\/\/anoticiaonline.com.br\/site\/wp-content\/uploads\/2018\/08\/WhatsApp-Image-2018-08-27-at-10.14.17-900x418.jpeg 900w\" sizes=\"(max-width: 1000px) 100vw, 1000px\" \/><\/a>\n\t\t\t<\/div><\/figure><figure class='gallery-item'>\n\t\t\t<div class='gallery-icon landscape'>\n\t\t\t\t<a href='https:\/\/anoticiaonline.com.br\/site\/wp-content\/uploads\/2018\/08\/WhatsApp-Image-2018-08-27-at-10.14.18.jpeg'><img loading=\"lazy\" decoding=\"async\" width=\"1000\" height=\"533\" src=\"https:\/\/anoticiaonline.com.br\/site\/wp-content\/uploads\/2018\/08\/WhatsApp-Image-2018-08-27-at-10.14.18.jpeg\" class=\"attachment-full size-full\" alt=\"\" srcset=\"https:\/\/anoticiaonline.com.br\/site\/wp-content\/uploads\/2018\/08\/WhatsApp-Image-2018-08-27-at-10.14.18.jpeg 1000w, https:\/\/anoticiaonline.com.br\/site\/wp-content\/uploads\/2018\/08\/WhatsApp-Image-2018-08-27-at-10.14.18-300x160.jpeg 300w, https:\/\/anoticiaonline.com.br\/site\/wp-content\/uploads\/2018\/08\/WhatsApp-Image-2018-08-27-at-10.14.18-768x409.jpeg 768w, https:\/\/anoticiaonline.com.br\/site\/wp-content\/uploads\/2018\/08\/WhatsApp-Image-2018-08-27-at-10.14.18-900x480.jpeg 900w\" sizes=\"(max-width: 1000px) 100vw, 1000px\" \/><\/a>\n\t\t\t<\/div><\/figure>\n\t\t<\/div>\n\n<p>&nbsp;<\/p>\n","protected":false},"excerpt":{"rendered":"<p>Em virtude da Semana Municipal de Incentivo \u00e0 Amamenta\u00e7\u00e3o, inserida dentro da Campanha Agosto Dourado, que visa incentivar a pr\u00e1tica na popula\u00e7\u00e3o, a C\u00e2mara Municipal de Muria\u00e9, por meio da Comiss\u00e3o da Sa\u00fade, presidida pelo vereador Dr. Jos\u00e9 Carlos, realizou uma a\u00e7\u00e3o na Pra\u00e7a Jo\u00e3o Pinheiro, no \u00faltimo s\u00e1bado (25). Segundo o vereador, a Organiza\u00e7\u00e3o &#8230; <a title=\"Campanha de Incentivo \u00e0 Amamenta\u00e7\u00e3o promove evento na Pra\u00e7a Jo\u00e3o Pinheiro\" class=\"read-more\" href=\"https:\/\/anoticiaonline.com.br\/site\/campanha-de-incentivo-a-amamentacao-promove-evento-na-praca-joao-pinheiro\/\" aria-label=\"Read more about Campanha de Incentivo \u00e0 Amamenta\u00e7\u00e3o promove evento na Pra\u00e7a Jo\u00e3o Pinheiro\">Ler mais<\/a><\/p>\n","protected":false},"author":7,"featured_media":60725,"comment_status":"open","ping_status":"open","sticky":false,"template":"","format":"standard","meta":{"_acf_changed":false,"_monsterinsights_skip_tracking":false,"footnotes":""},"categories":[30,24],"tags":[3018,3019],"class_list":["post-60723","post","type-post","status-publish","format-standard","has-post-thumbnail","hentry","category-muriae","category-eventos","tag-campanha-agosto-dourado","tag-organizacao-mundial-da-saude"],"acf":[],"aioseo_notices":[],"aioseo_head":"\n\t\t<!-- All in One SEO 5.0.0.1 - aioseo.com -->\n\t<meta name=\"description\" content=\"Em virtude da Semana Municipal de Incentivo \u00e0 Amamenta\u00e7\u00e3o, inserida dentro da Campanha Agosto Dourado, que visa incentivar a pr\u00e1tica na popula\u00e7\u00e3o, a C\u00e2mara Municipal de Muria\u00e9, por meio da Comiss\u00e3o da Sa\u00fade, presidida pelo vereador Dr. Jos\u00e9 Carlos, realizou uma a\u00e7\u00e3o na Pra\u00e7a Jo\u00e3o Pinheiro, no \u00faltimo s\u00e1bado (25). Segundo o vereador, a Organiza\u00e7\u00e3o\" \/>\n\t<meta name=\"robots\" content=\"max-image-preview:large\" \/>\n\t<meta name=\"author\" content=\"Leandro Bebiano\"\/>\n\t<link rel=\"canonical\" href=\"https:\/\/anoticiaonline.com.br\/site\/campanha-de-incentivo-a-amamentacao-promove-evento-na-praca-joao-pinheiro\/\" \/>\n\t<meta name=\"generator\" content=\"All in One SEO (AIOSEO) 5.0.0.1\" \/>\n\t\t<meta property=\"og:locale\" content=\"pt_BR\" \/>\n\t\t<meta property=\"og:site_name\" content=\"A Not\u00edcia Online - Noticias de Muria\u00e9 e regi\u00e3o\" \/>\n\t\t<meta property=\"og:type\" content=\"article\" \/>\n\t\t<meta property=\"og:title\" content=\"Campanha de Incentivo \u00e0 Amamenta\u00e7\u00e3o promove evento na Pra\u00e7a Jo\u00e3o Pinheiro - A Not\u00edcia Online\" \/>\n\t\t<meta property=\"og:description\" content=\"Em virtude da Semana Municipal de Incentivo \u00e0 Amamenta\u00e7\u00e3o, inserida dentro da Campanha Agosto Dourado, que visa incentivar a pr\u00e1tica na popula\u00e7\u00e3o, a C\u00e2mara Municipal de Muria\u00e9, por meio da Comiss\u00e3o da Sa\u00fade, presidida pelo vereador Dr. Jos\u00e9 Carlos, realizou uma a\u00e7\u00e3o na Pra\u00e7a Jo\u00e3o Pinheiro, no \u00faltimo s\u00e1bado (25). Segundo o vereador, a Organiza\u00e7\u00e3o\" \/>\n\t\t<meta property=\"og:url\" content=\"https:\/\/anoticiaonline.com.br\/site\/campanha-de-incentivo-a-amamentacao-promove-evento-na-praca-joao-pinheiro\/\" \/>\n\t\t<meta property=\"og:image\" content=\"https:\/\/scontent-gig4-1.xx.fbcdn.net\/v\/t39.30808-1\/270437624_4564083193639691_6907940295614233970_n.jpg?stp=dst-jpg_s200x200_tt6&#038;_nc_cat=111&#038;ccb=1-7&#038;_nc_sid=f907e8&#038;_nc_ohc=SM1wRlP3lJwQ7kNvwEPuBYA&#038;_nc_oc=AdnqrjDN_BNjSSHWO-GbkIWH6fkGMLw4bqvL_NH6e2wMveX7G-rP2dAqsDSq1mJMOaY&#038;_nc_zt=24&#038;_nc_ht=scontent-gig4-1.xx&#038;_nc_gid=AoBFJeGrT1hVaew_6rchkQ&#038;oh=00_AfX7QmFGhQhG2jAllVgXCiM1ZrWgvtp80-Bfppyexh1QEg&#038;oe=689E923C\" \/>\n\t\t<meta property=\"og:image:secure_url\" content=\"https:\/\/scontent-gig4-1.xx.fbcdn.net\/v\/t39.30808-1\/270437624_4564083193639691_6907940295614233970_n.jpg?stp=dst-jpg_s200x200_tt6&#038;_nc_cat=111&#038;ccb=1-7&#038;_nc_sid=f907e8&#038;_nc_ohc=SM1wRlP3lJwQ7kNvwEPuBYA&#038;_nc_oc=AdnqrjDN_BNjSSHWO-GbkIWH6fkGMLw4bqvL_NH6e2wMveX7G-rP2dAqsDSq1mJMOaY&#038;_nc_zt=24&#038;_nc_ht=scontent-gig4-1.xx&#038;_nc_gid=AoBFJeGrT1hVaew_6rchkQ&#038;oh=00_AfX7QmFGhQhG2jAllVgXCiM1ZrWgvtp80-Bfppyexh1QEg&#038;oe=689E923C\" \/>\n\t\t<meta property=\"article:published_time\" content=\"2018-08-29T19:02:00+00:00\" \/>\n\t\t<meta property=\"article:modified_time\" content=\"2018-08-29T19:02:00+00:00\" \/>\n\t\t<meta name=\"twitter:card\" content=\"summary_large_image\" \/>\n\t\t<meta name=\"twitter:title\" content=\"Campanha de Incentivo \u00e0 Amamenta\u00e7\u00e3o promove evento na Pra\u00e7a Jo\u00e3o Pinheiro - A Not\u00edcia Online\" \/>\n\t\t<meta name=\"twitter:description\" content=\"Em virtude da Semana Municipal de Incentivo \u00e0 Amamenta\u00e7\u00e3o, inserida dentro da Campanha Agosto Dourado, que visa incentivar a pr\u00e1tica na popula\u00e7\u00e3o, a C\u00e2mara Municipal de Muria\u00e9, por meio da Comiss\u00e3o da Sa\u00fade, presidida pelo vereador Dr. Jos\u00e9 Carlos, realizou uma a\u00e7\u00e3o na Pra\u00e7a Jo\u00e3o Pinheiro, no \u00faltimo s\u00e1bado (25). Segundo o vereador, a Organiza\u00e7\u00e3o\" \/>\n\t\t<meta name=\"twitter:image\" content=\"https:\/\/scontent-gig4-1.xx.fbcdn.net\/v\/t39.30808-1\/270437624_4564083193639691_6907940295614233970_n.jpg?stp=dst-jpg_s200x200_tt6&amp;_nc_cat=111&amp;ccb=1-7&amp;_nc_sid=f907e8&amp;_nc_ohc=SM1wRlP3lJwQ7kNvwEPuBYA&amp;_nc_oc=AdnqrjDN_BNjSSHWO-GbkIWH6fkGMLw4bqvL_NH6e2wMveX7G-rP2dAqsDSq1mJMOaY&amp;_nc_zt=24&amp;_nc_ht=scontent-gig4-1.xx&amp;_nc_gid=AoBFJeGrT1hVaew_6rchkQ&amp;oh=00_AfX7QmFGhQhG2jAllVgXCiM1ZrWgvtp80-Bfppyexh1QEg&amp;oe=689E923C\" \/>\n\t\t<script type=\"application\/ld+json\" class=\"aioseo-schema\">\n\t\t\t{\"@context\":\"https:\\\/\\\/schema.org\",\"@graph\":[{\"@type\":\"BlogPosting\",\"@id\":\"https:\\\/\\\/anoticiaonline.com.br\\\/site\\\/campanha-de-incentivo-a-amamentacao-promove-evento-na-praca-joao-pinheiro\\\/#blogposting\",\"name\":\"Campanha de Incentivo \\u00e0 Amamenta\\u00e7\\u00e3o promove evento na Pra\\u00e7a Jo\\u00e3o Pinheiro - A Not\\u00edcia Online\",\"headline\":\"Campanha de Incentivo \\u00e0 Amamenta\\u00e7\\u00e3o promove evento na Pra\\u00e7a Jo\\u00e3o Pinheiro\",\"author\":{\"@id\":\"https:\\\/\\\/anoticiaonline.com.br\\\/site\\\/author\\\/leandro\\\/#author\"},\"publisher\":{\"@id\":\"https:\\\/\\\/anoticiaonline.com.br\\\/site\\\/#organization\"},\"image\":{\"@type\":\"ImageObject\",\"url\":\"https:\\\/\\\/anoticiaonline.com.br\\\/site\\\/wp-content\\\/uploads\\\/2018\\\/08\\\/WhatsApp-Image-2018-08-27-at-10.14.14-1.jpeg\",\"width\":890,\"height\":667},\"datePublished\":\"2018-08-29T16:02:00-03:00\",\"dateModified\":\"2018-08-29T16:02:00-03:00\",\"inLanguage\":\"pt-BR\",\"mainEntityOfPage\":{\"@id\":\"https:\\\/\\\/anoticiaonline.com.br\\\/site\\\/campanha-de-incentivo-a-amamentacao-promove-evento-na-praca-joao-pinheiro\\\/#webpage\"},\"isPartOf\":{\"@id\":\"https:\\\/\\\/anoticiaonline.com.br\\\/site\\\/campanha-de-incentivo-a-amamentacao-promove-evento-na-praca-joao-pinheiro\\\/#webpage\"},\"articleSection\":\"Blog, Eventos, Campanha Agosto Dourado, Organiza\\u00e7\\u00e3o Mundial da Sa\\u00fade\"},{\"@type\":\"BreadcrumbList\",\"@id\":\"https:\\\/\\\/anoticiaonline.com.br\\\/site\\\/campanha-de-incentivo-a-amamentacao-promove-evento-na-praca-joao-pinheiro\\\/#breadcrumblist\",\"itemListElement\":[{\"@type\":\"ListItem\",\"@id\":\"https:\\\/\\\/anoticiaonline.com.br\\\/site#listItem\",\"position\":1,\"name\":\"Home\",\"item\":\"https:\\\/\\\/anoticiaonline.com.br\\\/site\",\"nextItem\":{\"@type\":\"ListItem\",\"@id\":\"https:\\\/\\\/anoticiaonline.com.br\\\/site\\\/categoria\\\/eventos\\\/#listItem\",\"name\":\"Eventos\"}},{\"@type\":\"ListItem\",\"@id\":\"https:\\\/\\\/anoticiaonline.com.br\\\/site\\\/categoria\\\/eventos\\\/#listItem\",\"position\":2,\"name\":\"Eventos\",\"item\":\"https:\\\/\\\/anoticiaonline.com.br\\\/site\\\/categoria\\\/eventos\\\/\",\"nextItem\":{\"@type\":\"ListItem\",\"@id\":\"https:\\\/\\\/anoticiaonline.com.br\\\/site\\\/campanha-de-incentivo-a-amamentacao-promove-evento-na-praca-joao-pinheiro\\\/#listItem\",\"name\":\"Campanha de Incentivo \\u00e0 Amamenta\\u00e7\\u00e3o promove evento na Pra\\u00e7a Jo\\u00e3o Pinheiro\"},\"previousItem\":{\"@type\":\"ListItem\",\"@id\":\"https:\\\/\\\/anoticiaonline.com.br\\\/site#listItem\",\"name\":\"Home\"}},{\"@type\":\"ListItem\",\"@id\":\"https:\\\/\\\/anoticiaonline.com.br\\\/site\\\/campanha-de-incentivo-a-amamentacao-promove-evento-na-praca-joao-pinheiro\\\/#listItem\",\"position\":3,\"name\":\"Campanha de Incentivo \\u00e0 Amamenta\\u00e7\\u00e3o promove evento na Pra\\u00e7a Jo\\u00e3o Pinheiro\",\"previousItem\":{\"@type\":\"ListItem\",\"@id\":\"https:\\\/\\\/anoticiaonline.com.br\\\/site\\\/categoria\\\/eventos\\\/#listItem\",\"name\":\"Eventos\"}}]},{\"@type\":\"Organization\",\"@id\":\"https:\\\/\\\/anoticiaonline.com.br\\\/site\\\/#organization\",\"name\":\"A Not\\u00edcia Online\",\"description\":\"Noticias de Muria\\u00e9 e regi\\u00e3o\",\"url\":\"https:\\\/\\\/anoticiaonline.com.br\\\/site\\\/\",\"logo\":{\"@type\":\"ImageObject\",\"url\":\"https:\\\/\\\/scontent-gig4-1.xx.fbcdn.net\\\/v\\\/t39.30808-1\\\/270437624_4564083193639691_6907940295614233970_n.jpg?stp=dst-jpg_s200x200_tt6&_nc_cat=111&ccb=1-7&_nc_sid=f907e8&_nc_ohc=SM1wRlP3lJwQ7kNvwEPuBYA&_nc_oc=AdnqrjDN_BNjSSHWO-GbkIWH6fkGMLw4bqvL_NH6e2wMveX7G-rP2dAqsDSq1mJMOaY&_nc_zt=24&_nc_ht=scontent-gig4-1.xx&_nc_gid=AoBFJeGrT1hVaew_6rchkQ&oh=00_AfX7QmFGhQhG2jAllVgXCiM1ZrWgvtp80-Bfppyexh1QEg&oe=689E923C\",\"@id\":\"https:\\\/\\\/anoticiaonline.com.br\\\/site\\\/campanha-de-incentivo-a-amamentacao-promove-evento-na-praca-joao-pinheiro\\\/#organizationLogo\"},\"image\":{\"@id\":\"https:\\\/\\\/anoticiaonline.com.br\\\/site\\\/campanha-de-incentivo-a-amamentacao-promove-evento-na-praca-joao-pinheiro\\\/#organizationLogo\"}},{\"@type\":\"Person\",\"@id\":\"https:\\\/\\\/anoticiaonline.com.br\\\/site\\\/author\\\/leandro\\\/#author\",\"url\":\"https:\\\/\\\/anoticiaonline.com.br\\\/site\\\/author\\\/leandro\\\/\",\"name\":\"Leandro Bebiano\",\"image\":{\"@type\":\"ImageObject\",\"@id\":\"https:\\\/\\\/anoticiaonline.com.br\\\/site\\\/campanha-de-incentivo-a-amamentacao-promove-evento-na-praca-joao-pinheiro\\\/#authorImage\",\"url\":\"https:\\\/\\\/secure.gravatar.com\\\/avatar\\\/99966a20c143db97c8590c2013307c7c234a4cca48ed5657cbb47e22a400bd5f?s=96&d=mm&r=g\",\"width\":96,\"height\":96,\"caption\":\"Leandro Bebiano\"}},{\"@type\":\"WebPage\",\"@id\":\"https:\\\/\\\/anoticiaonline.com.br\\\/site\\\/campanha-de-incentivo-a-amamentacao-promove-evento-na-praca-joao-pinheiro\\\/#webpage\",\"url\":\"https:\\\/\\\/anoticiaonline.com.br\\\/site\\\/campanha-de-incentivo-a-amamentacao-promove-evento-na-praca-joao-pinheiro\\\/\",\"name\":\"Campanha de Incentivo \\u00e0 Amamenta\\u00e7\\u00e3o promove evento na Pra\\u00e7a Jo\\u00e3o Pinheiro - A Not\\u00edcia Online\",\"description\":\"Em virtude da Semana Municipal de Incentivo \\u00e0 Amamenta\\u00e7\\u00e3o, inserida dentro da Campanha Agosto Dourado, que visa incentivar a pr\\u00e1tica na popula\\u00e7\\u00e3o, a C\\u00e2mara Municipal de Muria\\u00e9, por meio da Comiss\\u00e3o da Sa\\u00fade, presidida pelo vereador Dr. Jos\\u00e9 Carlos, realizou uma a\\u00e7\\u00e3o na Pra\\u00e7a Jo\\u00e3o Pinheiro, no \\u00faltimo s\\u00e1bado (25). Segundo o vereador, a Organiza\\u00e7\\u00e3o\",\"inLanguage\":\"pt-BR\",\"isPartOf\":{\"@id\":\"https:\\\/\\\/anoticiaonline.com.br\\\/site\\\/#website\"},\"breadcrumb\":{\"@id\":\"https:\\\/\\\/anoticiaonline.com.br\\\/site\\\/campanha-de-incentivo-a-amamentacao-promove-evento-na-praca-joao-pinheiro\\\/#breadcrumblist\"},\"author\":{\"@id\":\"https:\\\/\\\/anoticiaonline.com.br\\\/site\\\/author\\\/leandro\\\/#author\"},\"creator\":{\"@id\":\"https:\\\/\\\/anoticiaonline.com.br\\\/site\\\/author\\\/leandro\\\/#author\"},\"image\":{\"@type\":\"ImageObject\",\"url\":\"https:\\\/\\\/anoticiaonline.com.br\\\/site\\\/wp-content\\\/uploads\\\/2018\\\/08\\\/WhatsApp-Image-2018-08-27-at-10.14.14-1.jpeg\",\"@id\":\"https:\\\/\\\/anoticiaonline.com.br\\\/site\\\/campanha-de-incentivo-a-amamentacao-promove-evento-na-praca-joao-pinheiro\\\/#mainImage\",\"width\":890,\"height\":667},\"primaryImageOfPage\":{\"@id\":\"https:\\\/\\\/anoticiaonline.com.br\\\/site\\\/campanha-de-incentivo-a-amamentacao-promove-evento-na-praca-joao-pinheiro\\\/#mainImage\"},\"datePublished\":\"2018-08-29T16:02:00-03:00\",\"dateModified\":\"2018-08-29T16:02:00-03:00\"},{\"@type\":\"WebSite\",\"@id\":\"https:\\\/\\\/anoticiaonline.com.br\\\/site\\\/#website\",\"url\":\"https:\\\/\\\/anoticiaonline.com.br\\\/site\\\/\",\"name\":\"A Not\\u00edcia Online\",\"description\":\"Noticias de Muria\\u00e9 e regi\\u00e3o\",\"inLanguage\":\"pt-BR\",\"publisher\":{\"@id\":\"https:\\\/\\\/anoticiaonline.com.br\\\/site\\\/#organization\"}}]}\n\t\t<\/script>\n\t\t<!-- All in One SEO -->\n\n","aioseo_head_json":{"title":"Campanha de Incentivo \u00e0 Amamenta\u00e7\u00e3o promove evento na Pra\u00e7a Jo\u00e3o Pinheiro - A Not\u00edcia Online","description":"Em virtude da Semana Municipal de Incentivo \u00e0 Amamenta\u00e7\u00e3o, inserida dentro da Campanha Agosto Dourado, que visa incentivar a pr\u00e1tica na popula\u00e7\u00e3o, a C\u00e2mara Municipal de Muria\u00e9, por meio da Comiss\u00e3o da Sa\u00fade, presidida pelo vereador Dr. Jos\u00e9 Carlos, realizou uma a\u00e7\u00e3o na Pra\u00e7a Jo\u00e3o Pinheiro, no \u00faltimo s\u00e1bado (25). Segundo o vereador, a Organiza\u00e7\u00e3o","canonical_url":"https:\/\/anoticiaonline.com.br\/site\/campanha-de-incentivo-a-amamentacao-promove-evento-na-praca-joao-pinheiro\/","robots":"max-image-preview:large","keywords":"","webmasterTools":{"miscellaneous":""},"schema":{"@context":"https:\/\/schema.org","@graph":[{"@type":"BlogPosting","@id":"https:\/\/anoticiaonline.com.br\/site\/campanha-de-incentivo-a-amamentacao-promove-evento-na-praca-joao-pinheiro\/#blogposting","name":"Campanha de Incentivo \u00e0 Amamenta\u00e7\u00e3o promove evento na Pra\u00e7a Jo\u00e3o Pinheiro - A Not\u00edcia Online","headline":"Campanha de Incentivo \u00e0 Amamenta\u00e7\u00e3o promove evento na Pra\u00e7a Jo\u00e3o Pinheiro","author":{"@id":"https:\/\/anoticiaonline.com.br\/site\/author\/leandro\/#author"},"publisher":{"@id":"https:\/\/anoticiaonline.com.br\/site\/#organization"},"image":{"@type":"ImageObject","url":"https:\/\/anoticiaonline.com.br\/site\/wp-content\/uploads\/2018\/08\/WhatsApp-Image-2018-08-27-at-10.14.14-1.jpeg","width":890,"height":667},"datePublished":"2018-08-29T16:02:00-03:00","dateModified":"2018-08-29T16:02:00-03:00","inLanguage":"pt-BR","mainEntityOfPage":{"@id":"https:\/\/anoticiaonline.com.br\/site\/campanha-de-incentivo-a-amamentacao-promove-evento-na-praca-joao-pinheiro\/#webpage"},"isPartOf":{"@id":"https:\/\/anoticiaonline.com.br\/site\/campanha-de-incentivo-a-amamentacao-promove-evento-na-praca-joao-pinheiro\/#webpage"},"articleSection":"Blog, Eventos, Campanha Agosto Dourado, Organiza\u00e7\u00e3o Mundial da Sa\u00fade"},{"@type":"BreadcrumbList","@id":"https:\/\/anoticiaonline.com.br\/site\/campanha-de-incentivo-a-amamentacao-promove-evento-na-praca-joao-pinheiro\/#breadcrumblist","itemListElement":[{"@type":"ListItem","@id":"https:\/\/anoticiaonline.com.br\/site#listItem","position":1,"name":"Home","item":"https:\/\/anoticiaonline.com.br\/site","nextItem":{"@type":"ListItem","@id":"https:\/\/anoticiaonline.com.br\/site\/categoria\/eventos\/#listItem","name":"Eventos"}},{"@type":"ListItem","@id":"https:\/\/anoticiaonline.com.br\/site\/categoria\/eventos\/#listItem","position":2,"name":"Eventos","item":"https:\/\/anoticiaonline.com.br\/site\/categoria\/eventos\/","nextItem":{"@type":"ListItem","@id":"https:\/\/anoticiaonline.com.br\/site\/campanha-de-incentivo-a-amamentacao-promove-evento-na-praca-joao-pinheiro\/#listItem","name":"Campanha de Incentivo \u00e0 Amamenta\u00e7\u00e3o promove evento na Pra\u00e7a Jo\u00e3o Pinheiro"},"previousItem":{"@type":"ListItem","@id":"https:\/\/anoticiaonline.com.br\/site#listItem","name":"Home"}},{"@type":"ListItem","@id":"https:\/\/anoticiaonline.com.br\/site\/campanha-de-incentivo-a-amamentacao-promove-evento-na-praca-joao-pinheiro\/#listItem","position":3,"name":"Campanha de Incentivo \u00e0 Amamenta\u00e7\u00e3o promove evento na Pra\u00e7a Jo\u00e3o Pinheiro","previousItem":{"@type":"ListItem","@id":"https:\/\/anoticiaonline.com.br\/site\/categoria\/eventos\/#listItem","name":"Eventos"}}]},{"@type":"Organization","@id":"https:\/\/anoticiaonline.com.br\/site\/#organization","name":"A Not\u00edcia Online","description":"Noticias de Muria\u00e9 e regi\u00e3o","url":"https:\/\/anoticiaonline.com.br\/site\/","logo":{"@type":"ImageObject","url":"https:\/\/scontent-gig4-1.xx.fbcdn.net\/v\/t39.30808-1\/270437624_4564083193639691_6907940295614233970_n.jpg?stp=dst-jpg_s200x200_tt6&_nc_cat=111&ccb=1-7&_nc_sid=f907e8&_nc_ohc=SM1wRlP3lJwQ7kNvwEPuBYA&_nc_oc=AdnqrjDN_BNjSSHWO-GbkIWH6fkGMLw4bqvL_NH6e2wMveX7G-rP2dAqsDSq1mJMOaY&_nc_zt=24&_nc_ht=scontent-gig4-1.xx&_nc_gid=AoBFJeGrT1hVaew_6rchkQ&oh=00_AfX7QmFGhQhG2jAllVgXCiM1ZrWgvtp80-Bfppyexh1QEg&oe=689E923C","@id":"https:\/\/anoticiaonline.com.br\/site\/campanha-de-incentivo-a-amamentacao-promove-evento-na-praca-joao-pinheiro\/#organizationLogo"},"image":{"@id":"https:\/\/anoticiaonline.com.br\/site\/campanha-de-incentivo-a-amamentacao-promove-evento-na-praca-joao-pinheiro\/#organizationLogo"}},{"@type":"Person","@id":"https:\/\/anoticiaonline.com.br\/site\/author\/leandro\/#author","url":"https:\/\/anoticiaonline.com.br\/site\/author\/leandro\/","name":"Leandro Bebiano","image":{"@type":"ImageObject","@id":"https:\/\/anoticiaonline.com.br\/site\/campanha-de-incentivo-a-amamentacao-promove-evento-na-praca-joao-pinheiro\/#authorImage","url":"https:\/\/secure.gravatar.com\/avatar\/99966a20c143db97c8590c2013307c7c234a4cca48ed5657cbb47e22a400bd5f?s=96&d=mm&r=g","width":96,"height":96,"caption":"Leandro Bebiano"}},{"@type":"WebPage","@id":"https:\/\/anoticiaonline.com.br\/site\/campanha-de-incentivo-a-amamentacao-promove-evento-na-praca-joao-pinheiro\/#webpage","url":"https:\/\/anoticiaonline.com.br\/site\/campanha-de-incentivo-a-amamentacao-promove-evento-na-praca-joao-pinheiro\/","name":"Campanha de Incentivo \u00e0 Amamenta\u00e7\u00e3o promove evento na Pra\u00e7a Jo\u00e3o Pinheiro - A Not\u00edcia Online","description":"Em virtude da Semana Municipal de Incentivo \u00e0 Amamenta\u00e7\u00e3o, inserida dentro da Campanha Agosto Dourado, que visa incentivar a pr\u00e1tica na popula\u00e7\u00e3o, a C\u00e2mara Municipal de Muria\u00e9, por meio da Comiss\u00e3o da Sa\u00fade, presidida pelo vereador Dr. Jos\u00e9 Carlos, realizou uma a\u00e7\u00e3o na Pra\u00e7a Jo\u00e3o Pinheiro, no \u00faltimo s\u00e1bado (25). Segundo o vereador, a Organiza\u00e7\u00e3o","inLanguage":"pt-BR","isPartOf":{"@id":"https:\/\/anoticiaonline.com.br\/site\/#website"},"breadcrumb":{"@id":"https:\/\/anoticiaonline.com.br\/site\/campanha-de-incentivo-a-amamentacao-promove-evento-na-praca-joao-pinheiro\/#breadcrumblist"},"author":{"@id":"https:\/\/anoticiaonline.com.br\/site\/author\/leandro\/#author"},"creator":{"@id":"https:\/\/anoticiaonline.com.br\/site\/author\/leandro\/#author"},"image":{"@type":"ImageObject","url":"https:\/\/anoticiaonline.com.br\/site\/wp-content\/uploads\/2018\/08\/WhatsApp-Image-2018-08-27-at-10.14.14-1.jpeg","@id":"https:\/\/anoticiaonline.com.br\/site\/campanha-de-incentivo-a-amamentacao-promove-evento-na-praca-joao-pinheiro\/#mainImage","width":890,"height":667},"primaryImageOfPage":{"@id":"https:\/\/anoticiaonline.com.br\/site\/campanha-de-incentivo-a-amamentacao-promove-evento-na-praca-joao-pinheiro\/#mainImage"},"datePublished":"2018-08-29T16:02:00-03:00","dateModified":"2018-08-29T16:02:00-03:00"},{"@type":"WebSite","@id":"https:\/\/anoticiaonline.com.br\/site\/#website","url":"https:\/\/anoticiaonline.com.br\/site\/","name":"A Not\u00edcia Online","description":"Noticias de Muria\u00e9 e regi\u00e3o","inLanguage":"pt-BR","publisher":{"@id":"https:\/\/anoticiaonline.com.br\/site\/#organization"}}]},"og:locale":"pt_BR","og:site_name":"A Not\u00edcia Online - Noticias de Muria\u00e9 e regi\u00e3o","og:type":"article","og:title":"Campanha de Incentivo \u00e0 Amamenta\u00e7\u00e3o promove evento na Pra\u00e7a Jo\u00e3o Pinheiro - A Not\u00edcia Online","og:description":"Em virtude da Semana Municipal de Incentivo \u00e0 Amamenta\u00e7\u00e3o, inserida dentro da Campanha Agosto Dourado, que visa incentivar a pr\u00e1tica na popula\u00e7\u00e3o, a C\u00e2mara Municipal de Muria\u00e9, por meio da Comiss\u00e3o da Sa\u00fade, presidida pelo vereador Dr. Jos\u00e9 Carlos, realizou uma a\u00e7\u00e3o na Pra\u00e7a Jo\u00e3o Pinheiro, no \u00faltimo s\u00e1bado (25). Segundo o vereador, a Organiza\u00e7\u00e3o","og:url":"https:\/\/anoticiaonline.com.br\/site\/campanha-de-incentivo-a-amamentacao-promove-evento-na-praca-joao-pinheiro\/","og:image":"https:\/\/scontent-gig4-1.xx.fbcdn.net\/v\/t39.30808-1\/270437624_4564083193639691_6907940295614233970_n.jpg?stp=dst-jpg_s200x200_tt6&#038;_nc_cat=111&#038;ccb=1-7&#038;_nc_sid=f907e8&#038;_nc_ohc=SM1wRlP3lJwQ7kNvwEPuBYA&#038;_nc_oc=AdnqrjDN_BNjSSHWO-GbkIWH6fkGMLw4bqvL_NH6e2wMveX7G-rP2dAqsDSq1mJMOaY&#038;_nc_zt=24&#038;_nc_ht=scontent-gig4-1.xx&#038;_nc_gid=AoBFJeGrT1hVaew_6rchkQ&#038;oh=00_AfX7QmFGhQhG2jAllVgXCiM1ZrWgvtp80-Bfppyexh1QEg&#038;oe=689E923C","og:image:secure_url":"https:\/\/scontent-gig4-1.xx.fbcdn.net\/v\/t39.30808-1\/270437624_4564083193639691_6907940295614233970_n.jpg?stp=dst-jpg_s200x200_tt6&#038;_nc_cat=111&#038;ccb=1-7&#038;_nc_sid=f907e8&#038;_nc_ohc=SM1wRlP3lJwQ7kNvwEPuBYA&#038;_nc_oc=AdnqrjDN_BNjSSHWO-GbkIWH6fkGMLw4bqvL_NH6e2wMveX7G-rP2dAqsDSq1mJMOaY&#038;_nc_zt=24&#038;_nc_ht=scontent-gig4-1.xx&#038;_nc_gid=AoBFJeGrT1hVaew_6rchkQ&#038;oh=00_AfX7QmFGhQhG2jAllVgXCiM1ZrWgvtp80-Bfppyexh1QEg&#038;oe=689E923C","article:published_time":"2018-08-29T19:02:00+00:00","article:modified_time":"2018-08-29T19:02:00+00:00","twitter:card":"summary_large_image","twitter:title":"Campanha de Incentivo \u00e0 Amamenta\u00e7\u00e3o promove evento na Pra\u00e7a Jo\u00e3o Pinheiro - A Not\u00edcia Online","twitter:description":"Em virtude da Semana Municipal de Incentivo \u00e0 Amamenta\u00e7\u00e3o, inserida dentro da Campanha Agosto Dourado, que visa incentivar a pr\u00e1tica na popula\u00e7\u00e3o, a C\u00e2mara Municipal de Muria\u00e9, por meio da Comiss\u00e3o da Sa\u00fade, presidida pelo vereador Dr. Jos\u00e9 Carlos, realizou uma a\u00e7\u00e3o na Pra\u00e7a Jo\u00e3o Pinheiro, no \u00faltimo s\u00e1bado (25). Segundo o vereador, a Organiza\u00e7\u00e3o","twitter:image":"https:\/\/scontent-gig4-1.xx.fbcdn.net\/v\/t39.30808-1\/270437624_4564083193639691_6907940295614233970_n.jpg?stp=dst-jpg_s200x200_tt6&_nc_cat=111&ccb=1-7&_nc_sid=f907e8&_nc_ohc=SM1wRlP3lJwQ7kNvwEPuBYA&_nc_oc=AdnqrjDN_BNjSSHWO-GbkIWH6fkGMLw4bqvL_NH6e2wMveX7G-rP2dAqsDSq1mJMOaY&_nc_zt=24&_nc_ht=scontent-gig4-1.xx&_nc_gid=AoBFJeGrT1hVaew_6rchkQ&oh=00_AfX7QmFGhQhG2jAllVgXCiM1ZrWgvtp80-Bfppyexh1QEg&oe=689E923C"},"aioseo_meta_data":{"post_id":"60723","title":null,"description":null,"keywords":null,"keyphrases":null,"primary_term":null,"canonical_url":null,"og_title":null,"og_description":null,"og_object_type":"default","og_image_type":"default","og_image_url":null,"og_image_width":null,"og_image_height":null,"og_image_custom_url":null,"og_image_custom_fields":null,"og_video":null,"og_custom_url":null,"og_article_section":null,"og_article_tags":null,"twitter_use_og":false,"twitter_card":"default","twitter_image_type":"default","twitter_image_url":null,"twitter_image_custom_url":null,"twitter_image_custom_fields":null,"twitter_title":null,"twitter_description":null,"schema":{"blockGraphs":[],"customGraphs":[],"default":{"data":{"Article":[],"Course":[],"Dataset":[],"FAQPage":[],"Movie":[],"Person":[],"Product":[],"ProductReview":[],"Car":[],"Recipe":[],"Service":[],"SoftwareApplication":[],"WebPage":[]},"graphName":"","isEnabled":true},"graphs":[]},"schema_type":"default","schema_type_options":null,"pillar_content":false,"robots_default":true,"robots_noindex":false,"robots_noarchive":false,"robots_nosnippet":false,"robots_nofollow":false,"robots_noimageindex":false,"robots_noodp":false,"robots_notranslate":false,"robots_max_snippet":null,"robots_max_videopreview":null,"robots_max_imagepreview":"large","priority":null,"frequency":null,"local_seo":null,"breadcrumb_settings":null,"limit_modified_date":false,"ai":null,"created":"2025-08-16 21:31:40","updated":"2025-08-16 21:31:40","focus_keyword":null,"additional_keywords":null,"truseo_locale":null,"seo_analyzer_scan_date":null},"aioseo_breadcrumb":"<div class=\"aioseo-breadcrumbs\"><span class=\"aioseo-breadcrumb\">\n\t\t\t<a href=\"https:\/\/anoticiaonline.com.br\/site\" title=\"Home\">Home<\/a>\n\t\t<\/span><span class=\"aioseo-breadcrumb-separator\">&raquo;<\/span><span class=\"aioseo-breadcrumb\">\n\t\t\t<a href=\"https:\/\/anoticiaonline.com.br\/site\/categoria\/eventos\/\" title=\"Eventos\">Eventos<\/a>\n\t\t<\/span><span class=\"aioseo-breadcrumb-separator\">&raquo;<\/span><span class=\"aioseo-breadcrumb\">\n\t\t\tCampanha de Incentivo \u00e0 Amamenta\u00e7\u00e3o promove evento na Pra\u00e7a Jo\u00e3o Pinheiro\n\t\t<\/span><\/div>","aioseo_breadcrumb_json":[{"label":"Home","link":"https:\/\/anoticiaonline.com.br\/site"},{"label":"Eventos","link":"https:\/\/anoticiaonline.com.br\/site\/categoria\/eventos\/"},{"label":"Campanha de Incentivo \u00e0 Amamenta\u00e7\u00e3o promove evento na Pra\u00e7a Jo\u00e3o Pinheiro","link":"https:\/\/anoticiaonline.com.br\/site\/campanha-de-incentivo-a-amamentacao-promove-evento-na-praca-joao-pinheiro\/"}],"views":147,"_links":{"self":[{"href":"https:\/\/anoticiaonline.com.br\/site\/wp-json\/wp\/v2\/posts\/60723","targetHints":{"allow":["GET"]}}],"collection":[{"href":"https:\/\/anoticiaonline.com.br\/site\/wp-json\/wp\/v2\/posts"}],"about":[{"href":"https:\/\/anoticiaonline.com.br\/site\/wp-json\/wp\/v2\/types\/post"}],"author":[{"embeddable":true,"href":"https:\/\/anoticiaonline.com.br\/site\/wp-json\/wp\/v2\/users\/7"}],"replies":[{"embeddable":true,"href":"https:\/\/anoticiaonline.com.br\/site\/wp-json\/wp\/v2\/comments?post=60723"}],"version-history":[{"count":0,"href":"https:\/\/anoticiaonline.com.br\/site\/wp-json\/wp\/v2\/posts\/60723\/revisions"}],"wp:featuredmedia":[{"embeddable":true,"href":"https:\/\/anoticiaonline.com.br\/site\/wp-json\/wp\/v2\/media\/60725"}],"wp:attachment":[{"href":"https:\/\/anoticiaonline.com.br\/site\/wp-json\/wp\/v2\/media?parent=60723"}],"wp:term":[{"taxonomy":"category","embeddable":true,"href":"https:\/\/anoticiaonline.com.br\/site\/wp-json\/wp\/v2\/categories?post=60723"},{"taxonomy":"post_tag","embeddable":true,"href":"https:\/\/anoticiaonline.com.br\/site\/wp-json\/wp\/v2\/tags?post=60723"}],"curies":[{"name":"wp","href":"https:\/\/api.w.org\/{rel}","templated":true}]}}