{"id":60645,"date":"2018-08-28T17:49:06","date_gmt":"2018-08-28T20:49:06","guid":{"rendered":"http:\/\/anoticiaonline.com.br\/site\/?p=60645"},"modified":"2018-08-28T17:49:06","modified_gmt":"2018-08-28T20:49:06","slug":"cba-formaliza-parceria-com-associacao-de-confeccionistas-do-distrito-de-santo-antonio-do-rio-preto","status":"publish","type":"post","link":"https:\/\/anoticiaonline.com.br\/site\/cba-formaliza-parceria-com-associacao-de-confeccionistas-do-distrito-de-santo-antonio-do-rio-preto\/","title":{"rendered":"CBA formaliza parceria com associa\u00e7\u00e3o de confeccionistas do distrito de Santo Ant\u00f4nio do Rio Preto"},"content":{"rendered":"<p>Apoiar as comunidades onde atua, incentivando o desenvolvimento local, a educa\u00e7\u00e3o, o dinamismo econ\u00f4mico e o apoio \u00e0 gest\u00e3o p\u00fablica. Esta \u00e9 a proposta da Companhia Brasileira de Alum\u00ednio (CBA), por meio do investimento social e da rela\u00e7\u00e3o que mant\u00e9m com os munic\u00edpios onde opera. Um exemplo desta atua\u00e7\u00e3o \u00e9 a nova parceria estabelecida entre a Unidade Mira\u00ed e a Associa\u00e7\u00e3o Intermunicipal de Confeccionistas da comunidade de Santo Ant\u00f4nio do Rio Preto, do munic\u00edpio de Mira\u00ed. O projeto faz parte do programa ReDes, uma iniciativa do Instituto Votorantim em conjunto com Banco Nacional de Desenvolvimento Econ\u00f4mico e Social (BNDES) e o Fundo Multilateral de Investimentos do Banco Interamericano de Desenvolvimento (BID \u2013 Fumin).<\/p>\n<p>A formaliza\u00e7\u00e3o da parceria foi marcada pela visita de 17 costureiras \u00e0 Unidade de Mira\u00ed. Elas puderam conhecer um pouco do processo de beneficiamento da bauxita e conversar com empregados da CBA sobre o trabalho socioambiental desenvolvido na unidade. Entre as atividades previstas na parceria est\u00e3o o desenvolvimento de uma pesquisa no mercado regional (para orientar a produ\u00e7\u00e3o das costureiras em rela\u00e7\u00e3o \u00e0s demandas locais) e o estudo dos m\u00e9todos atuais de confec\u00e7\u00e3o, visando uma melhoria no processo produtivo. Uma reforma das instala\u00e7\u00f5es tamb\u00e9m est\u00e1 prevista. Como outras iniciativas do programa ReDes, a parceria (que tem o prazo previsto de 5 anos) visa o planejamento, implanta\u00e7\u00e3o e consolida\u00e7\u00e3o total do projeto. Ao final desse per\u00edodo, \u00e9 esperado que a Associa\u00e7\u00e3o seja aut\u00f4noma e gerencie,\u00a0 a sustentabilidade do neg\u00f3cio.<\/p>\n<p>Segundo a costureira Flaviana Maria, que faz parte da associa\u00e7\u00e3o, o projeto deve render bons frutos para a comunidade. \u201cAl\u00e9m da qualifica\u00e7\u00e3o que estamos recebendo, a parceria com a CBA ainda vai dar visibilidade ao nosso trabalho e atrair mais profissionais\u201d, conta.<\/p>\n<p>Para o gerente da unidade da CBA na Zona da Mata mineira, Christian Fonseca de Andrade, a iniciativa refor\u00e7a a preocupa\u00e7\u00e3o da CBA em promover o protagonismo das organiza\u00e7\u00f5es locais, contribuindo para o desenvolvimento da regi\u00e3o: \u201co sucesso do projeto se dar\u00e1 quando a Associa\u00e7\u00e3o Intermunicipal de Costureiras atingir a autossufici\u00eancia e autonomia na gest\u00e3o do seu neg\u00f3cio, de import\u00e2ncia para a comunidade de Santo Ant\u00f4nio do Rio Preto. Trabalharemos em conjunto \u2013 CBA, Instituto Votorantim, Prefeitura de Mira\u00ed, BNDES\/BID e as costureiras na realiza\u00e7\u00e3o do projeto\u201d.<\/p>\n<p><a href=\"https:\/\/anoticiaonline.com.br\/site\/wp-content\/uploads\/2018\/08\/CBA-formaliza-parceria-com-associa\u00e7\u00e3o-de-confeccionistas-do-distrito-de-Santo-Ant\u00f4nio-do-Rio-Preto-2.jpg\"><img fetchpriority=\"high\" decoding=\"async\" class=\"alignnone size-full wp-image-60646\" src=\"https:\/\/anoticiaonline.com.br\/site\/wp-content\/uploads\/2018\/08\/CBA-formaliza-parceria-com-associa\u00e7\u00e3o-de-confeccionistas-do-distrito-de-Santo-Ant\u00f4nio-do-Rio-Preto-2.jpg\" alt=\"\" width=\"800\" height=\"534\" srcset=\"https:\/\/anoticiaonline.com.br\/site\/wp-content\/uploads\/2018\/08\/CBA-formaliza-parceria-com-associa\u00e7\u00e3o-de-confeccionistas-do-distrito-de-Santo-Ant\u00f4nio-do-Rio-Preto-2.jpg 800w, https:\/\/anoticiaonline.com.br\/site\/wp-content\/uploads\/2018\/08\/CBA-formaliza-parceria-com-associa\u00e7\u00e3o-de-confeccionistas-do-distrito-de-Santo-Ant\u00f4nio-do-Rio-Preto-2-300x200.jpg 300w, https:\/\/anoticiaonline.com.br\/site\/wp-content\/uploads\/2018\/08\/CBA-formaliza-parceria-com-associa\u00e7\u00e3o-de-confeccionistas-do-distrito-de-Santo-Ant\u00f4nio-do-Rio-Preto-2-768x513.jpg 768w\" sizes=\"(max-width: 800px) 100vw, 800px\" \/><\/a> <a href=\"https:\/\/anoticiaonline.com.br\/site\/wp-content\/uploads\/2018\/08\/CBA-formaliza-parceria-com-associa\u00e7\u00e3o-de-confeccionistas-do-distrito-de-Santo-Ant\u00f4nio-do-Rio-Preto.jpg\"><img decoding=\"async\" class=\"alignnone size-full wp-image-60647\" src=\"https:\/\/anoticiaonline.com.br\/site\/wp-content\/uploads\/2018\/08\/CBA-formaliza-parceria-com-associa\u00e7\u00e3o-de-confeccionistas-do-distrito-de-Santo-Ant\u00f4nio-do-Rio-Preto.jpg\" alt=\"\" width=\"800\" height=\"534\" srcset=\"https:\/\/anoticiaonline.com.br\/site\/wp-content\/uploads\/2018\/08\/CBA-formaliza-parceria-com-associa\u00e7\u00e3o-de-confeccionistas-do-distrito-de-Santo-Ant\u00f4nio-do-Rio-Preto.jpg 800w, https:\/\/anoticiaonline.com.br\/site\/wp-content\/uploads\/2018\/08\/CBA-formaliza-parceria-com-associa\u00e7\u00e3o-de-confeccionistas-do-distrito-de-Santo-Ant\u00f4nio-do-Rio-Preto-300x200.jpg 300w, https:\/\/anoticiaonline.com.br\/site\/wp-content\/uploads\/2018\/08\/CBA-formaliza-parceria-com-associa\u00e7\u00e3o-de-confeccionistas-do-distrito-de-Santo-Ant\u00f4nio-do-Rio-Preto-768x513.jpg 768w\" sizes=\"(max-width: 800px) 100vw, 800px\" \/><\/a><\/p>\n<p>Cr\u00e9ditos: ASCOM CBA<\/p>\n","protected":false},"excerpt":{"rendered":"<p>Apoiar as comunidades onde atua, incentivando o desenvolvimento local, a educa\u00e7\u00e3o, o dinamismo econ\u00f4mico e o apoio \u00e0 gest\u00e3o p\u00fablica. Esta \u00e9 a proposta da Companhia Brasileira de Alum\u00ednio (CBA), por meio do investimento social e da rela\u00e7\u00e3o que mant\u00e9m com os munic\u00edpios onde opera. Um exemplo desta atua\u00e7\u00e3o \u00e9 a nova parceria estabelecida entre &#8230; <a title=\"CBA formaliza parceria com associa\u00e7\u00e3o de confeccionistas do distrito de Santo Ant\u00f4nio do Rio Preto\" class=\"read-more\" href=\"https:\/\/anoticiaonline.com.br\/site\/cba-formaliza-parceria-com-associacao-de-confeccionistas-do-distrito-de-santo-antonio-do-rio-preto\/\" aria-label=\"Read more about CBA formaliza parceria com associa\u00e7\u00e3o de confeccionistas do distrito de Santo Ant\u00f4nio do Rio Preto\">Ler mais<\/a><\/p>\n","protected":false},"author":2,"featured_media":60646,"comment_status":"open","ping_status":"open","sticky":false,"template":"","format":"standard","meta":{"_acf_changed":false,"_monsterinsights_skip_tracking":false,"footnotes":""},"categories":[6],"tags":[],"class_list":["post-60645","post","type-post","status-publish","format-standard","has-post-thumbnail","hentry","category-regiao"],"acf":[],"aioseo_notices":[],"aioseo_head":"\n\t\t<!-- All in One SEO 5.0.0.1 - aioseo.com -->\n\t<meta name=\"description\" content=\"Apoiar as comunidades onde atua, incentivando o desenvolvimento local, a educa\u00e7\u00e3o, o dinamismo econ\u00f4mico e o apoio \u00e0 gest\u00e3o p\u00fablica. Esta \u00e9 a proposta da Companhia Brasileira de Alum\u00ednio (CBA), por meio do investimento social e da rela\u00e7\u00e3o que mant\u00e9m com os munic\u00edpios onde opera. Um exemplo desta atua\u00e7\u00e3o \u00e9 a nova parceria estabelecida entre\" \/>\n\t<meta name=\"robots\" content=\"max-image-preview:large\" \/>\n\t<meta name=\"author\" content=\"Juliana Laviola\"\/>\n\t<link rel=\"canonical\" href=\"https:\/\/anoticiaonline.com.br\/site\/cba-formaliza-parceria-com-associacao-de-confeccionistas-do-distrito-de-santo-antonio-do-rio-preto\/\" \/>\n\t<meta name=\"generator\" content=\"All in One SEO (AIOSEO) 5.0.0.1\" \/>\n\t\t<meta property=\"og:locale\" content=\"pt_BR\" \/>\n\t\t<meta property=\"og:site_name\" content=\"A Not\u00edcia Online - Noticias de Muria\u00e9 e regi\u00e3o\" \/>\n\t\t<meta property=\"og:type\" content=\"article\" \/>\n\t\t<meta property=\"og:title\" content=\"CBA formaliza parceria com associa\u00e7\u00e3o de confeccionistas do distrito de Santo Ant\u00f4nio do Rio Preto - A Not\u00edcia Online\" \/>\n\t\t<meta property=\"og:description\" content=\"Apoiar as comunidades onde atua, incentivando o desenvolvimento local, a educa\u00e7\u00e3o, o dinamismo econ\u00f4mico e o apoio \u00e0 gest\u00e3o p\u00fablica. Esta \u00e9 a proposta da Companhia Brasileira de Alum\u00ednio (CBA), por meio do investimento social e da rela\u00e7\u00e3o que mant\u00e9m com os munic\u00edpios onde opera. Um exemplo desta atua\u00e7\u00e3o \u00e9 a nova parceria estabelecida entre\" \/>\n\t\t<meta property=\"og:url\" content=\"https:\/\/anoticiaonline.com.br\/site\/cba-formaliza-parceria-com-associacao-de-confeccionistas-do-distrito-de-santo-antonio-do-rio-preto\/\" \/>\n\t\t<meta property=\"og:image\" content=\"https:\/\/scontent-gig4-1.xx.fbcdn.net\/v\/t39.30808-1\/270437624_4564083193639691_6907940295614233970_n.jpg?stp=dst-jpg_s200x200_tt6&#038;_nc_cat=111&#038;ccb=1-7&#038;_nc_sid=f907e8&#038;_nc_ohc=SM1wRlP3lJwQ7kNvwEPuBYA&#038;_nc_oc=AdnqrjDN_BNjSSHWO-GbkIWH6fkGMLw4bqvL_NH6e2wMveX7G-rP2dAqsDSq1mJMOaY&#038;_nc_zt=24&#038;_nc_ht=scontent-gig4-1.xx&#038;_nc_gid=AoBFJeGrT1hVaew_6rchkQ&#038;oh=00_AfX7QmFGhQhG2jAllVgXCiM1ZrWgvtp80-Bfppyexh1QEg&#038;oe=689E923C\" \/>\n\t\t<meta property=\"og:image:secure_url\" content=\"https:\/\/scontent-gig4-1.xx.fbcdn.net\/v\/t39.30808-1\/270437624_4564083193639691_6907940295614233970_n.jpg?stp=dst-jpg_s200x200_tt6&#038;_nc_cat=111&#038;ccb=1-7&#038;_nc_sid=f907e8&#038;_nc_ohc=SM1wRlP3lJwQ7kNvwEPuBYA&#038;_nc_oc=AdnqrjDN_BNjSSHWO-GbkIWH6fkGMLw4bqvL_NH6e2wMveX7G-rP2dAqsDSq1mJMOaY&#038;_nc_zt=24&#038;_nc_ht=scontent-gig4-1.xx&#038;_nc_gid=AoBFJeGrT1hVaew_6rchkQ&#038;oh=00_AfX7QmFGhQhG2jAllVgXCiM1ZrWgvtp80-Bfppyexh1QEg&#038;oe=689E923C\" \/>\n\t\t<meta property=\"article:published_time\" content=\"2018-08-28T20:49:06+00:00\" \/>\n\t\t<meta property=\"article:modified_time\" content=\"2018-08-28T20:49:06+00:00\" \/>\n\t\t<meta name=\"twitter:card\" content=\"summary_large_image\" \/>\n\t\t<meta name=\"twitter:title\" content=\"CBA formaliza parceria com associa\u00e7\u00e3o de confeccionistas do distrito de Santo Ant\u00f4nio do Rio Preto - A Not\u00edcia Online\" \/>\n\t\t<meta name=\"twitter:description\" content=\"Apoiar as comunidades onde atua, incentivando o desenvolvimento local, a educa\u00e7\u00e3o, o dinamismo econ\u00f4mico e o apoio \u00e0 gest\u00e3o p\u00fablica. Esta \u00e9 a proposta da Companhia Brasileira de Alum\u00ednio (CBA), por meio do investimento social e da rela\u00e7\u00e3o que mant\u00e9m com os munic\u00edpios onde opera. Um exemplo desta atua\u00e7\u00e3o \u00e9 a nova parceria estabelecida entre\" \/>\n\t\t<meta name=\"twitter:image\" content=\"https:\/\/scontent-gig4-1.xx.fbcdn.net\/v\/t39.30808-1\/270437624_4564083193639691_6907940295614233970_n.jpg?stp=dst-jpg_s200x200_tt6&amp;_nc_cat=111&amp;ccb=1-7&amp;_nc_sid=f907e8&amp;_nc_ohc=SM1wRlP3lJwQ7kNvwEPuBYA&amp;_nc_oc=AdnqrjDN_BNjSSHWO-GbkIWH6fkGMLw4bqvL_NH6e2wMveX7G-rP2dAqsDSq1mJMOaY&amp;_nc_zt=24&amp;_nc_ht=scontent-gig4-1.xx&amp;_nc_gid=AoBFJeGrT1hVaew_6rchkQ&amp;oh=00_AfX7QmFGhQhG2jAllVgXCiM1ZrWgvtp80-Bfppyexh1QEg&amp;oe=689E923C\" \/>\n\t\t<script type=\"application\/ld+json\" class=\"aioseo-schema\">\n\t\t\t{\"@context\":\"https:\\\/\\\/schema.org\",\"@graph\":[{\"@type\":\"BlogPosting\",\"@id\":\"https:\\\/\\\/anoticiaonline.com.br\\\/site\\\/cba-formaliza-parceria-com-associacao-de-confeccionistas-do-distrito-de-santo-antonio-do-rio-preto\\\/#blogposting\",\"name\":\"CBA formaliza parceria com associa\\u00e7\\u00e3o de confeccionistas do distrito de Santo Ant\\u00f4nio do Rio Preto - A Not\\u00edcia Online\",\"headline\":\"CBA formaliza parceria com associa\\u00e7\\u00e3o de confeccionistas do distrito de Santo Ant\\u00f4nio do Rio Preto\",\"author\":{\"@id\":\"https:\\\/\\\/anoticiaonline.com.br\\\/site\\\/author\\\/juliana\\\/#author\"},\"publisher\":{\"@id\":\"https:\\\/\\\/anoticiaonline.com.br\\\/site\\\/#organization\"},\"image\":{\"@type\":\"ImageObject\",\"url\":\"https:\\\/\\\/anoticiaonline.com.br\\\/site\\\/wp-content\\\/uploads\\\/2018\\\/08\\\/CBA-formaliza-parceria-com-associa\\u00e7\\u00e3o-de-confeccionistas-do-distrito-de-Santo-Ant\\u00f4nio-do-Rio-Preto-2.jpg\",\"width\":800,\"height\":534},\"datePublished\":\"2018-08-28T17:49:06-03:00\",\"dateModified\":\"2018-08-28T17:49:06-03:00\",\"inLanguage\":\"pt-BR\",\"mainEntityOfPage\":{\"@id\":\"https:\\\/\\\/anoticiaonline.com.br\\\/site\\\/cba-formaliza-parceria-com-associacao-de-confeccionistas-do-distrito-de-santo-antonio-do-rio-preto\\\/#webpage\"},\"isPartOf\":{\"@id\":\"https:\\\/\\\/anoticiaonline.com.br\\\/site\\\/cba-formaliza-parceria-com-associacao-de-confeccionistas-do-distrito-de-santo-antonio-do-rio-preto\\\/#webpage\"},\"articleSection\":\"Regi\\u00e3o\"},{\"@type\":\"BreadcrumbList\",\"@id\":\"https:\\\/\\\/anoticiaonline.com.br\\\/site\\\/cba-formaliza-parceria-com-associacao-de-confeccionistas-do-distrito-de-santo-antonio-do-rio-preto\\\/#breadcrumblist\",\"itemListElement\":[{\"@type\":\"ListItem\",\"@id\":\"https:\\\/\\\/anoticiaonline.com.br\\\/site#listItem\",\"position\":1,\"name\":\"Home\",\"item\":\"https:\\\/\\\/anoticiaonline.com.br\\\/site\",\"nextItem\":{\"@type\":\"ListItem\",\"@id\":\"https:\\\/\\\/anoticiaonline.com.br\\\/site\\\/categoria\\\/regiao\\\/#listItem\",\"name\":\"Regi\\u00e3o\"}},{\"@type\":\"ListItem\",\"@id\":\"https:\\\/\\\/anoticiaonline.com.br\\\/site\\\/categoria\\\/regiao\\\/#listItem\",\"position\":2,\"name\":\"Regi\\u00e3o\",\"item\":\"https:\\\/\\\/anoticiaonline.com.br\\\/site\\\/categoria\\\/regiao\\\/\",\"nextItem\":{\"@type\":\"ListItem\",\"@id\":\"https:\\\/\\\/anoticiaonline.com.br\\\/site\\\/cba-formaliza-parceria-com-associacao-de-confeccionistas-do-distrito-de-santo-antonio-do-rio-preto\\\/#listItem\",\"name\":\"CBA formaliza parceria com associa\\u00e7\\u00e3o de confeccionistas do distrito de Santo Ant\\u00f4nio do Rio Preto\"},\"previousItem\":{\"@type\":\"ListItem\",\"@id\":\"https:\\\/\\\/anoticiaonline.com.br\\\/site#listItem\",\"name\":\"Home\"}},{\"@type\":\"ListItem\",\"@id\":\"https:\\\/\\\/anoticiaonline.com.br\\\/site\\\/cba-formaliza-parceria-com-associacao-de-confeccionistas-do-distrito-de-santo-antonio-do-rio-preto\\\/#listItem\",\"position\":3,\"name\":\"CBA formaliza parceria com associa\\u00e7\\u00e3o de confeccionistas do distrito de Santo Ant\\u00f4nio do Rio Preto\",\"previousItem\":{\"@type\":\"ListItem\",\"@id\":\"https:\\\/\\\/anoticiaonline.com.br\\\/site\\\/categoria\\\/regiao\\\/#listItem\",\"name\":\"Regi\\u00e3o\"}}]},{\"@type\":\"Organization\",\"@id\":\"https:\\\/\\\/anoticiaonline.com.br\\\/site\\\/#organization\",\"name\":\"A Not\\u00edcia Online\",\"description\":\"Noticias de Muria\\u00e9 e regi\\u00e3o\",\"url\":\"https:\\\/\\\/anoticiaonline.com.br\\\/site\\\/\",\"logo\":{\"@type\":\"ImageObject\",\"url\":\"https:\\\/\\\/scontent-gig4-1.xx.fbcdn.net\\\/v\\\/t39.30808-1\\\/270437624_4564083193639691_6907940295614233970_n.jpg?stp=dst-jpg_s200x200_tt6&_nc_cat=111&ccb=1-7&_nc_sid=f907e8&_nc_ohc=SM1wRlP3lJwQ7kNvwEPuBYA&_nc_oc=AdnqrjDN_BNjSSHWO-GbkIWH6fkGMLw4bqvL_NH6e2wMveX7G-rP2dAqsDSq1mJMOaY&_nc_zt=24&_nc_ht=scontent-gig4-1.xx&_nc_gid=AoBFJeGrT1hVaew_6rchkQ&oh=00_AfX7QmFGhQhG2jAllVgXCiM1ZrWgvtp80-Bfppyexh1QEg&oe=689E923C\",\"@id\":\"https:\\\/\\\/anoticiaonline.com.br\\\/site\\\/cba-formaliza-parceria-com-associacao-de-confeccionistas-do-distrito-de-santo-antonio-do-rio-preto\\\/#organizationLogo\"},\"image\":{\"@id\":\"https:\\\/\\\/anoticiaonline.com.br\\\/site\\\/cba-formaliza-parceria-com-associacao-de-confeccionistas-do-distrito-de-santo-antonio-do-rio-preto\\\/#organizationLogo\"}},{\"@type\":\"Person\",\"@id\":\"https:\\\/\\\/anoticiaonline.com.br\\\/site\\\/author\\\/juliana\\\/#author\",\"url\":\"https:\\\/\\\/anoticiaonline.com.br\\\/site\\\/author\\\/juliana\\\/\",\"name\":\"Juliana Laviola\",\"image\":{\"@type\":\"ImageObject\",\"@id\":\"https:\\\/\\\/anoticiaonline.com.br\\\/site\\\/cba-formaliza-parceria-com-associacao-de-confeccionistas-do-distrito-de-santo-antonio-do-rio-preto\\\/#authorImage\",\"url\":\"https:\\\/\\\/secure.gravatar.com\\\/avatar\\\/b8d45f5c699b100dfaf0e543582f38f38bf94cb7ae3a5e9abf8d891a34773335?s=96&d=mm&r=g\",\"width\":96,\"height\":96,\"caption\":\"Juliana Laviola\"}},{\"@type\":\"WebPage\",\"@id\":\"https:\\\/\\\/anoticiaonline.com.br\\\/site\\\/cba-formaliza-parceria-com-associacao-de-confeccionistas-do-distrito-de-santo-antonio-do-rio-preto\\\/#webpage\",\"url\":\"https:\\\/\\\/anoticiaonline.com.br\\\/site\\\/cba-formaliza-parceria-com-associacao-de-confeccionistas-do-distrito-de-santo-antonio-do-rio-preto\\\/\",\"name\":\"CBA formaliza parceria com associa\\u00e7\\u00e3o de confeccionistas do distrito de Santo Ant\\u00f4nio do Rio Preto - A Not\\u00edcia Online\",\"description\":\"Apoiar as comunidades onde atua, incentivando o desenvolvimento local, a educa\\u00e7\\u00e3o, o dinamismo econ\\u00f4mico e o apoio \\u00e0 gest\\u00e3o p\\u00fablica. Esta \\u00e9 a proposta da Companhia Brasileira de Alum\\u00ednio (CBA), por meio do investimento social e da rela\\u00e7\\u00e3o que mant\\u00e9m com os munic\\u00edpios onde opera. Um exemplo desta atua\\u00e7\\u00e3o \\u00e9 a nova parceria estabelecida entre\",\"inLanguage\":\"pt-BR\",\"isPartOf\":{\"@id\":\"https:\\\/\\\/anoticiaonline.com.br\\\/site\\\/#website\"},\"breadcrumb\":{\"@id\":\"https:\\\/\\\/anoticiaonline.com.br\\\/site\\\/cba-formaliza-parceria-com-associacao-de-confeccionistas-do-distrito-de-santo-antonio-do-rio-preto\\\/#breadcrumblist\"},\"author\":{\"@id\":\"https:\\\/\\\/anoticiaonline.com.br\\\/site\\\/author\\\/juliana\\\/#author\"},\"creator\":{\"@id\":\"https:\\\/\\\/anoticiaonline.com.br\\\/site\\\/author\\\/juliana\\\/#author\"},\"image\":{\"@type\":\"ImageObject\",\"url\":\"https:\\\/\\\/anoticiaonline.com.br\\\/site\\\/wp-content\\\/uploads\\\/2018\\\/08\\\/CBA-formaliza-parceria-com-associa\\u00e7\\u00e3o-de-confeccionistas-do-distrito-de-Santo-Ant\\u00f4nio-do-Rio-Preto-2.jpg\",\"@id\":\"https:\\\/\\\/anoticiaonline.com.br\\\/site\\\/cba-formaliza-parceria-com-associacao-de-confeccionistas-do-distrito-de-santo-antonio-do-rio-preto\\\/#mainImage\",\"width\":800,\"height\":534},\"primaryImageOfPage\":{\"@id\":\"https:\\\/\\\/anoticiaonline.com.br\\\/site\\\/cba-formaliza-parceria-com-associacao-de-confeccionistas-do-distrito-de-santo-antonio-do-rio-preto\\\/#mainImage\"},\"datePublished\":\"2018-08-28T17:49:06-03:00\",\"dateModified\":\"2018-08-28T17:49:06-03:00\"},{\"@type\":\"WebSite\",\"@id\":\"https:\\\/\\\/anoticiaonline.com.br\\\/site\\\/#website\",\"url\":\"https:\\\/\\\/anoticiaonline.com.br\\\/site\\\/\",\"name\":\"A Not\\u00edcia Online\",\"description\":\"Noticias de Muria\\u00e9 e regi\\u00e3o\",\"inLanguage\":\"pt-BR\",\"publisher\":{\"@id\":\"https:\\\/\\\/anoticiaonline.com.br\\\/site\\\/#organization\"}}]}\n\t\t<\/script>\n\t\t<!-- All in One SEO -->\n\n","aioseo_head_json":{"title":"CBA formaliza parceria com associa\u00e7\u00e3o de confeccionistas do distrito de Santo Ant\u00f4nio do Rio Preto - A Not\u00edcia Online","description":"Apoiar as comunidades onde atua, incentivando o desenvolvimento local, a educa\u00e7\u00e3o, o dinamismo econ\u00f4mico e o apoio \u00e0 gest\u00e3o p\u00fablica. Esta \u00e9 a proposta da Companhia Brasileira de Alum\u00ednio (CBA), por meio do investimento social e da rela\u00e7\u00e3o que mant\u00e9m com os munic\u00edpios onde opera. Um exemplo desta atua\u00e7\u00e3o \u00e9 a nova parceria estabelecida entre","canonical_url":"https:\/\/anoticiaonline.com.br\/site\/cba-formaliza-parceria-com-associacao-de-confeccionistas-do-distrito-de-santo-antonio-do-rio-preto\/","robots":"max-image-preview:large","keywords":"","webmasterTools":{"miscellaneous":""},"schema":{"@context":"https:\/\/schema.org","@graph":[{"@type":"BlogPosting","@id":"https:\/\/anoticiaonline.com.br\/site\/cba-formaliza-parceria-com-associacao-de-confeccionistas-do-distrito-de-santo-antonio-do-rio-preto\/#blogposting","name":"CBA formaliza parceria com associa\u00e7\u00e3o de confeccionistas do distrito de Santo Ant\u00f4nio do Rio Preto - A Not\u00edcia Online","headline":"CBA formaliza parceria com associa\u00e7\u00e3o de confeccionistas do distrito de Santo Ant\u00f4nio do Rio Preto","author":{"@id":"https:\/\/anoticiaonline.com.br\/site\/author\/juliana\/#author"},"publisher":{"@id":"https:\/\/anoticiaonline.com.br\/site\/#organization"},"image":{"@type":"ImageObject","url":"https:\/\/anoticiaonline.com.br\/site\/wp-content\/uploads\/2018\/08\/CBA-formaliza-parceria-com-associa\u00e7\u00e3o-de-confeccionistas-do-distrito-de-Santo-Ant\u00f4nio-do-Rio-Preto-2.jpg","width":800,"height":534},"datePublished":"2018-08-28T17:49:06-03:00","dateModified":"2018-08-28T17:49:06-03:00","inLanguage":"pt-BR","mainEntityOfPage":{"@id":"https:\/\/anoticiaonline.com.br\/site\/cba-formaliza-parceria-com-associacao-de-confeccionistas-do-distrito-de-santo-antonio-do-rio-preto\/#webpage"},"isPartOf":{"@id":"https:\/\/anoticiaonline.com.br\/site\/cba-formaliza-parceria-com-associacao-de-confeccionistas-do-distrito-de-santo-antonio-do-rio-preto\/#webpage"},"articleSection":"Regi\u00e3o"},{"@type":"BreadcrumbList","@id":"https:\/\/anoticiaonline.com.br\/site\/cba-formaliza-parceria-com-associacao-de-confeccionistas-do-distrito-de-santo-antonio-do-rio-preto\/#breadcrumblist","itemListElement":[{"@type":"ListItem","@id":"https:\/\/anoticiaonline.com.br\/site#listItem","position":1,"name":"Home","item":"https:\/\/anoticiaonline.com.br\/site","nextItem":{"@type":"ListItem","@id":"https:\/\/anoticiaonline.com.br\/site\/categoria\/regiao\/#listItem","name":"Regi\u00e3o"}},{"@type":"ListItem","@id":"https:\/\/anoticiaonline.com.br\/site\/categoria\/regiao\/#listItem","position":2,"name":"Regi\u00e3o","item":"https:\/\/anoticiaonline.com.br\/site\/categoria\/regiao\/","nextItem":{"@type":"ListItem","@id":"https:\/\/anoticiaonline.com.br\/site\/cba-formaliza-parceria-com-associacao-de-confeccionistas-do-distrito-de-santo-antonio-do-rio-preto\/#listItem","name":"CBA formaliza parceria com associa\u00e7\u00e3o de confeccionistas do distrito de Santo Ant\u00f4nio do Rio Preto"},"previousItem":{"@type":"ListItem","@id":"https:\/\/anoticiaonline.com.br\/site#listItem","name":"Home"}},{"@type":"ListItem","@id":"https:\/\/anoticiaonline.com.br\/site\/cba-formaliza-parceria-com-associacao-de-confeccionistas-do-distrito-de-santo-antonio-do-rio-preto\/#listItem","position":3,"name":"CBA formaliza parceria com associa\u00e7\u00e3o de confeccionistas do distrito de Santo Ant\u00f4nio do Rio Preto","previousItem":{"@type":"ListItem","@id":"https:\/\/anoticiaonline.com.br\/site\/categoria\/regiao\/#listItem","name":"Regi\u00e3o"}}]},{"@type":"Organization","@id":"https:\/\/anoticiaonline.com.br\/site\/#organization","name":"A Not\u00edcia Online","description":"Noticias de Muria\u00e9 e regi\u00e3o","url":"https:\/\/anoticiaonline.com.br\/site\/","logo":{"@type":"ImageObject","url":"https:\/\/scontent-gig4-1.xx.fbcdn.net\/v\/t39.30808-1\/270437624_4564083193639691_6907940295614233970_n.jpg?stp=dst-jpg_s200x200_tt6&_nc_cat=111&ccb=1-7&_nc_sid=f907e8&_nc_ohc=SM1wRlP3lJwQ7kNvwEPuBYA&_nc_oc=AdnqrjDN_BNjSSHWO-GbkIWH6fkGMLw4bqvL_NH6e2wMveX7G-rP2dAqsDSq1mJMOaY&_nc_zt=24&_nc_ht=scontent-gig4-1.xx&_nc_gid=AoBFJeGrT1hVaew_6rchkQ&oh=00_AfX7QmFGhQhG2jAllVgXCiM1ZrWgvtp80-Bfppyexh1QEg&oe=689E923C","@id":"https:\/\/anoticiaonline.com.br\/site\/cba-formaliza-parceria-com-associacao-de-confeccionistas-do-distrito-de-santo-antonio-do-rio-preto\/#organizationLogo"},"image":{"@id":"https:\/\/anoticiaonline.com.br\/site\/cba-formaliza-parceria-com-associacao-de-confeccionistas-do-distrito-de-santo-antonio-do-rio-preto\/#organizationLogo"}},{"@type":"Person","@id":"https:\/\/anoticiaonline.com.br\/site\/author\/juliana\/#author","url":"https:\/\/anoticiaonline.com.br\/site\/author\/juliana\/","name":"Juliana Laviola","image":{"@type":"ImageObject","@id":"https:\/\/anoticiaonline.com.br\/site\/cba-formaliza-parceria-com-associacao-de-confeccionistas-do-distrito-de-santo-antonio-do-rio-preto\/#authorImage","url":"https:\/\/secure.gravatar.com\/avatar\/b8d45f5c699b100dfaf0e543582f38f38bf94cb7ae3a5e9abf8d891a34773335?s=96&d=mm&r=g","width":96,"height":96,"caption":"Juliana Laviola"}},{"@type":"WebPage","@id":"https:\/\/anoticiaonline.com.br\/site\/cba-formaliza-parceria-com-associacao-de-confeccionistas-do-distrito-de-santo-antonio-do-rio-preto\/#webpage","url":"https:\/\/anoticiaonline.com.br\/site\/cba-formaliza-parceria-com-associacao-de-confeccionistas-do-distrito-de-santo-antonio-do-rio-preto\/","name":"CBA formaliza parceria com associa\u00e7\u00e3o de confeccionistas do distrito de Santo Ant\u00f4nio do Rio Preto - A Not\u00edcia Online","description":"Apoiar as comunidades onde atua, incentivando o desenvolvimento local, a educa\u00e7\u00e3o, o dinamismo econ\u00f4mico e o apoio \u00e0 gest\u00e3o p\u00fablica. Esta \u00e9 a proposta da Companhia Brasileira de Alum\u00ednio (CBA), por meio do investimento social e da rela\u00e7\u00e3o que mant\u00e9m com os munic\u00edpios onde opera. Um exemplo desta atua\u00e7\u00e3o \u00e9 a nova parceria estabelecida entre","inLanguage":"pt-BR","isPartOf":{"@id":"https:\/\/anoticiaonline.com.br\/site\/#website"},"breadcrumb":{"@id":"https:\/\/anoticiaonline.com.br\/site\/cba-formaliza-parceria-com-associacao-de-confeccionistas-do-distrito-de-santo-antonio-do-rio-preto\/#breadcrumblist"},"author":{"@id":"https:\/\/anoticiaonline.com.br\/site\/author\/juliana\/#author"},"creator":{"@id":"https:\/\/anoticiaonline.com.br\/site\/author\/juliana\/#author"},"image":{"@type":"ImageObject","url":"https:\/\/anoticiaonline.com.br\/site\/wp-content\/uploads\/2018\/08\/CBA-formaliza-parceria-com-associa\u00e7\u00e3o-de-confeccionistas-do-distrito-de-Santo-Ant\u00f4nio-do-Rio-Preto-2.jpg","@id":"https:\/\/anoticiaonline.com.br\/site\/cba-formaliza-parceria-com-associacao-de-confeccionistas-do-distrito-de-santo-antonio-do-rio-preto\/#mainImage","width":800,"height":534},"primaryImageOfPage":{"@id":"https:\/\/anoticiaonline.com.br\/site\/cba-formaliza-parceria-com-associacao-de-confeccionistas-do-distrito-de-santo-antonio-do-rio-preto\/#mainImage"},"datePublished":"2018-08-28T17:49:06-03:00","dateModified":"2018-08-28T17:49:06-03:00"},{"@type":"WebSite","@id":"https:\/\/anoticiaonline.com.br\/site\/#website","url":"https:\/\/anoticiaonline.com.br\/site\/","name":"A Not\u00edcia Online","description":"Noticias de Muria\u00e9 e regi\u00e3o","inLanguage":"pt-BR","publisher":{"@id":"https:\/\/anoticiaonline.com.br\/site\/#organization"}}]},"og:locale":"pt_BR","og:site_name":"A Not\u00edcia Online - Noticias de Muria\u00e9 e regi\u00e3o","og:type":"article","og:title":"CBA formaliza parceria com associa\u00e7\u00e3o de confeccionistas do distrito de Santo Ant\u00f4nio do Rio Preto - A Not\u00edcia Online","og:description":"Apoiar as comunidades onde atua, incentivando o desenvolvimento local, a educa\u00e7\u00e3o, o dinamismo econ\u00f4mico e o apoio \u00e0 gest\u00e3o p\u00fablica. Esta \u00e9 a proposta da Companhia Brasileira de Alum\u00ednio (CBA), por meio do investimento social e da rela\u00e7\u00e3o que mant\u00e9m com os munic\u00edpios onde opera. Um exemplo desta atua\u00e7\u00e3o \u00e9 a nova parceria estabelecida entre","og:url":"https:\/\/anoticiaonline.com.br\/site\/cba-formaliza-parceria-com-associacao-de-confeccionistas-do-distrito-de-santo-antonio-do-rio-preto\/","og:image":"https:\/\/scontent-gig4-1.xx.fbcdn.net\/v\/t39.30808-1\/270437624_4564083193639691_6907940295614233970_n.jpg?stp=dst-jpg_s200x200_tt6&#038;_nc_cat=111&#038;ccb=1-7&#038;_nc_sid=f907e8&#038;_nc_ohc=SM1wRlP3lJwQ7kNvwEPuBYA&#038;_nc_oc=AdnqrjDN_BNjSSHWO-GbkIWH6fkGMLw4bqvL_NH6e2wMveX7G-rP2dAqsDSq1mJMOaY&#038;_nc_zt=24&#038;_nc_ht=scontent-gig4-1.xx&#038;_nc_gid=AoBFJeGrT1hVaew_6rchkQ&#038;oh=00_AfX7QmFGhQhG2jAllVgXCiM1ZrWgvtp80-Bfppyexh1QEg&#038;oe=689E923C","og:image:secure_url":"https:\/\/scontent-gig4-1.xx.fbcdn.net\/v\/t39.30808-1\/270437624_4564083193639691_6907940295614233970_n.jpg?stp=dst-jpg_s200x200_tt6&#038;_nc_cat=111&#038;ccb=1-7&#038;_nc_sid=f907e8&#038;_nc_ohc=SM1wRlP3lJwQ7kNvwEPuBYA&#038;_nc_oc=AdnqrjDN_BNjSSHWO-GbkIWH6fkGMLw4bqvL_NH6e2wMveX7G-rP2dAqsDSq1mJMOaY&#038;_nc_zt=24&#038;_nc_ht=scontent-gig4-1.xx&#038;_nc_gid=AoBFJeGrT1hVaew_6rchkQ&#038;oh=00_AfX7QmFGhQhG2jAllVgXCiM1ZrWgvtp80-Bfppyexh1QEg&#038;oe=689E923C","article:published_time":"2018-08-28T20:49:06+00:00","article:modified_time":"2018-08-28T20:49:06+00:00","twitter:card":"summary_large_image","twitter:title":"CBA formaliza parceria com associa\u00e7\u00e3o de confeccionistas do distrito de Santo Ant\u00f4nio do Rio Preto - A Not\u00edcia Online","twitter:description":"Apoiar as comunidades onde atua, incentivando o desenvolvimento local, a educa\u00e7\u00e3o, o dinamismo econ\u00f4mico e o apoio \u00e0 gest\u00e3o p\u00fablica. Esta \u00e9 a proposta da Companhia Brasileira de Alum\u00ednio (CBA), por meio do investimento social e da rela\u00e7\u00e3o que mant\u00e9m com os munic\u00edpios onde opera. Um exemplo desta atua\u00e7\u00e3o \u00e9 a nova parceria estabelecida entre","twitter:image":"https:\/\/scontent-gig4-1.xx.fbcdn.net\/v\/t39.30808-1\/270437624_4564083193639691_6907940295614233970_n.jpg?stp=dst-jpg_s200x200_tt6&_nc_cat=111&ccb=1-7&_nc_sid=f907e8&_nc_ohc=SM1wRlP3lJwQ7kNvwEPuBYA&_nc_oc=AdnqrjDN_BNjSSHWO-GbkIWH6fkGMLw4bqvL_NH6e2wMveX7G-rP2dAqsDSq1mJMOaY&_nc_zt=24&_nc_ht=scontent-gig4-1.xx&_nc_gid=AoBFJeGrT1hVaew_6rchkQ&oh=00_AfX7QmFGhQhG2jAllVgXCiM1ZrWgvtp80-Bfppyexh1QEg&oe=689E923C"},"aioseo_meta_data":{"post_id":"60645","title":null,"description":null,"keywords":null,"keyphrases":null,"primary_term":null,"canonical_url":null,"og_title":null,"og_description":null,"og_object_type":"default","og_image_type":"default","og_image_url":null,"og_image_width":null,"og_image_height":null,"og_image_custom_url":null,"og_image_custom_fields":null,"og_video":null,"og_custom_url":null,"og_article_section":null,"og_article_tags":null,"twitter_use_og":false,"twitter_card":"default","twitter_image_type":"default","twitter_image_url":null,"twitter_image_custom_url":null,"twitter_image_custom_fields":null,"twitter_title":null,"twitter_description":null,"schema":{"blockGraphs":[],"customGraphs":[],"default":{"data":{"Article":[],"Course":[],"Dataset":[],"FAQPage":[],"Movie":[],"Person":[],"Product":[],"ProductReview":[],"Car":[],"Recipe":[],"Service":[],"SoftwareApplication":[],"WebPage":[]},"graphName":"","isEnabled":true},"graphs":[]},"schema_type":"default","schema_type_options":null,"pillar_content":false,"robots_default":true,"robots_noindex":false,"robots_noarchive":false,"robots_nosnippet":false,"robots_nofollow":false,"robots_noimageindex":false,"robots_noodp":false,"robots_notranslate":false,"robots_max_snippet":null,"robots_max_videopreview":null,"robots_max_imagepreview":"large","priority":null,"frequency":null,"local_seo":null,"breadcrumb_settings":null,"limit_modified_date":false,"ai":null,"created":"2025-08-16 21:31:39","updated":"2025-08-16 21:31:39","focus_keyword":null,"additional_keywords":null,"truseo_locale":null,"seo_analyzer_scan_date":null},"aioseo_breadcrumb":"<div class=\"aioseo-breadcrumbs\"><span class=\"aioseo-breadcrumb\">\n\t\t\t<a href=\"https:\/\/anoticiaonline.com.br\/site\" title=\"Home\">Home<\/a>\n\t\t<\/span><span class=\"aioseo-breadcrumb-separator\">&raquo;<\/span><span class=\"aioseo-breadcrumb\">\n\t\t\t<a href=\"https:\/\/anoticiaonline.com.br\/site\/categoria\/regiao\/\" title=\"Regi\u00e3o\">Regi\u00e3o<\/a>\n\t\t<\/span><span class=\"aioseo-breadcrumb-separator\">&raquo;<\/span><span class=\"aioseo-breadcrumb\">\n\t\t\tCBA formaliza parceria com associa\u00e7\u00e3o de confeccionistas do distrito de Santo Ant\u00f4nio do Rio Preto\n\t\t<\/span><\/div>","aioseo_breadcrumb_json":[{"label":"Home","link":"https:\/\/anoticiaonline.com.br\/site"},{"label":"Regi\u00e3o","link":"https:\/\/anoticiaonline.com.br\/site\/categoria\/regiao\/"},{"label":"CBA formaliza parceria com associa\u00e7\u00e3o de confeccionistas do distrito de Santo Ant\u00f4nio do Rio Preto","link":"https:\/\/anoticiaonline.com.br\/site\/cba-formaliza-parceria-com-associacao-de-confeccionistas-do-distrito-de-santo-antonio-do-rio-preto\/"}],"views":174,"_links":{"self":[{"href":"https:\/\/anoticiaonline.com.br\/site\/wp-json\/wp\/v2\/posts\/60645","targetHints":{"allow":["GET"]}}],"collection":[{"href":"https:\/\/anoticiaonline.com.br\/site\/wp-json\/wp\/v2\/posts"}],"about":[{"href":"https:\/\/anoticiaonline.com.br\/site\/wp-json\/wp\/v2\/types\/post"}],"author":[{"embeddable":true,"href":"https:\/\/anoticiaonline.com.br\/site\/wp-json\/wp\/v2\/users\/2"}],"replies":[{"embeddable":true,"href":"https:\/\/anoticiaonline.com.br\/site\/wp-json\/wp\/v2\/comments?post=60645"}],"version-history":[{"count":0,"href":"https:\/\/anoticiaonline.com.br\/site\/wp-json\/wp\/v2\/posts\/60645\/revisions"}],"wp:featuredmedia":[{"embeddable":true,"href":"https:\/\/anoticiaonline.com.br\/site\/wp-json\/wp\/v2\/media\/60646"}],"wp:attachment":[{"href":"https:\/\/anoticiaonline.com.br\/site\/wp-json\/wp\/v2\/media?parent=60645"}],"wp:term":[{"taxonomy":"category","embeddable":true,"href":"https:\/\/anoticiaonline.com.br\/site\/wp-json\/wp\/v2\/categories?post=60645"},{"taxonomy":"post_tag","embeddable":true,"href":"https:\/\/anoticiaonline.com.br\/site\/wp-json\/wp\/v2\/tags?post=60645"}],"curies":[{"name":"wp","href":"https:\/\/api.w.org\/{rel}","templated":true}]}}