{"id":60626,"date":"2018-08-27T16:47:06","date_gmt":"2018-08-27T19:47:06","guid":{"rendered":"http:\/\/anoticiaonline.com.br\/site\/?p=60626"},"modified":"2018-08-27T16:47:06","modified_gmt":"2018-08-27T19:47:06","slug":"tiro-de-guerra-comemora-dia-do-soldado-com-entrega-de-boina-aos-atiradores","status":"publish","type":"post","link":"https:\/\/anoticiaonline.com.br\/site\/tiro-de-guerra-comemora-dia-do-soldado-com-entrega-de-boina-aos-atiradores\/","title":{"rendered":"Tiro de Guerra comemora Dia do Soldado com entrega de boina aos atiradores"},"content":{"rendered":"<p><a href=\"https:\/\/anoticiaonline.com.br\/site\/wp-content\/uploads\/2018\/08\/Tiro-de-Guerra-comemora-Dia-do-Soldado-com-entrega-de-boina-aos-atiradores.jpg\"><img fetchpriority=\"high\" decoding=\"async\" class=\"alignnone size-full wp-image-60628\" src=\"https:\/\/anoticiaonline.com.br\/site\/wp-content\/uploads\/2018\/08\/Tiro-de-Guerra-comemora-Dia-do-Soldado-com-entrega-de-boina-aos-atiradores.jpg\" alt=\"\" width=\"800\" height=\"534\" srcset=\"https:\/\/anoticiaonline.com.br\/site\/wp-content\/uploads\/2018\/08\/Tiro-de-Guerra-comemora-Dia-do-Soldado-com-entrega-de-boina-aos-atiradores.jpg 800w, https:\/\/anoticiaonline.com.br\/site\/wp-content\/uploads\/2018\/08\/Tiro-de-Guerra-comemora-Dia-do-Soldado-com-entrega-de-boina-aos-atiradores-300x200.jpg 300w, https:\/\/anoticiaonline.com.br\/site\/wp-content\/uploads\/2018\/08\/Tiro-de-Guerra-comemora-Dia-do-Soldado-com-entrega-de-boina-aos-atiradores-768x513.jpg 768w\" sizes=\"(max-width: 800px) 100vw, 800px\" \/><\/a><\/p>\n<p>O Dia do Soldado (25 de agosto) foi comemorado pelo Tiro de Guerra 04-016 com a entrega da boina verde-oliva aos atiradores. A solenidade aconteceu na manh\u00e3 do \u00faltimo s\u00e1bado, na sede do TG, na Barra.<\/p>\n<p>Durante a cerim\u00f4nia militar, os atiradores receberam a boina verde-oliva das m\u00e3os de familiares e amigos. Ela simboliza que o atirador se tornou um militar qualificado, preparado para o combate b\u00e1sico da for\u00e7a terrestre e est\u00e1 em condi\u00e7\u00f5es de ser designado para cumprir as tarefas do Tiro de Guerra. \u201cEsta data se reveste de grande import\u00e2ncia, pois no dia 25 de agosto de 1803 nasceu Duque de Caxias, patrono do Ex\u00e9rcito. Al\u00e9m disso, para os atiradores, receber a boina \u00e9 tamb\u00e9m um momento especial, que materializa uma vit\u00f3ria alcan\u00e7ada por eles no ano de instru\u00e7\u00e3o\u201d, diz o instrutor-chefe do TG de Muria\u00e9, subtenente Firmino.<\/p>\n<p>Criado em junho de 1946, o TG 04-016 \u00e9 um dos mais antigos da 4\u00aa Regi\u00e3o Militar de Minas Gerais, atuando na forma\u00e7\u00e3o da reserva n\u00e3o remunerada do Ex\u00e9rcito Brasileiro.<\/p>\n<p><a href=\"https:\/\/anoticiaonline.com.br\/site\/wp-content\/uploads\/2018\/08\/Tiro-de-Guerra-comemora-Dia-do-Soldado-com-entrega-de-boina-aos-atiradores-3.jpg\"><img decoding=\"async\" class=\"alignnone size-full wp-image-60629\" src=\"https:\/\/anoticiaonline.com.br\/site\/wp-content\/uploads\/2018\/08\/Tiro-de-Guerra-comemora-Dia-do-Soldado-com-entrega-de-boina-aos-atiradores-3.jpg\" alt=\"\" width=\"800\" height=\"534\" srcset=\"https:\/\/anoticiaonline.com.br\/site\/wp-content\/uploads\/2018\/08\/Tiro-de-Guerra-comemora-Dia-do-Soldado-com-entrega-de-boina-aos-atiradores-3.jpg 800w, https:\/\/anoticiaonline.com.br\/site\/wp-content\/uploads\/2018\/08\/Tiro-de-Guerra-comemora-Dia-do-Soldado-com-entrega-de-boina-aos-atiradores-3-300x200.jpg 300w, https:\/\/anoticiaonline.com.br\/site\/wp-content\/uploads\/2018\/08\/Tiro-de-Guerra-comemora-Dia-do-Soldado-com-entrega-de-boina-aos-atiradores-3-768x513.jpg 768w\" sizes=\"(max-width: 800px) 100vw, 800px\" \/><\/a> <a href=\"https:\/\/anoticiaonline.com.br\/site\/wp-content\/uploads\/2018\/08\/Tiro-de-Guerra-comemora-Dia-do-Soldado-com-entrega-de-boina-aos-atiradores-2.jpg\"><img decoding=\"async\" class=\"alignnone size-full wp-image-60630\" src=\"https:\/\/anoticiaonline.com.br\/site\/wp-content\/uploads\/2018\/08\/Tiro-de-Guerra-comemora-Dia-do-Soldado-com-entrega-de-boina-aos-atiradores-2.jpg\" alt=\"\" width=\"800\" height=\"534\" srcset=\"https:\/\/anoticiaonline.com.br\/site\/wp-content\/uploads\/2018\/08\/Tiro-de-Guerra-comemora-Dia-do-Soldado-com-entrega-de-boina-aos-atiradores-2.jpg 800w, https:\/\/anoticiaonline.com.br\/site\/wp-content\/uploads\/2018\/08\/Tiro-de-Guerra-comemora-Dia-do-Soldado-com-entrega-de-boina-aos-atiradores-2-300x200.jpg 300w, https:\/\/anoticiaonline.com.br\/site\/wp-content\/uploads\/2018\/08\/Tiro-de-Guerra-comemora-Dia-do-Soldado-com-entrega-de-boina-aos-atiradores-2-768x513.jpg 768w\" sizes=\"(max-width: 800px) 100vw, 800px\" \/><\/a><\/p>\n<p>Cr\u00e9ditos: ASCOM PMM<\/p>\n","protected":false},"excerpt":{"rendered":"<p>O Dia do Soldado (25 de agosto) foi comemorado pelo Tiro de Guerra 04-016 com a entrega da boina verde-oliva aos atiradores. A solenidade aconteceu na manh\u00e3 do \u00faltimo s\u00e1bado, na sede do TG, na Barra. Durante a cerim\u00f4nia militar, os atiradores receberam a boina verde-oliva das m\u00e3os de familiares e amigos. Ela simboliza que &#8230; <a title=\"Tiro de Guerra comemora Dia do Soldado com entrega de boina aos atiradores\" class=\"read-more\" href=\"https:\/\/anoticiaonline.com.br\/site\/tiro-de-guerra-comemora-dia-do-soldado-com-entrega-de-boina-aos-atiradores\/\" aria-label=\"Read more about Tiro de Guerra comemora Dia do Soldado com entrega de boina aos atiradores\">Ler mais<\/a><\/p>\n","protected":false},"author":2,"featured_media":60628,"comment_status":"open","ping_status":"open","sticky":false,"template":"","format":"standard","meta":{"_acf_changed":false,"_monsterinsights_skip_tracking":false,"footnotes":""},"categories":[30],"tags":[3010,74,3009],"class_list":["post-60626","post","type-post","status-publish","format-standard","has-post-thumbnail","hentry","category-muriae","tag-dia-do-soldado","tag-muriae","tag-tiro-de-guarra"],"acf":[],"aioseo_notices":[],"aioseo_head":"\n\t\t<!-- All in One SEO 5.0.0.1 - aioseo.com -->\n\t<meta name=\"description\" content=\"O Dia do Soldado (25 de agosto) foi comemorado pelo Tiro de Guerra 04-016 com a entrega da boina verde-oliva aos atiradores. A solenidade aconteceu na manh\u00e3 do \u00faltimo s\u00e1bado, na sede do TG, na Barra. Durante a cerim\u00f4nia militar, os atiradores receberam a boina verde-oliva das m\u00e3os de familiares e amigos. Ela simboliza que\" \/>\n\t<meta name=\"robots\" content=\"max-image-preview:large\" \/>\n\t<meta name=\"author\" content=\"Juliana Laviola\"\/>\n\t<link rel=\"canonical\" href=\"https:\/\/anoticiaonline.com.br\/site\/tiro-de-guerra-comemora-dia-do-soldado-com-entrega-de-boina-aos-atiradores\/\" \/>\n\t<meta name=\"generator\" content=\"All in One SEO (AIOSEO) 5.0.0.1\" \/>\n\t\t<meta property=\"og:locale\" content=\"pt_BR\" \/>\n\t\t<meta property=\"og:site_name\" content=\"A Not\u00edcia Online - Noticias de Muria\u00e9 e regi\u00e3o\" \/>\n\t\t<meta property=\"og:type\" content=\"article\" \/>\n\t\t<meta property=\"og:title\" content=\"Tiro de Guerra comemora Dia do Soldado com entrega de boina aos atiradores - A Not\u00edcia Online\" \/>\n\t\t<meta property=\"og:description\" content=\"O Dia do Soldado (25 de agosto) foi comemorado pelo Tiro de Guerra 04-016 com a entrega da boina verde-oliva aos atiradores. A solenidade aconteceu na manh\u00e3 do \u00faltimo s\u00e1bado, na sede do TG, na Barra. Durante a cerim\u00f4nia militar, os atiradores receberam a boina verde-oliva das m\u00e3os de familiares e amigos. Ela simboliza que\" \/>\n\t\t<meta property=\"og:url\" content=\"https:\/\/anoticiaonline.com.br\/site\/tiro-de-guerra-comemora-dia-do-soldado-com-entrega-de-boina-aos-atiradores\/\" \/>\n\t\t<meta property=\"og:image\" content=\"https:\/\/scontent-gig4-1.xx.fbcdn.net\/v\/t39.30808-1\/270437624_4564083193639691_6907940295614233970_n.jpg?stp=dst-jpg_s200x200_tt6&#038;_nc_cat=111&#038;ccb=1-7&#038;_nc_sid=f907e8&#038;_nc_ohc=SM1wRlP3lJwQ7kNvwEPuBYA&#038;_nc_oc=AdnqrjDN_BNjSSHWO-GbkIWH6fkGMLw4bqvL_NH6e2wMveX7G-rP2dAqsDSq1mJMOaY&#038;_nc_zt=24&#038;_nc_ht=scontent-gig4-1.xx&#038;_nc_gid=AoBFJeGrT1hVaew_6rchkQ&#038;oh=00_AfX7QmFGhQhG2jAllVgXCiM1ZrWgvtp80-Bfppyexh1QEg&#038;oe=689E923C\" \/>\n\t\t<meta property=\"og:image:secure_url\" content=\"https:\/\/scontent-gig4-1.xx.fbcdn.net\/v\/t39.30808-1\/270437624_4564083193639691_6907940295614233970_n.jpg?stp=dst-jpg_s200x200_tt6&#038;_nc_cat=111&#038;ccb=1-7&#038;_nc_sid=f907e8&#038;_nc_ohc=SM1wRlP3lJwQ7kNvwEPuBYA&#038;_nc_oc=AdnqrjDN_BNjSSHWO-GbkIWH6fkGMLw4bqvL_NH6e2wMveX7G-rP2dAqsDSq1mJMOaY&#038;_nc_zt=24&#038;_nc_ht=scontent-gig4-1.xx&#038;_nc_gid=AoBFJeGrT1hVaew_6rchkQ&#038;oh=00_AfX7QmFGhQhG2jAllVgXCiM1ZrWgvtp80-Bfppyexh1QEg&#038;oe=689E923C\" \/>\n\t\t<meta property=\"article:published_time\" content=\"2018-08-27T19:47:06+00:00\" \/>\n\t\t<meta property=\"article:modified_time\" content=\"2018-08-27T19:47:06+00:00\" \/>\n\t\t<meta name=\"twitter:card\" content=\"summary_large_image\" \/>\n\t\t<meta name=\"twitter:title\" content=\"Tiro de Guerra comemora Dia do Soldado com entrega de boina aos atiradores - A Not\u00edcia Online\" \/>\n\t\t<meta name=\"twitter:description\" content=\"O Dia do Soldado (25 de agosto) foi comemorado pelo Tiro de Guerra 04-016 com a entrega da boina verde-oliva aos atiradores. A solenidade aconteceu na manh\u00e3 do \u00faltimo s\u00e1bado, na sede do TG, na Barra. Durante a cerim\u00f4nia militar, os atiradores receberam a boina verde-oliva das m\u00e3os de familiares e amigos. Ela simboliza que\" \/>\n\t\t<meta name=\"twitter:image\" content=\"https:\/\/scontent-gig4-1.xx.fbcdn.net\/v\/t39.30808-1\/270437624_4564083193639691_6907940295614233970_n.jpg?stp=dst-jpg_s200x200_tt6&amp;_nc_cat=111&amp;ccb=1-7&amp;_nc_sid=f907e8&amp;_nc_ohc=SM1wRlP3lJwQ7kNvwEPuBYA&amp;_nc_oc=AdnqrjDN_BNjSSHWO-GbkIWH6fkGMLw4bqvL_NH6e2wMveX7G-rP2dAqsDSq1mJMOaY&amp;_nc_zt=24&amp;_nc_ht=scontent-gig4-1.xx&amp;_nc_gid=AoBFJeGrT1hVaew_6rchkQ&amp;oh=00_AfX7QmFGhQhG2jAllVgXCiM1ZrWgvtp80-Bfppyexh1QEg&amp;oe=689E923C\" \/>\n\t\t<script type=\"application\/ld+json\" class=\"aioseo-schema\">\n\t\t\t{\"@context\":\"https:\\\/\\\/schema.org\",\"@graph\":[{\"@type\":\"BlogPosting\",\"@id\":\"https:\\\/\\\/anoticiaonline.com.br\\\/site\\\/tiro-de-guerra-comemora-dia-do-soldado-com-entrega-de-boina-aos-atiradores\\\/#blogposting\",\"name\":\"Tiro de Guerra comemora Dia do Soldado com entrega de boina aos atiradores - A Not\\u00edcia Online\",\"headline\":\"Tiro de Guerra comemora Dia do Soldado com entrega de boina aos atiradores\",\"author\":{\"@id\":\"https:\\\/\\\/anoticiaonline.com.br\\\/site\\\/author\\\/juliana\\\/#author\"},\"publisher\":{\"@id\":\"https:\\\/\\\/anoticiaonline.com.br\\\/site\\\/#organization\"},\"image\":{\"@type\":\"ImageObject\",\"url\":\"https:\\\/\\\/anoticiaonline.com.br\\\/site\\\/wp-content\\\/uploads\\\/2018\\\/08\\\/Tiro-de-Guerra-comemora-Dia-do-Soldado-com-entrega-de-boina-aos-atiradores.jpg\",\"width\":800,\"height\":534},\"datePublished\":\"2018-08-27T16:47:06-03:00\",\"dateModified\":\"2018-08-27T16:47:06-03:00\",\"inLanguage\":\"pt-BR\",\"mainEntityOfPage\":{\"@id\":\"https:\\\/\\\/anoticiaonline.com.br\\\/site\\\/tiro-de-guerra-comemora-dia-do-soldado-com-entrega-de-boina-aos-atiradores\\\/#webpage\"},\"isPartOf\":{\"@id\":\"https:\\\/\\\/anoticiaonline.com.br\\\/site\\\/tiro-de-guerra-comemora-dia-do-soldado-com-entrega-de-boina-aos-atiradores\\\/#webpage\"},\"articleSection\":\"Blog, dia do soldado, Muria\\u00e9, tiro de guarra\"},{\"@type\":\"BreadcrumbList\",\"@id\":\"https:\\\/\\\/anoticiaonline.com.br\\\/site\\\/tiro-de-guerra-comemora-dia-do-soldado-com-entrega-de-boina-aos-atiradores\\\/#breadcrumblist\",\"itemListElement\":[{\"@type\":\"ListItem\",\"@id\":\"https:\\\/\\\/anoticiaonline.com.br\\\/site#listItem\",\"position\":1,\"name\":\"Home\",\"item\":\"https:\\\/\\\/anoticiaonline.com.br\\\/site\",\"nextItem\":{\"@type\":\"ListItem\",\"@id\":\"https:\\\/\\\/anoticiaonline.com.br\\\/site\\\/categoria\\\/muriae\\\/#listItem\",\"name\":\"Blog\"}},{\"@type\":\"ListItem\",\"@id\":\"https:\\\/\\\/anoticiaonline.com.br\\\/site\\\/categoria\\\/muriae\\\/#listItem\",\"position\":2,\"name\":\"Blog\",\"item\":\"https:\\\/\\\/anoticiaonline.com.br\\\/site\\\/categoria\\\/muriae\\\/\",\"nextItem\":{\"@type\":\"ListItem\",\"@id\":\"https:\\\/\\\/anoticiaonline.com.br\\\/site\\\/tiro-de-guerra-comemora-dia-do-soldado-com-entrega-de-boina-aos-atiradores\\\/#listItem\",\"name\":\"Tiro de Guerra comemora Dia do Soldado com entrega de boina aos atiradores\"},\"previousItem\":{\"@type\":\"ListItem\",\"@id\":\"https:\\\/\\\/anoticiaonline.com.br\\\/site#listItem\",\"name\":\"Home\"}},{\"@type\":\"ListItem\",\"@id\":\"https:\\\/\\\/anoticiaonline.com.br\\\/site\\\/tiro-de-guerra-comemora-dia-do-soldado-com-entrega-de-boina-aos-atiradores\\\/#listItem\",\"position\":3,\"name\":\"Tiro de Guerra comemora Dia do Soldado com entrega de boina aos atiradores\",\"previousItem\":{\"@type\":\"ListItem\",\"@id\":\"https:\\\/\\\/anoticiaonline.com.br\\\/site\\\/categoria\\\/muriae\\\/#listItem\",\"name\":\"Blog\"}}]},{\"@type\":\"Organization\",\"@id\":\"https:\\\/\\\/anoticiaonline.com.br\\\/site\\\/#organization\",\"name\":\"A Not\\u00edcia Online\",\"description\":\"Noticias de Muria\\u00e9 e regi\\u00e3o\",\"url\":\"https:\\\/\\\/anoticiaonline.com.br\\\/site\\\/\",\"logo\":{\"@type\":\"ImageObject\",\"url\":\"https:\\\/\\\/scontent-gig4-1.xx.fbcdn.net\\\/v\\\/t39.30808-1\\\/270437624_4564083193639691_6907940295614233970_n.jpg?stp=dst-jpg_s200x200_tt6&_nc_cat=111&ccb=1-7&_nc_sid=f907e8&_nc_ohc=SM1wRlP3lJwQ7kNvwEPuBYA&_nc_oc=AdnqrjDN_BNjSSHWO-GbkIWH6fkGMLw4bqvL_NH6e2wMveX7G-rP2dAqsDSq1mJMOaY&_nc_zt=24&_nc_ht=scontent-gig4-1.xx&_nc_gid=AoBFJeGrT1hVaew_6rchkQ&oh=00_AfX7QmFGhQhG2jAllVgXCiM1ZrWgvtp80-Bfppyexh1QEg&oe=689E923C\",\"@id\":\"https:\\\/\\\/anoticiaonline.com.br\\\/site\\\/tiro-de-guerra-comemora-dia-do-soldado-com-entrega-de-boina-aos-atiradores\\\/#organizationLogo\"},\"image\":{\"@id\":\"https:\\\/\\\/anoticiaonline.com.br\\\/site\\\/tiro-de-guerra-comemora-dia-do-soldado-com-entrega-de-boina-aos-atiradores\\\/#organizationLogo\"}},{\"@type\":\"Person\",\"@id\":\"https:\\\/\\\/anoticiaonline.com.br\\\/site\\\/author\\\/juliana\\\/#author\",\"url\":\"https:\\\/\\\/anoticiaonline.com.br\\\/site\\\/author\\\/juliana\\\/\",\"name\":\"Juliana Laviola\",\"image\":{\"@type\":\"ImageObject\",\"@id\":\"https:\\\/\\\/anoticiaonline.com.br\\\/site\\\/tiro-de-guerra-comemora-dia-do-soldado-com-entrega-de-boina-aos-atiradores\\\/#authorImage\",\"url\":\"https:\\\/\\\/secure.gravatar.com\\\/avatar\\\/b8d45f5c699b100dfaf0e543582f38f38bf94cb7ae3a5e9abf8d891a34773335?s=96&d=mm&r=g\",\"width\":96,\"height\":96,\"caption\":\"Juliana Laviola\"}},{\"@type\":\"WebPage\",\"@id\":\"https:\\\/\\\/anoticiaonline.com.br\\\/site\\\/tiro-de-guerra-comemora-dia-do-soldado-com-entrega-de-boina-aos-atiradores\\\/#webpage\",\"url\":\"https:\\\/\\\/anoticiaonline.com.br\\\/site\\\/tiro-de-guerra-comemora-dia-do-soldado-com-entrega-de-boina-aos-atiradores\\\/\",\"name\":\"Tiro de Guerra comemora Dia do Soldado com entrega de boina aos atiradores - A Not\\u00edcia Online\",\"description\":\"O Dia do Soldado (25 de agosto) foi comemorado pelo Tiro de Guerra 04-016 com a entrega da boina verde-oliva aos atiradores. A solenidade aconteceu na manh\\u00e3 do \\u00faltimo s\\u00e1bado, na sede do TG, na Barra. Durante a cerim\\u00f4nia militar, os atiradores receberam a boina verde-oliva das m\\u00e3os de familiares e amigos. Ela simboliza que\",\"inLanguage\":\"pt-BR\",\"isPartOf\":{\"@id\":\"https:\\\/\\\/anoticiaonline.com.br\\\/site\\\/#website\"},\"breadcrumb\":{\"@id\":\"https:\\\/\\\/anoticiaonline.com.br\\\/site\\\/tiro-de-guerra-comemora-dia-do-soldado-com-entrega-de-boina-aos-atiradores\\\/#breadcrumblist\"},\"author\":{\"@id\":\"https:\\\/\\\/anoticiaonline.com.br\\\/site\\\/author\\\/juliana\\\/#author\"},\"creator\":{\"@id\":\"https:\\\/\\\/anoticiaonline.com.br\\\/site\\\/author\\\/juliana\\\/#author\"},\"image\":{\"@type\":\"ImageObject\",\"url\":\"https:\\\/\\\/anoticiaonline.com.br\\\/site\\\/wp-content\\\/uploads\\\/2018\\\/08\\\/Tiro-de-Guerra-comemora-Dia-do-Soldado-com-entrega-de-boina-aos-atiradores.jpg\",\"@id\":\"https:\\\/\\\/anoticiaonline.com.br\\\/site\\\/tiro-de-guerra-comemora-dia-do-soldado-com-entrega-de-boina-aos-atiradores\\\/#mainImage\",\"width\":800,\"height\":534},\"primaryImageOfPage\":{\"@id\":\"https:\\\/\\\/anoticiaonline.com.br\\\/site\\\/tiro-de-guerra-comemora-dia-do-soldado-com-entrega-de-boina-aos-atiradores\\\/#mainImage\"},\"datePublished\":\"2018-08-27T16:47:06-03:00\",\"dateModified\":\"2018-08-27T16:47:06-03:00\"},{\"@type\":\"WebSite\",\"@id\":\"https:\\\/\\\/anoticiaonline.com.br\\\/site\\\/#website\",\"url\":\"https:\\\/\\\/anoticiaonline.com.br\\\/site\\\/\",\"name\":\"A Not\\u00edcia Online\",\"description\":\"Noticias de Muria\\u00e9 e regi\\u00e3o\",\"inLanguage\":\"pt-BR\",\"publisher\":{\"@id\":\"https:\\\/\\\/anoticiaonline.com.br\\\/site\\\/#organization\"}}]}\n\t\t<\/script>\n\t\t<!-- All in One SEO -->\n\n","aioseo_head_json":{"title":"Tiro de Guerra comemora Dia do Soldado com entrega de boina aos atiradores - A Not\u00edcia Online","description":"O Dia do Soldado (25 de agosto) foi comemorado pelo Tiro de Guerra 04-016 com a entrega da boina verde-oliva aos atiradores. A solenidade aconteceu na manh\u00e3 do \u00faltimo s\u00e1bado, na sede do TG, na Barra. Durante a cerim\u00f4nia militar, os atiradores receberam a boina verde-oliva das m\u00e3os de familiares e amigos. Ela simboliza que","canonical_url":"https:\/\/anoticiaonline.com.br\/site\/tiro-de-guerra-comemora-dia-do-soldado-com-entrega-de-boina-aos-atiradores\/","robots":"max-image-preview:large","keywords":"","webmasterTools":{"miscellaneous":""},"schema":{"@context":"https:\/\/schema.org","@graph":[{"@type":"BlogPosting","@id":"https:\/\/anoticiaonline.com.br\/site\/tiro-de-guerra-comemora-dia-do-soldado-com-entrega-de-boina-aos-atiradores\/#blogposting","name":"Tiro de Guerra comemora Dia do Soldado com entrega de boina aos atiradores - A Not\u00edcia Online","headline":"Tiro de Guerra comemora Dia do Soldado com entrega de boina aos atiradores","author":{"@id":"https:\/\/anoticiaonline.com.br\/site\/author\/juliana\/#author"},"publisher":{"@id":"https:\/\/anoticiaonline.com.br\/site\/#organization"},"image":{"@type":"ImageObject","url":"https:\/\/anoticiaonline.com.br\/site\/wp-content\/uploads\/2018\/08\/Tiro-de-Guerra-comemora-Dia-do-Soldado-com-entrega-de-boina-aos-atiradores.jpg","width":800,"height":534},"datePublished":"2018-08-27T16:47:06-03:00","dateModified":"2018-08-27T16:47:06-03:00","inLanguage":"pt-BR","mainEntityOfPage":{"@id":"https:\/\/anoticiaonline.com.br\/site\/tiro-de-guerra-comemora-dia-do-soldado-com-entrega-de-boina-aos-atiradores\/#webpage"},"isPartOf":{"@id":"https:\/\/anoticiaonline.com.br\/site\/tiro-de-guerra-comemora-dia-do-soldado-com-entrega-de-boina-aos-atiradores\/#webpage"},"articleSection":"Blog, dia do soldado, Muria\u00e9, tiro de guarra"},{"@type":"BreadcrumbList","@id":"https:\/\/anoticiaonline.com.br\/site\/tiro-de-guerra-comemora-dia-do-soldado-com-entrega-de-boina-aos-atiradores\/#breadcrumblist","itemListElement":[{"@type":"ListItem","@id":"https:\/\/anoticiaonline.com.br\/site#listItem","position":1,"name":"Home","item":"https:\/\/anoticiaonline.com.br\/site","nextItem":{"@type":"ListItem","@id":"https:\/\/anoticiaonline.com.br\/site\/categoria\/muriae\/#listItem","name":"Blog"}},{"@type":"ListItem","@id":"https:\/\/anoticiaonline.com.br\/site\/categoria\/muriae\/#listItem","position":2,"name":"Blog","item":"https:\/\/anoticiaonline.com.br\/site\/categoria\/muriae\/","nextItem":{"@type":"ListItem","@id":"https:\/\/anoticiaonline.com.br\/site\/tiro-de-guerra-comemora-dia-do-soldado-com-entrega-de-boina-aos-atiradores\/#listItem","name":"Tiro de Guerra comemora Dia do Soldado com entrega de boina aos atiradores"},"previousItem":{"@type":"ListItem","@id":"https:\/\/anoticiaonline.com.br\/site#listItem","name":"Home"}},{"@type":"ListItem","@id":"https:\/\/anoticiaonline.com.br\/site\/tiro-de-guerra-comemora-dia-do-soldado-com-entrega-de-boina-aos-atiradores\/#listItem","position":3,"name":"Tiro de Guerra comemora Dia do Soldado com entrega de boina aos atiradores","previousItem":{"@type":"ListItem","@id":"https:\/\/anoticiaonline.com.br\/site\/categoria\/muriae\/#listItem","name":"Blog"}}]},{"@type":"Organization","@id":"https:\/\/anoticiaonline.com.br\/site\/#organization","name":"A Not\u00edcia Online","description":"Noticias de Muria\u00e9 e regi\u00e3o","url":"https:\/\/anoticiaonline.com.br\/site\/","logo":{"@type":"ImageObject","url":"https:\/\/scontent-gig4-1.xx.fbcdn.net\/v\/t39.30808-1\/270437624_4564083193639691_6907940295614233970_n.jpg?stp=dst-jpg_s200x200_tt6&_nc_cat=111&ccb=1-7&_nc_sid=f907e8&_nc_ohc=SM1wRlP3lJwQ7kNvwEPuBYA&_nc_oc=AdnqrjDN_BNjSSHWO-GbkIWH6fkGMLw4bqvL_NH6e2wMveX7G-rP2dAqsDSq1mJMOaY&_nc_zt=24&_nc_ht=scontent-gig4-1.xx&_nc_gid=AoBFJeGrT1hVaew_6rchkQ&oh=00_AfX7QmFGhQhG2jAllVgXCiM1ZrWgvtp80-Bfppyexh1QEg&oe=689E923C","@id":"https:\/\/anoticiaonline.com.br\/site\/tiro-de-guerra-comemora-dia-do-soldado-com-entrega-de-boina-aos-atiradores\/#organizationLogo"},"image":{"@id":"https:\/\/anoticiaonline.com.br\/site\/tiro-de-guerra-comemora-dia-do-soldado-com-entrega-de-boina-aos-atiradores\/#organizationLogo"}},{"@type":"Person","@id":"https:\/\/anoticiaonline.com.br\/site\/author\/juliana\/#author","url":"https:\/\/anoticiaonline.com.br\/site\/author\/juliana\/","name":"Juliana Laviola","image":{"@type":"ImageObject","@id":"https:\/\/anoticiaonline.com.br\/site\/tiro-de-guerra-comemora-dia-do-soldado-com-entrega-de-boina-aos-atiradores\/#authorImage","url":"https:\/\/secure.gravatar.com\/avatar\/b8d45f5c699b100dfaf0e543582f38f38bf94cb7ae3a5e9abf8d891a34773335?s=96&d=mm&r=g","width":96,"height":96,"caption":"Juliana Laviola"}},{"@type":"WebPage","@id":"https:\/\/anoticiaonline.com.br\/site\/tiro-de-guerra-comemora-dia-do-soldado-com-entrega-de-boina-aos-atiradores\/#webpage","url":"https:\/\/anoticiaonline.com.br\/site\/tiro-de-guerra-comemora-dia-do-soldado-com-entrega-de-boina-aos-atiradores\/","name":"Tiro de Guerra comemora Dia do Soldado com entrega de boina aos atiradores - A Not\u00edcia Online","description":"O Dia do Soldado (25 de agosto) foi comemorado pelo Tiro de Guerra 04-016 com a entrega da boina verde-oliva aos atiradores. A solenidade aconteceu na manh\u00e3 do \u00faltimo s\u00e1bado, na sede do TG, na Barra. Durante a cerim\u00f4nia militar, os atiradores receberam a boina verde-oliva das m\u00e3os de familiares e amigos. Ela simboliza que","inLanguage":"pt-BR","isPartOf":{"@id":"https:\/\/anoticiaonline.com.br\/site\/#website"},"breadcrumb":{"@id":"https:\/\/anoticiaonline.com.br\/site\/tiro-de-guerra-comemora-dia-do-soldado-com-entrega-de-boina-aos-atiradores\/#breadcrumblist"},"author":{"@id":"https:\/\/anoticiaonline.com.br\/site\/author\/juliana\/#author"},"creator":{"@id":"https:\/\/anoticiaonline.com.br\/site\/author\/juliana\/#author"},"image":{"@type":"ImageObject","url":"https:\/\/anoticiaonline.com.br\/site\/wp-content\/uploads\/2018\/08\/Tiro-de-Guerra-comemora-Dia-do-Soldado-com-entrega-de-boina-aos-atiradores.jpg","@id":"https:\/\/anoticiaonline.com.br\/site\/tiro-de-guerra-comemora-dia-do-soldado-com-entrega-de-boina-aos-atiradores\/#mainImage","width":800,"height":534},"primaryImageOfPage":{"@id":"https:\/\/anoticiaonline.com.br\/site\/tiro-de-guerra-comemora-dia-do-soldado-com-entrega-de-boina-aos-atiradores\/#mainImage"},"datePublished":"2018-08-27T16:47:06-03:00","dateModified":"2018-08-27T16:47:06-03:00"},{"@type":"WebSite","@id":"https:\/\/anoticiaonline.com.br\/site\/#website","url":"https:\/\/anoticiaonline.com.br\/site\/","name":"A Not\u00edcia Online","description":"Noticias de Muria\u00e9 e regi\u00e3o","inLanguage":"pt-BR","publisher":{"@id":"https:\/\/anoticiaonline.com.br\/site\/#organization"}}]},"og:locale":"pt_BR","og:site_name":"A Not\u00edcia Online - Noticias de Muria\u00e9 e regi\u00e3o","og:type":"article","og:title":"Tiro de Guerra comemora Dia do Soldado com entrega de boina aos atiradores - A Not\u00edcia Online","og:description":"O Dia do Soldado (25 de agosto) foi comemorado pelo Tiro de Guerra 04-016 com a entrega da boina verde-oliva aos atiradores. A solenidade aconteceu na manh\u00e3 do \u00faltimo s\u00e1bado, na sede do TG, na Barra. Durante a cerim\u00f4nia militar, os atiradores receberam a boina verde-oliva das m\u00e3os de familiares e amigos. Ela simboliza que","og:url":"https:\/\/anoticiaonline.com.br\/site\/tiro-de-guerra-comemora-dia-do-soldado-com-entrega-de-boina-aos-atiradores\/","og:image":"https:\/\/scontent-gig4-1.xx.fbcdn.net\/v\/t39.30808-1\/270437624_4564083193639691_6907940295614233970_n.jpg?stp=dst-jpg_s200x200_tt6&#038;_nc_cat=111&#038;ccb=1-7&#038;_nc_sid=f907e8&#038;_nc_ohc=SM1wRlP3lJwQ7kNvwEPuBYA&#038;_nc_oc=AdnqrjDN_BNjSSHWO-GbkIWH6fkGMLw4bqvL_NH6e2wMveX7G-rP2dAqsDSq1mJMOaY&#038;_nc_zt=24&#038;_nc_ht=scontent-gig4-1.xx&#038;_nc_gid=AoBFJeGrT1hVaew_6rchkQ&#038;oh=00_AfX7QmFGhQhG2jAllVgXCiM1ZrWgvtp80-Bfppyexh1QEg&#038;oe=689E923C","og:image:secure_url":"https:\/\/scontent-gig4-1.xx.fbcdn.net\/v\/t39.30808-1\/270437624_4564083193639691_6907940295614233970_n.jpg?stp=dst-jpg_s200x200_tt6&#038;_nc_cat=111&#038;ccb=1-7&#038;_nc_sid=f907e8&#038;_nc_ohc=SM1wRlP3lJwQ7kNvwEPuBYA&#038;_nc_oc=AdnqrjDN_BNjSSHWO-GbkIWH6fkGMLw4bqvL_NH6e2wMveX7G-rP2dAqsDSq1mJMOaY&#038;_nc_zt=24&#038;_nc_ht=scontent-gig4-1.xx&#038;_nc_gid=AoBFJeGrT1hVaew_6rchkQ&#038;oh=00_AfX7QmFGhQhG2jAllVgXCiM1ZrWgvtp80-Bfppyexh1QEg&#038;oe=689E923C","article:published_time":"2018-08-27T19:47:06+00:00","article:modified_time":"2018-08-27T19:47:06+00:00","twitter:card":"summary_large_image","twitter:title":"Tiro de Guerra comemora Dia do Soldado com entrega de boina aos atiradores - A Not\u00edcia Online","twitter:description":"O Dia do Soldado (25 de agosto) foi comemorado pelo Tiro de Guerra 04-016 com a entrega da boina verde-oliva aos atiradores. A solenidade aconteceu na manh\u00e3 do \u00faltimo s\u00e1bado, na sede do TG, na Barra. Durante a cerim\u00f4nia militar, os atiradores receberam a boina verde-oliva das m\u00e3os de familiares e amigos. Ela simboliza que","twitter:image":"https:\/\/scontent-gig4-1.xx.fbcdn.net\/v\/t39.30808-1\/270437624_4564083193639691_6907940295614233970_n.jpg?stp=dst-jpg_s200x200_tt6&_nc_cat=111&ccb=1-7&_nc_sid=f907e8&_nc_ohc=SM1wRlP3lJwQ7kNvwEPuBYA&_nc_oc=AdnqrjDN_BNjSSHWO-GbkIWH6fkGMLw4bqvL_NH6e2wMveX7G-rP2dAqsDSq1mJMOaY&_nc_zt=24&_nc_ht=scontent-gig4-1.xx&_nc_gid=AoBFJeGrT1hVaew_6rchkQ&oh=00_AfX7QmFGhQhG2jAllVgXCiM1ZrWgvtp80-Bfppyexh1QEg&oe=689E923C"},"aioseo_meta_data":{"post_id":"60626","title":null,"description":null,"keywords":null,"keyphrases":null,"primary_term":null,"canonical_url":null,"og_title":null,"og_description":null,"og_object_type":"default","og_image_type":"default","og_image_url":null,"og_image_width":null,"og_image_height":null,"og_image_custom_url":null,"og_image_custom_fields":null,"og_video":null,"og_custom_url":null,"og_article_section":null,"og_article_tags":null,"twitter_use_og":false,"twitter_card":"default","twitter_image_type":"default","twitter_image_url":null,"twitter_image_custom_url":null,"twitter_image_custom_fields":null,"twitter_title":null,"twitter_description":null,"schema":{"blockGraphs":[],"customGraphs":[],"default":{"data":{"Article":[],"Course":[],"Dataset":[],"FAQPage":[],"Movie":[],"Person":[],"Product":[],"ProductReview":[],"Car":[],"Recipe":[],"Service":[],"SoftwareApplication":[],"WebPage":[]},"graphName":"","isEnabled":true},"graphs":[]},"schema_type":"default","schema_type_options":null,"pillar_content":false,"robots_default":true,"robots_noindex":false,"robots_noarchive":false,"robots_nosnippet":false,"robots_nofollow":false,"robots_noimageindex":false,"robots_noodp":false,"robots_notranslate":false,"robots_max_snippet":null,"robots_max_videopreview":null,"robots_max_imagepreview":"large","priority":null,"frequency":null,"local_seo":null,"breadcrumb_settings":null,"limit_modified_date":false,"ai":null,"created":"2025-08-16 21:30:58","updated":"2025-08-16 21:30:58","focus_keyword":null,"additional_keywords":null,"truseo_locale":null,"seo_analyzer_scan_date":null},"aioseo_breadcrumb":"<div class=\"aioseo-breadcrumbs\"><span class=\"aioseo-breadcrumb\">\n\t\t\t<a href=\"https:\/\/anoticiaonline.com.br\/site\" title=\"Home\">Home<\/a>\n\t\t<\/span><span class=\"aioseo-breadcrumb-separator\">&raquo;<\/span><span class=\"aioseo-breadcrumb\">\n\t\t\t<a href=\"https:\/\/anoticiaonline.com.br\/site\/categoria\/muriae\/\" title=\"Blog\">Blog<\/a>\n\t\t<\/span><span class=\"aioseo-breadcrumb-separator\">&raquo;<\/span><span class=\"aioseo-breadcrumb\">\n\t\t\tTiro de Guerra comemora Dia do Soldado com entrega de boina aos atiradores\n\t\t<\/span><\/div>","aioseo_breadcrumb_json":[{"label":"Home","link":"https:\/\/anoticiaonline.com.br\/site"},{"label":"Blog","link":"https:\/\/anoticiaonline.com.br\/site\/categoria\/muriae\/"},{"label":"Tiro de Guerra comemora Dia do Soldado com entrega de boina aos atiradores","link":"https:\/\/anoticiaonline.com.br\/site\/tiro-de-guerra-comemora-dia-do-soldado-com-entrega-de-boina-aos-atiradores\/"}],"views":179,"_links":{"self":[{"href":"https:\/\/anoticiaonline.com.br\/site\/wp-json\/wp\/v2\/posts\/60626","targetHints":{"allow":["GET"]}}],"collection":[{"href":"https:\/\/anoticiaonline.com.br\/site\/wp-json\/wp\/v2\/posts"}],"about":[{"href":"https:\/\/anoticiaonline.com.br\/site\/wp-json\/wp\/v2\/types\/post"}],"author":[{"embeddable":true,"href":"https:\/\/anoticiaonline.com.br\/site\/wp-json\/wp\/v2\/users\/2"}],"replies":[{"embeddable":true,"href":"https:\/\/anoticiaonline.com.br\/site\/wp-json\/wp\/v2\/comments?post=60626"}],"version-history":[{"count":0,"href":"https:\/\/anoticiaonline.com.br\/site\/wp-json\/wp\/v2\/posts\/60626\/revisions"}],"wp:featuredmedia":[{"embeddable":true,"href":"https:\/\/anoticiaonline.com.br\/site\/wp-json\/wp\/v2\/media\/60628"}],"wp:attachment":[{"href":"https:\/\/anoticiaonline.com.br\/site\/wp-json\/wp\/v2\/media?parent=60626"}],"wp:term":[{"taxonomy":"category","embeddable":true,"href":"https:\/\/anoticiaonline.com.br\/site\/wp-json\/wp\/v2\/categories?post=60626"},{"taxonomy":"post_tag","embeddable":true,"href":"https:\/\/anoticiaonline.com.br\/site\/wp-json\/wp\/v2\/tags?post=60626"}],"curies":[{"name":"wp","href":"https:\/\/api.w.org\/{rel}","templated":true}]}}