{"id":60483,"date":"2018-08-23T23:01:31","date_gmt":"2018-08-24T02:01:31","guid":{"rendered":"http:\/\/anoticiaonline.com.br\/site\/?p=60483"},"modified":"2018-08-23T23:01:31","modified_gmt":"2018-08-24T02:01:31","slug":"unifaminas-e-justica-federal-firmam-convenio-para-capacitacao-de-conciliadores","status":"publish","type":"post","link":"https:\/\/anoticiaonline.com.br\/site\/unifaminas-e-justica-federal-firmam-convenio-para-capacitacao-de-conciliadores\/","title":{"rendered":"UNIFAMINAS e Justi\u00e7a Federal firmam conv\u00eanio para Capacita\u00e7\u00e3o de Conciliadores"},"content":{"rendered":"<p><a href=\"https:\/\/anoticiaonline.com.br\/site\/wp-content\/uploads\/2018\/08\/DSC_0408-2.jpg\"><img fetchpriority=\"high\" decoding=\"async\" class=\"alignnone size-full wp-image-60485\" src=\"https:\/\/anoticiaonline.com.br\/site\/wp-content\/uploads\/2018\/08\/DSC_0408-2.jpg\" alt=\"\" width=\"1000\" height=\"667\" srcset=\"https:\/\/anoticiaonline.com.br\/site\/wp-content\/uploads\/2018\/08\/DSC_0408-2.jpg 1000w, https:\/\/anoticiaonline.com.br\/site\/wp-content\/uploads\/2018\/08\/DSC_0408-2-300x200.jpg 300w, https:\/\/anoticiaonline.com.br\/site\/wp-content\/uploads\/2018\/08\/DSC_0408-2-768x512.jpg 768w, https:\/\/anoticiaonline.com.br\/site\/wp-content\/uploads\/2018\/08\/DSC_0408-2-900x600.jpg 900w\" sizes=\"(max-width: 1000px) 100vw, 1000px\" \/><\/a><\/p>\n<p>A Justi\u00e7a Federal e o UNIFAMINAS firmaram conv\u00eanio para a realiza\u00e7\u00e3o de Capacita\u00e7\u00e3o de Conciliadores, ministrado e supervisionado por servidoras da Justi\u00e7a Federal, credenciadas pelo Conselho Nacional de Justi\u00e7a (CNJ). A primeira etapa do curso aconteceu entre os dias 20 e 24 de agosto, a segunda etapa acontecer\u00e1 de 10 a 14 de setembro.<\/p>\n<p>Das 25 vagas para o curso, 10 foram reservadas para servidores da Justi\u00e7a Federal de Muria\u00e9 e as demais foram ofertadas, gratuitamente e atrav\u00e9s de edital, a advogados e estudantes do UNIFAMINAS matriculados a partir do 4\u00ba ano. Os inscritos foram selecionados atrav\u00e9s de entrevistas realizadas pelo juiz federal, Renato Grizotti J\u00fanior, coordenador do Centro de Concilia\u00e7\u00e3o e diretor da Subse\u00e7\u00e3o Judici\u00e1ria de Muria\u00e9.<\/p>\n<p>Os aprovados efetivaram suas inscri\u00e7\u00f5es definitivas mediante a apresenta\u00e7\u00e3o de documentos e firmaram compromisso de prestarem servi\u00e7os volunt\u00e1rios como conciliadores ao Centro de Concilia\u00e7\u00e3o da Justi\u00e7a Federal, que funcionar\u00e1 nas depend\u00eancias do UNIFAMINAS,\u00a0\u00a0por 16 horas mensais e durante,\u00a0no m\u00ednimo, 1 ano.<\/p>\n<p>Os condutores do evento disseram, durante coletiva, realizada na segunda-feira (20), os prop\u00f3sitos, as expectativas, os objetivos que nortear\u00e3o o projeto, bem como os direitos e deveres dos conciliadores.<\/p>\n<p>Margarida Esp\u00f3sito, coordenadora do curso de Direito do UNIFAMINAS, disse que ficou muito satisfeita com o conv\u00eanio feito com a Justi\u00e7a Federal. \u201cA concilia\u00e7\u00e3o \u00e9 uma nova forma de atuar no Direito, pois ela foge daquele processo litigioso. A auto composi\u00e7\u00e3o \u2013 m\u00e9todo de concilia\u00e7\u00e3o de conflitos atrav\u00e9s de comum acordo &#8211; faz parte do novo C\u00f3digo de Processo Civil e os nossos alunos deram uma resposta muito positiva aos serem aprovados para as vagas dispon\u00edveis no curso. Com isso, eles ter\u00e3o uma nova vis\u00e3o do pr\u00f3prio Direito, pois passar\u00e3o a ver a concilia\u00e7\u00e3o como um meio de alcan\u00e7ar a Justi\u00e7a atrav\u00e9s da conversa e do consenso e, n\u00e3o necessariamente, ter sempre aquele que ganha ou perde, de forma que nenhuma das partes saia satisfeita\u201d, conta.<\/p>\n<p>Eduardo Goulart, pr\u00f3-reitor do UNIFAMINAS, disse que a parceria com a Justi\u00e7a Federal \u00e9 muito importante. \u201cTivemos o processo de sele\u00e7\u00e3o no qual v\u00e1rios alunos se candidataram, foram 15 aprovados neste curso de 100 horas. Como disse o juiz, Renato Grizotti, esta parceria \u00e9 um marco para nossa cidade. Com isso, o UNIFAMINAS continuar\u00e1 buscando parcerias\u201d, salienta.<\/p>\n<p>Fernando Gomes Schitini, professor do N\u00facleo de Pr\u00e1ticas Jur\u00eddicas do UNIFAMINAS, disse que o conv\u00eanio \u00e9 extremamente importante para o acad\u00eamico de Direito. \u201cEsta \u00e9 mais uma porta para que o estudante possa praticar sua atividade antes mesmo de se formar. Ent\u00e3o, al\u00e9m da experi\u00eancia na atua\u00e7\u00e3o jur\u00eddica o aluno conhecer\u00e1 o funcionamento da Justi\u00e7a Federal, pessoas que atuam neste ramo, como servidores, ju\u00edzes e promotores, e prestar\u00e1 um servi\u00e7o gratuito \u00e0 sociedade\u201d, conta.<\/p>\n<p>O juiz federal, Renato Grizotti J\u00fanior, disse que o UNIFAMINAS possui um espa\u00e7o f\u00edsico que a Justi\u00e7a Federal de Muria\u00e9 n\u00e3o disp\u00f5e. \u201cA parceria com o UNIFAMINAS visa atender em um ambiente f\u00edsico mais apropriado para este tipo de trabalho, al\u00e9m disso, a conviv\u00eancia com o mundo acad\u00eamico \u00e9 muito proveitosa, pois a pr\u00f3pria ideia da concilia\u00e7\u00e3o \u00e9 nova no \u00e2mbito do Direito. Esperamos, assim como os alunos do curso esperam de n\u00f3s, ajuda e opini\u00f5es cr\u00edticas\u201d, diz.<\/p>\n<p>Grazielle Frota, do TRF 1\u00aa Regi\u00e3o, disse que Muria\u00e9 est\u00e1 de parab\u00e9ns. \u201cPor ter apenas uma Vara Federal, n\u00e3o seria obrigat\u00f3ria a cria\u00e7\u00e3o do Centro, mas o juiz Renato Grizotti e a UNIFAMINAS tiveram uma iniciativa de vanguarda, pois atender\u00e3o, da melhor forma, \u00e0s necessidades jur\u00eddicas do cidad\u00e3o\u201d, conta.<\/p>\n<p><strong>Palavra dos acad\u00eamicos \u2013 <\/strong>Beatriz Soares Silva, aluna do 10\u00ba per\u00edodo do curso de Direito, disse que a concilia\u00e7\u00e3o busca uma solu\u00e7\u00e3o eficaz dos conflitos. \u201cTodas as partes saem satisfeitas sem haver uma imposi\u00e7\u00e3o do juiz. Acredito que esta \u00e9 uma nova tend\u00eancia no ramo do Direito\u201d, conta.<\/p>\n<p>Beatriz Souza, tamb\u00e9m do 10\u00ba per\u00edodo, conta que esta experi\u00eancia servir\u00e1 como capacita\u00e7\u00e3o e preparo profissional. \u201cViemos de uma cultura do processo litigioso, mas sabemos que isso precisa ser desmistificado e a concilia\u00e7\u00e3o est\u00e1 sendo uma nova ferramenta para a solu\u00e7\u00e3o dos conflitos das partes interessadas\u201d.<\/p>\n<p><a href=\"https:\/\/anoticiaonline.com.br\/site\/wp-content\/uploads\/2018\/08\/DSC_0478.jpg\"><img decoding=\"async\" class=\"alignnone size-full wp-image-60504\" src=\"https:\/\/anoticiaonline.com.br\/site\/wp-content\/uploads\/2018\/08\/DSC_0478.jpg\" alt=\"\" width=\"1000\" height=\"667\" srcset=\"https:\/\/anoticiaonline.com.br\/site\/wp-content\/uploads\/2018\/08\/DSC_0478.jpg 1000w, https:\/\/anoticiaonline.com.br\/site\/wp-content\/uploads\/2018\/08\/DSC_0478-300x200.jpg 300w, https:\/\/anoticiaonline.com.br\/site\/wp-content\/uploads\/2018\/08\/DSC_0478-768x512.jpg 768w, https:\/\/anoticiaonline.com.br\/site\/wp-content\/uploads\/2018\/08\/DSC_0478-900x600.jpg 900w\" sizes=\"(max-width: 1000px) 100vw, 1000px\" \/><\/a> <a href=\"https:\/\/anoticiaonline.com.br\/site\/wp-content\/uploads\/2018\/08\/DSC_0500.jpg\"><img decoding=\"async\" class=\"alignnone size-full wp-image-60512\" src=\"https:\/\/anoticiaonline.com.br\/site\/wp-content\/uploads\/2018\/08\/DSC_0500.jpg\" alt=\"\" width=\"1000\" height=\"667\" srcset=\"https:\/\/anoticiaonline.com.br\/site\/wp-content\/uploads\/2018\/08\/DSC_0500.jpg 1000w, https:\/\/anoticiaonline.com.br\/site\/wp-content\/uploads\/2018\/08\/DSC_0500-300x200.jpg 300w, https:\/\/anoticiaonline.com.br\/site\/wp-content\/uploads\/2018\/08\/DSC_0500-768x512.jpg 768w, https:\/\/anoticiaonline.com.br\/site\/wp-content\/uploads\/2018\/08\/DSC_0500-900x600.jpg 900w\" sizes=\"(max-width: 1000px) 100vw, 1000px\" \/><\/a> <a href=\"https:\/\/anoticiaonline.com.br\/site\/wp-content\/uploads\/2018\/08\/DSC_0488.jpg\"><img loading=\"lazy\" decoding=\"async\" class=\"alignnone size-full wp-image-60508\" src=\"https:\/\/anoticiaonline.com.br\/site\/wp-content\/uploads\/2018\/08\/DSC_0488.jpg\" alt=\"\" width=\"1000\" height=\"667\" srcset=\"https:\/\/anoticiaonline.com.br\/site\/wp-content\/uploads\/2018\/08\/DSC_0488.jpg 1000w, https:\/\/anoticiaonline.com.br\/site\/wp-content\/uploads\/2018\/08\/DSC_0488-300x200.jpg 300w, https:\/\/anoticiaonline.com.br\/site\/wp-content\/uploads\/2018\/08\/DSC_0488-768x512.jpg 768w, https:\/\/anoticiaonline.com.br\/site\/wp-content\/uploads\/2018\/08\/DSC_0488-900x600.jpg 900w\" sizes=\"(max-width: 1000px) 100vw, 1000px\" \/><\/a> <a href=\"https:\/\/anoticiaonline.com.br\/site\/wp-content\/uploads\/2018\/08\/DSC_0469.jpg\"><img loading=\"lazy\" decoding=\"async\" class=\"alignnone size-full wp-image-60500\" src=\"https:\/\/anoticiaonline.com.br\/site\/wp-content\/uploads\/2018\/08\/DSC_0469.jpg\" alt=\"\" width=\"1000\" height=\"667\" srcset=\"https:\/\/anoticiaonline.com.br\/site\/wp-content\/uploads\/2018\/08\/DSC_0469.jpg 1000w, https:\/\/anoticiaonline.com.br\/site\/wp-content\/uploads\/2018\/08\/DSC_0469-300x200.jpg 300w, https:\/\/anoticiaonline.com.br\/site\/wp-content\/uploads\/2018\/08\/DSC_0469-768x512.jpg 768w, https:\/\/anoticiaonline.com.br\/site\/wp-content\/uploads\/2018\/08\/DSC_0469-900x600.jpg 900w\" sizes=\"(max-width: 1000px) 100vw, 1000px\" \/><\/a> <a href=\"https:\/\/anoticiaonline.com.br\/site\/wp-content\/uploads\/2018\/08\/DSC_0465-1.jpg\"><img loading=\"lazy\" decoding=\"async\" class=\"alignnone size-full wp-image-60498\" src=\"https:\/\/anoticiaonline.com.br\/site\/wp-content\/uploads\/2018\/08\/DSC_0465-1.jpg\" alt=\"\" width=\"1000\" height=\"667\" srcset=\"https:\/\/anoticiaonline.com.br\/site\/wp-content\/uploads\/2018\/08\/DSC_0465-1.jpg 1000w, https:\/\/anoticiaonline.com.br\/site\/wp-content\/uploads\/2018\/08\/DSC_0465-1-300x200.jpg 300w, https:\/\/anoticiaonline.com.br\/site\/wp-content\/uploads\/2018\/08\/DSC_0465-1-768x512.jpg 768w, https:\/\/anoticiaonline.com.br\/site\/wp-content\/uploads\/2018\/08\/DSC_0465-1-900x600.jpg 900w\" sizes=\"(max-width: 1000px) 100vw, 1000px\" \/><\/a> <a href=\"https:\/\/anoticiaonline.com.br\/site\/wp-content\/uploads\/2018\/08\/DSC_0456.jpg\"><img loading=\"lazy\" decoding=\"async\" class=\"alignnone size-full wp-image-60497\" src=\"https:\/\/anoticiaonline.com.br\/site\/wp-content\/uploads\/2018\/08\/DSC_0456.jpg\" alt=\"\" width=\"1000\" height=\"667\" srcset=\"https:\/\/anoticiaonline.com.br\/site\/wp-content\/uploads\/2018\/08\/DSC_0456.jpg 1000w, https:\/\/anoticiaonline.com.br\/site\/wp-content\/uploads\/2018\/08\/DSC_0456-300x200.jpg 300w, https:\/\/anoticiaonline.com.br\/site\/wp-content\/uploads\/2018\/08\/DSC_0456-768x512.jpg 768w, https:\/\/anoticiaonline.com.br\/site\/wp-content\/uploads\/2018\/08\/DSC_0456-900x600.jpg 900w\" sizes=\"(max-width: 1000px) 100vw, 1000px\" \/><\/a> <a href=\"https:\/\/anoticiaonline.com.br\/site\/wp-content\/uploads\/2018\/08\/DSC_0425.jpg\"><img loading=\"lazy\" decoding=\"async\" class=\"alignnone size-full wp-image-60492\" src=\"https:\/\/anoticiaonline.com.br\/site\/wp-content\/uploads\/2018\/08\/DSC_0425.jpg\" alt=\"\" width=\"1000\" height=\"667\" srcset=\"https:\/\/anoticiaonline.com.br\/site\/wp-content\/uploads\/2018\/08\/DSC_0425.jpg 1000w, https:\/\/anoticiaonline.com.br\/site\/wp-content\/uploads\/2018\/08\/DSC_0425-300x200.jpg 300w, https:\/\/anoticiaonline.com.br\/site\/wp-content\/uploads\/2018\/08\/DSC_0425-768x512.jpg 768w, https:\/\/anoticiaonline.com.br\/site\/wp-content\/uploads\/2018\/08\/DSC_0425-900x600.jpg 900w\" sizes=\"(max-width: 1000px) 100vw, 1000px\" \/><\/a> <a href=\"https:\/\/anoticiaonline.com.br\/site\/wp-content\/uploads\/2018\/08\/DSC_0448.jpg\"><img loading=\"lazy\" decoding=\"async\" class=\"alignnone size-full wp-image-60494\" src=\"https:\/\/anoticiaonline.com.br\/site\/wp-content\/uploads\/2018\/08\/DSC_0448.jpg\" alt=\"\" width=\"1000\" height=\"667\" srcset=\"https:\/\/anoticiaonline.com.br\/site\/wp-content\/uploads\/2018\/08\/DSC_0448.jpg 1000w, https:\/\/anoticiaonline.com.br\/site\/wp-content\/uploads\/2018\/08\/DSC_0448-300x200.jpg 300w, https:\/\/anoticiaonline.com.br\/site\/wp-content\/uploads\/2018\/08\/DSC_0448-768x512.jpg 768w, https:\/\/anoticiaonline.com.br\/site\/wp-content\/uploads\/2018\/08\/DSC_0448-900x600.jpg 900w\" sizes=\"(max-width: 1000px) 100vw, 1000px\" \/><\/a> <a href=\"https:\/\/anoticiaonline.com.br\/site\/wp-content\/uploads\/2018\/08\/DSC_0417-1.jpg\"><img loading=\"lazy\" decoding=\"async\" class=\"alignnone size-full wp-image-60490\" src=\"https:\/\/anoticiaonline.com.br\/site\/wp-content\/uploads\/2018\/08\/DSC_0417-1.jpg\" alt=\"\" width=\"1000\" height=\"667\" srcset=\"https:\/\/anoticiaonline.com.br\/site\/wp-content\/uploads\/2018\/08\/DSC_0417-1.jpg 1000w, https:\/\/anoticiaonline.com.br\/site\/wp-content\/uploads\/2018\/08\/DSC_0417-1-300x200.jpg 300w, https:\/\/anoticiaonline.com.br\/site\/wp-content\/uploads\/2018\/08\/DSC_0417-1-768x512.jpg 768w, https:\/\/anoticiaonline.com.br\/site\/wp-content\/uploads\/2018\/08\/DSC_0417-1-900x600.jpg 900w\" sizes=\"(max-width: 1000px) 100vw, 1000px\" \/><\/a> <a href=\"https:\/\/anoticiaonline.com.br\/site\/wp-content\/uploads\/2018\/08\/DSC_0413-1.jpg\"><img loading=\"lazy\" decoding=\"async\" class=\"alignnone size-full wp-image-60489\" src=\"https:\/\/anoticiaonline.com.br\/site\/wp-content\/uploads\/2018\/08\/DSC_0413-1.jpg\" alt=\"\" width=\"445\" height=\"667\" srcset=\"https:\/\/anoticiaonline.com.br\/site\/wp-content\/uploads\/2018\/08\/DSC_0413-1.jpg 445w, https:\/\/anoticiaonline.com.br\/site\/wp-content\/uploads\/2018\/08\/DSC_0413-1-200x300.jpg 200w\" sizes=\"(max-width: 445px) 100vw, 445px\" \/><\/a> <a href=\"https:\/\/anoticiaonline.com.br\/site\/wp-content\/uploads\/2018\/08\/DSC_0397.jpg\"><img loading=\"lazy\" decoding=\"async\" class=\"alignnone size-full wp-image-60488\" src=\"https:\/\/anoticiaonline.com.br\/site\/wp-content\/uploads\/2018\/08\/DSC_0397.jpg\" alt=\"\" width=\"1000\" height=\"667\" srcset=\"https:\/\/anoticiaonline.com.br\/site\/wp-content\/uploads\/2018\/08\/DSC_0397.jpg 1000w, https:\/\/anoticiaonline.com.br\/site\/wp-content\/uploads\/2018\/08\/DSC_0397-300x200.jpg 300w, https:\/\/anoticiaonline.com.br\/site\/wp-content\/uploads\/2018\/08\/DSC_0397-768x512.jpg 768w, https:\/\/anoticiaonline.com.br\/site\/wp-content\/uploads\/2018\/08\/DSC_0397-900x600.jpg 900w\" sizes=\"(max-width: 1000px) 100vw, 1000px\" \/><\/a> <a href=\"https:\/\/anoticiaonline.com.br\/site\/wp-content\/uploads\/2018\/08\/DSC_0516.jpg\"><img loading=\"lazy\" decoding=\"async\" class=\"alignnone size-full wp-image-60487\" src=\"https:\/\/anoticiaonline.com.br\/site\/wp-content\/uploads\/2018\/08\/DSC_0516.jpg\" alt=\"\" width=\"1000\" height=\"667\" srcset=\"https:\/\/anoticiaonline.com.br\/site\/wp-content\/uploads\/2018\/08\/DSC_0516.jpg 1000w, https:\/\/anoticiaonline.com.br\/site\/wp-content\/uploads\/2018\/08\/DSC_0516-300x200.jpg 300w, https:\/\/anoticiaonline.com.br\/site\/wp-content\/uploads\/2018\/08\/DSC_0516-768x512.jpg 768w, https:\/\/anoticiaonline.com.br\/site\/wp-content\/uploads\/2018\/08\/DSC_0516-900x600.jpg 900w\" sizes=\"(max-width: 1000px) 100vw, 1000px\" \/><\/a><\/p>\n<p>&nbsp;<\/p>\n","protected":false},"excerpt":{"rendered":"<p>A Justi\u00e7a Federal e o UNIFAMINAS firmaram conv\u00eanio para a realiza\u00e7\u00e3o de Capacita\u00e7\u00e3o de Conciliadores, ministrado e supervisionado por servidoras da Justi\u00e7a Federal, credenciadas pelo Conselho Nacional de Justi\u00e7a (CNJ). A primeira etapa do curso aconteceu entre os dias 20 e 24 de agosto, a segunda etapa acontecer\u00e1 de 10 a 14 de setembro. Das &#8230; <a title=\"UNIFAMINAS e Justi\u00e7a Federal firmam conv\u00eanio para Capacita\u00e7\u00e3o de Conciliadores\" class=\"read-more\" href=\"https:\/\/anoticiaonline.com.br\/site\/unifaminas-e-justica-federal-firmam-convenio-para-capacitacao-de-conciliadores\/\" aria-label=\"Read more about UNIFAMINAS e Justi\u00e7a Federal firmam conv\u00eanio para Capacita\u00e7\u00e3o de Conciliadores\">Ler mais<\/a><\/p>\n","protected":false},"author":2,"featured_media":60485,"comment_status":"open","ping_status":"open","sticky":false,"template":"","format":"standard","meta":{"_acf_changed":false,"_monsterinsights_skip_tracking":false,"footnotes":""},"categories":[30,2893,1],"tags":[839,3004,74,48],"class_list":["post-60483","post","type-post","status-publish","format-standard","has-post-thumbnail","hentry","category-muriae","category-cotidiano","category-gerais","tag-direito","tag-justica-federal","tag-muriae","tag-unifaminas"],"acf":[],"aioseo_notices":[],"aioseo_head":"\n\t\t<!-- All in One SEO 5.0.0.1 - aioseo.com -->\n\t<meta name=\"description\" content=\"A Justi\u00e7a Federal e o UNIFAMINAS firmaram conv\u00eanio para a realiza\u00e7\u00e3o de Capacita\u00e7\u00e3o de Conciliadores, ministrado e supervisionado por servidoras da Justi\u00e7a Federal, credenciadas pelo Conselho Nacional de Justi\u00e7a (CNJ). A primeira etapa do curso aconteceu entre os dias 20 e 24 de agosto, a segunda etapa acontecer\u00e1 de 10 a 14 de setembro. Das\" \/>\n\t<meta name=\"robots\" content=\"max-image-preview:large\" \/>\n\t<meta name=\"author\" content=\"Juliana Laviola\"\/>\n\t<link rel=\"canonical\" href=\"https:\/\/anoticiaonline.com.br\/site\/unifaminas-e-justica-federal-firmam-convenio-para-capacitacao-de-conciliadores\/\" \/>\n\t<meta name=\"generator\" content=\"All in One SEO (AIOSEO) 5.0.0.1\" \/>\n\t\t<meta property=\"og:locale\" content=\"pt_BR\" \/>\n\t\t<meta property=\"og:site_name\" content=\"A Not\u00edcia Online - Noticias de Muria\u00e9 e regi\u00e3o\" \/>\n\t\t<meta property=\"og:type\" content=\"article\" \/>\n\t\t<meta property=\"og:title\" content=\"UNIFAMINAS e Justi\u00e7a Federal firmam conv\u00eanio para Capacita\u00e7\u00e3o de Conciliadores - A Not\u00edcia Online\" \/>\n\t\t<meta property=\"og:description\" content=\"A Justi\u00e7a Federal e o UNIFAMINAS firmaram conv\u00eanio para a realiza\u00e7\u00e3o de Capacita\u00e7\u00e3o de Conciliadores, ministrado e supervisionado por servidoras da Justi\u00e7a Federal, credenciadas pelo Conselho Nacional de Justi\u00e7a (CNJ). A primeira etapa do curso aconteceu entre os dias 20 e 24 de agosto, a segunda etapa acontecer\u00e1 de 10 a 14 de setembro. Das\" \/>\n\t\t<meta property=\"og:url\" content=\"https:\/\/anoticiaonline.com.br\/site\/unifaminas-e-justica-federal-firmam-convenio-para-capacitacao-de-conciliadores\/\" \/>\n\t\t<meta property=\"og:image\" content=\"https:\/\/scontent-gig4-1.xx.fbcdn.net\/v\/t39.30808-1\/270437624_4564083193639691_6907940295614233970_n.jpg?stp=dst-jpg_s200x200_tt6&#038;_nc_cat=111&#038;ccb=1-7&#038;_nc_sid=f907e8&#038;_nc_ohc=SM1wRlP3lJwQ7kNvwEPuBYA&#038;_nc_oc=AdnqrjDN_BNjSSHWO-GbkIWH6fkGMLw4bqvL_NH6e2wMveX7G-rP2dAqsDSq1mJMOaY&#038;_nc_zt=24&#038;_nc_ht=scontent-gig4-1.xx&#038;_nc_gid=AoBFJeGrT1hVaew_6rchkQ&#038;oh=00_AfX7QmFGhQhG2jAllVgXCiM1ZrWgvtp80-Bfppyexh1QEg&#038;oe=689E923C\" \/>\n\t\t<meta property=\"og:image:secure_url\" content=\"https:\/\/scontent-gig4-1.xx.fbcdn.net\/v\/t39.30808-1\/270437624_4564083193639691_6907940295614233970_n.jpg?stp=dst-jpg_s200x200_tt6&#038;_nc_cat=111&#038;ccb=1-7&#038;_nc_sid=f907e8&#038;_nc_ohc=SM1wRlP3lJwQ7kNvwEPuBYA&#038;_nc_oc=AdnqrjDN_BNjSSHWO-GbkIWH6fkGMLw4bqvL_NH6e2wMveX7G-rP2dAqsDSq1mJMOaY&#038;_nc_zt=24&#038;_nc_ht=scontent-gig4-1.xx&#038;_nc_gid=AoBFJeGrT1hVaew_6rchkQ&#038;oh=00_AfX7QmFGhQhG2jAllVgXCiM1ZrWgvtp80-Bfppyexh1QEg&#038;oe=689E923C\" \/>\n\t\t<meta property=\"article:published_time\" content=\"2018-08-24T02:01:31+00:00\" \/>\n\t\t<meta property=\"article:modified_time\" content=\"2018-08-24T02:01:31+00:00\" \/>\n\t\t<meta name=\"twitter:card\" content=\"summary_large_image\" \/>\n\t\t<meta name=\"twitter:title\" content=\"UNIFAMINAS e Justi\u00e7a Federal firmam conv\u00eanio para Capacita\u00e7\u00e3o de Conciliadores - A Not\u00edcia Online\" \/>\n\t\t<meta name=\"twitter:description\" content=\"A Justi\u00e7a Federal e o UNIFAMINAS firmaram conv\u00eanio para a realiza\u00e7\u00e3o de Capacita\u00e7\u00e3o de Conciliadores, ministrado e supervisionado por servidoras da Justi\u00e7a Federal, credenciadas pelo Conselho Nacional de Justi\u00e7a (CNJ). A primeira etapa do curso aconteceu entre os dias 20 e 24 de agosto, a segunda etapa acontecer\u00e1 de 10 a 14 de setembro. Das\" \/>\n\t\t<meta name=\"twitter:image\" content=\"https:\/\/scontent-gig4-1.xx.fbcdn.net\/v\/t39.30808-1\/270437624_4564083193639691_6907940295614233970_n.jpg?stp=dst-jpg_s200x200_tt6&amp;_nc_cat=111&amp;ccb=1-7&amp;_nc_sid=f907e8&amp;_nc_ohc=SM1wRlP3lJwQ7kNvwEPuBYA&amp;_nc_oc=AdnqrjDN_BNjSSHWO-GbkIWH6fkGMLw4bqvL_NH6e2wMveX7G-rP2dAqsDSq1mJMOaY&amp;_nc_zt=24&amp;_nc_ht=scontent-gig4-1.xx&amp;_nc_gid=AoBFJeGrT1hVaew_6rchkQ&amp;oh=00_AfX7QmFGhQhG2jAllVgXCiM1ZrWgvtp80-Bfppyexh1QEg&amp;oe=689E923C\" \/>\n\t\t<script type=\"application\/ld+json\" class=\"aioseo-schema\">\n\t\t\t{\"@context\":\"https:\\\/\\\/schema.org\",\"@graph\":[{\"@type\":\"BlogPosting\",\"@id\":\"https:\\\/\\\/anoticiaonline.com.br\\\/site\\\/unifaminas-e-justica-federal-firmam-convenio-para-capacitacao-de-conciliadores\\\/#blogposting\",\"name\":\"UNIFAMINAS e Justi\\u00e7a Federal firmam conv\\u00eanio para Capacita\\u00e7\\u00e3o de Conciliadores - A Not\\u00edcia Online\",\"headline\":\"UNIFAMINAS e Justi\\u00e7a Federal firmam conv\\u00eanio para Capacita\\u00e7\\u00e3o de Conciliadores\",\"author\":{\"@id\":\"https:\\\/\\\/anoticiaonline.com.br\\\/site\\\/author\\\/juliana\\\/#author\"},\"publisher\":{\"@id\":\"https:\\\/\\\/anoticiaonline.com.br\\\/site\\\/#organization\"},\"image\":{\"@type\":\"ImageObject\",\"url\":\"https:\\\/\\\/anoticiaonline.com.br\\\/site\\\/wp-content\\\/uploads\\\/2018\\\/08\\\/DSC_0408-2.jpg\",\"width\":1000,\"height\":667},\"datePublished\":\"2018-08-23T23:01:31-03:00\",\"dateModified\":\"2018-08-23T23:01:31-03:00\",\"inLanguage\":\"pt-BR\",\"mainEntityOfPage\":{\"@id\":\"https:\\\/\\\/anoticiaonline.com.br\\\/site\\\/unifaminas-e-justica-federal-firmam-convenio-para-capacitacao-de-conciliadores\\\/#webpage\"},\"isPartOf\":{\"@id\":\"https:\\\/\\\/anoticiaonline.com.br\\\/site\\\/unifaminas-e-justica-federal-firmam-convenio-para-capacitacao-de-conciliadores\\\/#webpage\"},\"articleSection\":\"Blog, Cotidiano, Gerais, Direito, justi\\u00e7a federal, Muria\\u00e9, unifaminas\"},{\"@type\":\"BreadcrumbList\",\"@id\":\"https:\\\/\\\/anoticiaonline.com.br\\\/site\\\/unifaminas-e-justica-federal-firmam-convenio-para-capacitacao-de-conciliadores\\\/#breadcrumblist\",\"itemListElement\":[{\"@type\":\"ListItem\",\"@id\":\"https:\\\/\\\/anoticiaonline.com.br\\\/site#listItem\",\"position\":1,\"name\":\"Home\",\"item\":\"https:\\\/\\\/anoticiaonline.com.br\\\/site\",\"nextItem\":{\"@type\":\"ListItem\",\"@id\":\"https:\\\/\\\/anoticiaonline.com.br\\\/site\\\/categoria\\\/muriae\\\/#listItem\",\"name\":\"Blog\"}},{\"@type\":\"ListItem\",\"@id\":\"https:\\\/\\\/anoticiaonline.com.br\\\/site\\\/categoria\\\/muriae\\\/#listItem\",\"position\":2,\"name\":\"Blog\",\"item\":\"https:\\\/\\\/anoticiaonline.com.br\\\/site\\\/categoria\\\/muriae\\\/\",\"nextItem\":{\"@type\":\"ListItem\",\"@id\":\"https:\\\/\\\/anoticiaonline.com.br\\\/site\\\/categoria\\\/muriae\\\/cotidiano\\\/#listItem\",\"name\":\"Cotidiano\"},\"previousItem\":{\"@type\":\"ListItem\",\"@id\":\"https:\\\/\\\/anoticiaonline.com.br\\\/site#listItem\",\"name\":\"Home\"}},{\"@type\":\"ListItem\",\"@id\":\"https:\\\/\\\/anoticiaonline.com.br\\\/site\\\/categoria\\\/muriae\\\/cotidiano\\\/#listItem\",\"position\":3,\"name\":\"Cotidiano\",\"item\":\"https:\\\/\\\/anoticiaonline.com.br\\\/site\\\/categoria\\\/muriae\\\/cotidiano\\\/\",\"nextItem\":{\"@type\":\"ListItem\",\"@id\":\"https:\\\/\\\/anoticiaonline.com.br\\\/site\\\/unifaminas-e-justica-federal-firmam-convenio-para-capacitacao-de-conciliadores\\\/#listItem\",\"name\":\"UNIFAMINAS e Justi\\u00e7a Federal firmam conv\\u00eanio para Capacita\\u00e7\\u00e3o de Conciliadores\"},\"previousItem\":{\"@type\":\"ListItem\",\"@id\":\"https:\\\/\\\/anoticiaonline.com.br\\\/site\\\/categoria\\\/muriae\\\/#listItem\",\"name\":\"Blog\"}},{\"@type\":\"ListItem\",\"@id\":\"https:\\\/\\\/anoticiaonline.com.br\\\/site\\\/unifaminas-e-justica-federal-firmam-convenio-para-capacitacao-de-conciliadores\\\/#listItem\",\"position\":4,\"name\":\"UNIFAMINAS e Justi\\u00e7a Federal firmam conv\\u00eanio para Capacita\\u00e7\\u00e3o de Conciliadores\",\"previousItem\":{\"@type\":\"ListItem\",\"@id\":\"https:\\\/\\\/anoticiaonline.com.br\\\/site\\\/categoria\\\/muriae\\\/cotidiano\\\/#listItem\",\"name\":\"Cotidiano\"}}]},{\"@type\":\"Organization\",\"@id\":\"https:\\\/\\\/anoticiaonline.com.br\\\/site\\\/#organization\",\"name\":\"A Not\\u00edcia Online\",\"description\":\"Noticias de Muria\\u00e9 e regi\\u00e3o\",\"url\":\"https:\\\/\\\/anoticiaonline.com.br\\\/site\\\/\",\"logo\":{\"@type\":\"ImageObject\",\"url\":\"https:\\\/\\\/scontent-gig4-1.xx.fbcdn.net\\\/v\\\/t39.30808-1\\\/270437624_4564083193639691_6907940295614233970_n.jpg?stp=dst-jpg_s200x200_tt6&_nc_cat=111&ccb=1-7&_nc_sid=f907e8&_nc_ohc=SM1wRlP3lJwQ7kNvwEPuBYA&_nc_oc=AdnqrjDN_BNjSSHWO-GbkIWH6fkGMLw4bqvL_NH6e2wMveX7G-rP2dAqsDSq1mJMOaY&_nc_zt=24&_nc_ht=scontent-gig4-1.xx&_nc_gid=AoBFJeGrT1hVaew_6rchkQ&oh=00_AfX7QmFGhQhG2jAllVgXCiM1ZrWgvtp80-Bfppyexh1QEg&oe=689E923C\",\"@id\":\"https:\\\/\\\/anoticiaonline.com.br\\\/site\\\/unifaminas-e-justica-federal-firmam-convenio-para-capacitacao-de-conciliadores\\\/#organizationLogo\"},\"image\":{\"@id\":\"https:\\\/\\\/anoticiaonline.com.br\\\/site\\\/unifaminas-e-justica-federal-firmam-convenio-para-capacitacao-de-conciliadores\\\/#organizationLogo\"}},{\"@type\":\"Person\",\"@id\":\"https:\\\/\\\/anoticiaonline.com.br\\\/site\\\/author\\\/juliana\\\/#author\",\"url\":\"https:\\\/\\\/anoticiaonline.com.br\\\/site\\\/author\\\/juliana\\\/\",\"name\":\"Juliana Laviola\",\"image\":{\"@type\":\"ImageObject\",\"@id\":\"https:\\\/\\\/anoticiaonline.com.br\\\/site\\\/unifaminas-e-justica-federal-firmam-convenio-para-capacitacao-de-conciliadores\\\/#authorImage\",\"url\":\"https:\\\/\\\/secure.gravatar.com\\\/avatar\\\/b8d45f5c699b100dfaf0e543582f38f38bf94cb7ae3a5e9abf8d891a34773335?s=96&d=mm&r=g\",\"width\":96,\"height\":96,\"caption\":\"Juliana Laviola\"}},{\"@type\":\"WebPage\",\"@id\":\"https:\\\/\\\/anoticiaonline.com.br\\\/site\\\/unifaminas-e-justica-federal-firmam-convenio-para-capacitacao-de-conciliadores\\\/#webpage\",\"url\":\"https:\\\/\\\/anoticiaonline.com.br\\\/site\\\/unifaminas-e-justica-federal-firmam-convenio-para-capacitacao-de-conciliadores\\\/\",\"name\":\"UNIFAMINAS e Justi\\u00e7a Federal firmam conv\\u00eanio para Capacita\\u00e7\\u00e3o de Conciliadores - A Not\\u00edcia Online\",\"description\":\"A Justi\\u00e7a Federal e o UNIFAMINAS firmaram conv\\u00eanio para a realiza\\u00e7\\u00e3o de Capacita\\u00e7\\u00e3o de Conciliadores, ministrado e supervisionado por servidoras da Justi\\u00e7a Federal, credenciadas pelo Conselho Nacional de Justi\\u00e7a (CNJ). A primeira etapa do curso aconteceu entre os dias 20 e 24 de agosto, a segunda etapa acontecer\\u00e1 de 10 a 14 de setembro. Das\",\"inLanguage\":\"pt-BR\",\"isPartOf\":{\"@id\":\"https:\\\/\\\/anoticiaonline.com.br\\\/site\\\/#website\"},\"breadcrumb\":{\"@id\":\"https:\\\/\\\/anoticiaonline.com.br\\\/site\\\/unifaminas-e-justica-federal-firmam-convenio-para-capacitacao-de-conciliadores\\\/#breadcrumblist\"},\"author\":{\"@id\":\"https:\\\/\\\/anoticiaonline.com.br\\\/site\\\/author\\\/juliana\\\/#author\"},\"creator\":{\"@id\":\"https:\\\/\\\/anoticiaonline.com.br\\\/site\\\/author\\\/juliana\\\/#author\"},\"image\":{\"@type\":\"ImageObject\",\"url\":\"https:\\\/\\\/anoticiaonline.com.br\\\/site\\\/wp-content\\\/uploads\\\/2018\\\/08\\\/DSC_0408-2.jpg\",\"@id\":\"https:\\\/\\\/anoticiaonline.com.br\\\/site\\\/unifaminas-e-justica-federal-firmam-convenio-para-capacitacao-de-conciliadores\\\/#mainImage\",\"width\":1000,\"height\":667},\"primaryImageOfPage\":{\"@id\":\"https:\\\/\\\/anoticiaonline.com.br\\\/site\\\/unifaminas-e-justica-federal-firmam-convenio-para-capacitacao-de-conciliadores\\\/#mainImage\"},\"datePublished\":\"2018-08-23T23:01:31-03:00\",\"dateModified\":\"2018-08-23T23:01:31-03:00\"},{\"@type\":\"WebSite\",\"@id\":\"https:\\\/\\\/anoticiaonline.com.br\\\/site\\\/#website\",\"url\":\"https:\\\/\\\/anoticiaonline.com.br\\\/site\\\/\",\"name\":\"A Not\\u00edcia Online\",\"description\":\"Noticias de Muria\\u00e9 e regi\\u00e3o\",\"inLanguage\":\"pt-BR\",\"publisher\":{\"@id\":\"https:\\\/\\\/anoticiaonline.com.br\\\/site\\\/#organization\"}}]}\n\t\t<\/script>\n\t\t<!-- All in One SEO -->\n\n","aioseo_head_json":{"title":"UNIFAMINAS e Justi\u00e7a Federal firmam conv\u00eanio para Capacita\u00e7\u00e3o de Conciliadores - A Not\u00edcia Online","description":"A Justi\u00e7a Federal e o UNIFAMINAS firmaram conv\u00eanio para a realiza\u00e7\u00e3o de Capacita\u00e7\u00e3o de Conciliadores, ministrado e supervisionado por servidoras da Justi\u00e7a Federal, credenciadas pelo Conselho Nacional de Justi\u00e7a (CNJ). A primeira etapa do curso aconteceu entre os dias 20 e 24 de agosto, a segunda etapa acontecer\u00e1 de 10 a 14 de setembro. Das","canonical_url":"https:\/\/anoticiaonline.com.br\/site\/unifaminas-e-justica-federal-firmam-convenio-para-capacitacao-de-conciliadores\/","robots":"max-image-preview:large","keywords":"","webmasterTools":{"miscellaneous":""},"schema":{"@context":"https:\/\/schema.org","@graph":[{"@type":"BlogPosting","@id":"https:\/\/anoticiaonline.com.br\/site\/unifaminas-e-justica-federal-firmam-convenio-para-capacitacao-de-conciliadores\/#blogposting","name":"UNIFAMINAS e Justi\u00e7a Federal firmam conv\u00eanio para Capacita\u00e7\u00e3o de Conciliadores - A Not\u00edcia Online","headline":"UNIFAMINAS e Justi\u00e7a Federal firmam conv\u00eanio para Capacita\u00e7\u00e3o de Conciliadores","author":{"@id":"https:\/\/anoticiaonline.com.br\/site\/author\/juliana\/#author"},"publisher":{"@id":"https:\/\/anoticiaonline.com.br\/site\/#organization"},"image":{"@type":"ImageObject","url":"https:\/\/anoticiaonline.com.br\/site\/wp-content\/uploads\/2018\/08\/DSC_0408-2.jpg","width":1000,"height":667},"datePublished":"2018-08-23T23:01:31-03:00","dateModified":"2018-08-23T23:01:31-03:00","inLanguage":"pt-BR","mainEntityOfPage":{"@id":"https:\/\/anoticiaonline.com.br\/site\/unifaminas-e-justica-federal-firmam-convenio-para-capacitacao-de-conciliadores\/#webpage"},"isPartOf":{"@id":"https:\/\/anoticiaonline.com.br\/site\/unifaminas-e-justica-federal-firmam-convenio-para-capacitacao-de-conciliadores\/#webpage"},"articleSection":"Blog, Cotidiano, Gerais, Direito, justi\u00e7a federal, Muria\u00e9, unifaminas"},{"@type":"BreadcrumbList","@id":"https:\/\/anoticiaonline.com.br\/site\/unifaminas-e-justica-federal-firmam-convenio-para-capacitacao-de-conciliadores\/#breadcrumblist","itemListElement":[{"@type":"ListItem","@id":"https:\/\/anoticiaonline.com.br\/site#listItem","position":1,"name":"Home","item":"https:\/\/anoticiaonline.com.br\/site","nextItem":{"@type":"ListItem","@id":"https:\/\/anoticiaonline.com.br\/site\/categoria\/muriae\/#listItem","name":"Blog"}},{"@type":"ListItem","@id":"https:\/\/anoticiaonline.com.br\/site\/categoria\/muriae\/#listItem","position":2,"name":"Blog","item":"https:\/\/anoticiaonline.com.br\/site\/categoria\/muriae\/","nextItem":{"@type":"ListItem","@id":"https:\/\/anoticiaonline.com.br\/site\/categoria\/muriae\/cotidiano\/#listItem","name":"Cotidiano"},"previousItem":{"@type":"ListItem","@id":"https:\/\/anoticiaonline.com.br\/site#listItem","name":"Home"}},{"@type":"ListItem","@id":"https:\/\/anoticiaonline.com.br\/site\/categoria\/muriae\/cotidiano\/#listItem","position":3,"name":"Cotidiano","item":"https:\/\/anoticiaonline.com.br\/site\/categoria\/muriae\/cotidiano\/","nextItem":{"@type":"ListItem","@id":"https:\/\/anoticiaonline.com.br\/site\/unifaminas-e-justica-federal-firmam-convenio-para-capacitacao-de-conciliadores\/#listItem","name":"UNIFAMINAS e Justi\u00e7a Federal firmam conv\u00eanio para Capacita\u00e7\u00e3o de Conciliadores"},"previousItem":{"@type":"ListItem","@id":"https:\/\/anoticiaonline.com.br\/site\/categoria\/muriae\/#listItem","name":"Blog"}},{"@type":"ListItem","@id":"https:\/\/anoticiaonline.com.br\/site\/unifaminas-e-justica-federal-firmam-convenio-para-capacitacao-de-conciliadores\/#listItem","position":4,"name":"UNIFAMINAS e Justi\u00e7a Federal firmam conv\u00eanio para Capacita\u00e7\u00e3o de Conciliadores","previousItem":{"@type":"ListItem","@id":"https:\/\/anoticiaonline.com.br\/site\/categoria\/muriae\/cotidiano\/#listItem","name":"Cotidiano"}}]},{"@type":"Organization","@id":"https:\/\/anoticiaonline.com.br\/site\/#organization","name":"A Not\u00edcia Online","description":"Noticias de Muria\u00e9 e regi\u00e3o","url":"https:\/\/anoticiaonline.com.br\/site\/","logo":{"@type":"ImageObject","url":"https:\/\/scontent-gig4-1.xx.fbcdn.net\/v\/t39.30808-1\/270437624_4564083193639691_6907940295614233970_n.jpg?stp=dst-jpg_s200x200_tt6&_nc_cat=111&ccb=1-7&_nc_sid=f907e8&_nc_ohc=SM1wRlP3lJwQ7kNvwEPuBYA&_nc_oc=AdnqrjDN_BNjSSHWO-GbkIWH6fkGMLw4bqvL_NH6e2wMveX7G-rP2dAqsDSq1mJMOaY&_nc_zt=24&_nc_ht=scontent-gig4-1.xx&_nc_gid=AoBFJeGrT1hVaew_6rchkQ&oh=00_AfX7QmFGhQhG2jAllVgXCiM1ZrWgvtp80-Bfppyexh1QEg&oe=689E923C","@id":"https:\/\/anoticiaonline.com.br\/site\/unifaminas-e-justica-federal-firmam-convenio-para-capacitacao-de-conciliadores\/#organizationLogo"},"image":{"@id":"https:\/\/anoticiaonline.com.br\/site\/unifaminas-e-justica-federal-firmam-convenio-para-capacitacao-de-conciliadores\/#organizationLogo"}},{"@type":"Person","@id":"https:\/\/anoticiaonline.com.br\/site\/author\/juliana\/#author","url":"https:\/\/anoticiaonline.com.br\/site\/author\/juliana\/","name":"Juliana Laviola","image":{"@type":"ImageObject","@id":"https:\/\/anoticiaonline.com.br\/site\/unifaminas-e-justica-federal-firmam-convenio-para-capacitacao-de-conciliadores\/#authorImage","url":"https:\/\/secure.gravatar.com\/avatar\/b8d45f5c699b100dfaf0e543582f38f38bf94cb7ae3a5e9abf8d891a34773335?s=96&d=mm&r=g","width":96,"height":96,"caption":"Juliana Laviola"}},{"@type":"WebPage","@id":"https:\/\/anoticiaonline.com.br\/site\/unifaminas-e-justica-federal-firmam-convenio-para-capacitacao-de-conciliadores\/#webpage","url":"https:\/\/anoticiaonline.com.br\/site\/unifaminas-e-justica-federal-firmam-convenio-para-capacitacao-de-conciliadores\/","name":"UNIFAMINAS e Justi\u00e7a Federal firmam conv\u00eanio para Capacita\u00e7\u00e3o de Conciliadores - A Not\u00edcia Online","description":"A Justi\u00e7a Federal e o UNIFAMINAS firmaram conv\u00eanio para a realiza\u00e7\u00e3o de Capacita\u00e7\u00e3o de Conciliadores, ministrado e supervisionado por servidoras da Justi\u00e7a Federal, credenciadas pelo Conselho Nacional de Justi\u00e7a (CNJ). A primeira etapa do curso aconteceu entre os dias 20 e 24 de agosto, a segunda etapa acontecer\u00e1 de 10 a 14 de setembro. Das","inLanguage":"pt-BR","isPartOf":{"@id":"https:\/\/anoticiaonline.com.br\/site\/#website"},"breadcrumb":{"@id":"https:\/\/anoticiaonline.com.br\/site\/unifaminas-e-justica-federal-firmam-convenio-para-capacitacao-de-conciliadores\/#breadcrumblist"},"author":{"@id":"https:\/\/anoticiaonline.com.br\/site\/author\/juliana\/#author"},"creator":{"@id":"https:\/\/anoticiaonline.com.br\/site\/author\/juliana\/#author"},"image":{"@type":"ImageObject","url":"https:\/\/anoticiaonline.com.br\/site\/wp-content\/uploads\/2018\/08\/DSC_0408-2.jpg","@id":"https:\/\/anoticiaonline.com.br\/site\/unifaminas-e-justica-federal-firmam-convenio-para-capacitacao-de-conciliadores\/#mainImage","width":1000,"height":667},"primaryImageOfPage":{"@id":"https:\/\/anoticiaonline.com.br\/site\/unifaminas-e-justica-federal-firmam-convenio-para-capacitacao-de-conciliadores\/#mainImage"},"datePublished":"2018-08-23T23:01:31-03:00","dateModified":"2018-08-23T23:01:31-03:00"},{"@type":"WebSite","@id":"https:\/\/anoticiaonline.com.br\/site\/#website","url":"https:\/\/anoticiaonline.com.br\/site\/","name":"A Not\u00edcia Online","description":"Noticias de Muria\u00e9 e regi\u00e3o","inLanguage":"pt-BR","publisher":{"@id":"https:\/\/anoticiaonline.com.br\/site\/#organization"}}]},"og:locale":"pt_BR","og:site_name":"A Not\u00edcia Online - Noticias de Muria\u00e9 e regi\u00e3o","og:type":"article","og:title":"UNIFAMINAS e Justi\u00e7a Federal firmam conv\u00eanio para Capacita\u00e7\u00e3o de Conciliadores - A Not\u00edcia Online","og:description":"A Justi\u00e7a Federal e o UNIFAMINAS firmaram conv\u00eanio para a realiza\u00e7\u00e3o de Capacita\u00e7\u00e3o de Conciliadores, ministrado e supervisionado por servidoras da Justi\u00e7a Federal, credenciadas pelo Conselho Nacional de Justi\u00e7a (CNJ). A primeira etapa do curso aconteceu entre os dias 20 e 24 de agosto, a segunda etapa acontecer\u00e1 de 10 a 14 de setembro. Das","og:url":"https:\/\/anoticiaonline.com.br\/site\/unifaminas-e-justica-federal-firmam-convenio-para-capacitacao-de-conciliadores\/","og:image":"https:\/\/scontent-gig4-1.xx.fbcdn.net\/v\/t39.30808-1\/270437624_4564083193639691_6907940295614233970_n.jpg?stp=dst-jpg_s200x200_tt6&#038;_nc_cat=111&#038;ccb=1-7&#038;_nc_sid=f907e8&#038;_nc_ohc=SM1wRlP3lJwQ7kNvwEPuBYA&#038;_nc_oc=AdnqrjDN_BNjSSHWO-GbkIWH6fkGMLw4bqvL_NH6e2wMveX7G-rP2dAqsDSq1mJMOaY&#038;_nc_zt=24&#038;_nc_ht=scontent-gig4-1.xx&#038;_nc_gid=AoBFJeGrT1hVaew_6rchkQ&#038;oh=00_AfX7QmFGhQhG2jAllVgXCiM1ZrWgvtp80-Bfppyexh1QEg&#038;oe=689E923C","og:image:secure_url":"https:\/\/scontent-gig4-1.xx.fbcdn.net\/v\/t39.30808-1\/270437624_4564083193639691_6907940295614233970_n.jpg?stp=dst-jpg_s200x200_tt6&#038;_nc_cat=111&#038;ccb=1-7&#038;_nc_sid=f907e8&#038;_nc_ohc=SM1wRlP3lJwQ7kNvwEPuBYA&#038;_nc_oc=AdnqrjDN_BNjSSHWO-GbkIWH6fkGMLw4bqvL_NH6e2wMveX7G-rP2dAqsDSq1mJMOaY&#038;_nc_zt=24&#038;_nc_ht=scontent-gig4-1.xx&#038;_nc_gid=AoBFJeGrT1hVaew_6rchkQ&#038;oh=00_AfX7QmFGhQhG2jAllVgXCiM1ZrWgvtp80-Bfppyexh1QEg&#038;oe=689E923C","article:published_time":"2018-08-24T02:01:31+00:00","article:modified_time":"2018-08-24T02:01:31+00:00","twitter:card":"summary_large_image","twitter:title":"UNIFAMINAS e Justi\u00e7a Federal firmam conv\u00eanio para Capacita\u00e7\u00e3o de Conciliadores - A Not\u00edcia Online","twitter:description":"A Justi\u00e7a Federal e o UNIFAMINAS firmaram conv\u00eanio para a realiza\u00e7\u00e3o de Capacita\u00e7\u00e3o de Conciliadores, ministrado e supervisionado por servidoras da Justi\u00e7a Federal, credenciadas pelo Conselho Nacional de Justi\u00e7a (CNJ). A primeira etapa do curso aconteceu entre os dias 20 e 24 de agosto, a segunda etapa acontecer\u00e1 de 10 a 14 de setembro. Das","twitter:image":"https:\/\/scontent-gig4-1.xx.fbcdn.net\/v\/t39.30808-1\/270437624_4564083193639691_6907940295614233970_n.jpg?stp=dst-jpg_s200x200_tt6&_nc_cat=111&ccb=1-7&_nc_sid=f907e8&_nc_ohc=SM1wRlP3lJwQ7kNvwEPuBYA&_nc_oc=AdnqrjDN_BNjSSHWO-GbkIWH6fkGMLw4bqvL_NH6e2wMveX7G-rP2dAqsDSq1mJMOaY&_nc_zt=24&_nc_ht=scontent-gig4-1.xx&_nc_gid=AoBFJeGrT1hVaew_6rchkQ&oh=00_AfX7QmFGhQhG2jAllVgXCiM1ZrWgvtp80-Bfppyexh1QEg&oe=689E923C"},"aioseo_meta_data":{"post_id":"60483","title":null,"description":null,"keywords":null,"keyphrases":null,"primary_term":null,"canonical_url":null,"og_title":null,"og_description":null,"og_object_type":"default","og_image_type":"default","og_image_url":null,"og_image_width":null,"og_image_height":null,"og_image_custom_url":null,"og_image_custom_fields":null,"og_video":null,"og_custom_url":null,"og_article_section":null,"og_article_tags":null,"twitter_use_og":false,"twitter_card":"default","twitter_image_type":"default","twitter_image_url":null,"twitter_image_custom_url":null,"twitter_image_custom_fields":null,"twitter_title":null,"twitter_description":null,"schema":{"blockGraphs":[],"customGraphs":[],"default":{"data":{"Article":[],"Course":[],"Dataset":[],"FAQPage":[],"Movie":[],"Person":[],"Product":[],"ProductReview":[],"Car":[],"Recipe":[],"Service":[],"SoftwareApplication":[],"WebPage":[]},"graphName":"","isEnabled":true},"graphs":[]},"schema_type":"default","schema_type_options":null,"pillar_content":false,"robots_default":true,"robots_noindex":false,"robots_noarchive":false,"robots_nosnippet":false,"robots_nofollow":false,"robots_noimageindex":false,"robots_noodp":false,"robots_notranslate":false,"robots_max_snippet":null,"robots_max_videopreview":null,"robots_max_imagepreview":"large","priority":null,"frequency":null,"local_seo":null,"breadcrumb_settings":null,"limit_modified_date":false,"ai":null,"created":"2025-08-16 21:30:58","updated":"2025-08-16 21:30:58","focus_keyword":null,"additional_keywords":null,"truseo_locale":null,"seo_analyzer_scan_date":null},"aioseo_breadcrumb":"<div class=\"aioseo-breadcrumbs\"><span class=\"aioseo-breadcrumb\">\n\t\t\t<a href=\"https:\/\/anoticiaonline.com.br\/site\" title=\"Home\">Home<\/a>\n\t\t<\/span><span class=\"aioseo-breadcrumb-separator\">&raquo;<\/span><span class=\"aioseo-breadcrumb\">\n\t\t\t<a href=\"https:\/\/anoticiaonline.com.br\/site\/categoria\/muriae\/\" title=\"Blog\">Blog<\/a>\n\t\t<\/span><span class=\"aioseo-breadcrumb-separator\">&raquo;<\/span><span class=\"aioseo-breadcrumb\">\n\t\t\t<a href=\"https:\/\/anoticiaonline.com.br\/site\/categoria\/muriae\/cotidiano\/\" title=\"Cotidiano\">Cotidiano<\/a>\n\t\t<\/span><span class=\"aioseo-breadcrumb-separator\">&raquo;<\/span><span class=\"aioseo-breadcrumb\">\n\t\t\tUNIFAMINAS e Justi\u00e7a Federal firmam conv\u00eanio para Capacita\u00e7\u00e3o de Conciliadores\n\t\t<\/span><\/div>","aioseo_breadcrumb_json":[{"label":"Home","link":"https:\/\/anoticiaonline.com.br\/site"},{"label":"Blog","link":"https:\/\/anoticiaonline.com.br\/site\/categoria\/muriae\/"},{"label":"Cotidiano","link":"https:\/\/anoticiaonline.com.br\/site\/categoria\/muriae\/cotidiano\/"},{"label":"UNIFAMINAS e Justi\u00e7a Federal firmam conv\u00eanio para Capacita\u00e7\u00e3o de Conciliadores","link":"https:\/\/anoticiaonline.com.br\/site\/unifaminas-e-justica-federal-firmam-convenio-para-capacitacao-de-conciliadores\/"}],"views":166,"_links":{"self":[{"href":"https:\/\/anoticiaonline.com.br\/site\/wp-json\/wp\/v2\/posts\/60483","targetHints":{"allow":["GET"]}}],"collection":[{"href":"https:\/\/anoticiaonline.com.br\/site\/wp-json\/wp\/v2\/posts"}],"about":[{"href":"https:\/\/anoticiaonline.com.br\/site\/wp-json\/wp\/v2\/types\/post"}],"author":[{"embeddable":true,"href":"https:\/\/anoticiaonline.com.br\/site\/wp-json\/wp\/v2\/users\/2"}],"replies":[{"embeddable":true,"href":"https:\/\/anoticiaonline.com.br\/site\/wp-json\/wp\/v2\/comments?post=60483"}],"version-history":[{"count":0,"href":"https:\/\/anoticiaonline.com.br\/site\/wp-json\/wp\/v2\/posts\/60483\/revisions"}],"wp:featuredmedia":[{"embeddable":true,"href":"https:\/\/anoticiaonline.com.br\/site\/wp-json\/wp\/v2\/media\/60485"}],"wp:attachment":[{"href":"https:\/\/anoticiaonline.com.br\/site\/wp-json\/wp\/v2\/media?parent=60483"}],"wp:term":[{"taxonomy":"category","embeddable":true,"href":"https:\/\/anoticiaonline.com.br\/site\/wp-json\/wp\/v2\/categories?post=60483"},{"taxonomy":"post_tag","embeddable":true,"href":"https:\/\/anoticiaonline.com.br\/site\/wp-json\/wp\/v2\/tags?post=60483"}],"curies":[{"name":"wp","href":"https:\/\/api.w.org\/{rel}","templated":true}]}}