{"id":60463,"date":"2018-08-23T17:34:12","date_gmt":"2018-08-23T20:34:12","guid":{"rendered":"http:\/\/anoticiaonline.com.br\/site\/?p=60463"},"modified":"2018-08-23T17:34:12","modified_gmt":"2018-08-23T20:34:12","slug":"sociarte-23-08","status":"publish","type":"post","link":"https:\/\/anoticiaonline.com.br\/site\/sociarte-23-08\/","title":{"rendered":"Sociarte 23\/08"},"content":{"rendered":"<p><a href=\"https:\/\/anoticiaonline.com.br\/site\/wp-content\/uploads\/2018\/08\/Niver-de-Lorenzo.jpg\"><img fetchpriority=\"high\" decoding=\"async\" class=\"alignnone size-full wp-image-60464\" src=\"https:\/\/anoticiaonline.com.br\/site\/wp-content\/uploads\/2018\/08\/Niver-de-Lorenzo.jpg\" alt=\"\" width=\"800\" height=\"534\" srcset=\"https:\/\/anoticiaonline.com.br\/site\/wp-content\/uploads\/2018\/08\/Niver-de-Lorenzo.jpg 800w, https:\/\/anoticiaonline.com.br\/site\/wp-content\/uploads\/2018\/08\/Niver-de-Lorenzo-300x200.jpg 300w, https:\/\/anoticiaonline.com.br\/site\/wp-content\/uploads\/2018\/08\/Niver-de-Lorenzo-768x513.jpg 768w\" sizes=\"(max-width: 800px) 100vw, 800px\" \/><\/a><\/p>\n<p><strong>Niver de Lorenzo<\/strong><\/p>\n<p>O pequeno Lorenzo Lima Gon\u00e7alves comemorou no s\u00e1bado (11), junto com os seus papais Hiran Dias Gon\u00e7alves e Patr\u00edcia Placides de Lima Gon\u00e7alves, a chegada do seu 1\u00ba aninho de vida. A festa, que aconteceu no Quiosque da AABB, com o tema \u201cYellow Submarine\u201d, reuniu os irm\u00e3os do aniversariante: Guilherme e Laura, os tios, av\u00f3s amigos e demais familiares. Parab\u00e9ns, Lorenzo. Que Deus te d\u00ea muita sa\u00fade, paz e muitos anos de vida!<\/p>\n<p><a href=\"https:\/\/anoticiaonline.com.br\/site\/wp-content\/uploads\/2018\/08\/Dupla-comemora\u00e7\u00e3o.jpg\"><img decoding=\"async\" class=\"alignnone size-full wp-image-60465\" src=\"https:\/\/anoticiaonline.com.br\/site\/wp-content\/uploads\/2018\/08\/Dupla-comemora\u00e7\u00e3o.jpg\" alt=\"\" width=\"886\" height=\"591\" srcset=\"https:\/\/anoticiaonline.com.br\/site\/wp-content\/uploads\/2018\/08\/Dupla-comemora\u00e7\u00e3o.jpg 886w, https:\/\/anoticiaonline.com.br\/site\/wp-content\/uploads\/2018\/08\/Dupla-comemora\u00e7\u00e3o-300x200.jpg 300w, https:\/\/anoticiaonline.com.br\/site\/wp-content\/uploads\/2018\/08\/Dupla-comemora\u00e7\u00e3o-768x512.jpg 768w\" sizes=\"(max-width: 886px) 100vw, 886px\" \/><\/a><\/p>\n<p><strong>Dupla comemora\u00e7\u00e3o<\/strong><\/p>\n<p>O casal Diego Magalh\u00e3es Bernardo e Evelyne Fortunato Bernardo tem motivos de sobra para comemorar! No dia 18 de junho ele receberam a \u201cvisita da cegonha\u201d e est\u00e3o radiantes com a chegada da princesinha Aurora Fortunato Bernardo, e justamente um m\u00eas depois (18 de julho) eles se uniram em matrim\u00f4nio no Cart\u00f3rio de Registro Civil de Muria\u00e9. Parab\u00e9ns ao casal! Que a alegria dessa dupla comemora\u00e7\u00e3o perdure por muitos e muitos anos!<\/p>\n<p><a href=\"https:\/\/anoticiaonline.com.br\/site\/wp-content\/uploads\/2018\/08\/Parab\u00e9ns-Caroline.jpg\"><img decoding=\"async\" class=\"alignnone size-full wp-image-60466\" src=\"https:\/\/anoticiaonline.com.br\/site\/wp-content\/uploads\/2018\/08\/Parab\u00e9ns-Caroline.jpg\" alt=\"\" width=\"818\" height=\"1227\" srcset=\"https:\/\/anoticiaonline.com.br\/site\/wp-content\/uploads\/2018\/08\/Parab\u00e9ns-Caroline.jpg 533w, https:\/\/anoticiaonline.com.br\/site\/wp-content\/uploads\/2018\/08\/Parab\u00e9ns-Caroline-200x300.jpg 200w, https:\/\/anoticiaonline.com.br\/site\/wp-content\/uploads\/2018\/08\/Parab\u00e9ns-Caroline-768x1152.jpg 768w, https:\/\/anoticiaonline.com.br\/site\/wp-content\/uploads\/2018\/08\/Parab\u00e9ns-Caroline-683x1024.jpg 683w\" sizes=\"(max-width: 818px) 100vw, 818px\" \/><\/a><\/p>\n<p><strong>Parab\u00e9ns, Caroline<\/strong><\/p>\n<p>Da reda\u00e7\u00e3o os nossos parab\u00e9ns para a nossa querida amiga Caroline Salvato Silva Fernandes, casada o nosso amigo Arlindo Fernandes Vieiras Netto e m\u00e3e da fofa Lia Salvato Dornelas Fernandes. O casal \u00e9 propriet\u00e1rio da Sorridents em Muria\u00e9 e vem fazendo um belo trabalho em nossa cidade. Ela, que \u00e9 cirurgi\u00e3 dentista e especialista em ortodontia, aniversariou na sexta-feira (17) e recebeu o carinho dos amigos e familiares. Parab\u00e9ns Caroline!<\/p>\n<p><a href=\"https:\/\/anoticiaonline.com.br\/site\/wp-content\/uploads\/2018\/08\/Parab\u00e9ns-Isabel.jpg\"><img loading=\"lazy\" decoding=\"async\" class=\"alignnone size-full wp-image-60467\" src=\"https:\/\/anoticiaonline.com.br\/site\/wp-content\/uploads\/2018\/08\/Parab\u00e9ns-Isabel.jpg\" alt=\"\" width=\"423\" height=\"282\" srcset=\"https:\/\/anoticiaonline.com.br\/site\/wp-content\/uploads\/2018\/08\/Parab\u00e9ns-Isabel.jpg 423w, https:\/\/anoticiaonline.com.br\/site\/wp-content\/uploads\/2018\/08\/Parab\u00e9ns-Isabel-300x200.jpg 300w\" sizes=\"(max-width: 423px) 100vw, 423px\" \/><\/a><\/p>\n<p><strong>Parab\u00e9ns, Isabel<\/strong><\/p>\n<p>A sexta-feira (17) foi de muita comemora\u00e7\u00e3o para a nossa querida Isabel Batista, que comemorou idade nova. Ela, que \u00e9 secret\u00e1ria do Colina Country Club, reuniu amigos, colegas de trabalho e familiares para juntos comemorarem a chegada de mais um anivers\u00e1rio. Parab\u00e9ns Isabel, que Deus conserve essa sua alegria e vontade de viver!<\/p>\n<p><a href=\"https:\/\/anoticiaonline.com.br\/site\/wp-content\/uploads\/2018\/08\/Parab\u00e9ns-Bianca.jpg\"><img loading=\"lazy\" decoding=\"async\" class=\"alignnone size-full wp-image-60468\" src=\"https:\/\/anoticiaonline.com.br\/site\/wp-content\/uploads\/2018\/08\/Parab\u00e9ns-Bianca.jpg\" alt=\"\" width=\"727\" height=\"1091\" srcset=\"https:\/\/anoticiaonline.com.br\/site\/wp-content\/uploads\/2018\/08\/Parab\u00e9ns-Bianca.jpg 533w, https:\/\/anoticiaonline.com.br\/site\/wp-content\/uploads\/2018\/08\/Parab\u00e9ns-Bianca-200x300.jpg 200w, https:\/\/anoticiaonline.com.br\/site\/wp-content\/uploads\/2018\/08\/Parab\u00e9ns-Bianca-682x1024.jpg 682w\" sizes=\"(max-width: 727px) 100vw, 727px\" \/><\/a><\/p>\n<p><strong>Parab\u00e9ns, Bianca<\/strong><\/p>\n<p>A jovem Bianca de Paula Soares Pereira \u201csoprou velhinhas\u201d na quarta-feira (22). A ela, que \u00e9 filha de Jos\u00e9 Pereira e Rosane de Paula Soares, enviamos votos de muitas felicidades, paz e sa\u00fade. Parab\u00e9ns, Bianca!<\/p>\n<p><a href=\"https:\/\/anoticiaonline.com.br\/site\/wp-content\/uploads\/2018\/08\/Parab\u00e9ns-Thayllaine.jpg\"><img loading=\"lazy\" decoding=\"async\" class=\"alignnone size-full wp-image-60469\" src=\"https:\/\/anoticiaonline.com.br\/site\/wp-content\/uploads\/2018\/08\/Parab\u00e9ns-Thayllaine.jpg\" alt=\"\" width=\"651\" height=\"977\" srcset=\"https:\/\/anoticiaonline.com.br\/site\/wp-content\/uploads\/2018\/08\/Parab\u00e9ns-Thayllaine.jpg 533w, https:\/\/anoticiaonline.com.br\/site\/wp-content\/uploads\/2018\/08\/Parab\u00e9ns-Thayllaine-200x300.jpg 200w\" sizes=\"(max-width: 651px) 100vw, 651px\" \/><\/a><\/p>\n<p><strong>Parab\u00e9ns, Thayllaine<\/strong><\/p>\n<p>A gatinha Thayllaine Luciana de Paula Oliveira aniversariou na quarta-feira (22) recebendo o carinho de seus familiares e amigos. Ela, que completou 9 aninhos de idade, \u00e9 filha do casal Bianca de Paula Soares Pereira e Vanderson Roza de Oliveira. Parab\u00e9ns, Thayllaine!<\/p>\n","protected":false},"excerpt":{"rendered":"<p>Niver de Lorenzo O pequeno Lorenzo Lima Gon\u00e7alves comemorou no s\u00e1bado (11), junto com os seus papais Hiran Dias Gon\u00e7alves e Patr\u00edcia Placides de Lima Gon\u00e7alves, a chegada do seu 1\u00ba aninho de vida. A festa, que aconteceu no Quiosque da AABB, com o tema \u201cYellow Submarine\u201d, reuniu os irm\u00e3os do aniversariante: Guilherme e Laura, &#8230; <a title=\"Sociarte 23\/08\" class=\"read-more\" href=\"https:\/\/anoticiaonline.com.br\/site\/sociarte-23-08\/\" aria-label=\"Read more about Sociarte 23\/08\">Ler mais<\/a><\/p>\n","protected":false},"author":2,"featured_media":0,"comment_status":"open","ping_status":"open","sticky":false,"template":"","format":"standard","meta":{"_acf_changed":false,"_monsterinsights_skip_tracking":false,"footnotes":""},"categories":[38],"tags":[],"class_list":["post-60463","post","type-post","status-publish","format-standard","hentry","category-sociarte"],"acf":[],"aioseo_notices":[],"aioseo_head":"\n\t\t<!-- All in One SEO 5.0.0.1 - aioseo.com -->\n\t<meta name=\"description\" content=\"Niver de Lorenzo O pequeno Lorenzo Lima Gon\u00e7alves comemorou no s\u00e1bado (11), junto com os seus papais Hiran Dias Gon\u00e7alves e Patr\u00edcia Placides de Lima Gon\u00e7alves, a chegada do seu 1\u00ba aninho de vida. A festa, que aconteceu no Quiosque da AABB, com o tema \u201cYellow Submarine\u201d, reuniu os irm\u00e3os do aniversariante: Guilherme e Laura,\" \/>\n\t<meta name=\"robots\" content=\"max-image-preview:large\" \/>\n\t<meta name=\"author\" content=\"Juliana Laviola\"\/>\n\t<link rel=\"canonical\" href=\"https:\/\/anoticiaonline.com.br\/site\/sociarte-23-08\/\" \/>\n\t<meta name=\"generator\" content=\"All in One SEO (AIOSEO) 5.0.0.1\" \/>\n\t\t<meta property=\"og:locale\" content=\"pt_BR\" \/>\n\t\t<meta property=\"og:site_name\" content=\"A Not\u00edcia Online - Noticias de Muria\u00e9 e regi\u00e3o\" \/>\n\t\t<meta property=\"og:type\" content=\"article\" \/>\n\t\t<meta property=\"og:title\" content=\"Sociarte 23\/08 - A Not\u00edcia Online\" \/>\n\t\t<meta property=\"og:description\" content=\"Niver de Lorenzo O pequeno Lorenzo Lima Gon\u00e7alves comemorou no s\u00e1bado (11), junto com os seus papais Hiran Dias Gon\u00e7alves e Patr\u00edcia Placides de Lima Gon\u00e7alves, a chegada do seu 1\u00ba aninho de vida. A festa, que aconteceu no Quiosque da AABB, com o tema \u201cYellow Submarine\u201d, reuniu os irm\u00e3os do aniversariante: Guilherme e Laura,\" \/>\n\t\t<meta property=\"og:url\" content=\"https:\/\/anoticiaonline.com.br\/site\/sociarte-23-08\/\" \/>\n\t\t<meta property=\"og:image\" content=\"https:\/\/scontent-gig4-1.xx.fbcdn.net\/v\/t39.30808-1\/270437624_4564083193639691_6907940295614233970_n.jpg?stp=dst-jpg_s200x200_tt6&#038;_nc_cat=111&#038;ccb=1-7&#038;_nc_sid=f907e8&#038;_nc_ohc=SM1wRlP3lJwQ7kNvwEPuBYA&#038;_nc_oc=AdnqrjDN_BNjSSHWO-GbkIWH6fkGMLw4bqvL_NH6e2wMveX7G-rP2dAqsDSq1mJMOaY&#038;_nc_zt=24&#038;_nc_ht=scontent-gig4-1.xx&#038;_nc_gid=AoBFJeGrT1hVaew_6rchkQ&#038;oh=00_AfX7QmFGhQhG2jAllVgXCiM1ZrWgvtp80-Bfppyexh1QEg&#038;oe=689E923C\" \/>\n\t\t<meta property=\"og:image:secure_url\" content=\"https:\/\/scontent-gig4-1.xx.fbcdn.net\/v\/t39.30808-1\/270437624_4564083193639691_6907940295614233970_n.jpg?stp=dst-jpg_s200x200_tt6&#038;_nc_cat=111&#038;ccb=1-7&#038;_nc_sid=f907e8&#038;_nc_ohc=SM1wRlP3lJwQ7kNvwEPuBYA&#038;_nc_oc=AdnqrjDN_BNjSSHWO-GbkIWH6fkGMLw4bqvL_NH6e2wMveX7G-rP2dAqsDSq1mJMOaY&#038;_nc_zt=24&#038;_nc_ht=scontent-gig4-1.xx&#038;_nc_gid=AoBFJeGrT1hVaew_6rchkQ&#038;oh=00_AfX7QmFGhQhG2jAllVgXCiM1ZrWgvtp80-Bfppyexh1QEg&#038;oe=689E923C\" \/>\n\t\t<meta property=\"article:published_time\" content=\"2018-08-23T20:34:12+00:00\" \/>\n\t\t<meta property=\"article:modified_time\" content=\"2018-08-23T20:34:12+00:00\" \/>\n\t\t<meta name=\"twitter:card\" content=\"summary_large_image\" \/>\n\t\t<meta name=\"twitter:title\" content=\"Sociarte 23\/08 - A Not\u00edcia Online\" \/>\n\t\t<meta name=\"twitter:description\" content=\"Niver de Lorenzo O pequeno Lorenzo Lima Gon\u00e7alves comemorou no s\u00e1bado (11), junto com os seus papais Hiran Dias Gon\u00e7alves e Patr\u00edcia Placides de Lima Gon\u00e7alves, a chegada do seu 1\u00ba aninho de vida. A festa, que aconteceu no Quiosque da AABB, com o tema \u201cYellow Submarine\u201d, reuniu os irm\u00e3os do aniversariante: Guilherme e Laura,\" \/>\n\t\t<meta name=\"twitter:image\" content=\"https:\/\/scontent-gig4-1.xx.fbcdn.net\/v\/t39.30808-1\/270437624_4564083193639691_6907940295614233970_n.jpg?stp=dst-jpg_s200x200_tt6&amp;_nc_cat=111&amp;ccb=1-7&amp;_nc_sid=f907e8&amp;_nc_ohc=SM1wRlP3lJwQ7kNvwEPuBYA&amp;_nc_oc=AdnqrjDN_BNjSSHWO-GbkIWH6fkGMLw4bqvL_NH6e2wMveX7G-rP2dAqsDSq1mJMOaY&amp;_nc_zt=24&amp;_nc_ht=scontent-gig4-1.xx&amp;_nc_gid=AoBFJeGrT1hVaew_6rchkQ&amp;oh=00_AfX7QmFGhQhG2jAllVgXCiM1ZrWgvtp80-Bfppyexh1QEg&amp;oe=689E923C\" \/>\n\t\t<script type=\"application\/ld+json\" class=\"aioseo-schema\">\n\t\t\t{\"@context\":\"https:\\\/\\\/schema.org\",\"@graph\":[{\"@type\":\"BlogPosting\",\"@id\":\"https:\\\/\\\/anoticiaonline.com.br\\\/site\\\/sociarte-23-08\\\/#blogposting\",\"name\":\"Sociarte 23\\\/08 - A Not\\u00edcia Online\",\"headline\":\"Sociarte 23\\\/08\",\"author\":{\"@id\":\"https:\\\/\\\/anoticiaonline.com.br\\\/site\\\/author\\\/juliana\\\/#author\"},\"publisher\":{\"@id\":\"https:\\\/\\\/anoticiaonline.com.br\\\/site\\\/#organization\"},\"image\":{\"@type\":\"ImageObject\",\"url\":\"https:\\\/\\\/anoticiaonline.com.br\\\/site\\\/wp-content\\\/uploads\\\/2018\\\/08\\\/Niver-de-Lorenzo.jpg\",\"@id\":\"https:\\\/\\\/anoticiaonline.com.br\\\/site\\\/sociarte-23-08\\\/#articleImage\",\"width\":800,\"height\":534},\"datePublished\":\"2018-08-23T17:34:12-03:00\",\"dateModified\":\"2018-08-23T17:34:12-03:00\",\"inLanguage\":\"pt-BR\",\"mainEntityOfPage\":{\"@id\":\"https:\\\/\\\/anoticiaonline.com.br\\\/site\\\/sociarte-23-08\\\/#webpage\"},\"isPartOf\":{\"@id\":\"https:\\\/\\\/anoticiaonline.com.br\\\/site\\\/sociarte-23-08\\\/#webpage\"},\"articleSection\":\"Sociarte\"},{\"@type\":\"BreadcrumbList\",\"@id\":\"https:\\\/\\\/anoticiaonline.com.br\\\/site\\\/sociarte-23-08\\\/#breadcrumblist\",\"itemListElement\":[{\"@type\":\"ListItem\",\"@id\":\"https:\\\/\\\/anoticiaonline.com.br\\\/site#listItem\",\"position\":1,\"name\":\"Home\",\"item\":\"https:\\\/\\\/anoticiaonline.com.br\\\/site\",\"nextItem\":{\"@type\":\"ListItem\",\"@id\":\"https:\\\/\\\/anoticiaonline.com.br\\\/site\\\/categoria\\\/colunistas\\\/#listItem\",\"name\":\"Colunistas\"}},{\"@type\":\"ListItem\",\"@id\":\"https:\\\/\\\/anoticiaonline.com.br\\\/site\\\/categoria\\\/colunistas\\\/#listItem\",\"position\":2,\"name\":\"Colunistas\",\"item\":\"https:\\\/\\\/anoticiaonline.com.br\\\/site\\\/categoria\\\/colunistas\\\/\",\"nextItem\":{\"@type\":\"ListItem\",\"@id\":\"https:\\\/\\\/anoticiaonline.com.br\\\/site\\\/categoria\\\/colunistas\\\/sociarte\\\/#listItem\",\"name\":\"Sociarte\"},\"previousItem\":{\"@type\":\"ListItem\",\"@id\":\"https:\\\/\\\/anoticiaonline.com.br\\\/site#listItem\",\"name\":\"Home\"}},{\"@type\":\"ListItem\",\"@id\":\"https:\\\/\\\/anoticiaonline.com.br\\\/site\\\/categoria\\\/colunistas\\\/sociarte\\\/#listItem\",\"position\":3,\"name\":\"Sociarte\",\"item\":\"https:\\\/\\\/anoticiaonline.com.br\\\/site\\\/categoria\\\/colunistas\\\/sociarte\\\/\",\"nextItem\":{\"@type\":\"ListItem\",\"@id\":\"https:\\\/\\\/anoticiaonline.com.br\\\/site\\\/sociarte-23-08\\\/#listItem\",\"name\":\"Sociarte 23\\\/08\"},\"previousItem\":{\"@type\":\"ListItem\",\"@id\":\"https:\\\/\\\/anoticiaonline.com.br\\\/site\\\/categoria\\\/colunistas\\\/#listItem\",\"name\":\"Colunistas\"}},{\"@type\":\"ListItem\",\"@id\":\"https:\\\/\\\/anoticiaonline.com.br\\\/site\\\/sociarte-23-08\\\/#listItem\",\"position\":4,\"name\":\"Sociarte 23\\\/08\",\"previousItem\":{\"@type\":\"ListItem\",\"@id\":\"https:\\\/\\\/anoticiaonline.com.br\\\/site\\\/categoria\\\/colunistas\\\/sociarte\\\/#listItem\",\"name\":\"Sociarte\"}}]},{\"@type\":\"Organization\",\"@id\":\"https:\\\/\\\/anoticiaonline.com.br\\\/site\\\/#organization\",\"name\":\"A Not\\u00edcia Online\",\"description\":\"Noticias de Muria\\u00e9 e regi\\u00e3o\",\"url\":\"https:\\\/\\\/anoticiaonline.com.br\\\/site\\\/\",\"logo\":{\"@type\":\"ImageObject\",\"url\":\"https:\\\/\\\/scontent-gig4-1.xx.fbcdn.net\\\/v\\\/t39.30808-1\\\/270437624_4564083193639691_6907940295614233970_n.jpg?stp=dst-jpg_s200x200_tt6&_nc_cat=111&ccb=1-7&_nc_sid=f907e8&_nc_ohc=SM1wRlP3lJwQ7kNvwEPuBYA&_nc_oc=AdnqrjDN_BNjSSHWO-GbkIWH6fkGMLw4bqvL_NH6e2wMveX7G-rP2dAqsDSq1mJMOaY&_nc_zt=24&_nc_ht=scontent-gig4-1.xx&_nc_gid=AoBFJeGrT1hVaew_6rchkQ&oh=00_AfX7QmFGhQhG2jAllVgXCiM1ZrWgvtp80-Bfppyexh1QEg&oe=689E923C\",\"@id\":\"https:\\\/\\\/anoticiaonline.com.br\\\/site\\\/sociarte-23-08\\\/#organizationLogo\"},\"image\":{\"@id\":\"https:\\\/\\\/anoticiaonline.com.br\\\/site\\\/sociarte-23-08\\\/#organizationLogo\"}},{\"@type\":\"Person\",\"@id\":\"https:\\\/\\\/anoticiaonline.com.br\\\/site\\\/author\\\/juliana\\\/#author\",\"url\":\"https:\\\/\\\/anoticiaonline.com.br\\\/site\\\/author\\\/juliana\\\/\",\"name\":\"Juliana Laviola\",\"image\":{\"@type\":\"ImageObject\",\"@id\":\"https:\\\/\\\/anoticiaonline.com.br\\\/site\\\/sociarte-23-08\\\/#authorImage\",\"url\":\"https:\\\/\\\/secure.gravatar.com\\\/avatar\\\/b8d45f5c699b100dfaf0e543582f38f38bf94cb7ae3a5e9abf8d891a34773335?s=96&d=mm&r=g\",\"width\":96,\"height\":96,\"caption\":\"Juliana Laviola\"}},{\"@type\":\"WebPage\",\"@id\":\"https:\\\/\\\/anoticiaonline.com.br\\\/site\\\/sociarte-23-08\\\/#webpage\",\"url\":\"https:\\\/\\\/anoticiaonline.com.br\\\/site\\\/sociarte-23-08\\\/\",\"name\":\"Sociarte 23\\\/08 - A Not\\u00edcia Online\",\"description\":\"Niver de Lorenzo O pequeno Lorenzo Lima Gon\\u00e7alves comemorou no s\\u00e1bado (11), junto com os seus papais Hiran Dias Gon\\u00e7alves e Patr\\u00edcia Placides de Lima Gon\\u00e7alves, a chegada do seu 1\\u00ba aninho de vida. A festa, que aconteceu no Quiosque da AABB, com o tema \\u201cYellow Submarine\\u201d, reuniu os irm\\u00e3os do aniversariante: Guilherme e Laura,\",\"inLanguage\":\"pt-BR\",\"isPartOf\":{\"@id\":\"https:\\\/\\\/anoticiaonline.com.br\\\/site\\\/#website\"},\"breadcrumb\":{\"@id\":\"https:\\\/\\\/anoticiaonline.com.br\\\/site\\\/sociarte-23-08\\\/#breadcrumblist\"},\"author\":{\"@id\":\"https:\\\/\\\/anoticiaonline.com.br\\\/site\\\/author\\\/juliana\\\/#author\"},\"creator\":{\"@id\":\"https:\\\/\\\/anoticiaonline.com.br\\\/site\\\/author\\\/juliana\\\/#author\"},\"datePublished\":\"2018-08-23T17:34:12-03:00\",\"dateModified\":\"2018-08-23T17:34:12-03:00\"},{\"@type\":\"WebSite\",\"@id\":\"https:\\\/\\\/anoticiaonline.com.br\\\/site\\\/#website\",\"url\":\"https:\\\/\\\/anoticiaonline.com.br\\\/site\\\/\",\"name\":\"A Not\\u00edcia Online\",\"description\":\"Noticias de Muria\\u00e9 e regi\\u00e3o\",\"inLanguage\":\"pt-BR\",\"publisher\":{\"@id\":\"https:\\\/\\\/anoticiaonline.com.br\\\/site\\\/#organization\"}}]}\n\t\t<\/script>\n\t\t<!-- All in One SEO -->\n\n","aioseo_head_json":{"title":"Sociarte 23\/08 - A Not\u00edcia Online","description":"Niver de Lorenzo O pequeno Lorenzo Lima Gon\u00e7alves comemorou no s\u00e1bado (11), junto com os seus papais Hiran Dias Gon\u00e7alves e Patr\u00edcia Placides de Lima Gon\u00e7alves, a chegada do seu 1\u00ba aninho de vida. A festa, que aconteceu no Quiosque da AABB, com o tema \u201cYellow Submarine\u201d, reuniu os irm\u00e3os do aniversariante: Guilherme e Laura,","canonical_url":"https:\/\/anoticiaonline.com.br\/site\/sociarte-23-08\/","robots":"max-image-preview:large","keywords":"","webmasterTools":{"miscellaneous":""},"schema":{"@context":"https:\/\/schema.org","@graph":[{"@type":"BlogPosting","@id":"https:\/\/anoticiaonline.com.br\/site\/sociarte-23-08\/#blogposting","name":"Sociarte 23\/08 - A Not\u00edcia Online","headline":"Sociarte 23\/08","author":{"@id":"https:\/\/anoticiaonline.com.br\/site\/author\/juliana\/#author"},"publisher":{"@id":"https:\/\/anoticiaonline.com.br\/site\/#organization"},"image":{"@type":"ImageObject","url":"https:\/\/anoticiaonline.com.br\/site\/wp-content\/uploads\/2018\/08\/Niver-de-Lorenzo.jpg","@id":"https:\/\/anoticiaonline.com.br\/site\/sociarte-23-08\/#articleImage","width":800,"height":534},"datePublished":"2018-08-23T17:34:12-03:00","dateModified":"2018-08-23T17:34:12-03:00","inLanguage":"pt-BR","mainEntityOfPage":{"@id":"https:\/\/anoticiaonline.com.br\/site\/sociarte-23-08\/#webpage"},"isPartOf":{"@id":"https:\/\/anoticiaonline.com.br\/site\/sociarte-23-08\/#webpage"},"articleSection":"Sociarte"},{"@type":"BreadcrumbList","@id":"https:\/\/anoticiaonline.com.br\/site\/sociarte-23-08\/#breadcrumblist","itemListElement":[{"@type":"ListItem","@id":"https:\/\/anoticiaonline.com.br\/site#listItem","position":1,"name":"Home","item":"https:\/\/anoticiaonline.com.br\/site","nextItem":{"@type":"ListItem","@id":"https:\/\/anoticiaonline.com.br\/site\/categoria\/colunistas\/#listItem","name":"Colunistas"}},{"@type":"ListItem","@id":"https:\/\/anoticiaonline.com.br\/site\/categoria\/colunistas\/#listItem","position":2,"name":"Colunistas","item":"https:\/\/anoticiaonline.com.br\/site\/categoria\/colunistas\/","nextItem":{"@type":"ListItem","@id":"https:\/\/anoticiaonline.com.br\/site\/categoria\/colunistas\/sociarte\/#listItem","name":"Sociarte"},"previousItem":{"@type":"ListItem","@id":"https:\/\/anoticiaonline.com.br\/site#listItem","name":"Home"}},{"@type":"ListItem","@id":"https:\/\/anoticiaonline.com.br\/site\/categoria\/colunistas\/sociarte\/#listItem","position":3,"name":"Sociarte","item":"https:\/\/anoticiaonline.com.br\/site\/categoria\/colunistas\/sociarte\/","nextItem":{"@type":"ListItem","@id":"https:\/\/anoticiaonline.com.br\/site\/sociarte-23-08\/#listItem","name":"Sociarte 23\/08"},"previousItem":{"@type":"ListItem","@id":"https:\/\/anoticiaonline.com.br\/site\/categoria\/colunistas\/#listItem","name":"Colunistas"}},{"@type":"ListItem","@id":"https:\/\/anoticiaonline.com.br\/site\/sociarte-23-08\/#listItem","position":4,"name":"Sociarte 23\/08","previousItem":{"@type":"ListItem","@id":"https:\/\/anoticiaonline.com.br\/site\/categoria\/colunistas\/sociarte\/#listItem","name":"Sociarte"}}]},{"@type":"Organization","@id":"https:\/\/anoticiaonline.com.br\/site\/#organization","name":"A Not\u00edcia Online","description":"Noticias de Muria\u00e9 e regi\u00e3o","url":"https:\/\/anoticiaonline.com.br\/site\/","logo":{"@type":"ImageObject","url":"https:\/\/scontent-gig4-1.xx.fbcdn.net\/v\/t39.30808-1\/270437624_4564083193639691_6907940295614233970_n.jpg?stp=dst-jpg_s200x200_tt6&_nc_cat=111&ccb=1-7&_nc_sid=f907e8&_nc_ohc=SM1wRlP3lJwQ7kNvwEPuBYA&_nc_oc=AdnqrjDN_BNjSSHWO-GbkIWH6fkGMLw4bqvL_NH6e2wMveX7G-rP2dAqsDSq1mJMOaY&_nc_zt=24&_nc_ht=scontent-gig4-1.xx&_nc_gid=AoBFJeGrT1hVaew_6rchkQ&oh=00_AfX7QmFGhQhG2jAllVgXCiM1ZrWgvtp80-Bfppyexh1QEg&oe=689E923C","@id":"https:\/\/anoticiaonline.com.br\/site\/sociarte-23-08\/#organizationLogo"},"image":{"@id":"https:\/\/anoticiaonline.com.br\/site\/sociarte-23-08\/#organizationLogo"}},{"@type":"Person","@id":"https:\/\/anoticiaonline.com.br\/site\/author\/juliana\/#author","url":"https:\/\/anoticiaonline.com.br\/site\/author\/juliana\/","name":"Juliana Laviola","image":{"@type":"ImageObject","@id":"https:\/\/anoticiaonline.com.br\/site\/sociarte-23-08\/#authorImage","url":"https:\/\/secure.gravatar.com\/avatar\/b8d45f5c699b100dfaf0e543582f38f38bf94cb7ae3a5e9abf8d891a34773335?s=96&d=mm&r=g","width":96,"height":96,"caption":"Juliana Laviola"}},{"@type":"WebPage","@id":"https:\/\/anoticiaonline.com.br\/site\/sociarte-23-08\/#webpage","url":"https:\/\/anoticiaonline.com.br\/site\/sociarte-23-08\/","name":"Sociarte 23\/08 - A Not\u00edcia Online","description":"Niver de Lorenzo O pequeno Lorenzo Lima Gon\u00e7alves comemorou no s\u00e1bado (11), junto com os seus papais Hiran Dias Gon\u00e7alves e Patr\u00edcia Placides de Lima Gon\u00e7alves, a chegada do seu 1\u00ba aninho de vida. A festa, que aconteceu no Quiosque da AABB, com o tema \u201cYellow Submarine\u201d, reuniu os irm\u00e3os do aniversariante: Guilherme e Laura,","inLanguage":"pt-BR","isPartOf":{"@id":"https:\/\/anoticiaonline.com.br\/site\/#website"},"breadcrumb":{"@id":"https:\/\/anoticiaonline.com.br\/site\/sociarte-23-08\/#breadcrumblist"},"author":{"@id":"https:\/\/anoticiaonline.com.br\/site\/author\/juliana\/#author"},"creator":{"@id":"https:\/\/anoticiaonline.com.br\/site\/author\/juliana\/#author"},"datePublished":"2018-08-23T17:34:12-03:00","dateModified":"2018-08-23T17:34:12-03:00"},{"@type":"WebSite","@id":"https:\/\/anoticiaonline.com.br\/site\/#website","url":"https:\/\/anoticiaonline.com.br\/site\/","name":"A Not\u00edcia Online","description":"Noticias de Muria\u00e9 e regi\u00e3o","inLanguage":"pt-BR","publisher":{"@id":"https:\/\/anoticiaonline.com.br\/site\/#organization"}}]},"og:locale":"pt_BR","og:site_name":"A Not\u00edcia Online - Noticias de Muria\u00e9 e regi\u00e3o","og:type":"article","og:title":"Sociarte 23\/08 - A Not\u00edcia Online","og:description":"Niver de Lorenzo O pequeno Lorenzo Lima Gon\u00e7alves comemorou no s\u00e1bado (11), junto com os seus papais Hiran Dias Gon\u00e7alves e Patr\u00edcia Placides de Lima Gon\u00e7alves, a chegada do seu 1\u00ba aninho de vida. A festa, que aconteceu no Quiosque da AABB, com o tema \u201cYellow Submarine\u201d, reuniu os irm\u00e3os do aniversariante: Guilherme e Laura,","og:url":"https:\/\/anoticiaonline.com.br\/site\/sociarte-23-08\/","og:image":"https:\/\/scontent-gig4-1.xx.fbcdn.net\/v\/t39.30808-1\/270437624_4564083193639691_6907940295614233970_n.jpg?stp=dst-jpg_s200x200_tt6&#038;_nc_cat=111&#038;ccb=1-7&#038;_nc_sid=f907e8&#038;_nc_ohc=SM1wRlP3lJwQ7kNvwEPuBYA&#038;_nc_oc=AdnqrjDN_BNjSSHWO-GbkIWH6fkGMLw4bqvL_NH6e2wMveX7G-rP2dAqsDSq1mJMOaY&#038;_nc_zt=24&#038;_nc_ht=scontent-gig4-1.xx&#038;_nc_gid=AoBFJeGrT1hVaew_6rchkQ&#038;oh=00_AfX7QmFGhQhG2jAllVgXCiM1ZrWgvtp80-Bfppyexh1QEg&#038;oe=689E923C","og:image:secure_url":"https:\/\/scontent-gig4-1.xx.fbcdn.net\/v\/t39.30808-1\/270437624_4564083193639691_6907940295614233970_n.jpg?stp=dst-jpg_s200x200_tt6&#038;_nc_cat=111&#038;ccb=1-7&#038;_nc_sid=f907e8&#038;_nc_ohc=SM1wRlP3lJwQ7kNvwEPuBYA&#038;_nc_oc=AdnqrjDN_BNjSSHWO-GbkIWH6fkGMLw4bqvL_NH6e2wMveX7G-rP2dAqsDSq1mJMOaY&#038;_nc_zt=24&#038;_nc_ht=scontent-gig4-1.xx&#038;_nc_gid=AoBFJeGrT1hVaew_6rchkQ&#038;oh=00_AfX7QmFGhQhG2jAllVgXCiM1ZrWgvtp80-Bfppyexh1QEg&#038;oe=689E923C","article:published_time":"2018-08-23T20:34:12+00:00","article:modified_time":"2018-08-23T20:34:12+00:00","twitter:card":"summary_large_image","twitter:title":"Sociarte 23\/08 - A Not\u00edcia Online","twitter:description":"Niver de Lorenzo O pequeno Lorenzo Lima Gon\u00e7alves comemorou no s\u00e1bado (11), junto com os seus papais Hiran Dias Gon\u00e7alves e Patr\u00edcia Placides de Lima Gon\u00e7alves, a chegada do seu 1\u00ba aninho de vida. A festa, que aconteceu no Quiosque da AABB, com o tema \u201cYellow Submarine\u201d, reuniu os irm\u00e3os do aniversariante: Guilherme e Laura,","twitter:image":"https:\/\/scontent-gig4-1.xx.fbcdn.net\/v\/t39.30808-1\/270437624_4564083193639691_6907940295614233970_n.jpg?stp=dst-jpg_s200x200_tt6&_nc_cat=111&ccb=1-7&_nc_sid=f907e8&_nc_ohc=SM1wRlP3lJwQ7kNvwEPuBYA&_nc_oc=AdnqrjDN_BNjSSHWO-GbkIWH6fkGMLw4bqvL_NH6e2wMveX7G-rP2dAqsDSq1mJMOaY&_nc_zt=24&_nc_ht=scontent-gig4-1.xx&_nc_gid=AoBFJeGrT1hVaew_6rchkQ&oh=00_AfX7QmFGhQhG2jAllVgXCiM1ZrWgvtp80-Bfppyexh1QEg&oe=689E923C"},"aioseo_meta_data":{"post_id":"60463","title":null,"description":null,"keywords":null,"keyphrases":null,"primary_term":null,"canonical_url":null,"og_title":null,"og_description":null,"og_object_type":"default","og_image_type":"default","og_image_url":null,"og_image_width":null,"og_image_height":null,"og_image_custom_url":null,"og_image_custom_fields":null,"og_video":null,"og_custom_url":null,"og_article_section":null,"og_article_tags":null,"twitter_use_og":false,"twitter_card":"default","twitter_image_type":"default","twitter_image_url":null,"twitter_image_custom_url":null,"twitter_image_custom_fields":null,"twitter_title":null,"twitter_description":null,"schema":{"blockGraphs":[],"customGraphs":[],"default":{"data":{"Article":[],"Course":[],"Dataset":[],"FAQPage":[],"Movie":[],"Person":[],"Product":[],"ProductReview":[],"Car":[],"Recipe":[],"Service":[],"SoftwareApplication":[],"WebPage":[]},"graphName":"","isEnabled":true},"graphs":[]},"schema_type":"default","schema_type_options":null,"pillar_content":false,"robots_default":true,"robots_noindex":false,"robots_noarchive":false,"robots_nosnippet":false,"robots_nofollow":false,"robots_noimageindex":false,"robots_noodp":false,"robots_notranslate":false,"robots_max_snippet":null,"robots_max_videopreview":null,"robots_max_imagepreview":"large","priority":null,"frequency":null,"local_seo":null,"breadcrumb_settings":null,"limit_modified_date":false,"ai":null,"created":"2025-08-16 21:28:48","updated":"2025-08-16 21:28:48","focus_keyword":null,"additional_keywords":null,"truseo_locale":null,"seo_analyzer_scan_date":null},"aioseo_breadcrumb":"<div class=\"aioseo-breadcrumbs\"><span class=\"aioseo-breadcrumb\">\n\t\t\t<a href=\"https:\/\/anoticiaonline.com.br\/site\" title=\"Home\">Home<\/a>\n\t\t<\/span><span class=\"aioseo-breadcrumb-separator\">&raquo;<\/span><span class=\"aioseo-breadcrumb\">\n\t\t\t<a href=\"https:\/\/anoticiaonline.com.br\/site\/categoria\/colunistas\/\" title=\"Colunistas\">Colunistas<\/a>\n\t\t<\/span><span class=\"aioseo-breadcrumb-separator\">&raquo;<\/span><span class=\"aioseo-breadcrumb\">\n\t\t\t<a href=\"https:\/\/anoticiaonline.com.br\/site\/categoria\/colunistas\/sociarte\/\" title=\"Sociarte\">Sociarte<\/a>\n\t\t<\/span><span class=\"aioseo-breadcrumb-separator\">&raquo;<\/span><span class=\"aioseo-breadcrumb\">\n\t\t\tSociarte 23\/08\n\t\t<\/span><\/div>","aioseo_breadcrumb_json":[{"label":"Home","link":"https:\/\/anoticiaonline.com.br\/site"},{"label":"Colunistas","link":"https:\/\/anoticiaonline.com.br\/site\/categoria\/colunistas\/"},{"label":"Sociarte","link":"https:\/\/anoticiaonline.com.br\/site\/categoria\/colunistas\/sociarte\/"},{"label":"Sociarte 23\/08","link":"https:\/\/anoticiaonline.com.br\/site\/sociarte-23-08\/"}],"views":158,"_links":{"self":[{"href":"https:\/\/anoticiaonline.com.br\/site\/wp-json\/wp\/v2\/posts\/60463","targetHints":{"allow":["GET"]}}],"collection":[{"href":"https:\/\/anoticiaonline.com.br\/site\/wp-json\/wp\/v2\/posts"}],"about":[{"href":"https:\/\/anoticiaonline.com.br\/site\/wp-json\/wp\/v2\/types\/post"}],"author":[{"embeddable":true,"href":"https:\/\/anoticiaonline.com.br\/site\/wp-json\/wp\/v2\/users\/2"}],"replies":[{"embeddable":true,"href":"https:\/\/anoticiaonline.com.br\/site\/wp-json\/wp\/v2\/comments?post=60463"}],"version-history":[{"count":0,"href":"https:\/\/anoticiaonline.com.br\/site\/wp-json\/wp\/v2\/posts\/60463\/revisions"}],"wp:attachment":[{"href":"https:\/\/anoticiaonline.com.br\/site\/wp-json\/wp\/v2\/media?parent=60463"}],"wp:term":[{"taxonomy":"category","embeddable":true,"href":"https:\/\/anoticiaonline.com.br\/site\/wp-json\/wp\/v2\/categories?post=60463"},{"taxonomy":"post_tag","embeddable":true,"href":"https:\/\/anoticiaonline.com.br\/site\/wp-json\/wp\/v2\/tags?post=60463"}],"curies":[{"name":"wp","href":"https:\/\/api.w.org\/{rel}","templated":true}]}}