{"id":60319,"date":"2018-08-22T16:04:22","date_gmt":"2018-08-22T19:04:22","guid":{"rendered":"http:\/\/anoticiaonline.com.br\/site\/?p=60319"},"modified":"2018-08-23T17:59:29","modified_gmt":"2018-08-23T20:59:29","slug":"feijoada-beneficente-e-realizada-em-prol-do-gremio-recreativo-unidos-do-santa-terezinha","status":"publish","type":"post","link":"https:\/\/anoticiaonline.com.br\/site\/feijoada-beneficente-e-realizada-em-prol-do-gremio-recreativo-unidos-do-santa-terezinha\/","title":{"rendered":"Feijoada Beneficente \u00e9 realizada em prol do Gr\u00eamio Recreativo Unidos do Santa Terezinha"},"content":{"rendered":"<p><a href=\"https:\/\/anoticiaonline.com.br\/site\/wp-content\/uploads\/2018\/08\/Feijoada-Beneficente-\u00e9-realizada-em-prol-do-Gr\u00eamio-Recreativo-Unidos-do-Santa-Terezinha.jpg\"><img fetchpriority=\"high\" decoding=\"async\" class=\"alignnone size-full wp-image-60320\" src=\"https:\/\/anoticiaonline.com.br\/site\/wp-content\/uploads\/2018\/08\/Feijoada-Beneficente-\u00e9-realizada-em-prol-do-Gr\u00eamio-Recreativo-Unidos-do-Santa-Terezinha.jpg\" alt=\"\" width=\"800\" height=\"533\" srcset=\"https:\/\/anoticiaonline.com.br\/site\/wp-content\/uploads\/2018\/08\/Feijoada-Beneficente-\u00e9-realizada-em-prol-do-Gr\u00eamio-Recreativo-Unidos-do-Santa-Terezinha.jpg 800w, https:\/\/anoticiaonline.com.br\/site\/wp-content\/uploads\/2018\/08\/Feijoada-Beneficente-\u00e9-realizada-em-prol-do-Gr\u00eamio-Recreativo-Unidos-do-Santa-Terezinha-300x200.jpg 300w, https:\/\/anoticiaonline.com.br\/site\/wp-content\/uploads\/2018\/08\/Feijoada-Beneficente-\u00e9-realizada-em-prol-do-Gr\u00eamio-Recreativo-Unidos-do-Santa-Terezinha-768x512.jpg 768w\" sizes=\"(max-width: 800px) 100vw, 800px\" \/><\/a><\/p>\n<p>No \u00faltimo domingo (19), o p\u00fablico saboreou uma deliciosa feijoada, curtiu uma boa m\u00fasica e ajudou o Gr\u00eamio Recreativo Unidos do Santa Terezinha.<\/p>\n<p>O evento beneficente, que teve como objetivo arrecadar fundos para contribuir com desenvolvimento de projetos sociais\u00a0da institui\u00e7\u00e3o, contou com animado show do Grupo Puro Astral e bingos, que aconteceram no sal\u00e3o de festa da Igreja Cat\u00f3lica do Bairro Santa Terezinha.<\/p>\n<p>Paulo Magalh\u00e3es, que faz parte da diretoria de Harmonia do Unidos do Santa Terezinha, disse que os eventos realizados para angariar recursos para a institui\u00e7\u00e3o sempre t\u00eam o apoio da comunidade. \u201cCom os recursos arrecadados tamb\u00e9m fazemos manuten\u00e7\u00e3o dos instrumentos da bateria da Escola de Samba, confec\u00e7\u00e3o de fantasias para o carnaval e pagamos as despesas da sede\u201d, conta.<\/p>\n<p>Gisele de Oliveira, vice-presidente do Gr\u00eamio Recreativo Unidos do Santa Terezinha, disse que os recursos arrecadados tamb\u00e9m servir\u00e3o para o pagamento de d\u00edvidas. \u201cA institui\u00e7\u00e3o est\u00e1 em d\u00e9bito e, por isso, pedimos ajuda de todos. Com o apoio da comunidade, temos certeza de que faremos bonito novamente no carnaval de 2019\u201d, diz.<\/p>\n<p>Euler Silva, vocalista do Grupo Puro Astral, disse que foi uma honra participar da Feijoada Beneficente. \u201cOs integrantes do Grupo Puro Astral s\u00e3o do bairro e, por isso, temos o imenso prazer em ajudar o Gr\u00eamio a crescer juntamente com os projetos sociais realizados por ele\u201d, conta.<\/p>\n<p>No carnaval de 2018, a escola, que possui mais de 185 componentes, contou a hist\u00f3ria da R\u00e1dio Muria\u00e9, que completou 75 anos de exist\u00eancia.<\/p>\n<p><a href=\"https:\/\/anoticiaonline.com.br\/site\/wp-content\/uploads\/2018\/08\/Feijoada-Beneficente-\u00e9-realizada-em-prol-do-Gr\u00eamio-Recreativo-Unidos-do-Santa-Terezinha-4.jpg\"><img decoding=\"async\" class=\"alignnone size-full wp-image-60321\" src=\"https:\/\/anoticiaonline.com.br\/site\/wp-content\/uploads\/2018\/08\/Feijoada-Beneficente-\u00e9-realizada-em-prol-do-Gr\u00eamio-Recreativo-Unidos-do-Santa-Terezinha-4.jpg\" alt=\"\" width=\"800\" height=\"533\" srcset=\"https:\/\/anoticiaonline.com.br\/site\/wp-content\/uploads\/2018\/08\/Feijoada-Beneficente-\u00e9-realizada-em-prol-do-Gr\u00eamio-Recreativo-Unidos-do-Santa-Terezinha-4.jpg 800w, https:\/\/anoticiaonline.com.br\/site\/wp-content\/uploads\/2018\/08\/Feijoada-Beneficente-\u00e9-realizada-em-prol-do-Gr\u00eamio-Recreativo-Unidos-do-Santa-Terezinha-4-300x200.jpg 300w, https:\/\/anoticiaonline.com.br\/site\/wp-content\/uploads\/2018\/08\/Feijoada-Beneficente-\u00e9-realizada-em-prol-do-Gr\u00eamio-Recreativo-Unidos-do-Santa-Terezinha-4-768x512.jpg 768w\" sizes=\"(max-width: 800px) 100vw, 800px\" \/><\/a> <a href=\"https:\/\/anoticiaonline.com.br\/site\/wp-content\/uploads\/2018\/08\/Feijoada-Beneficente-\u00e9-realizada-em-prol-do-Gr\u00eamio-Recreativo-Unidos-do-Santa-Terezinha-2.jpg\"><img decoding=\"async\" class=\"alignnone size-full wp-image-60322\" src=\"https:\/\/anoticiaonline.com.br\/site\/wp-content\/uploads\/2018\/08\/Feijoada-Beneficente-\u00e9-realizada-em-prol-do-Gr\u00eamio-Recreativo-Unidos-do-Santa-Terezinha-2.jpg\" alt=\"\" width=\"800\" height=\"533\" srcset=\"https:\/\/anoticiaonline.com.br\/site\/wp-content\/uploads\/2018\/08\/Feijoada-Beneficente-\u00e9-realizada-em-prol-do-Gr\u00eamio-Recreativo-Unidos-do-Santa-Terezinha-2.jpg 800w, https:\/\/anoticiaonline.com.br\/site\/wp-content\/uploads\/2018\/08\/Feijoada-Beneficente-\u00e9-realizada-em-prol-do-Gr\u00eamio-Recreativo-Unidos-do-Santa-Terezinha-2-300x200.jpg 300w, https:\/\/anoticiaonline.com.br\/site\/wp-content\/uploads\/2018\/08\/Feijoada-Beneficente-\u00e9-realizada-em-prol-do-Gr\u00eamio-Recreativo-Unidos-do-Santa-Terezinha-2-768x512.jpg 768w\" sizes=\"(max-width: 800px) 100vw, 800px\" \/><\/a> <a href=\"https:\/\/anoticiaonline.com.br\/site\/wp-content\/uploads\/2018\/08\/Feijoada-Beneficente-\u00e9-realizada-em-prol-do-Gr\u00eamio-Recreativo-Unidos-do-Santa-Terezinha-3.jpg\"><img loading=\"lazy\" decoding=\"async\" class=\"alignnone size-full wp-image-60323\" src=\"https:\/\/anoticiaonline.com.br\/site\/wp-content\/uploads\/2018\/08\/Feijoada-Beneficente-\u00e9-realizada-em-prol-do-Gr\u00eamio-Recreativo-Unidos-do-Santa-Terezinha-3.jpg\" alt=\"\" width=\"800\" height=\"533\" srcset=\"https:\/\/anoticiaonline.com.br\/site\/wp-content\/uploads\/2018\/08\/Feijoada-Beneficente-\u00e9-realizada-em-prol-do-Gr\u00eamio-Recreativo-Unidos-do-Santa-Terezinha-3.jpg 800w, https:\/\/anoticiaonline.com.br\/site\/wp-content\/uploads\/2018\/08\/Feijoada-Beneficente-\u00e9-realizada-em-prol-do-Gr\u00eamio-Recreativo-Unidos-do-Santa-Terezinha-3-300x200.jpg 300w, https:\/\/anoticiaonline.com.br\/site\/wp-content\/uploads\/2018\/08\/Feijoada-Beneficente-\u00e9-realizada-em-prol-do-Gr\u00eamio-Recreativo-Unidos-do-Santa-Terezinha-3-768x512.jpg 768w\" sizes=\"(max-width: 800px) 100vw, 800px\" \/><\/a><\/p>\n","protected":false},"excerpt":{"rendered":"<p>No \u00faltimo domingo (19), o p\u00fablico saboreou uma deliciosa feijoada, curtiu uma boa m\u00fasica e ajudou o Gr\u00eamio Recreativo Unidos do Santa Terezinha. O evento beneficente, que teve como objetivo arrecadar fundos para contribuir com desenvolvimento de projetos sociais\u00a0da institui\u00e7\u00e3o, contou com animado show do Grupo Puro Astral e bingos, que aconteceram no sal\u00e3o de &#8230; <a title=\"Feijoada Beneficente \u00e9 realizada em prol do Gr\u00eamio Recreativo Unidos do Santa Terezinha\" class=\"read-more\" href=\"https:\/\/anoticiaonline.com.br\/site\/feijoada-beneficente-e-realizada-em-prol-do-gremio-recreativo-unidos-do-santa-terezinha\/\" aria-label=\"Read more about Feijoada Beneficente \u00e9 realizada em prol do Gr\u00eamio Recreativo Unidos do Santa Terezinha\">Ler mais<\/a><\/p>\n","protected":false},"author":2,"featured_media":60320,"comment_status":"open","ping_status":"open","sticky":false,"template":"","format":"standard","meta":{"_acf_changed":false,"_monsterinsights_skip_tracking":false,"footnotes":""},"categories":[30,2893,19],"tags":[218,26,74,27],"class_list":["post-60319","post","type-post","status-publish","format-standard","has-post-thumbnail","hentry","category-muriae","category-cotidiano","category-cultura","tag-evento","tag-feijoada","tag-muriae","tag-solidariedade"],"acf":[],"aioseo_notices":[],"aioseo_head":"\n\t\t<!-- All in One SEO 5.0.0.1 - aioseo.com -->\n\t<meta name=\"description\" content=\"No \u00faltimo domingo (19), o p\u00fablico saboreou uma deliciosa feijoada, curtiu uma boa m\u00fasica e ajudou o Gr\u00eamio Recreativo Unidos do Santa Terezinha. O evento beneficente, que teve como objetivo arrecadar fundos para contribuir com desenvolvimento de projetos sociais da institui\u00e7\u00e3o, contou com animado show do Grupo Puro Astral e bingos, que aconteceram no sal\u00e3o de\" \/>\n\t<meta name=\"robots\" content=\"max-image-preview:large\" \/>\n\t<meta name=\"author\" content=\"Juliana Laviola\"\/>\n\t<link rel=\"canonical\" href=\"https:\/\/anoticiaonline.com.br\/site\/feijoada-beneficente-e-realizada-em-prol-do-gremio-recreativo-unidos-do-santa-terezinha\/\" \/>\n\t<meta name=\"generator\" content=\"All in One SEO (AIOSEO) 5.0.0.1\" \/>\n\t\t<meta property=\"og:locale\" content=\"pt_BR\" \/>\n\t\t<meta property=\"og:site_name\" content=\"A Not\u00edcia Online - Noticias de Muria\u00e9 e regi\u00e3o\" \/>\n\t\t<meta property=\"og:type\" content=\"article\" \/>\n\t\t<meta property=\"og:title\" content=\"Feijoada Beneficente \u00e9 realizada em prol do Gr\u00eamio Recreativo Unidos do Santa Terezinha - A Not\u00edcia Online\" \/>\n\t\t<meta property=\"og:description\" content=\"No \u00faltimo domingo (19), o p\u00fablico saboreou uma deliciosa feijoada, curtiu uma boa m\u00fasica e ajudou o Gr\u00eamio Recreativo Unidos do Santa Terezinha. O evento beneficente, que teve como objetivo arrecadar fundos para contribuir com desenvolvimento de projetos sociais da institui\u00e7\u00e3o, contou com animado show do Grupo Puro Astral e bingos, que aconteceram no sal\u00e3o de\" \/>\n\t\t<meta property=\"og:url\" content=\"https:\/\/anoticiaonline.com.br\/site\/feijoada-beneficente-e-realizada-em-prol-do-gremio-recreativo-unidos-do-santa-terezinha\/\" \/>\n\t\t<meta property=\"og:image\" content=\"https:\/\/scontent-gig4-1.xx.fbcdn.net\/v\/t39.30808-1\/270437624_4564083193639691_6907940295614233970_n.jpg?stp=dst-jpg_s200x200_tt6&#038;_nc_cat=111&#038;ccb=1-7&#038;_nc_sid=f907e8&#038;_nc_ohc=SM1wRlP3lJwQ7kNvwEPuBYA&#038;_nc_oc=AdnqrjDN_BNjSSHWO-GbkIWH6fkGMLw4bqvL_NH6e2wMveX7G-rP2dAqsDSq1mJMOaY&#038;_nc_zt=24&#038;_nc_ht=scontent-gig4-1.xx&#038;_nc_gid=AoBFJeGrT1hVaew_6rchkQ&#038;oh=00_AfX7QmFGhQhG2jAllVgXCiM1ZrWgvtp80-Bfppyexh1QEg&#038;oe=689E923C\" \/>\n\t\t<meta property=\"og:image:secure_url\" content=\"https:\/\/scontent-gig4-1.xx.fbcdn.net\/v\/t39.30808-1\/270437624_4564083193639691_6907940295614233970_n.jpg?stp=dst-jpg_s200x200_tt6&#038;_nc_cat=111&#038;ccb=1-7&#038;_nc_sid=f907e8&#038;_nc_ohc=SM1wRlP3lJwQ7kNvwEPuBYA&#038;_nc_oc=AdnqrjDN_BNjSSHWO-GbkIWH6fkGMLw4bqvL_NH6e2wMveX7G-rP2dAqsDSq1mJMOaY&#038;_nc_zt=24&#038;_nc_ht=scontent-gig4-1.xx&#038;_nc_gid=AoBFJeGrT1hVaew_6rchkQ&#038;oh=00_AfX7QmFGhQhG2jAllVgXCiM1ZrWgvtp80-Bfppyexh1QEg&#038;oe=689E923C\" \/>\n\t\t<meta property=\"article:published_time\" content=\"2018-08-22T19:04:22+00:00\" \/>\n\t\t<meta property=\"article:modified_time\" content=\"2018-08-23T20:59:29+00:00\" \/>\n\t\t<meta name=\"twitter:card\" content=\"summary_large_image\" \/>\n\t\t<meta name=\"twitter:title\" content=\"Feijoada Beneficente \u00e9 realizada em prol do Gr\u00eamio Recreativo Unidos do Santa Terezinha - A Not\u00edcia Online\" \/>\n\t\t<meta name=\"twitter:description\" content=\"No \u00faltimo domingo (19), o p\u00fablico saboreou uma deliciosa feijoada, curtiu uma boa m\u00fasica e ajudou o Gr\u00eamio Recreativo Unidos do Santa Terezinha. O evento beneficente, que teve como objetivo arrecadar fundos para contribuir com desenvolvimento de projetos sociais da institui\u00e7\u00e3o, contou com animado show do Grupo Puro Astral e bingos, que aconteceram no sal\u00e3o de\" \/>\n\t\t<meta name=\"twitter:image\" content=\"https:\/\/scontent-gig4-1.xx.fbcdn.net\/v\/t39.30808-1\/270437624_4564083193639691_6907940295614233970_n.jpg?stp=dst-jpg_s200x200_tt6&amp;_nc_cat=111&amp;ccb=1-7&amp;_nc_sid=f907e8&amp;_nc_ohc=SM1wRlP3lJwQ7kNvwEPuBYA&amp;_nc_oc=AdnqrjDN_BNjSSHWO-GbkIWH6fkGMLw4bqvL_NH6e2wMveX7G-rP2dAqsDSq1mJMOaY&amp;_nc_zt=24&amp;_nc_ht=scontent-gig4-1.xx&amp;_nc_gid=AoBFJeGrT1hVaew_6rchkQ&amp;oh=00_AfX7QmFGhQhG2jAllVgXCiM1ZrWgvtp80-Bfppyexh1QEg&amp;oe=689E923C\" \/>\n\t\t<script type=\"application\/ld+json\" class=\"aioseo-schema\">\n\t\t\t{\"@context\":\"https:\\\/\\\/schema.org\",\"@graph\":[{\"@type\":\"BlogPosting\",\"@id\":\"https:\\\/\\\/anoticiaonline.com.br\\\/site\\\/feijoada-beneficente-e-realizada-em-prol-do-gremio-recreativo-unidos-do-santa-terezinha\\\/#blogposting\",\"name\":\"Feijoada Beneficente \\u00e9 realizada em prol do Gr\\u00eamio Recreativo Unidos do Santa Terezinha - A Not\\u00edcia Online\",\"headline\":\"Feijoada Beneficente \\u00e9 realizada em prol do Gr\\u00eamio Recreativo Unidos do Santa Terezinha\",\"author\":{\"@id\":\"https:\\\/\\\/anoticiaonline.com.br\\\/site\\\/author\\\/juliana\\\/#author\"},\"publisher\":{\"@id\":\"https:\\\/\\\/anoticiaonline.com.br\\\/site\\\/#organization\"},\"image\":{\"@type\":\"ImageObject\",\"url\":\"https:\\\/\\\/anoticiaonline.com.br\\\/site\\\/wp-content\\\/uploads\\\/2018\\\/08\\\/Feijoada-Beneficente-\\u00e9-realizada-em-prol-do-Gr\\u00eamio-Recreativo-Unidos-do-Santa-Terezinha.jpg\",\"width\":800,\"height\":533},\"datePublished\":\"2018-08-22T16:04:22-03:00\",\"dateModified\":\"2018-08-23T17:59:29-03:00\",\"inLanguage\":\"pt-BR\",\"mainEntityOfPage\":{\"@id\":\"https:\\\/\\\/anoticiaonline.com.br\\\/site\\\/feijoada-beneficente-e-realizada-em-prol-do-gremio-recreativo-unidos-do-santa-terezinha\\\/#webpage\"},\"isPartOf\":{\"@id\":\"https:\\\/\\\/anoticiaonline.com.br\\\/site\\\/feijoada-beneficente-e-realizada-em-prol-do-gremio-recreativo-unidos-do-santa-terezinha\\\/#webpage\"},\"articleSection\":\"Blog, Cotidiano, Cultura, evento, Feijoada, Muria\\u00e9, Solidariedade\"},{\"@type\":\"BreadcrumbList\",\"@id\":\"https:\\\/\\\/anoticiaonline.com.br\\\/site\\\/feijoada-beneficente-e-realizada-em-prol-do-gremio-recreativo-unidos-do-santa-terezinha\\\/#breadcrumblist\",\"itemListElement\":[{\"@type\":\"ListItem\",\"@id\":\"https:\\\/\\\/anoticiaonline.com.br\\\/site#listItem\",\"position\":1,\"name\":\"Home\",\"item\":\"https:\\\/\\\/anoticiaonline.com.br\\\/site\",\"nextItem\":{\"@type\":\"ListItem\",\"@id\":\"https:\\\/\\\/anoticiaonline.com.br\\\/site\\\/categoria\\\/muriae\\\/#listItem\",\"name\":\"Blog\"}},{\"@type\":\"ListItem\",\"@id\":\"https:\\\/\\\/anoticiaonline.com.br\\\/site\\\/categoria\\\/muriae\\\/#listItem\",\"position\":2,\"name\":\"Blog\",\"item\":\"https:\\\/\\\/anoticiaonline.com.br\\\/site\\\/categoria\\\/muriae\\\/\",\"nextItem\":{\"@type\":\"ListItem\",\"@id\":\"https:\\\/\\\/anoticiaonline.com.br\\\/site\\\/categoria\\\/muriae\\\/cultura\\\/#listItem\",\"name\":\"Cultura\"},\"previousItem\":{\"@type\":\"ListItem\",\"@id\":\"https:\\\/\\\/anoticiaonline.com.br\\\/site#listItem\",\"name\":\"Home\"}},{\"@type\":\"ListItem\",\"@id\":\"https:\\\/\\\/anoticiaonline.com.br\\\/site\\\/categoria\\\/muriae\\\/cultura\\\/#listItem\",\"position\":3,\"name\":\"Cultura\",\"item\":\"https:\\\/\\\/anoticiaonline.com.br\\\/site\\\/categoria\\\/muriae\\\/cultura\\\/\",\"nextItem\":{\"@type\":\"ListItem\",\"@id\":\"https:\\\/\\\/anoticiaonline.com.br\\\/site\\\/feijoada-beneficente-e-realizada-em-prol-do-gremio-recreativo-unidos-do-santa-terezinha\\\/#listItem\",\"name\":\"Feijoada Beneficente \\u00e9 realizada em prol do Gr\\u00eamio Recreativo Unidos do Santa Terezinha\"},\"previousItem\":{\"@type\":\"ListItem\",\"@id\":\"https:\\\/\\\/anoticiaonline.com.br\\\/site\\\/categoria\\\/muriae\\\/#listItem\",\"name\":\"Blog\"}},{\"@type\":\"ListItem\",\"@id\":\"https:\\\/\\\/anoticiaonline.com.br\\\/site\\\/feijoada-beneficente-e-realizada-em-prol-do-gremio-recreativo-unidos-do-santa-terezinha\\\/#listItem\",\"position\":4,\"name\":\"Feijoada Beneficente \\u00e9 realizada em prol do Gr\\u00eamio Recreativo Unidos do Santa Terezinha\",\"previousItem\":{\"@type\":\"ListItem\",\"@id\":\"https:\\\/\\\/anoticiaonline.com.br\\\/site\\\/categoria\\\/muriae\\\/cultura\\\/#listItem\",\"name\":\"Cultura\"}}]},{\"@type\":\"Organization\",\"@id\":\"https:\\\/\\\/anoticiaonline.com.br\\\/site\\\/#organization\",\"name\":\"A Not\\u00edcia Online\",\"description\":\"Noticias de Muria\\u00e9 e regi\\u00e3o\",\"url\":\"https:\\\/\\\/anoticiaonline.com.br\\\/site\\\/\",\"logo\":{\"@type\":\"ImageObject\",\"url\":\"https:\\\/\\\/scontent-gig4-1.xx.fbcdn.net\\\/v\\\/t39.30808-1\\\/270437624_4564083193639691_6907940295614233970_n.jpg?stp=dst-jpg_s200x200_tt6&_nc_cat=111&ccb=1-7&_nc_sid=f907e8&_nc_ohc=SM1wRlP3lJwQ7kNvwEPuBYA&_nc_oc=AdnqrjDN_BNjSSHWO-GbkIWH6fkGMLw4bqvL_NH6e2wMveX7G-rP2dAqsDSq1mJMOaY&_nc_zt=24&_nc_ht=scontent-gig4-1.xx&_nc_gid=AoBFJeGrT1hVaew_6rchkQ&oh=00_AfX7QmFGhQhG2jAllVgXCiM1ZrWgvtp80-Bfppyexh1QEg&oe=689E923C\",\"@id\":\"https:\\\/\\\/anoticiaonline.com.br\\\/site\\\/feijoada-beneficente-e-realizada-em-prol-do-gremio-recreativo-unidos-do-santa-terezinha\\\/#organizationLogo\"},\"image\":{\"@id\":\"https:\\\/\\\/anoticiaonline.com.br\\\/site\\\/feijoada-beneficente-e-realizada-em-prol-do-gremio-recreativo-unidos-do-santa-terezinha\\\/#organizationLogo\"}},{\"@type\":\"Person\",\"@id\":\"https:\\\/\\\/anoticiaonline.com.br\\\/site\\\/author\\\/juliana\\\/#author\",\"url\":\"https:\\\/\\\/anoticiaonline.com.br\\\/site\\\/author\\\/juliana\\\/\",\"name\":\"Juliana Laviola\",\"image\":{\"@type\":\"ImageObject\",\"@id\":\"https:\\\/\\\/anoticiaonline.com.br\\\/site\\\/feijoada-beneficente-e-realizada-em-prol-do-gremio-recreativo-unidos-do-santa-terezinha\\\/#authorImage\",\"url\":\"https:\\\/\\\/secure.gravatar.com\\\/avatar\\\/b8d45f5c699b100dfaf0e543582f38f38bf94cb7ae3a5e9abf8d891a34773335?s=96&d=mm&r=g\",\"width\":96,\"height\":96,\"caption\":\"Juliana Laviola\"}},{\"@type\":\"WebPage\",\"@id\":\"https:\\\/\\\/anoticiaonline.com.br\\\/site\\\/feijoada-beneficente-e-realizada-em-prol-do-gremio-recreativo-unidos-do-santa-terezinha\\\/#webpage\",\"url\":\"https:\\\/\\\/anoticiaonline.com.br\\\/site\\\/feijoada-beneficente-e-realizada-em-prol-do-gremio-recreativo-unidos-do-santa-terezinha\\\/\",\"name\":\"Feijoada Beneficente \\u00e9 realizada em prol do Gr\\u00eamio Recreativo Unidos do Santa Terezinha - A Not\\u00edcia Online\",\"description\":\"No \\u00faltimo domingo (19), o p\\u00fablico saboreou uma deliciosa feijoada, curtiu uma boa m\\u00fasica e ajudou o Gr\\u00eamio Recreativo Unidos do Santa Terezinha. O evento beneficente, que teve como objetivo arrecadar fundos para contribuir com desenvolvimento de projetos sociais da institui\\u00e7\\u00e3o, contou com animado show do Grupo Puro Astral e bingos, que aconteceram no sal\\u00e3o de\",\"inLanguage\":\"pt-BR\",\"isPartOf\":{\"@id\":\"https:\\\/\\\/anoticiaonline.com.br\\\/site\\\/#website\"},\"breadcrumb\":{\"@id\":\"https:\\\/\\\/anoticiaonline.com.br\\\/site\\\/feijoada-beneficente-e-realizada-em-prol-do-gremio-recreativo-unidos-do-santa-terezinha\\\/#breadcrumblist\"},\"author\":{\"@id\":\"https:\\\/\\\/anoticiaonline.com.br\\\/site\\\/author\\\/juliana\\\/#author\"},\"creator\":{\"@id\":\"https:\\\/\\\/anoticiaonline.com.br\\\/site\\\/author\\\/juliana\\\/#author\"},\"image\":{\"@type\":\"ImageObject\",\"url\":\"https:\\\/\\\/anoticiaonline.com.br\\\/site\\\/wp-content\\\/uploads\\\/2018\\\/08\\\/Feijoada-Beneficente-\\u00e9-realizada-em-prol-do-Gr\\u00eamio-Recreativo-Unidos-do-Santa-Terezinha.jpg\",\"@id\":\"https:\\\/\\\/anoticiaonline.com.br\\\/site\\\/feijoada-beneficente-e-realizada-em-prol-do-gremio-recreativo-unidos-do-santa-terezinha\\\/#mainImage\",\"width\":800,\"height\":533},\"primaryImageOfPage\":{\"@id\":\"https:\\\/\\\/anoticiaonline.com.br\\\/site\\\/feijoada-beneficente-e-realizada-em-prol-do-gremio-recreativo-unidos-do-santa-terezinha\\\/#mainImage\"},\"datePublished\":\"2018-08-22T16:04:22-03:00\",\"dateModified\":\"2018-08-23T17:59:29-03:00\"},{\"@type\":\"WebSite\",\"@id\":\"https:\\\/\\\/anoticiaonline.com.br\\\/site\\\/#website\",\"url\":\"https:\\\/\\\/anoticiaonline.com.br\\\/site\\\/\",\"name\":\"A Not\\u00edcia Online\",\"description\":\"Noticias de Muria\\u00e9 e regi\\u00e3o\",\"inLanguage\":\"pt-BR\",\"publisher\":{\"@id\":\"https:\\\/\\\/anoticiaonline.com.br\\\/site\\\/#organization\"}}]}\n\t\t<\/script>\n\t\t<!-- All in One SEO -->\n\n","aioseo_head_json":{"title":"Feijoada Beneficente \u00e9 realizada em prol do Gr\u00eamio Recreativo Unidos do Santa Terezinha - A Not\u00edcia Online","description":"No \u00faltimo domingo (19), o p\u00fablico saboreou uma deliciosa feijoada, curtiu uma boa m\u00fasica e ajudou o Gr\u00eamio Recreativo Unidos do Santa Terezinha. O evento beneficente, que teve como objetivo arrecadar fundos para contribuir com desenvolvimento de projetos sociais da institui\u00e7\u00e3o, contou com animado show do Grupo Puro Astral e bingos, que aconteceram no sal\u00e3o de","canonical_url":"https:\/\/anoticiaonline.com.br\/site\/feijoada-beneficente-e-realizada-em-prol-do-gremio-recreativo-unidos-do-santa-terezinha\/","robots":"max-image-preview:large","keywords":"","webmasterTools":{"miscellaneous":""},"schema":{"@context":"https:\/\/schema.org","@graph":[{"@type":"BlogPosting","@id":"https:\/\/anoticiaonline.com.br\/site\/feijoada-beneficente-e-realizada-em-prol-do-gremio-recreativo-unidos-do-santa-terezinha\/#blogposting","name":"Feijoada Beneficente \u00e9 realizada em prol do Gr\u00eamio Recreativo Unidos do Santa Terezinha - A Not\u00edcia Online","headline":"Feijoada Beneficente \u00e9 realizada em prol do Gr\u00eamio Recreativo Unidos do Santa Terezinha","author":{"@id":"https:\/\/anoticiaonline.com.br\/site\/author\/juliana\/#author"},"publisher":{"@id":"https:\/\/anoticiaonline.com.br\/site\/#organization"},"image":{"@type":"ImageObject","url":"https:\/\/anoticiaonline.com.br\/site\/wp-content\/uploads\/2018\/08\/Feijoada-Beneficente-\u00e9-realizada-em-prol-do-Gr\u00eamio-Recreativo-Unidos-do-Santa-Terezinha.jpg","width":800,"height":533},"datePublished":"2018-08-22T16:04:22-03:00","dateModified":"2018-08-23T17:59:29-03:00","inLanguage":"pt-BR","mainEntityOfPage":{"@id":"https:\/\/anoticiaonline.com.br\/site\/feijoada-beneficente-e-realizada-em-prol-do-gremio-recreativo-unidos-do-santa-terezinha\/#webpage"},"isPartOf":{"@id":"https:\/\/anoticiaonline.com.br\/site\/feijoada-beneficente-e-realizada-em-prol-do-gremio-recreativo-unidos-do-santa-terezinha\/#webpage"},"articleSection":"Blog, Cotidiano, Cultura, evento, Feijoada, Muria\u00e9, Solidariedade"},{"@type":"BreadcrumbList","@id":"https:\/\/anoticiaonline.com.br\/site\/feijoada-beneficente-e-realizada-em-prol-do-gremio-recreativo-unidos-do-santa-terezinha\/#breadcrumblist","itemListElement":[{"@type":"ListItem","@id":"https:\/\/anoticiaonline.com.br\/site#listItem","position":1,"name":"Home","item":"https:\/\/anoticiaonline.com.br\/site","nextItem":{"@type":"ListItem","@id":"https:\/\/anoticiaonline.com.br\/site\/categoria\/muriae\/#listItem","name":"Blog"}},{"@type":"ListItem","@id":"https:\/\/anoticiaonline.com.br\/site\/categoria\/muriae\/#listItem","position":2,"name":"Blog","item":"https:\/\/anoticiaonline.com.br\/site\/categoria\/muriae\/","nextItem":{"@type":"ListItem","@id":"https:\/\/anoticiaonline.com.br\/site\/categoria\/muriae\/cultura\/#listItem","name":"Cultura"},"previousItem":{"@type":"ListItem","@id":"https:\/\/anoticiaonline.com.br\/site#listItem","name":"Home"}},{"@type":"ListItem","@id":"https:\/\/anoticiaonline.com.br\/site\/categoria\/muriae\/cultura\/#listItem","position":3,"name":"Cultura","item":"https:\/\/anoticiaonline.com.br\/site\/categoria\/muriae\/cultura\/","nextItem":{"@type":"ListItem","@id":"https:\/\/anoticiaonline.com.br\/site\/feijoada-beneficente-e-realizada-em-prol-do-gremio-recreativo-unidos-do-santa-terezinha\/#listItem","name":"Feijoada Beneficente \u00e9 realizada em prol do Gr\u00eamio Recreativo Unidos do Santa Terezinha"},"previousItem":{"@type":"ListItem","@id":"https:\/\/anoticiaonline.com.br\/site\/categoria\/muriae\/#listItem","name":"Blog"}},{"@type":"ListItem","@id":"https:\/\/anoticiaonline.com.br\/site\/feijoada-beneficente-e-realizada-em-prol-do-gremio-recreativo-unidos-do-santa-terezinha\/#listItem","position":4,"name":"Feijoada Beneficente \u00e9 realizada em prol do Gr\u00eamio Recreativo Unidos do Santa Terezinha","previousItem":{"@type":"ListItem","@id":"https:\/\/anoticiaonline.com.br\/site\/categoria\/muriae\/cultura\/#listItem","name":"Cultura"}}]},{"@type":"Organization","@id":"https:\/\/anoticiaonline.com.br\/site\/#organization","name":"A Not\u00edcia Online","description":"Noticias de Muria\u00e9 e regi\u00e3o","url":"https:\/\/anoticiaonline.com.br\/site\/","logo":{"@type":"ImageObject","url":"https:\/\/scontent-gig4-1.xx.fbcdn.net\/v\/t39.30808-1\/270437624_4564083193639691_6907940295614233970_n.jpg?stp=dst-jpg_s200x200_tt6&_nc_cat=111&ccb=1-7&_nc_sid=f907e8&_nc_ohc=SM1wRlP3lJwQ7kNvwEPuBYA&_nc_oc=AdnqrjDN_BNjSSHWO-GbkIWH6fkGMLw4bqvL_NH6e2wMveX7G-rP2dAqsDSq1mJMOaY&_nc_zt=24&_nc_ht=scontent-gig4-1.xx&_nc_gid=AoBFJeGrT1hVaew_6rchkQ&oh=00_AfX7QmFGhQhG2jAllVgXCiM1ZrWgvtp80-Bfppyexh1QEg&oe=689E923C","@id":"https:\/\/anoticiaonline.com.br\/site\/feijoada-beneficente-e-realizada-em-prol-do-gremio-recreativo-unidos-do-santa-terezinha\/#organizationLogo"},"image":{"@id":"https:\/\/anoticiaonline.com.br\/site\/feijoada-beneficente-e-realizada-em-prol-do-gremio-recreativo-unidos-do-santa-terezinha\/#organizationLogo"}},{"@type":"Person","@id":"https:\/\/anoticiaonline.com.br\/site\/author\/juliana\/#author","url":"https:\/\/anoticiaonline.com.br\/site\/author\/juliana\/","name":"Juliana Laviola","image":{"@type":"ImageObject","@id":"https:\/\/anoticiaonline.com.br\/site\/feijoada-beneficente-e-realizada-em-prol-do-gremio-recreativo-unidos-do-santa-terezinha\/#authorImage","url":"https:\/\/secure.gravatar.com\/avatar\/b8d45f5c699b100dfaf0e543582f38f38bf94cb7ae3a5e9abf8d891a34773335?s=96&d=mm&r=g","width":96,"height":96,"caption":"Juliana Laviola"}},{"@type":"WebPage","@id":"https:\/\/anoticiaonline.com.br\/site\/feijoada-beneficente-e-realizada-em-prol-do-gremio-recreativo-unidos-do-santa-terezinha\/#webpage","url":"https:\/\/anoticiaonline.com.br\/site\/feijoada-beneficente-e-realizada-em-prol-do-gremio-recreativo-unidos-do-santa-terezinha\/","name":"Feijoada Beneficente \u00e9 realizada em prol do Gr\u00eamio Recreativo Unidos do Santa Terezinha - A Not\u00edcia Online","description":"No \u00faltimo domingo (19), o p\u00fablico saboreou uma deliciosa feijoada, curtiu uma boa m\u00fasica e ajudou o Gr\u00eamio Recreativo Unidos do Santa Terezinha. O evento beneficente, que teve como objetivo arrecadar fundos para contribuir com desenvolvimento de projetos sociais da institui\u00e7\u00e3o, contou com animado show do Grupo Puro Astral e bingos, que aconteceram no sal\u00e3o de","inLanguage":"pt-BR","isPartOf":{"@id":"https:\/\/anoticiaonline.com.br\/site\/#website"},"breadcrumb":{"@id":"https:\/\/anoticiaonline.com.br\/site\/feijoada-beneficente-e-realizada-em-prol-do-gremio-recreativo-unidos-do-santa-terezinha\/#breadcrumblist"},"author":{"@id":"https:\/\/anoticiaonline.com.br\/site\/author\/juliana\/#author"},"creator":{"@id":"https:\/\/anoticiaonline.com.br\/site\/author\/juliana\/#author"},"image":{"@type":"ImageObject","url":"https:\/\/anoticiaonline.com.br\/site\/wp-content\/uploads\/2018\/08\/Feijoada-Beneficente-\u00e9-realizada-em-prol-do-Gr\u00eamio-Recreativo-Unidos-do-Santa-Terezinha.jpg","@id":"https:\/\/anoticiaonline.com.br\/site\/feijoada-beneficente-e-realizada-em-prol-do-gremio-recreativo-unidos-do-santa-terezinha\/#mainImage","width":800,"height":533},"primaryImageOfPage":{"@id":"https:\/\/anoticiaonline.com.br\/site\/feijoada-beneficente-e-realizada-em-prol-do-gremio-recreativo-unidos-do-santa-terezinha\/#mainImage"},"datePublished":"2018-08-22T16:04:22-03:00","dateModified":"2018-08-23T17:59:29-03:00"},{"@type":"WebSite","@id":"https:\/\/anoticiaonline.com.br\/site\/#website","url":"https:\/\/anoticiaonline.com.br\/site\/","name":"A Not\u00edcia Online","description":"Noticias de Muria\u00e9 e regi\u00e3o","inLanguage":"pt-BR","publisher":{"@id":"https:\/\/anoticiaonline.com.br\/site\/#organization"}}]},"og:locale":"pt_BR","og:site_name":"A Not\u00edcia Online - Noticias de Muria\u00e9 e regi\u00e3o","og:type":"article","og:title":"Feijoada Beneficente \u00e9 realizada em prol do Gr\u00eamio Recreativo Unidos do Santa Terezinha - A Not\u00edcia Online","og:description":"No \u00faltimo domingo (19), o p\u00fablico saboreou uma deliciosa feijoada, curtiu uma boa m\u00fasica e ajudou o Gr\u00eamio Recreativo Unidos do Santa Terezinha. O evento beneficente, que teve como objetivo arrecadar fundos para contribuir com desenvolvimento de projetos sociais da institui\u00e7\u00e3o, contou com animado show do Grupo Puro Astral e bingos, que aconteceram no sal\u00e3o de","og:url":"https:\/\/anoticiaonline.com.br\/site\/feijoada-beneficente-e-realizada-em-prol-do-gremio-recreativo-unidos-do-santa-terezinha\/","og:image":"https:\/\/scontent-gig4-1.xx.fbcdn.net\/v\/t39.30808-1\/270437624_4564083193639691_6907940295614233970_n.jpg?stp=dst-jpg_s200x200_tt6&#038;_nc_cat=111&#038;ccb=1-7&#038;_nc_sid=f907e8&#038;_nc_ohc=SM1wRlP3lJwQ7kNvwEPuBYA&#038;_nc_oc=AdnqrjDN_BNjSSHWO-GbkIWH6fkGMLw4bqvL_NH6e2wMveX7G-rP2dAqsDSq1mJMOaY&#038;_nc_zt=24&#038;_nc_ht=scontent-gig4-1.xx&#038;_nc_gid=AoBFJeGrT1hVaew_6rchkQ&#038;oh=00_AfX7QmFGhQhG2jAllVgXCiM1ZrWgvtp80-Bfppyexh1QEg&#038;oe=689E923C","og:image:secure_url":"https:\/\/scontent-gig4-1.xx.fbcdn.net\/v\/t39.30808-1\/270437624_4564083193639691_6907940295614233970_n.jpg?stp=dst-jpg_s200x200_tt6&#038;_nc_cat=111&#038;ccb=1-7&#038;_nc_sid=f907e8&#038;_nc_ohc=SM1wRlP3lJwQ7kNvwEPuBYA&#038;_nc_oc=AdnqrjDN_BNjSSHWO-GbkIWH6fkGMLw4bqvL_NH6e2wMveX7G-rP2dAqsDSq1mJMOaY&#038;_nc_zt=24&#038;_nc_ht=scontent-gig4-1.xx&#038;_nc_gid=AoBFJeGrT1hVaew_6rchkQ&#038;oh=00_AfX7QmFGhQhG2jAllVgXCiM1ZrWgvtp80-Bfppyexh1QEg&#038;oe=689E923C","article:published_time":"2018-08-22T19:04:22+00:00","article:modified_time":"2018-08-23T20:59:29+00:00","twitter:card":"summary_large_image","twitter:title":"Feijoada Beneficente \u00e9 realizada em prol do Gr\u00eamio Recreativo Unidos do Santa Terezinha - A Not\u00edcia Online","twitter:description":"No \u00faltimo domingo (19), o p\u00fablico saboreou uma deliciosa feijoada, curtiu uma boa m\u00fasica e ajudou o Gr\u00eamio Recreativo Unidos do Santa Terezinha. O evento beneficente, que teve como objetivo arrecadar fundos para contribuir com desenvolvimento de projetos sociais da institui\u00e7\u00e3o, contou com animado show do Grupo Puro Astral e bingos, que aconteceram no sal\u00e3o de","twitter:image":"https:\/\/scontent-gig4-1.xx.fbcdn.net\/v\/t39.30808-1\/270437624_4564083193639691_6907940295614233970_n.jpg?stp=dst-jpg_s200x200_tt6&_nc_cat=111&ccb=1-7&_nc_sid=f907e8&_nc_ohc=SM1wRlP3lJwQ7kNvwEPuBYA&_nc_oc=AdnqrjDN_BNjSSHWO-GbkIWH6fkGMLw4bqvL_NH6e2wMveX7G-rP2dAqsDSq1mJMOaY&_nc_zt=24&_nc_ht=scontent-gig4-1.xx&_nc_gid=AoBFJeGrT1hVaew_6rchkQ&oh=00_AfX7QmFGhQhG2jAllVgXCiM1ZrWgvtp80-Bfppyexh1QEg&oe=689E923C"},"aioseo_meta_data":{"post_id":"60319","title":null,"description":null,"keywords":null,"keyphrases":null,"primary_term":null,"canonical_url":null,"og_title":null,"og_description":null,"og_object_type":"default","og_image_type":"default","og_image_url":null,"og_image_width":null,"og_image_height":null,"og_image_custom_url":null,"og_image_custom_fields":null,"og_video":null,"og_custom_url":null,"og_article_section":null,"og_article_tags":null,"twitter_use_og":false,"twitter_card":"default","twitter_image_type":"default","twitter_image_url":null,"twitter_image_custom_url":null,"twitter_image_custom_fields":null,"twitter_title":null,"twitter_description":null,"schema":{"blockGraphs":[],"customGraphs":[],"default":{"data":{"Article":[],"Course":[],"Dataset":[],"FAQPage":[],"Movie":[],"Person":[],"Product":[],"ProductReview":[],"Car":[],"Recipe":[],"Service":[],"SoftwareApplication":[],"WebPage":[]},"graphName":"","isEnabled":true},"graphs":[]},"schema_type":"default","schema_type_options":null,"pillar_content":false,"robots_default":true,"robots_noindex":false,"robots_noarchive":false,"robots_nosnippet":false,"robots_nofollow":false,"robots_noimageindex":false,"robots_noodp":false,"robots_notranslate":false,"robots_max_snippet":null,"robots_max_videopreview":null,"robots_max_imagepreview":"large","priority":null,"frequency":null,"local_seo":null,"breadcrumb_settings":null,"limit_modified_date":false,"ai":null,"created":"2025-08-16 21:28:48","updated":"2025-08-16 21:28:48","focus_keyword":null,"additional_keywords":null,"truseo_locale":null,"seo_analyzer_scan_date":null},"aioseo_breadcrumb":"<div class=\"aioseo-breadcrumbs\"><span class=\"aioseo-breadcrumb\">\n\t\t\t<a href=\"https:\/\/anoticiaonline.com.br\/site\" title=\"Home\">Home<\/a>\n\t\t<\/span><span class=\"aioseo-breadcrumb-separator\">&raquo;<\/span><span class=\"aioseo-breadcrumb\">\n\t\t\t<a href=\"https:\/\/anoticiaonline.com.br\/site\/categoria\/muriae\/\" title=\"Blog\">Blog<\/a>\n\t\t<\/span><span class=\"aioseo-breadcrumb-separator\">&raquo;<\/span><span class=\"aioseo-breadcrumb\">\n\t\t\t<a href=\"https:\/\/anoticiaonline.com.br\/site\/categoria\/muriae\/cultura\/\" title=\"Cultura\">Cultura<\/a>\n\t\t<\/span><span class=\"aioseo-breadcrumb-separator\">&raquo;<\/span><span class=\"aioseo-breadcrumb\">\n\t\t\tFeijoada Beneficente \u00e9 realizada em prol do Gr\u00eamio Recreativo Unidos do Santa Terezinha\n\t\t<\/span><\/div>","aioseo_breadcrumb_json":[{"label":"Home","link":"https:\/\/anoticiaonline.com.br\/site"},{"label":"Blog","link":"https:\/\/anoticiaonline.com.br\/site\/categoria\/muriae\/"},{"label":"Cultura","link":"https:\/\/anoticiaonline.com.br\/site\/categoria\/muriae\/cultura\/"},{"label":"Feijoada Beneficente \u00e9 realizada em prol do Gr\u00eamio Recreativo Unidos do Santa Terezinha","link":"https:\/\/anoticiaonline.com.br\/site\/feijoada-beneficente-e-realizada-em-prol-do-gremio-recreativo-unidos-do-santa-terezinha\/"}],"views":159,"_links":{"self":[{"href":"https:\/\/anoticiaonline.com.br\/site\/wp-json\/wp\/v2\/posts\/60319","targetHints":{"allow":["GET"]}}],"collection":[{"href":"https:\/\/anoticiaonline.com.br\/site\/wp-json\/wp\/v2\/posts"}],"about":[{"href":"https:\/\/anoticiaonline.com.br\/site\/wp-json\/wp\/v2\/types\/post"}],"author":[{"embeddable":true,"href":"https:\/\/anoticiaonline.com.br\/site\/wp-json\/wp\/v2\/users\/2"}],"replies":[{"embeddable":true,"href":"https:\/\/anoticiaonline.com.br\/site\/wp-json\/wp\/v2\/comments?post=60319"}],"version-history":[{"count":0,"href":"https:\/\/anoticiaonline.com.br\/site\/wp-json\/wp\/v2\/posts\/60319\/revisions"}],"wp:featuredmedia":[{"embeddable":true,"href":"https:\/\/anoticiaonline.com.br\/site\/wp-json\/wp\/v2\/media\/60320"}],"wp:attachment":[{"href":"https:\/\/anoticiaonline.com.br\/site\/wp-json\/wp\/v2\/media?parent=60319"}],"wp:term":[{"taxonomy":"category","embeddable":true,"href":"https:\/\/anoticiaonline.com.br\/site\/wp-json\/wp\/v2\/categories?post=60319"},{"taxonomy":"post_tag","embeddable":true,"href":"https:\/\/anoticiaonline.com.br\/site\/wp-json\/wp\/v2\/tags?post=60319"}],"curies":[{"name":"wp","href":"https:\/\/api.w.org\/{rel}","templated":true}]}}