{"id":60278,"date":"2018-08-21T13:31:19","date_gmt":"2018-08-21T16:31:19","guid":{"rendered":"http:\/\/anoticiaonline.com.br\/site\/?p=60278"},"modified":"2018-08-21T13:31:19","modified_gmt":"2018-08-21T16:31:19","slug":"conferencia-municipal-discute-sobre-direitos-da-crianca-e-do-adolescente","status":"publish","type":"post","link":"https:\/\/anoticiaonline.com.br\/site\/conferencia-municipal-discute-sobre-direitos-da-crianca-e-do-adolescente\/","title":{"rendered":"Confer\u00eancia municipal discute sobre direitos da crian\u00e7a e do adolescente"},"content":{"rendered":"<p class=\"m_-5454575137218704336gmail-MsoNoSpacing\"><i><a href=\"https:\/\/anoticiaonline.com.br\/site\/wp-content\/uploads\/2018\/08\/06-1.jpg\"><img fetchpriority=\"high\" decoding=\"async\" class=\"aligncenter size-full wp-image-60280\" src=\"https:\/\/anoticiaonline.com.br\/site\/wp-content\/uploads\/2018\/08\/06-1.jpg\" alt=\"\" width=\"900\" height=\"677\" srcset=\"https:\/\/anoticiaonline.com.br\/site\/wp-content\/uploads\/2018\/08\/06-1.jpg 900w, https:\/\/anoticiaonline.com.br\/site\/wp-content\/uploads\/2018\/08\/06-1-300x226.jpg 300w, https:\/\/anoticiaonline.com.br\/site\/wp-content\/uploads\/2018\/08\/06-1-768x578.jpg 768w\" sizes=\"(max-width: 900px) 100vw, 900px\" \/><\/a><a href=\"https:\/\/anoticiaonline.com.br\/site\/wp-content\/uploads\/2018\/08\/12.jpg\"><img decoding=\"async\" class=\"aligncenter size-full wp-image-60282\" src=\"https:\/\/anoticiaonline.com.br\/site\/wp-content\/uploads\/2018\/08\/12.jpg\" alt=\"\" width=\"900\" height=\"569\" srcset=\"https:\/\/anoticiaonline.com.br\/site\/wp-content\/uploads\/2018\/08\/12.jpg 900w, https:\/\/anoticiaonline.com.br\/site\/wp-content\/uploads\/2018\/08\/12-300x190.jpg 300w, https:\/\/anoticiaonline.com.br\/site\/wp-content\/uploads\/2018\/08\/12-768x486.jpg 768w\" sizes=\"(max-width: 900px) 100vw, 900px\" \/><\/a><a href=\"https:\/\/anoticiaonline.com.br\/site\/wp-content\/uploads\/2018\/08\/15.jpg\"><img decoding=\"async\" class=\"aligncenter size-full wp-image-60284\" src=\"https:\/\/anoticiaonline.com.br\/site\/wp-content\/uploads\/2018\/08\/15.jpg\" alt=\"\" width=\"900\" height=\"653\" srcset=\"https:\/\/anoticiaonline.com.br\/site\/wp-content\/uploads\/2018\/08\/15.jpg 900w, https:\/\/anoticiaonline.com.br\/site\/wp-content\/uploads\/2018\/08\/15-300x218.jpg 300w, https:\/\/anoticiaonline.com.br\/site\/wp-content\/uploads\/2018\/08\/15-768x557.jpg 768w\" sizes=\"(max-width: 900px) 100vw, 900px\" \/><\/a>Evento promovido pela Prefeitura e CMDCA apresentou alternativas para prote\u00e7\u00e3o de crian\u00e7as e jovens muriaeenses<b><\/b><\/i><\/p>\n<p class=\"m_-5454575137218704336gmail-MsoNoSpacing\"><b>\u00a0<\/b>Discutir sobre os direitos da crian\u00e7a e do adolescente em Muria\u00e9 foi um dos objetivos da Confer\u00eancia Municipal dos Direitos da Crian\u00e7a e do Adolescente. Promovida pela Prefeitura e Conselho Municipal dos Direitos da Crian\u00e7a e do Adolescente (CMDCA), com apoio do Centro Universit\u00e1rio e Conselho Municipal de Juventude, na \u00faltima quinta e sexta-feira (16 e 17), a d\u00e9cima edi\u00e7\u00e3o debateu sobre prote\u00e7\u00e3o integral, diversidade e enfrentamento das viol\u00eancias sofridas por este p\u00fablico.<\/p>\n<p class=\"m_-5454575137218704336gmail-MsoNoSpacing\">Com abertura oficial na noite de quinta-feira, no Teatro Zaccaria Marques, as atividades se estenderam na sexta-feira, no Unifaminas, incluindo apresenta\u00e7\u00f5es culturais com as crian\u00e7as e adolescentes do Servi\u00e7o de Conviv\u00eancia e Fortalecimento de V\u00ednculos e palestra da coordenadora de Pol\u00edticas Pr\u00f3-Crian\u00e7a e Adolescente da Secretaria de Estado de Direitos Humanos, Participa\u00e7\u00e3o Social e Cidadania, C\u00e9lia Nahas. \u201cA Confer\u00eancia \u00e9 um momento muito importante de debate, pois \u00e9 quando direcionamos os pr\u00f3ximos passos para a consolida\u00e7\u00e3o da pol\u00edtica p\u00fablica para proteger as nossas crian\u00e7as e adolescentes\u201d, considera.<\/p>\n<p class=\"m_-5454575137218704336gmail-MsoNoSpacing\">A presidente do Conselho Tutelar de Muria\u00e9, K\u00e1tia Campos, frisa a import\u00e2ncia da Confer\u00eancia. \u201cEm eventos como este nos reunimos para discutir o que pode ser feito para melhorar as pol\u00edticas p\u00fablicas. N\u00e3o basta somente fazer valer os direitos das crian\u00e7as e adolescentes, n\u00f3s temos que dar oportunidades a eles. \u00c9 por meio de confer\u00eancias que vamos conseguir implementar essas oportunidades, com a opini\u00e3o de usu\u00e1rios dos servi\u00e7os e de profissionais\u201d, diz.<\/p>\n<p class=\"m_-5454575137218704336gmail-MsoNoSpacing\">\n<p class=\"m_-5454575137218704336gmail-MsoNoSpacing\"><b>Muria\u00e9 apresenta propostas de prote\u00e7\u00e3o a crian\u00e7as e adolescentes<\/b><\/p>\n<p class=\"m_-5454575137218704336gmail-MsoNoSpacing\">Ao final, houve elei\u00e7\u00e3o de delegados que v\u00e3o representar a cidade na Confer\u00eancia Estadual dos Direitos da Crian\u00e7a e do Adolescente em 2019. Tamb\u00e9m foram apresentadas propostas, que ser\u00e3o analisadas e votadas na etapa estadual da confer\u00eancia no pr\u00f3ximo ano. \u201cNossa gest\u00e3o est\u00e1 empenhada em construir projetos para nossas crian\u00e7as e adolescentes. J\u00e1 avan\u00e7amos na constru\u00e7\u00e3o de pol\u00edticas p\u00fablicas, e vamos aprimorar ainda mais os servi\u00e7os, para cuidar e zelar pela inf\u00e2ncia e juventude de Muria\u00e9\u201d, afirma o prefeito Grego, presente na abertura do evento.<\/p>\n<p><i><a href=\"https:\/\/anoticiaonline.com.br\/site\/wp-content\/uploads\/2018\/08\/13.jpg\"><img loading=\"lazy\" decoding=\"async\" class=\"aligncenter size-full wp-image-60283\" src=\"https:\/\/anoticiaonline.com.br\/site\/wp-content\/uploads\/2018\/08\/13.jpg\" alt=\"\" width=\"900\" height=\"607\" srcset=\"https:\/\/anoticiaonline.com.br\/site\/wp-content\/uploads\/2018\/08\/13.jpg 900w, https:\/\/anoticiaonline.com.br\/site\/wp-content\/uploads\/2018\/08\/13-300x202.jpg 300w, https:\/\/anoticiaonline.com.br\/site\/wp-content\/uploads\/2018\/08\/13-768x518.jpg 768w\" sizes=\"(max-width: 900px) 100vw, 900px\" \/><\/a><\/i><\/p>\n<p><i><a href=\"https:\/\/anoticiaonline.com.br\/site\/wp-content\/uploads\/2018\/08\/18.jpg\"><img loading=\"lazy\" decoding=\"async\" class=\"aligncenter size-full wp-image-60285\" src=\"https:\/\/anoticiaonline.com.br\/site\/wp-content\/uploads\/2018\/08\/18.jpg\" alt=\"\" width=\"900\" height=\"685\" srcset=\"https:\/\/anoticiaonline.com.br\/site\/wp-content\/uploads\/2018\/08\/18.jpg 900w, https:\/\/anoticiaonline.com.br\/site\/wp-content\/uploads\/2018\/08\/18-300x228.jpg 300w, https:\/\/anoticiaonline.com.br\/site\/wp-content\/uploads\/2018\/08\/18-768x585.jpg 768w\" sizes=\"(max-width: 900px) 100vw, 900px\" \/><\/a><\/i><\/p>\n<p><i><a href=\"https:\/\/anoticiaonline.com.br\/site\/wp-content\/uploads\/2018\/08\/19.jpg\"><img loading=\"lazy\" decoding=\"async\" class=\"aligncenter size-full wp-image-60286\" src=\"https:\/\/anoticiaonline.com.br\/site\/wp-content\/uploads\/2018\/08\/19.jpg\" alt=\"\" width=\"900\" height=\"658\" srcset=\"https:\/\/anoticiaonline.com.br\/site\/wp-content\/uploads\/2018\/08\/19.jpg 900w, https:\/\/anoticiaonline.com.br\/site\/wp-content\/uploads\/2018\/08\/19-300x219.jpg 300w, https:\/\/anoticiaonline.com.br\/site\/wp-content\/uploads\/2018\/08\/19-768x561.jpg 768w\" sizes=\"(max-width: 900px) 100vw, 900px\" \/><\/a><\/i><\/p>\n<p><i><a href=\"https:\/\/anoticiaonline.com.br\/site\/wp-content\/uploads\/2018\/08\/04-1.jpg\"><img loading=\"lazy\" decoding=\"async\" class=\"aligncenter size-full wp-image-60279\" src=\"https:\/\/anoticiaonline.com.br\/site\/wp-content\/uploads\/2018\/08\/04-1.jpg\" alt=\"\" width=\"900\" height=\"689\" srcset=\"https:\/\/anoticiaonline.com.br\/site\/wp-content\/uploads\/2018\/08\/04-1.jpg 900w, https:\/\/anoticiaonline.com.br\/site\/wp-content\/uploads\/2018\/08\/04-1-300x230.jpg 300w, https:\/\/anoticiaonline.com.br\/site\/wp-content\/uploads\/2018\/08\/04-1-768x588.jpg 768w\" sizes=\"(max-width: 900px) 100vw, 900px\" \/><\/a><\/i><\/p>\n","protected":false},"excerpt":{"rendered":"<p>Evento promovido pela Prefeitura e CMDCA apresentou alternativas para prote\u00e7\u00e3o de crian\u00e7as e jovens muriaeenses \u00a0Discutir sobre os direitos da crian\u00e7a e do adolescente em Muria\u00e9 foi um dos objetivos da Confer\u00eancia Municipal dos Direitos da Crian\u00e7a e do Adolescente. Promovida pela Prefeitura e Conselho Municipal dos Direitos da Crian\u00e7a e do Adolescente (CMDCA), com &#8230; <a title=\"Confer\u00eancia municipal discute sobre direitos da crian\u00e7a e do adolescente\" class=\"read-more\" href=\"https:\/\/anoticiaonline.com.br\/site\/conferencia-municipal-discute-sobre-direitos-da-crianca-e-do-adolescente\/\" aria-label=\"Read more about Confer\u00eancia municipal discute sobre direitos da crian\u00e7a e do adolescente\">Ler mais<\/a><\/p>\n","protected":false},"author":2,"featured_media":60279,"comment_status":"open","ping_status":"open","sticky":false,"template":"","format":"standard","meta":{"_acf_changed":false,"_monsterinsights_skip_tracking":false,"footnotes":""},"categories":[2893],"tags":[2993,2989,2988,2990,2992,2991],"class_list":["post-60278","post","type-post","status-publish","format-standard","has-post-thumbnail","hentry","category-cotidiano","tag-centro-universitario-e-conselho-municipal-de-juventude","tag-cmdca","tag-conferencia-municipal","tag-conferencia-municipal-dos-direitos-da-crianca-e-do-adolescente","tag-conselho-municipal-dos-direitos-da-crianca-e-do-adolescente","tag-conselho-municipal-dos-direitos-da-crianca-e-do-adolescente-cmdca"],"acf":[],"aioseo_notices":[],"aioseo_head":"\n\t\t<!-- All in One SEO 5.0.0.1 - aioseo.com -->\n\t<meta name=\"description\" content=\"Evento promovido pela Prefeitura e CMDCA apresentou alternativas para prote\u00e7\u00e3o de crian\u00e7as e jovens muriaeenses Discutir sobre os direitos da crian\u00e7a e do adolescente em Muria\u00e9 foi um dos objetivos da Confer\u00eancia Municipal dos Direitos da Crian\u00e7a e do Adolescente. Promovida pela Prefeitura e Conselho Municipal dos Direitos da Crian\u00e7a e do Adolescente (CMDCA), com\" \/>\n\t<meta name=\"robots\" content=\"max-image-preview:large\" \/>\n\t<meta name=\"author\" content=\"Juliana Laviola\"\/>\n\t<link rel=\"canonical\" href=\"https:\/\/anoticiaonline.com.br\/site\/conferencia-municipal-discute-sobre-direitos-da-crianca-e-do-adolescente\/\" \/>\n\t<meta name=\"generator\" content=\"All in One SEO (AIOSEO) 5.0.0.1\" \/>\n\t\t<meta property=\"og:locale\" content=\"pt_BR\" \/>\n\t\t<meta property=\"og:site_name\" content=\"A Not\u00edcia Online - Noticias de Muria\u00e9 e regi\u00e3o\" \/>\n\t\t<meta property=\"og:type\" content=\"article\" \/>\n\t\t<meta property=\"og:title\" content=\"Confer\u00eancia municipal discute sobre direitos da crian\u00e7a e do adolescente - A Not\u00edcia Online\" \/>\n\t\t<meta property=\"og:description\" content=\"Evento promovido pela Prefeitura e CMDCA apresentou alternativas para prote\u00e7\u00e3o de crian\u00e7as e jovens muriaeenses Discutir sobre os direitos da crian\u00e7a e do adolescente em Muria\u00e9 foi um dos objetivos da Confer\u00eancia Municipal dos Direitos da Crian\u00e7a e do Adolescente. Promovida pela Prefeitura e Conselho Municipal dos Direitos da Crian\u00e7a e do Adolescente (CMDCA), com\" \/>\n\t\t<meta property=\"og:url\" content=\"https:\/\/anoticiaonline.com.br\/site\/conferencia-municipal-discute-sobre-direitos-da-crianca-e-do-adolescente\/\" \/>\n\t\t<meta property=\"og:image\" content=\"https:\/\/scontent-gig4-1.xx.fbcdn.net\/v\/t39.30808-1\/270437624_4564083193639691_6907940295614233970_n.jpg?stp=dst-jpg_s200x200_tt6&#038;_nc_cat=111&#038;ccb=1-7&#038;_nc_sid=f907e8&#038;_nc_ohc=SM1wRlP3lJwQ7kNvwEPuBYA&#038;_nc_oc=AdnqrjDN_BNjSSHWO-GbkIWH6fkGMLw4bqvL_NH6e2wMveX7G-rP2dAqsDSq1mJMOaY&#038;_nc_zt=24&#038;_nc_ht=scontent-gig4-1.xx&#038;_nc_gid=AoBFJeGrT1hVaew_6rchkQ&#038;oh=00_AfX7QmFGhQhG2jAllVgXCiM1ZrWgvtp80-Bfppyexh1QEg&#038;oe=689E923C\" \/>\n\t\t<meta property=\"og:image:secure_url\" content=\"https:\/\/scontent-gig4-1.xx.fbcdn.net\/v\/t39.30808-1\/270437624_4564083193639691_6907940295614233970_n.jpg?stp=dst-jpg_s200x200_tt6&#038;_nc_cat=111&#038;ccb=1-7&#038;_nc_sid=f907e8&#038;_nc_ohc=SM1wRlP3lJwQ7kNvwEPuBYA&#038;_nc_oc=AdnqrjDN_BNjSSHWO-GbkIWH6fkGMLw4bqvL_NH6e2wMveX7G-rP2dAqsDSq1mJMOaY&#038;_nc_zt=24&#038;_nc_ht=scontent-gig4-1.xx&#038;_nc_gid=AoBFJeGrT1hVaew_6rchkQ&#038;oh=00_AfX7QmFGhQhG2jAllVgXCiM1ZrWgvtp80-Bfppyexh1QEg&#038;oe=689E923C\" \/>\n\t\t<meta property=\"article:published_time\" content=\"2018-08-21T16:31:19+00:00\" \/>\n\t\t<meta property=\"article:modified_time\" content=\"2018-08-21T16:31:19+00:00\" \/>\n\t\t<meta name=\"twitter:card\" content=\"summary_large_image\" \/>\n\t\t<meta name=\"twitter:title\" content=\"Confer\u00eancia municipal discute sobre direitos da crian\u00e7a e do adolescente - A Not\u00edcia Online\" \/>\n\t\t<meta name=\"twitter:description\" content=\"Evento promovido pela Prefeitura e CMDCA apresentou alternativas para prote\u00e7\u00e3o de crian\u00e7as e jovens muriaeenses Discutir sobre os direitos da crian\u00e7a e do adolescente em Muria\u00e9 foi um dos objetivos da Confer\u00eancia Municipal dos Direitos da Crian\u00e7a e do Adolescente. Promovida pela Prefeitura e Conselho Municipal dos Direitos da Crian\u00e7a e do Adolescente (CMDCA), com\" \/>\n\t\t<meta name=\"twitter:image\" content=\"https:\/\/scontent-gig4-1.xx.fbcdn.net\/v\/t39.30808-1\/270437624_4564083193639691_6907940295614233970_n.jpg?stp=dst-jpg_s200x200_tt6&amp;_nc_cat=111&amp;ccb=1-7&amp;_nc_sid=f907e8&amp;_nc_ohc=SM1wRlP3lJwQ7kNvwEPuBYA&amp;_nc_oc=AdnqrjDN_BNjSSHWO-GbkIWH6fkGMLw4bqvL_NH6e2wMveX7G-rP2dAqsDSq1mJMOaY&amp;_nc_zt=24&amp;_nc_ht=scontent-gig4-1.xx&amp;_nc_gid=AoBFJeGrT1hVaew_6rchkQ&amp;oh=00_AfX7QmFGhQhG2jAllVgXCiM1ZrWgvtp80-Bfppyexh1QEg&amp;oe=689E923C\" \/>\n\t\t<script type=\"application\/ld+json\" class=\"aioseo-schema\">\n\t\t\t{\"@context\":\"https:\\\/\\\/schema.org\",\"@graph\":[{\"@type\":\"BlogPosting\",\"@id\":\"https:\\\/\\\/anoticiaonline.com.br\\\/site\\\/conferencia-municipal-discute-sobre-direitos-da-crianca-e-do-adolescente\\\/#blogposting\",\"name\":\"Confer\\u00eancia municipal discute sobre direitos da crian\\u00e7a e do adolescente - A Not\\u00edcia Online\",\"headline\":\"Confer\\u00eancia municipal discute sobre direitos da crian\\u00e7a e do adolescente\",\"author\":{\"@id\":\"https:\\\/\\\/anoticiaonline.com.br\\\/site\\\/author\\\/juliana\\\/#author\"},\"publisher\":{\"@id\":\"https:\\\/\\\/anoticiaonline.com.br\\\/site\\\/#organization\"},\"image\":{\"@type\":\"ImageObject\",\"url\":\"https:\\\/\\\/anoticiaonline.com.br\\\/site\\\/wp-content\\\/uploads\\\/2018\\\/08\\\/04-1.jpg\",\"width\":900,\"height\":689},\"datePublished\":\"2018-08-21T13:31:19-03:00\",\"dateModified\":\"2018-08-21T13:31:19-03:00\",\"inLanguage\":\"pt-BR\",\"mainEntityOfPage\":{\"@id\":\"https:\\\/\\\/anoticiaonline.com.br\\\/site\\\/conferencia-municipal-discute-sobre-direitos-da-crianca-e-do-adolescente\\\/#webpage\"},\"isPartOf\":{\"@id\":\"https:\\\/\\\/anoticiaonline.com.br\\\/site\\\/conferencia-municipal-discute-sobre-direitos-da-crianca-e-do-adolescente\\\/#webpage\"},\"articleSection\":\"Cotidiano, Centro Universit\\u00e1rio e Conselho Municipal de Juventude, CMDCA, Confer\\u00eancia municipal, Confer\\u00eancia Municipal dos Direitos da Crian\\u00e7a e do Adolescente, Conselho Municipal dos Direitos da Crian\\u00e7a e do Adolescente, Conselho Municipal dos Direitos da Crian\\u00e7a e do Adolescente (CMDCA)\"},{\"@type\":\"BreadcrumbList\",\"@id\":\"https:\\\/\\\/anoticiaonline.com.br\\\/site\\\/conferencia-municipal-discute-sobre-direitos-da-crianca-e-do-adolescente\\\/#breadcrumblist\",\"itemListElement\":[{\"@type\":\"ListItem\",\"@id\":\"https:\\\/\\\/anoticiaonline.com.br\\\/site#listItem\",\"position\":1,\"name\":\"Home\",\"item\":\"https:\\\/\\\/anoticiaonline.com.br\\\/site\",\"nextItem\":{\"@type\":\"ListItem\",\"@id\":\"https:\\\/\\\/anoticiaonline.com.br\\\/site\\\/categoria\\\/muriae\\\/#listItem\",\"name\":\"Blog\"}},{\"@type\":\"ListItem\",\"@id\":\"https:\\\/\\\/anoticiaonline.com.br\\\/site\\\/categoria\\\/muriae\\\/#listItem\",\"position\":2,\"name\":\"Blog\",\"item\":\"https:\\\/\\\/anoticiaonline.com.br\\\/site\\\/categoria\\\/muriae\\\/\",\"nextItem\":{\"@type\":\"ListItem\",\"@id\":\"https:\\\/\\\/anoticiaonline.com.br\\\/site\\\/categoria\\\/muriae\\\/cotidiano\\\/#listItem\",\"name\":\"Cotidiano\"},\"previousItem\":{\"@type\":\"ListItem\",\"@id\":\"https:\\\/\\\/anoticiaonline.com.br\\\/site#listItem\",\"name\":\"Home\"}},{\"@type\":\"ListItem\",\"@id\":\"https:\\\/\\\/anoticiaonline.com.br\\\/site\\\/categoria\\\/muriae\\\/cotidiano\\\/#listItem\",\"position\":3,\"name\":\"Cotidiano\",\"item\":\"https:\\\/\\\/anoticiaonline.com.br\\\/site\\\/categoria\\\/muriae\\\/cotidiano\\\/\",\"nextItem\":{\"@type\":\"ListItem\",\"@id\":\"https:\\\/\\\/anoticiaonline.com.br\\\/site\\\/conferencia-municipal-discute-sobre-direitos-da-crianca-e-do-adolescente\\\/#listItem\",\"name\":\"Confer\\u00eancia municipal discute sobre direitos da crian\\u00e7a e do adolescente\"},\"previousItem\":{\"@type\":\"ListItem\",\"@id\":\"https:\\\/\\\/anoticiaonline.com.br\\\/site\\\/categoria\\\/muriae\\\/#listItem\",\"name\":\"Blog\"}},{\"@type\":\"ListItem\",\"@id\":\"https:\\\/\\\/anoticiaonline.com.br\\\/site\\\/conferencia-municipal-discute-sobre-direitos-da-crianca-e-do-adolescente\\\/#listItem\",\"position\":4,\"name\":\"Confer\\u00eancia municipal discute sobre direitos da crian\\u00e7a e do adolescente\",\"previousItem\":{\"@type\":\"ListItem\",\"@id\":\"https:\\\/\\\/anoticiaonline.com.br\\\/site\\\/categoria\\\/muriae\\\/cotidiano\\\/#listItem\",\"name\":\"Cotidiano\"}}]},{\"@type\":\"Organization\",\"@id\":\"https:\\\/\\\/anoticiaonline.com.br\\\/site\\\/#organization\",\"name\":\"A Not\\u00edcia Online\",\"description\":\"Noticias de Muria\\u00e9 e regi\\u00e3o\",\"url\":\"https:\\\/\\\/anoticiaonline.com.br\\\/site\\\/\",\"logo\":{\"@type\":\"ImageObject\",\"url\":\"https:\\\/\\\/scontent-gig4-1.xx.fbcdn.net\\\/v\\\/t39.30808-1\\\/270437624_4564083193639691_6907940295614233970_n.jpg?stp=dst-jpg_s200x200_tt6&_nc_cat=111&ccb=1-7&_nc_sid=f907e8&_nc_ohc=SM1wRlP3lJwQ7kNvwEPuBYA&_nc_oc=AdnqrjDN_BNjSSHWO-GbkIWH6fkGMLw4bqvL_NH6e2wMveX7G-rP2dAqsDSq1mJMOaY&_nc_zt=24&_nc_ht=scontent-gig4-1.xx&_nc_gid=AoBFJeGrT1hVaew_6rchkQ&oh=00_AfX7QmFGhQhG2jAllVgXCiM1ZrWgvtp80-Bfppyexh1QEg&oe=689E923C\",\"@id\":\"https:\\\/\\\/anoticiaonline.com.br\\\/site\\\/conferencia-municipal-discute-sobre-direitos-da-crianca-e-do-adolescente\\\/#organizationLogo\"},\"image\":{\"@id\":\"https:\\\/\\\/anoticiaonline.com.br\\\/site\\\/conferencia-municipal-discute-sobre-direitos-da-crianca-e-do-adolescente\\\/#organizationLogo\"}},{\"@type\":\"Person\",\"@id\":\"https:\\\/\\\/anoticiaonline.com.br\\\/site\\\/author\\\/juliana\\\/#author\",\"url\":\"https:\\\/\\\/anoticiaonline.com.br\\\/site\\\/author\\\/juliana\\\/\",\"name\":\"Juliana Laviola\",\"image\":{\"@type\":\"ImageObject\",\"@id\":\"https:\\\/\\\/anoticiaonline.com.br\\\/site\\\/conferencia-municipal-discute-sobre-direitos-da-crianca-e-do-adolescente\\\/#authorImage\",\"url\":\"https:\\\/\\\/secure.gravatar.com\\\/avatar\\\/b8d45f5c699b100dfaf0e543582f38f38bf94cb7ae3a5e9abf8d891a34773335?s=96&d=mm&r=g\",\"width\":96,\"height\":96,\"caption\":\"Juliana Laviola\"}},{\"@type\":\"WebPage\",\"@id\":\"https:\\\/\\\/anoticiaonline.com.br\\\/site\\\/conferencia-municipal-discute-sobre-direitos-da-crianca-e-do-adolescente\\\/#webpage\",\"url\":\"https:\\\/\\\/anoticiaonline.com.br\\\/site\\\/conferencia-municipal-discute-sobre-direitos-da-crianca-e-do-adolescente\\\/\",\"name\":\"Confer\\u00eancia municipal discute sobre direitos da crian\\u00e7a e do adolescente - A Not\\u00edcia Online\",\"description\":\"Evento promovido pela Prefeitura e CMDCA apresentou alternativas para prote\\u00e7\\u00e3o de crian\\u00e7as e jovens muriaeenses Discutir sobre os direitos da crian\\u00e7a e do adolescente em Muria\\u00e9 foi um dos objetivos da Confer\\u00eancia Municipal dos Direitos da Crian\\u00e7a e do Adolescente. Promovida pela Prefeitura e Conselho Municipal dos Direitos da Crian\\u00e7a e do Adolescente (CMDCA), com\",\"inLanguage\":\"pt-BR\",\"isPartOf\":{\"@id\":\"https:\\\/\\\/anoticiaonline.com.br\\\/site\\\/#website\"},\"breadcrumb\":{\"@id\":\"https:\\\/\\\/anoticiaonline.com.br\\\/site\\\/conferencia-municipal-discute-sobre-direitos-da-crianca-e-do-adolescente\\\/#breadcrumblist\"},\"author\":{\"@id\":\"https:\\\/\\\/anoticiaonline.com.br\\\/site\\\/author\\\/juliana\\\/#author\"},\"creator\":{\"@id\":\"https:\\\/\\\/anoticiaonline.com.br\\\/site\\\/author\\\/juliana\\\/#author\"},\"image\":{\"@type\":\"ImageObject\",\"url\":\"https:\\\/\\\/anoticiaonline.com.br\\\/site\\\/wp-content\\\/uploads\\\/2018\\\/08\\\/04-1.jpg\",\"@id\":\"https:\\\/\\\/anoticiaonline.com.br\\\/site\\\/conferencia-municipal-discute-sobre-direitos-da-crianca-e-do-adolescente\\\/#mainImage\",\"width\":900,\"height\":689},\"primaryImageOfPage\":{\"@id\":\"https:\\\/\\\/anoticiaonline.com.br\\\/site\\\/conferencia-municipal-discute-sobre-direitos-da-crianca-e-do-adolescente\\\/#mainImage\"},\"datePublished\":\"2018-08-21T13:31:19-03:00\",\"dateModified\":\"2018-08-21T13:31:19-03:00\"},{\"@type\":\"WebSite\",\"@id\":\"https:\\\/\\\/anoticiaonline.com.br\\\/site\\\/#website\",\"url\":\"https:\\\/\\\/anoticiaonline.com.br\\\/site\\\/\",\"name\":\"A Not\\u00edcia Online\",\"description\":\"Noticias de Muria\\u00e9 e regi\\u00e3o\",\"inLanguage\":\"pt-BR\",\"publisher\":{\"@id\":\"https:\\\/\\\/anoticiaonline.com.br\\\/site\\\/#organization\"}}]}\n\t\t<\/script>\n\t\t<!-- All in One SEO -->\n\n","aioseo_head_json":{"title":"Confer\u00eancia municipal discute sobre direitos da crian\u00e7a e do adolescente - A Not\u00edcia Online","description":"Evento promovido pela Prefeitura e CMDCA apresentou alternativas para prote\u00e7\u00e3o de crian\u00e7as e jovens muriaeenses Discutir sobre os direitos da crian\u00e7a e do adolescente em Muria\u00e9 foi um dos objetivos da Confer\u00eancia Municipal dos Direitos da Crian\u00e7a e do Adolescente. Promovida pela Prefeitura e Conselho Municipal dos Direitos da Crian\u00e7a e do Adolescente (CMDCA), com","canonical_url":"https:\/\/anoticiaonline.com.br\/site\/conferencia-municipal-discute-sobre-direitos-da-crianca-e-do-adolescente\/","robots":"max-image-preview:large","keywords":"","webmasterTools":{"miscellaneous":""},"schema":{"@context":"https:\/\/schema.org","@graph":[{"@type":"BlogPosting","@id":"https:\/\/anoticiaonline.com.br\/site\/conferencia-municipal-discute-sobre-direitos-da-crianca-e-do-adolescente\/#blogposting","name":"Confer\u00eancia municipal discute sobre direitos da crian\u00e7a e do adolescente - A Not\u00edcia Online","headline":"Confer\u00eancia municipal discute sobre direitos da crian\u00e7a e do adolescente","author":{"@id":"https:\/\/anoticiaonline.com.br\/site\/author\/juliana\/#author"},"publisher":{"@id":"https:\/\/anoticiaonline.com.br\/site\/#organization"},"image":{"@type":"ImageObject","url":"https:\/\/anoticiaonline.com.br\/site\/wp-content\/uploads\/2018\/08\/04-1.jpg","width":900,"height":689},"datePublished":"2018-08-21T13:31:19-03:00","dateModified":"2018-08-21T13:31:19-03:00","inLanguage":"pt-BR","mainEntityOfPage":{"@id":"https:\/\/anoticiaonline.com.br\/site\/conferencia-municipal-discute-sobre-direitos-da-crianca-e-do-adolescente\/#webpage"},"isPartOf":{"@id":"https:\/\/anoticiaonline.com.br\/site\/conferencia-municipal-discute-sobre-direitos-da-crianca-e-do-adolescente\/#webpage"},"articleSection":"Cotidiano, Centro Universit\u00e1rio e Conselho Municipal de Juventude, CMDCA, Confer\u00eancia municipal, Confer\u00eancia Municipal dos Direitos da Crian\u00e7a e do Adolescente, Conselho Municipal dos Direitos da Crian\u00e7a e do Adolescente, Conselho Municipal dos Direitos da Crian\u00e7a e do Adolescente (CMDCA)"},{"@type":"BreadcrumbList","@id":"https:\/\/anoticiaonline.com.br\/site\/conferencia-municipal-discute-sobre-direitos-da-crianca-e-do-adolescente\/#breadcrumblist","itemListElement":[{"@type":"ListItem","@id":"https:\/\/anoticiaonline.com.br\/site#listItem","position":1,"name":"Home","item":"https:\/\/anoticiaonline.com.br\/site","nextItem":{"@type":"ListItem","@id":"https:\/\/anoticiaonline.com.br\/site\/categoria\/muriae\/#listItem","name":"Blog"}},{"@type":"ListItem","@id":"https:\/\/anoticiaonline.com.br\/site\/categoria\/muriae\/#listItem","position":2,"name":"Blog","item":"https:\/\/anoticiaonline.com.br\/site\/categoria\/muriae\/","nextItem":{"@type":"ListItem","@id":"https:\/\/anoticiaonline.com.br\/site\/categoria\/muriae\/cotidiano\/#listItem","name":"Cotidiano"},"previousItem":{"@type":"ListItem","@id":"https:\/\/anoticiaonline.com.br\/site#listItem","name":"Home"}},{"@type":"ListItem","@id":"https:\/\/anoticiaonline.com.br\/site\/categoria\/muriae\/cotidiano\/#listItem","position":3,"name":"Cotidiano","item":"https:\/\/anoticiaonline.com.br\/site\/categoria\/muriae\/cotidiano\/","nextItem":{"@type":"ListItem","@id":"https:\/\/anoticiaonline.com.br\/site\/conferencia-municipal-discute-sobre-direitos-da-crianca-e-do-adolescente\/#listItem","name":"Confer\u00eancia municipal discute sobre direitos da crian\u00e7a e do adolescente"},"previousItem":{"@type":"ListItem","@id":"https:\/\/anoticiaonline.com.br\/site\/categoria\/muriae\/#listItem","name":"Blog"}},{"@type":"ListItem","@id":"https:\/\/anoticiaonline.com.br\/site\/conferencia-municipal-discute-sobre-direitos-da-crianca-e-do-adolescente\/#listItem","position":4,"name":"Confer\u00eancia municipal discute sobre direitos da crian\u00e7a e do adolescente","previousItem":{"@type":"ListItem","@id":"https:\/\/anoticiaonline.com.br\/site\/categoria\/muriae\/cotidiano\/#listItem","name":"Cotidiano"}}]},{"@type":"Organization","@id":"https:\/\/anoticiaonline.com.br\/site\/#organization","name":"A Not\u00edcia Online","description":"Noticias de Muria\u00e9 e regi\u00e3o","url":"https:\/\/anoticiaonline.com.br\/site\/","logo":{"@type":"ImageObject","url":"https:\/\/scontent-gig4-1.xx.fbcdn.net\/v\/t39.30808-1\/270437624_4564083193639691_6907940295614233970_n.jpg?stp=dst-jpg_s200x200_tt6&_nc_cat=111&ccb=1-7&_nc_sid=f907e8&_nc_ohc=SM1wRlP3lJwQ7kNvwEPuBYA&_nc_oc=AdnqrjDN_BNjSSHWO-GbkIWH6fkGMLw4bqvL_NH6e2wMveX7G-rP2dAqsDSq1mJMOaY&_nc_zt=24&_nc_ht=scontent-gig4-1.xx&_nc_gid=AoBFJeGrT1hVaew_6rchkQ&oh=00_AfX7QmFGhQhG2jAllVgXCiM1ZrWgvtp80-Bfppyexh1QEg&oe=689E923C","@id":"https:\/\/anoticiaonline.com.br\/site\/conferencia-municipal-discute-sobre-direitos-da-crianca-e-do-adolescente\/#organizationLogo"},"image":{"@id":"https:\/\/anoticiaonline.com.br\/site\/conferencia-municipal-discute-sobre-direitos-da-crianca-e-do-adolescente\/#organizationLogo"}},{"@type":"Person","@id":"https:\/\/anoticiaonline.com.br\/site\/author\/juliana\/#author","url":"https:\/\/anoticiaonline.com.br\/site\/author\/juliana\/","name":"Juliana Laviola","image":{"@type":"ImageObject","@id":"https:\/\/anoticiaonline.com.br\/site\/conferencia-municipal-discute-sobre-direitos-da-crianca-e-do-adolescente\/#authorImage","url":"https:\/\/secure.gravatar.com\/avatar\/b8d45f5c699b100dfaf0e543582f38f38bf94cb7ae3a5e9abf8d891a34773335?s=96&d=mm&r=g","width":96,"height":96,"caption":"Juliana Laviola"}},{"@type":"WebPage","@id":"https:\/\/anoticiaonline.com.br\/site\/conferencia-municipal-discute-sobre-direitos-da-crianca-e-do-adolescente\/#webpage","url":"https:\/\/anoticiaonline.com.br\/site\/conferencia-municipal-discute-sobre-direitos-da-crianca-e-do-adolescente\/","name":"Confer\u00eancia municipal discute sobre direitos da crian\u00e7a e do adolescente - A Not\u00edcia Online","description":"Evento promovido pela Prefeitura e CMDCA apresentou alternativas para prote\u00e7\u00e3o de crian\u00e7as e jovens muriaeenses Discutir sobre os direitos da crian\u00e7a e do adolescente em Muria\u00e9 foi um dos objetivos da Confer\u00eancia Municipal dos Direitos da Crian\u00e7a e do Adolescente. Promovida pela Prefeitura e Conselho Municipal dos Direitos da Crian\u00e7a e do Adolescente (CMDCA), com","inLanguage":"pt-BR","isPartOf":{"@id":"https:\/\/anoticiaonline.com.br\/site\/#website"},"breadcrumb":{"@id":"https:\/\/anoticiaonline.com.br\/site\/conferencia-municipal-discute-sobre-direitos-da-crianca-e-do-adolescente\/#breadcrumblist"},"author":{"@id":"https:\/\/anoticiaonline.com.br\/site\/author\/juliana\/#author"},"creator":{"@id":"https:\/\/anoticiaonline.com.br\/site\/author\/juliana\/#author"},"image":{"@type":"ImageObject","url":"https:\/\/anoticiaonline.com.br\/site\/wp-content\/uploads\/2018\/08\/04-1.jpg","@id":"https:\/\/anoticiaonline.com.br\/site\/conferencia-municipal-discute-sobre-direitos-da-crianca-e-do-adolescente\/#mainImage","width":900,"height":689},"primaryImageOfPage":{"@id":"https:\/\/anoticiaonline.com.br\/site\/conferencia-municipal-discute-sobre-direitos-da-crianca-e-do-adolescente\/#mainImage"},"datePublished":"2018-08-21T13:31:19-03:00","dateModified":"2018-08-21T13:31:19-03:00"},{"@type":"WebSite","@id":"https:\/\/anoticiaonline.com.br\/site\/#website","url":"https:\/\/anoticiaonline.com.br\/site\/","name":"A Not\u00edcia Online","description":"Noticias de Muria\u00e9 e regi\u00e3o","inLanguage":"pt-BR","publisher":{"@id":"https:\/\/anoticiaonline.com.br\/site\/#organization"}}]},"og:locale":"pt_BR","og:site_name":"A Not\u00edcia Online - Noticias de Muria\u00e9 e regi\u00e3o","og:type":"article","og:title":"Confer\u00eancia municipal discute sobre direitos da crian\u00e7a e do adolescente - A Not\u00edcia Online","og:description":"Evento promovido pela Prefeitura e CMDCA apresentou alternativas para prote\u00e7\u00e3o de crian\u00e7as e jovens muriaeenses Discutir sobre os direitos da crian\u00e7a e do adolescente em Muria\u00e9 foi um dos objetivos da Confer\u00eancia Municipal dos Direitos da Crian\u00e7a e do Adolescente. Promovida pela Prefeitura e Conselho Municipal dos Direitos da Crian\u00e7a e do Adolescente (CMDCA), com","og:url":"https:\/\/anoticiaonline.com.br\/site\/conferencia-municipal-discute-sobre-direitos-da-crianca-e-do-adolescente\/","og:image":"https:\/\/scontent-gig4-1.xx.fbcdn.net\/v\/t39.30808-1\/270437624_4564083193639691_6907940295614233970_n.jpg?stp=dst-jpg_s200x200_tt6&#038;_nc_cat=111&#038;ccb=1-7&#038;_nc_sid=f907e8&#038;_nc_ohc=SM1wRlP3lJwQ7kNvwEPuBYA&#038;_nc_oc=AdnqrjDN_BNjSSHWO-GbkIWH6fkGMLw4bqvL_NH6e2wMveX7G-rP2dAqsDSq1mJMOaY&#038;_nc_zt=24&#038;_nc_ht=scontent-gig4-1.xx&#038;_nc_gid=AoBFJeGrT1hVaew_6rchkQ&#038;oh=00_AfX7QmFGhQhG2jAllVgXCiM1ZrWgvtp80-Bfppyexh1QEg&#038;oe=689E923C","og:image:secure_url":"https:\/\/scontent-gig4-1.xx.fbcdn.net\/v\/t39.30808-1\/270437624_4564083193639691_6907940295614233970_n.jpg?stp=dst-jpg_s200x200_tt6&#038;_nc_cat=111&#038;ccb=1-7&#038;_nc_sid=f907e8&#038;_nc_ohc=SM1wRlP3lJwQ7kNvwEPuBYA&#038;_nc_oc=AdnqrjDN_BNjSSHWO-GbkIWH6fkGMLw4bqvL_NH6e2wMveX7G-rP2dAqsDSq1mJMOaY&#038;_nc_zt=24&#038;_nc_ht=scontent-gig4-1.xx&#038;_nc_gid=AoBFJeGrT1hVaew_6rchkQ&#038;oh=00_AfX7QmFGhQhG2jAllVgXCiM1ZrWgvtp80-Bfppyexh1QEg&#038;oe=689E923C","article:published_time":"2018-08-21T16:31:19+00:00","article:modified_time":"2018-08-21T16:31:19+00:00","twitter:card":"summary_large_image","twitter:title":"Confer\u00eancia municipal discute sobre direitos da crian\u00e7a e do adolescente - A Not\u00edcia Online","twitter:description":"Evento promovido pela Prefeitura e CMDCA apresentou alternativas para prote\u00e7\u00e3o de crian\u00e7as e jovens muriaeenses Discutir sobre os direitos da crian\u00e7a e do adolescente em Muria\u00e9 foi um dos objetivos da Confer\u00eancia Municipal dos Direitos da Crian\u00e7a e do Adolescente. Promovida pela Prefeitura e Conselho Municipal dos Direitos da Crian\u00e7a e do Adolescente (CMDCA), com","twitter:image":"https:\/\/scontent-gig4-1.xx.fbcdn.net\/v\/t39.30808-1\/270437624_4564083193639691_6907940295614233970_n.jpg?stp=dst-jpg_s200x200_tt6&_nc_cat=111&ccb=1-7&_nc_sid=f907e8&_nc_ohc=SM1wRlP3lJwQ7kNvwEPuBYA&_nc_oc=AdnqrjDN_BNjSSHWO-GbkIWH6fkGMLw4bqvL_NH6e2wMveX7G-rP2dAqsDSq1mJMOaY&_nc_zt=24&_nc_ht=scontent-gig4-1.xx&_nc_gid=AoBFJeGrT1hVaew_6rchkQ&oh=00_AfX7QmFGhQhG2jAllVgXCiM1ZrWgvtp80-Bfppyexh1QEg&oe=689E923C"},"aioseo_meta_data":{"post_id":"60278","title":null,"description":null,"keywords":null,"keyphrases":null,"primary_term":null,"canonical_url":null,"og_title":null,"og_description":null,"og_object_type":"default","og_image_type":"default","og_image_url":null,"og_image_width":null,"og_image_height":null,"og_image_custom_url":null,"og_image_custom_fields":null,"og_video":null,"og_custom_url":null,"og_article_section":null,"og_article_tags":null,"twitter_use_og":false,"twitter_card":"default","twitter_image_type":"default","twitter_image_url":null,"twitter_image_custom_url":null,"twitter_image_custom_fields":null,"twitter_title":null,"twitter_description":null,"schema":{"blockGraphs":[],"customGraphs":[],"default":{"data":{"Article":[],"Course":[],"Dataset":[],"FAQPage":[],"Movie":[],"Person":[],"Product":[],"ProductReview":[],"Car":[],"Recipe":[],"Service":[],"SoftwareApplication":[],"WebPage":[]},"graphName":"","isEnabled":true},"graphs":[]},"schema_type":"default","schema_type_options":null,"pillar_content":false,"robots_default":true,"robots_noindex":false,"robots_noarchive":false,"robots_nosnippet":false,"robots_nofollow":false,"robots_noimageindex":false,"robots_noodp":false,"robots_notranslate":false,"robots_max_snippet":null,"robots_max_videopreview":null,"robots_max_imagepreview":"large","priority":null,"frequency":null,"local_seo":null,"breadcrumb_settings":null,"limit_modified_date":false,"ai":null,"created":"2025-08-16 21:27:32","updated":"2025-08-16 21:27:32","focus_keyword":null,"additional_keywords":null,"truseo_locale":null,"seo_analyzer_scan_date":null},"aioseo_breadcrumb":"<div class=\"aioseo-breadcrumbs\"><span class=\"aioseo-breadcrumb\">\n\t\t\t<a href=\"https:\/\/anoticiaonline.com.br\/site\" title=\"Home\">Home<\/a>\n\t\t<\/span><span class=\"aioseo-breadcrumb-separator\">&raquo;<\/span><span class=\"aioseo-breadcrumb\">\n\t\t\t<a href=\"https:\/\/anoticiaonline.com.br\/site\/categoria\/muriae\/\" title=\"Blog\">Blog<\/a>\n\t\t<\/span><span class=\"aioseo-breadcrumb-separator\">&raquo;<\/span><span class=\"aioseo-breadcrumb\">\n\t\t\t<a href=\"https:\/\/anoticiaonline.com.br\/site\/categoria\/muriae\/cotidiano\/\" title=\"Cotidiano\">Cotidiano<\/a>\n\t\t<\/span><span class=\"aioseo-breadcrumb-separator\">&raquo;<\/span><span class=\"aioseo-breadcrumb\">\n\t\t\tConfer\u00eancia municipal discute sobre direitos da crian\u00e7a e do adolescente\n\t\t<\/span><\/div>","aioseo_breadcrumb_json":[{"label":"Home","link":"https:\/\/anoticiaonline.com.br\/site"},{"label":"Blog","link":"https:\/\/anoticiaonline.com.br\/site\/categoria\/muriae\/"},{"label":"Cotidiano","link":"https:\/\/anoticiaonline.com.br\/site\/categoria\/muriae\/cotidiano\/"},{"label":"Confer\u00eancia municipal discute sobre direitos da crian\u00e7a e do adolescente","link":"https:\/\/anoticiaonline.com.br\/site\/conferencia-municipal-discute-sobre-direitos-da-crianca-e-do-adolescente\/"}],"views":145,"_links":{"self":[{"href":"https:\/\/anoticiaonline.com.br\/site\/wp-json\/wp\/v2\/posts\/60278","targetHints":{"allow":["GET"]}}],"collection":[{"href":"https:\/\/anoticiaonline.com.br\/site\/wp-json\/wp\/v2\/posts"}],"about":[{"href":"https:\/\/anoticiaonline.com.br\/site\/wp-json\/wp\/v2\/types\/post"}],"author":[{"embeddable":true,"href":"https:\/\/anoticiaonline.com.br\/site\/wp-json\/wp\/v2\/users\/2"}],"replies":[{"embeddable":true,"href":"https:\/\/anoticiaonline.com.br\/site\/wp-json\/wp\/v2\/comments?post=60278"}],"version-history":[{"count":0,"href":"https:\/\/anoticiaonline.com.br\/site\/wp-json\/wp\/v2\/posts\/60278\/revisions"}],"wp:featuredmedia":[{"embeddable":true,"href":"https:\/\/anoticiaonline.com.br\/site\/wp-json\/wp\/v2\/media\/60279"}],"wp:attachment":[{"href":"https:\/\/anoticiaonline.com.br\/site\/wp-json\/wp\/v2\/media?parent=60278"}],"wp:term":[{"taxonomy":"category","embeddable":true,"href":"https:\/\/anoticiaonline.com.br\/site\/wp-json\/wp\/v2\/categories?post=60278"},{"taxonomy":"post_tag","embeddable":true,"href":"https:\/\/anoticiaonline.com.br\/site\/wp-json\/wp\/v2\/tags?post=60278"}],"curies":[{"name":"wp","href":"https:\/\/api.w.org\/{rel}","templated":true}]}}