{"id":60274,"date":"2018-08-21T13:13:12","date_gmt":"2018-08-21T16:13:12","guid":{"rendered":"http:\/\/anoticiaonline.com.br\/site\/?p=60274"},"modified":"2018-08-21T13:13:12","modified_gmt":"2018-08-21T16:13:12","slug":"12-semanas-para-o-enem-ainda-da-tempo-de-estudar","status":"publish","type":"post","link":"https:\/\/anoticiaonline.com.br\/site\/12-semanas-para-o-enem-ainda-da-tempo-de-estudar\/","title":{"rendered":"12 semanas para o ENEM: ainda d\u00e1 tempo de estudar?"},"content":{"rendered":"<p><em><a href=\"https:\/\/anoticiaonline.com.br\/site\/wp-content\/uploads\/2018\/08\/unnamed-2.jpg\"><img fetchpriority=\"high\" decoding=\"async\" class=\"aligncenter size-full wp-image-60275\" src=\"https:\/\/anoticiaonline.com.br\/site\/wp-content\/uploads\/2018\/08\/unnamed-2.jpg\" alt=\"\" width=\"900\" height=\"601\" srcset=\"https:\/\/anoticiaonline.com.br\/site\/wp-content\/uploads\/2018\/08\/unnamed-2.jpg 900w, https:\/\/anoticiaonline.com.br\/site\/wp-content\/uploads\/2018\/08\/unnamed-2-300x200.jpg 300w, https:\/\/anoticiaonline.com.br\/site\/wp-content\/uploads\/2018\/08\/unnamed-2-768x513.jpg 768w\" sizes=\"(max-width: 900px) 100vw, 900px\" \/><\/a>Coordenador do Sistema de Ensino pH, Fabr\u00edcio Cortezi, fala sobre como recuperar o tempo perdido e manter o foco nessa reta final<\/em><\/p>\n<p>O primeiro dia do Exame Nacional do Ensino M\u00e9dio (ENEM) acontece daqui a 12 semanas, no dia 4 de novembro. Para alguns vestibulandos, a press\u00e3o e a ansiedade come\u00e7am a aparecer, e a correria para aprender e revisar todos os conte\u00fados poss\u00edveis s\u00f3 aumenta. \u00c9 importante ressaltar que quanto antes o aluno come\u00e7ar a estudar para o vestibular, maiores s\u00e3o as chances de alcan\u00e7ar a nota desejada. Mas para quem ainda n\u00e3o se dedicou completamente, saiba que ainda \u00e9 poss\u00edvel chegar l\u00e1.<\/p>\n<p>Daqui para frente, \u00e9 importante manter o foco, revisar o que j\u00e1 sabe e separar um tempo maior para novos conte\u00fados. Segundo Fabr\u00edcio Cortezi, coordenador do Sistema de Ensino pH, vale consultar o peso de cada disciplina para o curso desejado. \u201cO estudante tem que saber o peso de cada \u00e1rea do conhecimento para o curso que almeja, assim ele pode direcionar o estudo com foco nessas \u00e1reas espec\u00edficas, mas sem descartar as outras\u201d, afirma Fabr\u00edcio. \u201cAssim, as chances de ter uma nota melhor s\u00e3o maiores\u201d, conclui.<\/p>\n<p>N\u00e3o esquecer de descansar tamb\u00e9m \u00e9 fundamental. Fabr\u00edcio indica aproveitar os momentos de lazer para fazer atividades interligadas com os conte\u00fados. \u201cTudo o que os alunos puderem fazer que tenha alguma rela\u00e7\u00e3o com atualidades ou com as disciplinas, mesmo que indiretamente, \u00e9 fundamental para aproveitar ao m\u00e1ximo o tempo\u201d, ressalta o coordenador. Ir ao cinema, assistir um document\u00e1rio, visitar uma exposi\u00e7\u00e3o em um museu, ler um livro, entre outras atividades ajudam a relaxar e ainda destinam um tempo do estudante para se atualizar sobre temas importantes que podem, inclusive, cair em uma reda\u00e7\u00e3o.<\/p>\n<p>Nesse per\u00edodo antes do ENEM, o vestibulando tamb\u00e9m ficar\u00e1 sabendo o local em que realizar\u00e1 a prova. Com isso, vale pesquisar os melhores trajetos, verificar se a inscri\u00e7\u00e3o est\u00e1 correta, com todos os dados, al\u00e9m de j\u00e1 ficar atento com a documenta\u00e7\u00e3o necess\u00e1ria para o dia da prova. Por exemplo, o RG tem um prazo de validade por conta da atualiza\u00e7\u00e3o da foto, ou seja, se voc\u00ea tiver mudado muito desde que tirou a foto do seu documento, vale providenciar um novo a tempo.<\/p>\n","protected":false},"excerpt":{"rendered":"<p>Coordenador do Sistema de Ensino pH, Fabr\u00edcio Cortezi, fala sobre como recuperar o tempo perdido e manter o foco nessa reta final O primeiro dia do Exame Nacional do Ensino M\u00e9dio (ENEM) acontece daqui a 12 semanas, no dia 4 de novembro. Para alguns vestibulandos, a press\u00e3o e a ansiedade come\u00e7am a aparecer, e a &#8230; <a title=\"12 semanas para o ENEM: ainda d\u00e1 tempo de estudar?\" class=\"read-more\" href=\"https:\/\/anoticiaonline.com.br\/site\/12-semanas-para-o-enem-ainda-da-tempo-de-estudar\/\" aria-label=\"Read more about 12 semanas para o ENEM: ainda d\u00e1 tempo de estudar?\">Ler mais<\/a><\/p>\n","protected":false},"author":2,"featured_media":60275,"comment_status":"open","ping_status":"open","sticky":false,"template":"","format":"standard","meta":{"_acf_changed":false,"_monsterinsights_skip_tracking":false,"footnotes":""},"categories":[19],"tags":[378,2987],"class_list":["post-60274","post","type-post","status-publish","format-standard","has-post-thumbnail","hentry","category-cultura","tag-enem","tag-sistema-de-ensino-ph"],"acf":[],"aioseo_notices":[],"aioseo_head":"\n\t\t<!-- All in One SEO 5.0.0.1 - aioseo.com -->\n\t<meta name=\"description\" content=\"Coordenador do Sistema de Ensino pH, Fabr\u00edcio Cortezi, fala sobre como recuperar o tempo perdido e manter o foco nessa reta final O primeiro dia do Exame Nacional do Ensino M\u00e9dio (ENEM) acontece daqui a 12 semanas, no dia 4 de novembro. Para alguns vestibulandos, a press\u00e3o e a ansiedade come\u00e7am a aparecer, e a\" \/>\n\t<meta name=\"robots\" content=\"max-image-preview:large\" \/>\n\t<meta name=\"author\" content=\"Juliana Laviola\"\/>\n\t<link rel=\"canonical\" href=\"https:\/\/anoticiaonline.com.br\/site\/12-semanas-para-o-enem-ainda-da-tempo-de-estudar\/\" \/>\n\t<meta name=\"generator\" content=\"All in One SEO (AIOSEO) 5.0.0.1\" \/>\n\t\t<meta property=\"og:locale\" content=\"pt_BR\" \/>\n\t\t<meta property=\"og:site_name\" content=\"A Not\u00edcia Online - Noticias de Muria\u00e9 e regi\u00e3o\" \/>\n\t\t<meta property=\"og:type\" content=\"article\" \/>\n\t\t<meta property=\"og:title\" content=\"12 semanas para o ENEM: ainda d\u00e1 tempo de estudar? - A Not\u00edcia Online\" \/>\n\t\t<meta property=\"og:description\" content=\"Coordenador do Sistema de Ensino pH, Fabr\u00edcio Cortezi, fala sobre como recuperar o tempo perdido e manter o foco nessa reta final O primeiro dia do Exame Nacional do Ensino M\u00e9dio (ENEM) acontece daqui a 12 semanas, no dia 4 de novembro. Para alguns vestibulandos, a press\u00e3o e a ansiedade come\u00e7am a aparecer, e a\" \/>\n\t\t<meta property=\"og:url\" content=\"https:\/\/anoticiaonline.com.br\/site\/12-semanas-para-o-enem-ainda-da-tempo-de-estudar\/\" \/>\n\t\t<meta property=\"og:image\" content=\"https:\/\/scontent-gig4-1.xx.fbcdn.net\/v\/t39.30808-1\/270437624_4564083193639691_6907940295614233970_n.jpg?stp=dst-jpg_s200x200_tt6&#038;_nc_cat=111&#038;ccb=1-7&#038;_nc_sid=f907e8&#038;_nc_ohc=SM1wRlP3lJwQ7kNvwEPuBYA&#038;_nc_oc=AdnqrjDN_BNjSSHWO-GbkIWH6fkGMLw4bqvL_NH6e2wMveX7G-rP2dAqsDSq1mJMOaY&#038;_nc_zt=24&#038;_nc_ht=scontent-gig4-1.xx&#038;_nc_gid=AoBFJeGrT1hVaew_6rchkQ&#038;oh=00_AfX7QmFGhQhG2jAllVgXCiM1ZrWgvtp80-Bfppyexh1QEg&#038;oe=689E923C\" \/>\n\t\t<meta property=\"og:image:secure_url\" content=\"https:\/\/scontent-gig4-1.xx.fbcdn.net\/v\/t39.30808-1\/270437624_4564083193639691_6907940295614233970_n.jpg?stp=dst-jpg_s200x200_tt6&#038;_nc_cat=111&#038;ccb=1-7&#038;_nc_sid=f907e8&#038;_nc_ohc=SM1wRlP3lJwQ7kNvwEPuBYA&#038;_nc_oc=AdnqrjDN_BNjSSHWO-GbkIWH6fkGMLw4bqvL_NH6e2wMveX7G-rP2dAqsDSq1mJMOaY&#038;_nc_zt=24&#038;_nc_ht=scontent-gig4-1.xx&#038;_nc_gid=AoBFJeGrT1hVaew_6rchkQ&#038;oh=00_AfX7QmFGhQhG2jAllVgXCiM1ZrWgvtp80-Bfppyexh1QEg&#038;oe=689E923C\" \/>\n\t\t<meta property=\"article:published_time\" content=\"2018-08-21T16:13:12+00:00\" \/>\n\t\t<meta property=\"article:modified_time\" content=\"2018-08-21T16:13:12+00:00\" \/>\n\t\t<meta name=\"twitter:card\" content=\"summary_large_image\" \/>\n\t\t<meta name=\"twitter:title\" content=\"12 semanas para o ENEM: ainda d\u00e1 tempo de estudar? - A Not\u00edcia Online\" \/>\n\t\t<meta name=\"twitter:description\" content=\"Coordenador do Sistema de Ensino pH, Fabr\u00edcio Cortezi, fala sobre como recuperar o tempo perdido e manter o foco nessa reta final O primeiro dia do Exame Nacional do Ensino M\u00e9dio (ENEM) acontece daqui a 12 semanas, no dia 4 de novembro. Para alguns vestibulandos, a press\u00e3o e a ansiedade come\u00e7am a aparecer, e a\" \/>\n\t\t<meta name=\"twitter:image\" content=\"https:\/\/scontent-gig4-1.xx.fbcdn.net\/v\/t39.30808-1\/270437624_4564083193639691_6907940295614233970_n.jpg?stp=dst-jpg_s200x200_tt6&amp;_nc_cat=111&amp;ccb=1-7&amp;_nc_sid=f907e8&amp;_nc_ohc=SM1wRlP3lJwQ7kNvwEPuBYA&amp;_nc_oc=AdnqrjDN_BNjSSHWO-GbkIWH6fkGMLw4bqvL_NH6e2wMveX7G-rP2dAqsDSq1mJMOaY&amp;_nc_zt=24&amp;_nc_ht=scontent-gig4-1.xx&amp;_nc_gid=AoBFJeGrT1hVaew_6rchkQ&amp;oh=00_AfX7QmFGhQhG2jAllVgXCiM1ZrWgvtp80-Bfppyexh1QEg&amp;oe=689E923C\" \/>\n\t\t<script type=\"application\/ld+json\" class=\"aioseo-schema\">\n\t\t\t{\"@context\":\"https:\\\/\\\/schema.org\",\"@graph\":[{\"@type\":\"BlogPosting\",\"@id\":\"https:\\\/\\\/anoticiaonline.com.br\\\/site\\\/12-semanas-para-o-enem-ainda-da-tempo-de-estudar\\\/#blogposting\",\"name\":\"12 semanas para o ENEM: ainda d\\u00e1 tempo de estudar? - A Not\\u00edcia Online\",\"headline\":\"12 semanas para o ENEM: ainda d\\u00e1 tempo de estudar?\",\"author\":{\"@id\":\"https:\\\/\\\/anoticiaonline.com.br\\\/site\\\/author\\\/juliana\\\/#author\"},\"publisher\":{\"@id\":\"https:\\\/\\\/anoticiaonline.com.br\\\/site\\\/#organization\"},\"image\":{\"@type\":\"ImageObject\",\"url\":\"https:\\\/\\\/anoticiaonline.com.br\\\/site\\\/wp-content\\\/uploads\\\/2018\\\/08\\\/unnamed-2.jpg\",\"width\":900,\"height\":601},\"datePublished\":\"2018-08-21T13:13:12-03:00\",\"dateModified\":\"2018-08-21T13:13:12-03:00\",\"inLanguage\":\"pt-BR\",\"mainEntityOfPage\":{\"@id\":\"https:\\\/\\\/anoticiaonline.com.br\\\/site\\\/12-semanas-para-o-enem-ainda-da-tempo-de-estudar\\\/#webpage\"},\"isPartOf\":{\"@id\":\"https:\\\/\\\/anoticiaonline.com.br\\\/site\\\/12-semanas-para-o-enem-ainda-da-tempo-de-estudar\\\/#webpage\"},\"articleSection\":\"Cultura, Enem, Sistema de Ensino pH\"},{\"@type\":\"BreadcrumbList\",\"@id\":\"https:\\\/\\\/anoticiaonline.com.br\\\/site\\\/12-semanas-para-o-enem-ainda-da-tempo-de-estudar\\\/#breadcrumblist\",\"itemListElement\":[{\"@type\":\"ListItem\",\"@id\":\"https:\\\/\\\/anoticiaonline.com.br\\\/site#listItem\",\"position\":1,\"name\":\"Home\",\"item\":\"https:\\\/\\\/anoticiaonline.com.br\\\/site\",\"nextItem\":{\"@type\":\"ListItem\",\"@id\":\"https:\\\/\\\/anoticiaonline.com.br\\\/site\\\/categoria\\\/muriae\\\/#listItem\",\"name\":\"Blog\"}},{\"@type\":\"ListItem\",\"@id\":\"https:\\\/\\\/anoticiaonline.com.br\\\/site\\\/categoria\\\/muriae\\\/#listItem\",\"position\":2,\"name\":\"Blog\",\"item\":\"https:\\\/\\\/anoticiaonline.com.br\\\/site\\\/categoria\\\/muriae\\\/\",\"nextItem\":{\"@type\":\"ListItem\",\"@id\":\"https:\\\/\\\/anoticiaonline.com.br\\\/site\\\/categoria\\\/muriae\\\/cultura\\\/#listItem\",\"name\":\"Cultura\"},\"previousItem\":{\"@type\":\"ListItem\",\"@id\":\"https:\\\/\\\/anoticiaonline.com.br\\\/site#listItem\",\"name\":\"Home\"}},{\"@type\":\"ListItem\",\"@id\":\"https:\\\/\\\/anoticiaonline.com.br\\\/site\\\/categoria\\\/muriae\\\/cultura\\\/#listItem\",\"position\":3,\"name\":\"Cultura\",\"item\":\"https:\\\/\\\/anoticiaonline.com.br\\\/site\\\/categoria\\\/muriae\\\/cultura\\\/\",\"nextItem\":{\"@type\":\"ListItem\",\"@id\":\"https:\\\/\\\/anoticiaonline.com.br\\\/site\\\/12-semanas-para-o-enem-ainda-da-tempo-de-estudar\\\/#listItem\",\"name\":\"12 semanas para o ENEM: ainda d\\u00e1 tempo de estudar?\"},\"previousItem\":{\"@type\":\"ListItem\",\"@id\":\"https:\\\/\\\/anoticiaonline.com.br\\\/site\\\/categoria\\\/muriae\\\/#listItem\",\"name\":\"Blog\"}},{\"@type\":\"ListItem\",\"@id\":\"https:\\\/\\\/anoticiaonline.com.br\\\/site\\\/12-semanas-para-o-enem-ainda-da-tempo-de-estudar\\\/#listItem\",\"position\":4,\"name\":\"12 semanas para o ENEM: ainda d\\u00e1 tempo de estudar?\",\"previousItem\":{\"@type\":\"ListItem\",\"@id\":\"https:\\\/\\\/anoticiaonline.com.br\\\/site\\\/categoria\\\/muriae\\\/cultura\\\/#listItem\",\"name\":\"Cultura\"}}]},{\"@type\":\"Organization\",\"@id\":\"https:\\\/\\\/anoticiaonline.com.br\\\/site\\\/#organization\",\"name\":\"A Not\\u00edcia Online\",\"description\":\"Noticias de Muria\\u00e9 e regi\\u00e3o\",\"url\":\"https:\\\/\\\/anoticiaonline.com.br\\\/site\\\/\",\"logo\":{\"@type\":\"ImageObject\",\"url\":\"https:\\\/\\\/scontent-gig4-1.xx.fbcdn.net\\\/v\\\/t39.30808-1\\\/270437624_4564083193639691_6907940295614233970_n.jpg?stp=dst-jpg_s200x200_tt6&_nc_cat=111&ccb=1-7&_nc_sid=f907e8&_nc_ohc=SM1wRlP3lJwQ7kNvwEPuBYA&_nc_oc=AdnqrjDN_BNjSSHWO-GbkIWH6fkGMLw4bqvL_NH6e2wMveX7G-rP2dAqsDSq1mJMOaY&_nc_zt=24&_nc_ht=scontent-gig4-1.xx&_nc_gid=AoBFJeGrT1hVaew_6rchkQ&oh=00_AfX7QmFGhQhG2jAllVgXCiM1ZrWgvtp80-Bfppyexh1QEg&oe=689E923C\",\"@id\":\"https:\\\/\\\/anoticiaonline.com.br\\\/site\\\/12-semanas-para-o-enem-ainda-da-tempo-de-estudar\\\/#organizationLogo\"},\"image\":{\"@id\":\"https:\\\/\\\/anoticiaonline.com.br\\\/site\\\/12-semanas-para-o-enem-ainda-da-tempo-de-estudar\\\/#organizationLogo\"}},{\"@type\":\"Person\",\"@id\":\"https:\\\/\\\/anoticiaonline.com.br\\\/site\\\/author\\\/juliana\\\/#author\",\"url\":\"https:\\\/\\\/anoticiaonline.com.br\\\/site\\\/author\\\/juliana\\\/\",\"name\":\"Juliana Laviola\",\"image\":{\"@type\":\"ImageObject\",\"@id\":\"https:\\\/\\\/anoticiaonline.com.br\\\/site\\\/12-semanas-para-o-enem-ainda-da-tempo-de-estudar\\\/#authorImage\",\"url\":\"https:\\\/\\\/secure.gravatar.com\\\/avatar\\\/b8d45f5c699b100dfaf0e543582f38f38bf94cb7ae3a5e9abf8d891a34773335?s=96&d=mm&r=g\",\"width\":96,\"height\":96,\"caption\":\"Juliana Laviola\"}},{\"@type\":\"WebPage\",\"@id\":\"https:\\\/\\\/anoticiaonline.com.br\\\/site\\\/12-semanas-para-o-enem-ainda-da-tempo-de-estudar\\\/#webpage\",\"url\":\"https:\\\/\\\/anoticiaonline.com.br\\\/site\\\/12-semanas-para-o-enem-ainda-da-tempo-de-estudar\\\/\",\"name\":\"12 semanas para o ENEM: ainda d\\u00e1 tempo de estudar? - A Not\\u00edcia Online\",\"description\":\"Coordenador do Sistema de Ensino pH, Fabr\\u00edcio Cortezi, fala sobre como recuperar o tempo perdido e manter o foco nessa reta final O primeiro dia do Exame Nacional do Ensino M\\u00e9dio (ENEM) acontece daqui a 12 semanas, no dia 4 de novembro. Para alguns vestibulandos, a press\\u00e3o e a ansiedade come\\u00e7am a aparecer, e a\",\"inLanguage\":\"pt-BR\",\"isPartOf\":{\"@id\":\"https:\\\/\\\/anoticiaonline.com.br\\\/site\\\/#website\"},\"breadcrumb\":{\"@id\":\"https:\\\/\\\/anoticiaonline.com.br\\\/site\\\/12-semanas-para-o-enem-ainda-da-tempo-de-estudar\\\/#breadcrumblist\"},\"author\":{\"@id\":\"https:\\\/\\\/anoticiaonline.com.br\\\/site\\\/author\\\/juliana\\\/#author\"},\"creator\":{\"@id\":\"https:\\\/\\\/anoticiaonline.com.br\\\/site\\\/author\\\/juliana\\\/#author\"},\"image\":{\"@type\":\"ImageObject\",\"url\":\"https:\\\/\\\/anoticiaonline.com.br\\\/site\\\/wp-content\\\/uploads\\\/2018\\\/08\\\/unnamed-2.jpg\",\"@id\":\"https:\\\/\\\/anoticiaonline.com.br\\\/site\\\/12-semanas-para-o-enem-ainda-da-tempo-de-estudar\\\/#mainImage\",\"width\":900,\"height\":601},\"primaryImageOfPage\":{\"@id\":\"https:\\\/\\\/anoticiaonline.com.br\\\/site\\\/12-semanas-para-o-enem-ainda-da-tempo-de-estudar\\\/#mainImage\"},\"datePublished\":\"2018-08-21T13:13:12-03:00\",\"dateModified\":\"2018-08-21T13:13:12-03:00\"},{\"@type\":\"WebSite\",\"@id\":\"https:\\\/\\\/anoticiaonline.com.br\\\/site\\\/#website\",\"url\":\"https:\\\/\\\/anoticiaonline.com.br\\\/site\\\/\",\"name\":\"A Not\\u00edcia Online\",\"description\":\"Noticias de Muria\\u00e9 e regi\\u00e3o\",\"inLanguage\":\"pt-BR\",\"publisher\":{\"@id\":\"https:\\\/\\\/anoticiaonline.com.br\\\/site\\\/#organization\"}}]}\n\t\t<\/script>\n\t\t<!-- All in One SEO -->\n\n","aioseo_head_json":{"title":"12 semanas para o ENEM: ainda d\u00e1 tempo de estudar? - A Not\u00edcia Online","description":"Coordenador do Sistema de Ensino pH, Fabr\u00edcio Cortezi, fala sobre como recuperar o tempo perdido e manter o foco nessa reta final O primeiro dia do Exame Nacional do Ensino M\u00e9dio (ENEM) acontece daqui a 12 semanas, no dia 4 de novembro. Para alguns vestibulandos, a press\u00e3o e a ansiedade come\u00e7am a aparecer, e a","canonical_url":"https:\/\/anoticiaonline.com.br\/site\/12-semanas-para-o-enem-ainda-da-tempo-de-estudar\/","robots":"max-image-preview:large","keywords":"","webmasterTools":{"miscellaneous":""},"schema":{"@context":"https:\/\/schema.org","@graph":[{"@type":"BlogPosting","@id":"https:\/\/anoticiaonline.com.br\/site\/12-semanas-para-o-enem-ainda-da-tempo-de-estudar\/#blogposting","name":"12 semanas para o ENEM: ainda d\u00e1 tempo de estudar? - A Not\u00edcia Online","headline":"12 semanas para o ENEM: ainda d\u00e1 tempo de estudar?","author":{"@id":"https:\/\/anoticiaonline.com.br\/site\/author\/juliana\/#author"},"publisher":{"@id":"https:\/\/anoticiaonline.com.br\/site\/#organization"},"image":{"@type":"ImageObject","url":"https:\/\/anoticiaonline.com.br\/site\/wp-content\/uploads\/2018\/08\/unnamed-2.jpg","width":900,"height":601},"datePublished":"2018-08-21T13:13:12-03:00","dateModified":"2018-08-21T13:13:12-03:00","inLanguage":"pt-BR","mainEntityOfPage":{"@id":"https:\/\/anoticiaonline.com.br\/site\/12-semanas-para-o-enem-ainda-da-tempo-de-estudar\/#webpage"},"isPartOf":{"@id":"https:\/\/anoticiaonline.com.br\/site\/12-semanas-para-o-enem-ainda-da-tempo-de-estudar\/#webpage"},"articleSection":"Cultura, Enem, Sistema de Ensino pH"},{"@type":"BreadcrumbList","@id":"https:\/\/anoticiaonline.com.br\/site\/12-semanas-para-o-enem-ainda-da-tempo-de-estudar\/#breadcrumblist","itemListElement":[{"@type":"ListItem","@id":"https:\/\/anoticiaonline.com.br\/site#listItem","position":1,"name":"Home","item":"https:\/\/anoticiaonline.com.br\/site","nextItem":{"@type":"ListItem","@id":"https:\/\/anoticiaonline.com.br\/site\/categoria\/muriae\/#listItem","name":"Blog"}},{"@type":"ListItem","@id":"https:\/\/anoticiaonline.com.br\/site\/categoria\/muriae\/#listItem","position":2,"name":"Blog","item":"https:\/\/anoticiaonline.com.br\/site\/categoria\/muriae\/","nextItem":{"@type":"ListItem","@id":"https:\/\/anoticiaonline.com.br\/site\/categoria\/muriae\/cultura\/#listItem","name":"Cultura"},"previousItem":{"@type":"ListItem","@id":"https:\/\/anoticiaonline.com.br\/site#listItem","name":"Home"}},{"@type":"ListItem","@id":"https:\/\/anoticiaonline.com.br\/site\/categoria\/muriae\/cultura\/#listItem","position":3,"name":"Cultura","item":"https:\/\/anoticiaonline.com.br\/site\/categoria\/muriae\/cultura\/","nextItem":{"@type":"ListItem","@id":"https:\/\/anoticiaonline.com.br\/site\/12-semanas-para-o-enem-ainda-da-tempo-de-estudar\/#listItem","name":"12 semanas para o ENEM: ainda d\u00e1 tempo de estudar?"},"previousItem":{"@type":"ListItem","@id":"https:\/\/anoticiaonline.com.br\/site\/categoria\/muriae\/#listItem","name":"Blog"}},{"@type":"ListItem","@id":"https:\/\/anoticiaonline.com.br\/site\/12-semanas-para-o-enem-ainda-da-tempo-de-estudar\/#listItem","position":4,"name":"12 semanas para o ENEM: ainda d\u00e1 tempo de estudar?","previousItem":{"@type":"ListItem","@id":"https:\/\/anoticiaonline.com.br\/site\/categoria\/muriae\/cultura\/#listItem","name":"Cultura"}}]},{"@type":"Organization","@id":"https:\/\/anoticiaonline.com.br\/site\/#organization","name":"A Not\u00edcia Online","description":"Noticias de Muria\u00e9 e regi\u00e3o","url":"https:\/\/anoticiaonline.com.br\/site\/","logo":{"@type":"ImageObject","url":"https:\/\/scontent-gig4-1.xx.fbcdn.net\/v\/t39.30808-1\/270437624_4564083193639691_6907940295614233970_n.jpg?stp=dst-jpg_s200x200_tt6&_nc_cat=111&ccb=1-7&_nc_sid=f907e8&_nc_ohc=SM1wRlP3lJwQ7kNvwEPuBYA&_nc_oc=AdnqrjDN_BNjSSHWO-GbkIWH6fkGMLw4bqvL_NH6e2wMveX7G-rP2dAqsDSq1mJMOaY&_nc_zt=24&_nc_ht=scontent-gig4-1.xx&_nc_gid=AoBFJeGrT1hVaew_6rchkQ&oh=00_AfX7QmFGhQhG2jAllVgXCiM1ZrWgvtp80-Bfppyexh1QEg&oe=689E923C","@id":"https:\/\/anoticiaonline.com.br\/site\/12-semanas-para-o-enem-ainda-da-tempo-de-estudar\/#organizationLogo"},"image":{"@id":"https:\/\/anoticiaonline.com.br\/site\/12-semanas-para-o-enem-ainda-da-tempo-de-estudar\/#organizationLogo"}},{"@type":"Person","@id":"https:\/\/anoticiaonline.com.br\/site\/author\/juliana\/#author","url":"https:\/\/anoticiaonline.com.br\/site\/author\/juliana\/","name":"Juliana Laviola","image":{"@type":"ImageObject","@id":"https:\/\/anoticiaonline.com.br\/site\/12-semanas-para-o-enem-ainda-da-tempo-de-estudar\/#authorImage","url":"https:\/\/secure.gravatar.com\/avatar\/b8d45f5c699b100dfaf0e543582f38f38bf94cb7ae3a5e9abf8d891a34773335?s=96&d=mm&r=g","width":96,"height":96,"caption":"Juliana Laviola"}},{"@type":"WebPage","@id":"https:\/\/anoticiaonline.com.br\/site\/12-semanas-para-o-enem-ainda-da-tempo-de-estudar\/#webpage","url":"https:\/\/anoticiaonline.com.br\/site\/12-semanas-para-o-enem-ainda-da-tempo-de-estudar\/","name":"12 semanas para o ENEM: ainda d\u00e1 tempo de estudar? - A Not\u00edcia Online","description":"Coordenador do Sistema de Ensino pH, Fabr\u00edcio Cortezi, fala sobre como recuperar o tempo perdido e manter o foco nessa reta final O primeiro dia do Exame Nacional do Ensino M\u00e9dio (ENEM) acontece daqui a 12 semanas, no dia 4 de novembro. Para alguns vestibulandos, a press\u00e3o e a ansiedade come\u00e7am a aparecer, e a","inLanguage":"pt-BR","isPartOf":{"@id":"https:\/\/anoticiaonline.com.br\/site\/#website"},"breadcrumb":{"@id":"https:\/\/anoticiaonline.com.br\/site\/12-semanas-para-o-enem-ainda-da-tempo-de-estudar\/#breadcrumblist"},"author":{"@id":"https:\/\/anoticiaonline.com.br\/site\/author\/juliana\/#author"},"creator":{"@id":"https:\/\/anoticiaonline.com.br\/site\/author\/juliana\/#author"},"image":{"@type":"ImageObject","url":"https:\/\/anoticiaonline.com.br\/site\/wp-content\/uploads\/2018\/08\/unnamed-2.jpg","@id":"https:\/\/anoticiaonline.com.br\/site\/12-semanas-para-o-enem-ainda-da-tempo-de-estudar\/#mainImage","width":900,"height":601},"primaryImageOfPage":{"@id":"https:\/\/anoticiaonline.com.br\/site\/12-semanas-para-o-enem-ainda-da-tempo-de-estudar\/#mainImage"},"datePublished":"2018-08-21T13:13:12-03:00","dateModified":"2018-08-21T13:13:12-03:00"},{"@type":"WebSite","@id":"https:\/\/anoticiaonline.com.br\/site\/#website","url":"https:\/\/anoticiaonline.com.br\/site\/","name":"A Not\u00edcia Online","description":"Noticias de Muria\u00e9 e regi\u00e3o","inLanguage":"pt-BR","publisher":{"@id":"https:\/\/anoticiaonline.com.br\/site\/#organization"}}]},"og:locale":"pt_BR","og:site_name":"A Not\u00edcia Online - Noticias de Muria\u00e9 e regi\u00e3o","og:type":"article","og:title":"12 semanas para o ENEM: ainda d\u00e1 tempo de estudar? - A Not\u00edcia Online","og:description":"Coordenador do Sistema de Ensino pH, Fabr\u00edcio Cortezi, fala sobre como recuperar o tempo perdido e manter o foco nessa reta final O primeiro dia do Exame Nacional do Ensino M\u00e9dio (ENEM) acontece daqui a 12 semanas, no dia 4 de novembro. Para alguns vestibulandos, a press\u00e3o e a ansiedade come\u00e7am a aparecer, e a","og:url":"https:\/\/anoticiaonline.com.br\/site\/12-semanas-para-o-enem-ainda-da-tempo-de-estudar\/","og:image":"https:\/\/scontent-gig4-1.xx.fbcdn.net\/v\/t39.30808-1\/270437624_4564083193639691_6907940295614233970_n.jpg?stp=dst-jpg_s200x200_tt6&#038;_nc_cat=111&#038;ccb=1-7&#038;_nc_sid=f907e8&#038;_nc_ohc=SM1wRlP3lJwQ7kNvwEPuBYA&#038;_nc_oc=AdnqrjDN_BNjSSHWO-GbkIWH6fkGMLw4bqvL_NH6e2wMveX7G-rP2dAqsDSq1mJMOaY&#038;_nc_zt=24&#038;_nc_ht=scontent-gig4-1.xx&#038;_nc_gid=AoBFJeGrT1hVaew_6rchkQ&#038;oh=00_AfX7QmFGhQhG2jAllVgXCiM1ZrWgvtp80-Bfppyexh1QEg&#038;oe=689E923C","og:image:secure_url":"https:\/\/scontent-gig4-1.xx.fbcdn.net\/v\/t39.30808-1\/270437624_4564083193639691_6907940295614233970_n.jpg?stp=dst-jpg_s200x200_tt6&#038;_nc_cat=111&#038;ccb=1-7&#038;_nc_sid=f907e8&#038;_nc_ohc=SM1wRlP3lJwQ7kNvwEPuBYA&#038;_nc_oc=AdnqrjDN_BNjSSHWO-GbkIWH6fkGMLw4bqvL_NH6e2wMveX7G-rP2dAqsDSq1mJMOaY&#038;_nc_zt=24&#038;_nc_ht=scontent-gig4-1.xx&#038;_nc_gid=AoBFJeGrT1hVaew_6rchkQ&#038;oh=00_AfX7QmFGhQhG2jAllVgXCiM1ZrWgvtp80-Bfppyexh1QEg&#038;oe=689E923C","article:published_time":"2018-08-21T16:13:12+00:00","article:modified_time":"2018-08-21T16:13:12+00:00","twitter:card":"summary_large_image","twitter:title":"12 semanas para o ENEM: ainda d\u00e1 tempo de estudar? - A Not\u00edcia Online","twitter:description":"Coordenador do Sistema de Ensino pH, Fabr\u00edcio Cortezi, fala sobre como recuperar o tempo perdido e manter o foco nessa reta final O primeiro dia do Exame Nacional do Ensino M\u00e9dio (ENEM) acontece daqui a 12 semanas, no dia 4 de novembro. Para alguns vestibulandos, a press\u00e3o e a ansiedade come\u00e7am a aparecer, e a","twitter:image":"https:\/\/scontent-gig4-1.xx.fbcdn.net\/v\/t39.30808-1\/270437624_4564083193639691_6907940295614233970_n.jpg?stp=dst-jpg_s200x200_tt6&_nc_cat=111&ccb=1-7&_nc_sid=f907e8&_nc_ohc=SM1wRlP3lJwQ7kNvwEPuBYA&_nc_oc=AdnqrjDN_BNjSSHWO-GbkIWH6fkGMLw4bqvL_NH6e2wMveX7G-rP2dAqsDSq1mJMOaY&_nc_zt=24&_nc_ht=scontent-gig4-1.xx&_nc_gid=AoBFJeGrT1hVaew_6rchkQ&oh=00_AfX7QmFGhQhG2jAllVgXCiM1ZrWgvtp80-Bfppyexh1QEg&oe=689E923C"},"aioseo_meta_data":{"post_id":"60274","title":null,"description":null,"keywords":null,"keyphrases":null,"primary_term":null,"canonical_url":null,"og_title":null,"og_description":null,"og_object_type":"default","og_image_type":"default","og_image_url":null,"og_image_width":null,"og_image_height":null,"og_image_custom_url":null,"og_image_custom_fields":null,"og_video":null,"og_custom_url":null,"og_article_section":null,"og_article_tags":null,"twitter_use_og":false,"twitter_card":"default","twitter_image_type":"default","twitter_image_url":null,"twitter_image_custom_url":null,"twitter_image_custom_fields":null,"twitter_title":null,"twitter_description":null,"schema":{"blockGraphs":[],"customGraphs":[],"default":{"data":{"Article":[],"Course":[],"Dataset":[],"FAQPage":[],"Movie":[],"Person":[],"Product":[],"ProductReview":[],"Car":[],"Recipe":[],"Service":[],"SoftwareApplication":[],"WebPage":[]},"graphName":"","isEnabled":true},"graphs":[]},"schema_type":"default","schema_type_options":null,"pillar_content":false,"robots_default":true,"robots_noindex":false,"robots_noarchive":false,"robots_nosnippet":false,"robots_nofollow":false,"robots_noimageindex":false,"robots_noodp":false,"robots_notranslate":false,"robots_max_snippet":null,"robots_max_videopreview":null,"robots_max_imagepreview":"large","priority":null,"frequency":null,"local_seo":null,"breadcrumb_settings":null,"limit_modified_date":false,"ai":null,"created":"2025-08-16 21:27:32","updated":"2025-08-16 21:27:32","focus_keyword":null,"additional_keywords":null,"truseo_locale":null,"seo_analyzer_scan_date":null},"aioseo_breadcrumb":"<div class=\"aioseo-breadcrumbs\"><span class=\"aioseo-breadcrumb\">\n\t\t\t<a href=\"https:\/\/anoticiaonline.com.br\/site\" title=\"Home\">Home<\/a>\n\t\t<\/span><span class=\"aioseo-breadcrumb-separator\">&raquo;<\/span><span class=\"aioseo-breadcrumb\">\n\t\t\t<a href=\"https:\/\/anoticiaonline.com.br\/site\/categoria\/muriae\/\" title=\"Blog\">Blog<\/a>\n\t\t<\/span><span class=\"aioseo-breadcrumb-separator\">&raquo;<\/span><span class=\"aioseo-breadcrumb\">\n\t\t\t<a href=\"https:\/\/anoticiaonline.com.br\/site\/categoria\/muriae\/cultura\/\" title=\"Cultura\">Cultura<\/a>\n\t\t<\/span><span class=\"aioseo-breadcrumb-separator\">&raquo;<\/span><span class=\"aioseo-breadcrumb\">\n\t\t\t12 semanas para o ENEM: ainda d\u00e1 tempo de estudar?\n\t\t<\/span><\/div>","aioseo_breadcrumb_json":[{"label":"Home","link":"https:\/\/anoticiaonline.com.br\/site"},{"label":"Blog","link":"https:\/\/anoticiaonline.com.br\/site\/categoria\/muriae\/"},{"label":"Cultura","link":"https:\/\/anoticiaonline.com.br\/site\/categoria\/muriae\/cultura\/"},{"label":"12 semanas para o ENEM: ainda d\u00e1 tempo de estudar?","link":"https:\/\/anoticiaonline.com.br\/site\/12-semanas-para-o-enem-ainda-da-tempo-de-estudar\/"}],"views":160,"_links":{"self":[{"href":"https:\/\/anoticiaonline.com.br\/site\/wp-json\/wp\/v2\/posts\/60274","targetHints":{"allow":["GET"]}}],"collection":[{"href":"https:\/\/anoticiaonline.com.br\/site\/wp-json\/wp\/v2\/posts"}],"about":[{"href":"https:\/\/anoticiaonline.com.br\/site\/wp-json\/wp\/v2\/types\/post"}],"author":[{"embeddable":true,"href":"https:\/\/anoticiaonline.com.br\/site\/wp-json\/wp\/v2\/users\/2"}],"replies":[{"embeddable":true,"href":"https:\/\/anoticiaonline.com.br\/site\/wp-json\/wp\/v2\/comments?post=60274"}],"version-history":[{"count":0,"href":"https:\/\/anoticiaonline.com.br\/site\/wp-json\/wp\/v2\/posts\/60274\/revisions"}],"wp:featuredmedia":[{"embeddable":true,"href":"https:\/\/anoticiaonline.com.br\/site\/wp-json\/wp\/v2\/media\/60275"}],"wp:attachment":[{"href":"https:\/\/anoticiaonline.com.br\/site\/wp-json\/wp\/v2\/media?parent=60274"}],"wp:term":[{"taxonomy":"category","embeddable":true,"href":"https:\/\/anoticiaonline.com.br\/site\/wp-json\/wp\/v2\/categories?post=60274"},{"taxonomy":"post_tag","embeddable":true,"href":"https:\/\/anoticiaonline.com.br\/site\/wp-json\/wp\/v2\/tags?post=60274"}],"curies":[{"name":"wp","href":"https:\/\/api.w.org\/{rel}","templated":true}]}}