{"id":60267,"date":"2018-08-21T11:57:56","date_gmt":"2018-08-21T14:57:56","guid":{"rendered":"http:\/\/anoticiaonline.com.br\/site\/?p=60267"},"modified":"2018-08-22T18:24:18","modified_gmt":"2018-08-22T21:24:18","slug":"prefeitura-paralisa-atividades-nesta-terca-para-protestar-contra-estado","status":"publish","type":"post","link":"https:\/\/anoticiaonline.com.br\/site\/prefeitura-paralisa-atividades-nesta-terca-para-protestar-contra-estado\/","title":{"rendered":"Prefeitura paralisa atividades nesta ter\u00e7a para protestar contra Estado"},"content":{"rendered":"<p><a href=\"https:\/\/anoticiaonline.com.br\/site\/wp-content\/uploads\/2018\/08\/Prefeitura-paralisa-atividades-nesta-ter\u00e7a-para-protestar-contra-Estado-3.jpeg\"><img fetchpriority=\"high\" decoding=\"async\" class=\"alignnone size-full wp-image-60268\" src=\"https:\/\/anoticiaonline.com.br\/site\/wp-content\/uploads\/2018\/08\/Prefeitura-paralisa-atividades-nesta-ter\u00e7a-para-protestar-contra-Estado-3.jpeg\" alt=\"\" width=\"800\" height=\"533\" srcset=\"https:\/\/anoticiaonline.com.br\/site\/wp-content\/uploads\/2018\/08\/Prefeitura-paralisa-atividades-nesta-ter\u00e7a-para-protestar-contra-Estado-3.jpeg 800w, https:\/\/anoticiaonline.com.br\/site\/wp-content\/uploads\/2018\/08\/Prefeitura-paralisa-atividades-nesta-ter\u00e7a-para-protestar-contra-Estado-3-300x200.jpeg 300w, https:\/\/anoticiaonline.com.br\/site\/wp-content\/uploads\/2018\/08\/Prefeitura-paralisa-atividades-nesta-ter\u00e7a-para-protestar-contra-Estado-3-768x512.jpeg 768w\" sizes=\"(max-width: 800px) 100vw, 800px\" \/><\/a><\/p>\n<p>As atividades no Centro Administrativo de Muria\u00e9 foram paralisadas nesta ter\u00e7a-feira (21), em apoio \u00e0 mobiliza\u00e7\u00e3o geral das prefeituras que est\u00e3o acontecendo por toda Minas Gerais. De acordo com o setor de Comunica\u00e7\u00e3o da Prefeitura de Muria\u00e9, objetivo \u00e9 alertar a popula\u00e7\u00e3o sobre o atraso no repasse de verbas do Estado para os munic\u00edpios mineiros, mostrando o impacto nas contas das prefeituras e as consequ\u00eancias graves que esse confisco pode causar.<\/p>\n<p>Em rela\u00e7\u00e3o a Muria\u00e9, a d\u00edvida do Estado j\u00e1 soma R$58.182.885,23 (dados atualizados em 16 de agosto). Esse valor total se refere a atrasos nas \u00e1reas de Educa\u00e7\u00e3o, Sa\u00fade, Assist\u00eancia Social e tamb\u00e9m de verbas de ICMS, que v\u00eam deixando o munic\u00edpio com cada vez mais dificuldades para honrar seus compromissos.<\/p>\n<p>Segundo a Prefeitura de Muria\u00e9, o valor da d\u00edvida seria suficiente para a\u00e7\u00f5es como: manter a Unidade de Pronto-Atendimento (UPA) em funcionamento durante sete anos sem interrup\u00e7\u00e3o; construir 116 novas unidades b\u00e1sicas de sa\u00fade; pagar 60.988 sal\u00e1rios m\u00ednimos; comprar 16 milh\u00f5es de litros de leite ou 5 milh\u00f5es de sacos de arroz; adquirir 1.800 carros populares.<\/p>\n<p>Confira os valores da d\u00edvida que o Estado tem com Muria\u00e9 em cada \u00e1rea:<\/p>\n<p>SA\u00daDE: R$ 49.271.577,48<\/p>\n<p>EDUCA\u00c7\u00c3O (FUNDEB): R$ 7.434.306,77<\/p>\n<p>ICMS: R$ 914.720,57<\/p>\n<p>ASSIST\u00caNCIA SOCIAL: R$ 368.240,40<\/p>\n<p>TRANSPORTE ESCOLAR: R$ 194.040,00<\/p>\n<p>TOTAL: R$ 58.182.885,23<\/p>\n<p><a href=\"https:\/\/anoticiaonline.com.br\/site\/wp-content\/uploads\/2018\/08\/Prefeitura-paralisa-atividades-nesta-ter\u00e7a-para-protestar-contra-Estado-4.jpeg\"><img decoding=\"async\" class=\"alignnone size-full wp-image-60269\" src=\"https:\/\/anoticiaonline.com.br\/site\/wp-content\/uploads\/2018\/08\/Prefeitura-paralisa-atividades-nesta-ter\u00e7a-para-protestar-contra-Estado-4.jpeg\" alt=\"\" width=\"800\" height=\"533\" srcset=\"https:\/\/anoticiaonline.com.br\/site\/wp-content\/uploads\/2018\/08\/Prefeitura-paralisa-atividades-nesta-ter\u00e7a-para-protestar-contra-Estado-4.jpeg 800w, https:\/\/anoticiaonline.com.br\/site\/wp-content\/uploads\/2018\/08\/Prefeitura-paralisa-atividades-nesta-ter\u00e7a-para-protestar-contra-Estado-4-300x200.jpeg 300w, https:\/\/anoticiaonline.com.br\/site\/wp-content\/uploads\/2018\/08\/Prefeitura-paralisa-atividades-nesta-ter\u00e7a-para-protestar-contra-Estado-4-768x512.jpeg 768w\" sizes=\"(max-width: 800px) 100vw, 800px\" \/><\/a> <a href=\"https:\/\/anoticiaonline.com.br\/site\/wp-content\/uploads\/2018\/08\/Prefeitura-paralisa-atividades-nesta-ter\u00e7a-para-protestar-contra-Estado.jpeg\"><img decoding=\"async\" class=\"alignnone size-full wp-image-60270\" src=\"https:\/\/anoticiaonline.com.br\/site\/wp-content\/uploads\/2018\/08\/Prefeitura-paralisa-atividades-nesta-ter\u00e7a-para-protestar-contra-Estado.jpeg\" alt=\"\" width=\"800\" height=\"533\" srcset=\"https:\/\/anoticiaonline.com.br\/site\/wp-content\/uploads\/2018\/08\/Prefeitura-paralisa-atividades-nesta-ter\u00e7a-para-protestar-contra-Estado.jpeg 800w, https:\/\/anoticiaonline.com.br\/site\/wp-content\/uploads\/2018\/08\/Prefeitura-paralisa-atividades-nesta-ter\u00e7a-para-protestar-contra-Estado-300x200.jpeg 300w, https:\/\/anoticiaonline.com.br\/site\/wp-content\/uploads\/2018\/08\/Prefeitura-paralisa-atividades-nesta-ter\u00e7a-para-protestar-contra-Estado-768x512.jpeg 768w\" sizes=\"(max-width: 800px) 100vw, 800px\" \/><\/a> <a href=\"https:\/\/anoticiaonline.com.br\/site\/wp-content\/uploads\/2018\/08\/Prefeitura-paralisa-atividades-nesta-ter\u00e7a-para-protestar-contra-Estado-2.jpeg\"><img loading=\"lazy\" decoding=\"async\" class=\"alignnone size-full wp-image-60271\" src=\"https:\/\/anoticiaonline.com.br\/site\/wp-content\/uploads\/2018\/08\/Prefeitura-paralisa-atividades-nesta-ter\u00e7a-para-protestar-contra-Estado-2.jpeg\" alt=\"\" width=\"800\" height=\"533\" srcset=\"https:\/\/anoticiaonline.com.br\/site\/wp-content\/uploads\/2018\/08\/Prefeitura-paralisa-atividades-nesta-ter\u00e7a-para-protestar-contra-Estado-2.jpeg 800w, https:\/\/anoticiaonline.com.br\/site\/wp-content\/uploads\/2018\/08\/Prefeitura-paralisa-atividades-nesta-ter\u00e7a-para-protestar-contra-Estado-2-300x200.jpeg 300w, https:\/\/anoticiaonline.com.br\/site\/wp-content\/uploads\/2018\/08\/Prefeitura-paralisa-atividades-nesta-ter\u00e7a-para-protestar-contra-Estado-2-768x512.jpeg 768w\" sizes=\"(max-width: 800px) 100vw, 800px\" \/><\/a><\/p>\n<p>Cr\u00e9ditos: ASCOM PMM<\/p>\n","protected":false},"excerpt":{"rendered":"<p>As atividades no Centro Administrativo de Muria\u00e9 foram paralisadas nesta ter\u00e7a-feira (21), em apoio \u00e0 mobiliza\u00e7\u00e3o geral das prefeituras que est\u00e3o acontecendo por toda Minas Gerais. De acordo com o setor de Comunica\u00e7\u00e3o da Prefeitura de Muria\u00e9, objetivo \u00e9 alertar a popula\u00e7\u00e3o sobre o atraso no repasse de verbas do Estado para os munic\u00edpios mineiros, &#8230; <a title=\"Prefeitura paralisa atividades nesta ter\u00e7a para protestar contra Estado\" class=\"read-more\" href=\"https:\/\/anoticiaonline.com.br\/site\/prefeitura-paralisa-atividades-nesta-terca-para-protestar-contra-estado\/\" aria-label=\"Read more about Prefeitura paralisa atividades nesta ter\u00e7a para protestar contra Estado\">Ler mais<\/a><\/p>\n","protected":false},"author":2,"featured_media":60268,"comment_status":"open","ping_status":"open","sticky":false,"template":"","format":"standard","meta":{"_acf_changed":false,"_monsterinsights_skip_tracking":false,"footnotes":""},"categories":[30,2893],"tags":[2986,1589,2637,419,74],"class_list":["post-60267","post","type-post","status-publish","format-standard","has-post-thumbnail","hentry","category-muriae","category-cotidiano","tag-divida","tag-estado","tag-greve","tag-minas-gerais","tag-muriae"],"acf":[],"aioseo_notices":[],"aioseo_head":"\n\t\t<!-- All in One SEO 5.0.0.1 - aioseo.com -->\n\t<meta name=\"description\" content=\"As atividades no Centro Administrativo de Muria\u00e9 foram paralisadas nesta ter\u00e7a-feira (21), em apoio \u00e0 mobiliza\u00e7\u00e3o geral das prefeituras que est\u00e3o acontecendo por toda Minas Gerais. De acordo com o setor de Comunica\u00e7\u00e3o da Prefeitura de Muria\u00e9, objetivo \u00e9 alertar a popula\u00e7\u00e3o sobre o atraso no repasse de verbas do Estado para os munic\u00edpios mineiros,\" \/>\n\t<meta name=\"robots\" content=\"max-image-preview:large\" \/>\n\t<meta name=\"author\" content=\"Juliana Laviola\"\/>\n\t<link rel=\"canonical\" href=\"https:\/\/anoticiaonline.com.br\/site\/prefeitura-paralisa-atividades-nesta-terca-para-protestar-contra-estado\/\" \/>\n\t<meta name=\"generator\" content=\"All in One SEO (AIOSEO) 5.0.0.1\" \/>\n\t\t<meta property=\"og:locale\" content=\"pt_BR\" \/>\n\t\t<meta property=\"og:site_name\" content=\"A Not\u00edcia Online - Noticias de Muria\u00e9 e regi\u00e3o\" \/>\n\t\t<meta property=\"og:type\" content=\"article\" \/>\n\t\t<meta property=\"og:title\" content=\"Prefeitura paralisa atividades nesta ter\u00e7a para protestar contra Estado - A Not\u00edcia Online\" \/>\n\t\t<meta property=\"og:description\" content=\"As atividades no Centro Administrativo de Muria\u00e9 foram paralisadas nesta ter\u00e7a-feira (21), em apoio \u00e0 mobiliza\u00e7\u00e3o geral das prefeituras que est\u00e3o acontecendo por toda Minas Gerais. De acordo com o setor de Comunica\u00e7\u00e3o da Prefeitura de Muria\u00e9, objetivo \u00e9 alertar a popula\u00e7\u00e3o sobre o atraso no repasse de verbas do Estado para os munic\u00edpios mineiros,\" \/>\n\t\t<meta property=\"og:url\" content=\"https:\/\/anoticiaonline.com.br\/site\/prefeitura-paralisa-atividades-nesta-terca-para-protestar-contra-estado\/\" \/>\n\t\t<meta property=\"og:image\" content=\"https:\/\/scontent-gig4-1.xx.fbcdn.net\/v\/t39.30808-1\/270437624_4564083193639691_6907940295614233970_n.jpg?stp=dst-jpg_s200x200_tt6&#038;_nc_cat=111&#038;ccb=1-7&#038;_nc_sid=f907e8&#038;_nc_ohc=SM1wRlP3lJwQ7kNvwEPuBYA&#038;_nc_oc=AdnqrjDN_BNjSSHWO-GbkIWH6fkGMLw4bqvL_NH6e2wMveX7G-rP2dAqsDSq1mJMOaY&#038;_nc_zt=24&#038;_nc_ht=scontent-gig4-1.xx&#038;_nc_gid=AoBFJeGrT1hVaew_6rchkQ&#038;oh=00_AfX7QmFGhQhG2jAllVgXCiM1ZrWgvtp80-Bfppyexh1QEg&#038;oe=689E923C\" \/>\n\t\t<meta property=\"og:image:secure_url\" content=\"https:\/\/scontent-gig4-1.xx.fbcdn.net\/v\/t39.30808-1\/270437624_4564083193639691_6907940295614233970_n.jpg?stp=dst-jpg_s200x200_tt6&#038;_nc_cat=111&#038;ccb=1-7&#038;_nc_sid=f907e8&#038;_nc_ohc=SM1wRlP3lJwQ7kNvwEPuBYA&#038;_nc_oc=AdnqrjDN_BNjSSHWO-GbkIWH6fkGMLw4bqvL_NH6e2wMveX7G-rP2dAqsDSq1mJMOaY&#038;_nc_zt=24&#038;_nc_ht=scontent-gig4-1.xx&#038;_nc_gid=AoBFJeGrT1hVaew_6rchkQ&#038;oh=00_AfX7QmFGhQhG2jAllVgXCiM1ZrWgvtp80-Bfppyexh1QEg&#038;oe=689E923C\" \/>\n\t\t<meta property=\"article:published_time\" content=\"2018-08-21T14:57:56+00:00\" \/>\n\t\t<meta property=\"article:modified_time\" content=\"2018-08-22T21:24:18+00:00\" \/>\n\t\t<meta name=\"twitter:card\" content=\"summary_large_image\" \/>\n\t\t<meta name=\"twitter:title\" content=\"Prefeitura paralisa atividades nesta ter\u00e7a para protestar contra Estado - A Not\u00edcia Online\" \/>\n\t\t<meta name=\"twitter:description\" content=\"As atividades no Centro Administrativo de Muria\u00e9 foram paralisadas nesta ter\u00e7a-feira (21), em apoio \u00e0 mobiliza\u00e7\u00e3o geral das prefeituras que est\u00e3o acontecendo por toda Minas Gerais. De acordo com o setor de Comunica\u00e7\u00e3o da Prefeitura de Muria\u00e9, objetivo \u00e9 alertar a popula\u00e7\u00e3o sobre o atraso no repasse de verbas do Estado para os munic\u00edpios mineiros,\" \/>\n\t\t<meta name=\"twitter:image\" content=\"https:\/\/scontent-gig4-1.xx.fbcdn.net\/v\/t39.30808-1\/270437624_4564083193639691_6907940295614233970_n.jpg?stp=dst-jpg_s200x200_tt6&amp;_nc_cat=111&amp;ccb=1-7&amp;_nc_sid=f907e8&amp;_nc_ohc=SM1wRlP3lJwQ7kNvwEPuBYA&amp;_nc_oc=AdnqrjDN_BNjSSHWO-GbkIWH6fkGMLw4bqvL_NH6e2wMveX7G-rP2dAqsDSq1mJMOaY&amp;_nc_zt=24&amp;_nc_ht=scontent-gig4-1.xx&amp;_nc_gid=AoBFJeGrT1hVaew_6rchkQ&amp;oh=00_AfX7QmFGhQhG2jAllVgXCiM1ZrWgvtp80-Bfppyexh1QEg&amp;oe=689E923C\" \/>\n\t\t<script type=\"application\/ld+json\" class=\"aioseo-schema\">\n\t\t\t{\"@context\":\"https:\\\/\\\/schema.org\",\"@graph\":[{\"@type\":\"BlogPosting\",\"@id\":\"https:\\\/\\\/anoticiaonline.com.br\\\/site\\\/prefeitura-paralisa-atividades-nesta-terca-para-protestar-contra-estado\\\/#blogposting\",\"name\":\"Prefeitura paralisa atividades nesta ter\\u00e7a para protestar contra Estado - A Not\\u00edcia Online\",\"headline\":\"Prefeitura paralisa atividades nesta ter\\u00e7a para protestar contra Estado\",\"author\":{\"@id\":\"https:\\\/\\\/anoticiaonline.com.br\\\/site\\\/author\\\/juliana\\\/#author\"},\"publisher\":{\"@id\":\"https:\\\/\\\/anoticiaonline.com.br\\\/site\\\/#organization\"},\"image\":{\"@type\":\"ImageObject\",\"url\":\"https:\\\/\\\/anoticiaonline.com.br\\\/site\\\/wp-content\\\/uploads\\\/2018\\\/08\\\/Prefeitura-paralisa-atividades-nesta-ter\\u00e7a-para-protestar-contra-Estado-3.jpeg\",\"width\":800,\"height\":533},\"datePublished\":\"2018-08-21T11:57:56-03:00\",\"dateModified\":\"2018-08-22T18:24:18-03:00\",\"inLanguage\":\"pt-BR\",\"mainEntityOfPage\":{\"@id\":\"https:\\\/\\\/anoticiaonline.com.br\\\/site\\\/prefeitura-paralisa-atividades-nesta-terca-para-protestar-contra-estado\\\/#webpage\"},\"isPartOf\":{\"@id\":\"https:\\\/\\\/anoticiaonline.com.br\\\/site\\\/prefeitura-paralisa-atividades-nesta-terca-para-protestar-contra-estado\\\/#webpage\"},\"articleSection\":\"Blog, Cotidiano, d\\u00edvida, estado, greve, minas gerais, Muria\\u00e9\"},{\"@type\":\"BreadcrumbList\",\"@id\":\"https:\\\/\\\/anoticiaonline.com.br\\\/site\\\/prefeitura-paralisa-atividades-nesta-terca-para-protestar-contra-estado\\\/#breadcrumblist\",\"itemListElement\":[{\"@type\":\"ListItem\",\"@id\":\"https:\\\/\\\/anoticiaonline.com.br\\\/site#listItem\",\"position\":1,\"name\":\"Home\",\"item\":\"https:\\\/\\\/anoticiaonline.com.br\\\/site\",\"nextItem\":{\"@type\":\"ListItem\",\"@id\":\"https:\\\/\\\/anoticiaonline.com.br\\\/site\\\/categoria\\\/muriae\\\/#listItem\",\"name\":\"Blog\"}},{\"@type\":\"ListItem\",\"@id\":\"https:\\\/\\\/anoticiaonline.com.br\\\/site\\\/categoria\\\/muriae\\\/#listItem\",\"position\":2,\"name\":\"Blog\",\"item\":\"https:\\\/\\\/anoticiaonline.com.br\\\/site\\\/categoria\\\/muriae\\\/\",\"nextItem\":{\"@type\":\"ListItem\",\"@id\":\"https:\\\/\\\/anoticiaonline.com.br\\\/site\\\/categoria\\\/muriae\\\/cotidiano\\\/#listItem\",\"name\":\"Cotidiano\"},\"previousItem\":{\"@type\":\"ListItem\",\"@id\":\"https:\\\/\\\/anoticiaonline.com.br\\\/site#listItem\",\"name\":\"Home\"}},{\"@type\":\"ListItem\",\"@id\":\"https:\\\/\\\/anoticiaonline.com.br\\\/site\\\/categoria\\\/muriae\\\/cotidiano\\\/#listItem\",\"position\":3,\"name\":\"Cotidiano\",\"item\":\"https:\\\/\\\/anoticiaonline.com.br\\\/site\\\/categoria\\\/muriae\\\/cotidiano\\\/\",\"nextItem\":{\"@type\":\"ListItem\",\"@id\":\"https:\\\/\\\/anoticiaonline.com.br\\\/site\\\/prefeitura-paralisa-atividades-nesta-terca-para-protestar-contra-estado\\\/#listItem\",\"name\":\"Prefeitura paralisa atividades nesta ter\\u00e7a para protestar contra Estado\"},\"previousItem\":{\"@type\":\"ListItem\",\"@id\":\"https:\\\/\\\/anoticiaonline.com.br\\\/site\\\/categoria\\\/muriae\\\/#listItem\",\"name\":\"Blog\"}},{\"@type\":\"ListItem\",\"@id\":\"https:\\\/\\\/anoticiaonline.com.br\\\/site\\\/prefeitura-paralisa-atividades-nesta-terca-para-protestar-contra-estado\\\/#listItem\",\"position\":4,\"name\":\"Prefeitura paralisa atividades nesta ter\\u00e7a para protestar contra Estado\",\"previousItem\":{\"@type\":\"ListItem\",\"@id\":\"https:\\\/\\\/anoticiaonline.com.br\\\/site\\\/categoria\\\/muriae\\\/cotidiano\\\/#listItem\",\"name\":\"Cotidiano\"}}]},{\"@type\":\"Organization\",\"@id\":\"https:\\\/\\\/anoticiaonline.com.br\\\/site\\\/#organization\",\"name\":\"A Not\\u00edcia Online\",\"description\":\"Noticias de Muria\\u00e9 e regi\\u00e3o\",\"url\":\"https:\\\/\\\/anoticiaonline.com.br\\\/site\\\/\",\"logo\":{\"@type\":\"ImageObject\",\"url\":\"https:\\\/\\\/scontent-gig4-1.xx.fbcdn.net\\\/v\\\/t39.30808-1\\\/270437624_4564083193639691_6907940295614233970_n.jpg?stp=dst-jpg_s200x200_tt6&_nc_cat=111&ccb=1-7&_nc_sid=f907e8&_nc_ohc=SM1wRlP3lJwQ7kNvwEPuBYA&_nc_oc=AdnqrjDN_BNjSSHWO-GbkIWH6fkGMLw4bqvL_NH6e2wMveX7G-rP2dAqsDSq1mJMOaY&_nc_zt=24&_nc_ht=scontent-gig4-1.xx&_nc_gid=AoBFJeGrT1hVaew_6rchkQ&oh=00_AfX7QmFGhQhG2jAllVgXCiM1ZrWgvtp80-Bfppyexh1QEg&oe=689E923C\",\"@id\":\"https:\\\/\\\/anoticiaonline.com.br\\\/site\\\/prefeitura-paralisa-atividades-nesta-terca-para-protestar-contra-estado\\\/#organizationLogo\"},\"image\":{\"@id\":\"https:\\\/\\\/anoticiaonline.com.br\\\/site\\\/prefeitura-paralisa-atividades-nesta-terca-para-protestar-contra-estado\\\/#organizationLogo\"}},{\"@type\":\"Person\",\"@id\":\"https:\\\/\\\/anoticiaonline.com.br\\\/site\\\/author\\\/juliana\\\/#author\",\"url\":\"https:\\\/\\\/anoticiaonline.com.br\\\/site\\\/author\\\/juliana\\\/\",\"name\":\"Juliana Laviola\",\"image\":{\"@type\":\"ImageObject\",\"@id\":\"https:\\\/\\\/anoticiaonline.com.br\\\/site\\\/prefeitura-paralisa-atividades-nesta-terca-para-protestar-contra-estado\\\/#authorImage\",\"url\":\"https:\\\/\\\/secure.gravatar.com\\\/avatar\\\/b8d45f5c699b100dfaf0e543582f38f38bf94cb7ae3a5e9abf8d891a34773335?s=96&d=mm&r=g\",\"width\":96,\"height\":96,\"caption\":\"Juliana Laviola\"}},{\"@type\":\"WebPage\",\"@id\":\"https:\\\/\\\/anoticiaonline.com.br\\\/site\\\/prefeitura-paralisa-atividades-nesta-terca-para-protestar-contra-estado\\\/#webpage\",\"url\":\"https:\\\/\\\/anoticiaonline.com.br\\\/site\\\/prefeitura-paralisa-atividades-nesta-terca-para-protestar-contra-estado\\\/\",\"name\":\"Prefeitura paralisa atividades nesta ter\\u00e7a para protestar contra Estado - A Not\\u00edcia Online\",\"description\":\"As atividades no Centro Administrativo de Muria\\u00e9 foram paralisadas nesta ter\\u00e7a-feira (21), em apoio \\u00e0 mobiliza\\u00e7\\u00e3o geral das prefeituras que est\\u00e3o acontecendo por toda Minas Gerais. De acordo com o setor de Comunica\\u00e7\\u00e3o da Prefeitura de Muria\\u00e9, objetivo \\u00e9 alertar a popula\\u00e7\\u00e3o sobre o atraso no repasse de verbas do Estado para os munic\\u00edpios mineiros,\",\"inLanguage\":\"pt-BR\",\"isPartOf\":{\"@id\":\"https:\\\/\\\/anoticiaonline.com.br\\\/site\\\/#website\"},\"breadcrumb\":{\"@id\":\"https:\\\/\\\/anoticiaonline.com.br\\\/site\\\/prefeitura-paralisa-atividades-nesta-terca-para-protestar-contra-estado\\\/#breadcrumblist\"},\"author\":{\"@id\":\"https:\\\/\\\/anoticiaonline.com.br\\\/site\\\/author\\\/juliana\\\/#author\"},\"creator\":{\"@id\":\"https:\\\/\\\/anoticiaonline.com.br\\\/site\\\/author\\\/juliana\\\/#author\"},\"image\":{\"@type\":\"ImageObject\",\"url\":\"https:\\\/\\\/anoticiaonline.com.br\\\/site\\\/wp-content\\\/uploads\\\/2018\\\/08\\\/Prefeitura-paralisa-atividades-nesta-ter\\u00e7a-para-protestar-contra-Estado-3.jpeg\",\"@id\":\"https:\\\/\\\/anoticiaonline.com.br\\\/site\\\/prefeitura-paralisa-atividades-nesta-terca-para-protestar-contra-estado\\\/#mainImage\",\"width\":800,\"height\":533},\"primaryImageOfPage\":{\"@id\":\"https:\\\/\\\/anoticiaonline.com.br\\\/site\\\/prefeitura-paralisa-atividades-nesta-terca-para-protestar-contra-estado\\\/#mainImage\"},\"datePublished\":\"2018-08-21T11:57:56-03:00\",\"dateModified\":\"2018-08-22T18:24:18-03:00\"},{\"@type\":\"WebSite\",\"@id\":\"https:\\\/\\\/anoticiaonline.com.br\\\/site\\\/#website\",\"url\":\"https:\\\/\\\/anoticiaonline.com.br\\\/site\\\/\",\"name\":\"A Not\\u00edcia Online\",\"description\":\"Noticias de Muria\\u00e9 e regi\\u00e3o\",\"inLanguage\":\"pt-BR\",\"publisher\":{\"@id\":\"https:\\\/\\\/anoticiaonline.com.br\\\/site\\\/#organization\"}}]}\n\t\t<\/script>\n\t\t<!-- All in One SEO -->\n\n","aioseo_head_json":{"title":"Prefeitura paralisa atividades nesta ter\u00e7a para protestar contra Estado - A Not\u00edcia Online","description":"As atividades no Centro Administrativo de Muria\u00e9 foram paralisadas nesta ter\u00e7a-feira (21), em apoio \u00e0 mobiliza\u00e7\u00e3o geral das prefeituras que est\u00e3o acontecendo por toda Minas Gerais. De acordo com o setor de Comunica\u00e7\u00e3o da Prefeitura de Muria\u00e9, objetivo \u00e9 alertar a popula\u00e7\u00e3o sobre o atraso no repasse de verbas do Estado para os munic\u00edpios mineiros,","canonical_url":"https:\/\/anoticiaonline.com.br\/site\/prefeitura-paralisa-atividades-nesta-terca-para-protestar-contra-estado\/","robots":"max-image-preview:large","keywords":"","webmasterTools":{"miscellaneous":""},"schema":{"@context":"https:\/\/schema.org","@graph":[{"@type":"BlogPosting","@id":"https:\/\/anoticiaonline.com.br\/site\/prefeitura-paralisa-atividades-nesta-terca-para-protestar-contra-estado\/#blogposting","name":"Prefeitura paralisa atividades nesta ter\u00e7a para protestar contra Estado - A Not\u00edcia Online","headline":"Prefeitura paralisa atividades nesta ter\u00e7a para protestar contra Estado","author":{"@id":"https:\/\/anoticiaonline.com.br\/site\/author\/juliana\/#author"},"publisher":{"@id":"https:\/\/anoticiaonline.com.br\/site\/#organization"},"image":{"@type":"ImageObject","url":"https:\/\/anoticiaonline.com.br\/site\/wp-content\/uploads\/2018\/08\/Prefeitura-paralisa-atividades-nesta-ter\u00e7a-para-protestar-contra-Estado-3.jpeg","width":800,"height":533},"datePublished":"2018-08-21T11:57:56-03:00","dateModified":"2018-08-22T18:24:18-03:00","inLanguage":"pt-BR","mainEntityOfPage":{"@id":"https:\/\/anoticiaonline.com.br\/site\/prefeitura-paralisa-atividades-nesta-terca-para-protestar-contra-estado\/#webpage"},"isPartOf":{"@id":"https:\/\/anoticiaonline.com.br\/site\/prefeitura-paralisa-atividades-nesta-terca-para-protestar-contra-estado\/#webpage"},"articleSection":"Blog, Cotidiano, d\u00edvida, estado, greve, minas gerais, Muria\u00e9"},{"@type":"BreadcrumbList","@id":"https:\/\/anoticiaonline.com.br\/site\/prefeitura-paralisa-atividades-nesta-terca-para-protestar-contra-estado\/#breadcrumblist","itemListElement":[{"@type":"ListItem","@id":"https:\/\/anoticiaonline.com.br\/site#listItem","position":1,"name":"Home","item":"https:\/\/anoticiaonline.com.br\/site","nextItem":{"@type":"ListItem","@id":"https:\/\/anoticiaonline.com.br\/site\/categoria\/muriae\/#listItem","name":"Blog"}},{"@type":"ListItem","@id":"https:\/\/anoticiaonline.com.br\/site\/categoria\/muriae\/#listItem","position":2,"name":"Blog","item":"https:\/\/anoticiaonline.com.br\/site\/categoria\/muriae\/","nextItem":{"@type":"ListItem","@id":"https:\/\/anoticiaonline.com.br\/site\/categoria\/muriae\/cotidiano\/#listItem","name":"Cotidiano"},"previousItem":{"@type":"ListItem","@id":"https:\/\/anoticiaonline.com.br\/site#listItem","name":"Home"}},{"@type":"ListItem","@id":"https:\/\/anoticiaonline.com.br\/site\/categoria\/muriae\/cotidiano\/#listItem","position":3,"name":"Cotidiano","item":"https:\/\/anoticiaonline.com.br\/site\/categoria\/muriae\/cotidiano\/","nextItem":{"@type":"ListItem","@id":"https:\/\/anoticiaonline.com.br\/site\/prefeitura-paralisa-atividades-nesta-terca-para-protestar-contra-estado\/#listItem","name":"Prefeitura paralisa atividades nesta ter\u00e7a para protestar contra Estado"},"previousItem":{"@type":"ListItem","@id":"https:\/\/anoticiaonline.com.br\/site\/categoria\/muriae\/#listItem","name":"Blog"}},{"@type":"ListItem","@id":"https:\/\/anoticiaonline.com.br\/site\/prefeitura-paralisa-atividades-nesta-terca-para-protestar-contra-estado\/#listItem","position":4,"name":"Prefeitura paralisa atividades nesta ter\u00e7a para protestar contra Estado","previousItem":{"@type":"ListItem","@id":"https:\/\/anoticiaonline.com.br\/site\/categoria\/muriae\/cotidiano\/#listItem","name":"Cotidiano"}}]},{"@type":"Organization","@id":"https:\/\/anoticiaonline.com.br\/site\/#organization","name":"A Not\u00edcia Online","description":"Noticias de Muria\u00e9 e regi\u00e3o","url":"https:\/\/anoticiaonline.com.br\/site\/","logo":{"@type":"ImageObject","url":"https:\/\/scontent-gig4-1.xx.fbcdn.net\/v\/t39.30808-1\/270437624_4564083193639691_6907940295614233970_n.jpg?stp=dst-jpg_s200x200_tt6&_nc_cat=111&ccb=1-7&_nc_sid=f907e8&_nc_ohc=SM1wRlP3lJwQ7kNvwEPuBYA&_nc_oc=AdnqrjDN_BNjSSHWO-GbkIWH6fkGMLw4bqvL_NH6e2wMveX7G-rP2dAqsDSq1mJMOaY&_nc_zt=24&_nc_ht=scontent-gig4-1.xx&_nc_gid=AoBFJeGrT1hVaew_6rchkQ&oh=00_AfX7QmFGhQhG2jAllVgXCiM1ZrWgvtp80-Bfppyexh1QEg&oe=689E923C","@id":"https:\/\/anoticiaonline.com.br\/site\/prefeitura-paralisa-atividades-nesta-terca-para-protestar-contra-estado\/#organizationLogo"},"image":{"@id":"https:\/\/anoticiaonline.com.br\/site\/prefeitura-paralisa-atividades-nesta-terca-para-protestar-contra-estado\/#organizationLogo"}},{"@type":"Person","@id":"https:\/\/anoticiaonline.com.br\/site\/author\/juliana\/#author","url":"https:\/\/anoticiaonline.com.br\/site\/author\/juliana\/","name":"Juliana Laviola","image":{"@type":"ImageObject","@id":"https:\/\/anoticiaonline.com.br\/site\/prefeitura-paralisa-atividades-nesta-terca-para-protestar-contra-estado\/#authorImage","url":"https:\/\/secure.gravatar.com\/avatar\/b8d45f5c699b100dfaf0e543582f38f38bf94cb7ae3a5e9abf8d891a34773335?s=96&d=mm&r=g","width":96,"height":96,"caption":"Juliana Laviola"}},{"@type":"WebPage","@id":"https:\/\/anoticiaonline.com.br\/site\/prefeitura-paralisa-atividades-nesta-terca-para-protestar-contra-estado\/#webpage","url":"https:\/\/anoticiaonline.com.br\/site\/prefeitura-paralisa-atividades-nesta-terca-para-protestar-contra-estado\/","name":"Prefeitura paralisa atividades nesta ter\u00e7a para protestar contra Estado - A Not\u00edcia Online","description":"As atividades no Centro Administrativo de Muria\u00e9 foram paralisadas nesta ter\u00e7a-feira (21), em apoio \u00e0 mobiliza\u00e7\u00e3o geral das prefeituras que est\u00e3o acontecendo por toda Minas Gerais. De acordo com o setor de Comunica\u00e7\u00e3o da Prefeitura de Muria\u00e9, objetivo \u00e9 alertar a popula\u00e7\u00e3o sobre o atraso no repasse de verbas do Estado para os munic\u00edpios mineiros,","inLanguage":"pt-BR","isPartOf":{"@id":"https:\/\/anoticiaonline.com.br\/site\/#website"},"breadcrumb":{"@id":"https:\/\/anoticiaonline.com.br\/site\/prefeitura-paralisa-atividades-nesta-terca-para-protestar-contra-estado\/#breadcrumblist"},"author":{"@id":"https:\/\/anoticiaonline.com.br\/site\/author\/juliana\/#author"},"creator":{"@id":"https:\/\/anoticiaonline.com.br\/site\/author\/juliana\/#author"},"image":{"@type":"ImageObject","url":"https:\/\/anoticiaonline.com.br\/site\/wp-content\/uploads\/2018\/08\/Prefeitura-paralisa-atividades-nesta-ter\u00e7a-para-protestar-contra-Estado-3.jpeg","@id":"https:\/\/anoticiaonline.com.br\/site\/prefeitura-paralisa-atividades-nesta-terca-para-protestar-contra-estado\/#mainImage","width":800,"height":533},"primaryImageOfPage":{"@id":"https:\/\/anoticiaonline.com.br\/site\/prefeitura-paralisa-atividades-nesta-terca-para-protestar-contra-estado\/#mainImage"},"datePublished":"2018-08-21T11:57:56-03:00","dateModified":"2018-08-22T18:24:18-03:00"},{"@type":"WebSite","@id":"https:\/\/anoticiaonline.com.br\/site\/#website","url":"https:\/\/anoticiaonline.com.br\/site\/","name":"A Not\u00edcia Online","description":"Noticias de Muria\u00e9 e regi\u00e3o","inLanguage":"pt-BR","publisher":{"@id":"https:\/\/anoticiaonline.com.br\/site\/#organization"}}]},"og:locale":"pt_BR","og:site_name":"A Not\u00edcia Online - Noticias de Muria\u00e9 e regi\u00e3o","og:type":"article","og:title":"Prefeitura paralisa atividades nesta ter\u00e7a para protestar contra Estado - A Not\u00edcia Online","og:description":"As atividades no Centro Administrativo de Muria\u00e9 foram paralisadas nesta ter\u00e7a-feira (21), em apoio \u00e0 mobiliza\u00e7\u00e3o geral das prefeituras que est\u00e3o acontecendo por toda Minas Gerais. De acordo com o setor de Comunica\u00e7\u00e3o da Prefeitura de Muria\u00e9, objetivo \u00e9 alertar a popula\u00e7\u00e3o sobre o atraso no repasse de verbas do Estado para os munic\u00edpios mineiros,","og:url":"https:\/\/anoticiaonline.com.br\/site\/prefeitura-paralisa-atividades-nesta-terca-para-protestar-contra-estado\/","og:image":"https:\/\/scontent-gig4-1.xx.fbcdn.net\/v\/t39.30808-1\/270437624_4564083193639691_6907940295614233970_n.jpg?stp=dst-jpg_s200x200_tt6&#038;_nc_cat=111&#038;ccb=1-7&#038;_nc_sid=f907e8&#038;_nc_ohc=SM1wRlP3lJwQ7kNvwEPuBYA&#038;_nc_oc=AdnqrjDN_BNjSSHWO-GbkIWH6fkGMLw4bqvL_NH6e2wMveX7G-rP2dAqsDSq1mJMOaY&#038;_nc_zt=24&#038;_nc_ht=scontent-gig4-1.xx&#038;_nc_gid=AoBFJeGrT1hVaew_6rchkQ&#038;oh=00_AfX7QmFGhQhG2jAllVgXCiM1ZrWgvtp80-Bfppyexh1QEg&#038;oe=689E923C","og:image:secure_url":"https:\/\/scontent-gig4-1.xx.fbcdn.net\/v\/t39.30808-1\/270437624_4564083193639691_6907940295614233970_n.jpg?stp=dst-jpg_s200x200_tt6&#038;_nc_cat=111&#038;ccb=1-7&#038;_nc_sid=f907e8&#038;_nc_ohc=SM1wRlP3lJwQ7kNvwEPuBYA&#038;_nc_oc=AdnqrjDN_BNjSSHWO-GbkIWH6fkGMLw4bqvL_NH6e2wMveX7G-rP2dAqsDSq1mJMOaY&#038;_nc_zt=24&#038;_nc_ht=scontent-gig4-1.xx&#038;_nc_gid=AoBFJeGrT1hVaew_6rchkQ&#038;oh=00_AfX7QmFGhQhG2jAllVgXCiM1ZrWgvtp80-Bfppyexh1QEg&#038;oe=689E923C","article:published_time":"2018-08-21T14:57:56+00:00","article:modified_time":"2018-08-22T21:24:18+00:00","twitter:card":"summary_large_image","twitter:title":"Prefeitura paralisa atividades nesta ter\u00e7a para protestar contra Estado - A Not\u00edcia Online","twitter:description":"As atividades no Centro Administrativo de Muria\u00e9 foram paralisadas nesta ter\u00e7a-feira (21), em apoio \u00e0 mobiliza\u00e7\u00e3o geral das prefeituras que est\u00e3o acontecendo por toda Minas Gerais. De acordo com o setor de Comunica\u00e7\u00e3o da Prefeitura de Muria\u00e9, objetivo \u00e9 alertar a popula\u00e7\u00e3o sobre o atraso no repasse de verbas do Estado para os munic\u00edpios mineiros,","twitter:image":"https:\/\/scontent-gig4-1.xx.fbcdn.net\/v\/t39.30808-1\/270437624_4564083193639691_6907940295614233970_n.jpg?stp=dst-jpg_s200x200_tt6&_nc_cat=111&ccb=1-7&_nc_sid=f907e8&_nc_ohc=SM1wRlP3lJwQ7kNvwEPuBYA&_nc_oc=AdnqrjDN_BNjSSHWO-GbkIWH6fkGMLw4bqvL_NH6e2wMveX7G-rP2dAqsDSq1mJMOaY&_nc_zt=24&_nc_ht=scontent-gig4-1.xx&_nc_gid=AoBFJeGrT1hVaew_6rchkQ&oh=00_AfX7QmFGhQhG2jAllVgXCiM1ZrWgvtp80-Bfppyexh1QEg&oe=689E923C"},"aioseo_meta_data":{"post_id":"60267","title":null,"description":null,"keywords":null,"keyphrases":null,"primary_term":null,"canonical_url":null,"og_title":null,"og_description":null,"og_object_type":"default","og_image_type":"default","og_image_url":null,"og_image_width":null,"og_image_height":null,"og_image_custom_url":null,"og_image_custom_fields":null,"og_video":null,"og_custom_url":null,"og_article_section":null,"og_article_tags":null,"twitter_use_og":false,"twitter_card":"default","twitter_image_type":"default","twitter_image_url":null,"twitter_image_custom_url":null,"twitter_image_custom_fields":null,"twitter_title":null,"twitter_description":null,"schema":{"blockGraphs":[],"customGraphs":[],"default":{"data":{"Article":[],"Course":[],"Dataset":[],"FAQPage":[],"Movie":[],"Person":[],"Product":[],"ProductReview":[],"Car":[],"Recipe":[],"Service":[],"SoftwareApplication":[],"WebPage":[]},"graphName":"","isEnabled":true},"graphs":[]},"schema_type":"default","schema_type_options":null,"pillar_content":false,"robots_default":true,"robots_noindex":false,"robots_noarchive":false,"robots_nosnippet":false,"robots_nofollow":false,"robots_noimageindex":false,"robots_noodp":false,"robots_notranslate":false,"robots_max_snippet":null,"robots_max_videopreview":null,"robots_max_imagepreview":"large","priority":null,"frequency":null,"local_seo":null,"breadcrumb_settings":null,"limit_modified_date":false,"ai":null,"created":"2025-08-16 21:27:32","updated":"2025-08-16 21:27:32","focus_keyword":null,"additional_keywords":null,"truseo_locale":null,"seo_analyzer_scan_date":null},"aioseo_breadcrumb":"<div class=\"aioseo-breadcrumbs\"><span class=\"aioseo-breadcrumb\">\n\t\t\t<a href=\"https:\/\/anoticiaonline.com.br\/site\" title=\"Home\">Home<\/a>\n\t\t<\/span><span class=\"aioseo-breadcrumb-separator\">&raquo;<\/span><span class=\"aioseo-breadcrumb\">\n\t\t\t<a href=\"https:\/\/anoticiaonline.com.br\/site\/categoria\/muriae\/\" title=\"Blog\">Blog<\/a>\n\t\t<\/span><span class=\"aioseo-breadcrumb-separator\">&raquo;<\/span><span class=\"aioseo-breadcrumb\">\n\t\t\t<a href=\"https:\/\/anoticiaonline.com.br\/site\/categoria\/muriae\/cotidiano\/\" title=\"Cotidiano\">Cotidiano<\/a>\n\t\t<\/span><span class=\"aioseo-breadcrumb-separator\">&raquo;<\/span><span class=\"aioseo-breadcrumb\">\n\t\t\tPrefeitura paralisa atividades nesta ter\u00e7a para protestar contra Estado\n\t\t<\/span><\/div>","aioseo_breadcrumb_json":[{"label":"Home","link":"https:\/\/anoticiaonline.com.br\/site"},{"label":"Blog","link":"https:\/\/anoticiaonline.com.br\/site\/categoria\/muriae\/"},{"label":"Cotidiano","link":"https:\/\/anoticiaonline.com.br\/site\/categoria\/muriae\/cotidiano\/"},{"label":"Prefeitura paralisa atividades nesta ter\u00e7a para protestar contra Estado","link":"https:\/\/anoticiaonline.com.br\/site\/prefeitura-paralisa-atividades-nesta-terca-para-protestar-contra-estado\/"}],"views":141,"_links":{"self":[{"href":"https:\/\/anoticiaonline.com.br\/site\/wp-json\/wp\/v2\/posts\/60267","targetHints":{"allow":["GET"]}}],"collection":[{"href":"https:\/\/anoticiaonline.com.br\/site\/wp-json\/wp\/v2\/posts"}],"about":[{"href":"https:\/\/anoticiaonline.com.br\/site\/wp-json\/wp\/v2\/types\/post"}],"author":[{"embeddable":true,"href":"https:\/\/anoticiaonline.com.br\/site\/wp-json\/wp\/v2\/users\/2"}],"replies":[{"embeddable":true,"href":"https:\/\/anoticiaonline.com.br\/site\/wp-json\/wp\/v2\/comments?post=60267"}],"version-history":[{"count":0,"href":"https:\/\/anoticiaonline.com.br\/site\/wp-json\/wp\/v2\/posts\/60267\/revisions"}],"wp:featuredmedia":[{"embeddable":true,"href":"https:\/\/anoticiaonline.com.br\/site\/wp-json\/wp\/v2\/media\/60268"}],"wp:attachment":[{"href":"https:\/\/anoticiaonline.com.br\/site\/wp-json\/wp\/v2\/media?parent=60267"}],"wp:term":[{"taxonomy":"category","embeddable":true,"href":"https:\/\/anoticiaonline.com.br\/site\/wp-json\/wp\/v2\/categories?post=60267"},{"taxonomy":"post_tag","embeddable":true,"href":"https:\/\/anoticiaonline.com.br\/site\/wp-json\/wp\/v2\/tags?post=60267"}],"curies":[{"name":"wp","href":"https:\/\/api.w.org\/{rel}","templated":true}]}}