{"id":60120,"date":"2018-08-17T11:27:36","date_gmt":"2018-08-17T14:27:36","guid":{"rendered":"http:\/\/anoticiaonline.com.br\/site\/?p=60120"},"modified":"2018-08-17T11:27:36","modified_gmt":"2018-08-17T14:27:36","slug":"franco-lopes-garante-o-2o-lugar-no-motovelocidade-sp-2018","status":"publish","type":"post","link":"https:\/\/anoticiaonline.com.br\/site\/franco-lopes-garante-o-2o-lugar-no-motovelocidade-sp-2018\/","title":{"rendered":"Franco Lopes garante o 2\u00ba lugar no Motovelocidade SP 2018"},"content":{"rendered":"<p><a href=\"https:\/\/anoticiaonline.com.br\/site\/wp-content\/uploads\/2018\/08\/Franco-Lopes-garante-o-2\u00ba-lugar-no-Motovelocidade-SP-2018.jpg\"><img fetchpriority=\"high\" decoding=\"async\" class=\"alignnone size-full wp-image-60121\" src=\"https:\/\/anoticiaonline.com.br\/site\/wp-content\/uploads\/2018\/08\/Franco-Lopes-garante-o-2\u00ba-lugar-no-Motovelocidade-SP-2018.jpg\" alt=\"\" width=\"800\" height=\"534\" srcset=\"https:\/\/anoticiaonline.com.br\/site\/wp-content\/uploads\/2018\/08\/Franco-Lopes-garante-o-2\u00ba-lugar-no-Motovelocidade-SP-2018.jpg 800w, https:\/\/anoticiaonline.com.br\/site\/wp-content\/uploads\/2018\/08\/Franco-Lopes-garante-o-2\u00ba-lugar-no-Motovelocidade-SP-2018-300x200.jpg 300w, https:\/\/anoticiaonline.com.br\/site\/wp-content\/uploads\/2018\/08\/Franco-Lopes-garante-o-2\u00ba-lugar-no-Motovelocidade-SP-2018-768x513.jpg 768w\" sizes=\"(max-width: 800px) 100vw, 800px\" \/><\/a><\/p>\n<p>No \u00faltimo domingo (12), o piloto Franco Lopes, que mora e trabalha em Muria\u00e9, garantiu o 2\u00ba lutar no Campeonato Paulista de Motovelocidade, e com o resultado se tornou campe\u00e3o 2018 na competi\u00e7\u00e3o. O piloto disputou o Campeonato Paulista, na Categoria 600 cc \u2013 Escola \u2013 2018, da Federa\u00e7\u00e3o Paulista de Motociclismo, que foi realizado em quatro etapas, todas disputadas em Interlagos SP, e o t\u00edtulo veio nas disputas de s\u00e1bado (11) e domingo (12), virando o tempo de 1:52min.\u00a0Tempo este que j\u00e1 o habilita para estar na categoria Light.<\/p>\n<p>\u201cNesse Dia dos Pais dedico esta conquista ao meu velho\u00a0Murillo Lopes\u00a0e a todos os pais amigos. Segundo colocado na corrida, me torno Campe\u00e3o Paulista de Motovelocidade 2018. Agrade\u00e7o aos meus patrocinadores Premoldados Muria\u00e9, El\u00e9trica Campos Porto e Performance Academia. N\u00e3o posso esquecer do grande mec\u00e2nico\u00a0Marcelo Assun\u00e7\u00e3o Peixoto,\u00a0que deixou minha motocicleta impec\u00e1vel e \u00e0 Motorscompany pelo evento\u201d, comentou Franco, que est\u00e1 em 3\u00ba lugar na Super Bike Brasil, que \u00e9 o Campeonato Brasileiro com corrida j\u00e1 neste domingo (19), tamb\u00e9m em Interlagos.<\/p>\n<p><a href=\"https:\/\/anoticiaonline.com.br\/site\/wp-content\/uploads\/2018\/08\/Franco-Lopes-garante-o-2\u00ba-lugar-no-Motovelocidade-SP-2018-2.jpg\"><img decoding=\"async\" class=\"alignnone size-full wp-image-60122\" src=\"https:\/\/anoticiaonline.com.br\/site\/wp-content\/uploads\/2018\/08\/Franco-Lopes-garante-o-2\u00ba-lugar-no-Motovelocidade-SP-2018-2.jpg\" alt=\"\" width=\"800\" height=\"534\" srcset=\"https:\/\/anoticiaonline.com.br\/site\/wp-content\/uploads\/2018\/08\/Franco-Lopes-garante-o-2\u00ba-lugar-no-Motovelocidade-SP-2018-2.jpg 800w, https:\/\/anoticiaonline.com.br\/site\/wp-content\/uploads\/2018\/08\/Franco-Lopes-garante-o-2\u00ba-lugar-no-Motovelocidade-SP-2018-2-300x200.jpg 300w, https:\/\/anoticiaonline.com.br\/site\/wp-content\/uploads\/2018\/08\/Franco-Lopes-garante-o-2\u00ba-lugar-no-Motovelocidade-SP-2018-2-768x513.jpg 768w\" sizes=\"(max-width: 800px) 100vw, 800px\" \/><\/a><\/p>\n<p>Cr\u00e9ditos: http:\/\/www.interligadonline.com\/<\/p>\n","protected":false},"excerpt":{"rendered":"<p>No \u00faltimo domingo (12), o piloto Franco Lopes, que mora e trabalha em Muria\u00e9, garantiu o 2\u00ba lutar no Campeonato Paulista de Motovelocidade, e com o resultado se tornou campe\u00e3o 2018 na competi\u00e7\u00e3o. O piloto disputou o Campeonato Paulista, na Categoria 600 cc \u2013 Escola \u2013 2018, da Federa\u00e7\u00e3o Paulista de Motociclismo, que foi realizado &#8230; <a title=\"Franco Lopes garante o 2\u00ba lugar no Motovelocidade SP 2018\" class=\"read-more\" href=\"https:\/\/anoticiaonline.com.br\/site\/franco-lopes-garante-o-2o-lugar-no-motovelocidade-sp-2018\/\" aria-label=\"Read more about Franco Lopes garante o 2\u00ba lugar no Motovelocidade SP 2018\">Ler mais<\/a><\/p>\n","protected":false},"author":2,"featured_media":60121,"comment_status":"open","ping_status":"open","sticky":false,"template":"","format":"standard","meta":{"_acf_changed":false,"_monsterinsights_skip_tracking":false,"footnotes":""},"categories":[29],"tags":[2004,2003,2936],"class_list":["post-60120","post","type-post","status-publish","format-standard","has-post-thumbnail","hentry","category-esporte","tag-franco-lopes","tag-motovelocidade","tag-sp"],"acf":[],"aioseo_notices":[],"aioseo_head":"\n\t\t<!-- All in One SEO 5.0.0.1 - aioseo.com -->\n\t<meta name=\"description\" content=\"No \u00faltimo domingo (12), o piloto Franco Lopes, que mora e trabalha em Muria\u00e9, garantiu o 2\u00ba lutar no Campeonato Paulista de Motovelocidade, e com o resultado se tornou campe\u00e3o 2018 na competi\u00e7\u00e3o. O piloto disputou o Campeonato Paulista, na Categoria 600 cc \u2013 Escola \u2013 2018, da Federa\u00e7\u00e3o Paulista de Motociclismo, que foi realizado\" \/>\n\t<meta name=\"robots\" content=\"max-image-preview:large\" \/>\n\t<meta name=\"author\" content=\"Juliana Laviola\"\/>\n\t<link rel=\"canonical\" href=\"https:\/\/anoticiaonline.com.br\/site\/franco-lopes-garante-o-2o-lugar-no-motovelocidade-sp-2018\/\" \/>\n\t<meta name=\"generator\" content=\"All in One SEO (AIOSEO) 5.0.0.1\" \/>\n\t\t<meta property=\"og:locale\" content=\"pt_BR\" \/>\n\t\t<meta property=\"og:site_name\" content=\"A Not\u00edcia Online - Noticias de Muria\u00e9 e regi\u00e3o\" \/>\n\t\t<meta property=\"og:type\" content=\"article\" \/>\n\t\t<meta property=\"og:title\" content=\"Franco Lopes garante o 2\u00ba lugar no Motovelocidade SP 2018 - A Not\u00edcia Online\" \/>\n\t\t<meta property=\"og:description\" content=\"No \u00faltimo domingo (12), o piloto Franco Lopes, que mora e trabalha em Muria\u00e9, garantiu o 2\u00ba lutar no Campeonato Paulista de Motovelocidade, e com o resultado se tornou campe\u00e3o 2018 na competi\u00e7\u00e3o. O piloto disputou o Campeonato Paulista, na Categoria 600 cc \u2013 Escola \u2013 2018, da Federa\u00e7\u00e3o Paulista de Motociclismo, que foi realizado\" \/>\n\t\t<meta property=\"og:url\" content=\"https:\/\/anoticiaonline.com.br\/site\/franco-lopes-garante-o-2o-lugar-no-motovelocidade-sp-2018\/\" \/>\n\t\t<meta property=\"og:image\" content=\"https:\/\/scontent-gig4-1.xx.fbcdn.net\/v\/t39.30808-1\/270437624_4564083193639691_6907940295614233970_n.jpg?stp=dst-jpg_s200x200_tt6&#038;_nc_cat=111&#038;ccb=1-7&#038;_nc_sid=f907e8&#038;_nc_ohc=SM1wRlP3lJwQ7kNvwEPuBYA&#038;_nc_oc=AdnqrjDN_BNjSSHWO-GbkIWH6fkGMLw4bqvL_NH6e2wMveX7G-rP2dAqsDSq1mJMOaY&#038;_nc_zt=24&#038;_nc_ht=scontent-gig4-1.xx&#038;_nc_gid=AoBFJeGrT1hVaew_6rchkQ&#038;oh=00_AfX7QmFGhQhG2jAllVgXCiM1ZrWgvtp80-Bfppyexh1QEg&#038;oe=689E923C\" \/>\n\t\t<meta property=\"og:image:secure_url\" content=\"https:\/\/scontent-gig4-1.xx.fbcdn.net\/v\/t39.30808-1\/270437624_4564083193639691_6907940295614233970_n.jpg?stp=dst-jpg_s200x200_tt6&#038;_nc_cat=111&#038;ccb=1-7&#038;_nc_sid=f907e8&#038;_nc_ohc=SM1wRlP3lJwQ7kNvwEPuBYA&#038;_nc_oc=AdnqrjDN_BNjSSHWO-GbkIWH6fkGMLw4bqvL_NH6e2wMveX7G-rP2dAqsDSq1mJMOaY&#038;_nc_zt=24&#038;_nc_ht=scontent-gig4-1.xx&#038;_nc_gid=AoBFJeGrT1hVaew_6rchkQ&#038;oh=00_AfX7QmFGhQhG2jAllVgXCiM1ZrWgvtp80-Bfppyexh1QEg&#038;oe=689E923C\" \/>\n\t\t<meta property=\"article:published_time\" content=\"2018-08-17T14:27:36+00:00\" \/>\n\t\t<meta property=\"article:modified_time\" content=\"2018-08-17T14:27:36+00:00\" \/>\n\t\t<meta name=\"twitter:card\" content=\"summary_large_image\" \/>\n\t\t<meta name=\"twitter:title\" content=\"Franco Lopes garante o 2\u00ba lugar no Motovelocidade SP 2018 - A Not\u00edcia Online\" \/>\n\t\t<meta name=\"twitter:description\" content=\"No \u00faltimo domingo (12), o piloto Franco Lopes, que mora e trabalha em Muria\u00e9, garantiu o 2\u00ba lutar no Campeonato Paulista de Motovelocidade, e com o resultado se tornou campe\u00e3o 2018 na competi\u00e7\u00e3o. O piloto disputou o Campeonato Paulista, na Categoria 600 cc \u2013 Escola \u2013 2018, da Federa\u00e7\u00e3o Paulista de Motociclismo, que foi realizado\" \/>\n\t\t<meta name=\"twitter:image\" content=\"https:\/\/scontent-gig4-1.xx.fbcdn.net\/v\/t39.30808-1\/270437624_4564083193639691_6907940295614233970_n.jpg?stp=dst-jpg_s200x200_tt6&amp;_nc_cat=111&amp;ccb=1-7&amp;_nc_sid=f907e8&amp;_nc_ohc=SM1wRlP3lJwQ7kNvwEPuBYA&amp;_nc_oc=AdnqrjDN_BNjSSHWO-GbkIWH6fkGMLw4bqvL_NH6e2wMveX7G-rP2dAqsDSq1mJMOaY&amp;_nc_zt=24&amp;_nc_ht=scontent-gig4-1.xx&amp;_nc_gid=AoBFJeGrT1hVaew_6rchkQ&amp;oh=00_AfX7QmFGhQhG2jAllVgXCiM1ZrWgvtp80-Bfppyexh1QEg&amp;oe=689E923C\" \/>\n\t\t<script type=\"application\/ld+json\" class=\"aioseo-schema\">\n\t\t\t{\"@context\":\"https:\\\/\\\/schema.org\",\"@graph\":[{\"@type\":\"BlogPosting\",\"@id\":\"https:\\\/\\\/anoticiaonline.com.br\\\/site\\\/franco-lopes-garante-o-2o-lugar-no-motovelocidade-sp-2018\\\/#blogposting\",\"name\":\"Franco Lopes garante o 2\\u00ba lugar no Motovelocidade SP 2018 - A Not\\u00edcia Online\",\"headline\":\"Franco Lopes garante o 2\\u00ba lugar no Motovelocidade SP 2018\",\"author\":{\"@id\":\"https:\\\/\\\/anoticiaonline.com.br\\\/site\\\/author\\\/juliana\\\/#author\"},\"publisher\":{\"@id\":\"https:\\\/\\\/anoticiaonline.com.br\\\/site\\\/#organization\"},\"image\":{\"@type\":\"ImageObject\",\"url\":\"https:\\\/\\\/anoticiaonline.com.br\\\/site\\\/wp-content\\\/uploads\\\/2018\\\/08\\\/Franco-Lopes-garante-o-2\\u00ba-lugar-no-Motovelocidade-SP-2018.jpg\",\"width\":800,\"height\":534},\"datePublished\":\"2018-08-17T11:27:36-03:00\",\"dateModified\":\"2018-08-17T11:27:36-03:00\",\"inLanguage\":\"pt-BR\",\"mainEntityOfPage\":{\"@id\":\"https:\\\/\\\/anoticiaonline.com.br\\\/site\\\/franco-lopes-garante-o-2o-lugar-no-motovelocidade-sp-2018\\\/#webpage\"},\"isPartOf\":{\"@id\":\"https:\\\/\\\/anoticiaonline.com.br\\\/site\\\/franco-lopes-garante-o-2o-lugar-no-motovelocidade-sp-2018\\\/#webpage\"},\"articleSection\":\"Esporte, franco lopes, motovelocidade, sp\"},{\"@type\":\"BreadcrumbList\",\"@id\":\"https:\\\/\\\/anoticiaonline.com.br\\\/site\\\/franco-lopes-garante-o-2o-lugar-no-motovelocidade-sp-2018\\\/#breadcrumblist\",\"itemListElement\":[{\"@type\":\"ListItem\",\"@id\":\"https:\\\/\\\/anoticiaonline.com.br\\\/site#listItem\",\"position\":1,\"name\":\"Home\",\"item\":\"https:\\\/\\\/anoticiaonline.com.br\\\/site\",\"nextItem\":{\"@type\":\"ListItem\",\"@id\":\"https:\\\/\\\/anoticiaonline.com.br\\\/site\\\/categoria\\\/esporte\\\/#listItem\",\"name\":\"Esporte\"}},{\"@type\":\"ListItem\",\"@id\":\"https:\\\/\\\/anoticiaonline.com.br\\\/site\\\/categoria\\\/esporte\\\/#listItem\",\"position\":2,\"name\":\"Esporte\",\"item\":\"https:\\\/\\\/anoticiaonline.com.br\\\/site\\\/categoria\\\/esporte\\\/\",\"nextItem\":{\"@type\":\"ListItem\",\"@id\":\"https:\\\/\\\/anoticiaonline.com.br\\\/site\\\/franco-lopes-garante-o-2o-lugar-no-motovelocidade-sp-2018\\\/#listItem\",\"name\":\"Franco Lopes garante o 2\\u00ba lugar no Motovelocidade SP 2018\"},\"previousItem\":{\"@type\":\"ListItem\",\"@id\":\"https:\\\/\\\/anoticiaonline.com.br\\\/site#listItem\",\"name\":\"Home\"}},{\"@type\":\"ListItem\",\"@id\":\"https:\\\/\\\/anoticiaonline.com.br\\\/site\\\/franco-lopes-garante-o-2o-lugar-no-motovelocidade-sp-2018\\\/#listItem\",\"position\":3,\"name\":\"Franco Lopes garante o 2\\u00ba lugar no Motovelocidade SP 2018\",\"previousItem\":{\"@type\":\"ListItem\",\"@id\":\"https:\\\/\\\/anoticiaonline.com.br\\\/site\\\/categoria\\\/esporte\\\/#listItem\",\"name\":\"Esporte\"}}]},{\"@type\":\"Organization\",\"@id\":\"https:\\\/\\\/anoticiaonline.com.br\\\/site\\\/#organization\",\"name\":\"A Not\\u00edcia Online\",\"description\":\"Noticias de Muria\\u00e9 e regi\\u00e3o\",\"url\":\"https:\\\/\\\/anoticiaonline.com.br\\\/site\\\/\",\"logo\":{\"@type\":\"ImageObject\",\"url\":\"https:\\\/\\\/scontent-gig4-1.xx.fbcdn.net\\\/v\\\/t39.30808-1\\\/270437624_4564083193639691_6907940295614233970_n.jpg?stp=dst-jpg_s200x200_tt6&_nc_cat=111&ccb=1-7&_nc_sid=f907e8&_nc_ohc=SM1wRlP3lJwQ7kNvwEPuBYA&_nc_oc=AdnqrjDN_BNjSSHWO-GbkIWH6fkGMLw4bqvL_NH6e2wMveX7G-rP2dAqsDSq1mJMOaY&_nc_zt=24&_nc_ht=scontent-gig4-1.xx&_nc_gid=AoBFJeGrT1hVaew_6rchkQ&oh=00_AfX7QmFGhQhG2jAllVgXCiM1ZrWgvtp80-Bfppyexh1QEg&oe=689E923C\",\"@id\":\"https:\\\/\\\/anoticiaonline.com.br\\\/site\\\/franco-lopes-garante-o-2o-lugar-no-motovelocidade-sp-2018\\\/#organizationLogo\"},\"image\":{\"@id\":\"https:\\\/\\\/anoticiaonline.com.br\\\/site\\\/franco-lopes-garante-o-2o-lugar-no-motovelocidade-sp-2018\\\/#organizationLogo\"}},{\"@type\":\"Person\",\"@id\":\"https:\\\/\\\/anoticiaonline.com.br\\\/site\\\/author\\\/juliana\\\/#author\",\"url\":\"https:\\\/\\\/anoticiaonline.com.br\\\/site\\\/author\\\/juliana\\\/\",\"name\":\"Juliana Laviola\",\"image\":{\"@type\":\"ImageObject\",\"@id\":\"https:\\\/\\\/anoticiaonline.com.br\\\/site\\\/franco-lopes-garante-o-2o-lugar-no-motovelocidade-sp-2018\\\/#authorImage\",\"url\":\"https:\\\/\\\/secure.gravatar.com\\\/avatar\\\/b8d45f5c699b100dfaf0e543582f38f38bf94cb7ae3a5e9abf8d891a34773335?s=96&d=mm&r=g\",\"width\":96,\"height\":96,\"caption\":\"Juliana Laviola\"}},{\"@type\":\"WebPage\",\"@id\":\"https:\\\/\\\/anoticiaonline.com.br\\\/site\\\/franco-lopes-garante-o-2o-lugar-no-motovelocidade-sp-2018\\\/#webpage\",\"url\":\"https:\\\/\\\/anoticiaonline.com.br\\\/site\\\/franco-lopes-garante-o-2o-lugar-no-motovelocidade-sp-2018\\\/\",\"name\":\"Franco Lopes garante o 2\\u00ba lugar no Motovelocidade SP 2018 - A Not\\u00edcia Online\",\"description\":\"No \\u00faltimo domingo (12), o piloto Franco Lopes, que mora e trabalha em Muria\\u00e9, garantiu o 2\\u00ba lutar no Campeonato Paulista de Motovelocidade, e com o resultado se tornou campe\\u00e3o 2018 na competi\\u00e7\\u00e3o. O piloto disputou o Campeonato Paulista, na Categoria 600 cc \\u2013 Escola \\u2013 2018, da Federa\\u00e7\\u00e3o Paulista de Motociclismo, que foi realizado\",\"inLanguage\":\"pt-BR\",\"isPartOf\":{\"@id\":\"https:\\\/\\\/anoticiaonline.com.br\\\/site\\\/#website\"},\"breadcrumb\":{\"@id\":\"https:\\\/\\\/anoticiaonline.com.br\\\/site\\\/franco-lopes-garante-o-2o-lugar-no-motovelocidade-sp-2018\\\/#breadcrumblist\"},\"author\":{\"@id\":\"https:\\\/\\\/anoticiaonline.com.br\\\/site\\\/author\\\/juliana\\\/#author\"},\"creator\":{\"@id\":\"https:\\\/\\\/anoticiaonline.com.br\\\/site\\\/author\\\/juliana\\\/#author\"},\"image\":{\"@type\":\"ImageObject\",\"url\":\"https:\\\/\\\/anoticiaonline.com.br\\\/site\\\/wp-content\\\/uploads\\\/2018\\\/08\\\/Franco-Lopes-garante-o-2\\u00ba-lugar-no-Motovelocidade-SP-2018.jpg\",\"@id\":\"https:\\\/\\\/anoticiaonline.com.br\\\/site\\\/franco-lopes-garante-o-2o-lugar-no-motovelocidade-sp-2018\\\/#mainImage\",\"width\":800,\"height\":534},\"primaryImageOfPage\":{\"@id\":\"https:\\\/\\\/anoticiaonline.com.br\\\/site\\\/franco-lopes-garante-o-2o-lugar-no-motovelocidade-sp-2018\\\/#mainImage\"},\"datePublished\":\"2018-08-17T11:27:36-03:00\",\"dateModified\":\"2018-08-17T11:27:36-03:00\"},{\"@type\":\"WebSite\",\"@id\":\"https:\\\/\\\/anoticiaonline.com.br\\\/site\\\/#website\",\"url\":\"https:\\\/\\\/anoticiaonline.com.br\\\/site\\\/\",\"name\":\"A Not\\u00edcia Online\",\"description\":\"Noticias de Muria\\u00e9 e regi\\u00e3o\",\"inLanguage\":\"pt-BR\",\"publisher\":{\"@id\":\"https:\\\/\\\/anoticiaonline.com.br\\\/site\\\/#organization\"}}]}\n\t\t<\/script>\n\t\t<!-- All in One SEO -->\n\n","aioseo_head_json":{"title":"Franco Lopes garante o 2\u00ba lugar no Motovelocidade SP 2018 - A Not\u00edcia Online","description":"No \u00faltimo domingo (12), o piloto Franco Lopes, que mora e trabalha em Muria\u00e9, garantiu o 2\u00ba lutar no Campeonato Paulista de Motovelocidade, e com o resultado se tornou campe\u00e3o 2018 na competi\u00e7\u00e3o. O piloto disputou o Campeonato Paulista, na Categoria 600 cc \u2013 Escola \u2013 2018, da Federa\u00e7\u00e3o Paulista de Motociclismo, que foi realizado","canonical_url":"https:\/\/anoticiaonline.com.br\/site\/franco-lopes-garante-o-2o-lugar-no-motovelocidade-sp-2018\/","robots":"max-image-preview:large","keywords":"","webmasterTools":{"miscellaneous":""},"schema":{"@context":"https:\/\/schema.org","@graph":[{"@type":"BlogPosting","@id":"https:\/\/anoticiaonline.com.br\/site\/franco-lopes-garante-o-2o-lugar-no-motovelocidade-sp-2018\/#blogposting","name":"Franco Lopes garante o 2\u00ba lugar no Motovelocidade SP 2018 - A Not\u00edcia Online","headline":"Franco Lopes garante o 2\u00ba lugar no Motovelocidade SP 2018","author":{"@id":"https:\/\/anoticiaonline.com.br\/site\/author\/juliana\/#author"},"publisher":{"@id":"https:\/\/anoticiaonline.com.br\/site\/#organization"},"image":{"@type":"ImageObject","url":"https:\/\/anoticiaonline.com.br\/site\/wp-content\/uploads\/2018\/08\/Franco-Lopes-garante-o-2\u00ba-lugar-no-Motovelocidade-SP-2018.jpg","width":800,"height":534},"datePublished":"2018-08-17T11:27:36-03:00","dateModified":"2018-08-17T11:27:36-03:00","inLanguage":"pt-BR","mainEntityOfPage":{"@id":"https:\/\/anoticiaonline.com.br\/site\/franco-lopes-garante-o-2o-lugar-no-motovelocidade-sp-2018\/#webpage"},"isPartOf":{"@id":"https:\/\/anoticiaonline.com.br\/site\/franco-lopes-garante-o-2o-lugar-no-motovelocidade-sp-2018\/#webpage"},"articleSection":"Esporte, franco lopes, motovelocidade, sp"},{"@type":"BreadcrumbList","@id":"https:\/\/anoticiaonline.com.br\/site\/franco-lopes-garante-o-2o-lugar-no-motovelocidade-sp-2018\/#breadcrumblist","itemListElement":[{"@type":"ListItem","@id":"https:\/\/anoticiaonline.com.br\/site#listItem","position":1,"name":"Home","item":"https:\/\/anoticiaonline.com.br\/site","nextItem":{"@type":"ListItem","@id":"https:\/\/anoticiaonline.com.br\/site\/categoria\/esporte\/#listItem","name":"Esporte"}},{"@type":"ListItem","@id":"https:\/\/anoticiaonline.com.br\/site\/categoria\/esporte\/#listItem","position":2,"name":"Esporte","item":"https:\/\/anoticiaonline.com.br\/site\/categoria\/esporte\/","nextItem":{"@type":"ListItem","@id":"https:\/\/anoticiaonline.com.br\/site\/franco-lopes-garante-o-2o-lugar-no-motovelocidade-sp-2018\/#listItem","name":"Franco Lopes garante o 2\u00ba lugar no Motovelocidade SP 2018"},"previousItem":{"@type":"ListItem","@id":"https:\/\/anoticiaonline.com.br\/site#listItem","name":"Home"}},{"@type":"ListItem","@id":"https:\/\/anoticiaonline.com.br\/site\/franco-lopes-garante-o-2o-lugar-no-motovelocidade-sp-2018\/#listItem","position":3,"name":"Franco Lopes garante o 2\u00ba lugar no Motovelocidade SP 2018","previousItem":{"@type":"ListItem","@id":"https:\/\/anoticiaonline.com.br\/site\/categoria\/esporte\/#listItem","name":"Esporte"}}]},{"@type":"Organization","@id":"https:\/\/anoticiaonline.com.br\/site\/#organization","name":"A Not\u00edcia Online","description":"Noticias de Muria\u00e9 e regi\u00e3o","url":"https:\/\/anoticiaonline.com.br\/site\/","logo":{"@type":"ImageObject","url":"https:\/\/scontent-gig4-1.xx.fbcdn.net\/v\/t39.30808-1\/270437624_4564083193639691_6907940295614233970_n.jpg?stp=dst-jpg_s200x200_tt6&_nc_cat=111&ccb=1-7&_nc_sid=f907e8&_nc_ohc=SM1wRlP3lJwQ7kNvwEPuBYA&_nc_oc=AdnqrjDN_BNjSSHWO-GbkIWH6fkGMLw4bqvL_NH6e2wMveX7G-rP2dAqsDSq1mJMOaY&_nc_zt=24&_nc_ht=scontent-gig4-1.xx&_nc_gid=AoBFJeGrT1hVaew_6rchkQ&oh=00_AfX7QmFGhQhG2jAllVgXCiM1ZrWgvtp80-Bfppyexh1QEg&oe=689E923C","@id":"https:\/\/anoticiaonline.com.br\/site\/franco-lopes-garante-o-2o-lugar-no-motovelocidade-sp-2018\/#organizationLogo"},"image":{"@id":"https:\/\/anoticiaonline.com.br\/site\/franco-lopes-garante-o-2o-lugar-no-motovelocidade-sp-2018\/#organizationLogo"}},{"@type":"Person","@id":"https:\/\/anoticiaonline.com.br\/site\/author\/juliana\/#author","url":"https:\/\/anoticiaonline.com.br\/site\/author\/juliana\/","name":"Juliana Laviola","image":{"@type":"ImageObject","@id":"https:\/\/anoticiaonline.com.br\/site\/franco-lopes-garante-o-2o-lugar-no-motovelocidade-sp-2018\/#authorImage","url":"https:\/\/secure.gravatar.com\/avatar\/b8d45f5c699b100dfaf0e543582f38f38bf94cb7ae3a5e9abf8d891a34773335?s=96&d=mm&r=g","width":96,"height":96,"caption":"Juliana Laviola"}},{"@type":"WebPage","@id":"https:\/\/anoticiaonline.com.br\/site\/franco-lopes-garante-o-2o-lugar-no-motovelocidade-sp-2018\/#webpage","url":"https:\/\/anoticiaonline.com.br\/site\/franco-lopes-garante-o-2o-lugar-no-motovelocidade-sp-2018\/","name":"Franco Lopes garante o 2\u00ba lugar no Motovelocidade SP 2018 - A Not\u00edcia Online","description":"No \u00faltimo domingo (12), o piloto Franco Lopes, que mora e trabalha em Muria\u00e9, garantiu o 2\u00ba lutar no Campeonato Paulista de Motovelocidade, e com o resultado se tornou campe\u00e3o 2018 na competi\u00e7\u00e3o. O piloto disputou o Campeonato Paulista, na Categoria 600 cc \u2013 Escola \u2013 2018, da Federa\u00e7\u00e3o Paulista de Motociclismo, que foi realizado","inLanguage":"pt-BR","isPartOf":{"@id":"https:\/\/anoticiaonline.com.br\/site\/#website"},"breadcrumb":{"@id":"https:\/\/anoticiaonline.com.br\/site\/franco-lopes-garante-o-2o-lugar-no-motovelocidade-sp-2018\/#breadcrumblist"},"author":{"@id":"https:\/\/anoticiaonline.com.br\/site\/author\/juliana\/#author"},"creator":{"@id":"https:\/\/anoticiaonline.com.br\/site\/author\/juliana\/#author"},"image":{"@type":"ImageObject","url":"https:\/\/anoticiaonline.com.br\/site\/wp-content\/uploads\/2018\/08\/Franco-Lopes-garante-o-2\u00ba-lugar-no-Motovelocidade-SP-2018.jpg","@id":"https:\/\/anoticiaonline.com.br\/site\/franco-lopes-garante-o-2o-lugar-no-motovelocidade-sp-2018\/#mainImage","width":800,"height":534},"primaryImageOfPage":{"@id":"https:\/\/anoticiaonline.com.br\/site\/franco-lopes-garante-o-2o-lugar-no-motovelocidade-sp-2018\/#mainImage"},"datePublished":"2018-08-17T11:27:36-03:00","dateModified":"2018-08-17T11:27:36-03:00"},{"@type":"WebSite","@id":"https:\/\/anoticiaonline.com.br\/site\/#website","url":"https:\/\/anoticiaonline.com.br\/site\/","name":"A Not\u00edcia Online","description":"Noticias de Muria\u00e9 e regi\u00e3o","inLanguage":"pt-BR","publisher":{"@id":"https:\/\/anoticiaonline.com.br\/site\/#organization"}}]},"og:locale":"pt_BR","og:site_name":"A Not\u00edcia Online - Noticias de Muria\u00e9 e regi\u00e3o","og:type":"article","og:title":"Franco Lopes garante o 2\u00ba lugar no Motovelocidade SP 2018 - A Not\u00edcia Online","og:description":"No \u00faltimo domingo (12), o piloto Franco Lopes, que mora e trabalha em Muria\u00e9, garantiu o 2\u00ba lutar no Campeonato Paulista de Motovelocidade, e com o resultado se tornou campe\u00e3o 2018 na competi\u00e7\u00e3o. O piloto disputou o Campeonato Paulista, na Categoria 600 cc \u2013 Escola \u2013 2018, da Federa\u00e7\u00e3o Paulista de Motociclismo, que foi realizado","og:url":"https:\/\/anoticiaonline.com.br\/site\/franco-lopes-garante-o-2o-lugar-no-motovelocidade-sp-2018\/","og:image":"https:\/\/scontent-gig4-1.xx.fbcdn.net\/v\/t39.30808-1\/270437624_4564083193639691_6907940295614233970_n.jpg?stp=dst-jpg_s200x200_tt6&#038;_nc_cat=111&#038;ccb=1-7&#038;_nc_sid=f907e8&#038;_nc_ohc=SM1wRlP3lJwQ7kNvwEPuBYA&#038;_nc_oc=AdnqrjDN_BNjSSHWO-GbkIWH6fkGMLw4bqvL_NH6e2wMveX7G-rP2dAqsDSq1mJMOaY&#038;_nc_zt=24&#038;_nc_ht=scontent-gig4-1.xx&#038;_nc_gid=AoBFJeGrT1hVaew_6rchkQ&#038;oh=00_AfX7QmFGhQhG2jAllVgXCiM1ZrWgvtp80-Bfppyexh1QEg&#038;oe=689E923C","og:image:secure_url":"https:\/\/scontent-gig4-1.xx.fbcdn.net\/v\/t39.30808-1\/270437624_4564083193639691_6907940295614233970_n.jpg?stp=dst-jpg_s200x200_tt6&#038;_nc_cat=111&#038;ccb=1-7&#038;_nc_sid=f907e8&#038;_nc_ohc=SM1wRlP3lJwQ7kNvwEPuBYA&#038;_nc_oc=AdnqrjDN_BNjSSHWO-GbkIWH6fkGMLw4bqvL_NH6e2wMveX7G-rP2dAqsDSq1mJMOaY&#038;_nc_zt=24&#038;_nc_ht=scontent-gig4-1.xx&#038;_nc_gid=AoBFJeGrT1hVaew_6rchkQ&#038;oh=00_AfX7QmFGhQhG2jAllVgXCiM1ZrWgvtp80-Bfppyexh1QEg&#038;oe=689E923C","article:published_time":"2018-08-17T14:27:36+00:00","article:modified_time":"2018-08-17T14:27:36+00:00","twitter:card":"summary_large_image","twitter:title":"Franco Lopes garante o 2\u00ba lugar no Motovelocidade SP 2018 - A Not\u00edcia Online","twitter:description":"No \u00faltimo domingo (12), o piloto Franco Lopes, que mora e trabalha em Muria\u00e9, garantiu o 2\u00ba lutar no Campeonato Paulista de Motovelocidade, e com o resultado se tornou campe\u00e3o 2018 na competi\u00e7\u00e3o. O piloto disputou o Campeonato Paulista, na Categoria 600 cc \u2013 Escola \u2013 2018, da Federa\u00e7\u00e3o Paulista de Motociclismo, que foi realizado","twitter:image":"https:\/\/scontent-gig4-1.xx.fbcdn.net\/v\/t39.30808-1\/270437624_4564083193639691_6907940295614233970_n.jpg?stp=dst-jpg_s200x200_tt6&_nc_cat=111&ccb=1-7&_nc_sid=f907e8&_nc_ohc=SM1wRlP3lJwQ7kNvwEPuBYA&_nc_oc=AdnqrjDN_BNjSSHWO-GbkIWH6fkGMLw4bqvL_NH6e2wMveX7G-rP2dAqsDSq1mJMOaY&_nc_zt=24&_nc_ht=scontent-gig4-1.xx&_nc_gid=AoBFJeGrT1hVaew_6rchkQ&oh=00_AfX7QmFGhQhG2jAllVgXCiM1ZrWgvtp80-Bfppyexh1QEg&oe=689E923C"},"aioseo_meta_data":{"post_id":"60120","title":null,"description":null,"keywords":null,"keyphrases":null,"primary_term":null,"canonical_url":null,"og_title":null,"og_description":null,"og_object_type":"default","og_image_type":"default","og_image_url":null,"og_image_width":null,"og_image_height":null,"og_image_custom_url":null,"og_image_custom_fields":null,"og_video":null,"og_custom_url":null,"og_article_section":null,"og_article_tags":null,"twitter_use_og":false,"twitter_card":"default","twitter_image_type":"default","twitter_image_url":null,"twitter_image_custom_url":null,"twitter_image_custom_fields":null,"twitter_title":null,"twitter_description":null,"schema":{"blockGraphs":[],"customGraphs":[],"default":{"data":{"Article":[],"Course":[],"Dataset":[],"FAQPage":[],"Movie":[],"Person":[],"Product":[],"ProductReview":[],"Car":[],"Recipe":[],"Service":[],"SoftwareApplication":[],"WebPage":[]},"graphName":"","isEnabled":true},"graphs":[]},"schema_type":"default","schema_type_options":null,"pillar_content":false,"robots_default":true,"robots_noindex":false,"robots_noarchive":false,"robots_nosnippet":false,"robots_nofollow":false,"robots_noimageindex":false,"robots_noodp":false,"robots_notranslate":false,"robots_max_snippet":null,"robots_max_videopreview":null,"robots_max_imagepreview":"large","priority":null,"frequency":null,"local_seo":null,"breadcrumb_settings":null,"limit_modified_date":false,"ai":null,"created":"2025-08-16 21:26:28","updated":"2025-08-16 21:26:28","focus_keyword":null,"additional_keywords":null,"truseo_locale":null,"seo_analyzer_scan_date":null},"aioseo_breadcrumb":"<div class=\"aioseo-breadcrumbs\"><span class=\"aioseo-breadcrumb\">\n\t\t\t<a href=\"https:\/\/anoticiaonline.com.br\/site\" title=\"Home\">Home<\/a>\n\t\t<\/span><span class=\"aioseo-breadcrumb-separator\">&raquo;<\/span><span class=\"aioseo-breadcrumb\">\n\t\t\t<a href=\"https:\/\/anoticiaonline.com.br\/site\/categoria\/esporte\/\" title=\"Esporte\">Esporte<\/a>\n\t\t<\/span><span class=\"aioseo-breadcrumb-separator\">&raquo;<\/span><span class=\"aioseo-breadcrumb\">\n\t\t\tFranco Lopes garante o 2\u00ba lugar no Motovelocidade SP 2018\n\t\t<\/span><\/div>","aioseo_breadcrumb_json":[{"label":"Home","link":"https:\/\/anoticiaonline.com.br\/site"},{"label":"Esporte","link":"https:\/\/anoticiaonline.com.br\/site\/categoria\/esporte\/"},{"label":"Franco Lopes garante o 2\u00ba lugar no Motovelocidade SP 2018","link":"https:\/\/anoticiaonline.com.br\/site\/franco-lopes-garante-o-2o-lugar-no-motovelocidade-sp-2018\/"}],"views":170,"_links":{"self":[{"href":"https:\/\/anoticiaonline.com.br\/site\/wp-json\/wp\/v2\/posts\/60120","targetHints":{"allow":["GET"]}}],"collection":[{"href":"https:\/\/anoticiaonline.com.br\/site\/wp-json\/wp\/v2\/posts"}],"about":[{"href":"https:\/\/anoticiaonline.com.br\/site\/wp-json\/wp\/v2\/types\/post"}],"author":[{"embeddable":true,"href":"https:\/\/anoticiaonline.com.br\/site\/wp-json\/wp\/v2\/users\/2"}],"replies":[{"embeddable":true,"href":"https:\/\/anoticiaonline.com.br\/site\/wp-json\/wp\/v2\/comments?post=60120"}],"version-history":[{"count":0,"href":"https:\/\/anoticiaonline.com.br\/site\/wp-json\/wp\/v2\/posts\/60120\/revisions"}],"wp:featuredmedia":[{"embeddable":true,"href":"https:\/\/anoticiaonline.com.br\/site\/wp-json\/wp\/v2\/media\/60121"}],"wp:attachment":[{"href":"https:\/\/anoticiaonline.com.br\/site\/wp-json\/wp\/v2\/media?parent=60120"}],"wp:term":[{"taxonomy":"category","embeddable":true,"href":"https:\/\/anoticiaonline.com.br\/site\/wp-json\/wp\/v2\/categories?post=60120"},{"taxonomy":"post_tag","embeddable":true,"href":"https:\/\/anoticiaonline.com.br\/site\/wp-json\/wp\/v2\/tags?post=60120"}],"curies":[{"name":"wp","href":"https:\/\/api.w.org\/{rel}","templated":true}]}}