{"id":60117,"date":"2018-08-17T11:23:14","date_gmt":"2018-08-17T14:23:14","guid":{"rendered":"http:\/\/anoticiaonline.com.br\/site\/?p=60117"},"modified":"2018-08-17T11:23:14","modified_gmt":"2018-08-17T14:23:14","slug":"pm-fala-sobre-a-operacao-nice-realizada-em-muriae","status":"publish","type":"post","link":"https:\/\/anoticiaonline.com.br\/site\/pm-fala-sobre-a-operacao-nice-realizada-em-muriae\/","title":{"rendered":"PM fala sobre a opera\u00e7\u00e3o \u201cNice\u201d realizada em Muria\u00e9"},"content":{"rendered":"<figure id=\"attachment_60118\" aria-describedby=\"caption-attachment-60118\" style=\"width: 790px\" class=\"wp-caption alignnone\"><a href=\"https:\/\/anoticiaonline.com.br\/site\/wp-content\/uploads\/2018\/08\/CAPA-1.jpg\"><img fetchpriority=\"high\" decoding=\"async\" class=\"size-full wp-image-60118\" src=\"https:\/\/anoticiaonline.com.br\/site\/wp-content\/uploads\/2018\/08\/CAPA-1.jpg\" alt=\"\" width=\"800\" height=\"534\" srcset=\"https:\/\/anoticiaonline.com.br\/site\/wp-content\/uploads\/2018\/08\/CAPA-1.jpg 800w, https:\/\/anoticiaonline.com.br\/site\/wp-content\/uploads\/2018\/08\/CAPA-1-300x200.jpg 300w, https:\/\/anoticiaonline.com.br\/site\/wp-content\/uploads\/2018\/08\/CAPA-1-768x513.jpg 768w\" sizes=\"(max-width: 800px) 100vw, 800px\" \/><\/a><figcaption id=\"caption-attachment-60118\" class=\"wp-caption-text\">O comandante do 47\u00ba Batalh\u00e3o, tenente coronel Joedson Gomes, e o comandante da 76\u00aa Companhia, tenente Andr\u00e9 Carvalho.<\/figcaption><\/figure>\n<p>A Pol\u00edcia Militar de Muria\u00e9 reuniu a imprensa local, na sede do 47\u00ba Batalh\u00e3o, na quinta-feira (16), para uma coletiva sobre a opera\u00e7\u00e3o \u201cNice\u201d.<\/p>\n<p>Estavam presentes, o comandante do 47\u00ba Batalh\u00e3o, tenente coronel Joedson Gomes, e o comandante da 76\u00aa Companhia, tenente Andr\u00e9 Carvalho.<\/p>\n<p>De acordo com o tenente coronel Joedson, a opera\u00e7\u00e3o foi dividida em duas fases. \u201cA opera\u00e7\u00e3o \u2018Nice\u2019 foi idealizada pela 4\u00aa Regi\u00e3o, na qual o 47\u00ba Batalh\u00e3o \u00e9 subordinado. A Unidade da 4\u00aa Regi\u00e3o da Pol\u00edcia Militar \u00e9 formada por 86 munic\u00edpios e 47\u00ba Batalh\u00e3o da Pol\u00edcia Militar \u00e9 respons\u00e1vel por 18 deles. A primeira fase da opera\u00e7\u00e3o \u2018Nice\u2019 foi efetuada na manh\u00e3 desta quinta-feira, com o cumprimento de mandados de busca e apreens\u00e3o. Nesta fase, pessoas foram presas e drogas e armas foram apreendidas atrav\u00e9s do empenho m\u00e1ximo do efetivo dispon\u00edvel\u201d, conta.<\/p>\n<p>Ainda segundo o tenente coronel Joedson, a Pol\u00edcia Militar conta com a participa\u00e7\u00e3o da sociedade muriaeense. \u201cA Pol\u00edcia Militar trabalha em benef\u00edcio do cidad\u00e3o de bem. Em rela\u00e7\u00e3o aos infratores, a PM existe para coibir a a\u00e7\u00e3o de crimes. O recado foi dado. N\u00f3s estamos vigilantes e continuaremos desta forma. Pedimos ao cidad\u00e3o de bem que ele participe do processo de Seguran\u00e7a P\u00fablica, atrav\u00e9s de den\u00fancias pelo n\u00famero 181, para que a Pol\u00edcia Militar possa estar presente n\u00e3o importa a hora\u201d, conta.<\/p>\n<p>O tenente Andr\u00e9 Carvalho, comandante da 76\u00aa Companhia, disse que a segunda fase da opera\u00e7\u00e3o \u201cNice\u201d \u00e9 chamada de \u201cCorredor de Seguran\u00e7a\u201d e, at\u00e9 o fechamento desta edi\u00e7\u00e3o, ainda estava sendo efetuada. \u201cEspalhamos v\u00e1rias equipes em diversos pontos da cidade realizando opera\u00e7\u00f5es para prevenir e reprimir os crimes que porventura venham a acontecer\u201d, conta.<\/p>\n<p><strong>Mais detalhes sobre a opera\u00e7\u00e3o \u201cNice\u201d \u2013 <\/strong>Nice, na Mitologia Grega, foi uma deusa que personificava a vit\u00f3ria, for\u00e7a e velocidade, representada por uma mulher alada. \u00a0A opera\u00e7\u00e3o Nice foi planejada para ser desenvolvida nas 86 cidades da Quarta Regi\u00e3o da Pol\u00edcia Militar, visando saturar o policiamento preventivo nas Zonas Quentes de Criminalidade (ZQC), bem como a repress\u00e3o qualificada aos autores em pr\u00e1ticas criminosas e apreens\u00e3o de materiais il\u00edcitos, principalmente drogas e armas, utilizados na pr\u00e1tica de crimes e contraven\u00e7\u00f5es penais.<\/p>\n<p>Ao final da tarde de quinta-feira (16), policiais da 4\u00aa Regi\u00e3o informaram que 74 pessoas foram presas, 19 armas de fogo foram apreendidas, foram cumpridos 194 mandados de busca e apreens\u00e3o, 1138 PMs atuaram na opera\u00e7\u00e3o, al\u00e9m de 292 viaturas.<\/p>\n<p>&nbsp;<\/p>\n","protected":false},"excerpt":{"rendered":"<p>A Pol\u00edcia Militar de Muria\u00e9 reuniu a imprensa local, na sede do 47\u00ba Batalh\u00e3o, na quinta-feira (16), para uma coletiva sobre a opera\u00e7\u00e3o \u201cNice\u201d. Estavam presentes, o comandante do 47\u00ba Batalh\u00e3o, tenente coronel Joedson Gomes, e o comandante da 76\u00aa Companhia, tenente Andr\u00e9 Carvalho. De acordo com o tenente coronel Joedson, a opera\u00e7\u00e3o foi dividida &#8230; <a title=\"PM fala sobre a opera\u00e7\u00e3o \u201cNice\u201d realizada em Muria\u00e9\" class=\"read-more\" href=\"https:\/\/anoticiaonline.com.br\/site\/pm-fala-sobre-a-operacao-nice-realizada-em-muriae\/\" aria-label=\"Read more about PM fala sobre a opera\u00e7\u00e3o \u201cNice\u201d realizada em Muria\u00e9\">Ler mais<\/a><\/p>\n","protected":false},"author":2,"featured_media":60118,"comment_status":"open","ping_status":"open","sticky":false,"template":"","format":"standard","meta":{"_acf_changed":false,"_monsterinsights_skip_tracking":false,"footnotes":""},"categories":[30,2892],"tags":[],"class_list":["post-60117","post","type-post","status-publish","format-standard","has-post-thumbnail","hentry","category-muriae","category-policia"],"acf":[],"aioseo_notices":[],"aioseo_head":"\n\t\t<!-- All in One SEO 5.0.0.1 - aioseo.com -->\n\t<meta name=\"description\" content=\"A Pol\u00edcia Militar de Muria\u00e9 reuniu a imprensa local, na sede do 47\u00ba Batalh\u00e3o, na quinta-feira (16), para uma coletiva sobre a opera\u00e7\u00e3o \u201cNice\u201d. Estavam presentes, o comandante do 47\u00ba Batalh\u00e3o, tenente coronel Joedson Gomes, e o comandante da 76\u00aa Companhia, tenente Andr\u00e9 Carvalho. De acordo com o tenente coronel Joedson, a opera\u00e7\u00e3o foi dividida\" \/>\n\t<meta name=\"robots\" content=\"max-image-preview:large\" \/>\n\t<meta name=\"author\" content=\"Juliana Laviola\"\/>\n\t<link rel=\"canonical\" href=\"https:\/\/anoticiaonline.com.br\/site\/pm-fala-sobre-a-operacao-nice-realizada-em-muriae\/\" \/>\n\t<meta name=\"generator\" content=\"All in One SEO (AIOSEO) 5.0.0.1\" \/>\n\t\t<meta property=\"og:locale\" content=\"pt_BR\" \/>\n\t\t<meta property=\"og:site_name\" content=\"A Not\u00edcia Online - Noticias de Muria\u00e9 e regi\u00e3o\" \/>\n\t\t<meta property=\"og:type\" content=\"article\" \/>\n\t\t<meta property=\"og:title\" content=\"PM fala sobre a opera\u00e7\u00e3o \u201cNice\u201d realizada em Muria\u00e9 - A Not\u00edcia Online\" \/>\n\t\t<meta property=\"og:description\" content=\"A Pol\u00edcia Militar de Muria\u00e9 reuniu a imprensa local, na sede do 47\u00ba Batalh\u00e3o, na quinta-feira (16), para uma coletiva sobre a opera\u00e7\u00e3o \u201cNice\u201d. Estavam presentes, o comandante do 47\u00ba Batalh\u00e3o, tenente coronel Joedson Gomes, e o comandante da 76\u00aa Companhia, tenente Andr\u00e9 Carvalho. De acordo com o tenente coronel Joedson, a opera\u00e7\u00e3o foi dividida\" \/>\n\t\t<meta property=\"og:url\" content=\"https:\/\/anoticiaonline.com.br\/site\/pm-fala-sobre-a-operacao-nice-realizada-em-muriae\/\" \/>\n\t\t<meta property=\"og:image\" content=\"https:\/\/scontent-gig4-1.xx.fbcdn.net\/v\/t39.30808-1\/270437624_4564083193639691_6907940295614233970_n.jpg?stp=dst-jpg_s200x200_tt6&#038;_nc_cat=111&#038;ccb=1-7&#038;_nc_sid=f907e8&#038;_nc_ohc=SM1wRlP3lJwQ7kNvwEPuBYA&#038;_nc_oc=AdnqrjDN_BNjSSHWO-GbkIWH6fkGMLw4bqvL_NH6e2wMveX7G-rP2dAqsDSq1mJMOaY&#038;_nc_zt=24&#038;_nc_ht=scontent-gig4-1.xx&#038;_nc_gid=AoBFJeGrT1hVaew_6rchkQ&#038;oh=00_AfX7QmFGhQhG2jAllVgXCiM1ZrWgvtp80-Bfppyexh1QEg&#038;oe=689E923C\" \/>\n\t\t<meta property=\"og:image:secure_url\" content=\"https:\/\/scontent-gig4-1.xx.fbcdn.net\/v\/t39.30808-1\/270437624_4564083193639691_6907940295614233970_n.jpg?stp=dst-jpg_s200x200_tt6&#038;_nc_cat=111&#038;ccb=1-7&#038;_nc_sid=f907e8&#038;_nc_ohc=SM1wRlP3lJwQ7kNvwEPuBYA&#038;_nc_oc=AdnqrjDN_BNjSSHWO-GbkIWH6fkGMLw4bqvL_NH6e2wMveX7G-rP2dAqsDSq1mJMOaY&#038;_nc_zt=24&#038;_nc_ht=scontent-gig4-1.xx&#038;_nc_gid=AoBFJeGrT1hVaew_6rchkQ&#038;oh=00_AfX7QmFGhQhG2jAllVgXCiM1ZrWgvtp80-Bfppyexh1QEg&#038;oe=689E923C\" \/>\n\t\t<meta property=\"article:published_time\" content=\"2018-08-17T14:23:14+00:00\" \/>\n\t\t<meta property=\"article:modified_time\" content=\"2018-08-17T14:23:14+00:00\" \/>\n\t\t<meta name=\"twitter:card\" content=\"summary_large_image\" \/>\n\t\t<meta name=\"twitter:title\" content=\"PM fala sobre a opera\u00e7\u00e3o \u201cNice\u201d realizada em Muria\u00e9 - A Not\u00edcia Online\" \/>\n\t\t<meta name=\"twitter:description\" content=\"A Pol\u00edcia Militar de Muria\u00e9 reuniu a imprensa local, na sede do 47\u00ba Batalh\u00e3o, na quinta-feira (16), para uma coletiva sobre a opera\u00e7\u00e3o \u201cNice\u201d. Estavam presentes, o comandante do 47\u00ba Batalh\u00e3o, tenente coronel Joedson Gomes, e o comandante da 76\u00aa Companhia, tenente Andr\u00e9 Carvalho. De acordo com o tenente coronel Joedson, a opera\u00e7\u00e3o foi dividida\" \/>\n\t\t<meta name=\"twitter:image\" content=\"https:\/\/scontent-gig4-1.xx.fbcdn.net\/v\/t39.30808-1\/270437624_4564083193639691_6907940295614233970_n.jpg?stp=dst-jpg_s200x200_tt6&amp;_nc_cat=111&amp;ccb=1-7&amp;_nc_sid=f907e8&amp;_nc_ohc=SM1wRlP3lJwQ7kNvwEPuBYA&amp;_nc_oc=AdnqrjDN_BNjSSHWO-GbkIWH6fkGMLw4bqvL_NH6e2wMveX7G-rP2dAqsDSq1mJMOaY&amp;_nc_zt=24&amp;_nc_ht=scontent-gig4-1.xx&amp;_nc_gid=AoBFJeGrT1hVaew_6rchkQ&amp;oh=00_AfX7QmFGhQhG2jAllVgXCiM1ZrWgvtp80-Bfppyexh1QEg&amp;oe=689E923C\" \/>\n\t\t<script type=\"application\/ld+json\" class=\"aioseo-schema\">\n\t\t\t{\"@context\":\"https:\\\/\\\/schema.org\",\"@graph\":[{\"@type\":\"BlogPosting\",\"@id\":\"https:\\\/\\\/anoticiaonline.com.br\\\/site\\\/pm-fala-sobre-a-operacao-nice-realizada-em-muriae\\\/#blogposting\",\"name\":\"PM fala sobre a opera\\u00e7\\u00e3o \\u201cNice\\u201d realizada em Muria\\u00e9 - A Not\\u00edcia Online\",\"headline\":\"PM fala sobre a opera\\u00e7\\u00e3o \\u201cNice\\u201d realizada em Muria\\u00e9\",\"author\":{\"@id\":\"https:\\\/\\\/anoticiaonline.com.br\\\/site\\\/author\\\/juliana\\\/#author\"},\"publisher\":{\"@id\":\"https:\\\/\\\/anoticiaonline.com.br\\\/site\\\/#organization\"},\"image\":{\"@type\":\"ImageObject\",\"url\":\"https:\\\/\\\/anoticiaonline.com.br\\\/site\\\/wp-content\\\/uploads\\\/2018\\\/08\\\/CAPA-1.jpg\",\"width\":800,\"height\":534,\"caption\":\"O comandante do 47\\u00ba Batalh\\u00e3o, tenente coronel Joedson Gomes, e o comandante da 76\\u00aa Companhia, tenente Andr\\u00e9 Carvalho.\"},\"datePublished\":\"2018-08-17T11:23:14-03:00\",\"dateModified\":\"2018-08-17T11:23:14-03:00\",\"inLanguage\":\"pt-BR\",\"mainEntityOfPage\":{\"@id\":\"https:\\\/\\\/anoticiaonline.com.br\\\/site\\\/pm-fala-sobre-a-operacao-nice-realizada-em-muriae\\\/#webpage\"},\"isPartOf\":{\"@id\":\"https:\\\/\\\/anoticiaonline.com.br\\\/site\\\/pm-fala-sobre-a-operacao-nice-realizada-em-muriae\\\/#webpage\"},\"articleSection\":\"Blog, Pol\\u00edcia\"},{\"@type\":\"BreadcrumbList\",\"@id\":\"https:\\\/\\\/anoticiaonline.com.br\\\/site\\\/pm-fala-sobre-a-operacao-nice-realizada-em-muriae\\\/#breadcrumblist\",\"itemListElement\":[{\"@type\":\"ListItem\",\"@id\":\"https:\\\/\\\/anoticiaonline.com.br\\\/site#listItem\",\"position\":1,\"name\":\"Home\",\"item\":\"https:\\\/\\\/anoticiaonline.com.br\\\/site\",\"nextItem\":{\"@type\":\"ListItem\",\"@id\":\"https:\\\/\\\/anoticiaonline.com.br\\\/site\\\/categoria\\\/muriae\\\/#listItem\",\"name\":\"Blog\"}},{\"@type\":\"ListItem\",\"@id\":\"https:\\\/\\\/anoticiaonline.com.br\\\/site\\\/categoria\\\/muriae\\\/#listItem\",\"position\":2,\"name\":\"Blog\",\"item\":\"https:\\\/\\\/anoticiaonline.com.br\\\/site\\\/categoria\\\/muriae\\\/\",\"nextItem\":{\"@type\":\"ListItem\",\"@id\":\"https:\\\/\\\/anoticiaonline.com.br\\\/site\\\/categoria\\\/muriae\\\/policia\\\/#listItem\",\"name\":\"Pol\\u00edcia\"},\"previousItem\":{\"@type\":\"ListItem\",\"@id\":\"https:\\\/\\\/anoticiaonline.com.br\\\/site#listItem\",\"name\":\"Home\"}},{\"@type\":\"ListItem\",\"@id\":\"https:\\\/\\\/anoticiaonline.com.br\\\/site\\\/categoria\\\/muriae\\\/policia\\\/#listItem\",\"position\":3,\"name\":\"Pol\\u00edcia\",\"item\":\"https:\\\/\\\/anoticiaonline.com.br\\\/site\\\/categoria\\\/muriae\\\/policia\\\/\",\"nextItem\":{\"@type\":\"ListItem\",\"@id\":\"https:\\\/\\\/anoticiaonline.com.br\\\/site\\\/pm-fala-sobre-a-operacao-nice-realizada-em-muriae\\\/#listItem\",\"name\":\"PM fala sobre a opera\\u00e7\\u00e3o \\u201cNice\\u201d realizada em Muria\\u00e9\"},\"previousItem\":{\"@type\":\"ListItem\",\"@id\":\"https:\\\/\\\/anoticiaonline.com.br\\\/site\\\/categoria\\\/muriae\\\/#listItem\",\"name\":\"Blog\"}},{\"@type\":\"ListItem\",\"@id\":\"https:\\\/\\\/anoticiaonline.com.br\\\/site\\\/pm-fala-sobre-a-operacao-nice-realizada-em-muriae\\\/#listItem\",\"position\":4,\"name\":\"PM fala sobre a opera\\u00e7\\u00e3o \\u201cNice\\u201d realizada em Muria\\u00e9\",\"previousItem\":{\"@type\":\"ListItem\",\"@id\":\"https:\\\/\\\/anoticiaonline.com.br\\\/site\\\/categoria\\\/muriae\\\/policia\\\/#listItem\",\"name\":\"Pol\\u00edcia\"}}]},{\"@type\":\"Organization\",\"@id\":\"https:\\\/\\\/anoticiaonline.com.br\\\/site\\\/#organization\",\"name\":\"A Not\\u00edcia Online\",\"description\":\"Noticias de Muria\\u00e9 e regi\\u00e3o\",\"url\":\"https:\\\/\\\/anoticiaonline.com.br\\\/site\\\/\",\"logo\":{\"@type\":\"ImageObject\",\"url\":\"https:\\\/\\\/scontent-gig4-1.xx.fbcdn.net\\\/v\\\/t39.30808-1\\\/270437624_4564083193639691_6907940295614233970_n.jpg?stp=dst-jpg_s200x200_tt6&_nc_cat=111&ccb=1-7&_nc_sid=f907e8&_nc_ohc=SM1wRlP3lJwQ7kNvwEPuBYA&_nc_oc=AdnqrjDN_BNjSSHWO-GbkIWH6fkGMLw4bqvL_NH6e2wMveX7G-rP2dAqsDSq1mJMOaY&_nc_zt=24&_nc_ht=scontent-gig4-1.xx&_nc_gid=AoBFJeGrT1hVaew_6rchkQ&oh=00_AfX7QmFGhQhG2jAllVgXCiM1ZrWgvtp80-Bfppyexh1QEg&oe=689E923C\",\"@id\":\"https:\\\/\\\/anoticiaonline.com.br\\\/site\\\/pm-fala-sobre-a-operacao-nice-realizada-em-muriae\\\/#organizationLogo\"},\"image\":{\"@id\":\"https:\\\/\\\/anoticiaonline.com.br\\\/site\\\/pm-fala-sobre-a-operacao-nice-realizada-em-muriae\\\/#organizationLogo\"}},{\"@type\":\"Person\",\"@id\":\"https:\\\/\\\/anoticiaonline.com.br\\\/site\\\/author\\\/juliana\\\/#author\",\"url\":\"https:\\\/\\\/anoticiaonline.com.br\\\/site\\\/author\\\/juliana\\\/\",\"name\":\"Juliana Laviola\",\"image\":{\"@type\":\"ImageObject\",\"@id\":\"https:\\\/\\\/anoticiaonline.com.br\\\/site\\\/pm-fala-sobre-a-operacao-nice-realizada-em-muriae\\\/#authorImage\",\"url\":\"https:\\\/\\\/secure.gravatar.com\\\/avatar\\\/b8d45f5c699b100dfaf0e543582f38f38bf94cb7ae3a5e9abf8d891a34773335?s=96&d=mm&r=g\",\"width\":96,\"height\":96,\"caption\":\"Juliana Laviola\"}},{\"@type\":\"WebPage\",\"@id\":\"https:\\\/\\\/anoticiaonline.com.br\\\/site\\\/pm-fala-sobre-a-operacao-nice-realizada-em-muriae\\\/#webpage\",\"url\":\"https:\\\/\\\/anoticiaonline.com.br\\\/site\\\/pm-fala-sobre-a-operacao-nice-realizada-em-muriae\\\/\",\"name\":\"PM fala sobre a opera\\u00e7\\u00e3o \\u201cNice\\u201d realizada em Muria\\u00e9 - A Not\\u00edcia Online\",\"description\":\"A Pol\\u00edcia Militar de Muria\\u00e9 reuniu a imprensa local, na sede do 47\\u00ba Batalh\\u00e3o, na quinta-feira (16), para uma coletiva sobre a opera\\u00e7\\u00e3o \\u201cNice\\u201d. Estavam presentes, o comandante do 47\\u00ba Batalh\\u00e3o, tenente coronel Joedson Gomes, e o comandante da 76\\u00aa Companhia, tenente Andr\\u00e9 Carvalho. De acordo com o tenente coronel Joedson, a opera\\u00e7\\u00e3o foi dividida\",\"inLanguage\":\"pt-BR\",\"isPartOf\":{\"@id\":\"https:\\\/\\\/anoticiaonline.com.br\\\/site\\\/#website\"},\"breadcrumb\":{\"@id\":\"https:\\\/\\\/anoticiaonline.com.br\\\/site\\\/pm-fala-sobre-a-operacao-nice-realizada-em-muriae\\\/#breadcrumblist\"},\"author\":{\"@id\":\"https:\\\/\\\/anoticiaonline.com.br\\\/site\\\/author\\\/juliana\\\/#author\"},\"creator\":{\"@id\":\"https:\\\/\\\/anoticiaonline.com.br\\\/site\\\/author\\\/juliana\\\/#author\"},\"image\":{\"@type\":\"ImageObject\",\"url\":\"https:\\\/\\\/anoticiaonline.com.br\\\/site\\\/wp-content\\\/uploads\\\/2018\\\/08\\\/CAPA-1.jpg\",\"@id\":\"https:\\\/\\\/anoticiaonline.com.br\\\/site\\\/pm-fala-sobre-a-operacao-nice-realizada-em-muriae\\\/#mainImage\",\"width\":800,\"height\":534,\"caption\":\"O comandante do 47\\u00ba Batalh\\u00e3o, tenente coronel Joedson Gomes, e o comandante da 76\\u00aa Companhia, tenente Andr\\u00e9 Carvalho.\"},\"primaryImageOfPage\":{\"@id\":\"https:\\\/\\\/anoticiaonline.com.br\\\/site\\\/pm-fala-sobre-a-operacao-nice-realizada-em-muriae\\\/#mainImage\"},\"datePublished\":\"2018-08-17T11:23:14-03:00\",\"dateModified\":\"2018-08-17T11:23:14-03:00\"},{\"@type\":\"WebSite\",\"@id\":\"https:\\\/\\\/anoticiaonline.com.br\\\/site\\\/#website\",\"url\":\"https:\\\/\\\/anoticiaonline.com.br\\\/site\\\/\",\"name\":\"A Not\\u00edcia Online\",\"description\":\"Noticias de Muria\\u00e9 e regi\\u00e3o\",\"inLanguage\":\"pt-BR\",\"publisher\":{\"@id\":\"https:\\\/\\\/anoticiaonline.com.br\\\/site\\\/#organization\"}}]}\n\t\t<\/script>\n\t\t<!-- All in One SEO -->\n\n","aioseo_head_json":{"title":"PM fala sobre a opera\u00e7\u00e3o \u201cNice\u201d realizada em Muria\u00e9 - A Not\u00edcia Online","description":"A Pol\u00edcia Militar de Muria\u00e9 reuniu a imprensa local, na sede do 47\u00ba Batalh\u00e3o, na quinta-feira (16), para uma coletiva sobre a opera\u00e7\u00e3o \u201cNice\u201d. Estavam presentes, o comandante do 47\u00ba Batalh\u00e3o, tenente coronel Joedson Gomes, e o comandante da 76\u00aa Companhia, tenente Andr\u00e9 Carvalho. De acordo com o tenente coronel Joedson, a opera\u00e7\u00e3o foi dividida","canonical_url":"https:\/\/anoticiaonline.com.br\/site\/pm-fala-sobre-a-operacao-nice-realizada-em-muriae\/","robots":"max-image-preview:large","keywords":"","webmasterTools":{"miscellaneous":""},"schema":{"@context":"https:\/\/schema.org","@graph":[{"@type":"BlogPosting","@id":"https:\/\/anoticiaonline.com.br\/site\/pm-fala-sobre-a-operacao-nice-realizada-em-muriae\/#blogposting","name":"PM fala sobre a opera\u00e7\u00e3o \u201cNice\u201d realizada em Muria\u00e9 - A Not\u00edcia Online","headline":"PM fala sobre a opera\u00e7\u00e3o \u201cNice\u201d realizada em Muria\u00e9","author":{"@id":"https:\/\/anoticiaonline.com.br\/site\/author\/juliana\/#author"},"publisher":{"@id":"https:\/\/anoticiaonline.com.br\/site\/#organization"},"image":{"@type":"ImageObject","url":"https:\/\/anoticiaonline.com.br\/site\/wp-content\/uploads\/2018\/08\/CAPA-1.jpg","width":800,"height":534,"caption":"O comandante do 47\u00ba Batalh\u00e3o, tenente coronel Joedson Gomes, e o comandante da 76\u00aa Companhia, tenente Andr\u00e9 Carvalho."},"datePublished":"2018-08-17T11:23:14-03:00","dateModified":"2018-08-17T11:23:14-03:00","inLanguage":"pt-BR","mainEntityOfPage":{"@id":"https:\/\/anoticiaonline.com.br\/site\/pm-fala-sobre-a-operacao-nice-realizada-em-muriae\/#webpage"},"isPartOf":{"@id":"https:\/\/anoticiaonline.com.br\/site\/pm-fala-sobre-a-operacao-nice-realizada-em-muriae\/#webpage"},"articleSection":"Blog, Pol\u00edcia"},{"@type":"BreadcrumbList","@id":"https:\/\/anoticiaonline.com.br\/site\/pm-fala-sobre-a-operacao-nice-realizada-em-muriae\/#breadcrumblist","itemListElement":[{"@type":"ListItem","@id":"https:\/\/anoticiaonline.com.br\/site#listItem","position":1,"name":"Home","item":"https:\/\/anoticiaonline.com.br\/site","nextItem":{"@type":"ListItem","@id":"https:\/\/anoticiaonline.com.br\/site\/categoria\/muriae\/#listItem","name":"Blog"}},{"@type":"ListItem","@id":"https:\/\/anoticiaonline.com.br\/site\/categoria\/muriae\/#listItem","position":2,"name":"Blog","item":"https:\/\/anoticiaonline.com.br\/site\/categoria\/muriae\/","nextItem":{"@type":"ListItem","@id":"https:\/\/anoticiaonline.com.br\/site\/categoria\/muriae\/policia\/#listItem","name":"Pol\u00edcia"},"previousItem":{"@type":"ListItem","@id":"https:\/\/anoticiaonline.com.br\/site#listItem","name":"Home"}},{"@type":"ListItem","@id":"https:\/\/anoticiaonline.com.br\/site\/categoria\/muriae\/policia\/#listItem","position":3,"name":"Pol\u00edcia","item":"https:\/\/anoticiaonline.com.br\/site\/categoria\/muriae\/policia\/","nextItem":{"@type":"ListItem","@id":"https:\/\/anoticiaonline.com.br\/site\/pm-fala-sobre-a-operacao-nice-realizada-em-muriae\/#listItem","name":"PM fala sobre a opera\u00e7\u00e3o \u201cNice\u201d realizada em Muria\u00e9"},"previousItem":{"@type":"ListItem","@id":"https:\/\/anoticiaonline.com.br\/site\/categoria\/muriae\/#listItem","name":"Blog"}},{"@type":"ListItem","@id":"https:\/\/anoticiaonline.com.br\/site\/pm-fala-sobre-a-operacao-nice-realizada-em-muriae\/#listItem","position":4,"name":"PM fala sobre a opera\u00e7\u00e3o \u201cNice\u201d realizada em Muria\u00e9","previousItem":{"@type":"ListItem","@id":"https:\/\/anoticiaonline.com.br\/site\/categoria\/muriae\/policia\/#listItem","name":"Pol\u00edcia"}}]},{"@type":"Organization","@id":"https:\/\/anoticiaonline.com.br\/site\/#organization","name":"A Not\u00edcia Online","description":"Noticias de Muria\u00e9 e regi\u00e3o","url":"https:\/\/anoticiaonline.com.br\/site\/","logo":{"@type":"ImageObject","url":"https:\/\/scontent-gig4-1.xx.fbcdn.net\/v\/t39.30808-1\/270437624_4564083193639691_6907940295614233970_n.jpg?stp=dst-jpg_s200x200_tt6&_nc_cat=111&ccb=1-7&_nc_sid=f907e8&_nc_ohc=SM1wRlP3lJwQ7kNvwEPuBYA&_nc_oc=AdnqrjDN_BNjSSHWO-GbkIWH6fkGMLw4bqvL_NH6e2wMveX7G-rP2dAqsDSq1mJMOaY&_nc_zt=24&_nc_ht=scontent-gig4-1.xx&_nc_gid=AoBFJeGrT1hVaew_6rchkQ&oh=00_AfX7QmFGhQhG2jAllVgXCiM1ZrWgvtp80-Bfppyexh1QEg&oe=689E923C","@id":"https:\/\/anoticiaonline.com.br\/site\/pm-fala-sobre-a-operacao-nice-realizada-em-muriae\/#organizationLogo"},"image":{"@id":"https:\/\/anoticiaonline.com.br\/site\/pm-fala-sobre-a-operacao-nice-realizada-em-muriae\/#organizationLogo"}},{"@type":"Person","@id":"https:\/\/anoticiaonline.com.br\/site\/author\/juliana\/#author","url":"https:\/\/anoticiaonline.com.br\/site\/author\/juliana\/","name":"Juliana Laviola","image":{"@type":"ImageObject","@id":"https:\/\/anoticiaonline.com.br\/site\/pm-fala-sobre-a-operacao-nice-realizada-em-muriae\/#authorImage","url":"https:\/\/secure.gravatar.com\/avatar\/b8d45f5c699b100dfaf0e543582f38f38bf94cb7ae3a5e9abf8d891a34773335?s=96&d=mm&r=g","width":96,"height":96,"caption":"Juliana Laviola"}},{"@type":"WebPage","@id":"https:\/\/anoticiaonline.com.br\/site\/pm-fala-sobre-a-operacao-nice-realizada-em-muriae\/#webpage","url":"https:\/\/anoticiaonline.com.br\/site\/pm-fala-sobre-a-operacao-nice-realizada-em-muriae\/","name":"PM fala sobre a opera\u00e7\u00e3o \u201cNice\u201d realizada em Muria\u00e9 - A Not\u00edcia Online","description":"A Pol\u00edcia Militar de Muria\u00e9 reuniu a imprensa local, na sede do 47\u00ba Batalh\u00e3o, na quinta-feira (16), para uma coletiva sobre a opera\u00e7\u00e3o \u201cNice\u201d. Estavam presentes, o comandante do 47\u00ba Batalh\u00e3o, tenente coronel Joedson Gomes, e o comandante da 76\u00aa Companhia, tenente Andr\u00e9 Carvalho. De acordo com o tenente coronel Joedson, a opera\u00e7\u00e3o foi dividida","inLanguage":"pt-BR","isPartOf":{"@id":"https:\/\/anoticiaonline.com.br\/site\/#website"},"breadcrumb":{"@id":"https:\/\/anoticiaonline.com.br\/site\/pm-fala-sobre-a-operacao-nice-realizada-em-muriae\/#breadcrumblist"},"author":{"@id":"https:\/\/anoticiaonline.com.br\/site\/author\/juliana\/#author"},"creator":{"@id":"https:\/\/anoticiaonline.com.br\/site\/author\/juliana\/#author"},"image":{"@type":"ImageObject","url":"https:\/\/anoticiaonline.com.br\/site\/wp-content\/uploads\/2018\/08\/CAPA-1.jpg","@id":"https:\/\/anoticiaonline.com.br\/site\/pm-fala-sobre-a-operacao-nice-realizada-em-muriae\/#mainImage","width":800,"height":534,"caption":"O comandante do 47\u00ba Batalh\u00e3o, tenente coronel Joedson Gomes, e o comandante da 76\u00aa Companhia, tenente Andr\u00e9 Carvalho."},"primaryImageOfPage":{"@id":"https:\/\/anoticiaonline.com.br\/site\/pm-fala-sobre-a-operacao-nice-realizada-em-muriae\/#mainImage"},"datePublished":"2018-08-17T11:23:14-03:00","dateModified":"2018-08-17T11:23:14-03:00"},{"@type":"WebSite","@id":"https:\/\/anoticiaonline.com.br\/site\/#website","url":"https:\/\/anoticiaonline.com.br\/site\/","name":"A Not\u00edcia Online","description":"Noticias de Muria\u00e9 e regi\u00e3o","inLanguage":"pt-BR","publisher":{"@id":"https:\/\/anoticiaonline.com.br\/site\/#organization"}}]},"og:locale":"pt_BR","og:site_name":"A Not\u00edcia Online - Noticias de Muria\u00e9 e regi\u00e3o","og:type":"article","og:title":"PM fala sobre a opera\u00e7\u00e3o \u201cNice\u201d realizada em Muria\u00e9 - A Not\u00edcia Online","og:description":"A Pol\u00edcia Militar de Muria\u00e9 reuniu a imprensa local, na sede do 47\u00ba Batalh\u00e3o, na quinta-feira (16), para uma coletiva sobre a opera\u00e7\u00e3o \u201cNice\u201d. Estavam presentes, o comandante do 47\u00ba Batalh\u00e3o, tenente coronel Joedson Gomes, e o comandante da 76\u00aa Companhia, tenente Andr\u00e9 Carvalho. De acordo com o tenente coronel Joedson, a opera\u00e7\u00e3o foi dividida","og:url":"https:\/\/anoticiaonline.com.br\/site\/pm-fala-sobre-a-operacao-nice-realizada-em-muriae\/","og:image":"https:\/\/scontent-gig4-1.xx.fbcdn.net\/v\/t39.30808-1\/270437624_4564083193639691_6907940295614233970_n.jpg?stp=dst-jpg_s200x200_tt6&#038;_nc_cat=111&#038;ccb=1-7&#038;_nc_sid=f907e8&#038;_nc_ohc=SM1wRlP3lJwQ7kNvwEPuBYA&#038;_nc_oc=AdnqrjDN_BNjSSHWO-GbkIWH6fkGMLw4bqvL_NH6e2wMveX7G-rP2dAqsDSq1mJMOaY&#038;_nc_zt=24&#038;_nc_ht=scontent-gig4-1.xx&#038;_nc_gid=AoBFJeGrT1hVaew_6rchkQ&#038;oh=00_AfX7QmFGhQhG2jAllVgXCiM1ZrWgvtp80-Bfppyexh1QEg&#038;oe=689E923C","og:image:secure_url":"https:\/\/scontent-gig4-1.xx.fbcdn.net\/v\/t39.30808-1\/270437624_4564083193639691_6907940295614233970_n.jpg?stp=dst-jpg_s200x200_tt6&#038;_nc_cat=111&#038;ccb=1-7&#038;_nc_sid=f907e8&#038;_nc_ohc=SM1wRlP3lJwQ7kNvwEPuBYA&#038;_nc_oc=AdnqrjDN_BNjSSHWO-GbkIWH6fkGMLw4bqvL_NH6e2wMveX7G-rP2dAqsDSq1mJMOaY&#038;_nc_zt=24&#038;_nc_ht=scontent-gig4-1.xx&#038;_nc_gid=AoBFJeGrT1hVaew_6rchkQ&#038;oh=00_AfX7QmFGhQhG2jAllVgXCiM1ZrWgvtp80-Bfppyexh1QEg&#038;oe=689E923C","article:published_time":"2018-08-17T14:23:14+00:00","article:modified_time":"2018-08-17T14:23:14+00:00","twitter:card":"summary_large_image","twitter:title":"PM fala sobre a opera\u00e7\u00e3o \u201cNice\u201d realizada em Muria\u00e9 - A Not\u00edcia Online","twitter:description":"A Pol\u00edcia Militar de Muria\u00e9 reuniu a imprensa local, na sede do 47\u00ba Batalh\u00e3o, na quinta-feira (16), para uma coletiva sobre a opera\u00e7\u00e3o \u201cNice\u201d. Estavam presentes, o comandante do 47\u00ba Batalh\u00e3o, tenente coronel Joedson Gomes, e o comandante da 76\u00aa Companhia, tenente Andr\u00e9 Carvalho. De acordo com o tenente coronel Joedson, a opera\u00e7\u00e3o foi dividida","twitter:image":"https:\/\/scontent-gig4-1.xx.fbcdn.net\/v\/t39.30808-1\/270437624_4564083193639691_6907940295614233970_n.jpg?stp=dst-jpg_s200x200_tt6&_nc_cat=111&ccb=1-7&_nc_sid=f907e8&_nc_ohc=SM1wRlP3lJwQ7kNvwEPuBYA&_nc_oc=AdnqrjDN_BNjSSHWO-GbkIWH6fkGMLw4bqvL_NH6e2wMveX7G-rP2dAqsDSq1mJMOaY&_nc_zt=24&_nc_ht=scontent-gig4-1.xx&_nc_gid=AoBFJeGrT1hVaew_6rchkQ&oh=00_AfX7QmFGhQhG2jAllVgXCiM1ZrWgvtp80-Bfppyexh1QEg&oe=689E923C"},"aioseo_meta_data":{"post_id":"60117","title":null,"description":null,"keywords":null,"keyphrases":null,"primary_term":null,"canonical_url":null,"og_title":null,"og_description":null,"og_object_type":"default","og_image_type":"default","og_image_url":null,"og_image_width":null,"og_image_height":null,"og_image_custom_url":null,"og_image_custom_fields":null,"og_video":null,"og_custom_url":null,"og_article_section":null,"og_article_tags":null,"twitter_use_og":false,"twitter_card":"default","twitter_image_type":"default","twitter_image_url":null,"twitter_image_custom_url":null,"twitter_image_custom_fields":null,"twitter_title":null,"twitter_description":null,"schema":{"blockGraphs":[],"customGraphs":[],"default":{"data":{"Article":[],"Course":[],"Dataset":[],"FAQPage":[],"Movie":[],"Person":[],"Product":[],"ProductReview":[],"Car":[],"Recipe":[],"Service":[],"SoftwareApplication":[],"WebPage":[]},"graphName":"","isEnabled":true},"graphs":[]},"schema_type":"default","schema_type_options":null,"pillar_content":false,"robots_default":true,"robots_noindex":false,"robots_noarchive":false,"robots_nosnippet":false,"robots_nofollow":false,"robots_noimageindex":false,"robots_noodp":false,"robots_notranslate":false,"robots_max_snippet":null,"robots_max_videopreview":null,"robots_max_imagepreview":"large","priority":null,"frequency":null,"local_seo":null,"breadcrumb_settings":null,"limit_modified_date":false,"ai":null,"created":"2025-08-16 21:26:28","updated":"2025-08-16 21:26:28","focus_keyword":null,"additional_keywords":null,"truseo_locale":null,"seo_analyzer_scan_date":null},"aioseo_breadcrumb":"<div class=\"aioseo-breadcrumbs\"><span class=\"aioseo-breadcrumb\">\n\t\t\t<a href=\"https:\/\/anoticiaonline.com.br\/site\" title=\"Home\">Home<\/a>\n\t\t<\/span><span class=\"aioseo-breadcrumb-separator\">&raquo;<\/span><span class=\"aioseo-breadcrumb\">\n\t\t\t<a href=\"https:\/\/anoticiaonline.com.br\/site\/categoria\/muriae\/\" title=\"Blog\">Blog<\/a>\n\t\t<\/span><span class=\"aioseo-breadcrumb-separator\">&raquo;<\/span><span class=\"aioseo-breadcrumb\">\n\t\t\t<a href=\"https:\/\/anoticiaonline.com.br\/site\/categoria\/muriae\/policia\/\" title=\"Pol\u00edcia\">Pol\u00edcia<\/a>\n\t\t<\/span><span class=\"aioseo-breadcrumb-separator\">&raquo;<\/span><span class=\"aioseo-breadcrumb\">\n\t\t\tPM fala sobre a opera\u00e7\u00e3o \u201cNice\u201d realizada em Muria\u00e9\n\t\t<\/span><\/div>","aioseo_breadcrumb_json":[{"label":"Home","link":"https:\/\/anoticiaonline.com.br\/site"},{"label":"Blog","link":"https:\/\/anoticiaonline.com.br\/site\/categoria\/muriae\/"},{"label":"Pol\u00edcia","link":"https:\/\/anoticiaonline.com.br\/site\/categoria\/muriae\/policia\/"},{"label":"PM fala sobre a opera\u00e7\u00e3o \u201cNice\u201d realizada em Muria\u00e9","link":"https:\/\/anoticiaonline.com.br\/site\/pm-fala-sobre-a-operacao-nice-realizada-em-muriae\/"}],"views":158,"_links":{"self":[{"href":"https:\/\/anoticiaonline.com.br\/site\/wp-json\/wp\/v2\/posts\/60117","targetHints":{"allow":["GET"]}}],"collection":[{"href":"https:\/\/anoticiaonline.com.br\/site\/wp-json\/wp\/v2\/posts"}],"about":[{"href":"https:\/\/anoticiaonline.com.br\/site\/wp-json\/wp\/v2\/types\/post"}],"author":[{"embeddable":true,"href":"https:\/\/anoticiaonline.com.br\/site\/wp-json\/wp\/v2\/users\/2"}],"replies":[{"embeddable":true,"href":"https:\/\/anoticiaonline.com.br\/site\/wp-json\/wp\/v2\/comments?post=60117"}],"version-history":[{"count":0,"href":"https:\/\/anoticiaonline.com.br\/site\/wp-json\/wp\/v2\/posts\/60117\/revisions"}],"wp:featuredmedia":[{"embeddable":true,"href":"https:\/\/anoticiaonline.com.br\/site\/wp-json\/wp\/v2\/media\/60118"}],"wp:attachment":[{"href":"https:\/\/anoticiaonline.com.br\/site\/wp-json\/wp\/v2\/media?parent=60117"}],"wp:term":[{"taxonomy":"category","embeddable":true,"href":"https:\/\/anoticiaonline.com.br\/site\/wp-json\/wp\/v2\/categories?post=60117"},{"taxonomy":"post_tag","embeddable":true,"href":"https:\/\/anoticiaonline.com.br\/site\/wp-json\/wp\/v2\/tags?post=60117"}],"curies":[{"name":"wp","href":"https:\/\/api.w.org\/{rel}","templated":true}]}}