{"id":60109,"date":"2018-08-17T11:18:51","date_gmt":"2018-08-17T14:18:51","guid":{"rendered":"http:\/\/anoticiaonline.com.br\/site\/?p=60109"},"modified":"2018-08-17T11:18:51","modified_gmt":"2018-08-17T14:18:51","slug":"sociarte-93","status":"publish","type":"post","link":"https:\/\/anoticiaonline.com.br\/site\/sociarte-93\/","title":{"rendered":"Sociarte:"},"content":{"rendered":"<p><a href=\"https:\/\/anoticiaonline.com.br\/site\/wp-content\/uploads\/2018\/08\/N\u00edver-de-Mariana-Ara\u00fajo.jpeg\"><img fetchpriority=\"high\" decoding=\"async\" class=\"alignnone size-full wp-image-60110\" src=\"https:\/\/anoticiaonline.com.br\/site\/wp-content\/uploads\/2018\/08\/N\u00edver-de-Mariana-Ara\u00fajo.jpeg\" alt=\"\" width=\"504\" height=\"756\" srcset=\"https:\/\/anoticiaonline.com.br\/site\/wp-content\/uploads\/2018\/08\/N\u00edver-de-Mariana-Ara\u00fajo.jpeg 504w, https:\/\/anoticiaonline.com.br\/site\/wp-content\/uploads\/2018\/08\/N\u00edver-de-Mariana-Ara\u00fajo-200x300.jpeg 200w\" sizes=\"(max-width: 504px) 100vw, 504px\" \/><\/a><\/p>\n<p><strong>N\u00edver de Mariana Ara\u00fajo<\/strong><\/p>\n<p>A jovem Mariana Ara\u00fajo, filha de Maria de F\u00e1tima Ara\u00fajo e Elson Jos\u00e9 de Ara\u00fajo (in memorian) e m\u00e3e dos pequenos, Hellen e Renan Oliveira, completou 25 anos no \u00faltimo s\u00e1bado (11), ao lado de seus amigos e familiares. Parab\u00e9ns, Mariana! Tudo de melhor para voc\u00ea!<\/p>\n<p><a href=\"https:\/\/anoticiaonline.com.br\/site\/wp-content\/uploads\/2018\/08\/Parab\u00e9ns-Helena-Vidon.jpeg\"><img decoding=\"async\" class=\"alignnone size-full wp-image-60111\" src=\"https:\/\/anoticiaonline.com.br\/site\/wp-content\/uploads\/2018\/08\/Parab\u00e9ns-Helena-Vidon.jpeg\" alt=\"\" width=\"941\" height=\"627\" srcset=\"https:\/\/anoticiaonline.com.br\/site\/wp-content\/uploads\/2018\/08\/Parab\u00e9ns-Helena-Vidon.jpeg 941w, https:\/\/anoticiaonline.com.br\/site\/wp-content\/uploads\/2018\/08\/Parab\u00e9ns-Helena-Vidon-300x200.jpeg 300w, https:\/\/anoticiaonline.com.br\/site\/wp-content\/uploads\/2018\/08\/Parab\u00e9ns-Helena-Vidon-768x512.jpeg 768w, https:\/\/anoticiaonline.com.br\/site\/wp-content\/uploads\/2018\/08\/Parab\u00e9ns-Helena-Vidon-900x600.jpeg 900w\" sizes=\"(max-width: 941px) 100vw, 941px\" \/><\/a><\/p>\n<p><strong>Parab\u00e9ns, Helena Vidon<\/strong><\/p>\n<p>A gatinha, Helena Vidon Felippe Feres Laviola, comemorou a chegada do seu primeiro aninho no \u00faltimo s\u00e1bado (11), ao lado do papai Reinaldo Felippe Feres Laviola, da mam\u00e3e Mayara Vidon Machado e da irm\u00e3, Julia Vidon Felippe Feres Laviola. Parab\u00e9ns, Helena! Que Deus ilumine sua vida sempre!<\/p>\n<p><a href=\"https:\/\/anoticiaonline.com.br\/site\/wp-content\/uploads\/2018\/08\/N\u00edver-de-Sym\u00e1-Rodrigues.jpg\"><img decoding=\"async\" class=\"alignnone size-full wp-image-60112\" src=\"https:\/\/anoticiaonline.com.br\/site\/wp-content\/uploads\/2018\/08\/N\u00edver-de-Sym\u00e1-Rodrigues.jpg\" alt=\"\" width=\"379\" height=\"569\" srcset=\"https:\/\/anoticiaonline.com.br\/site\/wp-content\/uploads\/2018\/08\/N\u00edver-de-Sym\u00e1-Rodrigues.jpg 379w, https:\/\/anoticiaonline.com.br\/site\/wp-content\/uploads\/2018\/08\/N\u00edver-de-Sym\u00e1-Rodrigues-200x300.jpg 200w\" sizes=\"(max-width: 379px) 100vw, 379px\" \/><\/a><\/p>\n<p><strong>N\u00edver de <\/strong><strong>Sym\u00e1 Rodrigues<\/strong><\/p>\n<p>O assessor de Comunica\u00e7\u00e3o da prefeitura de Palma, Sym\u00e1 Rodrigues, comemorou seu anivers\u00e1rio ao lado de familiares, amigos e lideran\u00e7as pol\u00edticas municipais, regionais e estaduais, na sexta-feira (10), na boate Novo Xod\u00f3, em Palma. Parab\u00e9ns, Sym\u00e1! Muitas felicidades hoje e sempre!<\/p>\n<p><a href=\"https:\/\/anoticiaonline.com.br\/site\/wp-content\/uploads\/2018\/08\/1-aninho-de-Helena-Nogueira.jpeg\"><img loading=\"lazy\" decoding=\"async\" class=\"alignnone size-full wp-image-60113\" src=\"https:\/\/anoticiaonline.com.br\/site\/wp-content\/uploads\/2018\/08\/1-aninho-de-Helena-Nogueira.jpeg\" alt=\"\" width=\"598\" height=\"897\" srcset=\"https:\/\/anoticiaonline.com.br\/site\/wp-content\/uploads\/2018\/08\/1-aninho-de-Helena-Nogueira.jpeg 533w, https:\/\/anoticiaonline.com.br\/site\/wp-content\/uploads\/2018\/08\/1-aninho-de-Helena-Nogueira-200x300.jpeg 200w\" sizes=\"(max-width: 598px) 100vw, 598px\" \/><\/a><\/p>\n<p><strong>1 aninho de Helena Nogueira<\/strong><\/p>\n<p>A pequena Helena Elis de Souza Nogueira comemorou seu anivers\u00e1rio no \u00faltimo dia 7, ao lado da mam\u00e3e Kany Elis de Souza Nogueira e do papai Felipe Nogueira Santos, em Patroc\u00ednio do Muria\u00e9. O tema escolhido para comemorar seu primeiro anivers\u00e1rio foi \u201cMasha e o Urso\u201d. Parab\u00e9ns, Helena! (Revele Photo).<\/p>\n<p><a href=\"https:\/\/anoticiaonline.com.br\/site\/wp-content\/uploads\/2018\/08\/1-aninho-de-Joyce.jpeg\"><img loading=\"lazy\" decoding=\"async\" class=\"alignnone size-full wp-image-60114\" src=\"https:\/\/anoticiaonline.com.br\/site\/wp-content\/uploads\/2018\/08\/1-aninho-de-Joyce.jpeg\" alt=\"\" width=\"930\" height=\"620\" srcset=\"https:\/\/anoticiaonline.com.br\/site\/wp-content\/uploads\/2018\/08\/1-aninho-de-Joyce.jpeg 930w, https:\/\/anoticiaonline.com.br\/site\/wp-content\/uploads\/2018\/08\/1-aninho-de-Joyce-300x200.jpeg 300w, https:\/\/anoticiaonline.com.br\/site\/wp-content\/uploads\/2018\/08\/1-aninho-de-Joyce-768x512.jpeg 768w, https:\/\/anoticiaonline.com.br\/site\/wp-content\/uploads\/2018\/08\/1-aninho-de-Joyce-900x600.jpeg 900w\" sizes=\"(max-width: 930px) 100vw, 930px\" \/><\/a><\/p>\n<p><strong>1 aninho de Joyce<\/strong><\/p>\n<p>Quem tamb\u00e9m comemorou a chegada do seu primeiro ano de vida foi a gatinha Joyce Ribeiro Ferreira, filha de Juliana da Silva Ribeiro Ferreira e Leandro de Lima Ferreira. A festa aconteceu no Torre Fest, no dia 1\u00ba de agosto e o tema escolhido foi \u201cJardim Encantado\u201d. Parab\u00e9ns, Joyce! Desejamos muitas alegrias em sua vida! (Revele Photo).<\/p>\n<p><a href=\"https:\/\/anoticiaonline.com.br\/site\/wp-content\/uploads\/2018\/08\/Parab\u00e9ns-Elisa.jpeg\"><img loading=\"lazy\" decoding=\"async\" class=\"alignnone size-full wp-image-60115\" src=\"https:\/\/anoticiaonline.com.br\/site\/wp-content\/uploads\/2018\/08\/Parab\u00e9ns-Elisa.jpeg\" alt=\"\" width=\"903\" height=\"1355\" srcset=\"https:\/\/anoticiaonline.com.br\/site\/wp-content\/uploads\/2018\/08\/Parab\u00e9ns-Elisa.jpeg 533w, https:\/\/anoticiaonline.com.br\/site\/wp-content\/uploads\/2018\/08\/Parab\u00e9ns-Elisa-200x300.jpeg 200w, https:\/\/anoticiaonline.com.br\/site\/wp-content\/uploads\/2018\/08\/Parab\u00e9ns-Elisa-768x1152.jpeg 768w, https:\/\/anoticiaonline.com.br\/site\/wp-content\/uploads\/2018\/08\/Parab\u00e9ns-Elisa-682x1024.jpeg 682w, https:\/\/anoticiaonline.com.br\/site\/wp-content\/uploads\/2018\/08\/Parab\u00e9ns-Elisa-900x1350.jpeg 900w\" sizes=\"(max-width: 903px) 100vw, 903px\" \/><\/a><\/p>\n<p><strong>Parab\u00e9ns, Elisa<\/strong><\/p>\n<p>Quem completou idade nova, na quinta-feira (16), foi a nossa grande amiga Elisa Ribeiro Cardoso casada com Rodrigo Nunes de Paula. Parab\u00e9ns, Elisa! Desejamos tudo de melhor a voc\u00ea!<\/p>\n","protected":false},"excerpt":{"rendered":"<p>N\u00edver de Mariana Ara\u00fajo A jovem Mariana Ara\u00fajo, filha de Maria de F\u00e1tima Ara\u00fajo e Elson Jos\u00e9 de Ara\u00fajo (in memorian) e m\u00e3e dos pequenos, Hellen e Renan Oliveira, completou 25 anos no \u00faltimo s\u00e1bado (11), ao lado de seus amigos e familiares. Parab\u00e9ns, Mariana! Tudo de melhor para voc\u00ea! Parab\u00e9ns, Helena Vidon A gatinha, &#8230; <a title=\"Sociarte:\" class=\"read-more\" href=\"https:\/\/anoticiaonline.com.br\/site\/sociarte-93\/\" aria-label=\"Read more about Sociarte:\">Ler mais<\/a><\/p>\n","protected":false},"author":2,"featured_media":0,"comment_status":"open","ping_status":"open","sticky":false,"template":"","format":"standard","meta":{"_acf_changed":false,"_monsterinsights_skip_tracking":false,"footnotes":""},"categories":[38],"tags":[],"class_list":["post-60109","post","type-post","status-publish","format-standard","hentry","category-sociarte"],"acf":[],"aioseo_notices":[],"aioseo_head":"\n\t\t<!-- All in One SEO 5.0.0.1 - aioseo.com -->\n\t<meta name=\"description\" content=\"N\u00edver de Mariana Ara\u00fajo A jovem Mariana Ara\u00fajo, filha de Maria de F\u00e1tima Ara\u00fajo e Elson Jos\u00e9 de Ara\u00fajo (in memorian) e m\u00e3e dos pequenos, Hellen e Renan Oliveira, completou 25 anos no \u00faltimo s\u00e1bado (11), ao lado de seus amigos e familiares. Parab\u00e9ns, Mariana! Tudo de melhor para voc\u00ea! Parab\u00e9ns, Helena Vidon A gatinha,\" \/>\n\t<meta name=\"robots\" content=\"max-image-preview:large\" \/>\n\t<meta name=\"author\" content=\"Juliana Laviola\"\/>\n\t<link rel=\"canonical\" href=\"https:\/\/anoticiaonline.com.br\/site\/sociarte-93\/\" \/>\n\t<meta name=\"generator\" content=\"All in One SEO (AIOSEO) 5.0.0.1\" \/>\n\t\t<meta property=\"og:locale\" content=\"pt_BR\" \/>\n\t\t<meta property=\"og:site_name\" content=\"A Not\u00edcia Online - Noticias de Muria\u00e9 e regi\u00e3o\" \/>\n\t\t<meta property=\"og:type\" content=\"article\" \/>\n\t\t<meta property=\"og:title\" content=\"Sociarte: - A Not\u00edcia Online\" \/>\n\t\t<meta property=\"og:description\" content=\"N\u00edver de Mariana Ara\u00fajo A jovem Mariana Ara\u00fajo, filha de Maria de F\u00e1tima Ara\u00fajo e Elson Jos\u00e9 de Ara\u00fajo (in memorian) e m\u00e3e dos pequenos, Hellen e Renan Oliveira, completou 25 anos no \u00faltimo s\u00e1bado (11), ao lado de seus amigos e familiares. Parab\u00e9ns, Mariana! Tudo de melhor para voc\u00ea! Parab\u00e9ns, Helena Vidon A gatinha,\" \/>\n\t\t<meta property=\"og:url\" content=\"https:\/\/anoticiaonline.com.br\/site\/sociarte-93\/\" \/>\n\t\t<meta property=\"og:image\" content=\"https:\/\/scontent-gig4-1.xx.fbcdn.net\/v\/t39.30808-1\/270437624_4564083193639691_6907940295614233970_n.jpg?stp=dst-jpg_s200x200_tt6&#038;_nc_cat=111&#038;ccb=1-7&#038;_nc_sid=f907e8&#038;_nc_ohc=SM1wRlP3lJwQ7kNvwEPuBYA&#038;_nc_oc=AdnqrjDN_BNjSSHWO-GbkIWH6fkGMLw4bqvL_NH6e2wMveX7G-rP2dAqsDSq1mJMOaY&#038;_nc_zt=24&#038;_nc_ht=scontent-gig4-1.xx&#038;_nc_gid=AoBFJeGrT1hVaew_6rchkQ&#038;oh=00_AfX7QmFGhQhG2jAllVgXCiM1ZrWgvtp80-Bfppyexh1QEg&#038;oe=689E923C\" \/>\n\t\t<meta property=\"og:image:secure_url\" content=\"https:\/\/scontent-gig4-1.xx.fbcdn.net\/v\/t39.30808-1\/270437624_4564083193639691_6907940295614233970_n.jpg?stp=dst-jpg_s200x200_tt6&#038;_nc_cat=111&#038;ccb=1-7&#038;_nc_sid=f907e8&#038;_nc_ohc=SM1wRlP3lJwQ7kNvwEPuBYA&#038;_nc_oc=AdnqrjDN_BNjSSHWO-GbkIWH6fkGMLw4bqvL_NH6e2wMveX7G-rP2dAqsDSq1mJMOaY&#038;_nc_zt=24&#038;_nc_ht=scontent-gig4-1.xx&#038;_nc_gid=AoBFJeGrT1hVaew_6rchkQ&#038;oh=00_AfX7QmFGhQhG2jAllVgXCiM1ZrWgvtp80-Bfppyexh1QEg&#038;oe=689E923C\" \/>\n\t\t<meta property=\"article:published_time\" content=\"2018-08-17T14:18:51+00:00\" \/>\n\t\t<meta property=\"article:modified_time\" content=\"2018-08-17T14:18:51+00:00\" \/>\n\t\t<meta name=\"twitter:card\" content=\"summary_large_image\" \/>\n\t\t<meta name=\"twitter:title\" content=\"Sociarte: - A Not\u00edcia Online\" \/>\n\t\t<meta name=\"twitter:description\" content=\"N\u00edver de Mariana Ara\u00fajo A jovem Mariana Ara\u00fajo, filha de Maria de F\u00e1tima Ara\u00fajo e Elson Jos\u00e9 de Ara\u00fajo (in memorian) e m\u00e3e dos pequenos, Hellen e Renan Oliveira, completou 25 anos no \u00faltimo s\u00e1bado (11), ao lado de seus amigos e familiares. Parab\u00e9ns, Mariana! Tudo de melhor para voc\u00ea! Parab\u00e9ns, Helena Vidon A gatinha,\" \/>\n\t\t<meta name=\"twitter:image\" content=\"https:\/\/scontent-gig4-1.xx.fbcdn.net\/v\/t39.30808-1\/270437624_4564083193639691_6907940295614233970_n.jpg?stp=dst-jpg_s200x200_tt6&amp;_nc_cat=111&amp;ccb=1-7&amp;_nc_sid=f907e8&amp;_nc_ohc=SM1wRlP3lJwQ7kNvwEPuBYA&amp;_nc_oc=AdnqrjDN_BNjSSHWO-GbkIWH6fkGMLw4bqvL_NH6e2wMveX7G-rP2dAqsDSq1mJMOaY&amp;_nc_zt=24&amp;_nc_ht=scontent-gig4-1.xx&amp;_nc_gid=AoBFJeGrT1hVaew_6rchkQ&amp;oh=00_AfX7QmFGhQhG2jAllVgXCiM1ZrWgvtp80-Bfppyexh1QEg&amp;oe=689E923C\" \/>\n\t\t<script type=\"application\/ld+json\" class=\"aioseo-schema\">\n\t\t\t{\"@context\":\"https:\\\/\\\/schema.org\",\"@graph\":[{\"@type\":\"BlogPosting\",\"@id\":\"https:\\\/\\\/anoticiaonline.com.br\\\/site\\\/sociarte-93\\\/#blogposting\",\"name\":\"Sociarte: - A Not\\u00edcia Online\",\"headline\":\"Sociarte:\",\"author\":{\"@id\":\"https:\\\/\\\/anoticiaonline.com.br\\\/site\\\/author\\\/juliana\\\/#author\"},\"publisher\":{\"@id\":\"https:\\\/\\\/anoticiaonline.com.br\\\/site\\\/#organization\"},\"image\":{\"@type\":\"ImageObject\",\"url\":\"https:\\\/\\\/anoticiaonline.com.br\\\/site\\\/wp-content\\\/uploads\\\/2018\\\/08\\\/N\\u00edver-de-Mariana-Ara\\u00fajo.jpeg\",\"@id\":\"https:\\\/\\\/anoticiaonline.com.br\\\/site\\\/sociarte-93\\\/#articleImage\",\"width\":504,\"height\":756},\"datePublished\":\"2018-08-17T11:18:51-03:00\",\"dateModified\":\"2018-08-17T11:18:51-03:00\",\"inLanguage\":\"pt-BR\",\"mainEntityOfPage\":{\"@id\":\"https:\\\/\\\/anoticiaonline.com.br\\\/site\\\/sociarte-93\\\/#webpage\"},\"isPartOf\":{\"@id\":\"https:\\\/\\\/anoticiaonline.com.br\\\/site\\\/sociarte-93\\\/#webpage\"},\"articleSection\":\"Sociarte\"},{\"@type\":\"BreadcrumbList\",\"@id\":\"https:\\\/\\\/anoticiaonline.com.br\\\/site\\\/sociarte-93\\\/#breadcrumblist\",\"itemListElement\":[{\"@type\":\"ListItem\",\"@id\":\"https:\\\/\\\/anoticiaonline.com.br\\\/site#listItem\",\"position\":1,\"name\":\"Home\",\"item\":\"https:\\\/\\\/anoticiaonline.com.br\\\/site\",\"nextItem\":{\"@type\":\"ListItem\",\"@id\":\"https:\\\/\\\/anoticiaonline.com.br\\\/site\\\/categoria\\\/colunistas\\\/#listItem\",\"name\":\"Colunistas\"}},{\"@type\":\"ListItem\",\"@id\":\"https:\\\/\\\/anoticiaonline.com.br\\\/site\\\/categoria\\\/colunistas\\\/#listItem\",\"position\":2,\"name\":\"Colunistas\",\"item\":\"https:\\\/\\\/anoticiaonline.com.br\\\/site\\\/categoria\\\/colunistas\\\/\",\"nextItem\":{\"@type\":\"ListItem\",\"@id\":\"https:\\\/\\\/anoticiaonline.com.br\\\/site\\\/categoria\\\/colunistas\\\/sociarte\\\/#listItem\",\"name\":\"Sociarte\"},\"previousItem\":{\"@type\":\"ListItem\",\"@id\":\"https:\\\/\\\/anoticiaonline.com.br\\\/site#listItem\",\"name\":\"Home\"}},{\"@type\":\"ListItem\",\"@id\":\"https:\\\/\\\/anoticiaonline.com.br\\\/site\\\/categoria\\\/colunistas\\\/sociarte\\\/#listItem\",\"position\":3,\"name\":\"Sociarte\",\"item\":\"https:\\\/\\\/anoticiaonline.com.br\\\/site\\\/categoria\\\/colunistas\\\/sociarte\\\/\",\"nextItem\":{\"@type\":\"ListItem\",\"@id\":\"https:\\\/\\\/anoticiaonline.com.br\\\/site\\\/sociarte-93\\\/#listItem\",\"name\":\"Sociarte:\"},\"previousItem\":{\"@type\":\"ListItem\",\"@id\":\"https:\\\/\\\/anoticiaonline.com.br\\\/site\\\/categoria\\\/colunistas\\\/#listItem\",\"name\":\"Colunistas\"}},{\"@type\":\"ListItem\",\"@id\":\"https:\\\/\\\/anoticiaonline.com.br\\\/site\\\/sociarte-93\\\/#listItem\",\"position\":4,\"name\":\"Sociarte:\",\"previousItem\":{\"@type\":\"ListItem\",\"@id\":\"https:\\\/\\\/anoticiaonline.com.br\\\/site\\\/categoria\\\/colunistas\\\/sociarte\\\/#listItem\",\"name\":\"Sociarte\"}}]},{\"@type\":\"Organization\",\"@id\":\"https:\\\/\\\/anoticiaonline.com.br\\\/site\\\/#organization\",\"name\":\"A Not\\u00edcia Online\",\"description\":\"Noticias de Muria\\u00e9 e regi\\u00e3o\",\"url\":\"https:\\\/\\\/anoticiaonline.com.br\\\/site\\\/\",\"logo\":{\"@type\":\"ImageObject\",\"url\":\"https:\\\/\\\/scontent-gig4-1.xx.fbcdn.net\\\/v\\\/t39.30808-1\\\/270437624_4564083193639691_6907940295614233970_n.jpg?stp=dst-jpg_s200x200_tt6&_nc_cat=111&ccb=1-7&_nc_sid=f907e8&_nc_ohc=SM1wRlP3lJwQ7kNvwEPuBYA&_nc_oc=AdnqrjDN_BNjSSHWO-GbkIWH6fkGMLw4bqvL_NH6e2wMveX7G-rP2dAqsDSq1mJMOaY&_nc_zt=24&_nc_ht=scontent-gig4-1.xx&_nc_gid=AoBFJeGrT1hVaew_6rchkQ&oh=00_AfX7QmFGhQhG2jAllVgXCiM1ZrWgvtp80-Bfppyexh1QEg&oe=689E923C\",\"@id\":\"https:\\\/\\\/anoticiaonline.com.br\\\/site\\\/sociarte-93\\\/#organizationLogo\"},\"image\":{\"@id\":\"https:\\\/\\\/anoticiaonline.com.br\\\/site\\\/sociarte-93\\\/#organizationLogo\"}},{\"@type\":\"Person\",\"@id\":\"https:\\\/\\\/anoticiaonline.com.br\\\/site\\\/author\\\/juliana\\\/#author\",\"url\":\"https:\\\/\\\/anoticiaonline.com.br\\\/site\\\/author\\\/juliana\\\/\",\"name\":\"Juliana Laviola\",\"image\":{\"@type\":\"ImageObject\",\"@id\":\"https:\\\/\\\/anoticiaonline.com.br\\\/site\\\/sociarte-93\\\/#authorImage\",\"url\":\"https:\\\/\\\/secure.gravatar.com\\\/avatar\\\/b8d45f5c699b100dfaf0e543582f38f38bf94cb7ae3a5e9abf8d891a34773335?s=96&d=mm&r=g\",\"width\":96,\"height\":96,\"caption\":\"Juliana Laviola\"}},{\"@type\":\"WebPage\",\"@id\":\"https:\\\/\\\/anoticiaonline.com.br\\\/site\\\/sociarte-93\\\/#webpage\",\"url\":\"https:\\\/\\\/anoticiaonline.com.br\\\/site\\\/sociarte-93\\\/\",\"name\":\"Sociarte: - A Not\\u00edcia Online\",\"description\":\"N\\u00edver de Mariana Ara\\u00fajo A jovem Mariana Ara\\u00fajo, filha de Maria de F\\u00e1tima Ara\\u00fajo e Elson Jos\\u00e9 de Ara\\u00fajo (in memorian) e m\\u00e3e dos pequenos, Hellen e Renan Oliveira, completou 25 anos no \\u00faltimo s\\u00e1bado (11), ao lado de seus amigos e familiares. Parab\\u00e9ns, Mariana! Tudo de melhor para voc\\u00ea! Parab\\u00e9ns, Helena Vidon A gatinha,\",\"inLanguage\":\"pt-BR\",\"isPartOf\":{\"@id\":\"https:\\\/\\\/anoticiaonline.com.br\\\/site\\\/#website\"},\"breadcrumb\":{\"@id\":\"https:\\\/\\\/anoticiaonline.com.br\\\/site\\\/sociarte-93\\\/#breadcrumblist\"},\"author\":{\"@id\":\"https:\\\/\\\/anoticiaonline.com.br\\\/site\\\/author\\\/juliana\\\/#author\"},\"creator\":{\"@id\":\"https:\\\/\\\/anoticiaonline.com.br\\\/site\\\/author\\\/juliana\\\/#author\"},\"datePublished\":\"2018-08-17T11:18:51-03:00\",\"dateModified\":\"2018-08-17T11:18:51-03:00\"},{\"@type\":\"WebSite\",\"@id\":\"https:\\\/\\\/anoticiaonline.com.br\\\/site\\\/#website\",\"url\":\"https:\\\/\\\/anoticiaonline.com.br\\\/site\\\/\",\"name\":\"A Not\\u00edcia Online\",\"description\":\"Noticias de Muria\\u00e9 e regi\\u00e3o\",\"inLanguage\":\"pt-BR\",\"publisher\":{\"@id\":\"https:\\\/\\\/anoticiaonline.com.br\\\/site\\\/#organization\"}}]}\n\t\t<\/script>\n\t\t<!-- All in One SEO -->\n\n","aioseo_head_json":{"title":"Sociarte: - A Not\u00edcia Online","description":"N\u00edver de Mariana Ara\u00fajo A jovem Mariana Ara\u00fajo, filha de Maria de F\u00e1tima Ara\u00fajo e Elson Jos\u00e9 de Ara\u00fajo (in memorian) e m\u00e3e dos pequenos, Hellen e Renan Oliveira, completou 25 anos no \u00faltimo s\u00e1bado (11), ao lado de seus amigos e familiares. Parab\u00e9ns, Mariana! Tudo de melhor para voc\u00ea! Parab\u00e9ns, Helena Vidon A gatinha,","canonical_url":"https:\/\/anoticiaonline.com.br\/site\/sociarte-93\/","robots":"max-image-preview:large","keywords":"","webmasterTools":{"miscellaneous":""},"schema":{"@context":"https:\/\/schema.org","@graph":[{"@type":"BlogPosting","@id":"https:\/\/anoticiaonline.com.br\/site\/sociarte-93\/#blogposting","name":"Sociarte: - A Not\u00edcia Online","headline":"Sociarte:","author":{"@id":"https:\/\/anoticiaonline.com.br\/site\/author\/juliana\/#author"},"publisher":{"@id":"https:\/\/anoticiaonline.com.br\/site\/#organization"},"image":{"@type":"ImageObject","url":"https:\/\/anoticiaonline.com.br\/site\/wp-content\/uploads\/2018\/08\/N\u00edver-de-Mariana-Ara\u00fajo.jpeg","@id":"https:\/\/anoticiaonline.com.br\/site\/sociarte-93\/#articleImage","width":504,"height":756},"datePublished":"2018-08-17T11:18:51-03:00","dateModified":"2018-08-17T11:18:51-03:00","inLanguage":"pt-BR","mainEntityOfPage":{"@id":"https:\/\/anoticiaonline.com.br\/site\/sociarte-93\/#webpage"},"isPartOf":{"@id":"https:\/\/anoticiaonline.com.br\/site\/sociarte-93\/#webpage"},"articleSection":"Sociarte"},{"@type":"BreadcrumbList","@id":"https:\/\/anoticiaonline.com.br\/site\/sociarte-93\/#breadcrumblist","itemListElement":[{"@type":"ListItem","@id":"https:\/\/anoticiaonline.com.br\/site#listItem","position":1,"name":"Home","item":"https:\/\/anoticiaonline.com.br\/site","nextItem":{"@type":"ListItem","@id":"https:\/\/anoticiaonline.com.br\/site\/categoria\/colunistas\/#listItem","name":"Colunistas"}},{"@type":"ListItem","@id":"https:\/\/anoticiaonline.com.br\/site\/categoria\/colunistas\/#listItem","position":2,"name":"Colunistas","item":"https:\/\/anoticiaonline.com.br\/site\/categoria\/colunistas\/","nextItem":{"@type":"ListItem","@id":"https:\/\/anoticiaonline.com.br\/site\/categoria\/colunistas\/sociarte\/#listItem","name":"Sociarte"},"previousItem":{"@type":"ListItem","@id":"https:\/\/anoticiaonline.com.br\/site#listItem","name":"Home"}},{"@type":"ListItem","@id":"https:\/\/anoticiaonline.com.br\/site\/categoria\/colunistas\/sociarte\/#listItem","position":3,"name":"Sociarte","item":"https:\/\/anoticiaonline.com.br\/site\/categoria\/colunistas\/sociarte\/","nextItem":{"@type":"ListItem","@id":"https:\/\/anoticiaonline.com.br\/site\/sociarte-93\/#listItem","name":"Sociarte:"},"previousItem":{"@type":"ListItem","@id":"https:\/\/anoticiaonline.com.br\/site\/categoria\/colunistas\/#listItem","name":"Colunistas"}},{"@type":"ListItem","@id":"https:\/\/anoticiaonline.com.br\/site\/sociarte-93\/#listItem","position":4,"name":"Sociarte:","previousItem":{"@type":"ListItem","@id":"https:\/\/anoticiaonline.com.br\/site\/categoria\/colunistas\/sociarte\/#listItem","name":"Sociarte"}}]},{"@type":"Organization","@id":"https:\/\/anoticiaonline.com.br\/site\/#organization","name":"A Not\u00edcia Online","description":"Noticias de Muria\u00e9 e regi\u00e3o","url":"https:\/\/anoticiaonline.com.br\/site\/","logo":{"@type":"ImageObject","url":"https:\/\/scontent-gig4-1.xx.fbcdn.net\/v\/t39.30808-1\/270437624_4564083193639691_6907940295614233970_n.jpg?stp=dst-jpg_s200x200_tt6&_nc_cat=111&ccb=1-7&_nc_sid=f907e8&_nc_ohc=SM1wRlP3lJwQ7kNvwEPuBYA&_nc_oc=AdnqrjDN_BNjSSHWO-GbkIWH6fkGMLw4bqvL_NH6e2wMveX7G-rP2dAqsDSq1mJMOaY&_nc_zt=24&_nc_ht=scontent-gig4-1.xx&_nc_gid=AoBFJeGrT1hVaew_6rchkQ&oh=00_AfX7QmFGhQhG2jAllVgXCiM1ZrWgvtp80-Bfppyexh1QEg&oe=689E923C","@id":"https:\/\/anoticiaonline.com.br\/site\/sociarte-93\/#organizationLogo"},"image":{"@id":"https:\/\/anoticiaonline.com.br\/site\/sociarte-93\/#organizationLogo"}},{"@type":"Person","@id":"https:\/\/anoticiaonline.com.br\/site\/author\/juliana\/#author","url":"https:\/\/anoticiaonline.com.br\/site\/author\/juliana\/","name":"Juliana Laviola","image":{"@type":"ImageObject","@id":"https:\/\/anoticiaonline.com.br\/site\/sociarte-93\/#authorImage","url":"https:\/\/secure.gravatar.com\/avatar\/b8d45f5c699b100dfaf0e543582f38f38bf94cb7ae3a5e9abf8d891a34773335?s=96&d=mm&r=g","width":96,"height":96,"caption":"Juliana Laviola"}},{"@type":"WebPage","@id":"https:\/\/anoticiaonline.com.br\/site\/sociarte-93\/#webpage","url":"https:\/\/anoticiaonline.com.br\/site\/sociarte-93\/","name":"Sociarte: - A Not\u00edcia Online","description":"N\u00edver de Mariana Ara\u00fajo A jovem Mariana Ara\u00fajo, filha de Maria de F\u00e1tima Ara\u00fajo e Elson Jos\u00e9 de Ara\u00fajo (in memorian) e m\u00e3e dos pequenos, Hellen e Renan Oliveira, completou 25 anos no \u00faltimo s\u00e1bado (11), ao lado de seus amigos e familiares. Parab\u00e9ns, Mariana! Tudo de melhor para voc\u00ea! Parab\u00e9ns, Helena Vidon A gatinha,","inLanguage":"pt-BR","isPartOf":{"@id":"https:\/\/anoticiaonline.com.br\/site\/#website"},"breadcrumb":{"@id":"https:\/\/anoticiaonline.com.br\/site\/sociarte-93\/#breadcrumblist"},"author":{"@id":"https:\/\/anoticiaonline.com.br\/site\/author\/juliana\/#author"},"creator":{"@id":"https:\/\/anoticiaonline.com.br\/site\/author\/juliana\/#author"},"datePublished":"2018-08-17T11:18:51-03:00","dateModified":"2018-08-17T11:18:51-03:00"},{"@type":"WebSite","@id":"https:\/\/anoticiaonline.com.br\/site\/#website","url":"https:\/\/anoticiaonline.com.br\/site\/","name":"A Not\u00edcia Online","description":"Noticias de Muria\u00e9 e regi\u00e3o","inLanguage":"pt-BR","publisher":{"@id":"https:\/\/anoticiaonline.com.br\/site\/#organization"}}]},"og:locale":"pt_BR","og:site_name":"A Not\u00edcia Online - Noticias de Muria\u00e9 e regi\u00e3o","og:type":"article","og:title":"Sociarte: - A Not\u00edcia Online","og:description":"N\u00edver de Mariana Ara\u00fajo A jovem Mariana Ara\u00fajo, filha de Maria de F\u00e1tima Ara\u00fajo e Elson Jos\u00e9 de Ara\u00fajo (in memorian) e m\u00e3e dos pequenos, Hellen e Renan Oliveira, completou 25 anos no \u00faltimo s\u00e1bado (11), ao lado de seus amigos e familiares. Parab\u00e9ns, Mariana! Tudo de melhor para voc\u00ea! Parab\u00e9ns, Helena Vidon A gatinha,","og:url":"https:\/\/anoticiaonline.com.br\/site\/sociarte-93\/","og:image":"https:\/\/scontent-gig4-1.xx.fbcdn.net\/v\/t39.30808-1\/270437624_4564083193639691_6907940295614233970_n.jpg?stp=dst-jpg_s200x200_tt6&#038;_nc_cat=111&#038;ccb=1-7&#038;_nc_sid=f907e8&#038;_nc_ohc=SM1wRlP3lJwQ7kNvwEPuBYA&#038;_nc_oc=AdnqrjDN_BNjSSHWO-GbkIWH6fkGMLw4bqvL_NH6e2wMveX7G-rP2dAqsDSq1mJMOaY&#038;_nc_zt=24&#038;_nc_ht=scontent-gig4-1.xx&#038;_nc_gid=AoBFJeGrT1hVaew_6rchkQ&#038;oh=00_AfX7QmFGhQhG2jAllVgXCiM1ZrWgvtp80-Bfppyexh1QEg&#038;oe=689E923C","og:image:secure_url":"https:\/\/scontent-gig4-1.xx.fbcdn.net\/v\/t39.30808-1\/270437624_4564083193639691_6907940295614233970_n.jpg?stp=dst-jpg_s200x200_tt6&#038;_nc_cat=111&#038;ccb=1-7&#038;_nc_sid=f907e8&#038;_nc_ohc=SM1wRlP3lJwQ7kNvwEPuBYA&#038;_nc_oc=AdnqrjDN_BNjSSHWO-GbkIWH6fkGMLw4bqvL_NH6e2wMveX7G-rP2dAqsDSq1mJMOaY&#038;_nc_zt=24&#038;_nc_ht=scontent-gig4-1.xx&#038;_nc_gid=AoBFJeGrT1hVaew_6rchkQ&#038;oh=00_AfX7QmFGhQhG2jAllVgXCiM1ZrWgvtp80-Bfppyexh1QEg&#038;oe=689E923C","article:published_time":"2018-08-17T14:18:51+00:00","article:modified_time":"2018-08-17T14:18:51+00:00","twitter:card":"summary_large_image","twitter:title":"Sociarte: - A Not\u00edcia Online","twitter:description":"N\u00edver de Mariana Ara\u00fajo A jovem Mariana Ara\u00fajo, filha de Maria de F\u00e1tima Ara\u00fajo e Elson Jos\u00e9 de Ara\u00fajo (in memorian) e m\u00e3e dos pequenos, Hellen e Renan Oliveira, completou 25 anos no \u00faltimo s\u00e1bado (11), ao lado de seus amigos e familiares. Parab\u00e9ns, Mariana! Tudo de melhor para voc\u00ea! Parab\u00e9ns, Helena Vidon A gatinha,","twitter:image":"https:\/\/scontent-gig4-1.xx.fbcdn.net\/v\/t39.30808-1\/270437624_4564083193639691_6907940295614233970_n.jpg?stp=dst-jpg_s200x200_tt6&_nc_cat=111&ccb=1-7&_nc_sid=f907e8&_nc_ohc=SM1wRlP3lJwQ7kNvwEPuBYA&_nc_oc=AdnqrjDN_BNjSSHWO-GbkIWH6fkGMLw4bqvL_NH6e2wMveX7G-rP2dAqsDSq1mJMOaY&_nc_zt=24&_nc_ht=scontent-gig4-1.xx&_nc_gid=AoBFJeGrT1hVaew_6rchkQ&oh=00_AfX7QmFGhQhG2jAllVgXCiM1ZrWgvtp80-Bfppyexh1QEg&oe=689E923C"},"aioseo_meta_data":{"post_id":"60109","title":null,"description":null,"keywords":null,"keyphrases":null,"primary_term":null,"canonical_url":null,"og_title":null,"og_description":null,"og_object_type":"default","og_image_type":"default","og_image_url":null,"og_image_width":null,"og_image_height":null,"og_image_custom_url":null,"og_image_custom_fields":null,"og_video":null,"og_custom_url":null,"og_article_section":null,"og_article_tags":null,"twitter_use_og":false,"twitter_card":"default","twitter_image_type":"default","twitter_image_url":null,"twitter_image_custom_url":null,"twitter_image_custom_fields":null,"twitter_title":null,"twitter_description":null,"schema":{"blockGraphs":[],"customGraphs":[],"default":{"data":{"Article":[],"Course":[],"Dataset":[],"FAQPage":[],"Movie":[],"Person":[],"Product":[],"ProductReview":[],"Car":[],"Recipe":[],"Service":[],"SoftwareApplication":[],"WebPage":[]},"graphName":"","isEnabled":true},"graphs":[]},"schema_type":"default","schema_type_options":null,"pillar_content":false,"robots_default":true,"robots_noindex":false,"robots_noarchive":false,"robots_nosnippet":false,"robots_nofollow":false,"robots_noimageindex":false,"robots_noodp":false,"robots_notranslate":false,"robots_max_snippet":null,"robots_max_videopreview":null,"robots_max_imagepreview":"large","priority":null,"frequency":null,"local_seo":null,"breadcrumb_settings":null,"limit_modified_date":false,"ai":null,"created":"2025-08-16 21:26:28","updated":"2025-08-16 21:26:28","focus_keyword":null,"additional_keywords":null,"truseo_locale":null,"seo_analyzer_scan_date":null},"aioseo_breadcrumb":"<div class=\"aioseo-breadcrumbs\"><span class=\"aioseo-breadcrumb\">\n\t\t\t<a href=\"https:\/\/anoticiaonline.com.br\/site\" title=\"Home\">Home<\/a>\n\t\t<\/span><span class=\"aioseo-breadcrumb-separator\">&raquo;<\/span><span class=\"aioseo-breadcrumb\">\n\t\t\t<a href=\"https:\/\/anoticiaonline.com.br\/site\/categoria\/colunistas\/\" title=\"Colunistas\">Colunistas<\/a>\n\t\t<\/span><span class=\"aioseo-breadcrumb-separator\">&raquo;<\/span><span class=\"aioseo-breadcrumb\">\n\t\t\t<a href=\"https:\/\/anoticiaonline.com.br\/site\/categoria\/colunistas\/sociarte\/\" title=\"Sociarte\">Sociarte<\/a>\n\t\t<\/span><span class=\"aioseo-breadcrumb-separator\">&raquo;<\/span><span class=\"aioseo-breadcrumb\">\n\t\t\tSociarte:\n\t\t<\/span><\/div>","aioseo_breadcrumb_json":[{"label":"Home","link":"https:\/\/anoticiaonline.com.br\/site"},{"label":"Colunistas","link":"https:\/\/anoticiaonline.com.br\/site\/categoria\/colunistas\/"},{"label":"Sociarte","link":"https:\/\/anoticiaonline.com.br\/site\/categoria\/colunistas\/sociarte\/"},{"label":"Sociarte:","link":"https:\/\/anoticiaonline.com.br\/site\/sociarte-93\/"}],"views":146,"_links":{"self":[{"href":"https:\/\/anoticiaonline.com.br\/site\/wp-json\/wp\/v2\/posts\/60109","targetHints":{"allow":["GET"]}}],"collection":[{"href":"https:\/\/anoticiaonline.com.br\/site\/wp-json\/wp\/v2\/posts"}],"about":[{"href":"https:\/\/anoticiaonline.com.br\/site\/wp-json\/wp\/v2\/types\/post"}],"author":[{"embeddable":true,"href":"https:\/\/anoticiaonline.com.br\/site\/wp-json\/wp\/v2\/users\/2"}],"replies":[{"embeddable":true,"href":"https:\/\/anoticiaonline.com.br\/site\/wp-json\/wp\/v2\/comments?post=60109"}],"version-history":[{"count":0,"href":"https:\/\/anoticiaonline.com.br\/site\/wp-json\/wp\/v2\/posts\/60109\/revisions"}],"wp:attachment":[{"href":"https:\/\/anoticiaonline.com.br\/site\/wp-json\/wp\/v2\/media?parent=60109"}],"wp:term":[{"taxonomy":"category","embeddable":true,"href":"https:\/\/anoticiaonline.com.br\/site\/wp-json\/wp\/v2\/categories?post=60109"},{"taxonomy":"post_tag","embeddable":true,"href":"https:\/\/anoticiaonline.com.br\/site\/wp-json\/wp\/v2\/tags?post=60109"}],"curies":[{"name":"wp","href":"https:\/\/api.w.org\/{rel}","templated":true}]}}