{"id":60057,"date":"2018-08-17T10:55:31","date_gmt":"2018-08-17T13:55:31","guid":{"rendered":"http:\/\/anoticiaonline.com.br\/site\/?p=60057"},"modified":"2018-08-17T10:55:31","modified_gmt":"2018-08-17T13:55:31","slug":"jairzinho-furacao-marca-presenca-na-feijoada-solidaria-da-furacao-fogo-muriae","status":"publish","type":"post","link":"https:\/\/anoticiaonline.com.br\/site\/jairzinho-furacao-marca-presenca-na-feijoada-solidaria-da-furacao-fogo-muriae\/","title":{"rendered":"Jairzinho \u201cFurac\u00e3o\u201d marca presen\u00e7a na Feijoada Solid\u00e1ria da Furac\u00e3o Fogo Muria\u00e9"},"content":{"rendered":"<p><a href=\"https:\/\/anoticiaonline.com.br\/site\/wp-content\/uploads\/2018\/08\/DSC_0112.jpg\"><img fetchpriority=\"high\" decoding=\"async\" class=\"aligncenter size-full wp-image-60058\" src=\"https:\/\/anoticiaonline.com.br\/site\/wp-content\/uploads\/2018\/08\/DSC_0112.jpg\" alt=\"\" width=\"1000\" height=\"667\" srcset=\"https:\/\/anoticiaonline.com.br\/site\/wp-content\/uploads\/2018\/08\/DSC_0112.jpg 1000w, https:\/\/anoticiaonline.com.br\/site\/wp-content\/uploads\/2018\/08\/DSC_0112-300x200.jpg 300w, https:\/\/anoticiaonline.com.br\/site\/wp-content\/uploads\/2018\/08\/DSC_0112-768x512.jpg 768w, https:\/\/anoticiaonline.com.br\/site\/wp-content\/uploads\/2018\/08\/DSC_0112-900x600.jpg 900w\" sizes=\"(max-width: 1000px) 100vw, 1000px\" \/><\/a>Considerado um dos her\u00f3is da Copa de 1970, Jair Ventura Filho, o Jairzinho \u201cFurac\u00e3o\u201d, marcou presen\u00e7a na Feijoada Solid\u00e1ria da Furac\u00e3o Fogo Muria\u00e9, que aconteceu no Campo do Oper\u00e1rio, no s\u00e1bado (11), em prol do Lar Ozanam.<\/p>\n<p>Convidado especial e \u00eddolo do Botafogo, Jairzinho \u201cFurac\u00e3o\u201d atraiu a presen\u00e7a de diversos torcedores muriaeenses, que puderam tirar fotos e pegar aut\u00f3grafos com o craque. \u201cGostaria de agradecer aos organizadores do evento pelo convite e a todos que compareceram neste encontro maravilhoso que visa n\u00e3o s\u00f3 a confraterniza\u00e7\u00e3o dos amantes do futebol, mas tamb\u00e9m ajudar o pr\u00f3ximo. Esta \u00e9 a primeira vez que venho a Muria\u00e9 e posso dizer que estou muito satisfeito de ter vindo\u201d, conta.<\/p>\n<p>Wilson de Freitas Soares, um dos organizadores do evento, disse que o objetivo da funda\u00e7\u00e3o da Furac\u00e3o Fogo era reunir torcedores para ajudar os mais necessitados. \u201cEstamos muito felizes em trazer para Muria\u00e9 o bicampe\u00e3o mundial, Jair Ventura Filho, o \u00fanico a marcar gols em todos os jogos da Copa do Mundo de 1970, algo que nunca foi alcan\u00e7ado por nenhum outro jogador\u201d, conta.<\/p>\n<p>Eduardo Veggi, membro da Furac\u00e3o Fogo, disse que este \u00e9 o primeiro de muitos outros eventos beneficentes que ser\u00e3o organizados. \u201cQueremos promover mais eventos como esta Feijoada Solid\u00e1ria e ajudar outras institui\u00e7\u00f5es de Muria\u00e9. Nossa inten\u00e7\u00e3o \u00e9 trazer, futuramente, outros \u00eddolos do futebol para confraternizar com a torcida botafoguense\u201d, conta.<\/p>\n<p><img decoding=\"async\" class=\"aligncenter size-full wp-image-60063\" src=\"https:\/\/anoticiaonline.com.br\/site\/wp-content\/uploads\/2018\/08\/DSC_0932-1.jpg\" alt=\"\" width=\"1000\" height=\"667\" srcset=\"https:\/\/anoticiaonline.com.br\/site\/wp-content\/uploads\/2018\/08\/DSC_0932-1.jpg 1000w, https:\/\/anoticiaonline.com.br\/site\/wp-content\/uploads\/2018\/08\/DSC_0932-1-300x200.jpg 300w, https:\/\/anoticiaonline.com.br\/site\/wp-content\/uploads\/2018\/08\/DSC_0932-1-768x512.jpg 768w, https:\/\/anoticiaonline.com.br\/site\/wp-content\/uploads\/2018\/08\/DSC_0932-1-900x600.jpg 900w\" sizes=\"(max-width: 1000px) 100vw, 1000px\" \/><a href=\"https:\/\/anoticiaonline.com.br\/site\/wp-content\/uploads\/2018\/08\/DSC_0024-1.jpg\"><img decoding=\"async\" class=\"aligncenter size-full wp-image-60059\" src=\"https:\/\/anoticiaonline.com.br\/site\/wp-content\/uploads\/2018\/08\/DSC_0024-1.jpg\" alt=\"\" width=\"1000\" height=\"667\" srcset=\"https:\/\/anoticiaonline.com.br\/site\/wp-content\/uploads\/2018\/08\/DSC_0024-1.jpg 1000w, https:\/\/anoticiaonline.com.br\/site\/wp-content\/uploads\/2018\/08\/DSC_0024-1-300x200.jpg 300w, https:\/\/anoticiaonline.com.br\/site\/wp-content\/uploads\/2018\/08\/DSC_0024-1-768x512.jpg 768w, https:\/\/anoticiaonline.com.br\/site\/wp-content\/uploads\/2018\/08\/DSC_0024-1-900x600.jpg 900w\" sizes=\"(max-width: 1000px) 100vw, 1000px\" \/><\/a> <a href=\"https:\/\/anoticiaonline.com.br\/site\/wp-content\/uploads\/2018\/08\/DSC_0108.jpg\"><img loading=\"lazy\" decoding=\"async\" class=\"aligncenter size-full wp-image-60060\" src=\"https:\/\/anoticiaonline.com.br\/site\/wp-content\/uploads\/2018\/08\/DSC_0108.jpg\" alt=\"\" width=\"1000\" height=\"667\" srcset=\"https:\/\/anoticiaonline.com.br\/site\/wp-content\/uploads\/2018\/08\/DSC_0108.jpg 1000w, https:\/\/anoticiaonline.com.br\/site\/wp-content\/uploads\/2018\/08\/DSC_0108-300x200.jpg 300w, https:\/\/anoticiaonline.com.br\/site\/wp-content\/uploads\/2018\/08\/DSC_0108-768x512.jpg 768w, https:\/\/anoticiaonline.com.br\/site\/wp-content\/uploads\/2018\/08\/DSC_0108-900x600.jpg 900w\" sizes=\"(max-width: 1000px) 100vw, 1000px\" \/><\/a> <a href=\"https:\/\/anoticiaonline.com.br\/site\/wp-content\/uploads\/2018\/08\/DSC_0910.jpg\"><img loading=\"lazy\" decoding=\"async\" class=\"aligncenter size-full wp-image-60061\" src=\"https:\/\/anoticiaonline.com.br\/site\/wp-content\/uploads\/2018\/08\/DSC_0910.jpg\" alt=\"\" width=\"1000\" height=\"667\" srcset=\"https:\/\/anoticiaonline.com.br\/site\/wp-content\/uploads\/2018\/08\/DSC_0910.jpg 1000w, https:\/\/anoticiaonline.com.br\/site\/wp-content\/uploads\/2018\/08\/DSC_0910-300x200.jpg 300w, https:\/\/anoticiaonline.com.br\/site\/wp-content\/uploads\/2018\/08\/DSC_0910-768x512.jpg 768w, https:\/\/anoticiaonline.com.br\/site\/wp-content\/uploads\/2018\/08\/DSC_0910-900x600.jpg 900w\" sizes=\"(max-width: 1000px) 100vw, 1000px\" \/><\/a> <a href=\"https:\/\/anoticiaonline.com.br\/site\/wp-content\/uploads\/2018\/08\/DSC_0920.jpg\"><img loading=\"lazy\" decoding=\"async\" class=\"aligncenter size-full wp-image-60062\" src=\"https:\/\/anoticiaonline.com.br\/site\/wp-content\/uploads\/2018\/08\/DSC_0920.jpg\" alt=\"\" width=\"1000\" height=\"667\" srcset=\"https:\/\/anoticiaonline.com.br\/site\/wp-content\/uploads\/2018\/08\/DSC_0920.jpg 1000w, https:\/\/anoticiaonline.com.br\/site\/wp-content\/uploads\/2018\/08\/DSC_0920-300x200.jpg 300w, https:\/\/anoticiaonline.com.br\/site\/wp-content\/uploads\/2018\/08\/DSC_0920-768x512.jpg 768w, https:\/\/anoticiaonline.com.br\/site\/wp-content\/uploads\/2018\/08\/DSC_0920-900x600.jpg 900w\" sizes=\"(max-width: 1000px) 100vw, 1000px\" \/><\/a> <a href=\"https:\/\/anoticiaonline.com.br\/site\/wp-content\/uploads\/2018\/08\/DSC_0964-1.jpg\"><img loading=\"lazy\" decoding=\"async\" class=\"aligncenter size-full wp-image-60064\" src=\"https:\/\/anoticiaonline.com.br\/site\/wp-content\/uploads\/2018\/08\/DSC_0964-1.jpg\" alt=\"\" width=\"1000\" height=\"667\" srcset=\"https:\/\/anoticiaonline.com.br\/site\/wp-content\/uploads\/2018\/08\/DSC_0964-1.jpg 1000w, https:\/\/anoticiaonline.com.br\/site\/wp-content\/uploads\/2018\/08\/DSC_0964-1-300x200.jpg 300w, https:\/\/anoticiaonline.com.br\/site\/wp-content\/uploads\/2018\/08\/DSC_0964-1-768x512.jpg 768w, https:\/\/anoticiaonline.com.br\/site\/wp-content\/uploads\/2018\/08\/DSC_0964-1-900x600.jpg 900w\" sizes=\"(max-width: 1000px) 100vw, 1000px\" \/><\/a> <a href=\"https:\/\/anoticiaonline.com.br\/site\/wp-content\/uploads\/2018\/08\/DSC_1000.jpg\"><img loading=\"lazy\" decoding=\"async\" class=\"aligncenter size-full wp-image-60065\" src=\"https:\/\/anoticiaonline.com.br\/site\/wp-content\/uploads\/2018\/08\/DSC_1000.jpg\" alt=\"\" width=\"1000\" height=\"667\" srcset=\"https:\/\/anoticiaonline.com.br\/site\/wp-content\/uploads\/2018\/08\/DSC_1000.jpg 1000w, https:\/\/anoticiaonline.com.br\/site\/wp-content\/uploads\/2018\/08\/DSC_1000-300x200.jpg 300w, https:\/\/anoticiaonline.com.br\/site\/wp-content\/uploads\/2018\/08\/DSC_1000-768x512.jpg 768w, https:\/\/anoticiaonline.com.br\/site\/wp-content\/uploads\/2018\/08\/DSC_1000-900x600.jpg 900w\" sizes=\"(max-width: 1000px) 100vw, 1000px\" \/><\/a><\/p>\n","protected":false},"excerpt":{"rendered":"<p>Considerado um dos her\u00f3is da Copa de 1970, Jair Ventura Filho, o Jairzinho \u201cFurac\u00e3o\u201d, marcou presen\u00e7a na Feijoada Solid\u00e1ria da Furac\u00e3o Fogo Muria\u00e9, que aconteceu no Campo do Oper\u00e1rio, no s\u00e1bado (11), em prol do Lar Ozanam. Convidado especial e \u00eddolo do Botafogo, Jairzinho \u201cFurac\u00e3o\u201d atraiu a presen\u00e7a de diversos torcedores muriaeenses, que puderam tirar &#8230; <a title=\"Jairzinho \u201cFurac\u00e3o\u201d marca presen\u00e7a na Feijoada Solid\u00e1ria da Furac\u00e3o Fogo Muria\u00e9\" class=\"read-more\" href=\"https:\/\/anoticiaonline.com.br\/site\/jairzinho-furacao-marca-presenca-na-feijoada-solidaria-da-furacao-fogo-muriae\/\" aria-label=\"Read more about Jairzinho \u201cFurac\u00e3o\u201d marca presen\u00e7a na Feijoada Solid\u00e1ria da Furac\u00e3o Fogo Muria\u00e9\">Ler mais<\/a><\/p>\n","protected":false},"author":7,"featured_media":60058,"comment_status":"open","ping_status":"open","sticky":false,"template":"","format":"standard","meta":{"_acf_changed":false,"_monsterinsights_skip_tracking":false,"footnotes":""},"categories":[30,29,24],"tags":[868,2933],"class_list":["post-60057","post","type-post","status-publish","format-standard","has-post-thumbnail","hentry","category-muriae","category-esporte","category-eventos","tag-botafogo","tag-jairzinho-furacao"],"acf":[],"aioseo_notices":[],"aioseo_head":"\n\t\t<!-- All in One SEO 5.0.0.1 - aioseo.com -->\n\t<meta name=\"description\" content=\"Considerado um dos her\u00f3is da Copa de 1970, Jair Ventura Filho, o Jairzinho \u201cFurac\u00e3o\u201d, marcou presen\u00e7a na Feijoada Solid\u00e1ria da Furac\u00e3o Fogo Muria\u00e9, que aconteceu no Campo do Oper\u00e1rio, no s\u00e1bado (11), em prol do Lar Ozanam. Convidado especial e \u00eddolo do Botafogo, Jairzinho \u201cFurac\u00e3o\u201d atraiu a presen\u00e7a de diversos torcedores muriaeenses, que puderam tirar\" \/>\n\t<meta name=\"robots\" content=\"max-image-preview:large\" \/>\n\t<meta name=\"author\" content=\"Leandro Bebiano\"\/>\n\t<link rel=\"canonical\" href=\"https:\/\/anoticiaonline.com.br\/site\/jairzinho-furacao-marca-presenca-na-feijoada-solidaria-da-furacao-fogo-muriae\/\" \/>\n\t<meta name=\"generator\" content=\"All in One SEO (AIOSEO) 5.0.0.1\" \/>\n\t\t<meta property=\"og:locale\" content=\"pt_BR\" \/>\n\t\t<meta property=\"og:site_name\" content=\"A Not\u00edcia Online - Noticias de Muria\u00e9 e regi\u00e3o\" \/>\n\t\t<meta property=\"og:type\" content=\"article\" \/>\n\t\t<meta property=\"og:title\" content=\"Jairzinho \u201cFurac\u00e3o\u201d marca presen\u00e7a na Feijoada Solid\u00e1ria da Furac\u00e3o Fogo Muria\u00e9 - A Not\u00edcia Online\" \/>\n\t\t<meta property=\"og:description\" content=\"Considerado um dos her\u00f3is da Copa de 1970, Jair Ventura Filho, o Jairzinho \u201cFurac\u00e3o\u201d, marcou presen\u00e7a na Feijoada Solid\u00e1ria da Furac\u00e3o Fogo Muria\u00e9, que aconteceu no Campo do Oper\u00e1rio, no s\u00e1bado (11), em prol do Lar Ozanam. Convidado especial e \u00eddolo do Botafogo, Jairzinho \u201cFurac\u00e3o\u201d atraiu a presen\u00e7a de diversos torcedores muriaeenses, que puderam tirar\" \/>\n\t\t<meta property=\"og:url\" content=\"https:\/\/anoticiaonline.com.br\/site\/jairzinho-furacao-marca-presenca-na-feijoada-solidaria-da-furacao-fogo-muriae\/\" \/>\n\t\t<meta property=\"og:image\" content=\"https:\/\/scontent-gig4-1.xx.fbcdn.net\/v\/t39.30808-1\/270437624_4564083193639691_6907940295614233970_n.jpg?stp=dst-jpg_s200x200_tt6&#038;_nc_cat=111&#038;ccb=1-7&#038;_nc_sid=f907e8&#038;_nc_ohc=SM1wRlP3lJwQ7kNvwEPuBYA&#038;_nc_oc=AdnqrjDN_BNjSSHWO-GbkIWH6fkGMLw4bqvL_NH6e2wMveX7G-rP2dAqsDSq1mJMOaY&#038;_nc_zt=24&#038;_nc_ht=scontent-gig4-1.xx&#038;_nc_gid=AoBFJeGrT1hVaew_6rchkQ&#038;oh=00_AfX7QmFGhQhG2jAllVgXCiM1ZrWgvtp80-Bfppyexh1QEg&#038;oe=689E923C\" \/>\n\t\t<meta property=\"og:image:secure_url\" content=\"https:\/\/scontent-gig4-1.xx.fbcdn.net\/v\/t39.30808-1\/270437624_4564083193639691_6907940295614233970_n.jpg?stp=dst-jpg_s200x200_tt6&#038;_nc_cat=111&#038;ccb=1-7&#038;_nc_sid=f907e8&#038;_nc_ohc=SM1wRlP3lJwQ7kNvwEPuBYA&#038;_nc_oc=AdnqrjDN_BNjSSHWO-GbkIWH6fkGMLw4bqvL_NH6e2wMveX7G-rP2dAqsDSq1mJMOaY&#038;_nc_zt=24&#038;_nc_ht=scontent-gig4-1.xx&#038;_nc_gid=AoBFJeGrT1hVaew_6rchkQ&#038;oh=00_AfX7QmFGhQhG2jAllVgXCiM1ZrWgvtp80-Bfppyexh1QEg&#038;oe=689E923C\" \/>\n\t\t<meta property=\"article:published_time\" content=\"2018-08-17T13:55:31+00:00\" \/>\n\t\t<meta property=\"article:modified_time\" content=\"2018-08-17T13:55:31+00:00\" \/>\n\t\t<meta name=\"twitter:card\" content=\"summary_large_image\" \/>\n\t\t<meta name=\"twitter:title\" content=\"Jairzinho \u201cFurac\u00e3o\u201d marca presen\u00e7a na Feijoada Solid\u00e1ria da Furac\u00e3o Fogo Muria\u00e9 - A Not\u00edcia Online\" \/>\n\t\t<meta name=\"twitter:description\" content=\"Considerado um dos her\u00f3is da Copa de 1970, Jair Ventura Filho, o Jairzinho \u201cFurac\u00e3o\u201d, marcou presen\u00e7a na Feijoada Solid\u00e1ria da Furac\u00e3o Fogo Muria\u00e9, que aconteceu no Campo do Oper\u00e1rio, no s\u00e1bado (11), em prol do Lar Ozanam. Convidado especial e \u00eddolo do Botafogo, Jairzinho \u201cFurac\u00e3o\u201d atraiu a presen\u00e7a de diversos torcedores muriaeenses, que puderam tirar\" \/>\n\t\t<meta name=\"twitter:image\" content=\"https:\/\/scontent-gig4-1.xx.fbcdn.net\/v\/t39.30808-1\/270437624_4564083193639691_6907940295614233970_n.jpg?stp=dst-jpg_s200x200_tt6&amp;_nc_cat=111&amp;ccb=1-7&amp;_nc_sid=f907e8&amp;_nc_ohc=SM1wRlP3lJwQ7kNvwEPuBYA&amp;_nc_oc=AdnqrjDN_BNjSSHWO-GbkIWH6fkGMLw4bqvL_NH6e2wMveX7G-rP2dAqsDSq1mJMOaY&amp;_nc_zt=24&amp;_nc_ht=scontent-gig4-1.xx&amp;_nc_gid=AoBFJeGrT1hVaew_6rchkQ&amp;oh=00_AfX7QmFGhQhG2jAllVgXCiM1ZrWgvtp80-Bfppyexh1QEg&amp;oe=689E923C\" \/>\n\t\t<script type=\"application\/ld+json\" class=\"aioseo-schema\">\n\t\t\t{\"@context\":\"https:\\\/\\\/schema.org\",\"@graph\":[{\"@type\":\"BlogPosting\",\"@id\":\"https:\\\/\\\/anoticiaonline.com.br\\\/site\\\/jairzinho-furacao-marca-presenca-na-feijoada-solidaria-da-furacao-fogo-muriae\\\/#blogposting\",\"name\":\"Jairzinho \\u201cFurac\\u00e3o\\u201d marca presen\\u00e7a na Feijoada Solid\\u00e1ria da Furac\\u00e3o Fogo Muria\\u00e9 - A Not\\u00edcia Online\",\"headline\":\"Jairzinho \\u201cFurac\\u00e3o\\u201d marca presen\\u00e7a na Feijoada Solid\\u00e1ria da Furac\\u00e3o Fogo Muria\\u00e9\",\"author\":{\"@id\":\"https:\\\/\\\/anoticiaonline.com.br\\\/site\\\/author\\\/leandro\\\/#author\"},\"publisher\":{\"@id\":\"https:\\\/\\\/anoticiaonline.com.br\\\/site\\\/#organization\"},\"image\":{\"@type\":\"ImageObject\",\"url\":\"https:\\\/\\\/anoticiaonline.com.br\\\/site\\\/wp-content\\\/uploads\\\/2018\\\/08\\\/DSC_0112.jpg\",\"width\":1000,\"height\":667},\"datePublished\":\"2018-08-17T10:55:31-03:00\",\"dateModified\":\"2018-08-17T10:55:31-03:00\",\"inLanguage\":\"pt-BR\",\"mainEntityOfPage\":{\"@id\":\"https:\\\/\\\/anoticiaonline.com.br\\\/site\\\/jairzinho-furacao-marca-presenca-na-feijoada-solidaria-da-furacao-fogo-muriae\\\/#webpage\"},\"isPartOf\":{\"@id\":\"https:\\\/\\\/anoticiaonline.com.br\\\/site\\\/jairzinho-furacao-marca-presenca-na-feijoada-solidaria-da-furacao-fogo-muriae\\\/#webpage\"},\"articleSection\":\"Blog, Esporte, Eventos, Botafogo, Jairzinho \\u201cFurac\\u00e3o\\u201d\"},{\"@type\":\"BreadcrumbList\",\"@id\":\"https:\\\/\\\/anoticiaonline.com.br\\\/site\\\/jairzinho-furacao-marca-presenca-na-feijoada-solidaria-da-furacao-fogo-muriae\\\/#breadcrumblist\",\"itemListElement\":[{\"@type\":\"ListItem\",\"@id\":\"https:\\\/\\\/anoticiaonline.com.br\\\/site#listItem\",\"position\":1,\"name\":\"Home\",\"item\":\"https:\\\/\\\/anoticiaonline.com.br\\\/site\",\"nextItem\":{\"@type\":\"ListItem\",\"@id\":\"https:\\\/\\\/anoticiaonline.com.br\\\/site\\\/categoria\\\/eventos\\\/#listItem\",\"name\":\"Eventos\"}},{\"@type\":\"ListItem\",\"@id\":\"https:\\\/\\\/anoticiaonline.com.br\\\/site\\\/categoria\\\/eventos\\\/#listItem\",\"position\":2,\"name\":\"Eventos\",\"item\":\"https:\\\/\\\/anoticiaonline.com.br\\\/site\\\/categoria\\\/eventos\\\/\",\"nextItem\":{\"@type\":\"ListItem\",\"@id\":\"https:\\\/\\\/anoticiaonline.com.br\\\/site\\\/jairzinho-furacao-marca-presenca-na-feijoada-solidaria-da-furacao-fogo-muriae\\\/#listItem\",\"name\":\"Jairzinho \\u201cFurac\\u00e3o\\u201d marca presen\\u00e7a na Feijoada Solid\\u00e1ria da Furac\\u00e3o Fogo Muria\\u00e9\"},\"previousItem\":{\"@type\":\"ListItem\",\"@id\":\"https:\\\/\\\/anoticiaonline.com.br\\\/site#listItem\",\"name\":\"Home\"}},{\"@type\":\"ListItem\",\"@id\":\"https:\\\/\\\/anoticiaonline.com.br\\\/site\\\/jairzinho-furacao-marca-presenca-na-feijoada-solidaria-da-furacao-fogo-muriae\\\/#listItem\",\"position\":3,\"name\":\"Jairzinho \\u201cFurac\\u00e3o\\u201d marca presen\\u00e7a na Feijoada Solid\\u00e1ria da Furac\\u00e3o Fogo Muria\\u00e9\",\"previousItem\":{\"@type\":\"ListItem\",\"@id\":\"https:\\\/\\\/anoticiaonline.com.br\\\/site\\\/categoria\\\/eventos\\\/#listItem\",\"name\":\"Eventos\"}}]},{\"@type\":\"Organization\",\"@id\":\"https:\\\/\\\/anoticiaonline.com.br\\\/site\\\/#organization\",\"name\":\"A Not\\u00edcia Online\",\"description\":\"Noticias de Muria\\u00e9 e regi\\u00e3o\",\"url\":\"https:\\\/\\\/anoticiaonline.com.br\\\/site\\\/\",\"logo\":{\"@type\":\"ImageObject\",\"url\":\"https:\\\/\\\/scontent-gig4-1.xx.fbcdn.net\\\/v\\\/t39.30808-1\\\/270437624_4564083193639691_6907940295614233970_n.jpg?stp=dst-jpg_s200x200_tt6&_nc_cat=111&ccb=1-7&_nc_sid=f907e8&_nc_ohc=SM1wRlP3lJwQ7kNvwEPuBYA&_nc_oc=AdnqrjDN_BNjSSHWO-GbkIWH6fkGMLw4bqvL_NH6e2wMveX7G-rP2dAqsDSq1mJMOaY&_nc_zt=24&_nc_ht=scontent-gig4-1.xx&_nc_gid=AoBFJeGrT1hVaew_6rchkQ&oh=00_AfX7QmFGhQhG2jAllVgXCiM1ZrWgvtp80-Bfppyexh1QEg&oe=689E923C\",\"@id\":\"https:\\\/\\\/anoticiaonline.com.br\\\/site\\\/jairzinho-furacao-marca-presenca-na-feijoada-solidaria-da-furacao-fogo-muriae\\\/#organizationLogo\"},\"image\":{\"@id\":\"https:\\\/\\\/anoticiaonline.com.br\\\/site\\\/jairzinho-furacao-marca-presenca-na-feijoada-solidaria-da-furacao-fogo-muriae\\\/#organizationLogo\"}},{\"@type\":\"Person\",\"@id\":\"https:\\\/\\\/anoticiaonline.com.br\\\/site\\\/author\\\/leandro\\\/#author\",\"url\":\"https:\\\/\\\/anoticiaonline.com.br\\\/site\\\/author\\\/leandro\\\/\",\"name\":\"Leandro Bebiano\",\"image\":{\"@type\":\"ImageObject\",\"@id\":\"https:\\\/\\\/anoticiaonline.com.br\\\/site\\\/jairzinho-furacao-marca-presenca-na-feijoada-solidaria-da-furacao-fogo-muriae\\\/#authorImage\",\"url\":\"https:\\\/\\\/secure.gravatar.com\\\/avatar\\\/99966a20c143db97c8590c2013307c7c234a4cca48ed5657cbb47e22a400bd5f?s=96&d=mm&r=g\",\"width\":96,\"height\":96,\"caption\":\"Leandro Bebiano\"}},{\"@type\":\"WebPage\",\"@id\":\"https:\\\/\\\/anoticiaonline.com.br\\\/site\\\/jairzinho-furacao-marca-presenca-na-feijoada-solidaria-da-furacao-fogo-muriae\\\/#webpage\",\"url\":\"https:\\\/\\\/anoticiaonline.com.br\\\/site\\\/jairzinho-furacao-marca-presenca-na-feijoada-solidaria-da-furacao-fogo-muriae\\\/\",\"name\":\"Jairzinho \\u201cFurac\\u00e3o\\u201d marca presen\\u00e7a na Feijoada Solid\\u00e1ria da Furac\\u00e3o Fogo Muria\\u00e9 - A Not\\u00edcia Online\",\"description\":\"Considerado um dos her\\u00f3is da Copa de 1970, Jair Ventura Filho, o Jairzinho \\u201cFurac\\u00e3o\\u201d, marcou presen\\u00e7a na Feijoada Solid\\u00e1ria da Furac\\u00e3o Fogo Muria\\u00e9, que aconteceu no Campo do Oper\\u00e1rio, no s\\u00e1bado (11), em prol do Lar Ozanam. Convidado especial e \\u00eddolo do Botafogo, Jairzinho \\u201cFurac\\u00e3o\\u201d atraiu a presen\\u00e7a de diversos torcedores muriaeenses, que puderam tirar\",\"inLanguage\":\"pt-BR\",\"isPartOf\":{\"@id\":\"https:\\\/\\\/anoticiaonline.com.br\\\/site\\\/#website\"},\"breadcrumb\":{\"@id\":\"https:\\\/\\\/anoticiaonline.com.br\\\/site\\\/jairzinho-furacao-marca-presenca-na-feijoada-solidaria-da-furacao-fogo-muriae\\\/#breadcrumblist\"},\"author\":{\"@id\":\"https:\\\/\\\/anoticiaonline.com.br\\\/site\\\/author\\\/leandro\\\/#author\"},\"creator\":{\"@id\":\"https:\\\/\\\/anoticiaonline.com.br\\\/site\\\/author\\\/leandro\\\/#author\"},\"image\":{\"@type\":\"ImageObject\",\"url\":\"https:\\\/\\\/anoticiaonline.com.br\\\/site\\\/wp-content\\\/uploads\\\/2018\\\/08\\\/DSC_0112.jpg\",\"@id\":\"https:\\\/\\\/anoticiaonline.com.br\\\/site\\\/jairzinho-furacao-marca-presenca-na-feijoada-solidaria-da-furacao-fogo-muriae\\\/#mainImage\",\"width\":1000,\"height\":667},\"primaryImageOfPage\":{\"@id\":\"https:\\\/\\\/anoticiaonline.com.br\\\/site\\\/jairzinho-furacao-marca-presenca-na-feijoada-solidaria-da-furacao-fogo-muriae\\\/#mainImage\"},\"datePublished\":\"2018-08-17T10:55:31-03:00\",\"dateModified\":\"2018-08-17T10:55:31-03:00\"},{\"@type\":\"WebSite\",\"@id\":\"https:\\\/\\\/anoticiaonline.com.br\\\/site\\\/#website\",\"url\":\"https:\\\/\\\/anoticiaonline.com.br\\\/site\\\/\",\"name\":\"A Not\\u00edcia Online\",\"description\":\"Noticias de Muria\\u00e9 e regi\\u00e3o\",\"inLanguage\":\"pt-BR\",\"publisher\":{\"@id\":\"https:\\\/\\\/anoticiaonline.com.br\\\/site\\\/#organization\"}}]}\n\t\t<\/script>\n\t\t<!-- All in One SEO -->\n\n","aioseo_head_json":{"title":"Jairzinho \u201cFurac\u00e3o\u201d marca presen\u00e7a na Feijoada Solid\u00e1ria da Furac\u00e3o Fogo Muria\u00e9 - A Not\u00edcia Online","description":"Considerado um dos her\u00f3is da Copa de 1970, Jair Ventura Filho, o Jairzinho \u201cFurac\u00e3o\u201d, marcou presen\u00e7a na Feijoada Solid\u00e1ria da Furac\u00e3o Fogo Muria\u00e9, que aconteceu no Campo do Oper\u00e1rio, no s\u00e1bado (11), em prol do Lar Ozanam. Convidado especial e \u00eddolo do Botafogo, Jairzinho \u201cFurac\u00e3o\u201d atraiu a presen\u00e7a de diversos torcedores muriaeenses, que puderam tirar","canonical_url":"https:\/\/anoticiaonline.com.br\/site\/jairzinho-furacao-marca-presenca-na-feijoada-solidaria-da-furacao-fogo-muriae\/","robots":"max-image-preview:large","keywords":"","webmasterTools":{"miscellaneous":""},"schema":{"@context":"https:\/\/schema.org","@graph":[{"@type":"BlogPosting","@id":"https:\/\/anoticiaonline.com.br\/site\/jairzinho-furacao-marca-presenca-na-feijoada-solidaria-da-furacao-fogo-muriae\/#blogposting","name":"Jairzinho \u201cFurac\u00e3o\u201d marca presen\u00e7a na Feijoada Solid\u00e1ria da Furac\u00e3o Fogo Muria\u00e9 - A Not\u00edcia Online","headline":"Jairzinho \u201cFurac\u00e3o\u201d marca presen\u00e7a na Feijoada Solid\u00e1ria da Furac\u00e3o Fogo Muria\u00e9","author":{"@id":"https:\/\/anoticiaonline.com.br\/site\/author\/leandro\/#author"},"publisher":{"@id":"https:\/\/anoticiaonline.com.br\/site\/#organization"},"image":{"@type":"ImageObject","url":"https:\/\/anoticiaonline.com.br\/site\/wp-content\/uploads\/2018\/08\/DSC_0112.jpg","width":1000,"height":667},"datePublished":"2018-08-17T10:55:31-03:00","dateModified":"2018-08-17T10:55:31-03:00","inLanguage":"pt-BR","mainEntityOfPage":{"@id":"https:\/\/anoticiaonline.com.br\/site\/jairzinho-furacao-marca-presenca-na-feijoada-solidaria-da-furacao-fogo-muriae\/#webpage"},"isPartOf":{"@id":"https:\/\/anoticiaonline.com.br\/site\/jairzinho-furacao-marca-presenca-na-feijoada-solidaria-da-furacao-fogo-muriae\/#webpage"},"articleSection":"Blog, Esporte, Eventos, Botafogo, Jairzinho \u201cFurac\u00e3o\u201d"},{"@type":"BreadcrumbList","@id":"https:\/\/anoticiaonline.com.br\/site\/jairzinho-furacao-marca-presenca-na-feijoada-solidaria-da-furacao-fogo-muriae\/#breadcrumblist","itemListElement":[{"@type":"ListItem","@id":"https:\/\/anoticiaonline.com.br\/site#listItem","position":1,"name":"Home","item":"https:\/\/anoticiaonline.com.br\/site","nextItem":{"@type":"ListItem","@id":"https:\/\/anoticiaonline.com.br\/site\/categoria\/eventos\/#listItem","name":"Eventos"}},{"@type":"ListItem","@id":"https:\/\/anoticiaonline.com.br\/site\/categoria\/eventos\/#listItem","position":2,"name":"Eventos","item":"https:\/\/anoticiaonline.com.br\/site\/categoria\/eventos\/","nextItem":{"@type":"ListItem","@id":"https:\/\/anoticiaonline.com.br\/site\/jairzinho-furacao-marca-presenca-na-feijoada-solidaria-da-furacao-fogo-muriae\/#listItem","name":"Jairzinho \u201cFurac\u00e3o\u201d marca presen\u00e7a na Feijoada Solid\u00e1ria da Furac\u00e3o Fogo Muria\u00e9"},"previousItem":{"@type":"ListItem","@id":"https:\/\/anoticiaonline.com.br\/site#listItem","name":"Home"}},{"@type":"ListItem","@id":"https:\/\/anoticiaonline.com.br\/site\/jairzinho-furacao-marca-presenca-na-feijoada-solidaria-da-furacao-fogo-muriae\/#listItem","position":3,"name":"Jairzinho \u201cFurac\u00e3o\u201d marca presen\u00e7a na Feijoada Solid\u00e1ria da Furac\u00e3o Fogo Muria\u00e9","previousItem":{"@type":"ListItem","@id":"https:\/\/anoticiaonline.com.br\/site\/categoria\/eventos\/#listItem","name":"Eventos"}}]},{"@type":"Organization","@id":"https:\/\/anoticiaonline.com.br\/site\/#organization","name":"A Not\u00edcia Online","description":"Noticias de Muria\u00e9 e regi\u00e3o","url":"https:\/\/anoticiaonline.com.br\/site\/","logo":{"@type":"ImageObject","url":"https:\/\/scontent-gig4-1.xx.fbcdn.net\/v\/t39.30808-1\/270437624_4564083193639691_6907940295614233970_n.jpg?stp=dst-jpg_s200x200_tt6&_nc_cat=111&ccb=1-7&_nc_sid=f907e8&_nc_ohc=SM1wRlP3lJwQ7kNvwEPuBYA&_nc_oc=AdnqrjDN_BNjSSHWO-GbkIWH6fkGMLw4bqvL_NH6e2wMveX7G-rP2dAqsDSq1mJMOaY&_nc_zt=24&_nc_ht=scontent-gig4-1.xx&_nc_gid=AoBFJeGrT1hVaew_6rchkQ&oh=00_AfX7QmFGhQhG2jAllVgXCiM1ZrWgvtp80-Bfppyexh1QEg&oe=689E923C","@id":"https:\/\/anoticiaonline.com.br\/site\/jairzinho-furacao-marca-presenca-na-feijoada-solidaria-da-furacao-fogo-muriae\/#organizationLogo"},"image":{"@id":"https:\/\/anoticiaonline.com.br\/site\/jairzinho-furacao-marca-presenca-na-feijoada-solidaria-da-furacao-fogo-muriae\/#organizationLogo"}},{"@type":"Person","@id":"https:\/\/anoticiaonline.com.br\/site\/author\/leandro\/#author","url":"https:\/\/anoticiaonline.com.br\/site\/author\/leandro\/","name":"Leandro Bebiano","image":{"@type":"ImageObject","@id":"https:\/\/anoticiaonline.com.br\/site\/jairzinho-furacao-marca-presenca-na-feijoada-solidaria-da-furacao-fogo-muriae\/#authorImage","url":"https:\/\/secure.gravatar.com\/avatar\/99966a20c143db97c8590c2013307c7c234a4cca48ed5657cbb47e22a400bd5f?s=96&d=mm&r=g","width":96,"height":96,"caption":"Leandro Bebiano"}},{"@type":"WebPage","@id":"https:\/\/anoticiaonline.com.br\/site\/jairzinho-furacao-marca-presenca-na-feijoada-solidaria-da-furacao-fogo-muriae\/#webpage","url":"https:\/\/anoticiaonline.com.br\/site\/jairzinho-furacao-marca-presenca-na-feijoada-solidaria-da-furacao-fogo-muriae\/","name":"Jairzinho \u201cFurac\u00e3o\u201d marca presen\u00e7a na Feijoada Solid\u00e1ria da Furac\u00e3o Fogo Muria\u00e9 - A Not\u00edcia Online","description":"Considerado um dos her\u00f3is da Copa de 1970, Jair Ventura Filho, o Jairzinho \u201cFurac\u00e3o\u201d, marcou presen\u00e7a na Feijoada Solid\u00e1ria da Furac\u00e3o Fogo Muria\u00e9, que aconteceu no Campo do Oper\u00e1rio, no s\u00e1bado (11), em prol do Lar Ozanam. Convidado especial e \u00eddolo do Botafogo, Jairzinho \u201cFurac\u00e3o\u201d atraiu a presen\u00e7a de diversos torcedores muriaeenses, que puderam tirar","inLanguage":"pt-BR","isPartOf":{"@id":"https:\/\/anoticiaonline.com.br\/site\/#website"},"breadcrumb":{"@id":"https:\/\/anoticiaonline.com.br\/site\/jairzinho-furacao-marca-presenca-na-feijoada-solidaria-da-furacao-fogo-muriae\/#breadcrumblist"},"author":{"@id":"https:\/\/anoticiaonline.com.br\/site\/author\/leandro\/#author"},"creator":{"@id":"https:\/\/anoticiaonline.com.br\/site\/author\/leandro\/#author"},"image":{"@type":"ImageObject","url":"https:\/\/anoticiaonline.com.br\/site\/wp-content\/uploads\/2018\/08\/DSC_0112.jpg","@id":"https:\/\/anoticiaonline.com.br\/site\/jairzinho-furacao-marca-presenca-na-feijoada-solidaria-da-furacao-fogo-muriae\/#mainImage","width":1000,"height":667},"primaryImageOfPage":{"@id":"https:\/\/anoticiaonline.com.br\/site\/jairzinho-furacao-marca-presenca-na-feijoada-solidaria-da-furacao-fogo-muriae\/#mainImage"},"datePublished":"2018-08-17T10:55:31-03:00","dateModified":"2018-08-17T10:55:31-03:00"},{"@type":"WebSite","@id":"https:\/\/anoticiaonline.com.br\/site\/#website","url":"https:\/\/anoticiaonline.com.br\/site\/","name":"A Not\u00edcia Online","description":"Noticias de Muria\u00e9 e regi\u00e3o","inLanguage":"pt-BR","publisher":{"@id":"https:\/\/anoticiaonline.com.br\/site\/#organization"}}]},"og:locale":"pt_BR","og:site_name":"A Not\u00edcia Online - Noticias de Muria\u00e9 e regi\u00e3o","og:type":"article","og:title":"Jairzinho \u201cFurac\u00e3o\u201d marca presen\u00e7a na Feijoada Solid\u00e1ria da Furac\u00e3o Fogo Muria\u00e9 - A Not\u00edcia Online","og:description":"Considerado um dos her\u00f3is da Copa de 1970, Jair Ventura Filho, o Jairzinho \u201cFurac\u00e3o\u201d, marcou presen\u00e7a na Feijoada Solid\u00e1ria da Furac\u00e3o Fogo Muria\u00e9, que aconteceu no Campo do Oper\u00e1rio, no s\u00e1bado (11), em prol do Lar Ozanam. Convidado especial e \u00eddolo do Botafogo, Jairzinho \u201cFurac\u00e3o\u201d atraiu a presen\u00e7a de diversos torcedores muriaeenses, que puderam tirar","og:url":"https:\/\/anoticiaonline.com.br\/site\/jairzinho-furacao-marca-presenca-na-feijoada-solidaria-da-furacao-fogo-muriae\/","og:image":"https:\/\/scontent-gig4-1.xx.fbcdn.net\/v\/t39.30808-1\/270437624_4564083193639691_6907940295614233970_n.jpg?stp=dst-jpg_s200x200_tt6&#038;_nc_cat=111&#038;ccb=1-7&#038;_nc_sid=f907e8&#038;_nc_ohc=SM1wRlP3lJwQ7kNvwEPuBYA&#038;_nc_oc=AdnqrjDN_BNjSSHWO-GbkIWH6fkGMLw4bqvL_NH6e2wMveX7G-rP2dAqsDSq1mJMOaY&#038;_nc_zt=24&#038;_nc_ht=scontent-gig4-1.xx&#038;_nc_gid=AoBFJeGrT1hVaew_6rchkQ&#038;oh=00_AfX7QmFGhQhG2jAllVgXCiM1ZrWgvtp80-Bfppyexh1QEg&#038;oe=689E923C","og:image:secure_url":"https:\/\/scontent-gig4-1.xx.fbcdn.net\/v\/t39.30808-1\/270437624_4564083193639691_6907940295614233970_n.jpg?stp=dst-jpg_s200x200_tt6&#038;_nc_cat=111&#038;ccb=1-7&#038;_nc_sid=f907e8&#038;_nc_ohc=SM1wRlP3lJwQ7kNvwEPuBYA&#038;_nc_oc=AdnqrjDN_BNjSSHWO-GbkIWH6fkGMLw4bqvL_NH6e2wMveX7G-rP2dAqsDSq1mJMOaY&#038;_nc_zt=24&#038;_nc_ht=scontent-gig4-1.xx&#038;_nc_gid=AoBFJeGrT1hVaew_6rchkQ&#038;oh=00_AfX7QmFGhQhG2jAllVgXCiM1ZrWgvtp80-Bfppyexh1QEg&#038;oe=689E923C","article:published_time":"2018-08-17T13:55:31+00:00","article:modified_time":"2018-08-17T13:55:31+00:00","twitter:card":"summary_large_image","twitter:title":"Jairzinho \u201cFurac\u00e3o\u201d marca presen\u00e7a na Feijoada Solid\u00e1ria da Furac\u00e3o Fogo Muria\u00e9 - A Not\u00edcia Online","twitter:description":"Considerado um dos her\u00f3is da Copa de 1970, Jair Ventura Filho, o Jairzinho \u201cFurac\u00e3o\u201d, marcou presen\u00e7a na Feijoada Solid\u00e1ria da Furac\u00e3o Fogo Muria\u00e9, que aconteceu no Campo do Oper\u00e1rio, no s\u00e1bado (11), em prol do Lar Ozanam. Convidado especial e \u00eddolo do Botafogo, Jairzinho \u201cFurac\u00e3o\u201d atraiu a presen\u00e7a de diversos torcedores muriaeenses, que puderam tirar","twitter:image":"https:\/\/scontent-gig4-1.xx.fbcdn.net\/v\/t39.30808-1\/270437624_4564083193639691_6907940295614233970_n.jpg?stp=dst-jpg_s200x200_tt6&_nc_cat=111&ccb=1-7&_nc_sid=f907e8&_nc_ohc=SM1wRlP3lJwQ7kNvwEPuBYA&_nc_oc=AdnqrjDN_BNjSSHWO-GbkIWH6fkGMLw4bqvL_NH6e2wMveX7G-rP2dAqsDSq1mJMOaY&_nc_zt=24&_nc_ht=scontent-gig4-1.xx&_nc_gid=AoBFJeGrT1hVaew_6rchkQ&oh=00_AfX7QmFGhQhG2jAllVgXCiM1ZrWgvtp80-Bfppyexh1QEg&oe=689E923C"},"aioseo_meta_data":{"post_id":"60057","title":null,"description":null,"keywords":null,"keyphrases":null,"primary_term":null,"canonical_url":null,"og_title":null,"og_description":null,"og_object_type":"default","og_image_type":"default","og_image_url":null,"og_image_width":null,"og_image_height":null,"og_image_custom_url":null,"og_image_custom_fields":null,"og_video":null,"og_custom_url":null,"og_article_section":null,"og_article_tags":null,"twitter_use_og":false,"twitter_card":"default","twitter_image_type":"default","twitter_image_url":null,"twitter_image_custom_url":null,"twitter_image_custom_fields":null,"twitter_title":null,"twitter_description":null,"schema":{"blockGraphs":[],"customGraphs":[],"default":{"data":{"Article":[],"Course":[],"Dataset":[],"FAQPage":[],"Movie":[],"Person":[],"Product":[],"ProductReview":[],"Car":[],"Recipe":[],"Service":[],"SoftwareApplication":[],"WebPage":[]},"graphName":"","isEnabled":true},"graphs":[]},"schema_type":"default","schema_type_options":null,"pillar_content":false,"robots_default":true,"robots_noindex":false,"robots_noarchive":false,"robots_nosnippet":false,"robots_nofollow":false,"robots_noimageindex":false,"robots_noodp":false,"robots_notranslate":false,"robots_max_snippet":null,"robots_max_videopreview":null,"robots_max_imagepreview":"large","priority":null,"frequency":null,"local_seo":null,"breadcrumb_settings":null,"limit_modified_date":false,"ai":null,"created":"2025-08-16 21:26:28","updated":"2025-08-16 21:26:28","focus_keyword":null,"additional_keywords":null,"truseo_locale":null,"seo_analyzer_scan_date":null},"aioseo_breadcrumb":"<div class=\"aioseo-breadcrumbs\"><span class=\"aioseo-breadcrumb\">\n\t\t\t<a href=\"https:\/\/anoticiaonline.com.br\/site\" title=\"Home\">Home<\/a>\n\t\t<\/span><span class=\"aioseo-breadcrumb-separator\">&raquo;<\/span><span class=\"aioseo-breadcrumb\">\n\t\t\t<a href=\"https:\/\/anoticiaonline.com.br\/site\/categoria\/eventos\/\" title=\"Eventos\">Eventos<\/a>\n\t\t<\/span><span class=\"aioseo-breadcrumb-separator\">&raquo;<\/span><span class=\"aioseo-breadcrumb\">\n\t\t\tJairzinho \u201cFurac\u00e3o\u201d marca presen\u00e7a na Feijoada Solid\u00e1ria da Furac\u00e3o Fogo Muria\u00e9\n\t\t<\/span><\/div>","aioseo_breadcrumb_json":[{"label":"Home","link":"https:\/\/anoticiaonline.com.br\/site"},{"label":"Eventos","link":"https:\/\/anoticiaonline.com.br\/site\/categoria\/eventos\/"},{"label":"Jairzinho \u201cFurac\u00e3o\u201d marca presen\u00e7a na Feijoada Solid\u00e1ria da Furac\u00e3o Fogo Muria\u00e9","link":"https:\/\/anoticiaonline.com.br\/site\/jairzinho-furacao-marca-presenca-na-feijoada-solidaria-da-furacao-fogo-muriae\/"}],"views":190,"_links":{"self":[{"href":"https:\/\/anoticiaonline.com.br\/site\/wp-json\/wp\/v2\/posts\/60057","targetHints":{"allow":["GET"]}}],"collection":[{"href":"https:\/\/anoticiaonline.com.br\/site\/wp-json\/wp\/v2\/posts"}],"about":[{"href":"https:\/\/anoticiaonline.com.br\/site\/wp-json\/wp\/v2\/types\/post"}],"author":[{"embeddable":true,"href":"https:\/\/anoticiaonline.com.br\/site\/wp-json\/wp\/v2\/users\/7"}],"replies":[{"embeddable":true,"href":"https:\/\/anoticiaonline.com.br\/site\/wp-json\/wp\/v2\/comments?post=60057"}],"version-history":[{"count":0,"href":"https:\/\/anoticiaonline.com.br\/site\/wp-json\/wp\/v2\/posts\/60057\/revisions"}],"wp:featuredmedia":[{"embeddable":true,"href":"https:\/\/anoticiaonline.com.br\/site\/wp-json\/wp\/v2\/media\/60058"}],"wp:attachment":[{"href":"https:\/\/anoticiaonline.com.br\/site\/wp-json\/wp\/v2\/media?parent=60057"}],"wp:term":[{"taxonomy":"category","embeddable":true,"href":"https:\/\/anoticiaonline.com.br\/site\/wp-json\/wp\/v2\/categories?post=60057"},{"taxonomy":"post_tag","embeddable":true,"href":"https:\/\/anoticiaonline.com.br\/site\/wp-json\/wp\/v2\/tags?post=60057"}],"curies":[{"name":"wp","href":"https:\/\/api.w.org\/{rel}","templated":true}]}}