{"id":6002,"date":"2015-11-11T07:57:21","date_gmt":"2015-11-11T10:57:21","guid":{"rendered":"http:\/\/anoticiaonline.com.br\/site\/?p=6002"},"modified":"2015-11-11T08:25:19","modified_gmt":"2015-11-11T11:25:19","slug":"escola-candido-portinari-e-reformada-e-ganha-novos-ambientes","status":"publish","type":"post","link":"https:\/\/anoticiaonline.com.br\/site\/escola-candido-portinari-e-reformada-e-ganha-novos-ambientes\/","title":{"rendered":"Escola C\u00e2ndido Portinari \u00e9 reformada e ganha novos ambientes"},"content":{"rendered":"<p><a href=\"https:\/\/anoticiaonline.com.br\/site\/wp-content\/uploads\/2015\/11\/01.jpg\"><img fetchpriority=\"high\" decoding=\"async\" class=\" size-medium wp-image-6003 alignleft\" src=\"https:\/\/anoticiaonline.com.br\/site\/wp-content\/uploads\/2015\/11\/01-300x200.jpg\" alt=\"01\" width=\"300\" height=\"200\" srcset=\"https:\/\/anoticiaonline.com.br\/site\/wp-content\/uploads\/2015\/11\/01-300x200.jpg 300w, https:\/\/anoticiaonline.com.br\/site\/wp-content\/uploads\/2015\/11\/01.jpg 640w\" sizes=\"(max-width: 300px) 100vw, 300px\" \/><\/a>A Escola Municipal C\u00e2ndido Portinari, localizada no bairro S\u00e3o Joaquim, foi completamente reformada e ganhou novos ambientes. A inaugura\u00e7\u00e3o das obras de amplia\u00e7\u00e3o foi feita na noite de ter\u00e7a-feira (10), pelo prefeito Aloysio Aquino.<\/p>\n<p>Com as obras, a escola ganhou dois novos banheiros para utiliza\u00e7\u00e3o dos estudantes, uma sala para a diretoria e um novo espa\u00e7o para funcionamento da secretaria escolar. &#8220;A antiga secretaria era pequena e agora foi transformada em sala de xerox&#8221;, informa a diretora da institui\u00e7\u00e3o, Adriana de Freitas Gomes. &#8220;O ambiente rec\u00e9m-constru\u00eddo \u00e9 amplo e adequado para trabalharmos, al\u00e9m de podermos contar tamb\u00e9m com a sala de dire\u00e7\u00e3o, que at\u00e9 ent\u00e3o n\u00e3o existia&#8221;, completa.<\/p>\n<p>Em seu pronunciamento, o prefeito salientou o momento de crise pelo qual o pa\u00eds est\u00e1 passando, ressaltando que os repasses de verbas feitos pelo Governo Federal e pelo Governo de Minas est\u00e3o cada vez mais escassos. &#8220;N\u00e3o podemos nos acomodar diante desta situa\u00e7\u00e3o. O dinheiro p\u00fablico precisa ser sempre bem empregado, ent\u00e3o \u00e9 extremamente necess\u00e1rio que tenhamos criatividade e dinamismo para buscar solu\u00e7\u00f5es e continuar realizando a\u00e7\u00f5es em prol da popula\u00e7\u00e3o&#8221;, destaca.<\/p>\n<p>Desde 2013, os bairros S\u00e3o Joaquim e Joan\u00f3polis j\u00e1 receberam diversas outras obras e a\u00e7\u00f5es, como a constru\u00e7\u00e3o da Academia de Sa\u00fade (em andamento), o asfaltamento de seis ruas, a amplia\u00e7\u00e3o da Creche Maria do Carmo, a instala\u00e7\u00e3o do n\u00facleo de atendimento do CRAS, a reforma da quadra poliesportiva, a constru\u00e7\u00e3o do gin\u00e1sio coberto, a amplia\u00e7\u00e3o do posto de sa\u00fade e a cria\u00e7\u00e3o da unidade do Pr\u00f3-Crian\u00e7a, al\u00e9m da expans\u00e3o do programa Cesta Cheia para as duas comunidades. Segundo o prefeito, em breve dever\u00e1 haver ainda a abertura de uma Farm\u00e1cia de Minas, com o objetivo de promover a distribui\u00e7\u00e3o gratuita de medicamentos oferecidos pelo SUS.<\/p>\n<p>Al\u00e9m do prefeito Aloysio Aquino, a solenidade teve ainda a participa\u00e7\u00e3o da secret\u00e1ria municipal de Educa\u00e7\u00e3o, Cristina Navarro, e da secret\u00e1ria adjunta, Eliana Schuenck, respons\u00e1vel pela gest\u00e3o or\u00e7ament\u00e1ria e financeira da pasta. A diretora Adriana de Freitas Gomes e a vice, Adriana de Paula Andrade, completaram a mesa de autoridades durante a cerim\u00f4nia. No encerramento, houve apresenta\u00e7\u00e3o musical do coral formado por alunos da institui\u00e7\u00e3o, sob a coordena\u00e7\u00e3o da professora Jane Correa.<\/p>\n<p><img decoding=\"async\" class=\"ngg_displayed_gallery mceItem\" src=\"https:\/\/anoticiaonline.com.br\/site\/nextgen-attach_to_post\/preview\/id--6030\" alt=\"\" \/><\/p>\n","protected":false},"excerpt":{"rendered":"<p>A Escola Municipal C\u00e2ndido Portinari, localizada no bairro S\u00e3o Joaquim, foi completamente reformada e ganhou novos ambientes. A inaugura\u00e7\u00e3o das obras de amplia\u00e7\u00e3o foi feita na noite de ter\u00e7a-feira (10), pelo prefeito Aloysio Aquino. Com as obras, a escola ganhou dois novos banheiros para utiliza\u00e7\u00e3o dos estudantes, uma sala para a diretoria e um novo &#8230; <a title=\"Escola C\u00e2ndido Portinari \u00e9 reformada e ganha novos ambientes\" class=\"read-more\" href=\"https:\/\/anoticiaonline.com.br\/site\/escola-candido-portinari-e-reformada-e-ganha-novos-ambientes\/\" aria-label=\"Read more about Escola C\u00e2ndido Portinari \u00e9 reformada e ganha novos ambientes\">Ler mais<\/a><\/p>\n","protected":false},"author":2,"featured_media":6003,"comment_status":"open","ping_status":"open","sticky":false,"template":"","format":"standard","meta":{"_acf_changed":false,"_monsterinsights_skip_tracking":false,"footnotes":""},"categories":[30],"tags":[3],"class_list":["post-6002","post","type-post","status-publish","format-standard","has-post-thumbnail","hentry","category-muriae","tag-slide"],"acf":[],"aioseo_notices":[],"aioseo_head":"\n\t\t<!-- All in One SEO 5.0.0.1 - aioseo.com -->\n\t<meta name=\"description\" content=\"A Escola Municipal C\u00e2ndido Portinari, localizada no bairro S\u00e3o Joaquim, foi completamente reformada e ganhou novos ambientes. A inaugura\u00e7\u00e3o das obras de amplia\u00e7\u00e3o foi feita na noite de ter\u00e7a-feira (10), pelo prefeito Aloysio Aquino. Com as obras, a escola ganhou dois novos banheiros para utiliza\u00e7\u00e3o dos estudantes, uma sala para a diretoria e um novo\" \/>\n\t<meta name=\"robots\" content=\"max-image-preview:large\" \/>\n\t<meta name=\"author\" content=\"Juliana Laviola\"\/>\n\t<link rel=\"canonical\" href=\"https:\/\/anoticiaonline.com.br\/site\/escola-candido-portinari-e-reformada-e-ganha-novos-ambientes\/\" \/>\n\t<meta name=\"generator\" content=\"All in One SEO (AIOSEO) 5.0.0.1\" \/>\n\t\t<meta property=\"og:locale\" content=\"pt_BR\" \/>\n\t\t<meta property=\"og:site_name\" content=\"A Not\u00edcia Online - Noticias de Muria\u00e9 e regi\u00e3o\" \/>\n\t\t<meta property=\"og:type\" content=\"article\" \/>\n\t\t<meta property=\"og:title\" content=\"Escola C\u00e2ndido Portinari \u00e9 reformada e ganha novos ambientes - A Not\u00edcia Online\" \/>\n\t\t<meta property=\"og:description\" content=\"A Escola Municipal C\u00e2ndido Portinari, localizada no bairro S\u00e3o Joaquim, foi completamente reformada e ganhou novos ambientes. A inaugura\u00e7\u00e3o das obras de amplia\u00e7\u00e3o foi feita na noite de ter\u00e7a-feira (10), pelo prefeito Aloysio Aquino. Com as obras, a escola ganhou dois novos banheiros para utiliza\u00e7\u00e3o dos estudantes, uma sala para a diretoria e um novo\" \/>\n\t\t<meta property=\"og:url\" content=\"https:\/\/anoticiaonline.com.br\/site\/escola-candido-portinari-e-reformada-e-ganha-novos-ambientes\/\" \/>\n\t\t<meta property=\"og:image\" content=\"https:\/\/scontent-gig4-1.xx.fbcdn.net\/v\/t39.30808-1\/270437624_4564083193639691_6907940295614233970_n.jpg?stp=dst-jpg_s200x200_tt6&#038;_nc_cat=111&#038;ccb=1-7&#038;_nc_sid=f907e8&#038;_nc_ohc=SM1wRlP3lJwQ7kNvwEPuBYA&#038;_nc_oc=AdnqrjDN_BNjSSHWO-GbkIWH6fkGMLw4bqvL_NH6e2wMveX7G-rP2dAqsDSq1mJMOaY&#038;_nc_zt=24&#038;_nc_ht=scontent-gig4-1.xx&#038;_nc_gid=AoBFJeGrT1hVaew_6rchkQ&#038;oh=00_AfX7QmFGhQhG2jAllVgXCiM1ZrWgvtp80-Bfppyexh1QEg&#038;oe=689E923C\" \/>\n\t\t<meta property=\"og:image:secure_url\" content=\"https:\/\/scontent-gig4-1.xx.fbcdn.net\/v\/t39.30808-1\/270437624_4564083193639691_6907940295614233970_n.jpg?stp=dst-jpg_s200x200_tt6&#038;_nc_cat=111&#038;ccb=1-7&#038;_nc_sid=f907e8&#038;_nc_ohc=SM1wRlP3lJwQ7kNvwEPuBYA&#038;_nc_oc=AdnqrjDN_BNjSSHWO-GbkIWH6fkGMLw4bqvL_NH6e2wMveX7G-rP2dAqsDSq1mJMOaY&#038;_nc_zt=24&#038;_nc_ht=scontent-gig4-1.xx&#038;_nc_gid=AoBFJeGrT1hVaew_6rchkQ&#038;oh=00_AfX7QmFGhQhG2jAllVgXCiM1ZrWgvtp80-Bfppyexh1QEg&#038;oe=689E923C\" \/>\n\t\t<meta property=\"article:published_time\" content=\"2015-11-11T10:57:21+00:00\" \/>\n\t\t<meta property=\"article:modified_time\" content=\"2015-11-11T11:25:19+00:00\" \/>\n\t\t<meta name=\"twitter:card\" content=\"summary_large_image\" \/>\n\t\t<meta name=\"twitter:title\" content=\"Escola C\u00e2ndido Portinari \u00e9 reformada e ganha novos ambientes - A Not\u00edcia Online\" \/>\n\t\t<meta name=\"twitter:description\" content=\"A Escola Municipal C\u00e2ndido Portinari, localizada no bairro S\u00e3o Joaquim, foi completamente reformada e ganhou novos ambientes. A inaugura\u00e7\u00e3o das obras de amplia\u00e7\u00e3o foi feita na noite de ter\u00e7a-feira (10), pelo prefeito Aloysio Aquino. Com as obras, a escola ganhou dois novos banheiros para utiliza\u00e7\u00e3o dos estudantes, uma sala para a diretoria e um novo\" \/>\n\t\t<meta name=\"twitter:image\" content=\"https:\/\/scontent-gig4-1.xx.fbcdn.net\/v\/t39.30808-1\/270437624_4564083193639691_6907940295614233970_n.jpg?stp=dst-jpg_s200x200_tt6&amp;_nc_cat=111&amp;ccb=1-7&amp;_nc_sid=f907e8&amp;_nc_ohc=SM1wRlP3lJwQ7kNvwEPuBYA&amp;_nc_oc=AdnqrjDN_BNjSSHWO-GbkIWH6fkGMLw4bqvL_NH6e2wMveX7G-rP2dAqsDSq1mJMOaY&amp;_nc_zt=24&amp;_nc_ht=scontent-gig4-1.xx&amp;_nc_gid=AoBFJeGrT1hVaew_6rchkQ&amp;oh=00_AfX7QmFGhQhG2jAllVgXCiM1ZrWgvtp80-Bfppyexh1QEg&amp;oe=689E923C\" \/>\n\t\t<script type=\"application\/ld+json\" class=\"aioseo-schema\">\n\t\t\t{\"@context\":\"https:\\\/\\\/schema.org\",\"@graph\":[{\"@type\":\"BlogPosting\",\"@id\":\"https:\\\/\\\/anoticiaonline.com.br\\\/site\\\/escola-candido-portinari-e-reformada-e-ganha-novos-ambientes\\\/#blogposting\",\"name\":\"Escola C\\u00e2ndido Portinari \\u00e9 reformada e ganha novos ambientes - A Not\\u00edcia Online\",\"headline\":\"Escola C\\u00e2ndido Portinari \\u00e9 reformada e ganha novos ambientes\",\"author\":{\"@id\":\"https:\\\/\\\/anoticiaonline.com.br\\\/site\\\/author\\\/juliana\\\/#author\"},\"publisher\":{\"@id\":\"https:\\\/\\\/anoticiaonline.com.br\\\/site\\\/#organization\"},\"image\":{\"@type\":\"ImageObject\",\"url\":\"https:\\\/\\\/anoticiaonline.com.br\\\/site\\\/wp-content\\\/uploads\\\/2015\\\/11\\\/01.jpg\",\"width\":640,\"height\":427},\"datePublished\":\"2015-11-11T07:57:21-03:00\",\"dateModified\":\"2015-11-11T08:25:19-03:00\",\"inLanguage\":\"pt-BR\",\"mainEntityOfPage\":{\"@id\":\"https:\\\/\\\/anoticiaonline.com.br\\\/site\\\/escola-candido-portinari-e-reformada-e-ganha-novos-ambientes\\\/#webpage\"},\"isPartOf\":{\"@id\":\"https:\\\/\\\/anoticiaonline.com.br\\\/site\\\/escola-candido-portinari-e-reformada-e-ganha-novos-ambientes\\\/#webpage\"},\"articleSection\":\"Blog, slide\"},{\"@type\":\"BreadcrumbList\",\"@id\":\"https:\\\/\\\/anoticiaonline.com.br\\\/site\\\/escola-candido-portinari-e-reformada-e-ganha-novos-ambientes\\\/#breadcrumblist\",\"itemListElement\":[{\"@type\":\"ListItem\",\"@id\":\"https:\\\/\\\/anoticiaonline.com.br\\\/site#listItem\",\"position\":1,\"name\":\"Home\",\"item\":\"https:\\\/\\\/anoticiaonline.com.br\\\/site\",\"nextItem\":{\"@type\":\"ListItem\",\"@id\":\"https:\\\/\\\/anoticiaonline.com.br\\\/site\\\/categoria\\\/muriae\\\/#listItem\",\"name\":\"Blog\"}},{\"@type\":\"ListItem\",\"@id\":\"https:\\\/\\\/anoticiaonline.com.br\\\/site\\\/categoria\\\/muriae\\\/#listItem\",\"position\":2,\"name\":\"Blog\",\"item\":\"https:\\\/\\\/anoticiaonline.com.br\\\/site\\\/categoria\\\/muriae\\\/\",\"nextItem\":{\"@type\":\"ListItem\",\"@id\":\"https:\\\/\\\/anoticiaonline.com.br\\\/site\\\/escola-candido-portinari-e-reformada-e-ganha-novos-ambientes\\\/#listItem\",\"name\":\"Escola C\\u00e2ndido Portinari \\u00e9 reformada e ganha novos ambientes\"},\"previousItem\":{\"@type\":\"ListItem\",\"@id\":\"https:\\\/\\\/anoticiaonline.com.br\\\/site#listItem\",\"name\":\"Home\"}},{\"@type\":\"ListItem\",\"@id\":\"https:\\\/\\\/anoticiaonline.com.br\\\/site\\\/escola-candido-portinari-e-reformada-e-ganha-novos-ambientes\\\/#listItem\",\"position\":3,\"name\":\"Escola C\\u00e2ndido Portinari \\u00e9 reformada e ganha novos ambientes\",\"previousItem\":{\"@type\":\"ListItem\",\"@id\":\"https:\\\/\\\/anoticiaonline.com.br\\\/site\\\/categoria\\\/muriae\\\/#listItem\",\"name\":\"Blog\"}}]},{\"@type\":\"Organization\",\"@id\":\"https:\\\/\\\/anoticiaonline.com.br\\\/site\\\/#organization\",\"name\":\"A Not\\u00edcia Online\",\"description\":\"Noticias de Muria\\u00e9 e regi\\u00e3o\",\"url\":\"https:\\\/\\\/anoticiaonline.com.br\\\/site\\\/\",\"logo\":{\"@type\":\"ImageObject\",\"url\":\"https:\\\/\\\/scontent-gig4-1.xx.fbcdn.net\\\/v\\\/t39.30808-1\\\/270437624_4564083193639691_6907940295614233970_n.jpg?stp=dst-jpg_s200x200_tt6&_nc_cat=111&ccb=1-7&_nc_sid=f907e8&_nc_ohc=SM1wRlP3lJwQ7kNvwEPuBYA&_nc_oc=AdnqrjDN_BNjSSHWO-GbkIWH6fkGMLw4bqvL_NH6e2wMveX7G-rP2dAqsDSq1mJMOaY&_nc_zt=24&_nc_ht=scontent-gig4-1.xx&_nc_gid=AoBFJeGrT1hVaew_6rchkQ&oh=00_AfX7QmFGhQhG2jAllVgXCiM1ZrWgvtp80-Bfppyexh1QEg&oe=689E923C\",\"@id\":\"https:\\\/\\\/anoticiaonline.com.br\\\/site\\\/escola-candido-portinari-e-reformada-e-ganha-novos-ambientes\\\/#organizationLogo\"},\"image\":{\"@id\":\"https:\\\/\\\/anoticiaonline.com.br\\\/site\\\/escola-candido-portinari-e-reformada-e-ganha-novos-ambientes\\\/#organizationLogo\"}},{\"@type\":\"Person\",\"@id\":\"https:\\\/\\\/anoticiaonline.com.br\\\/site\\\/author\\\/juliana\\\/#author\",\"url\":\"https:\\\/\\\/anoticiaonline.com.br\\\/site\\\/author\\\/juliana\\\/\",\"name\":\"Juliana Laviola\",\"image\":{\"@type\":\"ImageObject\",\"@id\":\"https:\\\/\\\/anoticiaonline.com.br\\\/site\\\/escola-candido-portinari-e-reformada-e-ganha-novos-ambientes\\\/#authorImage\",\"url\":\"https:\\\/\\\/secure.gravatar.com\\\/avatar\\\/b8d45f5c699b100dfaf0e543582f38f38bf94cb7ae3a5e9abf8d891a34773335?s=96&d=mm&r=g\",\"width\":96,\"height\":96,\"caption\":\"Juliana Laviola\"}},{\"@type\":\"WebPage\",\"@id\":\"https:\\\/\\\/anoticiaonline.com.br\\\/site\\\/escola-candido-portinari-e-reformada-e-ganha-novos-ambientes\\\/#webpage\",\"url\":\"https:\\\/\\\/anoticiaonline.com.br\\\/site\\\/escola-candido-portinari-e-reformada-e-ganha-novos-ambientes\\\/\",\"name\":\"Escola C\\u00e2ndido Portinari \\u00e9 reformada e ganha novos ambientes - A Not\\u00edcia Online\",\"description\":\"A Escola Municipal C\\u00e2ndido Portinari, localizada no bairro S\\u00e3o Joaquim, foi completamente reformada e ganhou novos ambientes. A inaugura\\u00e7\\u00e3o das obras de amplia\\u00e7\\u00e3o foi feita na noite de ter\\u00e7a-feira (10), pelo prefeito Aloysio Aquino. Com as obras, a escola ganhou dois novos banheiros para utiliza\\u00e7\\u00e3o dos estudantes, uma sala para a diretoria e um novo\",\"inLanguage\":\"pt-BR\",\"isPartOf\":{\"@id\":\"https:\\\/\\\/anoticiaonline.com.br\\\/site\\\/#website\"},\"breadcrumb\":{\"@id\":\"https:\\\/\\\/anoticiaonline.com.br\\\/site\\\/escola-candido-portinari-e-reformada-e-ganha-novos-ambientes\\\/#breadcrumblist\"},\"author\":{\"@id\":\"https:\\\/\\\/anoticiaonline.com.br\\\/site\\\/author\\\/juliana\\\/#author\"},\"creator\":{\"@id\":\"https:\\\/\\\/anoticiaonline.com.br\\\/site\\\/author\\\/juliana\\\/#author\"},\"image\":{\"@type\":\"ImageObject\",\"url\":\"https:\\\/\\\/anoticiaonline.com.br\\\/site\\\/wp-content\\\/uploads\\\/2015\\\/11\\\/01.jpg\",\"@id\":\"https:\\\/\\\/anoticiaonline.com.br\\\/site\\\/escola-candido-portinari-e-reformada-e-ganha-novos-ambientes\\\/#mainImage\",\"width\":640,\"height\":427},\"primaryImageOfPage\":{\"@id\":\"https:\\\/\\\/anoticiaonline.com.br\\\/site\\\/escola-candido-portinari-e-reformada-e-ganha-novos-ambientes\\\/#mainImage\"},\"datePublished\":\"2015-11-11T07:57:21-03:00\",\"dateModified\":\"2015-11-11T08:25:19-03:00\"},{\"@type\":\"WebSite\",\"@id\":\"https:\\\/\\\/anoticiaonline.com.br\\\/site\\\/#website\",\"url\":\"https:\\\/\\\/anoticiaonline.com.br\\\/site\\\/\",\"name\":\"A Not\\u00edcia Online\",\"description\":\"Noticias de Muria\\u00e9 e regi\\u00e3o\",\"inLanguage\":\"pt-BR\",\"publisher\":{\"@id\":\"https:\\\/\\\/anoticiaonline.com.br\\\/site\\\/#organization\"}}]}\n\t\t<\/script>\n\t\t<!-- All in One SEO -->\n\n","aioseo_head_json":{"title":"Escola C\u00e2ndido Portinari \u00e9 reformada e ganha novos ambientes - A Not\u00edcia Online","description":"A Escola Municipal C\u00e2ndido Portinari, localizada no bairro S\u00e3o Joaquim, foi completamente reformada e ganhou novos ambientes. A inaugura\u00e7\u00e3o das obras de amplia\u00e7\u00e3o foi feita na noite de ter\u00e7a-feira (10), pelo prefeito Aloysio Aquino. Com as obras, a escola ganhou dois novos banheiros para utiliza\u00e7\u00e3o dos estudantes, uma sala para a diretoria e um novo","canonical_url":"https:\/\/anoticiaonline.com.br\/site\/escola-candido-portinari-e-reformada-e-ganha-novos-ambientes\/","robots":"max-image-preview:large","keywords":"","webmasterTools":{"miscellaneous":""},"schema":{"@context":"https:\/\/schema.org","@graph":[{"@type":"BlogPosting","@id":"https:\/\/anoticiaonline.com.br\/site\/escola-candido-portinari-e-reformada-e-ganha-novos-ambientes\/#blogposting","name":"Escola C\u00e2ndido Portinari \u00e9 reformada e ganha novos ambientes - A Not\u00edcia Online","headline":"Escola C\u00e2ndido Portinari \u00e9 reformada e ganha novos ambientes","author":{"@id":"https:\/\/anoticiaonline.com.br\/site\/author\/juliana\/#author"},"publisher":{"@id":"https:\/\/anoticiaonline.com.br\/site\/#organization"},"image":{"@type":"ImageObject","url":"https:\/\/anoticiaonline.com.br\/site\/wp-content\/uploads\/2015\/11\/01.jpg","width":640,"height":427},"datePublished":"2015-11-11T07:57:21-03:00","dateModified":"2015-11-11T08:25:19-03:00","inLanguage":"pt-BR","mainEntityOfPage":{"@id":"https:\/\/anoticiaonline.com.br\/site\/escola-candido-portinari-e-reformada-e-ganha-novos-ambientes\/#webpage"},"isPartOf":{"@id":"https:\/\/anoticiaonline.com.br\/site\/escola-candido-portinari-e-reformada-e-ganha-novos-ambientes\/#webpage"},"articleSection":"Blog, slide"},{"@type":"BreadcrumbList","@id":"https:\/\/anoticiaonline.com.br\/site\/escola-candido-portinari-e-reformada-e-ganha-novos-ambientes\/#breadcrumblist","itemListElement":[{"@type":"ListItem","@id":"https:\/\/anoticiaonline.com.br\/site#listItem","position":1,"name":"Home","item":"https:\/\/anoticiaonline.com.br\/site","nextItem":{"@type":"ListItem","@id":"https:\/\/anoticiaonline.com.br\/site\/categoria\/muriae\/#listItem","name":"Blog"}},{"@type":"ListItem","@id":"https:\/\/anoticiaonline.com.br\/site\/categoria\/muriae\/#listItem","position":2,"name":"Blog","item":"https:\/\/anoticiaonline.com.br\/site\/categoria\/muriae\/","nextItem":{"@type":"ListItem","@id":"https:\/\/anoticiaonline.com.br\/site\/escola-candido-portinari-e-reformada-e-ganha-novos-ambientes\/#listItem","name":"Escola C\u00e2ndido Portinari \u00e9 reformada e ganha novos ambientes"},"previousItem":{"@type":"ListItem","@id":"https:\/\/anoticiaonline.com.br\/site#listItem","name":"Home"}},{"@type":"ListItem","@id":"https:\/\/anoticiaonline.com.br\/site\/escola-candido-portinari-e-reformada-e-ganha-novos-ambientes\/#listItem","position":3,"name":"Escola C\u00e2ndido Portinari \u00e9 reformada e ganha novos ambientes","previousItem":{"@type":"ListItem","@id":"https:\/\/anoticiaonline.com.br\/site\/categoria\/muriae\/#listItem","name":"Blog"}}]},{"@type":"Organization","@id":"https:\/\/anoticiaonline.com.br\/site\/#organization","name":"A Not\u00edcia Online","description":"Noticias de Muria\u00e9 e regi\u00e3o","url":"https:\/\/anoticiaonline.com.br\/site\/","logo":{"@type":"ImageObject","url":"https:\/\/scontent-gig4-1.xx.fbcdn.net\/v\/t39.30808-1\/270437624_4564083193639691_6907940295614233970_n.jpg?stp=dst-jpg_s200x200_tt6&_nc_cat=111&ccb=1-7&_nc_sid=f907e8&_nc_ohc=SM1wRlP3lJwQ7kNvwEPuBYA&_nc_oc=AdnqrjDN_BNjSSHWO-GbkIWH6fkGMLw4bqvL_NH6e2wMveX7G-rP2dAqsDSq1mJMOaY&_nc_zt=24&_nc_ht=scontent-gig4-1.xx&_nc_gid=AoBFJeGrT1hVaew_6rchkQ&oh=00_AfX7QmFGhQhG2jAllVgXCiM1ZrWgvtp80-Bfppyexh1QEg&oe=689E923C","@id":"https:\/\/anoticiaonline.com.br\/site\/escola-candido-portinari-e-reformada-e-ganha-novos-ambientes\/#organizationLogo"},"image":{"@id":"https:\/\/anoticiaonline.com.br\/site\/escola-candido-portinari-e-reformada-e-ganha-novos-ambientes\/#organizationLogo"}},{"@type":"Person","@id":"https:\/\/anoticiaonline.com.br\/site\/author\/juliana\/#author","url":"https:\/\/anoticiaonline.com.br\/site\/author\/juliana\/","name":"Juliana Laviola","image":{"@type":"ImageObject","@id":"https:\/\/anoticiaonline.com.br\/site\/escola-candido-portinari-e-reformada-e-ganha-novos-ambientes\/#authorImage","url":"https:\/\/secure.gravatar.com\/avatar\/b8d45f5c699b100dfaf0e543582f38f38bf94cb7ae3a5e9abf8d891a34773335?s=96&d=mm&r=g","width":96,"height":96,"caption":"Juliana Laviola"}},{"@type":"WebPage","@id":"https:\/\/anoticiaonline.com.br\/site\/escola-candido-portinari-e-reformada-e-ganha-novos-ambientes\/#webpage","url":"https:\/\/anoticiaonline.com.br\/site\/escola-candido-portinari-e-reformada-e-ganha-novos-ambientes\/","name":"Escola C\u00e2ndido Portinari \u00e9 reformada e ganha novos ambientes - A Not\u00edcia Online","description":"A Escola Municipal C\u00e2ndido Portinari, localizada no bairro S\u00e3o Joaquim, foi completamente reformada e ganhou novos ambientes. A inaugura\u00e7\u00e3o das obras de amplia\u00e7\u00e3o foi feita na noite de ter\u00e7a-feira (10), pelo prefeito Aloysio Aquino. Com as obras, a escola ganhou dois novos banheiros para utiliza\u00e7\u00e3o dos estudantes, uma sala para a diretoria e um novo","inLanguage":"pt-BR","isPartOf":{"@id":"https:\/\/anoticiaonline.com.br\/site\/#website"},"breadcrumb":{"@id":"https:\/\/anoticiaonline.com.br\/site\/escola-candido-portinari-e-reformada-e-ganha-novos-ambientes\/#breadcrumblist"},"author":{"@id":"https:\/\/anoticiaonline.com.br\/site\/author\/juliana\/#author"},"creator":{"@id":"https:\/\/anoticiaonline.com.br\/site\/author\/juliana\/#author"},"image":{"@type":"ImageObject","url":"https:\/\/anoticiaonline.com.br\/site\/wp-content\/uploads\/2015\/11\/01.jpg","@id":"https:\/\/anoticiaonline.com.br\/site\/escola-candido-portinari-e-reformada-e-ganha-novos-ambientes\/#mainImage","width":640,"height":427},"primaryImageOfPage":{"@id":"https:\/\/anoticiaonline.com.br\/site\/escola-candido-portinari-e-reformada-e-ganha-novos-ambientes\/#mainImage"},"datePublished":"2015-11-11T07:57:21-03:00","dateModified":"2015-11-11T08:25:19-03:00"},{"@type":"WebSite","@id":"https:\/\/anoticiaonline.com.br\/site\/#website","url":"https:\/\/anoticiaonline.com.br\/site\/","name":"A Not\u00edcia Online","description":"Noticias de Muria\u00e9 e regi\u00e3o","inLanguage":"pt-BR","publisher":{"@id":"https:\/\/anoticiaonline.com.br\/site\/#organization"}}]},"og:locale":"pt_BR","og:site_name":"A Not\u00edcia Online - Noticias de Muria\u00e9 e regi\u00e3o","og:type":"article","og:title":"Escola C\u00e2ndido Portinari \u00e9 reformada e ganha novos ambientes - A Not\u00edcia Online","og:description":"A Escola Municipal C\u00e2ndido Portinari, localizada no bairro S\u00e3o Joaquim, foi completamente reformada e ganhou novos ambientes. A inaugura\u00e7\u00e3o das obras de amplia\u00e7\u00e3o foi feita na noite de ter\u00e7a-feira (10), pelo prefeito Aloysio Aquino. Com as obras, a escola ganhou dois novos banheiros para utiliza\u00e7\u00e3o dos estudantes, uma sala para a diretoria e um novo","og:url":"https:\/\/anoticiaonline.com.br\/site\/escola-candido-portinari-e-reformada-e-ganha-novos-ambientes\/","og:image":"https:\/\/scontent-gig4-1.xx.fbcdn.net\/v\/t39.30808-1\/270437624_4564083193639691_6907940295614233970_n.jpg?stp=dst-jpg_s200x200_tt6&#038;_nc_cat=111&#038;ccb=1-7&#038;_nc_sid=f907e8&#038;_nc_ohc=SM1wRlP3lJwQ7kNvwEPuBYA&#038;_nc_oc=AdnqrjDN_BNjSSHWO-GbkIWH6fkGMLw4bqvL_NH6e2wMveX7G-rP2dAqsDSq1mJMOaY&#038;_nc_zt=24&#038;_nc_ht=scontent-gig4-1.xx&#038;_nc_gid=AoBFJeGrT1hVaew_6rchkQ&#038;oh=00_AfX7QmFGhQhG2jAllVgXCiM1ZrWgvtp80-Bfppyexh1QEg&#038;oe=689E923C","og:image:secure_url":"https:\/\/scontent-gig4-1.xx.fbcdn.net\/v\/t39.30808-1\/270437624_4564083193639691_6907940295614233970_n.jpg?stp=dst-jpg_s200x200_tt6&#038;_nc_cat=111&#038;ccb=1-7&#038;_nc_sid=f907e8&#038;_nc_ohc=SM1wRlP3lJwQ7kNvwEPuBYA&#038;_nc_oc=AdnqrjDN_BNjSSHWO-GbkIWH6fkGMLw4bqvL_NH6e2wMveX7G-rP2dAqsDSq1mJMOaY&#038;_nc_zt=24&#038;_nc_ht=scontent-gig4-1.xx&#038;_nc_gid=AoBFJeGrT1hVaew_6rchkQ&#038;oh=00_AfX7QmFGhQhG2jAllVgXCiM1ZrWgvtp80-Bfppyexh1QEg&#038;oe=689E923C","article:published_time":"2015-11-11T10:57:21+00:00","article:modified_time":"2015-11-11T11:25:19+00:00","twitter:card":"summary_large_image","twitter:title":"Escola C\u00e2ndido Portinari \u00e9 reformada e ganha novos ambientes - A Not\u00edcia Online","twitter:description":"A Escola Municipal C\u00e2ndido Portinari, localizada no bairro S\u00e3o Joaquim, foi completamente reformada e ganhou novos ambientes. A inaugura\u00e7\u00e3o das obras de amplia\u00e7\u00e3o foi feita na noite de ter\u00e7a-feira (10), pelo prefeito Aloysio Aquino. Com as obras, a escola ganhou dois novos banheiros para utiliza\u00e7\u00e3o dos estudantes, uma sala para a diretoria e um novo","twitter:image":"https:\/\/scontent-gig4-1.xx.fbcdn.net\/v\/t39.30808-1\/270437624_4564083193639691_6907940295614233970_n.jpg?stp=dst-jpg_s200x200_tt6&_nc_cat=111&ccb=1-7&_nc_sid=f907e8&_nc_ohc=SM1wRlP3lJwQ7kNvwEPuBYA&_nc_oc=AdnqrjDN_BNjSSHWO-GbkIWH6fkGMLw4bqvL_NH6e2wMveX7G-rP2dAqsDSq1mJMOaY&_nc_zt=24&_nc_ht=scontent-gig4-1.xx&_nc_gid=AoBFJeGrT1hVaew_6rchkQ&oh=00_AfX7QmFGhQhG2jAllVgXCiM1ZrWgvtp80-Bfppyexh1QEg&oe=689E923C"},"aioseo_meta_data":{"post_id":"6002","title":null,"description":null,"keywords":null,"keyphrases":null,"primary_term":null,"canonical_url":null,"og_title":null,"og_description":null,"og_object_type":"default","og_image_type":"default","og_image_url":null,"og_image_width":null,"og_image_height":null,"og_image_custom_url":null,"og_image_custom_fields":null,"og_video":null,"og_custom_url":null,"og_article_section":null,"og_article_tags":null,"twitter_use_og":false,"twitter_card":"default","twitter_image_type":"default","twitter_image_url":null,"twitter_image_custom_url":null,"twitter_image_custom_fields":null,"twitter_title":null,"twitter_description":null,"schema":{"blockGraphs":[],"customGraphs":[],"default":{"data":{"Article":[],"Course":[],"Dataset":[],"FAQPage":[],"Movie":[],"Person":[],"Product":[],"ProductReview":[],"Car":[],"Recipe":[],"Service":[],"SoftwareApplication":[],"WebPage":[]},"graphName":"","isEnabled":true},"graphs":[]},"schema_type":"default","schema_type_options":null,"pillar_content":false,"robots_default":true,"robots_noindex":false,"robots_noarchive":false,"robots_nosnippet":false,"robots_nofollow":false,"robots_noimageindex":false,"robots_noodp":false,"robots_notranslate":false,"robots_max_snippet":null,"robots_max_videopreview":null,"robots_max_imagepreview":"large","priority":null,"frequency":null,"local_seo":null,"breadcrumb_settings":null,"limit_modified_date":false,"ai":null,"created":"2025-08-16 13:54:03","updated":"2025-08-16 13:54:03","focus_keyword":null,"additional_keywords":null,"truseo_locale":null,"seo_analyzer_scan_date":null},"aioseo_breadcrumb":"<div class=\"aioseo-breadcrumbs\"><span class=\"aioseo-breadcrumb\">\n\t\t\t<a href=\"https:\/\/anoticiaonline.com.br\/site\" title=\"Home\">Home<\/a>\n\t\t<\/span><span class=\"aioseo-breadcrumb-separator\">&raquo;<\/span><span class=\"aioseo-breadcrumb\">\n\t\t\t<a href=\"https:\/\/anoticiaonline.com.br\/site\/categoria\/muriae\/\" title=\"Blog\">Blog<\/a>\n\t\t<\/span><span class=\"aioseo-breadcrumb-separator\">&raquo;<\/span><span class=\"aioseo-breadcrumb\">\n\t\t\tEscola C\u00e2ndido Portinari \u00e9 reformada e ganha novos ambientes\n\t\t<\/span><\/div>","aioseo_breadcrumb_json":[{"label":"Home","link":"https:\/\/anoticiaonline.com.br\/site"},{"label":"Blog","link":"https:\/\/anoticiaonline.com.br\/site\/categoria\/muriae\/"},{"label":"Escola C\u00e2ndido Portinari \u00e9 reformada e ganha novos ambientes","link":"https:\/\/anoticiaonline.com.br\/site\/escola-candido-portinari-e-reformada-e-ganha-novos-ambientes\/"}],"views":137,"_links":{"self":[{"href":"https:\/\/anoticiaonline.com.br\/site\/wp-json\/wp\/v2\/posts\/6002","targetHints":{"allow":["GET"]}}],"collection":[{"href":"https:\/\/anoticiaonline.com.br\/site\/wp-json\/wp\/v2\/posts"}],"about":[{"href":"https:\/\/anoticiaonline.com.br\/site\/wp-json\/wp\/v2\/types\/post"}],"author":[{"embeddable":true,"href":"https:\/\/anoticiaonline.com.br\/site\/wp-json\/wp\/v2\/users\/2"}],"replies":[{"embeddable":true,"href":"https:\/\/anoticiaonline.com.br\/site\/wp-json\/wp\/v2\/comments?post=6002"}],"version-history":[{"count":0,"href":"https:\/\/anoticiaonline.com.br\/site\/wp-json\/wp\/v2\/posts\/6002\/revisions"}],"wp:featuredmedia":[{"embeddable":true,"href":"https:\/\/anoticiaonline.com.br\/site\/wp-json\/wp\/v2\/media\/6003"}],"wp:attachment":[{"href":"https:\/\/anoticiaonline.com.br\/site\/wp-json\/wp\/v2\/media?parent=6002"}],"wp:term":[{"taxonomy":"category","embeddable":true,"href":"https:\/\/anoticiaonline.com.br\/site\/wp-json\/wp\/v2\/categories?post=6002"},{"taxonomy":"post_tag","embeddable":true,"href":"https:\/\/anoticiaonline.com.br\/site\/wp-json\/wp\/v2\/tags?post=6002"}],"curies":[{"name":"wp","href":"https:\/\/api.w.org\/{rel}","templated":true}]}}