{"id":59962,"date":"2018-08-16T20:25:21","date_gmt":"2018-08-16T23:25:21","guid":{"rendered":"http:\/\/anoticiaonline.com.br\/site\/?p=59962"},"modified":"2018-08-16T20:25:21","modified_gmt":"2018-08-16T23:25:21","slug":"copacabana-a-princesinha-ultrajada","status":"publish","type":"post","link":"https:\/\/anoticiaonline.com.br\/site\/copacabana-a-princesinha-ultrajada\/","title":{"rendered":"COPACABANA, A PRINCESINHA ULTRAJADA"},"content":{"rendered":"<p>Adellunar Marge<\/p>\n<p>Copacabana sempre foi um \u00edcone do Rio de Janeiro e do mundo. As areias brancas e fin\u00edssimas de sua praia inspiraram poetas de todos os tempos, mas talvez nenhum deles tenha descrito com mais perfei\u00e7\u00e3o e sentimento as belezas daquela praia do que Jo\u00e3o de Barro, o imortal Braguinha, em seu famoso samba. <em>\u201c&#8230;Copacabana, princesinha do mar, pela manh\u00e3 tu<\/em> <em>\u00e9s a vida a cantar&#8230;Copacabana, o mar, eterno cantor, ao te beijar ficou perdido de amor&#8230;\u201d.<\/em><\/p>\n<p>A palavra \u201cCopacabana\u201d \u00e9 ex\u00f3tica em nossa l\u00edngua. Origina-se da l\u00edngua Quechua e se refere a uma pen\u00ednsula ao sul do lago Titicaca, entre o Peru e a Bol\u00edvia. Seu nome, na l\u00edngua ind\u00edgena original \u201cKupa-Kawana\u201d, significava \u201colhando o lago\u201d ou \u201cmirando o horizonte azul\u201d.<\/p>\n<p>Por volta do ano de 1600, o \u00edndio Tito Yupanki, talhou uma imagem da Virgem Maria que, exposta naquela pen\u00ednsula, atra\u00eda milhares de visitantes devotos. Quando a nossa Copacabana era apenas um areal habitado por poucos pescadores e era ainda chamada de Sacopenap\u00e3, mercadores de prata vindos da Bol\u00edvia trouxeram uma c\u00f3pia da Virgem de Copacabana que foi colocada em uma pequena capela onde se ergue hoje o Forte de Copacabana. A capela n\u00e3o existe mais, mas o nome ficou imortalizado na famosa praia, estendendo o seu nome ao pr\u00f3prio bairro.<\/p>\n<p>Copacabana passou a ser refer\u00eancia na Cidade Maravilhosa. O Hotel que leva seu nome, a beleza da sua orla mar\u00edtima e suas noites de boemia, embalaram os sonhos de todos os que ali moravam ou apenas transitavam, vindos das mais distantes regi\u00f5es do Brasil ou do mundo.<\/p>\n<p>Mas era um local isento das viol\u00eancias de hoje. Os transgressores mais s\u00e9rios eram os antigos \u201cbatedores de carteira\u201d, capazes de cometer o il\u00edcito sem praticar viol\u00eancia f\u00edsica contra a v\u00edtima. Os bares, \u201cbo\u00eetes\u201d e \u201cinferninhos\u201d, pois assim eram chamados, atendiam aos mais variados gostos e uma ou outra desaven\u00e7a pessoal ficava por conta de um ci\u00fame passageiro que sempre acabava com o romper da manh\u00e3 e um novo amor que se iniciava, como no famoso samba cantado por Dick Farney, \u201cS\u00e1bado em Copacabana\u201d.<\/p>\n<p>Mas o nosso pa\u00eds, como o mundo, mudou e a Cidade Maravilhosa foi tragada pela viol\u00eancia das gangues, dos arrast\u00f5es que infestam as suas ruas e suas praias e Copacabana, a Princesinha do Mar, foi ultrajada pela viol\u00eancia. Resta ainda, intacta, somente na mem\u00f3ria de quem a conheceu em seus tempos \u00e1ureos.<\/p>\n<p>Tive a sorte de desfrutar muito de um Rio n\u00e3o violento, n\u00e3o s\u00f3 nos passeios com meus pais nas d\u00e9cadas de 40 e 50, como no per\u00edodo em que l\u00e1 vivi, a partir do in\u00edcio da d\u00e9cada de 1960. Quando o Presidente Juscelino transferiu a capital federal para Bras\u00edlia, o Rio se transformou em Estado da Guanabara e, apesar de perder o status de Capital do pa\u00eds, a Cidade Maravilhosa respondeu \u00e0 altura. O aterro da regi\u00e3o litor\u00e2nea que vai do Calabou\u00e7o at\u00e9 Botafogo foi iniciado no in\u00edcio do s\u00e9c.XX, principalmente com o desmonte do Morro do Castelo, mas foi o Governador Carlos Lacerda quem empreendeu o conjunto mais importante das obras com a constru\u00e7\u00e3o do Aterro do Flamengo chamado \u201cParque Brigadeiro Eduardo Gomes\u201d. Tive o prazer e o privil\u00e9gio de passar parte das minhas f\u00e9rias escolares acompanhando o meu irm\u00e3o que dirigia um caminh\u00e3o basculante nosso, transportando as terras do desaterro do Morro de Santo Ant\u00f4nio, no Largo da Carioca, para aterrar a orla mar\u00edtima na constru\u00e7\u00e3o do famoso \u201cAterro do Flamengo\u201d, embelezado pelo paisagista Burle Marx. Copacabana, a Princesinha do Mar n\u00e3o ficou de fora e teve tamb\u00e9m sua orla aterrada para a duplica\u00e7\u00e3o da sua famosa Avenida Atl\u00e2ntica, executada de 1969 a 1971, j\u00e1 sob o governo de Negr\u00e3o de Lima. Roberto Burle Marx criou as cal\u00e7adas com pavimenta\u00e7\u00f5es onduladas, feitas com pedras portuguesas brancas e pretas, para simbolizar as principais etnias da nossa forma\u00e7\u00e3o. Do aterro da orla de Copacabana n\u00e3o participamos com o nosso caminh\u00e3o e nessa \u00e9poca eu j\u00e1 morava h\u00e1 alguns anos naquela maravilhosa cidade. Daquela Copacabana pac\u00edfica, socialmente agitada e divertida, restam apenas os fragmentos na mem\u00f3ria com lembran\u00e7as dos namoros no Cine Ryan, na Avenida Atl\u00e2ntica; do agitado Tip-Top na Constante Ramos ou das Galerias Alaska e Menescal. Tempos bons da minha juventude&#8230;!<\/p>\n","protected":false},"excerpt":{"rendered":"<p>Adellunar Marge Copacabana sempre foi um \u00edcone do Rio de Janeiro e do mundo. As areias brancas e fin\u00edssimas de sua praia inspiraram poetas de todos os tempos, mas talvez nenhum deles tenha descrito com mais perfei\u00e7\u00e3o e sentimento as belezas daquela praia do que Jo\u00e3o de Barro, o imortal Braguinha, em seu famoso samba. &#8230; <a title=\"COPACABANA, A PRINCESINHA ULTRAJADA\" class=\"read-more\" href=\"https:\/\/anoticiaonline.com.br\/site\/copacabana-a-princesinha-ultrajada\/\" aria-label=\"Read more about COPACABANA, A PRINCESINHA ULTRAJADA\">Ler mais<\/a><\/p>\n","protected":false},"author":2,"featured_media":0,"comment_status":"open","ping_status":"open","sticky":false,"template":"","format":"standard","meta":{"_acf_changed":false,"_monsterinsights_skip_tracking":false,"footnotes":""},"categories":[36],"tags":[],"class_list":["post-59962","post","type-post","status-publish","format-standard","hentry","category-logos-adellunar-marge"],"acf":[],"aioseo_notices":[],"aioseo_head":"\n\t\t<!-- All in One SEO 5.0.0.1 - aioseo.com -->\n\t<meta name=\"description\" content=\"Adellunar Marge Copacabana sempre foi um \u00edcone do Rio de Janeiro e do mundo. As areias brancas e fin\u00edssimas de sua praia inspiraram poetas de todos os tempos, mas talvez nenhum deles tenha descrito com mais perfei\u00e7\u00e3o e sentimento as belezas daquela praia do que Jo\u00e3o de Barro, o imortal Braguinha, em seu famoso samba.\" \/>\n\t<meta name=\"robots\" content=\"max-image-preview:large\" \/>\n\t<meta name=\"author\" content=\"Juliana Laviola\"\/>\n\t<link rel=\"canonical\" href=\"https:\/\/anoticiaonline.com.br\/site\/copacabana-a-princesinha-ultrajada\/\" \/>\n\t<meta name=\"generator\" content=\"All in One SEO (AIOSEO) 5.0.0.1\" \/>\n\t\t<meta property=\"og:locale\" content=\"pt_BR\" \/>\n\t\t<meta property=\"og:site_name\" content=\"A Not\u00edcia Online - Noticias de Muria\u00e9 e regi\u00e3o\" \/>\n\t\t<meta property=\"og:type\" content=\"article\" \/>\n\t\t<meta property=\"og:title\" content=\"COPACABANA, A PRINCESINHA ULTRAJADA - A Not\u00edcia Online\" \/>\n\t\t<meta property=\"og:description\" content=\"Adellunar Marge Copacabana sempre foi um \u00edcone do Rio de Janeiro e do mundo. As areias brancas e fin\u00edssimas de sua praia inspiraram poetas de todos os tempos, mas talvez nenhum deles tenha descrito com mais perfei\u00e7\u00e3o e sentimento as belezas daquela praia do que Jo\u00e3o de Barro, o imortal Braguinha, em seu famoso samba.\" \/>\n\t\t<meta property=\"og:url\" content=\"https:\/\/anoticiaonline.com.br\/site\/copacabana-a-princesinha-ultrajada\/\" \/>\n\t\t<meta property=\"og:image\" content=\"https:\/\/scontent-gig4-1.xx.fbcdn.net\/v\/t39.30808-1\/270437624_4564083193639691_6907940295614233970_n.jpg?stp=dst-jpg_s200x200_tt6&#038;_nc_cat=111&#038;ccb=1-7&#038;_nc_sid=f907e8&#038;_nc_ohc=SM1wRlP3lJwQ7kNvwEPuBYA&#038;_nc_oc=AdnqrjDN_BNjSSHWO-GbkIWH6fkGMLw4bqvL_NH6e2wMveX7G-rP2dAqsDSq1mJMOaY&#038;_nc_zt=24&#038;_nc_ht=scontent-gig4-1.xx&#038;_nc_gid=AoBFJeGrT1hVaew_6rchkQ&#038;oh=00_AfX7QmFGhQhG2jAllVgXCiM1ZrWgvtp80-Bfppyexh1QEg&#038;oe=689E923C\" \/>\n\t\t<meta property=\"og:image:secure_url\" content=\"https:\/\/scontent-gig4-1.xx.fbcdn.net\/v\/t39.30808-1\/270437624_4564083193639691_6907940295614233970_n.jpg?stp=dst-jpg_s200x200_tt6&#038;_nc_cat=111&#038;ccb=1-7&#038;_nc_sid=f907e8&#038;_nc_ohc=SM1wRlP3lJwQ7kNvwEPuBYA&#038;_nc_oc=AdnqrjDN_BNjSSHWO-GbkIWH6fkGMLw4bqvL_NH6e2wMveX7G-rP2dAqsDSq1mJMOaY&#038;_nc_zt=24&#038;_nc_ht=scontent-gig4-1.xx&#038;_nc_gid=AoBFJeGrT1hVaew_6rchkQ&#038;oh=00_AfX7QmFGhQhG2jAllVgXCiM1ZrWgvtp80-Bfppyexh1QEg&#038;oe=689E923C\" \/>\n\t\t<meta property=\"article:published_time\" content=\"2018-08-16T23:25:21+00:00\" \/>\n\t\t<meta property=\"article:modified_time\" content=\"2018-08-16T23:25:21+00:00\" \/>\n\t\t<meta name=\"twitter:card\" content=\"summary_large_image\" \/>\n\t\t<meta name=\"twitter:title\" content=\"COPACABANA, A PRINCESINHA ULTRAJADA - A Not\u00edcia Online\" \/>\n\t\t<meta name=\"twitter:description\" content=\"Adellunar Marge Copacabana sempre foi um \u00edcone do Rio de Janeiro e do mundo. As areias brancas e fin\u00edssimas de sua praia inspiraram poetas de todos os tempos, mas talvez nenhum deles tenha descrito com mais perfei\u00e7\u00e3o e sentimento as belezas daquela praia do que Jo\u00e3o de Barro, o imortal Braguinha, em seu famoso samba.\" \/>\n\t\t<meta name=\"twitter:image\" content=\"https:\/\/scontent-gig4-1.xx.fbcdn.net\/v\/t39.30808-1\/270437624_4564083193639691_6907940295614233970_n.jpg?stp=dst-jpg_s200x200_tt6&amp;_nc_cat=111&amp;ccb=1-7&amp;_nc_sid=f907e8&amp;_nc_ohc=SM1wRlP3lJwQ7kNvwEPuBYA&amp;_nc_oc=AdnqrjDN_BNjSSHWO-GbkIWH6fkGMLw4bqvL_NH6e2wMveX7G-rP2dAqsDSq1mJMOaY&amp;_nc_zt=24&amp;_nc_ht=scontent-gig4-1.xx&amp;_nc_gid=AoBFJeGrT1hVaew_6rchkQ&amp;oh=00_AfX7QmFGhQhG2jAllVgXCiM1ZrWgvtp80-Bfppyexh1QEg&amp;oe=689E923C\" \/>\n\t\t<script type=\"application\/ld+json\" class=\"aioseo-schema\">\n\t\t\t{\"@context\":\"https:\\\/\\\/schema.org\",\"@graph\":[{\"@type\":\"BlogPosting\",\"@id\":\"https:\\\/\\\/anoticiaonline.com.br\\\/site\\\/copacabana-a-princesinha-ultrajada\\\/#blogposting\",\"name\":\"COPACABANA, A PRINCESINHA ULTRAJADA - A Not\\u00edcia Online\",\"headline\":\"COPACABANA, A PRINCESINHA ULTRAJADA\",\"author\":{\"@id\":\"https:\\\/\\\/anoticiaonline.com.br\\\/site\\\/author\\\/juliana\\\/#author\"},\"publisher\":{\"@id\":\"https:\\\/\\\/anoticiaonline.com.br\\\/site\\\/#organization\"},\"image\":{\"@type\":\"ImageObject\",\"url\":\"https:\\\/\\\/scontent-gig4-1.xx.fbcdn.net\\\/v\\\/t39.30808-1\\\/270437624_4564083193639691_6907940295614233970_n.jpg?stp=dst-jpg_s200x200_tt6&_nc_cat=111&ccb=1-7&_nc_sid=f907e8&_nc_ohc=SM1wRlP3lJwQ7kNvwEPuBYA&_nc_oc=AdnqrjDN_BNjSSHWO-GbkIWH6fkGMLw4bqvL_NH6e2wMveX7G-rP2dAqsDSq1mJMOaY&_nc_zt=24&_nc_ht=scontent-gig4-1.xx&_nc_gid=AoBFJeGrT1hVaew_6rchkQ&oh=00_AfX7QmFGhQhG2jAllVgXCiM1ZrWgvtp80-Bfppyexh1QEg&oe=689E923C\",\"@id\":\"https:\\\/\\\/anoticiaonline.com.br\\\/site\\\/#articleImage\"},\"datePublished\":\"2018-08-16T20:25:21-03:00\",\"dateModified\":\"2018-08-16T20:25:21-03:00\",\"inLanguage\":\"pt-BR\",\"mainEntityOfPage\":{\"@id\":\"https:\\\/\\\/anoticiaonline.com.br\\\/site\\\/copacabana-a-princesinha-ultrajada\\\/#webpage\"},\"isPartOf\":{\"@id\":\"https:\\\/\\\/anoticiaonline.com.br\\\/site\\\/copacabana-a-princesinha-ultrajada\\\/#webpage\"},\"articleSection\":\"Logos - Adellunar Marge\"},{\"@type\":\"BreadcrumbList\",\"@id\":\"https:\\\/\\\/anoticiaonline.com.br\\\/site\\\/copacabana-a-princesinha-ultrajada\\\/#breadcrumblist\",\"itemListElement\":[{\"@type\":\"ListItem\",\"@id\":\"https:\\\/\\\/anoticiaonline.com.br\\\/site#listItem\",\"position\":1,\"name\":\"Home\",\"item\":\"https:\\\/\\\/anoticiaonline.com.br\\\/site\",\"nextItem\":{\"@type\":\"ListItem\",\"@id\":\"https:\\\/\\\/anoticiaonline.com.br\\\/site\\\/categoria\\\/colunistas\\\/#listItem\",\"name\":\"Colunistas\"}},{\"@type\":\"ListItem\",\"@id\":\"https:\\\/\\\/anoticiaonline.com.br\\\/site\\\/categoria\\\/colunistas\\\/#listItem\",\"position\":2,\"name\":\"Colunistas\",\"item\":\"https:\\\/\\\/anoticiaonline.com.br\\\/site\\\/categoria\\\/colunistas\\\/\",\"nextItem\":{\"@type\":\"ListItem\",\"@id\":\"https:\\\/\\\/anoticiaonline.com.br\\\/site\\\/categoria\\\/colunistas\\\/logos-adellunar-marge\\\/#listItem\",\"name\":\"Logos - Adellunar Marge\"},\"previousItem\":{\"@type\":\"ListItem\",\"@id\":\"https:\\\/\\\/anoticiaonline.com.br\\\/site#listItem\",\"name\":\"Home\"}},{\"@type\":\"ListItem\",\"@id\":\"https:\\\/\\\/anoticiaonline.com.br\\\/site\\\/categoria\\\/colunistas\\\/logos-adellunar-marge\\\/#listItem\",\"position\":3,\"name\":\"Logos - Adellunar Marge\",\"item\":\"https:\\\/\\\/anoticiaonline.com.br\\\/site\\\/categoria\\\/colunistas\\\/logos-adellunar-marge\\\/\",\"nextItem\":{\"@type\":\"ListItem\",\"@id\":\"https:\\\/\\\/anoticiaonline.com.br\\\/site\\\/copacabana-a-princesinha-ultrajada\\\/#listItem\",\"name\":\"COPACABANA, A PRINCESINHA ULTRAJADA\"},\"previousItem\":{\"@type\":\"ListItem\",\"@id\":\"https:\\\/\\\/anoticiaonline.com.br\\\/site\\\/categoria\\\/colunistas\\\/#listItem\",\"name\":\"Colunistas\"}},{\"@type\":\"ListItem\",\"@id\":\"https:\\\/\\\/anoticiaonline.com.br\\\/site\\\/copacabana-a-princesinha-ultrajada\\\/#listItem\",\"position\":4,\"name\":\"COPACABANA, A PRINCESINHA ULTRAJADA\",\"previousItem\":{\"@type\":\"ListItem\",\"@id\":\"https:\\\/\\\/anoticiaonline.com.br\\\/site\\\/categoria\\\/colunistas\\\/logos-adellunar-marge\\\/#listItem\",\"name\":\"Logos - Adellunar Marge\"}}]},{\"@type\":\"Organization\",\"@id\":\"https:\\\/\\\/anoticiaonline.com.br\\\/site\\\/#organization\",\"name\":\"A Not\\u00edcia Online\",\"description\":\"Noticias de Muria\\u00e9 e regi\\u00e3o\",\"url\":\"https:\\\/\\\/anoticiaonline.com.br\\\/site\\\/\",\"logo\":{\"@type\":\"ImageObject\",\"url\":\"https:\\\/\\\/scontent-gig4-1.xx.fbcdn.net\\\/v\\\/t39.30808-1\\\/270437624_4564083193639691_6907940295614233970_n.jpg?stp=dst-jpg_s200x200_tt6&_nc_cat=111&ccb=1-7&_nc_sid=f907e8&_nc_ohc=SM1wRlP3lJwQ7kNvwEPuBYA&_nc_oc=AdnqrjDN_BNjSSHWO-GbkIWH6fkGMLw4bqvL_NH6e2wMveX7G-rP2dAqsDSq1mJMOaY&_nc_zt=24&_nc_ht=scontent-gig4-1.xx&_nc_gid=AoBFJeGrT1hVaew_6rchkQ&oh=00_AfX7QmFGhQhG2jAllVgXCiM1ZrWgvtp80-Bfppyexh1QEg&oe=689E923C\",\"@id\":\"https:\\\/\\\/anoticiaonline.com.br\\\/site\\\/copacabana-a-princesinha-ultrajada\\\/#organizationLogo\"},\"image\":{\"@id\":\"https:\\\/\\\/anoticiaonline.com.br\\\/site\\\/copacabana-a-princesinha-ultrajada\\\/#organizationLogo\"}},{\"@type\":\"Person\",\"@id\":\"https:\\\/\\\/anoticiaonline.com.br\\\/site\\\/author\\\/juliana\\\/#author\",\"url\":\"https:\\\/\\\/anoticiaonline.com.br\\\/site\\\/author\\\/juliana\\\/\",\"name\":\"Juliana Laviola\",\"image\":{\"@type\":\"ImageObject\",\"@id\":\"https:\\\/\\\/anoticiaonline.com.br\\\/site\\\/copacabana-a-princesinha-ultrajada\\\/#authorImage\",\"url\":\"https:\\\/\\\/secure.gravatar.com\\\/avatar\\\/b8d45f5c699b100dfaf0e543582f38f38bf94cb7ae3a5e9abf8d891a34773335?s=96&d=mm&r=g\",\"width\":96,\"height\":96,\"caption\":\"Juliana Laviola\"}},{\"@type\":\"WebPage\",\"@id\":\"https:\\\/\\\/anoticiaonline.com.br\\\/site\\\/copacabana-a-princesinha-ultrajada\\\/#webpage\",\"url\":\"https:\\\/\\\/anoticiaonline.com.br\\\/site\\\/copacabana-a-princesinha-ultrajada\\\/\",\"name\":\"COPACABANA, A PRINCESINHA ULTRAJADA - A Not\\u00edcia Online\",\"description\":\"Adellunar Marge Copacabana sempre foi um \\u00edcone do Rio de Janeiro e do mundo. As areias brancas e fin\\u00edssimas de sua praia inspiraram poetas de todos os tempos, mas talvez nenhum deles tenha descrito com mais perfei\\u00e7\\u00e3o e sentimento as belezas daquela praia do que Jo\\u00e3o de Barro, o imortal Braguinha, em seu famoso samba.\",\"inLanguage\":\"pt-BR\",\"isPartOf\":{\"@id\":\"https:\\\/\\\/anoticiaonline.com.br\\\/site\\\/#website\"},\"breadcrumb\":{\"@id\":\"https:\\\/\\\/anoticiaonline.com.br\\\/site\\\/copacabana-a-princesinha-ultrajada\\\/#breadcrumblist\"},\"author\":{\"@id\":\"https:\\\/\\\/anoticiaonline.com.br\\\/site\\\/author\\\/juliana\\\/#author\"},\"creator\":{\"@id\":\"https:\\\/\\\/anoticiaonline.com.br\\\/site\\\/author\\\/juliana\\\/#author\"},\"datePublished\":\"2018-08-16T20:25:21-03:00\",\"dateModified\":\"2018-08-16T20:25:21-03:00\"},{\"@type\":\"WebSite\",\"@id\":\"https:\\\/\\\/anoticiaonline.com.br\\\/site\\\/#website\",\"url\":\"https:\\\/\\\/anoticiaonline.com.br\\\/site\\\/\",\"name\":\"A Not\\u00edcia Online\",\"description\":\"Noticias de Muria\\u00e9 e regi\\u00e3o\",\"inLanguage\":\"pt-BR\",\"publisher\":{\"@id\":\"https:\\\/\\\/anoticiaonline.com.br\\\/site\\\/#organization\"}}]}\n\t\t<\/script>\n\t\t<!-- All in One SEO -->\n\n","aioseo_head_json":{"title":"COPACABANA, A PRINCESINHA ULTRAJADA - A Not\u00edcia Online","description":"Adellunar Marge Copacabana sempre foi um \u00edcone do Rio de Janeiro e do mundo. As areias brancas e fin\u00edssimas de sua praia inspiraram poetas de todos os tempos, mas talvez nenhum deles tenha descrito com mais perfei\u00e7\u00e3o e sentimento as belezas daquela praia do que Jo\u00e3o de Barro, o imortal Braguinha, em seu famoso samba.","canonical_url":"https:\/\/anoticiaonline.com.br\/site\/copacabana-a-princesinha-ultrajada\/","robots":"max-image-preview:large","keywords":"","webmasterTools":{"miscellaneous":""},"schema":{"@context":"https:\/\/schema.org","@graph":[{"@type":"BlogPosting","@id":"https:\/\/anoticiaonline.com.br\/site\/copacabana-a-princesinha-ultrajada\/#blogposting","name":"COPACABANA, A PRINCESINHA ULTRAJADA - A Not\u00edcia Online","headline":"COPACABANA, A PRINCESINHA ULTRAJADA","author":{"@id":"https:\/\/anoticiaonline.com.br\/site\/author\/juliana\/#author"},"publisher":{"@id":"https:\/\/anoticiaonline.com.br\/site\/#organization"},"image":{"@type":"ImageObject","url":"https:\/\/scontent-gig4-1.xx.fbcdn.net\/v\/t39.30808-1\/270437624_4564083193639691_6907940295614233970_n.jpg?stp=dst-jpg_s200x200_tt6&_nc_cat=111&ccb=1-7&_nc_sid=f907e8&_nc_ohc=SM1wRlP3lJwQ7kNvwEPuBYA&_nc_oc=AdnqrjDN_BNjSSHWO-GbkIWH6fkGMLw4bqvL_NH6e2wMveX7G-rP2dAqsDSq1mJMOaY&_nc_zt=24&_nc_ht=scontent-gig4-1.xx&_nc_gid=AoBFJeGrT1hVaew_6rchkQ&oh=00_AfX7QmFGhQhG2jAllVgXCiM1ZrWgvtp80-Bfppyexh1QEg&oe=689E923C","@id":"https:\/\/anoticiaonline.com.br\/site\/#articleImage"},"datePublished":"2018-08-16T20:25:21-03:00","dateModified":"2018-08-16T20:25:21-03:00","inLanguage":"pt-BR","mainEntityOfPage":{"@id":"https:\/\/anoticiaonline.com.br\/site\/copacabana-a-princesinha-ultrajada\/#webpage"},"isPartOf":{"@id":"https:\/\/anoticiaonline.com.br\/site\/copacabana-a-princesinha-ultrajada\/#webpage"},"articleSection":"Logos - Adellunar Marge"},{"@type":"BreadcrumbList","@id":"https:\/\/anoticiaonline.com.br\/site\/copacabana-a-princesinha-ultrajada\/#breadcrumblist","itemListElement":[{"@type":"ListItem","@id":"https:\/\/anoticiaonline.com.br\/site#listItem","position":1,"name":"Home","item":"https:\/\/anoticiaonline.com.br\/site","nextItem":{"@type":"ListItem","@id":"https:\/\/anoticiaonline.com.br\/site\/categoria\/colunistas\/#listItem","name":"Colunistas"}},{"@type":"ListItem","@id":"https:\/\/anoticiaonline.com.br\/site\/categoria\/colunistas\/#listItem","position":2,"name":"Colunistas","item":"https:\/\/anoticiaonline.com.br\/site\/categoria\/colunistas\/","nextItem":{"@type":"ListItem","@id":"https:\/\/anoticiaonline.com.br\/site\/categoria\/colunistas\/logos-adellunar-marge\/#listItem","name":"Logos - Adellunar Marge"},"previousItem":{"@type":"ListItem","@id":"https:\/\/anoticiaonline.com.br\/site#listItem","name":"Home"}},{"@type":"ListItem","@id":"https:\/\/anoticiaonline.com.br\/site\/categoria\/colunistas\/logos-adellunar-marge\/#listItem","position":3,"name":"Logos - Adellunar Marge","item":"https:\/\/anoticiaonline.com.br\/site\/categoria\/colunistas\/logos-adellunar-marge\/","nextItem":{"@type":"ListItem","@id":"https:\/\/anoticiaonline.com.br\/site\/copacabana-a-princesinha-ultrajada\/#listItem","name":"COPACABANA, A PRINCESINHA ULTRAJADA"},"previousItem":{"@type":"ListItem","@id":"https:\/\/anoticiaonline.com.br\/site\/categoria\/colunistas\/#listItem","name":"Colunistas"}},{"@type":"ListItem","@id":"https:\/\/anoticiaonline.com.br\/site\/copacabana-a-princesinha-ultrajada\/#listItem","position":4,"name":"COPACABANA, A PRINCESINHA ULTRAJADA","previousItem":{"@type":"ListItem","@id":"https:\/\/anoticiaonline.com.br\/site\/categoria\/colunistas\/logos-adellunar-marge\/#listItem","name":"Logos - Adellunar Marge"}}]},{"@type":"Organization","@id":"https:\/\/anoticiaonline.com.br\/site\/#organization","name":"A Not\u00edcia Online","description":"Noticias de Muria\u00e9 e regi\u00e3o","url":"https:\/\/anoticiaonline.com.br\/site\/","logo":{"@type":"ImageObject","url":"https:\/\/scontent-gig4-1.xx.fbcdn.net\/v\/t39.30808-1\/270437624_4564083193639691_6907940295614233970_n.jpg?stp=dst-jpg_s200x200_tt6&_nc_cat=111&ccb=1-7&_nc_sid=f907e8&_nc_ohc=SM1wRlP3lJwQ7kNvwEPuBYA&_nc_oc=AdnqrjDN_BNjSSHWO-GbkIWH6fkGMLw4bqvL_NH6e2wMveX7G-rP2dAqsDSq1mJMOaY&_nc_zt=24&_nc_ht=scontent-gig4-1.xx&_nc_gid=AoBFJeGrT1hVaew_6rchkQ&oh=00_AfX7QmFGhQhG2jAllVgXCiM1ZrWgvtp80-Bfppyexh1QEg&oe=689E923C","@id":"https:\/\/anoticiaonline.com.br\/site\/copacabana-a-princesinha-ultrajada\/#organizationLogo"},"image":{"@id":"https:\/\/anoticiaonline.com.br\/site\/copacabana-a-princesinha-ultrajada\/#organizationLogo"}},{"@type":"Person","@id":"https:\/\/anoticiaonline.com.br\/site\/author\/juliana\/#author","url":"https:\/\/anoticiaonline.com.br\/site\/author\/juliana\/","name":"Juliana Laviola","image":{"@type":"ImageObject","@id":"https:\/\/anoticiaonline.com.br\/site\/copacabana-a-princesinha-ultrajada\/#authorImage","url":"https:\/\/secure.gravatar.com\/avatar\/b8d45f5c699b100dfaf0e543582f38f38bf94cb7ae3a5e9abf8d891a34773335?s=96&d=mm&r=g","width":96,"height":96,"caption":"Juliana Laviola"}},{"@type":"WebPage","@id":"https:\/\/anoticiaonline.com.br\/site\/copacabana-a-princesinha-ultrajada\/#webpage","url":"https:\/\/anoticiaonline.com.br\/site\/copacabana-a-princesinha-ultrajada\/","name":"COPACABANA, A PRINCESINHA ULTRAJADA - A Not\u00edcia Online","description":"Adellunar Marge Copacabana sempre foi um \u00edcone do Rio de Janeiro e do mundo. As areias brancas e fin\u00edssimas de sua praia inspiraram poetas de todos os tempos, mas talvez nenhum deles tenha descrito com mais perfei\u00e7\u00e3o e sentimento as belezas daquela praia do que Jo\u00e3o de Barro, o imortal Braguinha, em seu famoso samba.","inLanguage":"pt-BR","isPartOf":{"@id":"https:\/\/anoticiaonline.com.br\/site\/#website"},"breadcrumb":{"@id":"https:\/\/anoticiaonline.com.br\/site\/copacabana-a-princesinha-ultrajada\/#breadcrumblist"},"author":{"@id":"https:\/\/anoticiaonline.com.br\/site\/author\/juliana\/#author"},"creator":{"@id":"https:\/\/anoticiaonline.com.br\/site\/author\/juliana\/#author"},"datePublished":"2018-08-16T20:25:21-03:00","dateModified":"2018-08-16T20:25:21-03:00"},{"@type":"WebSite","@id":"https:\/\/anoticiaonline.com.br\/site\/#website","url":"https:\/\/anoticiaonline.com.br\/site\/","name":"A Not\u00edcia Online","description":"Noticias de Muria\u00e9 e regi\u00e3o","inLanguage":"pt-BR","publisher":{"@id":"https:\/\/anoticiaonline.com.br\/site\/#organization"}}]},"og:locale":"pt_BR","og:site_name":"A Not\u00edcia Online - Noticias de Muria\u00e9 e regi\u00e3o","og:type":"article","og:title":"COPACABANA, A PRINCESINHA ULTRAJADA - A Not\u00edcia Online","og:description":"Adellunar Marge Copacabana sempre foi um \u00edcone do Rio de Janeiro e do mundo. As areias brancas e fin\u00edssimas de sua praia inspiraram poetas de todos os tempos, mas talvez nenhum deles tenha descrito com mais perfei\u00e7\u00e3o e sentimento as belezas daquela praia do que Jo\u00e3o de Barro, o imortal Braguinha, em seu famoso samba.","og:url":"https:\/\/anoticiaonline.com.br\/site\/copacabana-a-princesinha-ultrajada\/","og:image":"https:\/\/scontent-gig4-1.xx.fbcdn.net\/v\/t39.30808-1\/270437624_4564083193639691_6907940295614233970_n.jpg?stp=dst-jpg_s200x200_tt6&#038;_nc_cat=111&#038;ccb=1-7&#038;_nc_sid=f907e8&#038;_nc_ohc=SM1wRlP3lJwQ7kNvwEPuBYA&#038;_nc_oc=AdnqrjDN_BNjSSHWO-GbkIWH6fkGMLw4bqvL_NH6e2wMveX7G-rP2dAqsDSq1mJMOaY&#038;_nc_zt=24&#038;_nc_ht=scontent-gig4-1.xx&#038;_nc_gid=AoBFJeGrT1hVaew_6rchkQ&#038;oh=00_AfX7QmFGhQhG2jAllVgXCiM1ZrWgvtp80-Bfppyexh1QEg&#038;oe=689E923C","og:image:secure_url":"https:\/\/scontent-gig4-1.xx.fbcdn.net\/v\/t39.30808-1\/270437624_4564083193639691_6907940295614233970_n.jpg?stp=dst-jpg_s200x200_tt6&#038;_nc_cat=111&#038;ccb=1-7&#038;_nc_sid=f907e8&#038;_nc_ohc=SM1wRlP3lJwQ7kNvwEPuBYA&#038;_nc_oc=AdnqrjDN_BNjSSHWO-GbkIWH6fkGMLw4bqvL_NH6e2wMveX7G-rP2dAqsDSq1mJMOaY&#038;_nc_zt=24&#038;_nc_ht=scontent-gig4-1.xx&#038;_nc_gid=AoBFJeGrT1hVaew_6rchkQ&#038;oh=00_AfX7QmFGhQhG2jAllVgXCiM1ZrWgvtp80-Bfppyexh1QEg&#038;oe=689E923C","article:published_time":"2018-08-16T23:25:21+00:00","article:modified_time":"2018-08-16T23:25:21+00:00","twitter:card":"summary_large_image","twitter:title":"COPACABANA, A PRINCESINHA ULTRAJADA - A Not\u00edcia Online","twitter:description":"Adellunar Marge Copacabana sempre foi um \u00edcone do Rio de Janeiro e do mundo. As areias brancas e fin\u00edssimas de sua praia inspiraram poetas de todos os tempos, mas talvez nenhum deles tenha descrito com mais perfei\u00e7\u00e3o e sentimento as belezas daquela praia do que Jo\u00e3o de Barro, o imortal Braguinha, em seu famoso samba.","twitter:image":"https:\/\/scontent-gig4-1.xx.fbcdn.net\/v\/t39.30808-1\/270437624_4564083193639691_6907940295614233970_n.jpg?stp=dst-jpg_s200x200_tt6&_nc_cat=111&ccb=1-7&_nc_sid=f907e8&_nc_ohc=SM1wRlP3lJwQ7kNvwEPuBYA&_nc_oc=AdnqrjDN_BNjSSHWO-GbkIWH6fkGMLw4bqvL_NH6e2wMveX7G-rP2dAqsDSq1mJMOaY&_nc_zt=24&_nc_ht=scontent-gig4-1.xx&_nc_gid=AoBFJeGrT1hVaew_6rchkQ&oh=00_AfX7QmFGhQhG2jAllVgXCiM1ZrWgvtp80-Bfppyexh1QEg&oe=689E923C"},"aioseo_meta_data":{"post_id":"59962","title":null,"description":null,"keywords":null,"keyphrases":null,"primary_term":null,"canonical_url":null,"og_title":null,"og_description":null,"og_object_type":"default","og_image_type":"default","og_image_url":null,"og_image_width":null,"og_image_height":null,"og_image_custom_url":null,"og_image_custom_fields":null,"og_video":null,"og_custom_url":null,"og_article_section":null,"og_article_tags":null,"twitter_use_og":false,"twitter_card":"default","twitter_image_type":"default","twitter_image_url":null,"twitter_image_custom_url":null,"twitter_image_custom_fields":null,"twitter_title":null,"twitter_description":null,"schema":{"blockGraphs":[],"customGraphs":[],"default":{"data":{"Article":[],"Course":[],"Dataset":[],"FAQPage":[],"Movie":[],"Person":[],"Product":[],"ProductReview":[],"Car":[],"Recipe":[],"Service":[],"SoftwareApplication":[],"WebPage":[]},"graphName":"","isEnabled":true},"graphs":[]},"schema_type":"default","schema_type_options":null,"pillar_content":false,"robots_default":true,"robots_noindex":false,"robots_noarchive":false,"robots_nosnippet":false,"robots_nofollow":false,"robots_noimageindex":false,"robots_noodp":false,"robots_notranslate":false,"robots_max_snippet":null,"robots_max_videopreview":null,"robots_max_imagepreview":"large","priority":null,"frequency":null,"local_seo":null,"breadcrumb_settings":null,"limit_modified_date":false,"ai":null,"created":"2025-08-16 21:24:25","updated":"2025-08-16 21:24:25","focus_keyword":null,"additional_keywords":null,"truseo_locale":null,"seo_analyzer_scan_date":null},"aioseo_breadcrumb":"<div class=\"aioseo-breadcrumbs\"><span class=\"aioseo-breadcrumb\">\n\t\t\t<a href=\"https:\/\/anoticiaonline.com.br\/site\" title=\"Home\">Home<\/a>\n\t\t<\/span><span class=\"aioseo-breadcrumb-separator\">&raquo;<\/span><span class=\"aioseo-breadcrumb\">\n\t\t\t<a href=\"https:\/\/anoticiaonline.com.br\/site\/categoria\/colunistas\/\" title=\"Colunistas\">Colunistas<\/a>\n\t\t<\/span><span class=\"aioseo-breadcrumb-separator\">&raquo;<\/span><span class=\"aioseo-breadcrumb\">\n\t\t\t<a href=\"https:\/\/anoticiaonline.com.br\/site\/categoria\/colunistas\/logos-adellunar-marge\/\" title=\"Logos - Adellunar Marge\">Logos - Adellunar Marge<\/a>\n\t\t<\/span><span class=\"aioseo-breadcrumb-separator\">&raquo;<\/span><span class=\"aioseo-breadcrumb\">\n\t\t\tCOPACABANA, A PRINCESINHA ULTRAJADA\n\t\t<\/span><\/div>","aioseo_breadcrumb_json":[{"label":"Home","link":"https:\/\/anoticiaonline.com.br\/site"},{"label":"Colunistas","link":"https:\/\/anoticiaonline.com.br\/site\/categoria\/colunistas\/"},{"label":"Logos - Adellunar Marge","link":"https:\/\/anoticiaonline.com.br\/site\/categoria\/colunistas\/logos-adellunar-marge\/"},{"label":"COPACABANA, A PRINCESINHA ULTRAJADA","link":"https:\/\/anoticiaonline.com.br\/site\/copacabana-a-princesinha-ultrajada\/"}],"views":153,"_links":{"self":[{"href":"https:\/\/anoticiaonline.com.br\/site\/wp-json\/wp\/v2\/posts\/59962","targetHints":{"allow":["GET"]}}],"collection":[{"href":"https:\/\/anoticiaonline.com.br\/site\/wp-json\/wp\/v2\/posts"}],"about":[{"href":"https:\/\/anoticiaonline.com.br\/site\/wp-json\/wp\/v2\/types\/post"}],"author":[{"embeddable":true,"href":"https:\/\/anoticiaonline.com.br\/site\/wp-json\/wp\/v2\/users\/2"}],"replies":[{"embeddable":true,"href":"https:\/\/anoticiaonline.com.br\/site\/wp-json\/wp\/v2\/comments?post=59962"}],"version-history":[{"count":0,"href":"https:\/\/anoticiaonline.com.br\/site\/wp-json\/wp\/v2\/posts\/59962\/revisions"}],"wp:attachment":[{"href":"https:\/\/anoticiaonline.com.br\/site\/wp-json\/wp\/v2\/media?parent=59962"}],"wp:term":[{"taxonomy":"category","embeddable":true,"href":"https:\/\/anoticiaonline.com.br\/site\/wp-json\/wp\/v2\/categories?post=59962"},{"taxonomy":"post_tag","embeddable":true,"href":"https:\/\/anoticiaonline.com.br\/site\/wp-json\/wp\/v2\/tags?post=59962"}],"curies":[{"name":"wp","href":"https:\/\/api.w.org\/{rel}","templated":true}]}}