{"id":59808,"date":"2018-08-14T15:46:30","date_gmt":"2018-08-14T18:46:30","guid":{"rendered":"http:\/\/anoticiaonline.com.br\/site\/?p=59808"},"modified":"2018-08-14T15:46:30","modified_gmt":"2018-08-14T18:46:30","slug":"jornada-de-reis-de-muriae-participa-de-encontro-na-cidade-de-leopoldina","status":"publish","type":"post","link":"https:\/\/anoticiaonline.com.br\/site\/jornada-de-reis-de-muriae-participa-de-encontro-na-cidade-de-leopoldina\/","title":{"rendered":"Jornada de Reis de Muria\u00e9 participa de Encontro na cidade de Leopoldina"},"content":{"rendered":"<p><a href=\"https:\/\/anoticiaonline.com.br\/site\/wp-content\/uploads\/2018\/08\/39c3e8cf-dd7c-4c7f-b821-0a342046a452.jpg\"><img fetchpriority=\"high\" decoding=\"async\" class=\"alignnone size-full wp-image-59809\" src=\"https:\/\/anoticiaonline.com.br\/site\/wp-content\/uploads\/2018\/08\/39c3e8cf-dd7c-4c7f-b821-0a342046a452.jpg\" alt=\"\" width=\"800\" height=\"533\" srcset=\"https:\/\/anoticiaonline.com.br\/site\/wp-content\/uploads\/2018\/08\/39c3e8cf-dd7c-4c7f-b821-0a342046a452.jpg 800w, https:\/\/anoticiaonline.com.br\/site\/wp-content\/uploads\/2018\/08\/39c3e8cf-dd7c-4c7f-b821-0a342046a452-300x200.jpg 300w, https:\/\/anoticiaonline.com.br\/site\/wp-content\/uploads\/2018\/08\/39c3e8cf-dd7c-4c7f-b821-0a342046a452-768x512.jpg 768w\" sizes=\"(max-width: 800px) 100vw, 800px\" \/><\/a> <a href=\"https:\/\/anoticiaonline.com.br\/site\/wp-content\/uploads\/2018\/08\/3-1.jpg\"><img decoding=\"async\" class=\"alignnone size-full wp-image-59810\" src=\"https:\/\/anoticiaonline.com.br\/site\/wp-content\/uploads\/2018\/08\/3-1.jpg\" alt=\"\" width=\"800\" height=\"533\" srcset=\"https:\/\/anoticiaonline.com.br\/site\/wp-content\/uploads\/2018\/08\/3-1.jpg 800w, https:\/\/anoticiaonline.com.br\/site\/wp-content\/uploads\/2018\/08\/3-1-300x200.jpg 300w, https:\/\/anoticiaonline.com.br\/site\/wp-content\/uploads\/2018\/08\/3-1-768x512.jpg 768w\" sizes=\"(max-width: 800px) 100vw, 800px\" \/><\/a><\/p>\n<p>Um dos integrantes da Jornada de Reis Anjo Serafim, do Bairro Safira, Pedro Paulo de Ara\u00fajo, de 25 anos, falou, nesta quarta-feira (8), sobre o Encontro de Jornadas de Reis, que aconteceu em Leopoldina, no \u00faltimo s\u00e1bado (4).<\/p>\n<p>De acordo com Pedro, o Encontro foi inspirador e mais um incentivo para continuar com a manifesta\u00e7\u00e3o centen\u00e1ria da cultura popular. \u201cEstou na dire\u00e7\u00e3o do grupo h\u00e1 quatro anos, juntamente com meu primo Rodrigo, mas participamos da Jornada de Reis desde pequenos, quando nossos instrumentos eram garrafas pl\u00e1sticas e latas de tinta. O Encontro em Leopoldina contou com a participa\u00e7\u00e3o v\u00e1rias Jornadas de Reis da regi\u00e3o, onde cada uma tinha seu tempo para se apresentar. Foi realmente um grande incentivo para todos n\u00f3s n\u00e3o deixar este costume acabar. Pretendemos aumentar, cada vez mais, o n\u00famero de Jornadas na regi\u00e3o e tamb\u00e9m o n\u00famero de integrantes daquelas que j\u00e1 existem\u201d, conta.<\/p>\n<p>Fundada em 2005 por Roberto Gomes e Simone Quintiliano, a Jornada de Reis Anjo Serafim teve sua presid\u00eancia e vice-presid\u00eancia repassada, respectivamente, para Pedro Paulo Ara\u00fajo e Rodrigo Quintiliano.<\/p>\n<p>Pedro conta que a Jornada de Reis Anjo Serafim percorre ruas de diversos bairros de Muria\u00e9, como Planalto, Safira, Aeroporto, S\u00e3o Crist\u00f3v\u00e3o, Santo Ant\u00f4nio, Santa Terezinha e Marambaia, e de cidades pr\u00f3ximas, como Patroc\u00ednio do Muria\u00e9, Leopoldina e Bom Jesus, no per\u00edodo do dia 24 de dezembro at\u00e9 o dia 6 de janeiro, data em que se comemora o Dia de Reis.<\/p>\n<p>\u201cNossa Jornada possui, aproximadamente, 17 integrantes, que v\u00e3o desde os pequenos aos mais adultos. Nosso integrante mais experiente tem 64 anos. O n\u00famero de participantes varia com o passar dos anos, \u00e0s vezes s\u00e3o 15, em outro ano s\u00e3o 18. O mais importante \u00e9 manter viva a tradi\u00e7\u00e3o. Frequentemente somos convidados a participar de outros encontros e demais eventos, mas nossos recursos s\u00e3o limitados e n\u00e3o recebemos apoio frequente de nenhum \u00f3rg\u00e3o p\u00fablico. Para este Encontro em Leopoldina, tivemos um \u00f4nibus disponibilizado pela Fundarte\u201d, diz.<\/p>\n","protected":false},"excerpt":{"rendered":"<p>Um dos integrantes da Jornada de Reis Anjo Serafim, do Bairro Safira, Pedro Paulo de Ara\u00fajo, de 25 anos, falou, nesta quarta-feira (8), sobre o Encontro de Jornadas de Reis, que aconteceu em Leopoldina, no \u00faltimo s\u00e1bado (4). De acordo com Pedro, o Encontro foi inspirador e mais um incentivo para continuar com a manifesta\u00e7\u00e3o &#8230; <a title=\"Jornada de Reis de Muria\u00e9 participa de Encontro na cidade de Leopoldina\" class=\"read-more\" href=\"https:\/\/anoticiaonline.com.br\/site\/jornada-de-reis-de-muriae-participa-de-encontro-na-cidade-de-leopoldina\/\" aria-label=\"Read more about Jornada de Reis de Muria\u00e9 participa de Encontro na cidade de Leopoldina\">Ler mais<\/a><\/p>\n","protected":false},"author":2,"featured_media":59810,"comment_status":"open","ping_status":"open","sticky":false,"template":"","format":"standard","meta":{"_acf_changed":false,"_monsterinsights_skip_tracking":false,"footnotes":""},"categories":[30,19,6],"tags":[],"class_list":["post-59808","post","type-post","status-publish","format-standard","has-post-thumbnail","hentry","category-muriae","category-cultura","category-regiao"],"acf":[],"aioseo_notices":[],"aioseo_head":"\n\t\t<!-- All in One SEO 5.0.0.1 - aioseo.com -->\n\t<meta name=\"description\" content=\"Um dos integrantes da Jornada de Reis Anjo Serafim, do Bairro Safira, Pedro Paulo de Ara\u00fajo, de 25 anos, falou, nesta quarta-feira (8), sobre o Encontro de Jornadas de Reis, que aconteceu em Leopoldina, no \u00faltimo s\u00e1bado (4). De acordo com Pedro, o Encontro foi inspirador e mais um incentivo para continuar com a manifesta\u00e7\u00e3o\" \/>\n\t<meta name=\"robots\" content=\"max-image-preview:large\" \/>\n\t<meta name=\"author\" content=\"Juliana Laviola\"\/>\n\t<link rel=\"canonical\" href=\"https:\/\/anoticiaonline.com.br\/site\/jornada-de-reis-de-muriae-participa-de-encontro-na-cidade-de-leopoldina\/\" \/>\n\t<meta name=\"generator\" content=\"All in One SEO (AIOSEO) 5.0.0.1\" \/>\n\t\t<meta property=\"og:locale\" content=\"pt_BR\" \/>\n\t\t<meta property=\"og:site_name\" content=\"A Not\u00edcia Online - Noticias de Muria\u00e9 e regi\u00e3o\" \/>\n\t\t<meta property=\"og:type\" content=\"article\" \/>\n\t\t<meta property=\"og:title\" content=\"Jornada de Reis de Muria\u00e9 participa de Encontro na cidade de Leopoldina - A Not\u00edcia Online\" \/>\n\t\t<meta property=\"og:description\" content=\"Um dos integrantes da Jornada de Reis Anjo Serafim, do Bairro Safira, Pedro Paulo de Ara\u00fajo, de 25 anos, falou, nesta quarta-feira (8), sobre o Encontro de Jornadas de Reis, que aconteceu em Leopoldina, no \u00faltimo s\u00e1bado (4). De acordo com Pedro, o Encontro foi inspirador e mais um incentivo para continuar com a manifesta\u00e7\u00e3o\" \/>\n\t\t<meta property=\"og:url\" content=\"https:\/\/anoticiaonline.com.br\/site\/jornada-de-reis-de-muriae-participa-de-encontro-na-cidade-de-leopoldina\/\" \/>\n\t\t<meta property=\"og:image\" content=\"https:\/\/scontent-gig4-1.xx.fbcdn.net\/v\/t39.30808-1\/270437624_4564083193639691_6907940295614233970_n.jpg?stp=dst-jpg_s200x200_tt6&#038;_nc_cat=111&#038;ccb=1-7&#038;_nc_sid=f907e8&#038;_nc_ohc=SM1wRlP3lJwQ7kNvwEPuBYA&#038;_nc_oc=AdnqrjDN_BNjSSHWO-GbkIWH6fkGMLw4bqvL_NH6e2wMveX7G-rP2dAqsDSq1mJMOaY&#038;_nc_zt=24&#038;_nc_ht=scontent-gig4-1.xx&#038;_nc_gid=AoBFJeGrT1hVaew_6rchkQ&#038;oh=00_AfX7QmFGhQhG2jAllVgXCiM1ZrWgvtp80-Bfppyexh1QEg&#038;oe=689E923C\" \/>\n\t\t<meta property=\"og:image:secure_url\" content=\"https:\/\/scontent-gig4-1.xx.fbcdn.net\/v\/t39.30808-1\/270437624_4564083193639691_6907940295614233970_n.jpg?stp=dst-jpg_s200x200_tt6&#038;_nc_cat=111&#038;ccb=1-7&#038;_nc_sid=f907e8&#038;_nc_ohc=SM1wRlP3lJwQ7kNvwEPuBYA&#038;_nc_oc=AdnqrjDN_BNjSSHWO-GbkIWH6fkGMLw4bqvL_NH6e2wMveX7G-rP2dAqsDSq1mJMOaY&#038;_nc_zt=24&#038;_nc_ht=scontent-gig4-1.xx&#038;_nc_gid=AoBFJeGrT1hVaew_6rchkQ&#038;oh=00_AfX7QmFGhQhG2jAllVgXCiM1ZrWgvtp80-Bfppyexh1QEg&#038;oe=689E923C\" \/>\n\t\t<meta property=\"article:published_time\" content=\"2018-08-14T18:46:30+00:00\" \/>\n\t\t<meta property=\"article:modified_time\" content=\"2018-08-14T18:46:30+00:00\" \/>\n\t\t<meta name=\"twitter:card\" content=\"summary_large_image\" \/>\n\t\t<meta name=\"twitter:title\" content=\"Jornada de Reis de Muria\u00e9 participa de Encontro na cidade de Leopoldina - A Not\u00edcia Online\" \/>\n\t\t<meta name=\"twitter:description\" content=\"Um dos integrantes da Jornada de Reis Anjo Serafim, do Bairro Safira, Pedro Paulo de Ara\u00fajo, de 25 anos, falou, nesta quarta-feira (8), sobre o Encontro de Jornadas de Reis, que aconteceu em Leopoldina, no \u00faltimo s\u00e1bado (4). De acordo com Pedro, o Encontro foi inspirador e mais um incentivo para continuar com a manifesta\u00e7\u00e3o\" \/>\n\t\t<meta name=\"twitter:image\" content=\"https:\/\/scontent-gig4-1.xx.fbcdn.net\/v\/t39.30808-1\/270437624_4564083193639691_6907940295614233970_n.jpg?stp=dst-jpg_s200x200_tt6&amp;_nc_cat=111&amp;ccb=1-7&amp;_nc_sid=f907e8&amp;_nc_ohc=SM1wRlP3lJwQ7kNvwEPuBYA&amp;_nc_oc=AdnqrjDN_BNjSSHWO-GbkIWH6fkGMLw4bqvL_NH6e2wMveX7G-rP2dAqsDSq1mJMOaY&amp;_nc_zt=24&amp;_nc_ht=scontent-gig4-1.xx&amp;_nc_gid=AoBFJeGrT1hVaew_6rchkQ&amp;oh=00_AfX7QmFGhQhG2jAllVgXCiM1ZrWgvtp80-Bfppyexh1QEg&amp;oe=689E923C\" \/>\n\t\t<script type=\"application\/ld+json\" class=\"aioseo-schema\">\n\t\t\t{\"@context\":\"https:\\\/\\\/schema.org\",\"@graph\":[{\"@type\":\"BlogPosting\",\"@id\":\"https:\\\/\\\/anoticiaonline.com.br\\\/site\\\/jornada-de-reis-de-muriae-participa-de-encontro-na-cidade-de-leopoldina\\\/#blogposting\",\"name\":\"Jornada de Reis de Muria\\u00e9 participa de Encontro na cidade de Leopoldina - A Not\\u00edcia Online\",\"headline\":\"Jornada de Reis de Muria\\u00e9 participa de Encontro na cidade de Leopoldina\",\"author\":{\"@id\":\"https:\\\/\\\/anoticiaonline.com.br\\\/site\\\/author\\\/juliana\\\/#author\"},\"publisher\":{\"@id\":\"https:\\\/\\\/anoticiaonline.com.br\\\/site\\\/#organization\"},\"image\":{\"@type\":\"ImageObject\",\"url\":\"https:\\\/\\\/anoticiaonline.com.br\\\/site\\\/wp-content\\\/uploads\\\/2018\\\/08\\\/3-1.jpg\",\"width\":800,\"height\":533},\"datePublished\":\"2018-08-14T15:46:30-03:00\",\"dateModified\":\"2018-08-14T15:46:30-03:00\",\"inLanguage\":\"pt-BR\",\"mainEntityOfPage\":{\"@id\":\"https:\\\/\\\/anoticiaonline.com.br\\\/site\\\/jornada-de-reis-de-muriae-participa-de-encontro-na-cidade-de-leopoldina\\\/#webpage\"},\"isPartOf\":{\"@id\":\"https:\\\/\\\/anoticiaonline.com.br\\\/site\\\/jornada-de-reis-de-muriae-participa-de-encontro-na-cidade-de-leopoldina\\\/#webpage\"},\"articleSection\":\"Blog, Cultura, Regi\\u00e3o\"},{\"@type\":\"BreadcrumbList\",\"@id\":\"https:\\\/\\\/anoticiaonline.com.br\\\/site\\\/jornada-de-reis-de-muriae-participa-de-encontro-na-cidade-de-leopoldina\\\/#breadcrumblist\",\"itemListElement\":[{\"@type\":\"ListItem\",\"@id\":\"https:\\\/\\\/anoticiaonline.com.br\\\/site#listItem\",\"position\":1,\"name\":\"Home\",\"item\":\"https:\\\/\\\/anoticiaonline.com.br\\\/site\",\"nextItem\":{\"@type\":\"ListItem\",\"@id\":\"https:\\\/\\\/anoticiaonline.com.br\\\/site\\\/categoria\\\/muriae\\\/#listItem\",\"name\":\"Blog\"}},{\"@type\":\"ListItem\",\"@id\":\"https:\\\/\\\/anoticiaonline.com.br\\\/site\\\/categoria\\\/muriae\\\/#listItem\",\"position\":2,\"name\":\"Blog\",\"item\":\"https:\\\/\\\/anoticiaonline.com.br\\\/site\\\/categoria\\\/muriae\\\/\",\"nextItem\":{\"@type\":\"ListItem\",\"@id\":\"https:\\\/\\\/anoticiaonline.com.br\\\/site\\\/categoria\\\/muriae\\\/cultura\\\/#listItem\",\"name\":\"Cultura\"},\"previousItem\":{\"@type\":\"ListItem\",\"@id\":\"https:\\\/\\\/anoticiaonline.com.br\\\/site#listItem\",\"name\":\"Home\"}},{\"@type\":\"ListItem\",\"@id\":\"https:\\\/\\\/anoticiaonline.com.br\\\/site\\\/categoria\\\/muriae\\\/cultura\\\/#listItem\",\"position\":3,\"name\":\"Cultura\",\"item\":\"https:\\\/\\\/anoticiaonline.com.br\\\/site\\\/categoria\\\/muriae\\\/cultura\\\/\",\"nextItem\":{\"@type\":\"ListItem\",\"@id\":\"https:\\\/\\\/anoticiaonline.com.br\\\/site\\\/jornada-de-reis-de-muriae-participa-de-encontro-na-cidade-de-leopoldina\\\/#listItem\",\"name\":\"Jornada de Reis de Muria\\u00e9 participa de Encontro na cidade de Leopoldina\"},\"previousItem\":{\"@type\":\"ListItem\",\"@id\":\"https:\\\/\\\/anoticiaonline.com.br\\\/site\\\/categoria\\\/muriae\\\/#listItem\",\"name\":\"Blog\"}},{\"@type\":\"ListItem\",\"@id\":\"https:\\\/\\\/anoticiaonline.com.br\\\/site\\\/jornada-de-reis-de-muriae-participa-de-encontro-na-cidade-de-leopoldina\\\/#listItem\",\"position\":4,\"name\":\"Jornada de Reis de Muria\\u00e9 participa de Encontro na cidade de Leopoldina\",\"previousItem\":{\"@type\":\"ListItem\",\"@id\":\"https:\\\/\\\/anoticiaonline.com.br\\\/site\\\/categoria\\\/muriae\\\/cultura\\\/#listItem\",\"name\":\"Cultura\"}}]},{\"@type\":\"Organization\",\"@id\":\"https:\\\/\\\/anoticiaonline.com.br\\\/site\\\/#organization\",\"name\":\"A Not\\u00edcia Online\",\"description\":\"Noticias de Muria\\u00e9 e regi\\u00e3o\",\"url\":\"https:\\\/\\\/anoticiaonline.com.br\\\/site\\\/\",\"logo\":{\"@type\":\"ImageObject\",\"url\":\"https:\\\/\\\/scontent-gig4-1.xx.fbcdn.net\\\/v\\\/t39.30808-1\\\/270437624_4564083193639691_6907940295614233970_n.jpg?stp=dst-jpg_s200x200_tt6&_nc_cat=111&ccb=1-7&_nc_sid=f907e8&_nc_ohc=SM1wRlP3lJwQ7kNvwEPuBYA&_nc_oc=AdnqrjDN_BNjSSHWO-GbkIWH6fkGMLw4bqvL_NH6e2wMveX7G-rP2dAqsDSq1mJMOaY&_nc_zt=24&_nc_ht=scontent-gig4-1.xx&_nc_gid=AoBFJeGrT1hVaew_6rchkQ&oh=00_AfX7QmFGhQhG2jAllVgXCiM1ZrWgvtp80-Bfppyexh1QEg&oe=689E923C\",\"@id\":\"https:\\\/\\\/anoticiaonline.com.br\\\/site\\\/jornada-de-reis-de-muriae-participa-de-encontro-na-cidade-de-leopoldina\\\/#organizationLogo\"},\"image\":{\"@id\":\"https:\\\/\\\/anoticiaonline.com.br\\\/site\\\/jornada-de-reis-de-muriae-participa-de-encontro-na-cidade-de-leopoldina\\\/#organizationLogo\"}},{\"@type\":\"Person\",\"@id\":\"https:\\\/\\\/anoticiaonline.com.br\\\/site\\\/author\\\/juliana\\\/#author\",\"url\":\"https:\\\/\\\/anoticiaonline.com.br\\\/site\\\/author\\\/juliana\\\/\",\"name\":\"Juliana Laviola\",\"image\":{\"@type\":\"ImageObject\",\"@id\":\"https:\\\/\\\/anoticiaonline.com.br\\\/site\\\/jornada-de-reis-de-muriae-participa-de-encontro-na-cidade-de-leopoldina\\\/#authorImage\",\"url\":\"https:\\\/\\\/secure.gravatar.com\\\/avatar\\\/b8d45f5c699b100dfaf0e543582f38f38bf94cb7ae3a5e9abf8d891a34773335?s=96&d=mm&r=g\",\"width\":96,\"height\":96,\"caption\":\"Juliana Laviola\"}},{\"@type\":\"WebPage\",\"@id\":\"https:\\\/\\\/anoticiaonline.com.br\\\/site\\\/jornada-de-reis-de-muriae-participa-de-encontro-na-cidade-de-leopoldina\\\/#webpage\",\"url\":\"https:\\\/\\\/anoticiaonline.com.br\\\/site\\\/jornada-de-reis-de-muriae-participa-de-encontro-na-cidade-de-leopoldina\\\/\",\"name\":\"Jornada de Reis de Muria\\u00e9 participa de Encontro na cidade de Leopoldina - A Not\\u00edcia Online\",\"description\":\"Um dos integrantes da Jornada de Reis Anjo Serafim, do Bairro Safira, Pedro Paulo de Ara\\u00fajo, de 25 anos, falou, nesta quarta-feira (8), sobre o Encontro de Jornadas de Reis, que aconteceu em Leopoldina, no \\u00faltimo s\\u00e1bado (4). De acordo com Pedro, o Encontro foi inspirador e mais um incentivo para continuar com a manifesta\\u00e7\\u00e3o\",\"inLanguage\":\"pt-BR\",\"isPartOf\":{\"@id\":\"https:\\\/\\\/anoticiaonline.com.br\\\/site\\\/#website\"},\"breadcrumb\":{\"@id\":\"https:\\\/\\\/anoticiaonline.com.br\\\/site\\\/jornada-de-reis-de-muriae-participa-de-encontro-na-cidade-de-leopoldina\\\/#breadcrumblist\"},\"author\":{\"@id\":\"https:\\\/\\\/anoticiaonline.com.br\\\/site\\\/author\\\/juliana\\\/#author\"},\"creator\":{\"@id\":\"https:\\\/\\\/anoticiaonline.com.br\\\/site\\\/author\\\/juliana\\\/#author\"},\"image\":{\"@type\":\"ImageObject\",\"url\":\"https:\\\/\\\/anoticiaonline.com.br\\\/site\\\/wp-content\\\/uploads\\\/2018\\\/08\\\/3-1.jpg\",\"@id\":\"https:\\\/\\\/anoticiaonline.com.br\\\/site\\\/jornada-de-reis-de-muriae-participa-de-encontro-na-cidade-de-leopoldina\\\/#mainImage\",\"width\":800,\"height\":533},\"primaryImageOfPage\":{\"@id\":\"https:\\\/\\\/anoticiaonline.com.br\\\/site\\\/jornada-de-reis-de-muriae-participa-de-encontro-na-cidade-de-leopoldina\\\/#mainImage\"},\"datePublished\":\"2018-08-14T15:46:30-03:00\",\"dateModified\":\"2018-08-14T15:46:30-03:00\"},{\"@type\":\"WebSite\",\"@id\":\"https:\\\/\\\/anoticiaonline.com.br\\\/site\\\/#website\",\"url\":\"https:\\\/\\\/anoticiaonline.com.br\\\/site\\\/\",\"name\":\"A Not\\u00edcia Online\",\"description\":\"Noticias de Muria\\u00e9 e regi\\u00e3o\",\"inLanguage\":\"pt-BR\",\"publisher\":{\"@id\":\"https:\\\/\\\/anoticiaonline.com.br\\\/site\\\/#organization\"}}]}\n\t\t<\/script>\n\t\t<!-- All in One SEO -->\n\n","aioseo_head_json":{"title":"Jornada de Reis de Muria\u00e9 participa de Encontro na cidade de Leopoldina - A Not\u00edcia Online","description":"Um dos integrantes da Jornada de Reis Anjo Serafim, do Bairro Safira, Pedro Paulo de Ara\u00fajo, de 25 anos, falou, nesta quarta-feira (8), sobre o Encontro de Jornadas de Reis, que aconteceu em Leopoldina, no \u00faltimo s\u00e1bado (4). De acordo com Pedro, o Encontro foi inspirador e mais um incentivo para continuar com a manifesta\u00e7\u00e3o","canonical_url":"https:\/\/anoticiaonline.com.br\/site\/jornada-de-reis-de-muriae-participa-de-encontro-na-cidade-de-leopoldina\/","robots":"max-image-preview:large","keywords":"","webmasterTools":{"miscellaneous":""},"schema":{"@context":"https:\/\/schema.org","@graph":[{"@type":"BlogPosting","@id":"https:\/\/anoticiaonline.com.br\/site\/jornada-de-reis-de-muriae-participa-de-encontro-na-cidade-de-leopoldina\/#blogposting","name":"Jornada de Reis de Muria\u00e9 participa de Encontro na cidade de Leopoldina - A Not\u00edcia Online","headline":"Jornada de Reis de Muria\u00e9 participa de Encontro na cidade de Leopoldina","author":{"@id":"https:\/\/anoticiaonline.com.br\/site\/author\/juliana\/#author"},"publisher":{"@id":"https:\/\/anoticiaonline.com.br\/site\/#organization"},"image":{"@type":"ImageObject","url":"https:\/\/anoticiaonline.com.br\/site\/wp-content\/uploads\/2018\/08\/3-1.jpg","width":800,"height":533},"datePublished":"2018-08-14T15:46:30-03:00","dateModified":"2018-08-14T15:46:30-03:00","inLanguage":"pt-BR","mainEntityOfPage":{"@id":"https:\/\/anoticiaonline.com.br\/site\/jornada-de-reis-de-muriae-participa-de-encontro-na-cidade-de-leopoldina\/#webpage"},"isPartOf":{"@id":"https:\/\/anoticiaonline.com.br\/site\/jornada-de-reis-de-muriae-participa-de-encontro-na-cidade-de-leopoldina\/#webpage"},"articleSection":"Blog, Cultura, Regi\u00e3o"},{"@type":"BreadcrumbList","@id":"https:\/\/anoticiaonline.com.br\/site\/jornada-de-reis-de-muriae-participa-de-encontro-na-cidade-de-leopoldina\/#breadcrumblist","itemListElement":[{"@type":"ListItem","@id":"https:\/\/anoticiaonline.com.br\/site#listItem","position":1,"name":"Home","item":"https:\/\/anoticiaonline.com.br\/site","nextItem":{"@type":"ListItem","@id":"https:\/\/anoticiaonline.com.br\/site\/categoria\/muriae\/#listItem","name":"Blog"}},{"@type":"ListItem","@id":"https:\/\/anoticiaonline.com.br\/site\/categoria\/muriae\/#listItem","position":2,"name":"Blog","item":"https:\/\/anoticiaonline.com.br\/site\/categoria\/muriae\/","nextItem":{"@type":"ListItem","@id":"https:\/\/anoticiaonline.com.br\/site\/categoria\/muriae\/cultura\/#listItem","name":"Cultura"},"previousItem":{"@type":"ListItem","@id":"https:\/\/anoticiaonline.com.br\/site#listItem","name":"Home"}},{"@type":"ListItem","@id":"https:\/\/anoticiaonline.com.br\/site\/categoria\/muriae\/cultura\/#listItem","position":3,"name":"Cultura","item":"https:\/\/anoticiaonline.com.br\/site\/categoria\/muriae\/cultura\/","nextItem":{"@type":"ListItem","@id":"https:\/\/anoticiaonline.com.br\/site\/jornada-de-reis-de-muriae-participa-de-encontro-na-cidade-de-leopoldina\/#listItem","name":"Jornada de Reis de Muria\u00e9 participa de Encontro na cidade de Leopoldina"},"previousItem":{"@type":"ListItem","@id":"https:\/\/anoticiaonline.com.br\/site\/categoria\/muriae\/#listItem","name":"Blog"}},{"@type":"ListItem","@id":"https:\/\/anoticiaonline.com.br\/site\/jornada-de-reis-de-muriae-participa-de-encontro-na-cidade-de-leopoldina\/#listItem","position":4,"name":"Jornada de Reis de Muria\u00e9 participa de Encontro na cidade de Leopoldina","previousItem":{"@type":"ListItem","@id":"https:\/\/anoticiaonline.com.br\/site\/categoria\/muriae\/cultura\/#listItem","name":"Cultura"}}]},{"@type":"Organization","@id":"https:\/\/anoticiaonline.com.br\/site\/#organization","name":"A Not\u00edcia Online","description":"Noticias de Muria\u00e9 e regi\u00e3o","url":"https:\/\/anoticiaonline.com.br\/site\/","logo":{"@type":"ImageObject","url":"https:\/\/scontent-gig4-1.xx.fbcdn.net\/v\/t39.30808-1\/270437624_4564083193639691_6907940295614233970_n.jpg?stp=dst-jpg_s200x200_tt6&_nc_cat=111&ccb=1-7&_nc_sid=f907e8&_nc_ohc=SM1wRlP3lJwQ7kNvwEPuBYA&_nc_oc=AdnqrjDN_BNjSSHWO-GbkIWH6fkGMLw4bqvL_NH6e2wMveX7G-rP2dAqsDSq1mJMOaY&_nc_zt=24&_nc_ht=scontent-gig4-1.xx&_nc_gid=AoBFJeGrT1hVaew_6rchkQ&oh=00_AfX7QmFGhQhG2jAllVgXCiM1ZrWgvtp80-Bfppyexh1QEg&oe=689E923C","@id":"https:\/\/anoticiaonline.com.br\/site\/jornada-de-reis-de-muriae-participa-de-encontro-na-cidade-de-leopoldina\/#organizationLogo"},"image":{"@id":"https:\/\/anoticiaonline.com.br\/site\/jornada-de-reis-de-muriae-participa-de-encontro-na-cidade-de-leopoldina\/#organizationLogo"}},{"@type":"Person","@id":"https:\/\/anoticiaonline.com.br\/site\/author\/juliana\/#author","url":"https:\/\/anoticiaonline.com.br\/site\/author\/juliana\/","name":"Juliana Laviola","image":{"@type":"ImageObject","@id":"https:\/\/anoticiaonline.com.br\/site\/jornada-de-reis-de-muriae-participa-de-encontro-na-cidade-de-leopoldina\/#authorImage","url":"https:\/\/secure.gravatar.com\/avatar\/b8d45f5c699b100dfaf0e543582f38f38bf94cb7ae3a5e9abf8d891a34773335?s=96&d=mm&r=g","width":96,"height":96,"caption":"Juliana Laviola"}},{"@type":"WebPage","@id":"https:\/\/anoticiaonline.com.br\/site\/jornada-de-reis-de-muriae-participa-de-encontro-na-cidade-de-leopoldina\/#webpage","url":"https:\/\/anoticiaonline.com.br\/site\/jornada-de-reis-de-muriae-participa-de-encontro-na-cidade-de-leopoldina\/","name":"Jornada de Reis de Muria\u00e9 participa de Encontro na cidade de Leopoldina - A Not\u00edcia Online","description":"Um dos integrantes da Jornada de Reis Anjo Serafim, do Bairro Safira, Pedro Paulo de Ara\u00fajo, de 25 anos, falou, nesta quarta-feira (8), sobre o Encontro de Jornadas de Reis, que aconteceu em Leopoldina, no \u00faltimo s\u00e1bado (4). De acordo com Pedro, o Encontro foi inspirador e mais um incentivo para continuar com a manifesta\u00e7\u00e3o","inLanguage":"pt-BR","isPartOf":{"@id":"https:\/\/anoticiaonline.com.br\/site\/#website"},"breadcrumb":{"@id":"https:\/\/anoticiaonline.com.br\/site\/jornada-de-reis-de-muriae-participa-de-encontro-na-cidade-de-leopoldina\/#breadcrumblist"},"author":{"@id":"https:\/\/anoticiaonline.com.br\/site\/author\/juliana\/#author"},"creator":{"@id":"https:\/\/anoticiaonline.com.br\/site\/author\/juliana\/#author"},"image":{"@type":"ImageObject","url":"https:\/\/anoticiaonline.com.br\/site\/wp-content\/uploads\/2018\/08\/3-1.jpg","@id":"https:\/\/anoticiaonline.com.br\/site\/jornada-de-reis-de-muriae-participa-de-encontro-na-cidade-de-leopoldina\/#mainImage","width":800,"height":533},"primaryImageOfPage":{"@id":"https:\/\/anoticiaonline.com.br\/site\/jornada-de-reis-de-muriae-participa-de-encontro-na-cidade-de-leopoldina\/#mainImage"},"datePublished":"2018-08-14T15:46:30-03:00","dateModified":"2018-08-14T15:46:30-03:00"},{"@type":"WebSite","@id":"https:\/\/anoticiaonline.com.br\/site\/#website","url":"https:\/\/anoticiaonline.com.br\/site\/","name":"A Not\u00edcia Online","description":"Noticias de Muria\u00e9 e regi\u00e3o","inLanguage":"pt-BR","publisher":{"@id":"https:\/\/anoticiaonline.com.br\/site\/#organization"}}]},"og:locale":"pt_BR","og:site_name":"A Not\u00edcia Online - Noticias de Muria\u00e9 e regi\u00e3o","og:type":"article","og:title":"Jornada de Reis de Muria\u00e9 participa de Encontro na cidade de Leopoldina - A Not\u00edcia Online","og:description":"Um dos integrantes da Jornada de Reis Anjo Serafim, do Bairro Safira, Pedro Paulo de Ara\u00fajo, de 25 anos, falou, nesta quarta-feira (8), sobre o Encontro de Jornadas de Reis, que aconteceu em Leopoldina, no \u00faltimo s\u00e1bado (4). De acordo com Pedro, o Encontro foi inspirador e mais um incentivo para continuar com a manifesta\u00e7\u00e3o","og:url":"https:\/\/anoticiaonline.com.br\/site\/jornada-de-reis-de-muriae-participa-de-encontro-na-cidade-de-leopoldina\/","og:image":"https:\/\/scontent-gig4-1.xx.fbcdn.net\/v\/t39.30808-1\/270437624_4564083193639691_6907940295614233970_n.jpg?stp=dst-jpg_s200x200_tt6&#038;_nc_cat=111&#038;ccb=1-7&#038;_nc_sid=f907e8&#038;_nc_ohc=SM1wRlP3lJwQ7kNvwEPuBYA&#038;_nc_oc=AdnqrjDN_BNjSSHWO-GbkIWH6fkGMLw4bqvL_NH6e2wMveX7G-rP2dAqsDSq1mJMOaY&#038;_nc_zt=24&#038;_nc_ht=scontent-gig4-1.xx&#038;_nc_gid=AoBFJeGrT1hVaew_6rchkQ&#038;oh=00_AfX7QmFGhQhG2jAllVgXCiM1ZrWgvtp80-Bfppyexh1QEg&#038;oe=689E923C","og:image:secure_url":"https:\/\/scontent-gig4-1.xx.fbcdn.net\/v\/t39.30808-1\/270437624_4564083193639691_6907940295614233970_n.jpg?stp=dst-jpg_s200x200_tt6&#038;_nc_cat=111&#038;ccb=1-7&#038;_nc_sid=f907e8&#038;_nc_ohc=SM1wRlP3lJwQ7kNvwEPuBYA&#038;_nc_oc=AdnqrjDN_BNjSSHWO-GbkIWH6fkGMLw4bqvL_NH6e2wMveX7G-rP2dAqsDSq1mJMOaY&#038;_nc_zt=24&#038;_nc_ht=scontent-gig4-1.xx&#038;_nc_gid=AoBFJeGrT1hVaew_6rchkQ&#038;oh=00_AfX7QmFGhQhG2jAllVgXCiM1ZrWgvtp80-Bfppyexh1QEg&#038;oe=689E923C","article:published_time":"2018-08-14T18:46:30+00:00","article:modified_time":"2018-08-14T18:46:30+00:00","twitter:card":"summary_large_image","twitter:title":"Jornada de Reis de Muria\u00e9 participa de Encontro na cidade de Leopoldina - A Not\u00edcia Online","twitter:description":"Um dos integrantes da Jornada de Reis Anjo Serafim, do Bairro Safira, Pedro Paulo de Ara\u00fajo, de 25 anos, falou, nesta quarta-feira (8), sobre o Encontro de Jornadas de Reis, que aconteceu em Leopoldina, no \u00faltimo s\u00e1bado (4). De acordo com Pedro, o Encontro foi inspirador e mais um incentivo para continuar com a manifesta\u00e7\u00e3o","twitter:image":"https:\/\/scontent-gig4-1.xx.fbcdn.net\/v\/t39.30808-1\/270437624_4564083193639691_6907940295614233970_n.jpg?stp=dst-jpg_s200x200_tt6&_nc_cat=111&ccb=1-7&_nc_sid=f907e8&_nc_ohc=SM1wRlP3lJwQ7kNvwEPuBYA&_nc_oc=AdnqrjDN_BNjSSHWO-GbkIWH6fkGMLw4bqvL_NH6e2wMveX7G-rP2dAqsDSq1mJMOaY&_nc_zt=24&_nc_ht=scontent-gig4-1.xx&_nc_gid=AoBFJeGrT1hVaew_6rchkQ&oh=00_AfX7QmFGhQhG2jAllVgXCiM1ZrWgvtp80-Bfppyexh1QEg&oe=689E923C"},"aioseo_meta_data":{"post_id":"59808","title":null,"description":null,"keywords":null,"keyphrases":null,"primary_term":null,"canonical_url":null,"og_title":null,"og_description":null,"og_object_type":"default","og_image_type":"default","og_image_url":null,"og_image_width":null,"og_image_height":null,"og_image_custom_url":null,"og_image_custom_fields":null,"og_video":null,"og_custom_url":null,"og_article_section":null,"og_article_tags":null,"twitter_use_og":false,"twitter_card":"default","twitter_image_type":"default","twitter_image_url":null,"twitter_image_custom_url":null,"twitter_image_custom_fields":null,"twitter_title":null,"twitter_description":null,"schema":{"blockGraphs":[],"customGraphs":[],"default":{"data":{"Article":[],"Course":[],"Dataset":[],"FAQPage":[],"Movie":[],"Person":[],"Product":[],"ProductReview":[],"Car":[],"Recipe":[],"Service":[],"SoftwareApplication":[],"WebPage":[]},"graphName":"","isEnabled":true},"graphs":[]},"schema_type":"default","schema_type_options":null,"pillar_content":false,"robots_default":true,"robots_noindex":false,"robots_noarchive":false,"robots_nosnippet":false,"robots_nofollow":false,"robots_noimageindex":false,"robots_noodp":false,"robots_notranslate":false,"robots_max_snippet":null,"robots_max_videopreview":null,"robots_max_imagepreview":"large","priority":null,"frequency":null,"local_seo":null,"breadcrumb_settings":null,"limit_modified_date":false,"ai":null,"created":"2025-08-16 21:24:25","updated":"2025-08-16 21:24:25","focus_keyword":null,"additional_keywords":null,"truseo_locale":null,"seo_analyzer_scan_date":null},"aioseo_breadcrumb":"<div class=\"aioseo-breadcrumbs\"><span class=\"aioseo-breadcrumb\">\n\t\t\t<a href=\"https:\/\/anoticiaonline.com.br\/site\" title=\"Home\">Home<\/a>\n\t\t<\/span><span class=\"aioseo-breadcrumb-separator\">&raquo;<\/span><span class=\"aioseo-breadcrumb\">\n\t\t\t<a href=\"https:\/\/anoticiaonline.com.br\/site\/categoria\/muriae\/\" title=\"Blog\">Blog<\/a>\n\t\t<\/span><span class=\"aioseo-breadcrumb-separator\">&raquo;<\/span><span class=\"aioseo-breadcrumb\">\n\t\t\t<a href=\"https:\/\/anoticiaonline.com.br\/site\/categoria\/muriae\/cultura\/\" title=\"Cultura\">Cultura<\/a>\n\t\t<\/span><span class=\"aioseo-breadcrumb-separator\">&raquo;<\/span><span class=\"aioseo-breadcrumb\">\n\t\t\tJornada de Reis de Muria\u00e9 participa de Encontro na cidade de Leopoldina\n\t\t<\/span><\/div>","aioseo_breadcrumb_json":[{"label":"Home","link":"https:\/\/anoticiaonline.com.br\/site"},{"label":"Blog","link":"https:\/\/anoticiaonline.com.br\/site\/categoria\/muriae\/"},{"label":"Cultura","link":"https:\/\/anoticiaonline.com.br\/site\/categoria\/muriae\/cultura\/"},{"label":"Jornada de Reis de Muria\u00e9 participa de Encontro na cidade de Leopoldina","link":"https:\/\/anoticiaonline.com.br\/site\/jornada-de-reis-de-muriae-participa-de-encontro-na-cidade-de-leopoldina\/"}],"views":152,"_links":{"self":[{"href":"https:\/\/anoticiaonline.com.br\/site\/wp-json\/wp\/v2\/posts\/59808","targetHints":{"allow":["GET"]}}],"collection":[{"href":"https:\/\/anoticiaonline.com.br\/site\/wp-json\/wp\/v2\/posts"}],"about":[{"href":"https:\/\/anoticiaonline.com.br\/site\/wp-json\/wp\/v2\/types\/post"}],"author":[{"embeddable":true,"href":"https:\/\/anoticiaonline.com.br\/site\/wp-json\/wp\/v2\/users\/2"}],"replies":[{"embeddable":true,"href":"https:\/\/anoticiaonline.com.br\/site\/wp-json\/wp\/v2\/comments?post=59808"}],"version-history":[{"count":0,"href":"https:\/\/anoticiaonline.com.br\/site\/wp-json\/wp\/v2\/posts\/59808\/revisions"}],"wp:featuredmedia":[{"embeddable":true,"href":"https:\/\/anoticiaonline.com.br\/site\/wp-json\/wp\/v2\/media\/59810"}],"wp:attachment":[{"href":"https:\/\/anoticiaonline.com.br\/site\/wp-json\/wp\/v2\/media?parent=59808"}],"wp:term":[{"taxonomy":"category","embeddable":true,"href":"https:\/\/anoticiaonline.com.br\/site\/wp-json\/wp\/v2\/categories?post=59808"},{"taxonomy":"post_tag","embeddable":true,"href":"https:\/\/anoticiaonline.com.br\/site\/wp-json\/wp\/v2\/tags?post=59808"}],"curies":[{"name":"wp","href":"https:\/\/api.w.org\/{rel}","templated":true}]}}