{"id":5965,"date":"2015-11-09T14:00:25","date_gmt":"2015-11-09T17:00:25","guid":{"rendered":"http:\/\/anoticiaonline.com.br\/site\/?p=5965"},"modified":"2015-11-09T09:31:30","modified_gmt":"2015-11-09T12:31:30","slug":"o-samba-vai-tomar-conta-de-boa-familia-no-final-de-semana","status":"publish","type":"post","link":"https:\/\/anoticiaonline.com.br\/site\/o-samba-vai-tomar-conta-de-boa-familia-no-final-de-semana\/","title":{"rendered":"O samba vai tomar conta de Boa Fam\u00edlia no final de semana"},"content":{"rendered":"<p><a href=\"https:\/\/anoticiaonline.com.br\/site\/wp-content\/uploads\/2015\/11\/convite-boa-fam\u00edlia-samba-logo.jpg\"><img fetchpriority=\"high\" decoding=\"async\" class=\" size-medium wp-image-5966 alignleft\" src=\"https:\/\/anoticiaonline.com.br\/site\/wp-content\/uploads\/2015\/11\/convite-boa-fam\u00edlia-samba-logo-300x283.jpg\" alt=\"convite boa fam\u00edlia samba logo\" width=\"300\" height=\"283\" srcset=\"https:\/\/anoticiaonline.com.br\/site\/wp-content\/uploads\/2015\/11\/convite-boa-fam\u00edlia-samba-logo-300x283.jpg 300w, https:\/\/anoticiaonline.com.br\/site\/wp-content\/uploads\/2015\/11\/convite-boa-fam\u00edlia-samba-logo.jpg 640w\" sizes=\"(max-width: 300px) 100vw, 300px\" \/><\/a>Neste final de semana (14 e 15) vai ter muito samba no distrito de Boa Fam\u00edlia. A terceira edi\u00e7\u00e3o do \u201cBoa Fam\u00edlia na Rota do Samba\u201d contar\u00e1 com show de Sambanejo, A\u00ed Vem Eles, Sambloco e Thaylis, al\u00e9m de apresenta\u00e7\u00e3o da Banda Sociedade Musical Uni\u00e3o dos Artistas, da Folia de Reis Anjo Gabriel e do projeto &#8220;Escola de Samba Santa Terezinha&#8221;, memorial, conta\u00e7\u00e3o de hist\u00f3rias, sorteio de livros infantis e brincadeiras com palha\u00e7os na tenda da Biblioteca Municipal Vivaldi Wenceslau Moreira &#8211; Projeto &#8220;Prazer em Ler, Prazer em Conhecer&#8221;.<\/p>\n<p>O evento \u00e9 uma realiza\u00e7\u00e3o da Prefeitura Municipal de Muria\u00e9, Fundarte Liga Carnavalesca de Muria\u00e9 (Licamur) e Conselho Socioecon\u00f4mico de Boa Fam\u00edlia.<\/p>\n<p><strong>PROGRAMA\u00c7\u00c3O:<\/strong><\/p>\n<p><strong>S\u00e1bado (14):<\/strong><br \/>\n22h- Show com Sambanejo<\/p>\n<p><strong>Domingo (15):<\/strong><br \/>\n9h &#8211; Missa<br \/>\n10h &#8211; Apresenta\u00e7\u00e3o da Banda Sociedade Musical Uni\u00e3o dos Artistas<br \/>\n11h &#8211; Apresenta\u00e7\u00e3o da Folia de Reis Anjo Gabriel<br \/>\n12h &#8211; Abertura do ,emorial<br \/>\n12h &#8211; Show com A\u00ed Vem Eles<br \/>\n14h &#8211; Conta\u00e7\u00e3o de hist\u00f3rias, sorteio de livros infantis e brincadeiras com palha\u00e7os na tenda da Biblioteca Municipal Vivaldi Wenceslau Moreira &#8211; Projeto &#8220;Prazer em Ler, Prazer em Conhecer&#8221;<br \/>\n14h30min &#8211; Apresenta\u00e7\u00e3o do Projeto &#8220;Escola de Samba Santa Terezinha&#8221;<br \/>\n15h30min &#8211; Show com Sambloco<br \/>\n17h &#8211; Show com Thaylis<\/p>\n","protected":false},"excerpt":{"rendered":"<p>Neste final de semana (14 e 15) vai ter muito samba no distrito de Boa Fam\u00edlia. A terceira edi\u00e7\u00e3o do \u201cBoa Fam\u00edlia na Rota do Samba\u201d contar\u00e1 com show de Sambanejo, A\u00ed Vem Eles, Sambloco e Thaylis, al\u00e9m de apresenta\u00e7\u00e3o da Banda Sociedade Musical Uni\u00e3o dos Artistas, da Folia de Reis Anjo Gabriel e do &#8230; <a title=\"O samba vai tomar conta de Boa Fam\u00edlia no final de semana\" class=\"read-more\" href=\"https:\/\/anoticiaonline.com.br\/site\/o-samba-vai-tomar-conta-de-boa-familia-no-final-de-semana\/\" aria-label=\"Read more about O samba vai tomar conta de Boa Fam\u00edlia no final de semana\">Ler mais<\/a><\/p>\n","protected":false},"author":2,"featured_media":5966,"comment_status":"open","ping_status":"open","sticky":false,"template":"","format":"standard","meta":{"_acf_changed":false,"_monsterinsights_skip_tracking":false,"footnotes":""},"categories":[24],"tags":[3],"class_list":["post-5965","post","type-post","status-publish","format-standard","has-post-thumbnail","hentry","category-eventos","tag-slide"],"acf":[],"aioseo_notices":[],"aioseo_head":"\n\t\t<!-- All in One SEO 5.0.0.1 - aioseo.com -->\n\t<meta name=\"description\" content=\"Neste final de semana (14 e 15) vai ter muito samba no distrito de Boa Fam\u00edlia. A terceira edi\u00e7\u00e3o do \u201cBoa Fam\u00edlia na Rota do Samba\u201d contar\u00e1 com show de Sambanejo, A\u00ed Vem Eles, Sambloco e Thaylis, al\u00e9m de apresenta\u00e7\u00e3o da Banda Sociedade Musical Uni\u00e3o dos Artistas, da Folia de Reis Anjo Gabriel e do\" \/>\n\t<meta name=\"robots\" content=\"max-image-preview:large\" \/>\n\t<meta name=\"author\" content=\"Juliana Laviola\"\/>\n\t<link rel=\"canonical\" href=\"https:\/\/anoticiaonline.com.br\/site\/o-samba-vai-tomar-conta-de-boa-familia-no-final-de-semana\/\" \/>\n\t<meta name=\"generator\" content=\"All in One SEO (AIOSEO) 5.0.0.1\" \/>\n\t\t<meta property=\"og:locale\" content=\"pt_BR\" \/>\n\t\t<meta property=\"og:site_name\" content=\"A Not\u00edcia Online - Noticias de Muria\u00e9 e regi\u00e3o\" \/>\n\t\t<meta property=\"og:type\" content=\"article\" \/>\n\t\t<meta property=\"og:title\" content=\"O samba vai tomar conta de Boa Fam\u00edlia no final de semana - A Not\u00edcia Online\" \/>\n\t\t<meta property=\"og:description\" content=\"Neste final de semana (14 e 15) vai ter muito samba no distrito de Boa Fam\u00edlia. A terceira edi\u00e7\u00e3o do \u201cBoa Fam\u00edlia na Rota do Samba\u201d contar\u00e1 com show de Sambanejo, A\u00ed Vem Eles, Sambloco e Thaylis, al\u00e9m de apresenta\u00e7\u00e3o da Banda Sociedade Musical Uni\u00e3o dos Artistas, da Folia de Reis Anjo Gabriel e do\" \/>\n\t\t<meta property=\"og:url\" content=\"https:\/\/anoticiaonline.com.br\/site\/o-samba-vai-tomar-conta-de-boa-familia-no-final-de-semana\/\" \/>\n\t\t<meta property=\"og:image\" content=\"https:\/\/scontent-gig4-1.xx.fbcdn.net\/v\/t39.30808-1\/270437624_4564083193639691_6907940295614233970_n.jpg?stp=dst-jpg_s200x200_tt6&#038;_nc_cat=111&#038;ccb=1-7&#038;_nc_sid=f907e8&#038;_nc_ohc=SM1wRlP3lJwQ7kNvwEPuBYA&#038;_nc_oc=AdnqrjDN_BNjSSHWO-GbkIWH6fkGMLw4bqvL_NH6e2wMveX7G-rP2dAqsDSq1mJMOaY&#038;_nc_zt=24&#038;_nc_ht=scontent-gig4-1.xx&#038;_nc_gid=AoBFJeGrT1hVaew_6rchkQ&#038;oh=00_AfX7QmFGhQhG2jAllVgXCiM1ZrWgvtp80-Bfppyexh1QEg&#038;oe=689E923C\" \/>\n\t\t<meta property=\"og:image:secure_url\" content=\"https:\/\/scontent-gig4-1.xx.fbcdn.net\/v\/t39.30808-1\/270437624_4564083193639691_6907940295614233970_n.jpg?stp=dst-jpg_s200x200_tt6&#038;_nc_cat=111&#038;ccb=1-7&#038;_nc_sid=f907e8&#038;_nc_ohc=SM1wRlP3lJwQ7kNvwEPuBYA&#038;_nc_oc=AdnqrjDN_BNjSSHWO-GbkIWH6fkGMLw4bqvL_NH6e2wMveX7G-rP2dAqsDSq1mJMOaY&#038;_nc_zt=24&#038;_nc_ht=scontent-gig4-1.xx&#038;_nc_gid=AoBFJeGrT1hVaew_6rchkQ&#038;oh=00_AfX7QmFGhQhG2jAllVgXCiM1ZrWgvtp80-Bfppyexh1QEg&#038;oe=689E923C\" \/>\n\t\t<meta property=\"article:published_time\" content=\"2015-11-09T17:00:25+00:00\" \/>\n\t\t<meta property=\"article:modified_time\" content=\"2015-11-09T12:31:30+00:00\" \/>\n\t\t<meta name=\"twitter:card\" content=\"summary_large_image\" \/>\n\t\t<meta name=\"twitter:title\" content=\"O samba vai tomar conta de Boa Fam\u00edlia no final de semana - A Not\u00edcia Online\" \/>\n\t\t<meta name=\"twitter:description\" content=\"Neste final de semana (14 e 15) vai ter muito samba no distrito de Boa Fam\u00edlia. A terceira edi\u00e7\u00e3o do \u201cBoa Fam\u00edlia na Rota do Samba\u201d contar\u00e1 com show de Sambanejo, A\u00ed Vem Eles, Sambloco e Thaylis, al\u00e9m de apresenta\u00e7\u00e3o da Banda Sociedade Musical Uni\u00e3o dos Artistas, da Folia de Reis Anjo Gabriel e do\" \/>\n\t\t<meta name=\"twitter:image\" content=\"https:\/\/scontent-gig4-1.xx.fbcdn.net\/v\/t39.30808-1\/270437624_4564083193639691_6907940295614233970_n.jpg?stp=dst-jpg_s200x200_tt6&amp;_nc_cat=111&amp;ccb=1-7&amp;_nc_sid=f907e8&amp;_nc_ohc=SM1wRlP3lJwQ7kNvwEPuBYA&amp;_nc_oc=AdnqrjDN_BNjSSHWO-GbkIWH6fkGMLw4bqvL_NH6e2wMveX7G-rP2dAqsDSq1mJMOaY&amp;_nc_zt=24&amp;_nc_ht=scontent-gig4-1.xx&amp;_nc_gid=AoBFJeGrT1hVaew_6rchkQ&amp;oh=00_AfX7QmFGhQhG2jAllVgXCiM1ZrWgvtp80-Bfppyexh1QEg&amp;oe=689E923C\" \/>\n\t\t<script type=\"application\/ld+json\" class=\"aioseo-schema\">\n\t\t\t{\"@context\":\"https:\\\/\\\/schema.org\",\"@graph\":[{\"@type\":\"BlogPosting\",\"@id\":\"https:\\\/\\\/anoticiaonline.com.br\\\/site\\\/o-samba-vai-tomar-conta-de-boa-familia-no-final-de-semana\\\/#blogposting\",\"name\":\"O samba vai tomar conta de Boa Fam\\u00edlia no final de semana - A Not\\u00edcia Online\",\"headline\":\"O samba vai tomar conta de Boa Fam\\u00edlia no final de semana\",\"author\":{\"@id\":\"https:\\\/\\\/anoticiaonline.com.br\\\/site\\\/author\\\/juliana\\\/#author\"},\"publisher\":{\"@id\":\"https:\\\/\\\/anoticiaonline.com.br\\\/site\\\/#organization\"},\"image\":{\"@type\":\"ImageObject\",\"url\":\"https:\\\/\\\/anoticiaonline.com.br\\\/site\\\/wp-content\\\/uploads\\\/2015\\\/11\\\/convite-boa-fam\\u00edlia-samba-logo.jpg\",\"width\":640,\"height\":603},\"datePublished\":\"2015-11-09T14:00:25-03:00\",\"dateModified\":\"2015-11-09T09:31:30-03:00\",\"inLanguage\":\"pt-BR\",\"mainEntityOfPage\":{\"@id\":\"https:\\\/\\\/anoticiaonline.com.br\\\/site\\\/o-samba-vai-tomar-conta-de-boa-familia-no-final-de-semana\\\/#webpage\"},\"isPartOf\":{\"@id\":\"https:\\\/\\\/anoticiaonline.com.br\\\/site\\\/o-samba-vai-tomar-conta-de-boa-familia-no-final-de-semana\\\/#webpage\"},\"articleSection\":\"Eventos, slide\"},{\"@type\":\"BreadcrumbList\",\"@id\":\"https:\\\/\\\/anoticiaonline.com.br\\\/site\\\/o-samba-vai-tomar-conta-de-boa-familia-no-final-de-semana\\\/#breadcrumblist\",\"itemListElement\":[{\"@type\":\"ListItem\",\"@id\":\"https:\\\/\\\/anoticiaonline.com.br\\\/site#listItem\",\"position\":1,\"name\":\"Home\",\"item\":\"https:\\\/\\\/anoticiaonline.com.br\\\/site\",\"nextItem\":{\"@type\":\"ListItem\",\"@id\":\"https:\\\/\\\/anoticiaonline.com.br\\\/site\\\/categoria\\\/eventos\\\/#listItem\",\"name\":\"Eventos\"}},{\"@type\":\"ListItem\",\"@id\":\"https:\\\/\\\/anoticiaonline.com.br\\\/site\\\/categoria\\\/eventos\\\/#listItem\",\"position\":2,\"name\":\"Eventos\",\"item\":\"https:\\\/\\\/anoticiaonline.com.br\\\/site\\\/categoria\\\/eventos\\\/\",\"nextItem\":{\"@type\":\"ListItem\",\"@id\":\"https:\\\/\\\/anoticiaonline.com.br\\\/site\\\/o-samba-vai-tomar-conta-de-boa-familia-no-final-de-semana\\\/#listItem\",\"name\":\"O samba vai tomar conta de Boa Fam\\u00edlia no final de semana\"},\"previousItem\":{\"@type\":\"ListItem\",\"@id\":\"https:\\\/\\\/anoticiaonline.com.br\\\/site#listItem\",\"name\":\"Home\"}},{\"@type\":\"ListItem\",\"@id\":\"https:\\\/\\\/anoticiaonline.com.br\\\/site\\\/o-samba-vai-tomar-conta-de-boa-familia-no-final-de-semana\\\/#listItem\",\"position\":3,\"name\":\"O samba vai tomar conta de Boa Fam\\u00edlia no final de semana\",\"previousItem\":{\"@type\":\"ListItem\",\"@id\":\"https:\\\/\\\/anoticiaonline.com.br\\\/site\\\/categoria\\\/eventos\\\/#listItem\",\"name\":\"Eventos\"}}]},{\"@type\":\"Organization\",\"@id\":\"https:\\\/\\\/anoticiaonline.com.br\\\/site\\\/#organization\",\"name\":\"A Not\\u00edcia Online\",\"description\":\"Noticias de Muria\\u00e9 e regi\\u00e3o\",\"url\":\"https:\\\/\\\/anoticiaonline.com.br\\\/site\\\/\",\"logo\":{\"@type\":\"ImageObject\",\"url\":\"https:\\\/\\\/scontent-gig4-1.xx.fbcdn.net\\\/v\\\/t39.30808-1\\\/270437624_4564083193639691_6907940295614233970_n.jpg?stp=dst-jpg_s200x200_tt6&_nc_cat=111&ccb=1-7&_nc_sid=f907e8&_nc_ohc=SM1wRlP3lJwQ7kNvwEPuBYA&_nc_oc=AdnqrjDN_BNjSSHWO-GbkIWH6fkGMLw4bqvL_NH6e2wMveX7G-rP2dAqsDSq1mJMOaY&_nc_zt=24&_nc_ht=scontent-gig4-1.xx&_nc_gid=AoBFJeGrT1hVaew_6rchkQ&oh=00_AfX7QmFGhQhG2jAllVgXCiM1ZrWgvtp80-Bfppyexh1QEg&oe=689E923C\",\"@id\":\"https:\\\/\\\/anoticiaonline.com.br\\\/site\\\/o-samba-vai-tomar-conta-de-boa-familia-no-final-de-semana\\\/#organizationLogo\"},\"image\":{\"@id\":\"https:\\\/\\\/anoticiaonline.com.br\\\/site\\\/o-samba-vai-tomar-conta-de-boa-familia-no-final-de-semana\\\/#organizationLogo\"}},{\"@type\":\"Person\",\"@id\":\"https:\\\/\\\/anoticiaonline.com.br\\\/site\\\/author\\\/juliana\\\/#author\",\"url\":\"https:\\\/\\\/anoticiaonline.com.br\\\/site\\\/author\\\/juliana\\\/\",\"name\":\"Juliana Laviola\",\"image\":{\"@type\":\"ImageObject\",\"@id\":\"https:\\\/\\\/anoticiaonline.com.br\\\/site\\\/o-samba-vai-tomar-conta-de-boa-familia-no-final-de-semana\\\/#authorImage\",\"url\":\"https:\\\/\\\/secure.gravatar.com\\\/avatar\\\/b8d45f5c699b100dfaf0e543582f38f38bf94cb7ae3a5e9abf8d891a34773335?s=96&d=mm&r=g\",\"width\":96,\"height\":96,\"caption\":\"Juliana Laviola\"}},{\"@type\":\"WebPage\",\"@id\":\"https:\\\/\\\/anoticiaonline.com.br\\\/site\\\/o-samba-vai-tomar-conta-de-boa-familia-no-final-de-semana\\\/#webpage\",\"url\":\"https:\\\/\\\/anoticiaonline.com.br\\\/site\\\/o-samba-vai-tomar-conta-de-boa-familia-no-final-de-semana\\\/\",\"name\":\"O samba vai tomar conta de Boa Fam\\u00edlia no final de semana - A Not\\u00edcia Online\",\"description\":\"Neste final de semana (14 e 15) vai ter muito samba no distrito de Boa Fam\\u00edlia. A terceira edi\\u00e7\\u00e3o do \\u201cBoa Fam\\u00edlia na Rota do Samba\\u201d contar\\u00e1 com show de Sambanejo, A\\u00ed Vem Eles, Sambloco e Thaylis, al\\u00e9m de apresenta\\u00e7\\u00e3o da Banda Sociedade Musical Uni\\u00e3o dos Artistas, da Folia de Reis Anjo Gabriel e do\",\"inLanguage\":\"pt-BR\",\"isPartOf\":{\"@id\":\"https:\\\/\\\/anoticiaonline.com.br\\\/site\\\/#website\"},\"breadcrumb\":{\"@id\":\"https:\\\/\\\/anoticiaonline.com.br\\\/site\\\/o-samba-vai-tomar-conta-de-boa-familia-no-final-de-semana\\\/#breadcrumblist\"},\"author\":{\"@id\":\"https:\\\/\\\/anoticiaonline.com.br\\\/site\\\/author\\\/juliana\\\/#author\"},\"creator\":{\"@id\":\"https:\\\/\\\/anoticiaonline.com.br\\\/site\\\/author\\\/juliana\\\/#author\"},\"image\":{\"@type\":\"ImageObject\",\"url\":\"https:\\\/\\\/anoticiaonline.com.br\\\/site\\\/wp-content\\\/uploads\\\/2015\\\/11\\\/convite-boa-fam\\u00edlia-samba-logo.jpg\",\"@id\":\"https:\\\/\\\/anoticiaonline.com.br\\\/site\\\/o-samba-vai-tomar-conta-de-boa-familia-no-final-de-semana\\\/#mainImage\",\"width\":640,\"height\":603},\"primaryImageOfPage\":{\"@id\":\"https:\\\/\\\/anoticiaonline.com.br\\\/site\\\/o-samba-vai-tomar-conta-de-boa-familia-no-final-de-semana\\\/#mainImage\"},\"datePublished\":\"2015-11-09T14:00:25-03:00\",\"dateModified\":\"2015-11-09T09:31:30-03:00\"},{\"@type\":\"WebSite\",\"@id\":\"https:\\\/\\\/anoticiaonline.com.br\\\/site\\\/#website\",\"url\":\"https:\\\/\\\/anoticiaonline.com.br\\\/site\\\/\",\"name\":\"A Not\\u00edcia Online\",\"description\":\"Noticias de Muria\\u00e9 e regi\\u00e3o\",\"inLanguage\":\"pt-BR\",\"publisher\":{\"@id\":\"https:\\\/\\\/anoticiaonline.com.br\\\/site\\\/#organization\"}}]}\n\t\t<\/script>\n\t\t<!-- All in One SEO -->\n\n","aioseo_head_json":{"title":"O samba vai tomar conta de Boa Fam\u00edlia no final de semana - A Not\u00edcia Online","description":"Neste final de semana (14 e 15) vai ter muito samba no distrito de Boa Fam\u00edlia. A terceira edi\u00e7\u00e3o do \u201cBoa Fam\u00edlia na Rota do Samba\u201d contar\u00e1 com show de Sambanejo, A\u00ed Vem Eles, Sambloco e Thaylis, al\u00e9m de apresenta\u00e7\u00e3o da Banda Sociedade Musical Uni\u00e3o dos Artistas, da Folia de Reis Anjo Gabriel e do","canonical_url":"https:\/\/anoticiaonline.com.br\/site\/o-samba-vai-tomar-conta-de-boa-familia-no-final-de-semana\/","robots":"max-image-preview:large","keywords":"","webmasterTools":{"miscellaneous":""},"schema":{"@context":"https:\/\/schema.org","@graph":[{"@type":"BlogPosting","@id":"https:\/\/anoticiaonline.com.br\/site\/o-samba-vai-tomar-conta-de-boa-familia-no-final-de-semana\/#blogposting","name":"O samba vai tomar conta de Boa Fam\u00edlia no final de semana - A Not\u00edcia Online","headline":"O samba vai tomar conta de Boa Fam\u00edlia no final de semana","author":{"@id":"https:\/\/anoticiaonline.com.br\/site\/author\/juliana\/#author"},"publisher":{"@id":"https:\/\/anoticiaonline.com.br\/site\/#organization"},"image":{"@type":"ImageObject","url":"https:\/\/anoticiaonline.com.br\/site\/wp-content\/uploads\/2015\/11\/convite-boa-fam\u00edlia-samba-logo.jpg","width":640,"height":603},"datePublished":"2015-11-09T14:00:25-03:00","dateModified":"2015-11-09T09:31:30-03:00","inLanguage":"pt-BR","mainEntityOfPage":{"@id":"https:\/\/anoticiaonline.com.br\/site\/o-samba-vai-tomar-conta-de-boa-familia-no-final-de-semana\/#webpage"},"isPartOf":{"@id":"https:\/\/anoticiaonline.com.br\/site\/o-samba-vai-tomar-conta-de-boa-familia-no-final-de-semana\/#webpage"},"articleSection":"Eventos, slide"},{"@type":"BreadcrumbList","@id":"https:\/\/anoticiaonline.com.br\/site\/o-samba-vai-tomar-conta-de-boa-familia-no-final-de-semana\/#breadcrumblist","itemListElement":[{"@type":"ListItem","@id":"https:\/\/anoticiaonline.com.br\/site#listItem","position":1,"name":"Home","item":"https:\/\/anoticiaonline.com.br\/site","nextItem":{"@type":"ListItem","@id":"https:\/\/anoticiaonline.com.br\/site\/categoria\/eventos\/#listItem","name":"Eventos"}},{"@type":"ListItem","@id":"https:\/\/anoticiaonline.com.br\/site\/categoria\/eventos\/#listItem","position":2,"name":"Eventos","item":"https:\/\/anoticiaonline.com.br\/site\/categoria\/eventos\/","nextItem":{"@type":"ListItem","@id":"https:\/\/anoticiaonline.com.br\/site\/o-samba-vai-tomar-conta-de-boa-familia-no-final-de-semana\/#listItem","name":"O samba vai tomar conta de Boa Fam\u00edlia no final de semana"},"previousItem":{"@type":"ListItem","@id":"https:\/\/anoticiaonline.com.br\/site#listItem","name":"Home"}},{"@type":"ListItem","@id":"https:\/\/anoticiaonline.com.br\/site\/o-samba-vai-tomar-conta-de-boa-familia-no-final-de-semana\/#listItem","position":3,"name":"O samba vai tomar conta de Boa Fam\u00edlia no final de semana","previousItem":{"@type":"ListItem","@id":"https:\/\/anoticiaonline.com.br\/site\/categoria\/eventos\/#listItem","name":"Eventos"}}]},{"@type":"Organization","@id":"https:\/\/anoticiaonline.com.br\/site\/#organization","name":"A Not\u00edcia Online","description":"Noticias de Muria\u00e9 e regi\u00e3o","url":"https:\/\/anoticiaonline.com.br\/site\/","logo":{"@type":"ImageObject","url":"https:\/\/scontent-gig4-1.xx.fbcdn.net\/v\/t39.30808-1\/270437624_4564083193639691_6907940295614233970_n.jpg?stp=dst-jpg_s200x200_tt6&_nc_cat=111&ccb=1-7&_nc_sid=f907e8&_nc_ohc=SM1wRlP3lJwQ7kNvwEPuBYA&_nc_oc=AdnqrjDN_BNjSSHWO-GbkIWH6fkGMLw4bqvL_NH6e2wMveX7G-rP2dAqsDSq1mJMOaY&_nc_zt=24&_nc_ht=scontent-gig4-1.xx&_nc_gid=AoBFJeGrT1hVaew_6rchkQ&oh=00_AfX7QmFGhQhG2jAllVgXCiM1ZrWgvtp80-Bfppyexh1QEg&oe=689E923C","@id":"https:\/\/anoticiaonline.com.br\/site\/o-samba-vai-tomar-conta-de-boa-familia-no-final-de-semana\/#organizationLogo"},"image":{"@id":"https:\/\/anoticiaonline.com.br\/site\/o-samba-vai-tomar-conta-de-boa-familia-no-final-de-semana\/#organizationLogo"}},{"@type":"Person","@id":"https:\/\/anoticiaonline.com.br\/site\/author\/juliana\/#author","url":"https:\/\/anoticiaonline.com.br\/site\/author\/juliana\/","name":"Juliana Laviola","image":{"@type":"ImageObject","@id":"https:\/\/anoticiaonline.com.br\/site\/o-samba-vai-tomar-conta-de-boa-familia-no-final-de-semana\/#authorImage","url":"https:\/\/secure.gravatar.com\/avatar\/b8d45f5c699b100dfaf0e543582f38f38bf94cb7ae3a5e9abf8d891a34773335?s=96&d=mm&r=g","width":96,"height":96,"caption":"Juliana Laviola"}},{"@type":"WebPage","@id":"https:\/\/anoticiaonline.com.br\/site\/o-samba-vai-tomar-conta-de-boa-familia-no-final-de-semana\/#webpage","url":"https:\/\/anoticiaonline.com.br\/site\/o-samba-vai-tomar-conta-de-boa-familia-no-final-de-semana\/","name":"O samba vai tomar conta de Boa Fam\u00edlia no final de semana - A Not\u00edcia Online","description":"Neste final de semana (14 e 15) vai ter muito samba no distrito de Boa Fam\u00edlia. A terceira edi\u00e7\u00e3o do \u201cBoa Fam\u00edlia na Rota do Samba\u201d contar\u00e1 com show de Sambanejo, A\u00ed Vem Eles, Sambloco e Thaylis, al\u00e9m de apresenta\u00e7\u00e3o da Banda Sociedade Musical Uni\u00e3o dos Artistas, da Folia de Reis Anjo Gabriel e do","inLanguage":"pt-BR","isPartOf":{"@id":"https:\/\/anoticiaonline.com.br\/site\/#website"},"breadcrumb":{"@id":"https:\/\/anoticiaonline.com.br\/site\/o-samba-vai-tomar-conta-de-boa-familia-no-final-de-semana\/#breadcrumblist"},"author":{"@id":"https:\/\/anoticiaonline.com.br\/site\/author\/juliana\/#author"},"creator":{"@id":"https:\/\/anoticiaonline.com.br\/site\/author\/juliana\/#author"},"image":{"@type":"ImageObject","url":"https:\/\/anoticiaonline.com.br\/site\/wp-content\/uploads\/2015\/11\/convite-boa-fam\u00edlia-samba-logo.jpg","@id":"https:\/\/anoticiaonline.com.br\/site\/o-samba-vai-tomar-conta-de-boa-familia-no-final-de-semana\/#mainImage","width":640,"height":603},"primaryImageOfPage":{"@id":"https:\/\/anoticiaonline.com.br\/site\/o-samba-vai-tomar-conta-de-boa-familia-no-final-de-semana\/#mainImage"},"datePublished":"2015-11-09T14:00:25-03:00","dateModified":"2015-11-09T09:31:30-03:00"},{"@type":"WebSite","@id":"https:\/\/anoticiaonline.com.br\/site\/#website","url":"https:\/\/anoticiaonline.com.br\/site\/","name":"A Not\u00edcia Online","description":"Noticias de Muria\u00e9 e regi\u00e3o","inLanguage":"pt-BR","publisher":{"@id":"https:\/\/anoticiaonline.com.br\/site\/#organization"}}]},"og:locale":"pt_BR","og:site_name":"A Not\u00edcia Online - Noticias de Muria\u00e9 e regi\u00e3o","og:type":"article","og:title":"O samba vai tomar conta de Boa Fam\u00edlia no final de semana - A Not\u00edcia Online","og:description":"Neste final de semana (14 e 15) vai ter muito samba no distrito de Boa Fam\u00edlia. A terceira edi\u00e7\u00e3o do \u201cBoa Fam\u00edlia na Rota do Samba\u201d contar\u00e1 com show de Sambanejo, A\u00ed Vem Eles, Sambloco e Thaylis, al\u00e9m de apresenta\u00e7\u00e3o da Banda Sociedade Musical Uni\u00e3o dos Artistas, da Folia de Reis Anjo Gabriel e do","og:url":"https:\/\/anoticiaonline.com.br\/site\/o-samba-vai-tomar-conta-de-boa-familia-no-final-de-semana\/","og:image":"https:\/\/scontent-gig4-1.xx.fbcdn.net\/v\/t39.30808-1\/270437624_4564083193639691_6907940295614233970_n.jpg?stp=dst-jpg_s200x200_tt6&#038;_nc_cat=111&#038;ccb=1-7&#038;_nc_sid=f907e8&#038;_nc_ohc=SM1wRlP3lJwQ7kNvwEPuBYA&#038;_nc_oc=AdnqrjDN_BNjSSHWO-GbkIWH6fkGMLw4bqvL_NH6e2wMveX7G-rP2dAqsDSq1mJMOaY&#038;_nc_zt=24&#038;_nc_ht=scontent-gig4-1.xx&#038;_nc_gid=AoBFJeGrT1hVaew_6rchkQ&#038;oh=00_AfX7QmFGhQhG2jAllVgXCiM1ZrWgvtp80-Bfppyexh1QEg&#038;oe=689E923C","og:image:secure_url":"https:\/\/scontent-gig4-1.xx.fbcdn.net\/v\/t39.30808-1\/270437624_4564083193639691_6907940295614233970_n.jpg?stp=dst-jpg_s200x200_tt6&#038;_nc_cat=111&#038;ccb=1-7&#038;_nc_sid=f907e8&#038;_nc_ohc=SM1wRlP3lJwQ7kNvwEPuBYA&#038;_nc_oc=AdnqrjDN_BNjSSHWO-GbkIWH6fkGMLw4bqvL_NH6e2wMveX7G-rP2dAqsDSq1mJMOaY&#038;_nc_zt=24&#038;_nc_ht=scontent-gig4-1.xx&#038;_nc_gid=AoBFJeGrT1hVaew_6rchkQ&#038;oh=00_AfX7QmFGhQhG2jAllVgXCiM1ZrWgvtp80-Bfppyexh1QEg&#038;oe=689E923C","article:published_time":"2015-11-09T17:00:25+00:00","article:modified_time":"2015-11-09T12:31:30+00:00","twitter:card":"summary_large_image","twitter:title":"O samba vai tomar conta de Boa Fam\u00edlia no final de semana - A Not\u00edcia Online","twitter:description":"Neste final de semana (14 e 15) vai ter muito samba no distrito de Boa Fam\u00edlia. A terceira edi\u00e7\u00e3o do \u201cBoa Fam\u00edlia na Rota do Samba\u201d contar\u00e1 com show de Sambanejo, A\u00ed Vem Eles, Sambloco e Thaylis, al\u00e9m de apresenta\u00e7\u00e3o da Banda Sociedade Musical Uni\u00e3o dos Artistas, da Folia de Reis Anjo Gabriel e do","twitter:image":"https:\/\/scontent-gig4-1.xx.fbcdn.net\/v\/t39.30808-1\/270437624_4564083193639691_6907940295614233970_n.jpg?stp=dst-jpg_s200x200_tt6&_nc_cat=111&ccb=1-7&_nc_sid=f907e8&_nc_ohc=SM1wRlP3lJwQ7kNvwEPuBYA&_nc_oc=AdnqrjDN_BNjSSHWO-GbkIWH6fkGMLw4bqvL_NH6e2wMveX7G-rP2dAqsDSq1mJMOaY&_nc_zt=24&_nc_ht=scontent-gig4-1.xx&_nc_gid=AoBFJeGrT1hVaew_6rchkQ&oh=00_AfX7QmFGhQhG2jAllVgXCiM1ZrWgvtp80-Bfppyexh1QEg&oe=689E923C"},"aioseo_meta_data":{"post_id":"5965","title":null,"description":null,"keywords":null,"keyphrases":null,"primary_term":null,"canonical_url":null,"og_title":null,"og_description":null,"og_object_type":"default","og_image_type":"default","og_image_url":null,"og_image_width":null,"og_image_height":null,"og_image_custom_url":null,"og_image_custom_fields":null,"og_video":null,"og_custom_url":null,"og_article_section":null,"og_article_tags":null,"twitter_use_og":false,"twitter_card":"default","twitter_image_type":"default","twitter_image_url":null,"twitter_image_custom_url":null,"twitter_image_custom_fields":null,"twitter_title":null,"twitter_description":null,"schema":{"blockGraphs":[],"customGraphs":[],"default":{"data":{"Article":[],"Course":[],"Dataset":[],"FAQPage":[],"Movie":[],"Person":[],"Product":[],"ProductReview":[],"Car":[],"Recipe":[],"Service":[],"SoftwareApplication":[],"WebPage":[]},"graphName":"","isEnabled":true},"graphs":[]},"schema_type":"default","schema_type_options":null,"pillar_content":false,"robots_default":true,"robots_noindex":false,"robots_noarchive":false,"robots_nosnippet":false,"robots_nofollow":false,"robots_noimageindex":false,"robots_noodp":false,"robots_notranslate":false,"robots_max_snippet":null,"robots_max_videopreview":null,"robots_max_imagepreview":"large","priority":null,"frequency":null,"local_seo":null,"breadcrumb_settings":null,"limit_modified_date":false,"ai":null,"created":"2025-08-16 13:52:35","updated":"2025-08-16 13:52:35","focus_keyword":null,"additional_keywords":null,"truseo_locale":null,"seo_analyzer_scan_date":null},"aioseo_breadcrumb":"<div class=\"aioseo-breadcrumbs\"><span class=\"aioseo-breadcrumb\">\n\t\t\t<a href=\"https:\/\/anoticiaonline.com.br\/site\" title=\"Home\">Home<\/a>\n\t\t<\/span><span class=\"aioseo-breadcrumb-separator\">&raquo;<\/span><span class=\"aioseo-breadcrumb\">\n\t\t\t<a href=\"https:\/\/anoticiaonline.com.br\/site\/categoria\/eventos\/\" title=\"Eventos\">Eventos<\/a>\n\t\t<\/span><span class=\"aioseo-breadcrumb-separator\">&raquo;<\/span><span class=\"aioseo-breadcrumb\">\n\t\t\tO samba vai tomar conta de Boa Fam\u00edlia no final de semana\n\t\t<\/span><\/div>","aioseo_breadcrumb_json":[{"label":"Home","link":"https:\/\/anoticiaonline.com.br\/site"},{"label":"Eventos","link":"https:\/\/anoticiaonline.com.br\/site\/categoria\/eventos\/"},{"label":"O samba vai tomar conta de Boa Fam\u00edlia no final de semana","link":"https:\/\/anoticiaonline.com.br\/site\/o-samba-vai-tomar-conta-de-boa-familia-no-final-de-semana\/"}],"views":124,"_links":{"self":[{"href":"https:\/\/anoticiaonline.com.br\/site\/wp-json\/wp\/v2\/posts\/5965","targetHints":{"allow":["GET"]}}],"collection":[{"href":"https:\/\/anoticiaonline.com.br\/site\/wp-json\/wp\/v2\/posts"}],"about":[{"href":"https:\/\/anoticiaonline.com.br\/site\/wp-json\/wp\/v2\/types\/post"}],"author":[{"embeddable":true,"href":"https:\/\/anoticiaonline.com.br\/site\/wp-json\/wp\/v2\/users\/2"}],"replies":[{"embeddable":true,"href":"https:\/\/anoticiaonline.com.br\/site\/wp-json\/wp\/v2\/comments?post=5965"}],"version-history":[{"count":0,"href":"https:\/\/anoticiaonline.com.br\/site\/wp-json\/wp\/v2\/posts\/5965\/revisions"}],"wp:featuredmedia":[{"embeddable":true,"href":"https:\/\/anoticiaonline.com.br\/site\/wp-json\/wp\/v2\/media\/5966"}],"wp:attachment":[{"href":"https:\/\/anoticiaonline.com.br\/site\/wp-json\/wp\/v2\/media?parent=5965"}],"wp:term":[{"taxonomy":"category","embeddable":true,"href":"https:\/\/anoticiaonline.com.br\/site\/wp-json\/wp\/v2\/categories?post=5965"},{"taxonomy":"post_tag","embeddable":true,"href":"https:\/\/anoticiaonline.com.br\/site\/wp-json\/wp\/v2\/tags?post=5965"}],"curies":[{"name":"wp","href":"https:\/\/api.w.org\/{rel}","templated":true}]}}