{"id":5956,"date":"2015-11-09T07:44:45","date_gmt":"2015-11-09T10:44:45","guid":{"rendered":"http:\/\/anoticiaonline.com.br\/site\/?p=5956"},"modified":"2015-11-09T07:44:45","modified_gmt":"2015-11-09T10:44:45","slug":"prefeitura-sindicato-rural-e-senar-irao-ofertar-curso-de-pintura-no-cras-santa-terezinha","status":"publish","type":"post","link":"https:\/\/anoticiaonline.com.br\/site\/prefeitura-sindicato-rural-e-senar-irao-ofertar-curso-de-pintura-no-cras-santa-terezinha\/","title":{"rendered":"Prefeitura, Sindicato Rural e Senar ir\u00e3o ofertar curso de pintura no Cras Santa Terezinha"},"content":{"rendered":"<p><a href=\"https:\/\/anoticiaonline.com.br\/site\/wp-content\/uploads\/2015\/11\/00001.jpg\"><img fetchpriority=\"high\" decoding=\"async\" class=\" size-medium wp-image-5958 alignleft\" src=\"https:\/\/anoticiaonline.com.br\/site\/wp-content\/uploads\/2015\/11\/00001-300x210.jpg\" alt=\"00001\" width=\"300\" height=\"210\" srcset=\"https:\/\/anoticiaonline.com.br\/site\/wp-content\/uploads\/2015\/11\/00001-300x210.jpg 300w, https:\/\/anoticiaonline.com.br\/site\/wp-content\/uploads\/2015\/11\/00001.jpg 640w\" sizes=\"(max-width: 300px) 100vw, 300px\" \/><\/a>A Prefeitura de Muria\u00e9, atrav\u00e9s da Secretaria Municipal de Desenvolvimento Social, informa que entre os dias 10 a 13 de novembro, ser\u00e1 ofertado um curso de pintura para os usu\u00e1rios dos servi\u00e7os do Centro de Refer\u00eancia de Assist\u00eancia Social (CRAS) do bairro Santa Terezinha. A iniciativa \u00e9 desenvolvida em parceria com o Servi\u00e7o Nacional de Aprendizagem de Minas Gerais (Senar), por meio do Sindicato dos Produtores Rurais. As aulas, que ser\u00e3o ministradas pela instrutora Val\u00e9ria Pagani Heringer, acontecer\u00e3o durante o dia todo e a turma ter\u00e1 o n\u00famero m\u00e1ximo de 12 participantes, com idade acima de 14 anos.<\/p>\n<p>O conte\u00fado do curso ser\u00e1 repassado de forma aut\u00f4noma, proativa e em conformidade com as normas e procedimentos t\u00e9cnicos de qualidade, seguran\u00e7a, higiene, sa\u00fade e preserva\u00e7\u00e3o ambiental. Ser\u00e3o ensinadas t\u00e9cnicas para criar e confeccionar produtos artesanais utilizando-se de mat\u00e9rias como tintas, pinc\u00e9is, tecidos, dentre outros; a fazer o tratamento, a prepara\u00e7\u00e3o e a transforma\u00e7\u00e3o das mat\u00e9rias primas; a finalizar os produtos de modo que os mesmos retratem a cultura local e identifiquem seu autor; a comercializar os produtos confeccionados e gerenciar seus neg\u00f3cios, dentre outras habilidades de pintura.<\/p>\n","protected":false},"excerpt":{"rendered":"<p>A Prefeitura de Muria\u00e9, atrav\u00e9s da Secretaria Municipal de Desenvolvimento Social, informa que entre os dias 10 a 13 de novembro, ser\u00e1 ofertado um curso de pintura para os usu\u00e1rios dos servi\u00e7os do Centro de Refer\u00eancia de Assist\u00eancia Social (CRAS) do bairro Santa Terezinha. A iniciativa \u00e9 desenvolvida em parceria com o Servi\u00e7o Nacional de &#8230; <a title=\"Prefeitura, Sindicato Rural e Senar ir\u00e3o ofertar curso de pintura no Cras Santa Terezinha\" class=\"read-more\" href=\"https:\/\/anoticiaonline.com.br\/site\/prefeitura-sindicato-rural-e-senar-irao-ofertar-curso-de-pintura-no-cras-santa-terezinha\/\" aria-label=\"Read more about Prefeitura, Sindicato Rural e Senar ir\u00e3o ofertar curso de pintura no Cras Santa Terezinha\">Ler mais<\/a><\/p>\n","protected":false},"author":2,"featured_media":5958,"comment_status":"open","ping_status":"open","sticky":false,"template":"","format":"standard","meta":{"_acf_changed":false,"_monsterinsights_skip_tracking":false,"footnotes":""},"categories":[30],"tags":[3],"class_list":["post-5956","post","type-post","status-publish","format-standard","has-post-thumbnail","hentry","category-muriae","tag-slide"],"acf":[],"aioseo_notices":[],"aioseo_head":"\n\t\t<!-- All in One SEO 5.0.0.1 - aioseo.com -->\n\t<meta name=\"description\" content=\"A Prefeitura de Muria\u00e9, atrav\u00e9s da Secretaria Municipal de Desenvolvimento Social, informa que entre os dias 10 a 13 de novembro, ser\u00e1 ofertado um curso de pintura para os usu\u00e1rios dos servi\u00e7os do Centro de Refer\u00eancia de Assist\u00eancia Social (CRAS) do bairro Santa Terezinha. A iniciativa \u00e9 desenvolvida em parceria com o Servi\u00e7o Nacional de\" \/>\n\t<meta name=\"robots\" content=\"max-image-preview:large\" \/>\n\t<meta name=\"author\" content=\"Juliana Laviola\"\/>\n\t<link rel=\"canonical\" href=\"https:\/\/anoticiaonline.com.br\/site\/prefeitura-sindicato-rural-e-senar-irao-ofertar-curso-de-pintura-no-cras-santa-terezinha\/\" \/>\n\t<meta name=\"generator\" content=\"All in One SEO (AIOSEO) 5.0.0.1\" \/>\n\t\t<meta property=\"og:locale\" content=\"pt_BR\" \/>\n\t\t<meta property=\"og:site_name\" content=\"A Not\u00edcia Online - Noticias de Muria\u00e9 e regi\u00e3o\" \/>\n\t\t<meta property=\"og:type\" content=\"article\" \/>\n\t\t<meta property=\"og:title\" content=\"Prefeitura, Sindicato Rural e Senar ir\u00e3o ofertar curso de pintura no Cras Santa Terezinha - A Not\u00edcia Online\" \/>\n\t\t<meta property=\"og:description\" content=\"A Prefeitura de Muria\u00e9, atrav\u00e9s da Secretaria Municipal de Desenvolvimento Social, informa que entre os dias 10 a 13 de novembro, ser\u00e1 ofertado um curso de pintura para os usu\u00e1rios dos servi\u00e7os do Centro de Refer\u00eancia de Assist\u00eancia Social (CRAS) do bairro Santa Terezinha. A iniciativa \u00e9 desenvolvida em parceria com o Servi\u00e7o Nacional de\" \/>\n\t\t<meta property=\"og:url\" content=\"https:\/\/anoticiaonline.com.br\/site\/prefeitura-sindicato-rural-e-senar-irao-ofertar-curso-de-pintura-no-cras-santa-terezinha\/\" \/>\n\t\t<meta property=\"og:image\" content=\"https:\/\/scontent-gig4-1.xx.fbcdn.net\/v\/t39.30808-1\/270437624_4564083193639691_6907940295614233970_n.jpg?stp=dst-jpg_s200x200_tt6&#038;_nc_cat=111&#038;ccb=1-7&#038;_nc_sid=f907e8&#038;_nc_ohc=SM1wRlP3lJwQ7kNvwEPuBYA&#038;_nc_oc=AdnqrjDN_BNjSSHWO-GbkIWH6fkGMLw4bqvL_NH6e2wMveX7G-rP2dAqsDSq1mJMOaY&#038;_nc_zt=24&#038;_nc_ht=scontent-gig4-1.xx&#038;_nc_gid=AoBFJeGrT1hVaew_6rchkQ&#038;oh=00_AfX7QmFGhQhG2jAllVgXCiM1ZrWgvtp80-Bfppyexh1QEg&#038;oe=689E923C\" \/>\n\t\t<meta property=\"og:image:secure_url\" content=\"https:\/\/scontent-gig4-1.xx.fbcdn.net\/v\/t39.30808-1\/270437624_4564083193639691_6907940295614233970_n.jpg?stp=dst-jpg_s200x200_tt6&#038;_nc_cat=111&#038;ccb=1-7&#038;_nc_sid=f907e8&#038;_nc_ohc=SM1wRlP3lJwQ7kNvwEPuBYA&#038;_nc_oc=AdnqrjDN_BNjSSHWO-GbkIWH6fkGMLw4bqvL_NH6e2wMveX7G-rP2dAqsDSq1mJMOaY&#038;_nc_zt=24&#038;_nc_ht=scontent-gig4-1.xx&#038;_nc_gid=AoBFJeGrT1hVaew_6rchkQ&#038;oh=00_AfX7QmFGhQhG2jAllVgXCiM1ZrWgvtp80-Bfppyexh1QEg&#038;oe=689E923C\" \/>\n\t\t<meta property=\"article:published_time\" content=\"2015-11-09T10:44:45+00:00\" \/>\n\t\t<meta property=\"article:modified_time\" content=\"2015-11-09T10:44:45+00:00\" \/>\n\t\t<meta name=\"twitter:card\" content=\"summary_large_image\" \/>\n\t\t<meta name=\"twitter:title\" content=\"Prefeitura, Sindicato Rural e Senar ir\u00e3o ofertar curso de pintura no Cras Santa Terezinha - A Not\u00edcia Online\" \/>\n\t\t<meta name=\"twitter:description\" content=\"A Prefeitura de Muria\u00e9, atrav\u00e9s da Secretaria Municipal de Desenvolvimento Social, informa que entre os dias 10 a 13 de novembro, ser\u00e1 ofertado um curso de pintura para os usu\u00e1rios dos servi\u00e7os do Centro de Refer\u00eancia de Assist\u00eancia Social (CRAS) do bairro Santa Terezinha. A iniciativa \u00e9 desenvolvida em parceria com o Servi\u00e7o Nacional de\" \/>\n\t\t<meta name=\"twitter:image\" content=\"https:\/\/scontent-gig4-1.xx.fbcdn.net\/v\/t39.30808-1\/270437624_4564083193639691_6907940295614233970_n.jpg?stp=dst-jpg_s200x200_tt6&amp;_nc_cat=111&amp;ccb=1-7&amp;_nc_sid=f907e8&amp;_nc_ohc=SM1wRlP3lJwQ7kNvwEPuBYA&amp;_nc_oc=AdnqrjDN_BNjSSHWO-GbkIWH6fkGMLw4bqvL_NH6e2wMveX7G-rP2dAqsDSq1mJMOaY&amp;_nc_zt=24&amp;_nc_ht=scontent-gig4-1.xx&amp;_nc_gid=AoBFJeGrT1hVaew_6rchkQ&amp;oh=00_AfX7QmFGhQhG2jAllVgXCiM1ZrWgvtp80-Bfppyexh1QEg&amp;oe=689E923C\" \/>\n\t\t<script type=\"application\/ld+json\" class=\"aioseo-schema\">\n\t\t\t{\"@context\":\"https:\\\/\\\/schema.org\",\"@graph\":[{\"@type\":\"BlogPosting\",\"@id\":\"https:\\\/\\\/anoticiaonline.com.br\\\/site\\\/prefeitura-sindicato-rural-e-senar-irao-ofertar-curso-de-pintura-no-cras-santa-terezinha\\\/#blogposting\",\"name\":\"Prefeitura, Sindicato Rural e Senar ir\\u00e3o ofertar curso de pintura no Cras Santa Terezinha - A Not\\u00edcia Online\",\"headline\":\"Prefeitura, Sindicato Rural e Senar ir\\u00e3o ofertar curso de pintura no Cras Santa Terezinha\",\"author\":{\"@id\":\"https:\\\/\\\/anoticiaonline.com.br\\\/site\\\/author\\\/juliana\\\/#author\"},\"publisher\":{\"@id\":\"https:\\\/\\\/anoticiaonline.com.br\\\/site\\\/#organization\"},\"image\":{\"@type\":\"ImageObject\",\"url\":\"https:\\\/\\\/anoticiaonline.com.br\\\/site\\\/wp-content\\\/uploads\\\/2015\\\/11\\\/00001.jpg\",\"width\":640,\"height\":449},\"datePublished\":\"2015-11-09T07:44:45-03:00\",\"dateModified\":\"2015-11-09T07:44:45-03:00\",\"inLanguage\":\"pt-BR\",\"mainEntityOfPage\":{\"@id\":\"https:\\\/\\\/anoticiaonline.com.br\\\/site\\\/prefeitura-sindicato-rural-e-senar-irao-ofertar-curso-de-pintura-no-cras-santa-terezinha\\\/#webpage\"},\"isPartOf\":{\"@id\":\"https:\\\/\\\/anoticiaonline.com.br\\\/site\\\/prefeitura-sindicato-rural-e-senar-irao-ofertar-curso-de-pintura-no-cras-santa-terezinha\\\/#webpage\"},\"articleSection\":\"Blog, slide\"},{\"@type\":\"BreadcrumbList\",\"@id\":\"https:\\\/\\\/anoticiaonline.com.br\\\/site\\\/prefeitura-sindicato-rural-e-senar-irao-ofertar-curso-de-pintura-no-cras-santa-terezinha\\\/#breadcrumblist\",\"itemListElement\":[{\"@type\":\"ListItem\",\"@id\":\"https:\\\/\\\/anoticiaonline.com.br\\\/site#listItem\",\"position\":1,\"name\":\"Home\",\"item\":\"https:\\\/\\\/anoticiaonline.com.br\\\/site\",\"nextItem\":{\"@type\":\"ListItem\",\"@id\":\"https:\\\/\\\/anoticiaonline.com.br\\\/site\\\/categoria\\\/muriae\\\/#listItem\",\"name\":\"Blog\"}},{\"@type\":\"ListItem\",\"@id\":\"https:\\\/\\\/anoticiaonline.com.br\\\/site\\\/categoria\\\/muriae\\\/#listItem\",\"position\":2,\"name\":\"Blog\",\"item\":\"https:\\\/\\\/anoticiaonline.com.br\\\/site\\\/categoria\\\/muriae\\\/\",\"nextItem\":{\"@type\":\"ListItem\",\"@id\":\"https:\\\/\\\/anoticiaonline.com.br\\\/site\\\/prefeitura-sindicato-rural-e-senar-irao-ofertar-curso-de-pintura-no-cras-santa-terezinha\\\/#listItem\",\"name\":\"Prefeitura, Sindicato Rural e Senar ir\\u00e3o ofertar curso de pintura no Cras Santa Terezinha\"},\"previousItem\":{\"@type\":\"ListItem\",\"@id\":\"https:\\\/\\\/anoticiaonline.com.br\\\/site#listItem\",\"name\":\"Home\"}},{\"@type\":\"ListItem\",\"@id\":\"https:\\\/\\\/anoticiaonline.com.br\\\/site\\\/prefeitura-sindicato-rural-e-senar-irao-ofertar-curso-de-pintura-no-cras-santa-terezinha\\\/#listItem\",\"position\":3,\"name\":\"Prefeitura, Sindicato Rural e Senar ir\\u00e3o ofertar curso de pintura no Cras Santa Terezinha\",\"previousItem\":{\"@type\":\"ListItem\",\"@id\":\"https:\\\/\\\/anoticiaonline.com.br\\\/site\\\/categoria\\\/muriae\\\/#listItem\",\"name\":\"Blog\"}}]},{\"@type\":\"Organization\",\"@id\":\"https:\\\/\\\/anoticiaonline.com.br\\\/site\\\/#organization\",\"name\":\"A Not\\u00edcia Online\",\"description\":\"Noticias de Muria\\u00e9 e regi\\u00e3o\",\"url\":\"https:\\\/\\\/anoticiaonline.com.br\\\/site\\\/\",\"logo\":{\"@type\":\"ImageObject\",\"url\":\"https:\\\/\\\/scontent-gig4-1.xx.fbcdn.net\\\/v\\\/t39.30808-1\\\/270437624_4564083193639691_6907940295614233970_n.jpg?stp=dst-jpg_s200x200_tt6&_nc_cat=111&ccb=1-7&_nc_sid=f907e8&_nc_ohc=SM1wRlP3lJwQ7kNvwEPuBYA&_nc_oc=AdnqrjDN_BNjSSHWO-GbkIWH6fkGMLw4bqvL_NH6e2wMveX7G-rP2dAqsDSq1mJMOaY&_nc_zt=24&_nc_ht=scontent-gig4-1.xx&_nc_gid=AoBFJeGrT1hVaew_6rchkQ&oh=00_AfX7QmFGhQhG2jAllVgXCiM1ZrWgvtp80-Bfppyexh1QEg&oe=689E923C\",\"@id\":\"https:\\\/\\\/anoticiaonline.com.br\\\/site\\\/prefeitura-sindicato-rural-e-senar-irao-ofertar-curso-de-pintura-no-cras-santa-terezinha\\\/#organizationLogo\"},\"image\":{\"@id\":\"https:\\\/\\\/anoticiaonline.com.br\\\/site\\\/prefeitura-sindicato-rural-e-senar-irao-ofertar-curso-de-pintura-no-cras-santa-terezinha\\\/#organizationLogo\"}},{\"@type\":\"Person\",\"@id\":\"https:\\\/\\\/anoticiaonline.com.br\\\/site\\\/author\\\/juliana\\\/#author\",\"url\":\"https:\\\/\\\/anoticiaonline.com.br\\\/site\\\/author\\\/juliana\\\/\",\"name\":\"Juliana Laviola\",\"image\":{\"@type\":\"ImageObject\",\"@id\":\"https:\\\/\\\/anoticiaonline.com.br\\\/site\\\/prefeitura-sindicato-rural-e-senar-irao-ofertar-curso-de-pintura-no-cras-santa-terezinha\\\/#authorImage\",\"url\":\"https:\\\/\\\/secure.gravatar.com\\\/avatar\\\/b8d45f5c699b100dfaf0e543582f38f38bf94cb7ae3a5e9abf8d891a34773335?s=96&d=mm&r=g\",\"width\":96,\"height\":96,\"caption\":\"Juliana Laviola\"}},{\"@type\":\"WebPage\",\"@id\":\"https:\\\/\\\/anoticiaonline.com.br\\\/site\\\/prefeitura-sindicato-rural-e-senar-irao-ofertar-curso-de-pintura-no-cras-santa-terezinha\\\/#webpage\",\"url\":\"https:\\\/\\\/anoticiaonline.com.br\\\/site\\\/prefeitura-sindicato-rural-e-senar-irao-ofertar-curso-de-pintura-no-cras-santa-terezinha\\\/\",\"name\":\"Prefeitura, Sindicato Rural e Senar ir\\u00e3o ofertar curso de pintura no Cras Santa Terezinha - A Not\\u00edcia Online\",\"description\":\"A Prefeitura de Muria\\u00e9, atrav\\u00e9s da Secretaria Municipal de Desenvolvimento Social, informa que entre os dias 10 a 13 de novembro, ser\\u00e1 ofertado um curso de pintura para os usu\\u00e1rios dos servi\\u00e7os do Centro de Refer\\u00eancia de Assist\\u00eancia Social (CRAS) do bairro Santa Terezinha. A iniciativa \\u00e9 desenvolvida em parceria com o Servi\\u00e7o Nacional de\",\"inLanguage\":\"pt-BR\",\"isPartOf\":{\"@id\":\"https:\\\/\\\/anoticiaonline.com.br\\\/site\\\/#website\"},\"breadcrumb\":{\"@id\":\"https:\\\/\\\/anoticiaonline.com.br\\\/site\\\/prefeitura-sindicato-rural-e-senar-irao-ofertar-curso-de-pintura-no-cras-santa-terezinha\\\/#breadcrumblist\"},\"author\":{\"@id\":\"https:\\\/\\\/anoticiaonline.com.br\\\/site\\\/author\\\/juliana\\\/#author\"},\"creator\":{\"@id\":\"https:\\\/\\\/anoticiaonline.com.br\\\/site\\\/author\\\/juliana\\\/#author\"},\"image\":{\"@type\":\"ImageObject\",\"url\":\"https:\\\/\\\/anoticiaonline.com.br\\\/site\\\/wp-content\\\/uploads\\\/2015\\\/11\\\/00001.jpg\",\"@id\":\"https:\\\/\\\/anoticiaonline.com.br\\\/site\\\/prefeitura-sindicato-rural-e-senar-irao-ofertar-curso-de-pintura-no-cras-santa-terezinha\\\/#mainImage\",\"width\":640,\"height\":449},\"primaryImageOfPage\":{\"@id\":\"https:\\\/\\\/anoticiaonline.com.br\\\/site\\\/prefeitura-sindicato-rural-e-senar-irao-ofertar-curso-de-pintura-no-cras-santa-terezinha\\\/#mainImage\"},\"datePublished\":\"2015-11-09T07:44:45-03:00\",\"dateModified\":\"2015-11-09T07:44:45-03:00\"},{\"@type\":\"WebSite\",\"@id\":\"https:\\\/\\\/anoticiaonline.com.br\\\/site\\\/#website\",\"url\":\"https:\\\/\\\/anoticiaonline.com.br\\\/site\\\/\",\"name\":\"A Not\\u00edcia Online\",\"description\":\"Noticias de Muria\\u00e9 e regi\\u00e3o\",\"inLanguage\":\"pt-BR\",\"publisher\":{\"@id\":\"https:\\\/\\\/anoticiaonline.com.br\\\/site\\\/#organization\"}}]}\n\t\t<\/script>\n\t\t<!-- All in One SEO -->\n\n","aioseo_head_json":{"title":"Prefeitura, Sindicato Rural e Senar ir\u00e3o ofertar curso de pintura no Cras Santa Terezinha - A Not\u00edcia Online","description":"A Prefeitura de Muria\u00e9, atrav\u00e9s da Secretaria Municipal de Desenvolvimento Social, informa que entre os dias 10 a 13 de novembro, ser\u00e1 ofertado um curso de pintura para os usu\u00e1rios dos servi\u00e7os do Centro de Refer\u00eancia de Assist\u00eancia Social (CRAS) do bairro Santa Terezinha. A iniciativa \u00e9 desenvolvida em parceria com o Servi\u00e7o Nacional de","canonical_url":"https:\/\/anoticiaonline.com.br\/site\/prefeitura-sindicato-rural-e-senar-irao-ofertar-curso-de-pintura-no-cras-santa-terezinha\/","robots":"max-image-preview:large","keywords":"","webmasterTools":{"miscellaneous":""},"schema":{"@context":"https:\/\/schema.org","@graph":[{"@type":"BlogPosting","@id":"https:\/\/anoticiaonline.com.br\/site\/prefeitura-sindicato-rural-e-senar-irao-ofertar-curso-de-pintura-no-cras-santa-terezinha\/#blogposting","name":"Prefeitura, Sindicato Rural e Senar ir\u00e3o ofertar curso de pintura no Cras Santa Terezinha - A Not\u00edcia Online","headline":"Prefeitura, Sindicato Rural e Senar ir\u00e3o ofertar curso de pintura no Cras Santa Terezinha","author":{"@id":"https:\/\/anoticiaonline.com.br\/site\/author\/juliana\/#author"},"publisher":{"@id":"https:\/\/anoticiaonline.com.br\/site\/#organization"},"image":{"@type":"ImageObject","url":"https:\/\/anoticiaonline.com.br\/site\/wp-content\/uploads\/2015\/11\/00001.jpg","width":640,"height":449},"datePublished":"2015-11-09T07:44:45-03:00","dateModified":"2015-11-09T07:44:45-03:00","inLanguage":"pt-BR","mainEntityOfPage":{"@id":"https:\/\/anoticiaonline.com.br\/site\/prefeitura-sindicato-rural-e-senar-irao-ofertar-curso-de-pintura-no-cras-santa-terezinha\/#webpage"},"isPartOf":{"@id":"https:\/\/anoticiaonline.com.br\/site\/prefeitura-sindicato-rural-e-senar-irao-ofertar-curso-de-pintura-no-cras-santa-terezinha\/#webpage"},"articleSection":"Blog, slide"},{"@type":"BreadcrumbList","@id":"https:\/\/anoticiaonline.com.br\/site\/prefeitura-sindicato-rural-e-senar-irao-ofertar-curso-de-pintura-no-cras-santa-terezinha\/#breadcrumblist","itemListElement":[{"@type":"ListItem","@id":"https:\/\/anoticiaonline.com.br\/site#listItem","position":1,"name":"Home","item":"https:\/\/anoticiaonline.com.br\/site","nextItem":{"@type":"ListItem","@id":"https:\/\/anoticiaonline.com.br\/site\/categoria\/muriae\/#listItem","name":"Blog"}},{"@type":"ListItem","@id":"https:\/\/anoticiaonline.com.br\/site\/categoria\/muriae\/#listItem","position":2,"name":"Blog","item":"https:\/\/anoticiaonline.com.br\/site\/categoria\/muriae\/","nextItem":{"@type":"ListItem","@id":"https:\/\/anoticiaonline.com.br\/site\/prefeitura-sindicato-rural-e-senar-irao-ofertar-curso-de-pintura-no-cras-santa-terezinha\/#listItem","name":"Prefeitura, Sindicato Rural e Senar ir\u00e3o ofertar curso de pintura no Cras Santa Terezinha"},"previousItem":{"@type":"ListItem","@id":"https:\/\/anoticiaonline.com.br\/site#listItem","name":"Home"}},{"@type":"ListItem","@id":"https:\/\/anoticiaonline.com.br\/site\/prefeitura-sindicato-rural-e-senar-irao-ofertar-curso-de-pintura-no-cras-santa-terezinha\/#listItem","position":3,"name":"Prefeitura, Sindicato Rural e Senar ir\u00e3o ofertar curso de pintura no Cras Santa Terezinha","previousItem":{"@type":"ListItem","@id":"https:\/\/anoticiaonline.com.br\/site\/categoria\/muriae\/#listItem","name":"Blog"}}]},{"@type":"Organization","@id":"https:\/\/anoticiaonline.com.br\/site\/#organization","name":"A Not\u00edcia Online","description":"Noticias de Muria\u00e9 e regi\u00e3o","url":"https:\/\/anoticiaonline.com.br\/site\/","logo":{"@type":"ImageObject","url":"https:\/\/scontent-gig4-1.xx.fbcdn.net\/v\/t39.30808-1\/270437624_4564083193639691_6907940295614233970_n.jpg?stp=dst-jpg_s200x200_tt6&_nc_cat=111&ccb=1-7&_nc_sid=f907e8&_nc_ohc=SM1wRlP3lJwQ7kNvwEPuBYA&_nc_oc=AdnqrjDN_BNjSSHWO-GbkIWH6fkGMLw4bqvL_NH6e2wMveX7G-rP2dAqsDSq1mJMOaY&_nc_zt=24&_nc_ht=scontent-gig4-1.xx&_nc_gid=AoBFJeGrT1hVaew_6rchkQ&oh=00_AfX7QmFGhQhG2jAllVgXCiM1ZrWgvtp80-Bfppyexh1QEg&oe=689E923C","@id":"https:\/\/anoticiaonline.com.br\/site\/prefeitura-sindicato-rural-e-senar-irao-ofertar-curso-de-pintura-no-cras-santa-terezinha\/#organizationLogo"},"image":{"@id":"https:\/\/anoticiaonline.com.br\/site\/prefeitura-sindicato-rural-e-senar-irao-ofertar-curso-de-pintura-no-cras-santa-terezinha\/#organizationLogo"}},{"@type":"Person","@id":"https:\/\/anoticiaonline.com.br\/site\/author\/juliana\/#author","url":"https:\/\/anoticiaonline.com.br\/site\/author\/juliana\/","name":"Juliana Laviola","image":{"@type":"ImageObject","@id":"https:\/\/anoticiaonline.com.br\/site\/prefeitura-sindicato-rural-e-senar-irao-ofertar-curso-de-pintura-no-cras-santa-terezinha\/#authorImage","url":"https:\/\/secure.gravatar.com\/avatar\/b8d45f5c699b100dfaf0e543582f38f38bf94cb7ae3a5e9abf8d891a34773335?s=96&d=mm&r=g","width":96,"height":96,"caption":"Juliana Laviola"}},{"@type":"WebPage","@id":"https:\/\/anoticiaonline.com.br\/site\/prefeitura-sindicato-rural-e-senar-irao-ofertar-curso-de-pintura-no-cras-santa-terezinha\/#webpage","url":"https:\/\/anoticiaonline.com.br\/site\/prefeitura-sindicato-rural-e-senar-irao-ofertar-curso-de-pintura-no-cras-santa-terezinha\/","name":"Prefeitura, Sindicato Rural e Senar ir\u00e3o ofertar curso de pintura no Cras Santa Terezinha - A Not\u00edcia Online","description":"A Prefeitura de Muria\u00e9, atrav\u00e9s da Secretaria Municipal de Desenvolvimento Social, informa que entre os dias 10 a 13 de novembro, ser\u00e1 ofertado um curso de pintura para os usu\u00e1rios dos servi\u00e7os do Centro de Refer\u00eancia de Assist\u00eancia Social (CRAS) do bairro Santa Terezinha. A iniciativa \u00e9 desenvolvida em parceria com o Servi\u00e7o Nacional de","inLanguage":"pt-BR","isPartOf":{"@id":"https:\/\/anoticiaonline.com.br\/site\/#website"},"breadcrumb":{"@id":"https:\/\/anoticiaonline.com.br\/site\/prefeitura-sindicato-rural-e-senar-irao-ofertar-curso-de-pintura-no-cras-santa-terezinha\/#breadcrumblist"},"author":{"@id":"https:\/\/anoticiaonline.com.br\/site\/author\/juliana\/#author"},"creator":{"@id":"https:\/\/anoticiaonline.com.br\/site\/author\/juliana\/#author"},"image":{"@type":"ImageObject","url":"https:\/\/anoticiaonline.com.br\/site\/wp-content\/uploads\/2015\/11\/00001.jpg","@id":"https:\/\/anoticiaonline.com.br\/site\/prefeitura-sindicato-rural-e-senar-irao-ofertar-curso-de-pintura-no-cras-santa-terezinha\/#mainImage","width":640,"height":449},"primaryImageOfPage":{"@id":"https:\/\/anoticiaonline.com.br\/site\/prefeitura-sindicato-rural-e-senar-irao-ofertar-curso-de-pintura-no-cras-santa-terezinha\/#mainImage"},"datePublished":"2015-11-09T07:44:45-03:00","dateModified":"2015-11-09T07:44:45-03:00"},{"@type":"WebSite","@id":"https:\/\/anoticiaonline.com.br\/site\/#website","url":"https:\/\/anoticiaonline.com.br\/site\/","name":"A Not\u00edcia Online","description":"Noticias de Muria\u00e9 e regi\u00e3o","inLanguage":"pt-BR","publisher":{"@id":"https:\/\/anoticiaonline.com.br\/site\/#organization"}}]},"og:locale":"pt_BR","og:site_name":"A Not\u00edcia Online - Noticias de Muria\u00e9 e regi\u00e3o","og:type":"article","og:title":"Prefeitura, Sindicato Rural e Senar ir\u00e3o ofertar curso de pintura no Cras Santa Terezinha - A Not\u00edcia Online","og:description":"A Prefeitura de Muria\u00e9, atrav\u00e9s da Secretaria Municipal de Desenvolvimento Social, informa que entre os dias 10 a 13 de novembro, ser\u00e1 ofertado um curso de pintura para os usu\u00e1rios dos servi\u00e7os do Centro de Refer\u00eancia de Assist\u00eancia Social (CRAS) do bairro Santa Terezinha. A iniciativa \u00e9 desenvolvida em parceria com o Servi\u00e7o Nacional de","og:url":"https:\/\/anoticiaonline.com.br\/site\/prefeitura-sindicato-rural-e-senar-irao-ofertar-curso-de-pintura-no-cras-santa-terezinha\/","og:image":"https:\/\/scontent-gig4-1.xx.fbcdn.net\/v\/t39.30808-1\/270437624_4564083193639691_6907940295614233970_n.jpg?stp=dst-jpg_s200x200_tt6&#038;_nc_cat=111&#038;ccb=1-7&#038;_nc_sid=f907e8&#038;_nc_ohc=SM1wRlP3lJwQ7kNvwEPuBYA&#038;_nc_oc=AdnqrjDN_BNjSSHWO-GbkIWH6fkGMLw4bqvL_NH6e2wMveX7G-rP2dAqsDSq1mJMOaY&#038;_nc_zt=24&#038;_nc_ht=scontent-gig4-1.xx&#038;_nc_gid=AoBFJeGrT1hVaew_6rchkQ&#038;oh=00_AfX7QmFGhQhG2jAllVgXCiM1ZrWgvtp80-Bfppyexh1QEg&#038;oe=689E923C","og:image:secure_url":"https:\/\/scontent-gig4-1.xx.fbcdn.net\/v\/t39.30808-1\/270437624_4564083193639691_6907940295614233970_n.jpg?stp=dst-jpg_s200x200_tt6&#038;_nc_cat=111&#038;ccb=1-7&#038;_nc_sid=f907e8&#038;_nc_ohc=SM1wRlP3lJwQ7kNvwEPuBYA&#038;_nc_oc=AdnqrjDN_BNjSSHWO-GbkIWH6fkGMLw4bqvL_NH6e2wMveX7G-rP2dAqsDSq1mJMOaY&#038;_nc_zt=24&#038;_nc_ht=scontent-gig4-1.xx&#038;_nc_gid=AoBFJeGrT1hVaew_6rchkQ&#038;oh=00_AfX7QmFGhQhG2jAllVgXCiM1ZrWgvtp80-Bfppyexh1QEg&#038;oe=689E923C","article:published_time":"2015-11-09T10:44:45+00:00","article:modified_time":"2015-11-09T10:44:45+00:00","twitter:card":"summary_large_image","twitter:title":"Prefeitura, Sindicato Rural e Senar ir\u00e3o ofertar curso de pintura no Cras Santa Terezinha - A Not\u00edcia Online","twitter:description":"A Prefeitura de Muria\u00e9, atrav\u00e9s da Secretaria Municipal de Desenvolvimento Social, informa que entre os dias 10 a 13 de novembro, ser\u00e1 ofertado um curso de pintura para os usu\u00e1rios dos servi\u00e7os do Centro de Refer\u00eancia de Assist\u00eancia Social (CRAS) do bairro Santa Terezinha. A iniciativa \u00e9 desenvolvida em parceria com o Servi\u00e7o Nacional de","twitter:image":"https:\/\/scontent-gig4-1.xx.fbcdn.net\/v\/t39.30808-1\/270437624_4564083193639691_6907940295614233970_n.jpg?stp=dst-jpg_s200x200_tt6&_nc_cat=111&ccb=1-7&_nc_sid=f907e8&_nc_ohc=SM1wRlP3lJwQ7kNvwEPuBYA&_nc_oc=AdnqrjDN_BNjSSHWO-GbkIWH6fkGMLw4bqvL_NH6e2wMveX7G-rP2dAqsDSq1mJMOaY&_nc_zt=24&_nc_ht=scontent-gig4-1.xx&_nc_gid=AoBFJeGrT1hVaew_6rchkQ&oh=00_AfX7QmFGhQhG2jAllVgXCiM1ZrWgvtp80-Bfppyexh1QEg&oe=689E923C"},"aioseo_meta_data":{"post_id":"5956","title":null,"description":null,"keywords":null,"keyphrases":null,"primary_term":null,"canonical_url":null,"og_title":null,"og_description":null,"og_object_type":"default","og_image_type":"default","og_image_url":null,"og_image_width":null,"og_image_height":null,"og_image_custom_url":null,"og_image_custom_fields":null,"og_video":null,"og_custom_url":null,"og_article_section":null,"og_article_tags":null,"twitter_use_og":false,"twitter_card":"default","twitter_image_type":"default","twitter_image_url":null,"twitter_image_custom_url":null,"twitter_image_custom_fields":null,"twitter_title":null,"twitter_description":null,"schema":{"blockGraphs":[],"customGraphs":[],"default":{"data":{"Article":[],"Course":[],"Dataset":[],"FAQPage":[],"Movie":[],"Person":[],"Product":[],"ProductReview":[],"Car":[],"Recipe":[],"Service":[],"SoftwareApplication":[],"WebPage":[]},"graphName":"","isEnabled":true},"graphs":[]},"schema_type":"default","schema_type_options":null,"pillar_content":false,"robots_default":true,"robots_noindex":false,"robots_noarchive":false,"robots_nosnippet":false,"robots_nofollow":false,"robots_noimageindex":false,"robots_noodp":false,"robots_notranslate":false,"robots_max_snippet":null,"robots_max_videopreview":null,"robots_max_imagepreview":"large","priority":null,"frequency":null,"local_seo":null,"breadcrumb_settings":null,"limit_modified_date":false,"ai":null,"created":"2025-08-16 13:52:35","updated":"2025-08-16 13:52:35","focus_keyword":null,"additional_keywords":null,"truseo_locale":null,"seo_analyzer_scan_date":null},"aioseo_breadcrumb":"<div class=\"aioseo-breadcrumbs\"><span class=\"aioseo-breadcrumb\">\n\t\t\t<a href=\"https:\/\/anoticiaonline.com.br\/site\" title=\"Home\">Home<\/a>\n\t\t<\/span><span class=\"aioseo-breadcrumb-separator\">&raquo;<\/span><span class=\"aioseo-breadcrumb\">\n\t\t\t<a href=\"https:\/\/anoticiaonline.com.br\/site\/categoria\/muriae\/\" title=\"Blog\">Blog<\/a>\n\t\t<\/span><span class=\"aioseo-breadcrumb-separator\">&raquo;<\/span><span class=\"aioseo-breadcrumb\">\n\t\t\tPrefeitura, Sindicato Rural e Senar ir\u00e3o ofertar curso de pintura no Cras Santa Terezinha\n\t\t<\/span><\/div>","aioseo_breadcrumb_json":[{"label":"Home","link":"https:\/\/anoticiaonline.com.br\/site"},{"label":"Blog","link":"https:\/\/anoticiaonline.com.br\/site\/categoria\/muriae\/"},{"label":"Prefeitura, Sindicato Rural e Senar ir\u00e3o ofertar curso de pintura no Cras Santa Terezinha","link":"https:\/\/anoticiaonline.com.br\/site\/prefeitura-sindicato-rural-e-senar-irao-ofertar-curso-de-pintura-no-cras-santa-terezinha\/"}],"views":132,"_links":{"self":[{"href":"https:\/\/anoticiaonline.com.br\/site\/wp-json\/wp\/v2\/posts\/5956","targetHints":{"allow":["GET"]}}],"collection":[{"href":"https:\/\/anoticiaonline.com.br\/site\/wp-json\/wp\/v2\/posts"}],"about":[{"href":"https:\/\/anoticiaonline.com.br\/site\/wp-json\/wp\/v2\/types\/post"}],"author":[{"embeddable":true,"href":"https:\/\/anoticiaonline.com.br\/site\/wp-json\/wp\/v2\/users\/2"}],"replies":[{"embeddable":true,"href":"https:\/\/anoticiaonline.com.br\/site\/wp-json\/wp\/v2\/comments?post=5956"}],"version-history":[{"count":0,"href":"https:\/\/anoticiaonline.com.br\/site\/wp-json\/wp\/v2\/posts\/5956\/revisions"}],"wp:featuredmedia":[{"embeddable":true,"href":"https:\/\/anoticiaonline.com.br\/site\/wp-json\/wp\/v2\/media\/5958"}],"wp:attachment":[{"href":"https:\/\/anoticiaonline.com.br\/site\/wp-json\/wp\/v2\/media?parent=5956"}],"wp:term":[{"taxonomy":"category","embeddable":true,"href":"https:\/\/anoticiaonline.com.br\/site\/wp-json\/wp\/v2\/categories?post=5956"},{"taxonomy":"post_tag","embeddable":true,"href":"https:\/\/anoticiaonline.com.br\/site\/wp-json\/wp\/v2\/tags?post=5956"}],"curies":[{"name":"wp","href":"https:\/\/api.w.org\/{rel}","templated":true}]}}