{"id":5952,"date":"2015-11-06T08:22:29","date_gmt":"2015-11-06T11:22:29","guid":{"rendered":"http:\/\/anoticiaonline.com.br\/site\/?p=5952"},"modified":"2015-11-06T08:22:29","modified_gmt":"2015-11-06T11:22:29","slug":"chorar-sim-deblaterar-jamais","status":"publish","type":"post","link":"https:\/\/anoticiaonline.com.br\/site\/chorar-sim-deblaterar-jamais\/","title":{"rendered":"Chorar, sim; deblaterar, jamais!"},"content":{"rendered":"<p><em><strong>\u201cJesus chorou.\u201d &#8211; Jo., 11:35<\/strong><\/em><\/p>\n<p>O choro \u00e9 t\u00e3o frequente na vida das criaturas quanto o riso&#8230; Nem mesmo Jesus escapou dessa ocorr\u00eancia!\u00a0 As escrituras registraram por duas vezes, as Suas l\u00e1grimas: diante do sofrimento de Maria, irm\u00e3 de L\u00e1zaro, e no Gets\u00eamani momentos antes de Sua pris\u00e3o.\u00a0 Choraram os ap\u00f3stolos, a m\u00e3e de Jesus, Maria de Magdala; afinal quem nunca chorou?!<\/p>\n<p>Quando a morte ceifa a vida de um ente querido, o choro \u00e9 natural.\u00a0 A travessia do \u201cEstige\u201d na barca de Caronte, \u00e9 sempre um momento grave e dif\u00edcil tanto para quem vai como para os que ficam&#8230;<\/p>\n<p>Esp\u00edrita n\u00e3o chora?\u00a0 Claro que sim!\u00a0 Mas n\u00e3o deblatera&#8230;\u00a0 Ora, se a dor foi sagrada no Monte das Oliveiras e ante o testemunho do sofrimento de Maria, n\u00e3o existe motivo para segurar a emo\u00e7\u00e3o ante um fato grave&#8230;<\/p>\n<p>Compulsando a B\u00edblia notaremos que o verbo \u201cchorar\u201d apresenta-se desde \u201cN\u00fameros\u201d no Velho Testamento at\u00e9 ao \u201cApocalipse\u201d, que encerra o Novo Testamento.<\/p>\n<p>Afinal, estamos vivendo onde a vida ainda \u00e9 assinalada \u201cpor choros e ranger de dentes.\u201d<\/p>\n<p>Chico Xavier sentiu-se mal quando faleceu um amigo seu de longa data!&#8230;<\/p>\n<p>Divaldo Franco afirmou que se sentiria profundamente infeliz se ningu\u00e9m chorar por ele, quando desencarnar, pois a aus\u00eancia do choro seria a prova documental de que n\u00e3o logrou realizar o amor.<\/p>\n<p>A guisa de dar o testemunho de crer na Imortalidade da Alma, n\u00e3o h\u00e1 por que sopitar as l\u00e1grimas ante a partida de um ente querido para a P\u00e1tria Espiritual.<\/p>\n<p>Atentemos nas l\u00facidas e esclarecedoras palavras de Divaldo Franco: \u201cas l\u00e1grimas de saudade s\u00e3o perfeitamente naturais, vez que \u00e9 um sentimento que se exterioriza, denotando alegria ou tristeza, raiva, paix\u00e3o, ansiedade ou medo. At\u00e9 mesmo os animais choram&#8230;<\/p>\n<p>\u00c9 natural que as emo\u00e7\u00f5es se exteriorizem nas l\u00e1grimas. O que perturba, no entanto, \u00e0queles que partem s\u00e3o: a revolta surda, o desespero aos brados, a impreca\u00e7\u00e3o do inconformismo, as express\u00f5es de f\u00faria com ou sem l\u00e1grimas.<\/p>\n<p>Os Esp\u00edritos nos dizem que as evoca\u00e7\u00f5es afetuosas fazem-lhes bem, um grande bem.\u00a0\u00a0 As blasf\u00eamias, os desesperos e os desequil\u00edbrios emocionais dos que ficam chegam-lhes como \u00e1cido, porque sentem-se respons\u00e1veis pela afli\u00e7\u00e3o dos seres queridos, sem que tenham responsabilidade nisso&#8230;\u00a0 Entre chorar um ente querido que parte, e deblaterar diante de algu\u00e9m que desencarna, vai um grande pego\u201d.<\/p>\n","protected":false},"excerpt":{"rendered":"<p>\u201cJesus chorou.\u201d &#8211; Jo., 11:35 O choro \u00e9 t\u00e3o frequente na vida das criaturas quanto o riso&#8230; Nem mesmo Jesus escapou dessa ocorr\u00eancia!\u00a0 As escrituras registraram por duas vezes, as Suas l\u00e1grimas: diante do sofrimento de Maria, irm\u00e3 de L\u00e1zaro, e no Gets\u00eamani momentos antes de Sua pris\u00e3o.\u00a0 Choraram os ap\u00f3stolos, a m\u00e3e de Jesus, &#8230; <a title=\"Chorar, sim; deblaterar, jamais!\" class=\"read-more\" href=\"https:\/\/anoticiaonline.com.br\/site\/chorar-sim-deblaterar-jamais\/\" aria-label=\"Read more about Chorar, sim; deblaterar, jamais!\">Ler mais<\/a><\/p>\n","protected":false},"author":2,"featured_media":0,"comment_status":"open","ping_status":"open","sticky":false,"template":"","format":"standard","meta":{"_acf_changed":false,"_monsterinsights_skip_tracking":false,"footnotes":""},"categories":[44],"tags":[],"class_list":["post-5952","post","type-post","status-publish","format-standard","hentry","category-espiritismo-em-foco-de-rogerio-coelho"],"acf":[],"aioseo_notices":[],"aioseo_head":"\n\t\t<!-- All in One SEO 5.0.0.1 - aioseo.com -->\n\t<meta name=\"description\" content=\"\u201cJesus chorou.\u201d - Jo., 11:35 O choro \u00e9 t\u00e3o frequente na vida das criaturas quanto o riso... Nem mesmo Jesus escapou dessa ocorr\u00eancia! As escrituras registraram por duas vezes, as Suas l\u00e1grimas: diante do sofrimento de Maria, irm\u00e3 de L\u00e1zaro, e no Gets\u00eamani momentos antes de Sua pris\u00e3o. Choraram os ap\u00f3stolos, a m\u00e3e de Jesus,\" \/>\n\t<meta name=\"robots\" content=\"max-image-preview:large\" \/>\n\t<meta name=\"author\" content=\"Juliana Laviola\"\/>\n\t<link rel=\"canonical\" href=\"https:\/\/anoticiaonline.com.br\/site\/chorar-sim-deblaterar-jamais\/\" \/>\n\t<meta name=\"generator\" content=\"All in One SEO (AIOSEO) 5.0.0.1\" \/>\n\t\t<meta property=\"og:locale\" content=\"pt_BR\" \/>\n\t\t<meta property=\"og:site_name\" content=\"A Not\u00edcia Online - Noticias de Muria\u00e9 e regi\u00e3o\" \/>\n\t\t<meta property=\"og:type\" content=\"article\" \/>\n\t\t<meta property=\"og:title\" content=\"Chorar, sim; deblaterar, jamais! - A Not\u00edcia Online\" \/>\n\t\t<meta property=\"og:description\" content=\"\u201cJesus chorou.\u201d - Jo., 11:35 O choro \u00e9 t\u00e3o frequente na vida das criaturas quanto o riso... Nem mesmo Jesus escapou dessa ocorr\u00eancia! As escrituras registraram por duas vezes, as Suas l\u00e1grimas: diante do sofrimento de Maria, irm\u00e3 de L\u00e1zaro, e no Gets\u00eamani momentos antes de Sua pris\u00e3o. Choraram os ap\u00f3stolos, a m\u00e3e de Jesus,\" \/>\n\t\t<meta property=\"og:url\" content=\"https:\/\/anoticiaonline.com.br\/site\/chorar-sim-deblaterar-jamais\/\" \/>\n\t\t<meta property=\"og:image\" content=\"https:\/\/scontent-gig4-1.xx.fbcdn.net\/v\/t39.30808-1\/270437624_4564083193639691_6907940295614233970_n.jpg?stp=dst-jpg_s200x200_tt6&#038;_nc_cat=111&#038;ccb=1-7&#038;_nc_sid=f907e8&#038;_nc_ohc=SM1wRlP3lJwQ7kNvwEPuBYA&#038;_nc_oc=AdnqrjDN_BNjSSHWO-GbkIWH6fkGMLw4bqvL_NH6e2wMveX7G-rP2dAqsDSq1mJMOaY&#038;_nc_zt=24&#038;_nc_ht=scontent-gig4-1.xx&#038;_nc_gid=AoBFJeGrT1hVaew_6rchkQ&#038;oh=00_AfX7QmFGhQhG2jAllVgXCiM1ZrWgvtp80-Bfppyexh1QEg&#038;oe=689E923C\" \/>\n\t\t<meta property=\"og:image:secure_url\" content=\"https:\/\/scontent-gig4-1.xx.fbcdn.net\/v\/t39.30808-1\/270437624_4564083193639691_6907940295614233970_n.jpg?stp=dst-jpg_s200x200_tt6&#038;_nc_cat=111&#038;ccb=1-7&#038;_nc_sid=f907e8&#038;_nc_ohc=SM1wRlP3lJwQ7kNvwEPuBYA&#038;_nc_oc=AdnqrjDN_BNjSSHWO-GbkIWH6fkGMLw4bqvL_NH6e2wMveX7G-rP2dAqsDSq1mJMOaY&#038;_nc_zt=24&#038;_nc_ht=scontent-gig4-1.xx&#038;_nc_gid=AoBFJeGrT1hVaew_6rchkQ&#038;oh=00_AfX7QmFGhQhG2jAllVgXCiM1ZrWgvtp80-Bfppyexh1QEg&#038;oe=689E923C\" \/>\n\t\t<meta property=\"article:published_time\" content=\"2015-11-06T11:22:29+00:00\" \/>\n\t\t<meta property=\"article:modified_time\" content=\"2015-11-06T11:22:29+00:00\" \/>\n\t\t<meta name=\"twitter:card\" content=\"summary_large_image\" \/>\n\t\t<meta name=\"twitter:title\" content=\"Chorar, sim; deblaterar, jamais! - A Not\u00edcia Online\" \/>\n\t\t<meta name=\"twitter:description\" content=\"\u201cJesus chorou.\u201d - Jo., 11:35 O choro \u00e9 t\u00e3o frequente na vida das criaturas quanto o riso... Nem mesmo Jesus escapou dessa ocorr\u00eancia! As escrituras registraram por duas vezes, as Suas l\u00e1grimas: diante do sofrimento de Maria, irm\u00e3 de L\u00e1zaro, e no Gets\u00eamani momentos antes de Sua pris\u00e3o. Choraram os ap\u00f3stolos, a m\u00e3e de Jesus,\" \/>\n\t\t<meta name=\"twitter:image\" content=\"https:\/\/scontent-gig4-1.xx.fbcdn.net\/v\/t39.30808-1\/270437624_4564083193639691_6907940295614233970_n.jpg?stp=dst-jpg_s200x200_tt6&amp;_nc_cat=111&amp;ccb=1-7&amp;_nc_sid=f907e8&amp;_nc_ohc=SM1wRlP3lJwQ7kNvwEPuBYA&amp;_nc_oc=AdnqrjDN_BNjSSHWO-GbkIWH6fkGMLw4bqvL_NH6e2wMveX7G-rP2dAqsDSq1mJMOaY&amp;_nc_zt=24&amp;_nc_ht=scontent-gig4-1.xx&amp;_nc_gid=AoBFJeGrT1hVaew_6rchkQ&amp;oh=00_AfX7QmFGhQhG2jAllVgXCiM1ZrWgvtp80-Bfppyexh1QEg&amp;oe=689E923C\" \/>\n\t\t<script type=\"application\/ld+json\" class=\"aioseo-schema\">\n\t\t\t{\"@context\":\"https:\\\/\\\/schema.org\",\"@graph\":[{\"@type\":\"BlogPosting\",\"@id\":\"https:\\\/\\\/anoticiaonline.com.br\\\/site\\\/chorar-sim-deblaterar-jamais\\\/#blogposting\",\"name\":\"Chorar, sim; deblaterar, jamais! - A Not\\u00edcia Online\",\"headline\":\"Chorar, sim; deblaterar, jamais!\",\"author\":{\"@id\":\"https:\\\/\\\/anoticiaonline.com.br\\\/site\\\/author\\\/juliana\\\/#author\"},\"publisher\":{\"@id\":\"https:\\\/\\\/anoticiaonline.com.br\\\/site\\\/#organization\"},\"image\":{\"@type\":\"ImageObject\",\"url\":\"https:\\\/\\\/scontent-gig4-1.xx.fbcdn.net\\\/v\\\/t39.30808-1\\\/270437624_4564083193639691_6907940295614233970_n.jpg?stp=dst-jpg_s200x200_tt6&_nc_cat=111&ccb=1-7&_nc_sid=f907e8&_nc_ohc=SM1wRlP3lJwQ7kNvwEPuBYA&_nc_oc=AdnqrjDN_BNjSSHWO-GbkIWH6fkGMLw4bqvL_NH6e2wMveX7G-rP2dAqsDSq1mJMOaY&_nc_zt=24&_nc_ht=scontent-gig4-1.xx&_nc_gid=AoBFJeGrT1hVaew_6rchkQ&oh=00_AfX7QmFGhQhG2jAllVgXCiM1ZrWgvtp80-Bfppyexh1QEg&oe=689E923C\",\"@id\":\"https:\\\/\\\/anoticiaonline.com.br\\\/site\\\/#articleImage\"},\"datePublished\":\"2015-11-06T08:22:29-03:00\",\"dateModified\":\"2015-11-06T08:22:29-03:00\",\"inLanguage\":\"pt-BR\",\"mainEntityOfPage\":{\"@id\":\"https:\\\/\\\/anoticiaonline.com.br\\\/site\\\/chorar-sim-deblaterar-jamais\\\/#webpage\"},\"isPartOf\":{\"@id\":\"https:\\\/\\\/anoticiaonline.com.br\\\/site\\\/chorar-sim-deblaterar-jamais\\\/#webpage\"},\"articleSection\":\"Espiritismo em Foco, por Rog\\u00e9rio Coelho\"},{\"@type\":\"BreadcrumbList\",\"@id\":\"https:\\\/\\\/anoticiaonline.com.br\\\/site\\\/chorar-sim-deblaterar-jamais\\\/#breadcrumblist\",\"itemListElement\":[{\"@type\":\"ListItem\",\"@id\":\"https:\\\/\\\/anoticiaonline.com.br\\\/site#listItem\",\"position\":1,\"name\":\"Home\",\"item\":\"https:\\\/\\\/anoticiaonline.com.br\\\/site\",\"nextItem\":{\"@type\":\"ListItem\",\"@id\":\"https:\\\/\\\/anoticiaonline.com.br\\\/site\\\/categoria\\\/colunistas\\\/#listItem\",\"name\":\"Colunistas\"}},{\"@type\":\"ListItem\",\"@id\":\"https:\\\/\\\/anoticiaonline.com.br\\\/site\\\/categoria\\\/colunistas\\\/#listItem\",\"position\":2,\"name\":\"Colunistas\",\"item\":\"https:\\\/\\\/anoticiaonline.com.br\\\/site\\\/categoria\\\/colunistas\\\/\",\"nextItem\":{\"@type\":\"ListItem\",\"@id\":\"https:\\\/\\\/anoticiaonline.com.br\\\/site\\\/categoria\\\/colunistas\\\/espiritismo-em-foco-de-rogerio-coelho\\\/#listItem\",\"name\":\"Espiritismo em Foco, por Rog\\u00e9rio Coelho\"},\"previousItem\":{\"@type\":\"ListItem\",\"@id\":\"https:\\\/\\\/anoticiaonline.com.br\\\/site#listItem\",\"name\":\"Home\"}},{\"@type\":\"ListItem\",\"@id\":\"https:\\\/\\\/anoticiaonline.com.br\\\/site\\\/categoria\\\/colunistas\\\/espiritismo-em-foco-de-rogerio-coelho\\\/#listItem\",\"position\":3,\"name\":\"Espiritismo em Foco, por Rog\\u00e9rio Coelho\",\"item\":\"https:\\\/\\\/anoticiaonline.com.br\\\/site\\\/categoria\\\/colunistas\\\/espiritismo-em-foco-de-rogerio-coelho\\\/\",\"nextItem\":{\"@type\":\"ListItem\",\"@id\":\"https:\\\/\\\/anoticiaonline.com.br\\\/site\\\/chorar-sim-deblaterar-jamais\\\/#listItem\",\"name\":\"Chorar, sim; deblaterar, jamais!\"},\"previousItem\":{\"@type\":\"ListItem\",\"@id\":\"https:\\\/\\\/anoticiaonline.com.br\\\/site\\\/categoria\\\/colunistas\\\/#listItem\",\"name\":\"Colunistas\"}},{\"@type\":\"ListItem\",\"@id\":\"https:\\\/\\\/anoticiaonline.com.br\\\/site\\\/chorar-sim-deblaterar-jamais\\\/#listItem\",\"position\":4,\"name\":\"Chorar, sim; deblaterar, jamais!\",\"previousItem\":{\"@type\":\"ListItem\",\"@id\":\"https:\\\/\\\/anoticiaonline.com.br\\\/site\\\/categoria\\\/colunistas\\\/espiritismo-em-foco-de-rogerio-coelho\\\/#listItem\",\"name\":\"Espiritismo em Foco, por Rog\\u00e9rio Coelho\"}}]},{\"@type\":\"Organization\",\"@id\":\"https:\\\/\\\/anoticiaonline.com.br\\\/site\\\/#organization\",\"name\":\"A Not\\u00edcia Online\",\"description\":\"Noticias de Muria\\u00e9 e regi\\u00e3o\",\"url\":\"https:\\\/\\\/anoticiaonline.com.br\\\/site\\\/\",\"logo\":{\"@type\":\"ImageObject\",\"url\":\"https:\\\/\\\/scontent-gig4-1.xx.fbcdn.net\\\/v\\\/t39.30808-1\\\/270437624_4564083193639691_6907940295614233970_n.jpg?stp=dst-jpg_s200x200_tt6&_nc_cat=111&ccb=1-7&_nc_sid=f907e8&_nc_ohc=SM1wRlP3lJwQ7kNvwEPuBYA&_nc_oc=AdnqrjDN_BNjSSHWO-GbkIWH6fkGMLw4bqvL_NH6e2wMveX7G-rP2dAqsDSq1mJMOaY&_nc_zt=24&_nc_ht=scontent-gig4-1.xx&_nc_gid=AoBFJeGrT1hVaew_6rchkQ&oh=00_AfX7QmFGhQhG2jAllVgXCiM1ZrWgvtp80-Bfppyexh1QEg&oe=689E923C\",\"@id\":\"https:\\\/\\\/anoticiaonline.com.br\\\/site\\\/chorar-sim-deblaterar-jamais\\\/#organizationLogo\"},\"image\":{\"@id\":\"https:\\\/\\\/anoticiaonline.com.br\\\/site\\\/chorar-sim-deblaterar-jamais\\\/#organizationLogo\"}},{\"@type\":\"Person\",\"@id\":\"https:\\\/\\\/anoticiaonline.com.br\\\/site\\\/author\\\/juliana\\\/#author\",\"url\":\"https:\\\/\\\/anoticiaonline.com.br\\\/site\\\/author\\\/juliana\\\/\",\"name\":\"Juliana Laviola\",\"image\":{\"@type\":\"ImageObject\",\"@id\":\"https:\\\/\\\/anoticiaonline.com.br\\\/site\\\/chorar-sim-deblaterar-jamais\\\/#authorImage\",\"url\":\"https:\\\/\\\/secure.gravatar.com\\\/avatar\\\/b8d45f5c699b100dfaf0e543582f38f38bf94cb7ae3a5e9abf8d891a34773335?s=96&d=mm&r=g\",\"width\":96,\"height\":96,\"caption\":\"Juliana Laviola\"}},{\"@type\":\"WebPage\",\"@id\":\"https:\\\/\\\/anoticiaonline.com.br\\\/site\\\/chorar-sim-deblaterar-jamais\\\/#webpage\",\"url\":\"https:\\\/\\\/anoticiaonline.com.br\\\/site\\\/chorar-sim-deblaterar-jamais\\\/\",\"name\":\"Chorar, sim; deblaterar, jamais! - A Not\\u00edcia Online\",\"description\":\"\\u201cJesus chorou.\\u201d - Jo., 11:35 O choro \\u00e9 t\\u00e3o frequente na vida das criaturas quanto o riso... Nem mesmo Jesus escapou dessa ocorr\\u00eancia! As escrituras registraram por duas vezes, as Suas l\\u00e1grimas: diante do sofrimento de Maria, irm\\u00e3 de L\\u00e1zaro, e no Gets\\u00eamani momentos antes de Sua pris\\u00e3o. Choraram os ap\\u00f3stolos, a m\\u00e3e de Jesus,\",\"inLanguage\":\"pt-BR\",\"isPartOf\":{\"@id\":\"https:\\\/\\\/anoticiaonline.com.br\\\/site\\\/#website\"},\"breadcrumb\":{\"@id\":\"https:\\\/\\\/anoticiaonline.com.br\\\/site\\\/chorar-sim-deblaterar-jamais\\\/#breadcrumblist\"},\"author\":{\"@id\":\"https:\\\/\\\/anoticiaonline.com.br\\\/site\\\/author\\\/juliana\\\/#author\"},\"creator\":{\"@id\":\"https:\\\/\\\/anoticiaonline.com.br\\\/site\\\/author\\\/juliana\\\/#author\"},\"datePublished\":\"2015-11-06T08:22:29-03:00\",\"dateModified\":\"2015-11-06T08:22:29-03:00\"},{\"@type\":\"WebSite\",\"@id\":\"https:\\\/\\\/anoticiaonline.com.br\\\/site\\\/#website\",\"url\":\"https:\\\/\\\/anoticiaonline.com.br\\\/site\\\/\",\"name\":\"A Not\\u00edcia Online\",\"description\":\"Noticias de Muria\\u00e9 e regi\\u00e3o\",\"inLanguage\":\"pt-BR\",\"publisher\":{\"@id\":\"https:\\\/\\\/anoticiaonline.com.br\\\/site\\\/#organization\"}}]}\n\t\t<\/script>\n\t\t<!-- All in One SEO -->\n\n","aioseo_head_json":{"title":"Chorar, sim; deblaterar, jamais! - A Not\u00edcia Online","description":"\u201cJesus chorou.\u201d - Jo., 11:35 O choro \u00e9 t\u00e3o frequente na vida das criaturas quanto o riso... Nem mesmo Jesus escapou dessa ocorr\u00eancia! As escrituras registraram por duas vezes, as Suas l\u00e1grimas: diante do sofrimento de Maria, irm\u00e3 de L\u00e1zaro, e no Gets\u00eamani momentos antes de Sua pris\u00e3o. Choraram os ap\u00f3stolos, a m\u00e3e de Jesus,","canonical_url":"https:\/\/anoticiaonline.com.br\/site\/chorar-sim-deblaterar-jamais\/","robots":"max-image-preview:large","keywords":"","webmasterTools":{"miscellaneous":""},"schema":{"@context":"https:\/\/schema.org","@graph":[{"@type":"BlogPosting","@id":"https:\/\/anoticiaonline.com.br\/site\/chorar-sim-deblaterar-jamais\/#blogposting","name":"Chorar, sim; deblaterar, jamais! - A Not\u00edcia Online","headline":"Chorar, sim; deblaterar, jamais!","author":{"@id":"https:\/\/anoticiaonline.com.br\/site\/author\/juliana\/#author"},"publisher":{"@id":"https:\/\/anoticiaonline.com.br\/site\/#organization"},"image":{"@type":"ImageObject","url":"https:\/\/scontent-gig4-1.xx.fbcdn.net\/v\/t39.30808-1\/270437624_4564083193639691_6907940295614233970_n.jpg?stp=dst-jpg_s200x200_tt6&_nc_cat=111&ccb=1-7&_nc_sid=f907e8&_nc_ohc=SM1wRlP3lJwQ7kNvwEPuBYA&_nc_oc=AdnqrjDN_BNjSSHWO-GbkIWH6fkGMLw4bqvL_NH6e2wMveX7G-rP2dAqsDSq1mJMOaY&_nc_zt=24&_nc_ht=scontent-gig4-1.xx&_nc_gid=AoBFJeGrT1hVaew_6rchkQ&oh=00_AfX7QmFGhQhG2jAllVgXCiM1ZrWgvtp80-Bfppyexh1QEg&oe=689E923C","@id":"https:\/\/anoticiaonline.com.br\/site\/#articleImage"},"datePublished":"2015-11-06T08:22:29-03:00","dateModified":"2015-11-06T08:22:29-03:00","inLanguage":"pt-BR","mainEntityOfPage":{"@id":"https:\/\/anoticiaonline.com.br\/site\/chorar-sim-deblaterar-jamais\/#webpage"},"isPartOf":{"@id":"https:\/\/anoticiaonline.com.br\/site\/chorar-sim-deblaterar-jamais\/#webpage"},"articleSection":"Espiritismo em Foco, por Rog\u00e9rio Coelho"},{"@type":"BreadcrumbList","@id":"https:\/\/anoticiaonline.com.br\/site\/chorar-sim-deblaterar-jamais\/#breadcrumblist","itemListElement":[{"@type":"ListItem","@id":"https:\/\/anoticiaonline.com.br\/site#listItem","position":1,"name":"Home","item":"https:\/\/anoticiaonline.com.br\/site","nextItem":{"@type":"ListItem","@id":"https:\/\/anoticiaonline.com.br\/site\/categoria\/colunistas\/#listItem","name":"Colunistas"}},{"@type":"ListItem","@id":"https:\/\/anoticiaonline.com.br\/site\/categoria\/colunistas\/#listItem","position":2,"name":"Colunistas","item":"https:\/\/anoticiaonline.com.br\/site\/categoria\/colunistas\/","nextItem":{"@type":"ListItem","@id":"https:\/\/anoticiaonline.com.br\/site\/categoria\/colunistas\/espiritismo-em-foco-de-rogerio-coelho\/#listItem","name":"Espiritismo em Foco, por Rog\u00e9rio Coelho"},"previousItem":{"@type":"ListItem","@id":"https:\/\/anoticiaonline.com.br\/site#listItem","name":"Home"}},{"@type":"ListItem","@id":"https:\/\/anoticiaonline.com.br\/site\/categoria\/colunistas\/espiritismo-em-foco-de-rogerio-coelho\/#listItem","position":3,"name":"Espiritismo em Foco, por Rog\u00e9rio Coelho","item":"https:\/\/anoticiaonline.com.br\/site\/categoria\/colunistas\/espiritismo-em-foco-de-rogerio-coelho\/","nextItem":{"@type":"ListItem","@id":"https:\/\/anoticiaonline.com.br\/site\/chorar-sim-deblaterar-jamais\/#listItem","name":"Chorar, sim; deblaterar, jamais!"},"previousItem":{"@type":"ListItem","@id":"https:\/\/anoticiaonline.com.br\/site\/categoria\/colunistas\/#listItem","name":"Colunistas"}},{"@type":"ListItem","@id":"https:\/\/anoticiaonline.com.br\/site\/chorar-sim-deblaterar-jamais\/#listItem","position":4,"name":"Chorar, sim; deblaterar, jamais!","previousItem":{"@type":"ListItem","@id":"https:\/\/anoticiaonline.com.br\/site\/categoria\/colunistas\/espiritismo-em-foco-de-rogerio-coelho\/#listItem","name":"Espiritismo em Foco, por Rog\u00e9rio Coelho"}}]},{"@type":"Organization","@id":"https:\/\/anoticiaonline.com.br\/site\/#organization","name":"A Not\u00edcia Online","description":"Noticias de Muria\u00e9 e regi\u00e3o","url":"https:\/\/anoticiaonline.com.br\/site\/","logo":{"@type":"ImageObject","url":"https:\/\/scontent-gig4-1.xx.fbcdn.net\/v\/t39.30808-1\/270437624_4564083193639691_6907940295614233970_n.jpg?stp=dst-jpg_s200x200_tt6&_nc_cat=111&ccb=1-7&_nc_sid=f907e8&_nc_ohc=SM1wRlP3lJwQ7kNvwEPuBYA&_nc_oc=AdnqrjDN_BNjSSHWO-GbkIWH6fkGMLw4bqvL_NH6e2wMveX7G-rP2dAqsDSq1mJMOaY&_nc_zt=24&_nc_ht=scontent-gig4-1.xx&_nc_gid=AoBFJeGrT1hVaew_6rchkQ&oh=00_AfX7QmFGhQhG2jAllVgXCiM1ZrWgvtp80-Bfppyexh1QEg&oe=689E923C","@id":"https:\/\/anoticiaonline.com.br\/site\/chorar-sim-deblaterar-jamais\/#organizationLogo"},"image":{"@id":"https:\/\/anoticiaonline.com.br\/site\/chorar-sim-deblaterar-jamais\/#organizationLogo"}},{"@type":"Person","@id":"https:\/\/anoticiaonline.com.br\/site\/author\/juliana\/#author","url":"https:\/\/anoticiaonline.com.br\/site\/author\/juliana\/","name":"Juliana Laviola","image":{"@type":"ImageObject","@id":"https:\/\/anoticiaonline.com.br\/site\/chorar-sim-deblaterar-jamais\/#authorImage","url":"https:\/\/secure.gravatar.com\/avatar\/b8d45f5c699b100dfaf0e543582f38f38bf94cb7ae3a5e9abf8d891a34773335?s=96&d=mm&r=g","width":96,"height":96,"caption":"Juliana Laviola"}},{"@type":"WebPage","@id":"https:\/\/anoticiaonline.com.br\/site\/chorar-sim-deblaterar-jamais\/#webpage","url":"https:\/\/anoticiaonline.com.br\/site\/chorar-sim-deblaterar-jamais\/","name":"Chorar, sim; deblaterar, jamais! - A Not\u00edcia Online","description":"\u201cJesus chorou.\u201d - Jo., 11:35 O choro \u00e9 t\u00e3o frequente na vida das criaturas quanto o riso... Nem mesmo Jesus escapou dessa ocorr\u00eancia! As escrituras registraram por duas vezes, as Suas l\u00e1grimas: diante do sofrimento de Maria, irm\u00e3 de L\u00e1zaro, e no Gets\u00eamani momentos antes de Sua pris\u00e3o. Choraram os ap\u00f3stolos, a m\u00e3e de Jesus,","inLanguage":"pt-BR","isPartOf":{"@id":"https:\/\/anoticiaonline.com.br\/site\/#website"},"breadcrumb":{"@id":"https:\/\/anoticiaonline.com.br\/site\/chorar-sim-deblaterar-jamais\/#breadcrumblist"},"author":{"@id":"https:\/\/anoticiaonline.com.br\/site\/author\/juliana\/#author"},"creator":{"@id":"https:\/\/anoticiaonline.com.br\/site\/author\/juliana\/#author"},"datePublished":"2015-11-06T08:22:29-03:00","dateModified":"2015-11-06T08:22:29-03:00"},{"@type":"WebSite","@id":"https:\/\/anoticiaonline.com.br\/site\/#website","url":"https:\/\/anoticiaonline.com.br\/site\/","name":"A Not\u00edcia Online","description":"Noticias de Muria\u00e9 e regi\u00e3o","inLanguage":"pt-BR","publisher":{"@id":"https:\/\/anoticiaonline.com.br\/site\/#organization"}}]},"og:locale":"pt_BR","og:site_name":"A Not\u00edcia Online - Noticias de Muria\u00e9 e regi\u00e3o","og:type":"article","og:title":"Chorar, sim; deblaterar, jamais! - A Not\u00edcia Online","og:description":"\u201cJesus chorou.\u201d - Jo., 11:35 O choro \u00e9 t\u00e3o frequente na vida das criaturas quanto o riso... Nem mesmo Jesus escapou dessa ocorr\u00eancia! As escrituras registraram por duas vezes, as Suas l\u00e1grimas: diante do sofrimento de Maria, irm\u00e3 de L\u00e1zaro, e no Gets\u00eamani momentos antes de Sua pris\u00e3o. Choraram os ap\u00f3stolos, a m\u00e3e de Jesus,","og:url":"https:\/\/anoticiaonline.com.br\/site\/chorar-sim-deblaterar-jamais\/","og:image":"https:\/\/scontent-gig4-1.xx.fbcdn.net\/v\/t39.30808-1\/270437624_4564083193639691_6907940295614233970_n.jpg?stp=dst-jpg_s200x200_tt6&#038;_nc_cat=111&#038;ccb=1-7&#038;_nc_sid=f907e8&#038;_nc_ohc=SM1wRlP3lJwQ7kNvwEPuBYA&#038;_nc_oc=AdnqrjDN_BNjSSHWO-GbkIWH6fkGMLw4bqvL_NH6e2wMveX7G-rP2dAqsDSq1mJMOaY&#038;_nc_zt=24&#038;_nc_ht=scontent-gig4-1.xx&#038;_nc_gid=AoBFJeGrT1hVaew_6rchkQ&#038;oh=00_AfX7QmFGhQhG2jAllVgXCiM1ZrWgvtp80-Bfppyexh1QEg&#038;oe=689E923C","og:image:secure_url":"https:\/\/scontent-gig4-1.xx.fbcdn.net\/v\/t39.30808-1\/270437624_4564083193639691_6907940295614233970_n.jpg?stp=dst-jpg_s200x200_tt6&#038;_nc_cat=111&#038;ccb=1-7&#038;_nc_sid=f907e8&#038;_nc_ohc=SM1wRlP3lJwQ7kNvwEPuBYA&#038;_nc_oc=AdnqrjDN_BNjSSHWO-GbkIWH6fkGMLw4bqvL_NH6e2wMveX7G-rP2dAqsDSq1mJMOaY&#038;_nc_zt=24&#038;_nc_ht=scontent-gig4-1.xx&#038;_nc_gid=AoBFJeGrT1hVaew_6rchkQ&#038;oh=00_AfX7QmFGhQhG2jAllVgXCiM1ZrWgvtp80-Bfppyexh1QEg&#038;oe=689E923C","article:published_time":"2015-11-06T11:22:29+00:00","article:modified_time":"2015-11-06T11:22:29+00:00","twitter:card":"summary_large_image","twitter:title":"Chorar, sim; deblaterar, jamais! - A Not\u00edcia Online","twitter:description":"\u201cJesus chorou.\u201d - Jo., 11:35 O choro \u00e9 t\u00e3o frequente na vida das criaturas quanto o riso... Nem mesmo Jesus escapou dessa ocorr\u00eancia! As escrituras registraram por duas vezes, as Suas l\u00e1grimas: diante do sofrimento de Maria, irm\u00e3 de L\u00e1zaro, e no Gets\u00eamani momentos antes de Sua pris\u00e3o. Choraram os ap\u00f3stolos, a m\u00e3e de Jesus,","twitter:image":"https:\/\/scontent-gig4-1.xx.fbcdn.net\/v\/t39.30808-1\/270437624_4564083193639691_6907940295614233970_n.jpg?stp=dst-jpg_s200x200_tt6&_nc_cat=111&ccb=1-7&_nc_sid=f907e8&_nc_ohc=SM1wRlP3lJwQ7kNvwEPuBYA&_nc_oc=AdnqrjDN_BNjSSHWO-GbkIWH6fkGMLw4bqvL_NH6e2wMveX7G-rP2dAqsDSq1mJMOaY&_nc_zt=24&_nc_ht=scontent-gig4-1.xx&_nc_gid=AoBFJeGrT1hVaew_6rchkQ&oh=00_AfX7QmFGhQhG2jAllVgXCiM1ZrWgvtp80-Bfppyexh1QEg&oe=689E923C"},"aioseo_meta_data":{"post_id":"5952","title":null,"description":null,"keywords":null,"keyphrases":null,"primary_term":null,"canonical_url":null,"og_title":null,"og_description":null,"og_object_type":"default","og_image_type":"default","og_image_url":null,"og_image_width":null,"og_image_height":null,"og_image_custom_url":null,"og_image_custom_fields":null,"og_video":null,"og_custom_url":null,"og_article_section":null,"og_article_tags":null,"twitter_use_og":false,"twitter_card":"default","twitter_image_type":"default","twitter_image_url":null,"twitter_image_custom_url":null,"twitter_image_custom_fields":null,"twitter_title":null,"twitter_description":null,"schema":{"blockGraphs":[],"customGraphs":[],"default":{"data":{"Article":[],"Course":[],"Dataset":[],"FAQPage":[],"Movie":[],"Person":[],"Product":[],"ProductReview":[],"Car":[],"Recipe":[],"Service":[],"SoftwareApplication":[],"WebPage":[]},"graphName":"","isEnabled":true},"graphs":[]},"schema_type":"default","schema_type_options":null,"pillar_content":false,"robots_default":true,"robots_noindex":false,"robots_noarchive":false,"robots_nosnippet":false,"robots_nofollow":false,"robots_noimageindex":false,"robots_noodp":false,"robots_notranslate":false,"robots_max_snippet":null,"robots_max_videopreview":null,"robots_max_imagepreview":"large","priority":null,"frequency":null,"local_seo":null,"breadcrumb_settings":null,"limit_modified_date":false,"ai":null,"created":"2025-08-16 13:52:35","updated":"2025-08-16 13:52:35","focus_keyword":null,"additional_keywords":null,"truseo_locale":null,"seo_analyzer_scan_date":null},"aioseo_breadcrumb":"<div class=\"aioseo-breadcrumbs\"><span class=\"aioseo-breadcrumb\">\n\t\t\t<a href=\"https:\/\/anoticiaonline.com.br\/site\" title=\"Home\">Home<\/a>\n\t\t<\/span><span class=\"aioseo-breadcrumb-separator\">&raquo;<\/span><span class=\"aioseo-breadcrumb\">\n\t\t\t<a href=\"https:\/\/anoticiaonline.com.br\/site\/categoria\/colunistas\/\" title=\"Colunistas\">Colunistas<\/a>\n\t\t<\/span><span class=\"aioseo-breadcrumb-separator\">&raquo;<\/span><span class=\"aioseo-breadcrumb\">\n\t\t\t<a href=\"https:\/\/anoticiaonline.com.br\/site\/categoria\/colunistas\/espiritismo-em-foco-de-rogerio-coelho\/\" title=\"Espiritismo em Foco, por Rog\u00e9rio Coelho\">Espiritismo em Foco, por Rog\u00e9rio Coelho<\/a>\n\t\t<\/span><span class=\"aioseo-breadcrumb-separator\">&raquo;<\/span><span class=\"aioseo-breadcrumb\">\n\t\t\tChorar, sim; deblaterar, jamais!\n\t\t<\/span><\/div>","aioseo_breadcrumb_json":[{"label":"Home","link":"https:\/\/anoticiaonline.com.br\/site"},{"label":"Colunistas","link":"https:\/\/anoticiaonline.com.br\/site\/categoria\/colunistas\/"},{"label":"Espiritismo em Foco, por Rog\u00e9rio Coelho","link":"https:\/\/anoticiaonline.com.br\/site\/categoria\/colunistas\/espiritismo-em-foco-de-rogerio-coelho\/"},{"label":"Chorar, sim; deblaterar, jamais!","link":"https:\/\/anoticiaonline.com.br\/site\/chorar-sim-deblaterar-jamais\/"}],"views":107,"_links":{"self":[{"href":"https:\/\/anoticiaonline.com.br\/site\/wp-json\/wp\/v2\/posts\/5952","targetHints":{"allow":["GET"]}}],"collection":[{"href":"https:\/\/anoticiaonline.com.br\/site\/wp-json\/wp\/v2\/posts"}],"about":[{"href":"https:\/\/anoticiaonline.com.br\/site\/wp-json\/wp\/v2\/types\/post"}],"author":[{"embeddable":true,"href":"https:\/\/anoticiaonline.com.br\/site\/wp-json\/wp\/v2\/users\/2"}],"replies":[{"embeddable":true,"href":"https:\/\/anoticiaonline.com.br\/site\/wp-json\/wp\/v2\/comments?post=5952"}],"version-history":[{"count":0,"href":"https:\/\/anoticiaonline.com.br\/site\/wp-json\/wp\/v2\/posts\/5952\/revisions"}],"wp:attachment":[{"href":"https:\/\/anoticiaonline.com.br\/site\/wp-json\/wp\/v2\/media?parent=5952"}],"wp:term":[{"taxonomy":"category","embeddable":true,"href":"https:\/\/anoticiaonline.com.br\/site\/wp-json\/wp\/v2\/categories?post=5952"},{"taxonomy":"post_tag","embeddable":true,"href":"https:\/\/anoticiaonline.com.br\/site\/wp-json\/wp\/v2\/tags?post=5952"}],"curies":[{"name":"wp","href":"https:\/\/api.w.org\/{rel}","templated":true}]}}