{"id":59519,"date":"2018-08-10T01:08:57","date_gmt":"2018-08-10T04:08:57","guid":{"rendered":"http:\/\/anoticiaonline.com.br\/site\/?p=59519"},"modified":"2018-08-10T01:08:57","modified_gmt":"2018-08-10T04:08:57","slug":"festival-gastronomia-na-serra-agita-pirapanema","status":"publish","type":"post","link":"https:\/\/anoticiaonline.com.br\/site\/festival-gastronomia-na-serra-agita-pirapanema\/","title":{"rendered":"Festival Gastronomia na Serra agita Pirapanema"},"content":{"rendered":"<p><a href=\"https:\/\/anoticiaonline.com.br\/site\/wp-content\/uploads\/2018\/08\/42.jpg\"><img fetchpriority=\"high\" decoding=\"async\" class=\"alignnone size-full wp-image-59520\" src=\"https:\/\/anoticiaonline.com.br\/site\/wp-content\/uploads\/2018\/08\/42.jpg\" alt=\"\" width=\"700\" height=\"525\" srcset=\"https:\/\/anoticiaonline.com.br\/site\/wp-content\/uploads\/2018\/08\/42.jpg 700w, https:\/\/anoticiaonline.com.br\/site\/wp-content\/uploads\/2018\/08\/42-300x225.jpg 300w\" sizes=\"(max-width: 700px) 100vw, 700px\" \/><\/a><\/p>\n<p>O Festival Gastronomia na Serra iniciou na sexta-feira (3), em Pirapanema, distrito de Muria\u00e9 e seguiu at\u00e9 domingo (5) com shows de blues, jazz, MPB, al\u00e9m de restaurantes com comidas t\u00edpicas, oficinas gourmets, cinema na pra\u00e7a e outras atividades recreativas. O festival mostrou um pouco sobre culin\u00e1ria e produtos artesanais muriaeenses, trazendo tamb\u00e9m apresenta\u00e7\u00f5es musicais para atrair turistas para a cidade.<\/p>\n<p><a href=\"https:\/\/anoticiaonline.com.br\/site\/wp-content\/uploads\/2018\/08\/57.jpg\"><img decoding=\"async\" class=\"alignnone size-full wp-image-59521\" src=\"https:\/\/anoticiaonline.com.br\/site\/wp-content\/uploads\/2018\/08\/57.jpg\" alt=\"\" width=\"700\" height=\"519\" srcset=\"https:\/\/anoticiaonline.com.br\/site\/wp-content\/uploads\/2018\/08\/57.jpg 700w, https:\/\/anoticiaonline.com.br\/site\/wp-content\/uploads\/2018\/08\/57-300x222.jpg 300w\" sizes=\"(max-width: 700px) 100vw, 700px\" \/><\/a><\/p>\n<p>Na abertura, o evento contou com as bandas Street Jazz, Seis Segundos e com a atra\u00e7\u00e3o internacional, o grupo holand\u00eas The Jig. No s\u00e1bado, aconteceram oficinas de m\u00fasica, charcutaria (comida t\u00edpica) e caf\u00e9, al\u00e9m de cinema na pra\u00e7a. Ao final da tarde, o palco recebeu os shows de Ana Cristina Quint\u00e3o, Bruna Morena e o espet\u00e1culo Tunai &amp; Wagner Tiso, que homenagearam Elis Regina. \u201cTodos os anos aguardamos os muriaeenses e visitantes para uma festa que re\u00fane m\u00fasicos locais, nacionais e internacionais. \u00c9 um festival com um pouco de tudo, desde oficinas para adultos, quanto para as crian\u00e7as\u201d, disse a diretora da Fundarte, Fl\u00e1via Neves.<\/p>\n<p><a href=\"https:\/\/anoticiaonline.com.br\/site\/wp-content\/uploads\/2018\/08\/67.jpg\"><img decoding=\"async\" class=\"alignnone size-full wp-image-59522\" src=\"https:\/\/anoticiaonline.com.br\/site\/wp-content\/uploads\/2018\/08\/67.jpg\" alt=\"\" width=\"700\" height=\"520\" srcset=\"https:\/\/anoticiaonline.com.br\/site\/wp-content\/uploads\/2018\/08\/67.jpg 700w, https:\/\/anoticiaonline.com.br\/site\/wp-content\/uploads\/2018\/08\/67-300x223.jpg 300w\" sizes=\"(max-width: 700px) 100vw, 700px\" \/><\/a><\/p>\n<p>Durante os tr\u00eas dias de evento, alunos, do curso de Gastronomia do Unifaminas participaram das prepara\u00e7\u00f5es dos pratos nos restaurantes e nas oficinas culin\u00e1rias do festival.<\/p>\n<p>Lauro Cataldi, de Lima e Souza, coordenador e professor do curso, disse que a inten\u00e7\u00e3o foi oferecer ao p\u00fablico op\u00e7\u00f5es diferentes. \u201cOs alunos participaram de um festim feito pelo renomado chef Pablo Oazen. Foi uma grande chance de aproximar a gastronomia do p\u00fablico, desmistificando sua complexidade e demonstrando o quanto ela pode ser simples, interessante e saborosa\u201d, conta.<\/p>\n<p>O domingo iniciou com o 1\u00ba Encontro de Motociclistas do Gastronomia na Serra, animado por bandas de MPB, rock e blues.<\/p>\n<p><a href=\"https:\/\/anoticiaonline.com.br\/site\/wp-content\/uploads\/2018\/08\/Augusto-Let\u00edcia-Giseli-Ricardo-Bruno-e-Ana-Luiza.jpg\"><img loading=\"lazy\" decoding=\"async\" class=\"alignnone size-full wp-image-59529\" src=\"https:\/\/anoticiaonline.com.br\/site\/wp-content\/uploads\/2018\/08\/Augusto-Let\u00edcia-Giseli-Ricardo-Bruno-e-Ana-Luiza.jpg\" alt=\"\" width=\"1000\" height=\"667\" srcset=\"https:\/\/anoticiaonline.com.br\/site\/wp-content\/uploads\/2018\/08\/Augusto-Let\u00edcia-Giseli-Ricardo-Bruno-e-Ana-Luiza.jpg 1000w, https:\/\/anoticiaonline.com.br\/site\/wp-content\/uploads\/2018\/08\/Augusto-Let\u00edcia-Giseli-Ricardo-Bruno-e-Ana-Luiza-300x200.jpg 300w, https:\/\/anoticiaonline.com.br\/site\/wp-content\/uploads\/2018\/08\/Augusto-Let\u00edcia-Giseli-Ricardo-Bruno-e-Ana-Luiza-768x512.jpg 768w, https:\/\/anoticiaonline.com.br\/site\/wp-content\/uploads\/2018\/08\/Augusto-Let\u00edcia-Giseli-Ricardo-Bruno-e-Ana-Luiza-900x600.jpg 900w\" sizes=\"(max-width: 1000px) 100vw, 1000px\" \/><\/a> <a href=\"https:\/\/anoticiaonline.com.br\/site\/wp-content\/uploads\/2018\/08\/Cl\u00e1udia-Lu\u00eds-e-Adilson.jpg\"><img loading=\"lazy\" decoding=\"async\" class=\"alignnone size-full wp-image-59530\" src=\"https:\/\/anoticiaonline.com.br\/site\/wp-content\/uploads\/2018\/08\/Cl\u00e1udia-Lu\u00eds-e-Adilson.jpg\" alt=\"\" width=\"1000\" height=\"667\" srcset=\"https:\/\/anoticiaonline.com.br\/site\/wp-content\/uploads\/2018\/08\/Cl\u00e1udia-Lu\u00eds-e-Adilson.jpg 1000w, https:\/\/anoticiaonline.com.br\/site\/wp-content\/uploads\/2018\/08\/Cl\u00e1udia-Lu\u00eds-e-Adilson-300x200.jpg 300w, https:\/\/anoticiaonline.com.br\/site\/wp-content\/uploads\/2018\/08\/Cl\u00e1udia-Lu\u00eds-e-Adilson-768x512.jpg 768w, https:\/\/anoticiaonline.com.br\/site\/wp-content\/uploads\/2018\/08\/Cl\u00e1udia-Lu\u00eds-e-Adilson-900x600.jpg 900w\" sizes=\"(max-width: 1000px) 100vw, 1000px\" \/><\/a> <a href=\"https:\/\/anoticiaonline.com.br\/site\/wp-content\/uploads\/2018\/08\/Dr.-Edivar-Vanderli-Gustavo-Elza-Elzi-Alo\u00edsio-e-Irice.jpg\"><img loading=\"lazy\" decoding=\"async\" class=\"alignnone size-full wp-image-59531\" src=\"https:\/\/anoticiaonline.com.br\/site\/wp-content\/uploads\/2018\/08\/Dr.-Edivar-Vanderli-Gustavo-Elza-Elzi-Alo\u00edsio-e-Irice.jpg\" alt=\"\" width=\"1000\" height=\"667\" srcset=\"https:\/\/anoticiaonline.com.br\/site\/wp-content\/uploads\/2018\/08\/Dr.-Edivar-Vanderli-Gustavo-Elza-Elzi-Alo\u00edsio-e-Irice.jpg 1000w, https:\/\/anoticiaonline.com.br\/site\/wp-content\/uploads\/2018\/08\/Dr.-Edivar-Vanderli-Gustavo-Elza-Elzi-Alo\u00edsio-e-Irice-300x200.jpg 300w, https:\/\/anoticiaonline.com.br\/site\/wp-content\/uploads\/2018\/08\/Dr.-Edivar-Vanderli-Gustavo-Elza-Elzi-Alo\u00edsio-e-Irice-768x512.jpg 768w, https:\/\/anoticiaonline.com.br\/site\/wp-content\/uploads\/2018\/08\/Dr.-Edivar-Vanderli-Gustavo-Elza-Elzi-Alo\u00edsio-e-Irice-900x600.jpg 900w\" sizes=\"(max-width: 1000px) 100vw, 1000px\" \/><\/a> <a href=\"https:\/\/anoticiaonline.com.br\/site\/wp-content\/uploads\/2018\/08\/Dr.-J\u00f3se-Carlos-e-Fam\u00edlia.jpg\"><img loading=\"lazy\" decoding=\"async\" class=\"alignnone size-full wp-image-59532\" src=\"https:\/\/anoticiaonline.com.br\/site\/wp-content\/uploads\/2018\/08\/Dr.-J\u00f3se-Carlos-e-Fam\u00edlia.jpg\" alt=\"\" width=\"1000\" height=\"667\" srcset=\"https:\/\/anoticiaonline.com.br\/site\/wp-content\/uploads\/2018\/08\/Dr.-J\u00f3se-Carlos-e-Fam\u00edlia.jpg 1000w, https:\/\/anoticiaonline.com.br\/site\/wp-content\/uploads\/2018\/08\/Dr.-J\u00f3se-Carlos-e-Fam\u00edlia-300x200.jpg 300w, https:\/\/anoticiaonline.com.br\/site\/wp-content\/uploads\/2018\/08\/Dr.-J\u00f3se-Carlos-e-Fam\u00edlia-768x512.jpg 768w, https:\/\/anoticiaonline.com.br\/site\/wp-content\/uploads\/2018\/08\/Dr.-J\u00f3se-Carlos-e-Fam\u00edlia-900x600.jpg 900w\" sizes=\"(max-width: 1000px) 100vw, 1000px\" \/><\/a> <a href=\"https:\/\/anoticiaonline.com.br\/site\/wp-content\/uploads\/2018\/08\/DSC_0209.jpg\"><img loading=\"lazy\" decoding=\"async\" class=\"alignnone size-full wp-image-59533\" src=\"https:\/\/anoticiaonline.com.br\/site\/wp-content\/uploads\/2018\/08\/DSC_0209.jpg\" alt=\"\" width=\"1000\" height=\"667\" srcset=\"https:\/\/anoticiaonline.com.br\/site\/wp-content\/uploads\/2018\/08\/DSC_0209.jpg 1000w, https:\/\/anoticiaonline.com.br\/site\/wp-content\/uploads\/2018\/08\/DSC_0209-300x200.jpg 300w, https:\/\/anoticiaonline.com.br\/site\/wp-content\/uploads\/2018\/08\/DSC_0209-768x512.jpg 768w, https:\/\/anoticiaonline.com.br\/site\/wp-content\/uploads\/2018\/08\/DSC_0209-900x600.jpg 900w\" sizes=\"(max-width: 1000px) 100vw, 1000px\" \/><\/a> <a href=\"https:\/\/anoticiaonline.com.br\/site\/wp-content\/uploads\/2018\/08\/Emerson-e-Jeane.jpg\"><img loading=\"lazy\" decoding=\"async\" class=\"alignnone size-full wp-image-59534\" src=\"https:\/\/anoticiaonline.com.br\/site\/wp-content\/uploads\/2018\/08\/Emerson-e-Jeane.jpg\" alt=\"\" width=\"1000\" height=\"667\" srcset=\"https:\/\/anoticiaonline.com.br\/site\/wp-content\/uploads\/2018\/08\/Emerson-e-Jeane.jpg 1000w, https:\/\/anoticiaonline.com.br\/site\/wp-content\/uploads\/2018\/08\/Emerson-e-Jeane-300x200.jpg 300w, https:\/\/anoticiaonline.com.br\/site\/wp-content\/uploads\/2018\/08\/Emerson-e-Jeane-768x512.jpg 768w, https:\/\/anoticiaonline.com.br\/site\/wp-content\/uploads\/2018\/08\/Emerson-e-Jeane-900x600.jpg 900w\" sizes=\"(max-width: 1000px) 100vw, 1000px\" \/><\/a> <a href=\"https:\/\/anoticiaonline.com.br\/site\/wp-content\/uploads\/2018\/08\/Emerson-e-Margareth.jpg\"><img loading=\"lazy\" decoding=\"async\" class=\"alignnone size-full wp-image-59535\" src=\"https:\/\/anoticiaonline.com.br\/site\/wp-content\/uploads\/2018\/08\/Emerson-e-Margareth.jpg\" alt=\"\" width=\"445\" height=\"667\" srcset=\"https:\/\/anoticiaonline.com.br\/site\/wp-content\/uploads\/2018\/08\/Emerson-e-Margareth.jpg 445w, https:\/\/anoticiaonline.com.br\/site\/wp-content\/uploads\/2018\/08\/Emerson-e-Margareth-200x300.jpg 200w\" sizes=\"(max-width: 445px) 100vw, 445px\" \/><\/a> <a href=\"https:\/\/anoticiaonline.com.br\/site\/wp-content\/uploads\/2018\/08\/Henrique-Ricardo-Marum-Marcela-Ribeiro-e-J\u00e9ssica.jpg\"><img loading=\"lazy\" decoding=\"async\" class=\"alignnone size-full wp-image-59536\" src=\"https:\/\/anoticiaonline.com.br\/site\/wp-content\/uploads\/2018\/08\/Henrique-Ricardo-Marum-Marcela-Ribeiro-e-J\u00e9ssica.jpg\" alt=\"\" width=\"1000\" height=\"667\" srcset=\"https:\/\/anoticiaonline.com.br\/site\/wp-content\/uploads\/2018\/08\/Henrique-Ricardo-Marum-Marcela-Ribeiro-e-J\u00e9ssica.jpg 1000w, https:\/\/anoticiaonline.com.br\/site\/wp-content\/uploads\/2018\/08\/Henrique-Ricardo-Marum-Marcela-Ribeiro-e-J\u00e9ssica-300x200.jpg 300w, https:\/\/anoticiaonline.com.br\/site\/wp-content\/uploads\/2018\/08\/Henrique-Ricardo-Marum-Marcela-Ribeiro-e-J\u00e9ssica-768x512.jpg 768w, https:\/\/anoticiaonline.com.br\/site\/wp-content\/uploads\/2018\/08\/Henrique-Ricardo-Marum-Marcela-Ribeiro-e-J\u00e9ssica-900x600.jpg 900w\" sizes=\"(max-width: 1000px) 100vw, 1000px\" \/><\/a> <a href=\"https:\/\/anoticiaonline.com.br\/site\/wp-content\/uploads\/2018\/08\/Jacqueline-e-Igor-Godinho.jpg\"><img loading=\"lazy\" decoding=\"async\" class=\"alignnone size-full wp-image-59537\" src=\"https:\/\/anoticiaonline.com.br\/site\/wp-content\/uploads\/2018\/08\/Jacqueline-e-Igor-Godinho.jpg\" alt=\"\" width=\"1000\" height=\"667\" srcset=\"https:\/\/anoticiaonline.com.br\/site\/wp-content\/uploads\/2018\/08\/Jacqueline-e-Igor-Godinho.jpg 1000w, https:\/\/anoticiaonline.com.br\/site\/wp-content\/uploads\/2018\/08\/Jacqueline-e-Igor-Godinho-300x200.jpg 300w, https:\/\/anoticiaonline.com.br\/site\/wp-content\/uploads\/2018\/08\/Jacqueline-e-Igor-Godinho-768x512.jpg 768w, https:\/\/anoticiaonline.com.br\/site\/wp-content\/uploads\/2018\/08\/Jacqueline-e-Igor-Godinho-900x600.jpg 900w\" sizes=\"(max-width: 1000px) 100vw, 1000px\" \/><\/a> <a href=\"https:\/\/anoticiaonline.com.br\/site\/wp-content\/uploads\/2018\/08\/Lara-Alice-Penha-e-Ricardo-Roriz.jpg\"><img loading=\"lazy\" decoding=\"async\" class=\"alignnone size-full wp-image-59538\" src=\"https:\/\/anoticiaonline.com.br\/site\/wp-content\/uploads\/2018\/08\/Lara-Alice-Penha-e-Ricardo-Roriz.jpg\" alt=\"\" width=\"1000\" height=\"667\" srcset=\"https:\/\/anoticiaonline.com.br\/site\/wp-content\/uploads\/2018\/08\/Lara-Alice-Penha-e-Ricardo-Roriz.jpg 1000w, https:\/\/anoticiaonline.com.br\/site\/wp-content\/uploads\/2018\/08\/Lara-Alice-Penha-e-Ricardo-Roriz-300x200.jpg 300w, https:\/\/anoticiaonline.com.br\/site\/wp-content\/uploads\/2018\/08\/Lara-Alice-Penha-e-Ricardo-Roriz-768x512.jpg 768w, https:\/\/anoticiaonline.com.br\/site\/wp-content\/uploads\/2018\/08\/Lara-Alice-Penha-e-Ricardo-Roriz-900x600.jpg 900w\" sizes=\"(max-width: 1000px) 100vw, 1000px\" \/><\/a> <a href=\"https:\/\/anoticiaonline.com.br\/site\/wp-content\/uploads\/2018\/08\/Lila-e-Ricardo.jpg\"><img loading=\"lazy\" decoding=\"async\" class=\"alignnone size-full wp-image-59539\" src=\"https:\/\/anoticiaonline.com.br\/site\/wp-content\/uploads\/2018\/08\/Lila-e-Ricardo.jpg\" alt=\"\" width=\"1000\" height=\"667\" srcset=\"https:\/\/anoticiaonline.com.br\/site\/wp-content\/uploads\/2018\/08\/Lila-e-Ricardo.jpg 1000w, https:\/\/anoticiaonline.com.br\/site\/wp-content\/uploads\/2018\/08\/Lila-e-Ricardo-300x200.jpg 300w, https:\/\/anoticiaonline.com.br\/site\/wp-content\/uploads\/2018\/08\/Lila-e-Ricardo-768x512.jpg 768w, https:\/\/anoticiaonline.com.br\/site\/wp-content\/uploads\/2018\/08\/Lila-e-Ricardo-900x600.jpg 900w\" sizes=\"(max-width: 1000px) 100vw, 1000px\" \/><\/a> <a href=\"https:\/\/anoticiaonline.com.br\/site\/wp-content\/uploads\/2018\/08\/Marta-Joan\u00e9sio-Yasmin-e-Ysis.jpg\"><img loading=\"lazy\" decoding=\"async\" class=\"alignnone size-full wp-image-59540\" src=\"https:\/\/anoticiaonline.com.br\/site\/wp-content\/uploads\/2018\/08\/Marta-Joan\u00e9sio-Yasmin-e-Ysis.jpg\" alt=\"\" width=\"1000\" height=\"667\" srcset=\"https:\/\/anoticiaonline.com.br\/site\/wp-content\/uploads\/2018\/08\/Marta-Joan\u00e9sio-Yasmin-e-Ysis.jpg 1000w, https:\/\/anoticiaonline.com.br\/site\/wp-content\/uploads\/2018\/08\/Marta-Joan\u00e9sio-Yasmin-e-Ysis-300x200.jpg 300w, https:\/\/anoticiaonline.com.br\/site\/wp-content\/uploads\/2018\/08\/Marta-Joan\u00e9sio-Yasmin-e-Ysis-768x512.jpg 768w, https:\/\/anoticiaonline.com.br\/site\/wp-content\/uploads\/2018\/08\/Marta-Joan\u00e9sio-Yasmin-e-Ysis-900x600.jpg 900w\" sizes=\"(max-width: 1000px) 100vw, 1000px\" \/><\/a> <a href=\"https:\/\/anoticiaonline.com.br\/site\/wp-content\/uploads\/2018\/08\/Muryllo-Aline-e-Maycon.jpg\"><img loading=\"lazy\" decoding=\"async\" class=\"alignnone size-full wp-image-59541\" src=\"https:\/\/anoticiaonline.com.br\/site\/wp-content\/uploads\/2018\/08\/Muryllo-Aline-e-Maycon.jpg\" alt=\"\" width=\"1000\" height=\"667\" srcset=\"https:\/\/anoticiaonline.com.br\/site\/wp-content\/uploads\/2018\/08\/Muryllo-Aline-e-Maycon.jpg 1000w, https:\/\/anoticiaonline.com.br\/site\/wp-content\/uploads\/2018\/08\/Muryllo-Aline-e-Maycon-300x200.jpg 300w, https:\/\/anoticiaonline.com.br\/site\/wp-content\/uploads\/2018\/08\/Muryllo-Aline-e-Maycon-768x512.jpg 768w, https:\/\/anoticiaonline.com.br\/site\/wp-content\/uploads\/2018\/08\/Muryllo-Aline-e-Maycon-900x600.jpg 900w\" sizes=\"(max-width: 1000px) 100vw, 1000px\" \/><\/a> <a href=\"https:\/\/anoticiaonline.com.br\/site\/wp-content\/uploads\/2018\/08\/Paulina-Arlindo-Neves-Dra.-Alcione-e-Michelle-com-o-advogado-Geovane-Lacerda.jpg\"><img loading=\"lazy\" decoding=\"async\" class=\"alignnone size-full wp-image-59542\" src=\"https:\/\/anoticiaonline.com.br\/site\/wp-content\/uploads\/2018\/08\/Paulina-Arlindo-Neves-Dra.-Alcione-e-Michelle-com-o-advogado-Geovane-Lacerda.jpg\" alt=\"\" width=\"1000\" height=\"667\" srcset=\"https:\/\/anoticiaonline.com.br\/site\/wp-content\/uploads\/2018\/08\/Paulina-Arlindo-Neves-Dra.-Alcione-e-Michelle-com-o-advogado-Geovane-Lacerda.jpg 1000w, https:\/\/anoticiaonline.com.br\/site\/wp-content\/uploads\/2018\/08\/Paulina-Arlindo-Neves-Dra.-Alcione-e-Michelle-com-o-advogado-Geovane-Lacerda-300x200.jpg 300w, https:\/\/anoticiaonline.com.br\/site\/wp-content\/uploads\/2018\/08\/Paulina-Arlindo-Neves-Dra.-Alcione-e-Michelle-com-o-advogado-Geovane-Lacerda-768x512.jpg 768w, https:\/\/anoticiaonline.com.br\/site\/wp-content\/uploads\/2018\/08\/Paulina-Arlindo-Neves-Dra.-Alcione-e-Michelle-com-o-advogado-Geovane-Lacerda-900x600.jpg 900w\" sizes=\"(max-width: 1000px) 100vw, 1000px\" \/><\/a> <a href=\"https:\/\/anoticiaonline.com.br\/site\/wp-content\/uploads\/2018\/08\/Pedro-Jorge-e-Ciro.jpg\"><img loading=\"lazy\" decoding=\"async\" class=\"alignnone size-full wp-image-59543\" src=\"https:\/\/anoticiaonline.com.br\/site\/wp-content\/uploads\/2018\/08\/Pedro-Jorge-e-Ciro.jpg\" alt=\"\" width=\"1000\" height=\"667\" srcset=\"https:\/\/anoticiaonline.com.br\/site\/wp-content\/uploads\/2018\/08\/Pedro-Jorge-e-Ciro.jpg 1000w, https:\/\/anoticiaonline.com.br\/site\/wp-content\/uploads\/2018\/08\/Pedro-Jorge-e-Ciro-300x200.jpg 300w, https:\/\/anoticiaonline.com.br\/site\/wp-content\/uploads\/2018\/08\/Pedro-Jorge-e-Ciro-768x512.jpg 768w, https:\/\/anoticiaonline.com.br\/site\/wp-content\/uploads\/2018\/08\/Pedro-Jorge-e-Ciro-900x600.jpg 900w\" sizes=\"(max-width: 1000px) 100vw, 1000px\" \/><\/a> <a href=\"https:\/\/anoticiaonline.com.br\/site\/wp-content\/uploads\/2018\/08\/Peterson-e-Elaine.jpg\"><img loading=\"lazy\" decoding=\"async\" class=\"alignnone size-full wp-image-59544\" src=\"https:\/\/anoticiaonline.com.br\/site\/wp-content\/uploads\/2018\/08\/Peterson-e-Elaine.jpg\" alt=\"\" width=\"1000\" height=\"667\" srcset=\"https:\/\/anoticiaonline.com.br\/site\/wp-content\/uploads\/2018\/08\/Peterson-e-Elaine.jpg 1000w, https:\/\/anoticiaonline.com.br\/site\/wp-content\/uploads\/2018\/08\/Peterson-e-Elaine-300x200.jpg 300w, https:\/\/anoticiaonline.com.br\/site\/wp-content\/uploads\/2018\/08\/Peterson-e-Elaine-768x512.jpg 768w, https:\/\/anoticiaonline.com.br\/site\/wp-content\/uploads\/2018\/08\/Peterson-e-Elaine-900x600.jpg 900w\" sizes=\"(max-width: 1000px) 100vw, 1000px\" \/><\/a><\/p>\n<p><a href=\"https:\/\/anoticiaonline.com.br\/site\/wp-content\/uploads\/2018\/08\/DSC_0048_707x471.jpg\"><img loading=\"lazy\" decoding=\"async\" class=\"alignnone size-full wp-image-59523\" src=\"https:\/\/anoticiaonline.com.br\/site\/wp-content\/uploads\/2018\/08\/DSC_0048_707x471.jpg\" alt=\"\" width=\"707\" height=\"471\" srcset=\"https:\/\/anoticiaonline.com.br\/site\/wp-content\/uploads\/2018\/08\/DSC_0048_707x471.jpg 707w, https:\/\/anoticiaonline.com.br\/site\/wp-content\/uploads\/2018\/08\/DSC_0048_707x471-300x200.jpg 300w\" sizes=\"(max-width: 707px) 100vw, 707px\" \/><\/a> <a href=\"https:\/\/anoticiaonline.com.br\/site\/wp-content\/uploads\/2018\/08\/DSC_0067_707x471.jpg\"><img loading=\"lazy\" decoding=\"async\" class=\"alignnone size-full wp-image-59524\" src=\"https:\/\/anoticiaonline.com.br\/site\/wp-content\/uploads\/2018\/08\/DSC_0067_707x471.jpg\" alt=\"\" width=\"707\" height=\"471\" srcset=\"https:\/\/anoticiaonline.com.br\/site\/wp-content\/uploads\/2018\/08\/DSC_0067_707x471.jpg 707w, https:\/\/anoticiaonline.com.br\/site\/wp-content\/uploads\/2018\/08\/DSC_0067_707x471-300x200.jpg 300w\" sizes=\"(max-width: 707px) 100vw, 707px\" \/><\/a> <a href=\"https:\/\/anoticiaonline.com.br\/site\/wp-content\/uploads\/2018\/08\/DSC_0250_707x471.jpg\"><img loading=\"lazy\" decoding=\"async\" class=\"alignnone size-full wp-image-59525\" src=\"https:\/\/anoticiaonline.com.br\/site\/wp-content\/uploads\/2018\/08\/DSC_0250_707x471.jpg\" alt=\"\" width=\"707\" height=\"471\" srcset=\"https:\/\/anoticiaonline.com.br\/site\/wp-content\/uploads\/2018\/08\/DSC_0250_707x471.jpg 707w, https:\/\/anoticiaonline.com.br\/site\/wp-content\/uploads\/2018\/08\/DSC_0250_707x471-300x200.jpg 300w\" sizes=\"(max-width: 707px) 100vw, 707px\" \/><\/a> <a href=\"https:\/\/anoticiaonline.com.br\/site\/wp-content\/uploads\/2018\/08\/GALERIA-21.jpg\"><img loading=\"lazy\" decoding=\"async\" class=\"alignnone size-full wp-image-59526\" src=\"https:\/\/anoticiaonline.com.br\/site\/wp-content\/uploads\/2018\/08\/GALERIA-21.jpg\" alt=\"\" width=\"700\" height=\"525\" srcset=\"https:\/\/anoticiaonline.com.br\/site\/wp-content\/uploads\/2018\/08\/GALERIA-21.jpg 700w, https:\/\/anoticiaonline.com.br\/site\/wp-content\/uploads\/2018\/08\/GALERIA-21-300x225.jpg 300w\" sizes=\"(max-width: 700px) 100vw, 700px\" \/><\/a> <a href=\"https:\/\/anoticiaonline.com.br\/site\/wp-content\/uploads\/2018\/08\/GALERIA-24.jpg\"><img loading=\"lazy\" decoding=\"async\" class=\"alignnone size-full wp-image-59527\" src=\"https:\/\/anoticiaonline.com.br\/site\/wp-content\/uploads\/2018\/08\/GALERIA-24.jpg\" alt=\"\" width=\"700\" height=\"525\" srcset=\"https:\/\/anoticiaonline.com.br\/site\/wp-content\/uploads\/2018\/08\/GALERIA-24.jpg 700w, https:\/\/anoticiaonline.com.br\/site\/wp-content\/uploads\/2018\/08\/GALERIA-24-300x225.jpg 300w\" sizes=\"(max-width: 700px) 100vw, 700px\" \/><\/a> <a href=\"https:\/\/anoticiaonline.com.br\/site\/wp-content\/uploads\/2018\/08\/sites.jpg\"><img loading=\"lazy\" decoding=\"async\" class=\"alignnone size-full wp-image-59528\" src=\"https:\/\/anoticiaonline.com.br\/site\/wp-content\/uploads\/2018\/08\/sites.jpg\" alt=\"\" width=\"700\" height=\"525\" srcset=\"https:\/\/anoticiaonline.com.br\/site\/wp-content\/uploads\/2018\/08\/sites.jpg 700w, https:\/\/anoticiaonline.com.br\/site\/wp-content\/uploads\/2018\/08\/sites-300x225.jpg 300w\" sizes=\"(max-width: 700px) 100vw, 700px\" \/><\/a><\/p>\n","protected":false},"excerpt":{"rendered":"<p>O Festival Gastronomia na Serra iniciou na sexta-feira (3), em Pirapanema, distrito de Muria\u00e9 e seguiu at\u00e9 domingo (5) com shows de blues, jazz, MPB, al\u00e9m de restaurantes com comidas t\u00edpicas, oficinas gourmets, cinema na pra\u00e7a e outras atividades recreativas. O festival mostrou um pouco sobre culin\u00e1ria e produtos artesanais muriaeenses, trazendo tamb\u00e9m apresenta\u00e7\u00f5es musicais &#8230; <a title=\"Festival Gastronomia na Serra agita Pirapanema\" class=\"read-more\" href=\"https:\/\/anoticiaonline.com.br\/site\/festival-gastronomia-na-serra-agita-pirapanema\/\" aria-label=\"Read more about Festival Gastronomia na Serra agita Pirapanema\">Ler mais<\/a><\/p>\n","protected":false},"author":2,"featured_media":59529,"comment_status":"open","ping_status":"open","sticky":false,"template":"","format":"standard","meta":{"_acf_changed":false,"_monsterinsights_skip_tracking":false,"footnotes":""},"categories":[30,19],"tags":[1619,1168,135,2824],"class_list":["post-59519","post","type-post","status-publish","format-standard","has-post-thumbnail","hentry","category-muriae","category-cultura","tag-festival","tag-gastronomia","tag-pirapanema","tag-serra"],"acf":[],"aioseo_notices":[],"aioseo_head":"\n\t\t<!-- All in One SEO 5.0.0.1 - aioseo.com -->\n\t<meta name=\"description\" content=\"O Festival Gastronomia na Serra iniciou na sexta-feira (3), em Pirapanema, distrito de Muria\u00e9 e seguiu at\u00e9 domingo (5) com shows de blues, jazz, MPB, al\u00e9m de restaurantes com comidas t\u00edpicas, oficinas gourmets, cinema na pra\u00e7a e outras atividades recreativas. O festival mostrou um pouco sobre culin\u00e1ria e produtos artesanais muriaeenses, trazendo tamb\u00e9m apresenta\u00e7\u00f5es musicais\" \/>\n\t<meta name=\"robots\" content=\"max-image-preview:large\" \/>\n\t<meta name=\"author\" content=\"Juliana Laviola\"\/>\n\t<link rel=\"canonical\" href=\"https:\/\/anoticiaonline.com.br\/site\/festival-gastronomia-na-serra-agita-pirapanema\/\" \/>\n\t<meta name=\"generator\" content=\"All in One SEO (AIOSEO) 5.0.0.1\" \/>\n\t\t<meta property=\"og:locale\" content=\"pt_BR\" \/>\n\t\t<meta property=\"og:site_name\" content=\"A Not\u00edcia Online - Noticias de Muria\u00e9 e regi\u00e3o\" \/>\n\t\t<meta property=\"og:type\" content=\"article\" \/>\n\t\t<meta property=\"og:title\" content=\"Festival Gastronomia na Serra agita Pirapanema - A Not\u00edcia Online\" \/>\n\t\t<meta property=\"og:description\" content=\"O Festival Gastronomia na Serra iniciou na sexta-feira (3), em Pirapanema, distrito de Muria\u00e9 e seguiu at\u00e9 domingo (5) com shows de blues, jazz, MPB, al\u00e9m de restaurantes com comidas t\u00edpicas, oficinas gourmets, cinema na pra\u00e7a e outras atividades recreativas. O festival mostrou um pouco sobre culin\u00e1ria e produtos artesanais muriaeenses, trazendo tamb\u00e9m apresenta\u00e7\u00f5es musicais\" \/>\n\t\t<meta property=\"og:url\" content=\"https:\/\/anoticiaonline.com.br\/site\/festival-gastronomia-na-serra-agita-pirapanema\/\" \/>\n\t\t<meta property=\"og:image\" content=\"https:\/\/scontent-gig4-1.xx.fbcdn.net\/v\/t39.30808-1\/270437624_4564083193639691_6907940295614233970_n.jpg?stp=dst-jpg_s200x200_tt6&#038;_nc_cat=111&#038;ccb=1-7&#038;_nc_sid=f907e8&#038;_nc_ohc=SM1wRlP3lJwQ7kNvwEPuBYA&#038;_nc_oc=AdnqrjDN_BNjSSHWO-GbkIWH6fkGMLw4bqvL_NH6e2wMveX7G-rP2dAqsDSq1mJMOaY&#038;_nc_zt=24&#038;_nc_ht=scontent-gig4-1.xx&#038;_nc_gid=AoBFJeGrT1hVaew_6rchkQ&#038;oh=00_AfX7QmFGhQhG2jAllVgXCiM1ZrWgvtp80-Bfppyexh1QEg&#038;oe=689E923C\" \/>\n\t\t<meta property=\"og:image:secure_url\" content=\"https:\/\/scontent-gig4-1.xx.fbcdn.net\/v\/t39.30808-1\/270437624_4564083193639691_6907940295614233970_n.jpg?stp=dst-jpg_s200x200_tt6&#038;_nc_cat=111&#038;ccb=1-7&#038;_nc_sid=f907e8&#038;_nc_ohc=SM1wRlP3lJwQ7kNvwEPuBYA&#038;_nc_oc=AdnqrjDN_BNjSSHWO-GbkIWH6fkGMLw4bqvL_NH6e2wMveX7G-rP2dAqsDSq1mJMOaY&#038;_nc_zt=24&#038;_nc_ht=scontent-gig4-1.xx&#038;_nc_gid=AoBFJeGrT1hVaew_6rchkQ&#038;oh=00_AfX7QmFGhQhG2jAllVgXCiM1ZrWgvtp80-Bfppyexh1QEg&#038;oe=689E923C\" \/>\n\t\t<meta property=\"article:published_time\" content=\"2018-08-10T04:08:57+00:00\" \/>\n\t\t<meta property=\"article:modified_time\" content=\"2018-08-10T04:08:57+00:00\" \/>\n\t\t<meta name=\"twitter:card\" content=\"summary_large_image\" \/>\n\t\t<meta name=\"twitter:title\" content=\"Festival Gastronomia na Serra agita Pirapanema - A Not\u00edcia Online\" \/>\n\t\t<meta name=\"twitter:description\" content=\"O Festival Gastronomia na Serra iniciou na sexta-feira (3), em Pirapanema, distrito de Muria\u00e9 e seguiu at\u00e9 domingo (5) com shows de blues, jazz, MPB, al\u00e9m de restaurantes com comidas t\u00edpicas, oficinas gourmets, cinema na pra\u00e7a e outras atividades recreativas. O festival mostrou um pouco sobre culin\u00e1ria e produtos artesanais muriaeenses, trazendo tamb\u00e9m apresenta\u00e7\u00f5es musicais\" \/>\n\t\t<meta name=\"twitter:image\" content=\"https:\/\/scontent-gig4-1.xx.fbcdn.net\/v\/t39.30808-1\/270437624_4564083193639691_6907940295614233970_n.jpg?stp=dst-jpg_s200x200_tt6&amp;_nc_cat=111&amp;ccb=1-7&amp;_nc_sid=f907e8&amp;_nc_ohc=SM1wRlP3lJwQ7kNvwEPuBYA&amp;_nc_oc=AdnqrjDN_BNjSSHWO-GbkIWH6fkGMLw4bqvL_NH6e2wMveX7G-rP2dAqsDSq1mJMOaY&amp;_nc_zt=24&amp;_nc_ht=scontent-gig4-1.xx&amp;_nc_gid=AoBFJeGrT1hVaew_6rchkQ&amp;oh=00_AfX7QmFGhQhG2jAllVgXCiM1ZrWgvtp80-Bfppyexh1QEg&amp;oe=689E923C\" \/>\n\t\t<script type=\"application\/ld+json\" class=\"aioseo-schema\">\n\t\t\t{\"@context\":\"https:\\\/\\\/schema.org\",\"@graph\":[{\"@type\":\"BlogPosting\",\"@id\":\"https:\\\/\\\/anoticiaonline.com.br\\\/site\\\/festival-gastronomia-na-serra-agita-pirapanema\\\/#blogposting\",\"name\":\"Festival Gastronomia na Serra agita Pirapanema - A Not\\u00edcia Online\",\"headline\":\"Festival Gastronomia na Serra agita Pirapanema\",\"author\":{\"@id\":\"https:\\\/\\\/anoticiaonline.com.br\\\/site\\\/author\\\/juliana\\\/#author\"},\"publisher\":{\"@id\":\"https:\\\/\\\/anoticiaonline.com.br\\\/site\\\/#organization\"},\"image\":{\"@type\":\"ImageObject\",\"url\":\"https:\\\/\\\/anoticiaonline.com.br\\\/site\\\/wp-content\\\/uploads\\\/2018\\\/08\\\/Augusto-Let\\u00edcia-Giseli-Ricardo-Bruno-e-Ana-Luiza.jpg\",\"width\":1000,\"height\":667},\"datePublished\":\"2018-08-10T01:08:57-03:00\",\"dateModified\":\"2018-08-10T01:08:57-03:00\",\"inLanguage\":\"pt-BR\",\"mainEntityOfPage\":{\"@id\":\"https:\\\/\\\/anoticiaonline.com.br\\\/site\\\/festival-gastronomia-na-serra-agita-pirapanema\\\/#webpage\"},\"isPartOf\":{\"@id\":\"https:\\\/\\\/anoticiaonline.com.br\\\/site\\\/festival-gastronomia-na-serra-agita-pirapanema\\\/#webpage\"},\"articleSection\":\"Blog, Cultura, festival, Gastronomia, pirapanema, serra\"},{\"@type\":\"BreadcrumbList\",\"@id\":\"https:\\\/\\\/anoticiaonline.com.br\\\/site\\\/festival-gastronomia-na-serra-agita-pirapanema\\\/#breadcrumblist\",\"itemListElement\":[{\"@type\":\"ListItem\",\"@id\":\"https:\\\/\\\/anoticiaonline.com.br\\\/site#listItem\",\"position\":1,\"name\":\"Home\",\"item\":\"https:\\\/\\\/anoticiaonline.com.br\\\/site\",\"nextItem\":{\"@type\":\"ListItem\",\"@id\":\"https:\\\/\\\/anoticiaonline.com.br\\\/site\\\/categoria\\\/muriae\\\/#listItem\",\"name\":\"Blog\"}},{\"@type\":\"ListItem\",\"@id\":\"https:\\\/\\\/anoticiaonline.com.br\\\/site\\\/categoria\\\/muriae\\\/#listItem\",\"position\":2,\"name\":\"Blog\",\"item\":\"https:\\\/\\\/anoticiaonline.com.br\\\/site\\\/categoria\\\/muriae\\\/\",\"nextItem\":{\"@type\":\"ListItem\",\"@id\":\"https:\\\/\\\/anoticiaonline.com.br\\\/site\\\/categoria\\\/muriae\\\/cultura\\\/#listItem\",\"name\":\"Cultura\"},\"previousItem\":{\"@type\":\"ListItem\",\"@id\":\"https:\\\/\\\/anoticiaonline.com.br\\\/site#listItem\",\"name\":\"Home\"}},{\"@type\":\"ListItem\",\"@id\":\"https:\\\/\\\/anoticiaonline.com.br\\\/site\\\/categoria\\\/muriae\\\/cultura\\\/#listItem\",\"position\":3,\"name\":\"Cultura\",\"item\":\"https:\\\/\\\/anoticiaonline.com.br\\\/site\\\/categoria\\\/muriae\\\/cultura\\\/\",\"nextItem\":{\"@type\":\"ListItem\",\"@id\":\"https:\\\/\\\/anoticiaonline.com.br\\\/site\\\/festival-gastronomia-na-serra-agita-pirapanema\\\/#listItem\",\"name\":\"Festival Gastronomia na Serra agita Pirapanema\"},\"previousItem\":{\"@type\":\"ListItem\",\"@id\":\"https:\\\/\\\/anoticiaonline.com.br\\\/site\\\/categoria\\\/muriae\\\/#listItem\",\"name\":\"Blog\"}},{\"@type\":\"ListItem\",\"@id\":\"https:\\\/\\\/anoticiaonline.com.br\\\/site\\\/festival-gastronomia-na-serra-agita-pirapanema\\\/#listItem\",\"position\":4,\"name\":\"Festival Gastronomia na Serra agita Pirapanema\",\"previousItem\":{\"@type\":\"ListItem\",\"@id\":\"https:\\\/\\\/anoticiaonline.com.br\\\/site\\\/categoria\\\/muriae\\\/cultura\\\/#listItem\",\"name\":\"Cultura\"}}]},{\"@type\":\"Organization\",\"@id\":\"https:\\\/\\\/anoticiaonline.com.br\\\/site\\\/#organization\",\"name\":\"A Not\\u00edcia Online\",\"description\":\"Noticias de Muria\\u00e9 e regi\\u00e3o\",\"url\":\"https:\\\/\\\/anoticiaonline.com.br\\\/site\\\/\",\"logo\":{\"@type\":\"ImageObject\",\"url\":\"https:\\\/\\\/scontent-gig4-1.xx.fbcdn.net\\\/v\\\/t39.30808-1\\\/270437624_4564083193639691_6907940295614233970_n.jpg?stp=dst-jpg_s200x200_tt6&_nc_cat=111&ccb=1-7&_nc_sid=f907e8&_nc_ohc=SM1wRlP3lJwQ7kNvwEPuBYA&_nc_oc=AdnqrjDN_BNjSSHWO-GbkIWH6fkGMLw4bqvL_NH6e2wMveX7G-rP2dAqsDSq1mJMOaY&_nc_zt=24&_nc_ht=scontent-gig4-1.xx&_nc_gid=AoBFJeGrT1hVaew_6rchkQ&oh=00_AfX7QmFGhQhG2jAllVgXCiM1ZrWgvtp80-Bfppyexh1QEg&oe=689E923C\",\"@id\":\"https:\\\/\\\/anoticiaonline.com.br\\\/site\\\/festival-gastronomia-na-serra-agita-pirapanema\\\/#organizationLogo\"},\"image\":{\"@id\":\"https:\\\/\\\/anoticiaonline.com.br\\\/site\\\/festival-gastronomia-na-serra-agita-pirapanema\\\/#organizationLogo\"}},{\"@type\":\"Person\",\"@id\":\"https:\\\/\\\/anoticiaonline.com.br\\\/site\\\/author\\\/juliana\\\/#author\",\"url\":\"https:\\\/\\\/anoticiaonline.com.br\\\/site\\\/author\\\/juliana\\\/\",\"name\":\"Juliana Laviola\",\"image\":{\"@type\":\"ImageObject\",\"@id\":\"https:\\\/\\\/anoticiaonline.com.br\\\/site\\\/festival-gastronomia-na-serra-agita-pirapanema\\\/#authorImage\",\"url\":\"https:\\\/\\\/secure.gravatar.com\\\/avatar\\\/b8d45f5c699b100dfaf0e543582f38f38bf94cb7ae3a5e9abf8d891a34773335?s=96&d=mm&r=g\",\"width\":96,\"height\":96,\"caption\":\"Juliana Laviola\"}},{\"@type\":\"WebPage\",\"@id\":\"https:\\\/\\\/anoticiaonline.com.br\\\/site\\\/festival-gastronomia-na-serra-agita-pirapanema\\\/#webpage\",\"url\":\"https:\\\/\\\/anoticiaonline.com.br\\\/site\\\/festival-gastronomia-na-serra-agita-pirapanema\\\/\",\"name\":\"Festival Gastronomia na Serra agita Pirapanema - A Not\\u00edcia Online\",\"description\":\"O Festival Gastronomia na Serra iniciou na sexta-feira (3), em Pirapanema, distrito de Muria\\u00e9 e seguiu at\\u00e9 domingo (5) com shows de blues, jazz, MPB, al\\u00e9m de restaurantes com comidas t\\u00edpicas, oficinas gourmets, cinema na pra\\u00e7a e outras atividades recreativas. O festival mostrou um pouco sobre culin\\u00e1ria e produtos artesanais muriaeenses, trazendo tamb\\u00e9m apresenta\\u00e7\\u00f5es musicais\",\"inLanguage\":\"pt-BR\",\"isPartOf\":{\"@id\":\"https:\\\/\\\/anoticiaonline.com.br\\\/site\\\/#website\"},\"breadcrumb\":{\"@id\":\"https:\\\/\\\/anoticiaonline.com.br\\\/site\\\/festival-gastronomia-na-serra-agita-pirapanema\\\/#breadcrumblist\"},\"author\":{\"@id\":\"https:\\\/\\\/anoticiaonline.com.br\\\/site\\\/author\\\/juliana\\\/#author\"},\"creator\":{\"@id\":\"https:\\\/\\\/anoticiaonline.com.br\\\/site\\\/author\\\/juliana\\\/#author\"},\"image\":{\"@type\":\"ImageObject\",\"url\":\"https:\\\/\\\/anoticiaonline.com.br\\\/site\\\/wp-content\\\/uploads\\\/2018\\\/08\\\/Augusto-Let\\u00edcia-Giseli-Ricardo-Bruno-e-Ana-Luiza.jpg\",\"@id\":\"https:\\\/\\\/anoticiaonline.com.br\\\/site\\\/festival-gastronomia-na-serra-agita-pirapanema\\\/#mainImage\",\"width\":1000,\"height\":667},\"primaryImageOfPage\":{\"@id\":\"https:\\\/\\\/anoticiaonline.com.br\\\/site\\\/festival-gastronomia-na-serra-agita-pirapanema\\\/#mainImage\"},\"datePublished\":\"2018-08-10T01:08:57-03:00\",\"dateModified\":\"2018-08-10T01:08:57-03:00\"},{\"@type\":\"WebSite\",\"@id\":\"https:\\\/\\\/anoticiaonline.com.br\\\/site\\\/#website\",\"url\":\"https:\\\/\\\/anoticiaonline.com.br\\\/site\\\/\",\"name\":\"A Not\\u00edcia Online\",\"description\":\"Noticias de Muria\\u00e9 e regi\\u00e3o\",\"inLanguage\":\"pt-BR\",\"publisher\":{\"@id\":\"https:\\\/\\\/anoticiaonline.com.br\\\/site\\\/#organization\"}}]}\n\t\t<\/script>\n\t\t<!-- All in One SEO -->\n\n","aioseo_head_json":{"title":"Festival Gastronomia na Serra agita Pirapanema - A Not\u00edcia Online","description":"O Festival Gastronomia na Serra iniciou na sexta-feira (3), em Pirapanema, distrito de Muria\u00e9 e seguiu at\u00e9 domingo (5) com shows de blues, jazz, MPB, al\u00e9m de restaurantes com comidas t\u00edpicas, oficinas gourmets, cinema na pra\u00e7a e outras atividades recreativas. O festival mostrou um pouco sobre culin\u00e1ria e produtos artesanais muriaeenses, trazendo tamb\u00e9m apresenta\u00e7\u00f5es musicais","canonical_url":"https:\/\/anoticiaonline.com.br\/site\/festival-gastronomia-na-serra-agita-pirapanema\/","robots":"max-image-preview:large","keywords":"","webmasterTools":{"miscellaneous":""},"schema":{"@context":"https:\/\/schema.org","@graph":[{"@type":"BlogPosting","@id":"https:\/\/anoticiaonline.com.br\/site\/festival-gastronomia-na-serra-agita-pirapanema\/#blogposting","name":"Festival Gastronomia na Serra agita Pirapanema - A Not\u00edcia Online","headline":"Festival Gastronomia na Serra agita Pirapanema","author":{"@id":"https:\/\/anoticiaonline.com.br\/site\/author\/juliana\/#author"},"publisher":{"@id":"https:\/\/anoticiaonline.com.br\/site\/#organization"},"image":{"@type":"ImageObject","url":"https:\/\/anoticiaonline.com.br\/site\/wp-content\/uploads\/2018\/08\/Augusto-Let\u00edcia-Giseli-Ricardo-Bruno-e-Ana-Luiza.jpg","width":1000,"height":667},"datePublished":"2018-08-10T01:08:57-03:00","dateModified":"2018-08-10T01:08:57-03:00","inLanguage":"pt-BR","mainEntityOfPage":{"@id":"https:\/\/anoticiaonline.com.br\/site\/festival-gastronomia-na-serra-agita-pirapanema\/#webpage"},"isPartOf":{"@id":"https:\/\/anoticiaonline.com.br\/site\/festival-gastronomia-na-serra-agita-pirapanema\/#webpage"},"articleSection":"Blog, Cultura, festival, Gastronomia, pirapanema, serra"},{"@type":"BreadcrumbList","@id":"https:\/\/anoticiaonline.com.br\/site\/festival-gastronomia-na-serra-agita-pirapanema\/#breadcrumblist","itemListElement":[{"@type":"ListItem","@id":"https:\/\/anoticiaonline.com.br\/site#listItem","position":1,"name":"Home","item":"https:\/\/anoticiaonline.com.br\/site","nextItem":{"@type":"ListItem","@id":"https:\/\/anoticiaonline.com.br\/site\/categoria\/muriae\/#listItem","name":"Blog"}},{"@type":"ListItem","@id":"https:\/\/anoticiaonline.com.br\/site\/categoria\/muriae\/#listItem","position":2,"name":"Blog","item":"https:\/\/anoticiaonline.com.br\/site\/categoria\/muriae\/","nextItem":{"@type":"ListItem","@id":"https:\/\/anoticiaonline.com.br\/site\/categoria\/muriae\/cultura\/#listItem","name":"Cultura"},"previousItem":{"@type":"ListItem","@id":"https:\/\/anoticiaonline.com.br\/site#listItem","name":"Home"}},{"@type":"ListItem","@id":"https:\/\/anoticiaonline.com.br\/site\/categoria\/muriae\/cultura\/#listItem","position":3,"name":"Cultura","item":"https:\/\/anoticiaonline.com.br\/site\/categoria\/muriae\/cultura\/","nextItem":{"@type":"ListItem","@id":"https:\/\/anoticiaonline.com.br\/site\/festival-gastronomia-na-serra-agita-pirapanema\/#listItem","name":"Festival Gastronomia na Serra agita Pirapanema"},"previousItem":{"@type":"ListItem","@id":"https:\/\/anoticiaonline.com.br\/site\/categoria\/muriae\/#listItem","name":"Blog"}},{"@type":"ListItem","@id":"https:\/\/anoticiaonline.com.br\/site\/festival-gastronomia-na-serra-agita-pirapanema\/#listItem","position":4,"name":"Festival Gastronomia na Serra agita Pirapanema","previousItem":{"@type":"ListItem","@id":"https:\/\/anoticiaonline.com.br\/site\/categoria\/muriae\/cultura\/#listItem","name":"Cultura"}}]},{"@type":"Organization","@id":"https:\/\/anoticiaonline.com.br\/site\/#organization","name":"A Not\u00edcia Online","description":"Noticias de Muria\u00e9 e regi\u00e3o","url":"https:\/\/anoticiaonline.com.br\/site\/","logo":{"@type":"ImageObject","url":"https:\/\/scontent-gig4-1.xx.fbcdn.net\/v\/t39.30808-1\/270437624_4564083193639691_6907940295614233970_n.jpg?stp=dst-jpg_s200x200_tt6&_nc_cat=111&ccb=1-7&_nc_sid=f907e8&_nc_ohc=SM1wRlP3lJwQ7kNvwEPuBYA&_nc_oc=AdnqrjDN_BNjSSHWO-GbkIWH6fkGMLw4bqvL_NH6e2wMveX7G-rP2dAqsDSq1mJMOaY&_nc_zt=24&_nc_ht=scontent-gig4-1.xx&_nc_gid=AoBFJeGrT1hVaew_6rchkQ&oh=00_AfX7QmFGhQhG2jAllVgXCiM1ZrWgvtp80-Bfppyexh1QEg&oe=689E923C","@id":"https:\/\/anoticiaonline.com.br\/site\/festival-gastronomia-na-serra-agita-pirapanema\/#organizationLogo"},"image":{"@id":"https:\/\/anoticiaonline.com.br\/site\/festival-gastronomia-na-serra-agita-pirapanema\/#organizationLogo"}},{"@type":"Person","@id":"https:\/\/anoticiaonline.com.br\/site\/author\/juliana\/#author","url":"https:\/\/anoticiaonline.com.br\/site\/author\/juliana\/","name":"Juliana Laviola","image":{"@type":"ImageObject","@id":"https:\/\/anoticiaonline.com.br\/site\/festival-gastronomia-na-serra-agita-pirapanema\/#authorImage","url":"https:\/\/secure.gravatar.com\/avatar\/b8d45f5c699b100dfaf0e543582f38f38bf94cb7ae3a5e9abf8d891a34773335?s=96&d=mm&r=g","width":96,"height":96,"caption":"Juliana Laviola"}},{"@type":"WebPage","@id":"https:\/\/anoticiaonline.com.br\/site\/festival-gastronomia-na-serra-agita-pirapanema\/#webpage","url":"https:\/\/anoticiaonline.com.br\/site\/festival-gastronomia-na-serra-agita-pirapanema\/","name":"Festival Gastronomia na Serra agita Pirapanema - A Not\u00edcia Online","description":"O Festival Gastronomia na Serra iniciou na sexta-feira (3), em Pirapanema, distrito de Muria\u00e9 e seguiu at\u00e9 domingo (5) com shows de blues, jazz, MPB, al\u00e9m de restaurantes com comidas t\u00edpicas, oficinas gourmets, cinema na pra\u00e7a e outras atividades recreativas. O festival mostrou um pouco sobre culin\u00e1ria e produtos artesanais muriaeenses, trazendo tamb\u00e9m apresenta\u00e7\u00f5es musicais","inLanguage":"pt-BR","isPartOf":{"@id":"https:\/\/anoticiaonline.com.br\/site\/#website"},"breadcrumb":{"@id":"https:\/\/anoticiaonline.com.br\/site\/festival-gastronomia-na-serra-agita-pirapanema\/#breadcrumblist"},"author":{"@id":"https:\/\/anoticiaonline.com.br\/site\/author\/juliana\/#author"},"creator":{"@id":"https:\/\/anoticiaonline.com.br\/site\/author\/juliana\/#author"},"image":{"@type":"ImageObject","url":"https:\/\/anoticiaonline.com.br\/site\/wp-content\/uploads\/2018\/08\/Augusto-Let\u00edcia-Giseli-Ricardo-Bruno-e-Ana-Luiza.jpg","@id":"https:\/\/anoticiaonline.com.br\/site\/festival-gastronomia-na-serra-agita-pirapanema\/#mainImage","width":1000,"height":667},"primaryImageOfPage":{"@id":"https:\/\/anoticiaonline.com.br\/site\/festival-gastronomia-na-serra-agita-pirapanema\/#mainImage"},"datePublished":"2018-08-10T01:08:57-03:00","dateModified":"2018-08-10T01:08:57-03:00"},{"@type":"WebSite","@id":"https:\/\/anoticiaonline.com.br\/site\/#website","url":"https:\/\/anoticiaonline.com.br\/site\/","name":"A Not\u00edcia Online","description":"Noticias de Muria\u00e9 e regi\u00e3o","inLanguage":"pt-BR","publisher":{"@id":"https:\/\/anoticiaonline.com.br\/site\/#organization"}}]},"og:locale":"pt_BR","og:site_name":"A Not\u00edcia Online - Noticias de Muria\u00e9 e regi\u00e3o","og:type":"article","og:title":"Festival Gastronomia na Serra agita Pirapanema - A Not\u00edcia Online","og:description":"O Festival Gastronomia na Serra iniciou na sexta-feira (3), em Pirapanema, distrito de Muria\u00e9 e seguiu at\u00e9 domingo (5) com shows de blues, jazz, MPB, al\u00e9m de restaurantes com comidas t\u00edpicas, oficinas gourmets, cinema na pra\u00e7a e outras atividades recreativas. O festival mostrou um pouco sobre culin\u00e1ria e produtos artesanais muriaeenses, trazendo tamb\u00e9m apresenta\u00e7\u00f5es musicais","og:url":"https:\/\/anoticiaonline.com.br\/site\/festival-gastronomia-na-serra-agita-pirapanema\/","og:image":"https:\/\/scontent-gig4-1.xx.fbcdn.net\/v\/t39.30808-1\/270437624_4564083193639691_6907940295614233970_n.jpg?stp=dst-jpg_s200x200_tt6&#038;_nc_cat=111&#038;ccb=1-7&#038;_nc_sid=f907e8&#038;_nc_ohc=SM1wRlP3lJwQ7kNvwEPuBYA&#038;_nc_oc=AdnqrjDN_BNjSSHWO-GbkIWH6fkGMLw4bqvL_NH6e2wMveX7G-rP2dAqsDSq1mJMOaY&#038;_nc_zt=24&#038;_nc_ht=scontent-gig4-1.xx&#038;_nc_gid=AoBFJeGrT1hVaew_6rchkQ&#038;oh=00_AfX7QmFGhQhG2jAllVgXCiM1ZrWgvtp80-Bfppyexh1QEg&#038;oe=689E923C","og:image:secure_url":"https:\/\/scontent-gig4-1.xx.fbcdn.net\/v\/t39.30808-1\/270437624_4564083193639691_6907940295614233970_n.jpg?stp=dst-jpg_s200x200_tt6&#038;_nc_cat=111&#038;ccb=1-7&#038;_nc_sid=f907e8&#038;_nc_ohc=SM1wRlP3lJwQ7kNvwEPuBYA&#038;_nc_oc=AdnqrjDN_BNjSSHWO-GbkIWH6fkGMLw4bqvL_NH6e2wMveX7G-rP2dAqsDSq1mJMOaY&#038;_nc_zt=24&#038;_nc_ht=scontent-gig4-1.xx&#038;_nc_gid=AoBFJeGrT1hVaew_6rchkQ&#038;oh=00_AfX7QmFGhQhG2jAllVgXCiM1ZrWgvtp80-Bfppyexh1QEg&#038;oe=689E923C","article:published_time":"2018-08-10T04:08:57+00:00","article:modified_time":"2018-08-10T04:08:57+00:00","twitter:card":"summary_large_image","twitter:title":"Festival Gastronomia na Serra agita Pirapanema - A Not\u00edcia Online","twitter:description":"O Festival Gastronomia na Serra iniciou na sexta-feira (3), em Pirapanema, distrito de Muria\u00e9 e seguiu at\u00e9 domingo (5) com shows de blues, jazz, MPB, al\u00e9m de restaurantes com comidas t\u00edpicas, oficinas gourmets, cinema na pra\u00e7a e outras atividades recreativas. O festival mostrou um pouco sobre culin\u00e1ria e produtos artesanais muriaeenses, trazendo tamb\u00e9m apresenta\u00e7\u00f5es musicais","twitter:image":"https:\/\/scontent-gig4-1.xx.fbcdn.net\/v\/t39.30808-1\/270437624_4564083193639691_6907940295614233970_n.jpg?stp=dst-jpg_s200x200_tt6&_nc_cat=111&ccb=1-7&_nc_sid=f907e8&_nc_ohc=SM1wRlP3lJwQ7kNvwEPuBYA&_nc_oc=AdnqrjDN_BNjSSHWO-GbkIWH6fkGMLw4bqvL_NH6e2wMveX7G-rP2dAqsDSq1mJMOaY&_nc_zt=24&_nc_ht=scontent-gig4-1.xx&_nc_gid=AoBFJeGrT1hVaew_6rchkQ&oh=00_AfX7QmFGhQhG2jAllVgXCiM1ZrWgvtp80-Bfppyexh1QEg&oe=689E923C"},"aioseo_meta_data":{"post_id":"59519","title":null,"description":null,"keywords":null,"keyphrases":null,"primary_term":null,"canonical_url":null,"og_title":null,"og_description":null,"og_object_type":"default","og_image_type":"default","og_image_url":null,"og_image_width":null,"og_image_height":null,"og_image_custom_url":null,"og_image_custom_fields":null,"og_video":null,"og_custom_url":null,"og_article_section":null,"og_article_tags":null,"twitter_use_og":false,"twitter_card":"default","twitter_image_type":"default","twitter_image_url":null,"twitter_image_custom_url":null,"twitter_image_custom_fields":null,"twitter_title":null,"twitter_description":null,"schema":{"blockGraphs":[],"customGraphs":[],"default":{"data":{"Article":[],"Course":[],"Dataset":[],"FAQPage":[],"Movie":[],"Person":[],"Product":[],"ProductReview":[],"Car":[],"Recipe":[],"Service":[],"SoftwareApplication":[],"WebPage":[]},"graphName":"","isEnabled":true},"graphs":[]},"schema_type":"default","schema_type_options":null,"pillar_content":false,"robots_default":true,"robots_noindex":false,"robots_noarchive":false,"robots_nosnippet":false,"robots_nofollow":false,"robots_noimageindex":false,"robots_noodp":false,"robots_notranslate":false,"robots_max_snippet":null,"robots_max_videopreview":null,"robots_max_imagepreview":"large","priority":null,"frequency":null,"local_seo":null,"breadcrumb_settings":null,"limit_modified_date":false,"ai":null,"created":"2025-08-16 21:23:34","updated":"2025-08-16 21:23:34","focus_keyword":null,"additional_keywords":null,"truseo_locale":null,"seo_analyzer_scan_date":null},"aioseo_breadcrumb":"<div class=\"aioseo-breadcrumbs\"><span class=\"aioseo-breadcrumb\">\n\t\t\t<a href=\"https:\/\/anoticiaonline.com.br\/site\" title=\"Home\">Home<\/a>\n\t\t<\/span><span class=\"aioseo-breadcrumb-separator\">&raquo;<\/span><span class=\"aioseo-breadcrumb\">\n\t\t\t<a href=\"https:\/\/anoticiaonline.com.br\/site\/categoria\/muriae\/\" title=\"Blog\">Blog<\/a>\n\t\t<\/span><span class=\"aioseo-breadcrumb-separator\">&raquo;<\/span><span class=\"aioseo-breadcrumb\">\n\t\t\t<a href=\"https:\/\/anoticiaonline.com.br\/site\/categoria\/muriae\/cultura\/\" title=\"Cultura\">Cultura<\/a>\n\t\t<\/span><span class=\"aioseo-breadcrumb-separator\">&raquo;<\/span><span class=\"aioseo-breadcrumb\">\n\t\t\tFestival Gastronomia na Serra agita Pirapanema\n\t\t<\/span><\/div>","aioseo_breadcrumb_json":[{"label":"Home","link":"https:\/\/anoticiaonline.com.br\/site"},{"label":"Blog","link":"https:\/\/anoticiaonline.com.br\/site\/categoria\/muriae\/"},{"label":"Cultura","link":"https:\/\/anoticiaonline.com.br\/site\/categoria\/muriae\/cultura\/"},{"label":"Festival Gastronomia na Serra agita Pirapanema","link":"https:\/\/anoticiaonline.com.br\/site\/festival-gastronomia-na-serra-agita-pirapanema\/"}],"views":164,"_links":{"self":[{"href":"https:\/\/anoticiaonline.com.br\/site\/wp-json\/wp\/v2\/posts\/59519","targetHints":{"allow":["GET"]}}],"collection":[{"href":"https:\/\/anoticiaonline.com.br\/site\/wp-json\/wp\/v2\/posts"}],"about":[{"href":"https:\/\/anoticiaonline.com.br\/site\/wp-json\/wp\/v2\/types\/post"}],"author":[{"embeddable":true,"href":"https:\/\/anoticiaonline.com.br\/site\/wp-json\/wp\/v2\/users\/2"}],"replies":[{"embeddable":true,"href":"https:\/\/anoticiaonline.com.br\/site\/wp-json\/wp\/v2\/comments?post=59519"}],"version-history":[{"count":0,"href":"https:\/\/anoticiaonline.com.br\/site\/wp-json\/wp\/v2\/posts\/59519\/revisions"}],"wp:featuredmedia":[{"embeddable":true,"href":"https:\/\/anoticiaonline.com.br\/site\/wp-json\/wp\/v2\/media\/59529"}],"wp:attachment":[{"href":"https:\/\/anoticiaonline.com.br\/site\/wp-json\/wp\/v2\/media?parent=59519"}],"wp:term":[{"taxonomy":"category","embeddable":true,"href":"https:\/\/anoticiaonline.com.br\/site\/wp-json\/wp\/v2\/categories?post=59519"},{"taxonomy":"post_tag","embeddable":true,"href":"https:\/\/anoticiaonline.com.br\/site\/wp-json\/wp\/v2\/tags?post=59519"}],"curies":[{"name":"wp","href":"https:\/\/api.w.org\/{rel}","templated":true}]}}