{"id":59492,"date":"2018-08-09T20:49:53","date_gmt":"2018-08-09T23:49:53","guid":{"rendered":"http:\/\/anoticiaonline.com.br\/site\/?p=59492"},"modified":"2018-08-09T20:49:53","modified_gmt":"2018-08-09T23:49:53","slug":"mutirao-de-audiencias-pre-processuais-e-sediado-no-unifaminas","status":"publish","type":"post","link":"https:\/\/anoticiaonline.com.br\/site\/mutirao-de-audiencias-pre-processuais-e-sediado-no-unifaminas\/","title":{"rendered":"Mutir\u00e3o de audi\u00eancias pr\u00e9-processuais \u00e9 sediado no Unifaminas"},"content":{"rendered":"<p><a href=\"https:\/\/anoticiaonline.com.br\/site\/wp-content\/uploads\/2018\/08\/Mutir\u00e3o-de-audi\u00eancias-pr\u00e9-processuais-\u00e9-sediado-no-Unifaminas.jpg\"><img fetchpriority=\"high\" decoding=\"async\" class=\"alignnone size-full wp-image-59493\" src=\"https:\/\/anoticiaonline.com.br\/site\/wp-content\/uploads\/2018\/08\/Mutir\u00e3o-de-audi\u00eancias-pr\u00e9-processuais-\u00e9-sediado-no-Unifaminas.jpg\" alt=\"\" width=\"800\" height=\"533\" srcset=\"https:\/\/anoticiaonline.com.br\/site\/wp-content\/uploads\/2018\/08\/Mutir\u00e3o-de-audi\u00eancias-pr\u00e9-processuais-\u00e9-sediado-no-Unifaminas.jpg 800w, https:\/\/anoticiaonline.com.br\/site\/wp-content\/uploads\/2018\/08\/Mutir\u00e3o-de-audi\u00eancias-pr\u00e9-processuais-\u00e9-sediado-no-Unifaminas-300x200.jpg 300w, https:\/\/anoticiaonline.com.br\/site\/wp-content\/uploads\/2018\/08\/Mutir\u00e3o-de-audi\u00eancias-pr\u00e9-processuais-\u00e9-sediado-no-Unifaminas-768x512.jpg 768w\" sizes=\"(max-width: 800px) 100vw, 800px\" \/><\/a><\/p>\n<p>O Unifaminas sediou, no per\u00edodo de\u00a06 a 10 de agosto, o mutir\u00e3o de audi\u00eancias pr\u00e9-processuais, em parceria com a\u00a0Companhia de Habita\u00e7\u00e3o do Estado de Minas Gerais (COHAB Minas)\u00a0e\u00a0o Tribunal de Justi\u00e7a de Minas Gerais (TJMG).<\/p>\n<p>O projeto foi coordenado pelo advogado da Companhia, Cl\u00f3vis Pupo,\u00a0junto com a professora e\u00a0coordenadora do curso de Direito do Unifaminas, Ms. Margarida Esp\u00f3sito e a ju\u00edza de Direito do TJMG da 4\u00aa Vara C\u00edvel, Alinne Arquette.<\/p>\n<p>O objetivo do mutir\u00e3o de concilia\u00e7\u00e3o\u00a0foi oportunizar o di\u00e1logo,\u00a0para que as partes\u00a0busquem solucionar as demandas por meio de um\u00a0acordo, de\u00a0\u00a0forma\u00a0desburocratizada e r\u00e1pida.<\/p>\n<p>O curso de Direito, por meio do N\u00facleo de Pr\u00e1ticas Jur\u00eddicas, proporcionou aos seus alunos a viv\u00eancia\u00a0 de atuarem em casos reais, aproximando a teoria abordada em sala de aula \u00e0 pr\u00e1tica da concilia\u00e7\u00e3o.<\/p>\n<p>Foram agendados 198 atendimentos de fam\u00edlias da cidade de Muria\u00e9 e regi\u00e3o, com algum tipo de pend\u00eancia com a COHAB Minas.<\/p>\n<figure id=\"attachment_59494\" aria-describedby=\"caption-attachment-59494\" style=\"width: 790px\" class=\"wp-caption alignnone\"><a href=\"https:\/\/anoticiaonline.com.br\/site\/wp-content\/uploads\/2018\/08\/Mutir\u00e3o-de-audi\u00eancias-pr\u00e9-processuais-\u00e9-sediado-no-Unifaminas-2.jpg\"><img decoding=\"async\" class=\"size-full wp-image-59494\" src=\"https:\/\/anoticiaonline.com.br\/site\/wp-content\/uploads\/2018\/08\/Mutir\u00e3o-de-audi\u00eancias-pr\u00e9-processuais-\u00e9-sediado-no-Unifaminas-2.jpg\" alt=\"\" width=\"800\" height=\"533\" srcset=\"https:\/\/anoticiaonline.com.br\/site\/wp-content\/uploads\/2018\/08\/Mutir\u00e3o-de-audi\u00eancias-pr\u00e9-processuais-\u00e9-sediado-no-Unifaminas-2.jpg 800w, https:\/\/anoticiaonline.com.br\/site\/wp-content\/uploads\/2018\/08\/Mutir\u00e3o-de-audi\u00eancias-pr\u00e9-processuais-\u00e9-sediado-no-Unifaminas-2-300x200.jpg 300w, https:\/\/anoticiaonline.com.br\/site\/wp-content\/uploads\/2018\/08\/Mutir\u00e3o-de-audi\u00eancias-pr\u00e9-processuais-\u00e9-sediado-no-Unifaminas-2-768x512.jpg 768w\" sizes=\"(max-width: 800px) 100vw, 800px\" \/><\/a><figcaption id=\"caption-attachment-59494\" class=\"wp-caption-text\">O prefeito Grego, a ju\u00edza Alinne Arquette e o pr\u00f3-reitor do Unifaminas, Eduardo Goulart, durante coletiva de imprensa<\/figcaption><\/figure>\n<p>Na quinta-feira (9), foi realizada uma coletiva de imprensa para falar sobre o mutir\u00e3o de audi\u00eancias. Na ocasi\u00e3o, marcaram presen\u00e7a a ju\u00edza Alinne Arquette; o procurador\u00a0Fl\u00e1vio Albuquerque, que representou Alessandro Marques da COHAB Minas; o defensor p\u00fablico Andr\u00e9 Luiz Campos Vieira; o prefeito Grego; o pr\u00f3-reitor do Unifaminas, Eduardo Goulart; a coordenadora do curso de Direito, Ms. Margarida Esp\u00f3sito e a diretora dos Institutos, que atua nos projetos acad\u00eamicos do curso de Direito, Roberta Gouveia.<\/p>\n<p>\u201cO curso de Direito procura passar aos seus acad\u00eamicos n\u00e3o somente a teoria, mas busca tamb\u00e9m parcerias que possam auxiliar os alunos na pr\u00e1tica de sua futura profiss\u00e3o. Sem d\u00favida \u00e9 uma grande oportunidade de aprendizado. A concilia\u00e7\u00e3o \u00e9, sem d\u00favida, um novo olhar para o Direito na busca das solu\u00e7\u00f5es de conflitos\u201d, conta a coordenadora do curso, Margarida Esp\u00f3sito.<\/p>\n<p>De acordo com a ju\u00edza Alinne Arquette, a parceria entre o Centro Universit\u00e1rio, prefeitura e a sociedade \u00e9 de grande import\u00e2ncia. \u201cO mutir\u00e3o beneficia todos os envolvidos: acad\u00eamicos, membros do Poder Judici\u00e1rio e \u00e0queles que possuem alguma pend\u00eancia com a COHAB Minas. Este projeto est\u00e1 sendo realizado em todo o estado e a Comarca de Muria\u00e9 n\u00e3o \u00e9 a primeira que recebe o mutir\u00e3o, mas, com toda a certeza, foi aceito por todos n\u00f3s com muita expectativa. O mutir\u00e3o serve como um modelo que vem sendo pregado pelo Poder Judici\u00e1rio para que ocorra mais celeridade na resolu\u00e7\u00e3o de conflitos atrav\u00e9s da concilia\u00e7\u00e3o\u201d, conta.<\/p>\n<p>O prefeito Grego disse que a concilia\u00e7\u00e3o \u00e9 o melhor caminho para encontrar solu\u00e7\u00f5es para os conflitos. \u201cGostaria de parabenizar \u00e0 COHAB Minas, ao TJMG, representado pela Dra. Alinne, \u00e0 Defensoria P\u00fablica, ao Unifaminas e a todos os envolvidos neste mutir\u00e3o\u201d, diz.<\/p>\n<p>Durante a coletiva, o procurador\u00a0Fl\u00e1vio Albuquerque que n\u00e3o tem palavras para agradecer aos envolvidos neste projeto. \u201cAgrade\u00e7o ao munic\u00edpio, ao TJMG e ao Poder Judici\u00e1rio, que aprovou esta ideia, al\u00e9m da parceria do curso de Direito do Unifaminas, que viabilizou, atrav\u00e9s dos acad\u00eamicos, a realiza\u00e7\u00e3o deste mutir\u00e3o. Enquanto estamos aqui tendo esta conversa, 10 audi\u00eancias est\u00e3o sendo realizadas, simultaneamente, aqui no campus\u201d, conta.<\/p>\n<p><a href=\"https:\/\/anoticiaonline.com.br\/site\/wp-content\/uploads\/2018\/08\/Mutir\u00e3o.jpg\"><img decoding=\"async\" class=\"alignnone size-full wp-image-59495\" src=\"https:\/\/anoticiaonline.com.br\/site\/wp-content\/uploads\/2018\/08\/Mutir\u00e3o.jpg\" alt=\"\" width=\"800\" height=\"533\" srcset=\"https:\/\/anoticiaonline.com.br\/site\/wp-content\/uploads\/2018\/08\/Mutir\u00e3o.jpg 800w, https:\/\/anoticiaonline.com.br\/site\/wp-content\/uploads\/2018\/08\/Mutir\u00e3o-300x200.jpg 300w, https:\/\/anoticiaonline.com.br\/site\/wp-content\/uploads\/2018\/08\/Mutir\u00e3o-768x512.jpg 768w\" sizes=\"(max-width: 800px) 100vw, 800px\" \/><\/a> <a href=\"https:\/\/anoticiaonline.com.br\/site\/wp-content\/uploads\/2018\/08\/Mutir\u00e3o-de-audi\u00eancias-pr\u00e9-processuais-\u00e9-sediado-no-Unifaminas-3.jpg\"><img loading=\"lazy\" decoding=\"async\" class=\"alignnone size-full wp-image-59496\" src=\"https:\/\/anoticiaonline.com.br\/site\/wp-content\/uploads\/2018\/08\/Mutir\u00e3o-de-audi\u00eancias-pr\u00e9-processuais-\u00e9-sediado-no-Unifaminas-3.jpg\" alt=\"\" width=\"800\" height=\"533\" srcset=\"https:\/\/anoticiaonline.com.br\/site\/wp-content\/uploads\/2018\/08\/Mutir\u00e3o-de-audi\u00eancias-pr\u00e9-processuais-\u00e9-sediado-no-Unifaminas-3.jpg 800w, https:\/\/anoticiaonline.com.br\/site\/wp-content\/uploads\/2018\/08\/Mutir\u00e3o-de-audi\u00eancias-pr\u00e9-processuais-\u00e9-sediado-no-Unifaminas-3-300x200.jpg 300w, https:\/\/anoticiaonline.com.br\/site\/wp-content\/uploads\/2018\/08\/Mutir\u00e3o-de-audi\u00eancias-pr\u00e9-processuais-\u00e9-sediado-no-Unifaminas-3-768x512.jpg 768w\" sizes=\"(max-width: 800px) 100vw, 800px\" \/><\/a><\/p>\n","protected":false},"excerpt":{"rendered":"<p>O Unifaminas sediou, no per\u00edodo de\u00a06 a 10 de agosto, o mutir\u00e3o de audi\u00eancias pr\u00e9-processuais, em parceria com a\u00a0Companhia de Habita\u00e7\u00e3o do Estado de Minas Gerais (COHAB Minas)\u00a0e\u00a0o Tribunal de Justi\u00e7a de Minas Gerais (TJMG). O projeto foi coordenado pelo advogado da Companhia, Cl\u00f3vis Pupo,\u00a0junto com a professora e\u00a0coordenadora do curso de Direito do Unifaminas, &#8230; <a title=\"Mutir\u00e3o de audi\u00eancias pr\u00e9-processuais \u00e9 sediado no Unifaminas\" class=\"read-more\" href=\"https:\/\/anoticiaonline.com.br\/site\/mutirao-de-audiencias-pre-processuais-e-sediado-no-unifaminas\/\" aria-label=\"Read more about Mutir\u00e3o de audi\u00eancias pr\u00e9-processuais \u00e9 sediado no Unifaminas\">Ler mais<\/a><\/p>\n","protected":false},"author":2,"featured_media":59496,"comment_status":"open","ping_status":"open","sticky":false,"template":"","format":"standard","meta":{"_acf_changed":false,"_monsterinsights_skip_tracking":false,"footnotes":""},"categories":[30],"tags":[],"class_list":["post-59492","post","type-post","status-publish","format-standard","has-post-thumbnail","hentry","category-muriae"],"acf":[],"aioseo_notices":[],"aioseo_head":"\n\t\t<!-- All in One SEO 5.0.0.1 - aioseo.com -->\n\t<meta name=\"description\" content=\"O Unifaminas sediou, no per\u00edodo de 6 a 10 de agosto, o mutir\u00e3o de audi\u00eancias pr\u00e9-processuais, em parceria com a Companhia de Habita\u00e7\u00e3o do Estado de Minas Gerais (COHAB Minas) e o Tribunal de Justi\u00e7a de Minas Gerais (TJMG). O projeto foi coordenado pelo advogado da Companhia, Cl\u00f3vis Pupo, junto com a professora e coordenadora do curso de Direito do Unifaminas,\" \/>\n\t<meta name=\"robots\" content=\"max-image-preview:large\" \/>\n\t<meta name=\"author\" content=\"Juliana Laviola\"\/>\n\t<link rel=\"canonical\" href=\"https:\/\/anoticiaonline.com.br\/site\/mutirao-de-audiencias-pre-processuais-e-sediado-no-unifaminas\/\" \/>\n\t<meta name=\"generator\" content=\"All in One SEO (AIOSEO) 5.0.0.1\" \/>\n\t\t<meta property=\"og:locale\" content=\"pt_BR\" \/>\n\t\t<meta property=\"og:site_name\" content=\"A Not\u00edcia Online - Noticias de Muria\u00e9 e regi\u00e3o\" \/>\n\t\t<meta property=\"og:type\" content=\"article\" \/>\n\t\t<meta property=\"og:title\" content=\"Mutir\u00e3o de audi\u00eancias pr\u00e9-processuais \u00e9 sediado no Unifaminas - A Not\u00edcia Online\" \/>\n\t\t<meta property=\"og:description\" content=\"O Unifaminas sediou, no per\u00edodo de 6 a 10 de agosto, o mutir\u00e3o de audi\u00eancias pr\u00e9-processuais, em parceria com a Companhia de Habita\u00e7\u00e3o do Estado de Minas Gerais (COHAB Minas) e o Tribunal de Justi\u00e7a de Minas Gerais (TJMG). O projeto foi coordenado pelo advogado da Companhia, Cl\u00f3vis Pupo, junto com a professora e coordenadora do curso de Direito do Unifaminas,\" \/>\n\t\t<meta property=\"og:url\" content=\"https:\/\/anoticiaonline.com.br\/site\/mutirao-de-audiencias-pre-processuais-e-sediado-no-unifaminas\/\" \/>\n\t\t<meta property=\"og:image\" content=\"https:\/\/scontent-gig4-1.xx.fbcdn.net\/v\/t39.30808-1\/270437624_4564083193639691_6907940295614233970_n.jpg?stp=dst-jpg_s200x200_tt6&#038;_nc_cat=111&#038;ccb=1-7&#038;_nc_sid=f907e8&#038;_nc_ohc=SM1wRlP3lJwQ7kNvwEPuBYA&#038;_nc_oc=AdnqrjDN_BNjSSHWO-GbkIWH6fkGMLw4bqvL_NH6e2wMveX7G-rP2dAqsDSq1mJMOaY&#038;_nc_zt=24&#038;_nc_ht=scontent-gig4-1.xx&#038;_nc_gid=AoBFJeGrT1hVaew_6rchkQ&#038;oh=00_AfX7QmFGhQhG2jAllVgXCiM1ZrWgvtp80-Bfppyexh1QEg&#038;oe=689E923C\" \/>\n\t\t<meta property=\"og:image:secure_url\" content=\"https:\/\/scontent-gig4-1.xx.fbcdn.net\/v\/t39.30808-1\/270437624_4564083193639691_6907940295614233970_n.jpg?stp=dst-jpg_s200x200_tt6&#038;_nc_cat=111&#038;ccb=1-7&#038;_nc_sid=f907e8&#038;_nc_ohc=SM1wRlP3lJwQ7kNvwEPuBYA&#038;_nc_oc=AdnqrjDN_BNjSSHWO-GbkIWH6fkGMLw4bqvL_NH6e2wMveX7G-rP2dAqsDSq1mJMOaY&#038;_nc_zt=24&#038;_nc_ht=scontent-gig4-1.xx&#038;_nc_gid=AoBFJeGrT1hVaew_6rchkQ&#038;oh=00_AfX7QmFGhQhG2jAllVgXCiM1ZrWgvtp80-Bfppyexh1QEg&#038;oe=689E923C\" \/>\n\t\t<meta property=\"article:published_time\" content=\"2018-08-09T23:49:53+00:00\" \/>\n\t\t<meta property=\"article:modified_time\" content=\"2018-08-09T23:49:53+00:00\" \/>\n\t\t<meta name=\"twitter:card\" content=\"summary_large_image\" \/>\n\t\t<meta name=\"twitter:title\" content=\"Mutir\u00e3o de audi\u00eancias pr\u00e9-processuais \u00e9 sediado no Unifaminas - A Not\u00edcia Online\" \/>\n\t\t<meta name=\"twitter:description\" content=\"O Unifaminas sediou, no per\u00edodo de 6 a 10 de agosto, o mutir\u00e3o de audi\u00eancias pr\u00e9-processuais, em parceria com a Companhia de Habita\u00e7\u00e3o do Estado de Minas Gerais (COHAB Minas) e o Tribunal de Justi\u00e7a de Minas Gerais (TJMG). O projeto foi coordenado pelo advogado da Companhia, Cl\u00f3vis Pupo, junto com a professora e coordenadora do curso de Direito do Unifaminas,\" \/>\n\t\t<meta name=\"twitter:image\" content=\"https:\/\/scontent-gig4-1.xx.fbcdn.net\/v\/t39.30808-1\/270437624_4564083193639691_6907940295614233970_n.jpg?stp=dst-jpg_s200x200_tt6&amp;_nc_cat=111&amp;ccb=1-7&amp;_nc_sid=f907e8&amp;_nc_ohc=SM1wRlP3lJwQ7kNvwEPuBYA&amp;_nc_oc=AdnqrjDN_BNjSSHWO-GbkIWH6fkGMLw4bqvL_NH6e2wMveX7G-rP2dAqsDSq1mJMOaY&amp;_nc_zt=24&amp;_nc_ht=scontent-gig4-1.xx&amp;_nc_gid=AoBFJeGrT1hVaew_6rchkQ&amp;oh=00_AfX7QmFGhQhG2jAllVgXCiM1ZrWgvtp80-Bfppyexh1QEg&amp;oe=689E923C\" \/>\n\t\t<script type=\"application\/ld+json\" class=\"aioseo-schema\">\n\t\t\t{\"@context\":\"https:\\\/\\\/schema.org\",\"@graph\":[{\"@type\":\"BlogPosting\",\"@id\":\"https:\\\/\\\/anoticiaonline.com.br\\\/site\\\/mutirao-de-audiencias-pre-processuais-e-sediado-no-unifaminas\\\/#blogposting\",\"name\":\"Mutir\\u00e3o de audi\\u00eancias pr\\u00e9-processuais \\u00e9 sediado no Unifaminas - A Not\\u00edcia Online\",\"headline\":\"Mutir\\u00e3o de audi\\u00eancias pr\\u00e9-processuais \\u00e9 sediado no Unifaminas\",\"author\":{\"@id\":\"https:\\\/\\\/anoticiaonline.com.br\\\/site\\\/author\\\/juliana\\\/#author\"},\"publisher\":{\"@id\":\"https:\\\/\\\/anoticiaonline.com.br\\\/site\\\/#organization\"},\"image\":{\"@type\":\"ImageObject\",\"url\":\"https:\\\/\\\/anoticiaonline.com.br\\\/site\\\/wp-content\\\/uploads\\\/2018\\\/08\\\/Mutir\\u00e3o-de-audi\\u00eancias-pr\\u00e9-processuais-\\u00e9-sediado-no-Unifaminas-3.jpg\",\"width\":800,\"height\":533},\"datePublished\":\"2018-08-09T20:49:53-03:00\",\"dateModified\":\"2018-08-09T20:49:53-03:00\",\"inLanguage\":\"pt-BR\",\"mainEntityOfPage\":{\"@id\":\"https:\\\/\\\/anoticiaonline.com.br\\\/site\\\/mutirao-de-audiencias-pre-processuais-e-sediado-no-unifaminas\\\/#webpage\"},\"isPartOf\":{\"@id\":\"https:\\\/\\\/anoticiaonline.com.br\\\/site\\\/mutirao-de-audiencias-pre-processuais-e-sediado-no-unifaminas\\\/#webpage\"},\"articleSection\":\"Blog\"},{\"@type\":\"BreadcrumbList\",\"@id\":\"https:\\\/\\\/anoticiaonline.com.br\\\/site\\\/mutirao-de-audiencias-pre-processuais-e-sediado-no-unifaminas\\\/#breadcrumblist\",\"itemListElement\":[{\"@type\":\"ListItem\",\"@id\":\"https:\\\/\\\/anoticiaonline.com.br\\\/site#listItem\",\"position\":1,\"name\":\"Home\",\"item\":\"https:\\\/\\\/anoticiaonline.com.br\\\/site\",\"nextItem\":{\"@type\":\"ListItem\",\"@id\":\"https:\\\/\\\/anoticiaonline.com.br\\\/site\\\/categoria\\\/muriae\\\/#listItem\",\"name\":\"Blog\"}},{\"@type\":\"ListItem\",\"@id\":\"https:\\\/\\\/anoticiaonline.com.br\\\/site\\\/categoria\\\/muriae\\\/#listItem\",\"position\":2,\"name\":\"Blog\",\"item\":\"https:\\\/\\\/anoticiaonline.com.br\\\/site\\\/categoria\\\/muriae\\\/\",\"nextItem\":{\"@type\":\"ListItem\",\"@id\":\"https:\\\/\\\/anoticiaonline.com.br\\\/site\\\/mutirao-de-audiencias-pre-processuais-e-sediado-no-unifaminas\\\/#listItem\",\"name\":\"Mutir\\u00e3o de audi\\u00eancias pr\\u00e9-processuais \\u00e9 sediado no Unifaminas\"},\"previousItem\":{\"@type\":\"ListItem\",\"@id\":\"https:\\\/\\\/anoticiaonline.com.br\\\/site#listItem\",\"name\":\"Home\"}},{\"@type\":\"ListItem\",\"@id\":\"https:\\\/\\\/anoticiaonline.com.br\\\/site\\\/mutirao-de-audiencias-pre-processuais-e-sediado-no-unifaminas\\\/#listItem\",\"position\":3,\"name\":\"Mutir\\u00e3o de audi\\u00eancias pr\\u00e9-processuais \\u00e9 sediado no Unifaminas\",\"previousItem\":{\"@type\":\"ListItem\",\"@id\":\"https:\\\/\\\/anoticiaonline.com.br\\\/site\\\/categoria\\\/muriae\\\/#listItem\",\"name\":\"Blog\"}}]},{\"@type\":\"Organization\",\"@id\":\"https:\\\/\\\/anoticiaonline.com.br\\\/site\\\/#organization\",\"name\":\"A Not\\u00edcia Online\",\"description\":\"Noticias de Muria\\u00e9 e regi\\u00e3o\",\"url\":\"https:\\\/\\\/anoticiaonline.com.br\\\/site\\\/\",\"logo\":{\"@type\":\"ImageObject\",\"url\":\"https:\\\/\\\/scontent-gig4-1.xx.fbcdn.net\\\/v\\\/t39.30808-1\\\/270437624_4564083193639691_6907940295614233970_n.jpg?stp=dst-jpg_s200x200_tt6&_nc_cat=111&ccb=1-7&_nc_sid=f907e8&_nc_ohc=SM1wRlP3lJwQ7kNvwEPuBYA&_nc_oc=AdnqrjDN_BNjSSHWO-GbkIWH6fkGMLw4bqvL_NH6e2wMveX7G-rP2dAqsDSq1mJMOaY&_nc_zt=24&_nc_ht=scontent-gig4-1.xx&_nc_gid=AoBFJeGrT1hVaew_6rchkQ&oh=00_AfX7QmFGhQhG2jAllVgXCiM1ZrWgvtp80-Bfppyexh1QEg&oe=689E923C\",\"@id\":\"https:\\\/\\\/anoticiaonline.com.br\\\/site\\\/mutirao-de-audiencias-pre-processuais-e-sediado-no-unifaminas\\\/#organizationLogo\"},\"image\":{\"@id\":\"https:\\\/\\\/anoticiaonline.com.br\\\/site\\\/mutirao-de-audiencias-pre-processuais-e-sediado-no-unifaminas\\\/#organizationLogo\"}},{\"@type\":\"Person\",\"@id\":\"https:\\\/\\\/anoticiaonline.com.br\\\/site\\\/author\\\/juliana\\\/#author\",\"url\":\"https:\\\/\\\/anoticiaonline.com.br\\\/site\\\/author\\\/juliana\\\/\",\"name\":\"Juliana Laviola\",\"image\":{\"@type\":\"ImageObject\",\"@id\":\"https:\\\/\\\/anoticiaonline.com.br\\\/site\\\/mutirao-de-audiencias-pre-processuais-e-sediado-no-unifaminas\\\/#authorImage\",\"url\":\"https:\\\/\\\/secure.gravatar.com\\\/avatar\\\/b8d45f5c699b100dfaf0e543582f38f38bf94cb7ae3a5e9abf8d891a34773335?s=96&d=mm&r=g\",\"width\":96,\"height\":96,\"caption\":\"Juliana Laviola\"}},{\"@type\":\"WebPage\",\"@id\":\"https:\\\/\\\/anoticiaonline.com.br\\\/site\\\/mutirao-de-audiencias-pre-processuais-e-sediado-no-unifaminas\\\/#webpage\",\"url\":\"https:\\\/\\\/anoticiaonline.com.br\\\/site\\\/mutirao-de-audiencias-pre-processuais-e-sediado-no-unifaminas\\\/\",\"name\":\"Mutir\\u00e3o de audi\\u00eancias pr\\u00e9-processuais \\u00e9 sediado no Unifaminas - A Not\\u00edcia Online\",\"description\":\"O Unifaminas sediou, no per\\u00edodo de 6 a 10 de agosto, o mutir\\u00e3o de audi\\u00eancias pr\\u00e9-processuais, em parceria com a Companhia de Habita\\u00e7\\u00e3o do Estado de Minas Gerais (COHAB Minas) e o Tribunal de Justi\\u00e7a de Minas Gerais (TJMG). O projeto foi coordenado pelo advogado da Companhia, Cl\\u00f3vis Pupo, junto com a professora e coordenadora do curso de Direito do Unifaminas,\",\"inLanguage\":\"pt-BR\",\"isPartOf\":{\"@id\":\"https:\\\/\\\/anoticiaonline.com.br\\\/site\\\/#website\"},\"breadcrumb\":{\"@id\":\"https:\\\/\\\/anoticiaonline.com.br\\\/site\\\/mutirao-de-audiencias-pre-processuais-e-sediado-no-unifaminas\\\/#breadcrumblist\"},\"author\":{\"@id\":\"https:\\\/\\\/anoticiaonline.com.br\\\/site\\\/author\\\/juliana\\\/#author\"},\"creator\":{\"@id\":\"https:\\\/\\\/anoticiaonline.com.br\\\/site\\\/author\\\/juliana\\\/#author\"},\"image\":{\"@type\":\"ImageObject\",\"url\":\"https:\\\/\\\/anoticiaonline.com.br\\\/site\\\/wp-content\\\/uploads\\\/2018\\\/08\\\/Mutir\\u00e3o-de-audi\\u00eancias-pr\\u00e9-processuais-\\u00e9-sediado-no-Unifaminas-3.jpg\",\"@id\":\"https:\\\/\\\/anoticiaonline.com.br\\\/site\\\/mutirao-de-audiencias-pre-processuais-e-sediado-no-unifaminas\\\/#mainImage\",\"width\":800,\"height\":533},\"primaryImageOfPage\":{\"@id\":\"https:\\\/\\\/anoticiaonline.com.br\\\/site\\\/mutirao-de-audiencias-pre-processuais-e-sediado-no-unifaminas\\\/#mainImage\"},\"datePublished\":\"2018-08-09T20:49:53-03:00\",\"dateModified\":\"2018-08-09T20:49:53-03:00\"},{\"@type\":\"WebSite\",\"@id\":\"https:\\\/\\\/anoticiaonline.com.br\\\/site\\\/#website\",\"url\":\"https:\\\/\\\/anoticiaonline.com.br\\\/site\\\/\",\"name\":\"A Not\\u00edcia Online\",\"description\":\"Noticias de Muria\\u00e9 e regi\\u00e3o\",\"inLanguage\":\"pt-BR\",\"publisher\":{\"@id\":\"https:\\\/\\\/anoticiaonline.com.br\\\/site\\\/#organization\"}}]}\n\t\t<\/script>\n\t\t<!-- All in One SEO -->\n\n","aioseo_head_json":{"title":"Mutir\u00e3o de audi\u00eancias pr\u00e9-processuais \u00e9 sediado no Unifaminas - A Not\u00edcia Online","description":"O Unifaminas sediou, no per\u00edodo de 6 a 10 de agosto, o mutir\u00e3o de audi\u00eancias pr\u00e9-processuais, em parceria com a Companhia de Habita\u00e7\u00e3o do Estado de Minas Gerais (COHAB Minas) e o Tribunal de Justi\u00e7a de Minas Gerais (TJMG). O projeto foi coordenado pelo advogado da Companhia, Cl\u00f3vis Pupo, junto com a professora e coordenadora do curso de Direito do Unifaminas,","canonical_url":"https:\/\/anoticiaonline.com.br\/site\/mutirao-de-audiencias-pre-processuais-e-sediado-no-unifaminas\/","robots":"max-image-preview:large","keywords":"","webmasterTools":{"miscellaneous":""},"schema":{"@context":"https:\/\/schema.org","@graph":[{"@type":"BlogPosting","@id":"https:\/\/anoticiaonline.com.br\/site\/mutirao-de-audiencias-pre-processuais-e-sediado-no-unifaminas\/#blogposting","name":"Mutir\u00e3o de audi\u00eancias pr\u00e9-processuais \u00e9 sediado no Unifaminas - A Not\u00edcia Online","headline":"Mutir\u00e3o de audi\u00eancias pr\u00e9-processuais \u00e9 sediado no Unifaminas","author":{"@id":"https:\/\/anoticiaonline.com.br\/site\/author\/juliana\/#author"},"publisher":{"@id":"https:\/\/anoticiaonline.com.br\/site\/#organization"},"image":{"@type":"ImageObject","url":"https:\/\/anoticiaonline.com.br\/site\/wp-content\/uploads\/2018\/08\/Mutir\u00e3o-de-audi\u00eancias-pr\u00e9-processuais-\u00e9-sediado-no-Unifaminas-3.jpg","width":800,"height":533},"datePublished":"2018-08-09T20:49:53-03:00","dateModified":"2018-08-09T20:49:53-03:00","inLanguage":"pt-BR","mainEntityOfPage":{"@id":"https:\/\/anoticiaonline.com.br\/site\/mutirao-de-audiencias-pre-processuais-e-sediado-no-unifaminas\/#webpage"},"isPartOf":{"@id":"https:\/\/anoticiaonline.com.br\/site\/mutirao-de-audiencias-pre-processuais-e-sediado-no-unifaminas\/#webpage"},"articleSection":"Blog"},{"@type":"BreadcrumbList","@id":"https:\/\/anoticiaonline.com.br\/site\/mutirao-de-audiencias-pre-processuais-e-sediado-no-unifaminas\/#breadcrumblist","itemListElement":[{"@type":"ListItem","@id":"https:\/\/anoticiaonline.com.br\/site#listItem","position":1,"name":"Home","item":"https:\/\/anoticiaonline.com.br\/site","nextItem":{"@type":"ListItem","@id":"https:\/\/anoticiaonline.com.br\/site\/categoria\/muriae\/#listItem","name":"Blog"}},{"@type":"ListItem","@id":"https:\/\/anoticiaonline.com.br\/site\/categoria\/muriae\/#listItem","position":2,"name":"Blog","item":"https:\/\/anoticiaonline.com.br\/site\/categoria\/muriae\/","nextItem":{"@type":"ListItem","@id":"https:\/\/anoticiaonline.com.br\/site\/mutirao-de-audiencias-pre-processuais-e-sediado-no-unifaminas\/#listItem","name":"Mutir\u00e3o de audi\u00eancias pr\u00e9-processuais \u00e9 sediado no Unifaminas"},"previousItem":{"@type":"ListItem","@id":"https:\/\/anoticiaonline.com.br\/site#listItem","name":"Home"}},{"@type":"ListItem","@id":"https:\/\/anoticiaonline.com.br\/site\/mutirao-de-audiencias-pre-processuais-e-sediado-no-unifaminas\/#listItem","position":3,"name":"Mutir\u00e3o de audi\u00eancias pr\u00e9-processuais \u00e9 sediado no Unifaminas","previousItem":{"@type":"ListItem","@id":"https:\/\/anoticiaonline.com.br\/site\/categoria\/muriae\/#listItem","name":"Blog"}}]},{"@type":"Organization","@id":"https:\/\/anoticiaonline.com.br\/site\/#organization","name":"A Not\u00edcia Online","description":"Noticias de Muria\u00e9 e regi\u00e3o","url":"https:\/\/anoticiaonline.com.br\/site\/","logo":{"@type":"ImageObject","url":"https:\/\/scontent-gig4-1.xx.fbcdn.net\/v\/t39.30808-1\/270437624_4564083193639691_6907940295614233970_n.jpg?stp=dst-jpg_s200x200_tt6&_nc_cat=111&ccb=1-7&_nc_sid=f907e8&_nc_ohc=SM1wRlP3lJwQ7kNvwEPuBYA&_nc_oc=AdnqrjDN_BNjSSHWO-GbkIWH6fkGMLw4bqvL_NH6e2wMveX7G-rP2dAqsDSq1mJMOaY&_nc_zt=24&_nc_ht=scontent-gig4-1.xx&_nc_gid=AoBFJeGrT1hVaew_6rchkQ&oh=00_AfX7QmFGhQhG2jAllVgXCiM1ZrWgvtp80-Bfppyexh1QEg&oe=689E923C","@id":"https:\/\/anoticiaonline.com.br\/site\/mutirao-de-audiencias-pre-processuais-e-sediado-no-unifaminas\/#organizationLogo"},"image":{"@id":"https:\/\/anoticiaonline.com.br\/site\/mutirao-de-audiencias-pre-processuais-e-sediado-no-unifaminas\/#organizationLogo"}},{"@type":"Person","@id":"https:\/\/anoticiaonline.com.br\/site\/author\/juliana\/#author","url":"https:\/\/anoticiaonline.com.br\/site\/author\/juliana\/","name":"Juliana Laviola","image":{"@type":"ImageObject","@id":"https:\/\/anoticiaonline.com.br\/site\/mutirao-de-audiencias-pre-processuais-e-sediado-no-unifaminas\/#authorImage","url":"https:\/\/secure.gravatar.com\/avatar\/b8d45f5c699b100dfaf0e543582f38f38bf94cb7ae3a5e9abf8d891a34773335?s=96&d=mm&r=g","width":96,"height":96,"caption":"Juliana Laviola"}},{"@type":"WebPage","@id":"https:\/\/anoticiaonline.com.br\/site\/mutirao-de-audiencias-pre-processuais-e-sediado-no-unifaminas\/#webpage","url":"https:\/\/anoticiaonline.com.br\/site\/mutirao-de-audiencias-pre-processuais-e-sediado-no-unifaminas\/","name":"Mutir\u00e3o de audi\u00eancias pr\u00e9-processuais \u00e9 sediado no Unifaminas - A Not\u00edcia Online","description":"O Unifaminas sediou, no per\u00edodo de 6 a 10 de agosto, o mutir\u00e3o de audi\u00eancias pr\u00e9-processuais, em parceria com a Companhia de Habita\u00e7\u00e3o do Estado de Minas Gerais (COHAB Minas) e o Tribunal de Justi\u00e7a de Minas Gerais (TJMG). O projeto foi coordenado pelo advogado da Companhia, Cl\u00f3vis Pupo, junto com a professora e coordenadora do curso de Direito do Unifaminas,","inLanguage":"pt-BR","isPartOf":{"@id":"https:\/\/anoticiaonline.com.br\/site\/#website"},"breadcrumb":{"@id":"https:\/\/anoticiaonline.com.br\/site\/mutirao-de-audiencias-pre-processuais-e-sediado-no-unifaminas\/#breadcrumblist"},"author":{"@id":"https:\/\/anoticiaonline.com.br\/site\/author\/juliana\/#author"},"creator":{"@id":"https:\/\/anoticiaonline.com.br\/site\/author\/juliana\/#author"},"image":{"@type":"ImageObject","url":"https:\/\/anoticiaonline.com.br\/site\/wp-content\/uploads\/2018\/08\/Mutir\u00e3o-de-audi\u00eancias-pr\u00e9-processuais-\u00e9-sediado-no-Unifaminas-3.jpg","@id":"https:\/\/anoticiaonline.com.br\/site\/mutirao-de-audiencias-pre-processuais-e-sediado-no-unifaminas\/#mainImage","width":800,"height":533},"primaryImageOfPage":{"@id":"https:\/\/anoticiaonline.com.br\/site\/mutirao-de-audiencias-pre-processuais-e-sediado-no-unifaminas\/#mainImage"},"datePublished":"2018-08-09T20:49:53-03:00","dateModified":"2018-08-09T20:49:53-03:00"},{"@type":"WebSite","@id":"https:\/\/anoticiaonline.com.br\/site\/#website","url":"https:\/\/anoticiaonline.com.br\/site\/","name":"A Not\u00edcia Online","description":"Noticias de Muria\u00e9 e regi\u00e3o","inLanguage":"pt-BR","publisher":{"@id":"https:\/\/anoticiaonline.com.br\/site\/#organization"}}]},"og:locale":"pt_BR","og:site_name":"A Not\u00edcia Online - Noticias de Muria\u00e9 e regi\u00e3o","og:type":"article","og:title":"Mutir\u00e3o de audi\u00eancias pr\u00e9-processuais \u00e9 sediado no Unifaminas - A Not\u00edcia Online","og:description":"O Unifaminas sediou, no per\u00edodo de 6 a 10 de agosto, o mutir\u00e3o de audi\u00eancias pr\u00e9-processuais, em parceria com a Companhia de Habita\u00e7\u00e3o do Estado de Minas Gerais (COHAB Minas) e o Tribunal de Justi\u00e7a de Minas Gerais (TJMG). O projeto foi coordenado pelo advogado da Companhia, Cl\u00f3vis Pupo, junto com a professora e coordenadora do curso de Direito do Unifaminas,","og:url":"https:\/\/anoticiaonline.com.br\/site\/mutirao-de-audiencias-pre-processuais-e-sediado-no-unifaminas\/","og:image":"https:\/\/scontent-gig4-1.xx.fbcdn.net\/v\/t39.30808-1\/270437624_4564083193639691_6907940295614233970_n.jpg?stp=dst-jpg_s200x200_tt6&#038;_nc_cat=111&#038;ccb=1-7&#038;_nc_sid=f907e8&#038;_nc_ohc=SM1wRlP3lJwQ7kNvwEPuBYA&#038;_nc_oc=AdnqrjDN_BNjSSHWO-GbkIWH6fkGMLw4bqvL_NH6e2wMveX7G-rP2dAqsDSq1mJMOaY&#038;_nc_zt=24&#038;_nc_ht=scontent-gig4-1.xx&#038;_nc_gid=AoBFJeGrT1hVaew_6rchkQ&#038;oh=00_AfX7QmFGhQhG2jAllVgXCiM1ZrWgvtp80-Bfppyexh1QEg&#038;oe=689E923C","og:image:secure_url":"https:\/\/scontent-gig4-1.xx.fbcdn.net\/v\/t39.30808-1\/270437624_4564083193639691_6907940295614233970_n.jpg?stp=dst-jpg_s200x200_tt6&#038;_nc_cat=111&#038;ccb=1-7&#038;_nc_sid=f907e8&#038;_nc_ohc=SM1wRlP3lJwQ7kNvwEPuBYA&#038;_nc_oc=AdnqrjDN_BNjSSHWO-GbkIWH6fkGMLw4bqvL_NH6e2wMveX7G-rP2dAqsDSq1mJMOaY&#038;_nc_zt=24&#038;_nc_ht=scontent-gig4-1.xx&#038;_nc_gid=AoBFJeGrT1hVaew_6rchkQ&#038;oh=00_AfX7QmFGhQhG2jAllVgXCiM1ZrWgvtp80-Bfppyexh1QEg&#038;oe=689E923C","article:published_time":"2018-08-09T23:49:53+00:00","article:modified_time":"2018-08-09T23:49:53+00:00","twitter:card":"summary_large_image","twitter:title":"Mutir\u00e3o de audi\u00eancias pr\u00e9-processuais \u00e9 sediado no Unifaminas - A Not\u00edcia Online","twitter:description":"O Unifaminas sediou, no per\u00edodo de 6 a 10 de agosto, o mutir\u00e3o de audi\u00eancias pr\u00e9-processuais, em parceria com a Companhia de Habita\u00e7\u00e3o do Estado de Minas Gerais (COHAB Minas) e o Tribunal de Justi\u00e7a de Minas Gerais (TJMG). O projeto foi coordenado pelo advogado da Companhia, Cl\u00f3vis Pupo, junto com a professora e coordenadora do curso de Direito do Unifaminas,","twitter:image":"https:\/\/scontent-gig4-1.xx.fbcdn.net\/v\/t39.30808-1\/270437624_4564083193639691_6907940295614233970_n.jpg?stp=dst-jpg_s200x200_tt6&_nc_cat=111&ccb=1-7&_nc_sid=f907e8&_nc_ohc=SM1wRlP3lJwQ7kNvwEPuBYA&_nc_oc=AdnqrjDN_BNjSSHWO-GbkIWH6fkGMLw4bqvL_NH6e2wMveX7G-rP2dAqsDSq1mJMOaY&_nc_zt=24&_nc_ht=scontent-gig4-1.xx&_nc_gid=AoBFJeGrT1hVaew_6rchkQ&oh=00_AfX7QmFGhQhG2jAllVgXCiM1ZrWgvtp80-Bfppyexh1QEg&oe=689E923C"},"aioseo_meta_data":{"post_id":"59492","title":null,"description":null,"keywords":null,"keyphrases":null,"primary_term":null,"canonical_url":null,"og_title":null,"og_description":null,"og_object_type":"default","og_image_type":"default","og_image_url":null,"og_image_width":null,"og_image_height":null,"og_image_custom_url":null,"og_image_custom_fields":null,"og_video":null,"og_custom_url":null,"og_article_section":null,"og_article_tags":null,"twitter_use_og":false,"twitter_card":"default","twitter_image_type":"default","twitter_image_url":null,"twitter_image_custom_url":null,"twitter_image_custom_fields":null,"twitter_title":null,"twitter_description":null,"schema":{"blockGraphs":[],"customGraphs":[],"default":{"data":{"Article":[],"Course":[],"Dataset":[],"FAQPage":[],"Movie":[],"Person":[],"Product":[],"ProductReview":[],"Car":[],"Recipe":[],"Service":[],"SoftwareApplication":[],"WebPage":[]},"graphName":"","isEnabled":true},"graphs":[]},"schema_type":"default","schema_type_options":null,"pillar_content":false,"robots_default":true,"robots_noindex":false,"robots_noarchive":false,"robots_nosnippet":false,"robots_nofollow":false,"robots_noimageindex":false,"robots_noodp":false,"robots_notranslate":false,"robots_max_snippet":null,"robots_max_videopreview":null,"robots_max_imagepreview":"large","priority":null,"frequency":null,"local_seo":null,"breadcrumb_settings":null,"limit_modified_date":false,"ai":null,"created":"2025-08-16 21:23:34","updated":"2025-08-16 21:23:34","focus_keyword":null,"additional_keywords":null,"truseo_locale":null,"seo_analyzer_scan_date":null},"aioseo_breadcrumb":"<div class=\"aioseo-breadcrumbs\"><span class=\"aioseo-breadcrumb\">\n\t\t\t<a href=\"https:\/\/anoticiaonline.com.br\/site\" title=\"Home\">Home<\/a>\n\t\t<\/span><span class=\"aioseo-breadcrumb-separator\">&raquo;<\/span><span class=\"aioseo-breadcrumb\">\n\t\t\t<a href=\"https:\/\/anoticiaonline.com.br\/site\/categoria\/muriae\/\" title=\"Blog\">Blog<\/a>\n\t\t<\/span><span class=\"aioseo-breadcrumb-separator\">&raquo;<\/span><span class=\"aioseo-breadcrumb\">\n\t\t\tMutir\u00e3o de audi\u00eancias pr\u00e9-processuais \u00e9 sediado no Unifaminas\n\t\t<\/span><\/div>","aioseo_breadcrumb_json":[{"label":"Home","link":"https:\/\/anoticiaonline.com.br\/site"},{"label":"Blog","link":"https:\/\/anoticiaonline.com.br\/site\/categoria\/muriae\/"},{"label":"Mutir\u00e3o de audi\u00eancias pr\u00e9-processuais \u00e9 sediado no Unifaminas","link":"https:\/\/anoticiaonline.com.br\/site\/mutirao-de-audiencias-pre-processuais-e-sediado-no-unifaminas\/"}],"views":151,"_links":{"self":[{"href":"https:\/\/anoticiaonline.com.br\/site\/wp-json\/wp\/v2\/posts\/59492","targetHints":{"allow":["GET"]}}],"collection":[{"href":"https:\/\/anoticiaonline.com.br\/site\/wp-json\/wp\/v2\/posts"}],"about":[{"href":"https:\/\/anoticiaonline.com.br\/site\/wp-json\/wp\/v2\/types\/post"}],"author":[{"embeddable":true,"href":"https:\/\/anoticiaonline.com.br\/site\/wp-json\/wp\/v2\/users\/2"}],"replies":[{"embeddable":true,"href":"https:\/\/anoticiaonline.com.br\/site\/wp-json\/wp\/v2\/comments?post=59492"}],"version-history":[{"count":0,"href":"https:\/\/anoticiaonline.com.br\/site\/wp-json\/wp\/v2\/posts\/59492\/revisions"}],"wp:featuredmedia":[{"embeddable":true,"href":"https:\/\/anoticiaonline.com.br\/site\/wp-json\/wp\/v2\/media\/59496"}],"wp:attachment":[{"href":"https:\/\/anoticiaonline.com.br\/site\/wp-json\/wp\/v2\/media?parent=59492"}],"wp:term":[{"taxonomy":"category","embeddable":true,"href":"https:\/\/anoticiaonline.com.br\/site\/wp-json\/wp\/v2\/categories?post=59492"},{"taxonomy":"post_tag","embeddable":true,"href":"https:\/\/anoticiaonline.com.br\/site\/wp-json\/wp\/v2\/tags?post=59492"}],"curies":[{"name":"wp","href":"https:\/\/api.w.org\/{rel}","templated":true}]}}