{"id":59460,"date":"2018-08-08T15:53:01","date_gmt":"2018-08-08T18:53:01","guid":{"rendered":"http:\/\/anoticiaonline.com.br\/site\/?p=59460"},"modified":"2018-08-08T15:53:01","modified_gmt":"2018-08-08T18:53:01","slug":"autoescola-muriae-e-reinaugurada-no-centro","status":"publish","type":"post","link":"https:\/\/anoticiaonline.com.br\/site\/autoescola-muriae-e-reinaugurada-no-centro\/","title":{"rendered":"Autoescola Muria\u00e9 \u00e9 reinaugurada no Centro"},"content":{"rendered":"<p><a href=\"https:\/\/anoticiaonline.com.br\/site\/wp-content\/uploads\/2018\/08\/DSC_0276-1.jpg\"><img fetchpriority=\"high\" decoding=\"async\" class=\"aligncenter size-full wp-image-59461\" src=\"https:\/\/anoticiaonline.com.br\/site\/wp-content\/uploads\/2018\/08\/DSC_0276-1.jpg\" alt=\"\" width=\"840\" height=\"560\" srcset=\"https:\/\/anoticiaonline.com.br\/site\/wp-content\/uploads\/2018\/08\/DSC_0276-1.jpg 840w, https:\/\/anoticiaonline.com.br\/site\/wp-content\/uploads\/2018\/08\/DSC_0276-1-300x200.jpg 300w, https:\/\/anoticiaonline.com.br\/site\/wp-content\/uploads\/2018\/08\/DSC_0276-1-768x512.jpg 768w\" sizes=\"(max-width: 840px) 100vw, 840px\" \/><\/a><a href=\"https:\/\/anoticiaonline.com.br\/site\/wp-content\/uploads\/2018\/08\/DSC_0327.jpg\"><img decoding=\"async\" class=\"aligncenter size-full wp-image-59464\" src=\"https:\/\/anoticiaonline.com.br\/site\/wp-content\/uploads\/2018\/08\/DSC_0327.jpg\" alt=\"\" width=\"894\" height=\"596\" srcset=\"https:\/\/anoticiaonline.com.br\/site\/wp-content\/uploads\/2018\/08\/DSC_0327.jpg 894w, https:\/\/anoticiaonline.com.br\/site\/wp-content\/uploads\/2018\/08\/DSC_0327-300x200.jpg 300w, https:\/\/anoticiaonline.com.br\/site\/wp-content\/uploads\/2018\/08\/DSC_0327-768x512.jpg 768w\" sizes=\"(max-width: 894px) 100vw, 894px\" \/><\/a><a href=\"https:\/\/anoticiaonline.com.br\/site\/wp-content\/uploads\/2018\/08\/DSC_0341.jpg\"><img decoding=\"async\" class=\"aligncenter size-full wp-image-59466\" src=\"https:\/\/anoticiaonline.com.br\/site\/wp-content\/uploads\/2018\/08\/DSC_0341.jpg\" alt=\"\" width=\"793\" height=\"529\" srcset=\"https:\/\/anoticiaonline.com.br\/site\/wp-content\/uploads\/2018\/08\/DSC_0341.jpg 793w, https:\/\/anoticiaonline.com.br\/site\/wp-content\/uploads\/2018\/08\/DSC_0341-300x200.jpg 300w, https:\/\/anoticiaonline.com.br\/site\/wp-content\/uploads\/2018\/08\/DSC_0341-768x512.jpg 768w\" sizes=\"(max-width: 793px) 100vw, 793px\" \/><\/a> <a href=\"https:\/\/anoticiaonline.com.br\/site\/wp-content\/uploads\/2018\/08\/DSC_0352.jpg\"><img loading=\"lazy\" decoding=\"async\" class=\"aligncenter size-full wp-image-59467\" src=\"https:\/\/anoticiaonline.com.br\/site\/wp-content\/uploads\/2018\/08\/DSC_0352.jpg\" alt=\"\" width=\"749\" height=\"499\" srcset=\"https:\/\/anoticiaonline.com.br\/site\/wp-content\/uploads\/2018\/08\/DSC_0352.jpg 749w, https:\/\/anoticiaonline.com.br\/site\/wp-content\/uploads\/2018\/08\/DSC_0352-300x200.jpg 300w\" sizes=\"(max-width: 749px) 100vw, 749px\" \/><\/a><a href=\"https:\/\/anoticiaonline.com.br\/site\/wp-content\/uploads\/2018\/08\/DSC_0365.jpg\"><img loading=\"lazy\" decoding=\"async\" class=\"aligncenter size-full wp-image-59469\" src=\"https:\/\/anoticiaonline.com.br\/site\/wp-content\/uploads\/2018\/08\/DSC_0365.jpg\" alt=\"\" width=\"835\" height=\"557\" srcset=\"https:\/\/anoticiaonline.com.br\/site\/wp-content\/uploads\/2018\/08\/DSC_0365.jpg 835w, https:\/\/anoticiaonline.com.br\/site\/wp-content\/uploads\/2018\/08\/DSC_0365-300x200.jpg 300w, https:\/\/anoticiaonline.com.br\/site\/wp-content\/uploads\/2018\/08\/DSC_0365-768x512.jpg 768w\" sizes=\"(max-width: 835px) 100vw, 835px\" \/><\/a> <a href=\"https:\/\/anoticiaonline.com.br\/site\/wp-content\/uploads\/2018\/08\/DSC_0373.jpg\"><img loading=\"lazy\" decoding=\"async\" class=\"aligncenter size-full wp-image-59470\" src=\"https:\/\/anoticiaonline.com.br\/site\/wp-content\/uploads\/2018\/08\/DSC_0373.jpg\" alt=\"\" width=\"812\" height=\"541\" srcset=\"https:\/\/anoticiaonline.com.br\/site\/wp-content\/uploads\/2018\/08\/DSC_0373.jpg 812w, https:\/\/anoticiaonline.com.br\/site\/wp-content\/uploads\/2018\/08\/DSC_0373-300x200.jpg 300w, https:\/\/anoticiaonline.com.br\/site\/wp-content\/uploads\/2018\/08\/DSC_0373-768x512.jpg 768w\" sizes=\"(max-width: 812px) 100vw, 812px\" \/><\/a>Foi reinaugurado, na manh\u00e3 de ter\u00e7a-feira (7), o novo espa\u00e7o da Autoescola Muria\u00e9. Com local amplo e agrad\u00e1vel, a Autoescola Muria\u00e9 tamb\u00e9m oferece aos seus alunos uma nova frota de ve\u00edculos para quem deseja conquistar sua t\u00e3o sonhada carteira de habilita\u00e7\u00e3o seja qual for a categoria desejada.<\/p>\n<p>Com mais de 15 anos no mercado, a Autoescola Muria\u00e9 possui instrutores experientes e qualificados prontos para preparar condutores de autom\u00f3veis, motocicletas, caminh\u00f5es e ve\u00edculos de transporte coletivo com condi\u00e7\u00f5es especiais de pagamento.<\/p>\n<p>Para demonstrar a nova frota e divulgar o novo endere\u00e7o, a equipe da Autoescola Muria\u00e9 preparou uma carreata pelas ruas do Centro da cidade e um belo caf\u00e9 da manh\u00e3 aos visitantes no interior do novo espa\u00e7o, que possui confort\u00e1veis salas de aula.<\/p>\n<p>A Autoescola Muria\u00e9 est\u00e1 localizada na Avenida Constantino Pinto, n\u00famero 181, ao lado das sorveterias Ara\u00e7agy e Sol &amp; Neve. Telefone para contato: (32) 3722-3045.<\/p>\n<p><a href=\"https:\/\/anoticiaonline.com.br\/site\/wp-content\/uploads\/2018\/08\/DSC_0408.jpg\"><img loading=\"lazy\" decoding=\"async\" class=\"aligncenter size-full wp-image-59472\" src=\"https:\/\/anoticiaonline.com.br\/site\/wp-content\/uploads\/2018\/08\/DSC_0408.jpg\" alt=\"\" width=\"894\" height=\"596\" srcset=\"https:\/\/anoticiaonline.com.br\/site\/wp-content\/uploads\/2018\/08\/DSC_0408.jpg 894w, https:\/\/anoticiaonline.com.br\/site\/wp-content\/uploads\/2018\/08\/DSC_0408-300x200.jpg 300w, https:\/\/anoticiaonline.com.br\/site\/wp-content\/uploads\/2018\/08\/DSC_0408-768x512.jpg 768w\" sizes=\"(max-width: 894px) 100vw, 894px\" \/><\/a><\/p>\n<p><a href=\"https:\/\/anoticiaonline.com.br\/site\/wp-content\/uploads\/2018\/08\/DSC_0324.jpg\"><img loading=\"lazy\" decoding=\"async\" class=\"aligncenter size-full wp-image-59462\" src=\"https:\/\/anoticiaonline.com.br\/site\/wp-content\/uploads\/2018\/08\/DSC_0324.jpg\" alt=\"\" width=\"780\" height=\"520\" srcset=\"https:\/\/anoticiaonline.com.br\/site\/wp-content\/uploads\/2018\/08\/DSC_0324.jpg 780w, https:\/\/anoticiaonline.com.br\/site\/wp-content\/uploads\/2018\/08\/DSC_0324-300x200.jpg 300w, https:\/\/anoticiaonline.com.br\/site\/wp-content\/uploads\/2018\/08\/DSC_0324-768x512.jpg 768w\" sizes=\"(max-width: 780px) 100vw, 780px\" \/><\/a><a href=\"https:\/\/anoticiaonline.com.br\/site\/wp-content\/uploads\/2018\/08\/DSC_0394.jpg\"><img loading=\"lazy\" decoding=\"async\" class=\"aligncenter size-full wp-image-59471\" src=\"https:\/\/anoticiaonline.com.br\/site\/wp-content\/uploads\/2018\/08\/DSC_0394.jpg\" alt=\"\" width=\"894\" height=\"596\" srcset=\"https:\/\/anoticiaonline.com.br\/site\/wp-content\/uploads\/2018\/08\/DSC_0394.jpg 894w, https:\/\/anoticiaonline.com.br\/site\/wp-content\/uploads\/2018\/08\/DSC_0394-300x200.jpg 300w, https:\/\/anoticiaonline.com.br\/site\/wp-content\/uploads\/2018\/08\/DSC_0394-768x512.jpg 768w\" sizes=\"(max-width: 894px) 100vw, 894px\" \/><\/a><a href=\"https:\/\/anoticiaonline.com.br\/site\/wp-content\/uploads\/2018\/08\/DSC_0360.jpg\"><img loading=\"lazy\" decoding=\"async\" class=\"aligncenter size-full wp-image-59468\" src=\"https:\/\/anoticiaonline.com.br\/site\/wp-content\/uploads\/2018\/08\/DSC_0360.jpg\" alt=\"\" width=\"787\" height=\"525\" srcset=\"https:\/\/anoticiaonline.com.br\/site\/wp-content\/uploads\/2018\/08\/DSC_0360.jpg 787w, https:\/\/anoticiaonline.com.br\/site\/wp-content\/uploads\/2018\/08\/DSC_0360-300x200.jpg 300w, https:\/\/anoticiaonline.com.br\/site\/wp-content\/uploads\/2018\/08\/DSC_0360-768x512.jpg 768w\" sizes=\"(max-width: 787px) 100vw, 787px\" \/><\/a><a href=\"https:\/\/anoticiaonline.com.br\/site\/wp-content\/uploads\/2018\/08\/DSC_0335.jpg\"><img loading=\"lazy\" decoding=\"async\" class=\"aligncenter size-full wp-image-59465\" src=\"https:\/\/anoticiaonline.com.br\/site\/wp-content\/uploads\/2018\/08\/DSC_0335.jpg\" alt=\"\" width=\"894\" height=\"596\" srcset=\"https:\/\/anoticiaonline.com.br\/site\/wp-content\/uploads\/2018\/08\/DSC_0335.jpg 894w, https:\/\/anoticiaonline.com.br\/site\/wp-content\/uploads\/2018\/08\/DSC_0335-300x200.jpg 300w, https:\/\/anoticiaonline.com.br\/site\/wp-content\/uploads\/2018\/08\/DSC_0335-768x512.jpg 768w\" sizes=\"(max-width: 894px) 100vw, 894px\" \/><\/a><a href=\"https:\/\/anoticiaonline.com.br\/site\/wp-content\/uploads\/2018\/08\/DSC_0326.jpg\"><img loading=\"lazy\" decoding=\"async\" class=\"aligncenter size-full wp-image-59463\" src=\"https:\/\/anoticiaonline.com.br\/site\/wp-content\/uploads\/2018\/08\/DSC_0326.jpg\" alt=\"\" width=\"795\" height=\"530\" srcset=\"https:\/\/anoticiaonline.com.br\/site\/wp-content\/uploads\/2018\/08\/DSC_0326.jpg 795w, https:\/\/anoticiaonline.com.br\/site\/wp-content\/uploads\/2018\/08\/DSC_0326-300x200.jpg 300w, https:\/\/anoticiaonline.com.br\/site\/wp-content\/uploads\/2018\/08\/DSC_0326-768x512.jpg 768w\" sizes=\"(max-width: 795px) 100vw, 795px\" \/><\/a><\/p>\n","protected":false},"excerpt":{"rendered":"<p>Foi reinaugurado, na manh\u00e3 de ter\u00e7a-feira (7), o novo espa\u00e7o da Autoescola Muria\u00e9. Com local amplo e agrad\u00e1vel, a Autoescola Muria\u00e9 tamb\u00e9m oferece aos seus alunos uma nova frota de ve\u00edculos para quem deseja conquistar sua t\u00e3o sonhada carteira de habilita\u00e7\u00e3o seja qual for a categoria desejada. Com mais de 15 anos no mercado, a &#8230; <a title=\"Autoescola Muria\u00e9 \u00e9 reinaugurada no Centro\" class=\"read-more\" href=\"https:\/\/anoticiaonline.com.br\/site\/autoescola-muriae-e-reinaugurada-no-centro\/\" aria-label=\"Read more about Autoescola Muria\u00e9 \u00e9 reinaugurada no Centro\">Ler mais<\/a><\/p>\n","protected":false},"author":2,"featured_media":59465,"comment_status":"open","ping_status":"open","sticky":false,"template":"","format":"standard","meta":{"_acf_changed":false,"_monsterinsights_skip_tracking":false,"footnotes":""},"categories":[1],"tags":[2909,2908,2911,805,2913,700,2910,2912,1718,802,2914],"class_list":["post-59460","post","type-post","status-publish","format-standard","has-post-thumbnail","hentry","category-gerais","tag-aracagy","tag-autoescola-muriae","tag-automoveis","tag-avenida-constantino-pinto","tag-caminhoes","tag-carreata","tag-carteira-de-habilitacao","tag-motocicletas","tag-reinauguracao","tag-sol-neve","tag-veiculos-de-transporte-coletivo"],"acf":[],"aioseo_notices":[],"aioseo_head":"\n\t\t<!-- All in One SEO 5.0.0.1 - aioseo.com -->\n\t<meta name=\"description\" content=\"Foi reinaugurado, na manh\u00e3 de ter\u00e7a-feira (7), o novo espa\u00e7o da Autoescola Muria\u00e9. Com local amplo e agrad\u00e1vel, a Autoescola Muria\u00e9 tamb\u00e9m oferece aos seus alunos uma nova frota de ve\u00edculos para quem deseja conquistar sua t\u00e3o sonhada carteira de habilita\u00e7\u00e3o seja qual for a categoria desejada. Com mais de 15 anos no mercado, a\" \/>\n\t<meta name=\"robots\" content=\"max-image-preview:large\" \/>\n\t<meta name=\"author\" content=\"Juliana Laviola\"\/>\n\t<link rel=\"canonical\" href=\"https:\/\/anoticiaonline.com.br\/site\/autoescola-muriae-e-reinaugurada-no-centro\/\" \/>\n\t<meta name=\"generator\" content=\"All in One SEO (AIOSEO) 5.0.0.1\" \/>\n\t\t<meta property=\"og:locale\" content=\"pt_BR\" \/>\n\t\t<meta property=\"og:site_name\" content=\"A Not\u00edcia Online - Noticias de Muria\u00e9 e regi\u00e3o\" \/>\n\t\t<meta property=\"og:type\" content=\"article\" \/>\n\t\t<meta property=\"og:title\" content=\"Autoescola Muria\u00e9 \u00e9 reinaugurada no Centro - A Not\u00edcia Online\" \/>\n\t\t<meta property=\"og:description\" content=\"Foi reinaugurado, na manh\u00e3 de ter\u00e7a-feira (7), o novo espa\u00e7o da Autoescola Muria\u00e9. Com local amplo e agrad\u00e1vel, a Autoescola Muria\u00e9 tamb\u00e9m oferece aos seus alunos uma nova frota de ve\u00edculos para quem deseja conquistar sua t\u00e3o sonhada carteira de habilita\u00e7\u00e3o seja qual for a categoria desejada. Com mais de 15 anos no mercado, a\" \/>\n\t\t<meta property=\"og:url\" content=\"https:\/\/anoticiaonline.com.br\/site\/autoescola-muriae-e-reinaugurada-no-centro\/\" \/>\n\t\t<meta property=\"og:image\" content=\"https:\/\/scontent-gig4-1.xx.fbcdn.net\/v\/t39.30808-1\/270437624_4564083193639691_6907940295614233970_n.jpg?stp=dst-jpg_s200x200_tt6&#038;_nc_cat=111&#038;ccb=1-7&#038;_nc_sid=f907e8&#038;_nc_ohc=SM1wRlP3lJwQ7kNvwEPuBYA&#038;_nc_oc=AdnqrjDN_BNjSSHWO-GbkIWH6fkGMLw4bqvL_NH6e2wMveX7G-rP2dAqsDSq1mJMOaY&#038;_nc_zt=24&#038;_nc_ht=scontent-gig4-1.xx&#038;_nc_gid=AoBFJeGrT1hVaew_6rchkQ&#038;oh=00_AfX7QmFGhQhG2jAllVgXCiM1ZrWgvtp80-Bfppyexh1QEg&#038;oe=689E923C\" \/>\n\t\t<meta property=\"og:image:secure_url\" content=\"https:\/\/scontent-gig4-1.xx.fbcdn.net\/v\/t39.30808-1\/270437624_4564083193639691_6907940295614233970_n.jpg?stp=dst-jpg_s200x200_tt6&#038;_nc_cat=111&#038;ccb=1-7&#038;_nc_sid=f907e8&#038;_nc_ohc=SM1wRlP3lJwQ7kNvwEPuBYA&#038;_nc_oc=AdnqrjDN_BNjSSHWO-GbkIWH6fkGMLw4bqvL_NH6e2wMveX7G-rP2dAqsDSq1mJMOaY&#038;_nc_zt=24&#038;_nc_ht=scontent-gig4-1.xx&#038;_nc_gid=AoBFJeGrT1hVaew_6rchkQ&#038;oh=00_AfX7QmFGhQhG2jAllVgXCiM1ZrWgvtp80-Bfppyexh1QEg&#038;oe=689E923C\" \/>\n\t\t<meta property=\"article:published_time\" content=\"2018-08-08T18:53:01+00:00\" \/>\n\t\t<meta property=\"article:modified_time\" content=\"2018-08-08T18:53:01+00:00\" \/>\n\t\t<meta name=\"twitter:card\" content=\"summary_large_image\" \/>\n\t\t<meta name=\"twitter:title\" content=\"Autoescola Muria\u00e9 \u00e9 reinaugurada no Centro - A Not\u00edcia Online\" \/>\n\t\t<meta name=\"twitter:description\" content=\"Foi reinaugurado, na manh\u00e3 de ter\u00e7a-feira (7), o novo espa\u00e7o da Autoescola Muria\u00e9. Com local amplo e agrad\u00e1vel, a Autoescola Muria\u00e9 tamb\u00e9m oferece aos seus alunos uma nova frota de ve\u00edculos para quem deseja conquistar sua t\u00e3o sonhada carteira de habilita\u00e7\u00e3o seja qual for a categoria desejada. Com mais de 15 anos no mercado, a\" \/>\n\t\t<meta name=\"twitter:image\" content=\"https:\/\/scontent-gig4-1.xx.fbcdn.net\/v\/t39.30808-1\/270437624_4564083193639691_6907940295614233970_n.jpg?stp=dst-jpg_s200x200_tt6&amp;_nc_cat=111&amp;ccb=1-7&amp;_nc_sid=f907e8&amp;_nc_ohc=SM1wRlP3lJwQ7kNvwEPuBYA&amp;_nc_oc=AdnqrjDN_BNjSSHWO-GbkIWH6fkGMLw4bqvL_NH6e2wMveX7G-rP2dAqsDSq1mJMOaY&amp;_nc_zt=24&amp;_nc_ht=scontent-gig4-1.xx&amp;_nc_gid=AoBFJeGrT1hVaew_6rchkQ&amp;oh=00_AfX7QmFGhQhG2jAllVgXCiM1ZrWgvtp80-Bfppyexh1QEg&amp;oe=689E923C\" \/>\n\t\t<script type=\"application\/ld+json\" class=\"aioseo-schema\">\n\t\t\t{\"@context\":\"https:\\\/\\\/schema.org\",\"@graph\":[{\"@type\":\"BlogPosting\",\"@id\":\"https:\\\/\\\/anoticiaonline.com.br\\\/site\\\/autoescola-muriae-e-reinaugurada-no-centro\\\/#blogposting\",\"name\":\"Autoescola Muria\\u00e9 \\u00e9 reinaugurada no Centro - A Not\\u00edcia Online\",\"headline\":\"Autoescola Muria\\u00e9 \\u00e9 reinaugurada no Centro\",\"author\":{\"@id\":\"https:\\\/\\\/anoticiaonline.com.br\\\/site\\\/author\\\/juliana\\\/#author\"},\"publisher\":{\"@id\":\"https:\\\/\\\/anoticiaonline.com.br\\\/site\\\/#organization\"},\"image\":{\"@type\":\"ImageObject\",\"url\":\"https:\\\/\\\/anoticiaonline.com.br\\\/site\\\/wp-content\\\/uploads\\\/2018\\\/08\\\/DSC_0335.jpg\",\"width\":894,\"height\":596},\"datePublished\":\"2018-08-08T15:53:01-03:00\",\"dateModified\":\"2018-08-08T15:53:01-03:00\",\"inLanguage\":\"pt-BR\",\"mainEntityOfPage\":{\"@id\":\"https:\\\/\\\/anoticiaonline.com.br\\\/site\\\/autoescola-muriae-e-reinaugurada-no-centro\\\/#webpage\"},\"isPartOf\":{\"@id\":\"https:\\\/\\\/anoticiaonline.com.br\\\/site\\\/autoescola-muriae-e-reinaugurada-no-centro\\\/#webpage\"},\"articleSection\":\"Gerais, Ara\\u00e7agy, Autoescola Muria\\u00e9, autom\\u00f3veis, Avenida Constantino Pinto, caminh\\u00f5es, carreata, carteira de habilita\\u00e7\\u00e3o, motocicletas, reinaugura\\u00e7\\u00e3o, Sol &amp; Neve, ve\\u00edculos de transporte coletivo\"},{\"@type\":\"BreadcrumbList\",\"@id\":\"https:\\\/\\\/anoticiaonline.com.br\\\/site\\\/autoescola-muriae-e-reinaugurada-no-centro\\\/#breadcrumblist\",\"itemListElement\":[{\"@type\":\"ListItem\",\"@id\":\"https:\\\/\\\/anoticiaonline.com.br\\\/site#listItem\",\"position\":1,\"name\":\"Home\",\"item\":\"https:\\\/\\\/anoticiaonline.com.br\\\/site\",\"nextItem\":{\"@type\":\"ListItem\",\"@id\":\"https:\\\/\\\/anoticiaonline.com.br\\\/site\\\/categoria\\\/gerais\\\/#listItem\",\"name\":\"Gerais\"}},{\"@type\":\"ListItem\",\"@id\":\"https:\\\/\\\/anoticiaonline.com.br\\\/site\\\/categoria\\\/gerais\\\/#listItem\",\"position\":2,\"name\":\"Gerais\",\"item\":\"https:\\\/\\\/anoticiaonline.com.br\\\/site\\\/categoria\\\/gerais\\\/\",\"nextItem\":{\"@type\":\"ListItem\",\"@id\":\"https:\\\/\\\/anoticiaonline.com.br\\\/site\\\/autoescola-muriae-e-reinaugurada-no-centro\\\/#listItem\",\"name\":\"Autoescola Muria\\u00e9 \\u00e9 reinaugurada no Centro\"},\"previousItem\":{\"@type\":\"ListItem\",\"@id\":\"https:\\\/\\\/anoticiaonline.com.br\\\/site#listItem\",\"name\":\"Home\"}},{\"@type\":\"ListItem\",\"@id\":\"https:\\\/\\\/anoticiaonline.com.br\\\/site\\\/autoescola-muriae-e-reinaugurada-no-centro\\\/#listItem\",\"position\":3,\"name\":\"Autoescola Muria\\u00e9 \\u00e9 reinaugurada no Centro\",\"previousItem\":{\"@type\":\"ListItem\",\"@id\":\"https:\\\/\\\/anoticiaonline.com.br\\\/site\\\/categoria\\\/gerais\\\/#listItem\",\"name\":\"Gerais\"}}]},{\"@type\":\"Organization\",\"@id\":\"https:\\\/\\\/anoticiaonline.com.br\\\/site\\\/#organization\",\"name\":\"A Not\\u00edcia Online\",\"description\":\"Noticias de Muria\\u00e9 e regi\\u00e3o\",\"url\":\"https:\\\/\\\/anoticiaonline.com.br\\\/site\\\/\",\"logo\":{\"@type\":\"ImageObject\",\"url\":\"https:\\\/\\\/scontent-gig4-1.xx.fbcdn.net\\\/v\\\/t39.30808-1\\\/270437624_4564083193639691_6907940295614233970_n.jpg?stp=dst-jpg_s200x200_tt6&_nc_cat=111&ccb=1-7&_nc_sid=f907e8&_nc_ohc=SM1wRlP3lJwQ7kNvwEPuBYA&_nc_oc=AdnqrjDN_BNjSSHWO-GbkIWH6fkGMLw4bqvL_NH6e2wMveX7G-rP2dAqsDSq1mJMOaY&_nc_zt=24&_nc_ht=scontent-gig4-1.xx&_nc_gid=AoBFJeGrT1hVaew_6rchkQ&oh=00_AfX7QmFGhQhG2jAllVgXCiM1ZrWgvtp80-Bfppyexh1QEg&oe=689E923C\",\"@id\":\"https:\\\/\\\/anoticiaonline.com.br\\\/site\\\/autoescola-muriae-e-reinaugurada-no-centro\\\/#organizationLogo\"},\"image\":{\"@id\":\"https:\\\/\\\/anoticiaonline.com.br\\\/site\\\/autoescola-muriae-e-reinaugurada-no-centro\\\/#organizationLogo\"}},{\"@type\":\"Person\",\"@id\":\"https:\\\/\\\/anoticiaonline.com.br\\\/site\\\/author\\\/juliana\\\/#author\",\"url\":\"https:\\\/\\\/anoticiaonline.com.br\\\/site\\\/author\\\/juliana\\\/\",\"name\":\"Juliana Laviola\",\"image\":{\"@type\":\"ImageObject\",\"@id\":\"https:\\\/\\\/anoticiaonline.com.br\\\/site\\\/autoescola-muriae-e-reinaugurada-no-centro\\\/#authorImage\",\"url\":\"https:\\\/\\\/secure.gravatar.com\\\/avatar\\\/b8d45f5c699b100dfaf0e543582f38f38bf94cb7ae3a5e9abf8d891a34773335?s=96&d=mm&r=g\",\"width\":96,\"height\":96,\"caption\":\"Juliana Laviola\"}},{\"@type\":\"WebPage\",\"@id\":\"https:\\\/\\\/anoticiaonline.com.br\\\/site\\\/autoescola-muriae-e-reinaugurada-no-centro\\\/#webpage\",\"url\":\"https:\\\/\\\/anoticiaonline.com.br\\\/site\\\/autoescola-muriae-e-reinaugurada-no-centro\\\/\",\"name\":\"Autoescola Muria\\u00e9 \\u00e9 reinaugurada no Centro - A Not\\u00edcia Online\",\"description\":\"Foi reinaugurado, na manh\\u00e3 de ter\\u00e7a-feira (7), o novo espa\\u00e7o da Autoescola Muria\\u00e9. Com local amplo e agrad\\u00e1vel, a Autoescola Muria\\u00e9 tamb\\u00e9m oferece aos seus alunos uma nova frota de ve\\u00edculos para quem deseja conquistar sua t\\u00e3o sonhada carteira de habilita\\u00e7\\u00e3o seja qual for a categoria desejada. Com mais de 15 anos no mercado, a\",\"inLanguage\":\"pt-BR\",\"isPartOf\":{\"@id\":\"https:\\\/\\\/anoticiaonline.com.br\\\/site\\\/#website\"},\"breadcrumb\":{\"@id\":\"https:\\\/\\\/anoticiaonline.com.br\\\/site\\\/autoescola-muriae-e-reinaugurada-no-centro\\\/#breadcrumblist\"},\"author\":{\"@id\":\"https:\\\/\\\/anoticiaonline.com.br\\\/site\\\/author\\\/juliana\\\/#author\"},\"creator\":{\"@id\":\"https:\\\/\\\/anoticiaonline.com.br\\\/site\\\/author\\\/juliana\\\/#author\"},\"image\":{\"@type\":\"ImageObject\",\"url\":\"https:\\\/\\\/anoticiaonline.com.br\\\/site\\\/wp-content\\\/uploads\\\/2018\\\/08\\\/DSC_0335.jpg\",\"@id\":\"https:\\\/\\\/anoticiaonline.com.br\\\/site\\\/autoescola-muriae-e-reinaugurada-no-centro\\\/#mainImage\",\"width\":894,\"height\":596},\"primaryImageOfPage\":{\"@id\":\"https:\\\/\\\/anoticiaonline.com.br\\\/site\\\/autoescola-muriae-e-reinaugurada-no-centro\\\/#mainImage\"},\"datePublished\":\"2018-08-08T15:53:01-03:00\",\"dateModified\":\"2018-08-08T15:53:01-03:00\"},{\"@type\":\"WebSite\",\"@id\":\"https:\\\/\\\/anoticiaonline.com.br\\\/site\\\/#website\",\"url\":\"https:\\\/\\\/anoticiaonline.com.br\\\/site\\\/\",\"name\":\"A Not\\u00edcia Online\",\"description\":\"Noticias de Muria\\u00e9 e regi\\u00e3o\",\"inLanguage\":\"pt-BR\",\"publisher\":{\"@id\":\"https:\\\/\\\/anoticiaonline.com.br\\\/site\\\/#organization\"}}]}\n\t\t<\/script>\n\t\t<!-- All in One SEO -->\n\n","aioseo_head_json":{"title":"Autoescola Muria\u00e9 \u00e9 reinaugurada no Centro - A Not\u00edcia Online","description":"Foi reinaugurado, na manh\u00e3 de ter\u00e7a-feira (7), o novo espa\u00e7o da Autoescola Muria\u00e9. Com local amplo e agrad\u00e1vel, a Autoescola Muria\u00e9 tamb\u00e9m oferece aos seus alunos uma nova frota de ve\u00edculos para quem deseja conquistar sua t\u00e3o sonhada carteira de habilita\u00e7\u00e3o seja qual for a categoria desejada. Com mais de 15 anos no mercado, a","canonical_url":"https:\/\/anoticiaonline.com.br\/site\/autoescola-muriae-e-reinaugurada-no-centro\/","robots":"max-image-preview:large","keywords":"","webmasterTools":{"miscellaneous":""},"schema":{"@context":"https:\/\/schema.org","@graph":[{"@type":"BlogPosting","@id":"https:\/\/anoticiaonline.com.br\/site\/autoescola-muriae-e-reinaugurada-no-centro\/#blogposting","name":"Autoescola Muria\u00e9 \u00e9 reinaugurada no Centro - A Not\u00edcia Online","headline":"Autoescola Muria\u00e9 \u00e9 reinaugurada no Centro","author":{"@id":"https:\/\/anoticiaonline.com.br\/site\/author\/juliana\/#author"},"publisher":{"@id":"https:\/\/anoticiaonline.com.br\/site\/#organization"},"image":{"@type":"ImageObject","url":"https:\/\/anoticiaonline.com.br\/site\/wp-content\/uploads\/2018\/08\/DSC_0335.jpg","width":894,"height":596},"datePublished":"2018-08-08T15:53:01-03:00","dateModified":"2018-08-08T15:53:01-03:00","inLanguage":"pt-BR","mainEntityOfPage":{"@id":"https:\/\/anoticiaonline.com.br\/site\/autoescola-muriae-e-reinaugurada-no-centro\/#webpage"},"isPartOf":{"@id":"https:\/\/anoticiaonline.com.br\/site\/autoescola-muriae-e-reinaugurada-no-centro\/#webpage"},"articleSection":"Gerais, Ara\u00e7agy, Autoescola Muria\u00e9, autom\u00f3veis, Avenida Constantino Pinto, caminh\u00f5es, carreata, carteira de habilita\u00e7\u00e3o, motocicletas, reinaugura\u00e7\u00e3o, Sol &amp; Neve, ve\u00edculos de transporte coletivo"},{"@type":"BreadcrumbList","@id":"https:\/\/anoticiaonline.com.br\/site\/autoescola-muriae-e-reinaugurada-no-centro\/#breadcrumblist","itemListElement":[{"@type":"ListItem","@id":"https:\/\/anoticiaonline.com.br\/site#listItem","position":1,"name":"Home","item":"https:\/\/anoticiaonline.com.br\/site","nextItem":{"@type":"ListItem","@id":"https:\/\/anoticiaonline.com.br\/site\/categoria\/gerais\/#listItem","name":"Gerais"}},{"@type":"ListItem","@id":"https:\/\/anoticiaonline.com.br\/site\/categoria\/gerais\/#listItem","position":2,"name":"Gerais","item":"https:\/\/anoticiaonline.com.br\/site\/categoria\/gerais\/","nextItem":{"@type":"ListItem","@id":"https:\/\/anoticiaonline.com.br\/site\/autoescola-muriae-e-reinaugurada-no-centro\/#listItem","name":"Autoescola Muria\u00e9 \u00e9 reinaugurada no Centro"},"previousItem":{"@type":"ListItem","@id":"https:\/\/anoticiaonline.com.br\/site#listItem","name":"Home"}},{"@type":"ListItem","@id":"https:\/\/anoticiaonline.com.br\/site\/autoescola-muriae-e-reinaugurada-no-centro\/#listItem","position":3,"name":"Autoescola Muria\u00e9 \u00e9 reinaugurada no Centro","previousItem":{"@type":"ListItem","@id":"https:\/\/anoticiaonline.com.br\/site\/categoria\/gerais\/#listItem","name":"Gerais"}}]},{"@type":"Organization","@id":"https:\/\/anoticiaonline.com.br\/site\/#organization","name":"A Not\u00edcia Online","description":"Noticias de Muria\u00e9 e regi\u00e3o","url":"https:\/\/anoticiaonline.com.br\/site\/","logo":{"@type":"ImageObject","url":"https:\/\/scontent-gig4-1.xx.fbcdn.net\/v\/t39.30808-1\/270437624_4564083193639691_6907940295614233970_n.jpg?stp=dst-jpg_s200x200_tt6&_nc_cat=111&ccb=1-7&_nc_sid=f907e8&_nc_ohc=SM1wRlP3lJwQ7kNvwEPuBYA&_nc_oc=AdnqrjDN_BNjSSHWO-GbkIWH6fkGMLw4bqvL_NH6e2wMveX7G-rP2dAqsDSq1mJMOaY&_nc_zt=24&_nc_ht=scontent-gig4-1.xx&_nc_gid=AoBFJeGrT1hVaew_6rchkQ&oh=00_AfX7QmFGhQhG2jAllVgXCiM1ZrWgvtp80-Bfppyexh1QEg&oe=689E923C","@id":"https:\/\/anoticiaonline.com.br\/site\/autoescola-muriae-e-reinaugurada-no-centro\/#organizationLogo"},"image":{"@id":"https:\/\/anoticiaonline.com.br\/site\/autoescola-muriae-e-reinaugurada-no-centro\/#organizationLogo"}},{"@type":"Person","@id":"https:\/\/anoticiaonline.com.br\/site\/author\/juliana\/#author","url":"https:\/\/anoticiaonline.com.br\/site\/author\/juliana\/","name":"Juliana Laviola","image":{"@type":"ImageObject","@id":"https:\/\/anoticiaonline.com.br\/site\/autoescola-muriae-e-reinaugurada-no-centro\/#authorImage","url":"https:\/\/secure.gravatar.com\/avatar\/b8d45f5c699b100dfaf0e543582f38f38bf94cb7ae3a5e9abf8d891a34773335?s=96&d=mm&r=g","width":96,"height":96,"caption":"Juliana Laviola"}},{"@type":"WebPage","@id":"https:\/\/anoticiaonline.com.br\/site\/autoescola-muriae-e-reinaugurada-no-centro\/#webpage","url":"https:\/\/anoticiaonline.com.br\/site\/autoescola-muriae-e-reinaugurada-no-centro\/","name":"Autoescola Muria\u00e9 \u00e9 reinaugurada no Centro - A Not\u00edcia Online","description":"Foi reinaugurado, na manh\u00e3 de ter\u00e7a-feira (7), o novo espa\u00e7o da Autoescola Muria\u00e9. Com local amplo e agrad\u00e1vel, a Autoescola Muria\u00e9 tamb\u00e9m oferece aos seus alunos uma nova frota de ve\u00edculos para quem deseja conquistar sua t\u00e3o sonhada carteira de habilita\u00e7\u00e3o seja qual for a categoria desejada. Com mais de 15 anos no mercado, a","inLanguage":"pt-BR","isPartOf":{"@id":"https:\/\/anoticiaonline.com.br\/site\/#website"},"breadcrumb":{"@id":"https:\/\/anoticiaonline.com.br\/site\/autoescola-muriae-e-reinaugurada-no-centro\/#breadcrumblist"},"author":{"@id":"https:\/\/anoticiaonline.com.br\/site\/author\/juliana\/#author"},"creator":{"@id":"https:\/\/anoticiaonline.com.br\/site\/author\/juliana\/#author"},"image":{"@type":"ImageObject","url":"https:\/\/anoticiaonline.com.br\/site\/wp-content\/uploads\/2018\/08\/DSC_0335.jpg","@id":"https:\/\/anoticiaonline.com.br\/site\/autoescola-muriae-e-reinaugurada-no-centro\/#mainImage","width":894,"height":596},"primaryImageOfPage":{"@id":"https:\/\/anoticiaonline.com.br\/site\/autoescola-muriae-e-reinaugurada-no-centro\/#mainImage"},"datePublished":"2018-08-08T15:53:01-03:00","dateModified":"2018-08-08T15:53:01-03:00"},{"@type":"WebSite","@id":"https:\/\/anoticiaonline.com.br\/site\/#website","url":"https:\/\/anoticiaonline.com.br\/site\/","name":"A Not\u00edcia Online","description":"Noticias de Muria\u00e9 e regi\u00e3o","inLanguage":"pt-BR","publisher":{"@id":"https:\/\/anoticiaonline.com.br\/site\/#organization"}}]},"og:locale":"pt_BR","og:site_name":"A Not\u00edcia Online - Noticias de Muria\u00e9 e regi\u00e3o","og:type":"article","og:title":"Autoescola Muria\u00e9 \u00e9 reinaugurada no Centro - A Not\u00edcia Online","og:description":"Foi reinaugurado, na manh\u00e3 de ter\u00e7a-feira (7), o novo espa\u00e7o da Autoescola Muria\u00e9. Com local amplo e agrad\u00e1vel, a Autoescola Muria\u00e9 tamb\u00e9m oferece aos seus alunos uma nova frota de ve\u00edculos para quem deseja conquistar sua t\u00e3o sonhada carteira de habilita\u00e7\u00e3o seja qual for a categoria desejada. Com mais de 15 anos no mercado, a","og:url":"https:\/\/anoticiaonline.com.br\/site\/autoescola-muriae-e-reinaugurada-no-centro\/","og:image":"https:\/\/scontent-gig4-1.xx.fbcdn.net\/v\/t39.30808-1\/270437624_4564083193639691_6907940295614233970_n.jpg?stp=dst-jpg_s200x200_tt6&#038;_nc_cat=111&#038;ccb=1-7&#038;_nc_sid=f907e8&#038;_nc_ohc=SM1wRlP3lJwQ7kNvwEPuBYA&#038;_nc_oc=AdnqrjDN_BNjSSHWO-GbkIWH6fkGMLw4bqvL_NH6e2wMveX7G-rP2dAqsDSq1mJMOaY&#038;_nc_zt=24&#038;_nc_ht=scontent-gig4-1.xx&#038;_nc_gid=AoBFJeGrT1hVaew_6rchkQ&#038;oh=00_AfX7QmFGhQhG2jAllVgXCiM1ZrWgvtp80-Bfppyexh1QEg&#038;oe=689E923C","og:image:secure_url":"https:\/\/scontent-gig4-1.xx.fbcdn.net\/v\/t39.30808-1\/270437624_4564083193639691_6907940295614233970_n.jpg?stp=dst-jpg_s200x200_tt6&#038;_nc_cat=111&#038;ccb=1-7&#038;_nc_sid=f907e8&#038;_nc_ohc=SM1wRlP3lJwQ7kNvwEPuBYA&#038;_nc_oc=AdnqrjDN_BNjSSHWO-GbkIWH6fkGMLw4bqvL_NH6e2wMveX7G-rP2dAqsDSq1mJMOaY&#038;_nc_zt=24&#038;_nc_ht=scontent-gig4-1.xx&#038;_nc_gid=AoBFJeGrT1hVaew_6rchkQ&#038;oh=00_AfX7QmFGhQhG2jAllVgXCiM1ZrWgvtp80-Bfppyexh1QEg&#038;oe=689E923C","article:published_time":"2018-08-08T18:53:01+00:00","article:modified_time":"2018-08-08T18:53:01+00:00","twitter:card":"summary_large_image","twitter:title":"Autoescola Muria\u00e9 \u00e9 reinaugurada no Centro - A Not\u00edcia Online","twitter:description":"Foi reinaugurado, na manh\u00e3 de ter\u00e7a-feira (7), o novo espa\u00e7o da Autoescola Muria\u00e9. Com local amplo e agrad\u00e1vel, a Autoescola Muria\u00e9 tamb\u00e9m oferece aos seus alunos uma nova frota de ve\u00edculos para quem deseja conquistar sua t\u00e3o sonhada carteira de habilita\u00e7\u00e3o seja qual for a categoria desejada. Com mais de 15 anos no mercado, a","twitter:image":"https:\/\/scontent-gig4-1.xx.fbcdn.net\/v\/t39.30808-1\/270437624_4564083193639691_6907940295614233970_n.jpg?stp=dst-jpg_s200x200_tt6&_nc_cat=111&ccb=1-7&_nc_sid=f907e8&_nc_ohc=SM1wRlP3lJwQ7kNvwEPuBYA&_nc_oc=AdnqrjDN_BNjSSHWO-GbkIWH6fkGMLw4bqvL_NH6e2wMveX7G-rP2dAqsDSq1mJMOaY&_nc_zt=24&_nc_ht=scontent-gig4-1.xx&_nc_gid=AoBFJeGrT1hVaew_6rchkQ&oh=00_AfX7QmFGhQhG2jAllVgXCiM1ZrWgvtp80-Bfppyexh1QEg&oe=689E923C"},"aioseo_meta_data":{"post_id":"59460","title":null,"description":null,"keywords":null,"keyphrases":null,"primary_term":null,"canonical_url":null,"og_title":null,"og_description":null,"og_object_type":"default","og_image_type":"default","og_image_url":null,"og_image_width":null,"og_image_height":null,"og_image_custom_url":null,"og_image_custom_fields":null,"og_video":null,"og_custom_url":null,"og_article_section":null,"og_article_tags":null,"twitter_use_og":false,"twitter_card":"default","twitter_image_type":"default","twitter_image_url":null,"twitter_image_custom_url":null,"twitter_image_custom_fields":null,"twitter_title":null,"twitter_description":null,"schema":{"blockGraphs":[],"customGraphs":[],"default":{"data":{"Article":[],"Course":[],"Dataset":[],"FAQPage":[],"Movie":[],"Person":[],"Product":[],"ProductReview":[],"Car":[],"Recipe":[],"Service":[],"SoftwareApplication":[],"WebPage":[]},"graphName":"","isEnabled":true},"graphs":[]},"schema_type":"default","schema_type_options":null,"pillar_content":false,"robots_default":true,"robots_noindex":false,"robots_noarchive":false,"robots_nosnippet":false,"robots_nofollow":false,"robots_noimageindex":false,"robots_noodp":false,"robots_notranslate":false,"robots_max_snippet":null,"robots_max_videopreview":null,"robots_max_imagepreview":"large","priority":null,"frequency":null,"local_seo":null,"breadcrumb_settings":null,"limit_modified_date":false,"ai":null,"created":"2025-08-16 21:22:48","updated":"2025-08-16 21:22:48","focus_keyword":null,"additional_keywords":null,"truseo_locale":null,"seo_analyzer_scan_date":null},"aioseo_breadcrumb":"<div class=\"aioseo-breadcrumbs\"><span class=\"aioseo-breadcrumb\">\n\t\t\t<a href=\"https:\/\/anoticiaonline.com.br\/site\" title=\"Home\">Home<\/a>\n\t\t<\/span><span class=\"aioseo-breadcrumb-separator\">&raquo;<\/span><span class=\"aioseo-breadcrumb\">\n\t\t\t<a href=\"https:\/\/anoticiaonline.com.br\/site\/categoria\/gerais\/\" title=\"Gerais\">Gerais<\/a>\n\t\t<\/span><span class=\"aioseo-breadcrumb-separator\">&raquo;<\/span><span class=\"aioseo-breadcrumb\">\n\t\t\tAutoescola Muria\u00e9 \u00e9 reinaugurada no Centro\n\t\t<\/span><\/div>","aioseo_breadcrumb_json":[{"label":"Home","link":"https:\/\/anoticiaonline.com.br\/site"},{"label":"Gerais","link":"https:\/\/anoticiaonline.com.br\/site\/categoria\/gerais\/"},{"label":"Autoescola Muria\u00e9 \u00e9 reinaugurada no Centro","link":"https:\/\/anoticiaonline.com.br\/site\/autoescola-muriae-e-reinaugurada-no-centro\/"}],"views":185,"_links":{"self":[{"href":"https:\/\/anoticiaonline.com.br\/site\/wp-json\/wp\/v2\/posts\/59460","targetHints":{"allow":["GET"]}}],"collection":[{"href":"https:\/\/anoticiaonline.com.br\/site\/wp-json\/wp\/v2\/posts"}],"about":[{"href":"https:\/\/anoticiaonline.com.br\/site\/wp-json\/wp\/v2\/types\/post"}],"author":[{"embeddable":true,"href":"https:\/\/anoticiaonline.com.br\/site\/wp-json\/wp\/v2\/users\/2"}],"replies":[{"embeddable":true,"href":"https:\/\/anoticiaonline.com.br\/site\/wp-json\/wp\/v2\/comments?post=59460"}],"version-history":[{"count":0,"href":"https:\/\/anoticiaonline.com.br\/site\/wp-json\/wp\/v2\/posts\/59460\/revisions"}],"wp:featuredmedia":[{"embeddable":true,"href":"https:\/\/anoticiaonline.com.br\/site\/wp-json\/wp\/v2\/media\/59465"}],"wp:attachment":[{"href":"https:\/\/anoticiaonline.com.br\/site\/wp-json\/wp\/v2\/media?parent=59460"}],"wp:term":[{"taxonomy":"category","embeddable":true,"href":"https:\/\/anoticiaonline.com.br\/site\/wp-json\/wp\/v2\/categories?post=59460"},{"taxonomy":"post_tag","embeddable":true,"href":"https:\/\/anoticiaonline.com.br\/site\/wp-json\/wp\/v2\/tags?post=59460"}],"curies":[{"name":"wp","href":"https:\/\/api.w.org\/{rel}","templated":true}]}}