{"id":59282,"date":"2018-08-08T14:55:45","date_gmt":"2018-08-08T17:55:45","guid":{"rendered":"http:\/\/anoticiaonline.com.br\/site\/?p=59282"},"modified":"2018-08-08T18:14:01","modified_gmt":"2018-08-08T21:14:01","slug":"xiii-forro-dourada-atrai-milhares-de-pessoas","status":"publish","type":"post","link":"https:\/\/anoticiaonline.com.br\/site\/xiii-forro-dourada-atrai-milhares-de-pessoas\/","title":{"rendered":"XIII Forr\u00f3 Dourada atrai milhares de pessoas"},"content":{"rendered":"<p><a href=\"https:\/\/anoticiaonline.com.br\/site\/wp-content\/uploads\/2018\/08\/83600906-147d-4d1f-9e39-341e523fb1d1.jpg\"><img fetchpriority=\"high\" decoding=\"async\" class=\"aligncenter size-full wp-image-59283\" src=\"https:\/\/anoticiaonline.com.br\/site\/wp-content\/uploads\/2018\/08\/83600906-147d-4d1f-9e39-341e523fb1d1.jpg\" alt=\"\" width=\"900\" height=\"596\" srcset=\"https:\/\/anoticiaonline.com.br\/site\/wp-content\/uploads\/2018\/08\/83600906-147d-4d1f-9e39-341e523fb1d1.jpg 900w, https:\/\/anoticiaonline.com.br\/site\/wp-content\/uploads\/2018\/08\/83600906-147d-4d1f-9e39-341e523fb1d1-300x199.jpg 300w, https:\/\/anoticiaonline.com.br\/site\/wp-content\/uploads\/2018\/08\/83600906-147d-4d1f-9e39-341e523fb1d1-768x509.jpg 768w\" sizes=\"(max-width: 900px) 100vw, 900px\" \/><\/a> <a href=\"https:\/\/anoticiaonline.com.br\/site\/wp-content\/uploads\/2018\/08\/20180805232650.png\"><img decoding=\"async\" class=\"aligncenter size-full wp-image-59284\" src=\"https:\/\/anoticiaonline.com.br\/site\/wp-content\/uploads\/2018\/08\/20180805232650.png\" alt=\"\" width=\"600\" height=\"450\" srcset=\"https:\/\/anoticiaonline.com.br\/site\/wp-content\/uploads\/2018\/08\/20180805232650.png 600w, https:\/\/anoticiaonline.com.br\/site\/wp-content\/uploads\/2018\/08\/20180805232650-300x225.png 300w\" sizes=\"(max-width: 600px) 100vw, 600px\" \/><\/a> <a href=\"https:\/\/anoticiaonline.com.br\/site\/wp-content\/uploads\/2018\/08\/aaab389e-17f7-4e82-a841-bfdd393b2368.jpg\"><img decoding=\"async\" class=\"aligncenter size-full wp-image-59285\" src=\"https:\/\/anoticiaonline.com.br\/site\/wp-content\/uploads\/2018\/08\/aaab389e-17f7-4e82-a841-bfdd393b2368.jpg\" alt=\"\" width=\"770\" height=\"510\" srcset=\"https:\/\/anoticiaonline.com.br\/site\/wp-content\/uploads\/2018\/08\/aaab389e-17f7-4e82-a841-bfdd393b2368.jpg 770w, https:\/\/anoticiaonline.com.br\/site\/wp-content\/uploads\/2018\/08\/aaab389e-17f7-4e82-a841-bfdd393b2368-300x199.jpg 300w, https:\/\/anoticiaonline.com.br\/site\/wp-content\/uploads\/2018\/08\/aaab389e-17f7-4e82-a841-bfdd393b2368-768x509.jpg 768w\" sizes=\"(max-width: 770px) 100vw, 770px\" \/><\/a> <a href=\"https:\/\/anoticiaonline.com.br\/site\/wp-content\/uploads\/2018\/08\/DSC_0770.jpg\"><img loading=\"lazy\" decoding=\"async\" class=\"aligncenter size-full wp-image-59286\" src=\"https:\/\/anoticiaonline.com.br\/site\/wp-content\/uploads\/2018\/08\/DSC_0770.jpg\" alt=\"\" width=\"893\" height=\"596\" srcset=\"https:\/\/anoticiaonline.com.br\/site\/wp-content\/uploads\/2018\/08\/DSC_0770.jpg 893w, https:\/\/anoticiaonline.com.br\/site\/wp-content\/uploads\/2018\/08\/DSC_0770-300x200.jpg 300w, https:\/\/anoticiaonline.com.br\/site\/wp-content\/uploads\/2018\/08\/DSC_0770-768x513.jpg 768w\" sizes=\"(max-width: 893px) 100vw, 893px\" \/><\/a> <a href=\"https:\/\/anoticiaonline.com.br\/site\/wp-content\/uploads\/2018\/08\/DSC_0789.jpg\"><img loading=\"lazy\" decoding=\"async\" class=\"aligncenter size-full wp-image-59287\" src=\"https:\/\/anoticiaonline.com.br\/site\/wp-content\/uploads\/2018\/08\/DSC_0789.jpg\" alt=\"\" width=\"812\" height=\"542\" srcset=\"https:\/\/anoticiaonline.com.br\/site\/wp-content\/uploads\/2018\/08\/DSC_0789.jpg 812w, https:\/\/anoticiaonline.com.br\/site\/wp-content\/uploads\/2018\/08\/DSC_0789-300x200.jpg 300w, https:\/\/anoticiaonline.com.br\/site\/wp-content\/uploads\/2018\/08\/DSC_0789-768x513.jpg 768w\" sizes=\"(max-width: 812px) 100vw, 812px\" \/><\/a><\/p>\n<p>As atra\u00e7\u00f5es do XIII Forr\u00f3 Dourada atra\u00edram milhares de pessoas entre os dias 2 e 5 de agosto, na cidade vizinha de Pedra Dourada, localizada a 60 km de Muria\u00e9.<\/p>\n<p>Os shows de destaque ficaram por conta do cantor Eduardo Costa, da dupla C\u00e9sar Menotti &amp; Fabiano e do Grupo Revela\u00e7\u00e3o. A programa\u00e7\u00e3o variada tamb\u00e9m contou com apresenta\u00e7\u00f5es de Odair de Paula, Cristiano Banni &amp; Daniel, Banda Zem e Donato &amp; Eduardo, entre outros.<\/p>\n<p>Realizada pela Prefeitura Municipal, a festa tamb\u00e9m foi movimentada pelo Concurso Leiteiro, que aconteceu nos pavilh\u00f5es do Parque de Exposi\u00e7\u00f5es, e pelo campeonato de motocross.<\/p>\n<p>Na abertura do evento, Silvanir Simpl\u00edcio, prefeito reeleito de Pedra Dourada, recentemente premiado pelo Sebrae como \u201cPrefeito Empreendedor\u201d, disse que o destaque da boa administra\u00e7\u00e3o deve-se ao trabalho de seu secretariado e aproveitou o momento para agradecer a presen\u00e7a dos prefeitos visitantes. \u201cMontamos uma equipe muito competente e com isso, conseguimos o terceiro lugar na premia\u00e7\u00e3o do Sebrae, mesmo com toda a crise que o pa\u00eds vem enfrentando nestes \u00faltimos anos. No ano passado, n\u00e3o foi poss\u00edvel realizar o Forr\u00f3 Dourada, mas, este ano, conseguimos trazer shows de destaque gra\u00e7as \u00e0 boa administra\u00e7\u00e3o dos recursos e por isso, nosso p\u00fablico teve a chance de conhecer seus artistas favoritos sem sair da cidade. Primeiro tivemos que nos preocupar com as necessidades b\u00e1sicas, como sa\u00fade, educa\u00e7\u00e3o e realizar pagamentos em dia ao servidor municipal\u201d, conta.<\/p>\n<p>Segundo Silvanir, o Forr\u00f3 Dourada tamb\u00e9m \u00e9 uma oportunidade para expor os trabalhos que v\u00eam sendo realizados na zona rural do munic\u00edpio. \u201c\u00c9 uma chance que temos de valorizar a agricultura familiar. No munic\u00edpio conseguimos tamb\u00e9m realizar, de forma gratuita, a insemina\u00e7\u00e3o do gado criado na regi\u00e3o. Al\u00e9m disso, investimos mais de um milh\u00e3o de reais na produ\u00e7\u00e3o de caf\u00e9, com doa\u00e7\u00e3o de insumos e mudas, fortalecendo nossa economia e valorizando o trabalho do homem e da mulher do campo\u201d, completa.<\/p>\n<p>Em entrevista, a secret\u00e1ria municipal de Cultura, Esporte, Lazer e Turismo, K\u00e1tia Carrara de Miranda, aproveitou para agradecer todos que se envolveram na organiza\u00e7\u00e3o do evento. \u201cAgrade\u00e7o a todos que direta ou indiretamente se dedicaram na realiza\u00e7\u00e3o do XIII Forr\u00f3 Dourada. Parab\u00e9ns pelo excelente trabalho, pelo esp\u00edrito de uni\u00e3o e esfor\u00e7o que aplicaram para o sucesso da festa. Aproveito para parabenizar o prefeito Silvanir pela ousadia na organiza\u00e7\u00e3o e excelente controle financeiro para deste grande evento, mesmo em tempos de crise\u201d, conta.<\/p>\n<p>&nbsp;<\/p>\n<p>&nbsp;<\/p>\n<p>&nbsp;<\/p>\n<p><a href=\"https:\/\/anoticiaonline.com.br\/site\/wp-content\/uploads\/2018\/08\/DSC_0896.jpg\"><img loading=\"lazy\" decoding=\"async\" class=\"aligncenter size-full wp-image-59288\" src=\"https:\/\/anoticiaonline.com.br\/site\/wp-content\/uploads\/2018\/08\/DSC_0896.jpg\" alt=\"\" width=\"893\" height=\"596\" srcset=\"https:\/\/anoticiaonline.com.br\/site\/wp-content\/uploads\/2018\/08\/DSC_0896.jpg 893w, https:\/\/anoticiaonline.com.br\/site\/wp-content\/uploads\/2018\/08\/DSC_0896-300x200.jpg 300w, https:\/\/anoticiaonline.com.br\/site\/wp-content\/uploads\/2018\/08\/DSC_0896-768x513.jpg 768w\" sizes=\"(max-width: 893px) 100vw, 893px\" \/><\/a> <a href=\"https:\/\/anoticiaonline.com.br\/site\/wp-content\/uploads\/2018\/08\/ee744ca3-a4a1-4a17-9b4f-207bbfc97636.jpg\"><img loading=\"lazy\" decoding=\"async\" class=\"aligncenter size-full wp-image-59289\" src=\"https:\/\/anoticiaonline.com.br\/site\/wp-content\/uploads\/2018\/08\/ee744ca3-a4a1-4a17-9b4f-207bbfc97636.jpg\" alt=\"\" width=\"900\" height=\"510\" srcset=\"https:\/\/anoticiaonline.com.br\/site\/wp-content\/uploads\/2018\/08\/ee744ca3-a4a1-4a17-9b4f-207bbfc97636.jpg 900w, https:\/\/anoticiaonline.com.br\/site\/wp-content\/uploads\/2018\/08\/ee744ca3-a4a1-4a17-9b4f-207bbfc97636-300x170.jpg 300w, https:\/\/anoticiaonline.com.br\/site\/wp-content\/uploads\/2018\/08\/ee744ca3-a4a1-4a17-9b4f-207bbfc97636-768x435.jpg 768w\" sizes=\"(max-width: 900px) 100vw, 900px\" \/><\/a><\/p>\n<p>&nbsp;<\/p>\n<p><img decoding=\"async\" class=\"ngg_displayed_gallery mceItem\" src=\"https:\/\/anoticiaonline.com.br\/site\/nextgen-attach_to_post\/preview\/id--59457\" \/><\/p>\n","protected":false},"excerpt":{"rendered":"<p>As atra\u00e7\u00f5es do XIII Forr\u00f3 Dourada atra\u00edram milhares de pessoas entre os dias 2 e 5 de agosto, na cidade vizinha de Pedra Dourada, localizada a 60 km de Muria\u00e9. Os shows de destaque ficaram por conta do cantor Eduardo Costa, da dupla C\u00e9sar Menotti &amp; Fabiano e do Grupo Revela\u00e7\u00e3o. A programa\u00e7\u00e3o variada tamb\u00e9m &#8230; <a title=\"XIII Forr\u00f3 Dourada atrai milhares de pessoas\" class=\"read-more\" href=\"https:\/\/anoticiaonline.com.br\/site\/xiii-forro-dourada-atrai-milhares-de-pessoas\/\" aria-label=\"Read more about XIII Forr\u00f3 Dourada atrai milhares de pessoas\">Ler mais<\/a><\/p>\n","protected":false},"author":2,"featured_media":59286,"comment_status":"open","ping_status":"open","sticky":false,"template":"","format":"standard","meta":{"_acf_changed":false,"_monsterinsights_skip_tracking":false,"footnotes":""},"categories":[1],"tags":[1401,2906,797,940,1431,2904,2907,2905,1311],"class_list":["post-59282","post","type-post","status-publish","format-standard","has-post-thumbnail","hentry","category-gerais","tag-banda-zem","tag-cesar-menotti-fabiano","tag-cristiano-banni-daniel","tag-donato-eduardo","tag-eduardo-costa","tag-forro-dourada","tag-grupo-revelacao","tag-odair-de-paula","tag-pedra-dourada"],"acf":[],"aioseo_notices":[],"aioseo_head":"\n\t\t<!-- All in One SEO 5.0.0.1 - aioseo.com -->\n\t<meta name=\"description\" content=\"As atra\u00e7\u00f5es do XIII Forr\u00f3 Dourada atra\u00edram milhares de pessoas entre os dias 2 e 5 de agosto, na cidade vizinha de Pedra Dourada, localizada a 60 km de Muria\u00e9. Os shows de destaque ficaram por conta do cantor Eduardo Costa, da dupla C\u00e9sar Menotti &amp; Fabiano e do Grupo Revela\u00e7\u00e3o. A programa\u00e7\u00e3o variada tamb\u00e9m\" \/>\n\t<meta name=\"robots\" content=\"max-image-preview:large\" \/>\n\t<meta name=\"author\" content=\"Juliana Laviola\"\/>\n\t<link rel=\"canonical\" href=\"https:\/\/anoticiaonline.com.br\/site\/xiii-forro-dourada-atrai-milhares-de-pessoas\/\" \/>\n\t<meta name=\"generator\" content=\"All in One SEO (AIOSEO) 5.0.0.1\" \/>\n\t\t<meta property=\"og:locale\" content=\"pt_BR\" \/>\n\t\t<meta property=\"og:site_name\" content=\"A Not\u00edcia Online - Noticias de Muria\u00e9 e regi\u00e3o\" \/>\n\t\t<meta property=\"og:type\" content=\"article\" \/>\n\t\t<meta property=\"og:title\" content=\"XIII Forr\u00f3 Dourada atrai milhares de pessoas - A Not\u00edcia Online\" \/>\n\t\t<meta property=\"og:description\" content=\"As atra\u00e7\u00f5es do XIII Forr\u00f3 Dourada atra\u00edram milhares de pessoas entre os dias 2 e 5 de agosto, na cidade vizinha de Pedra Dourada, localizada a 60 km de Muria\u00e9. Os shows de destaque ficaram por conta do cantor Eduardo Costa, da dupla C\u00e9sar Menotti &amp; Fabiano e do Grupo Revela\u00e7\u00e3o. A programa\u00e7\u00e3o variada tamb\u00e9m\" \/>\n\t\t<meta property=\"og:url\" content=\"https:\/\/anoticiaonline.com.br\/site\/xiii-forro-dourada-atrai-milhares-de-pessoas\/\" \/>\n\t\t<meta property=\"og:image\" content=\"https:\/\/scontent-gig4-1.xx.fbcdn.net\/v\/t39.30808-1\/270437624_4564083193639691_6907940295614233970_n.jpg?stp=dst-jpg_s200x200_tt6&#038;_nc_cat=111&#038;ccb=1-7&#038;_nc_sid=f907e8&#038;_nc_ohc=SM1wRlP3lJwQ7kNvwEPuBYA&#038;_nc_oc=AdnqrjDN_BNjSSHWO-GbkIWH6fkGMLw4bqvL_NH6e2wMveX7G-rP2dAqsDSq1mJMOaY&#038;_nc_zt=24&#038;_nc_ht=scontent-gig4-1.xx&#038;_nc_gid=AoBFJeGrT1hVaew_6rchkQ&#038;oh=00_AfX7QmFGhQhG2jAllVgXCiM1ZrWgvtp80-Bfppyexh1QEg&#038;oe=689E923C\" \/>\n\t\t<meta property=\"og:image:secure_url\" content=\"https:\/\/scontent-gig4-1.xx.fbcdn.net\/v\/t39.30808-1\/270437624_4564083193639691_6907940295614233970_n.jpg?stp=dst-jpg_s200x200_tt6&#038;_nc_cat=111&#038;ccb=1-7&#038;_nc_sid=f907e8&#038;_nc_ohc=SM1wRlP3lJwQ7kNvwEPuBYA&#038;_nc_oc=AdnqrjDN_BNjSSHWO-GbkIWH6fkGMLw4bqvL_NH6e2wMveX7G-rP2dAqsDSq1mJMOaY&#038;_nc_zt=24&#038;_nc_ht=scontent-gig4-1.xx&#038;_nc_gid=AoBFJeGrT1hVaew_6rchkQ&#038;oh=00_AfX7QmFGhQhG2jAllVgXCiM1ZrWgvtp80-Bfppyexh1QEg&#038;oe=689E923C\" \/>\n\t\t<meta property=\"article:published_time\" content=\"2018-08-08T17:55:45+00:00\" \/>\n\t\t<meta property=\"article:modified_time\" content=\"2018-08-08T21:14:01+00:00\" \/>\n\t\t<meta name=\"twitter:card\" content=\"summary_large_image\" \/>\n\t\t<meta name=\"twitter:title\" content=\"XIII Forr\u00f3 Dourada atrai milhares de pessoas - A Not\u00edcia Online\" \/>\n\t\t<meta name=\"twitter:description\" content=\"As atra\u00e7\u00f5es do XIII Forr\u00f3 Dourada atra\u00edram milhares de pessoas entre os dias 2 e 5 de agosto, na cidade vizinha de Pedra Dourada, localizada a 60 km de Muria\u00e9. Os shows de destaque ficaram por conta do cantor Eduardo Costa, da dupla C\u00e9sar Menotti &amp; Fabiano e do Grupo Revela\u00e7\u00e3o. A programa\u00e7\u00e3o variada tamb\u00e9m\" \/>\n\t\t<meta name=\"twitter:image\" content=\"https:\/\/scontent-gig4-1.xx.fbcdn.net\/v\/t39.30808-1\/270437624_4564083193639691_6907940295614233970_n.jpg?stp=dst-jpg_s200x200_tt6&amp;_nc_cat=111&amp;ccb=1-7&amp;_nc_sid=f907e8&amp;_nc_ohc=SM1wRlP3lJwQ7kNvwEPuBYA&amp;_nc_oc=AdnqrjDN_BNjSSHWO-GbkIWH6fkGMLw4bqvL_NH6e2wMveX7G-rP2dAqsDSq1mJMOaY&amp;_nc_zt=24&amp;_nc_ht=scontent-gig4-1.xx&amp;_nc_gid=AoBFJeGrT1hVaew_6rchkQ&amp;oh=00_AfX7QmFGhQhG2jAllVgXCiM1ZrWgvtp80-Bfppyexh1QEg&amp;oe=689E923C\" \/>\n\t\t<script type=\"application\/ld+json\" class=\"aioseo-schema\">\n\t\t\t{\"@context\":\"https:\\\/\\\/schema.org\",\"@graph\":[{\"@type\":\"BlogPosting\",\"@id\":\"https:\\\/\\\/anoticiaonline.com.br\\\/site\\\/xiii-forro-dourada-atrai-milhares-de-pessoas\\\/#blogposting\",\"name\":\"XIII Forr\\u00f3 Dourada atrai milhares de pessoas - A Not\\u00edcia Online\",\"headline\":\"XIII Forr\\u00f3 Dourada atrai milhares de pessoas\",\"author\":{\"@id\":\"https:\\\/\\\/anoticiaonline.com.br\\\/site\\\/author\\\/juliana\\\/#author\"},\"publisher\":{\"@id\":\"https:\\\/\\\/anoticiaonline.com.br\\\/site\\\/#organization\"},\"image\":{\"@type\":\"ImageObject\",\"url\":\"https:\\\/\\\/anoticiaonline.com.br\\\/site\\\/wp-content\\\/uploads\\\/2018\\\/08\\\/DSC_0770.jpg\",\"width\":893,\"height\":596},\"datePublished\":\"2018-08-08T14:55:45-03:00\",\"dateModified\":\"2018-08-08T18:14:01-03:00\",\"inLanguage\":\"pt-BR\",\"mainEntityOfPage\":{\"@id\":\"https:\\\/\\\/anoticiaonline.com.br\\\/site\\\/xiii-forro-dourada-atrai-milhares-de-pessoas\\\/#webpage\"},\"isPartOf\":{\"@id\":\"https:\\\/\\\/anoticiaonline.com.br\\\/site\\\/xiii-forro-dourada-atrai-milhares-de-pessoas\\\/#webpage\"},\"articleSection\":\"Gerais, Banda Zem, C\\u00e9sar Menotti &amp; Fabiano, Cristiano Banni &amp; Daniel, Donato &amp; Eduardo, Eduardo Costa, Forr\\u00f3 Dourada, Grupo Revela\\u00e7\\u00e3o, Odair de Paula, Pedra Dourada\"},{\"@type\":\"BreadcrumbList\",\"@id\":\"https:\\\/\\\/anoticiaonline.com.br\\\/site\\\/xiii-forro-dourada-atrai-milhares-de-pessoas\\\/#breadcrumblist\",\"itemListElement\":[{\"@type\":\"ListItem\",\"@id\":\"https:\\\/\\\/anoticiaonline.com.br\\\/site#listItem\",\"position\":1,\"name\":\"Home\",\"item\":\"https:\\\/\\\/anoticiaonline.com.br\\\/site\",\"nextItem\":{\"@type\":\"ListItem\",\"@id\":\"https:\\\/\\\/anoticiaonline.com.br\\\/site\\\/categoria\\\/gerais\\\/#listItem\",\"name\":\"Gerais\"}},{\"@type\":\"ListItem\",\"@id\":\"https:\\\/\\\/anoticiaonline.com.br\\\/site\\\/categoria\\\/gerais\\\/#listItem\",\"position\":2,\"name\":\"Gerais\",\"item\":\"https:\\\/\\\/anoticiaonline.com.br\\\/site\\\/categoria\\\/gerais\\\/\",\"nextItem\":{\"@type\":\"ListItem\",\"@id\":\"https:\\\/\\\/anoticiaonline.com.br\\\/site\\\/xiii-forro-dourada-atrai-milhares-de-pessoas\\\/#listItem\",\"name\":\"XIII Forr\\u00f3 Dourada atrai milhares de pessoas\"},\"previousItem\":{\"@type\":\"ListItem\",\"@id\":\"https:\\\/\\\/anoticiaonline.com.br\\\/site#listItem\",\"name\":\"Home\"}},{\"@type\":\"ListItem\",\"@id\":\"https:\\\/\\\/anoticiaonline.com.br\\\/site\\\/xiii-forro-dourada-atrai-milhares-de-pessoas\\\/#listItem\",\"position\":3,\"name\":\"XIII Forr\\u00f3 Dourada atrai milhares de pessoas\",\"previousItem\":{\"@type\":\"ListItem\",\"@id\":\"https:\\\/\\\/anoticiaonline.com.br\\\/site\\\/categoria\\\/gerais\\\/#listItem\",\"name\":\"Gerais\"}}]},{\"@type\":\"Organization\",\"@id\":\"https:\\\/\\\/anoticiaonline.com.br\\\/site\\\/#organization\",\"name\":\"A Not\\u00edcia Online\",\"description\":\"Noticias de Muria\\u00e9 e regi\\u00e3o\",\"url\":\"https:\\\/\\\/anoticiaonline.com.br\\\/site\\\/\",\"logo\":{\"@type\":\"ImageObject\",\"url\":\"https:\\\/\\\/scontent-gig4-1.xx.fbcdn.net\\\/v\\\/t39.30808-1\\\/270437624_4564083193639691_6907940295614233970_n.jpg?stp=dst-jpg_s200x200_tt6&_nc_cat=111&ccb=1-7&_nc_sid=f907e8&_nc_ohc=SM1wRlP3lJwQ7kNvwEPuBYA&_nc_oc=AdnqrjDN_BNjSSHWO-GbkIWH6fkGMLw4bqvL_NH6e2wMveX7G-rP2dAqsDSq1mJMOaY&_nc_zt=24&_nc_ht=scontent-gig4-1.xx&_nc_gid=AoBFJeGrT1hVaew_6rchkQ&oh=00_AfX7QmFGhQhG2jAllVgXCiM1ZrWgvtp80-Bfppyexh1QEg&oe=689E923C\",\"@id\":\"https:\\\/\\\/anoticiaonline.com.br\\\/site\\\/xiii-forro-dourada-atrai-milhares-de-pessoas\\\/#organizationLogo\"},\"image\":{\"@id\":\"https:\\\/\\\/anoticiaonline.com.br\\\/site\\\/xiii-forro-dourada-atrai-milhares-de-pessoas\\\/#organizationLogo\"}},{\"@type\":\"Person\",\"@id\":\"https:\\\/\\\/anoticiaonline.com.br\\\/site\\\/author\\\/juliana\\\/#author\",\"url\":\"https:\\\/\\\/anoticiaonline.com.br\\\/site\\\/author\\\/juliana\\\/\",\"name\":\"Juliana Laviola\",\"image\":{\"@type\":\"ImageObject\",\"@id\":\"https:\\\/\\\/anoticiaonline.com.br\\\/site\\\/xiii-forro-dourada-atrai-milhares-de-pessoas\\\/#authorImage\",\"url\":\"https:\\\/\\\/secure.gravatar.com\\\/avatar\\\/b8d45f5c699b100dfaf0e543582f38f38bf94cb7ae3a5e9abf8d891a34773335?s=96&d=mm&r=g\",\"width\":96,\"height\":96,\"caption\":\"Juliana Laviola\"}},{\"@type\":\"WebPage\",\"@id\":\"https:\\\/\\\/anoticiaonline.com.br\\\/site\\\/xiii-forro-dourada-atrai-milhares-de-pessoas\\\/#webpage\",\"url\":\"https:\\\/\\\/anoticiaonline.com.br\\\/site\\\/xiii-forro-dourada-atrai-milhares-de-pessoas\\\/\",\"name\":\"XIII Forr\\u00f3 Dourada atrai milhares de pessoas - A Not\\u00edcia Online\",\"description\":\"As atra\\u00e7\\u00f5es do XIII Forr\\u00f3 Dourada atra\\u00edram milhares de pessoas entre os dias 2 e 5 de agosto, na cidade vizinha de Pedra Dourada, localizada a 60 km de Muria\\u00e9. Os shows de destaque ficaram por conta do cantor Eduardo Costa, da dupla C\\u00e9sar Menotti & Fabiano e do Grupo Revela\\u00e7\\u00e3o. A programa\\u00e7\\u00e3o variada tamb\\u00e9m\",\"inLanguage\":\"pt-BR\",\"isPartOf\":{\"@id\":\"https:\\\/\\\/anoticiaonline.com.br\\\/site\\\/#website\"},\"breadcrumb\":{\"@id\":\"https:\\\/\\\/anoticiaonline.com.br\\\/site\\\/xiii-forro-dourada-atrai-milhares-de-pessoas\\\/#breadcrumblist\"},\"author\":{\"@id\":\"https:\\\/\\\/anoticiaonline.com.br\\\/site\\\/author\\\/juliana\\\/#author\"},\"creator\":{\"@id\":\"https:\\\/\\\/anoticiaonline.com.br\\\/site\\\/author\\\/juliana\\\/#author\"},\"image\":{\"@type\":\"ImageObject\",\"url\":\"https:\\\/\\\/anoticiaonline.com.br\\\/site\\\/wp-content\\\/uploads\\\/2018\\\/08\\\/DSC_0770.jpg\",\"@id\":\"https:\\\/\\\/anoticiaonline.com.br\\\/site\\\/xiii-forro-dourada-atrai-milhares-de-pessoas\\\/#mainImage\",\"width\":893,\"height\":596},\"primaryImageOfPage\":{\"@id\":\"https:\\\/\\\/anoticiaonline.com.br\\\/site\\\/xiii-forro-dourada-atrai-milhares-de-pessoas\\\/#mainImage\"},\"datePublished\":\"2018-08-08T14:55:45-03:00\",\"dateModified\":\"2018-08-08T18:14:01-03:00\"},{\"@type\":\"WebSite\",\"@id\":\"https:\\\/\\\/anoticiaonline.com.br\\\/site\\\/#website\",\"url\":\"https:\\\/\\\/anoticiaonline.com.br\\\/site\\\/\",\"name\":\"A Not\\u00edcia Online\",\"description\":\"Noticias de Muria\\u00e9 e regi\\u00e3o\",\"inLanguage\":\"pt-BR\",\"publisher\":{\"@id\":\"https:\\\/\\\/anoticiaonline.com.br\\\/site\\\/#organization\"}}]}\n\t\t<\/script>\n\t\t<!-- All in One SEO -->\n\n","aioseo_head_json":{"title":"XIII Forr\u00f3 Dourada atrai milhares de pessoas - A Not\u00edcia Online","description":"As atra\u00e7\u00f5es do XIII Forr\u00f3 Dourada atra\u00edram milhares de pessoas entre os dias 2 e 5 de agosto, na cidade vizinha de Pedra Dourada, localizada a 60 km de Muria\u00e9. Os shows de destaque ficaram por conta do cantor Eduardo Costa, da dupla C\u00e9sar Menotti & Fabiano e do Grupo Revela\u00e7\u00e3o. A programa\u00e7\u00e3o variada tamb\u00e9m","canonical_url":"https:\/\/anoticiaonline.com.br\/site\/xiii-forro-dourada-atrai-milhares-de-pessoas\/","robots":"max-image-preview:large","keywords":"","webmasterTools":{"miscellaneous":""},"schema":{"@context":"https:\/\/schema.org","@graph":[{"@type":"BlogPosting","@id":"https:\/\/anoticiaonline.com.br\/site\/xiii-forro-dourada-atrai-milhares-de-pessoas\/#blogposting","name":"XIII Forr\u00f3 Dourada atrai milhares de pessoas - A Not\u00edcia Online","headline":"XIII Forr\u00f3 Dourada atrai milhares de pessoas","author":{"@id":"https:\/\/anoticiaonline.com.br\/site\/author\/juliana\/#author"},"publisher":{"@id":"https:\/\/anoticiaonline.com.br\/site\/#organization"},"image":{"@type":"ImageObject","url":"https:\/\/anoticiaonline.com.br\/site\/wp-content\/uploads\/2018\/08\/DSC_0770.jpg","width":893,"height":596},"datePublished":"2018-08-08T14:55:45-03:00","dateModified":"2018-08-08T18:14:01-03:00","inLanguage":"pt-BR","mainEntityOfPage":{"@id":"https:\/\/anoticiaonline.com.br\/site\/xiii-forro-dourada-atrai-milhares-de-pessoas\/#webpage"},"isPartOf":{"@id":"https:\/\/anoticiaonline.com.br\/site\/xiii-forro-dourada-atrai-milhares-de-pessoas\/#webpage"},"articleSection":"Gerais, Banda Zem, C\u00e9sar Menotti &amp; Fabiano, Cristiano Banni &amp; Daniel, Donato &amp; Eduardo, Eduardo Costa, Forr\u00f3 Dourada, Grupo Revela\u00e7\u00e3o, Odair de Paula, Pedra Dourada"},{"@type":"BreadcrumbList","@id":"https:\/\/anoticiaonline.com.br\/site\/xiii-forro-dourada-atrai-milhares-de-pessoas\/#breadcrumblist","itemListElement":[{"@type":"ListItem","@id":"https:\/\/anoticiaonline.com.br\/site#listItem","position":1,"name":"Home","item":"https:\/\/anoticiaonline.com.br\/site","nextItem":{"@type":"ListItem","@id":"https:\/\/anoticiaonline.com.br\/site\/categoria\/gerais\/#listItem","name":"Gerais"}},{"@type":"ListItem","@id":"https:\/\/anoticiaonline.com.br\/site\/categoria\/gerais\/#listItem","position":2,"name":"Gerais","item":"https:\/\/anoticiaonline.com.br\/site\/categoria\/gerais\/","nextItem":{"@type":"ListItem","@id":"https:\/\/anoticiaonline.com.br\/site\/xiii-forro-dourada-atrai-milhares-de-pessoas\/#listItem","name":"XIII Forr\u00f3 Dourada atrai milhares de pessoas"},"previousItem":{"@type":"ListItem","@id":"https:\/\/anoticiaonline.com.br\/site#listItem","name":"Home"}},{"@type":"ListItem","@id":"https:\/\/anoticiaonline.com.br\/site\/xiii-forro-dourada-atrai-milhares-de-pessoas\/#listItem","position":3,"name":"XIII Forr\u00f3 Dourada atrai milhares de pessoas","previousItem":{"@type":"ListItem","@id":"https:\/\/anoticiaonline.com.br\/site\/categoria\/gerais\/#listItem","name":"Gerais"}}]},{"@type":"Organization","@id":"https:\/\/anoticiaonline.com.br\/site\/#organization","name":"A Not\u00edcia Online","description":"Noticias de Muria\u00e9 e regi\u00e3o","url":"https:\/\/anoticiaonline.com.br\/site\/","logo":{"@type":"ImageObject","url":"https:\/\/scontent-gig4-1.xx.fbcdn.net\/v\/t39.30808-1\/270437624_4564083193639691_6907940295614233970_n.jpg?stp=dst-jpg_s200x200_tt6&_nc_cat=111&ccb=1-7&_nc_sid=f907e8&_nc_ohc=SM1wRlP3lJwQ7kNvwEPuBYA&_nc_oc=AdnqrjDN_BNjSSHWO-GbkIWH6fkGMLw4bqvL_NH6e2wMveX7G-rP2dAqsDSq1mJMOaY&_nc_zt=24&_nc_ht=scontent-gig4-1.xx&_nc_gid=AoBFJeGrT1hVaew_6rchkQ&oh=00_AfX7QmFGhQhG2jAllVgXCiM1ZrWgvtp80-Bfppyexh1QEg&oe=689E923C","@id":"https:\/\/anoticiaonline.com.br\/site\/xiii-forro-dourada-atrai-milhares-de-pessoas\/#organizationLogo"},"image":{"@id":"https:\/\/anoticiaonline.com.br\/site\/xiii-forro-dourada-atrai-milhares-de-pessoas\/#organizationLogo"}},{"@type":"Person","@id":"https:\/\/anoticiaonline.com.br\/site\/author\/juliana\/#author","url":"https:\/\/anoticiaonline.com.br\/site\/author\/juliana\/","name":"Juliana Laviola","image":{"@type":"ImageObject","@id":"https:\/\/anoticiaonline.com.br\/site\/xiii-forro-dourada-atrai-milhares-de-pessoas\/#authorImage","url":"https:\/\/secure.gravatar.com\/avatar\/b8d45f5c699b100dfaf0e543582f38f38bf94cb7ae3a5e9abf8d891a34773335?s=96&d=mm&r=g","width":96,"height":96,"caption":"Juliana Laviola"}},{"@type":"WebPage","@id":"https:\/\/anoticiaonline.com.br\/site\/xiii-forro-dourada-atrai-milhares-de-pessoas\/#webpage","url":"https:\/\/anoticiaonline.com.br\/site\/xiii-forro-dourada-atrai-milhares-de-pessoas\/","name":"XIII Forr\u00f3 Dourada atrai milhares de pessoas - A Not\u00edcia Online","description":"As atra\u00e7\u00f5es do XIII Forr\u00f3 Dourada atra\u00edram milhares de pessoas entre os dias 2 e 5 de agosto, na cidade vizinha de Pedra Dourada, localizada a 60 km de Muria\u00e9. Os shows de destaque ficaram por conta do cantor Eduardo Costa, da dupla C\u00e9sar Menotti & Fabiano e do Grupo Revela\u00e7\u00e3o. A programa\u00e7\u00e3o variada tamb\u00e9m","inLanguage":"pt-BR","isPartOf":{"@id":"https:\/\/anoticiaonline.com.br\/site\/#website"},"breadcrumb":{"@id":"https:\/\/anoticiaonline.com.br\/site\/xiii-forro-dourada-atrai-milhares-de-pessoas\/#breadcrumblist"},"author":{"@id":"https:\/\/anoticiaonline.com.br\/site\/author\/juliana\/#author"},"creator":{"@id":"https:\/\/anoticiaonline.com.br\/site\/author\/juliana\/#author"},"image":{"@type":"ImageObject","url":"https:\/\/anoticiaonline.com.br\/site\/wp-content\/uploads\/2018\/08\/DSC_0770.jpg","@id":"https:\/\/anoticiaonline.com.br\/site\/xiii-forro-dourada-atrai-milhares-de-pessoas\/#mainImage","width":893,"height":596},"primaryImageOfPage":{"@id":"https:\/\/anoticiaonline.com.br\/site\/xiii-forro-dourada-atrai-milhares-de-pessoas\/#mainImage"},"datePublished":"2018-08-08T14:55:45-03:00","dateModified":"2018-08-08T18:14:01-03:00"},{"@type":"WebSite","@id":"https:\/\/anoticiaonline.com.br\/site\/#website","url":"https:\/\/anoticiaonline.com.br\/site\/","name":"A Not\u00edcia Online","description":"Noticias de Muria\u00e9 e regi\u00e3o","inLanguage":"pt-BR","publisher":{"@id":"https:\/\/anoticiaonline.com.br\/site\/#organization"}}]},"og:locale":"pt_BR","og:site_name":"A Not\u00edcia Online - Noticias de Muria\u00e9 e regi\u00e3o","og:type":"article","og:title":"XIII Forr\u00f3 Dourada atrai milhares de pessoas - A Not\u00edcia Online","og:description":"As atra\u00e7\u00f5es do XIII Forr\u00f3 Dourada atra\u00edram milhares de pessoas entre os dias 2 e 5 de agosto, na cidade vizinha de Pedra Dourada, localizada a 60 km de Muria\u00e9. Os shows de destaque ficaram por conta do cantor Eduardo Costa, da dupla C\u00e9sar Menotti &amp; Fabiano e do Grupo Revela\u00e7\u00e3o. A programa\u00e7\u00e3o variada tamb\u00e9m","og:url":"https:\/\/anoticiaonline.com.br\/site\/xiii-forro-dourada-atrai-milhares-de-pessoas\/","og:image":"https:\/\/scontent-gig4-1.xx.fbcdn.net\/v\/t39.30808-1\/270437624_4564083193639691_6907940295614233970_n.jpg?stp=dst-jpg_s200x200_tt6&#038;_nc_cat=111&#038;ccb=1-7&#038;_nc_sid=f907e8&#038;_nc_ohc=SM1wRlP3lJwQ7kNvwEPuBYA&#038;_nc_oc=AdnqrjDN_BNjSSHWO-GbkIWH6fkGMLw4bqvL_NH6e2wMveX7G-rP2dAqsDSq1mJMOaY&#038;_nc_zt=24&#038;_nc_ht=scontent-gig4-1.xx&#038;_nc_gid=AoBFJeGrT1hVaew_6rchkQ&#038;oh=00_AfX7QmFGhQhG2jAllVgXCiM1ZrWgvtp80-Bfppyexh1QEg&#038;oe=689E923C","og:image:secure_url":"https:\/\/scontent-gig4-1.xx.fbcdn.net\/v\/t39.30808-1\/270437624_4564083193639691_6907940295614233970_n.jpg?stp=dst-jpg_s200x200_tt6&#038;_nc_cat=111&#038;ccb=1-7&#038;_nc_sid=f907e8&#038;_nc_ohc=SM1wRlP3lJwQ7kNvwEPuBYA&#038;_nc_oc=AdnqrjDN_BNjSSHWO-GbkIWH6fkGMLw4bqvL_NH6e2wMveX7G-rP2dAqsDSq1mJMOaY&#038;_nc_zt=24&#038;_nc_ht=scontent-gig4-1.xx&#038;_nc_gid=AoBFJeGrT1hVaew_6rchkQ&#038;oh=00_AfX7QmFGhQhG2jAllVgXCiM1ZrWgvtp80-Bfppyexh1QEg&#038;oe=689E923C","article:published_time":"2018-08-08T17:55:45+00:00","article:modified_time":"2018-08-08T21:14:01+00:00","twitter:card":"summary_large_image","twitter:title":"XIII Forr\u00f3 Dourada atrai milhares de pessoas - A Not\u00edcia Online","twitter:description":"As atra\u00e7\u00f5es do XIII Forr\u00f3 Dourada atra\u00edram milhares de pessoas entre os dias 2 e 5 de agosto, na cidade vizinha de Pedra Dourada, localizada a 60 km de Muria\u00e9. Os shows de destaque ficaram por conta do cantor Eduardo Costa, da dupla C\u00e9sar Menotti &amp; Fabiano e do Grupo Revela\u00e7\u00e3o. A programa\u00e7\u00e3o variada tamb\u00e9m","twitter:image":"https:\/\/scontent-gig4-1.xx.fbcdn.net\/v\/t39.30808-1\/270437624_4564083193639691_6907940295614233970_n.jpg?stp=dst-jpg_s200x200_tt6&_nc_cat=111&ccb=1-7&_nc_sid=f907e8&_nc_ohc=SM1wRlP3lJwQ7kNvwEPuBYA&_nc_oc=AdnqrjDN_BNjSSHWO-GbkIWH6fkGMLw4bqvL_NH6e2wMveX7G-rP2dAqsDSq1mJMOaY&_nc_zt=24&_nc_ht=scontent-gig4-1.xx&_nc_gid=AoBFJeGrT1hVaew_6rchkQ&oh=00_AfX7QmFGhQhG2jAllVgXCiM1ZrWgvtp80-Bfppyexh1QEg&oe=689E923C"},"aioseo_meta_data":{"post_id":"59282","title":null,"description":null,"keywords":null,"keyphrases":null,"primary_term":null,"canonical_url":null,"og_title":null,"og_description":null,"og_object_type":"default","og_image_type":"default","og_image_url":null,"og_image_width":null,"og_image_height":null,"og_image_custom_url":null,"og_image_custom_fields":null,"og_video":null,"og_custom_url":null,"og_article_section":null,"og_article_tags":null,"twitter_use_og":false,"twitter_card":"default","twitter_image_type":"default","twitter_image_url":null,"twitter_image_custom_url":null,"twitter_image_custom_fields":null,"twitter_title":null,"twitter_description":null,"schema":{"blockGraphs":[],"customGraphs":[],"default":{"data":{"Article":[],"Course":[],"Dataset":[],"FAQPage":[],"Movie":[],"Person":[],"Product":[],"ProductReview":[],"Car":[],"Recipe":[],"Service":[],"SoftwareApplication":[],"WebPage":[]},"graphName":"","isEnabled":true},"graphs":[]},"schema_type":"default","schema_type_options":null,"pillar_content":false,"robots_default":true,"robots_noindex":false,"robots_noarchive":false,"robots_nosnippet":false,"robots_nofollow":false,"robots_noimageindex":false,"robots_noodp":false,"robots_notranslate":false,"robots_max_snippet":null,"robots_max_videopreview":null,"robots_max_imagepreview":"large","priority":null,"frequency":null,"local_seo":null,"breadcrumb_settings":null,"limit_modified_date":false,"ai":null,"created":"2025-08-16 21:22:48","updated":"2025-08-16 21:22:48","focus_keyword":null,"additional_keywords":null,"truseo_locale":null,"seo_analyzer_scan_date":null},"aioseo_breadcrumb":"<div class=\"aioseo-breadcrumbs\"><span class=\"aioseo-breadcrumb\">\n\t\t\t<a href=\"https:\/\/anoticiaonline.com.br\/site\" title=\"Home\">Home<\/a>\n\t\t<\/span><span class=\"aioseo-breadcrumb-separator\">&raquo;<\/span><span class=\"aioseo-breadcrumb\">\n\t\t\t<a href=\"https:\/\/anoticiaonline.com.br\/site\/categoria\/gerais\/\" title=\"Gerais\">Gerais<\/a>\n\t\t<\/span><span class=\"aioseo-breadcrumb-separator\">&raquo;<\/span><span class=\"aioseo-breadcrumb\">\n\t\t\tXIII Forr\u00f3 Dourada atrai milhares de pessoas\n\t\t<\/span><\/div>","aioseo_breadcrumb_json":[{"label":"Home","link":"https:\/\/anoticiaonline.com.br\/site"},{"label":"Gerais","link":"https:\/\/anoticiaonline.com.br\/site\/categoria\/gerais\/"},{"label":"XIII Forr\u00f3 Dourada atrai milhares de pessoas","link":"https:\/\/anoticiaonline.com.br\/site\/xiii-forro-dourada-atrai-milhares-de-pessoas\/"}],"views":201,"_links":{"self":[{"href":"https:\/\/anoticiaonline.com.br\/site\/wp-json\/wp\/v2\/posts\/59282","targetHints":{"allow":["GET"]}}],"collection":[{"href":"https:\/\/anoticiaonline.com.br\/site\/wp-json\/wp\/v2\/posts"}],"about":[{"href":"https:\/\/anoticiaonline.com.br\/site\/wp-json\/wp\/v2\/types\/post"}],"author":[{"embeddable":true,"href":"https:\/\/anoticiaonline.com.br\/site\/wp-json\/wp\/v2\/users\/2"}],"replies":[{"embeddable":true,"href":"https:\/\/anoticiaonline.com.br\/site\/wp-json\/wp\/v2\/comments?post=59282"}],"version-history":[{"count":0,"href":"https:\/\/anoticiaonline.com.br\/site\/wp-json\/wp\/v2\/posts\/59282\/revisions"}],"wp:featuredmedia":[{"embeddable":true,"href":"https:\/\/anoticiaonline.com.br\/site\/wp-json\/wp\/v2\/media\/59286"}],"wp:attachment":[{"href":"https:\/\/anoticiaonline.com.br\/site\/wp-json\/wp\/v2\/media?parent=59282"}],"wp:term":[{"taxonomy":"category","embeddable":true,"href":"https:\/\/anoticiaonline.com.br\/site\/wp-json\/wp\/v2\/categories?post=59282"},{"taxonomy":"post_tag","embeddable":true,"href":"https:\/\/anoticiaonline.com.br\/site\/wp-json\/wp\/v2\/tags?post=59282"}],"curies":[{"name":"wp","href":"https:\/\/api.w.org\/{rel}","templated":true}]}}