{"id":59234,"date":"2018-08-07T15:05:27","date_gmt":"2018-08-07T18:05:27","guid":{"rendered":"http:\/\/anoticiaonline.com.br\/site\/?p=59234"},"modified":"2018-08-08T18:20:07","modified_gmt":"2018-08-08T21:20:07","slug":"incendio-em-predio-no-sao-francisco-destroi-tres-veiculos","status":"publish","type":"post","link":"https:\/\/anoticiaonline.com.br\/site\/incendio-em-predio-no-sao-francisco-destroi-tres-veiculos\/","title":{"rendered":"Inc\u00eandio no S\u00e3o Francisco destr\u00f3i tr\u00eas ve\u00edculos"},"content":{"rendered":"<figure id=\"attachment_59235\" aria-describedby=\"caption-attachment-59235\" style=\"width: 790px\" class=\"wp-caption alignnone\"><a href=\"https:\/\/anoticiaonline.com.br\/site\/wp-content\/uploads\/2018\/08\/Inc\u00eandio-em-pr\u00e9dio-no-S\u00e3o-Francisco-destr\u00f3i-tr\u00eas-ve\u00edculos.jpg\"><img fetchpriority=\"high\" decoding=\"async\" class=\"wp-image-59235 size-full\" src=\"https:\/\/anoticiaonline.com.br\/site\/wp-content\/uploads\/2018\/08\/Inc\u00eandio-em-pr\u00e9dio-no-S\u00e3o-Francisco-destr\u00f3i-tr\u00eas-ve\u00edculos.jpg\" alt=\"\" width=\"800\" height=\"534\" srcset=\"https:\/\/anoticiaonline.com.br\/site\/wp-content\/uploads\/2018\/08\/Inc\u00eandio-em-pr\u00e9dio-no-S\u00e3o-Francisco-destr\u00f3i-tr\u00eas-ve\u00edculos.jpg 800w, https:\/\/anoticiaonline.com.br\/site\/wp-content\/uploads\/2018\/08\/Inc\u00eandio-em-pr\u00e9dio-no-S\u00e3o-Francisco-destr\u00f3i-tr\u00eas-ve\u00edculos-300x200.jpg 300w, https:\/\/anoticiaonline.com.br\/site\/wp-content\/uploads\/2018\/08\/Inc\u00eandio-em-pr\u00e9dio-no-S\u00e3o-Francisco-destr\u00f3i-tr\u00eas-ve\u00edculos-768x513.jpg 768w\" sizes=\"(max-width: 800px) 100vw, 800px\" \/><\/a><figcaption id=\"caption-attachment-59235\" class=\"wp-caption-text\">www.silvanalves.com.br<\/figcaption><\/figure>\n<figure id=\"attachment_59236\" aria-describedby=\"caption-attachment-59236\" style=\"width: 790px\" class=\"wp-caption alignnone\"><a href=\"https:\/\/anoticiaonline.com.br\/site\/wp-content\/uploads\/2018\/08\/Inc\u00eandio-em-pr\u00e9dio-no-S\u00e3o-Francisco-destr\u00f3i-tr\u00eas-ve\u00edculos-3.jpg\"><img decoding=\"async\" class=\"wp-image-59236 size-full\" src=\"https:\/\/anoticiaonline.com.br\/site\/wp-content\/uploads\/2018\/08\/Inc\u00eandio-em-pr\u00e9dio-no-S\u00e3o-Francisco-destr\u00f3i-tr\u00eas-ve\u00edculos-3.jpg\" alt=\"\" width=\"800\" height=\"534\" srcset=\"https:\/\/anoticiaonline.com.br\/site\/wp-content\/uploads\/2018\/08\/Inc\u00eandio-em-pr\u00e9dio-no-S\u00e3o-Francisco-destr\u00f3i-tr\u00eas-ve\u00edculos-3.jpg 800w, https:\/\/anoticiaonline.com.br\/site\/wp-content\/uploads\/2018\/08\/Inc\u00eandio-em-pr\u00e9dio-no-S\u00e3o-Francisco-destr\u00f3i-tr\u00eas-ve\u00edculos-3-300x200.jpg 300w, https:\/\/anoticiaonline.com.br\/site\/wp-content\/uploads\/2018\/08\/Inc\u00eandio-em-pr\u00e9dio-no-S\u00e3o-Francisco-destr\u00f3i-tr\u00eas-ve\u00edculos-3-768x513.jpg 768w\" sizes=\"(max-width: 800px) 100vw, 800px\" \/><\/a><figcaption id=\"caption-attachment-59236\" class=\"wp-caption-text\">www.silvanalves.com.br<\/figcaption><\/figure>\n<figure id=\"attachment_59237\" aria-describedby=\"caption-attachment-59237\" style=\"width: 790px\" class=\"wp-caption alignnone\"><a href=\"https:\/\/anoticiaonline.com.br\/site\/wp-content\/uploads\/2018\/08\/Inc\u00eandio-em-pr\u00e9dio-no-S\u00e3o-Francisco-destr\u00f3i-tr\u00eas-ve\u00edculos-4.jpg\"><img decoding=\"async\" class=\"wp-image-59237 size-full\" src=\"https:\/\/anoticiaonline.com.br\/site\/wp-content\/uploads\/2018\/08\/Inc\u00eandio-em-pr\u00e9dio-no-S\u00e3o-Francisco-destr\u00f3i-tr\u00eas-ve\u00edculos-4.jpg\" alt=\"\" width=\"800\" height=\"534\" srcset=\"https:\/\/anoticiaonline.com.br\/site\/wp-content\/uploads\/2018\/08\/Inc\u00eandio-em-pr\u00e9dio-no-S\u00e3o-Francisco-destr\u00f3i-tr\u00eas-ve\u00edculos-4.jpg 800w, https:\/\/anoticiaonline.com.br\/site\/wp-content\/uploads\/2018\/08\/Inc\u00eandio-em-pr\u00e9dio-no-S\u00e3o-Francisco-destr\u00f3i-tr\u00eas-ve\u00edculos-4-300x200.jpg 300w, https:\/\/anoticiaonline.com.br\/site\/wp-content\/uploads\/2018\/08\/Inc\u00eandio-em-pr\u00e9dio-no-S\u00e3o-Francisco-destr\u00f3i-tr\u00eas-ve\u00edculos-4-768x513.jpg 768w\" sizes=\"(max-width: 800px) 100vw, 800px\" \/><\/a><figcaption id=\"caption-attachment-59237\" class=\"wp-caption-text\">www.silvanalves.com.br<\/figcaption><\/figure>\n<p>A Pol\u00edcia Militar e o Corpo de Bombeiros foram acionados na madrugada desta ter\u00e7a-feira (7) para combaterem um inc\u00eandio na garagem de um pr\u00e9dio no Bairro S\u00e3o Francisco.<\/p>\n<p>Uma moto e dois carros foram destru\u00eddos pelo fogo que se alastrou na garagem do pr\u00e9dio localizado na Rua Sebastiana da Silveira Campos. Segundo informa\u00e7\u00f5es, as chamas come\u00e7aram pela motocicleta.<\/p>\n<p>As causas est\u00e3o sendo investigadas pela Pol\u00edcia Civil.<\/p>\n<p>No m\u00eas passado, um caso semelhante aconteceu em outro pr\u00e9dio no mesmo bairro. Na ocasi\u00e3o, quatro carros, uma moto e um dos apartamentos foram totalmente destru\u00eddos pelas chamas.<\/p>\n<p>Populares disseram que o fogo tamb\u00e9m come\u00e7ou a se alastrar pela motocicleta que estava estacionada dentro garagem, pr\u00f3xima ao port\u00e3o de acesso.<\/p>\n<figure id=\"attachment_59238\" aria-describedby=\"caption-attachment-59238\" style=\"width: 790px\" class=\"wp-caption alignnone\"><a href=\"https:\/\/anoticiaonline.com.br\/site\/wp-content\/uploads\/2018\/08\/Inc\u00eandio-em-pr\u00e9dio-no-S\u00e3o-Francisco-destr\u00f3i-tr\u00eas-ve\u00edculos-2.jpg\"><img loading=\"lazy\" decoding=\"async\" class=\"size-full wp-image-59238\" src=\"https:\/\/anoticiaonline.com.br\/site\/wp-content\/uploads\/2018\/08\/Inc\u00eandio-em-pr\u00e9dio-no-S\u00e3o-Francisco-destr\u00f3i-tr\u00eas-ve\u00edculos-2.jpg\" alt=\"\" width=\"800\" height=\"534\" srcset=\"https:\/\/anoticiaonline.com.br\/site\/wp-content\/uploads\/2018\/08\/Inc\u00eandio-em-pr\u00e9dio-no-S\u00e3o-Francisco-destr\u00f3i-tr\u00eas-ve\u00edculos-2.jpg 800w, https:\/\/anoticiaonline.com.br\/site\/wp-content\/uploads\/2018\/08\/Inc\u00eandio-em-pr\u00e9dio-no-S\u00e3o-Francisco-destr\u00f3i-tr\u00eas-ve\u00edculos-2-300x200.jpg 300w, https:\/\/anoticiaonline.com.br\/site\/wp-content\/uploads\/2018\/08\/Inc\u00eandio-em-pr\u00e9dio-no-S\u00e3o-Francisco-destr\u00f3i-tr\u00eas-ve\u00edculos-2-768x513.jpg 768w\" sizes=\"(max-width: 800px) 100vw, 800px\" \/><\/a><figcaption id=\"caption-attachment-59238\" class=\"wp-caption-text\">Um caso semelhante aconteceu no mesmo bairro em julho deste ano<\/figcaption><\/figure>\n","protected":false},"excerpt":{"rendered":"<p>A Pol\u00edcia Militar e o Corpo de Bombeiros foram acionados na madrugada desta ter\u00e7a-feira (7) para combaterem um inc\u00eandio na garagem de um pr\u00e9dio no Bairro S\u00e3o Francisco. Uma moto e dois carros foram destru\u00eddos pelo fogo que se alastrou na garagem do pr\u00e9dio localizado na Rua Sebastiana da Silveira Campos. Segundo informa\u00e7\u00f5es, as chamas &#8230; <a title=\"Inc\u00eandio no S\u00e3o Francisco destr\u00f3i tr\u00eas ve\u00edculos\" class=\"read-more\" href=\"https:\/\/anoticiaonline.com.br\/site\/incendio-em-predio-no-sao-francisco-destroi-tres-veiculos\/\" aria-label=\"Read more about Inc\u00eandio no S\u00e3o Francisco destr\u00f3i tr\u00eas ve\u00edculos\">Ler mais<\/a><\/p>\n","protected":false},"author":2,"featured_media":59237,"comment_status":"open","ping_status":"open","sticky":false,"template":"","format":"standard","meta":{"_acf_changed":false,"_monsterinsights_skip_tracking":false,"footnotes":""},"categories":[30,2893,2892],"tags":[446,2899,74,95,93],"class_list":["post-59234","post","type-post","status-publish","format-standard","has-post-thumbnail","hentry","category-muriae","category-cotidiano","category-policia","tag-corpo-de-bombeiros","tag-incencio","tag-muriae","tag-policia-civil","tag-policia-militar"],"acf":[],"aioseo_notices":[],"aioseo_head":"\n\t\t<!-- All in One SEO 5.0.0.1 - aioseo.com -->\n\t<meta name=\"description\" content=\"A Pol\u00edcia Militar e o Corpo de Bombeiros foram acionados na madrugada desta ter\u00e7a-feira (7) para combaterem um inc\u00eandio na garagem de um pr\u00e9dio no Bairro S\u00e3o Francisco. Uma moto e dois carros foram destru\u00eddos pelo fogo que se alastrou na garagem do pr\u00e9dio localizado na Rua Sebastiana da Silveira Campos. Segundo informa\u00e7\u00f5es, as chamas\" \/>\n\t<meta name=\"robots\" content=\"max-image-preview:large\" \/>\n\t<meta name=\"author\" content=\"Juliana Laviola\"\/>\n\t<link rel=\"canonical\" href=\"https:\/\/anoticiaonline.com.br\/site\/incendio-em-predio-no-sao-francisco-destroi-tres-veiculos\/\" \/>\n\t<meta name=\"generator\" content=\"All in One SEO (AIOSEO) 5.0.0.1\" \/>\n\t\t<meta property=\"og:locale\" content=\"pt_BR\" \/>\n\t\t<meta property=\"og:site_name\" content=\"A Not\u00edcia Online - Noticias de Muria\u00e9 e regi\u00e3o\" \/>\n\t\t<meta property=\"og:type\" content=\"article\" \/>\n\t\t<meta property=\"og:title\" content=\"Inc\u00eandio no S\u00e3o Francisco destr\u00f3i tr\u00eas ve\u00edculos - A Not\u00edcia Online\" \/>\n\t\t<meta property=\"og:description\" content=\"A Pol\u00edcia Militar e o Corpo de Bombeiros foram acionados na madrugada desta ter\u00e7a-feira (7) para combaterem um inc\u00eandio na garagem de um pr\u00e9dio no Bairro S\u00e3o Francisco. Uma moto e dois carros foram destru\u00eddos pelo fogo que se alastrou na garagem do pr\u00e9dio localizado na Rua Sebastiana da Silveira Campos. Segundo informa\u00e7\u00f5es, as chamas\" \/>\n\t\t<meta property=\"og:url\" content=\"https:\/\/anoticiaonline.com.br\/site\/incendio-em-predio-no-sao-francisco-destroi-tres-veiculos\/\" \/>\n\t\t<meta property=\"og:image\" content=\"https:\/\/scontent-gig4-1.xx.fbcdn.net\/v\/t39.30808-1\/270437624_4564083193639691_6907940295614233970_n.jpg?stp=dst-jpg_s200x200_tt6&#038;_nc_cat=111&#038;ccb=1-7&#038;_nc_sid=f907e8&#038;_nc_ohc=SM1wRlP3lJwQ7kNvwEPuBYA&#038;_nc_oc=AdnqrjDN_BNjSSHWO-GbkIWH6fkGMLw4bqvL_NH6e2wMveX7G-rP2dAqsDSq1mJMOaY&#038;_nc_zt=24&#038;_nc_ht=scontent-gig4-1.xx&#038;_nc_gid=AoBFJeGrT1hVaew_6rchkQ&#038;oh=00_AfX7QmFGhQhG2jAllVgXCiM1ZrWgvtp80-Bfppyexh1QEg&#038;oe=689E923C\" \/>\n\t\t<meta property=\"og:image:secure_url\" content=\"https:\/\/scontent-gig4-1.xx.fbcdn.net\/v\/t39.30808-1\/270437624_4564083193639691_6907940295614233970_n.jpg?stp=dst-jpg_s200x200_tt6&#038;_nc_cat=111&#038;ccb=1-7&#038;_nc_sid=f907e8&#038;_nc_ohc=SM1wRlP3lJwQ7kNvwEPuBYA&#038;_nc_oc=AdnqrjDN_BNjSSHWO-GbkIWH6fkGMLw4bqvL_NH6e2wMveX7G-rP2dAqsDSq1mJMOaY&#038;_nc_zt=24&#038;_nc_ht=scontent-gig4-1.xx&#038;_nc_gid=AoBFJeGrT1hVaew_6rchkQ&#038;oh=00_AfX7QmFGhQhG2jAllVgXCiM1ZrWgvtp80-Bfppyexh1QEg&#038;oe=689E923C\" \/>\n\t\t<meta property=\"article:published_time\" content=\"2018-08-07T18:05:27+00:00\" \/>\n\t\t<meta property=\"article:modified_time\" content=\"2018-08-08T21:20:07+00:00\" \/>\n\t\t<meta name=\"twitter:card\" content=\"summary_large_image\" \/>\n\t\t<meta name=\"twitter:title\" content=\"Inc\u00eandio no S\u00e3o Francisco destr\u00f3i tr\u00eas ve\u00edculos - A Not\u00edcia Online\" \/>\n\t\t<meta name=\"twitter:description\" content=\"A Pol\u00edcia Militar e o Corpo de Bombeiros foram acionados na madrugada desta ter\u00e7a-feira (7) para combaterem um inc\u00eandio na garagem de um pr\u00e9dio no Bairro S\u00e3o Francisco. Uma moto e dois carros foram destru\u00eddos pelo fogo que se alastrou na garagem do pr\u00e9dio localizado na Rua Sebastiana da Silveira Campos. Segundo informa\u00e7\u00f5es, as chamas\" \/>\n\t\t<meta name=\"twitter:image\" content=\"https:\/\/scontent-gig4-1.xx.fbcdn.net\/v\/t39.30808-1\/270437624_4564083193639691_6907940295614233970_n.jpg?stp=dst-jpg_s200x200_tt6&amp;_nc_cat=111&amp;ccb=1-7&amp;_nc_sid=f907e8&amp;_nc_ohc=SM1wRlP3lJwQ7kNvwEPuBYA&amp;_nc_oc=AdnqrjDN_BNjSSHWO-GbkIWH6fkGMLw4bqvL_NH6e2wMveX7G-rP2dAqsDSq1mJMOaY&amp;_nc_zt=24&amp;_nc_ht=scontent-gig4-1.xx&amp;_nc_gid=AoBFJeGrT1hVaew_6rchkQ&amp;oh=00_AfX7QmFGhQhG2jAllVgXCiM1ZrWgvtp80-Bfppyexh1QEg&amp;oe=689E923C\" \/>\n\t\t<script type=\"application\/ld+json\" class=\"aioseo-schema\">\n\t\t\t{\"@context\":\"https:\\\/\\\/schema.org\",\"@graph\":[{\"@type\":\"BlogPosting\",\"@id\":\"https:\\\/\\\/anoticiaonline.com.br\\\/site\\\/incendio-em-predio-no-sao-francisco-destroi-tres-veiculos\\\/#blogposting\",\"name\":\"Inc\\u00eandio no S\\u00e3o Francisco destr\\u00f3i tr\\u00eas ve\\u00edculos - A Not\\u00edcia Online\",\"headline\":\"Inc\\u00eandio no S\\u00e3o Francisco destr\\u00f3i tr\\u00eas ve\\u00edculos\",\"author\":{\"@id\":\"https:\\\/\\\/anoticiaonline.com.br\\\/site\\\/author\\\/juliana\\\/#author\"},\"publisher\":{\"@id\":\"https:\\\/\\\/anoticiaonline.com.br\\\/site\\\/#organization\"},\"image\":{\"@type\":\"ImageObject\",\"url\":\"https:\\\/\\\/anoticiaonline.com.br\\\/site\\\/wp-content\\\/uploads\\\/2018\\\/08\\\/Inc\\u00eandio-em-pr\\u00e9dio-no-S\\u00e3o-Francisco-destr\\u00f3i-tr\\u00eas-ve\\u00edculos-4.jpg\",\"width\":800,\"height\":534},\"datePublished\":\"2018-08-07T15:05:27-03:00\",\"dateModified\":\"2018-08-08T18:20:07-03:00\",\"inLanguage\":\"pt-BR\",\"mainEntityOfPage\":{\"@id\":\"https:\\\/\\\/anoticiaonline.com.br\\\/site\\\/incendio-em-predio-no-sao-francisco-destroi-tres-veiculos\\\/#webpage\"},\"isPartOf\":{\"@id\":\"https:\\\/\\\/anoticiaonline.com.br\\\/site\\\/incendio-em-predio-no-sao-francisco-destroi-tres-veiculos\\\/#webpage\"},\"articleSection\":\"Blog, Cotidiano, Pol\\u00edcia, corpo de bombeiros, inc\\u00eancio, Muria\\u00e9, pol\\u00edcia civil, pol\\u00edcia militar\"},{\"@type\":\"BreadcrumbList\",\"@id\":\"https:\\\/\\\/anoticiaonline.com.br\\\/site\\\/incendio-em-predio-no-sao-francisco-destroi-tres-veiculos\\\/#breadcrumblist\",\"itemListElement\":[{\"@type\":\"ListItem\",\"@id\":\"https:\\\/\\\/anoticiaonline.com.br\\\/site#listItem\",\"position\":1,\"name\":\"Home\",\"item\":\"https:\\\/\\\/anoticiaonline.com.br\\\/site\",\"nextItem\":{\"@type\":\"ListItem\",\"@id\":\"https:\\\/\\\/anoticiaonline.com.br\\\/site\\\/categoria\\\/muriae\\\/#listItem\",\"name\":\"Blog\"}},{\"@type\":\"ListItem\",\"@id\":\"https:\\\/\\\/anoticiaonline.com.br\\\/site\\\/categoria\\\/muriae\\\/#listItem\",\"position\":2,\"name\":\"Blog\",\"item\":\"https:\\\/\\\/anoticiaonline.com.br\\\/site\\\/categoria\\\/muriae\\\/\",\"nextItem\":{\"@type\":\"ListItem\",\"@id\":\"https:\\\/\\\/anoticiaonline.com.br\\\/site\\\/categoria\\\/muriae\\\/policia\\\/#listItem\",\"name\":\"Pol\\u00edcia\"},\"previousItem\":{\"@type\":\"ListItem\",\"@id\":\"https:\\\/\\\/anoticiaonline.com.br\\\/site#listItem\",\"name\":\"Home\"}},{\"@type\":\"ListItem\",\"@id\":\"https:\\\/\\\/anoticiaonline.com.br\\\/site\\\/categoria\\\/muriae\\\/policia\\\/#listItem\",\"position\":3,\"name\":\"Pol\\u00edcia\",\"item\":\"https:\\\/\\\/anoticiaonline.com.br\\\/site\\\/categoria\\\/muriae\\\/policia\\\/\",\"nextItem\":{\"@type\":\"ListItem\",\"@id\":\"https:\\\/\\\/anoticiaonline.com.br\\\/site\\\/incendio-em-predio-no-sao-francisco-destroi-tres-veiculos\\\/#listItem\",\"name\":\"Inc\\u00eandio no S\\u00e3o Francisco destr\\u00f3i tr\\u00eas ve\\u00edculos\"},\"previousItem\":{\"@type\":\"ListItem\",\"@id\":\"https:\\\/\\\/anoticiaonline.com.br\\\/site\\\/categoria\\\/muriae\\\/#listItem\",\"name\":\"Blog\"}},{\"@type\":\"ListItem\",\"@id\":\"https:\\\/\\\/anoticiaonline.com.br\\\/site\\\/incendio-em-predio-no-sao-francisco-destroi-tres-veiculos\\\/#listItem\",\"position\":4,\"name\":\"Inc\\u00eandio no S\\u00e3o Francisco destr\\u00f3i tr\\u00eas ve\\u00edculos\",\"previousItem\":{\"@type\":\"ListItem\",\"@id\":\"https:\\\/\\\/anoticiaonline.com.br\\\/site\\\/categoria\\\/muriae\\\/policia\\\/#listItem\",\"name\":\"Pol\\u00edcia\"}}]},{\"@type\":\"Organization\",\"@id\":\"https:\\\/\\\/anoticiaonline.com.br\\\/site\\\/#organization\",\"name\":\"A Not\\u00edcia Online\",\"description\":\"Noticias de Muria\\u00e9 e regi\\u00e3o\",\"url\":\"https:\\\/\\\/anoticiaonline.com.br\\\/site\\\/\",\"logo\":{\"@type\":\"ImageObject\",\"url\":\"https:\\\/\\\/scontent-gig4-1.xx.fbcdn.net\\\/v\\\/t39.30808-1\\\/270437624_4564083193639691_6907940295614233970_n.jpg?stp=dst-jpg_s200x200_tt6&_nc_cat=111&ccb=1-7&_nc_sid=f907e8&_nc_ohc=SM1wRlP3lJwQ7kNvwEPuBYA&_nc_oc=AdnqrjDN_BNjSSHWO-GbkIWH6fkGMLw4bqvL_NH6e2wMveX7G-rP2dAqsDSq1mJMOaY&_nc_zt=24&_nc_ht=scontent-gig4-1.xx&_nc_gid=AoBFJeGrT1hVaew_6rchkQ&oh=00_AfX7QmFGhQhG2jAllVgXCiM1ZrWgvtp80-Bfppyexh1QEg&oe=689E923C\",\"@id\":\"https:\\\/\\\/anoticiaonline.com.br\\\/site\\\/incendio-em-predio-no-sao-francisco-destroi-tres-veiculos\\\/#organizationLogo\"},\"image\":{\"@id\":\"https:\\\/\\\/anoticiaonline.com.br\\\/site\\\/incendio-em-predio-no-sao-francisco-destroi-tres-veiculos\\\/#organizationLogo\"}},{\"@type\":\"Person\",\"@id\":\"https:\\\/\\\/anoticiaonline.com.br\\\/site\\\/author\\\/juliana\\\/#author\",\"url\":\"https:\\\/\\\/anoticiaonline.com.br\\\/site\\\/author\\\/juliana\\\/\",\"name\":\"Juliana Laviola\",\"image\":{\"@type\":\"ImageObject\",\"@id\":\"https:\\\/\\\/anoticiaonline.com.br\\\/site\\\/incendio-em-predio-no-sao-francisco-destroi-tres-veiculos\\\/#authorImage\",\"url\":\"https:\\\/\\\/secure.gravatar.com\\\/avatar\\\/b8d45f5c699b100dfaf0e543582f38f38bf94cb7ae3a5e9abf8d891a34773335?s=96&d=mm&r=g\",\"width\":96,\"height\":96,\"caption\":\"Juliana Laviola\"}},{\"@type\":\"WebPage\",\"@id\":\"https:\\\/\\\/anoticiaonline.com.br\\\/site\\\/incendio-em-predio-no-sao-francisco-destroi-tres-veiculos\\\/#webpage\",\"url\":\"https:\\\/\\\/anoticiaonline.com.br\\\/site\\\/incendio-em-predio-no-sao-francisco-destroi-tres-veiculos\\\/\",\"name\":\"Inc\\u00eandio no S\\u00e3o Francisco destr\\u00f3i tr\\u00eas ve\\u00edculos - A Not\\u00edcia Online\",\"description\":\"A Pol\\u00edcia Militar e o Corpo de Bombeiros foram acionados na madrugada desta ter\\u00e7a-feira (7) para combaterem um inc\\u00eandio na garagem de um pr\\u00e9dio no Bairro S\\u00e3o Francisco. Uma moto e dois carros foram destru\\u00eddos pelo fogo que se alastrou na garagem do pr\\u00e9dio localizado na Rua Sebastiana da Silveira Campos. Segundo informa\\u00e7\\u00f5es, as chamas\",\"inLanguage\":\"pt-BR\",\"isPartOf\":{\"@id\":\"https:\\\/\\\/anoticiaonline.com.br\\\/site\\\/#website\"},\"breadcrumb\":{\"@id\":\"https:\\\/\\\/anoticiaonline.com.br\\\/site\\\/incendio-em-predio-no-sao-francisco-destroi-tres-veiculos\\\/#breadcrumblist\"},\"author\":{\"@id\":\"https:\\\/\\\/anoticiaonline.com.br\\\/site\\\/author\\\/juliana\\\/#author\"},\"creator\":{\"@id\":\"https:\\\/\\\/anoticiaonline.com.br\\\/site\\\/author\\\/juliana\\\/#author\"},\"image\":{\"@type\":\"ImageObject\",\"url\":\"https:\\\/\\\/anoticiaonline.com.br\\\/site\\\/wp-content\\\/uploads\\\/2018\\\/08\\\/Inc\\u00eandio-em-pr\\u00e9dio-no-S\\u00e3o-Francisco-destr\\u00f3i-tr\\u00eas-ve\\u00edculos-4.jpg\",\"@id\":\"https:\\\/\\\/anoticiaonline.com.br\\\/site\\\/incendio-em-predio-no-sao-francisco-destroi-tres-veiculos\\\/#mainImage\",\"width\":800,\"height\":534},\"primaryImageOfPage\":{\"@id\":\"https:\\\/\\\/anoticiaonline.com.br\\\/site\\\/incendio-em-predio-no-sao-francisco-destroi-tres-veiculos\\\/#mainImage\"},\"datePublished\":\"2018-08-07T15:05:27-03:00\",\"dateModified\":\"2018-08-08T18:20:07-03:00\"},{\"@type\":\"WebSite\",\"@id\":\"https:\\\/\\\/anoticiaonline.com.br\\\/site\\\/#website\",\"url\":\"https:\\\/\\\/anoticiaonline.com.br\\\/site\\\/\",\"name\":\"A Not\\u00edcia Online\",\"description\":\"Noticias de Muria\\u00e9 e regi\\u00e3o\",\"inLanguage\":\"pt-BR\",\"publisher\":{\"@id\":\"https:\\\/\\\/anoticiaonline.com.br\\\/site\\\/#organization\"}}]}\n\t\t<\/script>\n\t\t<!-- All in One SEO -->\n\n","aioseo_head_json":{"title":"Inc\u00eandio no S\u00e3o Francisco destr\u00f3i tr\u00eas ve\u00edculos - A Not\u00edcia Online","description":"A Pol\u00edcia Militar e o Corpo de Bombeiros foram acionados na madrugada desta ter\u00e7a-feira (7) para combaterem um inc\u00eandio na garagem de um pr\u00e9dio no Bairro S\u00e3o Francisco. Uma moto e dois carros foram destru\u00eddos pelo fogo que se alastrou na garagem do pr\u00e9dio localizado na Rua Sebastiana da Silveira Campos. Segundo informa\u00e7\u00f5es, as chamas","canonical_url":"https:\/\/anoticiaonline.com.br\/site\/incendio-em-predio-no-sao-francisco-destroi-tres-veiculos\/","robots":"max-image-preview:large","keywords":"","webmasterTools":{"miscellaneous":""},"schema":{"@context":"https:\/\/schema.org","@graph":[{"@type":"BlogPosting","@id":"https:\/\/anoticiaonline.com.br\/site\/incendio-em-predio-no-sao-francisco-destroi-tres-veiculos\/#blogposting","name":"Inc\u00eandio no S\u00e3o Francisco destr\u00f3i tr\u00eas ve\u00edculos - A Not\u00edcia Online","headline":"Inc\u00eandio no S\u00e3o Francisco destr\u00f3i tr\u00eas ve\u00edculos","author":{"@id":"https:\/\/anoticiaonline.com.br\/site\/author\/juliana\/#author"},"publisher":{"@id":"https:\/\/anoticiaonline.com.br\/site\/#organization"},"image":{"@type":"ImageObject","url":"https:\/\/anoticiaonline.com.br\/site\/wp-content\/uploads\/2018\/08\/Inc\u00eandio-em-pr\u00e9dio-no-S\u00e3o-Francisco-destr\u00f3i-tr\u00eas-ve\u00edculos-4.jpg","width":800,"height":534},"datePublished":"2018-08-07T15:05:27-03:00","dateModified":"2018-08-08T18:20:07-03:00","inLanguage":"pt-BR","mainEntityOfPage":{"@id":"https:\/\/anoticiaonline.com.br\/site\/incendio-em-predio-no-sao-francisco-destroi-tres-veiculos\/#webpage"},"isPartOf":{"@id":"https:\/\/anoticiaonline.com.br\/site\/incendio-em-predio-no-sao-francisco-destroi-tres-veiculos\/#webpage"},"articleSection":"Blog, Cotidiano, Pol\u00edcia, corpo de bombeiros, inc\u00eancio, Muria\u00e9, pol\u00edcia civil, pol\u00edcia militar"},{"@type":"BreadcrumbList","@id":"https:\/\/anoticiaonline.com.br\/site\/incendio-em-predio-no-sao-francisco-destroi-tres-veiculos\/#breadcrumblist","itemListElement":[{"@type":"ListItem","@id":"https:\/\/anoticiaonline.com.br\/site#listItem","position":1,"name":"Home","item":"https:\/\/anoticiaonline.com.br\/site","nextItem":{"@type":"ListItem","@id":"https:\/\/anoticiaonline.com.br\/site\/categoria\/muriae\/#listItem","name":"Blog"}},{"@type":"ListItem","@id":"https:\/\/anoticiaonline.com.br\/site\/categoria\/muriae\/#listItem","position":2,"name":"Blog","item":"https:\/\/anoticiaonline.com.br\/site\/categoria\/muriae\/","nextItem":{"@type":"ListItem","@id":"https:\/\/anoticiaonline.com.br\/site\/categoria\/muriae\/policia\/#listItem","name":"Pol\u00edcia"},"previousItem":{"@type":"ListItem","@id":"https:\/\/anoticiaonline.com.br\/site#listItem","name":"Home"}},{"@type":"ListItem","@id":"https:\/\/anoticiaonline.com.br\/site\/categoria\/muriae\/policia\/#listItem","position":3,"name":"Pol\u00edcia","item":"https:\/\/anoticiaonline.com.br\/site\/categoria\/muriae\/policia\/","nextItem":{"@type":"ListItem","@id":"https:\/\/anoticiaonline.com.br\/site\/incendio-em-predio-no-sao-francisco-destroi-tres-veiculos\/#listItem","name":"Inc\u00eandio no S\u00e3o Francisco destr\u00f3i tr\u00eas ve\u00edculos"},"previousItem":{"@type":"ListItem","@id":"https:\/\/anoticiaonline.com.br\/site\/categoria\/muriae\/#listItem","name":"Blog"}},{"@type":"ListItem","@id":"https:\/\/anoticiaonline.com.br\/site\/incendio-em-predio-no-sao-francisco-destroi-tres-veiculos\/#listItem","position":4,"name":"Inc\u00eandio no S\u00e3o Francisco destr\u00f3i tr\u00eas ve\u00edculos","previousItem":{"@type":"ListItem","@id":"https:\/\/anoticiaonline.com.br\/site\/categoria\/muriae\/policia\/#listItem","name":"Pol\u00edcia"}}]},{"@type":"Organization","@id":"https:\/\/anoticiaonline.com.br\/site\/#organization","name":"A Not\u00edcia Online","description":"Noticias de Muria\u00e9 e regi\u00e3o","url":"https:\/\/anoticiaonline.com.br\/site\/","logo":{"@type":"ImageObject","url":"https:\/\/scontent-gig4-1.xx.fbcdn.net\/v\/t39.30808-1\/270437624_4564083193639691_6907940295614233970_n.jpg?stp=dst-jpg_s200x200_tt6&_nc_cat=111&ccb=1-7&_nc_sid=f907e8&_nc_ohc=SM1wRlP3lJwQ7kNvwEPuBYA&_nc_oc=AdnqrjDN_BNjSSHWO-GbkIWH6fkGMLw4bqvL_NH6e2wMveX7G-rP2dAqsDSq1mJMOaY&_nc_zt=24&_nc_ht=scontent-gig4-1.xx&_nc_gid=AoBFJeGrT1hVaew_6rchkQ&oh=00_AfX7QmFGhQhG2jAllVgXCiM1ZrWgvtp80-Bfppyexh1QEg&oe=689E923C","@id":"https:\/\/anoticiaonline.com.br\/site\/incendio-em-predio-no-sao-francisco-destroi-tres-veiculos\/#organizationLogo"},"image":{"@id":"https:\/\/anoticiaonline.com.br\/site\/incendio-em-predio-no-sao-francisco-destroi-tres-veiculos\/#organizationLogo"}},{"@type":"Person","@id":"https:\/\/anoticiaonline.com.br\/site\/author\/juliana\/#author","url":"https:\/\/anoticiaonline.com.br\/site\/author\/juliana\/","name":"Juliana Laviola","image":{"@type":"ImageObject","@id":"https:\/\/anoticiaonline.com.br\/site\/incendio-em-predio-no-sao-francisco-destroi-tres-veiculos\/#authorImage","url":"https:\/\/secure.gravatar.com\/avatar\/b8d45f5c699b100dfaf0e543582f38f38bf94cb7ae3a5e9abf8d891a34773335?s=96&d=mm&r=g","width":96,"height":96,"caption":"Juliana Laviola"}},{"@type":"WebPage","@id":"https:\/\/anoticiaonline.com.br\/site\/incendio-em-predio-no-sao-francisco-destroi-tres-veiculos\/#webpage","url":"https:\/\/anoticiaonline.com.br\/site\/incendio-em-predio-no-sao-francisco-destroi-tres-veiculos\/","name":"Inc\u00eandio no S\u00e3o Francisco destr\u00f3i tr\u00eas ve\u00edculos - A Not\u00edcia Online","description":"A Pol\u00edcia Militar e o Corpo de Bombeiros foram acionados na madrugada desta ter\u00e7a-feira (7) para combaterem um inc\u00eandio na garagem de um pr\u00e9dio no Bairro S\u00e3o Francisco. Uma moto e dois carros foram destru\u00eddos pelo fogo que se alastrou na garagem do pr\u00e9dio localizado na Rua Sebastiana da Silveira Campos. Segundo informa\u00e7\u00f5es, as chamas","inLanguage":"pt-BR","isPartOf":{"@id":"https:\/\/anoticiaonline.com.br\/site\/#website"},"breadcrumb":{"@id":"https:\/\/anoticiaonline.com.br\/site\/incendio-em-predio-no-sao-francisco-destroi-tres-veiculos\/#breadcrumblist"},"author":{"@id":"https:\/\/anoticiaonline.com.br\/site\/author\/juliana\/#author"},"creator":{"@id":"https:\/\/anoticiaonline.com.br\/site\/author\/juliana\/#author"},"image":{"@type":"ImageObject","url":"https:\/\/anoticiaonline.com.br\/site\/wp-content\/uploads\/2018\/08\/Inc\u00eandio-em-pr\u00e9dio-no-S\u00e3o-Francisco-destr\u00f3i-tr\u00eas-ve\u00edculos-4.jpg","@id":"https:\/\/anoticiaonline.com.br\/site\/incendio-em-predio-no-sao-francisco-destroi-tres-veiculos\/#mainImage","width":800,"height":534},"primaryImageOfPage":{"@id":"https:\/\/anoticiaonline.com.br\/site\/incendio-em-predio-no-sao-francisco-destroi-tres-veiculos\/#mainImage"},"datePublished":"2018-08-07T15:05:27-03:00","dateModified":"2018-08-08T18:20:07-03:00"},{"@type":"WebSite","@id":"https:\/\/anoticiaonline.com.br\/site\/#website","url":"https:\/\/anoticiaonline.com.br\/site\/","name":"A Not\u00edcia Online","description":"Noticias de Muria\u00e9 e regi\u00e3o","inLanguage":"pt-BR","publisher":{"@id":"https:\/\/anoticiaonline.com.br\/site\/#organization"}}]},"og:locale":"pt_BR","og:site_name":"A Not\u00edcia Online - Noticias de Muria\u00e9 e regi\u00e3o","og:type":"article","og:title":"Inc\u00eandio no S\u00e3o Francisco destr\u00f3i tr\u00eas ve\u00edculos - A Not\u00edcia Online","og:description":"A Pol\u00edcia Militar e o Corpo de Bombeiros foram acionados na madrugada desta ter\u00e7a-feira (7) para combaterem um inc\u00eandio na garagem de um pr\u00e9dio no Bairro S\u00e3o Francisco. Uma moto e dois carros foram destru\u00eddos pelo fogo que se alastrou na garagem do pr\u00e9dio localizado na Rua Sebastiana da Silveira Campos. Segundo informa\u00e7\u00f5es, as chamas","og:url":"https:\/\/anoticiaonline.com.br\/site\/incendio-em-predio-no-sao-francisco-destroi-tres-veiculos\/","og:image":"https:\/\/scontent-gig4-1.xx.fbcdn.net\/v\/t39.30808-1\/270437624_4564083193639691_6907940295614233970_n.jpg?stp=dst-jpg_s200x200_tt6&#038;_nc_cat=111&#038;ccb=1-7&#038;_nc_sid=f907e8&#038;_nc_ohc=SM1wRlP3lJwQ7kNvwEPuBYA&#038;_nc_oc=AdnqrjDN_BNjSSHWO-GbkIWH6fkGMLw4bqvL_NH6e2wMveX7G-rP2dAqsDSq1mJMOaY&#038;_nc_zt=24&#038;_nc_ht=scontent-gig4-1.xx&#038;_nc_gid=AoBFJeGrT1hVaew_6rchkQ&#038;oh=00_AfX7QmFGhQhG2jAllVgXCiM1ZrWgvtp80-Bfppyexh1QEg&#038;oe=689E923C","og:image:secure_url":"https:\/\/scontent-gig4-1.xx.fbcdn.net\/v\/t39.30808-1\/270437624_4564083193639691_6907940295614233970_n.jpg?stp=dst-jpg_s200x200_tt6&#038;_nc_cat=111&#038;ccb=1-7&#038;_nc_sid=f907e8&#038;_nc_ohc=SM1wRlP3lJwQ7kNvwEPuBYA&#038;_nc_oc=AdnqrjDN_BNjSSHWO-GbkIWH6fkGMLw4bqvL_NH6e2wMveX7G-rP2dAqsDSq1mJMOaY&#038;_nc_zt=24&#038;_nc_ht=scontent-gig4-1.xx&#038;_nc_gid=AoBFJeGrT1hVaew_6rchkQ&#038;oh=00_AfX7QmFGhQhG2jAllVgXCiM1ZrWgvtp80-Bfppyexh1QEg&#038;oe=689E923C","article:published_time":"2018-08-07T18:05:27+00:00","article:modified_time":"2018-08-08T21:20:07+00:00","twitter:card":"summary_large_image","twitter:title":"Inc\u00eandio no S\u00e3o Francisco destr\u00f3i tr\u00eas ve\u00edculos - A Not\u00edcia Online","twitter:description":"A Pol\u00edcia Militar e o Corpo de Bombeiros foram acionados na madrugada desta ter\u00e7a-feira (7) para combaterem um inc\u00eandio na garagem de um pr\u00e9dio no Bairro S\u00e3o Francisco. Uma moto e dois carros foram destru\u00eddos pelo fogo que se alastrou na garagem do pr\u00e9dio localizado na Rua Sebastiana da Silveira Campos. Segundo informa\u00e7\u00f5es, as chamas","twitter:image":"https:\/\/scontent-gig4-1.xx.fbcdn.net\/v\/t39.30808-1\/270437624_4564083193639691_6907940295614233970_n.jpg?stp=dst-jpg_s200x200_tt6&_nc_cat=111&ccb=1-7&_nc_sid=f907e8&_nc_ohc=SM1wRlP3lJwQ7kNvwEPuBYA&_nc_oc=AdnqrjDN_BNjSSHWO-GbkIWH6fkGMLw4bqvL_NH6e2wMveX7G-rP2dAqsDSq1mJMOaY&_nc_zt=24&_nc_ht=scontent-gig4-1.xx&_nc_gid=AoBFJeGrT1hVaew_6rchkQ&oh=00_AfX7QmFGhQhG2jAllVgXCiM1ZrWgvtp80-Bfppyexh1QEg&oe=689E923C"},"aioseo_meta_data":{"post_id":"59234","title":null,"description":null,"keywords":null,"keyphrases":null,"primary_term":null,"canonical_url":null,"og_title":null,"og_description":null,"og_object_type":"default","og_image_type":"default","og_image_url":null,"og_image_width":null,"og_image_height":null,"og_image_custom_url":null,"og_image_custom_fields":null,"og_video":null,"og_custom_url":null,"og_article_section":null,"og_article_tags":null,"twitter_use_og":false,"twitter_card":"default","twitter_image_type":"default","twitter_image_url":null,"twitter_image_custom_url":null,"twitter_image_custom_fields":null,"twitter_title":null,"twitter_description":null,"schema":{"blockGraphs":[],"customGraphs":[],"default":{"data":{"Article":[],"Course":[],"Dataset":[],"FAQPage":[],"Movie":[],"Person":[],"Product":[],"ProductReview":[],"Car":[],"Recipe":[],"Service":[],"SoftwareApplication":[],"WebPage":[]},"graphName":"","isEnabled":true},"graphs":[]},"schema_type":"default","schema_type_options":null,"pillar_content":false,"robots_default":true,"robots_noindex":false,"robots_noarchive":false,"robots_nosnippet":false,"robots_nofollow":false,"robots_noimageindex":false,"robots_noodp":false,"robots_notranslate":false,"robots_max_snippet":null,"robots_max_videopreview":null,"robots_max_imagepreview":"large","priority":null,"frequency":null,"local_seo":null,"breadcrumb_settings":null,"limit_modified_date":false,"ai":null,"created":"2025-08-16 21:21:49","updated":"2025-08-16 21:21:49","focus_keyword":null,"additional_keywords":null,"truseo_locale":null,"seo_analyzer_scan_date":null},"aioseo_breadcrumb":"<div class=\"aioseo-breadcrumbs\"><span class=\"aioseo-breadcrumb\">\n\t\t\t<a href=\"https:\/\/anoticiaonline.com.br\/site\" title=\"Home\">Home<\/a>\n\t\t<\/span><span class=\"aioseo-breadcrumb-separator\">&raquo;<\/span><span class=\"aioseo-breadcrumb\">\n\t\t\t<a href=\"https:\/\/anoticiaonline.com.br\/site\/categoria\/muriae\/\" title=\"Blog\">Blog<\/a>\n\t\t<\/span><span class=\"aioseo-breadcrumb-separator\">&raquo;<\/span><span class=\"aioseo-breadcrumb\">\n\t\t\t<a href=\"https:\/\/anoticiaonline.com.br\/site\/categoria\/muriae\/policia\/\" title=\"Pol\u00edcia\">Pol\u00edcia<\/a>\n\t\t<\/span><span class=\"aioseo-breadcrumb-separator\">&raquo;<\/span><span class=\"aioseo-breadcrumb\">\n\t\t\tInc\u00eandio no S\u00e3o Francisco destr\u00f3i tr\u00eas ve\u00edculos\n\t\t<\/span><\/div>","aioseo_breadcrumb_json":[{"label":"Home","link":"https:\/\/anoticiaonline.com.br\/site"},{"label":"Blog","link":"https:\/\/anoticiaonline.com.br\/site\/categoria\/muriae\/"},{"label":"Pol\u00edcia","link":"https:\/\/anoticiaonline.com.br\/site\/categoria\/muriae\/policia\/"},{"label":"Inc\u00eandio no S\u00e3o Francisco destr\u00f3i tr\u00eas ve\u00edculos","link":"https:\/\/anoticiaonline.com.br\/site\/incendio-em-predio-no-sao-francisco-destroi-tres-veiculos\/"}],"views":175,"_links":{"self":[{"href":"https:\/\/anoticiaonline.com.br\/site\/wp-json\/wp\/v2\/posts\/59234","targetHints":{"allow":["GET"]}}],"collection":[{"href":"https:\/\/anoticiaonline.com.br\/site\/wp-json\/wp\/v2\/posts"}],"about":[{"href":"https:\/\/anoticiaonline.com.br\/site\/wp-json\/wp\/v2\/types\/post"}],"author":[{"embeddable":true,"href":"https:\/\/anoticiaonline.com.br\/site\/wp-json\/wp\/v2\/users\/2"}],"replies":[{"embeddable":true,"href":"https:\/\/anoticiaonline.com.br\/site\/wp-json\/wp\/v2\/comments?post=59234"}],"version-history":[{"count":0,"href":"https:\/\/anoticiaonline.com.br\/site\/wp-json\/wp\/v2\/posts\/59234\/revisions"}],"wp:featuredmedia":[{"embeddable":true,"href":"https:\/\/anoticiaonline.com.br\/site\/wp-json\/wp\/v2\/media\/59237"}],"wp:attachment":[{"href":"https:\/\/anoticiaonline.com.br\/site\/wp-json\/wp\/v2\/media?parent=59234"}],"wp:term":[{"taxonomy":"category","embeddable":true,"href":"https:\/\/anoticiaonline.com.br\/site\/wp-json\/wp\/v2\/categories?post=59234"},{"taxonomy":"post_tag","embeddable":true,"href":"https:\/\/anoticiaonline.com.br\/site\/wp-json\/wp\/v2\/tags?post=59234"}],"curies":[{"name":"wp","href":"https:\/\/api.w.org\/{rel}","templated":true}]}}